{"id":14881,"date":"2024-10-14T10:01:49","date_gmt":"2024-10-14T08:01:49","guid":{"rendered":"https:\/\/ismfrance.org\/?p=14881"},"modified":"2024-12-18T21:54:49","modified_gmt":"2024-12-18T20:54:49","slug":"temoignages-de-gazaouis-la-survie-qui-sorganise-au-jour-le-jour-dans-lenfer-de-gaza-partie-191-12-octobre-action-dans-le-camp-des-pecheurs-projet-en-direction-des-agr","status":"publish","type":"post","link":"https:\/\/ismfrance.org\/index.php\/2024\/10\/14\/temoignages-de-gazaouis-la-survie-qui-sorganise-au-jour-le-jour-dans-lenfer-de-gaza-partie-191-12-octobre-action-dans-le-camp-des-pecheurs-projet-en-direction-des-agr\/","title":{"rendered":"T\u00e9moignages de Gazaouis : La survie qui s\u2019organise au jour le jour dans l\u2019enfer de Gaza \u2013 partie 191, 12 octobre &#8211; Action dans le camp des p\u00eacheurs, projet en direction des agriculteurs"},"content":{"rendered":"<p lang=\"fr-FR\" align=\"LEFT\"><span style=\"color: #000000;\"><span style=\"font-family: Arial, sans-serif;\"><span style=\"font-size: medium;\"><strong>Brigitte Challande, 14 octobre 2024<\/strong>. Dans la matin\u00e9e du 12, Abu Amir nous envoie un compte rendu d\u2019action pour le camp des p\u00eacheurs, un projet pour les agriculteurs et une information m\u00e9dicale de l\u2019 UNWRA.<\/span><\/span><\/span><\/p>\n<blockquote><p>Cliquez ici pour consulter les <a href=\"https:\/\/ismfrance.org\/index.php\/temoignages-gazaouis-survie-enfer-gaza-1\/\" rel=\"noopener\" target=\"_blank\">R\u00e9cits complets<\/a>.<\/p><\/blockquote>\n<p align=\"LEFT\"><span style=\"color: #000000;\"><span style=\"font-family: Arial, sans-serif;\"><span style=\"font-size: large;\"><span lang=\"fr-FR\"><b>Action de l\u2019\u00e9quipe d\u2019 Abu Amir dans le camp des p<\/b><\/span><span lang=\"fr-FR\"><b>\u00eacheurs<\/b><\/span><\/span><\/span><\/span><\/p>\n<p lang=\"fr-FR\" align=\"LEFT\"><span style=\"color: #000000;\"><span style=\"font-family: Arial, sans-serif;\"><span style=\"font-size: medium;\">\u00ab\u00a0<b>Projet d&rsquo;extension des conduites d&rsquo;eau et fourniture de r\u00e9servoirs d&rsquo;eau pour le camp de p\u00eacheurs de Hamad City<\/b><\/span><\/span><\/span><\/p>\n<p lang=\"fr-FR\" align=\"LEFT\"><span style=\"color: #000000;\"><span style=\"font-family: Arial, sans-serif;\"><span style=\"font-size: medium;\">Le 12 octobre, un projet d&rsquo;extension des conduites d&rsquo;eau et de fourniture de r\u00e9servoirs d&rsquo;eau pour le camp de p\u00eacheurs de Hamad City a \u00e9t\u00e9 mis en \u0153uvre, avec le financement et le soutien de l&rsquo;UJFP.<\/span><\/span><\/span><\/p>\n<p lang=\"fr-FR\" align=\"LEFT\"><a href=\"https:\/\/ismfrance.org\/wp-content\/uploads\/2024\/10\/reservoir-eau.png\"><img loading=\"lazy\" decoding=\"async\" class=\"alignnone size-large wp-image-14886\" src=\"https:\/\/ismfrance.org\/wp-content\/uploads\/2024\/10\/reservoir-eau-700x524.png\" alt=\"\" width=\"600\" height=\"449\" srcset=\"https:\/\/ismfrance.org\/wp-content\/uploads\/2024\/10\/reservoir-eau-700x524.png 700w, https:\/\/ismfrance.org\/wp-content\/uploads\/2024\/10\/reservoir-eau-300x225.png 300w, https:\/\/ismfrance.org\/wp-content\/uploads\/2024\/10\/reservoir-eau-768x575.png 768w, https:\/\/ismfrance.org\/wp-content\/uploads\/2024\/10\/reservoir-eau-350x263.png 350w, https:\/\/ismfrance.org\/wp-content\/uploads\/2024\/10\/reservoir-eau.png 965w\" sizes=\"auto, (max-width: 600px) 100vw, 600px\" \/><\/a><\/p>\n<p lang=\"fr-FR\" align=\"LEFT\"><span style=\"color: #000000;\"><span style=\"font-family: Arial, sans-serif;\"><span style=\"font-size: medium;\">Ce projet, qui devait \u00eatre mis en \u0153uvre il y a plus d&rsquo;un mois et demi, a \u00e9t\u00e9 report\u00e9 en raison des conditions difficiles v\u00e9cues par les p\u00eacheurs du camp, qui les ont oblig\u00e9s \u00e0 se d\u00e9placer et \u00e0 se disperser dans plusieurs zones en qu\u00eate de s\u00e9curit\u00e9 et de stabilit\u00e9. <\/span><\/span><\/span><\/p>\n<p lang=\"fr-FR\" align=\"LEFT\"><span style=\"color: #000000;\"><span style=\"font-family: Arial, sans-serif;\"><span style=\"font-size: medium;\">Depuis le d\u00e9clenchement de la derni\u00e8re guerre dans la bande de Gaza, les p\u00eacheurs se sont retrouv\u00e9s contraints de quitter leurs maisons de la ville de Gaza, puis de se d\u00e9placer \u00e0 Rafah, puis \u00e0 Khan Younis, puis \u00e0 Hamad City. En raison de l\u2019escalade militaire et de l\u2019ins\u00e9curit\u00e9, les p\u00eacheurs sont retourn\u00e9s \u00e0 Deir al-Balah pour tenter de trouver un refuge s\u00fbr pour leurs familles, puis sont retourn\u00e9s dans leur camp de Hamad City. Ces d\u00e9placements r\u00e9p\u00e9t\u00e9s ont eu de graves r\u00e9percussions sur la vie des p\u00eacheurs et de leurs familles, qui vivaient dans des conditions extr\u00eamement difficiles, sans les n\u00e9cessit\u00e9s de base minimales, notamment l\u2019eau, \u00e9l\u00e9ment vital pour la poursuite de la vie quotidienne. Le parcours de souffrance que ces familles ont v\u00e9cu depuis le d\u00e9but de la guerre jusqu\u2019\u00e0 aujourd\u2019hui refl\u00e8te l\u2019ampleur des souffrances qu\u2019elles ont endur\u00e9es. Leur vie a \u00e9t\u00e9 un d\u00e9placement continu entre les zones dans une tentative de recherche de s\u00e9curit\u00e9, en l\u2019absence de soutien suffisant ou d\u2019abri appropri\u00e9. Ces p\u00eacheurs n\u2019avaient aucune ressource ni capacit\u00e9 pour leur permettre de r\u00e9sister \u00e0 ces conditions difficiles, car ils ont \u00e9t\u00e9 priv\u00e9s de leur seule source de subsistance, la p\u00eache, ce qui a entra\u00een\u00e9 une d\u00e9t\u00e9rioration significative de leurs conditions \u00e9conomiques et sociales.<\/span><\/span><\/span><\/p>\n<p lang=\"fr-FR\" align=\"LEFT\"><a href=\"https:\/\/ismfrance.org\/wp-content\/uploads\/2024\/10\/reservoir-eau-1.png\"><img loading=\"lazy\" decoding=\"async\" class=\"alignnone size-large wp-image-14883\" src=\"https:\/\/ismfrance.org\/wp-content\/uploads\/2024\/10\/reservoir-eau-1-700x521.png\" alt=\"\" width=\"600\" height=\"447\" srcset=\"https:\/\/ismfrance.org\/wp-content\/uploads\/2024\/10\/reservoir-eau-1-700x521.png 700w, https:\/\/ismfrance.org\/wp-content\/uploads\/2024\/10\/reservoir-eau-1-300x223.png 300w, https:\/\/ismfrance.org\/wp-content\/uploads\/2024\/10\/reservoir-eau-1-768x571.png 768w, https:\/\/ismfrance.org\/wp-content\/uploads\/2024\/10\/reservoir-eau-1.png 972w\" sizes=\"auto, (max-width: 600px) 100vw, 600px\" \/><\/a><\/p>\n<p lang=\"fr-FR\" align=\"LEFT\"><span style=\"color: #000000;\"><span style=\"font-family: Arial, sans-serif;\"><span style=\"font-size: medium;\">Le secteur de la p\u00eache est l\u2019un des secteurs les plus touch\u00e9s par la guerre, car les bateaux de p\u00eache et les outils dont d\u00e9pendent les p\u00eacheurs ont \u00e9t\u00e9 presque enti\u00e8rement d\u00e9truits, ce qui a conduit \u00e0 la suspension du secteur de la p\u00eache dans de vastes zones de la bande de Gaza. La destruction du secteur de la p\u00eache a directement affect\u00e9 ces familles qui d\u00e9pendent principalement de ce qu\u2019elles r\u00e9coltent de la mer, ce qui a aggrav\u00e9 la situation avec le d\u00e9placement continu et la d\u00e9t\u00e9rioration des conditions de s\u00e9curit\u00e9 et \u00e9conomiques dans les camps et les zones o\u00f9 ils ont cherch\u00e9 refuge. <\/span><\/span><\/span><\/p>\n<p lang=\"fr-FR\" align=\"LEFT\"><span style=\"color: #000000;\"><span style=\"font-family: Arial, sans-serif;\"><span style=\"font-size: medium;\">Aujourd\u2019hui, avec la mise en \u0153uvre de ce projet tant attendu, les p\u00eacheurs du camp de Hamad Town ont exprim\u00e9 leur grande joie d\u2019obtenir de l\u2019eau. Ces familles ont souffert ces derni\u00e8res ann\u00e9es de p\u00e9nuries et de p\u00e9nuries d\u2019eau, ce qui a accru leurs souffrances au vu des conditions de vie difficiles dans lesquelles elles vivent. Ce projet a \u00e9t\u00e9 une lueur d\u2019espoir pour ces familles qui ont vu l\u2019eau comme une ressource essentielle et indispensable pour la poursuite de la vie dans le camp.<\/span><\/span><\/span><\/p>\n<p lang=\"fr-FR\" align=\"LEFT\"><a href=\"https:\/\/ismfrance.org\/wp-content\/uploads\/2024\/10\/reservoir-eau-2.png\"><img loading=\"lazy\" decoding=\"async\" class=\"alignnone size-large wp-image-14885\" src=\"https:\/\/ismfrance.org\/wp-content\/uploads\/2024\/10\/reservoir-eau-2-700x524.png\" alt=\"\" width=\"600\" height=\"449\" srcset=\"https:\/\/ismfrance.org\/wp-content\/uploads\/2024\/10\/reservoir-eau-2-700x524.png 700w, https:\/\/ismfrance.org\/wp-content\/uploads\/2024\/10\/reservoir-eau-2-300x225.png 300w, https:\/\/ismfrance.org\/wp-content\/uploads\/2024\/10\/reservoir-eau-2-768x575.png 768w, https:\/\/ismfrance.org\/wp-content\/uploads\/2024\/10\/reservoir-eau-2-350x263.png 350w, https:\/\/ismfrance.org\/wp-content\/uploads\/2024\/10\/reservoir-eau-2.png 967w\" sizes=\"auto, (max-width: 600px) 100vw, 600px\" \/><\/a><\/p>\n<p lang=\"fr-FR\" align=\"LEFT\"><span style=\"color: #000000;\"><span style=\"font-family: Arial, sans-serif;\"><span style=\"font-size: medium;\">Dans ce contexte, le camarade Zakaria Bakr, l\u2019un des repr\u00e9sentants des p\u00eacheurs du camp, a d\u00e9clar\u00e9\u00a0: \u00ab Aujourd\u2019hui est un jour de joie pour nous, les p\u00eacheurs de ce camp, car nous avons enfin obtenu de l\u2019eau apr\u00e8s une longue p\u00e9riode de souffrance. \u00bb Il a ajout\u00e9 : \u00ab Nous remercions l\u2019UJFP et l\u2019\u00e9quipe de travail pour leurs efforts continus pour nous soutenir et nous fournir ce dont nous avons besoin \u00e0 la lumi\u00e8re de ces circonstances difficiles. \u00bb <\/span><\/span><\/span><\/p>\n<p lang=\"fr-FR\" align=\"LEFT\"><span style=\"color: #000000;\"><span style=\"font-family: Arial, sans-serif;\"><span style=\"font-size: medium;\">Il a soulign\u00e9 que ce soutien aura un impact positif significatif sur la vie des p\u00eacheurs et de leurs familles, et contribuera \u00e0 am\u00e9liorer directement leurs conditions de vie. Il a \u00e9galement appel\u00e9 \u00e0 la poursuite de ce type de projet de soutien.\u00a0\u00bb<\/span><\/span><\/span><\/p>\n<p lang=\"fr-FR\" align=\"LEFT\"><span style=\"color: #000000;\"><span style=\"font-family: Arial, sans-serif;\"><span style=\"font-size: medium;\"><i>Photos et d\u2019une vid\u00e9o <\/i><a href=\"https:\/\/drive.google.com\/drive\/folders\/14gyciCu8F_GfbBlx-ORwjqwbOZ8Vc4Ow\"><i><b>ICI<\/b><\/i><\/a><i>.<\/i><\/span><\/span><\/span><\/p>\n<p><span style=\"color: #000000;\"><span style=\"font-family: Arial, sans-serif;\"><span style=\"font-size: large;\"><span lang=\"fr-FR\"><b>\u00ab\u00a0Proposition de continuit\u00e9 du projet pour les agriculteurs avec un budget associ\u00e9<\/b><\/span><\/span><\/span><\/span><\/p>\n<p lang=\"fr-FR\"><span style=\"color: #000000;\"><span style=\"font-family: Arial, sans-serif;\"><span style=\"font-size: medium;\">Les agriculteurs de la r\u00e9gion semblent avoir \u00e9t\u00e9 tr\u00e8s encourag\u00e9s \u00e0 commencer \u00e0 planter apr\u00e8s avoir vu le succ\u00e8s de leurs coll\u00e8gues qui ont commenc\u00e9 \u00e0 planter la semaine derni\u00e8re. En cons\u00e9quence, de nombreux agriculteurs ont commenc\u00e9 \u00e0 nous contacter pour demander de l&rsquo;aide pour obtenir des plants afin qu&rsquo;ils puissent \u00e9galement commencer \u00e0 planter leurs cultures. <\/span><\/span><\/span><\/p>\n<p lang=\"fr-FR\"><span style=\"color: #000000;\"><span style=\"font-family: Arial, sans-serif;\"><span style=\"font-size: medium;\">Au cours de la r\u00e9union, je leur ai expliqu\u00e9 que nous ne pouvons pas fournir des plants \u00e0 tous les agriculteurs, mais que nous pouvons aider les agriculteurs pauvres de cette r\u00e9gion. Sur cette base, les agriculteurs ont d\u00e9sign\u00e9 deux agriculteurs pour recevoir des plants : l&rsquo;un cultivera du molokhia et l&rsquo;autre du chou. <\/span><\/span><\/span><\/p>\n<p lang=\"fr-FR\"><span style=\"color: #000000;\"><span style=\"font-family: Arial, sans-serif;\"><span style=\"font-size: medium;\">Les d\u00e9fis auxquels sont confront\u00e9s les agriculteurs de la r\u00e9gion ont \u00e9galement \u00e9t\u00e9 \u00e9voqu\u00e9s, comme la difficult\u00e9 d&rsquo;obtenir de l&rsquo;eau pour irriguer les cultures et le co\u00fbt \u00e9lev\u00e9 de l&rsquo;eau. Ces agriculteurs aspirent \u00e0 obtenir un g\u00e9n\u00e9rateur \u00e9lectrique afin de pouvoir exploiter leur puits existant et b\u00e9n\u00e9ficier de l&rsquo;eau pour irriguer leurs cultures. <\/span><\/span><\/span><\/p>\n<p lang=\"fr-FR\"><span style=\"color: #000000;\"><span style=\"font-family: Arial, sans-serif;\"><span style=\"font-size: medium;\">Aider les agriculteurs dans ces circonstances est d&rsquo;une grande importance pour plusieurs raisons : <\/span><\/span><\/span><\/p>\n<p><span style=\"color: #000000;\"><span style=\"font-family: Arial, sans-serif;\"><span style=\"font-size: medium;\"><span lang=\"fr-FR\"><b>1. Atteindre la s\u00e9curit\u00e9 alimentaire <\/b><\/span><span lang=\"fr-FR\">: en soutenant et en encourageant les agriculteurs \u00e0 cultiver, la production locale de cultures agricoles est am\u00e9lior\u00e9e, ce qui contribue \u00e0 am\u00e9liorer la s\u00e9curit\u00e9 alimentaire dans la r\u00e9gion et \u00e0 r\u00e9duire la d\u00e9pendance aux produits import\u00e9s.<\/span><\/span><\/span><\/span><\/p>\n<p><span style=\"color: #000000;\"><span style=\"font-family: Arial, sans-serif;\"><span style=\"font-size: medium;\"><span lang=\"fr-FR\"><b>2.<\/b><\/span> <span lang=\"fr-FR\"><b>Soutenir la durabilit\u00e9 \u00e9conomique <\/b><\/span><span lang=\"fr-FR\">: Aider les agriculteurs pauvres leur donne la possibilit\u00e9 d&rsquo;am\u00e9liorer leurs conditions \u00e9conomiques, ce qui se refl\u00e8te positivement sur leur vie et celle de leur famille en augmentant leurs revenus et en r\u00e9duisant les niveaux de pauvret\u00e9.<\/span><\/span><\/span><\/span><\/p>\n<p><span style=\"color: #000000;\"><span style=\"font-family: Arial, sans-serif;\"><span style=\"font-size: medium;\"><span lang=\"fr-FR\"><b>3. Encourager l&rsquo;agriculture durable <\/b><\/span><span lang=\"fr-FR\">: Fournir des ressources telles que des plants et de l&rsquo;eau contribue \u00e0 ce que les agriculteurs continuent \u00e0 travailler sur des projets agricoles \u00e0 long terme, ce qui renforce la durabilit\u00e9 du secteur agricole dans la r\u00e9gion.<\/span><\/span><\/span><\/span><\/p>\n<p><span style=\"color: #000000;\"><span style=\"font-family: Arial, sans-serif;\"><span style=\"font-size: medium;\"><span lang=\"fr-FR\"><b>4. Am\u00e9liorer le niveau de vie : <\/b><\/span><span lang=\"fr-FR\">En fournissant un soutien mat\u00e9riel et moral aux agriculteurs, la pression financi\u00e8re sur eux peut \u00eatre att\u00e9nu\u00e9e, en particulier \u00e0 la lumi\u00e8re des d\u00e9fis auxquels ils sont confront\u00e9s, tels que le prix \u00e9lev\u00e9 de l&rsquo;eau, ce qui contribue \u00e0 am\u00e9liorer leur niveau de vie en g\u00e9n\u00e9ral. Par cons\u00e9quent, aider les agriculteurs dans ces circonstances difficiles ne les soutient pas seulement au niveau individuel, mais constitue un investissement dans l&rsquo;ensemble de la communaut\u00e9.\u00a0\u00bb<\/span><\/span><\/span><\/span><\/p>\n<p align=\"LEFT\"><span style=\"color: #000000;\"><span style=\"font-family: Arial, sans-serif;\"><span style=\"font-size: large;\"><b>Information de Marsel, le 12 octobre\u00a0<\/b><\/span><\/span><\/span><\/p>\n<p align=\"LEFT\"><span style=\"color: #000000;\"><span style=\"font-family: Arial, sans-serif;\"><span style=\"font-size: large;\"><b><span lang=\"fr-FR\">\u00ab\u00a0<em>Adnan Abu Hasna, conseiller m\u00e9dia de l&rsquo;UNRWA \u00e0 Gaza <\/em><\/span><\/b><\/span><\/span><\/span><\/p>\n<p lang=\"fr-FR\" align=\"LEFT\"><span style=\"color: #000000;\"><span style=\"font-family: Arial, sans-serif;\"><span style=\"font-size: medium;\"><em>Des changements dangereux se sont produits au cours d&rsquo;une ann\u00e9e de guerre au niveau structurel et g\u00e9n\u00e9tique pour les enfants n\u00e9s dans la bande de Gaza. Les enfants qui naissent dans la bande de Gaza sont petits et ont un poids insuffisant, ce qui n&rsquo;\u00e9tait pas arriv\u00e9 depuis 1948. La majorit\u00e9 des familles de la bande de Gaza mangent un repas tous les deux jours, ce qui est particuli\u00e8rement dangereux pour les enfants et les m\u00e8res, en raison du manque d&rsquo;aide qui leur parvient et de l&rsquo;absence de biens en raison du si\u00e8ge strict depuis octobre dernier.<\/em>\u00a0\u00bb<\/span><\/span><\/span><\/p>\n<hr \/>\n<p align=\"LEFT\"><strong>Retrouvez l\u2019ensemble des t\u00e9moignages d\u2019Abu Amir et Marsel :<\/strong><\/p>\n<p>*<strong>Abu Amir Mutasem Ele\u00efwa<\/strong>\u00a0est coordinateur des Projets paysans depuis 2016 au sud de la bande de Gaza et correspondant de l\u2019Union Juive Fran\u00e7aise pour la Paix.<\/p>\n<p>*<strong>Marsel Alledawi<\/strong>\u00a0est responsable du Centre Ibn Sina du nord de la bande de Gaza, centre qui se consacre au suivi \u00e9ducatif et psychologique de l\u2019enfance.<\/p>\n<p>Tous les deux sont soutenus par l\u2019UJFP en France.<\/p>\n<pre><strong><em>Pour participer \u00e0 la collecte \"Urgence Guerre \u00e0 Gaza\" : <a href=\"https:\/\/www.helloasso.com\/associations\/union-juive-francaise-pour-la-paix\/collectes\/urgence-guerre-a-gaza\">HelloAsso.com<\/a><\/em><\/strong><\/pre>\n<hr \/>\n<pre><strong><em>Les t\u00e9moignages sont \u00e9galement publi\u00e9s sur <a href=\"https:\/\/ujfp.org\/\">UJFP<\/a>; <a href=\"https:\/\/altermidi.org\/2023\/12\/27\/la-survie-qui-sorganise-au-jour-le-jour-dans-lenfer-de-gaza\/\">Altermidi.org<\/a><\/em><\/strong><\/pre>\n","protected":false},"excerpt":{"rendered":"<p>Brigitte Challande, 14 octobre 2024. Dans la matin\u00e9e du 12, Abu Amir nous envoie un compte rendu d\u2019action pour le camp des p\u00eacheurs, un projet pour les agriculteurs et une <a class=\"more-link\" href=\"https:\/\/ismfrance.org\/index.php\/2024\/10\/14\/temoignages-de-gazaouis-la-survie-qui-sorganise-au-jour-le-jour-dans-lenfer-de-gaza-partie-191-12-octobre-action-dans-le-camp-des-pecheurs-projet-en-direction-des-agr\/\">Lire la suite &rarr;<\/a><\/p>\n","protected":false},"author":3,"featured_media":14886,"comment_status":"closed","ping_status":"closed","sticky":false,"template":"","format":"standard","meta":{"footnotes":""},"categories":[2,13],"tags":[156,29,46],"class_list":["post-14881","post","type-post","status-publish","format-standard","has-post-thumbnail","hentry","category-articles","category-temoignages","tag-genocide","tag-refugies","tag-solidarite"],"yoast_head":"<!-- This site is optimized with the Yoast SEO plugin v27.2 - https:\/\/yoast.com\/product\/yoast-seo-wordpress\/ -->\n<title>T\u00e9moignages de Gazaouis : La survie qui s\u2019organise au jour le jour dans l\u2019enfer de Gaza \u2013 partie 191, 12 octobre - Action dans le camp des p\u00eacheurs, projet en direction des agriculteurs - International Solidarity Movement - ISM-France<\/title>\n<meta name=\"robots\" content=\"index, follow, max-snippet:-1, max-image-preview:large, max-video-preview:-1\" \/>\n<link rel=\"canonical\" href=\"https:\/\/ismfrance.org\/index.php\/2024\/10\/14\/temoignages-de-gazaouis-la-survie-qui-sorganise-au-jour-le-jour-dans-lenfer-de-gaza-partie-191-12-octobre-action-dans-le-camp-des-pecheurs-projet-en-direction-des-agr\/\" \/>\n<meta property=\"og:locale\" content=\"fr_FR\" \/>\n<meta property=\"og:type\" content=\"article\" \/>\n<meta property=\"og:title\" content=\"T\u00e9moignages de Gazaouis : La survie qui s\u2019organise au jour le jour dans l\u2019enfer de Gaza \u2013 partie 191, 12 octobre - Action dans le camp des p\u00eacheurs, projet en direction des agriculteurs - International Solidarity Movement - ISM-France\" \/>\n<meta property=\"og:description\" content=\"Brigitte Challande, 14 octobre 2024. Dans la matin\u00e9e du 12, Abu Amir nous envoie un compte rendu d\u2019action pour le camp des p\u00eacheurs, un projet pour les agriculteurs et une Lire la suite &rarr;\" \/>\n<meta property=\"og:url\" content=\"https:\/\/ismfrance.org\/index.php\/2024\/10\/14\/temoignages-de-gazaouis-la-survie-qui-sorganise-au-jour-le-jour-dans-lenfer-de-gaza-partie-191-12-octobre-action-dans-le-camp-des-pecheurs-projet-en-direction-des-agr\/\" \/>\n<meta property=\"og:site_name\" content=\"International Solidarity Movement - ISM-France\" \/>\n<meta property=\"article:published_time\" content=\"2024-10-14T08:01:49+00:00\" \/>\n<meta property=\"article:modified_time\" content=\"2024-12-18T20:54:49+00:00\" \/>\n<meta property=\"og:image\" content=\"https:\/\/ismfrance.org\/wp-content\/uploads\/2024\/10\/reservoir-eau.png\" \/>\n\t<meta property=\"og:image:width\" content=\"965\" \/>\n\t<meta property=\"og:image:height\" content=\"723\" \/>\n\t<meta property=\"og:image:type\" content=\"image\/png\" \/>\n<meta name=\"author\" content=\"mru_01\" \/>\n<meta name=\"twitter:card\" content=\"summary_large_image\" \/>\n<meta name=\"twitter:creator\" content=\"@ISMFRANCE\" \/>\n<meta name=\"twitter:site\" content=\"@ISMFRANCE\" \/>\n<meta name=\"twitter:label1\" content=\"\u00c9crit par\" \/>\n\t<meta name=\"twitter:data1\" content=\"mru_01\" \/>\n\t<meta name=\"twitter:label2\" content=\"Dur\u00e9e de lecture estim\u00e9e\" \/>\n\t<meta name=\"twitter:data2\" content=\"12 minutes\" \/>\n<script type=\"application\/ld+json\" class=\"yoast-schema-graph\">{\"@context\":\"https:\/\/schema.org\",\"@graph\":[{\"@type\":\"Article\",\"@id\":\"https:\/\/ismfrance.org\/index.php\/2024\/10\/14\/temoignages-de-gazaouis-la-survie-qui-sorganise-au-jour-le-jour-dans-lenfer-de-gaza-partie-191-12-octobre-action-dans-le-camp-des-pecheurs-projet-en-direction-des-agr\/#article\",\"isPartOf\":{\"@id\":\"https:\/\/ismfrance.org\/index.php\/2024\/10\/14\/temoignages-de-gazaouis-la-survie-qui-sorganise-au-jour-le-jour-dans-lenfer-de-gaza-partie-191-12-octobre-action-dans-le-camp-des-pecheurs-projet-en-direction-des-agr\/\"},\"author\":{\"name\":\"mru_01\",\"@id\":\"https:\/\/ismfrance.org\/#\/schema\/person\/3c411eb72adfaae19c0dca1f41fae01d\"},\"headline\":\"T\u00e9moignages de Gazaouis : La survie qui s\u2019organise au jour le jour dans l\u2019enfer de Gaza \u2013 partie 191, 12 octobre &#8211; Action dans le camp des p\u00eacheurs, projet en direction des agriculteurs\",\"datePublished\":\"2024-10-14T08:01:49+00:00\",\"dateModified\":\"2024-12-18T20:54:49+00:00\",\"mainEntityOfPage\":{\"@id\":\"https:\/\/ismfrance.org\/index.php\/2024\/10\/14\/temoignages-de-gazaouis-la-survie-qui-sorganise-au-jour-le-jour-dans-lenfer-de-gaza-partie-191-12-octobre-action-dans-le-camp-des-pecheurs-projet-en-direction-des-agr\/\"},\"wordCount\":1434,\"publisher\":{\"@id\":\"https:\/\/ismfrance.org\/#organization\"},\"image\":{\"@id\":\"https:\/\/ismfrance.org\/index.php\/2024\/10\/14\/temoignages-de-gazaouis-la-survie-qui-sorganise-au-jour-le-jour-dans-lenfer-de-gaza-partie-191-12-octobre-action-dans-le-camp-des-pecheurs-projet-en-direction-des-agr\/#primaryimage\"},\"thumbnailUrl\":\"https:\/\/ismfrance.org\/wp-content\/uploads\/2024\/10\/reservoir-eau.png\",\"keywords\":[\"G\u00e9nocide\",\"r\u00e9fugi\u00e9s\",\"solidarit\u00e9\"],\"articleSection\":[\"Articles\",\"T\u00e9moignages\"],\"inLanguage\":\"fr-FR\"},{\"@type\":\"WebPage\",\"@id\":\"https:\/\/ismfrance.org\/index.php\/2024\/10\/14\/temoignages-de-gazaouis-la-survie-qui-sorganise-au-jour-le-jour-dans-lenfer-de-gaza-partie-191-12-octobre-action-dans-le-camp-des-pecheurs-projet-en-direction-des-agr\/\",\"url\":\"https:\/\/ismfrance.org\/index.php\/2024\/10\/14\/temoignages-de-gazaouis-la-survie-qui-sorganise-au-jour-le-jour-dans-lenfer-de-gaza-partie-191-12-octobre-action-dans-le-camp-des-pecheurs-projet-en-direction-des-agr\/\",\"name\":\"T\u00e9moignages de Gazaouis : La survie qui s\u2019organise au jour le jour dans l\u2019enfer de Gaza \u2013 partie 191, 12 octobre - Action dans le camp des p\u00eacheurs, projet en direction des agriculteurs - International Solidarity Movement - ISM-France\",\"isPartOf\":{\"@id\":\"https:\/\/ismfrance.org\/#website\"},\"primaryImageOfPage\":{\"@id\":\"https:\/\/ismfrance.org\/index.php\/2024\/10\/14\/temoignages-de-gazaouis-la-survie-qui-sorganise-au-jour-le-jour-dans-lenfer-de-gaza-partie-191-12-octobre-action-dans-le-camp-des-pecheurs-projet-en-direction-des-agr\/#primaryimage\"},\"image\":{\"@id\":\"https:\/\/ismfrance.org\/index.php\/2024\/10\/14\/temoignages-de-gazaouis-la-survie-qui-sorganise-au-jour-le-jour-dans-lenfer-de-gaza-partie-191-12-octobre-action-dans-le-camp-des-pecheurs-projet-en-direction-des-agr\/#primaryimage\"},\"thumbnailUrl\":\"https:\/\/ismfrance.org\/wp-content\/uploads\/2024\/10\/reservoir-eau.png\",\"datePublished\":\"2024-10-14T08:01:49+00:00\",\"dateModified\":\"2024-12-18T20:54:49+00:00\",\"breadcrumb\":{\"@id\":\"https:\/\/ismfrance.org\/index.php\/2024\/10\/14\/temoignages-de-gazaouis-la-survie-qui-sorganise-au-jour-le-jour-dans-lenfer-de-gaza-partie-191-12-octobre-action-dans-le-camp-des-pecheurs-projet-en-direction-des-agr\/#breadcrumb\"},\"inLanguage\":\"fr-FR\",\"potentialAction\":[{\"@type\":\"ReadAction\",\"target\":[\"https:\/\/ismfrance.org\/index.php\/2024\/10\/14\/temoignages-de-gazaouis-la-survie-qui-sorganise-au-jour-le-jour-dans-lenfer-de-gaza-partie-191-12-octobre-action-dans-le-camp-des-pecheurs-projet-en-direction-des-agr\/\"]}]},{\"@type\":\"ImageObject\",\"inLanguage\":\"fr-FR\",\"@id\":\"https:\/\/ismfrance.org\/index.php\/2024\/10\/14\/temoignages-de-gazaouis-la-survie-qui-sorganise-au-jour-le-jour-dans-lenfer-de-gaza-partie-191-12-octobre-action-dans-le-camp-des-pecheurs-projet-en-direction-des-agr\/#primaryimage\",\"url\":\"https:\/\/ismfrance.org\/wp-content\/uploads\/2024\/10\/reservoir-eau.png\",\"contentUrl\":\"https:\/\/ismfrance.org\/wp-content\/uploads\/2024\/10\/reservoir-eau.png\",\"width\":965,\"height\":723},{\"@type\":\"BreadcrumbList\",\"@id\":\"https:\/\/ismfrance.org\/index.php\/2024\/10\/14\/temoignages-de-gazaouis-la-survie-qui-sorganise-au-jour-le-jour-dans-lenfer-de-gaza-partie-191-12-octobre-action-dans-le-camp-des-pecheurs-projet-en-direction-des-agr\/#breadcrumb\",\"itemListElement\":[{\"@type\":\"ListItem\",\"position\":1,\"name\":\"Accueil\",\"item\":\"https:\/\/ismfrance.org\/\"},{\"@type\":\"ListItem\",\"position\":2,\"name\":\"T\u00e9moignages de Gazaouis : La survie qui s\u2019organise au jour le jour dans l\u2019enfer de Gaza \u2013 partie 191, 12 octobre &#8211; Action dans le camp des p\u00eacheurs, projet en direction des agriculteurs\"}]},{\"@type\":\"WebSite\",\"@id\":\"https:\/\/ismfrance.org\/#website\",\"url\":\"https:\/\/ismfrance.org\/\",\"name\":\"ISM Palestine France\",\"description\":\"Soutien aux luttes de lib\u00e9ration du peuple palestinien\",\"publisher\":{\"@id\":\"https:\/\/ismfrance.org\/#organization\"},\"potentialAction\":[{\"@type\":\"SearchAction\",\"target\":{\"@type\":\"EntryPoint\",\"urlTemplate\":\"https:\/\/ismfrance.org\/?s={search_term_string}\"},\"query-input\":{\"@type\":\"PropertyValueSpecification\",\"valueRequired\":true,\"valueName\":\"search_term_string\"}}],\"inLanguage\":\"fr-FR\"},{\"@type\":\"Organization\",\"@id\":\"https:\/\/ismfrance.org\/#organization\",\"name\":\"International Solidarity Movement\",\"url\":\"https:\/\/ismfrance.org\/\",\"logo\":{\"@type\":\"ImageObject\",\"inLanguage\":\"fr-FR\",\"@id\":\"https:\/\/ismfrance.org\/#\/schema\/logo\/image\/\",\"url\":\"https:\/\/ismfrance.org\/wp-content\/uploads\/2020\/12\/00.png\",\"contentUrl\":\"https:\/\/ismfrance.org\/wp-content\/uploads\/2020\/12\/00.png\",\"width\":400,\"height\":400,\"caption\":\"International Solidarity Movement\"},\"image\":{\"@id\":\"https:\/\/ismfrance.org\/#\/schema\/logo\/image\/\"},\"sameAs\":[\"https:\/\/x.com\/ISMFRANCE\"]},{\"@type\":\"Person\",\"@id\":\"https:\/\/ismfrance.org\/#\/schema\/person\/3c411eb72adfaae19c0dca1f41fae01d\",\"name\":\"mru_01\",\"image\":{\"@type\":\"ImageObject\",\"inLanguage\":\"fr-FR\",\"@id\":\"https:\/\/secure.gravatar.com\/avatar\/3a0be343b445d2ccc79e87444a294fad2b232e90d2051d0e3cc219e1ecd6a330?s=96&d=mm&r=g\",\"url\":\"https:\/\/secure.gravatar.com\/avatar\/3a0be343b445d2ccc79e87444a294fad2b232e90d2051d0e3cc219e1ecd6a330?s=96&d=mm&r=g\",\"contentUrl\":\"https:\/\/secure.gravatar.com\/avatar\/3a0be343b445d2ccc79e87444a294fad2b232e90d2051d0e3cc219e1ecd6a330?s=96&d=mm&r=g\",\"caption\":\"mru_01\"},\"url\":\"https:\/\/ismfrance.org\/index.php\/author\/admin02\/\"}]}<\/script>\n<!-- \/ Yoast SEO plugin. -->","yoast_head_json":{"title":"T\u00e9moignages de Gazaouis : La survie qui s\u2019organise au jour le jour dans l\u2019enfer de Gaza \u2013 partie 191, 12 octobre - Action dans le camp des p\u00eacheurs, projet en direction des agriculteurs - International Solidarity Movement - ISM-France","robots":{"index":"index","follow":"follow","max-snippet":"max-snippet:-1","max-image-preview":"max-image-preview:large","max-video-preview":"max-video-preview:-1"},"canonical":"https:\/\/ismfrance.org\/index.php\/2024\/10\/14\/temoignages-de-gazaouis-la-survie-qui-sorganise-au-jour-le-jour-dans-lenfer-de-gaza-partie-191-12-octobre-action-dans-le-camp-des-pecheurs-projet-en-direction-des-agr\/","og_locale":"fr_FR","og_type":"article","og_title":"T\u00e9moignages de Gazaouis : La survie qui s\u2019organise au jour le jour dans l\u2019enfer de Gaza \u2013 partie 191, 12 octobre - Action dans le camp des p\u00eacheurs, projet en direction des agriculteurs - International Solidarity Movement - ISM-France","og_description":"Brigitte Challande, 14 octobre 2024. Dans la matin\u00e9e du 12, Abu Amir nous envoie un compte rendu d\u2019action pour le camp des p\u00eacheurs, un projet pour les agriculteurs et une Lire la suite &rarr;","og_url":"https:\/\/ismfrance.org\/index.php\/2024\/10\/14\/temoignages-de-gazaouis-la-survie-qui-sorganise-au-jour-le-jour-dans-lenfer-de-gaza-partie-191-12-octobre-action-dans-le-camp-des-pecheurs-projet-en-direction-des-agr\/","og_site_name":"International Solidarity Movement - ISM-France","article_published_time":"2024-10-14T08:01:49+00:00","article_modified_time":"2024-12-18T20:54:49+00:00","og_image":[{"width":965,"height":723,"url":"https:\/\/ismfrance.org\/wp-content\/uploads\/2024\/10\/reservoir-eau.png","type":"image\/png"}],"author":"mru_01","twitter_card":"summary_large_image","twitter_creator":"@ISMFRANCE","twitter_site":"@ISMFRANCE","twitter_misc":{"\u00c9crit par":"mru_01","Dur\u00e9e de lecture estim\u00e9e":"12 minutes"},"schema":{"@context":"https:\/\/schema.org","@graph":[{"@type":"Article","@id":"https:\/\/ismfrance.org\/index.php\/2024\/10\/14\/temoignages-de-gazaouis-la-survie-qui-sorganise-au-jour-le-jour-dans-lenfer-de-gaza-partie-191-12-octobre-action-dans-le-camp-des-pecheurs-projet-en-direction-des-agr\/#article","isPartOf":{"@id":"https:\/\/ismfrance.org\/index.php\/2024\/10\/14\/temoignages-de-gazaouis-la-survie-qui-sorganise-au-jour-le-jour-dans-lenfer-de-gaza-partie-191-12-octobre-action-dans-le-camp-des-pecheurs-projet-en-direction-des-agr\/"},"author":{"name":"mru_01","@id":"https:\/\/ismfrance.org\/#\/schema\/person\/3c411eb72adfaae19c0dca1f41fae01d"},"headline":"T\u00e9moignages de Gazaouis : La survie qui s\u2019organise au jour le jour dans l\u2019enfer de Gaza \u2013 partie 191, 12 octobre &#8211; Action dans le camp des p\u00eacheurs, projet en direction des agriculteurs","datePublished":"2024-10-14T08:01:49+00:00","dateModified":"2024-12-18T20:54:49+00:00","mainEntityOfPage":{"@id":"https:\/\/ismfrance.org\/index.php\/2024\/10\/14\/temoignages-de-gazaouis-la-survie-qui-sorganise-au-jour-le-jour-dans-lenfer-de-gaza-partie-191-12-octobre-action-dans-le-camp-des-pecheurs-projet-en-direction-des-agr\/"},"wordCount":1434,"publisher":{"@id":"https:\/\/ismfrance.org\/#organization"},"image":{"@id":"https:\/\/ismfrance.org\/index.php\/2024\/10\/14\/temoignages-de-gazaouis-la-survie-qui-sorganise-au-jour-le-jour-dans-lenfer-de-gaza-partie-191-12-octobre-action-dans-le-camp-des-pecheurs-projet-en-direction-des-agr\/#primaryimage"},"thumbnailUrl":"https:\/\/ismfrance.org\/wp-content\/uploads\/2024\/10\/reservoir-eau.png","keywords":["G\u00e9nocide","r\u00e9fugi\u00e9s","solidarit\u00e9"],"articleSection":["Articles","T\u00e9moignages"],"inLanguage":"fr-FR"},{"@type":"WebPage","@id":"https:\/\/ismfrance.org\/index.php\/2024\/10\/14\/temoignages-de-gazaouis-la-survie-qui-sorganise-au-jour-le-jour-dans-lenfer-de-gaza-partie-191-12-octobre-action-dans-le-camp-des-pecheurs-projet-en-direction-des-agr\/","url":"https:\/\/ismfrance.org\/index.php\/2024\/10\/14\/temoignages-de-gazaouis-la-survie-qui-sorganise-au-jour-le-jour-dans-lenfer-de-gaza-partie-191-12-octobre-action-dans-le-camp-des-pecheurs-projet-en-direction-des-agr\/","name":"T\u00e9moignages de Gazaouis : La survie qui s\u2019organise au jour le jour dans l\u2019enfer de Gaza \u2013 partie 191, 12 octobre - Action dans le camp des p\u00eacheurs, projet en direction des agriculteurs - International Solidarity Movement - ISM-France","isPartOf":{"@id":"https:\/\/ismfrance.org\/#website"},"primaryImageOfPage":{"@id":"https:\/\/ismfrance.org\/index.php\/2024\/10\/14\/temoignages-de-gazaouis-la-survie-qui-sorganise-au-jour-le-jour-dans-lenfer-de-gaza-partie-191-12-octobre-action-dans-le-camp-des-pecheurs-projet-en-direction-des-agr\/#primaryimage"},"image":{"@id":"https:\/\/ismfrance.org\/index.php\/2024\/10\/14\/temoignages-de-gazaouis-la-survie-qui-sorganise-au-jour-le-jour-dans-lenfer-de-gaza-partie-191-12-octobre-action-dans-le-camp-des-pecheurs-projet-en-direction-des-agr\/#primaryimage"},"thumbnailUrl":"https:\/\/ismfrance.org\/wp-content\/uploads\/2024\/10\/reservoir-eau.png","datePublished":"2024-10-14T08:01:49+00:00","dateModified":"2024-12-18T20:54:49+00:00","breadcrumb":{"@id":"https:\/\/ismfrance.org\/index.php\/2024\/10\/14\/temoignages-de-gazaouis-la-survie-qui-sorganise-au-jour-le-jour-dans-lenfer-de-gaza-partie-191-12-octobre-action-dans-le-camp-des-pecheurs-projet-en-direction-des-agr\/#breadcrumb"},"inLanguage":"fr-FR","potentialAction":[{"@type":"ReadAction","target":["https:\/\/ismfrance.org\/index.php\/2024\/10\/14\/temoignages-de-gazaouis-la-survie-qui-sorganise-au-jour-le-jour-dans-lenfer-de-gaza-partie-191-12-octobre-action-dans-le-camp-des-pecheurs-projet-en-direction-des-agr\/"]}]},{"@type":"ImageObject","inLanguage":"fr-FR","@id":"https:\/\/ismfrance.org\/index.php\/2024\/10\/14\/temoignages-de-gazaouis-la-survie-qui-sorganise-au-jour-le-jour-dans-lenfer-de-gaza-partie-191-12-octobre-action-dans-le-camp-des-pecheurs-projet-en-direction-des-agr\/#primaryimage","url":"https:\/\/ismfrance.org\/wp-content\/uploads\/2024\/10\/reservoir-eau.png","contentUrl":"https:\/\/ismfrance.org\/wp-content\/uploads\/2024\/10\/reservoir-eau.png","width":965,"height":723},{"@type":"BreadcrumbList","@id":"https:\/\/ismfrance.org\/index.php\/2024\/10\/14\/temoignages-de-gazaouis-la-survie-qui-sorganise-au-jour-le-jour-dans-lenfer-de-gaza-partie-191-12-octobre-action-dans-le-camp-des-pecheurs-projet-en-direction-des-agr\/#breadcrumb","itemListElement":[{"@type":"ListItem","position":1,"name":"Accueil","item":"https:\/\/ismfrance.org\/"},{"@type":"ListItem","position":2,"name":"T\u00e9moignages de Gazaouis : La survie qui s\u2019organise au jour le jour dans l\u2019enfer de Gaza \u2013 partie 191, 12 octobre &#8211; Action dans le camp des p\u00eacheurs, projet en direction des agriculteurs"}]},{"@type":"WebSite","@id":"https:\/\/ismfrance.org\/#website","url":"https:\/\/ismfrance.org\/","name":"ISM Palestine France","description":"Soutien aux luttes de lib\u00e9ration du peuple palestinien","publisher":{"@id":"https:\/\/ismfrance.org\/#organization"},"potentialAction":[{"@type":"SearchAction","target":{"@type":"EntryPoint","urlTemplate":"https:\/\/ismfrance.org\/?s={search_term_string}"},"query-input":{"@type":"PropertyValueSpecification","valueRequired":true,"valueName":"search_term_string"}}],"inLanguage":"fr-FR"},{"@type":"Organization","@id":"https:\/\/ismfrance.org\/#organization","name":"International Solidarity Movement","url":"https:\/\/ismfrance.org\/","logo":{"@type":"ImageObject","inLanguage":"fr-FR","@id":"https:\/\/ismfrance.org\/#\/schema\/logo\/image\/","url":"https:\/\/ismfrance.org\/wp-content\/uploads\/2020\/12\/00.png","contentUrl":"https:\/\/ismfrance.org\/wp-content\/uploads\/2020\/12\/00.png","width":400,"height":400,"caption":"International Solidarity Movement"},"image":{"@id":"https:\/\/ismfrance.org\/#\/schema\/logo\/image\/"},"sameAs":["https:\/\/x.com\/ISMFRANCE"]},{"@type":"Person","@id":"https:\/\/ismfrance.org\/#\/schema\/person\/3c411eb72adfaae19c0dca1f41fae01d","name":"mru_01","image":{"@type":"ImageObject","inLanguage":"fr-FR","@id":"https:\/\/secure.gravatar.com\/avatar\/3a0be343b445d2ccc79e87444a294fad2b232e90d2051d0e3cc219e1ecd6a330?s=96&d=mm&r=g","url":"https:\/\/secure.gravatar.com\/avatar\/3a0be343b445d2ccc79e87444a294fad2b232e90d2051d0e3cc219e1ecd6a330?s=96&d=mm&r=g","contentUrl":"https:\/\/secure.gravatar.com\/avatar\/3a0be343b445d2ccc79e87444a294fad2b232e90d2051d0e3cc219e1ecd6a330?s=96&d=mm&r=g","caption":"mru_01"},"url":"https:\/\/ismfrance.org\/index.php\/author\/admin02\/"}]}},"_links":{"self":[{"href":"https:\/\/ismfrance.org\/index.php\/wp-json\/wp\/v2\/posts\/14881","targetHints":{"allow":["GET"]}}],"collection":[{"href":"https:\/\/ismfrance.org\/index.php\/wp-json\/wp\/v2\/posts"}],"about":[{"href":"https:\/\/ismfrance.org\/index.php\/wp-json\/wp\/v2\/types\/post"}],"author":[{"embeddable":true,"href":"https:\/\/ismfrance.org\/index.php\/wp-json\/wp\/v2\/users\/3"}],"replies":[{"embeddable":true,"href":"https:\/\/ismfrance.org\/index.php\/wp-json\/wp\/v2\/comments?post=14881"}],"version-history":[{"count":0,"href":"https:\/\/ismfrance.org\/index.php\/wp-json\/wp\/v2\/posts\/14881\/revisions"}],"wp:featuredmedia":[{"embeddable":true,"href":"https:\/\/ismfrance.org\/index.php\/wp-json\/wp\/v2\/media\/14886"}],"wp:attachment":[{"href":"https:\/\/ismfrance.org\/index.php\/wp-json\/wp\/v2\/media?parent=14881"}],"wp:term":[{"taxonomy":"category","embeddable":true,"href":"https:\/\/ismfrance.org\/index.php\/wp-json\/wp\/v2\/categories?post=14881"},{"taxonomy":"post_tag","embeddable":true,"href":"https:\/\/ismfrance.org\/index.php\/wp-json\/wp\/v2\/tags?post=14881"}],"curies":[{"name":"wp","href":"https:\/\/api.w.org\/{rel}","templated":true}]}}