{"id":1487,"date":"2021-12-28T18:18:32","date_gmt":"2021-12-28T17:18:32","guid":{"rendered":"https:\/\/ismfrance.org\/?p=1487"},"modified":"2021-12-28T18:18:32","modified_gmt":"2021-12-28T17:18:32","slug":"silwan-loccupation-installe-un-portique-electronique-pour-renforcer-la-repression-et-le-controle","status":"publish","type":"post","link":"https:\/\/ismfrance.org\/index.php\/2021\/12\/28\/silwan-loccupation-installe-un-portique-electronique-pour-renforcer-la-repression-et-le-controle\/","title":{"rendered":"Silwan : l&rsquo;occupation installe un portique \u00e9lectronique pour renforcer la r\u00e9pression et le contr\u00f4le"},"content":{"rendered":"<p><b>CPI, 28 d\u00e9cembre 2021.<\/b> Aujourd&rsquo;hui, mardi, les autorit\u00e9s d&rsquo;occupation isra\u00e9liennes ont commenc\u00e9 \u00e0 installer les montants qui serviront \u00e0 mettre en place un portique \u00e9lectronique pour surveiller et contr\u00f4ler le mouvement des Palestiniens, \u00e0 Silwan, \u00e0 J\u00e9rusalem occup\u00e9e.<\/p>\n<p><img loading=\"lazy\" decoding=\"async\" class=\"aligncenter size-full wp-image-1488\" src=\"https:\/\/ismfrance.org\/wp-content\/uploads\/2021\/12\/portique-Silwan.jpg\" alt=\"\" width=\"1600\" height=\"900\" srcset=\"https:\/\/ismfrance.org\/wp-content\/uploads\/2021\/12\/portique-Silwan.jpg 1600w, https:\/\/ismfrance.org\/wp-content\/uploads\/2021\/12\/portique-Silwan-300x169.jpg 300w, https:\/\/ismfrance.org\/wp-content\/uploads\/2021\/12\/portique-Silwan-700x394.jpg 700w, https:\/\/ismfrance.org\/wp-content\/uploads\/2021\/12\/portique-Silwan-768x432.jpg 768w, https:\/\/ismfrance.org\/wp-content\/uploads\/2021\/12\/portique-Silwan-1536x864.jpg 1536w, https:\/\/ismfrance.org\/wp-content\/uploads\/2021\/12\/portique-Silwan-1320x743.jpg 1320w\" sizes=\"auto, (max-width: 1600px) 100vw, 1600px\" \/>Le centre d&rsquo;information Wadi Hilweh (sp\u00e9cialis\u00e9 dans la surveillance des violations isra\u00e9liennes \u00e0 J\u00e9rusalem occup\u00e9e) a rapport\u00e9 que la soi-disant \u00ab Autorit\u00e9 de la nature \u00bb isra\u00e9lienne et les colons de l&rsquo;association de la colonie El-Ad ont commenc\u00e9 \u00e0 installer des poteaux dans la rue Al-Ain de la ville, au milieu d&rsquo;une protection \u00e9troite contre les forces d&rsquo;occupation. .<\/p>\n<p>Des sources locales ont d\u00e9clar\u00e9 que des affrontements ont \u00e9clat\u00e9 entre les habitants de la ville et les forces d&rsquo;occupation. Ils ont dit que l&rsquo;installation du portail vise \u00e0 surveiller les gens et \u00e0 contr\u00f4ler leurs d\u00e9placements.<\/p>\n<p>Il convient de noter que l&rsquo;association de colonisation El-Ad a \u00e9t\u00e9 cr\u00e9\u00e9e en 1986, dans le but de juda\u00efser la zone au sud de la mosqu\u00e9e Al-Aqsa, en particulier la ville de Silwan, en saisissant des maisons et en expulsant les habitants de J\u00e9rusalem, en transformant de nombreuses terres en Jardins \u00ab bibliques et talmudiques \u00bb.<\/p>\n<p>L&rsquo;association de colonisation dispose d&rsquo;\u00e9normes budgets et est d\u00e9crite comme l&rsquo;une des ONG isra\u00e9liennes les plus riches.<\/p>\n<p>El-Ad s&rsquo;appuie sur deux axes principaux pour atteindre ses objectifs.<\/p>\n<p><b>Premi\u00e8rement<\/b> : la saisie de biens immobiliers palestiniens \u00e0 J\u00e9rusalem et sa colonisation avec des colons, dans le but d&rsquo;obtenir une majorit\u00e9 juive et l&rsquo;expulsion de la population palestinienne.<\/p>\n<p><b>Deuxi\u00e8mement<\/b> : contr\u00f4ler les sites arch\u00e9ologiques et historiques, cr\u00e9er un r\u00e9cit sioniste autour d&rsquo;eux, tout ce qui concerne la propagande locale et internationale et l&rsquo;orientation touristique.<\/p>\n<p>La coop\u00e9ration entre l&rsquo;association coloniale El-Ad et les organismes officiels isra\u00e9liens prend diverses formes, \u00e0 commencer par la r\u00e9ception de fonds d&rsquo;organismes officiels, la coordination de visites pour les \u00e9coliers et les soldats de l&rsquo;occupation sous la supervision d&rsquo;El-ad, la diffusion du r\u00e9cit du colonisateur, etc.<\/p>\n<p>Article publi\u00e9 sur le <a href=\"https:\/\/french.palinfo.com\/news\/2021\/12\/28\/Silwan-Un-portique-lectronique-isra-lien-resserrant-la-r-pression-et-le-contr-le\">Centre Palestinien d&rsquo;Information<\/a>.<\/p>\n<p>Voir les photos et vid\u00e9os sur <a href=\"https:\/\/www.facebook.com\/Silwanic\/videos\/326954745945235\/?hc_ref=ARTVjIumBTkmPHpskwh6NZxu20BOZca4hBjFFj7tqhEsuPfSHUlzO7XPJq14uDllTvs&amp;fref=nf&amp;__xts__[0]=68.ARBmVfSQAt0w-rH3hcRc9OLEWzmsZfubGW0oSYY_9fnLv4Fdg_la617VHc-iQQiMCXQZBOaMq61ehLhAjy7nhgThKz0S16o7qlySnEHi0oRBpXvGH5tUQO3jiPpKi575CoDAnvM_qfvig6eHoEX1ZppEtR5FI1EkmEMkSMHpNgC2pgCiR0_rNXlP37NvhoL2QCTS_H85rVFiql9uWNmVKbQbfkfyCOaSI8ybdxD8Qkv34lhCEMt1MPn6Q85D8iZQJrN3wiJhZHLGKMqE4Q6xoFZWxgaXLOxMxQR8dKe1Od_7bBFtw48vmsS3GBZHfWV7fA&amp;__tn__=kC-R\">Silwanic<\/a>.<\/p>\n","protected":false},"excerpt":{"rendered":"<p>CPI, 28 d\u00e9cembre 2021. Aujourd&rsquo;hui, mardi, les autorit\u00e9s d&rsquo;occupation isra\u00e9liennes ont commenc\u00e9 \u00e0 installer les montants qui serviront \u00e0 mettre en place un portique \u00e9lectronique pour surveiller et contr\u00f4ler le <a class=\"more-link\" href=\"https:\/\/ismfrance.org\/index.php\/2021\/12\/28\/silwan-loccupation-installe-un-portique-electronique-pour-renforcer-la-repression-et-le-controle\/\">Lire la suite &rarr;<\/a><\/p>\n","protected":false},"author":3,"featured_media":1488,"comment_status":"closed","ping_status":"closed","sticky":false,"template":"","format":"standard","meta":{"footnotes":""},"categories":[2,13],"tags":[116,45],"class_list":["post-1487","post","type-post","status-publish","format-standard","has-post-thumbnail","hentry","category-articles","category-temoignages","tag-judaisation","tag-nettoyage-ethnique"],"yoast_head":"<!-- This site is optimized with the Yoast SEO plugin v27.5 - https:\/\/yoast.com\/product\/yoast-seo-wordpress\/ -->\n<title>Silwan : l&#039;occupation installe un portique \u00e9lectronique pour renforcer la r\u00e9pression et le contr\u00f4le - International Solidarity Movement - ISM-France<\/title>\n<meta name=\"robots\" content=\"index, follow, max-snippet:-1, max-image-preview:large, max-video-preview:-1\" \/>\n<link rel=\"canonical\" href=\"https:\/\/ismfrance.org\/index.php\/2021\/12\/28\/silwan-loccupation-installe-un-portique-electronique-pour-renforcer-la-repression-et-le-controle\/\" \/>\n<meta property=\"og:locale\" content=\"fr_FR\" \/>\n<meta property=\"og:type\" content=\"article\" \/>\n<meta property=\"og:title\" content=\"Silwan : l&#039;occupation installe un portique \u00e9lectronique pour renforcer la r\u00e9pression et le contr\u00f4le - International Solidarity Movement - ISM-France\" \/>\n<meta property=\"og:description\" content=\"CPI, 28 d\u00e9cembre 2021. Aujourd&rsquo;hui, mardi, les autorit\u00e9s d&rsquo;occupation isra\u00e9liennes ont commenc\u00e9 \u00e0 installer les montants qui serviront \u00e0 mettre en place un portique \u00e9lectronique pour surveiller et contr\u00f4ler le Lire la suite &rarr;\" \/>\n<meta property=\"og:url\" content=\"https:\/\/ismfrance.org\/index.php\/2021\/12\/28\/silwan-loccupation-installe-un-portique-electronique-pour-renforcer-la-repression-et-le-controle\/\" \/>\n<meta property=\"og:site_name\" content=\"International Solidarity Movement - ISM-France\" \/>\n<meta property=\"article:published_time\" content=\"2021-12-28T17:18:32+00:00\" \/>\n<meta property=\"og:image\" content=\"https:\/\/ismfrance.org\/wp-content\/uploads\/2021\/12\/portique-Silwan.jpg\" \/>\n\t<meta property=\"og:image:width\" content=\"1600\" \/>\n\t<meta property=\"og:image:height\" content=\"900\" \/>\n\t<meta property=\"og:image:type\" content=\"image\/jpeg\" \/>\n<meta name=\"author\" content=\"mru_01\" \/>\n<meta name=\"twitter:card\" content=\"summary_large_image\" \/>\n<meta name=\"twitter:creator\" content=\"@ISMFRANCE\" \/>\n<meta name=\"twitter:site\" content=\"@ISMFRANCE\" \/>\n<meta name=\"twitter:label1\" content=\"\u00c9crit par\" \/>\n\t<meta name=\"twitter:data1\" content=\"mru_01\" \/>\n\t<meta name=\"twitter:label2\" content=\"Dur\u00e9e de lecture estim\u00e9e\" \/>\n\t<meta name=\"twitter:data2\" content=\"2 minutes\" \/>\n<script type=\"application\/ld+json\" class=\"yoast-schema-graph\">{\"@context\":\"https:\\\/\\\/schema.org\",\"@graph\":[{\"@type\":\"Article\",\"@id\":\"https:\\\/\\\/ismfrance.org\\\/index.php\\\/2021\\\/12\\\/28\\\/silwan-loccupation-installe-un-portique-electronique-pour-renforcer-la-repression-et-le-controle\\\/#article\",\"isPartOf\":{\"@id\":\"https:\\\/\\\/ismfrance.org\\\/index.php\\\/2021\\\/12\\\/28\\\/silwan-loccupation-installe-un-portique-electronique-pour-renforcer-la-repression-et-le-controle\\\/\"},\"author\":{\"name\":\"mru_01\",\"@id\":\"https:\\\/\\\/ismfrance.org\\\/#\\\/schema\\\/person\\\/3c411eb72adfaae19c0dca1f41fae01d\"},\"headline\":\"Silwan : l&rsquo;occupation installe un portique \u00e9lectronique pour renforcer la r\u00e9pression et le contr\u00f4le\",\"datePublished\":\"2021-12-28T17:18:32+00:00\",\"mainEntityOfPage\":{\"@id\":\"https:\\\/\\\/ismfrance.org\\\/index.php\\\/2021\\\/12\\\/28\\\/silwan-loccupation-installe-un-portique-electronique-pour-renforcer-la-repression-et-le-controle\\\/\"},\"wordCount\":382,\"publisher\":{\"@id\":\"https:\\\/\\\/ismfrance.org\\\/#organization\"},\"image\":{\"@id\":\"https:\\\/\\\/ismfrance.org\\\/index.php\\\/2021\\\/12\\\/28\\\/silwan-loccupation-installe-un-portique-electronique-pour-renforcer-la-repression-et-le-controle\\\/#primaryimage\"},\"thumbnailUrl\":\"https:\\\/\\\/ismfrance.org\\\/wp-content\\\/uploads\\\/2021\\\/12\\\/portique-Silwan.jpg\",\"keywords\":[\"Juda\u00efsation\",\"nettoyage ethnique\"],\"articleSection\":[\"Articles\",\"T\u00e9moignages\"],\"inLanguage\":\"fr-FR\"},{\"@type\":\"WebPage\",\"@id\":\"https:\\\/\\\/ismfrance.org\\\/index.php\\\/2021\\\/12\\\/28\\\/silwan-loccupation-installe-un-portique-electronique-pour-renforcer-la-repression-et-le-controle\\\/\",\"url\":\"https:\\\/\\\/ismfrance.org\\\/index.php\\\/2021\\\/12\\\/28\\\/silwan-loccupation-installe-un-portique-electronique-pour-renforcer-la-repression-et-le-controle\\\/\",\"name\":\"Silwan : l'occupation installe un portique \u00e9lectronique pour renforcer la r\u00e9pression et le contr\u00f4le - International Solidarity Movement - ISM-France\",\"isPartOf\":{\"@id\":\"https:\\\/\\\/ismfrance.org\\\/#website\"},\"primaryImageOfPage\":{\"@id\":\"https:\\\/\\\/ismfrance.org\\\/index.php\\\/2021\\\/12\\\/28\\\/silwan-loccupation-installe-un-portique-electronique-pour-renforcer-la-repression-et-le-controle\\\/#primaryimage\"},\"image\":{\"@id\":\"https:\\\/\\\/ismfrance.org\\\/index.php\\\/2021\\\/12\\\/28\\\/silwan-loccupation-installe-un-portique-electronique-pour-renforcer-la-repression-et-le-controle\\\/#primaryimage\"},\"thumbnailUrl\":\"https:\\\/\\\/ismfrance.org\\\/wp-content\\\/uploads\\\/2021\\\/12\\\/portique-Silwan.jpg\",\"datePublished\":\"2021-12-28T17:18:32+00:00\",\"breadcrumb\":{\"@id\":\"https:\\\/\\\/ismfrance.org\\\/index.php\\\/2021\\\/12\\\/28\\\/silwan-loccupation-installe-un-portique-electronique-pour-renforcer-la-repression-et-le-controle\\\/#breadcrumb\"},\"inLanguage\":\"fr-FR\",\"potentialAction\":[{\"@type\":\"ReadAction\",\"target\":[\"https:\\\/\\\/ismfrance.org\\\/index.php\\\/2021\\\/12\\\/28\\\/silwan-loccupation-installe-un-portique-electronique-pour-renforcer-la-repression-et-le-controle\\\/\"]}]},{\"@type\":\"ImageObject\",\"inLanguage\":\"fr-FR\",\"@id\":\"https:\\\/\\\/ismfrance.org\\\/index.php\\\/2021\\\/12\\\/28\\\/silwan-loccupation-installe-un-portique-electronique-pour-renforcer-la-repression-et-le-controle\\\/#primaryimage\",\"url\":\"https:\\\/\\\/ismfrance.org\\\/wp-content\\\/uploads\\\/2021\\\/12\\\/portique-Silwan.jpg\",\"contentUrl\":\"https:\\\/\\\/ismfrance.org\\\/wp-content\\\/uploads\\\/2021\\\/12\\\/portique-Silwan.jpg\",\"width\":1600,\"height\":900},{\"@type\":\"BreadcrumbList\",\"@id\":\"https:\\\/\\\/ismfrance.org\\\/index.php\\\/2021\\\/12\\\/28\\\/silwan-loccupation-installe-un-portique-electronique-pour-renforcer-la-repression-et-le-controle\\\/#breadcrumb\",\"itemListElement\":[{\"@type\":\"ListItem\",\"position\":1,\"name\":\"Accueil\",\"item\":\"https:\\\/\\\/ismfrance.org\\\/\"},{\"@type\":\"ListItem\",\"position\":2,\"name\":\"Silwan : l&#8217;occupation installe un portique \u00e9lectronique pour renforcer la r\u00e9pression et le contr\u00f4le\"}]},{\"@type\":\"WebSite\",\"@id\":\"https:\\\/\\\/ismfrance.org\\\/#website\",\"url\":\"https:\\\/\\\/ismfrance.org\\\/\",\"name\":\"ISM Palestine France\",\"description\":\"Soutien aux luttes de lib\u00e9ration du peuple palestinien\",\"publisher\":{\"@id\":\"https:\\\/\\\/ismfrance.org\\\/#organization\"},\"potentialAction\":[{\"@type\":\"SearchAction\",\"target\":{\"@type\":\"EntryPoint\",\"urlTemplate\":\"https:\\\/\\\/ismfrance.org\\\/?s={search_term_string}\"},\"query-input\":{\"@type\":\"PropertyValueSpecification\",\"valueRequired\":true,\"valueName\":\"search_term_string\"}}],\"inLanguage\":\"fr-FR\"},{\"@type\":\"Organization\",\"@id\":\"https:\\\/\\\/ismfrance.org\\\/#organization\",\"name\":\"International Solidarity Movement\",\"url\":\"https:\\\/\\\/ismfrance.org\\\/\",\"logo\":{\"@type\":\"ImageObject\",\"inLanguage\":\"fr-FR\",\"@id\":\"https:\\\/\\\/ismfrance.org\\\/#\\\/schema\\\/logo\\\/image\\\/\",\"url\":\"https:\\\/\\\/ismfrance.org\\\/wp-content\\\/uploads\\\/2020\\\/12\\\/00.png\",\"contentUrl\":\"https:\\\/\\\/ismfrance.org\\\/wp-content\\\/uploads\\\/2020\\\/12\\\/00.png\",\"width\":400,\"height\":400,\"caption\":\"International Solidarity Movement\"},\"image\":{\"@id\":\"https:\\\/\\\/ismfrance.org\\\/#\\\/schema\\\/logo\\\/image\\\/\"},\"sameAs\":[\"https:\\\/\\\/x.com\\\/ISMFRANCE\"]},{\"@type\":\"Person\",\"@id\":\"https:\\\/\\\/ismfrance.org\\\/#\\\/schema\\\/person\\\/3c411eb72adfaae19c0dca1f41fae01d\",\"name\":\"mru_01\",\"image\":{\"@type\":\"ImageObject\",\"inLanguage\":\"fr-FR\",\"@id\":\"https:\\\/\\\/secure.gravatar.com\\\/avatar\\\/3a0be343b445d2ccc79e87444a294fad2b232e90d2051d0e3cc219e1ecd6a330?s=96&d=mm&r=g\",\"url\":\"https:\\\/\\\/secure.gravatar.com\\\/avatar\\\/3a0be343b445d2ccc79e87444a294fad2b232e90d2051d0e3cc219e1ecd6a330?s=96&d=mm&r=g\",\"contentUrl\":\"https:\\\/\\\/secure.gravatar.com\\\/avatar\\\/3a0be343b445d2ccc79e87444a294fad2b232e90d2051d0e3cc219e1ecd6a330?s=96&d=mm&r=g\",\"caption\":\"mru_01\"},\"url\":\"https:\\\/\\\/ismfrance.org\\\/index.php\\\/author\\\/admin02\\\/\"}]}<\/script>\n<!-- \/ Yoast SEO plugin. -->","yoast_head_json":{"title":"Silwan : l'occupation installe un portique \u00e9lectronique pour renforcer la r\u00e9pression et le contr\u00f4le - International Solidarity Movement - ISM-France","robots":{"index":"index","follow":"follow","max-snippet":"max-snippet:-1","max-image-preview":"max-image-preview:large","max-video-preview":"max-video-preview:-1"},"canonical":"https:\/\/ismfrance.org\/index.php\/2021\/12\/28\/silwan-loccupation-installe-un-portique-electronique-pour-renforcer-la-repression-et-le-controle\/","og_locale":"fr_FR","og_type":"article","og_title":"Silwan : l'occupation installe un portique \u00e9lectronique pour renforcer la r\u00e9pression et le contr\u00f4le - International Solidarity Movement - ISM-France","og_description":"CPI, 28 d\u00e9cembre 2021. Aujourd&rsquo;hui, mardi, les autorit\u00e9s d&rsquo;occupation isra\u00e9liennes ont commenc\u00e9 \u00e0 installer les montants qui serviront \u00e0 mettre en place un portique \u00e9lectronique pour surveiller et contr\u00f4ler le Lire la suite &rarr;","og_url":"https:\/\/ismfrance.org\/index.php\/2021\/12\/28\/silwan-loccupation-installe-un-portique-electronique-pour-renforcer-la-repression-et-le-controle\/","og_site_name":"International Solidarity Movement - ISM-France","article_published_time":"2021-12-28T17:18:32+00:00","og_image":[{"width":1600,"height":900,"url":"https:\/\/ismfrance.org\/wp-content\/uploads\/2021\/12\/portique-Silwan.jpg","type":"image\/jpeg"}],"author":"mru_01","twitter_card":"summary_large_image","twitter_creator":"@ISMFRANCE","twitter_site":"@ISMFRANCE","twitter_misc":{"\u00c9crit par":"mru_01","Dur\u00e9e de lecture estim\u00e9e":"2 minutes"},"schema":{"@context":"https:\/\/schema.org","@graph":[{"@type":"Article","@id":"https:\/\/ismfrance.org\/index.php\/2021\/12\/28\/silwan-loccupation-installe-un-portique-electronique-pour-renforcer-la-repression-et-le-controle\/#article","isPartOf":{"@id":"https:\/\/ismfrance.org\/index.php\/2021\/12\/28\/silwan-loccupation-installe-un-portique-electronique-pour-renforcer-la-repression-et-le-controle\/"},"author":{"name":"mru_01","@id":"https:\/\/ismfrance.org\/#\/schema\/person\/3c411eb72adfaae19c0dca1f41fae01d"},"headline":"Silwan : l&rsquo;occupation installe un portique \u00e9lectronique pour renforcer la r\u00e9pression et le contr\u00f4le","datePublished":"2021-12-28T17:18:32+00:00","mainEntityOfPage":{"@id":"https:\/\/ismfrance.org\/index.php\/2021\/12\/28\/silwan-loccupation-installe-un-portique-electronique-pour-renforcer-la-repression-et-le-controle\/"},"wordCount":382,"publisher":{"@id":"https:\/\/ismfrance.org\/#organization"},"image":{"@id":"https:\/\/ismfrance.org\/index.php\/2021\/12\/28\/silwan-loccupation-installe-un-portique-electronique-pour-renforcer-la-repression-et-le-controle\/#primaryimage"},"thumbnailUrl":"https:\/\/ismfrance.org\/wp-content\/uploads\/2021\/12\/portique-Silwan.jpg","keywords":["Juda\u00efsation","nettoyage ethnique"],"articleSection":["Articles","T\u00e9moignages"],"inLanguage":"fr-FR"},{"@type":"WebPage","@id":"https:\/\/ismfrance.org\/index.php\/2021\/12\/28\/silwan-loccupation-installe-un-portique-electronique-pour-renforcer-la-repression-et-le-controle\/","url":"https:\/\/ismfrance.org\/index.php\/2021\/12\/28\/silwan-loccupation-installe-un-portique-electronique-pour-renforcer-la-repression-et-le-controle\/","name":"Silwan : l'occupation installe un portique \u00e9lectronique pour renforcer la r\u00e9pression et le contr\u00f4le - International Solidarity Movement - ISM-France","isPartOf":{"@id":"https:\/\/ismfrance.org\/#website"},"primaryImageOfPage":{"@id":"https:\/\/ismfrance.org\/index.php\/2021\/12\/28\/silwan-loccupation-installe-un-portique-electronique-pour-renforcer-la-repression-et-le-controle\/#primaryimage"},"image":{"@id":"https:\/\/ismfrance.org\/index.php\/2021\/12\/28\/silwan-loccupation-installe-un-portique-electronique-pour-renforcer-la-repression-et-le-controle\/#primaryimage"},"thumbnailUrl":"https:\/\/ismfrance.org\/wp-content\/uploads\/2021\/12\/portique-Silwan.jpg","datePublished":"2021-12-28T17:18:32+00:00","breadcrumb":{"@id":"https:\/\/ismfrance.org\/index.php\/2021\/12\/28\/silwan-loccupation-installe-un-portique-electronique-pour-renforcer-la-repression-et-le-controle\/#breadcrumb"},"inLanguage":"fr-FR","potentialAction":[{"@type":"ReadAction","target":["https:\/\/ismfrance.org\/index.php\/2021\/12\/28\/silwan-loccupation-installe-un-portique-electronique-pour-renforcer-la-repression-et-le-controle\/"]}]},{"@type":"ImageObject","inLanguage":"fr-FR","@id":"https:\/\/ismfrance.org\/index.php\/2021\/12\/28\/silwan-loccupation-installe-un-portique-electronique-pour-renforcer-la-repression-et-le-controle\/#primaryimage","url":"https:\/\/ismfrance.org\/wp-content\/uploads\/2021\/12\/portique-Silwan.jpg","contentUrl":"https:\/\/ismfrance.org\/wp-content\/uploads\/2021\/12\/portique-Silwan.jpg","width":1600,"height":900},{"@type":"BreadcrumbList","@id":"https:\/\/ismfrance.org\/index.php\/2021\/12\/28\/silwan-loccupation-installe-un-portique-electronique-pour-renforcer-la-repression-et-le-controle\/#breadcrumb","itemListElement":[{"@type":"ListItem","position":1,"name":"Accueil","item":"https:\/\/ismfrance.org\/"},{"@type":"ListItem","position":2,"name":"Silwan : l&#8217;occupation installe un portique \u00e9lectronique pour renforcer la r\u00e9pression et le contr\u00f4le"}]},{"@type":"WebSite","@id":"https:\/\/ismfrance.org\/#website","url":"https:\/\/ismfrance.org\/","name":"ISM Palestine France","description":"Soutien aux luttes de lib\u00e9ration du peuple palestinien","publisher":{"@id":"https:\/\/ismfrance.org\/#organization"},"potentialAction":[{"@type":"SearchAction","target":{"@type":"EntryPoint","urlTemplate":"https:\/\/ismfrance.org\/?s={search_term_string}"},"query-input":{"@type":"PropertyValueSpecification","valueRequired":true,"valueName":"search_term_string"}}],"inLanguage":"fr-FR"},{"@type":"Organization","@id":"https:\/\/ismfrance.org\/#organization","name":"International Solidarity Movement","url":"https:\/\/ismfrance.org\/","logo":{"@type":"ImageObject","inLanguage":"fr-FR","@id":"https:\/\/ismfrance.org\/#\/schema\/logo\/image\/","url":"https:\/\/ismfrance.org\/wp-content\/uploads\/2020\/12\/00.png","contentUrl":"https:\/\/ismfrance.org\/wp-content\/uploads\/2020\/12\/00.png","width":400,"height":400,"caption":"International Solidarity Movement"},"image":{"@id":"https:\/\/ismfrance.org\/#\/schema\/logo\/image\/"},"sameAs":["https:\/\/x.com\/ISMFRANCE"]},{"@type":"Person","@id":"https:\/\/ismfrance.org\/#\/schema\/person\/3c411eb72adfaae19c0dca1f41fae01d","name":"mru_01","image":{"@type":"ImageObject","inLanguage":"fr-FR","@id":"https:\/\/secure.gravatar.com\/avatar\/3a0be343b445d2ccc79e87444a294fad2b232e90d2051d0e3cc219e1ecd6a330?s=96&d=mm&r=g","url":"https:\/\/secure.gravatar.com\/avatar\/3a0be343b445d2ccc79e87444a294fad2b232e90d2051d0e3cc219e1ecd6a330?s=96&d=mm&r=g","contentUrl":"https:\/\/secure.gravatar.com\/avatar\/3a0be343b445d2ccc79e87444a294fad2b232e90d2051d0e3cc219e1ecd6a330?s=96&d=mm&r=g","caption":"mru_01"},"url":"https:\/\/ismfrance.org\/index.php\/author\/admin02\/"}]}},"_links":{"self":[{"href":"https:\/\/ismfrance.org\/index.php\/wp-json\/wp\/v2\/posts\/1487","targetHints":{"allow":["GET"]}}],"collection":[{"href":"https:\/\/ismfrance.org\/index.php\/wp-json\/wp\/v2\/posts"}],"about":[{"href":"https:\/\/ismfrance.org\/index.php\/wp-json\/wp\/v2\/types\/post"}],"author":[{"embeddable":true,"href":"https:\/\/ismfrance.org\/index.php\/wp-json\/wp\/v2\/users\/3"}],"replies":[{"embeddable":true,"href":"https:\/\/ismfrance.org\/index.php\/wp-json\/wp\/v2\/comments?post=1487"}],"version-history":[{"count":0,"href":"https:\/\/ismfrance.org\/index.php\/wp-json\/wp\/v2\/posts\/1487\/revisions"}],"wp:featuredmedia":[{"embeddable":true,"href":"https:\/\/ismfrance.org\/index.php\/wp-json\/wp\/v2\/media\/1488"}],"wp:attachment":[{"href":"https:\/\/ismfrance.org\/index.php\/wp-json\/wp\/v2\/media?parent=1487"}],"wp:term":[{"taxonomy":"category","embeddable":true,"href":"https:\/\/ismfrance.org\/index.php\/wp-json\/wp\/v2\/categories?post=1487"},{"taxonomy":"post_tag","embeddable":true,"href":"https:\/\/ismfrance.org\/index.php\/wp-json\/wp\/v2\/tags?post=1487"}],"curies":[{"name":"wp","href":"https:\/\/api.w.org\/{rel}","templated":true}]}}