{"id":14845,"date":"2024-10-13T07:22:02","date_gmt":"2024-10-13T05:22:02","guid":{"rendered":"https:\/\/ismfrance.org\/?p=14845"},"modified":"2024-10-13T07:24:14","modified_gmt":"2024-10-13T05:24:14","slug":"ils-savent-maintenant-ce-que-signifie-un-veritable-bombardement","status":"publish","type":"post","link":"https:\/\/ismfrance.org\/index.php\/2024\/10\/13\/ils-savent-maintenant-ce-que-signifie-un-veritable-bombardement\/","title":{"rendered":"\u00ab\u00a0Ils savent maintenant ce que signifie un v\u00e9ritable bombardement\u00a0\u00bb"},"content":{"rendered":"<p align=\"LEFT\"><span style=\"color: #000000;\"><span style=\"font-family: Tahoma, sans-serif;\"><span style=\"font-size: medium;\"><strong>Vijay Prashad, 10 octobre 2024<\/strong>. <\/span><\/span><\/span><span style=\"color: #000000;\"><span style=\"font-family: Tahoma, sans-serif;\"><span style=\"font-size: medium;\">Chers amis, salutations du bureau de l&rsquo;<a href=\"https:\/\/thetricontinental.org\/fr\">Institut Tricontinental de recherche sociale<\/a>.<\/span><\/span><\/span><\/p>\n<p align=\"LEFT\"><span style=\"color: #000000;\"><span style=\"font-family: Tahoma, sans-serif;\"><span style=\"font-size: medium;\">Le 1er octobre, le repr\u00e9sentant \u00e9tasunien Michael McCaul, pr\u00e9sident de la commission des affaires \u00e9trang\u00e8res de la Chambre des repr\u00e9sentants, diffusait un <a href=\"https:\/\/foreignaffairs.house.gov\/press-release\/mccaul-condemns-irans-attack-against-israel\/\">communiqu\u00e9<\/a> exhortant le pr\u00e9sident Joe Biden \u00e0 \u00ab\u00a0exercer une pression maximale sur l&rsquo;Iran et ses mandataires, plut\u00f4t que de faire pression sur Isra\u00ebl pour obtenir un cessez-le-feu. Pour garantir qu&rsquo;Isra\u00ebl dispose de tous les outils n\u00e9cessaires \u00e0 contrer ces menaces, nous devons acc\u00e9l\u00e9rer les transferts d&rsquo;armes y compris les bombes de 2 000 livres (ndt\u00a0: 907\u00a0kg), transferts qui ont \u00e9t\u00e9 retard\u00e9s depuis des mois par cette administration\u00a0\u00bb. Cet appel belliqueux de M. McCaul intervenait le 27 septembre, quelques jours apr\u00e8s qu&rsquo;Isra\u00ebl ait fait usage de plus de quatre-vingts bombes de 2\u00a0000 livres fabriqu\u00e9es aux \u00c9tats-Unis et d&rsquo;autres munitions pour frapper un quartier r\u00e9sidentiel de Beyrouth et tuer, avec des centaines de civils, <a href=\"https:\/\/peoplesdispatch.org\/2024\/09\/30\/sayyed-hassan-nasrallah-the-man-who-defeated-israel\/\">Sayyed Hassan Nasrallah<\/a> (1960-2024), le chef du Hezbollah. Au cours de ce seul bombardement, Isra\u00ebl a largu\u00e9 plus de bombes <\/span><\/span><\/span><span style=\"color: #000000;\"><span style=\"font-family: Tahoma, sans-serif;\"><span style=\"font-size: medium;\"><i>bunker buster<\/i><\/span><\/span><\/span><span style=\"color: #000000;\"><span style=\"font-family: Tahoma, sans-serif;\"><span style=\"font-size: medium;\"> que l&rsquo;arm\u00e9e am\u00e9ricaine n&rsquo;en a utilis\u00e9 lors de l&rsquo;invasion de l&rsquo;Irak en 2003.<\/span><\/span><\/span><\/p>\n<div id=\"attachment_14847\" style=\"width: 610px\" class=\"wp-caption alignnone\"><a href=\"https:\/\/ismfrance.org\/wp-content\/uploads\/2024\/10\/Ayman-Baalbaki-Lebanon-Untitled-2020.jpg\"><img loading=\"lazy\" decoding=\"async\" aria-describedby=\"caption-attachment-14847\" class=\"wp-image-14847 size-large\" src=\"https:\/\/ismfrance.org\/wp-content\/uploads\/2024\/10\/Ayman-Baalbaki-Lebanon-Untitled-2020-700x467.jpg\" alt=\"\" width=\"600\" height=\"400\" srcset=\"https:\/\/ismfrance.org\/wp-content\/uploads\/2024\/10\/Ayman-Baalbaki-Lebanon-Untitled-2020-700x467.jpg 700w, https:\/\/ismfrance.org\/wp-content\/uploads\/2024\/10\/Ayman-Baalbaki-Lebanon-Untitled-2020-300x200.jpg 300w, https:\/\/ismfrance.org\/wp-content\/uploads\/2024\/10\/Ayman-Baalbaki-Lebanon-Untitled-2020-768x513.jpg 768w, https:\/\/ismfrance.org\/wp-content\/uploads\/2024\/10\/Ayman-Baalbaki-Lebanon-Untitled-2020.jpg 1314w\" sizes=\"auto, (max-width: 600px) 100vw, 600px\" \/><\/a><p id=\"caption-attachment-14847\" class=\"wp-caption-text\">Ayman Baalbaki (Liban), <em>Sans titre<\/em>, 2020.<\/p><\/div>\n<p align=\"LEFT\"><span style=\"color: #000000;\"><span style=\"font-family: Tahoma, sans-serif;\"><span style=\"font-size: medium;\">L&rsquo;ancien aviateur, commandant Graham Scarbro de la marine US, a examin\u00e9 les preuves des frappes isra\u00e9liennes pour le compte de l&rsquo;Institut naval \u00e9tasunien. Dans un <a href=\"https:\/\/www.usni.org\/magazines\/proceedings\/2024\/october\/closer-look-israels-use-80-bunker-buster-jdams-beirut\">article<\/a> tr\u00e8s r\u00e9v\u00e9lateur, Scarbro note qu&rsquo;Isra\u00ebl \u00ab\u00a0semble avoir adopt\u00e9 une approche des dommages collat\u00e9raux sensiblement diff\u00e9rente de celle des forces \u00e9tasuniennes au cours des derni\u00e8res d\u00e9cennies\u00a0\u00bb. Alors que les \u00c9tats-Unis n&rsquo;ont jamais manifest\u00e9 d&rsquo;int\u00e9r\u00eat particulier pour les victimes civiles ou \u00ab\u00a0dommages collat\u00e9raux\u00a0\u00bb, il convient de noter que m\u00eame de hauts responsables militaires \u00e9tasuniens ont fronc\u00e9 les sourcils face au niveau de m\u00e9pris d&rsquo;Isra\u00ebl pour la vie humaine. L&rsquo;arm\u00e9e isra\u00e9lienne, \u00e9crit Scarbro, \u00ab\u00a0semble avoir un seuil plus \u00e9lev\u00e9 pour les dommages collat\u00e9raux&#8230; ce qui signifie qu&rsquo;elle frappe m\u00eame si les risques de pertes civiles sont plus \u00e9lev\u00e9s\u00a0\u00bb.<\/span><\/span><\/span><\/p>\n<div id=\"attachment_14848\" style=\"width: 610px\" class=\"wp-caption alignnone\"><a href=\"https:\/\/ismfrance.org\/wp-content\/uploads\/2024\/10\/Bassim-al-Shaker-Iraq-Symphony-of-Death-1-2019.jpg\"><img loading=\"lazy\" decoding=\"async\" aria-describedby=\"caption-attachment-14848\" class=\"wp-image-14848 size-large\" src=\"https:\/\/ismfrance.org\/wp-content\/uploads\/2024\/10\/Bassim-al-Shaker-Iraq-Symphony-of-Death-1-2019-700x524.jpg\" alt=\"\" width=\"600\" height=\"449\" srcset=\"https:\/\/ismfrance.org\/wp-content\/uploads\/2024\/10\/Bassim-al-Shaker-Iraq-Symphony-of-Death-1-2019-700x524.jpg 700w, https:\/\/ismfrance.org\/wp-content\/uploads\/2024\/10\/Bassim-al-Shaker-Iraq-Symphony-of-Death-1-2019-300x225.jpg 300w, https:\/\/ismfrance.org\/wp-content\/uploads\/2024\/10\/Bassim-al-Shaker-Iraq-Symphony-of-Death-1-2019-768x575.jpg 768w, https:\/\/ismfrance.org\/wp-content\/uploads\/2024\/10\/Bassim-al-Shaker-Iraq-Symphony-of-Death-1-2019-350x263.jpg 350w, https:\/\/ismfrance.org\/wp-content\/uploads\/2024\/10\/Bassim-al-Shaker-Iraq-Symphony-of-Death-1-2019.jpg 1284w\" sizes=\"auto, (max-width: 600px) 100vw, 600px\" \/><\/a><p id=\"caption-attachment-14848\" class=\"wp-caption-text\">Bassim al-Shaker (Irak),<em> Symphonie de mort 1<\/em>, 2019.<\/p><\/div>\n<p align=\"LEFT\"><span style=\"color: #000000;\"><span style=\"font-family: Tahoma, sans-serif;\"><span style=\"font-size: medium;\">Bien que Washington sache que les Isra\u00e9liens bombardent Gaza, et maintenant le Liban, sans aucune retenue \u2013 alors m\u00eame que la Cour internationale de justice a <a href=\"https:\/\/www.icj-cij.org\/fr\/node\/203454\">d\u00e9clar\u00e9<\/a> qu&rsquo;il \u00e9tait \u00ab\u00a0plausible\u00a0\u00bb qu&rsquo;Isra\u00ebl commette un g\u00e9nocide contre les Palestiniens de Gaza\u00a0\u2013 les \u00c9tats-Unis ont continu\u00e9 \u00e0 \u00e9quiper les Isra\u00e9liens d&rsquo;armes mortelles. Le 10 octobre 2023, Joe Biden a <a href=\"https:\/\/www.defense.gov\/News\/News-Stories\/Article\/Article\/3553040\/us-flowing-military-supplies-to-israel-as-country-battles-hamas-terrorists\/\">annonc\u00e9<\/a>\u00a0: \u00ab\u00a0Nous augmentons l&rsquo;aide militaire\u00a0\u00bb, celle-ci a <a href=\"https:\/\/apnews.com\/article\/israel-hamas-war-us-military-spending-8e6e5033f7a1334bf6e35f86e7040e14\">atteint<\/a> un niveau record d&rsquo;au moins 17,9 milliards de dollars au cours de cette ann\u00e9e de g\u00e9nocide. En mars 2024, le <\/span><\/span><\/span><span style=\"color: #000000;\"><span style=\"font-family: Tahoma, sans-serif;\"><span style=\"font-size: medium;\"><i>Washington Post<\/i><\/span><\/span><\/span><span style=\"color: #000000;\"><span style=\"font-family: Tahoma, sans-serif;\"><span style=\"font-size: medium;\"> a <a href=\"https:\/\/www.washingtonpost.com\/national-security\/2024\/03\/06\/us-weapons-israel-gaza\/\">rapport\u00e9<\/a> que les \u00c9tats-Unis avaient \u00ab\u00a0discr\u00e8tement approuv\u00e9 et livr\u00e9 plus de 100 ventes militaires distinctes \u00e0 Isra\u00ebl comportant des \u00ab\u00a0milliers de munitions guid\u00e9es avec pr\u00e9cision, de bombes de petit diam\u00e8tre, de bombes <\/span><\/span><\/span><span style=\"color: #000000;\"><span style=\"font-family: Tahoma, sans-serif;\"><span style=\"font-size: medium;\"><i>bunker buster<\/i><\/span><\/span><\/span><span style=\"color: #000000;\"><span style=\"font-family: Tahoma, sans-serif;\"><span style=\"font-size: medium;\">, d&rsquo;armes l\u00e9g\u00e8res et autres aides l\u00e9tales\u00a0\u00bb. Ces \u00ab\u00a0petites\u00a0\u00bb ventes n&rsquo;atteignaient pas le seuil minimum pr\u00e9vu par la l\u00e9gislation am\u00e9ricaine imposant au Pr\u00e9sident de solliciter l&rsquo;approbation du Congr\u00e8s (qui, de toute fa\u00e7on, n&rsquo;aurait pas \u00e9t\u00e9 refus\u00e9e). Ces ventes ont repr\u00e9sent\u00e9 le <a href=\"https:\/\/www.reuters.com\/world\/us-has-sent-israel-thousands-2000-pound-bombs-since-oct-7-2024-06-28\/\">transfert<\/a> d&rsquo;au moins 14\u00a0000 bombes MK-84 de 2 000 livres et de 6.500 bombes de 500 livres qui ont \u00e9t\u00e9 utilis\u00e9es par Isra\u00ebl \u00e0 Gaza et au Liban.<\/span><\/span><\/span><\/p>\n<p align=\"LEFT\"><span style=\"color: #000000;\"><span style=\"font-family: Tahoma, sans-serif;\"><span style=\"font-size: medium;\">\u00c0 Gaza, les Isra\u00e9liens ont r\u00e9guli\u00e8rement <a href=\"https:\/\/www.nytimes.com\/video\/world\/100000009208814\/israel-gaza-bomb-civilians.html\">largu\u00e9<\/a> des bombes de 2 000 livres pour frapper des zones habit\u00e9es par des civils qui avaient \u00e9t\u00e9 enjoints de s&rsquo;y r\u00e9fugier par les autorit\u00e9s isra\u00e9liennes elles-m\u00eames. <a href=\"https:\/\/www.nytimes.com\/2024\/05\/11\/us\/israel-gaza-bombs.html\">Selon<\/a> le <\/span><\/span><\/span><span style=\"color: #000000;\"><span style=\"font-family: Tahoma, sans-serif;\"><span style=\"font-size: medium;\"><i>New York Times<\/i><\/span><\/span><\/span><span style=\"color: #000000;\"><span style=\"font-family: Tahoma, sans-serif;\"><span style=\"font-size: medium;\">, \u00ab\u00a0au cours des deux premi\u00e8res semaines de la guerre, environ 90\u00a0% des munitions largu\u00e9es par Isra\u00ebl sur Gaza \u00e9taient des bombes de 1\u00a0000 ou 2\u00a0000 livres guid\u00e9es par satellite\u00a0\u00bb. En mars 2024, le s\u00e9nateur am\u00e9ricain Bernie Sanders a <a href=\"https:\/\/x.com\/SenSanders\/status\/1773794507928035580\">tweet\u00e9\u00a0<\/a>: \u00ab\u00a0Les \u00c9tats-Unis ne peuvent pas supplier Netanyahou d&rsquo;arr\u00eater de bombarder les civils un jour et, le lendemain, lui envoyer des milliers de bombes suppl\u00e9mentaires de 2.000 livres pouvant raser des p\u00e2t\u00e9s de maisons entiers. C&rsquo;est obsc\u00e8ne\u00a0\u00bb. Un <a href=\"https:\/\/aoav.org.uk\/wp-content\/uploads\/2016\/03\/Wide-Area-Impact-explosive-weapons-in-populated-areas.pdf\">rapport<\/a> publi\u00e9 en 2016 par <\/span><\/span><\/span><span style=\"color: #000000;\"><span style=\"font-family: Tahoma, sans-serif;\"><span style=\"font-size: medium;\"><i>Action on Armed Violence <\/i><\/span><\/span><\/span><span style=\"color: #000000;\"><span style=\"font-family: Tahoma, sans-serif;\"><span style=\"font-size: medium;\">pr\u00e9sente l&rsquo;\u00e9valuation suivante de ces armes de destruction massive\u00a0: <\/span><\/span><\/span><\/p>\n<p style=\"padding-left: 40px;\" align=\"LEFT\"><span style=\"color: #000000;\"><span style=\"font-family: Tahoma, sans-serif;\"><span style=\"font-size: medium;\">\u00ab\u00a0Il s&rsquo;agit de bombes extr\u00eamement puissantes, dot\u00e9es d&rsquo;une grande capacit\u00e9 de destruction quand elles sont utilis\u00e9es dans des zones peupl\u00e9es. Elles peuvent faire exploser des b\u00e2timents et tuer ou blesser des personnes \u00e0 des centaines de m\u00e8tres du point de d\u00e9tonation. Le sch\u00e9ma de fragmentation et la port\u00e9e d&rsquo;une bombe MK 84 de 2.000 livres sont difficiles \u00e0 pr\u00e9voir, mais on dit g\u00e9n\u00e9ralement que cette arme a un \u00ab\u00a0rayon l\u00e9tal\u00a0\u00bb (distance \u00e0 laquelle elle est susceptible de tuer les personnes se trouvant \u00e0 proximit\u00e9) pouvant aller jusqu&rsquo;\u00e0 360 m\u00e8tres. Les ondes du souffle d&rsquo;une telle arme peuvent entra\u00eener des effet traumatiques importants\u00a0; on peut s&rsquo;attendre \u00e0 ce qu&rsquo;une bombe de 2.000 livres cause des blessures et des dommages graves jusqu&rsquo;\u00e0 800 m\u00e8tres du point d&rsquo;impact.\u00a0\u00bb<\/span><\/span><\/span><\/p>\n<div id=\"attachment_14849\" style=\"width: 610px\" class=\"wp-caption alignnone\"><a href=\"https:\/\/ismfrance.org\/wp-content\/uploads\/2024\/10\/Ismail-Shammout-Palestine-Guardian-of-the-Fire-1988.jpg\"><img loading=\"lazy\" decoding=\"async\" aria-describedby=\"caption-attachment-14849\" class=\"wp-image-14849 size-large\" src=\"https:\/\/ismfrance.org\/wp-content\/uploads\/2024\/10\/Ismail-Shammout-Palestine-Guardian-of-the-Fire-1988-700x525.jpg\" alt=\"\" width=\"600\" height=\"450\" srcset=\"https:\/\/ismfrance.org\/wp-content\/uploads\/2024\/10\/Ismail-Shammout-Palestine-Guardian-of-the-Fire-1988-700x525.jpg 700w, https:\/\/ismfrance.org\/wp-content\/uploads\/2024\/10\/Ismail-Shammout-Palestine-Guardian-of-the-Fire-1988-300x225.jpg 300w, https:\/\/ismfrance.org\/wp-content\/uploads\/2024\/10\/Ismail-Shammout-Palestine-Guardian-of-the-Fire-1988-768x576.jpg 768w, https:\/\/ismfrance.org\/wp-content\/uploads\/2024\/10\/Ismail-Shammout-Palestine-Guardian-of-the-Fire-1988-350x263.jpg 350w, https:\/\/ismfrance.org\/wp-content\/uploads\/2024\/10\/Ismail-Shammout-Palestine-Guardian-of-the-Fire-1988.jpg 800w\" sizes=\"auto, (max-width: 600px) 100vw, 600px\" \/><\/a><p id=\"caption-attachment-14849\" class=\"wp-caption-text\">Ismail Shammout (Palestine), <em>Gardien du feu<\/em>, 1988.<\/p><\/div>\n<p align=\"LEFT\"><span style=\"font-family: Ovo;\"><span style=\"color: #000000;\"><span style=\"font-family: Tahoma, sans-serif;\"><span style=\"font-size: medium;\">\u00c0 Beyrouth, je me suis plusieurs fois promen\u00e9 dans le quartier de Haret Hreik \u00e0 Dahiyeh. Ce quartier a \u00e9t\u00e9 frapp\u00e9 par les bombes isra\u00e9liennes lors de l&rsquo;attaque contre les dirigeants du Hezbollah. Il s&rsquo;agit d&rsquo;une zone tr\u00e8s dense, o\u00f9 quelques m\u00e8tres \u00e0 peine s\u00e9parent les hautes tours d&rsquo;habitation. Frapper un tel ensemble d&rsquo;immeubles avec plus de quatre-vingts de ces puissantes bombes ne saurait \u00eatre qualifi\u00e9 de \u00ab\u00a0pr\u00e9cis\u00a0\u00bb. Le bombardement de Beyrouth par Isra\u00ebl fait \u00e9cho \u00e0 ses attaques brutales contre Gaza et symbolise le m\u00e9pris de la vie humaine qui caract\u00e9rise les guerres isra\u00e9liennes et \u00e9tasuniennes. Le 23 septembre, Isra\u00ebl a <a href=\"https:\/\/www.washingtonpost.com\/world\/2024\/10\/02\/israeli-strikes-lebanon-deadliest\/\">bombard\u00e9<\/a> le Liban au rythme de plus d&rsquo;une frappe a\u00e9rienne par minute. En quelques jours, les \u00ab\u00a0frappes a\u00e9riennes intenses\u00a0\u00bb d&rsquo;Isra\u00ebl ont d\u00e9plac\u00e9 plus d&rsquo;un million de personnes, soit un cinqui\u00e8me de la population totale du Liban.<\/span><\/span><\/span><\/span><\/p>\n<p align=\"LEFT\"><span style=\"color: #000000;\"><span style=\"font-family: Tahoma, sans-serif;\"><span style=\"font-size: medium;\">La premi\u00e8re bombe tomb\u00e9e d&rsquo;un avion fut une grenade \u00e0 main Haasen (Danemark) largu\u00e9e par le lieutenant Giulio Cavotti de l&rsquo;arm\u00e9e de l&rsquo;air italienne le 1er novembre 1911 sur la ville de Tagiura, pr\u00e8s de Tripoli, en Libye. Cent ans plus tard, en une sorte de comm\u00e9moration grotesque, des avions fran\u00e7ais et \u00e9tasuniens ont \u00e0 nouveau bombard\u00e9 la Libye dans le cadre de leur guerre visant \u00e0 renverser le gouvernement de Mouammar Kadhafi. D\u00e8s le d\u00e9but, la f\u00e9rocit\u00e9 des bombardements a\u00e9riens a \u00e9t\u00e9 per\u00e7ue, comme l&rsquo;a montr\u00e9 Sven Lindqvist dans son livre <i>A History of Bombing <\/i>(ndt\u00a0: paru en fran\u00e7ais sous le titre <i>Une histoire du bombardement <\/i>en<i> <\/i>2012). En mars 1924, le chef d&rsquo;escadron britannique Arthur \u00ab\u00a0Bomber\u00a0\u00bb Harris a r\u00e9dig\u00e9 un rapport (plus tard expurg\u00e9) sur ses actions en Irak et sur la signification \u00ab\u00a0r\u00e9elle\u00a0\u00bb des bombardements a\u00e9riens\u00a0:<\/span><\/span><\/span><\/p>\n<p style=\"padding-left: 40px;\" align=\"LEFT\"><span style=\"color: #000000;\"><span style=\"font-family: Tahoma, sans-serif;\"><span style=\"font-size: medium;\">\u00ab\u00a0Alors que les Arabes et les Kurdes commen\u00e7aient juste \u00e0 penser que s&rsquo;ils pouvaient supporter un peu de bruit, ils pouvaient supporter les bombardements&#8230; ils savent maintenant ce que signifie un v\u00e9ritable bombardement, en termes de pertes et de dommages\u00a0; ils savent maintenant qu&rsquo;en 45 minutes, un village de taille normale peut \u00eatre pratiquement an\u00e9anti et un tiers de ses habitants tu\u00e9s ou bless\u00e9s par quatre ou cinq machines qui ne leur offrent aucune cible r\u00e9elle, aucune occasion de se glorifier en tant que guerriers, aucun moyen efficace de s&rsquo;\u00e9chapper.\u00a0\u00bb<\/span><\/span><\/span><\/p>\n<p align=\"LEFT\"><span style=\"color: #000000;\"><span style=\"font-family: Tahoma, sans-serif;\"><span style=\"font-size: medium;\">Cent ans plus tard, ces mots de Harris le \u00ab\u00a0bombardier\u00a0\u00bb d\u00e9crivent bien le degr\u00e9 de cruaut\u00e9 inflig\u00e9 \u00e0 la fois \u00e0 la Palestine et au Liban.<\/span><\/span><\/span><\/p>\n<div id=\"attachment_14850\" style=\"width: 610px\" class=\"wp-caption alignnone\"><a href=\"https:\/\/ismfrance.org\/wp-content\/uploads\/2024\/10\/Andre-Masson-France-There-is-No-Finished-World-1942.jpg\"><img loading=\"lazy\" decoding=\"async\" aria-describedby=\"caption-attachment-14850\" class=\"wp-image-14850 size-large\" src=\"https:\/\/ismfrance.org\/wp-content\/uploads\/2024\/10\/Andre-Masson-France-There-is-No-Finished-World-1942-700x544.jpg\" alt=\"\" width=\"600\" height=\"466\" srcset=\"https:\/\/ismfrance.org\/wp-content\/uploads\/2024\/10\/Andre-Masson-France-There-is-No-Finished-World-1942-700x544.jpg 700w, https:\/\/ismfrance.org\/wp-content\/uploads\/2024\/10\/Andre-Masson-France-There-is-No-Finished-World-1942-300x233.jpg 300w, https:\/\/ismfrance.org\/wp-content\/uploads\/2024\/10\/Andre-Masson-France-There-is-No-Finished-World-1942-768x597.jpg 768w, https:\/\/ismfrance.org\/wp-content\/uploads\/2024\/10\/Andre-Masson-France-There-is-No-Finished-World-1942.jpg 1029w\" sizes=\"auto, (max-width: 600px) 100vw, 600px\" \/><\/a><p id=\"caption-attachment-14850\" class=\"wp-caption-text\">Andr\u00e9 Masson (France), <em>Il n&rsquo;y a pas de monde achev\u00e9,<\/em> 1942.<\/p><\/div>\n<p align=\"LEFT\"><span style=\"font-family: Ovo;\"><span style=\"color: #000000;\"><span style=\"font-family: Tahoma, sans-serif;\"><span style=\"font-size: medium;\">Vous pourriez demander : qu&rsquo;en est-il des roquettes tir\u00e9es sur Isra\u00ebl par le Hezbollah et l&rsquo;Iran ? Ne font-elles pas partie de la brutalit\u00e9 de la guerre\u00a0? Certes, elles font partie de la laideur de la guerre, mais il n&rsquo;est pas facile d&rsquo;\u00e9tablir un parall\u00e8le. Les missiles balistiques iraniens ont suivi l&rsquo;attaque isra\u00e9lienne contre une installation diplomatique iranienne en Syrie (avril 2024), l&rsquo;assassinat du chef du Hamas Ismail Haniyeh \u00e0 T\u00e9h\u00e9ran apr\u00e8s l&rsquo;investiture du pr\u00e9sident iranien Masoud Pezeshkian (juillet 2024), l&rsquo;assassinat de Nasrallah \u00e0 Beyrouth (septembre 2024) et l&rsquo;assassinat de plusieurs responsables militaires iraniens. Fait significatif, alors qu&rsquo;Isra\u00ebl a lanc\u00e9 d&rsquo;innombrables frappes visant des civils, du personnel m\u00e9dical, des journalistes et des travailleurs humanitaires, les missiles iraniens ont exclusivement vis\u00e9 des installations militaires et de renseignement isra\u00e9liennes, et non des zones civiles. Le Hezbollah, quant \u00e0 lui, a pris pour cible la base a\u00e9rienne isra\u00e9lienne de Ramat David, \u00e0 l&rsquo;est de Ha\u00effa, en septembre 2024. Ni l&rsquo;Iran ni le Hezbollah n&rsquo;ont tir\u00e9 leurs munitions sur des quartiers peupl\u00e9s de villes isra\u00e9liennes. Depuis le 8 octobre 2023, le nombre de frappes a\u00e9riennes isra\u00e9liennes contre le Liban ont <a href=\"https:\/\/www.bloomberg.com\/graphics\/2024-lebanon-death-toll-israel-hezbollah-attacks\/\">largement d\u00e9pass\u00e9<\/a> celui du Hezbollah contre Isra\u00ebl. Avant la vague actuelle d&rsquo;hostilit\u00e9s, le 10 septembre, Isra\u00ebl avait <a href=\"https:\/\/www.amnesty.org\/fr\/latest\/news\/2024\/09\/lebanon-israel-fears-for-safety-of-civilians-grow-as-devastating-death-toll-in-lebanon-continues-to-rise\/\">tu\u00e9 137<\/a> civils libanais et d\u00e9plac\u00e9 des centaines de milliers de Libanais de leur domicile ; dans le m\u00eame temps, les roquettes du Hezbollah avaient tu\u00e9 14 civils isra\u00e9liens, et leurs roquettes avaient entra\u00een\u00e9 l&rsquo;\u00e9vacuation de 63.000 civils isra\u00e9liens. Il n&rsquo;y a pas seulement une diff\u00e9rence quantitative dans le nombre de frappes et de morts, mais aussi une diff\u00e9rence qualitative dans l&rsquo;utilisation de la violence. La violence qui vise principalement des cibles militaires est autoris\u00e9e dans certaines conditions par le droit international ; la violence aveugle, telle que l&rsquo;utilisation de bombes massives contre des civils, viole les lois de la guerre.<\/span><\/span><\/span><\/span><\/p>\n<div id=\"attachment_14851\" style=\"width: 274px\" class=\"wp-caption alignleft\"><a href=\"https:\/\/ismfrance.org\/wp-content\/uploads\/2024\/10\/Etel-Adnan-Lebanon-Untitled-2017.jpg\"><img loading=\"lazy\" decoding=\"async\" aria-describedby=\"caption-attachment-14851\" class=\"wp-image-14851 \" src=\"https:\/\/ismfrance.org\/wp-content\/uploads\/2024\/10\/Etel-Adnan-Lebanon-Untitled-2017-489x700.jpg\" alt=\"\" width=\"264\" height=\"378\" srcset=\"https:\/\/ismfrance.org\/wp-content\/uploads\/2024\/10\/Etel-Adnan-Lebanon-Untitled-2017-489x700.jpg 489w, https:\/\/ismfrance.org\/wp-content\/uploads\/2024\/10\/Etel-Adnan-Lebanon-Untitled-2017-209x300.jpg 209w, https:\/\/ismfrance.org\/wp-content\/uploads\/2024\/10\/Etel-Adnan-Lebanon-Untitled-2017-768x1100.jpg 768w, https:\/\/ismfrance.org\/wp-content\/uploads\/2024\/10\/Etel-Adnan-Lebanon-Untitled-2017.jpg 960w\" sizes=\"auto, (max-width: 264px) 100vw, 264px\" \/><\/a><p id=\"caption-attachment-14851\" class=\"wp-caption-text\">Etel Adnan (Liban), <em>Sans titre<\/em>, 2017.<\/p><\/div>\n<p align=\"LEFT\"><span style=\"color: #000000;\"><span style=\"font-family: Tahoma, sans-serif;\"><span style=\"font-size: medium;\">Etel Adnan (1925-2021), po\u00e8te et artiste libanaise, a grandi \u00e0 Beyrouth apr\u00e8s que ses parents aient fui la chute de l&rsquo;Empire ottoman, devenu l&rsquo;actuelle Turquie. Elle a puis\u00e9 profond\u00e9ment les ingr\u00e9dients de sa po\u00e9sie dans le sol du conflit et de la douleur, Sa voix r\u00e9sonnait depuis le balcon de son appartement d&rsquo;Achrafieh, la \u00ab\u00a0petite montagne\u00a0\u00bb, d&rsquo;o\u00f9 elle pouvait voir les bateaux entrer et sortir du port. A la mort d&rsquo;Etel Adnan, le romancier Elias Khoury (1948-2024), lui-m\u00eame d\u00e9c\u00e9d\u00e9 juste avant que Beyrouth ne soit \u00e0 nouveau bombard\u00e9e, \u00e9crivit qu&rsquo;il pleurait une femme qui ne pouvait mourir, mais qu&rsquo;il craignait pour sa ville qui souffrait, solitaire. Voici quelques extraits du po\u00e8me d&rsquo;Etel, \u00ab\u00a0Beyrouth, 1982\u00a0\u00bb, pour nous rappeler que nous sommes en col\u00e8re comme une temp\u00eate.<\/span><\/span><\/span><\/p>\n<p style=\"text-align: center;\" align=\"LEFT\">***<\/p>\n<p style=\"text-align: center;\" align=\"LEFT\"><strong>Je n&rsquo;aurais jamais cru<\/strong><br \/>\n<strong>que la vengeance<\/strong><br \/>\n<strong>serait un arbre<\/strong><br \/>\n<strong>poussant dans mon jardin<\/strong><br \/>\n<strong>*<\/strong><br \/>\n<strong>Les arbres poussent dans toutes les directions<\/strong><br \/>\n<strong>Les Palestiniens aussi :<\/strong><br \/>\n<strong>d\u00e9racin\u00e9s<\/strong><br \/>\n<strong>et contrairement aux papillons<\/strong><br \/>\n<strong>sans ailes,<\/strong><br \/>\n<strong>attach\u00e9s \u00e0 la terre,<\/strong><br \/>\n<strong>lourds d&rsquo;amour<\/strong><br \/>\n<strong>pour leurs fronti\u00e8res et leur<\/strong><br \/>\n<strong>mis\u00e8re,<\/strong><br \/>\n<strong>aucun peuple ne peut vivre \u00e9ternellement <\/strong><br \/>\n<strong>derri\u00e8re des grilles<\/strong><br \/>\n<strong>ou sous la pluie.<\/strong><br \/>\n<strong>&#8230;<\/strong><br \/>\n<strong>Nous ne pleurerons jamais avec des larmes<\/strong><br \/>\n<strong>mais avec du sang.<\/strong><br \/>\n<strong>&#8230;<\/strong><br \/>\n<strong>Ce n&rsquo;est pas sur des cimeti\u00e8res<\/strong><br \/>\n<strong>que nous planterons du grain<\/strong><br \/>\n<strong>ni dans la paume de ma main<\/strong><br \/>\n<strong>Nous sommes en col\u00e8re comme une temp\u00eate.<\/strong><br \/>\n&#8230;<\/p>\n<p align=\"LEFT\"><span style=\"color: #000000;\"><span style=\"font-family: Tahoma, sans-serif;\"><span style=\"font-size: medium;\">Chaleureusement, <\/span><\/span><\/span><\/p>\n<p align=\"LEFT\"><span style=\"color: #000000;\"><span style=\"font-family: Tahoma, sans-serif;\"><span style=\"font-size: medium;\">Vijay<\/span><\/span><\/span><\/p>\n<hr \/>\n<p align=\"LEFT\"><span style=\"font-family: Liberation Sans, sans-serif;\"><span style=\"color: #000000;\"><span style=\"font-family: Tahoma, sans-serif;\"><span style=\"font-size: medium;\"><a href=\"https:\/\/thetricontinental.org\/newsletterissue\/what-real-bombing-means\/\">Quarante-et-uni\u00e8me lettre d&rsquo;information<\/a> (2024) de l&rsquo;<a href=\"https:\/\/thetricontinental.org\/fr\">Institut Tricontinental de recherche sociale<\/a> <\/span><\/span><\/span><\/span><span style=\"color: #000000;\"><span style=\"font-family: Tahoma, sans-serif;\"><span style=\"font-size: medium;\">\/ Traduction Chris &amp; Dine<\/span><\/span><\/span><\/p>\n","protected":false},"excerpt":{"rendered":"<p>Vijay Prashad, 10 octobre 2024. Chers amis, salutations du bureau de l&rsquo;Institut Tricontinental de recherche sociale. Le 1er octobre, le repr\u00e9sentant \u00e9tasunien Michael McCaul, pr\u00e9sident de la commission des affaires <a class=\"more-link\" href=\"https:\/\/ismfrance.org\/index.php\/2024\/10\/13\/ils-savent-maintenant-ce-que-signifie-un-veritable-bombardement\/\">Lire la suite &rarr;<\/a><\/p>\n","protected":false},"author":3,"featured_media":14849,"comment_status":"closed","ping_status":"closed","sticky":false,"template":"","format":"standard","meta":{"footnotes":""},"categories":[12,2],"tags":[156,76,97],"class_list":["post-14845","post","type-post","status-publish","format-standard","has-post-thumbnail","hentry","category-analyses","category-articles","tag-genocide","tag-liban","tag-terrorisme-israelien"],"yoast_head":"<!-- This site is optimized with the Yoast SEO plugin v27.2 - https:\/\/yoast.com\/product\/yoast-seo-wordpress\/ -->\n<title>&quot;Ils savent maintenant ce que signifie un v\u00e9ritable bombardement&quot; - International Solidarity Movement - ISM-France<\/title>\n<meta name=\"robots\" content=\"index, follow, max-snippet:-1, max-image-preview:large, max-video-preview:-1\" \/>\n<link rel=\"canonical\" href=\"https:\/\/ismfrance.org\/index.php\/2024\/10\/13\/ils-savent-maintenant-ce-que-signifie-un-veritable-bombardement\/\" \/>\n<meta property=\"og:locale\" content=\"fr_FR\" \/>\n<meta property=\"og:type\" content=\"article\" \/>\n<meta property=\"og:title\" content=\"&quot;Ils savent maintenant ce que signifie un v\u00e9ritable bombardement&quot; - International Solidarity Movement - ISM-France\" \/>\n<meta property=\"og:description\" content=\"Vijay Prashad, 10 octobre 2024. Chers amis, salutations du bureau de l&rsquo;Institut Tricontinental de recherche sociale. Le 1er octobre, le repr\u00e9sentant \u00e9tasunien Michael McCaul, pr\u00e9sident de la commission des affaires Lire la suite &rarr;\" \/>\n<meta property=\"og:url\" content=\"https:\/\/ismfrance.org\/index.php\/2024\/10\/13\/ils-savent-maintenant-ce-que-signifie-un-veritable-bombardement\/\" \/>\n<meta property=\"og:site_name\" content=\"International Solidarity Movement - ISM-France\" \/>\n<meta property=\"article:published_time\" content=\"2024-10-13T05:22:02+00:00\" \/>\n<meta property=\"article:modified_time\" content=\"2024-10-13T05:24:14+00:00\" \/>\n<meta property=\"og:image\" content=\"https:\/\/ismfrance.org\/wp-content\/uploads\/2024\/10\/Ismail-Shammout-Palestine-Guardian-of-the-Fire-1988.jpg\" \/>\n\t<meta property=\"og:image:width\" content=\"800\" \/>\n\t<meta property=\"og:image:height\" content=\"600\" \/>\n\t<meta property=\"og:image:type\" content=\"image\/jpeg\" \/>\n<meta name=\"author\" content=\"mru_01\" \/>\n<meta name=\"twitter:card\" content=\"summary_large_image\" \/>\n<meta name=\"twitter:creator\" content=\"@ISMFRANCE\" \/>\n<meta name=\"twitter:site\" content=\"@ISMFRANCE\" \/>\n<meta name=\"twitter:label1\" content=\"\u00c9crit par\" \/>\n\t<meta name=\"twitter:data1\" content=\"mru_01\" \/>\n\t<meta name=\"twitter:label2\" content=\"Dur\u00e9e de lecture estim\u00e9e\" \/>\n\t<meta name=\"twitter:data2\" content=\"11 minutes\" \/>\n<script type=\"application\/ld+json\" class=\"yoast-schema-graph\">{\"@context\":\"https:\/\/schema.org\",\"@graph\":[{\"@type\":\"Article\",\"@id\":\"https:\/\/ismfrance.org\/index.php\/2024\/10\/13\/ils-savent-maintenant-ce-que-signifie-un-veritable-bombardement\/#article\",\"isPartOf\":{\"@id\":\"https:\/\/ismfrance.org\/index.php\/2024\/10\/13\/ils-savent-maintenant-ce-que-signifie-un-veritable-bombardement\/\"},\"author\":{\"name\":\"mru_01\",\"@id\":\"https:\/\/ismfrance.org\/#\/schema\/person\/3c411eb72adfaae19c0dca1f41fae01d\"},\"headline\":\"\u00ab\u00a0Ils savent maintenant ce que signifie un v\u00e9ritable bombardement\u00a0\u00bb\",\"datePublished\":\"2024-10-13T05:22:02+00:00\",\"dateModified\":\"2024-10-13T05:24:14+00:00\",\"mainEntityOfPage\":{\"@id\":\"https:\/\/ismfrance.org\/index.php\/2024\/10\/13\/ils-savent-maintenant-ce-que-signifie-un-veritable-bombardement\/\"},\"wordCount\":1959,\"publisher\":{\"@id\":\"https:\/\/ismfrance.org\/#organization\"},\"image\":{\"@id\":\"https:\/\/ismfrance.org\/index.php\/2024\/10\/13\/ils-savent-maintenant-ce-que-signifie-un-veritable-bombardement\/#primaryimage\"},\"thumbnailUrl\":\"https:\/\/ismfrance.org\/wp-content\/uploads\/2024\/10\/Ismail-Shammout-Palestine-Guardian-of-the-Fire-1988.jpg\",\"keywords\":[\"G\u00e9nocide\",\"Liban\",\"Terrorisme isra\u00e9lien\"],\"articleSection\":[\"Analyses\",\"Articles\"],\"inLanguage\":\"fr-FR\"},{\"@type\":\"WebPage\",\"@id\":\"https:\/\/ismfrance.org\/index.php\/2024\/10\/13\/ils-savent-maintenant-ce-que-signifie-un-veritable-bombardement\/\",\"url\":\"https:\/\/ismfrance.org\/index.php\/2024\/10\/13\/ils-savent-maintenant-ce-que-signifie-un-veritable-bombardement\/\",\"name\":\"\\\"Ils savent maintenant ce que signifie un v\u00e9ritable bombardement\\\" - International Solidarity Movement - ISM-France\",\"isPartOf\":{\"@id\":\"https:\/\/ismfrance.org\/#website\"},\"primaryImageOfPage\":{\"@id\":\"https:\/\/ismfrance.org\/index.php\/2024\/10\/13\/ils-savent-maintenant-ce-que-signifie-un-veritable-bombardement\/#primaryimage\"},\"image\":{\"@id\":\"https:\/\/ismfrance.org\/index.php\/2024\/10\/13\/ils-savent-maintenant-ce-que-signifie-un-veritable-bombardement\/#primaryimage\"},\"thumbnailUrl\":\"https:\/\/ismfrance.org\/wp-content\/uploads\/2024\/10\/Ismail-Shammout-Palestine-Guardian-of-the-Fire-1988.jpg\",\"datePublished\":\"2024-10-13T05:22:02+00:00\",\"dateModified\":\"2024-10-13T05:24:14+00:00\",\"breadcrumb\":{\"@id\":\"https:\/\/ismfrance.org\/index.php\/2024\/10\/13\/ils-savent-maintenant-ce-que-signifie-un-veritable-bombardement\/#breadcrumb\"},\"inLanguage\":\"fr-FR\",\"potentialAction\":[{\"@type\":\"ReadAction\",\"target\":[\"https:\/\/ismfrance.org\/index.php\/2024\/10\/13\/ils-savent-maintenant-ce-que-signifie-un-veritable-bombardement\/\"]}]},{\"@type\":\"ImageObject\",\"inLanguage\":\"fr-FR\",\"@id\":\"https:\/\/ismfrance.org\/index.php\/2024\/10\/13\/ils-savent-maintenant-ce-que-signifie-un-veritable-bombardement\/#primaryimage\",\"url\":\"https:\/\/ismfrance.org\/wp-content\/uploads\/2024\/10\/Ismail-Shammout-Palestine-Guardian-of-the-Fire-1988.jpg\",\"contentUrl\":\"https:\/\/ismfrance.org\/wp-content\/uploads\/2024\/10\/Ismail-Shammout-Palestine-Guardian-of-the-Fire-1988.jpg\",\"width\":800,\"height\":600},{\"@type\":\"BreadcrumbList\",\"@id\":\"https:\/\/ismfrance.org\/index.php\/2024\/10\/13\/ils-savent-maintenant-ce-que-signifie-un-veritable-bombardement\/#breadcrumb\",\"itemListElement\":[{\"@type\":\"ListItem\",\"position\":1,\"name\":\"Accueil\",\"item\":\"https:\/\/ismfrance.org\/\"},{\"@type\":\"ListItem\",\"position\":2,\"name\":\"&#8220;Ils savent maintenant ce que signifie un v\u00e9ritable bombardement&#8221;\"}]},{\"@type\":\"WebSite\",\"@id\":\"https:\/\/ismfrance.org\/#website\",\"url\":\"https:\/\/ismfrance.org\/\",\"name\":\"ISM Palestine France\",\"description\":\"Soutien aux luttes de lib\u00e9ration du peuple palestinien\",\"publisher\":{\"@id\":\"https:\/\/ismfrance.org\/#organization\"},\"potentialAction\":[{\"@type\":\"SearchAction\",\"target\":{\"@type\":\"EntryPoint\",\"urlTemplate\":\"https:\/\/ismfrance.org\/?s={search_term_string}\"},\"query-input\":{\"@type\":\"PropertyValueSpecification\",\"valueRequired\":true,\"valueName\":\"search_term_string\"}}],\"inLanguage\":\"fr-FR\"},{\"@type\":\"Organization\",\"@id\":\"https:\/\/ismfrance.org\/#organization\",\"name\":\"International Solidarity Movement\",\"url\":\"https:\/\/ismfrance.org\/\",\"logo\":{\"@type\":\"ImageObject\",\"inLanguage\":\"fr-FR\",\"@id\":\"https:\/\/ismfrance.org\/#\/schema\/logo\/image\/\",\"url\":\"https:\/\/ismfrance.org\/wp-content\/uploads\/2020\/12\/00.png\",\"contentUrl\":\"https:\/\/ismfrance.org\/wp-content\/uploads\/2020\/12\/00.png\",\"width\":400,\"height\":400,\"caption\":\"International Solidarity Movement\"},\"image\":{\"@id\":\"https:\/\/ismfrance.org\/#\/schema\/logo\/image\/\"},\"sameAs\":[\"https:\/\/x.com\/ISMFRANCE\"]},{\"@type\":\"Person\",\"@id\":\"https:\/\/ismfrance.org\/#\/schema\/person\/3c411eb72adfaae19c0dca1f41fae01d\",\"name\":\"mru_01\",\"image\":{\"@type\":\"ImageObject\",\"inLanguage\":\"fr-FR\",\"@id\":\"https:\/\/secure.gravatar.com\/avatar\/3a0be343b445d2ccc79e87444a294fad2b232e90d2051d0e3cc219e1ecd6a330?s=96&d=mm&r=g\",\"url\":\"https:\/\/secure.gravatar.com\/avatar\/3a0be343b445d2ccc79e87444a294fad2b232e90d2051d0e3cc219e1ecd6a330?s=96&d=mm&r=g\",\"contentUrl\":\"https:\/\/secure.gravatar.com\/avatar\/3a0be343b445d2ccc79e87444a294fad2b232e90d2051d0e3cc219e1ecd6a330?s=96&d=mm&r=g\",\"caption\":\"mru_01\"},\"url\":\"https:\/\/ismfrance.org\/index.php\/author\/admin02\/\"}]}<\/script>\n<!-- \/ Yoast SEO plugin. -->","yoast_head_json":{"title":"\"Ils savent maintenant ce que signifie un v\u00e9ritable bombardement\" - International Solidarity Movement - ISM-France","robots":{"index":"index","follow":"follow","max-snippet":"max-snippet:-1","max-image-preview":"max-image-preview:large","max-video-preview":"max-video-preview:-1"},"canonical":"https:\/\/ismfrance.org\/index.php\/2024\/10\/13\/ils-savent-maintenant-ce-que-signifie-un-veritable-bombardement\/","og_locale":"fr_FR","og_type":"article","og_title":"\"Ils savent maintenant ce que signifie un v\u00e9ritable bombardement\" - International Solidarity Movement - ISM-France","og_description":"Vijay Prashad, 10 octobre 2024. Chers amis, salutations du bureau de l&rsquo;Institut Tricontinental de recherche sociale. Le 1er octobre, le repr\u00e9sentant \u00e9tasunien Michael McCaul, pr\u00e9sident de la commission des affaires Lire la suite &rarr;","og_url":"https:\/\/ismfrance.org\/index.php\/2024\/10\/13\/ils-savent-maintenant-ce-que-signifie-un-veritable-bombardement\/","og_site_name":"International Solidarity Movement - ISM-France","article_published_time":"2024-10-13T05:22:02+00:00","article_modified_time":"2024-10-13T05:24:14+00:00","og_image":[{"width":800,"height":600,"url":"https:\/\/ismfrance.org\/wp-content\/uploads\/2024\/10\/Ismail-Shammout-Palestine-Guardian-of-the-Fire-1988.jpg","type":"image\/jpeg"}],"author":"mru_01","twitter_card":"summary_large_image","twitter_creator":"@ISMFRANCE","twitter_site":"@ISMFRANCE","twitter_misc":{"\u00c9crit par":"mru_01","Dur\u00e9e de lecture estim\u00e9e":"11 minutes"},"schema":{"@context":"https:\/\/schema.org","@graph":[{"@type":"Article","@id":"https:\/\/ismfrance.org\/index.php\/2024\/10\/13\/ils-savent-maintenant-ce-que-signifie-un-veritable-bombardement\/#article","isPartOf":{"@id":"https:\/\/ismfrance.org\/index.php\/2024\/10\/13\/ils-savent-maintenant-ce-que-signifie-un-veritable-bombardement\/"},"author":{"name":"mru_01","@id":"https:\/\/ismfrance.org\/#\/schema\/person\/3c411eb72adfaae19c0dca1f41fae01d"},"headline":"\u00ab\u00a0Ils savent maintenant ce que signifie un v\u00e9ritable bombardement\u00a0\u00bb","datePublished":"2024-10-13T05:22:02+00:00","dateModified":"2024-10-13T05:24:14+00:00","mainEntityOfPage":{"@id":"https:\/\/ismfrance.org\/index.php\/2024\/10\/13\/ils-savent-maintenant-ce-que-signifie-un-veritable-bombardement\/"},"wordCount":1959,"publisher":{"@id":"https:\/\/ismfrance.org\/#organization"},"image":{"@id":"https:\/\/ismfrance.org\/index.php\/2024\/10\/13\/ils-savent-maintenant-ce-que-signifie-un-veritable-bombardement\/#primaryimage"},"thumbnailUrl":"https:\/\/ismfrance.org\/wp-content\/uploads\/2024\/10\/Ismail-Shammout-Palestine-Guardian-of-the-Fire-1988.jpg","keywords":["G\u00e9nocide","Liban","Terrorisme isra\u00e9lien"],"articleSection":["Analyses","Articles"],"inLanguage":"fr-FR"},{"@type":"WebPage","@id":"https:\/\/ismfrance.org\/index.php\/2024\/10\/13\/ils-savent-maintenant-ce-que-signifie-un-veritable-bombardement\/","url":"https:\/\/ismfrance.org\/index.php\/2024\/10\/13\/ils-savent-maintenant-ce-que-signifie-un-veritable-bombardement\/","name":"\"Ils savent maintenant ce que signifie un v\u00e9ritable bombardement\" - International Solidarity Movement - ISM-France","isPartOf":{"@id":"https:\/\/ismfrance.org\/#website"},"primaryImageOfPage":{"@id":"https:\/\/ismfrance.org\/index.php\/2024\/10\/13\/ils-savent-maintenant-ce-que-signifie-un-veritable-bombardement\/#primaryimage"},"image":{"@id":"https:\/\/ismfrance.org\/index.php\/2024\/10\/13\/ils-savent-maintenant-ce-que-signifie-un-veritable-bombardement\/#primaryimage"},"thumbnailUrl":"https:\/\/ismfrance.org\/wp-content\/uploads\/2024\/10\/Ismail-Shammout-Palestine-Guardian-of-the-Fire-1988.jpg","datePublished":"2024-10-13T05:22:02+00:00","dateModified":"2024-10-13T05:24:14+00:00","breadcrumb":{"@id":"https:\/\/ismfrance.org\/index.php\/2024\/10\/13\/ils-savent-maintenant-ce-que-signifie-un-veritable-bombardement\/#breadcrumb"},"inLanguage":"fr-FR","potentialAction":[{"@type":"ReadAction","target":["https:\/\/ismfrance.org\/index.php\/2024\/10\/13\/ils-savent-maintenant-ce-que-signifie-un-veritable-bombardement\/"]}]},{"@type":"ImageObject","inLanguage":"fr-FR","@id":"https:\/\/ismfrance.org\/index.php\/2024\/10\/13\/ils-savent-maintenant-ce-que-signifie-un-veritable-bombardement\/#primaryimage","url":"https:\/\/ismfrance.org\/wp-content\/uploads\/2024\/10\/Ismail-Shammout-Palestine-Guardian-of-the-Fire-1988.jpg","contentUrl":"https:\/\/ismfrance.org\/wp-content\/uploads\/2024\/10\/Ismail-Shammout-Palestine-Guardian-of-the-Fire-1988.jpg","width":800,"height":600},{"@type":"BreadcrumbList","@id":"https:\/\/ismfrance.org\/index.php\/2024\/10\/13\/ils-savent-maintenant-ce-que-signifie-un-veritable-bombardement\/#breadcrumb","itemListElement":[{"@type":"ListItem","position":1,"name":"Accueil","item":"https:\/\/ismfrance.org\/"},{"@type":"ListItem","position":2,"name":"&#8220;Ils savent maintenant ce que signifie un v\u00e9ritable bombardement&#8221;"}]},{"@type":"WebSite","@id":"https:\/\/ismfrance.org\/#website","url":"https:\/\/ismfrance.org\/","name":"ISM Palestine France","description":"Soutien aux luttes de lib\u00e9ration du peuple palestinien","publisher":{"@id":"https:\/\/ismfrance.org\/#organization"},"potentialAction":[{"@type":"SearchAction","target":{"@type":"EntryPoint","urlTemplate":"https:\/\/ismfrance.org\/?s={search_term_string}"},"query-input":{"@type":"PropertyValueSpecification","valueRequired":true,"valueName":"search_term_string"}}],"inLanguage":"fr-FR"},{"@type":"Organization","@id":"https:\/\/ismfrance.org\/#organization","name":"International Solidarity Movement","url":"https:\/\/ismfrance.org\/","logo":{"@type":"ImageObject","inLanguage":"fr-FR","@id":"https:\/\/ismfrance.org\/#\/schema\/logo\/image\/","url":"https:\/\/ismfrance.org\/wp-content\/uploads\/2020\/12\/00.png","contentUrl":"https:\/\/ismfrance.org\/wp-content\/uploads\/2020\/12\/00.png","width":400,"height":400,"caption":"International Solidarity Movement"},"image":{"@id":"https:\/\/ismfrance.org\/#\/schema\/logo\/image\/"},"sameAs":["https:\/\/x.com\/ISMFRANCE"]},{"@type":"Person","@id":"https:\/\/ismfrance.org\/#\/schema\/person\/3c411eb72adfaae19c0dca1f41fae01d","name":"mru_01","image":{"@type":"ImageObject","inLanguage":"fr-FR","@id":"https:\/\/secure.gravatar.com\/avatar\/3a0be343b445d2ccc79e87444a294fad2b232e90d2051d0e3cc219e1ecd6a330?s=96&d=mm&r=g","url":"https:\/\/secure.gravatar.com\/avatar\/3a0be343b445d2ccc79e87444a294fad2b232e90d2051d0e3cc219e1ecd6a330?s=96&d=mm&r=g","contentUrl":"https:\/\/secure.gravatar.com\/avatar\/3a0be343b445d2ccc79e87444a294fad2b232e90d2051d0e3cc219e1ecd6a330?s=96&d=mm&r=g","caption":"mru_01"},"url":"https:\/\/ismfrance.org\/index.php\/author\/admin02\/"}]}},"_links":{"self":[{"href":"https:\/\/ismfrance.org\/index.php\/wp-json\/wp\/v2\/posts\/14845","targetHints":{"allow":["GET"]}}],"collection":[{"href":"https:\/\/ismfrance.org\/index.php\/wp-json\/wp\/v2\/posts"}],"about":[{"href":"https:\/\/ismfrance.org\/index.php\/wp-json\/wp\/v2\/types\/post"}],"author":[{"embeddable":true,"href":"https:\/\/ismfrance.org\/index.php\/wp-json\/wp\/v2\/users\/3"}],"replies":[{"embeddable":true,"href":"https:\/\/ismfrance.org\/index.php\/wp-json\/wp\/v2\/comments?post=14845"}],"version-history":[{"count":0,"href":"https:\/\/ismfrance.org\/index.php\/wp-json\/wp\/v2\/posts\/14845\/revisions"}],"wp:featuredmedia":[{"embeddable":true,"href":"https:\/\/ismfrance.org\/index.php\/wp-json\/wp\/v2\/media\/14849"}],"wp:attachment":[{"href":"https:\/\/ismfrance.org\/index.php\/wp-json\/wp\/v2\/media?parent=14845"}],"wp:term":[{"taxonomy":"category","embeddable":true,"href":"https:\/\/ismfrance.org\/index.php\/wp-json\/wp\/v2\/categories?post=14845"},{"taxonomy":"post_tag","embeddable":true,"href":"https:\/\/ismfrance.org\/index.php\/wp-json\/wp\/v2\/tags?post=14845"}],"curies":[{"name":"wp","href":"https:\/\/api.w.org\/{rel}","templated":true}]}}