{"id":14804,"date":"2024-10-11T10:04:10","date_gmt":"2024-10-11T08:04:10","guid":{"rendered":"https:\/\/ismfrance.org\/?p=14804"},"modified":"2024-10-11T11:53:27","modified_gmt":"2024-10-11T09:53:27","slug":"peut-on-aimer-un-pays-qui-nest-meme-pas-un-pays","status":"publish","type":"post","link":"https:\/\/ismfrance.org\/index.php\/2024\/10\/11\/peut-on-aimer-un-pays-qui-nest-meme-pas-un-pays\/","title":{"rendered":"\u00ab\u00a0Peut-on aimer un pays qui n&rsquo;est m\u00eame pas un pays\u00a0?\u00a0\u00bb"},"content":{"rendered":"<p align=\"LEFT\"><span style=\"font-family: Arial, sans-serif;\"><span style=\"font-size: medium;\"><span style=\"color: #0f1419;\"><strong>Mona Chollet, 9 octobre 202<\/strong>4. Pour terminer La Grande Librairie (France 5) du 9 octobre 2024, Mona Chollet a propos\u00e9 ce texte in\u00e9dit, \u00e9crit pour l&rsquo;occasion, droit dans les yeux.<\/span><\/span><\/span><\/p>\n<p align=\"LEFT\"><a href=\"https:\/\/ismfrance.org\/wp-content\/uploads\/2024\/10\/mona.png\"><img loading=\"lazy\" decoding=\"async\" class=\"size-full wp-image-14805 aligncenter\" src=\"https:\/\/ismfrance.org\/wp-content\/uploads\/2024\/10\/mona.png\" alt=\"\" width=\"571\" height=\"578\" srcset=\"https:\/\/ismfrance.org\/wp-content\/uploads\/2024\/10\/mona.png 571w, https:\/\/ismfrance.org\/wp-content\/uploads\/2024\/10\/mona-296x300.png 296w\" sizes=\"auto, (max-width: 571px) 100vw, 571px\" \/><\/a><\/p>\n<p style=\"text-align: center;\"><strong>Ecouter Mona Chollet dire son texte sur le site X de la Grande Librairie, <a href=\"https:\/\/x.com\/GrandeLibrairie\/status\/1844121696078647544\/video\/1\">ICI<\/a><\/strong><\/p>\n<p><a href=\"https:\/\/ismfrance.org\/wp-content\/uploads\/2024\/10\/peut-on-aimer-un-pays.png\"><img loading=\"lazy\" decoding=\"async\" class=\"size-large wp-image-14807 aligncenter\" src=\"https:\/\/ismfrance.org\/wp-content\/uploads\/2024\/10\/peut-on-aimer-un-pays-700x513.png\" alt=\"\" width=\"600\" height=\"440\" srcset=\"https:\/\/ismfrance.org\/wp-content\/uploads\/2024\/10\/peut-on-aimer-un-pays-700x513.png 700w, https:\/\/ismfrance.org\/wp-content\/uploads\/2024\/10\/peut-on-aimer-un-pays-300x220.png 300w, https:\/\/ismfrance.org\/wp-content\/uploads\/2024\/10\/peut-on-aimer-un-pays-768x563.png 768w, https:\/\/ismfrance.org\/wp-content\/uploads\/2024\/10\/peut-on-aimer-un-pays.png 867w\" sizes=\"auto, (max-width: 600px) 100vw, 600px\" \/><\/a><\/p>\n<p style=\"text-align: center;\" align=\"LEFT\"><strong>Retranscription du texte sur le <a href=\"https:\/\/x.com\/kcirtap56890\/status\/1844295079240007986\">compte X de Kcirtap<\/a><\/strong><\/p>\n<p style=\"text-align: center;\" align=\"LEFT\"><span style=\"color: #0f1419;\"><span style=\"font-family: Arial, sans-serif;\"><span style=\"font-size: medium;\">Le compte X de Mona Chollet <a href=\"https:\/\/x.com\/monachollet\">ICI<\/a>.<\/span><\/span><\/span><\/p>\n","protected":false},"excerpt":{"rendered":"<p>Mona Chollet, 9 octobre 2024. Pour terminer La Grande Librairie (France 5) du 9 octobre 2024, Mona Chollet a propos\u00e9 ce texte in\u00e9dit, \u00e9crit pour l&rsquo;occasion, droit dans les yeux. <a class=\"more-link\" href=\"https:\/\/ismfrance.org\/index.php\/2024\/10\/11\/peut-on-aimer-un-pays-qui-nest-meme-pas-un-pays\/\">Lire la suite &rarr;<\/a><\/p>\n","protected":false},"author":3,"featured_media":14805,"comment_status":"closed","ping_status":"closed","sticky":false,"template":"","format":"standard","meta":{"footnotes":""},"categories":[2,13],"tags":[120,156],"class_list":["post-14804","post","type-post","status-publish","format-standard","has-post-thumbnail","hentry","category-articles","category-temoignages","tag-art","tag-genocide"],"yoast_head":"<!-- This site is optimized with the Yoast SEO plugin v27.2 - https:\/\/yoast.com\/product\/yoast-seo-wordpress\/ -->\n<title>\u00ab\u00a0Peut-on aimer un pays qui n&#039;est m\u00eame pas un pays\u00a0?\u00a0\u00bb - International Solidarity Movement - ISM-France<\/title>\n<meta name=\"robots\" content=\"index, follow, max-snippet:-1, max-image-preview:large, max-video-preview:-1\" \/>\n<link rel=\"canonical\" href=\"https:\/\/ismfrance.org\/index.php\/2024\/10\/11\/peut-on-aimer-un-pays-qui-nest-meme-pas-un-pays\/\" \/>\n<meta property=\"og:locale\" content=\"fr_FR\" \/>\n<meta property=\"og:type\" content=\"article\" \/>\n<meta property=\"og:title\" content=\"\u00ab\u00a0Peut-on aimer un pays qui n&#039;est m\u00eame pas un pays\u00a0?\u00a0\u00bb - International Solidarity Movement - ISM-France\" \/>\n<meta property=\"og:description\" content=\"Mona Chollet, 9 octobre 2024. Pour terminer La Grande Librairie (France 5) du 9 octobre 2024, Mona Chollet a propos\u00e9 ce texte in\u00e9dit, \u00e9crit pour l&rsquo;occasion, droit dans les yeux. Lire la suite &rarr;\" \/>\n<meta property=\"og:url\" content=\"https:\/\/ismfrance.org\/index.php\/2024\/10\/11\/peut-on-aimer-un-pays-qui-nest-meme-pas-un-pays\/\" \/>\n<meta property=\"og:site_name\" content=\"International Solidarity Movement - ISM-France\" \/>\n<meta property=\"article:published_time\" content=\"2024-10-11T08:04:10+00:00\" \/>\n<meta property=\"article:modified_time\" content=\"2024-10-11T09:53:27+00:00\" \/>\n<meta property=\"og:image\" content=\"https:\/\/ismfrance.org\/wp-content\/uploads\/2024\/10\/mona.png\" \/>\n\t<meta property=\"og:image:width\" content=\"571\" \/>\n\t<meta property=\"og:image:height\" content=\"578\" \/>\n\t<meta property=\"og:image:type\" content=\"image\/png\" \/>\n<meta name=\"author\" content=\"mru_01\" \/>\n<meta name=\"twitter:card\" content=\"summary_large_image\" \/>\n<meta name=\"twitter:creator\" content=\"@ISMFRANCE\" \/>\n<meta name=\"twitter:site\" content=\"@ISMFRANCE\" \/>\n<meta name=\"twitter:label1\" content=\"\u00c9crit par\" \/>\n\t<meta name=\"twitter:data1\" content=\"mru_01\" \/>\n\t<meta name=\"twitter:label2\" content=\"Dur\u00e9e de lecture estim\u00e9e\" \/>\n\t<meta name=\"twitter:data2\" content=\"1 minute\" \/>\n<script type=\"application\/ld+json\" class=\"yoast-schema-graph\">{\"@context\":\"https:\/\/schema.org\",\"@graph\":[{\"@type\":\"Article\",\"@id\":\"https:\/\/ismfrance.org\/index.php\/2024\/10\/11\/peut-on-aimer-un-pays-qui-nest-meme-pas-un-pays\/#article\",\"isPartOf\":{\"@id\":\"https:\/\/ismfrance.org\/index.php\/2024\/10\/11\/peut-on-aimer-un-pays-qui-nest-meme-pas-un-pays\/\"},\"author\":{\"name\":\"mru_01\",\"@id\":\"https:\/\/ismfrance.org\/#\/schema\/person\/3c411eb72adfaae19c0dca1f41fae01d\"},\"headline\":\"\u00ab\u00a0Peut-on aimer un pays qui n&rsquo;est m\u00eame pas un pays\u00a0?\u00a0\u00bb\",\"datePublished\":\"2024-10-11T08:04:10+00:00\",\"dateModified\":\"2024-10-11T09:53:27+00:00\",\"mainEntityOfPage\":{\"@id\":\"https:\/\/ismfrance.org\/index.php\/2024\/10\/11\/peut-on-aimer-un-pays-qui-nest-meme-pas-un-pays\/\"},\"wordCount\":70,\"publisher\":{\"@id\":\"https:\/\/ismfrance.org\/#organization\"},\"image\":{\"@id\":\"https:\/\/ismfrance.org\/index.php\/2024\/10\/11\/peut-on-aimer-un-pays-qui-nest-meme-pas-un-pays\/#primaryimage\"},\"thumbnailUrl\":\"https:\/\/ismfrance.org\/wp-content\/uploads\/2024\/10\/mona.png\",\"keywords\":[\"Art\",\"G\u00e9nocide\"],\"articleSection\":[\"Articles\",\"T\u00e9moignages\"],\"inLanguage\":\"fr-FR\"},{\"@type\":\"WebPage\",\"@id\":\"https:\/\/ismfrance.org\/index.php\/2024\/10\/11\/peut-on-aimer-un-pays-qui-nest-meme-pas-un-pays\/\",\"url\":\"https:\/\/ismfrance.org\/index.php\/2024\/10\/11\/peut-on-aimer-un-pays-qui-nest-meme-pas-un-pays\/\",\"name\":\"\u00ab\u00a0Peut-on aimer un pays qui n'est m\u00eame pas un pays\u00a0?\u00a0\u00bb - International Solidarity Movement - ISM-France\",\"isPartOf\":{\"@id\":\"https:\/\/ismfrance.org\/#website\"},\"primaryImageOfPage\":{\"@id\":\"https:\/\/ismfrance.org\/index.php\/2024\/10\/11\/peut-on-aimer-un-pays-qui-nest-meme-pas-un-pays\/#primaryimage\"},\"image\":{\"@id\":\"https:\/\/ismfrance.org\/index.php\/2024\/10\/11\/peut-on-aimer-un-pays-qui-nest-meme-pas-un-pays\/#primaryimage\"},\"thumbnailUrl\":\"https:\/\/ismfrance.org\/wp-content\/uploads\/2024\/10\/mona.png\",\"datePublished\":\"2024-10-11T08:04:10+00:00\",\"dateModified\":\"2024-10-11T09:53:27+00:00\",\"breadcrumb\":{\"@id\":\"https:\/\/ismfrance.org\/index.php\/2024\/10\/11\/peut-on-aimer-un-pays-qui-nest-meme-pas-un-pays\/#breadcrumb\"},\"inLanguage\":\"fr-FR\",\"potentialAction\":[{\"@type\":\"ReadAction\",\"target\":[\"https:\/\/ismfrance.org\/index.php\/2024\/10\/11\/peut-on-aimer-un-pays-qui-nest-meme-pas-un-pays\/\"]}]},{\"@type\":\"ImageObject\",\"inLanguage\":\"fr-FR\",\"@id\":\"https:\/\/ismfrance.org\/index.php\/2024\/10\/11\/peut-on-aimer-un-pays-qui-nest-meme-pas-un-pays\/#primaryimage\",\"url\":\"https:\/\/ismfrance.org\/wp-content\/uploads\/2024\/10\/mona.png\",\"contentUrl\":\"https:\/\/ismfrance.org\/wp-content\/uploads\/2024\/10\/mona.png\",\"width\":571,\"height\":578},{\"@type\":\"BreadcrumbList\",\"@id\":\"https:\/\/ismfrance.org\/index.php\/2024\/10\/11\/peut-on-aimer-un-pays-qui-nest-meme-pas-un-pays\/#breadcrumb\",\"itemListElement\":[{\"@type\":\"ListItem\",\"position\":1,\"name\":\"Accueil\",\"item\":\"https:\/\/ismfrance.org\/\"},{\"@type\":\"ListItem\",\"position\":2,\"name\":\"\u00ab\u00a0Peut-on aimer un pays qui n&#8217;est m\u00eame pas un pays\u00a0?\u00a0\u00bb\"}]},{\"@type\":\"WebSite\",\"@id\":\"https:\/\/ismfrance.org\/#website\",\"url\":\"https:\/\/ismfrance.org\/\",\"name\":\"ISM Palestine France\",\"description\":\"Soutien aux luttes de lib\u00e9ration du peuple palestinien\",\"publisher\":{\"@id\":\"https:\/\/ismfrance.org\/#organization\"},\"potentialAction\":[{\"@type\":\"SearchAction\",\"target\":{\"@type\":\"EntryPoint\",\"urlTemplate\":\"https:\/\/ismfrance.org\/?s={search_term_string}\"},\"query-input\":{\"@type\":\"PropertyValueSpecification\",\"valueRequired\":true,\"valueName\":\"search_term_string\"}}],\"inLanguage\":\"fr-FR\"},{\"@type\":\"Organization\",\"@id\":\"https:\/\/ismfrance.org\/#organization\",\"name\":\"International Solidarity Movement\",\"url\":\"https:\/\/ismfrance.org\/\",\"logo\":{\"@type\":\"ImageObject\",\"inLanguage\":\"fr-FR\",\"@id\":\"https:\/\/ismfrance.org\/#\/schema\/logo\/image\/\",\"url\":\"https:\/\/ismfrance.org\/wp-content\/uploads\/2020\/12\/00.png\",\"contentUrl\":\"https:\/\/ismfrance.org\/wp-content\/uploads\/2020\/12\/00.png\",\"width\":400,\"height\":400,\"caption\":\"International Solidarity Movement\"},\"image\":{\"@id\":\"https:\/\/ismfrance.org\/#\/schema\/logo\/image\/\"},\"sameAs\":[\"https:\/\/x.com\/ISMFRANCE\"]},{\"@type\":\"Person\",\"@id\":\"https:\/\/ismfrance.org\/#\/schema\/person\/3c411eb72adfaae19c0dca1f41fae01d\",\"name\":\"mru_01\",\"image\":{\"@type\":\"ImageObject\",\"inLanguage\":\"fr-FR\",\"@id\":\"https:\/\/secure.gravatar.com\/avatar\/3a0be343b445d2ccc79e87444a294fad2b232e90d2051d0e3cc219e1ecd6a330?s=96&d=mm&r=g\",\"url\":\"https:\/\/secure.gravatar.com\/avatar\/3a0be343b445d2ccc79e87444a294fad2b232e90d2051d0e3cc219e1ecd6a330?s=96&d=mm&r=g\",\"contentUrl\":\"https:\/\/secure.gravatar.com\/avatar\/3a0be343b445d2ccc79e87444a294fad2b232e90d2051d0e3cc219e1ecd6a330?s=96&d=mm&r=g\",\"caption\":\"mru_01\"},\"url\":\"https:\/\/ismfrance.org\/index.php\/author\/admin02\/\"}]}<\/script>\n<!-- \/ Yoast SEO plugin. -->","yoast_head_json":{"title":"\u00ab\u00a0Peut-on aimer un pays qui n'est m\u00eame pas un pays\u00a0?\u00a0\u00bb - International Solidarity Movement - ISM-France","robots":{"index":"index","follow":"follow","max-snippet":"max-snippet:-1","max-image-preview":"max-image-preview:large","max-video-preview":"max-video-preview:-1"},"canonical":"https:\/\/ismfrance.org\/index.php\/2024\/10\/11\/peut-on-aimer-un-pays-qui-nest-meme-pas-un-pays\/","og_locale":"fr_FR","og_type":"article","og_title":"\u00ab\u00a0Peut-on aimer un pays qui n'est m\u00eame pas un pays\u00a0?\u00a0\u00bb - International Solidarity Movement - ISM-France","og_description":"Mona Chollet, 9 octobre 2024. Pour terminer La Grande Librairie (France 5) du 9 octobre 2024, Mona Chollet a propos\u00e9 ce texte in\u00e9dit, \u00e9crit pour l&rsquo;occasion, droit dans les yeux. Lire la suite &rarr;","og_url":"https:\/\/ismfrance.org\/index.php\/2024\/10\/11\/peut-on-aimer-un-pays-qui-nest-meme-pas-un-pays\/","og_site_name":"International Solidarity Movement - ISM-France","article_published_time":"2024-10-11T08:04:10+00:00","article_modified_time":"2024-10-11T09:53:27+00:00","og_image":[{"width":571,"height":578,"url":"https:\/\/ismfrance.org\/wp-content\/uploads\/2024\/10\/mona.png","type":"image\/png"}],"author":"mru_01","twitter_card":"summary_large_image","twitter_creator":"@ISMFRANCE","twitter_site":"@ISMFRANCE","twitter_misc":{"\u00c9crit par":"mru_01","Dur\u00e9e de lecture estim\u00e9e":"1 minute"},"schema":{"@context":"https:\/\/schema.org","@graph":[{"@type":"Article","@id":"https:\/\/ismfrance.org\/index.php\/2024\/10\/11\/peut-on-aimer-un-pays-qui-nest-meme-pas-un-pays\/#article","isPartOf":{"@id":"https:\/\/ismfrance.org\/index.php\/2024\/10\/11\/peut-on-aimer-un-pays-qui-nest-meme-pas-un-pays\/"},"author":{"name":"mru_01","@id":"https:\/\/ismfrance.org\/#\/schema\/person\/3c411eb72adfaae19c0dca1f41fae01d"},"headline":"\u00ab\u00a0Peut-on aimer un pays qui n&rsquo;est m\u00eame pas un pays\u00a0?\u00a0\u00bb","datePublished":"2024-10-11T08:04:10+00:00","dateModified":"2024-10-11T09:53:27+00:00","mainEntityOfPage":{"@id":"https:\/\/ismfrance.org\/index.php\/2024\/10\/11\/peut-on-aimer-un-pays-qui-nest-meme-pas-un-pays\/"},"wordCount":70,"publisher":{"@id":"https:\/\/ismfrance.org\/#organization"},"image":{"@id":"https:\/\/ismfrance.org\/index.php\/2024\/10\/11\/peut-on-aimer-un-pays-qui-nest-meme-pas-un-pays\/#primaryimage"},"thumbnailUrl":"https:\/\/ismfrance.org\/wp-content\/uploads\/2024\/10\/mona.png","keywords":["Art","G\u00e9nocide"],"articleSection":["Articles","T\u00e9moignages"],"inLanguage":"fr-FR"},{"@type":"WebPage","@id":"https:\/\/ismfrance.org\/index.php\/2024\/10\/11\/peut-on-aimer-un-pays-qui-nest-meme-pas-un-pays\/","url":"https:\/\/ismfrance.org\/index.php\/2024\/10\/11\/peut-on-aimer-un-pays-qui-nest-meme-pas-un-pays\/","name":"\u00ab\u00a0Peut-on aimer un pays qui n'est m\u00eame pas un pays\u00a0?\u00a0\u00bb - International Solidarity Movement - ISM-France","isPartOf":{"@id":"https:\/\/ismfrance.org\/#website"},"primaryImageOfPage":{"@id":"https:\/\/ismfrance.org\/index.php\/2024\/10\/11\/peut-on-aimer-un-pays-qui-nest-meme-pas-un-pays\/#primaryimage"},"image":{"@id":"https:\/\/ismfrance.org\/index.php\/2024\/10\/11\/peut-on-aimer-un-pays-qui-nest-meme-pas-un-pays\/#primaryimage"},"thumbnailUrl":"https:\/\/ismfrance.org\/wp-content\/uploads\/2024\/10\/mona.png","datePublished":"2024-10-11T08:04:10+00:00","dateModified":"2024-10-11T09:53:27+00:00","breadcrumb":{"@id":"https:\/\/ismfrance.org\/index.php\/2024\/10\/11\/peut-on-aimer-un-pays-qui-nest-meme-pas-un-pays\/#breadcrumb"},"inLanguage":"fr-FR","potentialAction":[{"@type":"ReadAction","target":["https:\/\/ismfrance.org\/index.php\/2024\/10\/11\/peut-on-aimer-un-pays-qui-nest-meme-pas-un-pays\/"]}]},{"@type":"ImageObject","inLanguage":"fr-FR","@id":"https:\/\/ismfrance.org\/index.php\/2024\/10\/11\/peut-on-aimer-un-pays-qui-nest-meme-pas-un-pays\/#primaryimage","url":"https:\/\/ismfrance.org\/wp-content\/uploads\/2024\/10\/mona.png","contentUrl":"https:\/\/ismfrance.org\/wp-content\/uploads\/2024\/10\/mona.png","width":571,"height":578},{"@type":"BreadcrumbList","@id":"https:\/\/ismfrance.org\/index.php\/2024\/10\/11\/peut-on-aimer-un-pays-qui-nest-meme-pas-un-pays\/#breadcrumb","itemListElement":[{"@type":"ListItem","position":1,"name":"Accueil","item":"https:\/\/ismfrance.org\/"},{"@type":"ListItem","position":2,"name":"\u00ab\u00a0Peut-on aimer un pays qui n&#8217;est m\u00eame pas un pays\u00a0?\u00a0\u00bb"}]},{"@type":"WebSite","@id":"https:\/\/ismfrance.org\/#website","url":"https:\/\/ismfrance.org\/","name":"ISM Palestine France","description":"Soutien aux luttes de lib\u00e9ration du peuple palestinien","publisher":{"@id":"https:\/\/ismfrance.org\/#organization"},"potentialAction":[{"@type":"SearchAction","target":{"@type":"EntryPoint","urlTemplate":"https:\/\/ismfrance.org\/?s={search_term_string}"},"query-input":{"@type":"PropertyValueSpecification","valueRequired":true,"valueName":"search_term_string"}}],"inLanguage":"fr-FR"},{"@type":"Organization","@id":"https:\/\/ismfrance.org\/#organization","name":"International Solidarity Movement","url":"https:\/\/ismfrance.org\/","logo":{"@type":"ImageObject","inLanguage":"fr-FR","@id":"https:\/\/ismfrance.org\/#\/schema\/logo\/image\/","url":"https:\/\/ismfrance.org\/wp-content\/uploads\/2020\/12\/00.png","contentUrl":"https:\/\/ismfrance.org\/wp-content\/uploads\/2020\/12\/00.png","width":400,"height":400,"caption":"International Solidarity Movement"},"image":{"@id":"https:\/\/ismfrance.org\/#\/schema\/logo\/image\/"},"sameAs":["https:\/\/x.com\/ISMFRANCE"]},{"@type":"Person","@id":"https:\/\/ismfrance.org\/#\/schema\/person\/3c411eb72adfaae19c0dca1f41fae01d","name":"mru_01","image":{"@type":"ImageObject","inLanguage":"fr-FR","@id":"https:\/\/secure.gravatar.com\/avatar\/3a0be343b445d2ccc79e87444a294fad2b232e90d2051d0e3cc219e1ecd6a330?s=96&d=mm&r=g","url":"https:\/\/secure.gravatar.com\/avatar\/3a0be343b445d2ccc79e87444a294fad2b232e90d2051d0e3cc219e1ecd6a330?s=96&d=mm&r=g","contentUrl":"https:\/\/secure.gravatar.com\/avatar\/3a0be343b445d2ccc79e87444a294fad2b232e90d2051d0e3cc219e1ecd6a330?s=96&d=mm&r=g","caption":"mru_01"},"url":"https:\/\/ismfrance.org\/index.php\/author\/admin02\/"}]}},"_links":{"self":[{"href":"https:\/\/ismfrance.org\/index.php\/wp-json\/wp\/v2\/posts\/14804","targetHints":{"allow":["GET"]}}],"collection":[{"href":"https:\/\/ismfrance.org\/index.php\/wp-json\/wp\/v2\/posts"}],"about":[{"href":"https:\/\/ismfrance.org\/index.php\/wp-json\/wp\/v2\/types\/post"}],"author":[{"embeddable":true,"href":"https:\/\/ismfrance.org\/index.php\/wp-json\/wp\/v2\/users\/3"}],"replies":[{"embeddable":true,"href":"https:\/\/ismfrance.org\/index.php\/wp-json\/wp\/v2\/comments?post=14804"}],"version-history":[{"count":0,"href":"https:\/\/ismfrance.org\/index.php\/wp-json\/wp\/v2\/posts\/14804\/revisions"}],"wp:featuredmedia":[{"embeddable":true,"href":"https:\/\/ismfrance.org\/index.php\/wp-json\/wp\/v2\/media\/14805"}],"wp:attachment":[{"href":"https:\/\/ismfrance.org\/index.php\/wp-json\/wp\/v2\/media?parent=14804"}],"wp:term":[{"taxonomy":"category","embeddable":true,"href":"https:\/\/ismfrance.org\/index.php\/wp-json\/wp\/v2\/categories?post=14804"},{"taxonomy":"post_tag","embeddable":true,"href":"https:\/\/ismfrance.org\/index.php\/wp-json\/wp\/v2\/tags?post=14804"}],"curies":[{"name":"wp","href":"https:\/\/api.w.org\/{rel}","templated":true}]}}