{"id":14713,"date":"2024-10-06T10:15:01","date_gmt":"2024-10-06T08:15:01","guid":{"rendered":"https:\/\/ismfrance.org\/?p=14713"},"modified":"2024-10-06T10:16:03","modified_gmt":"2024-10-06T08:16:03","slug":"un-an-apres-le-deluge-dal-aqsa","status":"publish","type":"post","link":"https:\/\/ismfrance.org\/index.php\/2024\/10\/06\/un-an-apres-le-deluge-dal-aqsa\/","title":{"rendered":"Un an apr\u00e8s le D\u00e9luge d&rsquo;Al-Aqsa"},"content":{"rendered":"<p><span style=\"color: #000000;\"><span style=\"font-family: Arial, sans-serif;\"><span style=\"font-size: medium;\"><strong>David Miller, 5 octobre 2024<\/strong>. Avant le 7 octobre 2023 et le lancement du D\u00e9luge d&rsquo;Al-Aqsa par les forces de la R\u00e9sistance palestinienne, les choses semblaient bien diff\u00e9rentes. Apr\u00e8s un an de poursuite de l&rsquo;objectif pr\u00e9sum\u00e9 de vaincre le Hamas, que peut-on dire du gouvernement de la colonie ?<\/span><\/span><\/span><\/p>\n<div id=\"attachment_14717\" style=\"width: 610px\" class=\"wp-caption alignnone\"><a href=\"https:\/\/ismfrance.org\/wp-content\/uploads\/2024\/10\/david-miller.jpeg\"><img loading=\"lazy\" decoding=\"async\" aria-describedby=\"caption-attachment-14717\" class=\"wp-image-14717 size-large\" src=\"https:\/\/ismfrance.org\/wp-content\/uploads\/2024\/10\/david-miller-700x551.jpeg\" alt=\"\" width=\"600\" height=\"472\" srcset=\"https:\/\/ismfrance.org\/wp-content\/uploads\/2024\/10\/david-miller-700x551.jpeg 700w, https:\/\/ismfrance.org\/wp-content\/uploads\/2024\/10\/david-miller-300x236.jpeg 300w, https:\/\/ismfrance.org\/wp-content\/uploads\/2024\/10\/david-miller-768x604.jpeg 768w, https:\/\/ismfrance.org\/wp-content\/uploads\/2024\/10\/david-miller.jpeg 1000w\" sizes=\"auto, (max-width: 600px) 100vw, 600px\" \/><\/a><p id=\"caption-attachment-14717\" class=\"wp-caption-text\">Illustration Batoul Chamas pour Al Mayadeen English.<\/p><\/div>\n<p><span style=\"color: #000000;\"><span style=\"font-size: medium;\"><span style=\"font-family: Arial, sans-serif;\">Tout d&rsquo;abord, l&rsquo;\u00e9conomie est en crise<\/span><\/span><\/span><\/p>\n<p><span style=\"color: #000000;\"><span style=\"font-family: Arial, sans-serif;\"><span style=\"font-size: medium;\">En 2023, le FMI a <a href=\"https:\/\/www.haaretz.com\/opinion\/2024-08-14\/ty-article-opinion\/.premium\/israels-on-the-brink-of-economic-crisis-but-survival-trumps-responsibility-for-netanyahu\/00000191-51e1-d6a2-a7dd-d1fb707f0000\">estim\u00e9<\/a> le PIB d'\u00a0\u00bbIsra\u00ebl\u00a0\u00bb \u00e0 564 milliards de dollars et son PIB par habitant \u00e0 58.270 dollars (13e plus \u00e9lev\u00e9 au monde), un chiffre comparable \u00e0 celui d&rsquo;autres pays tr\u00e8s d\u00e9velopp\u00e9s.<\/span><\/span><\/span><\/p>\n<p><span style=\"color: #000000;\"><span style=\"font-family: Arial, sans-serif;\"><span style=\"font-size: medium;\">Mais au dernier trimestre 2023, <a href=\"https:\/\/www.haaretz.com\/israel-news\/2024-02-19\/ty-article\/gaza-war-hits-israeli-economy-with-19-4-drop-in-q4-of-2023\/0000018d-c199-dfd7-a9fd-f39d2e500000\">selon les chiffres<\/a> du Bureau central des statistiques du r\u00e9gime lui-m\u00eame, le PIB s&rsquo;est contract\u00e9 de 19,4 % par an.<\/span><\/span><\/span><\/p>\n<p><span style=\"color: #000000;\"><span style=\"font-family: Arial, sans-serif;\"><span style=\"font-size: medium;\">Le secteur de la construction, par exemple, a <a href=\"https:\/\/theconversation.com\/israel-11-months-of-war-have-battered-the-countrys-economy-237915\">ralenti<\/a> de <a href=\"https:\/\/ktalegal.com\/challenges-options-and-initiatives-foreign-worker-in-israels-construction-industry\/\">pr\u00e8s d&rsquo;un tiers<\/a> au cours des deux premiers mois de la guerre. L\u2019agriculture a \u00e9galement souffert, avec une production en baisse d\u2019un quart dans certaines r\u00e9gions.<\/span><\/span><\/span><\/p>\n<p><span style=\"color: #000000;\"><span style=\"font-family: Arial, sans-serif;\"><span style=\"font-size: medium;\">Une <a href=\"https:\/\/english.elpais.com\/international\/2024-04-02\/war-plunges-israeli-agriculture-into-the-greatest-crisis-in-its-history.html\">description<\/a> de la situation pr\u00e8s de Gaza dans le journal espagnol <\/span><\/span><\/span><span style=\"color: #000000;\"><span style=\"font-family: Arial, sans-serif;\"><span style=\"font-size: medium;\"><i>El Pais<\/i><\/span><\/span><\/span><span style=\"color: #000000;\"><span style=\"font-family: Arial, sans-serif;\"><span style=\"font-size: medium;\"> explique :<\/span><\/span><\/span><\/p>\n<p><span style=\"color: #000000;\"><span style=\"font-family: Arial, sans-serif;\"><span style=\"font-size: medium;\">\u00ab\u00a0Des milliers de travailleurs \u00e9trangers (principalement des Tha\u00eflandais, mais aussi des N\u00e9palais et des Tanzaniens) sont rentr\u00e9s dans leur pays apr\u00e8s le meurtre et l\u2019enl\u00e8vement de dizaines de leurs compatriotes. Les journaliers palestiniens \u2013 l\u2019autre main-d\u2019\u0153uvre cl\u00e9 \u2013 ont vu leur permis d\u2019entr\u00e9e r\u00e9voqu\u00e9 (les r\u00e9sidents de Gaza) ou suspendu (ceux de Cisjordanie). De plus, de nombreux Isra\u00e9liens qui travaillaient dans l\u2019agriculture ont \u00e9t\u00e9 \u00e9vacu\u00e9s vers d\u2019autres r\u00e9gions du pays ou appel\u00e9s comme r\u00e9servistes.\u00a0<\/span><\/span><\/span><\/p>\n<p><span style=\"color: #000000;\"><span style=\"font-family: Arial, sans-serif;\"><span style=\"font-size: medium;\">On estime que jusqu\u2019\u00e0 60.000 entreprises isra\u00e9liennes pourraient devoir fermer en 2024 en raison de p\u00e9nuries de personnel, de perturbations de la cha\u00eene d\u2019approvisionnement et de la baisse de confiance des entreprises.\u00a0\u00bb<\/span><\/span><\/span><\/p>\n<p><span style=\"color: #000000;\"><span style=\"font-family: Arial, sans-serif;\"><span style=\"font-size: medium;\">Le port d\u2019Eilat, au sud de l\u2019entit\u00e9 d\u2019occupation sioniste, a \u00e9t\u00e9 <a href=\"https:\/\/www.worldcargonews.com\/news\/2024\/07\/port-of-eilat-declares-bankruptcy\/?gdpr=accept\">d\u00e9clar\u00e9 en faillite<\/a> en juillet en raison d\u2019une baisse de 85 % de son activit\u00e9, cons\u00e9quence directe du <a href=\"https:\/\/www.youtube.com\/watch?v=15LGbq2lqrQ\">blocus d\u2019Ansar Allah<\/a> sur la navigation en mer Rouge. Si le front nord est compl\u00e8tement ouvert avec le Hezbollah, tous les ports \u00ab d\u2019Isra\u00ebl \u00bb seront inop\u00e9rants, <a href=\"https:\/\/www.youtube.com\/watch?v=bSdCpoGq9uw\">notamment Ha\u00effa<\/a>. La seule <a href=\"https:\/\/english.almayadeen.net\/news\/politics\/iraqi-resistance-pounds-vital-israeli-target-in-asdod-port\">exception<\/a> est Ashdod, au centre de la colonie, bien qu\u2019il soit facilement accessible par missiles depuis le Liban, l\u2019Irak, le Y\u00e9men et bien s\u00fbr l\u2019Iran.<\/span><\/span><\/span><\/p>\n<p><span style=\"color: #000000;\"><span style=\"font-family: Arial, sans-serif;\"><span style=\"font-size: medium;\">La normalisation de l\u2019entit\u00e9 sioniste avec ses voisins a \u00e9t\u00e9 invers\u00e9e. En d\u00e9cembre, on disait que la normalisation \u00e9tait d\u00e9sormais dans une situation de \u00ab r\u00e9initialisation \u00bb, et en septembre de cette ann\u00e9e, m\u00eame le dirigeant <\/span><\/span><\/span><span style=\"color: #000000;\"><span style=\"font-family: Arial, sans-serif;\"><span style=\"font-size: medium;\"><i>de facto<\/i><\/span><\/span><\/span><span style=\"color: #000000;\"><span style=\"font-family: Arial, sans-serif;\"><span style=\"font-size: medium;\"> de l\u2019Arabie saoudite a <a href=\"https:\/\/www.france24.com\/en\/live-news\/20240919-saudi-crown-prince-says-no-israel-ties-without-palestinian-state\">d\u00e9clar\u00e9<\/a> que le royaume n\u2019\u00e9tablirait pas de liens avec \u00ab Isra\u00ebl \u00bb tant qu\u2019un \u00c9tat palestinien n\u2019aurait pas \u00e9t\u00e9 cr\u00e9\u00e9.<\/span><\/span><\/span><\/p>\n<p><span style=\"color: #000000;\"><span style=\"font-family: Arial, sans-serif;\"><span style=\"font-size: medium;\"><a href=\"https:\/\/www.nytimes.com\/2023\/03\/11\/us\/politics\/saudi-arabia-iran-china-biden.html\">L\u2019accord n\u00e9goci\u00e9<\/a> par la Chine entre l\u2019Arabie saoudite et l\u2019Iran a \u00e9galement retir\u00e9 le r\u00e9gime saoudien du Y\u00e9men, permettant \u00e0 Ansar Allah de lancer son blocus \u00e9tonnamment r\u00e9ussi sur la mer Rouge.<\/span><\/span><\/span><\/p>\n<p><span style=\"color: #000000;\"><span style=\"font-family: Arial, sans-serif;\"><span style=\"font-size: medium;\">Le plus notable est peut-\u00eatre que l\u2019image du r\u00e9gime et de son arm\u00e9e en tant que strat\u00e8ges militaires sophistiqu\u00e9s a \u00e9t\u00e9 compl\u00e8tement min\u00e9e par le lancement du d\u00e9luge d\u2019Al-Aqsa lui-m\u00eame, et par le fait \u00e9vident qu\u2019apr\u00e8s un an, la R\u00e9sistance palestinienne \u00e0 Gaza n\u2019est pas vaincue. Le 19 juin, le porte-parole des forces d\u2019occupation isra\u00e9liennes, le contre-amiral Daniel Hagari, a d\u00e9clar\u00e9 \u00e0 <\/span><\/span><\/span><span style=\"color: #000000;\"><span style=\"font-family: Arial, sans-serif;\"><span style=\"font-size: medium;\"><i>Channel 13 News<\/i><\/span><\/span><\/span><span style=\"color: #000000;\"><span style=\"font-family: Arial, sans-serif;\"><span style=\"font-size: medium;\"> que l\u2019objectif d\u2019\u00e9radiquer les dirigeants de Gaza \u00e9tait <a href=\"https:\/\/www.timesofisrael.com\/idf-spokesman-says-hamas-cant-be-eliminated-will-remain-in-gaza-if-no-alternative\/\">inatteignable<\/a>.<\/span><\/span><\/span><\/p>\n<p><span style=\"color: #000000;\"><span style=\"font-family: Arial, sans-serif;\"><span style=\"font-size: medium;\">\u00ab\u00a0Cette entreprise de destruction du Hamas, de disparition du Hamas \u2013 c\u2019est tout simplement jeter de la poudre aux yeux de l\u2019opinion publique\u2026 quiconque pense que nous pouvons \u00e9liminer le Hamas a tort.\u00a0\u00bb<\/span><\/span><\/span><\/p>\n<p><span style=\"color: #000000;\"><span style=\"font-family: Arial, sans-serif;\"><span style=\"font-size: medium;\">En fait, le sionisme est confront\u00e9 \u00e0 la d\u00e9faite dans tous les domaines. C&rsquo;est m\u00eame <a href=\"https:\/\/www.haaretz.com\/israel-news\/2024-04-11\/ty-article-magazine\/.premium\/saying-what-cant-be-said-israel-has-been-defeated-a-total-defeat\/0000018e-cdab-dba9-a78e-efef6ba10000\">d\u00e9clar\u00e9<\/a> dans la presse de la colonie de peuplement.<\/span><\/span><\/span><\/p>\n<p><span style=\"color: #000000;\"><span style=\"font-family: Arial, sans-serif;\"><span style=\"font-size: medium;\">Le changement le plus visible et le plus tangible en Occident a \u00e9t\u00e9 <a href=\"https:\/\/www.theguardian.com\/world\/2024\/apr\/13\/weve-built-something-extraordinary-six-months-of-uk-pro-palestine-marches\">l\u2019\u00e9rosion du soutien<\/a> \u00e0 l\u2019entit\u00e9 d\u00e9clinante.<\/span><\/span><\/span><\/p>\n<p><span style=\"color: #000000;\"><span style=\"font-family: Arial, sans-serif;\"><span style=\"font-size: medium;\">Cela s\u2019est manifest\u00e9 tout d\u2019abord par une polarisation consid\u00e9rable. La masse de l\u2019opinion publique mondiale est devenue plus pro-palestinienne et plus loquace. Mais il existe \u00e9galement une petite tendance contraire des sionistes \u00e0 devenir de plus en plus extr\u00eamistes dans leur <a href=\"https:\/\/www.middleeastmonitor.com\/20231228-israeli-soldier-says-he-possibly-killed-a-12-year-old-girl\/\">glorification<\/a> du meurtre de femmes et d\u2019enfants et \u00e0 attaquer avec violence les manifestants pro-palestiniens, partout dans le monde, de l\u2019Australie aux \u00c9tats-Unis.<\/span><\/span><\/span><\/p>\n<p><span style=\"color: #000000;\"><span style=\"font-family: Arial, sans-serif;\"><span style=\"font-size: medium;\">Les Isra\u00e9liens sont devenus de plus en plus g\u00e9nocidaires, puisque seuls 19 % d\u2019entre eux sont m\u00eame<a href=\"https:\/\/www.pewresearch.org\/global\/2024\/05\/30\/israeli-views-of-the-israel-hamas-war\/\"> pr\u00eats \u00e0 dire<\/a> que le g\u00e9nocide sioniste est \u00ab all\u00e9 trop loin \u00bb.<\/span><\/span><\/span><\/p>\n<p><span style=\"color: #000000;\"><span style=\"font-family: Arial, sans-serif;\"><span style=\"font-size: medium;\">\u00c0 Gaza et en Cisjordanie, le soutien au Hamas <a href=\"https:\/\/www.fdd.org\/analysis\/2024\/03\/22\/poll-hamas-remains-popular-among-palestinians\/\">a augment\u00e9<\/a> tandis que l\u2019Autorit\u00e9 palestinienne est devenue encore moins populaire.<\/span><\/span><\/span><\/p>\n<p><span style=\"color: #000000;\"><span style=\"font-family: Arial, sans-serif;\"><span style=\"font-size: medium;\">L\u2019opinion publique aux \u00c9tats-Unis, au Royaume-Uni et dans le monde s\u2019est tourn\u00e9e vers les Palestiniens.<\/span><\/span><\/span><\/p>\n<p><span style=\"color: #000000;\"><span style=\"font-family: Arial, sans-serif;\"><span style=\"font-size: medium;\">Nous pouvons \u00e9galement constater ce changement dans la mani\u00e8re dont la cr\u00e9dibilit\u00e9 des principaux arguments sionistes s\u2019est effondr\u00e9e.<\/span><\/span><\/span><\/p>\n<p><span style=\"color: #000000;\"><span style=\"font-family: Arial, sans-serif;\"><span style=\"font-size: medium;\"><a href=\"https:\/\/ismfrance.org\/index.php\/2024\/09\/11\/non-israel-na-pas-le-droit-de-se-defendre-a-gaza-mais-les-palestiniens-oui\/\">Le pr\u00e9tendu droit d\u2019\u00ab Isra\u00ebl \u00bb \u00e0 l\u2019autod\u00e9fense<\/a> a \u00e9t\u00e9 matraqu\u00e9, en particulier par des personnalit\u00e9s comme la rapporteure de l\u2019ONU Francesca Albanese.<\/span><\/span><\/span><\/p>\n<p><span style=\"color: #000000;\"><span style=\"font-family: Arial, sans-serif;\"><span style=\"font-size: medium;\">L\u2019id\u00e9e selon laquelle \u00ab Isra\u00ebl \u00bb a le droit d\u2019exister ou devrait exister est \u00e9galement remise en cause. Un sondage d\u2019opinion britannique a r\u00e9cemment <a href=\"https:\/\/unherd.com\/newsroom\/majority-of-young-britons-think-israel-should-not-exist\/\">montr\u00e9<\/a> que 54 % des 18-24 ans \u00e9taient d\u2019accord avec l\u2019affirmation selon laquelle \u00ab l\u2019\u00c9tat d\u2019Isra\u00ebl ne devrait pas exister \u00bb. Seuls 21 % \u00e9taient en d\u00e9saccord.<\/span><\/span><\/span><\/p>\n<p><a href=\"https:\/\/ismfrance.org\/wp-content\/uploads\/2024\/10\/antisemite.jpeg\"><img loading=\"lazy\" decoding=\"async\" class=\"wp-image-14719 alignleft\" src=\"https:\/\/ismfrance.org\/wp-content\/uploads\/2024\/10\/antisemite-549x700.jpeg\" alt=\"\" width=\"313\" height=\"397\" \/><\/a><span style=\"color: #000000;\"><span style=\"font-family: Arial, sans-serif;\"><span style=\"font-size: medium;\">Il est remarquable de constater que la puissance de l\u2019arme principale utilis\u00e9e par les sionistes se dissipe. L\u2019accusation d\u2019\u00ab antis\u00e9mitisme \u00bb a moins de force et est d\u00e9sormais ouvertement <a href=\"https:\/\/x.com\/Tracking_Power\/status\/1798247459547984046\">moqu\u00e9e<\/a>.<\/span><\/span><\/span><\/p>\n<p><span style=\"color: #000000;\"><span style=\"font-family: Arial, sans-serif;\"><span style=\"font-size: medium;\">Il est clair que les sionistes tentent de minimiser les effets du g\u00e9nocide en essayant de saper les chiffres officiels palestiniens des morts et des bless\u00e9s. Il est \u00e9galement r\u00e9guli\u00e8rement sugg\u00e9r\u00e9 que les forces d\u2019occupation minimisent leur propre nombre de victimes.<\/span><\/span><\/span><\/p>\n<p><span style=\"color: #000000;\"><span style=\"font-family: Arial, sans-serif;\"><span style=\"font-size: medium;\">L\u2019une des principales diff\u00e9rences est que la cr\u00e9dibilit\u00e9 du r\u00e9gime et du sionisme a \u00e9t\u00e9 gravement d\u00e9t\u00e9rior\u00e9e. Tout d\u2019abord, le monde entier a pris conscience que la propagande isra\u00e9lienne, la <\/span><\/span><\/span><span style=\"color: #000000;\"><span style=\"font-family: Arial, sans-serif;\"><span style=\"font-size: medium;\"><i>hasbara<\/i><\/span><\/span><\/span><span style=\"color: #000000;\"><span style=\"font-family: Arial, sans-serif;\"><span style=\"font-size: medium;\">, n\u2019est pas v\u00e9ridique. Mais ce qui est encore plus dommageable, c\u2019est la cruaut\u00e9 et la brutalit\u00e9 gratuites du g\u00e9nocide, et surtout la <a href=\"https:\/\/www.facebook.com\/TimesofIndia\/videos\/videos-pics-of-idf-soldiers-with-lingerie-in-palestinian-homes-spark-controversy\/451982083957856\/\">glorification<\/a> dont tant de gens font preuve. Isra\u00ebl se r\u00e9v\u00e8le \u00eatre une soci\u00e9t\u00e9 profond\u00e9ment malade, voire en phase terminale. Le sionisme, dans le monde entier, est tout aussi souill\u00e9.<\/span><\/span><\/span><\/p>\n<p><span style=\"color: #000000;\"><span style=\"font-family: Arial, sans-serif;\"><span style=\"font-size: medium;\"><a href=\"https:\/\/www.lemonde.fr\/en\/les-decodeurs\/article\/2024\/04\/03\/40-beheaded-babies-the-itinerary-of-a-rumor-at-the-heart-of-the-information-battle-between-israel-and-hamas_6667274_8.html\">Les b\u00e9b\u00e9s d\u00e9capit\u00e9s<\/a>, les <a href=\"https:\/\/www.abc.net.au\/news\/2024-09-07\/israel-hannibal-directive-kidnap-hamas-gaza-hostages-idf\/104224430\">1.200 victimes civiles<\/a>, les viols \u2013 tout cela s\u2019est av\u00e9r\u00e9 \u00eatre des inventions sans fondement.<\/span><\/span><\/span><\/p>\n<p><span style=\"color: #000000;\"><span style=\"font-family: Arial, sans-serif;\"><span style=\"font-size: medium;\">Mais, pire encore, ce n\u2019\u00e9tait qu\u2019une fraction de la brutalit\u00e9 perp\u00e9tr\u00e9e dans une apparente joie et une excitation fr\u00e9missante par les forces d\u2019occupation.<\/span><\/span><\/span><\/p>\n<p><span style=\"color: #000000;\"><span style=\"font-family: Arial, sans-serif;\"><span style=\"font-size: medium;\">Beaucoup ont \u00e9t\u00e9 surpris de voir des \u00e9l\u00e9ments de la population sioniste des \u00c9tats-Unis et du Royaume-Uni se joindre aux manifestations de protestation.<\/span><\/span><\/span><\/p>\n<p><span style=\"color: #000000;\"><span style=\"font-family: Arial, sans-serif;\"><span style=\"font-size: medium;\">Le sionisme est aujourd\u2019hui plus vilipend\u00e9 qu\u2019il ne l\u2019a jamais \u00e9t\u00e9. Apr\u00e8s un an de g\u00e9nocide, le sionisme est confront\u00e9 \u00e0 la d\u00e9faite. Sa fin ne saurait tarder. <\/span><\/span><\/span><\/p>\n<pre><em><span style=\"color: #000000;\"><span style=\"font-family: Arial, sans-serif;\"><span style=\"font-size: medium;\">Article original en anglais sur <a href=\"https:\/\/english.almayadeen.net\/articles\/analysis\/one-year-since-al-aqsa-flood\">Al Mayadeen<\/a> \/ Traduction MR<\/span><\/span><\/span><\/em><\/pre>\n<hr \/>\n<p align=\"LEFT\"><span style=\"font-family: Arial, sans-serif;\"><span style=\"color: #000000;\"><span style=\"font-size: medium;\"><a href=\"https:\/\/ismfrance.org\/wp-content\/uploads\/2024\/10\/david-miller.webp\"><img loading=\"lazy\" decoding=\"async\" class=\"wp-image-14715 alignleft\" src=\"https:\/\/ismfrance.org\/wp-content\/uploads\/2024\/10\/david-miller-700x700.webp\" alt=\"\" width=\"108\" height=\"108\" srcset=\"https:\/\/ismfrance.org\/wp-content\/uploads\/2024\/10\/david-miller-700x700.webp 700w, https:\/\/ismfrance.org\/wp-content\/uploads\/2024\/10\/david-miller-300x300.webp 300w, https:\/\/ismfrance.org\/wp-content\/uploads\/2024\/10\/david-miller-150x150.webp 150w, https:\/\/ismfrance.org\/wp-content\/uploads\/2024\/10\/david-miller-768x768.webp 768w, https:\/\/ismfrance.org\/wp-content\/uploads\/2024\/10\/david-miller-144x144.webp 144w, https:\/\/ismfrance.org\/wp-content\/uploads\/2024\/10\/david-miller.webp 1077w\" sizes=\"auto, (max-width: 108px) 100vw, 108px\" \/><\/a>L&rsquo;auteur : David Miller est journaliste d&rsquo;investigation et universitaire. Il est le fondateur et le codirecteur de l&rsquo;organisme de surveillance du lobbying <a href=\"https:\/\/spinwatch.org\/\">Spinwatch<\/a> et r\u00e9dacteur en chef de <a href=\"https:\/\/powerbase.info\/index.php\/Main_Page\">Powerbase.info<\/a>. Son compte X : <a href=\"https:\/\/x.com\/Tracking_Power\">@Tracking_Power<\/a><\/span><\/span><\/span><\/p>\n","protected":false},"excerpt":{"rendered":"<p>David Miller, 5 octobre 2024. Avant le 7 octobre 2023 et le lancement du D\u00e9luge d&rsquo;Al-Aqsa par les forces de la R\u00e9sistance palestinienne, les choses semblaient bien diff\u00e9rentes. Apr\u00e8s un <a class=\"more-link\" href=\"https:\/\/ismfrance.org\/index.php\/2024\/10\/06\/un-an-apres-le-deluge-dal-aqsa\/\">Lire la suite &rarr;<\/a><\/p>\n","protected":false},"author":3,"featured_media":14717,"comment_status":"closed","ping_status":"closed","sticky":false,"template":"","format":"standard","meta":{"footnotes":""},"categories":[12,2,1],"tags":[348,85,74],"class_list":["post-14713","post","type-post","status-publish","format-standard","has-post-thumbnail","hentry","category-analyses","category-articles","category-non-classe","tag-7-octobre-2023","tag-economie","tag-sionisme"],"yoast_head":"<!-- This site is optimized with the Yoast SEO plugin v27.2 - https:\/\/yoast.com\/product\/yoast-seo-wordpress\/ -->\n<title>Un an apr\u00e8s le D\u00e9luge d&#039;Al-Aqsa - International Solidarity Movement - ISM-France<\/title>\n<meta name=\"robots\" content=\"index, follow, max-snippet:-1, max-image-preview:large, max-video-preview:-1\" \/>\n<link rel=\"canonical\" href=\"https:\/\/ismfrance.org\/index.php\/2024\/10\/06\/un-an-apres-le-deluge-dal-aqsa\/\" \/>\n<meta property=\"og:locale\" content=\"fr_FR\" \/>\n<meta property=\"og:type\" content=\"article\" \/>\n<meta property=\"og:title\" content=\"Un an apr\u00e8s le D\u00e9luge d&#039;Al-Aqsa - International Solidarity Movement - ISM-France\" \/>\n<meta property=\"og:description\" content=\"David Miller, 5 octobre 2024. Avant le 7 octobre 2023 et le lancement du D\u00e9luge d&rsquo;Al-Aqsa par les forces de la R\u00e9sistance palestinienne, les choses semblaient bien diff\u00e9rentes. Apr\u00e8s un Lire la suite &rarr;\" \/>\n<meta property=\"og:url\" content=\"https:\/\/ismfrance.org\/index.php\/2024\/10\/06\/un-an-apres-le-deluge-dal-aqsa\/\" \/>\n<meta property=\"og:site_name\" content=\"International Solidarity Movement - ISM-France\" \/>\n<meta property=\"article:published_time\" content=\"2024-10-06T08:15:01+00:00\" \/>\n<meta property=\"article:modified_time\" content=\"2024-10-06T08:16:03+00:00\" \/>\n<meta property=\"og:image\" content=\"https:\/\/ismfrance.org\/wp-content\/uploads\/2024\/10\/david-miller.jpeg\" \/>\n\t<meta property=\"og:image:width\" content=\"1000\" \/>\n\t<meta property=\"og:image:height\" content=\"787\" \/>\n\t<meta property=\"og:image:type\" content=\"image\/jpeg\" \/>\n<meta name=\"author\" content=\"mru_01\" \/>\n<meta name=\"twitter:card\" content=\"summary_large_image\" \/>\n<meta name=\"twitter:creator\" content=\"@ISMFRANCE\" \/>\n<meta name=\"twitter:site\" content=\"@ISMFRANCE\" \/>\n<meta name=\"twitter:label1\" content=\"\u00c9crit par\" \/>\n\t<meta name=\"twitter:data1\" content=\"mru_01\" \/>\n\t<meta name=\"twitter:label2\" content=\"Dur\u00e9e de lecture estim\u00e9e\" \/>\n\t<meta name=\"twitter:data2\" content=\"7 minutes\" \/>\n<script type=\"application\/ld+json\" class=\"yoast-schema-graph\">{\"@context\":\"https:\/\/schema.org\",\"@graph\":[{\"@type\":\"Article\",\"@id\":\"https:\/\/ismfrance.org\/index.php\/2024\/10\/06\/un-an-apres-le-deluge-dal-aqsa\/#article\",\"isPartOf\":{\"@id\":\"https:\/\/ismfrance.org\/index.php\/2024\/10\/06\/un-an-apres-le-deluge-dal-aqsa\/\"},\"author\":{\"name\":\"mru_01\",\"@id\":\"https:\/\/ismfrance.org\/#\/schema\/person\/3c411eb72adfaae19c0dca1f41fae01d\"},\"headline\":\"Un an apr\u00e8s le D\u00e9luge d&rsquo;Al-Aqsa\",\"datePublished\":\"2024-10-06T08:15:01+00:00\",\"dateModified\":\"2024-10-06T08:16:03+00:00\",\"mainEntityOfPage\":{\"@id\":\"https:\/\/ismfrance.org\/index.php\/2024\/10\/06\/un-an-apres-le-deluge-dal-aqsa\/\"},\"wordCount\":1275,\"publisher\":{\"@id\":\"https:\/\/ismfrance.org\/#organization\"},\"image\":{\"@id\":\"https:\/\/ismfrance.org\/index.php\/2024\/10\/06\/un-an-apres-le-deluge-dal-aqsa\/#primaryimage\"},\"thumbnailUrl\":\"https:\/\/ismfrance.org\/wp-content\/uploads\/2024\/10\/david-miller.jpeg\",\"keywords\":[\"7 octobre 2023\",\"Economie\",\"Sionisme\"],\"articleSection\":[\"Analyses\",\"Articles\"],\"inLanguage\":\"fr-FR\"},{\"@type\":\"WebPage\",\"@id\":\"https:\/\/ismfrance.org\/index.php\/2024\/10\/06\/un-an-apres-le-deluge-dal-aqsa\/\",\"url\":\"https:\/\/ismfrance.org\/index.php\/2024\/10\/06\/un-an-apres-le-deluge-dal-aqsa\/\",\"name\":\"Un an apr\u00e8s le D\u00e9luge d'Al-Aqsa - International Solidarity Movement - ISM-France\",\"isPartOf\":{\"@id\":\"https:\/\/ismfrance.org\/#website\"},\"primaryImageOfPage\":{\"@id\":\"https:\/\/ismfrance.org\/index.php\/2024\/10\/06\/un-an-apres-le-deluge-dal-aqsa\/#primaryimage\"},\"image\":{\"@id\":\"https:\/\/ismfrance.org\/index.php\/2024\/10\/06\/un-an-apres-le-deluge-dal-aqsa\/#primaryimage\"},\"thumbnailUrl\":\"https:\/\/ismfrance.org\/wp-content\/uploads\/2024\/10\/david-miller.jpeg\",\"datePublished\":\"2024-10-06T08:15:01+00:00\",\"dateModified\":\"2024-10-06T08:16:03+00:00\",\"breadcrumb\":{\"@id\":\"https:\/\/ismfrance.org\/index.php\/2024\/10\/06\/un-an-apres-le-deluge-dal-aqsa\/#breadcrumb\"},\"inLanguage\":\"fr-FR\",\"potentialAction\":[{\"@type\":\"ReadAction\",\"target\":[\"https:\/\/ismfrance.org\/index.php\/2024\/10\/06\/un-an-apres-le-deluge-dal-aqsa\/\"]}]},{\"@type\":\"ImageObject\",\"inLanguage\":\"fr-FR\",\"@id\":\"https:\/\/ismfrance.org\/index.php\/2024\/10\/06\/un-an-apres-le-deluge-dal-aqsa\/#primaryimage\",\"url\":\"https:\/\/ismfrance.org\/wp-content\/uploads\/2024\/10\/david-miller.jpeg\",\"contentUrl\":\"https:\/\/ismfrance.org\/wp-content\/uploads\/2024\/10\/david-miller.jpeg\",\"width\":1000,\"height\":787},{\"@type\":\"BreadcrumbList\",\"@id\":\"https:\/\/ismfrance.org\/index.php\/2024\/10\/06\/un-an-apres-le-deluge-dal-aqsa\/#breadcrumb\",\"itemListElement\":[{\"@type\":\"ListItem\",\"position\":1,\"name\":\"Accueil\",\"item\":\"https:\/\/ismfrance.org\/\"},{\"@type\":\"ListItem\",\"position\":2,\"name\":\"Un an apr\u00e8s le D\u00e9luge d&#8217;Al-Aqsa\"}]},{\"@type\":\"WebSite\",\"@id\":\"https:\/\/ismfrance.org\/#website\",\"url\":\"https:\/\/ismfrance.org\/\",\"name\":\"ISM Palestine France\",\"description\":\"Soutien aux luttes de lib\u00e9ration du peuple palestinien\",\"publisher\":{\"@id\":\"https:\/\/ismfrance.org\/#organization\"},\"potentialAction\":[{\"@type\":\"SearchAction\",\"target\":{\"@type\":\"EntryPoint\",\"urlTemplate\":\"https:\/\/ismfrance.org\/?s={search_term_string}\"},\"query-input\":{\"@type\":\"PropertyValueSpecification\",\"valueRequired\":true,\"valueName\":\"search_term_string\"}}],\"inLanguage\":\"fr-FR\"},{\"@type\":\"Organization\",\"@id\":\"https:\/\/ismfrance.org\/#organization\",\"name\":\"International Solidarity Movement\",\"url\":\"https:\/\/ismfrance.org\/\",\"logo\":{\"@type\":\"ImageObject\",\"inLanguage\":\"fr-FR\",\"@id\":\"https:\/\/ismfrance.org\/#\/schema\/logo\/image\/\",\"url\":\"https:\/\/ismfrance.org\/wp-content\/uploads\/2020\/12\/00.png\",\"contentUrl\":\"https:\/\/ismfrance.org\/wp-content\/uploads\/2020\/12\/00.png\",\"width\":400,\"height\":400,\"caption\":\"International Solidarity Movement\"},\"image\":{\"@id\":\"https:\/\/ismfrance.org\/#\/schema\/logo\/image\/\"},\"sameAs\":[\"https:\/\/x.com\/ISMFRANCE\"]},{\"@type\":\"Person\",\"@id\":\"https:\/\/ismfrance.org\/#\/schema\/person\/3c411eb72adfaae19c0dca1f41fae01d\",\"name\":\"mru_01\",\"image\":{\"@type\":\"ImageObject\",\"inLanguage\":\"fr-FR\",\"@id\":\"https:\/\/secure.gravatar.com\/avatar\/3a0be343b445d2ccc79e87444a294fad2b232e90d2051d0e3cc219e1ecd6a330?s=96&d=mm&r=g\",\"url\":\"https:\/\/secure.gravatar.com\/avatar\/3a0be343b445d2ccc79e87444a294fad2b232e90d2051d0e3cc219e1ecd6a330?s=96&d=mm&r=g\",\"contentUrl\":\"https:\/\/secure.gravatar.com\/avatar\/3a0be343b445d2ccc79e87444a294fad2b232e90d2051d0e3cc219e1ecd6a330?s=96&d=mm&r=g\",\"caption\":\"mru_01\"},\"url\":\"https:\/\/ismfrance.org\/index.php\/author\/admin02\/\"}]}<\/script>\n<!-- \/ Yoast SEO plugin. -->","yoast_head_json":{"title":"Un an apr\u00e8s le D\u00e9luge d'Al-Aqsa - International Solidarity Movement - ISM-France","robots":{"index":"index","follow":"follow","max-snippet":"max-snippet:-1","max-image-preview":"max-image-preview:large","max-video-preview":"max-video-preview:-1"},"canonical":"https:\/\/ismfrance.org\/index.php\/2024\/10\/06\/un-an-apres-le-deluge-dal-aqsa\/","og_locale":"fr_FR","og_type":"article","og_title":"Un an apr\u00e8s le D\u00e9luge d'Al-Aqsa - International Solidarity Movement - ISM-France","og_description":"David Miller, 5 octobre 2024. Avant le 7 octobre 2023 et le lancement du D\u00e9luge d&rsquo;Al-Aqsa par les forces de la R\u00e9sistance palestinienne, les choses semblaient bien diff\u00e9rentes. Apr\u00e8s un Lire la suite &rarr;","og_url":"https:\/\/ismfrance.org\/index.php\/2024\/10\/06\/un-an-apres-le-deluge-dal-aqsa\/","og_site_name":"International Solidarity Movement - ISM-France","article_published_time":"2024-10-06T08:15:01+00:00","article_modified_time":"2024-10-06T08:16:03+00:00","og_image":[{"width":1000,"height":787,"url":"https:\/\/ismfrance.org\/wp-content\/uploads\/2024\/10\/david-miller.jpeg","type":"image\/jpeg"}],"author":"mru_01","twitter_card":"summary_large_image","twitter_creator":"@ISMFRANCE","twitter_site":"@ISMFRANCE","twitter_misc":{"\u00c9crit par":"mru_01","Dur\u00e9e de lecture estim\u00e9e":"7 minutes"},"schema":{"@context":"https:\/\/schema.org","@graph":[{"@type":"Article","@id":"https:\/\/ismfrance.org\/index.php\/2024\/10\/06\/un-an-apres-le-deluge-dal-aqsa\/#article","isPartOf":{"@id":"https:\/\/ismfrance.org\/index.php\/2024\/10\/06\/un-an-apres-le-deluge-dal-aqsa\/"},"author":{"name":"mru_01","@id":"https:\/\/ismfrance.org\/#\/schema\/person\/3c411eb72adfaae19c0dca1f41fae01d"},"headline":"Un an apr\u00e8s le D\u00e9luge d&rsquo;Al-Aqsa","datePublished":"2024-10-06T08:15:01+00:00","dateModified":"2024-10-06T08:16:03+00:00","mainEntityOfPage":{"@id":"https:\/\/ismfrance.org\/index.php\/2024\/10\/06\/un-an-apres-le-deluge-dal-aqsa\/"},"wordCount":1275,"publisher":{"@id":"https:\/\/ismfrance.org\/#organization"},"image":{"@id":"https:\/\/ismfrance.org\/index.php\/2024\/10\/06\/un-an-apres-le-deluge-dal-aqsa\/#primaryimage"},"thumbnailUrl":"https:\/\/ismfrance.org\/wp-content\/uploads\/2024\/10\/david-miller.jpeg","keywords":["7 octobre 2023","Economie","Sionisme"],"articleSection":["Analyses","Articles"],"inLanguage":"fr-FR"},{"@type":"WebPage","@id":"https:\/\/ismfrance.org\/index.php\/2024\/10\/06\/un-an-apres-le-deluge-dal-aqsa\/","url":"https:\/\/ismfrance.org\/index.php\/2024\/10\/06\/un-an-apres-le-deluge-dal-aqsa\/","name":"Un an apr\u00e8s le D\u00e9luge d'Al-Aqsa - International Solidarity Movement - ISM-France","isPartOf":{"@id":"https:\/\/ismfrance.org\/#website"},"primaryImageOfPage":{"@id":"https:\/\/ismfrance.org\/index.php\/2024\/10\/06\/un-an-apres-le-deluge-dal-aqsa\/#primaryimage"},"image":{"@id":"https:\/\/ismfrance.org\/index.php\/2024\/10\/06\/un-an-apres-le-deluge-dal-aqsa\/#primaryimage"},"thumbnailUrl":"https:\/\/ismfrance.org\/wp-content\/uploads\/2024\/10\/david-miller.jpeg","datePublished":"2024-10-06T08:15:01+00:00","dateModified":"2024-10-06T08:16:03+00:00","breadcrumb":{"@id":"https:\/\/ismfrance.org\/index.php\/2024\/10\/06\/un-an-apres-le-deluge-dal-aqsa\/#breadcrumb"},"inLanguage":"fr-FR","potentialAction":[{"@type":"ReadAction","target":["https:\/\/ismfrance.org\/index.php\/2024\/10\/06\/un-an-apres-le-deluge-dal-aqsa\/"]}]},{"@type":"ImageObject","inLanguage":"fr-FR","@id":"https:\/\/ismfrance.org\/index.php\/2024\/10\/06\/un-an-apres-le-deluge-dal-aqsa\/#primaryimage","url":"https:\/\/ismfrance.org\/wp-content\/uploads\/2024\/10\/david-miller.jpeg","contentUrl":"https:\/\/ismfrance.org\/wp-content\/uploads\/2024\/10\/david-miller.jpeg","width":1000,"height":787},{"@type":"BreadcrumbList","@id":"https:\/\/ismfrance.org\/index.php\/2024\/10\/06\/un-an-apres-le-deluge-dal-aqsa\/#breadcrumb","itemListElement":[{"@type":"ListItem","position":1,"name":"Accueil","item":"https:\/\/ismfrance.org\/"},{"@type":"ListItem","position":2,"name":"Un an apr\u00e8s le D\u00e9luge d&#8217;Al-Aqsa"}]},{"@type":"WebSite","@id":"https:\/\/ismfrance.org\/#website","url":"https:\/\/ismfrance.org\/","name":"ISM Palestine France","description":"Soutien aux luttes de lib\u00e9ration du peuple palestinien","publisher":{"@id":"https:\/\/ismfrance.org\/#organization"},"potentialAction":[{"@type":"SearchAction","target":{"@type":"EntryPoint","urlTemplate":"https:\/\/ismfrance.org\/?s={search_term_string}"},"query-input":{"@type":"PropertyValueSpecification","valueRequired":true,"valueName":"search_term_string"}}],"inLanguage":"fr-FR"},{"@type":"Organization","@id":"https:\/\/ismfrance.org\/#organization","name":"International Solidarity Movement","url":"https:\/\/ismfrance.org\/","logo":{"@type":"ImageObject","inLanguage":"fr-FR","@id":"https:\/\/ismfrance.org\/#\/schema\/logo\/image\/","url":"https:\/\/ismfrance.org\/wp-content\/uploads\/2020\/12\/00.png","contentUrl":"https:\/\/ismfrance.org\/wp-content\/uploads\/2020\/12\/00.png","width":400,"height":400,"caption":"International Solidarity Movement"},"image":{"@id":"https:\/\/ismfrance.org\/#\/schema\/logo\/image\/"},"sameAs":["https:\/\/x.com\/ISMFRANCE"]},{"@type":"Person","@id":"https:\/\/ismfrance.org\/#\/schema\/person\/3c411eb72adfaae19c0dca1f41fae01d","name":"mru_01","image":{"@type":"ImageObject","inLanguage":"fr-FR","@id":"https:\/\/secure.gravatar.com\/avatar\/3a0be343b445d2ccc79e87444a294fad2b232e90d2051d0e3cc219e1ecd6a330?s=96&d=mm&r=g","url":"https:\/\/secure.gravatar.com\/avatar\/3a0be343b445d2ccc79e87444a294fad2b232e90d2051d0e3cc219e1ecd6a330?s=96&d=mm&r=g","contentUrl":"https:\/\/secure.gravatar.com\/avatar\/3a0be343b445d2ccc79e87444a294fad2b232e90d2051d0e3cc219e1ecd6a330?s=96&d=mm&r=g","caption":"mru_01"},"url":"https:\/\/ismfrance.org\/index.php\/author\/admin02\/"}]}},"_links":{"self":[{"href":"https:\/\/ismfrance.org\/index.php\/wp-json\/wp\/v2\/posts\/14713","targetHints":{"allow":["GET"]}}],"collection":[{"href":"https:\/\/ismfrance.org\/index.php\/wp-json\/wp\/v2\/posts"}],"about":[{"href":"https:\/\/ismfrance.org\/index.php\/wp-json\/wp\/v2\/types\/post"}],"author":[{"embeddable":true,"href":"https:\/\/ismfrance.org\/index.php\/wp-json\/wp\/v2\/users\/3"}],"replies":[{"embeddable":true,"href":"https:\/\/ismfrance.org\/index.php\/wp-json\/wp\/v2\/comments?post=14713"}],"version-history":[{"count":0,"href":"https:\/\/ismfrance.org\/index.php\/wp-json\/wp\/v2\/posts\/14713\/revisions"}],"wp:featuredmedia":[{"embeddable":true,"href":"https:\/\/ismfrance.org\/index.php\/wp-json\/wp\/v2\/media\/14717"}],"wp:attachment":[{"href":"https:\/\/ismfrance.org\/index.php\/wp-json\/wp\/v2\/media?parent=14713"}],"wp:term":[{"taxonomy":"category","embeddable":true,"href":"https:\/\/ismfrance.org\/index.php\/wp-json\/wp\/v2\/categories?post=14713"},{"taxonomy":"post_tag","embeddable":true,"href":"https:\/\/ismfrance.org\/index.php\/wp-json\/wp\/v2\/tags?post=14713"}],"curies":[{"name":"wp","href":"https:\/\/api.w.org\/{rel}","templated":true}]}}