{"id":14649,"date":"2024-10-02T13:14:05","date_gmt":"2024-10-02T11:14:05","guid":{"rendered":"https:\/\/ismfrance.org\/?p=14649"},"modified":"2024-10-02T13:14:34","modified_gmt":"2024-10-02T11:14:34","slug":"les-forces-delite-israeliennes-subissent-de-lourdes-pertes-lors-daffrontements-a-distance-zero-avec-le-hezbollah","status":"publish","type":"post","link":"https:\/\/ismfrance.org\/index.php\/2024\/10\/02\/les-forces-delite-israeliennes-subissent-de-lourdes-pertes-lors-daffrontements-a-distance-zero-avec-le-hezbollah\/","title":{"rendered":"Les \u00ab forces d&rsquo;\u00e9lite \u00bb isra\u00e9liennes subissent de lourdes pertes lors d&rsquo;affrontements \u00e0 distance z\u00e9ro avec le Hezbollah"},"content":{"rendered":"<p><span style=\"font-family: Verdana, sans-serif;\"><span style=\"font-size: medium;\"><strong>The Cradle, 2 octobre 2024<\/strong>. Les combattants du Hezbollah continuent de battre les forces isra\u00e9liennes pr\u00e8s de la fronti\u00e8re libanaise, avant une invasion terrestre imminente que l&rsquo;arm\u00e9e et les m\u00e9dias isra\u00e9liens pr\u00e9tendent \u00e0 tort avoir d\u00e9j\u00e0 commenc\u00e9.<\/span><\/span><\/p>\n<div id=\"attachment_14652\" style=\"width: 610px\" class=\"wp-caption alignnone\"><a href=\"https:\/\/ismfrance.org\/wp-content\/uploads\/2024\/10\/embuscade.jpeg\"><img loading=\"lazy\" decoding=\"async\" aria-describedby=\"caption-attachment-14652\" class=\"wp-image-14652 size-large\" src=\"https:\/\/ismfrance.org\/wp-content\/uploads\/2024\/10\/embuscade-700x290.jpeg\" alt=\"\" width=\"600\" height=\"249\" srcset=\"https:\/\/ismfrance.org\/wp-content\/uploads\/2024\/10\/embuscade-700x290.jpeg 700w, https:\/\/ismfrance.org\/wp-content\/uploads\/2024\/10\/embuscade-300x124.jpeg 300w, https:\/\/ismfrance.org\/wp-content\/uploads\/2024\/10\/embuscade-768x319.jpeg 768w, https:\/\/ismfrance.org\/wp-content\/uploads\/2024\/10\/embuscade.jpeg 1080w\" sizes=\"auto, (max-width: 600px) 100vw, 600px\" \/><\/a><p id=\"caption-attachment-14652\" class=\"wp-caption-text\">La derni\u00e8re photo prise du commando isra\u00e9lien aux portes de la ville d&rsquo;Adaisseh, au sud du Liban, avant qu&rsquo;il ne tombe dans une embuscade du Hezbollah ce matin. (<a href=\"https:\/\/x.com\/MyLordBebo\/status\/1841417148477923760\/photo\/1\">source<\/a>)<\/p><\/div>\n<p><span style=\"font-family: Verdana, sans-serif;\"><span style=\"font-size: medium;\">Le Hezbollah a d\u00e9clar\u00e9 dans un communiqu\u00e9 publi\u00e9 t\u00f4t le 2 octobre <a href=\"https:\/\/x.com\/WarWatchs\/status\/1841365287704080856\">avoir d\u00e9jou\u00e9<\/a> une tentative des soldats isra\u00e9liens de p\u00e9n\u00e9trer sur le territoire libanais.<\/span><\/span><\/p>\n<p><span style=\"font-family: Verdana, sans-serif;\"><span style=\"font-size: medium;\">\u00ab Pour d\u00e9fendre le Liban et son peuple, les combattants de la R\u00e9sistance islamique, \u00e0 l&rsquo;aube du 2 octobre 2024, ont affront\u00e9 une force d&rsquo;infanterie ennemie isra\u00e9lienne qui tentait d&rsquo;infiltrer la ville d&rsquo;Odaisseh depuis la direction de Khallet al-Mahafer, l&rsquo;affrontant, lui infligeant des pertes et la for\u00e7ant \u00e0 battre en retraite \u00bb, a d\u00e9clar\u00e9 le Hezbollah mercredi matin.<\/span><\/span><\/p>\n<p><span style=\"font-family: Verdana, sans-serif;\"><span style=\"font-size: medium;\">Selon les cha\u00eenes de t\u00e9l\u00e9grammes h\u00e9bra\u00efques, au moins 20 soldats isra\u00e9liens ont \u00e9t\u00e9 <a href=\"https:\/\/x.com\/i\/status\/1841432368088793157\">bless\u00e9s<\/a> et deux ont \u00e9t\u00e9 confirm\u00e9s tu\u00e9s par les combattants du Hezbollah.<\/span><\/span><\/p>\n<p><span style=\"font-family: Verdana, sans-serif;\"><span style=\"font-size: medium;\">Le correspondant d\u2019<a href=\"https:\/\/english.almayadeen.net\/news\/politics\/hezbollah-ambushes-israeli-infantry-force-trying-to-infiltra\"><i>Al Mayadeen<\/i><\/a> au sud du Liban a d\u00e9clar\u00e9 que \u00ab des dizaines de membres des forces d\u2019\u00e9lite [isra\u00e9liennes] ont \u00e9t\u00e9 bless\u00e9s et que leurs cris ont r\u00e9sonn\u00e9 dans la zone d\u2019embuscade \u00bb. Plusieurs m\u00e9dias h\u00e9breux ont fait \u00e9tat d\u2019un \u00ab incident de s\u00e9curit\u00e9 \u00bb difficile \u00e0 la fronti\u00e8re nord, et une stricte censure militaire a \u00e9t\u00e9 impos\u00e9e sur l\u2019\u00e9v\u00e9nement.<\/span><\/span><\/p>\n<p><span style=\"font-family: Verdana, sans-serif;\"><span style=\"font-size: medium;\">\u00ab Lors d\u2019un incident difficile, les forces sp\u00e9ciales isra\u00e9liennes ont rencontr\u00e9 dans le sud du Liban une force Radwan sous le couvert de boucliers humains qui a tir\u00e9 deux missiles de pr\u00e9cision sur nos forces, blessant plus de 20 personnes et en tuant deux (\u2026), les bless\u00e9s ont \u00e9t\u00e9 transport\u00e9s par h\u00e9licopt\u00e8re \u00bb, a d\u00e9clar\u00e9 le journaliste isra\u00e9lien Asadi Amar.<\/span><\/span><\/p>\n<p><span style=\"font-family: Verdana, sans-serif;\"><span style=\"font-size: medium;\">Le Hezbollah a annonc\u00e9 plusieurs autres attaques le 2 octobre, notamment des bombardements de roquettes et d\u2019artillerie sur les forces isra\u00e9liennes stationn\u00e9es sur le site frontalier de Misgav Am.<\/span><\/span><\/p>\n<p><span style=\"font-family: Verdana, sans-serif;\"><span style=\"font-size: medium;\">La r\u00e9sistance libanaise a men\u00e9 plusieurs op\u00e9rations transfrontali\u00e8res le 1er octobre, ciblant des rassemblements de troupes isra\u00e9liennes et des concentrations de soldats stationn\u00e9s pr\u00e8s de la fronti\u00e8re en pr\u00e9vision d\u2019une op\u00e9ration terrestre dans le sud du Liban.<\/span><\/span><\/p>\n<p><span style=\"font-family: Verdana, sans-serif;\"><span style=\"font-size: medium;\">Ces op\u00e9rations comprenaient une attaque \u00e0 la roquette Katyusha contre des troupes stationn\u00e9es entre les sites de Ramtha et Samaqa dans les collines occup\u00e9es de Kfar Shuba, une attaque \u00e0 la roquette Falaq 2 contre la caserne de Dovev.<\/span><\/span><\/p>\n<p><span style=\"font-family: Verdana, sans-serif;\"><span style=\"font-size: medium;\">L\u2019arm\u00e9e isra\u00e9lienne, ainsi que les m\u00e9dias occidentaux et h\u00e9breux, ont affirm\u00e9 que les forces isra\u00e9liennes avaient d\u00e9j\u00e0 commenc\u00e9 des \u00ab raids localis\u00e9s \u00bb ciblant les \u00ab infrastructures \u00bb du Hezbollah \u00e0 l\u2019int\u00e9rieur du territoire libanais. Des journalistes \u00e0 la fronti\u00e8re, ainsi que la FINUL et l\u2019arm\u00e9e libanaise, ont confirm\u00e9 qu\u2019aucune op\u00e9ration terrestre n\u2019avait encore commenc\u00e9.<\/span><\/span><\/p>\n<p><span style=\"font-family: Verdana, sans-serif;\"><span style=\"font-size: medium;\">L\u2019arm\u00e9e isra\u00e9lienne a publi\u00e9 le 1er octobre <a href=\"https:\/\/www.timesofisrael.com\/troops-said-to-enter-hezbollah-tunnels-with-pre-invasion-forays-into-lebanon\/\">des images de ses soldats<\/a> se promenant dans d\u2019anciens tunnels du Hezbollah, hors d\u2019usage depuis des ann\u00e9es.<\/span><\/span><\/p>\n<p><span style=\"font-family: Verdana, sans-serif;\"><span style=\"font-size: medium;\">\u00ab L\u2019arm\u00e9e ennemie sioniste a publi\u00e9 des photos et des vid\u00e9os \u00e0 l\u2019int\u00e9rieur de ce qu\u2019elle a appel\u00e9 des sites de stockage et des tunnels pour le Hezbollah, dans le cadre de sa guerre psychologique et de ses fausses d\u00e9clarations (\u2026). Nous confirmons que ces photos et vid\u00e9os sont tr\u00e8s anciennes et n\u2019ont aucun rapport avec les op\u00e9rations militaires actuelles \u00e0 la fronti\u00e8re libanaise avec la Palestine occup\u00e9e \u00bb, a d\u00e9clar\u00e9 le bureau des relations avec les m\u00e9dias du Hezbollah dans un communiqu\u00e9 mardi.<\/span><\/span><\/p>\n<pre><em><span style=\"font-family: Verdana, sans-serif;\"><span style=\"font-size: medium;\">Article original en anglais sur <a href=\"https:\/\/thecradle.co\/articles-id\/27107\">The Cradle<\/a> \/ Traduction MR<\/span><\/span><\/em><\/pre>\n","protected":false},"excerpt":{"rendered":"<p>The Cradle, 2 octobre 2024. Les combattants du Hezbollah continuent de battre les forces isra\u00e9liennes pr\u00e8s de la fronti\u00e8re libanaise, avant une invasion terrestre imminente que l&rsquo;arm\u00e9e et les m\u00e9dias <a class=\"more-link\" href=\"https:\/\/ismfrance.org\/index.php\/2024\/10\/02\/les-forces-delite-israeliennes-subissent-de-lourdes-pertes-lors-daffrontements-a-distance-zero-avec-le-hezbollah\/\">Lire la suite &rarr;<\/a><\/p>\n","protected":false},"author":3,"featured_media":14652,"comment_status":"closed","ping_status":"closed","sticky":false,"template":"","format":"standard","meta":{"footnotes":""},"categories":[2,13],"tags":[65,76],"class_list":["post-14649","post","type-post","status-publish","format-standard","has-post-thumbnail","hentry","category-articles","category-temoignages","tag-armement-israelien","tag-liban"],"yoast_head":"<!-- This site is optimized with the Yoast SEO plugin v27.2 - https:\/\/yoast.com\/product\/yoast-seo-wordpress\/ -->\n<title>Les \u00ab forces d&#039;\u00e9lite \u00bb isra\u00e9liennes subissent de lourdes pertes lors d&#039;affrontements \u00e0 distance z\u00e9ro avec le Hezbollah - International Solidarity Movement - ISM-France<\/title>\n<meta name=\"robots\" content=\"index, follow, max-snippet:-1, max-image-preview:large, max-video-preview:-1\" \/>\n<link rel=\"canonical\" href=\"https:\/\/ismfrance.org\/index.php\/2024\/10\/02\/les-forces-delite-israeliennes-subissent-de-lourdes-pertes-lors-daffrontements-a-distance-zero-avec-le-hezbollah\/\" \/>\n<meta property=\"og:locale\" content=\"fr_FR\" \/>\n<meta property=\"og:type\" content=\"article\" \/>\n<meta property=\"og:title\" content=\"Les \u00ab forces d&#039;\u00e9lite \u00bb isra\u00e9liennes subissent de lourdes pertes lors d&#039;affrontements \u00e0 distance z\u00e9ro avec le Hezbollah - International Solidarity Movement - ISM-France\" \/>\n<meta property=\"og:description\" content=\"The Cradle, 2 octobre 2024. Les combattants du Hezbollah continuent de battre les forces isra\u00e9liennes pr\u00e8s de la fronti\u00e8re libanaise, avant une invasion terrestre imminente que l&rsquo;arm\u00e9e et les m\u00e9dias Lire la suite &rarr;\" \/>\n<meta property=\"og:url\" content=\"https:\/\/ismfrance.org\/index.php\/2024\/10\/02\/les-forces-delite-israeliennes-subissent-de-lourdes-pertes-lors-daffrontements-a-distance-zero-avec-le-hezbollah\/\" \/>\n<meta property=\"og:site_name\" content=\"International Solidarity Movement - ISM-France\" \/>\n<meta property=\"article:published_time\" content=\"2024-10-02T11:14:05+00:00\" \/>\n<meta property=\"article:modified_time\" content=\"2024-10-02T11:14:34+00:00\" \/>\n<meta property=\"og:image\" content=\"https:\/\/ismfrance.org\/wp-content\/uploads\/2024\/10\/embuscade.jpeg\" \/>\n\t<meta property=\"og:image:width\" content=\"1080\" \/>\n\t<meta property=\"og:image:height\" content=\"448\" \/>\n\t<meta property=\"og:image:type\" content=\"image\/jpeg\" \/>\n<meta name=\"author\" content=\"mru_01\" \/>\n<meta name=\"twitter:card\" content=\"summary_large_image\" \/>\n<meta name=\"twitter:creator\" content=\"@ISMFRANCE\" \/>\n<meta name=\"twitter:site\" content=\"@ISMFRANCE\" \/>\n<meta name=\"twitter:label1\" content=\"\u00c9crit par\" \/>\n\t<meta name=\"twitter:data1\" content=\"mru_01\" \/>\n\t<meta name=\"twitter:label2\" content=\"Dur\u00e9e de lecture estim\u00e9e\" \/>\n\t<meta name=\"twitter:data2\" content=\"4 minutes\" \/>\n<script type=\"application\/ld+json\" class=\"yoast-schema-graph\">{\"@context\":\"https:\/\/schema.org\",\"@graph\":[{\"@type\":\"Article\",\"@id\":\"https:\/\/ismfrance.org\/index.php\/2024\/10\/02\/les-forces-delite-israeliennes-subissent-de-lourdes-pertes-lors-daffrontements-a-distance-zero-avec-le-hezbollah\/#article\",\"isPartOf\":{\"@id\":\"https:\/\/ismfrance.org\/index.php\/2024\/10\/02\/les-forces-delite-israeliennes-subissent-de-lourdes-pertes-lors-daffrontements-a-distance-zero-avec-le-hezbollah\/\"},\"author\":{\"name\":\"mru_01\",\"@id\":\"https:\/\/ismfrance.org\/#\/schema\/person\/3c411eb72adfaae19c0dca1f41fae01d\"},\"headline\":\"Les \u00ab forces d&rsquo;\u00e9lite \u00bb isra\u00e9liennes subissent de lourdes pertes lors d&rsquo;affrontements \u00e0 distance z\u00e9ro avec le Hezbollah\",\"datePublished\":\"2024-10-02T11:14:05+00:00\",\"dateModified\":\"2024-10-02T11:14:34+00:00\",\"mainEntityOfPage\":{\"@id\":\"https:\/\/ismfrance.org\/index.php\/2024\/10\/02\/les-forces-delite-israeliennes-subissent-de-lourdes-pertes-lors-daffrontements-a-distance-zero-avec-le-hezbollah\/\"},\"wordCount\":670,\"publisher\":{\"@id\":\"https:\/\/ismfrance.org\/#organization\"},\"image\":{\"@id\":\"https:\/\/ismfrance.org\/index.php\/2024\/10\/02\/les-forces-delite-israeliennes-subissent-de-lourdes-pertes-lors-daffrontements-a-distance-zero-avec-le-hezbollah\/#primaryimage\"},\"thumbnailUrl\":\"https:\/\/ismfrance.org\/wp-content\/uploads\/2024\/10\/embuscade.jpeg\",\"keywords\":[\"armement isra\u00e9lien\",\"Liban\"],\"articleSection\":[\"Articles\",\"T\u00e9moignages\"],\"inLanguage\":\"fr-FR\"},{\"@type\":\"WebPage\",\"@id\":\"https:\/\/ismfrance.org\/index.php\/2024\/10\/02\/les-forces-delite-israeliennes-subissent-de-lourdes-pertes-lors-daffrontements-a-distance-zero-avec-le-hezbollah\/\",\"url\":\"https:\/\/ismfrance.org\/index.php\/2024\/10\/02\/les-forces-delite-israeliennes-subissent-de-lourdes-pertes-lors-daffrontements-a-distance-zero-avec-le-hezbollah\/\",\"name\":\"Les \u00ab forces d'\u00e9lite \u00bb isra\u00e9liennes subissent de lourdes pertes lors d'affrontements \u00e0 distance z\u00e9ro avec le Hezbollah - International Solidarity Movement - ISM-France\",\"isPartOf\":{\"@id\":\"https:\/\/ismfrance.org\/#website\"},\"primaryImageOfPage\":{\"@id\":\"https:\/\/ismfrance.org\/index.php\/2024\/10\/02\/les-forces-delite-israeliennes-subissent-de-lourdes-pertes-lors-daffrontements-a-distance-zero-avec-le-hezbollah\/#primaryimage\"},\"image\":{\"@id\":\"https:\/\/ismfrance.org\/index.php\/2024\/10\/02\/les-forces-delite-israeliennes-subissent-de-lourdes-pertes-lors-daffrontements-a-distance-zero-avec-le-hezbollah\/#primaryimage\"},\"thumbnailUrl\":\"https:\/\/ismfrance.org\/wp-content\/uploads\/2024\/10\/embuscade.jpeg\",\"datePublished\":\"2024-10-02T11:14:05+00:00\",\"dateModified\":\"2024-10-02T11:14:34+00:00\",\"breadcrumb\":{\"@id\":\"https:\/\/ismfrance.org\/index.php\/2024\/10\/02\/les-forces-delite-israeliennes-subissent-de-lourdes-pertes-lors-daffrontements-a-distance-zero-avec-le-hezbollah\/#breadcrumb\"},\"inLanguage\":\"fr-FR\",\"potentialAction\":[{\"@type\":\"ReadAction\",\"target\":[\"https:\/\/ismfrance.org\/index.php\/2024\/10\/02\/les-forces-delite-israeliennes-subissent-de-lourdes-pertes-lors-daffrontements-a-distance-zero-avec-le-hezbollah\/\"]}]},{\"@type\":\"ImageObject\",\"inLanguage\":\"fr-FR\",\"@id\":\"https:\/\/ismfrance.org\/index.php\/2024\/10\/02\/les-forces-delite-israeliennes-subissent-de-lourdes-pertes-lors-daffrontements-a-distance-zero-avec-le-hezbollah\/#primaryimage\",\"url\":\"https:\/\/ismfrance.org\/wp-content\/uploads\/2024\/10\/embuscade.jpeg\",\"contentUrl\":\"https:\/\/ismfrance.org\/wp-content\/uploads\/2024\/10\/embuscade.jpeg\",\"width\":1080,\"height\":448},{\"@type\":\"BreadcrumbList\",\"@id\":\"https:\/\/ismfrance.org\/index.php\/2024\/10\/02\/les-forces-delite-israeliennes-subissent-de-lourdes-pertes-lors-daffrontements-a-distance-zero-avec-le-hezbollah\/#breadcrumb\",\"itemListElement\":[{\"@type\":\"ListItem\",\"position\":1,\"name\":\"Accueil\",\"item\":\"https:\/\/ismfrance.org\/\"},{\"@type\":\"ListItem\",\"position\":2,\"name\":\"Les \u00ab forces d&#8217;\u00e9lite \u00bb isra\u00e9liennes subissent de lourdes pertes lors d&#8217;affrontements \u00e0 distance z\u00e9ro avec le Hezbollah\"}]},{\"@type\":\"WebSite\",\"@id\":\"https:\/\/ismfrance.org\/#website\",\"url\":\"https:\/\/ismfrance.org\/\",\"name\":\"ISM Palestine France\",\"description\":\"Soutien aux luttes de lib\u00e9ration du peuple palestinien\",\"publisher\":{\"@id\":\"https:\/\/ismfrance.org\/#organization\"},\"potentialAction\":[{\"@type\":\"SearchAction\",\"target\":{\"@type\":\"EntryPoint\",\"urlTemplate\":\"https:\/\/ismfrance.org\/?s={search_term_string}\"},\"query-input\":{\"@type\":\"PropertyValueSpecification\",\"valueRequired\":true,\"valueName\":\"search_term_string\"}}],\"inLanguage\":\"fr-FR\"},{\"@type\":\"Organization\",\"@id\":\"https:\/\/ismfrance.org\/#organization\",\"name\":\"International Solidarity Movement\",\"url\":\"https:\/\/ismfrance.org\/\",\"logo\":{\"@type\":\"ImageObject\",\"inLanguage\":\"fr-FR\",\"@id\":\"https:\/\/ismfrance.org\/#\/schema\/logo\/image\/\",\"url\":\"https:\/\/ismfrance.org\/wp-content\/uploads\/2020\/12\/00.png\",\"contentUrl\":\"https:\/\/ismfrance.org\/wp-content\/uploads\/2020\/12\/00.png\",\"width\":400,\"height\":400,\"caption\":\"International Solidarity Movement\"},\"image\":{\"@id\":\"https:\/\/ismfrance.org\/#\/schema\/logo\/image\/\"},\"sameAs\":[\"https:\/\/x.com\/ISMFRANCE\"]},{\"@type\":\"Person\",\"@id\":\"https:\/\/ismfrance.org\/#\/schema\/person\/3c411eb72adfaae19c0dca1f41fae01d\",\"name\":\"mru_01\",\"image\":{\"@type\":\"ImageObject\",\"inLanguage\":\"fr-FR\",\"@id\":\"https:\/\/secure.gravatar.com\/avatar\/3a0be343b445d2ccc79e87444a294fad2b232e90d2051d0e3cc219e1ecd6a330?s=96&d=mm&r=g\",\"url\":\"https:\/\/secure.gravatar.com\/avatar\/3a0be343b445d2ccc79e87444a294fad2b232e90d2051d0e3cc219e1ecd6a330?s=96&d=mm&r=g\",\"contentUrl\":\"https:\/\/secure.gravatar.com\/avatar\/3a0be343b445d2ccc79e87444a294fad2b232e90d2051d0e3cc219e1ecd6a330?s=96&d=mm&r=g\",\"caption\":\"mru_01\"},\"url\":\"https:\/\/ismfrance.org\/index.php\/author\/admin02\/\"}]}<\/script>\n<!-- \/ Yoast SEO plugin. -->","yoast_head_json":{"title":"Les \u00ab forces d'\u00e9lite \u00bb isra\u00e9liennes subissent de lourdes pertes lors d'affrontements \u00e0 distance z\u00e9ro avec le Hezbollah - International Solidarity Movement - ISM-France","robots":{"index":"index","follow":"follow","max-snippet":"max-snippet:-1","max-image-preview":"max-image-preview:large","max-video-preview":"max-video-preview:-1"},"canonical":"https:\/\/ismfrance.org\/index.php\/2024\/10\/02\/les-forces-delite-israeliennes-subissent-de-lourdes-pertes-lors-daffrontements-a-distance-zero-avec-le-hezbollah\/","og_locale":"fr_FR","og_type":"article","og_title":"Les \u00ab forces d'\u00e9lite \u00bb isra\u00e9liennes subissent de lourdes pertes lors d'affrontements \u00e0 distance z\u00e9ro avec le Hezbollah - International Solidarity Movement - ISM-France","og_description":"The Cradle, 2 octobre 2024. Les combattants du Hezbollah continuent de battre les forces isra\u00e9liennes pr\u00e8s de la fronti\u00e8re libanaise, avant une invasion terrestre imminente que l&rsquo;arm\u00e9e et les m\u00e9dias Lire la suite &rarr;","og_url":"https:\/\/ismfrance.org\/index.php\/2024\/10\/02\/les-forces-delite-israeliennes-subissent-de-lourdes-pertes-lors-daffrontements-a-distance-zero-avec-le-hezbollah\/","og_site_name":"International Solidarity Movement - ISM-France","article_published_time":"2024-10-02T11:14:05+00:00","article_modified_time":"2024-10-02T11:14:34+00:00","og_image":[{"width":1080,"height":448,"url":"https:\/\/ismfrance.org\/wp-content\/uploads\/2024\/10\/embuscade.jpeg","type":"image\/jpeg"}],"author":"mru_01","twitter_card":"summary_large_image","twitter_creator":"@ISMFRANCE","twitter_site":"@ISMFRANCE","twitter_misc":{"\u00c9crit par":"mru_01","Dur\u00e9e de lecture estim\u00e9e":"4 minutes"},"schema":{"@context":"https:\/\/schema.org","@graph":[{"@type":"Article","@id":"https:\/\/ismfrance.org\/index.php\/2024\/10\/02\/les-forces-delite-israeliennes-subissent-de-lourdes-pertes-lors-daffrontements-a-distance-zero-avec-le-hezbollah\/#article","isPartOf":{"@id":"https:\/\/ismfrance.org\/index.php\/2024\/10\/02\/les-forces-delite-israeliennes-subissent-de-lourdes-pertes-lors-daffrontements-a-distance-zero-avec-le-hezbollah\/"},"author":{"name":"mru_01","@id":"https:\/\/ismfrance.org\/#\/schema\/person\/3c411eb72adfaae19c0dca1f41fae01d"},"headline":"Les \u00ab forces d&rsquo;\u00e9lite \u00bb isra\u00e9liennes subissent de lourdes pertes lors d&rsquo;affrontements \u00e0 distance z\u00e9ro avec le Hezbollah","datePublished":"2024-10-02T11:14:05+00:00","dateModified":"2024-10-02T11:14:34+00:00","mainEntityOfPage":{"@id":"https:\/\/ismfrance.org\/index.php\/2024\/10\/02\/les-forces-delite-israeliennes-subissent-de-lourdes-pertes-lors-daffrontements-a-distance-zero-avec-le-hezbollah\/"},"wordCount":670,"publisher":{"@id":"https:\/\/ismfrance.org\/#organization"},"image":{"@id":"https:\/\/ismfrance.org\/index.php\/2024\/10\/02\/les-forces-delite-israeliennes-subissent-de-lourdes-pertes-lors-daffrontements-a-distance-zero-avec-le-hezbollah\/#primaryimage"},"thumbnailUrl":"https:\/\/ismfrance.org\/wp-content\/uploads\/2024\/10\/embuscade.jpeg","keywords":["armement isra\u00e9lien","Liban"],"articleSection":["Articles","T\u00e9moignages"],"inLanguage":"fr-FR"},{"@type":"WebPage","@id":"https:\/\/ismfrance.org\/index.php\/2024\/10\/02\/les-forces-delite-israeliennes-subissent-de-lourdes-pertes-lors-daffrontements-a-distance-zero-avec-le-hezbollah\/","url":"https:\/\/ismfrance.org\/index.php\/2024\/10\/02\/les-forces-delite-israeliennes-subissent-de-lourdes-pertes-lors-daffrontements-a-distance-zero-avec-le-hezbollah\/","name":"Les \u00ab forces d'\u00e9lite \u00bb isra\u00e9liennes subissent de lourdes pertes lors d'affrontements \u00e0 distance z\u00e9ro avec le Hezbollah - International Solidarity Movement - ISM-France","isPartOf":{"@id":"https:\/\/ismfrance.org\/#website"},"primaryImageOfPage":{"@id":"https:\/\/ismfrance.org\/index.php\/2024\/10\/02\/les-forces-delite-israeliennes-subissent-de-lourdes-pertes-lors-daffrontements-a-distance-zero-avec-le-hezbollah\/#primaryimage"},"image":{"@id":"https:\/\/ismfrance.org\/index.php\/2024\/10\/02\/les-forces-delite-israeliennes-subissent-de-lourdes-pertes-lors-daffrontements-a-distance-zero-avec-le-hezbollah\/#primaryimage"},"thumbnailUrl":"https:\/\/ismfrance.org\/wp-content\/uploads\/2024\/10\/embuscade.jpeg","datePublished":"2024-10-02T11:14:05+00:00","dateModified":"2024-10-02T11:14:34+00:00","breadcrumb":{"@id":"https:\/\/ismfrance.org\/index.php\/2024\/10\/02\/les-forces-delite-israeliennes-subissent-de-lourdes-pertes-lors-daffrontements-a-distance-zero-avec-le-hezbollah\/#breadcrumb"},"inLanguage":"fr-FR","potentialAction":[{"@type":"ReadAction","target":["https:\/\/ismfrance.org\/index.php\/2024\/10\/02\/les-forces-delite-israeliennes-subissent-de-lourdes-pertes-lors-daffrontements-a-distance-zero-avec-le-hezbollah\/"]}]},{"@type":"ImageObject","inLanguage":"fr-FR","@id":"https:\/\/ismfrance.org\/index.php\/2024\/10\/02\/les-forces-delite-israeliennes-subissent-de-lourdes-pertes-lors-daffrontements-a-distance-zero-avec-le-hezbollah\/#primaryimage","url":"https:\/\/ismfrance.org\/wp-content\/uploads\/2024\/10\/embuscade.jpeg","contentUrl":"https:\/\/ismfrance.org\/wp-content\/uploads\/2024\/10\/embuscade.jpeg","width":1080,"height":448},{"@type":"BreadcrumbList","@id":"https:\/\/ismfrance.org\/index.php\/2024\/10\/02\/les-forces-delite-israeliennes-subissent-de-lourdes-pertes-lors-daffrontements-a-distance-zero-avec-le-hezbollah\/#breadcrumb","itemListElement":[{"@type":"ListItem","position":1,"name":"Accueil","item":"https:\/\/ismfrance.org\/"},{"@type":"ListItem","position":2,"name":"Les \u00ab forces d&#8217;\u00e9lite \u00bb isra\u00e9liennes subissent de lourdes pertes lors d&#8217;affrontements \u00e0 distance z\u00e9ro avec le Hezbollah"}]},{"@type":"WebSite","@id":"https:\/\/ismfrance.org\/#website","url":"https:\/\/ismfrance.org\/","name":"ISM Palestine France","description":"Soutien aux luttes de lib\u00e9ration du peuple palestinien","publisher":{"@id":"https:\/\/ismfrance.org\/#organization"},"potentialAction":[{"@type":"SearchAction","target":{"@type":"EntryPoint","urlTemplate":"https:\/\/ismfrance.org\/?s={search_term_string}"},"query-input":{"@type":"PropertyValueSpecification","valueRequired":true,"valueName":"search_term_string"}}],"inLanguage":"fr-FR"},{"@type":"Organization","@id":"https:\/\/ismfrance.org\/#organization","name":"International Solidarity Movement","url":"https:\/\/ismfrance.org\/","logo":{"@type":"ImageObject","inLanguage":"fr-FR","@id":"https:\/\/ismfrance.org\/#\/schema\/logo\/image\/","url":"https:\/\/ismfrance.org\/wp-content\/uploads\/2020\/12\/00.png","contentUrl":"https:\/\/ismfrance.org\/wp-content\/uploads\/2020\/12\/00.png","width":400,"height":400,"caption":"International Solidarity Movement"},"image":{"@id":"https:\/\/ismfrance.org\/#\/schema\/logo\/image\/"},"sameAs":["https:\/\/x.com\/ISMFRANCE"]},{"@type":"Person","@id":"https:\/\/ismfrance.org\/#\/schema\/person\/3c411eb72adfaae19c0dca1f41fae01d","name":"mru_01","image":{"@type":"ImageObject","inLanguage":"fr-FR","@id":"https:\/\/secure.gravatar.com\/avatar\/3a0be343b445d2ccc79e87444a294fad2b232e90d2051d0e3cc219e1ecd6a330?s=96&d=mm&r=g","url":"https:\/\/secure.gravatar.com\/avatar\/3a0be343b445d2ccc79e87444a294fad2b232e90d2051d0e3cc219e1ecd6a330?s=96&d=mm&r=g","contentUrl":"https:\/\/secure.gravatar.com\/avatar\/3a0be343b445d2ccc79e87444a294fad2b232e90d2051d0e3cc219e1ecd6a330?s=96&d=mm&r=g","caption":"mru_01"},"url":"https:\/\/ismfrance.org\/index.php\/author\/admin02\/"}]}},"_links":{"self":[{"href":"https:\/\/ismfrance.org\/index.php\/wp-json\/wp\/v2\/posts\/14649","targetHints":{"allow":["GET"]}}],"collection":[{"href":"https:\/\/ismfrance.org\/index.php\/wp-json\/wp\/v2\/posts"}],"about":[{"href":"https:\/\/ismfrance.org\/index.php\/wp-json\/wp\/v2\/types\/post"}],"author":[{"embeddable":true,"href":"https:\/\/ismfrance.org\/index.php\/wp-json\/wp\/v2\/users\/3"}],"replies":[{"embeddable":true,"href":"https:\/\/ismfrance.org\/index.php\/wp-json\/wp\/v2\/comments?post=14649"}],"version-history":[{"count":0,"href":"https:\/\/ismfrance.org\/index.php\/wp-json\/wp\/v2\/posts\/14649\/revisions"}],"wp:featuredmedia":[{"embeddable":true,"href":"https:\/\/ismfrance.org\/index.php\/wp-json\/wp\/v2\/media\/14652"}],"wp:attachment":[{"href":"https:\/\/ismfrance.org\/index.php\/wp-json\/wp\/v2\/media?parent=14649"}],"wp:term":[{"taxonomy":"category","embeddable":true,"href":"https:\/\/ismfrance.org\/index.php\/wp-json\/wp\/v2\/categories?post=14649"},{"taxonomy":"post_tag","embeddable":true,"href":"https:\/\/ismfrance.org\/index.php\/wp-json\/wp\/v2\/tags?post=14649"}],"curies":[{"name":"wp","href":"https:\/\/api.w.org\/{rel}","templated":true}]}}