{"id":14608,"date":"2024-09-29T11:19:31","date_gmt":"2024-09-29T09:19:31","guid":{"rendered":"https:\/\/ismfrance.org\/?p=14608"},"modified":"2024-09-29T11:19:31","modified_gmt":"2024-09-29T09:19:31","slug":"le-martyr-sayyed-nasrallah-liberateur-du-liban-briseur-dhegemonie","status":"publish","type":"post","link":"https:\/\/ismfrance.org\/index.php\/2024\/09\/29\/le-martyr-sayyed-nasrallah-liberateur-du-liban-briseur-dhegemonie\/","title":{"rendered":"Le martyr Sayyed Nasrallah, lib\u00e9rateur du Liban, briseur d&rsquo;h\u00e9g\u00e9monie"},"content":{"rendered":"<p align=\"LEFT\"><span style=\"color: #000000;\"><span style=\"font-family: Verdana, sans-serif;\"><span style=\"font-size: medium;\"><strong>Ahmad Karakira, 28 septembre 2024<\/strong>. Le 31 ao\u00fbt 1960, un gar\u00e7on pr\u00e9nomm\u00e9 Hassan est n\u00e9 dans la famille Nasrallah. Il \u00e9tait l&rsquo;a\u00een\u00e9 de trois fr\u00e8res et cinq s\u0153urs et a grandi dans le quartier de Karantina, l&rsquo;un des quartiers les plus pauvres et les plus d\u00e9favoris\u00e9s de la banlieue-est de la capitale libanaise, Beyrouth.<\/span><\/span><\/span><\/p>\n<div id=\"attachment_14609\" style=\"width: 610px\" class=\"wp-caption alignnone\"><a href=\"https:\/\/ismfrance.org\/wp-content\/uploads\/2024\/09\/photo_2024-09-28_13-33-46.jpg\"><img loading=\"lazy\" decoding=\"async\" aria-describedby=\"caption-attachment-14609\" class=\"wp-image-14609 size-large\" src=\"https:\/\/ismfrance.org\/wp-content\/uploads\/2024\/09\/photo_2024-09-28_13-33-46-700x700.jpg\" alt=\"\" width=\"600\" height=\"600\" srcset=\"https:\/\/ismfrance.org\/wp-content\/uploads\/2024\/09\/photo_2024-09-28_13-33-46-700x700.jpg 700w, https:\/\/ismfrance.org\/wp-content\/uploads\/2024\/09\/photo_2024-09-28_13-33-46-300x300.jpg 300w, https:\/\/ismfrance.org\/wp-content\/uploads\/2024\/09\/photo_2024-09-28_13-33-46-150x150.jpg 150w, https:\/\/ismfrance.org\/wp-content\/uploads\/2024\/09\/photo_2024-09-28_13-33-46-768x768.jpg 768w, https:\/\/ismfrance.org\/wp-content\/uploads\/2024\/09\/photo_2024-09-28_13-33-46-144x144.jpg 144w, https:\/\/ismfrance.org\/wp-content\/uploads\/2024\/09\/photo_2024-09-28_13-33-46.jpg 1061w\" sizes=\"auto, (max-width: 600px) 100vw, 600px\" \/><\/a><p id=\"caption-attachment-14609\" class=\"wp-caption-text\">Le secr\u00e9taire g\u00e9n\u00e9ral du Hezbollah, le martyr Sayyed Hassan Nasrallah (Illustration Mahdi Rtail pour Al Mayadeen)<\/p><\/div>\n<p align=\"LEFT\"><span style=\"color: #000000;\"><span style=\"font-family: Verdana, sans-serif;\"><span style=\"font-size: medium;\">Hassan, qui sera plus tard appel\u00e9 \u00ab\u00a0Sayyed\u00a0\u00bb en tant que descendant du proph\u00e8te Mahomet, allait grandir pour changer le cours de l&rsquo;histoire de l&rsquo;Asie occidentale, osant d\u00e9fier les puissances de l&rsquo;arrogance, dirig\u00e9es par les \u00c9tats-Unis imp\u00e9rialistes et l&rsquo;entit\u00e9 d&rsquo;occupation colonialiste isra\u00e9lienne.<\/span><\/span><\/span><\/p>\n<p align=\"LEFT\"><span style=\"color: #000000;\"><span style=\"font-family: Verdana, sans-serif;\"><span style=\"font-size: medium;\">Sayyed Nasrallah a termin\u00e9 ses \u00e9tudes primaires \u00e0 l&rsquo;\u00e9cole al-Kifah et a poursuivi ses \u00e9tudes secondaires dans le quartier de Sin el-Fil. Lorsque la guerre civile libanaise \u00e9clate en avril 1975, sa famille retourne dans sa ville natale de Bazourieh, au sud du Liban, o\u00f9 il poursuit ses \u00e9tudes secondaires. Malgr\u00e9 son jeune \u00e2ge, il est nomm\u00e9 chef organisationnel du mouvement Amal dans la ville.<\/span><\/span><\/span><\/p>\n<p align=\"LEFT\"><span style=\"color: #000000;\"><span style=\"font-family: Verdana, sans-serif;\"><span style=\"font-size: medium;\">Au cours de son s\u00e9jour au sud du Liban, il fait la connaissance de l&rsquo;imam de la ville de Tyr, Sayyed Mohammad al-Gharawi, qui l&rsquo;aide \u00e0 obtenir son inscription au s\u00e9minaire religieux de Najaf, en Irak, fin 1976.<\/span><\/span><\/span><\/p>\n<p align=\"LEFT\"><span style=\"color: #000000;\"><span style=\"font-family: Verdana, sans-serif;\"><span style=\"font-size: medium;\">Il se rend \u00e0 Najaf avec une lettre de recommandation d&rsquo;al-Gharawi \u00e0 l&rsquo;ayatollah Sayyed Mohammad Baqer al-Sadr, qui s&rsquo;int\u00e9resse beaucoup \u00e0 lui. Al-Sadr, qui sera plus tard tortur\u00e9 et martyris\u00e9 par le r\u00e9gime de Saddam, confie \u00e0 Sayyed Abbas al-Mousawi, qui deviendra plus tard secr\u00e9taire g\u00e9n\u00e9ral du Hezbollah, la t\u00e2che de superviser et de guider le nouvel \u00e9tudiant, tant sur le plan acad\u00e9mique que personnel.<\/span><\/span><\/span><\/p>\n<p align=\"LEFT\"><strong><span style=\"color: #000000;\"><span style=\"font-family: Verdana, sans-serif;\"><span style=\"font-size: large;\">Liban et \u00e9lection au poste de secr\u00e9taire g\u00e9n\u00e9ral du Hezbollah<\/span><\/span><\/span><\/strong><\/p>\n<p align=\"LEFT\"><span style=\"color: #000000;\"><span style=\"font-family: Verdana, sans-serif;\"><span style=\"font-size: medium;\">Sayyed Hassan est rentr\u00e9 au Liban en 1978 en raison des pratiques oppressives du r\u00e9gime baasiste en Irak et a continu\u00e9 ses \u00e9tudes islamiques au s\u00e9minaire Imam al-Muntazar.<\/span><\/span><\/span><\/p>\n<p align=\"LEFT\"><span style=\"color: #000000;\"><span style=\"font-family: Verdana, sans-serif;\"><span style=\"font-size: medium;\">Le 16 f\u00e9vrier 1992, les forces d&rsquo;occupation isra\u00e9liennes ont assassin\u00e9 Sayyed Abbas, ainsi que sa femme et son fils de cinq ans. Le Conseil de la Choura du Hezbollah s&rsquo;est alors r\u00e9uni et a choisi Sayyed Nasrallah comme secr\u00e9taire g\u00e9n\u00e9ral du groupe, malgr\u00e9 son \u00e2ge relativement jeune par rapport aux autres membres du conseil.<\/span><\/span><\/span><\/p>\n<p align=\"LEFT\"><span style=\"color: #000000;\"><span style=\"font-family: Verdana, sans-serif;\"><span style=\"font-size: medium;\">Il a d&rsquo;abord refus\u00e9 l&rsquo;\u00e9lection, car il n&rsquo;avait que 32 ans. Cependant, \u00e9tant donn\u00e9e l&rsquo;insistance du Conseil, il a termin\u00e9 le mandat de Sayyed al-Mousawi, qui a pris fin en 1993, et a depuis \u00e9t\u00e9 r\u00e9\u00e9lu plusieurs fois avant son martyre.<\/span><\/span><\/span><\/p>\n<p align=\"LEFT\"><span style=\"color: #000000;\"><span style=\"font-family: Verdana, sans-serif;\"><span style=\"font-size: medium;\">Les dirigeants du Hezbollah \u00e9taient convaincus que Sayyed Nasrallah, qui poss\u00e9dait des qualit\u00e9s de leader uniques et une personnalit\u00e9 charismatique, et entretenait des liens \u00e9troits avec la base du groupe, \u00e9tait capable de diriger le Hezbollah et la R\u00e9sistance \u00e0 un moment o\u00f9 la situation politique et s\u00e9curitaire du pays \u00e9tait extr\u00eamement sensible. Il avait une compr\u00e9hension approfondie des d\u00e9veloppements sur le terrain et inspirait la confiance des dirigeants, en particulier celle de Sayyed Abbas.<\/span><\/span><\/span><\/p>\n<p align=\"LEFT\"><span style=\"color: #000000;\"><span style=\"font-family: Verdana, sans-serif;\"><span style=\"font-size: medium;\">Pendant le mandat de Sayyed Abbas en tant que secr\u00e9taire g\u00e9n\u00e9ral du Hezbollah, Sayyed Nasrallah \u00e9tait souvent d\u00e9l\u00e9gu\u00e9 pour le repr\u00e9senter lors de c\u00e9l\u00e9brations, de rassemblements et de r\u00e9unions du parti.<\/span><\/span><\/span><\/p>\n<p align=\"LEFT\"><span style=\"color: #000000;\"><span style=\"font-family: Verdana, sans-serif;\"><span style=\"font-size: medium;\">Sayyed Nasrallah a r\u00e9v\u00e9l\u00e9 qu&rsquo;il avait un jour demand\u00e9 \u00e0 Sayyed al-Mousawi pourquoi on lui avait confi\u00e9 de telles t\u00e2ches, ce \u00e0 quoi ce dernier a r\u00e9pondu : \u00ab Vous \u00eates qualifi\u00e9 pour cela, mais quant \u00e0 moi, cette question [de diriger le Hezbollah] ne durera pas longtemps. \u00bb Bien qu&rsquo;il n&rsquo;ait pas pleinement compris ces paroles \u00e0 l&rsquo;\u00e9poque, leur signification est devenue claire apr\u00e8s l&rsquo;assassinat de Sayyed al-Mousawi.<\/span><\/span><\/span><\/p>\n<p align=\"LEFT\"><span style=\"color: #000000;\"><span style=\"font-family: Verdana, sans-serif;\"><span style=\"font-size: medium;\">Dans une interview avec Ghassan Ben Jeddou, pr\u00e9sident du conseil d\u2019administration du r\u00e9seau m\u00e9diatique <i>Al Mayadeen<\/i>, Sayyed Nasrallah a rappel\u00e9 que la premi\u00e8re d\u00e9cision qu\u2019il avait prise en tant que secr\u00e9taire g\u00e9n\u00e9ral avait \u00e9t\u00e9 de cibler les colonies isra\u00e9liennes avec des roquettes Katioucha, soulignant que c\u2019\u00e9tait la premi\u00e8re fois que la R\u00e9sistance islamique bombardait des colonies isra\u00e9liennes.<\/span><\/span><\/span><\/p>\n<p align=\"LEFT\"><span style=\"color: #000000;\"><span style=\"font-family: Verdana, sans-serif;\"><span style=\"font-size: medium;\">Pendant le mandat de Sayyed Nasrallah en tant que secr\u00e9taire g\u00e9n\u00e9ral, la R\u00e9sistance islamique au Liban a men\u00e9 de nombreuses confrontations h\u00e9ro\u00efques avec l\u2019occupation isra\u00e9lienne, notamment pendant la guerre des Sept Jours de juillet 1993, l\u2019agression d\u2019avril 1996 et la victoire historique du 25 mai 2000, lorsque la plupart des territoires du Liban ont \u00e9t\u00e9 lib\u00e9r\u00e9s de l\u2019occupation isra\u00e9lienne.<\/span><\/span><\/span><\/p>\n<p align=\"LEFT\"><span style=\"color: #000000;\"><span style=\"font-family: Verdana, sans-serif;\"><span style=\"font-size: medium;\">Cette victoire a \u00e9t\u00e9 suivie par la d\u00e9faite strat\u00e9gique et historique de l\u2019arm\u00e9e isra\u00e9lienne lors de la guerre de 2006. En 2012, le Hezbollah a \u00e9galement combattu la menace terroriste takfiri qui visait \u00e0 paralyser la Syrie et \u00e0 se poursuivre vers le Liban, parvenant en 2017 \u00e0 lib\u00e9rer la zone frontali\u00e8re commune entre les deux pays dans ce qui est devenu la deuxi\u00e8me lib\u00e9ration.<\/span><\/span><\/span><\/p>\n<p align=\"LEFT\"><strong><span style=\"color: #000000;\"><span style=\"font-family: Verdana, sans-serif;\"><span style=\"font-size: large;\">Lib\u00e9ration du 25 mai 2000<\/span><\/span><\/span><\/strong><\/p>\n<p align=\"LEFT\"><span style=\"color: #000000;\"><span style=\"font-family: Verdana, sans-serif;\"><span style=\"font-size: medium;\">\u00ab Isra\u00ebl \u00bb avait occup\u00e9 le sud du Liban en 1978 et a persist\u00e9 dans son occupation m\u00eame apr\u00e8s le retrait de ses forces de Beyrouth en 1982, pillant les richesses de la r\u00e9gion, pers\u00e9cutant les civils et les combattants de la R\u00e9sistance, et torturant et tuant quiconque osait r\u00e9sister aux diktats des forces d&rsquo;occupation.<\/span><\/span><\/span><\/p>\n<p align=\"LEFT\"><span style=\"color: #000000;\"><span style=\"font-family: Verdana, sans-serif;\"><span style=\"font-size: medium;\">Des ann\u00e9es apr\u00e8s que le Hezbollah, avec d&rsquo;autres factions de la R\u00e9sistance, ait envisag\u00e9 de lib\u00e9rer les territoires libanais occup\u00e9s par Isra\u00ebl, il s&rsquo;est engag\u00e9 dans des batailles acharn\u00e9es contre l&rsquo;arm\u00e9e isra\u00e9lienne et ses milices de collaborateurs, l&rsquo;Arm\u00e9e Lahd, jusqu&rsquo;\u00e0 parvenir \u00e0 son objectif tant attendu, en for\u00e7ant les Isra\u00e9liens, pour la premi\u00e8re fois, \u00e0 se retirer sans condition d&rsquo;un territoire arabe occup\u00e9 lors de ce qui sera plus tard connu sous le nom de Jour de la Lib\u00e9ration.<\/span><\/span><\/span><\/p>\n<p align=\"LEFT\"><span style=\"color: #000000;\"><span style=\"font-family: Verdana, sans-serif;\"><span style=\"font-size: medium;\">Cette victoire a vu le mythe de l&rsquo;arm\u00e9e isra\u00e9lienne en tant qu&rsquo;arm\u00e9e invincible bris\u00e9 par les mains de la R\u00e9sistance, prouvant qu&rsquo;\u00ab Isra\u00ebl \u00bb pouvait effectivement \u00eatre vaincu.<\/span><\/span><\/span><\/p>\n<p align=\"LEFT\"><span style=\"color: #000000;\"><span style=\"font-family: Verdana, sans-serif;\"><span style=\"font-size: medium;\">Lors de son discours dans la ville lib\u00e9r\u00e9e de Bint Jbeil lors de la c\u00e9l\u00e9bration qui a suivi cet exploit historique, Sayyed Hassan a d\u00e9crit \u00ab Isra\u00ebl \u00bb comme \u00ab plus faible qu&rsquo;une toile d&rsquo;araign\u00e9e \u00bb.<\/span><\/span><\/span><\/p>\n<p align=\"LEFT\"><strong><span style=\"color: #000000;\"><span style=\"font-family: Verdana, sans-serif;\"><span style=\"font-size: large;\">2006, divine victoire<\/span><\/span><\/span><\/strong><\/p>\n<p align=\"LEFT\"><span style=\"color: #000000;\"><span style=\"font-family: Verdana, sans-serif;\"><span style=\"font-size: medium;\">Cette victoire strat\u00e9gique s&rsquo;est r\u00e9p\u00e9t\u00e9e en 2006, apr\u00e8s que des combattants de la R\u00e9sistance islamique au Liban ont captur\u00e9, le 12 juillet, deux soldats isra\u00e9liens lors d&rsquo;une op\u00e9ration transfrontali\u00e8re visant \u00e0 r\u00e9cup\u00e9rer des d\u00e9tenus dans les prisons de l&rsquo;occupation.<\/span><\/span><\/span><\/p>\n<p align=\"LEFT\"><span style=\"color: #000000;\"><span style=\"font-family: Verdana, sans-serif;\"><span style=\"font-size: medium;\">Peu de temps apr\u00e8s l&rsquo;op\u00e9ration, \u00ab Isra\u00ebl \u00bb a lanc\u00e9 une agression brutale de 33 jours contre le Liban, qui a vu des attaques a\u00e9riennes, navales et terrestres contre le peuple libanais. \u00ab Isra\u00ebl \u00bb s&rsquo;est heurt\u00e9 \u00e0 une r\u00e9sistance farouche de la part du Hezbollah et de plusieurs autres factions de la R\u00e9sistance libanaise.<\/span><\/span><\/span><\/p>\n<p align=\"LEFT\"><span style=\"color: #000000;\"><span style=\"font-family: Verdana, sans-serif;\"><span style=\"font-size: medium;\">Deux jours apr\u00e8s le d\u00e9but de la guerre, la R\u00e9sistance libanaise a frapp\u00e9 sur la c\u00f4te libanaise un destroyer de classe Saar-5 qui avait particip\u00e9 au blocus naval impos\u00e9 au Liban, bombardant ses villes et villages. L&rsquo;op\u00e9ration a \u00e9t\u00e9 annonc\u00e9e par Sayyed Hassan dans un message vocal. Il a d\u00e9clar\u00e9 : \u00ab Maintenant\u2026 Au milieu de la mer\u2026 Regardez le navire de guerre qui a attaqu\u00e9 Beyrouth, il br\u00fble et coule sous vos yeux. \u00bb<\/span><\/span><\/span><\/p>\n<p align=\"LEFT\"><span style=\"color: #000000;\"><span style=\"font-family: Verdana, sans-serif;\"><span style=\"font-size: medium;\">La guerre a pris fin le 14 ao\u00fbt 2006, apr\u00e8s que le Conseil de s\u00e9curit\u00e9 de l\u2019ONU a adopt\u00e9 la r\u00e9solution 1701, qui appelait \u00e0 une cessation imm\u00e9diate des hostilit\u00e9s entre l\u2019arm\u00e9e d\u2019occupation isra\u00e9lienne et la R\u00e9sistance libanaise. Cette r\u00e9solution a marqu\u00e9 un moment o\u00f9 le Hezbollah a \u00e9tabli une \u00e9quation qui a dissuad\u00e9 \u00ab Isra\u00ebl \u00bb de mener une nouvelle agression sur le territoire libanais et a instaur\u00e9 une paix de plus de dix ans pour les habitants du Sud-Liban.<\/span><\/span><\/span><\/p>\n<p align=\"LEFT\"><span style=\"color: #000000;\"><span style=\"font-family: Verdana, sans-serif;\"><span style=\"font-size: medium;\">En 2008, la Commission Winograd, une commission d\u2019enqu\u00eate nomm\u00e9e par le gouvernement isra\u00e9lien, a conclu que la guerre de 2006 \u00e9tait \u00ab une grave occasion manqu\u00e9e \u00bb pour \u00ab Isra\u00ebl \u00bb.<\/span><\/span><\/span><\/p>\n<p align=\"LEFT\"><span style=\"color: #000000;\"><span style=\"font-family: Verdana, sans-serif;\"><span style=\"font-size: medium;\">\u00ab Isra\u00ebl a lanc\u00e9 une longue guerre, qui s&rsquo;est termin\u00e9e sans victoire militaire claire. Une organisation semi-militaire de quelques milliers d&rsquo;hommes a r\u00e9sist\u00e9, pendant quelques semaines, \u00e0 l&rsquo;arm\u00e9e la plus puissante du Moyen-Orient, qui b\u00e9n\u00e9ficiait d&rsquo;une sup\u00e9riorit\u00e9 a\u00e9rienne totale et d&rsquo;atouts en termes de taille et de technologie \u00bb, a conclu la Commission dans son rapport final remis au Premier ministre isra\u00e9lien de l&rsquo;\u00e9poque, Ehud Olmert, et au ministre de la S\u00e9curit\u00e9, Ehud Barak.<\/span><\/span><\/span><\/p>\n<p align=\"LEFT\"><strong><span style=\"color: #000000;\"><span style=\"font-family: Verdana, sans-serif;\"><span style=\"font-size: large;\">Offrir son fils en martyr<\/span><\/span><\/span><\/strong><\/p>\n<p align=\"LEFT\"><span style=\"color: #000000;\"><span style=\"font-family: Verdana, sans-serif;\"><span style=\"font-size: medium;\">Le martyre de son fils, Sayyed Hadi Nasrallah, alors qu&rsquo;il combattait l&rsquo;occupation isra\u00e9lienne, est un exemple frappant de l&rsquo;humilit\u00e9 de Sayyed Hassan et de la fa\u00e7on dont il se consid\u00e9rait lui-m\u00eame et sa famille comme faisant partie du peuple.<\/span><\/span><\/span><\/p>\n<p align=\"LEFT\"><span style=\"color: #000000;\"><span style=\"font-family: Verdana, sans-serif;\"><span style=\"font-size: medium;\">Le 12 septembre 1997, les combattants de la R\u00e9sistance du Hezbollah ont d\u00e9tect\u00e9 un mouvement des forces d&rsquo;occupation isra\u00e9liennes dans la zone de Jabal al-Rafi&rsquo; \u00e0 Iqlim al-Tuffah.<\/span><\/span><\/span><\/p>\n<p align=\"LEFT\"><span style=\"color: #000000;\"><span style=\"font-family: Verdana, sans-serif;\"><span style=\"font-size: medium;\">Des groupes, dont un dirig\u00e9 par Sayyed Hadi, sont entr\u00e9s dans la zone pour tendre une embuscade aux forces isra\u00e9liennes et se sont livr\u00e9s \u00e0 des affrontements prolong\u00e9s, tuant quatre soldats et faisant de nombreux bless\u00e9s.<\/span><\/span><\/span><\/p>\n<p align=\"LEFT\"><span style=\"color: #000000;\"><span style=\"font-family: Verdana, sans-serif;\"><span style=\"font-size: medium;\">Les combattants de la R\u00e9sistance ont r\u00e9ussi \u00e0 se retirer sans faire de victimes. Mais l&rsquo;arm\u00e9e d&rsquo;occupation a d\u00e9ploy\u00e9 des h\u00e9licopt\u00e8res de combat et des forces terrestres suppl\u00e9mentaires, ce qui a conduit \u00e0 de nouveaux affrontements, au cours desquels Sayyed Hadi a \u00e9t\u00e9 bless\u00e9 \u00e0 deux reprises \u00e0 la taille et au cou.<\/span><\/span><\/span><\/p>\n<p align=\"LEFT\"><span style=\"color: #000000;\"><span style=\"font-family: Verdana, sans-serif;\"><span style=\"font-size: medium;\">Les forces d&rsquo;occupation isra\u00e9liennes ont captur\u00e9 le corps de Sayyed Hadi et celui des martyrs Haitham Mughniyeh et Ali Kawtharani.<\/span><\/span><\/span><\/p>\n<p align=\"LEFT\"><span style=\"color: #000000;\"><span style=\"font-family: Verdana, sans-serif;\"><span style=\"font-size: medium;\">En juin 1998, le corps du martyr Sayyed Hadi a \u00e9t\u00e9 r\u00e9cup\u00e9r\u00e9 dans les territoires palestiniens occup\u00e9s dans le cadre d&rsquo;un \u00e9change de prisonniers entre le Hezbollah et l&rsquo;entit\u00e9 d&rsquo;occupation isra\u00e9lienne.<\/span><\/span><\/span><\/p>\n<p align=\"LEFT\"><strong><span style=\"color: #000000;\"><span style=\"font-family: Verdana, sans-serif;\"><span style=\"font-size: large;\">Front de soutien \u00e0 Gaza et \u00e0 sa R\u00e9sistance<\/span><\/span><\/span><\/strong><\/p>\n<p align=\"LEFT\"><span style=\"color: #000000;\"><span style=\"font-family: Verdana, sans-serif;\"><span style=\"font-size: medium;\">Un jour apr\u00e8s que \u00ab Isra\u00ebl \u00bb a men\u00e9 sa guerre toujours en cours contre la bande de Gaza le 7 octobre 2023, le Hezbollah, sous la direction de Sayyed Hassan, a lanc\u00e9 ses op\u00e9rations contre des cibles isra\u00e9liennes dans les territoires occup\u00e9s en soutien \u00e0 Gaza et \u00e0 sa R\u00e9sistance, liant la fin de ses frappes \u00e0 la fin de l&rsquo;agression isra\u00e9lienne sur l&rsquo;enclave assi\u00e9g\u00e9e. Les attaques du groupe libanais ont vid\u00e9 les colonies du nord de la Palestine occup\u00e9e le long de la fronti\u00e8re avec le Liban et d\u00e9plac\u00e9 pr\u00e8s de 100.000 colons isra\u00e9liens, effray\u00e9s de revenir sous les tirs du Hezbollah.<\/span><\/span><\/span><\/p>\n<p align=\"LEFT\"><span style=\"color: #000000;\"><span style=\"font-family: Verdana, sans-serif;\"><span style=\"font-size: medium;\">Le 25 septembre 2024, le Hezbollah a annonc\u00e9 que ses combattants de la R\u00e9sistance ont lanc\u00e9 un missile balistique Qader-1 visant le si\u00e8ge du Mossad dans la banlieue de Tel Aviv, marquant une premi\u00e8re.<\/span><\/span><\/span><\/p>\n<p align=\"LEFT\"><span style=\"color: #000000;\"><span style=\"font-family: Verdana, sans-serif;\"><span style=\"font-size: medium;\">Selon le communiqu\u00e9 du groupe, le QG est responsable de l&rsquo;assassinat de dirigeants de la R\u00e9sistance et des vagues d&rsquo;explosions de bipers et de talkies-walkies, qui ont tu\u00e9 des dizaines de personnes et bless\u00e9 des milliers de personnes \u00e0 travers le Liban.<\/span><\/span><\/span><\/p>\n<p align=\"LEFT\"><span style=\"color: #000000;\"><span style=\"font-family: Verdana, sans-serif;\"><span style=\"font-size: medium;\">L&rsquo;attaque \u00e9tait sans pr\u00e9c\u00e9dent, car c&rsquo;\u00e9tait la premi\u00e8re fois que le groupe de la R\u00e9sistance libanaise ciblait la banlieue de Tel-Aviv avec un missile, consolidant l&rsquo;\u00e9quation \u00ab frappe pour frappe \u00bb et \u00ab Tel-Aviv pour Beyrouth \u00bb.<\/span><\/span><\/span><\/p>\n<p align=\"LEFT\"><strong><span style=\"color: #000000;\"><span style=\"font-family: Verdana, sans-serif;\"><span style=\"font-size: large;\">Rejoindre ses coll\u00e8gues dirigeants dans le martyre<\/span><\/span><\/span><\/strong><\/p>\n<p align=\"LEFT\"><span style=\"color: #000000;\"><span style=\"font-family: Verdana, sans-serif;\"><span style=\"font-size: medium;\">Trois jours plus tard, le Hezbollah a publi\u00e9 une d\u00e9claration annon\u00e7ant le martyre de son secr\u00e9taire g\u00e9n\u00e9ral, Sayyed Hassan Nasrallah, rejoignant ainsi une poign\u00e9e de dirigeants de la R\u00e9sistance qui ont consacr\u00e9 leur vie \u00e0 la lutte contre l&rsquo;occupation isra\u00e9lienne.<\/span><\/span><\/span><\/p>\n<p align=\"LEFT\"><span style=\"color: #000000;\"><span style=\"font-family: Verdana, sans-serif;\"><span style=\"font-size: medium;\">\u00ab\u00a0Isra\u00ebl\u00a0\u00bb avait auparavant lanc\u00e9 une s\u00e9rie de frappes a\u00e9riennes lourdes sur des quartiers r\u00e9sidentiels de la banlieue sud de Beyrouth. Les forces d&rsquo;occupation isra\u00e9liennes ont annonc\u00e9 que le but de l&rsquo;attaque \u00e9tait l&rsquo;assassinat de Sayyed Hassan, et la radio de l&rsquo;arm\u00e9e isra\u00e9lienne a pr\u00e9cis\u00e9 que des avions F-35 ont effectu\u00e9 les frappes a\u00e9riennes avec des bombes anti-bunker.<\/span><\/span><\/span><\/p>\n<p align=\"LEFT\"><span style=\"color: #000000;\"><span style=\"font-family: Verdana, sans-serif;\"><span style=\"font-size: medium;\">La R\u00e9sistance islamique a commenc\u00e9 sa d\u00e9claration par le verset : Que combattent dans le sentier d&rsquo;Allah ceux qui vendent la vie d&rsquo;ici-bas pour l&rsquo;au-del\u00e0 ; et quiconque combat dans le sentier d&rsquo;Allah puis est tu\u00e9, ou soumet [l&rsquo;ennemi], bient\u00f4t Nous lui donnerons une grande r\u00e9compense. [Sourate al-Nisa&rsquo;, verset 74]<\/span><\/span><\/span><\/p>\n<p align=\"LEFT\"><span style=\"color: #000000;\"><span style=\"font-family: Verdana, sans-serif;\"><span style=\"font-size: medium;\">\u00ab\u00a0Son \u00e9minence, le chef de la R\u00e9sistance, le pieux serviteur de Dieu, est pass\u00e9 \u00e0 Dieu comme un grand chef, un martyr courageux, rejoignant les martyrs de Karbala (&#8230;) sur le chemin des proph\u00e8tes\u00a0\u00bb, peut-on lire sur le communiqu\u00e9.<\/span><\/span><\/span><\/p>\n<p align=\"LEFT\"><span style=\"color: #000000;\"><span style=\"font-family: Verdana, sans-serif;\"><span style=\"font-size: medium;\">\u00ab\u00a0Sayyed Hassan Nasrallah, le secr\u00e9taire g\u00e9n\u00e9ral du Hezbollah, a rejoint ses grands et \u00e9ternels compagnons, dont il a conduit le chemin pendant plus de 30 ans de victoire en victoire\u00a0\u00bb apr\u00e8s avoir succ\u00e9d\u00e9 \u00e0 Sayyed Abbas al-Mousawi en 1992, pour les conduire \u00e0 \u00ab\u00a0la lib\u00e9ration du Liban en 2000 et \u00e0 la Victoire Divine de 2006\u00a0\u00bb, et jusqu&rsquo;\u00e0 la bataille du soutien \u00e0 la Palestine et au peuple opprim\u00e9 de Palestine.<\/span><\/span><\/span><\/p>\n<p align=\"LEFT\"><span style=\"color: #000000;\"><span style=\"font-family: Verdana, sans-serif;\"><span style=\"font-size: medium;\">Le Hezbollah a pr\u00e9sent\u00e9 ses condol\u00e9ances \u00e0 la nation islamique et au peuple libanais, ainsi qu&rsquo;\u00e0 tous les peuples libres et opprim\u00e9s du monde, f\u00e9licitant Sayyed Hassan pour avoir obtenu le plus grand des dons divins, \u00e0 travers son plus grand souhait, celui d&rsquo;un martyr sur le chemin de la Palestine et d&rsquo;Al-Qods, a \u00e9t\u00e9 exauc\u00e9.<\/span><\/span><\/span><\/p>\n<p align=\"LEFT\"><span style=\"color: #000000;\"><span style=\"font-family: Verdana, sans-serif;\"><span style=\"font-size: medium;\">La R\u00e9sistance islamique a \u00e9galement f\u00e9licit\u00e9 ses compagnons martyrs qui l&rsquo;ont rejoint dans le martyre apr\u00e8s l&rsquo;agression isra\u00e9lienne dans la banlieue sud de Beyrouth.<\/span><\/span><\/span><\/p>\n<p align=\"LEFT\"><span style=\"color: #000000;\"><span style=\"font-family: Verdana, sans-serif;\"><span style=\"font-size: medium;\">Dans le communiqu\u00e9, la direction du Hezbollah a promis \u00e0 Sayyed Nasrallah, \u00ab notre plus grand, plus saint et plus aim\u00e9 dirigeant sur notre chemin plein de martyrs et de sacrifices, de poursuivre sa lutte contre l&rsquo;ennemi, en soutien \u00e0 Gaza et \u00e0 la Palestine, et en d\u00e9fense du Liban et de son peuple honorable et r\u00e9silient \u00bb.<\/span><\/span><\/span><\/p>\n<p align=\"LEFT\"><span style=\"color: #000000;\"><span style=\"font-family: Verdana, sans-serif;\"><span style=\"font-size: medium;\">La R\u00e9sistance islamique a conclu son communiqu\u00e9 en s&rsquo;adressant aux combattants de la libert\u00e9 de la R\u00e9sistance : \u00ab Vous qui \u00e9tiez son bouclier de confiance (&#8230;) notre chef le Sayyed vit toujours parmi nous par sa pens\u00e9e, son esprit et son chemin sacr\u00e9 \u00bb.<\/span><\/span><\/span><\/p>\n<p align=\"LEFT\"><span style=\"color: #000000;\"><span style=\"font-family: Verdana, sans-serif;\"><span style=\"font-size: medium;\">\u00ab Nous n&rsquo;abandonnerons pas la Palestine, son peuple et les sanctuaires de la Oumma l\u00e0-bas \u00bb.<\/span><\/span><\/span><\/p>\n<p align=\"LEFT\"><span style=\"color: #000000;\"><span style=\"font-family: Verdana, sans-serif;\"><span style=\"font-size: medium;\">\u00ab Nous prierons \u00e0 al-Qods, j&rsquo;en suis s\u00fbr \u00bb.<\/span><\/span><\/span><\/p>\n<p align=\"LEFT\"><span style=\"color: #000000;\"><span style=\"font-family: Verdana, sans-serif;\"><span style=\"font-size: medium;\">Ces d\u00e9clarations de Sayyed Hassan, qui resteront grav\u00e9es dans l&rsquo;esprit de millions de personnes, d\u00e9montrent le d\u00e9vouement sans fin du martyr \u00e0 la Palestine et \u00e0 la lib\u00e9ration des terres occup\u00e9es.<\/span><\/span><\/span><\/p>\n<p align=\"LEFT\"><span style=\"color: #000000;\"><span style=\"font-family: Verdana, sans-serif;\"><span style=\"font-size: medium;\">Malgr\u00e9 cette grave perte pour le Liban, la r\u00e9gion, la Oumma et le monde libre, il ne fait aucun doute que le sang de Sayyed Hassan hantera \u00ab Isra\u00ebl \u00bb et que son h\u00e9ritage continuera d\u2019\u00e9clairer le chemin des combattants de la R\u00e9sistance dans le monde entier.<\/span><\/span><\/span><\/p>\n<p align=\"LEFT\"><span style=\"color: #000000;\"><span style=\"font-family: Verdana, sans-serif;\"><span style=\"font-size: medium;\">Article original en anglais sur <a href=\"https:\/\/english.almayadeen.net\/news\/politics\/martyr-sayyed-nasrallah--lebanon-s-liberator--breaker-of-heg\">Al Mayadeen<\/a> \/ Traduction MR<\/span><\/span><\/span><\/p>\n<hr \/>\n<p align=\"LEFT\"><strong><a href=\"https:\/\/ismfrance.org\/wp-content\/uploads\/2024\/09\/ahmad.jpg\"><img loading=\"lazy\" decoding=\"async\" class=\" wp-image-14611 alignleft\" src=\"https:\/\/ismfrance.org\/wp-content\/uploads\/2024\/09\/ahmad-150x150.jpg\" alt=\"\" width=\"118\" height=\"118\" srcset=\"https:\/\/ismfrance.org\/wp-content\/uploads\/2024\/09\/ahmad-150x150.jpg 150w, https:\/\/ismfrance.org\/wp-content\/uploads\/2024\/09\/ahmad-300x300.jpg 300w, https:\/\/ismfrance.org\/wp-content\/uploads\/2024\/09\/ahmad-144x144.jpg 144w, https:\/\/ismfrance.org\/wp-content\/uploads\/2024\/09\/ahmad.jpg 400w\" sizes=\"auto, (max-width: 118px) 100vw, 118px\" \/><\/a><\/strong><\/p>\n<p align=\"LEFT\">\n<p align=\"LEFT\"><strong>L&rsquo;auteur : <\/strong>Ahmad Karakira\u00a0travaille comme journaliste pour les versions\u00a0<a href=\"https:\/\/www.almayadeen.net\/\">arabe<\/a>\u00a0et\u00a0<a href=\"https:\/\/english.almayadeen.net\/\">anglaise<\/a> de Al-Mayadeen. Son compte <a href=\"https:\/\/twitter.com\/ahmadkarakira96\">Twitter<\/a>.<\/p>\n","protected":false},"excerpt":{"rendered":"<p>Ahmad Karakira, 28 septembre 2024. Le 31 ao\u00fbt 1960, un gar\u00e7on pr\u00e9nomm\u00e9 Hassan est n\u00e9 dans la famille Nasrallah. Il \u00e9tait l&rsquo;a\u00een\u00e9 de trois fr\u00e8res et cinq s\u0153urs et a <a class=\"more-link\" href=\"https:\/\/ismfrance.org\/index.php\/2024\/09\/29\/le-martyr-sayyed-nasrallah-liberateur-du-liban-briseur-dhegemonie\/\">Lire la suite &rarr;<\/a><\/p>\n","protected":false},"author":3,"featured_media":14609,"comment_status":"closed","ping_status":"closed","sticky":false,"template":"","format":"standard","meta":{"footnotes":""},"categories":[12,2],"tags":[155,76,3],"class_list":["post-14608","post","type-post","status-publish","format-standard","has-post-thumbnail","hentry","category-analyses","category-articles","tag-assassinats-cibles","tag-liban","tag-resistance"],"yoast_head":"<!-- This site is optimized with the Yoast SEO plugin v27.2 - https:\/\/yoast.com\/product\/yoast-seo-wordpress\/ -->\n<title>Le martyr Sayyed Nasrallah, lib\u00e9rateur du Liban, briseur d&#039;h\u00e9g\u00e9monie - International Solidarity Movement - ISM-France<\/title>\n<meta name=\"robots\" content=\"index, follow, max-snippet:-1, max-image-preview:large, max-video-preview:-1\" \/>\n<link rel=\"canonical\" href=\"https:\/\/ismfrance.org\/index.php\/2024\/09\/29\/le-martyr-sayyed-nasrallah-liberateur-du-liban-briseur-dhegemonie\/\" \/>\n<meta property=\"og:locale\" content=\"fr_FR\" \/>\n<meta property=\"og:type\" content=\"article\" \/>\n<meta property=\"og:title\" content=\"Le martyr Sayyed Nasrallah, lib\u00e9rateur du Liban, briseur d&#039;h\u00e9g\u00e9monie - International Solidarity Movement - ISM-France\" \/>\n<meta property=\"og:description\" content=\"Ahmad Karakira, 28 septembre 2024. Le 31 ao\u00fbt 1960, un gar\u00e7on pr\u00e9nomm\u00e9 Hassan est n\u00e9 dans la famille Nasrallah. Il \u00e9tait l&rsquo;a\u00een\u00e9 de trois fr\u00e8res et cinq s\u0153urs et a Lire la suite &rarr;\" \/>\n<meta property=\"og:url\" content=\"https:\/\/ismfrance.org\/index.php\/2024\/09\/29\/le-martyr-sayyed-nasrallah-liberateur-du-liban-briseur-dhegemonie\/\" \/>\n<meta property=\"og:site_name\" content=\"International Solidarity Movement - ISM-France\" \/>\n<meta property=\"article:published_time\" content=\"2024-09-29T09:19:31+00:00\" \/>\n<meta property=\"og:image\" content=\"https:\/\/ismfrance.org\/wp-content\/uploads\/2024\/09\/photo_2024-09-28_13-33-46.jpg\" \/>\n\t<meta property=\"og:image:width\" content=\"1061\" \/>\n\t<meta property=\"og:image:height\" content=\"1061\" \/>\n\t<meta property=\"og:image:type\" content=\"image\/jpeg\" \/>\n<meta name=\"author\" content=\"mru_01\" \/>\n<meta name=\"twitter:card\" content=\"summary_large_image\" \/>\n<meta name=\"twitter:creator\" content=\"@ISMFRANCE\" \/>\n<meta name=\"twitter:site\" content=\"@ISMFRANCE\" \/>\n<meta name=\"twitter:label1\" content=\"\u00c9crit par\" \/>\n\t<meta name=\"twitter:data1\" content=\"mru_01\" \/>\n\t<meta name=\"twitter:label2\" content=\"Dur\u00e9e de lecture estim\u00e9e\" \/>\n\t<meta name=\"twitter:data2\" content=\"13 minutes\" \/>\n<script type=\"application\/ld+json\" class=\"yoast-schema-graph\">{\"@context\":\"https:\/\/schema.org\",\"@graph\":[{\"@type\":\"Article\",\"@id\":\"https:\/\/ismfrance.org\/index.php\/2024\/09\/29\/le-martyr-sayyed-nasrallah-liberateur-du-liban-briseur-dhegemonie\/#article\",\"isPartOf\":{\"@id\":\"https:\/\/ismfrance.org\/index.php\/2024\/09\/29\/le-martyr-sayyed-nasrallah-liberateur-du-liban-briseur-dhegemonie\/\"},\"author\":{\"name\":\"mru_01\",\"@id\":\"https:\/\/ismfrance.org\/#\/schema\/person\/3c411eb72adfaae19c0dca1f41fae01d\"},\"headline\":\"Le martyr Sayyed Nasrallah, lib\u00e9rateur du Liban, briseur d&rsquo;h\u00e9g\u00e9monie\",\"datePublished\":\"2024-09-29T09:19:31+00:00\",\"mainEntityOfPage\":{\"@id\":\"https:\/\/ismfrance.org\/index.php\/2024\/09\/29\/le-martyr-sayyed-nasrallah-liberateur-du-liban-briseur-dhegemonie\/\"},\"wordCount\":2602,\"publisher\":{\"@id\":\"https:\/\/ismfrance.org\/#organization\"},\"image\":{\"@id\":\"https:\/\/ismfrance.org\/index.php\/2024\/09\/29\/le-martyr-sayyed-nasrallah-liberateur-du-liban-briseur-dhegemonie\/#primaryimage\"},\"thumbnailUrl\":\"https:\/\/ismfrance.org\/wp-content\/uploads\/2024\/09\/photo_2024-09-28_13-33-46.jpg\",\"keywords\":[\"Assassinats cibl\u00e9s\",\"Liban\",\"R\u00e9sistance\"],\"articleSection\":[\"Analyses\",\"Articles\"],\"inLanguage\":\"fr-FR\"},{\"@type\":\"WebPage\",\"@id\":\"https:\/\/ismfrance.org\/index.php\/2024\/09\/29\/le-martyr-sayyed-nasrallah-liberateur-du-liban-briseur-dhegemonie\/\",\"url\":\"https:\/\/ismfrance.org\/index.php\/2024\/09\/29\/le-martyr-sayyed-nasrallah-liberateur-du-liban-briseur-dhegemonie\/\",\"name\":\"Le martyr Sayyed Nasrallah, lib\u00e9rateur du Liban, briseur d'h\u00e9g\u00e9monie - International Solidarity Movement - ISM-France\",\"isPartOf\":{\"@id\":\"https:\/\/ismfrance.org\/#website\"},\"primaryImageOfPage\":{\"@id\":\"https:\/\/ismfrance.org\/index.php\/2024\/09\/29\/le-martyr-sayyed-nasrallah-liberateur-du-liban-briseur-dhegemonie\/#primaryimage\"},\"image\":{\"@id\":\"https:\/\/ismfrance.org\/index.php\/2024\/09\/29\/le-martyr-sayyed-nasrallah-liberateur-du-liban-briseur-dhegemonie\/#primaryimage\"},\"thumbnailUrl\":\"https:\/\/ismfrance.org\/wp-content\/uploads\/2024\/09\/photo_2024-09-28_13-33-46.jpg\",\"datePublished\":\"2024-09-29T09:19:31+00:00\",\"breadcrumb\":{\"@id\":\"https:\/\/ismfrance.org\/index.php\/2024\/09\/29\/le-martyr-sayyed-nasrallah-liberateur-du-liban-briseur-dhegemonie\/#breadcrumb\"},\"inLanguage\":\"fr-FR\",\"potentialAction\":[{\"@type\":\"ReadAction\",\"target\":[\"https:\/\/ismfrance.org\/index.php\/2024\/09\/29\/le-martyr-sayyed-nasrallah-liberateur-du-liban-briseur-dhegemonie\/\"]}]},{\"@type\":\"ImageObject\",\"inLanguage\":\"fr-FR\",\"@id\":\"https:\/\/ismfrance.org\/index.php\/2024\/09\/29\/le-martyr-sayyed-nasrallah-liberateur-du-liban-briseur-dhegemonie\/#primaryimage\",\"url\":\"https:\/\/ismfrance.org\/wp-content\/uploads\/2024\/09\/photo_2024-09-28_13-33-46.jpg\",\"contentUrl\":\"https:\/\/ismfrance.org\/wp-content\/uploads\/2024\/09\/photo_2024-09-28_13-33-46.jpg\",\"width\":1061,\"height\":1061},{\"@type\":\"BreadcrumbList\",\"@id\":\"https:\/\/ismfrance.org\/index.php\/2024\/09\/29\/le-martyr-sayyed-nasrallah-liberateur-du-liban-briseur-dhegemonie\/#breadcrumb\",\"itemListElement\":[{\"@type\":\"ListItem\",\"position\":1,\"name\":\"Accueil\",\"item\":\"https:\/\/ismfrance.org\/\"},{\"@type\":\"ListItem\",\"position\":2,\"name\":\"Le martyr Sayyed Nasrallah, lib\u00e9rateur du Liban, briseur d&#8217;h\u00e9g\u00e9monie\"}]},{\"@type\":\"WebSite\",\"@id\":\"https:\/\/ismfrance.org\/#website\",\"url\":\"https:\/\/ismfrance.org\/\",\"name\":\"ISM Palestine France\",\"description\":\"Soutien aux luttes de lib\u00e9ration du peuple palestinien\",\"publisher\":{\"@id\":\"https:\/\/ismfrance.org\/#organization\"},\"potentialAction\":[{\"@type\":\"SearchAction\",\"target\":{\"@type\":\"EntryPoint\",\"urlTemplate\":\"https:\/\/ismfrance.org\/?s={search_term_string}\"},\"query-input\":{\"@type\":\"PropertyValueSpecification\",\"valueRequired\":true,\"valueName\":\"search_term_string\"}}],\"inLanguage\":\"fr-FR\"},{\"@type\":\"Organization\",\"@id\":\"https:\/\/ismfrance.org\/#organization\",\"name\":\"International Solidarity Movement\",\"url\":\"https:\/\/ismfrance.org\/\",\"logo\":{\"@type\":\"ImageObject\",\"inLanguage\":\"fr-FR\",\"@id\":\"https:\/\/ismfrance.org\/#\/schema\/logo\/image\/\",\"url\":\"https:\/\/ismfrance.org\/wp-content\/uploads\/2020\/12\/00.png\",\"contentUrl\":\"https:\/\/ismfrance.org\/wp-content\/uploads\/2020\/12\/00.png\",\"width\":400,\"height\":400,\"caption\":\"International Solidarity Movement\"},\"image\":{\"@id\":\"https:\/\/ismfrance.org\/#\/schema\/logo\/image\/\"},\"sameAs\":[\"https:\/\/x.com\/ISMFRANCE\"]},{\"@type\":\"Person\",\"@id\":\"https:\/\/ismfrance.org\/#\/schema\/person\/3c411eb72adfaae19c0dca1f41fae01d\",\"name\":\"mru_01\",\"image\":{\"@type\":\"ImageObject\",\"inLanguage\":\"fr-FR\",\"@id\":\"https:\/\/secure.gravatar.com\/avatar\/3a0be343b445d2ccc79e87444a294fad2b232e90d2051d0e3cc219e1ecd6a330?s=96&d=mm&r=g\",\"url\":\"https:\/\/secure.gravatar.com\/avatar\/3a0be343b445d2ccc79e87444a294fad2b232e90d2051d0e3cc219e1ecd6a330?s=96&d=mm&r=g\",\"contentUrl\":\"https:\/\/secure.gravatar.com\/avatar\/3a0be343b445d2ccc79e87444a294fad2b232e90d2051d0e3cc219e1ecd6a330?s=96&d=mm&r=g\",\"caption\":\"mru_01\"},\"url\":\"https:\/\/ismfrance.org\/index.php\/author\/admin02\/\"}]}<\/script>\n<!-- \/ Yoast SEO plugin. -->","yoast_head_json":{"title":"Le martyr Sayyed Nasrallah, lib\u00e9rateur du Liban, briseur d'h\u00e9g\u00e9monie - International Solidarity Movement - ISM-France","robots":{"index":"index","follow":"follow","max-snippet":"max-snippet:-1","max-image-preview":"max-image-preview:large","max-video-preview":"max-video-preview:-1"},"canonical":"https:\/\/ismfrance.org\/index.php\/2024\/09\/29\/le-martyr-sayyed-nasrallah-liberateur-du-liban-briseur-dhegemonie\/","og_locale":"fr_FR","og_type":"article","og_title":"Le martyr Sayyed Nasrallah, lib\u00e9rateur du Liban, briseur d'h\u00e9g\u00e9monie - International Solidarity Movement - ISM-France","og_description":"Ahmad Karakira, 28 septembre 2024. Le 31 ao\u00fbt 1960, un gar\u00e7on pr\u00e9nomm\u00e9 Hassan est n\u00e9 dans la famille Nasrallah. Il \u00e9tait l&rsquo;a\u00een\u00e9 de trois fr\u00e8res et cinq s\u0153urs et a Lire la suite &rarr;","og_url":"https:\/\/ismfrance.org\/index.php\/2024\/09\/29\/le-martyr-sayyed-nasrallah-liberateur-du-liban-briseur-dhegemonie\/","og_site_name":"International Solidarity Movement - ISM-France","article_published_time":"2024-09-29T09:19:31+00:00","og_image":[{"width":1061,"height":1061,"url":"https:\/\/ismfrance.org\/wp-content\/uploads\/2024\/09\/photo_2024-09-28_13-33-46.jpg","type":"image\/jpeg"}],"author":"mru_01","twitter_card":"summary_large_image","twitter_creator":"@ISMFRANCE","twitter_site":"@ISMFRANCE","twitter_misc":{"\u00c9crit par":"mru_01","Dur\u00e9e de lecture estim\u00e9e":"13 minutes"},"schema":{"@context":"https:\/\/schema.org","@graph":[{"@type":"Article","@id":"https:\/\/ismfrance.org\/index.php\/2024\/09\/29\/le-martyr-sayyed-nasrallah-liberateur-du-liban-briseur-dhegemonie\/#article","isPartOf":{"@id":"https:\/\/ismfrance.org\/index.php\/2024\/09\/29\/le-martyr-sayyed-nasrallah-liberateur-du-liban-briseur-dhegemonie\/"},"author":{"name":"mru_01","@id":"https:\/\/ismfrance.org\/#\/schema\/person\/3c411eb72adfaae19c0dca1f41fae01d"},"headline":"Le martyr Sayyed Nasrallah, lib\u00e9rateur du Liban, briseur d&rsquo;h\u00e9g\u00e9monie","datePublished":"2024-09-29T09:19:31+00:00","mainEntityOfPage":{"@id":"https:\/\/ismfrance.org\/index.php\/2024\/09\/29\/le-martyr-sayyed-nasrallah-liberateur-du-liban-briseur-dhegemonie\/"},"wordCount":2602,"publisher":{"@id":"https:\/\/ismfrance.org\/#organization"},"image":{"@id":"https:\/\/ismfrance.org\/index.php\/2024\/09\/29\/le-martyr-sayyed-nasrallah-liberateur-du-liban-briseur-dhegemonie\/#primaryimage"},"thumbnailUrl":"https:\/\/ismfrance.org\/wp-content\/uploads\/2024\/09\/photo_2024-09-28_13-33-46.jpg","keywords":["Assassinats cibl\u00e9s","Liban","R\u00e9sistance"],"articleSection":["Analyses","Articles"],"inLanguage":"fr-FR"},{"@type":"WebPage","@id":"https:\/\/ismfrance.org\/index.php\/2024\/09\/29\/le-martyr-sayyed-nasrallah-liberateur-du-liban-briseur-dhegemonie\/","url":"https:\/\/ismfrance.org\/index.php\/2024\/09\/29\/le-martyr-sayyed-nasrallah-liberateur-du-liban-briseur-dhegemonie\/","name":"Le martyr Sayyed Nasrallah, lib\u00e9rateur du Liban, briseur d'h\u00e9g\u00e9monie - International Solidarity Movement - ISM-France","isPartOf":{"@id":"https:\/\/ismfrance.org\/#website"},"primaryImageOfPage":{"@id":"https:\/\/ismfrance.org\/index.php\/2024\/09\/29\/le-martyr-sayyed-nasrallah-liberateur-du-liban-briseur-dhegemonie\/#primaryimage"},"image":{"@id":"https:\/\/ismfrance.org\/index.php\/2024\/09\/29\/le-martyr-sayyed-nasrallah-liberateur-du-liban-briseur-dhegemonie\/#primaryimage"},"thumbnailUrl":"https:\/\/ismfrance.org\/wp-content\/uploads\/2024\/09\/photo_2024-09-28_13-33-46.jpg","datePublished":"2024-09-29T09:19:31+00:00","breadcrumb":{"@id":"https:\/\/ismfrance.org\/index.php\/2024\/09\/29\/le-martyr-sayyed-nasrallah-liberateur-du-liban-briseur-dhegemonie\/#breadcrumb"},"inLanguage":"fr-FR","potentialAction":[{"@type":"ReadAction","target":["https:\/\/ismfrance.org\/index.php\/2024\/09\/29\/le-martyr-sayyed-nasrallah-liberateur-du-liban-briseur-dhegemonie\/"]}]},{"@type":"ImageObject","inLanguage":"fr-FR","@id":"https:\/\/ismfrance.org\/index.php\/2024\/09\/29\/le-martyr-sayyed-nasrallah-liberateur-du-liban-briseur-dhegemonie\/#primaryimage","url":"https:\/\/ismfrance.org\/wp-content\/uploads\/2024\/09\/photo_2024-09-28_13-33-46.jpg","contentUrl":"https:\/\/ismfrance.org\/wp-content\/uploads\/2024\/09\/photo_2024-09-28_13-33-46.jpg","width":1061,"height":1061},{"@type":"BreadcrumbList","@id":"https:\/\/ismfrance.org\/index.php\/2024\/09\/29\/le-martyr-sayyed-nasrallah-liberateur-du-liban-briseur-dhegemonie\/#breadcrumb","itemListElement":[{"@type":"ListItem","position":1,"name":"Accueil","item":"https:\/\/ismfrance.org\/"},{"@type":"ListItem","position":2,"name":"Le martyr Sayyed Nasrallah, lib\u00e9rateur du Liban, briseur d&#8217;h\u00e9g\u00e9monie"}]},{"@type":"WebSite","@id":"https:\/\/ismfrance.org\/#website","url":"https:\/\/ismfrance.org\/","name":"ISM Palestine France","description":"Soutien aux luttes de lib\u00e9ration du peuple palestinien","publisher":{"@id":"https:\/\/ismfrance.org\/#organization"},"potentialAction":[{"@type":"SearchAction","target":{"@type":"EntryPoint","urlTemplate":"https:\/\/ismfrance.org\/?s={search_term_string}"},"query-input":{"@type":"PropertyValueSpecification","valueRequired":true,"valueName":"search_term_string"}}],"inLanguage":"fr-FR"},{"@type":"Organization","@id":"https:\/\/ismfrance.org\/#organization","name":"International Solidarity Movement","url":"https:\/\/ismfrance.org\/","logo":{"@type":"ImageObject","inLanguage":"fr-FR","@id":"https:\/\/ismfrance.org\/#\/schema\/logo\/image\/","url":"https:\/\/ismfrance.org\/wp-content\/uploads\/2020\/12\/00.png","contentUrl":"https:\/\/ismfrance.org\/wp-content\/uploads\/2020\/12\/00.png","width":400,"height":400,"caption":"International Solidarity Movement"},"image":{"@id":"https:\/\/ismfrance.org\/#\/schema\/logo\/image\/"},"sameAs":["https:\/\/x.com\/ISMFRANCE"]},{"@type":"Person","@id":"https:\/\/ismfrance.org\/#\/schema\/person\/3c411eb72adfaae19c0dca1f41fae01d","name":"mru_01","image":{"@type":"ImageObject","inLanguage":"fr-FR","@id":"https:\/\/secure.gravatar.com\/avatar\/3a0be343b445d2ccc79e87444a294fad2b232e90d2051d0e3cc219e1ecd6a330?s=96&d=mm&r=g","url":"https:\/\/secure.gravatar.com\/avatar\/3a0be343b445d2ccc79e87444a294fad2b232e90d2051d0e3cc219e1ecd6a330?s=96&d=mm&r=g","contentUrl":"https:\/\/secure.gravatar.com\/avatar\/3a0be343b445d2ccc79e87444a294fad2b232e90d2051d0e3cc219e1ecd6a330?s=96&d=mm&r=g","caption":"mru_01"},"url":"https:\/\/ismfrance.org\/index.php\/author\/admin02\/"}]}},"_links":{"self":[{"href":"https:\/\/ismfrance.org\/index.php\/wp-json\/wp\/v2\/posts\/14608","targetHints":{"allow":["GET"]}}],"collection":[{"href":"https:\/\/ismfrance.org\/index.php\/wp-json\/wp\/v2\/posts"}],"about":[{"href":"https:\/\/ismfrance.org\/index.php\/wp-json\/wp\/v2\/types\/post"}],"author":[{"embeddable":true,"href":"https:\/\/ismfrance.org\/index.php\/wp-json\/wp\/v2\/users\/3"}],"replies":[{"embeddable":true,"href":"https:\/\/ismfrance.org\/index.php\/wp-json\/wp\/v2\/comments?post=14608"}],"version-history":[{"count":0,"href":"https:\/\/ismfrance.org\/index.php\/wp-json\/wp\/v2\/posts\/14608\/revisions"}],"wp:featuredmedia":[{"embeddable":true,"href":"https:\/\/ismfrance.org\/index.php\/wp-json\/wp\/v2\/media\/14609"}],"wp:attachment":[{"href":"https:\/\/ismfrance.org\/index.php\/wp-json\/wp\/v2\/media?parent=14608"}],"wp:term":[{"taxonomy":"category","embeddable":true,"href":"https:\/\/ismfrance.org\/index.php\/wp-json\/wp\/v2\/categories?post=14608"},{"taxonomy":"post_tag","embeddable":true,"href":"https:\/\/ismfrance.org\/index.php\/wp-json\/wp\/v2\/tags?post=14608"}],"curies":[{"name":"wp","href":"https:\/\/api.w.org\/{rel}","templated":true}]}}