{"id":14590,"date":"2024-09-28T18:19:07","date_gmt":"2024-09-28T16:19:07","guid":{"rendered":"https:\/\/ismfrance.org\/?p=14590"},"modified":"2024-09-28T18:19:07","modified_gmt":"2024-09-28T16:19:07","slug":"un-personnage-immense-les-factions-palestiniennes-pleurent-sayyed-nasrallah","status":"publish","type":"post","link":"https:\/\/ismfrance.org\/index.php\/2024\/09\/28\/un-personnage-immense-les-factions-palestiniennes-pleurent-sayyed-nasrallah\/","title":{"rendered":"Un personnage immense : les factions palestiniennes pleurent Sayyed Nasrallah"},"content":{"rendered":"<p><span style=\"color: #000000;\"><span style=\"font-family: Arial, sans-serif;\"><span style=\"font-size: medium;\"><strong>Al Mayadeen, 28 septembre 2024<\/strong>. Les factions de la R\u00e9sistance palestinienne pleurent le chef de la R\u00e9sistance islamique au Liban &#8211; Hezbollah, Sayyed Hassan Nasrallah, tomb\u00e9 en martyr sur le chemin de la lib\u00e9ration d&rsquo;Al-Qods et de la mosqu\u00e9e sacr\u00e9e Al-Aqsa en Palestine.<\/span><\/span><\/span><\/p>\n<p><a href=\"https:\/\/ismfrance.org\/wp-content\/uploads\/2024\/09\/photo_2024-09-28_13-39-10.jpg\"><img loading=\"lazy\" decoding=\"async\" class=\"alignnone size-full wp-image-14591\" src=\"https:\/\/ismfrance.org\/wp-content\/uploads\/2024\/09\/photo_2024-09-28_13-39-10.jpg\" alt=\"\" width=\"640\" height=\"640\" srcset=\"https:\/\/ismfrance.org\/wp-content\/uploads\/2024\/09\/photo_2024-09-28_13-39-10.jpg 640w, https:\/\/ismfrance.org\/wp-content\/uploads\/2024\/09\/photo_2024-09-28_13-39-10-300x300.jpg 300w, https:\/\/ismfrance.org\/wp-content\/uploads\/2024\/09\/photo_2024-09-28_13-39-10-150x150.jpg 150w, https:\/\/ismfrance.org\/wp-content\/uploads\/2024\/09\/photo_2024-09-28_13-39-10-144x144.jpg 144w\" sizes=\"auto, (max-width: 640px) 100vw, 640px\" \/><\/a><\/p>\n<p><span style=\"color: #000000;\"><span style=\"font-family: Arial, sans-serif;\"><span style=\"font-size: medium;\">Le leader r\u00e9volutionnaire, Sayyed Nasrallah, est tomb\u00e9 en martyr lors d&rsquo;un raid a\u00e9rien brutal sur la banlieue sud de Beyrouth, lanc\u00e9 par le r\u00e9gime isra\u00e9lien vendredi.<\/span><\/span><\/span><\/p>\n<p><span style=\"color: #000000;\"><span style=\"font-family: Arial, sans-serif;\"><span style=\"font-size: medium;\">Les factions de la R\u00e9sistance palestinienne, qui ont soulign\u00e9 sa d\u00e9cision in\u00e9branlable de soutenir la Palestine et la bande de Gaza, malgr\u00e9 les cons\u00e9quences de cette position, reconnaissent le r\u00f4le de Sayyed Nasrallah dans le soutien \u00e0 la Palestine et dans la conduite de la confrontation du Liban avec le projet expansionniste isra\u00e9lien.<\/span><\/span><\/span><\/p>\n<p><strong><span style=\"color: #000000;\"><span style=\"font-family: Arial, sans-serif;\"><span style=\"font-size: large;\">Hamas : les \u00c9tats-Unis portent la responsabilit\u00e9 du terrorisme sioniste<\/span><\/span><\/span><\/strong><\/p>\n<p><span style=\"color: #000000;\"><span style=\"font-family: Arial, sans-serif;\"><span style=\"font-size: medium;\">Le Mouvement de r\u00e9sistance islamique &#8211; Hamas pleure Sayyed Nasrallah et ses camarades qui sont devenus martyrs dans la bataille d&rsquo;Al-Aqsa, affirmant qu&rsquo;ils \u00ab se sont battus sur le chemin d&rsquo;Al-Qods et en soutien au peuple palestinien in\u00e9branlable \u00bb. <\/span><\/span><\/span><\/p>\n<p><span style=\"color: #000000;\"><span style=\"font-family: Arial, sans-serif;\"><span style=\"font-size: medium;\">\u00ab Nous adressons nos sinc\u00e8res condol\u00e9ances, notre solidarit\u00e9 et notre sympathie au peuple libanais, \u00e0 nos fr\u00e8res du Hezbollah et \u00e0 la R\u00e9sistance islamique au Liban \u00bb, peut-on lire dans un communiqu\u00e9 publi\u00e9 samedi.<\/span><\/span><\/span><\/p>\n<p><span style=\"color: #000000;\"><span style=\"font-family: Arial, sans-serif;\"><span style=\"font-size: medium;\">Le Hamas a soulign\u00e9 que le r\u00e9gime isra\u00e9lien a commis un \u00ab acte terroriste l\u00e2che et un massacre odieux \u00bb, en bombardant la banlieue de la capitale libanaise, Beyrouth.<\/span><\/span><\/span><\/p>\n<p><span style=\"color: #000000;\"><span style=\"font-family: Arial, sans-serif;\"><span style=\"font-size: medium;\">\u00ab [Le r\u00e9gime isra\u00e9lien] reste une entit\u00e9 voyou, qui fait preuve d&rsquo;un m\u00e9pris flagrant pour toutes les valeurs, normes et conventions internationales\u00a0; il menace la paix et la s\u00e9curit\u00e9 mondiales dans un contexte de silence, d&rsquo;impuissance et de complicit\u00e9 internationaux \u00bb, a ajout\u00e9 le Hamas.<\/span><\/span><\/span><\/p>\n<p><span style=\"color: #000000;\"><span style=\"font-family: Arial, sans-serif;\"><span style=\"font-size: medium;\">Le Hamas a soulign\u00e9 que l&rsquo;administration am\u00e9ricaine \u00ab porte \u00e9galement la responsabilit\u00e9 \u00bb de ce crime odieux, car elle montre son \u00ab soutien politique, diplomatique, militaire, s\u00e9curitaire et de renseignement continu \u00bb au r\u00e9gime isra\u00e9lien.<\/span><\/span><\/span><\/p>\n<p><span style=\"color: #000000;\"><span style=\"font-family: Arial, sans-serif;\"><span style=\"font-size: medium;\"><b>Une lumi\u00e8re qui montre la voie aux peuples de la r\u00e9gion<\/b><\/span><\/span><\/span><\/p>\n<p><span style=\"color: #000000;\"><span style=\"font-family: Arial, sans-serif;\"><span style=\"font-size: medium;\">Le mouvement a rappel\u00e9 la \u00ab vie de sacrifice du leader pour la lib\u00e9ration d&rsquo;al-Qods et de la mosqu\u00e9e sacr\u00e9e al-Aqsa \u00bb, ses \u00ab positions honorables en faveur du peuple palestinien \u00bb et son \u00ab engagement ind\u00e9fectible \u00e0 soutenir sans rel\u00e2che \u00bb les Palestiniens et leur R\u00e9sistance, en particulier dans la bataille d&rsquo;Al-Aqsa.<\/span><\/span><\/span><\/p>\n<p><span style=\"color: #000000;\"><span style=\"font-family: Arial, sans-serif;\"><span style=\"font-size: medium;\">La faction de la R\u00e9sistance palestinienne a r\u00e9affirm\u00e9 sa \u00ab solidarit\u00e9 absolue \u00bb avec le Hezbollah, soulignant qu&rsquo;elle est unie aux combattants de la R\u00e9sistance libanaise.<\/span><\/span><\/span><\/p>\n<p><span style=\"color: #000000;\"><span style=\"font-family: Arial, sans-serif;\"><span style=\"font-size: medium;\">\u00ab [Le sang pur des martyrs au Liban et en Palestine] est la lumi\u00e8re qui montre la voie \u00e0 notre peuple et \u00e0 notre R\u00e9sistance, qui ne connaissent ni d\u00e9faite ni reddition \u00bb, a soulign\u00e9 le Hamas.<\/span><\/span><\/span><\/p>\n<p><strong><span style=\"color: #000000;\"><span style=\"font-family: Arial, sans-serif;\"><span style=\"font-size: large;\">Brigades Al-Qassam : Sayyed Nasrallah a offert sa vie en sacrifice \u00e0 la mosqu\u00e9e al-Aqsa<\/span><\/span><\/span><\/strong><\/p>\n<p><span style=\"color: #000000;\"><span style=\"font-family: Arial, sans-serif;\"><span style=\"font-size: medium;\">Dans un communiqu\u00e9 s\u00e9par\u00e9, la branche militaire du Hamas, les Brigades al-Qassam, a soulign\u00e9 le r\u00f4le du martyr Sayyed Nasrallah dans le d\u00e9veloppement des relations entre la R\u00e9sistance au Liban et en Palestine.<\/span><\/span><\/span><\/p>\n<p><span style=\"color: #000000;\"><span style=\"font-family: Arial, sans-serif;\"><span style=\"font-size: medium;\">\u00ab\u00a0Il a fermement rejet\u00e9 toute cessation du soutien \u00e0 Gaza, malgr\u00e9 les immenses sacrifices consentis par le Liban et le Hezbollah, y compris leurs combattants et leurs dirigeants\u00a0\u00bb, ont soulign\u00e9 les Brigades al-Qassam.<\/span><\/span><\/span><\/p>\n<p><span style=\"color: #000000;\"><span style=\"font-family: Arial, sans-serif;\"><span style=\"font-size: medium;\">\u00ab\u00a0Cet engagement a culmin\u00e9 avec le sacrifice de sa vie pour Al-Aqsa, entrem\u00ealant son sang \u00e0 celui des martyrs de Palestine et de leurs dirigeants h\u00e9ro\u00efques\u00a0\u00bb, a soulign\u00e9 la branche militaire du Hamas, ajoutant que de telles actions illustrent la plus haute forme de solidarit\u00e9 avec la R\u00e9sistance palestinienne.<\/span><\/span><\/span><\/p>\n<p><strong><span style=\"color: #000000;\"><span style=\"font-family: Arial, sans-serif;\"><span style=\"font-size: large;\">PIJ : Nous sommes fiers de l&rsquo;h\u00e9ritage laiss\u00e9 par l&rsquo;imposante figure de la R\u00e9sistance<\/span><\/span><\/span><\/strong><\/p>\n<p><span style=\"color: #000000;\"><span style=\"font-family: Arial, sans-serif;\"><span style=\"font-size: medium;\">\u00ab\u00a0Avec fiert\u00e9, honneur et pleine acceptation du d\u00e9cret de Dieu, et avec une confiance totale dans la promesse de Dieu d&rsquo;accorder la victoire \u00e0 ses fid\u00e8les serviteurs, nous pleurons aupr\u00e8s de notre cher peuple palestinien et de la nation arabe et islamique, le martyre du secr\u00e9taire g\u00e9n\u00e9ral du Hezbollah, Sayyed Hassan Nasrallah\u00a0\u00bb, a d\u00e9clar\u00e9 le mouvement du Jihad islamique palestinien (JIP).<\/span><\/span><\/span><\/p>\n<p><span style=\"color: #000000;\"><span style=\"font-family: Arial, sans-serif;\"><span style=\"font-size: medium;\">Le mouvement a expliqu\u00e9 que malgr\u00e9 les sentiments de \u00ab\u00a0douleur et d&rsquo;amertume\u00a0\u00bb r\u00e9sultant de la \u00ab\u00a0perte d&rsquo;une imposante figure de la R\u00e9sistance arabe et islamique\u00a0\u00bb, le JIP est tr\u00e8s fier de l&rsquo;h\u00e9ritage laiss\u00e9 par le martyr Sayyed Nasrallah.<\/span><\/span><\/span><\/p>\n<p><span style=\"color: #000000;\"><span style=\"font-family: Arial, sans-serif;\"><span style=\"font-size: medium;\">Le secr\u00e9taire g\u00e9n\u00e9ral martyr du Hezbollah laisse derri\u00e8re lui \u00ab\u00a0des dizaines de milliers de combattants, de cadres et de dirigeants\u00a0\u00bb, qui se sont \u00e9lev\u00e9s \u00ab\u00a0sur son chemin, sur le chemin du martyre et de la Palestine\u00a0\u00bb. Le mouvement a d\u00e9clar\u00e9 que Sayyed Nasrallah n&rsquo;a jamais renonc\u00e9 \u00e0 soutenir et \u00e0 aider le peuple palestinien, \u00ab une position rarement vue \u00bb, a-t-il soulign\u00e9.<\/span><\/span><\/span><\/p>\n<p><span style=\"color: #000000;\"><span style=\"font-family: Arial, sans-serif;\"><span style=\"font-size: medium;\">Tout comme le martyre des dirigeants avant lui, le JIP a d\u00e9clar\u00e9 que le martyre de Sayyed Nasrallah ajouterait \u00e0 la \u00ab r\u00e9solution et \u00e0 la d\u00e9termination \u00bb de la R\u00e9sistance.<\/span><\/span><\/span><\/p>\n<p><span style=\"color: #000000;\"><span style=\"font-family: Arial, sans-serif;\"><span style=\"font-size: medium;\">\u00ab Les forces de la R\u00e9sistance au Liban, en Palestine et dans toute la r\u00e9gion feront payer \u00e0 l&rsquo;ennemi le prix de ses crimes et il go\u00fbtera \u00e0 la d\u00e9faite \u00e0 cause de ses actions honteuses, t\u00f4t ou tard \u00bb, a-t-il soulign\u00e9.<\/span><\/span><\/span><\/p>\n<p><strong><span style=\"color: #000000;\"><span style=\"font-family: Arial, sans-serif;\"><span style=\"font-size: large;\">FPLP : <i>Sayyed<\/i> des martyrs, une inspiration pour toute une g\u00e9n\u00e9ration<\/span><\/span><\/span><\/strong><\/p>\n<p><span style=\"color: #000000;\"><span style=\"font-family: Arial, sans-serif;\"><span style=\"font-size: medium;\">Le Front populaire de lib\u00e9ration de la Palestine (FPLP) a fait \u00e9cho aux sentiments des autres factions de la R\u00e9sistance, en pleurant le \u00ab Sayyed [Ma\u00eetre] des martyrs et l&rsquo;inspiration de toute une g\u00e9n\u00e9ration, Sayyed Hassan Nasrallah, \u00ab Abu Hadi \u00bb \u00bb.<\/span><\/span><\/span><\/p>\n<p><span style=\"color: #000000;\"><span style=\"font-family: Arial, sans-serif;\"><span style=\"font-size: medium;\">En effet, le fils a\u00een\u00e9 de Sayyed Nasrallah, Hadi, est tomb\u00e9 en martyr lors d&rsquo;une bataille acharn\u00e9e avec les forces d&rsquo;occupation isra\u00e9liennes \u00e0 Iqlim al-Tuffah, dans le Sud-Liban alors occup\u00e9, le 12 septembre 1997.<\/span><\/span><\/span><\/p>\n<p><span style=\"color: #000000;\"><span style=\"font-family: Arial, sans-serif;\"><span style=\"font-size: medium;\">Le FPLP a d\u00e9clar\u00e9 que Sayyed Nasrallah est tomb\u00e9 en martyr dans un \u00ab stratag\u00e8me d&rsquo;assassinat sioniste l\u00e2che \u00bb, qui a \u00e9t\u00e9 \u00ab coordonn\u00e9 et planifi\u00e9 avec l&rsquo;ennemi criminel am\u00e9ricain \u00bb.<\/span><\/span><\/span><\/p>\n<p><span style=\"color: #000000;\"><span style=\"font-family: Arial, sans-serif;\"><span style=\"font-size: medium;\">\u00ab La Palestine, le Liban, la nation enti\u00e8re et le mouvement mondial de lib\u00e9ration ont perdu un leader exceptionnel et un symbole de la r\u00e9sistance arabe et r\u00e9volutionnaire dans le monde entier \u00bb, peut-on lire dans le communiqu\u00e9 du FPLP.<\/span><\/span><\/span><\/p>\n<p><span style=\"color: #000000;\"><span style=\"font-family: Arial, sans-serif;\"><span style=\"font-size: medium;\">Exprimant sa profonde solidarit\u00e9 avec le Hezbollah, le peuple libanais et l&rsquo;Axe de la R\u00e9sistance, le Front a d\u00e9clar\u00e9 que le martyre de Sayyed Nasrallah \u00ab marque le d\u00e9but d&rsquo;une nouvelle phase pour la R\u00e9sistance \u00bb. Il a expliqu\u00e9 que cette phase verra une force de R\u00e9sistance \u00ab plus forte et plus d\u00e9termin\u00e9e \u00bb \u00e0 poursuivre le chemin de Sayyed Nasrallah. \u00ab On peut voir son empreinte claire dans les victoires de la R\u00e9sistance libanaise, en particulier la victoire de juillet 2006 et l&rsquo;expulsion de l&rsquo;occupation sioniste du sud du Liban en 2000 \u00bb, a rappel\u00e9 le FPLP.<\/span><\/span><\/span><\/p>\n<p><span style=\"color: #000000;\"><span style=\"font-family: Arial, sans-serif;\"><span style=\"font-size: medium;\">Le front a promis au leader martyr que la r\u00e9ponse \u00e0 son assassinat \u00ab serait \u00e0 la hauteur du crime lui-m\u00eame \u00bb.<\/span><\/span><\/span><\/p>\n<p><strong><span style=\"color: #000000;\"><span style=\"font-family: Arial, sans-serif;\"><span style=\"font-size: large;\">Brigades Abu Ali Mustapha<\/span><\/span><\/span><\/strong><\/p>\n<p><span style=\"color: #000000;\"><span style=\"font-family: Arial, sans-serif;\"><span style=\"font-size: medium;\">Dans un communiqu\u00e9 publi\u00e9 \u00e0 ce \u00ab moment critique \u00bb de la bataille en cours, les Brigades Abu Ali Mustafa, l&rsquo;aile militaire du FPLP, ont jur\u00e9 de poursuivre leur r\u00e9sistance contre l&rsquo;ennemi isra\u00e9lien \u00ab tra\u00eetre et l\u00e2che \u00bb, soulignant que les r\u00e9centes attaques ne feront que renforcer leur d\u00e9termination.<\/span><\/span><\/span><\/p>\n<p><span style=\"color: #000000;\"><span style=\"font-family: Arial, sans-serif;\"><span style=\"font-size: medium;\">\u00ab L&rsquo;ennemi se trompe s&rsquo;il croit que nos d\u00e9fenses se sont effondr\u00e9es. Nos fortifications restent solides, soutenues par la d\u00e9termination et la r\u00e9silience de notre peuple et des forces de la R\u00e9sistance \u00bb, a soulign\u00e9 le communiqu\u00e9.<\/span><\/span><\/span><\/p>\n<p><span style=\"color: #000000;\"><span style=\"font-family: Arial, sans-serif;\"><span style=\"font-size: medium;\">Les Brigades ont \u00e9galement exprim\u00e9 leur solidarit\u00e9 avec le peuple libanais, saluant en particulier les dirigeants, les combattants et les partisans du Hezbollah.<\/span><\/span><\/span><\/p>\n<p><span style=\"color: #000000;\"><span style=\"font-family: Arial, sans-serif;\"><span style=\"font-size: medium;\">\u00ab Nous saluons les \u00e2mes de ceux dont les sacrifices ont \u00e9clair\u00e9 la voie vers la libert\u00e9 et l&rsquo;ind\u00e9pendance, ouvrant la voie \u00e0 al-Qods \u00bb, peut-on lire dans le communiqu\u00e9. Le groupe a r\u00e9it\u00e9r\u00e9 son engagement en faveur de la r\u00e9sistance arm\u00e9e, affirmant que la lutte se poursuivra jusqu&rsquo;\u00e0 ce que \u00ab la libert\u00e9 soit obtenue et l&rsquo;occupation expuls\u00e9e \u00bb.<\/span><\/span><\/span><\/p>\n<p><strong><span style=\"color: #000000;\"><span style=\"font-family: Arial, sans-serif;\"><span style=\"font-size: large;\">Le secr\u00e9taire g\u00e9n\u00e9ral du FPLP-CG : La fin du r\u00e9gime isra\u00e9lien est proche<\/span><\/span><\/span><\/strong><\/p>\n<p><span style=\"color: #000000;\"><span style=\"font-family: Arial, sans-serif;\"><span style=\"font-size: medium;\">Talal Naji, secr\u00e9taire g\u00e9n\u00e9ral du Front populaire de lib\u00e9ration de la Palestine &#8211; Commandement g\u00e9n\u00e9ral (FPLP-CG), a exprim\u00e9 sa profonde tristesse pour la perte du martyr Sayyed Nasrallah, qualifiant la douleur d&rsquo;\u00ab immense \u00bb pour la perte du chef de la R\u00e9sistance.<\/span><\/span><\/span><\/p>\n<p><span style=\"color: #000000;\"><span style=\"font-family: Arial, sans-serif;\"><span style=\"font-size: medium;\">Naji a soulign\u00e9 que ceux qui croient que le martyre de Nasrallah signifie sa d\u00e9faite se trompent, soulignant que \u00ab ceux qui l&rsquo;ont connu de pr\u00e8s comprennent qu&rsquo;il a toujours recherch\u00e9 le martyre \u00bb.<\/span><\/span><\/span><\/p>\n<p><span style=\"color: #000000;\"><span style=\"font-family: Arial, sans-serif;\"><span style=\"font-size: medium;\">Il a affirm\u00e9 que les combattants du Hezbollah, que Sayyed Nasrallah a nourris et form\u00e9s, continueront sur sa voie. Il a \u00e9galement r\u00e9it\u00e9r\u00e9 la fermet\u00e9 de l&rsquo;Axe de la R\u00e9sistance, notant que Sayyed Nasrallah croyait que la fin de \u00ab l&rsquo;entit\u00e9 usurpatrice \u00bb \u00e9tait proche.<\/span><\/span><\/span><\/p>\n<p><strong><span style=\"color: #000000;\"><span style=\"font-family: Arial, sans-serif;\"><span style=\"font-size: large;\">RPC : Un flambeau ardent \u00e9clairant le chemin vers la lib\u00e9ration<\/span><\/span><\/span><\/strong><\/p>\n<p><span style=\"color: #000000;\"><span style=\"font-family: Arial, sans-serif;\"><span style=\"font-size: medium;\">Les Comit\u00e9s de R\u00e9sistance palestiniens et leur branche militaire, les Brigades Al-Nasser Salah al-Din, ont \u00e9galement pleur\u00e9 le martyr Sayyed Hassan Nasrallah, secr\u00e9taire g\u00e9n\u00e9ral du Hezbollah.<\/span><\/span><\/span><\/p>\n<p><span style=\"color: #000000;\"><span style=\"font-family: Arial, sans-serif;\"><span style=\"font-size: medium;\">Ils ont d\u00e9crit Sayyed Nasrallah comme le \u00ab joyau et la couronne de la R\u00e9sistance \u00bb et un phare guidant le chemin vers la lib\u00e9ration. Son martyre, ont d\u00e9clar\u00e9 les comit\u00e9s, le place aux c\u00f4t\u00e9s d&rsquo;autres grands martyrs \u00e9clairant le chemin vers la libert\u00e9.<\/span><\/span><\/span><\/p>\n<p><span style=\"color: #000000;\"><span style=\"font-family: Arial, sans-serif;\"><span style=\"font-size: medium;\">Les Comit\u00e9s ont soulign\u00e9 que le martyre de Sayyed Nasrallah allumera la flamme de la \u00ab sainte vengeance \u00bb sur les murs d&rsquo;al-Qods, une ville qu&rsquo;il a \u0153uvr\u00e9 sans rel\u00e2che \u00e0 lib\u00e9rer de l&rsquo;occupation isra\u00e9lienne. Ils ont pr\u00e9sent\u00e9 leurs condol\u00e9ances au peuple libanais, \u00e0 la R\u00e9sistance islamique du Hezbollah et \u00e0 tous les combattants de la libert\u00e9 pour la perte d&rsquo;un dirigeant qui \u00e9tait rest\u00e9 fid\u00e8le \u00e0 sa promesse de se tenir aux c\u00f4t\u00e9s de Gaza.<\/span><\/span><\/span><\/p>\n<p><span style=\"color: #000000;\"><span style=\"font-family: Arial, sans-serif;\"><span style=\"font-size: medium;\">En r\u00e9fl\u00e9chissant sur des d\u00e9cennies de R\u00e9sistance, les comit\u00e9s ont r\u00e9it\u00e9r\u00e9 que les assassinats commis par l\u2019ennemi isra\u00e9lien n\u2019ont jamais r\u00e9solu les batailles ni conduit \u00e0 des victoires strat\u00e9giques. Au contraire, ils inspirent une plus grande d\u00e9termination parmi les combattants \u00e0 poursuivre la lutte. Le martyre de Sayyed Nasrallah, ont-ils affirm\u00e9, renforce la justesse du chemin de la R\u00e9sistance et l\u2019engagement profond au sacrifice.<\/span><\/span><\/span><\/p>\n<p><strong><span style=\"color: #000000;\"><span style=\"font-family: Arial, sans-serif;\"><span style=\"font-size: large;\">Le mouvement Al-Mujahideen promet de continuer \u00e0 r\u00e9sister<\/span><\/span><\/span><\/strong><\/p>\n<p><span style=\"color: #000000;\"><span style=\"font-family: Arial, sans-serif;\"><span style=\"font-size: medium;\">Le mouvement palestinien Al-Mujahideen a exprim\u00e9 sa profonde tristesse et sa solidarit\u00e9 suite \u00e0 l&rsquo;assassinat du martyr Sayyed Nasrallah lors d&rsquo;un raid isra\u00e9lien dans la banlieue sud de Beyrouth.<\/span><\/span><\/span><\/p>\n<p><span style=\"color: #000000;\"><span style=\"font-family: Arial, sans-serif;\"><span style=\"font-size: medium;\">Le mouvement a pr\u00e9sent\u00e9 ses condol\u00e9ances au Hezbollah, au peuple libanais et aux partisans de la R\u00e9sistance dans le monde entier. Il a soulign\u00e9 que le martyre de Sayyed Nasrallah, ainsi que d&rsquo;autres combattants du Hezbollah, renforce l&rsquo;unit\u00e9 de la R\u00e9sistance et met en \u00e9vidence le destin commun de la d\u00e9fense d&rsquo;Al-Qods et du soutien \u00e0 la cause palestinienne.<\/span><\/span><\/span><\/p>\n<p><span style=\"color: #000000;\"><span style=\"font-family: Arial, sans-serif;\"><span style=\"font-size: medium;\">Louant le soutien ind\u00e9fectible du Hezbollah \u00e0 la Palestine, la d\u00e9claration a salu\u00e9 le leadership et les sacrifices des combattants du groupe, qui ont r\u00e9sist\u00e9 fermement \u00e0 l&rsquo;agression isra\u00e9lienne et aux complots r\u00e9gionaux.<\/span><\/span><\/span><\/p>\n<p><span style=\"color: #000000;\"><span style=\"font-family: Arial, sans-serif;\"><span style=\"font-size: medium;\">Le mouvement Al-Mujahideen a jur\u00e9 qu'\u00a0\u00bbIsra\u00ebl\u00a0\u00bb ferait face \u00e0 de graves cons\u00e9quences pour ses crimes continus contre les Palestiniens, les Libanais et la r\u00e9gion au sens large. Ils ont affirm\u00e9 que le sang des martyrs, dont celui de Sayyed Nasrallah, renforcerait la R\u00e9sistance et h\u00e2terait la fin de l\u2019occupation isra\u00e9lienne.<\/span><\/span><\/span><\/p>\n<p><strong><span style=\"color: #000000;\"><span style=\"font-family: Arial, sans-serif;\"><span style=\"font-size: large;\">OLP<\/span><\/span><\/span><\/strong><\/p>\n<p><span style=\"color: #000000;\"><span style=\"font-family: Arial, sans-serif;\"><span style=\"font-size: medium;\">Les dirigeants des factions de l&rsquo;Organisation de lib\u00e9ration de la Palestine (OLP) au Liban ont \u00e9galement pleur\u00e9 le martyre de Sayyed Nasrallah. Les factions de l&rsquo;OLP ont fermement condamn\u00e9 l&rsquo;attaque, accusant \u00ab\u00a0Isra\u00ebl\u00a0\u00bb, qui b\u00e9n\u00e9ficie du soutien total des \u00c9tats-Unis, de tenter d&rsquo;entra\u00eener la r\u00e9gion dans une guerre \u00e0 grande \u00e9chelle pour imposer son contr\u00f4le sur les nations arabes et \u00e9liminer la cause palestinienne.<\/span><\/span><\/span><\/p>\n<p><span style=\"color: #000000;\"><span style=\"font-family: Arial, sans-serif;\"><span style=\"font-size: medium;\">L&rsquo;organe ex\u00e9cutif de l&rsquo;OLP a \u00e9galement pleur\u00e9 le martyr Sayyed Nasrallah et les civils tu\u00e9s dans l&rsquo;agression isra\u00e9lienne, appelant \u00e0 la fin des guerres de g\u00e9nocide isra\u00e9liennes contre les peuples palestinien et libanais.<\/span><\/span><\/span><\/p>\n<pre><em><span style=\"color: #000000;\"><span style=\"font-family: Arial, sans-serif;\"><span style=\"font-size: medium;\">Article original en anglais sur <a href=\"https:\/\/english.almayadeen.net\/news\/politics\/a-towering-figure--palestinian-factions-mourn-sayyed-nasrall\">Al Mayadeen<\/a> \/ Traduction MR<\/span><\/span><\/span><\/em><\/pre>\n","protected":false},"excerpt":{"rendered":"<p>Al Mayadeen, 28 septembre 2024. Les factions de la R\u00e9sistance palestinienne pleurent le chef de la R\u00e9sistance islamique au Liban &#8211; Hezbollah, Sayyed Hassan Nasrallah, tomb\u00e9 en martyr sur le <a class=\"more-link\" href=\"https:\/\/ismfrance.org\/index.php\/2024\/09\/28\/un-personnage-immense-les-factions-palestiniennes-pleurent-sayyed-nasrallah\/\">Lire la suite &rarr;<\/a><\/p>\n","protected":false},"author":3,"featured_media":14591,"comment_status":"closed","ping_status":"closed","sticky":false,"template":"","format":"standard","meta":{"footnotes":""},"categories":[12,2],"tags":[155,228,76],"class_list":["post-14590","post","type-post","status-publish","format-standard","has-post-thumbnail","hentry","category-analyses","category-articles","tag-assassinats-cibles","tag-axe-de-la-resistance","tag-liban"],"yoast_head":"<!-- This site is optimized with the Yoast SEO plugin v27.2 - https:\/\/yoast.com\/product\/yoast-seo-wordpress\/ -->\n<title>Un personnage immense : les factions palestiniennes pleurent Sayyed Nasrallah - International Solidarity Movement - ISM-France<\/title>\n<meta name=\"robots\" content=\"index, follow, max-snippet:-1, max-image-preview:large, max-video-preview:-1\" \/>\n<link rel=\"canonical\" href=\"https:\/\/ismfrance.org\/index.php\/2024\/09\/28\/un-personnage-immense-les-factions-palestiniennes-pleurent-sayyed-nasrallah\/\" \/>\n<meta property=\"og:locale\" content=\"fr_FR\" \/>\n<meta property=\"og:type\" content=\"article\" \/>\n<meta property=\"og:title\" content=\"Un personnage immense : les factions palestiniennes pleurent Sayyed Nasrallah - International Solidarity Movement - ISM-France\" \/>\n<meta property=\"og:description\" content=\"Al Mayadeen, 28 septembre 2024. Les factions de la R\u00e9sistance palestinienne pleurent le chef de la R\u00e9sistance islamique au Liban &#8211; Hezbollah, Sayyed Hassan Nasrallah, tomb\u00e9 en martyr sur le Lire la suite &rarr;\" \/>\n<meta property=\"og:url\" content=\"https:\/\/ismfrance.org\/index.php\/2024\/09\/28\/un-personnage-immense-les-factions-palestiniennes-pleurent-sayyed-nasrallah\/\" \/>\n<meta property=\"og:site_name\" content=\"International Solidarity Movement - ISM-France\" \/>\n<meta property=\"article:published_time\" content=\"2024-09-28T16:19:07+00:00\" \/>\n<meta property=\"og:image\" content=\"https:\/\/ismfrance.org\/wp-content\/uploads\/2024\/09\/photo_2024-09-28_13-39-10.jpg\" \/>\n\t<meta property=\"og:image:width\" content=\"640\" \/>\n\t<meta property=\"og:image:height\" content=\"640\" \/>\n\t<meta property=\"og:image:type\" content=\"image\/jpeg\" \/>\n<meta name=\"author\" content=\"mru_01\" \/>\n<meta name=\"twitter:card\" content=\"summary_large_image\" \/>\n<meta name=\"twitter:creator\" content=\"@ISMFRANCE\" \/>\n<meta name=\"twitter:site\" content=\"@ISMFRANCE\" \/>\n<meta name=\"twitter:label1\" content=\"\u00c9crit par\" \/>\n\t<meta name=\"twitter:data1\" content=\"mru_01\" \/>\n\t<meta name=\"twitter:label2\" content=\"Dur\u00e9e de lecture estim\u00e9e\" \/>\n\t<meta name=\"twitter:data2\" content=\"10 minutes\" \/>\n<script type=\"application\/ld+json\" class=\"yoast-schema-graph\">{\"@context\":\"https:\/\/schema.org\",\"@graph\":[{\"@type\":\"Article\",\"@id\":\"https:\/\/ismfrance.org\/index.php\/2024\/09\/28\/un-personnage-immense-les-factions-palestiniennes-pleurent-sayyed-nasrallah\/#article\",\"isPartOf\":{\"@id\":\"https:\/\/ismfrance.org\/index.php\/2024\/09\/28\/un-personnage-immense-les-factions-palestiniennes-pleurent-sayyed-nasrallah\/\"},\"author\":{\"name\":\"mru_01\",\"@id\":\"https:\/\/ismfrance.org\/#\/schema\/person\/3c411eb72adfaae19c0dca1f41fae01d\"},\"headline\":\"Un personnage immense : les factions palestiniennes pleurent Sayyed Nasrallah\",\"datePublished\":\"2024-09-28T16:19:07+00:00\",\"mainEntityOfPage\":{\"@id\":\"https:\/\/ismfrance.org\/index.php\/2024\/09\/28\/un-personnage-immense-les-factions-palestiniennes-pleurent-sayyed-nasrallah\/\"},\"wordCount\":2068,\"publisher\":{\"@id\":\"https:\/\/ismfrance.org\/#organization\"},\"image\":{\"@id\":\"https:\/\/ismfrance.org\/index.php\/2024\/09\/28\/un-personnage-immense-les-factions-palestiniennes-pleurent-sayyed-nasrallah\/#primaryimage\"},\"thumbnailUrl\":\"https:\/\/ismfrance.org\/wp-content\/uploads\/2024\/09\/photo_2024-09-28_13-39-10.jpg\",\"keywords\":[\"Assassinats cibl\u00e9s\",\"Axe de la R\u00e9sistance\",\"Liban\"],\"articleSection\":[\"Analyses\",\"Articles\"],\"inLanguage\":\"fr-FR\"},{\"@type\":\"WebPage\",\"@id\":\"https:\/\/ismfrance.org\/index.php\/2024\/09\/28\/un-personnage-immense-les-factions-palestiniennes-pleurent-sayyed-nasrallah\/\",\"url\":\"https:\/\/ismfrance.org\/index.php\/2024\/09\/28\/un-personnage-immense-les-factions-palestiniennes-pleurent-sayyed-nasrallah\/\",\"name\":\"Un personnage immense : les factions palestiniennes pleurent Sayyed Nasrallah - International Solidarity Movement - ISM-France\",\"isPartOf\":{\"@id\":\"https:\/\/ismfrance.org\/#website\"},\"primaryImageOfPage\":{\"@id\":\"https:\/\/ismfrance.org\/index.php\/2024\/09\/28\/un-personnage-immense-les-factions-palestiniennes-pleurent-sayyed-nasrallah\/#primaryimage\"},\"image\":{\"@id\":\"https:\/\/ismfrance.org\/index.php\/2024\/09\/28\/un-personnage-immense-les-factions-palestiniennes-pleurent-sayyed-nasrallah\/#primaryimage\"},\"thumbnailUrl\":\"https:\/\/ismfrance.org\/wp-content\/uploads\/2024\/09\/photo_2024-09-28_13-39-10.jpg\",\"datePublished\":\"2024-09-28T16:19:07+00:00\",\"breadcrumb\":{\"@id\":\"https:\/\/ismfrance.org\/index.php\/2024\/09\/28\/un-personnage-immense-les-factions-palestiniennes-pleurent-sayyed-nasrallah\/#breadcrumb\"},\"inLanguage\":\"fr-FR\",\"potentialAction\":[{\"@type\":\"ReadAction\",\"target\":[\"https:\/\/ismfrance.org\/index.php\/2024\/09\/28\/un-personnage-immense-les-factions-palestiniennes-pleurent-sayyed-nasrallah\/\"]}]},{\"@type\":\"ImageObject\",\"inLanguage\":\"fr-FR\",\"@id\":\"https:\/\/ismfrance.org\/index.php\/2024\/09\/28\/un-personnage-immense-les-factions-palestiniennes-pleurent-sayyed-nasrallah\/#primaryimage\",\"url\":\"https:\/\/ismfrance.org\/wp-content\/uploads\/2024\/09\/photo_2024-09-28_13-39-10.jpg\",\"contentUrl\":\"https:\/\/ismfrance.org\/wp-content\/uploads\/2024\/09\/photo_2024-09-28_13-39-10.jpg\",\"width\":640,\"height\":640},{\"@type\":\"BreadcrumbList\",\"@id\":\"https:\/\/ismfrance.org\/index.php\/2024\/09\/28\/un-personnage-immense-les-factions-palestiniennes-pleurent-sayyed-nasrallah\/#breadcrumb\",\"itemListElement\":[{\"@type\":\"ListItem\",\"position\":1,\"name\":\"Accueil\",\"item\":\"https:\/\/ismfrance.org\/\"},{\"@type\":\"ListItem\",\"position\":2,\"name\":\"Un personnage immense : les factions palestiniennes pleurent Sayyed Nasrallah\"}]},{\"@type\":\"WebSite\",\"@id\":\"https:\/\/ismfrance.org\/#website\",\"url\":\"https:\/\/ismfrance.org\/\",\"name\":\"ISM Palestine France\",\"description\":\"Soutien aux luttes de lib\u00e9ration du peuple palestinien\",\"publisher\":{\"@id\":\"https:\/\/ismfrance.org\/#organization\"},\"potentialAction\":[{\"@type\":\"SearchAction\",\"target\":{\"@type\":\"EntryPoint\",\"urlTemplate\":\"https:\/\/ismfrance.org\/?s={search_term_string}\"},\"query-input\":{\"@type\":\"PropertyValueSpecification\",\"valueRequired\":true,\"valueName\":\"search_term_string\"}}],\"inLanguage\":\"fr-FR\"},{\"@type\":\"Organization\",\"@id\":\"https:\/\/ismfrance.org\/#organization\",\"name\":\"International Solidarity Movement\",\"url\":\"https:\/\/ismfrance.org\/\",\"logo\":{\"@type\":\"ImageObject\",\"inLanguage\":\"fr-FR\",\"@id\":\"https:\/\/ismfrance.org\/#\/schema\/logo\/image\/\",\"url\":\"https:\/\/ismfrance.org\/wp-content\/uploads\/2020\/12\/00.png\",\"contentUrl\":\"https:\/\/ismfrance.org\/wp-content\/uploads\/2020\/12\/00.png\",\"width\":400,\"height\":400,\"caption\":\"International Solidarity Movement\"},\"image\":{\"@id\":\"https:\/\/ismfrance.org\/#\/schema\/logo\/image\/\"},\"sameAs\":[\"https:\/\/x.com\/ISMFRANCE\"]},{\"@type\":\"Person\",\"@id\":\"https:\/\/ismfrance.org\/#\/schema\/person\/3c411eb72adfaae19c0dca1f41fae01d\",\"name\":\"mru_01\",\"image\":{\"@type\":\"ImageObject\",\"inLanguage\":\"fr-FR\",\"@id\":\"https:\/\/secure.gravatar.com\/avatar\/3a0be343b445d2ccc79e87444a294fad2b232e90d2051d0e3cc219e1ecd6a330?s=96&d=mm&r=g\",\"url\":\"https:\/\/secure.gravatar.com\/avatar\/3a0be343b445d2ccc79e87444a294fad2b232e90d2051d0e3cc219e1ecd6a330?s=96&d=mm&r=g\",\"contentUrl\":\"https:\/\/secure.gravatar.com\/avatar\/3a0be343b445d2ccc79e87444a294fad2b232e90d2051d0e3cc219e1ecd6a330?s=96&d=mm&r=g\",\"caption\":\"mru_01\"},\"url\":\"https:\/\/ismfrance.org\/index.php\/author\/admin02\/\"}]}<\/script>\n<!-- \/ Yoast SEO plugin. -->","yoast_head_json":{"title":"Un personnage immense : les factions palestiniennes pleurent Sayyed Nasrallah - International Solidarity Movement - ISM-France","robots":{"index":"index","follow":"follow","max-snippet":"max-snippet:-1","max-image-preview":"max-image-preview:large","max-video-preview":"max-video-preview:-1"},"canonical":"https:\/\/ismfrance.org\/index.php\/2024\/09\/28\/un-personnage-immense-les-factions-palestiniennes-pleurent-sayyed-nasrallah\/","og_locale":"fr_FR","og_type":"article","og_title":"Un personnage immense : les factions palestiniennes pleurent Sayyed Nasrallah - International Solidarity Movement - ISM-France","og_description":"Al Mayadeen, 28 septembre 2024. Les factions de la R\u00e9sistance palestinienne pleurent le chef de la R\u00e9sistance islamique au Liban &#8211; Hezbollah, Sayyed Hassan Nasrallah, tomb\u00e9 en martyr sur le Lire la suite &rarr;","og_url":"https:\/\/ismfrance.org\/index.php\/2024\/09\/28\/un-personnage-immense-les-factions-palestiniennes-pleurent-sayyed-nasrallah\/","og_site_name":"International Solidarity Movement - ISM-France","article_published_time":"2024-09-28T16:19:07+00:00","og_image":[{"width":640,"height":640,"url":"https:\/\/ismfrance.org\/wp-content\/uploads\/2024\/09\/photo_2024-09-28_13-39-10.jpg","type":"image\/jpeg"}],"author":"mru_01","twitter_card":"summary_large_image","twitter_creator":"@ISMFRANCE","twitter_site":"@ISMFRANCE","twitter_misc":{"\u00c9crit par":"mru_01","Dur\u00e9e de lecture estim\u00e9e":"10 minutes"},"schema":{"@context":"https:\/\/schema.org","@graph":[{"@type":"Article","@id":"https:\/\/ismfrance.org\/index.php\/2024\/09\/28\/un-personnage-immense-les-factions-palestiniennes-pleurent-sayyed-nasrallah\/#article","isPartOf":{"@id":"https:\/\/ismfrance.org\/index.php\/2024\/09\/28\/un-personnage-immense-les-factions-palestiniennes-pleurent-sayyed-nasrallah\/"},"author":{"name":"mru_01","@id":"https:\/\/ismfrance.org\/#\/schema\/person\/3c411eb72adfaae19c0dca1f41fae01d"},"headline":"Un personnage immense : les factions palestiniennes pleurent Sayyed Nasrallah","datePublished":"2024-09-28T16:19:07+00:00","mainEntityOfPage":{"@id":"https:\/\/ismfrance.org\/index.php\/2024\/09\/28\/un-personnage-immense-les-factions-palestiniennes-pleurent-sayyed-nasrallah\/"},"wordCount":2068,"publisher":{"@id":"https:\/\/ismfrance.org\/#organization"},"image":{"@id":"https:\/\/ismfrance.org\/index.php\/2024\/09\/28\/un-personnage-immense-les-factions-palestiniennes-pleurent-sayyed-nasrallah\/#primaryimage"},"thumbnailUrl":"https:\/\/ismfrance.org\/wp-content\/uploads\/2024\/09\/photo_2024-09-28_13-39-10.jpg","keywords":["Assassinats cibl\u00e9s","Axe de la R\u00e9sistance","Liban"],"articleSection":["Analyses","Articles"],"inLanguage":"fr-FR"},{"@type":"WebPage","@id":"https:\/\/ismfrance.org\/index.php\/2024\/09\/28\/un-personnage-immense-les-factions-palestiniennes-pleurent-sayyed-nasrallah\/","url":"https:\/\/ismfrance.org\/index.php\/2024\/09\/28\/un-personnage-immense-les-factions-palestiniennes-pleurent-sayyed-nasrallah\/","name":"Un personnage immense : les factions palestiniennes pleurent Sayyed Nasrallah - International Solidarity Movement - ISM-France","isPartOf":{"@id":"https:\/\/ismfrance.org\/#website"},"primaryImageOfPage":{"@id":"https:\/\/ismfrance.org\/index.php\/2024\/09\/28\/un-personnage-immense-les-factions-palestiniennes-pleurent-sayyed-nasrallah\/#primaryimage"},"image":{"@id":"https:\/\/ismfrance.org\/index.php\/2024\/09\/28\/un-personnage-immense-les-factions-palestiniennes-pleurent-sayyed-nasrallah\/#primaryimage"},"thumbnailUrl":"https:\/\/ismfrance.org\/wp-content\/uploads\/2024\/09\/photo_2024-09-28_13-39-10.jpg","datePublished":"2024-09-28T16:19:07+00:00","breadcrumb":{"@id":"https:\/\/ismfrance.org\/index.php\/2024\/09\/28\/un-personnage-immense-les-factions-palestiniennes-pleurent-sayyed-nasrallah\/#breadcrumb"},"inLanguage":"fr-FR","potentialAction":[{"@type":"ReadAction","target":["https:\/\/ismfrance.org\/index.php\/2024\/09\/28\/un-personnage-immense-les-factions-palestiniennes-pleurent-sayyed-nasrallah\/"]}]},{"@type":"ImageObject","inLanguage":"fr-FR","@id":"https:\/\/ismfrance.org\/index.php\/2024\/09\/28\/un-personnage-immense-les-factions-palestiniennes-pleurent-sayyed-nasrallah\/#primaryimage","url":"https:\/\/ismfrance.org\/wp-content\/uploads\/2024\/09\/photo_2024-09-28_13-39-10.jpg","contentUrl":"https:\/\/ismfrance.org\/wp-content\/uploads\/2024\/09\/photo_2024-09-28_13-39-10.jpg","width":640,"height":640},{"@type":"BreadcrumbList","@id":"https:\/\/ismfrance.org\/index.php\/2024\/09\/28\/un-personnage-immense-les-factions-palestiniennes-pleurent-sayyed-nasrallah\/#breadcrumb","itemListElement":[{"@type":"ListItem","position":1,"name":"Accueil","item":"https:\/\/ismfrance.org\/"},{"@type":"ListItem","position":2,"name":"Un personnage immense : les factions palestiniennes pleurent Sayyed Nasrallah"}]},{"@type":"WebSite","@id":"https:\/\/ismfrance.org\/#website","url":"https:\/\/ismfrance.org\/","name":"ISM Palestine France","description":"Soutien aux luttes de lib\u00e9ration du peuple palestinien","publisher":{"@id":"https:\/\/ismfrance.org\/#organization"},"potentialAction":[{"@type":"SearchAction","target":{"@type":"EntryPoint","urlTemplate":"https:\/\/ismfrance.org\/?s={search_term_string}"},"query-input":{"@type":"PropertyValueSpecification","valueRequired":true,"valueName":"search_term_string"}}],"inLanguage":"fr-FR"},{"@type":"Organization","@id":"https:\/\/ismfrance.org\/#organization","name":"International Solidarity Movement","url":"https:\/\/ismfrance.org\/","logo":{"@type":"ImageObject","inLanguage":"fr-FR","@id":"https:\/\/ismfrance.org\/#\/schema\/logo\/image\/","url":"https:\/\/ismfrance.org\/wp-content\/uploads\/2020\/12\/00.png","contentUrl":"https:\/\/ismfrance.org\/wp-content\/uploads\/2020\/12\/00.png","width":400,"height":400,"caption":"International Solidarity Movement"},"image":{"@id":"https:\/\/ismfrance.org\/#\/schema\/logo\/image\/"},"sameAs":["https:\/\/x.com\/ISMFRANCE"]},{"@type":"Person","@id":"https:\/\/ismfrance.org\/#\/schema\/person\/3c411eb72adfaae19c0dca1f41fae01d","name":"mru_01","image":{"@type":"ImageObject","inLanguage":"fr-FR","@id":"https:\/\/secure.gravatar.com\/avatar\/3a0be343b445d2ccc79e87444a294fad2b232e90d2051d0e3cc219e1ecd6a330?s=96&d=mm&r=g","url":"https:\/\/secure.gravatar.com\/avatar\/3a0be343b445d2ccc79e87444a294fad2b232e90d2051d0e3cc219e1ecd6a330?s=96&d=mm&r=g","contentUrl":"https:\/\/secure.gravatar.com\/avatar\/3a0be343b445d2ccc79e87444a294fad2b232e90d2051d0e3cc219e1ecd6a330?s=96&d=mm&r=g","caption":"mru_01"},"url":"https:\/\/ismfrance.org\/index.php\/author\/admin02\/"}]}},"_links":{"self":[{"href":"https:\/\/ismfrance.org\/index.php\/wp-json\/wp\/v2\/posts\/14590","targetHints":{"allow":["GET"]}}],"collection":[{"href":"https:\/\/ismfrance.org\/index.php\/wp-json\/wp\/v2\/posts"}],"about":[{"href":"https:\/\/ismfrance.org\/index.php\/wp-json\/wp\/v2\/types\/post"}],"author":[{"embeddable":true,"href":"https:\/\/ismfrance.org\/index.php\/wp-json\/wp\/v2\/users\/3"}],"replies":[{"embeddable":true,"href":"https:\/\/ismfrance.org\/index.php\/wp-json\/wp\/v2\/comments?post=14590"}],"version-history":[{"count":0,"href":"https:\/\/ismfrance.org\/index.php\/wp-json\/wp\/v2\/posts\/14590\/revisions"}],"wp:featuredmedia":[{"embeddable":true,"href":"https:\/\/ismfrance.org\/index.php\/wp-json\/wp\/v2\/media\/14591"}],"wp:attachment":[{"href":"https:\/\/ismfrance.org\/index.php\/wp-json\/wp\/v2\/media?parent=14590"}],"wp:term":[{"taxonomy":"category","embeddable":true,"href":"https:\/\/ismfrance.org\/index.php\/wp-json\/wp\/v2\/categories?post=14590"},{"taxonomy":"post_tag","embeddable":true,"href":"https:\/\/ismfrance.org\/index.php\/wp-json\/wp\/v2\/tags?post=14590"}],"curies":[{"name":"wp","href":"https:\/\/api.w.org\/{rel}","templated":true}]}}