{"id":14577,"date":"2024-09-28T17:28:06","date_gmt":"2024-09-28T15:28:06","guid":{"rendered":"https:\/\/ismfrance.org\/?p=14577"},"modified":"2024-12-17T11:43:32","modified_gmt":"2024-12-17T10:43:32","slug":"temoignages-de-gazaouis-la-survie-qui-sorganise-au-jour-le-jour-dans-lenfer-de-gaza-partie-179-27-septembre","status":"publish","type":"post","link":"https:\/\/ismfrance.org\/index.php\/2024\/09\/28\/temoignages-de-gazaouis-la-survie-qui-sorganise-au-jour-le-jour-dans-lenfer-de-gaza-partie-179-27-septembre\/","title":{"rendered":"T\u00e9moignages de Gazaouis : La survie qui s\u2019organise au jour le jour dans l\u2019enfer de Gaza \u2013 partie 179 \/ 27 septembre"},"content":{"rendered":"<p align=\"LEFT\"><span style=\"color: #000000;\"><span style=\"font-family: Arial, sans-serif;\"><span style=\"font-size: medium;\"><b>Brigitte Challande, 26 septembre 2024. <\/b>Compte rendu hebdomadaire de l\u2019activit\u00e9 de l\u2019\u00e9quipe d\u2019Abu Amir, r\u00e9gulier, pr\u00e9cis, d\u00e9taill\u00e9.<\/span><\/span><\/span><\/p>\n<blockquote><p>Cliquez ici pour consulter les <a href=\"https:\/\/ismfrance.org\/index.php\/temoignages-gazaouis-survie-enfer-gaza-1\/\" rel=\"noopener\" target=\"_blank\">R\u00e9cits complets<\/a>.<\/p><\/blockquote>\n<p lang=\"fr-FR\"><span style=\"color: #000000;\"><span style=\"font-family: Arial, sans-serif;\"><span style=\"font-size: medium;\"><b>\u00ab\u00a0<span style=\"font-size: large;\">Ateliers de soutien psychologique pour les femmes<\/span> <\/b><\/span><\/span><\/span><\/p>\n<p lang=\"fr-FR\"><span style=\"color: #000000;\"><span style=\"font-family: Arial, sans-serif;\"><span style=\"font-size: medium;\">Face \u00e0 l\u2019augmentation des crises humanitaires, les femmes d\u00e9plac\u00e9es dans les refuges sont confront\u00e9es \u00e0 des conditions complexes allant du manque de ressources, aux pressions de la vie quotidienne et aux d\u00e9fis psychologiques. \u00c0 mesure que ces conditions s\u2019aggravent, il est devenu n\u00e9cessaire d\u2019apporter un soutien psychosocial aux groupes les plus vuln\u00e9rables, en particulier les femmes et les filles. Dans ce contexte, des ateliers de soutien psychologique ont \u00e9t\u00e9 mis en place pour soutenir ces groupes, dans le but de les aider \u00e0 surmonter les d\u00e9fis auxquels elles sont confront\u00e9es et d\u2019att\u00e9nuer les effets du traumatisme qu\u2019elles ont subi.<\/span><\/span><\/span><\/p>\n<p lang=\"fr-FR\"><a href=\"https:\/\/ismfrance.org\/wp-content\/uploads\/2024\/09\/femmes.jpg\"><img loading=\"lazy\" decoding=\"async\" class=\"alignnone size-large wp-image-14579\" src=\"https:\/\/ismfrance.org\/wp-content\/uploads\/2024\/09\/femmes-700x525.jpg\" alt=\"\" width=\"600\" height=\"450\" srcset=\"https:\/\/ismfrance.org\/wp-content\/uploads\/2024\/09\/femmes-700x525.jpg 700w, https:\/\/ismfrance.org\/wp-content\/uploads\/2024\/09\/femmes-300x225.jpg 300w, https:\/\/ismfrance.org\/wp-content\/uploads\/2024\/09\/femmes-768x576.jpg 768w, https:\/\/ismfrance.org\/wp-content\/uploads\/2024\/09\/femmes-350x263.jpg 350w, https:\/\/ismfrance.org\/wp-content\/uploads\/2024\/09\/femmes.jpg 1280w\" sizes=\"auto, (max-width: 600px) 100vw, 600px\" \/><\/a><\/p>\n<p lang=\"fr-FR\"><span style=\"color: #000000;\"><span style=\"font-family: Arial, sans-serif;\"><span style=\"font-size: medium;\">Les femmes d\u00e9plac\u00e9es dans les refuges vivent dans des environnements instables, o\u00f9 elles manquent de nombreux besoins de base tels que l\u2019hygi\u00e8ne personnelle et les soins de sant\u00e9. Cette r\u00e9alit\u00e9 augmente la gravit\u00e9 de l\u2019anxi\u00e9t\u00e9 et de la d\u00e9pression chez les femmes, en particulier avec les pressions de la vie quotidienne qui sont aggrav\u00e9es par ces conditions difficiles. <\/span><\/span><\/span><\/p>\n<p lang=\"fr-FR\"><span style=\"color: #000000;\"><span style=\"font-family: Arial, sans-serif;\"><span style=\"font-size: medium;\">Les ateliers de soutien psychosocial offrent aux femmes l\u2019occasion d\u2019exprimer leurs sentiments dans un environnement s\u00fbr, o\u00f9 elles peuvent partager leurs exp\u00e9riences sans crainte de jugement ou de critique. Ces s\u00e9ances contribuent \u00e0 am\u00e9liorer la sant\u00e9 mentale des femmes et \u00e0 att\u00e9nuer l\u2019impact psychologique r\u00e9sultant du d\u00e9placement et de la perte de s\u00e9curit\u00e9 et de stabilit\u00e9. <\/span><\/span><\/span><\/p>\n<p lang=\"fr-FR\"><span style=\"color: #000000;\"><span style=\"font-family: Arial, sans-serif;\"><span style=\"font-size: medium;\">Au cours de la troisi\u00e8me semaine du cinqui\u00e8me mois du programme de soutien psychologique fourni par les \u00e9quipes de l\u2019UJFP, 4 s\u00e9ances ont \u00e9t\u00e9 mises en \u0153uvre suivies par 53 femmes d\u00e9plac\u00e9es.<\/span><\/span><\/span><\/p>\n<p lang=\"fr-FR\"><span style=\"color: #000000;\"><span style=\"font-family: Arial, sans-serif;\"><span style=\"font-size: medium;\">Les femmes ont particip\u00e9 \u00e0 une chanson traditionnelle intitul\u00e9e \u00ab La Palestine est mon pays \u00bb, ce qui a cr\u00e9\u00e9 un sentiment de joie et de connexion aux traditions palestiniennes. <\/span><\/span><\/span><\/p>\n<p lang=\"fr-FR\"><span style=\"color: #000000;\"><span style=\"font-family: Arial, sans-serif;\"><span style=\"font-size: medium;\">Le th\u00e8me de la derni\u00e8re s\u00e9ance \u00e9tait diff\u00e9rent des s\u00e9ances pr\u00e9c\u00e9dentes, car il abordait le th\u00e8me de -L\u2019importance du petit-d\u00e9jeuner en p\u00e9riode de difficult\u00e9s- : l\u2019animateur s\u2019est concentr\u00e9 sur la fa\u00e7on de pr\u00e9parer un petit-d\u00e9jeuner nutritif en utilisant les ressources disponibles, malgr\u00e9 leur raret\u00e9, telles que le pain sec, les lentilles, les olives et le thym, pour pr\u00e9parer des repas nutritifs. <\/span><\/span><\/span><\/p>\n<p lang=\"fr-FR\"><span style=\"color: #000000;\"><span style=\"font-family: Arial, sans-serif;\"><span style=\"font-size: medium;\">Sous le blocus et la fermeture des points de passage \u00e0 Gaza, les abris souffrent de graves p\u00e9nuries de nourriture et d\u2019aide de base, ce qui a un impact direct sur la qualit\u00e9 et la quantit\u00e9 des repas fournis aux personnes d\u00e9plac\u00e9es. Les femmes, qui sont souvent charg\u00e9es de pr\u00e9parer la nourriture, subissent un grand stress psychologique en raison de leur incapacit\u00e9 \u00e0 fournir suffisamment de repas \u00e0 leur famille. Cette p\u00e9nurie alimentaire a un impact significatif sur la sant\u00e9 physique, en particulier chez les groupes les plus vuln\u00e9rables\u00a0: les enfants, les femmes enceintes et les personnes \u00e2g\u00e9es.<\/span><\/span><\/span><\/p>\n<p lang=\"fr-FR\"><a href=\"https:\/\/ismfrance.org\/wp-content\/uploads\/2024\/09\/femmes1.jpg\"><img loading=\"lazy\" decoding=\"async\" class=\"alignnone size-large wp-image-14580\" src=\"https:\/\/ismfrance.org\/wp-content\/uploads\/2024\/09\/femmes1-700x525.jpg\" alt=\"\" width=\"600\" height=\"450\" srcset=\"https:\/\/ismfrance.org\/wp-content\/uploads\/2024\/09\/femmes1-700x525.jpg 700w, https:\/\/ismfrance.org\/wp-content\/uploads\/2024\/09\/femmes1-300x225.jpg 300w, https:\/\/ismfrance.org\/wp-content\/uploads\/2024\/09\/femmes1-768x576.jpg 768w, https:\/\/ismfrance.org\/wp-content\/uploads\/2024\/09\/femmes1-350x263.jpg 350w, https:\/\/ismfrance.org\/wp-content\/uploads\/2024\/09\/femmes1.jpg 1280w\" sizes=\"auto, (max-width: 600px) 100vw, 600px\" \/><\/a><\/p>\n<p><span style=\"color: #000000;\"><span style=\"font-family: Arial, sans-serif;\"><span style=\"font-size: medium;\"><span lang=\"fr-FR\">L\u2019une des femmes participantes, Umm Ahmed, a parl\u00e9 de sa souffrance en d\u00e9clarant : \u00ab\u00a0<\/span><span lang=\"fr-FR\"><i>Je n\u2019ai pas grand-chose \u00e0 offrir \u00e0 mes enfants. Parfois, nous n\u2019avons qu\u2019un seul repas par jour.\u00a0\u00bb<\/i><\/span><\/span><\/span><\/span><\/p>\n<p lang=\"fr-FR\"><span style=\"color: #000000;\"><span style=\"font-family: Arial, sans-serif;\"><span style=\"font-size: medium;\">Umm Salma, quant \u00e0 elle, a parl\u00e9 de son incapacit\u00e9 \u00e0 fournir des l\u00e9gumes ou des fruits frais \u00e0 ses enfants en raison des prix \u00e9lev\u00e9s et de la raret\u00e9 des ressources. Ces histoires refl\u00e8tent les v\u00e9ritables d\u00e9fis auxquels sont confront\u00e9es les femmes d\u00e9plac\u00e9es et leur impact. <\/span><\/span><\/span><\/p>\n<p lang=\"fr-FR\"><span style=\"color: #000000;\"><span style=\"font-family: Arial, sans-serif;\"><span style=\"font-size: medium;\">Apr\u00e8s la pause, l\u2019\u00e9quipe est pass\u00e9e \u00e0 la deuxi\u00e8me activit\u00e9, qui consistait \u00e0 apprendre aux femmes \u00e0 prodiguer les premiers soins psychologiques \u00e0 elles-m\u00eames et aux autres. Des techniques simples pour faire face au stress psychologique ont \u00e9t\u00e9 pr\u00e9sent\u00e9es, telles que la respiration profonde et l\u2019expression des sentiments \u00e0 l\u2019aide de cartes contenant diff\u00e9rents sentiments. L\u2019animatrice a pos\u00e9 aux femmes une s\u00e9rie de questions pour les aider \u00e0 exprimer leurs sentiments et leurs besoins imm\u00e9diats. Cette interaction a ouvert l\u2019espace pour que les femmes puissent partager leurs exp\u00e9riences, notamment une femme qui avait perdu un membre de sa famille. L\u2019animatrice de l\u2019atelier lui a apport\u00e9 un soutien psychologique en l\u2019\u00e9coutant et en exprimant de l\u2019empathie, ce qui a contribu\u00e9 \u00e0 att\u00e9nuer la douleur qu\u2019elle ressentait. <\/span><\/span><\/span><\/p>\n<p lang=\"fr-FR\"><span style=\"color: #000000;\"><span style=\"font-family: Arial, sans-serif;\"><span style=\"font-size: medium;\">A la fin de la s\u00e9ance, les femmes ont pr\u00e9par\u00e9 un petit d\u00e9jeuner simple compos\u00e9 d\u2019huile, de thym et d\u2019olives, et ont mang\u00e9 ensemble dans une atmosph\u00e8re pleine de joie et d\u2019espoir. <\/span><\/span><\/span><\/p>\n<p><span style=\"color: #000000;\"><span style=\"font-family: Arial, sans-serif;\"><span style=\"font-size: medium;\"><span lang=\"fr-FR\">La s\u00e9ance a \u00e9t\u00e9 l\u2019occasion pour les femmes de se d\u00e9tendre et d\u2019\u00e9vacuer le stress auquel elles sont confront\u00e9es dans leur vie quotidienne. L\u2019une des participantes a exprim\u00e9 ses sentiments en disant : \u00ab\u00a0<\/span><span lang=\"fr-FR\"><i>Je me suis sentie renouvel\u00e9e, comme si j\u2019avais gagn\u00e9 une nouvelle \u00e9nergie positive qui m\u2019a aid\u00e9 \u00e0 am\u00e9liorer mon humeur.\u00a0\u00bb<\/i><\/span><\/span><\/span><\/span><\/p>\n<p lang=\"fr-FR\"><span style=\"color: #000000;\"><span style=\"font-family: Arial, sans-serif;\"><span style=\"font-size: medium;\">Les ateliers de soutien psychologique pour les femmes d\u00e9plac\u00e9es jouent un r\u00f4le essentiel pour les aider \u00e0 faire face aux d\u00e9fis quotidiens auxquels elles sont confront\u00e9es. Ces s\u00e9ances leur offrent un environnement s\u00e9curitaire o\u00f9 ils peuvent exprimer leurs sentiments et recevoir le soutien n\u00e9cessaire. Malgr\u00e9 les circonstances difficiles, ces ateliers leur offrent un espace d\u2019espoir, ce qui contribue \u00e0 am\u00e9liorer leur sant\u00e9 mentale et physique.\u00a0\u00bb<\/span><\/span><\/span><\/p>\n<p lang=\"fr-FR\"><span style=\"color: #000000;\"><span style=\"font-family: Arial, sans-serif;\"><span style=\"font-size: medium;\"><i><b>Photos et vid\u00e9os <a href=\"https:\/\/drive.google.com\/drive\/folders\/10ZcozCQ6QroL_B1Go6wiZuX5ys80TUq1\">ICI<\/a>.<\/b><\/i><\/span><\/span><\/span><\/p>\n<p lang=\"fr-FR\"><span style=\"color: #000000;\"><span style=\"font-family: Arial, sans-serif;\"><span style=\"font-size: medium;\"><b>\u00ab\u00a0<span style=\"font-size: large;\">Programmes \u00e9ducatifs <\/span><\/b><\/span><\/span><\/span><\/p>\n<p lang=\"fr-FR\"><span style=\"color: #000000;\"><span style=\"font-family: Arial, sans-serif;\"><span style=\"font-size: medium;\">L\u2019absence d\u2019\u00e9ducation de milliers d\u2019enfants \u00e0 Gaza pendant 12 mois est une catastrophe \u00e9ducative et sociale sans pr\u00e9c\u00e9dent. Cette longue interruption a creus\u00e9 les \u00e9carts \u00e9ducatifs entre les \u00e9l\u00e8ves et a entra\u00een\u00e9 une baisse significative des r\u00e9sultats scolaires, ce qui repr\u00e9sente un d\u00e9fi majeur pour le secteur \u00e9ducatif \u00e0 Gaza. <\/span><\/span><\/span><\/p>\n<p lang=\"fr-FR\"><span style=\"color: #000000;\"><span style=\"font-family: Arial, sans-serif;\"><span style=\"font-size: medium;\">Mais l\u2019impact n\u00e9gatif ne s\u2019arr\u00eate pas au niveau scolaire ; cette interruption affecte \u00e9galement profond\u00e9ment la sant\u00e9 mentale des enfants, augmentant leurs niveaux d\u2019anxi\u00e9t\u00e9 et de stress en raison de la perte de leur routine quotidienne et de l\u2019interaction sociale avec leurs pairs et leurs enseignants. Lorsque les enfants sont absents de l\u2019\u00e9cole pendant de longues p\u00e9riodes, les \u00e9carts entre eux et le programme scolaire se creusent. Manquer une ann\u00e9e scolaire signifie manquer des concepts de base et une baisse des comp\u00e9tences \u00e9ducatives, ce qui n\u00e9cessite un double effort pour compenser cette perte \u00e9ducative lorsque l\u2019\u00e9cole reprend. Les enfants qui ont manqu\u00e9 l\u2019\u00e9ducation de base pendant de longues p\u00e9riodes ont du mal \u00e0 revenir au niveau de leurs pairs et deviennent plus vuln\u00e9rables \u00e0 l\u2019abandon scolaire \u00e0 l\u2019avenir.<\/span><\/span><\/span><\/p>\n<p lang=\"fr-FR\"><a href=\"https:\/\/ismfrance.org\/wp-content\/uploads\/2024\/09\/enfants1.jpg\"><img loading=\"lazy\" decoding=\"async\" class=\"alignnone size-large wp-image-14581\" src=\"https:\/\/ismfrance.org\/wp-content\/uploads\/2024\/09\/enfants1-700x525.jpg\" alt=\"\" width=\"600\" height=\"450\" srcset=\"https:\/\/ismfrance.org\/wp-content\/uploads\/2024\/09\/enfants1-700x525.jpg 700w, https:\/\/ismfrance.org\/wp-content\/uploads\/2024\/09\/enfants1-300x225.jpg 300w, https:\/\/ismfrance.org\/wp-content\/uploads\/2024\/09\/enfants1-768x576.jpg 768w, https:\/\/ismfrance.org\/wp-content\/uploads\/2024\/09\/enfants1-350x263.jpg 350w, https:\/\/ismfrance.org\/wp-content\/uploads\/2024\/09\/enfants1.jpg 1280w\" sizes=\"auto, (max-width: 600px) 100vw, 600px\" \/><\/a><\/p>\n<p lang=\"fr-FR\"><span style=\"color: #000000;\"><span style=\"font-family: Arial, sans-serif;\"><span style=\"font-size: medium;\">Psychiquement, ne pas aller \u00e0 l\u2019\u00e9cole est un \u00e9norme d\u00e9fi pour les enfants. L\u2019\u00e9ducation est une partie importante de la vie quotidienne des enfants. Elle n\u2019est pas seulement un moyen d\u2019acqu\u00e9rir des connaissances, mais aussi un syst\u00e8me de soutien social qui permet une interaction quotidienne avec leurs pairs et leurs enseignants. Lorsque ce lien est perdu, les sentiments d\u2019isolement et de solitude augmentent, ce qui peut exacerber les sentiments d\u2019anxi\u00e9t\u00e9 et de d\u00e9pression. Les enfants peuvent \u00e9galement ressentir une perte d\u2019espoir pour l\u2019avenir en raison des conflits en cours, ce qui accro\u00eet leur sentiment d\u2019instabilit\u00e9. <\/span><\/span><\/span><\/p>\n<p lang=\"fr-FR\"><span style=\"color: #000000;\"><span style=\"font-family: Arial, sans-serif;\"><span style=\"font-size: medium;\">Dans ces circonstances difficiles, le r\u00f4le des centres \u00e9ducatifs r\u00e9partis \u00e0 Khan Younis et Deir al-Balah, cr\u00e9\u00e9s par l\u2019UJFP depuis le d\u00e9but de la crise, est apparu comme une n\u00e9cessit\u00e9 imp\u00e9rative pour assurer la continuit\u00e9 de l\u2019\u00e9ducation des enfants d\u00e9plac\u00e9s. <\/span><\/span><\/span><\/p>\n<p lang=\"fr-FR\"><span style=\"color: #000000;\"><span style=\"font-family: Arial, sans-serif;\"><span style=\"font-size: medium;\">Ces centres ont fourni un environnement \u00e9ducatif flexible qui r\u00e9pondait aux besoins \u00e9ducatifs et psychologiques des enfants en m\u00eame temps, gr\u00e2ce \u00e0 des programmes \u00e9ducatifs adapt\u00e9s aux circonstances du d\u00e9placement et aux conditions instables. Les centres \u00e9ducatifs dans des zones telles que le camp d&rsquo;agriculteurs d&rsquo;Al-Mawasi \u00e0 Khan Younis, le camp d&rsquo;Al-Amal au nord de Deir al-Balah et le camp d&rsquo;Al-Azza au sud de Deir al-Balah ont contribu\u00e9 \u00e0 assurer la continuit\u00e9 de l&rsquo;\u00e9ducation pour des centaines d&rsquo;enfants \u00e0 Gaza.<\/span><\/span><\/span><\/p>\n<p lang=\"fr-FR\"><a href=\"https:\/\/ismfrance.org\/wp-content\/uploads\/2024\/09\/enfant2.jpg\"><img loading=\"lazy\" decoding=\"async\" class=\"alignnone size-large wp-image-14582\" src=\"https:\/\/ismfrance.org\/wp-content\/uploads\/2024\/09\/enfant2-700x525.jpg\" alt=\"\" width=\"600\" height=\"450\" srcset=\"https:\/\/ismfrance.org\/wp-content\/uploads\/2024\/09\/enfant2-700x525.jpg 700w, https:\/\/ismfrance.org\/wp-content\/uploads\/2024\/09\/enfant2-300x225.jpg 300w, https:\/\/ismfrance.org\/wp-content\/uploads\/2024\/09\/enfant2-768x576.jpg 768w, https:\/\/ismfrance.org\/wp-content\/uploads\/2024\/09\/enfant2-350x263.jpg 350w, https:\/\/ismfrance.org\/wp-content\/uploads\/2024\/09\/enfant2.jpg 1280w\" sizes=\"auto, (max-width: 600px) 100vw, 600px\" \/><\/a><\/p>\n<p lang=\"fr-FR\"><span style=\"color: #000000;\"><span style=\"font-family: Arial, sans-serif;\"><span style=\"font-size: medium;\">Les centres \u00e9ducatifs ont propos\u00e9 une vari\u00e9t\u00e9 d&rsquo;activit\u00e9s \u00e9ducatives et r\u00e9cr\u00e9atives qui ont contribu\u00e9 \u00e0 am\u00e9liorer l&rsquo;\u00e9tat psychologique des enfants. Parmi ces activit\u00e9s : Des ateliers \u00e9ducatifs qui utilisaient des outils \u00e9ducatifs simples tels que le dessin, des cartes de couleur et des lignes num\u00e9riques pour enseigner aux enfants et d\u00e9velopper leurs comp\u00e9tences de base dans un environnement flexible et encourageant. Des activit\u00e9s interactives qui ont aid\u00e9 les enfants \u00e0 d\u00e9velopper leur langue anglaise et leurs comp\u00e9tences en communication sociale, gr\u00e2ce \u00e0 l&rsquo;utilisation de m\u00e9thodes de jeu de r\u00f4le et de jeux de groupe qui encouragent les enfants \u00e0 interagir positivement avec leurs pairs. <\/span><\/span><\/span><\/p>\n<p lang=\"fr-FR\"><span style=\"color: #000000;\"><span style=\"font-family: Arial, sans-serif;\"><span style=\"font-size: medium;\">L&rsquo;\u00e9ducation donne aux enfants un sentiment de stabilit\u00e9 et les aide \u00e0 s&rsquo;adapter aux \u00e9v\u00e9nements difficiles qu&rsquo;ils traversent, ce qui r\u00e9duit les niveaux d&rsquo;anxi\u00e9t\u00e9 et de stress. De plus, le maintien d&rsquo;une routine \u00e9ducative contribue \u00e0 r\u00e9duire la perte d&rsquo;\u00e9ducation et \u00e0 limiter l&rsquo;impact des longues interruptions sur la r\u00e9ussite scolaire.<\/span><\/span><\/span><\/p>\n<p lang=\"fr-FR\"><a href=\"https:\/\/ismfrance.org\/wp-content\/uploads\/2024\/09\/enfant.jpg\"><img loading=\"lazy\" decoding=\"async\" class=\"alignnone size-large wp-image-14583\" src=\"https:\/\/ismfrance.org\/wp-content\/uploads\/2024\/09\/enfant-700x394.jpg\" alt=\"\" width=\"600\" height=\"338\" srcset=\"https:\/\/ismfrance.org\/wp-content\/uploads\/2024\/09\/enfant-700x394.jpg 700w, https:\/\/ismfrance.org\/wp-content\/uploads\/2024\/09\/enfant-300x169.jpg 300w, https:\/\/ismfrance.org\/wp-content\/uploads\/2024\/09\/enfant-768x432.jpg 768w, https:\/\/ismfrance.org\/wp-content\/uploads\/2024\/09\/enfant.jpg 1280w\" sizes=\"auto, (max-width: 600px) 100vw, 600px\" \/><\/a><\/p>\n<p lang=\"fr-FR\"><span style=\"color: #000000;\"><span style=\"font-family: Arial, sans-serif;\"><span style=\"font-size: medium;\">Les m\u00e9thodes d&rsquo;apprentissage actif ont \u00e9t\u00e9 appliqu\u00e9es dans les centres \u00e9ducatifs, o\u00f9 les moyens \u00e9ducatifs disponibles ont \u00e9t\u00e9 utilis\u00e9s pour motiver les enfants \u00e0 interagir et \u00e0 participer. Parmi les m\u00e9thodes appliqu\u00e9es : Apprentissage par des activit\u00e9s ludiques qui fonctionnent \u00e0 l&rsquo;aide de jeux tels qu&rsquo;un panier de cartes et des balles de couleur pour renforcer l&rsquo;interaction et apprendre aux enfants \u00e0 prononcer correctement et \u00e0 s&rsquo;exprimer en utilisant un nouveau vocabulaire. <\/span><\/span><\/span><\/p>\n<p lang=\"fr-FR\"><span style=\"color: #000000;\"><span style=\"font-family: Arial, sans-serif;\"><span style=\"font-size: medium;\">Les activit\u00e9s de groupe et les jeux de r\u00f4le ont \u00e9galement aid\u00e9 les enfants \u00e0 am\u00e9liorer leurs comp\u00e9tences en communication sociale et \u00e0 interagir positivement les uns avec les autres. <\/span><\/span><\/span><\/p>\n<p lang=\"fr-FR\"><span style=\"color: #000000;\"><span style=\"font-family: Arial, sans-serif;\"><span style=\"font-size: medium;\">Malgr\u00e9 les efforts d\u00e9ploy\u00e9s, des d\u00e9fis subsistent. L&rsquo;un de ces d\u00e9fis les plus importants est qu&rsquo;il existe de nombreux camps qui accueillent des centaines d&rsquo;enfants qui n&rsquo;ont toujours pas \u00e9t\u00e9 scolaris\u00e9s jusqu&rsquo;\u00e0 pr\u00e9sent\u00a0: de nombreux camps n\u00e9cessitent la cr\u00e9ation de centres \u00e9ducatifs similaires.\u00a0\u00bb<\/span><\/span><\/span><\/p>\n<p lang=\"fr-FR\"><span style=\"color: #000000;\"><span style=\"font-family: Arial, sans-serif;\"><span style=\"font-size: medium;\"><b>Photos et vid\u00e9os \u00e0 Khan Younis et Deir al Balah <a href=\"https:\/\/drive.google.com\/drive\/folders\/1-qvnl-1uRbmZ_dCF_UXL_suHHkweQ7SH\">ICI<\/a>.<\/b><\/span><\/span><\/span><\/p>\n<p><span style=\"color: #000000;\"><span style=\"font-family: Arial, sans-serif;\"><span style=\"font-size: medium;\"><b><span lang=\"fr-FR\">\u00ab\u00a0<\/span><span style=\"font-size: large;\"><span lang=\"fr-FR\">Travail humanitaire <\/span><\/span><\/b><\/span><\/span><\/span><\/p>\n<p lang=\"fr-FR\"><span style=\"color: #000000;\"><span style=\"font-family: Arial, sans-serif;\"><span style=\"font-size: medium;\">Les camps de d\u00e9plac\u00e9s r\u00e9partis dans toute la bande de Gaza connaissent des conditions humanitaires difficiles qui affectent grandement la vie quotidienne des familles qui ont \u00e9t\u00e9 forc\u00e9es de fuir leurs foyers en qu\u00eate de s\u00e9curit\u00e9. Ces camps manquent souvent d\u2019infrastructures de base et leurs r\u00e9sidents vivent dans des conditions difficiles en raison du manque de ressources, du taux de ch\u00f4mage \u00e9lev\u00e9 et de la pauvret\u00e9.<\/span><\/span><\/span><\/p>\n<p lang=\"fr-FR\"><a href=\"https:\/\/ismfrance.org\/wp-content\/uploads\/2024\/09\/repas.jpg\"><img loading=\"lazy\" decoding=\"async\" class=\"alignnone size-large wp-image-14584\" src=\"https:\/\/ismfrance.org\/wp-content\/uploads\/2024\/09\/repas-700x327.jpg\" alt=\"\" width=\"600\" height=\"280\" srcset=\"https:\/\/ismfrance.org\/wp-content\/uploads\/2024\/09\/repas-700x327.jpg 700w, https:\/\/ismfrance.org\/wp-content\/uploads\/2024\/09\/repas-300x140.jpg 300w, https:\/\/ismfrance.org\/wp-content\/uploads\/2024\/09\/repas-768x359.jpg 768w, https:\/\/ismfrance.org\/wp-content\/uploads\/2024\/09\/repas-1536x717.jpg 1536w, https:\/\/ismfrance.org\/wp-content\/uploads\/2024\/09\/repas-1320x616.jpg 1320w, https:\/\/ismfrance.org\/wp-content\/uploads\/2024\/09\/repas.jpg 1600w\" sizes=\"auto, (max-width: 600px) 100vw, 600px\" \/><\/a><\/p>\n<p lang=\"fr-FR\"><span style=\"color: #000000;\"><span style=\"font-family: Arial, sans-serif;\"><span style=\"font-size: medium;\">Ces facteurs ont contribu\u00e9 \u00e0 l\u2019augmentation de la criminalit\u00e9, car de nombreux jeunes se retrouvent sans travail ni moyen de gagner leur vie, ce qui pousse certains d\u2019entre eux \u00e0 se livrer \u00e0 des activit\u00e9s ill\u00e9gales pour survivre. <\/span><\/span><\/span><\/p>\n<p lang=\"fr-FR\"><span style=\"color: #000000;\"><span style=\"font-family: Arial, sans-serif;\"><span style=\"font-size: medium;\">Les r\u00e9sidents des camps de d\u00e9plac\u00e9s dans le sud de la bande de Gaza souffrent de graves p\u00e9nuries de nourriture, d\u2019eau potable et de soins de sant\u00e9.<\/span><\/span><\/span><\/p>\n<p><span style=\"color: #000000;\"> <span style=\"font-family: Arial, sans-serif;\"><span style=\"font-size: medium;\"><span lang=\"fr-FR\">Ces conditions difficiles ont provoqu\u00e9 un \u00e9tat de frustration et de d\u00e9sespoir parmi les d\u00e9plac\u00e9s, ce qui a conduit \u00e0 une augmentation de la criminalit\u00e9 et de la violence au sein des camps. La propagation du ch\u00f4mage et le manque d\u2019opportunit\u00e9 d\u2019emploi rendent les jeunes plus vuln\u00e9rables \u00e0 l\u2019exploitation et \u00e0 l\u2019implication dans des activit\u00e9s ill\u00e9gales. Alors que la crise \u00e9conomique dans les camps continue de s\u2019aggraver et que le taux de ch\u00f4mage augmente parmi ses r\u00e9sidents, des signes d\u2019augmentation de la criminalit\u00e9 commencent \u00e0 appara\u00eetre, r\u00e9sultat naturel de la situation actuelle. Le manque d\u2019opportunit\u00e9s d\u2019emploi et de ressources financi\u00e8res a pouss\u00e9 certains \u00e0 recourir au vol, aux agressions et au trafic de substances ill\u00e9gales comme moyen de survie.<\/span><\/span><\/span><\/span><\/p>\n<p><a href=\"https:\/\/ismfrance.org\/wp-content\/uploads\/2024\/09\/repas1.jpg\"><img loading=\"lazy\" decoding=\"async\" class=\"alignnone size-large wp-image-14585\" src=\"https:\/\/ismfrance.org\/wp-content\/uploads\/2024\/09\/repas1-700x327.jpg\" alt=\"\" width=\"600\" height=\"280\" srcset=\"https:\/\/ismfrance.org\/wp-content\/uploads\/2024\/09\/repas1-700x327.jpg 700w, https:\/\/ismfrance.org\/wp-content\/uploads\/2024\/09\/repas1-300x140.jpg 300w, https:\/\/ismfrance.org\/wp-content\/uploads\/2024\/09\/repas1-768x359.jpg 768w, https:\/\/ismfrance.org\/wp-content\/uploads\/2024\/09\/repas1-1536x717.jpg 1536w, https:\/\/ismfrance.org\/wp-content\/uploads\/2024\/09\/repas1-1320x616.jpg 1320w, https:\/\/ismfrance.org\/wp-content\/uploads\/2024\/09\/repas1.jpg 1600w\" sizes=\"auto, (max-width: 600px) 100vw, 600px\" \/><\/a><\/p>\n<p lang=\"fr-FR\"><span style=\"color: #000000;\"><span style=\"font-family: Arial, sans-serif;\"><span style=\"font-size: medium;\">Cette situation constitue une menace directe pour la s\u00e9curit\u00e9 entre les personnes au sein des camps et accro\u00eet les tensions entre les r\u00e9sidents des camps, entra\u00eenant une plus grande d\u00e9stabilisation. <\/span><\/span><\/span><\/p>\n<p lang=\"fr-FR\"><span style=\"color: #000000;\"><span style=\"font-family: Arial, sans-serif;\"><span style=\"font-size: medium;\">Dans ces conditions difficiles, l\u2019UJFP joue un r\u00f4le essentiel dans le soutien de la population d\u00e9plac\u00e9e et l\u2019all\u00e8gement de ses souffrances. L\u2019une des initiatives les plus importantes entreprises par les \u00e9quipes de l\u2019UJFP \u00e0 Farmers Camp est la distribution de nourriture aux familles n\u00e9cessiteuses et le travail pour subvenir \u00e0 leurs besoins de base. Ce soutien consiste \u00e0 fournir des repas complets quotidiens aux familles pauvres\u00a0: att\u00e9nuer la faim et la pauvret\u00e9 auxquelles sont confront\u00e9s les r\u00e9sidents des camps.<\/span><\/span><\/span><\/p>\n<p lang=\"fr-FR\"><span style=\"color: #000000;\"><span style=\"font-family: Arial, sans-serif;\"><span style=\"font-size: medium;\">En apportant un soutien aux agriculteurs et \u00e0 leurs familles dans le camp, l\u2019UJFP renforce l\u2019esprit de solidarit\u00e9 entre elle et les agriculteurs, ainsi que la coh\u00e9sion sociale entre les r\u00e9sidents. Le soutien aux groupes les plus vuln\u00e9rables, tels que les agriculteurs qui ont perdu leurs moyens de subsistance, contribue \u00e0 cr\u00e9er un sentiment d\u2019appartenance et de participation communautaire.<\/span><\/span><\/span><\/p>\n<p lang=\"fr-FR\"><a href=\"https:\/\/ismfrance.org\/wp-content\/uploads\/2024\/09\/repas2.jpg\"><img loading=\"lazy\" decoding=\"async\" class=\"alignnone size-large wp-image-14586\" src=\"https:\/\/ismfrance.org\/wp-content\/uploads\/2024\/09\/repas2-700x327.jpg\" alt=\"\" width=\"600\" height=\"280\" srcset=\"https:\/\/ismfrance.org\/wp-content\/uploads\/2024\/09\/repas2-700x327.jpg 700w, https:\/\/ismfrance.org\/wp-content\/uploads\/2024\/09\/repas2-300x140.jpg 300w, https:\/\/ismfrance.org\/wp-content\/uploads\/2024\/09\/repas2-768x359.jpg 768w, https:\/\/ismfrance.org\/wp-content\/uploads\/2024\/09\/repas2-1536x717.jpg 1536w, https:\/\/ismfrance.org\/wp-content\/uploads\/2024\/09\/repas2-1320x616.jpg 1320w, https:\/\/ismfrance.org\/wp-content\/uploads\/2024\/09\/repas2.jpg 1600w\" sizes=\"auto, (max-width: 600px) 100vw, 600px\" \/><\/a><\/p>\n<p lang=\"fr-FR\"><span style=\"color: #000000;\"><span style=\"font-family: Arial, sans-serif;\"><span style=\"font-size: medium;\">Ce soutien ne se limite pas \u00e0 la fourniture de nourriture, mais contribue \u00e9galement \u00e0 renforcer les relations sociales au sein des camps, et \u00e0 r\u00e9duire le sentiment d\u2019isolement et de s\u00e9paration parmi les d\u00e9plac\u00e9s. Ce soutien contribue non seulement \u00e0 am\u00e9liorer les conditions de vie, mais cr\u00e9e \u00e9galement un environnement d\u2019espoir et de coop\u00e9ration, ce qui conduit finalement \u00e0 renforcer la stabilit\u00e9 sociale et s\u00e9curitaire dans le camp.\u00a0\u00bb<\/span><\/span><\/span><\/p>\n<p lang=\"fr-FR\"><span style=\"color: #000000;\"><span style=\"font-family: Arial, sans-serif;\"><span style=\"font-size: medium;\"><i><b>Photos et vid\u00e9os <a href=\"https:\/\/drive.google.com\/drive\/folders\/1-AA-Erw5U9Ur53HuYp8TIWFexRM7-tTJ\">ICI<\/a>.<\/b><\/i><\/span><\/span><\/span><\/p>\n<p><span style=\"color: #000080;\"><span lang=\"zxx\"><span style=\"color: #000000;\"><span style=\"font-family: Arial, sans-serif;\"><span style=\"font-size: medium;\"><span lang=\"fr-FR\">Dans la journ\u00e9e Marsel envoie des petites vid\u00e9os insupportables \u00e0 regarder d<\/span><\/span><\/span><\/span><\/span><\/span><span style=\"color: #000000;\"><span style=\"font-family: Arial, sans-serif;\"><span style=\"font-size: medium;\"><span lang=\"fr-FR\">es martyrs et des bless\u00e9s dans le bombardement par des h\u00e9licopt\u00e8res d&rsquo;occupation des tentes des d\u00e9plac\u00e9s \u00e0 l&rsquo;h\u00f4pital des martyrs d&rsquo;Al-Aqsa dans le centre de la bande de Gaza.<\/span><\/span><\/span><\/span><\/p>\n<hr \/>\n<p align=\"LEFT\"><strong>Retrouvez l\u2019ensemble des t\u00e9moignages d\u2019Abu Amir et Marsel :<\/strong><\/p>\n<p>*<strong>Abu Amir Mutasem Ele\u00efwa<\/strong>\u00a0est coordinateur des Projets paysans depuis 2016 au sud de la bande de Gaza et correspondant de l\u2019Union Juive Fran\u00e7aise pour la Paix.<\/p>\n<p>*<strong>Marsel Alledawi<\/strong>\u00a0est responsable du Centre Ibn Sina du nord de la bande de Gaza, centre qui se consacre au suivi \u00e9ducatif et psychologique de l\u2019enfance.<\/p>\n<p>Tous les deux sont soutenus par l\u2019UJFP en France.<\/p>\n<pre><strong><em>Pour participer \u00e0 la collecte \"Urgence Guerre \u00e0 Gaza\" : <a href=\"https:\/\/www.helloasso.com\/associations\/union-juive-francaise-pour-la-paix\/collectes\/urgence-guerre-a-gaza\">HelloAsso.com<\/a><\/em><\/strong><\/pre>\n<hr \/>\n<pre><strong><em>Les t\u00e9moignages sont \u00e9galement publi\u00e9s sur <a href=\"https:\/\/ujfp.org\/\">UJFP<\/a>; <a href=\"https:\/\/altermidi.org\/2023\/12\/27\/la-survie-qui-sorganise-au-jour-le-jour-dans-lenfer-de-gaza\/\">Altermidi.org<\/a><\/em><\/strong><\/pre>\n","protected":false},"excerpt":{"rendered":"<p>Brigitte Challande, 26 septembre 2024. Compte rendu hebdomadaire de l\u2019activit\u00e9 de l\u2019\u00e9quipe d\u2019Abu Amir, r\u00e9gulier, pr\u00e9cis, d\u00e9taill\u00e9. Cliquez ici pour consulter les R\u00e9cits complets. \u00ab\u00a0Ateliers de soutien psychologique pour les <a class=\"more-link\" href=\"https:\/\/ismfrance.org\/index.php\/2024\/09\/28\/temoignages-de-gazaouis-la-survie-qui-sorganise-au-jour-le-jour-dans-lenfer-de-gaza-partie-179-27-septembre\/\">Lire la suite &rarr;<\/a><\/p>\n","protected":false},"author":3,"featured_media":14581,"comment_status":"closed","ping_status":"closed","sticky":false,"template":"","format":"standard","meta":{"footnotes":""},"categories":[2,13],"tags":[156,29,46],"class_list":["post-14577","post","type-post","status-publish","format-standard","has-post-thumbnail","hentry","category-articles","category-temoignages","tag-genocide","tag-refugies","tag-solidarite"],"yoast_head":"<!-- This site is optimized with the Yoast SEO plugin v27.2 - https:\/\/yoast.com\/product\/yoast-seo-wordpress\/ -->\n<title>T\u00e9moignages de Gazaouis : La survie qui s\u2019organise au jour le jour dans l\u2019enfer de Gaza \u2013 partie 179 \/ 27 septembre - International Solidarity Movement - ISM-France<\/title>\n<meta name=\"robots\" content=\"index, follow, max-snippet:-1, max-image-preview:large, max-video-preview:-1\" \/>\n<link rel=\"canonical\" href=\"https:\/\/ismfrance.org\/index.php\/2024\/09\/28\/temoignages-de-gazaouis-la-survie-qui-sorganise-au-jour-le-jour-dans-lenfer-de-gaza-partie-179-27-septembre\/\" \/>\n<meta property=\"og:locale\" content=\"fr_FR\" \/>\n<meta property=\"og:type\" content=\"article\" \/>\n<meta property=\"og:title\" content=\"T\u00e9moignages de Gazaouis : La survie qui s\u2019organise au jour le jour dans l\u2019enfer de Gaza \u2013 partie 179 \/ 27 septembre - International Solidarity Movement - ISM-France\" \/>\n<meta property=\"og:description\" content=\"Brigitte Challande, 26 septembre 2024. Compte rendu hebdomadaire de l\u2019activit\u00e9 de l\u2019\u00e9quipe d\u2019Abu Amir, r\u00e9gulier, pr\u00e9cis, d\u00e9taill\u00e9. Cliquez ici pour consulter les R\u00e9cits complets. \u00ab\u00a0Ateliers de soutien psychologique pour les Lire la suite &rarr;\" \/>\n<meta property=\"og:url\" content=\"https:\/\/ismfrance.org\/index.php\/2024\/09\/28\/temoignages-de-gazaouis-la-survie-qui-sorganise-au-jour-le-jour-dans-lenfer-de-gaza-partie-179-27-septembre\/\" \/>\n<meta property=\"og:site_name\" content=\"International Solidarity Movement - ISM-France\" \/>\n<meta property=\"article:published_time\" content=\"2024-09-28T15:28:06+00:00\" \/>\n<meta property=\"article:modified_time\" content=\"2024-12-17T10:43:32+00:00\" \/>\n<meta property=\"og:image\" content=\"https:\/\/ismfrance.org\/wp-content\/uploads\/2024\/09\/enfants1.jpg\" \/>\n\t<meta property=\"og:image:width\" content=\"1280\" \/>\n\t<meta property=\"og:image:height\" content=\"960\" \/>\n\t<meta property=\"og:image:type\" content=\"image\/jpeg\" \/>\n<meta name=\"author\" content=\"mru_01\" \/>\n<meta name=\"twitter:card\" content=\"summary_large_image\" \/>\n<meta name=\"twitter:creator\" content=\"@ISMFRANCE\" \/>\n<meta name=\"twitter:site\" content=\"@ISMFRANCE\" \/>\n<meta name=\"twitter:label1\" content=\"\u00c9crit par\" \/>\n\t<meta name=\"twitter:data1\" content=\"mru_01\" \/>\n\t<meta name=\"twitter:label2\" content=\"Dur\u00e9e de lecture estim\u00e9e\" \/>\n\t<meta name=\"twitter:data2\" content=\"17 minutes\" \/>\n<script type=\"application\/ld+json\" class=\"yoast-schema-graph\">{\"@context\":\"https:\/\/schema.org\",\"@graph\":[{\"@type\":\"Article\",\"@id\":\"https:\/\/ismfrance.org\/index.php\/2024\/09\/28\/temoignages-de-gazaouis-la-survie-qui-sorganise-au-jour-le-jour-dans-lenfer-de-gaza-partie-179-27-septembre\/#article\",\"isPartOf\":{\"@id\":\"https:\/\/ismfrance.org\/index.php\/2024\/09\/28\/temoignages-de-gazaouis-la-survie-qui-sorganise-au-jour-le-jour-dans-lenfer-de-gaza-partie-179-27-septembre\/\"},\"author\":{\"name\":\"mru_01\",\"@id\":\"https:\/\/ismfrance.org\/#\/schema\/person\/3c411eb72adfaae19c0dca1f41fae01d\"},\"headline\":\"T\u00e9moignages de Gazaouis : La survie qui s\u2019organise au jour le jour dans l\u2019enfer de Gaza \u2013 partie 179 \/ 27 septembre\",\"datePublished\":\"2024-09-28T15:28:06+00:00\",\"dateModified\":\"2024-12-17T10:43:32+00:00\",\"mainEntityOfPage\":{\"@id\":\"https:\/\/ismfrance.org\/index.php\/2024\/09\/28\/temoignages-de-gazaouis-la-survie-qui-sorganise-au-jour-le-jour-dans-lenfer-de-gaza-partie-179-27-septembre\/\"},\"wordCount\":2421,\"publisher\":{\"@id\":\"https:\/\/ismfrance.org\/#organization\"},\"image\":{\"@id\":\"https:\/\/ismfrance.org\/index.php\/2024\/09\/28\/temoignages-de-gazaouis-la-survie-qui-sorganise-au-jour-le-jour-dans-lenfer-de-gaza-partie-179-27-septembre\/#primaryimage\"},\"thumbnailUrl\":\"https:\/\/ismfrance.org\/wp-content\/uploads\/2024\/09\/enfants1.jpg\",\"keywords\":[\"G\u00e9nocide\",\"r\u00e9fugi\u00e9s\",\"solidarit\u00e9\"],\"articleSection\":[\"Articles\",\"T\u00e9moignages\"],\"inLanguage\":\"fr-FR\"},{\"@type\":\"WebPage\",\"@id\":\"https:\/\/ismfrance.org\/index.php\/2024\/09\/28\/temoignages-de-gazaouis-la-survie-qui-sorganise-au-jour-le-jour-dans-lenfer-de-gaza-partie-179-27-septembre\/\",\"url\":\"https:\/\/ismfrance.org\/index.php\/2024\/09\/28\/temoignages-de-gazaouis-la-survie-qui-sorganise-au-jour-le-jour-dans-lenfer-de-gaza-partie-179-27-septembre\/\",\"name\":\"T\u00e9moignages de Gazaouis : La survie qui s\u2019organise au jour le jour dans l\u2019enfer de Gaza \u2013 partie 179 \/ 27 septembre - International Solidarity Movement - ISM-France\",\"isPartOf\":{\"@id\":\"https:\/\/ismfrance.org\/#website\"},\"primaryImageOfPage\":{\"@id\":\"https:\/\/ismfrance.org\/index.php\/2024\/09\/28\/temoignages-de-gazaouis-la-survie-qui-sorganise-au-jour-le-jour-dans-lenfer-de-gaza-partie-179-27-septembre\/#primaryimage\"},\"image\":{\"@id\":\"https:\/\/ismfrance.org\/index.php\/2024\/09\/28\/temoignages-de-gazaouis-la-survie-qui-sorganise-au-jour-le-jour-dans-lenfer-de-gaza-partie-179-27-septembre\/#primaryimage\"},\"thumbnailUrl\":\"https:\/\/ismfrance.org\/wp-content\/uploads\/2024\/09\/enfants1.jpg\",\"datePublished\":\"2024-09-28T15:28:06+00:00\",\"dateModified\":\"2024-12-17T10:43:32+00:00\",\"breadcrumb\":{\"@id\":\"https:\/\/ismfrance.org\/index.php\/2024\/09\/28\/temoignages-de-gazaouis-la-survie-qui-sorganise-au-jour-le-jour-dans-lenfer-de-gaza-partie-179-27-septembre\/#breadcrumb\"},\"inLanguage\":\"fr-FR\",\"potentialAction\":[{\"@type\":\"ReadAction\",\"target\":[\"https:\/\/ismfrance.org\/index.php\/2024\/09\/28\/temoignages-de-gazaouis-la-survie-qui-sorganise-au-jour-le-jour-dans-lenfer-de-gaza-partie-179-27-septembre\/\"]}]},{\"@type\":\"ImageObject\",\"inLanguage\":\"fr-FR\",\"@id\":\"https:\/\/ismfrance.org\/index.php\/2024\/09\/28\/temoignages-de-gazaouis-la-survie-qui-sorganise-au-jour-le-jour-dans-lenfer-de-gaza-partie-179-27-septembre\/#primaryimage\",\"url\":\"https:\/\/ismfrance.org\/wp-content\/uploads\/2024\/09\/enfants1.jpg\",\"contentUrl\":\"https:\/\/ismfrance.org\/wp-content\/uploads\/2024\/09\/enfants1.jpg\",\"width\":1280,\"height\":960},{\"@type\":\"BreadcrumbList\",\"@id\":\"https:\/\/ismfrance.org\/index.php\/2024\/09\/28\/temoignages-de-gazaouis-la-survie-qui-sorganise-au-jour-le-jour-dans-lenfer-de-gaza-partie-179-27-septembre\/#breadcrumb\",\"itemListElement\":[{\"@type\":\"ListItem\",\"position\":1,\"name\":\"Accueil\",\"item\":\"https:\/\/ismfrance.org\/\"},{\"@type\":\"ListItem\",\"position\":2,\"name\":\"T\u00e9moignages de Gazaouis : La survie qui s\u2019organise au jour le jour dans l\u2019enfer de Gaza \u2013 partie 179 \/ 27 septembre\"}]},{\"@type\":\"WebSite\",\"@id\":\"https:\/\/ismfrance.org\/#website\",\"url\":\"https:\/\/ismfrance.org\/\",\"name\":\"ISM Palestine France\",\"description\":\"Soutien aux luttes de lib\u00e9ration du peuple palestinien\",\"publisher\":{\"@id\":\"https:\/\/ismfrance.org\/#organization\"},\"potentialAction\":[{\"@type\":\"SearchAction\",\"target\":{\"@type\":\"EntryPoint\",\"urlTemplate\":\"https:\/\/ismfrance.org\/?s={search_term_string}\"},\"query-input\":{\"@type\":\"PropertyValueSpecification\",\"valueRequired\":true,\"valueName\":\"search_term_string\"}}],\"inLanguage\":\"fr-FR\"},{\"@type\":\"Organization\",\"@id\":\"https:\/\/ismfrance.org\/#organization\",\"name\":\"International Solidarity Movement\",\"url\":\"https:\/\/ismfrance.org\/\",\"logo\":{\"@type\":\"ImageObject\",\"inLanguage\":\"fr-FR\",\"@id\":\"https:\/\/ismfrance.org\/#\/schema\/logo\/image\/\",\"url\":\"https:\/\/ismfrance.org\/wp-content\/uploads\/2020\/12\/00.png\",\"contentUrl\":\"https:\/\/ismfrance.org\/wp-content\/uploads\/2020\/12\/00.png\",\"width\":400,\"height\":400,\"caption\":\"International Solidarity Movement\"},\"image\":{\"@id\":\"https:\/\/ismfrance.org\/#\/schema\/logo\/image\/\"},\"sameAs\":[\"https:\/\/x.com\/ISMFRANCE\"]},{\"@type\":\"Person\",\"@id\":\"https:\/\/ismfrance.org\/#\/schema\/person\/3c411eb72adfaae19c0dca1f41fae01d\",\"name\":\"mru_01\",\"image\":{\"@type\":\"ImageObject\",\"inLanguage\":\"fr-FR\",\"@id\":\"https:\/\/secure.gravatar.com\/avatar\/3a0be343b445d2ccc79e87444a294fad2b232e90d2051d0e3cc219e1ecd6a330?s=96&d=mm&r=g\",\"url\":\"https:\/\/secure.gravatar.com\/avatar\/3a0be343b445d2ccc79e87444a294fad2b232e90d2051d0e3cc219e1ecd6a330?s=96&d=mm&r=g\",\"contentUrl\":\"https:\/\/secure.gravatar.com\/avatar\/3a0be343b445d2ccc79e87444a294fad2b232e90d2051d0e3cc219e1ecd6a330?s=96&d=mm&r=g\",\"caption\":\"mru_01\"},\"url\":\"https:\/\/ismfrance.org\/index.php\/author\/admin02\/\"}]}<\/script>\n<!-- \/ Yoast SEO plugin. -->","yoast_head_json":{"title":"T\u00e9moignages de Gazaouis : La survie qui s\u2019organise au jour le jour dans l\u2019enfer de Gaza \u2013 partie 179 \/ 27 septembre - International Solidarity Movement - ISM-France","robots":{"index":"index","follow":"follow","max-snippet":"max-snippet:-1","max-image-preview":"max-image-preview:large","max-video-preview":"max-video-preview:-1"},"canonical":"https:\/\/ismfrance.org\/index.php\/2024\/09\/28\/temoignages-de-gazaouis-la-survie-qui-sorganise-au-jour-le-jour-dans-lenfer-de-gaza-partie-179-27-septembre\/","og_locale":"fr_FR","og_type":"article","og_title":"T\u00e9moignages de Gazaouis : La survie qui s\u2019organise au jour le jour dans l\u2019enfer de Gaza \u2013 partie 179 \/ 27 septembre - International Solidarity Movement - ISM-France","og_description":"Brigitte Challande, 26 septembre 2024. Compte rendu hebdomadaire de l\u2019activit\u00e9 de l\u2019\u00e9quipe d\u2019Abu Amir, r\u00e9gulier, pr\u00e9cis, d\u00e9taill\u00e9. Cliquez ici pour consulter les R\u00e9cits complets. \u00ab\u00a0Ateliers de soutien psychologique pour les Lire la suite &rarr;","og_url":"https:\/\/ismfrance.org\/index.php\/2024\/09\/28\/temoignages-de-gazaouis-la-survie-qui-sorganise-au-jour-le-jour-dans-lenfer-de-gaza-partie-179-27-septembre\/","og_site_name":"International Solidarity Movement - ISM-France","article_published_time":"2024-09-28T15:28:06+00:00","article_modified_time":"2024-12-17T10:43:32+00:00","og_image":[{"width":1280,"height":960,"url":"https:\/\/ismfrance.org\/wp-content\/uploads\/2024\/09\/enfants1.jpg","type":"image\/jpeg"}],"author":"mru_01","twitter_card":"summary_large_image","twitter_creator":"@ISMFRANCE","twitter_site":"@ISMFRANCE","twitter_misc":{"\u00c9crit par":"mru_01","Dur\u00e9e de lecture estim\u00e9e":"17 minutes"},"schema":{"@context":"https:\/\/schema.org","@graph":[{"@type":"Article","@id":"https:\/\/ismfrance.org\/index.php\/2024\/09\/28\/temoignages-de-gazaouis-la-survie-qui-sorganise-au-jour-le-jour-dans-lenfer-de-gaza-partie-179-27-septembre\/#article","isPartOf":{"@id":"https:\/\/ismfrance.org\/index.php\/2024\/09\/28\/temoignages-de-gazaouis-la-survie-qui-sorganise-au-jour-le-jour-dans-lenfer-de-gaza-partie-179-27-septembre\/"},"author":{"name":"mru_01","@id":"https:\/\/ismfrance.org\/#\/schema\/person\/3c411eb72adfaae19c0dca1f41fae01d"},"headline":"T\u00e9moignages de Gazaouis : La survie qui s\u2019organise au jour le jour dans l\u2019enfer de Gaza \u2013 partie 179 \/ 27 septembre","datePublished":"2024-09-28T15:28:06+00:00","dateModified":"2024-12-17T10:43:32+00:00","mainEntityOfPage":{"@id":"https:\/\/ismfrance.org\/index.php\/2024\/09\/28\/temoignages-de-gazaouis-la-survie-qui-sorganise-au-jour-le-jour-dans-lenfer-de-gaza-partie-179-27-septembre\/"},"wordCount":2421,"publisher":{"@id":"https:\/\/ismfrance.org\/#organization"},"image":{"@id":"https:\/\/ismfrance.org\/index.php\/2024\/09\/28\/temoignages-de-gazaouis-la-survie-qui-sorganise-au-jour-le-jour-dans-lenfer-de-gaza-partie-179-27-septembre\/#primaryimage"},"thumbnailUrl":"https:\/\/ismfrance.org\/wp-content\/uploads\/2024\/09\/enfants1.jpg","keywords":["G\u00e9nocide","r\u00e9fugi\u00e9s","solidarit\u00e9"],"articleSection":["Articles","T\u00e9moignages"],"inLanguage":"fr-FR"},{"@type":"WebPage","@id":"https:\/\/ismfrance.org\/index.php\/2024\/09\/28\/temoignages-de-gazaouis-la-survie-qui-sorganise-au-jour-le-jour-dans-lenfer-de-gaza-partie-179-27-septembre\/","url":"https:\/\/ismfrance.org\/index.php\/2024\/09\/28\/temoignages-de-gazaouis-la-survie-qui-sorganise-au-jour-le-jour-dans-lenfer-de-gaza-partie-179-27-septembre\/","name":"T\u00e9moignages de Gazaouis : La survie qui s\u2019organise au jour le jour dans l\u2019enfer de Gaza \u2013 partie 179 \/ 27 septembre - International Solidarity Movement - ISM-France","isPartOf":{"@id":"https:\/\/ismfrance.org\/#website"},"primaryImageOfPage":{"@id":"https:\/\/ismfrance.org\/index.php\/2024\/09\/28\/temoignages-de-gazaouis-la-survie-qui-sorganise-au-jour-le-jour-dans-lenfer-de-gaza-partie-179-27-septembre\/#primaryimage"},"image":{"@id":"https:\/\/ismfrance.org\/index.php\/2024\/09\/28\/temoignages-de-gazaouis-la-survie-qui-sorganise-au-jour-le-jour-dans-lenfer-de-gaza-partie-179-27-septembre\/#primaryimage"},"thumbnailUrl":"https:\/\/ismfrance.org\/wp-content\/uploads\/2024\/09\/enfants1.jpg","datePublished":"2024-09-28T15:28:06+00:00","dateModified":"2024-12-17T10:43:32+00:00","breadcrumb":{"@id":"https:\/\/ismfrance.org\/index.php\/2024\/09\/28\/temoignages-de-gazaouis-la-survie-qui-sorganise-au-jour-le-jour-dans-lenfer-de-gaza-partie-179-27-septembre\/#breadcrumb"},"inLanguage":"fr-FR","potentialAction":[{"@type":"ReadAction","target":["https:\/\/ismfrance.org\/index.php\/2024\/09\/28\/temoignages-de-gazaouis-la-survie-qui-sorganise-au-jour-le-jour-dans-lenfer-de-gaza-partie-179-27-septembre\/"]}]},{"@type":"ImageObject","inLanguage":"fr-FR","@id":"https:\/\/ismfrance.org\/index.php\/2024\/09\/28\/temoignages-de-gazaouis-la-survie-qui-sorganise-au-jour-le-jour-dans-lenfer-de-gaza-partie-179-27-septembre\/#primaryimage","url":"https:\/\/ismfrance.org\/wp-content\/uploads\/2024\/09\/enfants1.jpg","contentUrl":"https:\/\/ismfrance.org\/wp-content\/uploads\/2024\/09\/enfants1.jpg","width":1280,"height":960},{"@type":"BreadcrumbList","@id":"https:\/\/ismfrance.org\/index.php\/2024\/09\/28\/temoignages-de-gazaouis-la-survie-qui-sorganise-au-jour-le-jour-dans-lenfer-de-gaza-partie-179-27-septembre\/#breadcrumb","itemListElement":[{"@type":"ListItem","position":1,"name":"Accueil","item":"https:\/\/ismfrance.org\/"},{"@type":"ListItem","position":2,"name":"T\u00e9moignages de Gazaouis : La survie qui s\u2019organise au jour le jour dans l\u2019enfer de Gaza \u2013 partie 179 \/ 27 septembre"}]},{"@type":"WebSite","@id":"https:\/\/ismfrance.org\/#website","url":"https:\/\/ismfrance.org\/","name":"ISM Palestine France","description":"Soutien aux luttes de lib\u00e9ration du peuple palestinien","publisher":{"@id":"https:\/\/ismfrance.org\/#organization"},"potentialAction":[{"@type":"SearchAction","target":{"@type":"EntryPoint","urlTemplate":"https:\/\/ismfrance.org\/?s={search_term_string}"},"query-input":{"@type":"PropertyValueSpecification","valueRequired":true,"valueName":"search_term_string"}}],"inLanguage":"fr-FR"},{"@type":"Organization","@id":"https:\/\/ismfrance.org\/#organization","name":"International Solidarity Movement","url":"https:\/\/ismfrance.org\/","logo":{"@type":"ImageObject","inLanguage":"fr-FR","@id":"https:\/\/ismfrance.org\/#\/schema\/logo\/image\/","url":"https:\/\/ismfrance.org\/wp-content\/uploads\/2020\/12\/00.png","contentUrl":"https:\/\/ismfrance.org\/wp-content\/uploads\/2020\/12\/00.png","width":400,"height":400,"caption":"International Solidarity Movement"},"image":{"@id":"https:\/\/ismfrance.org\/#\/schema\/logo\/image\/"},"sameAs":["https:\/\/x.com\/ISMFRANCE"]},{"@type":"Person","@id":"https:\/\/ismfrance.org\/#\/schema\/person\/3c411eb72adfaae19c0dca1f41fae01d","name":"mru_01","image":{"@type":"ImageObject","inLanguage":"fr-FR","@id":"https:\/\/secure.gravatar.com\/avatar\/3a0be343b445d2ccc79e87444a294fad2b232e90d2051d0e3cc219e1ecd6a330?s=96&d=mm&r=g","url":"https:\/\/secure.gravatar.com\/avatar\/3a0be343b445d2ccc79e87444a294fad2b232e90d2051d0e3cc219e1ecd6a330?s=96&d=mm&r=g","contentUrl":"https:\/\/secure.gravatar.com\/avatar\/3a0be343b445d2ccc79e87444a294fad2b232e90d2051d0e3cc219e1ecd6a330?s=96&d=mm&r=g","caption":"mru_01"},"url":"https:\/\/ismfrance.org\/index.php\/author\/admin02\/"}]}},"_links":{"self":[{"href":"https:\/\/ismfrance.org\/index.php\/wp-json\/wp\/v2\/posts\/14577","targetHints":{"allow":["GET"]}}],"collection":[{"href":"https:\/\/ismfrance.org\/index.php\/wp-json\/wp\/v2\/posts"}],"about":[{"href":"https:\/\/ismfrance.org\/index.php\/wp-json\/wp\/v2\/types\/post"}],"author":[{"embeddable":true,"href":"https:\/\/ismfrance.org\/index.php\/wp-json\/wp\/v2\/users\/3"}],"replies":[{"embeddable":true,"href":"https:\/\/ismfrance.org\/index.php\/wp-json\/wp\/v2\/comments?post=14577"}],"version-history":[{"count":0,"href":"https:\/\/ismfrance.org\/index.php\/wp-json\/wp\/v2\/posts\/14577\/revisions"}],"wp:featuredmedia":[{"embeddable":true,"href":"https:\/\/ismfrance.org\/index.php\/wp-json\/wp\/v2\/media\/14581"}],"wp:attachment":[{"href":"https:\/\/ismfrance.org\/index.php\/wp-json\/wp\/v2\/media?parent=14577"}],"wp:term":[{"taxonomy":"category","embeddable":true,"href":"https:\/\/ismfrance.org\/index.php\/wp-json\/wp\/v2\/categories?post=14577"},{"taxonomy":"post_tag","embeddable":true,"href":"https:\/\/ismfrance.org\/index.php\/wp-json\/wp\/v2\/tags?post=14577"}],"curies":[{"name":"wp","href":"https:\/\/api.w.org\/{rel}","templated":true}]}}