{"id":14532,"date":"2024-09-26T17:27:45","date_gmt":"2024-09-26T15:27:45","guid":{"rendered":"https:\/\/ismfrance.org\/?p=14532"},"modified":"2024-09-26T17:31:15","modified_gmt":"2024-09-26T15:31:15","slug":"un-etat-terroriste-a-travers-le-temps-de-ben-gourion-a-netanyahou","status":"publish","type":"post","link":"https:\/\/ismfrance.org\/index.php\/2024\/09\/26\/un-etat-terroriste-a-travers-le-temps-de-ben-gourion-a-netanyahou\/","title":{"rendered":"Un \u00c9tat terroriste \u00e0 travers le temps : de Ben Gourion \u00e0 Netanyahou"},"content":{"rendered":"<p><span style=\"color: #000000;\"><span style=\"font-family: Arial, sans-serif;\"><span style=\"font-size: medium;\"><strong>Khalil Harb, 24 septembre 2024.<\/strong> Le 31 mai 1948, un homme n\u00e9 en Pologne du nom de David Ben Gourion transformait les groupes terroristes sionistes \u2013 Haganah, Stern, Irgun et Palmach \u2013 en ce qu&rsquo;on appelerait les \u00ab Forces de d\u00e9fense isra\u00e9liennes \u00bb (FDI). Cet homme allait devenir le premier Premier ministre d\u2019Isra\u00ebl et ses actions ont jet\u00e9 les bases de ce que beaucoup d\u00e9crivent comme un \u00c9tat colonial de peuplement en Palestine.<\/span><\/span><\/span><\/p>\n<p><a href=\"https:\/\/ismfrance.org\/wp-content\/uploads\/2024\/09\/gang-state.jpeg\"><img loading=\"lazy\" decoding=\"async\" class=\"alignnone size-large wp-image-14533\" src=\"https:\/\/ismfrance.org\/wp-content\/uploads\/2024\/09\/gang-state-700x331.jpeg\" alt=\"\" width=\"600\" height=\"284\" srcset=\"https:\/\/ismfrance.org\/wp-content\/uploads\/2024\/09\/gang-state-700x331.jpeg 700w, https:\/\/ismfrance.org\/wp-content\/uploads\/2024\/09\/gang-state-300x142.jpeg 300w, https:\/\/ismfrance.org\/wp-content\/uploads\/2024\/09\/gang-state-768x363.jpeg 768w, https:\/\/ismfrance.org\/wp-content\/uploads\/2024\/09\/gang-state-1536x727.jpeg 1536w, https:\/\/ismfrance.org\/wp-content\/uploads\/2024\/09\/gang-state-2048x969.jpeg 2048w, https:\/\/ismfrance.org\/wp-content\/uploads\/2024\/09\/gang-state-1320x625.jpeg 1320w\" sizes=\"auto, (max-width: 600px) 100vw, 600px\" \/><\/a><\/p>\n<p><span style=\"color: #000000;\"><span style=\"font-family: Arial, sans-serif;\"><span style=\"font-size: medium;\">Ce fait r\u00e9sume l\u2019essence m\u00eame de l\u2019\u00c9tat d\u2019occupation aujourd\u2019hui, offrant une illustration frappante des racines de violence aveugle sur lesquelles l\u2019\u00c9tat et son arm\u00e9e ont \u00e9t\u00e9 construits. Aujourd\u2019hui, les op\u00e9rations militaires isra\u00e9liennes se poursuivent \u00e0 Gaza et en Cisjordanie occup\u00e9e, o\u00f9 les chars \u00e9crasent les corps des morts et des bless\u00e9s et o\u00f9 les habitants sont jet\u00e9s des toits ou abattus dans leurs maisons.<\/span><\/span><\/span><\/p>\n<p><span style=\"color: #000000;\"><span style=\"font-family: Arial, sans-serif;\"><span style=\"font-size: medium;\">\u00ab Provoquer la mort ou des blessures graves \u00e0 des civils dans le but d\u2019intimider une population \u00bb est la d\u00e9finition m\u00eame du terrorisme, selon les termes de l\u2019Assembl\u00e9e g\u00e9n\u00e9rale des Nations Unies.<\/span><\/span><\/span><\/p>\n<p><span style=\"color: #000000;\"><span style=\"font-family: Arial, sans-serif;\"><span style=\"font-size: medium;\">Des immeubles r\u00e9sidentiels entiers sont r\u00e9duits en ruines au nom de l\u2019\u00ab assassinat \u00bb de combattants de la r\u00e9sistance, que ce soit \u00e0 Gaza, en Cisjordanie ou m\u00eame \u00e0 Beyrouth. Le gouvernement isra\u00e9lien a normalis\u00e9 les attaques sanglantes contre les h\u00f4pitaux, les \u00e9glises et les mosqu\u00e9es et a militaris\u00e9 les technologies de communication pour an\u00e9antir en masse les gens dans les maisons, les bureaux et les rues \u2013 pour semer la terreur parmi les civils et les forcer \u00e0 se soumettre.<\/span><\/span><\/span><\/p>\n<p><span style=\"color: #000000;\"><span style=\"font-family: Arial, sans-serif;\"><span style=\"font-size: large;\"><b>L\u2019\u00c9tat des gangs<\/b><\/span><\/span><\/span><\/p>\n<p><span style=\"color: #000000;\"><span style=\"font-family: Arial, sans-serif;\"><span style=\"font-size: medium;\">S\u2019il existe un mot qui d\u00e9finit le mieux le <\/span><\/span><\/span><span style=\"color: #000000;\"><span style=\"font-family: Arial, sans-serif;\"><span style=\"font-size: medium;\"><i>modus operandi <\/i><\/span><\/span><\/span><span style=\"color: #000000;\"><span style=\"font-family: Arial, sans-serif;\"><span style=\"font-size: medium;\">d\u2019Isra\u00ebl, c\u2019est bien celui de terrorisme. Depuis sa cr\u00e9ation en tant qu\u2019entit\u00e9 politique, en passant par ses premi\u00e8res campagnes de nettoyage ethnique et son oppression militaire continu \u00e0 Gaza, en Cisjordanie, au Liban, en Syrie, en Irak, en Iran et au Y\u00e9men \u2013 sans parler de ses actions pr\u00e9c\u00e9dentes en \u00c9gypte, en Jordanie, en Tunisie et au Soudan \u2013 l\u2019histoire d\u2019Isra\u00ebl est marqu\u00e9e par un m\u00e9pris flagrant du droit international et des principes moraux.<\/span><\/span><\/span><\/p>\n<p><span style=\"color: #000000;\"><span style=\"font-family: Arial, sans-serif;\"><span style=\"font-size: medium;\">Le terrorisme est l\u2019arme la plus puissante d\u2019Isra\u00ebl, de l\u2019\u00ab \u00c9tat des gangs \u00bb que l\u2019on surnomme d\u00e9sormais \u00ab la bande de Netanyahou \u00bb, et de ses appareils s\u00e9curitaires et militaires. Cette mentalit\u00e9 de gang fait depuis longtemps partie de l\u2019id\u00e9ologie sioniste, qui dissimule ses objectifs sous une rh\u00e9torique religieuse noble tout en d\u00e9clenchant simultan\u00e9ment des actes de violence et de domination vicieux.<\/span><\/span><\/span><\/p>\n<p><span style=\"color: #000000;\"><span style=\"font-family: Arial, sans-serif;\"><span style=\"font-size: medium;\">Pr\u00e8s d\u2019un si\u00e8cle plus tard, Isra\u00ebl lutte toujours pour obtenir une l\u00e9gitimit\u00e9, son existence \u00e9tant perp\u00e9tuellement entach\u00e9e par sa naissance violente et l\u2019oppression continue des Palestiniens.<\/span><\/span><\/span><\/p>\n<p><span style=\"color: #000000;\"><span style=\"font-family: Arial, sans-serif;\"><span style=\"font-size: medium;\">Oubliez toutes les tromperies occidentales utilis\u00e9es pour convaincre l\u2019opinion publique que l\u2019\u00c9tat d\u2019occupation est la \u00ab seule d\u00e9mocratie au Moyen-Orient \u00bb. Comme le dit le proverbe arabe : \u00ab Ce qui est construit sur le mensonge est un mensonge. \u00bb<\/span><\/span><\/span><\/p>\n<p><span style=\"color: #000000;\"><span style=\"font-family: Arial, sans-serif;\"><span style=\"font-size: medium;\">Le \u00ab p\u00e8re fondateur \u00bb polonais de cet \u00c9tat, Ben Gourion, \u00e9tait lui-m\u00eame plong\u00e9 dans des campagnes criminelles de nettoyage ethnique et de d\u00e9placement, tout comme les gangs terroristes sionistes qui ont fond\u00e9 l\u2019\u00c9tat d\u2019occupation sur la base des id\u00e9es de l\u2019Ukrainien Ze\u2019ev Jabotinsky. Ce dernier a \u00e9t\u00e9 le premier \u00e0 appeler \u00e0 la militarisation du sionisme pour affronter les Palestiniens autochtones et \u00e9tablir le projet colonial au Levant.<\/span><\/span><\/span><\/p>\n<p><span style=\"color: #000000;\"><span style=\"font-family: Arial, sans-serif;\"><span style=\"font-size: large;\"><b>Un h\u00e9ritage de terrorisme<\/b><\/span><\/span><\/span><\/p>\n<p><span style=\"color: #000000;\"><span style=\"font-family: Arial, sans-serif;\"><span style=\"font-size: medium;\">Les premiers sionistes qui ont combattu aux c\u00f4t\u00e9s des forces britanniques pendant la Premi\u00e8re Guerre mondiale au sein de ce qu\u2019on appelait la L\u00e9gion juive, cofond\u00e9e par Jabotinsky, ont fortement contribu\u00e9 \u00e0 la formation progressive de l\u2019\u00c9tat sioniste. De nombreux historiens pensent qu\u2019en \u00e9change des services de cette l\u00e9gion, ces juifs occidentaux ont re\u00e7u la d\u00e9claration britannique Balfour, qui s\u2019engageait \u00e0 \u00e9tablir pour eux un \u00c9tat en Palestine.<\/span><\/span><\/span><\/p>\n<p><span style=\"color: #000000;\"><span style=\"font-family: Arial, sans-serif;\"><span style=\"font-size: medium;\">Isra\u00ebl est donc le produit d\u2019un mariage ill\u00e9gitime entre une puissance coloniale en d\u00e9clin et une puissance occupante \u00e9mergente. Il est naturel que le \u00ab mauvais gar\u00e7on \u00bb ill\u00e9gitime n\u00e9 de ce mariage douteux porte de nombreuses caract\u00e9ristiques des colons, des occupants, des voyous et des bandes terroristes.<\/span><\/span><\/span><\/p>\n<p><span style=\"color: #000000;\"><span style=\"font-family: Arial, sans-serif;\"><span style=\"font-size: medium;\">Prenons, par exemple, un incident qui a eu lieu avant la cr\u00e9ation de l\u2019\u00c9tat d\u2019occupation. En juillet 1938, la bande terroriste Irgun a fait exploser deux voitures pi\u00e9g\u00e9es sur le march\u00e9 de Ha\u00effa, faisant 70 martyrs et bless\u00e9s parmi les Palestiniens.<\/span><\/span><\/span><\/p>\n<p><span style=\"color: #000000;\"><span style=\"font-family: Arial, sans-serif;\"><span style=\"font-size: medium;\">L\u2019influence violente de l\u2019Irgoun s\u2019est \u00e9tendue au-del\u00e0 de la Palestine, comme en 1946, lorsque des terroristes juifs ont bombard\u00e9 l\u2019ambassade britannique \u00e0 Rome, frustr\u00e9s par ce qu\u2019ils consid\u00e9raient comme une h\u00e9sitation britannique \u00e0 acc\u00e9l\u00e9rer l\u2019immigration juive en Palestine.<\/span><\/span><\/span><\/p>\n<p><span style=\"color: #000000;\"><span style=\"font-family: Arial, sans-serif;\"><span style=\"font-size: medium;\">Cette attaque a contribu\u00e9 \u00e0 attiser le sentiment antijuif en Grande-Bretagne et a encourag\u00e9 une nouvelle immigration juive en Palestine, une tactique rappelant les complots sionistes en \u00c9gypte, en Irak et en Syrie pour cibler et terroriser les minorit\u00e9s juives, incitant \u00e0 la violence et aux conflits sociaux qui finiraient par les forcer \u00e0 fuir vers la Palestine.<\/span><\/span><\/span><\/p>\n<p><span style=\"color: #000000;\"><span style=\"font-family: Arial, sans-serif;\"><span style=\"font-size: medium;\">Le terme \u00ab terrorisme sioniste \u00bb \u00e9tait courant dans le discours officiel britannique, y compris dans la rh\u00e9torique et la correspondance de l\u2019autorit\u00e9 mandataire en Palestine. Ce fut particuli\u00e8rement le cas dans les ann\u00e9es 1930, avant la Seconde Guerre mondiale, et apr\u00e8s le d\u00e9clenchement de la Grande R\u00e9volte palestinienne de 1936-1939, lorsque la population arabe autochtone s\u2019est soulev\u00e9e contre les autorit\u00e9s d\u2019occupation britanniques et l\u2019afflux incontr\u00f4l\u00e9 de colons juifs \u00e9trangers.<\/span><\/span><\/span><\/p>\n<p><span style=\"color: #000000;\"><span style=\"font-family: Arial, sans-serif;\"><span style=\"font-size: medium;\">Prenons par exemple le gang sioniste Lehi, \u00e9galement connu sous le nom de Stern, qui a assassin\u00e9 le ministre britannique Lord Moyne au Caire en 1944. Le gang Irgun, dirig\u00e9 par le militant Menachem Begin \u2013 un autre futur Premier ministre isra\u00e9lien \u2013 a fait exploser l\u2019h\u00f4tel King David \u00e0 J\u00e9rusalem en 1946, alors qu\u2019il abritait le si\u00e8ge du gouvernement du mandat britannique, tuant et blessant environ 150 personnes, dont des dizaines de Britanniques, de Palestiniens et m\u00eame de juifs.<\/span><\/span><\/span><\/p>\n<p><span style=\"color: #000000;\"><span style=\"font-family: Arial, sans-serif;\"><span style=\"font-size: medium;\">Apr\u00e8s le retrait britannique de Palestine, les gangs terroristes sionistes ont tourn\u00e9 leur attention vers les Nations Unies. En septembre 1948, le gang Lehi a assassin\u00e9 le m\u00e9diateur de l\u2019ONU, le comte Folke Bernadotte, accus\u00e9 de soutenir les Arabes.<\/span><\/span><\/span><\/p>\n<p><span style=\"color: #000000;\"><span style=\"font-family: Arial, sans-serif;\"><span style=\"font-size: medium;\">Mais la cible principale des terroristes sionistes est rest\u00e9e la population arabe indig\u00e8ne de Palestine, compos\u00e9e de musulmans, de chr\u00e9tiens et de juifs. Leurs campagnes violentes ont cibl\u00e9 des march\u00e9s, des mosqu\u00e9es, des espaces publics et des villages entiers, notamment des attaques horribles contre des lieux comme Ha\u00effa, Deir Yassin et Tantura, o\u00f9 les habitants ont \u00e9t\u00e9 brutalement assassin\u00e9s, viol\u00e9s et tortur\u00e9s.<\/span><\/span><\/span><\/p>\n<p><strong><span style=\"color: #000000;\"><span style=\"font-family: Arial, sans-serif;\"><span style=\"font-size: large;\"><b>Du gang terroriste \u00e0 l\u2019arm\u00e9e \u00ab conventionnelle \u00bb<\/b><\/span><\/span><\/span><\/strong><\/p>\n<p><span style=\"color: #000000;\"><span style=\"font-family: Arial, sans-serif;\"><span style=\"font-size: medium;\">La cr\u00e9ation d\u2019Isra\u00ebl en 1948 n\u2019a pas fait grand-chose pour mettre fin \u00e0 cette mentalit\u00e9 de gang. Au contraire, elle s\u2019est institutionnalis\u00e9e au sein de l\u2019\u00ab arm\u00e9e isra\u00e9lienne \u00bb nouvellement form\u00e9e, que Ben Gourion a contribu\u00e9 \u00e0 fa\u00e7onner. Les massacres et l\u2019oppression ont continu\u00e9, d\u00e9sormais \u00e0 une \u00e9chelle plus grande et plus syst\u00e9matique.<\/span><\/span><\/span><\/p>\n<p><span style=\"color: #000000;\"><span style=\"font-family: Arial, sans-serif;\"><span style=\"font-size: medium;\">En 1953, 200 Palestiniens ont \u00e9t\u00e9 tu\u00e9s \u00e0 Qibya, 70 \u00e0 Qalqilya en 1956 et 49 autres \u00e0 Kafr Qasim la m\u00eame ann\u00e9e. Ce ne sont l\u00e0 que quelques exemples des atrocit\u00e9s qui ont continu\u00e9 \u00e0 s\u2019\u00e9tendre au fil du temps.<\/span><\/span><\/span><\/p>\n<p><span style=\"color: #000000;\"><span style=\"font-family: Arial, sans-serif;\"><span style=\"font-size: medium;\">L\u2019\u00c9tat des gangs op\u00e9rait en Asie occidentale sous l\u2019immunit\u00e9 internationale et est rapidement pass\u00e9 du tutorat britannique \u00e0 celui des \u00c9tats-Unis. Les Britanniques ont ouvert la voie en promettant d\u2019\u00e9tablir l\u2019\u00c9tat sioniste et ont facilit\u00e9 l\u2019immigration juive, tandis que les \u00c9tats-Unis ont \u00e9t\u00e9 les premiers \u00e0 reconna\u00eetre Isra\u00ebl comme un \u00ab \u00c9tat ind\u00e9pendant \u00bb le 14 mai 1948.<\/span><\/span><\/span><\/p>\n<p><span style=\"color: #000000;\"><span style=\"font-family: Arial, sans-serif;\"><span style=\"font-size: medium;\">Les partis d\u00e9mocrate et r\u00e9publicain ont convenu de ne pas toucher aux relations avec l\u2019\u00c9tat d\u00e8s ses d\u00e9buts. En 1972, Washington a utilis\u00e9 pour la premi\u00e8re fois son droit de veto au Conseil de s\u00e9curit\u00e9 de l\u2019ONU en faveur d\u2019Isra\u00ebl pour bloquer une plainte libanaise, un droit de veto que Washington a utilis\u00e9 plus de 50 fois depuis.<\/span><\/span><\/span><\/p>\n<p><span style=\"color: #000000;\"><span style=\"font-family: Arial, sans-serif;\"><span style=\"font-size: medium;\">Selon les donn\u00e9es de l\u2019Agence am\u00e9ricaine pour le d\u00e9veloppement international, Isra\u00ebl est le plus grand b\u00e9n\u00e9ficiaire de l\u2019aide am\u00e9ricaine, avec plus de 260 milliards de dollars entre 1948 et 2023, passant \u00e0 310 milliards de dollars en mars 2024. Les deux tiers de cette aide sont de nature militaire, simplement pour lui permettre de tuer \u00e0 sa guise.<\/span><\/span><\/span><\/p>\n<p><span style=\"color: #000000;\"><span style=\"font-family: Arial, sans-serif;\"><span style=\"font-size: medium;\">Mais la machine de guerre sioniste est en \u00e9bullition depuis les ann\u00e9es 1930 jusqu\u2019\u00e0 aujourd\u2019hui, quand elle a essay\u00e9 de tuer 4.000 personnes en une minute en bombardant des appareils sans fil et des bipers \u00e0 Beyrouth et en poursuivant les Palestiniens jusqu&rsquo;\u00e0 les tuer dans des zones cens\u00e9es \u00eatre des \u00ab zones s\u00fbres \u00bb. Si la brutalit\u00e9 \u00e9tait une tactique pour d\u00e9montrer la puissance et la sup\u00e9riorit\u00e9 d\u2019Isra\u00ebl, elle n\u2019a pas r\u00e9ussi \u00e0 apporter \u00e0 l\u2019\u00c9tat la paix ou la stabilit\u00e9.<\/span><\/span><\/span><\/p>\n<p><span style=\"color: #000000;\"><span style=\"font-family: Arial, sans-serif;\"><span style=\"font-size: medium;\">Aujourd\u2019hui, un sentiment croissant d\u2019impuissance s\u2019insinue dans le discours isra\u00e9lien. Le lancement de l\u2019op\u00e9ration D\u00e9luge d&rsquo;Al-Aqsa et les affrontements qui ont suivi avec toutes les parties de l\u2019Axe de r\u00e9sistance d\u2019Asie occidentale ont \u00e9branl\u00e9 l\u2019\u00c9tat isra\u00e9lien. Lorsque le Hezbollah a bombard\u00e9 le nord de la Palestine occup\u00e9e, atteignant jusqu\u2019\u00e0 Ha\u00effa, les m\u00e9dias isra\u00e9liens ont rapport\u00e9 que plus d\u2019un million de citoyens se trouvaient d\u00e9sormais \u00e0 port\u00e9e des missiles du Hezbollah.<\/span><\/span><\/span><\/p>\n<p><strong><span style=\"color: #000000;\"><span style=\"font-family: Arial, sans-serif;\"><span style=\"font-size: large;\">L\u2019instabilit\u00e9 d\u2019Isra\u00ebl et la r\u00e9sistance de la r\u00e9gion<\/span><\/span><\/span><\/strong><\/p>\n<p><span style=\"color: #000000;\"><span style=\"font-family: Arial, sans-serif;\"><span style=\"font-size: medium;\">M\u00eame les g\u00e9n\u00e9raux et analystes isra\u00e9liens ont reconnu la pr\u00e9carit\u00e9 de la situation \u00e0 Tel-Aviv. Le g\u00e9n\u00e9ral de r\u00e9serve Itzhak Brik d\u00e9clare : \u00ab Les r\u00e9alisations tactiques d\u2019Isra\u00ebl sont des capacit\u00e9s sans pr\u00e9c\u00e9dent, mais elles ne changent pas la dangereuse r\u00e9alit\u00e9 qui l\u2019entoure. \u00bb<\/span><\/span><\/span><\/p>\n<p><span style=\"color: #000000;\"><span style=\"font-family: Arial, sans-serif;\"><span style=\"font-size: medium;\">Uri Misgav \u00e9crit dans le journal isra\u00e9lien <\/span><\/span><\/span><span style=\"color: #000000;\"><span style=\"font-family: Arial, sans-serif;\"><span style=\"font-size: medium;\"><i>Haaretz<\/i><\/span><\/span><\/span><span style=\"color: #000000;\"><span style=\"font-family: Arial, sans-serif;\"><span style=\"font-size: medium;\"> que \u00ab c\u2019est une guerre sans fin, sans objectifs, sans plan ni avantage. Le seul objectif, plan et avantage est de continuer la guerre afin de pr\u00e9server le r\u00e8gne de Netanyahou. Nous ne devons pas aller comme un troupeau \u00e0 l\u2019abattoir. \u00bb<\/span><\/span><\/span><\/p>\n<p><span style=\"color: #000000;\"><span style=\"font-family: Arial, sans-serif;\"><span style=\"font-size: medium;\">L\u2019expert militaire et s\u00e9curitaire isra\u00e9lien Yossi Melman dit \u00e0 propos de ce \u00ab sc\u00e9nario effrayant \u00bb :<\/span><\/span><\/span><\/p>\n<p><span style=\"color: #000000;\"><span style=\"font-family: Arial, sans-serif;\"><span style=\"font-size: medium;\">\u00ab\u00a0La guerre contre le Hezbollah n\u2019est pas seulement une frappe, mais nous avons besoin d\u2019une large pr\u00e9sence militaire au Liban. Cela signifie une guerre d\u2019usure comme celle que l\u2019arm\u00e9e a subie dans le sud jusqu\u2019au retrait en 2000. Si nous partons du principe que l\u2019arm\u00e9e et le front int\u00e9rieur r\u00e9sisteront \u00e0 une guerre sur deux fronts, rien ne garantit que la guerre ne se d\u00e9placera pas vers la Cisjordanie en \u00e9bullition. Une guerre sur plusieurs fronts signifie \u00e9galement le lancement de missiles depuis les fronts du Y\u00e9men, du Golan et de l\u2019Irak.\u00a0\u00bb<\/span><\/span><\/span><\/p>\n<p><span style=\"color: #000000;\"><span style=\"font-family: Arial, sans-serif;\"><span style=\"font-size: medium;\">Les r\u00e9centes invasions par Isra\u00ebl de villages palestiniens et de camps de r\u00e9fugi\u00e9s \u00e0 J\u00e9nine, Qabatiya, Tulkarem et Gaza ont \u00e9t\u00e9 marqu\u00e9es par une brutalit\u00e9 choquante, avec des rapports de soldats maltraitant des civils bless\u00e9s, profanant les corps de martyrs et ciblant des travailleurs humanitaires.<\/span><\/span><\/span><\/p>\n<p><span style=\"color: #000000;\"><span style=\"font-family: Arial, sans-serif;\"><span style=\"font-size: medium;\">Ces actes, film\u00e9s par des cam\u00e9ras, r\u00e9v\u00e8lent la m\u00eame mentalit\u00e9 de gang terroriste qui perdure depuis les jours de la fondation d\u2019Isra\u00ebl. De l\u2019ex\u00e9cution de prisonniers bless\u00e9s et du viol de d\u00e9tenus \u00e0 la destruction de routes, de maisons et de magasins sans motif, le comportement des forces isra\u00e9liennes ressemble \u00e0 celui des syndicats du crime plut\u00f4t qu&rsquo;\u00e0 celui d\u2019un \u00c9tat moderne. Le journaliste palestinien Hilmi Musa \u00e9crit depuis les ruines de Gaza apr\u00e8s que la r\u00e9sistance libanaise a ripost\u00e9 en bombardant Ha\u00effa :<\/span><\/span><\/span><\/p>\n<p><span style=\"color: #000000;\"><span style=\"font-family: Arial, sans-serif;\"><span style=\"font-size: medium;\">\u00ab\u00a0Il est clair que la joie de l\u2019ennemi face \u00e0 ce qui a \u00e9t\u00e9 accompli ces derniers jours n\u2019a pas dur\u00e9 longtemps, et il y a un grand espoir qu\u2019il connaisse sa d\u00e9ception bien plus t\u00f4t qu\u2019il ne l\u2019esp\u00e9rait. L\u2019agression sera vaincue et l\u2019occupation prendra fin.\u00a0\u00bb<\/span><\/span><\/span><\/p>\n<p><span style=\"color: #000000;\"><span style=\"font-family: Arial, sans-serif;\"><span style=\"font-size: medium;\">Mais malgr\u00e9 tous les signes avant-coureurs, Isra\u00ebl, comme les bandes terroristes qui l\u2019ont construit, semble incapable de comprendre les le\u00e7ons de l\u2019histoire. Son cycle de violence continue, aveugle aux cons\u00e9quences in\u00e9vitables de ses actes.<\/span><\/span><\/span><\/p>\n<pre><em><span style=\"color: #000000;\"><span style=\"font-family: Arial, sans-serif;\"><span style=\"font-size: medium;\">Article original sur <a href=\"https:\/\/thecradle.co\/articles-id\/26995\">The Cradle<\/a> \/ Traduction MR<\/span><\/span><\/span><\/em><\/pre>\n","protected":false},"excerpt":{"rendered":"<p>Khalil Harb, 24 septembre 2024. Le 31 mai 1948, un homme n\u00e9 en Pologne du nom de David Ben Gourion transformait les groupes terroristes sionistes \u2013 Haganah, Stern, Irgun et <a class=\"more-link\" href=\"https:\/\/ismfrance.org\/index.php\/2024\/09\/26\/un-etat-terroriste-a-travers-le-temps-de-ben-gourion-a-netanyahou\/\">Lire la suite &rarr;<\/a><\/p>\n","protected":false},"author":3,"featured_media":14533,"comment_status":"closed","ping_status":"closed","sticky":false,"template":"","format":"standard","meta":{"footnotes":""},"categories":[12,2],"tags":[58,74,97],"class_list":["post-14532","post","type-post","status-publish","format-standard","has-post-thumbnail","hentry","category-analyses","category-articles","tag-histoire","tag-sionisme","tag-terrorisme-israelien"],"yoast_head":"<!-- This site is optimized with the Yoast SEO plugin v27.2 - https:\/\/yoast.com\/product\/yoast-seo-wordpress\/ -->\n<title>Un \u00c9tat terroriste \u00e0 travers le temps : de Ben Gourion \u00e0 Netanyahou - International Solidarity Movement - ISM-France<\/title>\n<meta name=\"robots\" content=\"index, follow, max-snippet:-1, max-image-preview:large, max-video-preview:-1\" \/>\n<link rel=\"canonical\" href=\"https:\/\/ismfrance.org\/index.php\/2024\/09\/26\/un-etat-terroriste-a-travers-le-temps-de-ben-gourion-a-netanyahou\/\" \/>\n<meta property=\"og:locale\" content=\"fr_FR\" \/>\n<meta property=\"og:type\" content=\"article\" \/>\n<meta property=\"og:title\" content=\"Un \u00c9tat terroriste \u00e0 travers le temps : de Ben Gourion \u00e0 Netanyahou - International Solidarity Movement - ISM-France\" \/>\n<meta property=\"og:description\" content=\"Khalil Harb, 24 septembre 2024. Le 31 mai 1948, un homme n\u00e9 en Pologne du nom de David Ben Gourion transformait les groupes terroristes sionistes \u2013 Haganah, Stern, Irgun et Lire la suite &rarr;\" \/>\n<meta property=\"og:url\" content=\"https:\/\/ismfrance.org\/index.php\/2024\/09\/26\/un-etat-terroriste-a-travers-le-temps-de-ben-gourion-a-netanyahou\/\" \/>\n<meta property=\"og:site_name\" content=\"International Solidarity Movement - ISM-France\" \/>\n<meta property=\"article:published_time\" content=\"2024-09-26T15:27:45+00:00\" \/>\n<meta property=\"article:modified_time\" content=\"2024-09-26T15:31:15+00:00\" \/>\n<meta property=\"og:image\" content=\"https:\/\/ismfrance.org\/wp-content\/uploads\/2024\/09\/gang-state.jpeg\" \/>\n\t<meta property=\"og:image:width\" content=\"2088\" \/>\n\t<meta property=\"og:image:height\" content=\"988\" \/>\n\t<meta property=\"og:image:type\" content=\"image\/jpeg\" \/>\n<meta name=\"author\" content=\"mru_01\" \/>\n<meta name=\"twitter:card\" content=\"summary_large_image\" \/>\n<meta name=\"twitter:creator\" content=\"@ISMFRANCE\" \/>\n<meta name=\"twitter:site\" content=\"@ISMFRANCE\" \/>\n<meta name=\"twitter:label1\" content=\"\u00c9crit par\" \/>\n\t<meta name=\"twitter:data1\" content=\"mru_01\" \/>\n\t<meta name=\"twitter:label2\" content=\"Dur\u00e9e de lecture estim\u00e9e\" \/>\n\t<meta name=\"twitter:data2\" content=\"10 minutes\" \/>\n<script type=\"application\/ld+json\" class=\"yoast-schema-graph\">{\"@context\":\"https:\/\/schema.org\",\"@graph\":[{\"@type\":\"Article\",\"@id\":\"https:\/\/ismfrance.org\/index.php\/2024\/09\/26\/un-etat-terroriste-a-travers-le-temps-de-ben-gourion-a-netanyahou\/#article\",\"isPartOf\":{\"@id\":\"https:\/\/ismfrance.org\/index.php\/2024\/09\/26\/un-etat-terroriste-a-travers-le-temps-de-ben-gourion-a-netanyahou\/\"},\"author\":{\"name\":\"mru_01\",\"@id\":\"https:\/\/ismfrance.org\/#\/schema\/person\/3c411eb72adfaae19c0dca1f41fae01d\"},\"headline\":\"Un \u00c9tat terroriste \u00e0 travers le temps : de Ben Gourion \u00e0 Netanyahou\",\"datePublished\":\"2024-09-26T15:27:45+00:00\",\"dateModified\":\"2024-09-26T15:31:15+00:00\",\"mainEntityOfPage\":{\"@id\":\"https:\/\/ismfrance.org\/index.php\/2024\/09\/26\/un-etat-terroriste-a-travers-le-temps-de-ben-gourion-a-netanyahou\/\"},\"wordCount\":2111,\"publisher\":{\"@id\":\"https:\/\/ismfrance.org\/#organization\"},\"image\":{\"@id\":\"https:\/\/ismfrance.org\/index.php\/2024\/09\/26\/un-etat-terroriste-a-travers-le-temps-de-ben-gourion-a-netanyahou\/#primaryimage\"},\"thumbnailUrl\":\"https:\/\/ismfrance.org\/wp-content\/uploads\/2024\/09\/gang-state.jpeg\",\"keywords\":[\"Histoire\",\"Sionisme\",\"Terrorisme isra\u00e9lien\"],\"articleSection\":[\"Analyses\",\"Articles\"],\"inLanguage\":\"fr-FR\"},{\"@type\":\"WebPage\",\"@id\":\"https:\/\/ismfrance.org\/index.php\/2024\/09\/26\/un-etat-terroriste-a-travers-le-temps-de-ben-gourion-a-netanyahou\/\",\"url\":\"https:\/\/ismfrance.org\/index.php\/2024\/09\/26\/un-etat-terroriste-a-travers-le-temps-de-ben-gourion-a-netanyahou\/\",\"name\":\"Un \u00c9tat terroriste \u00e0 travers le temps : de Ben Gourion \u00e0 Netanyahou - International Solidarity Movement - ISM-France\",\"isPartOf\":{\"@id\":\"https:\/\/ismfrance.org\/#website\"},\"primaryImageOfPage\":{\"@id\":\"https:\/\/ismfrance.org\/index.php\/2024\/09\/26\/un-etat-terroriste-a-travers-le-temps-de-ben-gourion-a-netanyahou\/#primaryimage\"},\"image\":{\"@id\":\"https:\/\/ismfrance.org\/index.php\/2024\/09\/26\/un-etat-terroriste-a-travers-le-temps-de-ben-gourion-a-netanyahou\/#primaryimage\"},\"thumbnailUrl\":\"https:\/\/ismfrance.org\/wp-content\/uploads\/2024\/09\/gang-state.jpeg\",\"datePublished\":\"2024-09-26T15:27:45+00:00\",\"dateModified\":\"2024-09-26T15:31:15+00:00\",\"breadcrumb\":{\"@id\":\"https:\/\/ismfrance.org\/index.php\/2024\/09\/26\/un-etat-terroriste-a-travers-le-temps-de-ben-gourion-a-netanyahou\/#breadcrumb\"},\"inLanguage\":\"fr-FR\",\"potentialAction\":[{\"@type\":\"ReadAction\",\"target\":[\"https:\/\/ismfrance.org\/index.php\/2024\/09\/26\/un-etat-terroriste-a-travers-le-temps-de-ben-gourion-a-netanyahou\/\"]}]},{\"@type\":\"ImageObject\",\"inLanguage\":\"fr-FR\",\"@id\":\"https:\/\/ismfrance.org\/index.php\/2024\/09\/26\/un-etat-terroriste-a-travers-le-temps-de-ben-gourion-a-netanyahou\/#primaryimage\",\"url\":\"https:\/\/ismfrance.org\/wp-content\/uploads\/2024\/09\/gang-state.jpeg\",\"contentUrl\":\"https:\/\/ismfrance.org\/wp-content\/uploads\/2024\/09\/gang-state.jpeg\",\"width\":2088,\"height\":988},{\"@type\":\"BreadcrumbList\",\"@id\":\"https:\/\/ismfrance.org\/index.php\/2024\/09\/26\/un-etat-terroriste-a-travers-le-temps-de-ben-gourion-a-netanyahou\/#breadcrumb\",\"itemListElement\":[{\"@type\":\"ListItem\",\"position\":1,\"name\":\"Accueil\",\"item\":\"https:\/\/ismfrance.org\/\"},{\"@type\":\"ListItem\",\"position\":2,\"name\":\"Un \u00c9tat terroriste \u00e0 travers le temps : de Ben Gourion \u00e0 Netanyahou\"}]},{\"@type\":\"WebSite\",\"@id\":\"https:\/\/ismfrance.org\/#website\",\"url\":\"https:\/\/ismfrance.org\/\",\"name\":\"ISM Palestine France\",\"description\":\"Soutien aux luttes de lib\u00e9ration du peuple palestinien\",\"publisher\":{\"@id\":\"https:\/\/ismfrance.org\/#organization\"},\"potentialAction\":[{\"@type\":\"SearchAction\",\"target\":{\"@type\":\"EntryPoint\",\"urlTemplate\":\"https:\/\/ismfrance.org\/?s={search_term_string}\"},\"query-input\":{\"@type\":\"PropertyValueSpecification\",\"valueRequired\":true,\"valueName\":\"search_term_string\"}}],\"inLanguage\":\"fr-FR\"},{\"@type\":\"Organization\",\"@id\":\"https:\/\/ismfrance.org\/#organization\",\"name\":\"International Solidarity Movement\",\"url\":\"https:\/\/ismfrance.org\/\",\"logo\":{\"@type\":\"ImageObject\",\"inLanguage\":\"fr-FR\",\"@id\":\"https:\/\/ismfrance.org\/#\/schema\/logo\/image\/\",\"url\":\"https:\/\/ismfrance.org\/wp-content\/uploads\/2020\/12\/00.png\",\"contentUrl\":\"https:\/\/ismfrance.org\/wp-content\/uploads\/2020\/12\/00.png\",\"width\":400,\"height\":400,\"caption\":\"International Solidarity Movement\"},\"image\":{\"@id\":\"https:\/\/ismfrance.org\/#\/schema\/logo\/image\/\"},\"sameAs\":[\"https:\/\/x.com\/ISMFRANCE\"]},{\"@type\":\"Person\",\"@id\":\"https:\/\/ismfrance.org\/#\/schema\/person\/3c411eb72adfaae19c0dca1f41fae01d\",\"name\":\"mru_01\",\"image\":{\"@type\":\"ImageObject\",\"inLanguage\":\"fr-FR\",\"@id\":\"https:\/\/secure.gravatar.com\/avatar\/3a0be343b445d2ccc79e87444a294fad2b232e90d2051d0e3cc219e1ecd6a330?s=96&d=mm&r=g\",\"url\":\"https:\/\/secure.gravatar.com\/avatar\/3a0be343b445d2ccc79e87444a294fad2b232e90d2051d0e3cc219e1ecd6a330?s=96&d=mm&r=g\",\"contentUrl\":\"https:\/\/secure.gravatar.com\/avatar\/3a0be343b445d2ccc79e87444a294fad2b232e90d2051d0e3cc219e1ecd6a330?s=96&d=mm&r=g\",\"caption\":\"mru_01\"},\"url\":\"https:\/\/ismfrance.org\/index.php\/author\/admin02\/\"}]}<\/script>\n<!-- \/ Yoast SEO plugin. -->","yoast_head_json":{"title":"Un \u00c9tat terroriste \u00e0 travers le temps : de Ben Gourion \u00e0 Netanyahou - International Solidarity Movement - ISM-France","robots":{"index":"index","follow":"follow","max-snippet":"max-snippet:-1","max-image-preview":"max-image-preview:large","max-video-preview":"max-video-preview:-1"},"canonical":"https:\/\/ismfrance.org\/index.php\/2024\/09\/26\/un-etat-terroriste-a-travers-le-temps-de-ben-gourion-a-netanyahou\/","og_locale":"fr_FR","og_type":"article","og_title":"Un \u00c9tat terroriste \u00e0 travers le temps : de Ben Gourion \u00e0 Netanyahou - International Solidarity Movement - ISM-France","og_description":"Khalil Harb, 24 septembre 2024. Le 31 mai 1948, un homme n\u00e9 en Pologne du nom de David Ben Gourion transformait les groupes terroristes sionistes \u2013 Haganah, Stern, Irgun et Lire la suite &rarr;","og_url":"https:\/\/ismfrance.org\/index.php\/2024\/09\/26\/un-etat-terroriste-a-travers-le-temps-de-ben-gourion-a-netanyahou\/","og_site_name":"International Solidarity Movement - ISM-France","article_published_time":"2024-09-26T15:27:45+00:00","article_modified_time":"2024-09-26T15:31:15+00:00","og_image":[{"width":2088,"height":988,"url":"https:\/\/ismfrance.org\/wp-content\/uploads\/2024\/09\/gang-state.jpeg","type":"image\/jpeg"}],"author":"mru_01","twitter_card":"summary_large_image","twitter_creator":"@ISMFRANCE","twitter_site":"@ISMFRANCE","twitter_misc":{"\u00c9crit par":"mru_01","Dur\u00e9e de lecture estim\u00e9e":"10 minutes"},"schema":{"@context":"https:\/\/schema.org","@graph":[{"@type":"Article","@id":"https:\/\/ismfrance.org\/index.php\/2024\/09\/26\/un-etat-terroriste-a-travers-le-temps-de-ben-gourion-a-netanyahou\/#article","isPartOf":{"@id":"https:\/\/ismfrance.org\/index.php\/2024\/09\/26\/un-etat-terroriste-a-travers-le-temps-de-ben-gourion-a-netanyahou\/"},"author":{"name":"mru_01","@id":"https:\/\/ismfrance.org\/#\/schema\/person\/3c411eb72adfaae19c0dca1f41fae01d"},"headline":"Un \u00c9tat terroriste \u00e0 travers le temps : de Ben Gourion \u00e0 Netanyahou","datePublished":"2024-09-26T15:27:45+00:00","dateModified":"2024-09-26T15:31:15+00:00","mainEntityOfPage":{"@id":"https:\/\/ismfrance.org\/index.php\/2024\/09\/26\/un-etat-terroriste-a-travers-le-temps-de-ben-gourion-a-netanyahou\/"},"wordCount":2111,"publisher":{"@id":"https:\/\/ismfrance.org\/#organization"},"image":{"@id":"https:\/\/ismfrance.org\/index.php\/2024\/09\/26\/un-etat-terroriste-a-travers-le-temps-de-ben-gourion-a-netanyahou\/#primaryimage"},"thumbnailUrl":"https:\/\/ismfrance.org\/wp-content\/uploads\/2024\/09\/gang-state.jpeg","keywords":["Histoire","Sionisme","Terrorisme isra\u00e9lien"],"articleSection":["Analyses","Articles"],"inLanguage":"fr-FR"},{"@type":"WebPage","@id":"https:\/\/ismfrance.org\/index.php\/2024\/09\/26\/un-etat-terroriste-a-travers-le-temps-de-ben-gourion-a-netanyahou\/","url":"https:\/\/ismfrance.org\/index.php\/2024\/09\/26\/un-etat-terroriste-a-travers-le-temps-de-ben-gourion-a-netanyahou\/","name":"Un \u00c9tat terroriste \u00e0 travers le temps : de Ben Gourion \u00e0 Netanyahou - International Solidarity Movement - ISM-France","isPartOf":{"@id":"https:\/\/ismfrance.org\/#website"},"primaryImageOfPage":{"@id":"https:\/\/ismfrance.org\/index.php\/2024\/09\/26\/un-etat-terroriste-a-travers-le-temps-de-ben-gourion-a-netanyahou\/#primaryimage"},"image":{"@id":"https:\/\/ismfrance.org\/index.php\/2024\/09\/26\/un-etat-terroriste-a-travers-le-temps-de-ben-gourion-a-netanyahou\/#primaryimage"},"thumbnailUrl":"https:\/\/ismfrance.org\/wp-content\/uploads\/2024\/09\/gang-state.jpeg","datePublished":"2024-09-26T15:27:45+00:00","dateModified":"2024-09-26T15:31:15+00:00","breadcrumb":{"@id":"https:\/\/ismfrance.org\/index.php\/2024\/09\/26\/un-etat-terroriste-a-travers-le-temps-de-ben-gourion-a-netanyahou\/#breadcrumb"},"inLanguage":"fr-FR","potentialAction":[{"@type":"ReadAction","target":["https:\/\/ismfrance.org\/index.php\/2024\/09\/26\/un-etat-terroriste-a-travers-le-temps-de-ben-gourion-a-netanyahou\/"]}]},{"@type":"ImageObject","inLanguage":"fr-FR","@id":"https:\/\/ismfrance.org\/index.php\/2024\/09\/26\/un-etat-terroriste-a-travers-le-temps-de-ben-gourion-a-netanyahou\/#primaryimage","url":"https:\/\/ismfrance.org\/wp-content\/uploads\/2024\/09\/gang-state.jpeg","contentUrl":"https:\/\/ismfrance.org\/wp-content\/uploads\/2024\/09\/gang-state.jpeg","width":2088,"height":988},{"@type":"BreadcrumbList","@id":"https:\/\/ismfrance.org\/index.php\/2024\/09\/26\/un-etat-terroriste-a-travers-le-temps-de-ben-gourion-a-netanyahou\/#breadcrumb","itemListElement":[{"@type":"ListItem","position":1,"name":"Accueil","item":"https:\/\/ismfrance.org\/"},{"@type":"ListItem","position":2,"name":"Un \u00c9tat terroriste \u00e0 travers le temps : de Ben Gourion \u00e0 Netanyahou"}]},{"@type":"WebSite","@id":"https:\/\/ismfrance.org\/#website","url":"https:\/\/ismfrance.org\/","name":"ISM Palestine France","description":"Soutien aux luttes de lib\u00e9ration du peuple palestinien","publisher":{"@id":"https:\/\/ismfrance.org\/#organization"},"potentialAction":[{"@type":"SearchAction","target":{"@type":"EntryPoint","urlTemplate":"https:\/\/ismfrance.org\/?s={search_term_string}"},"query-input":{"@type":"PropertyValueSpecification","valueRequired":true,"valueName":"search_term_string"}}],"inLanguage":"fr-FR"},{"@type":"Organization","@id":"https:\/\/ismfrance.org\/#organization","name":"International Solidarity Movement","url":"https:\/\/ismfrance.org\/","logo":{"@type":"ImageObject","inLanguage":"fr-FR","@id":"https:\/\/ismfrance.org\/#\/schema\/logo\/image\/","url":"https:\/\/ismfrance.org\/wp-content\/uploads\/2020\/12\/00.png","contentUrl":"https:\/\/ismfrance.org\/wp-content\/uploads\/2020\/12\/00.png","width":400,"height":400,"caption":"International Solidarity Movement"},"image":{"@id":"https:\/\/ismfrance.org\/#\/schema\/logo\/image\/"},"sameAs":["https:\/\/x.com\/ISMFRANCE"]},{"@type":"Person","@id":"https:\/\/ismfrance.org\/#\/schema\/person\/3c411eb72adfaae19c0dca1f41fae01d","name":"mru_01","image":{"@type":"ImageObject","inLanguage":"fr-FR","@id":"https:\/\/secure.gravatar.com\/avatar\/3a0be343b445d2ccc79e87444a294fad2b232e90d2051d0e3cc219e1ecd6a330?s=96&d=mm&r=g","url":"https:\/\/secure.gravatar.com\/avatar\/3a0be343b445d2ccc79e87444a294fad2b232e90d2051d0e3cc219e1ecd6a330?s=96&d=mm&r=g","contentUrl":"https:\/\/secure.gravatar.com\/avatar\/3a0be343b445d2ccc79e87444a294fad2b232e90d2051d0e3cc219e1ecd6a330?s=96&d=mm&r=g","caption":"mru_01"},"url":"https:\/\/ismfrance.org\/index.php\/author\/admin02\/"}]}},"_links":{"self":[{"href":"https:\/\/ismfrance.org\/index.php\/wp-json\/wp\/v2\/posts\/14532","targetHints":{"allow":["GET"]}}],"collection":[{"href":"https:\/\/ismfrance.org\/index.php\/wp-json\/wp\/v2\/posts"}],"about":[{"href":"https:\/\/ismfrance.org\/index.php\/wp-json\/wp\/v2\/types\/post"}],"author":[{"embeddable":true,"href":"https:\/\/ismfrance.org\/index.php\/wp-json\/wp\/v2\/users\/3"}],"replies":[{"embeddable":true,"href":"https:\/\/ismfrance.org\/index.php\/wp-json\/wp\/v2\/comments?post=14532"}],"version-history":[{"count":0,"href":"https:\/\/ismfrance.org\/index.php\/wp-json\/wp\/v2\/posts\/14532\/revisions"}],"wp:featuredmedia":[{"embeddable":true,"href":"https:\/\/ismfrance.org\/index.php\/wp-json\/wp\/v2\/media\/14533"}],"wp:attachment":[{"href":"https:\/\/ismfrance.org\/index.php\/wp-json\/wp\/v2\/media?parent=14532"}],"wp:term":[{"taxonomy":"category","embeddable":true,"href":"https:\/\/ismfrance.org\/index.php\/wp-json\/wp\/v2\/categories?post=14532"},{"taxonomy":"post_tag","embeddable":true,"href":"https:\/\/ismfrance.org\/index.php\/wp-json\/wp\/v2\/tags?post=14532"}],"curies":[{"name":"wp","href":"https:\/\/api.w.org\/{rel}","templated":true}]}}