{"id":14319,"date":"2024-09-15T10:01:10","date_gmt":"2024-09-15T08:01:10","guid":{"rendered":"https:\/\/ismfrance.org\/?p=14319"},"modified":"2024-09-15T10:02:09","modified_gmt":"2024-09-15T08:02:09","slug":"la-politique-deliberee-de-deplacement-force-des-palestiniens-des-camps","status":"publish","type":"post","link":"https:\/\/ismfrance.org\/index.php\/2024\/09\/15\/la-politique-deliberee-de-deplacement-force-des-palestiniens-des-camps\/","title":{"rendered":"La politique d\u00e9lib\u00e9r\u00e9e de d\u00e9placement forc\u00e9 des Palestiniens des camps en Cisjordanie occup\u00e9e"},"content":{"rendered":"<p><span style=\"color: #000000;\"><span style=\"font-family: Arial, sans-serif;\"><span style=\"font-size: medium;\"><strong>Diana Khwael, 13 septembre 2024<\/strong>. Depuis le d\u00e9but de l\u2019op\u00e9ration militaire du 28 ao\u00fbt, que l\u2019occupation isra\u00e9lienne a appel\u00e9e \u00ab Op\u00e9ration Camps d\u2019\u00e9t\u00e9 \u00bb, ciblant trois villes du nord de la Cisjordanie \u2013 Tulkarem, J\u00e9nine et Tubas \u2013 les forces d\u2019occupation isra\u00e9liennes se sont retir\u00e9es une semaine apr\u00e8s l\u2019op\u00e9ration dans le camp de Tulkarem et 10 jours apr\u00e8s l\u2019invasion \u00e0 J\u00e9nine, plus pr\u00e9cis\u00e9ment dans le camp de r\u00e9fugi\u00e9s.<\/span><\/span><\/span><\/p>\n<p><a href=\"https:\/\/ismfrance.org\/wp-content\/uploads\/2024\/09\/tulk1.png\"><img loading=\"lazy\" decoding=\"async\" class=\"size-large wp-image-14321 aligncenter\" src=\"https:\/\/ismfrance.org\/wp-content\/uploads\/2024\/09\/tulk1-700x466.png\" alt=\"\" width=\"600\" height=\"399\" srcset=\"https:\/\/ismfrance.org\/wp-content\/uploads\/2024\/09\/tulk1-700x466.png 700w, https:\/\/ismfrance.org\/wp-content\/uploads\/2024\/09\/tulk1-300x200.png 300w, https:\/\/ismfrance.org\/wp-content\/uploads\/2024\/09\/tulk1.png 744w\" sizes=\"auto, (max-width: 600px) 100vw, 600px\" \/><\/a><span style=\"color: #000000;\"><span style=\"font-family: Arial, sans-serif;\"><span style=\"font-size: medium;\">Dans la ville de Tulkarem, en particulier dans le camp de r\u00e9fugi\u00e9s de Tulkarem, un important bataillon des forces d\u2019occupation isra\u00e9liennes a particip\u00e9, avec notamment des bulldozers et des jeeps militaires, dans le but de d\u00e9truire les infrastructures du camp. Ce n\u2019est pas la premi\u00e8re fois que l\u2019occupation isra\u00e9lienne cible les infrastructures du camp.<\/span><\/span><\/span><\/p>\n<p><strong><span style=\"font-size: large;\"><span style=\"color: #000000;\"><span style=\"font-family: Arial, sans-serif;\">Les Palestiniens craignent que l\u2019histoire ne se r\u00e9p\u00e8te<\/span><\/span><\/span><\/strong><\/p>\n<p><span style=\"color: #000000;\"><span style=\"font-family: Arial, sans-serif;\"><span style=\"font-size: medium;\">Apr\u00e8s le retrait des forces d\u2019occupation isra\u00e9liennes des camps palestiniens, les citoyens palestiniens ont d\u00e9couvert une d\u00e9vastation sans pr\u00e9c\u00e9dent, jamais vue depuis 2002. Un habitant du camp de Tulkarem a not\u00e9 qu\u2019il n\u2019y avait pas eu une telle destruction depuis 1967. L&rsquo;arm\u00e9e d&rsquo;occupation a d\u00e9truit ou incendi\u00e9 des centaines de maisons, d\u00e9moli des centaines de magasins avec ses bulldozers, ainsi que des rues et des infrastructures vitales. L\u2019\u00e9lectricit\u00e9, Internet et les conduites d\u2019eau ont \u00e9t\u00e9 coup\u00e9es d\u00e8s le premier jour de l\u2019invasion des camps du nord de la Cisjordanie.<\/span><\/span><\/span><\/p>\n<p><span style=\"color: #000000;\"><span style=\"font-family: Arial, sans-serif;\"><span style=\"font-size: medium;\">Des dizaines de maisons palestiniennes manquaient de produits de base, notamment de pain, de lait pour les enfants et d\u2019eau.<\/span><\/span><\/span><\/p>\n<p><a href=\"https:\/\/ismfrance.org\/wp-content\/uploads\/2024\/09\/tulk2.png\"><img loading=\"lazy\" decoding=\"async\" class=\"size-large wp-image-14322 aligncenter\" src=\"https:\/\/ismfrance.org\/wp-content\/uploads\/2024\/09\/tulk2-700x471.png\" alt=\"\" width=\"600\" height=\"404\" srcset=\"https:\/\/ismfrance.org\/wp-content\/uploads\/2024\/09\/tulk2-700x471.png 700w, https:\/\/ismfrance.org\/wp-content\/uploads\/2024\/09\/tulk2-300x202.png 300w, https:\/\/ismfrance.org\/wp-content\/uploads\/2024\/09\/tulk2-768x516.png 768w, https:\/\/ismfrance.org\/wp-content\/uploads\/2024\/09\/tulk2.png 812w\" sizes=\"auto, (max-width: 600px) 100vw, 600px\" \/><\/a><\/p>\n<p><strong><span style=\"font-size: large;\"><span style=\"color: #000000;\"><span style=\"font-family: Arial, sans-serif;\">Poursuite des op\u00e9rations militaires dans les camps<\/span><\/span><\/span><\/strong><\/p>\n<p><span style=\"color: #000000;\"><span style=\"font-family: Arial, sans-serif;\"><span style=\"font-size: medium;\">Mardi 10, les forces d\u2019occupation isra\u00e9liennes ont pris d\u2019assaut la ville de Tulkarem apr\u00e8s que les forces sp\u00e9ciales ont attaqu\u00e9 le complexe commercial de Dabbas vers 14 heures. Un \u00e9tat de panique s\u2019est empar\u00e9 des habitants, en particulier dans les camps, alors que les renforts militaires entraient dans la ville et que les magasins \u00e9taient ferm\u00e9s. Tulkarem s\u2019est \u00e0 nouveau transform\u00e9e en ville fant\u00f4me.<\/span><\/span><\/span><\/p>\n<p><span style=\"color: #000000;\"><span style=\"font-family: Arial, sans-serif;\"><span style=\"font-size: medium;\">Les habitants des camps de Tulkarem et de Nur Shams ne se sont pas encore remis de la r\u00e9cente incursion. L\u2019occupation n\u2019a mis que trois jours pour prendre d\u2019assaut la ville et ses camps, en plein jour. La vie \u00e0 Tulkarem, en particulier dans les camps, est devenue dangereuse et instable, car des dizaines de familles palestiniennes ont commenc\u00e9 \u00e0 fuir, craignant une nouvelle invasion.<\/span><\/span><\/span><\/p>\n<p><a href=\"https:\/\/ismfrance.org\/wp-content\/uploads\/2024\/09\/tulk4.jpeg\"><img loading=\"lazy\" decoding=\"async\" class=\"size-large wp-image-14326 aligncenter\" src=\"https:\/\/ismfrance.org\/wp-content\/uploads\/2024\/09\/tulk4-700x466.jpeg\" alt=\"\" width=\"600\" height=\"399\" srcset=\"https:\/\/ismfrance.org\/wp-content\/uploads\/2024\/09\/tulk4-700x466.jpeg 700w, https:\/\/ismfrance.org\/wp-content\/uploads\/2024\/09\/tulk4-300x200.jpeg 300w, https:\/\/ismfrance.org\/wp-content\/uploads\/2024\/09\/tulk4-768x512.jpeg 768w, https:\/\/ismfrance.org\/wp-content\/uploads\/2024\/09\/tulk4.jpeg 770w\" sizes=\"auto, (max-width: 600px) 100vw, 600px\" \/><\/a><span style=\"color: #000000;\"><span style=\"font-family: Arial, sans-serif;\"><span style=\"font-size: medium;\">Les Palestiniens touch\u00e9s dans les camps de Tulkarem et de Nur Shams ont d\u00e9crit leurs quartiers comme compl\u00e8tement d\u00e9truits, comme \u00e0 Gaza. De nombreuses maisons ont \u00e9t\u00e9 d\u00e9truites au-del\u00e0 de toute possibilit\u00e9 de r\u00e9paration ou, pour certaines, il faudra beaucoup de temps pour les reconstruire.<\/span><\/span><\/span><\/p>\n<p><span style=\"color: #000000;\"><span style=\"font-family: Arial, sans-serif;\"><span style=\"font-size: medium;\">D\u2019autres ont d\u00e9clar\u00e9 : \u00ab Nous ne nous sentons plus en s\u00e9curit\u00e9 ; nous avons peur pour nos enfants. \u00bb Cela montre les tactiques qu\u2019Isra\u00ebl utilise pour d\u00e9placer les Palestiniens des camps du nord de la Cisjordanie, en particulier ceux de Tulkarem.<\/span><\/span><\/span><\/p>\n<p><a href=\"https:\/\/ismfrance.org\/wp-content\/uploads\/2024\/09\/tulk3.png\"><img loading=\"lazy\" decoding=\"async\" class=\"size-large wp-image-14324 aligncenter\" src=\"https:\/\/ismfrance.org\/wp-content\/uploads\/2024\/09\/tulk3-700x466.png\" alt=\"\" width=\"600\" height=\"399\" srcset=\"https:\/\/ismfrance.org\/wp-content\/uploads\/2024\/09\/tulk3-700x466.png 700w, https:\/\/ismfrance.org\/wp-content\/uploads\/2024\/09\/tulk3-300x200.png 300w, https:\/\/ismfrance.org\/wp-content\/uploads\/2024\/09\/tulk3.png 746w\" sizes=\"auto, (max-width: 600px) 100vw, 600px\" \/><\/a><\/p>\n<p><span style=\"color: #000000;\"><span style=\"font-family: Arial, sans-serif;\"><span style=\"font-size: medium;\">Le soir du jeudi 12, les forces d\u2019occupation isra\u00e9liennes ont bombard\u00e9 une voiture, assassinant trois combattants de la r\u00e9sistance palestinienne \u00e0 l\u2019int\u00e9rieur. Les combattants du camp de r\u00e9fugi\u00e9s de Nur Shams, ont \u00e9t\u00e9 retrouv\u00e9s carbonis\u00e9s au point d\u2019\u00eatre m\u00e9connaissables. Le bilan des morts \u00e0 Tulkarem au cours de la r\u00e9cente op\u00e9ration militaire, qui a dur\u00e9 plus de 72 heures, s&rsquo;\u00e9l\u00e8ve \u00e0 cinq martyrs. Trois d&rsquo;entre eux sont originaires du camp de Nur Shams, dont un jeune homme d&rsquo;une vingtaine d&rsquo;ann\u00e9es et une jeune fille de vingt ans qui ont \u00e9t\u00e9 pris pour cible par un sniper isra\u00e9lien alors qu&rsquo;ils se trouvaient chez eux dans le camp de Tulkarem.<\/span><\/span><\/span><\/p>\n<p><span style=\"color: #000000;\"><span style=\"font-family: Arial, sans-serif;\"><span style=\"font-size: medium;\">Selon l&rsquo;Organisation palestinienne de la sant\u00e9, le nombre total de martyrs en Cisjordanie depuis le 7 octobre a atteint 702, avec 5.700 bless\u00e9s. Selon la Commission des affaires des prisonniers et des lib\u00e9rateurs, plus de 10.400 Palestiniens sont actuellement d\u00e9tenus dans les prisons isra\u00e9liennes.<\/span><\/span><\/span><\/p>\n<pre><em><span style=\"color: #000000;\"><span style=\"font-family: Arial, sans-serif;\"><span style=\"font-size: medium;\">Article original en anglais sur<a href=\"https:\/\/palsolidarity.org\/2024\/09\/the-deliberate-policy-of-forcibly-displacing-palestinians-from-the-camps\/\"> Palsolidarity.org<\/a> \/ Traduction MR<\/span><\/span><\/span><\/em><\/pre>\n<p>&nbsp;<\/p>\n","protected":false},"excerpt":{"rendered":"<p>Diana Khwael, 13 septembre 2024. Depuis le d\u00e9but de l\u2019op\u00e9ration militaire du 28 ao\u00fbt, que l\u2019occupation isra\u00e9lienne a appel\u00e9e \u00ab Op\u00e9ration Camps d\u2019\u00e9t\u00e9 \u00bb, ciblant trois villes du nord de <a class=\"more-link\" href=\"https:\/\/ismfrance.org\/index.php\/2024\/09\/15\/la-politique-deliberee-de-deplacement-force-des-palestiniens-des-camps\/\">Lire la suite &rarr;<\/a><\/p>\n","protected":false},"author":3,"featured_media":14321,"comment_status":"closed","ping_status":"closed","sticky":false,"template":"","format":"standard","meta":{"footnotes":""},"categories":[2,13],"tags":[45],"class_list":["post-14319","post","type-post","status-publish","format-standard","has-post-thumbnail","hentry","category-articles","category-temoignages","tag-nettoyage-ethnique"],"yoast_head":"<!-- This site is optimized with the Yoast SEO plugin v27.5 - https:\/\/yoast.com\/product\/yoast-seo-wordpress\/ -->\n<title>La politique d\u00e9lib\u00e9r\u00e9e de d\u00e9placement forc\u00e9 des Palestiniens des camps en Cisjordanie occup\u00e9e - International Solidarity Movement - ISM-France<\/title>\n<meta name=\"robots\" content=\"index, follow, max-snippet:-1, max-image-preview:large, max-video-preview:-1\" \/>\n<link rel=\"canonical\" href=\"https:\/\/ismfrance.org\/index.php\/2024\/09\/15\/la-politique-deliberee-de-deplacement-force-des-palestiniens-des-camps\/\" \/>\n<meta property=\"og:locale\" content=\"fr_FR\" \/>\n<meta property=\"og:type\" content=\"article\" \/>\n<meta property=\"og:title\" content=\"La politique d\u00e9lib\u00e9r\u00e9e de d\u00e9placement forc\u00e9 des Palestiniens des camps en Cisjordanie occup\u00e9e - International Solidarity Movement - ISM-France\" \/>\n<meta property=\"og:description\" content=\"Diana Khwael, 13 septembre 2024. Depuis le d\u00e9but de l\u2019op\u00e9ration militaire du 28 ao\u00fbt, que l\u2019occupation isra\u00e9lienne a appel\u00e9e \u00ab Op\u00e9ration Camps d\u2019\u00e9t\u00e9 \u00bb, ciblant trois villes du nord de Lire la suite &rarr;\" \/>\n<meta property=\"og:url\" content=\"https:\/\/ismfrance.org\/index.php\/2024\/09\/15\/la-politique-deliberee-de-deplacement-force-des-palestiniens-des-camps\/\" \/>\n<meta property=\"og:site_name\" content=\"International Solidarity Movement - ISM-France\" \/>\n<meta property=\"article:published_time\" content=\"2024-09-15T08:01:10+00:00\" \/>\n<meta property=\"article:modified_time\" content=\"2024-09-15T08:02:09+00:00\" \/>\n<meta property=\"og:image\" content=\"https:\/\/ismfrance.org\/wp-content\/uploads\/2024\/09\/tulk1.png\" \/>\n\t<meta property=\"og:image:width\" content=\"744\" \/>\n\t<meta property=\"og:image:height\" content=\"495\" \/>\n\t<meta property=\"og:image:type\" content=\"image\/png\" \/>\n<meta name=\"author\" content=\"mru_01\" \/>\n<meta name=\"twitter:card\" content=\"summary_large_image\" \/>\n<meta name=\"twitter:creator\" content=\"@ISMFRANCE\" \/>\n<meta name=\"twitter:site\" content=\"@ISMFRANCE\" \/>\n<meta name=\"twitter:label1\" content=\"\u00c9crit par\" \/>\n\t<meta name=\"twitter:data1\" content=\"mru_01\" \/>\n\t<meta name=\"twitter:label2\" content=\"Dur\u00e9e de lecture estim\u00e9e\" \/>\n\t<meta name=\"twitter:data2\" content=\"5 minutes\" \/>\n<script type=\"application\/ld+json\" class=\"yoast-schema-graph\">{\"@context\":\"https:\\\/\\\/schema.org\",\"@graph\":[{\"@type\":\"Article\",\"@id\":\"https:\\\/\\\/ismfrance.org\\\/index.php\\\/2024\\\/09\\\/15\\\/la-politique-deliberee-de-deplacement-force-des-palestiniens-des-camps\\\/#article\",\"isPartOf\":{\"@id\":\"https:\\\/\\\/ismfrance.org\\\/index.php\\\/2024\\\/09\\\/15\\\/la-politique-deliberee-de-deplacement-force-des-palestiniens-des-camps\\\/\"},\"author\":{\"name\":\"mru_01\",\"@id\":\"https:\\\/\\\/ismfrance.org\\\/#\\\/schema\\\/person\\\/3c411eb72adfaae19c0dca1f41fae01d\"},\"headline\":\"La politique d\u00e9lib\u00e9r\u00e9e de d\u00e9placement forc\u00e9 des Palestiniens des camps en Cisjordanie occup\u00e9e\",\"datePublished\":\"2024-09-15T08:01:10+00:00\",\"dateModified\":\"2024-09-15T08:02:09+00:00\",\"mainEntityOfPage\":{\"@id\":\"https:\\\/\\\/ismfrance.org\\\/index.php\\\/2024\\\/09\\\/15\\\/la-politique-deliberee-de-deplacement-force-des-palestiniens-des-camps\\\/\"},\"wordCount\":711,\"publisher\":{\"@id\":\"https:\\\/\\\/ismfrance.org\\\/#organization\"},\"image\":{\"@id\":\"https:\\\/\\\/ismfrance.org\\\/index.php\\\/2024\\\/09\\\/15\\\/la-politique-deliberee-de-deplacement-force-des-palestiniens-des-camps\\\/#primaryimage\"},\"thumbnailUrl\":\"https:\\\/\\\/ismfrance.org\\\/wp-content\\\/uploads\\\/2024\\\/09\\\/tulk1.png\",\"keywords\":[\"nettoyage ethnique\"],\"articleSection\":[\"Articles\",\"T\u00e9moignages\"],\"inLanguage\":\"fr-FR\"},{\"@type\":\"WebPage\",\"@id\":\"https:\\\/\\\/ismfrance.org\\\/index.php\\\/2024\\\/09\\\/15\\\/la-politique-deliberee-de-deplacement-force-des-palestiniens-des-camps\\\/\",\"url\":\"https:\\\/\\\/ismfrance.org\\\/index.php\\\/2024\\\/09\\\/15\\\/la-politique-deliberee-de-deplacement-force-des-palestiniens-des-camps\\\/\",\"name\":\"La politique d\u00e9lib\u00e9r\u00e9e de d\u00e9placement forc\u00e9 des Palestiniens des camps en Cisjordanie occup\u00e9e - International Solidarity Movement - ISM-France\",\"isPartOf\":{\"@id\":\"https:\\\/\\\/ismfrance.org\\\/#website\"},\"primaryImageOfPage\":{\"@id\":\"https:\\\/\\\/ismfrance.org\\\/index.php\\\/2024\\\/09\\\/15\\\/la-politique-deliberee-de-deplacement-force-des-palestiniens-des-camps\\\/#primaryimage\"},\"image\":{\"@id\":\"https:\\\/\\\/ismfrance.org\\\/index.php\\\/2024\\\/09\\\/15\\\/la-politique-deliberee-de-deplacement-force-des-palestiniens-des-camps\\\/#primaryimage\"},\"thumbnailUrl\":\"https:\\\/\\\/ismfrance.org\\\/wp-content\\\/uploads\\\/2024\\\/09\\\/tulk1.png\",\"datePublished\":\"2024-09-15T08:01:10+00:00\",\"dateModified\":\"2024-09-15T08:02:09+00:00\",\"breadcrumb\":{\"@id\":\"https:\\\/\\\/ismfrance.org\\\/index.php\\\/2024\\\/09\\\/15\\\/la-politique-deliberee-de-deplacement-force-des-palestiniens-des-camps\\\/#breadcrumb\"},\"inLanguage\":\"fr-FR\",\"potentialAction\":[{\"@type\":\"ReadAction\",\"target\":[\"https:\\\/\\\/ismfrance.org\\\/index.php\\\/2024\\\/09\\\/15\\\/la-politique-deliberee-de-deplacement-force-des-palestiniens-des-camps\\\/\"]}]},{\"@type\":\"ImageObject\",\"inLanguage\":\"fr-FR\",\"@id\":\"https:\\\/\\\/ismfrance.org\\\/index.php\\\/2024\\\/09\\\/15\\\/la-politique-deliberee-de-deplacement-force-des-palestiniens-des-camps\\\/#primaryimage\",\"url\":\"https:\\\/\\\/ismfrance.org\\\/wp-content\\\/uploads\\\/2024\\\/09\\\/tulk1.png\",\"contentUrl\":\"https:\\\/\\\/ismfrance.org\\\/wp-content\\\/uploads\\\/2024\\\/09\\\/tulk1.png\",\"width\":744,\"height\":495},{\"@type\":\"BreadcrumbList\",\"@id\":\"https:\\\/\\\/ismfrance.org\\\/index.php\\\/2024\\\/09\\\/15\\\/la-politique-deliberee-de-deplacement-force-des-palestiniens-des-camps\\\/#breadcrumb\",\"itemListElement\":[{\"@type\":\"ListItem\",\"position\":1,\"name\":\"Accueil\",\"item\":\"https:\\\/\\\/ismfrance.org\\\/\"},{\"@type\":\"ListItem\",\"position\":2,\"name\":\"La politique d\u00e9lib\u00e9r\u00e9e de d\u00e9placement forc\u00e9 des Palestiniens des camps en Cisjordanie occup\u00e9e\"}]},{\"@type\":\"WebSite\",\"@id\":\"https:\\\/\\\/ismfrance.org\\\/#website\",\"url\":\"https:\\\/\\\/ismfrance.org\\\/\",\"name\":\"ISM Palestine France\",\"description\":\"Soutien aux luttes de lib\u00e9ration du peuple palestinien\",\"publisher\":{\"@id\":\"https:\\\/\\\/ismfrance.org\\\/#organization\"},\"potentialAction\":[{\"@type\":\"SearchAction\",\"target\":{\"@type\":\"EntryPoint\",\"urlTemplate\":\"https:\\\/\\\/ismfrance.org\\\/?s={search_term_string}\"},\"query-input\":{\"@type\":\"PropertyValueSpecification\",\"valueRequired\":true,\"valueName\":\"search_term_string\"}}],\"inLanguage\":\"fr-FR\"},{\"@type\":\"Organization\",\"@id\":\"https:\\\/\\\/ismfrance.org\\\/#organization\",\"name\":\"International Solidarity Movement\",\"url\":\"https:\\\/\\\/ismfrance.org\\\/\",\"logo\":{\"@type\":\"ImageObject\",\"inLanguage\":\"fr-FR\",\"@id\":\"https:\\\/\\\/ismfrance.org\\\/#\\\/schema\\\/logo\\\/image\\\/\",\"url\":\"https:\\\/\\\/ismfrance.org\\\/wp-content\\\/uploads\\\/2020\\\/12\\\/00.png\",\"contentUrl\":\"https:\\\/\\\/ismfrance.org\\\/wp-content\\\/uploads\\\/2020\\\/12\\\/00.png\",\"width\":400,\"height\":400,\"caption\":\"International Solidarity Movement\"},\"image\":{\"@id\":\"https:\\\/\\\/ismfrance.org\\\/#\\\/schema\\\/logo\\\/image\\\/\"},\"sameAs\":[\"https:\\\/\\\/x.com\\\/ISMFRANCE\"]},{\"@type\":\"Person\",\"@id\":\"https:\\\/\\\/ismfrance.org\\\/#\\\/schema\\\/person\\\/3c411eb72adfaae19c0dca1f41fae01d\",\"name\":\"mru_01\",\"image\":{\"@type\":\"ImageObject\",\"inLanguage\":\"fr-FR\",\"@id\":\"https:\\\/\\\/secure.gravatar.com\\\/avatar\\\/3a0be343b445d2ccc79e87444a294fad2b232e90d2051d0e3cc219e1ecd6a330?s=96&d=mm&r=g\",\"url\":\"https:\\\/\\\/secure.gravatar.com\\\/avatar\\\/3a0be343b445d2ccc79e87444a294fad2b232e90d2051d0e3cc219e1ecd6a330?s=96&d=mm&r=g\",\"contentUrl\":\"https:\\\/\\\/secure.gravatar.com\\\/avatar\\\/3a0be343b445d2ccc79e87444a294fad2b232e90d2051d0e3cc219e1ecd6a330?s=96&d=mm&r=g\",\"caption\":\"mru_01\"},\"url\":\"https:\\\/\\\/ismfrance.org\\\/index.php\\\/author\\\/admin02\\\/\"}]}<\/script>\n<!-- \/ Yoast SEO plugin. -->","yoast_head_json":{"title":"La politique d\u00e9lib\u00e9r\u00e9e de d\u00e9placement forc\u00e9 des Palestiniens des camps en Cisjordanie occup\u00e9e - International Solidarity Movement - ISM-France","robots":{"index":"index","follow":"follow","max-snippet":"max-snippet:-1","max-image-preview":"max-image-preview:large","max-video-preview":"max-video-preview:-1"},"canonical":"https:\/\/ismfrance.org\/index.php\/2024\/09\/15\/la-politique-deliberee-de-deplacement-force-des-palestiniens-des-camps\/","og_locale":"fr_FR","og_type":"article","og_title":"La politique d\u00e9lib\u00e9r\u00e9e de d\u00e9placement forc\u00e9 des Palestiniens des camps en Cisjordanie occup\u00e9e - International Solidarity Movement - ISM-France","og_description":"Diana Khwael, 13 septembre 2024. Depuis le d\u00e9but de l\u2019op\u00e9ration militaire du 28 ao\u00fbt, que l\u2019occupation isra\u00e9lienne a appel\u00e9e \u00ab Op\u00e9ration Camps d\u2019\u00e9t\u00e9 \u00bb, ciblant trois villes du nord de Lire la suite &rarr;","og_url":"https:\/\/ismfrance.org\/index.php\/2024\/09\/15\/la-politique-deliberee-de-deplacement-force-des-palestiniens-des-camps\/","og_site_name":"International Solidarity Movement - ISM-France","article_published_time":"2024-09-15T08:01:10+00:00","article_modified_time":"2024-09-15T08:02:09+00:00","og_image":[{"width":744,"height":495,"url":"https:\/\/ismfrance.org\/wp-content\/uploads\/2024\/09\/tulk1.png","type":"image\/png"}],"author":"mru_01","twitter_card":"summary_large_image","twitter_creator":"@ISMFRANCE","twitter_site":"@ISMFRANCE","twitter_misc":{"\u00c9crit par":"mru_01","Dur\u00e9e de lecture estim\u00e9e":"5 minutes"},"schema":{"@context":"https:\/\/schema.org","@graph":[{"@type":"Article","@id":"https:\/\/ismfrance.org\/index.php\/2024\/09\/15\/la-politique-deliberee-de-deplacement-force-des-palestiniens-des-camps\/#article","isPartOf":{"@id":"https:\/\/ismfrance.org\/index.php\/2024\/09\/15\/la-politique-deliberee-de-deplacement-force-des-palestiniens-des-camps\/"},"author":{"name":"mru_01","@id":"https:\/\/ismfrance.org\/#\/schema\/person\/3c411eb72adfaae19c0dca1f41fae01d"},"headline":"La politique d\u00e9lib\u00e9r\u00e9e de d\u00e9placement forc\u00e9 des Palestiniens des camps en Cisjordanie occup\u00e9e","datePublished":"2024-09-15T08:01:10+00:00","dateModified":"2024-09-15T08:02:09+00:00","mainEntityOfPage":{"@id":"https:\/\/ismfrance.org\/index.php\/2024\/09\/15\/la-politique-deliberee-de-deplacement-force-des-palestiniens-des-camps\/"},"wordCount":711,"publisher":{"@id":"https:\/\/ismfrance.org\/#organization"},"image":{"@id":"https:\/\/ismfrance.org\/index.php\/2024\/09\/15\/la-politique-deliberee-de-deplacement-force-des-palestiniens-des-camps\/#primaryimage"},"thumbnailUrl":"https:\/\/ismfrance.org\/wp-content\/uploads\/2024\/09\/tulk1.png","keywords":["nettoyage ethnique"],"articleSection":["Articles","T\u00e9moignages"],"inLanguage":"fr-FR"},{"@type":"WebPage","@id":"https:\/\/ismfrance.org\/index.php\/2024\/09\/15\/la-politique-deliberee-de-deplacement-force-des-palestiniens-des-camps\/","url":"https:\/\/ismfrance.org\/index.php\/2024\/09\/15\/la-politique-deliberee-de-deplacement-force-des-palestiniens-des-camps\/","name":"La politique d\u00e9lib\u00e9r\u00e9e de d\u00e9placement forc\u00e9 des Palestiniens des camps en Cisjordanie occup\u00e9e - International Solidarity Movement - ISM-France","isPartOf":{"@id":"https:\/\/ismfrance.org\/#website"},"primaryImageOfPage":{"@id":"https:\/\/ismfrance.org\/index.php\/2024\/09\/15\/la-politique-deliberee-de-deplacement-force-des-palestiniens-des-camps\/#primaryimage"},"image":{"@id":"https:\/\/ismfrance.org\/index.php\/2024\/09\/15\/la-politique-deliberee-de-deplacement-force-des-palestiniens-des-camps\/#primaryimage"},"thumbnailUrl":"https:\/\/ismfrance.org\/wp-content\/uploads\/2024\/09\/tulk1.png","datePublished":"2024-09-15T08:01:10+00:00","dateModified":"2024-09-15T08:02:09+00:00","breadcrumb":{"@id":"https:\/\/ismfrance.org\/index.php\/2024\/09\/15\/la-politique-deliberee-de-deplacement-force-des-palestiniens-des-camps\/#breadcrumb"},"inLanguage":"fr-FR","potentialAction":[{"@type":"ReadAction","target":["https:\/\/ismfrance.org\/index.php\/2024\/09\/15\/la-politique-deliberee-de-deplacement-force-des-palestiniens-des-camps\/"]}]},{"@type":"ImageObject","inLanguage":"fr-FR","@id":"https:\/\/ismfrance.org\/index.php\/2024\/09\/15\/la-politique-deliberee-de-deplacement-force-des-palestiniens-des-camps\/#primaryimage","url":"https:\/\/ismfrance.org\/wp-content\/uploads\/2024\/09\/tulk1.png","contentUrl":"https:\/\/ismfrance.org\/wp-content\/uploads\/2024\/09\/tulk1.png","width":744,"height":495},{"@type":"BreadcrumbList","@id":"https:\/\/ismfrance.org\/index.php\/2024\/09\/15\/la-politique-deliberee-de-deplacement-force-des-palestiniens-des-camps\/#breadcrumb","itemListElement":[{"@type":"ListItem","position":1,"name":"Accueil","item":"https:\/\/ismfrance.org\/"},{"@type":"ListItem","position":2,"name":"La politique d\u00e9lib\u00e9r\u00e9e de d\u00e9placement forc\u00e9 des Palestiniens des camps en Cisjordanie occup\u00e9e"}]},{"@type":"WebSite","@id":"https:\/\/ismfrance.org\/#website","url":"https:\/\/ismfrance.org\/","name":"ISM Palestine France","description":"Soutien aux luttes de lib\u00e9ration du peuple palestinien","publisher":{"@id":"https:\/\/ismfrance.org\/#organization"},"potentialAction":[{"@type":"SearchAction","target":{"@type":"EntryPoint","urlTemplate":"https:\/\/ismfrance.org\/?s={search_term_string}"},"query-input":{"@type":"PropertyValueSpecification","valueRequired":true,"valueName":"search_term_string"}}],"inLanguage":"fr-FR"},{"@type":"Organization","@id":"https:\/\/ismfrance.org\/#organization","name":"International Solidarity Movement","url":"https:\/\/ismfrance.org\/","logo":{"@type":"ImageObject","inLanguage":"fr-FR","@id":"https:\/\/ismfrance.org\/#\/schema\/logo\/image\/","url":"https:\/\/ismfrance.org\/wp-content\/uploads\/2020\/12\/00.png","contentUrl":"https:\/\/ismfrance.org\/wp-content\/uploads\/2020\/12\/00.png","width":400,"height":400,"caption":"International Solidarity Movement"},"image":{"@id":"https:\/\/ismfrance.org\/#\/schema\/logo\/image\/"},"sameAs":["https:\/\/x.com\/ISMFRANCE"]},{"@type":"Person","@id":"https:\/\/ismfrance.org\/#\/schema\/person\/3c411eb72adfaae19c0dca1f41fae01d","name":"mru_01","image":{"@type":"ImageObject","inLanguage":"fr-FR","@id":"https:\/\/secure.gravatar.com\/avatar\/3a0be343b445d2ccc79e87444a294fad2b232e90d2051d0e3cc219e1ecd6a330?s=96&d=mm&r=g","url":"https:\/\/secure.gravatar.com\/avatar\/3a0be343b445d2ccc79e87444a294fad2b232e90d2051d0e3cc219e1ecd6a330?s=96&d=mm&r=g","contentUrl":"https:\/\/secure.gravatar.com\/avatar\/3a0be343b445d2ccc79e87444a294fad2b232e90d2051d0e3cc219e1ecd6a330?s=96&d=mm&r=g","caption":"mru_01"},"url":"https:\/\/ismfrance.org\/index.php\/author\/admin02\/"}]}},"_links":{"self":[{"href":"https:\/\/ismfrance.org\/index.php\/wp-json\/wp\/v2\/posts\/14319","targetHints":{"allow":["GET"]}}],"collection":[{"href":"https:\/\/ismfrance.org\/index.php\/wp-json\/wp\/v2\/posts"}],"about":[{"href":"https:\/\/ismfrance.org\/index.php\/wp-json\/wp\/v2\/types\/post"}],"author":[{"embeddable":true,"href":"https:\/\/ismfrance.org\/index.php\/wp-json\/wp\/v2\/users\/3"}],"replies":[{"embeddable":true,"href":"https:\/\/ismfrance.org\/index.php\/wp-json\/wp\/v2\/comments?post=14319"}],"version-history":[{"count":0,"href":"https:\/\/ismfrance.org\/index.php\/wp-json\/wp\/v2\/posts\/14319\/revisions"}],"wp:featuredmedia":[{"embeddable":true,"href":"https:\/\/ismfrance.org\/index.php\/wp-json\/wp\/v2\/media\/14321"}],"wp:attachment":[{"href":"https:\/\/ismfrance.org\/index.php\/wp-json\/wp\/v2\/media?parent=14319"}],"wp:term":[{"taxonomy":"category","embeddable":true,"href":"https:\/\/ismfrance.org\/index.php\/wp-json\/wp\/v2\/categories?post=14319"},{"taxonomy":"post_tag","embeddable":true,"href":"https:\/\/ismfrance.org\/index.php\/wp-json\/wp\/v2\/tags?post=14319"}],"curies":[{"name":"wp","href":"https:\/\/api.w.org\/{rel}","templated":true}]}}