{"id":14315,"date":"2024-09-14T20:17:48","date_gmt":"2024-09-14T18:17:48","guid":{"rendered":"https:\/\/ismfrance.org\/?p=14315"},"modified":"2024-09-14T20:17:48","modified_gmt":"2024-09-14T18:17:48","slug":"que-dieu-maudisse-celui-qui-a-reveille-la-ligue-arabe-endormie","status":"publish","type":"post","link":"https:\/\/ismfrance.org\/index.php\/2024\/09\/14\/que-dieu-maudisse-celui-qui-a-reveille-la-ligue-arabe-endormie\/","title":{"rendered":"Que Dieu maudisse celui qui a r\u00e9veill\u00e9 la Ligue arabe endormie"},"content":{"rendered":"<p><span style=\"color: #000000;\"><span style=\"font-family: Arial, sans-serif;\"><span style=\"font-size: medium;\"><strong>Wael Qandil, 13 septembre 2024<\/strong>. Il aurait \u00e9t\u00e9 pr\u00e9f\u00e9rable pour la cause palestinienne, et pour toutes les autres causes arabes, que la Ligue arabe reste dans son profond \u00ab sommeil \u00bb, et demeure attach\u00e9e \u00e0 sa position strat\u00e9gique sur l\u2019agression sioniste contre le peuple palestinien apr\u00e8s le 7 octobre 2023. Cette position a \u00e9t\u00e9 \u00e9tablie sur le principe d\u2019observer et de suivre, tout en essayant de montrer une certaine sympathie romantique sans pr\u00e9tendre pouvoir faire quoi que ce soit.<\/span><\/span><\/span><\/p>\n<div id=\"attachment_14317\" style=\"width: 610px\" class=\"wp-caption aligncenter\"><a href=\"https:\/\/ismfrance.org\/wp-content\/uploads\/2024\/09\/arab-league-scaled.jpeg\"><img loading=\"lazy\" decoding=\"async\" aria-describedby=\"caption-attachment-14317\" class=\"wp-image-14317 size-large\" src=\"https:\/\/ismfrance.org\/wp-content\/uploads\/2024\/09\/arab-league-700x467.jpeg\" alt=\"\" width=\"600\" height=\"400\" srcset=\"https:\/\/ismfrance.org\/wp-content\/uploads\/2024\/09\/arab-league-700x467.jpeg 700w, https:\/\/ismfrance.org\/wp-content\/uploads\/2024\/09\/arab-league-300x200.jpeg 300w, https:\/\/ismfrance.org\/wp-content\/uploads\/2024\/09\/arab-league-768x512.jpeg 768w, https:\/\/ismfrance.org\/wp-content\/uploads\/2024\/09\/arab-league-1536x1024.jpeg 1536w, https:\/\/ismfrance.org\/wp-content\/uploads\/2024\/09\/arab-league-2048x1365.jpeg 2048w, https:\/\/ismfrance.org\/wp-content\/uploads\/2024\/09\/arab-league-1320x880.jpeg 1320w\" sizes=\"auto, (max-width: 600px) 100vw, 600px\" \/><\/a><p id=\"caption-attachment-14317\" class=\"wp-caption-text\"><strong><em>162\u00e8me r\u00e9union des ministres des Affaires \u00e9trang\u00e8res de la Ligue arabe, au Caire, le 10 septembre 2024<\/em><\/strong> (source photo <a href=\"https:\/\/x.com\/MFATurkiye\/status\/1833489115943166239\">compte X Turkish MFA<\/a>)<\/p><\/div>\n<p><span style=\"color: #000000;\"><span style=\"font-family: Arial, sans-serif;\"><span style=\"font-size: medium;\">Cependant, en retroussant ses manches mardi et en organisant une r\u00e9union appel\u00e9e le Sommet des ministres arabes des Affaires \u00e9trang\u00e8res, co\u00efncidant avec le <a href=\"https:\/\/www.chroniquepalestine.com\/temoignages-massacre-al-mawasi-tout-ce-qui-entourait-est-parti-en-pieces\/\">massacre d\u2019Al-Mawasi<\/a> commis par l\u2019occupation \u00e0 l\u2019aube, la veille, avec de lourdes bombes qui ont cr\u00e9\u00e9 un \u00e9norme trou dans lequel des familles palestiniennes enti\u00e8res de Khan Yunis ont \u00e9t\u00e9 enterr\u00e9es, la Ligue arabe s\u2019est mise dans une position peu enviable. Les regards des Palestiniens et des Arabes \u00e9taient tourn\u00e9s vers la r\u00e9union minist\u00e9rielle, dans l\u2019attente d\u2019une d\u00e9cision ou d\u2019une d\u00e9claration dans laquelle les Arabes diraient qu\u2019ils sont Arabes et d\u00e9finiraient l\u2019ennemi comme tel.<\/span><\/span><\/span><\/p>\n<p><span style=\"color: #000000;\"><span style=\"font-family: Arial, sans-serif;\"><span style=\"font-size: medium;\">Au lieu de cela, la r\u00e9union s\u2019est termin\u00e9e par des phrases encore plus faibles et moins convaincantes que celles qui les avaient pr\u00e9c\u00e9d\u00e9es dans des d\u00e9clarations similaires. Il est regrettable que le secr\u00e9taire g\u00e9n\u00e9ral ait annonc\u00e9, lors d\u2019une conf\u00e9rence de presse finale, dans une d\u00e9monstration d\u2019extr\u00eame maladresse et de superficialit\u00e9, que c\u2019\u00e9tait la Journ\u00e9e de la Palestine et que ce serait le th\u00e8me central de la r\u00e9union \u00e0 laquelle participeraient le ministre turc des Affaires \u00e9trang\u00e8res et le repr\u00e9sentant de l\u2019UE, en particulier lorsque la conclusion de la r\u00e9union, telle qu\u2019annonc\u00e9e par le secr\u00e9taire g\u00e9n\u00e9ral de la Ligue, Ahmed Aboul Gheit, a \u00e9t\u00e9 que \u00ab la r\u00e9union des ministres arabes des Affaires \u00e9trang\u00e8res a \u00e9t\u00e9 le t\u00e9moin de l\u2019affirmation par tous les pays de la n\u00e9cessit\u00e9 d\u2019un cessez-le-feu \u00e0 Gaza \u00bb.<\/span><\/span><\/span><\/p>\n<p><span style=\"color: #000000;\"><span style=\"font-family: Arial, sans-serif;\"><span style=\"font-size: medium;\">Il s\u2019agissait de discours creux sur les souffrances du peuple palestinien et la brutalit\u00e9 d\u2019Isra\u00ebl, et d\u2019un appel \u00e0 la communaut\u00e9 internationale pour qu\u2019elle s\u2019engage et adh\u00e8re \u00e0 la solution \u00e0 deux \u00c9tats. M\u00eame en termes de langage, on a pu remarquer une in\u00e9l\u00e9gance dans la rh\u00e9torique et la performance lors de la conf\u00e9rence de presse de cl\u00f4ture dirig\u00e9e par le secr\u00e9taire g\u00e9n\u00e9ral, qui a \u00e9galement structur\u00e9 les questions des journalistes, sans r\u00e9pondre \u00e0 aucune d\u2019entre elles. Au lieu de cela, il a prononc\u00e9 des mots vagues et n\u2019a pas r\u00e9ussi \u00e0 pr\u00e9senter une seule position pratique que la Ligue arabe pourrait utiliser pour soutenir les droits des Palestiniens, \u00e0 l\u2019exception de l\u2019attachement pu\u00e9ril aux positions et d\u00e9clarations du responsable de la politique \u00e9trang\u00e8re de l\u2019UE, Josep Borrell.<\/span><\/span><\/span><\/p>\n<p><span style=\"color: #000000;\"><span style=\"font-family: Arial, sans-serif;\"><span style=\"font-size: medium;\">Quand Aboul Gheit a \u00e9t\u00e9 interrog\u00e9 sur la position de l\u2019UE, il a r\u00e9pondu qu\u2019elle comprenait diff\u00e9rentes tendances, mais qu\u2019elle avait chang\u00e9 apr\u00e8s avoir vu la laideur de l\u2019agression isra\u00e9lienne, en utilisant une phrase que nous n\u2019entendons g\u00e9n\u00e9ralement pas dans le discours diplomatique ou m\u00eame dans les commentaires sportifs. Il a d\u00e9clar\u00e9 que les pays europ\u00e9ens ont d\u2019abord pr\u00e9sent\u00e9 un \u00ab ch\u00e8que en blanc \u00bb \u00e0 Isra\u00ebl, puis ont modifi\u00e9 leurs positions qui l\u2019avaient toujours soutenu, en annon\u00e7ant que les Arabes se joindraient \u00e0 une r\u00e9union europ\u00e9enne tenue en Espagne pour discuter de la question palestinienne.<\/span><\/span><\/span><\/p>\n<p><span style=\"color: #000000;\"><span style=\"font-family: Arial, sans-serif;\"><span style=\"font-size: medium;\">Je dois me r\u00e9f\u00e9rer aux r\u00e9sultats d\u2019une r\u00e9union de la Ligue arabe qui s\u2019est tenue avant la premi\u00e8re Nakba en 1948, et avant que l\u2019\u00c9tat arabe ne passe d\u2019un \u00e9tat de colonialisme europ\u00e9en clair \u00e0 un \u00e9tat de (soi-disant) ind\u00e9pendance. Cette r\u00e9union s\u2019est tenue dans la ville \u00e9gyptienne d\u2019Inshas, \u200b\u200ble 28 mai 1946, au cours de laquelle les Arabes ont d\u00e9cid\u00e9 que, premi\u00e8rement, la question de la Palestine est au c\u0153ur des probl\u00e8mes nationaux, car il s\u2019agit d\u2019un pays indissociable du reste des pays arabes. Deuxi\u00e8mement, ils ont d\u00e9cid\u00e9 de la n\u00e9cessit\u00e9 de s\u2019opposer au sionisme, le consid\u00e9rant comme un danger qui menace non seulement la Palestine, mais tous les pays arabes et islamiques. Troisi\u00e8mement, ils ont consid\u00e9r\u00e9 toute politique agressive dirig\u00e9e contre la Palestine adopt\u00e9e par les gouvernements am\u00e9ricain et britannique comme une politique agressive envers tous les pays de la Ligue arabe. Quatri\u00e8mement, il a d\u00e9clar\u00e9 la n\u00e9cessit\u00e9 de d\u00e9fendre la Palestine en cas d\u2019attaque contre elle. Cinqui\u00e8mement, il a d\u00e9cid\u00e9 d\u2019aider les Arabes de Palestine avec de l\u2019argent et par tous les moyens possibles.<\/span><\/span><\/span><\/p>\n<p><span style=\"color: #000000;\"><span style=\"font-family: Arial, sans-serif;\"><span style=\"font-size: medium;\">Il est stupide de ma part de vous demander de comparer les positions des Arabes avant l\u2019ind\u00e9pendance concernant l\u2019agression sioniste et leurs positions du 10 septembre 2024, car c\u2019est une perte de temps. Je vous invite seulement \u00e0 comparer les d\u00e9clarations publi\u00e9es par les ministres arabes des Affaires \u00e9trang\u00e8res ce jour-l\u00e0 et la d\u00e9claration publi\u00e9e par une r\u00e9alisatrice juive am\u00e9ricaine sur la m\u00eame question et le m\u00eame sujet. La r\u00e9alisatrice, <a href=\"https:\/\/www.middleeastmonitor.com\/20240909-jewish-american-filmmaker-uses-award-speech-to-highlight-genocide-in-gaza\/\">Sarah Friedland<\/a>, a d\u00e9clar\u00e9, lors de son discours d\u2019acceptation au Festival international du film de Venise, qu\u2019Isra\u00ebl est une entit\u00e9 usurpatrice qui occupe toute la Palestine depuis 76 ans, et a d\u00e9clar\u00e9 son soutien \u00e0 la lib\u00e9ration de toute la Palestine.<\/span><\/span><\/span><\/p>\n<p><span style=\"color: #000000;\"><span style=\"font-family: Arial, sans-serif;\"><span style=\"font-size: medium;\">Un dirigeant arabe ou un sommet minist\u00e9riel oserait-il dire ce que la r\u00e9alisatrice juive, qui voit bien la question, a dit ?<\/span><\/span><\/span><\/p>\n<pre><span style=\"color: #000000;\"><span style=\"font-family: Arial, sans-serif;\"><span style=\"font-size: medium;\"><i>Article en anglais sur <a href=\"https:\/\/www.middleeastmonitor.com\/20240913-may-god-curse-whoever-woke-up-the-sleeping-arab-league\/\">Middle East Monitor<\/a> \/ Traduction MR<\/i><\/span><\/span><\/span><\/pre>\n<p><span style=\"color: #000000;\"><span style=\"font-family: Arial, sans-serif;\"><span style=\"font-size: medium;\">Cet article a \u00e9t\u00e9 publi\u00e9 pour la premi\u00e8re fois en arabe dans <a href=\"https:\/\/www.alaraby.co.uk\/opinion\/%D8%A7%D9%84%D8%AC%D8%A7%D9%85%D8%B9%D8%A9-%D9%86%D8%A7%D8%A6%D9%85%D8%A9-%D9%84%D8%B9%D9%86-%D8%A7%D9%84%D9%84%D9%87-%D9%85%D9%86-%D8%A3%D9%8A%D9%82%D8%B8%D9%87%D8%A7\">Al-Araby Al-Jadeed<\/a> le 11 septembre 2024<\/span><\/span><\/span><\/p>\n","protected":false},"excerpt":{"rendered":"<p>Wael Qandil, 13 septembre 2024. Il aurait \u00e9t\u00e9 pr\u00e9f\u00e9rable pour la cause palestinienne, et pour toutes les autres causes arabes, que la Ligue arabe reste dans son profond \u00ab sommeil <a class=\"more-link\" href=\"https:\/\/ismfrance.org\/index.php\/2024\/09\/14\/que-dieu-maudisse-celui-qui-a-reveille-la-ligue-arabe-endormie\/\">Lire la suite &rarr;<\/a><\/p>\n","protected":false},"author":3,"featured_media":14317,"comment_status":"closed","ping_status":"closed","sticky":false,"template":"","format":"standard","meta":{"footnotes":""},"categories":[12,2],"tags":[53],"class_list":["post-14315","post","type-post","status-publish","format-standard","has-post-thumbnail","hentry","category-analyses","category-articles","tag-collabos"],"yoast_head":"<!-- This site is optimized with the Yoast SEO plugin v27.2 - https:\/\/yoast.com\/product\/yoast-seo-wordpress\/ -->\n<title>Que Dieu maudisse celui qui a r\u00e9veill\u00e9 la Ligue arabe endormie - International Solidarity Movement - ISM-France<\/title>\n<meta name=\"robots\" content=\"index, follow, max-snippet:-1, max-image-preview:large, max-video-preview:-1\" \/>\n<link rel=\"canonical\" href=\"https:\/\/ismfrance.org\/index.php\/2024\/09\/14\/que-dieu-maudisse-celui-qui-a-reveille-la-ligue-arabe-endormie\/\" \/>\n<meta property=\"og:locale\" content=\"fr_FR\" \/>\n<meta property=\"og:type\" content=\"article\" \/>\n<meta property=\"og:title\" content=\"Que Dieu maudisse celui qui a r\u00e9veill\u00e9 la Ligue arabe endormie - International Solidarity Movement - ISM-France\" \/>\n<meta property=\"og:description\" content=\"Wael Qandil, 13 septembre 2024. Il aurait \u00e9t\u00e9 pr\u00e9f\u00e9rable pour la cause palestinienne, et pour toutes les autres causes arabes, que la Ligue arabe reste dans son profond \u00ab sommeil Lire la suite &rarr;\" \/>\n<meta property=\"og:url\" content=\"https:\/\/ismfrance.org\/index.php\/2024\/09\/14\/que-dieu-maudisse-celui-qui-a-reveille-la-ligue-arabe-endormie\/\" \/>\n<meta property=\"og:site_name\" content=\"International Solidarity Movement - ISM-France\" \/>\n<meta property=\"article:published_time\" content=\"2024-09-14T18:17:48+00:00\" \/>\n<meta property=\"og:image\" content=\"https:\/\/ismfrance.org\/wp-content\/uploads\/2024\/09\/arab-league-scaled.jpeg\" \/>\n\t<meta property=\"og:image:width\" content=\"2560\" \/>\n\t<meta property=\"og:image:height\" content=\"1706\" \/>\n\t<meta property=\"og:image:type\" content=\"image\/jpeg\" \/>\n<meta name=\"author\" content=\"mru_01\" \/>\n<meta name=\"twitter:card\" content=\"summary_large_image\" \/>\n<meta name=\"twitter:creator\" content=\"@ISMFRANCE\" \/>\n<meta name=\"twitter:site\" content=\"@ISMFRANCE\" \/>\n<meta name=\"twitter:label1\" content=\"\u00c9crit par\" \/>\n\t<meta name=\"twitter:data1\" content=\"mru_01\" \/>\n\t<meta name=\"twitter:label2\" content=\"Dur\u00e9e de lecture estim\u00e9e\" \/>\n\t<meta name=\"twitter:data2\" content=\"5 minutes\" \/>\n<script type=\"application\/ld+json\" class=\"yoast-schema-graph\">{\"@context\":\"https:\/\/schema.org\",\"@graph\":[{\"@type\":\"Article\",\"@id\":\"https:\/\/ismfrance.org\/index.php\/2024\/09\/14\/que-dieu-maudisse-celui-qui-a-reveille-la-ligue-arabe-endormie\/#article\",\"isPartOf\":{\"@id\":\"https:\/\/ismfrance.org\/index.php\/2024\/09\/14\/que-dieu-maudisse-celui-qui-a-reveille-la-ligue-arabe-endormie\/\"},\"author\":{\"name\":\"mru_01\",\"@id\":\"https:\/\/ismfrance.org\/#\/schema\/person\/3c411eb72adfaae19c0dca1f41fae01d\"},\"headline\":\"Que Dieu maudisse celui qui a r\u00e9veill\u00e9 la Ligue arabe endormie\",\"datePublished\":\"2024-09-14T18:17:48+00:00\",\"mainEntityOfPage\":{\"@id\":\"https:\/\/ismfrance.org\/index.php\/2024\/09\/14\/que-dieu-maudisse-celui-qui-a-reveille-la-ligue-arabe-endormie\/\"},\"wordCount\":1042,\"publisher\":{\"@id\":\"https:\/\/ismfrance.org\/#organization\"},\"image\":{\"@id\":\"https:\/\/ismfrance.org\/index.php\/2024\/09\/14\/que-dieu-maudisse-celui-qui-a-reveille-la-ligue-arabe-endormie\/#primaryimage\"},\"thumbnailUrl\":\"https:\/\/ismfrance.org\/wp-content\/uploads\/2024\/09\/arab-league-scaled.jpeg\",\"keywords\":[\"Collabos\"],\"articleSection\":[\"Analyses\",\"Articles\"],\"inLanguage\":\"fr-FR\"},{\"@type\":\"WebPage\",\"@id\":\"https:\/\/ismfrance.org\/index.php\/2024\/09\/14\/que-dieu-maudisse-celui-qui-a-reveille-la-ligue-arabe-endormie\/\",\"url\":\"https:\/\/ismfrance.org\/index.php\/2024\/09\/14\/que-dieu-maudisse-celui-qui-a-reveille-la-ligue-arabe-endormie\/\",\"name\":\"Que Dieu maudisse celui qui a r\u00e9veill\u00e9 la Ligue arabe endormie - International Solidarity Movement - ISM-France\",\"isPartOf\":{\"@id\":\"https:\/\/ismfrance.org\/#website\"},\"primaryImageOfPage\":{\"@id\":\"https:\/\/ismfrance.org\/index.php\/2024\/09\/14\/que-dieu-maudisse-celui-qui-a-reveille-la-ligue-arabe-endormie\/#primaryimage\"},\"image\":{\"@id\":\"https:\/\/ismfrance.org\/index.php\/2024\/09\/14\/que-dieu-maudisse-celui-qui-a-reveille-la-ligue-arabe-endormie\/#primaryimage\"},\"thumbnailUrl\":\"https:\/\/ismfrance.org\/wp-content\/uploads\/2024\/09\/arab-league-scaled.jpeg\",\"datePublished\":\"2024-09-14T18:17:48+00:00\",\"breadcrumb\":{\"@id\":\"https:\/\/ismfrance.org\/index.php\/2024\/09\/14\/que-dieu-maudisse-celui-qui-a-reveille-la-ligue-arabe-endormie\/#breadcrumb\"},\"inLanguage\":\"fr-FR\",\"potentialAction\":[{\"@type\":\"ReadAction\",\"target\":[\"https:\/\/ismfrance.org\/index.php\/2024\/09\/14\/que-dieu-maudisse-celui-qui-a-reveille-la-ligue-arabe-endormie\/\"]}]},{\"@type\":\"ImageObject\",\"inLanguage\":\"fr-FR\",\"@id\":\"https:\/\/ismfrance.org\/index.php\/2024\/09\/14\/que-dieu-maudisse-celui-qui-a-reveille-la-ligue-arabe-endormie\/#primaryimage\",\"url\":\"https:\/\/ismfrance.org\/wp-content\/uploads\/2024\/09\/arab-league-scaled.jpeg\",\"contentUrl\":\"https:\/\/ismfrance.org\/wp-content\/uploads\/2024\/09\/arab-league-scaled.jpeg\",\"width\":2560,\"height\":1706},{\"@type\":\"BreadcrumbList\",\"@id\":\"https:\/\/ismfrance.org\/index.php\/2024\/09\/14\/que-dieu-maudisse-celui-qui-a-reveille-la-ligue-arabe-endormie\/#breadcrumb\",\"itemListElement\":[{\"@type\":\"ListItem\",\"position\":1,\"name\":\"Accueil\",\"item\":\"https:\/\/ismfrance.org\/\"},{\"@type\":\"ListItem\",\"position\":2,\"name\":\"Que Dieu maudisse celui qui a r\u00e9veill\u00e9 la Ligue arabe endormie\"}]},{\"@type\":\"WebSite\",\"@id\":\"https:\/\/ismfrance.org\/#website\",\"url\":\"https:\/\/ismfrance.org\/\",\"name\":\"ISM Palestine France\",\"description\":\"Soutien aux luttes de lib\u00e9ration du peuple palestinien\",\"publisher\":{\"@id\":\"https:\/\/ismfrance.org\/#organization\"},\"potentialAction\":[{\"@type\":\"SearchAction\",\"target\":{\"@type\":\"EntryPoint\",\"urlTemplate\":\"https:\/\/ismfrance.org\/?s={search_term_string}\"},\"query-input\":{\"@type\":\"PropertyValueSpecification\",\"valueRequired\":true,\"valueName\":\"search_term_string\"}}],\"inLanguage\":\"fr-FR\"},{\"@type\":\"Organization\",\"@id\":\"https:\/\/ismfrance.org\/#organization\",\"name\":\"International Solidarity Movement\",\"url\":\"https:\/\/ismfrance.org\/\",\"logo\":{\"@type\":\"ImageObject\",\"inLanguage\":\"fr-FR\",\"@id\":\"https:\/\/ismfrance.org\/#\/schema\/logo\/image\/\",\"url\":\"https:\/\/ismfrance.org\/wp-content\/uploads\/2020\/12\/00.png\",\"contentUrl\":\"https:\/\/ismfrance.org\/wp-content\/uploads\/2020\/12\/00.png\",\"width\":400,\"height\":400,\"caption\":\"International Solidarity Movement\"},\"image\":{\"@id\":\"https:\/\/ismfrance.org\/#\/schema\/logo\/image\/\"},\"sameAs\":[\"https:\/\/x.com\/ISMFRANCE\"]},{\"@type\":\"Person\",\"@id\":\"https:\/\/ismfrance.org\/#\/schema\/person\/3c411eb72adfaae19c0dca1f41fae01d\",\"name\":\"mru_01\",\"image\":{\"@type\":\"ImageObject\",\"inLanguage\":\"fr-FR\",\"@id\":\"https:\/\/secure.gravatar.com\/avatar\/3a0be343b445d2ccc79e87444a294fad2b232e90d2051d0e3cc219e1ecd6a330?s=96&d=mm&r=g\",\"url\":\"https:\/\/secure.gravatar.com\/avatar\/3a0be343b445d2ccc79e87444a294fad2b232e90d2051d0e3cc219e1ecd6a330?s=96&d=mm&r=g\",\"contentUrl\":\"https:\/\/secure.gravatar.com\/avatar\/3a0be343b445d2ccc79e87444a294fad2b232e90d2051d0e3cc219e1ecd6a330?s=96&d=mm&r=g\",\"caption\":\"mru_01\"},\"url\":\"https:\/\/ismfrance.org\/index.php\/author\/admin02\/\"}]}<\/script>\n<!-- \/ Yoast SEO plugin. -->","yoast_head_json":{"title":"Que Dieu maudisse celui qui a r\u00e9veill\u00e9 la Ligue arabe endormie - International Solidarity Movement - ISM-France","robots":{"index":"index","follow":"follow","max-snippet":"max-snippet:-1","max-image-preview":"max-image-preview:large","max-video-preview":"max-video-preview:-1"},"canonical":"https:\/\/ismfrance.org\/index.php\/2024\/09\/14\/que-dieu-maudisse-celui-qui-a-reveille-la-ligue-arabe-endormie\/","og_locale":"fr_FR","og_type":"article","og_title":"Que Dieu maudisse celui qui a r\u00e9veill\u00e9 la Ligue arabe endormie - International Solidarity Movement - ISM-France","og_description":"Wael Qandil, 13 septembre 2024. Il aurait \u00e9t\u00e9 pr\u00e9f\u00e9rable pour la cause palestinienne, et pour toutes les autres causes arabes, que la Ligue arabe reste dans son profond \u00ab sommeil Lire la suite &rarr;","og_url":"https:\/\/ismfrance.org\/index.php\/2024\/09\/14\/que-dieu-maudisse-celui-qui-a-reveille-la-ligue-arabe-endormie\/","og_site_name":"International Solidarity Movement - ISM-France","article_published_time":"2024-09-14T18:17:48+00:00","og_image":[{"width":2560,"height":1706,"url":"https:\/\/ismfrance.org\/wp-content\/uploads\/2024\/09\/arab-league-scaled.jpeg","type":"image\/jpeg"}],"author":"mru_01","twitter_card":"summary_large_image","twitter_creator":"@ISMFRANCE","twitter_site":"@ISMFRANCE","twitter_misc":{"\u00c9crit par":"mru_01","Dur\u00e9e de lecture estim\u00e9e":"5 minutes"},"schema":{"@context":"https:\/\/schema.org","@graph":[{"@type":"Article","@id":"https:\/\/ismfrance.org\/index.php\/2024\/09\/14\/que-dieu-maudisse-celui-qui-a-reveille-la-ligue-arabe-endormie\/#article","isPartOf":{"@id":"https:\/\/ismfrance.org\/index.php\/2024\/09\/14\/que-dieu-maudisse-celui-qui-a-reveille-la-ligue-arabe-endormie\/"},"author":{"name":"mru_01","@id":"https:\/\/ismfrance.org\/#\/schema\/person\/3c411eb72adfaae19c0dca1f41fae01d"},"headline":"Que Dieu maudisse celui qui a r\u00e9veill\u00e9 la Ligue arabe endormie","datePublished":"2024-09-14T18:17:48+00:00","mainEntityOfPage":{"@id":"https:\/\/ismfrance.org\/index.php\/2024\/09\/14\/que-dieu-maudisse-celui-qui-a-reveille-la-ligue-arabe-endormie\/"},"wordCount":1042,"publisher":{"@id":"https:\/\/ismfrance.org\/#organization"},"image":{"@id":"https:\/\/ismfrance.org\/index.php\/2024\/09\/14\/que-dieu-maudisse-celui-qui-a-reveille-la-ligue-arabe-endormie\/#primaryimage"},"thumbnailUrl":"https:\/\/ismfrance.org\/wp-content\/uploads\/2024\/09\/arab-league-scaled.jpeg","keywords":["Collabos"],"articleSection":["Analyses","Articles"],"inLanguage":"fr-FR"},{"@type":"WebPage","@id":"https:\/\/ismfrance.org\/index.php\/2024\/09\/14\/que-dieu-maudisse-celui-qui-a-reveille-la-ligue-arabe-endormie\/","url":"https:\/\/ismfrance.org\/index.php\/2024\/09\/14\/que-dieu-maudisse-celui-qui-a-reveille-la-ligue-arabe-endormie\/","name":"Que Dieu maudisse celui qui a r\u00e9veill\u00e9 la Ligue arabe endormie - International Solidarity Movement - ISM-France","isPartOf":{"@id":"https:\/\/ismfrance.org\/#website"},"primaryImageOfPage":{"@id":"https:\/\/ismfrance.org\/index.php\/2024\/09\/14\/que-dieu-maudisse-celui-qui-a-reveille-la-ligue-arabe-endormie\/#primaryimage"},"image":{"@id":"https:\/\/ismfrance.org\/index.php\/2024\/09\/14\/que-dieu-maudisse-celui-qui-a-reveille-la-ligue-arabe-endormie\/#primaryimage"},"thumbnailUrl":"https:\/\/ismfrance.org\/wp-content\/uploads\/2024\/09\/arab-league-scaled.jpeg","datePublished":"2024-09-14T18:17:48+00:00","breadcrumb":{"@id":"https:\/\/ismfrance.org\/index.php\/2024\/09\/14\/que-dieu-maudisse-celui-qui-a-reveille-la-ligue-arabe-endormie\/#breadcrumb"},"inLanguage":"fr-FR","potentialAction":[{"@type":"ReadAction","target":["https:\/\/ismfrance.org\/index.php\/2024\/09\/14\/que-dieu-maudisse-celui-qui-a-reveille-la-ligue-arabe-endormie\/"]}]},{"@type":"ImageObject","inLanguage":"fr-FR","@id":"https:\/\/ismfrance.org\/index.php\/2024\/09\/14\/que-dieu-maudisse-celui-qui-a-reveille-la-ligue-arabe-endormie\/#primaryimage","url":"https:\/\/ismfrance.org\/wp-content\/uploads\/2024\/09\/arab-league-scaled.jpeg","contentUrl":"https:\/\/ismfrance.org\/wp-content\/uploads\/2024\/09\/arab-league-scaled.jpeg","width":2560,"height":1706},{"@type":"BreadcrumbList","@id":"https:\/\/ismfrance.org\/index.php\/2024\/09\/14\/que-dieu-maudisse-celui-qui-a-reveille-la-ligue-arabe-endormie\/#breadcrumb","itemListElement":[{"@type":"ListItem","position":1,"name":"Accueil","item":"https:\/\/ismfrance.org\/"},{"@type":"ListItem","position":2,"name":"Que Dieu maudisse celui qui a r\u00e9veill\u00e9 la Ligue arabe endormie"}]},{"@type":"WebSite","@id":"https:\/\/ismfrance.org\/#website","url":"https:\/\/ismfrance.org\/","name":"ISM Palestine France","description":"Soutien aux luttes de lib\u00e9ration du peuple palestinien","publisher":{"@id":"https:\/\/ismfrance.org\/#organization"},"potentialAction":[{"@type":"SearchAction","target":{"@type":"EntryPoint","urlTemplate":"https:\/\/ismfrance.org\/?s={search_term_string}"},"query-input":{"@type":"PropertyValueSpecification","valueRequired":true,"valueName":"search_term_string"}}],"inLanguage":"fr-FR"},{"@type":"Organization","@id":"https:\/\/ismfrance.org\/#organization","name":"International Solidarity Movement","url":"https:\/\/ismfrance.org\/","logo":{"@type":"ImageObject","inLanguage":"fr-FR","@id":"https:\/\/ismfrance.org\/#\/schema\/logo\/image\/","url":"https:\/\/ismfrance.org\/wp-content\/uploads\/2020\/12\/00.png","contentUrl":"https:\/\/ismfrance.org\/wp-content\/uploads\/2020\/12\/00.png","width":400,"height":400,"caption":"International Solidarity Movement"},"image":{"@id":"https:\/\/ismfrance.org\/#\/schema\/logo\/image\/"},"sameAs":["https:\/\/x.com\/ISMFRANCE"]},{"@type":"Person","@id":"https:\/\/ismfrance.org\/#\/schema\/person\/3c411eb72adfaae19c0dca1f41fae01d","name":"mru_01","image":{"@type":"ImageObject","inLanguage":"fr-FR","@id":"https:\/\/secure.gravatar.com\/avatar\/3a0be343b445d2ccc79e87444a294fad2b232e90d2051d0e3cc219e1ecd6a330?s=96&d=mm&r=g","url":"https:\/\/secure.gravatar.com\/avatar\/3a0be343b445d2ccc79e87444a294fad2b232e90d2051d0e3cc219e1ecd6a330?s=96&d=mm&r=g","contentUrl":"https:\/\/secure.gravatar.com\/avatar\/3a0be343b445d2ccc79e87444a294fad2b232e90d2051d0e3cc219e1ecd6a330?s=96&d=mm&r=g","caption":"mru_01"},"url":"https:\/\/ismfrance.org\/index.php\/author\/admin02\/"}]}},"_links":{"self":[{"href":"https:\/\/ismfrance.org\/index.php\/wp-json\/wp\/v2\/posts\/14315","targetHints":{"allow":["GET"]}}],"collection":[{"href":"https:\/\/ismfrance.org\/index.php\/wp-json\/wp\/v2\/posts"}],"about":[{"href":"https:\/\/ismfrance.org\/index.php\/wp-json\/wp\/v2\/types\/post"}],"author":[{"embeddable":true,"href":"https:\/\/ismfrance.org\/index.php\/wp-json\/wp\/v2\/users\/3"}],"replies":[{"embeddable":true,"href":"https:\/\/ismfrance.org\/index.php\/wp-json\/wp\/v2\/comments?post=14315"}],"version-history":[{"count":0,"href":"https:\/\/ismfrance.org\/index.php\/wp-json\/wp\/v2\/posts\/14315\/revisions"}],"wp:featuredmedia":[{"embeddable":true,"href":"https:\/\/ismfrance.org\/index.php\/wp-json\/wp\/v2\/media\/14317"}],"wp:attachment":[{"href":"https:\/\/ismfrance.org\/index.php\/wp-json\/wp\/v2\/media?parent=14315"}],"wp:term":[{"taxonomy":"category","embeddable":true,"href":"https:\/\/ismfrance.org\/index.php\/wp-json\/wp\/v2\/categories?post=14315"},{"taxonomy":"post_tag","embeddable":true,"href":"https:\/\/ismfrance.org\/index.php\/wp-json\/wp\/v2\/tags?post=14315"}],"curies":[{"name":"wp","href":"https:\/\/api.w.org\/{rel}","templated":true}]}}