{"id":14192,"date":"2024-09-07T16:26:10","date_gmt":"2024-09-07T14:26:10","guid":{"rendered":"https:\/\/ismfrance.org\/?p=14192"},"modified":"2024-09-07T16:26:10","modified_gmt":"2024-09-07T14:26:10","slug":"communique-de-la-municipalite-de-beita-concernant-le-martyre-de-la-militante-de-la-solidarite-internationale-sur-le-mont-sabih","status":"publish","type":"post","link":"https:\/\/ismfrance.org\/index.php\/2024\/09\/07\/communique-de-la-municipalite-de-beita-concernant-le-martyre-de-la-militante-de-la-solidarite-internationale-sur-le-mont-sabih\/","title":{"rendered":"Communiqu\u00e9 de la municipalit\u00e9 de Beita concernant le martyre de la militante de la solidarit\u00e9 internationale sur le mont Sabih"},"content":{"rendered":"<p><span style=\"color: #000000;\"><span style=\"font-family: Arial, sans-serif;\"><span style=\"font-size: large;\"><strong>7 octobre 2024<\/strong>. La municipalit\u00e9 de Beita condamne dans les termes les plus forts le crime d&rsquo;ex\u00e9cution commis par les forces d&rsquo;occupation contre l&rsquo;activiste solidaire am\u00e9ricaine d&rsquo;origine turque, Aysinur Ezgi Eci, en lui tirant dessus \u00e0 balle r\u00e9elle et en la touchant directement \u00e0 la t\u00eate ; elle est tomb\u00e9e sur la terre de notre ville de Beita, c&rsquo;est son dernier message de solidarit\u00e9 \u00e9crit avec son sang contre l&rsquo;injustice et la tyrannie.<\/span><\/span><\/span><\/p>\n<p><span style=\"color: #000000;\"><span style=\"font-family: Arial, sans-serif;\"><span style=\"font-size: large;\">La martyre Aysinur est d\u00e9c\u00e9d\u00e9e alors qu&rsquo;elle accomplissait son noble message, en solidarit\u00e9 et en soutien aux droits l\u00e9gitimes et justes du peuple palestinien, et en s&rsquo;opposant aux projets de l&rsquo;occupation de s&rsquo;installer sur le mont Sabih, cette partie authentique de la ville de Beita.<\/span><\/span><\/span><\/p>\n<p><span style=\"color: #000000;\"><span style=\"font-family: Arial, sans-serif;\"><span style=\"font-size: large;\">La municipalit\u00e9 de Beita demande \u00e0 l&rsquo;administration am\u00e9ricaine en particulier et \u00e0 la communaut\u00e9 internationale en g\u00e9n\u00e9ral d&rsquo;exercer une r\u00e9elle pression sur le gouvernement isra\u00e9lien pour qu&rsquo;il supprime l&rsquo;avant-poste colonial du mont Sabih, dirig\u00e9 par un groupe de colons extr\u00e9mistes, qui a conduit depuis sa cr\u00e9ation au cours des trois derni\u00e8res ann\u00e9es \u00e0 une explosion de la situation \u00e0 Beita et ses environs, entra\u00eenant le martyre de quinze citoyens, dont le dernier \u00e9tait le citoyen am\u00e9ricain Isnor Ezay Eji, sans parler des milliers de citoyens bless\u00e9s.<\/span><\/span><\/span><\/p>\n<p><span style=\"color: #000000;\"><span style=\"font-family: Arial, sans-serif;\"><span style=\"font-size: large;\">La municipalit\u00e9 de Beita appelle la communaut\u00e9 internationale et l&rsquo;administration am\u00e9ricaine en particulier \u00e0 ouvrir une commission d&rsquo;enqu\u00eate sur l&rsquo;assassinat de la citoyenne am\u00e9ricaine qui a \u00e9t\u00e9 tu\u00e9e par des balles am\u00e9ricaines aux mains des forces d&rsquo;occupation isra\u00e9liennes, et appelle \u00e9galement la communaut\u00e9 internationale \u00e0 intervenir d&rsquo;urgence pour mettre fin aux crimes commis dans notre ville de Beita et dans toutes les zones palestiniennes.<\/span><\/span><\/span><\/p>\n<p><span style=\"color: #000000;\"><span style=\"font-family: Arial, sans-serif;\"><span style=\"font-size: large;\">La municipalit\u00e9 de Beita pr\u00e9sente ses plus sinc\u00e8res condol\u00e9ances \u00e0 sa famille, \u00e0 ses amis et \u00e0 ses proches, et nous demandons \u00e0 Dieu de leur inspirer \u00e0 tous patience et r\u00e9confort.<\/span><\/span><\/span><\/p>\n<h1 class=\"western\"><em><span style=\"color: #000000;\"><span style=\"font-family: inherit;\"><span style=\"font-size: large;\"><span style=\"font-family: Arial, sans-serif;\"><span style=\"font-size: medium;\">Article original en anglais sur <a href=\"https:\/\/palsolidarity.org\/2024\/09\/statement-issued-by-beita-municipality-regarding-the-martyrdom-of-the-foreign-solidarity-activist-on-mount-sabih\/\">Palsolidarity.org<\/a> \/ Traduction MR<\/span><\/span><\/span><\/span><\/span><\/em><\/h1>\n","protected":false},"excerpt":{"rendered":"<p>7 octobre 2024. La municipalit\u00e9 de Beita condamne dans les termes les plus forts le crime d&rsquo;ex\u00e9cution commis par les forces d&rsquo;occupation contre l&rsquo;activiste solidaire am\u00e9ricaine d&rsquo;origine turque, Aysinur Ezgi <a class=\"more-link\" href=\"https:\/\/ismfrance.org\/index.php\/2024\/09\/07\/communique-de-la-municipalite-de-beita-concernant-le-martyre-de-la-militante-de-la-solidarite-internationale-sur-le-mont-sabih\/\">Lire la suite &rarr;<\/a><\/p>\n","protected":false},"author":3,"featured_media":0,"comment_status":"closed","ping_status":"closed","sticky":false,"template":"","format":"standard","meta":{"footnotes":""},"categories":[2,14],"tags":[171],"class_list":["post-14192","post","type-post","status-publish","format-standard","hentry","category-articles","category-communiques","tag-victimes-ism"],"yoast_head":"<!-- This site is optimized with the Yoast SEO plugin v27.2 - https:\/\/yoast.com\/product\/yoast-seo-wordpress\/ -->\n<title>Communiqu\u00e9 de la municipalit\u00e9 de Beita concernant le martyre de la militante de la solidarit\u00e9 internationale sur le mont Sabih - International Solidarity Movement - ISM-France<\/title>\n<meta name=\"robots\" content=\"index, follow, max-snippet:-1, max-image-preview:large, max-video-preview:-1\" \/>\n<link rel=\"canonical\" href=\"https:\/\/ismfrance.org\/index.php\/2024\/09\/07\/communique-de-la-municipalite-de-beita-concernant-le-martyre-de-la-militante-de-la-solidarite-internationale-sur-le-mont-sabih\/\" \/>\n<meta property=\"og:locale\" content=\"fr_FR\" \/>\n<meta property=\"og:type\" content=\"article\" \/>\n<meta property=\"og:title\" content=\"Communiqu\u00e9 de la municipalit\u00e9 de Beita concernant le martyre de la militante de la solidarit\u00e9 internationale sur le mont Sabih - International Solidarity Movement - ISM-France\" \/>\n<meta property=\"og:description\" content=\"7 octobre 2024. La municipalit\u00e9 de Beita condamne dans les termes les plus forts le crime d&rsquo;ex\u00e9cution commis par les forces d&rsquo;occupation contre l&rsquo;activiste solidaire am\u00e9ricaine d&rsquo;origine turque, Aysinur Ezgi Lire la suite &rarr;\" \/>\n<meta property=\"og:url\" content=\"https:\/\/ismfrance.org\/index.php\/2024\/09\/07\/communique-de-la-municipalite-de-beita-concernant-le-martyre-de-la-militante-de-la-solidarite-internationale-sur-le-mont-sabih\/\" \/>\n<meta property=\"og:site_name\" content=\"International Solidarity Movement - ISM-France\" \/>\n<meta property=\"article:published_time\" content=\"2024-09-07T14:26:10+00:00\" \/>\n<meta name=\"author\" content=\"mru_01\" \/>\n<meta name=\"twitter:card\" content=\"summary_large_image\" \/>\n<meta name=\"twitter:creator\" content=\"@ISMFRANCE\" \/>\n<meta name=\"twitter:site\" content=\"@ISMFRANCE\" \/>\n<meta name=\"twitter:label1\" content=\"\u00c9crit par\" \/>\n\t<meta name=\"twitter:data1\" content=\"mru_01\" \/>\n\t<meta name=\"twitter:label2\" content=\"Dur\u00e9e de lecture estim\u00e9e\" \/>\n\t<meta name=\"twitter:data2\" content=\"2 minutes\" \/>\n<script type=\"application\/ld+json\" class=\"yoast-schema-graph\">{\"@context\":\"https:\/\/schema.org\",\"@graph\":[{\"@type\":\"Article\",\"@id\":\"https:\/\/ismfrance.org\/index.php\/2024\/09\/07\/communique-de-la-municipalite-de-beita-concernant-le-martyre-de-la-militante-de-la-solidarite-internationale-sur-le-mont-sabih\/#article\",\"isPartOf\":{\"@id\":\"https:\/\/ismfrance.org\/index.php\/2024\/09\/07\/communique-de-la-municipalite-de-beita-concernant-le-martyre-de-la-militante-de-la-solidarite-internationale-sur-le-mont-sabih\/\"},\"author\":{\"name\":\"mru_01\",\"@id\":\"https:\/\/ismfrance.org\/#\/schema\/person\/3c411eb72adfaae19c0dca1f41fae01d\"},\"headline\":\"Communiqu\u00e9 de la municipalit\u00e9 de Beita concernant le martyre de la militante de la solidarit\u00e9 internationale sur le mont Sabih\",\"datePublished\":\"2024-09-07T14:26:10+00:00\",\"mainEntityOfPage\":{\"@id\":\"https:\/\/ismfrance.org\/index.php\/2024\/09\/07\/communique-de-la-municipalite-de-beita-concernant-le-martyre-de-la-militante-de-la-solidarite-internationale-sur-le-mont-sabih\/\"},\"wordCount\":363,\"publisher\":{\"@id\":\"https:\/\/ismfrance.org\/#organization\"},\"keywords\":[\"Victimes ISM\"],\"articleSection\":[\"Articles\",\"Communiqu\u00e9s\"],\"inLanguage\":\"fr-FR\"},{\"@type\":\"WebPage\",\"@id\":\"https:\/\/ismfrance.org\/index.php\/2024\/09\/07\/communique-de-la-municipalite-de-beita-concernant-le-martyre-de-la-militante-de-la-solidarite-internationale-sur-le-mont-sabih\/\",\"url\":\"https:\/\/ismfrance.org\/index.php\/2024\/09\/07\/communique-de-la-municipalite-de-beita-concernant-le-martyre-de-la-militante-de-la-solidarite-internationale-sur-le-mont-sabih\/\",\"name\":\"Communiqu\u00e9 de la municipalit\u00e9 de Beita concernant le martyre de la militante de la solidarit\u00e9 internationale sur le mont Sabih - International Solidarity Movement - ISM-France\",\"isPartOf\":{\"@id\":\"https:\/\/ismfrance.org\/#website\"},\"datePublished\":\"2024-09-07T14:26:10+00:00\",\"breadcrumb\":{\"@id\":\"https:\/\/ismfrance.org\/index.php\/2024\/09\/07\/communique-de-la-municipalite-de-beita-concernant-le-martyre-de-la-militante-de-la-solidarite-internationale-sur-le-mont-sabih\/#breadcrumb\"},\"inLanguage\":\"fr-FR\",\"potentialAction\":[{\"@type\":\"ReadAction\",\"target\":[\"https:\/\/ismfrance.org\/index.php\/2024\/09\/07\/communique-de-la-municipalite-de-beita-concernant-le-martyre-de-la-militante-de-la-solidarite-internationale-sur-le-mont-sabih\/\"]}]},{\"@type\":\"BreadcrumbList\",\"@id\":\"https:\/\/ismfrance.org\/index.php\/2024\/09\/07\/communique-de-la-municipalite-de-beita-concernant-le-martyre-de-la-militante-de-la-solidarite-internationale-sur-le-mont-sabih\/#breadcrumb\",\"itemListElement\":[{\"@type\":\"ListItem\",\"position\":1,\"name\":\"Accueil\",\"item\":\"https:\/\/ismfrance.org\/\"},{\"@type\":\"ListItem\",\"position\":2,\"name\":\"Communiqu\u00e9 de la municipalit\u00e9 de Beita concernant le martyre de la militante de la solidarit\u00e9 internationale sur le mont Sabih\"}]},{\"@type\":\"WebSite\",\"@id\":\"https:\/\/ismfrance.org\/#website\",\"url\":\"https:\/\/ismfrance.org\/\",\"name\":\"ISM Palestine France\",\"description\":\"Soutien aux luttes de lib\u00e9ration du peuple palestinien\",\"publisher\":{\"@id\":\"https:\/\/ismfrance.org\/#organization\"},\"potentialAction\":[{\"@type\":\"SearchAction\",\"target\":{\"@type\":\"EntryPoint\",\"urlTemplate\":\"https:\/\/ismfrance.org\/?s={search_term_string}\"},\"query-input\":{\"@type\":\"PropertyValueSpecification\",\"valueRequired\":true,\"valueName\":\"search_term_string\"}}],\"inLanguage\":\"fr-FR\"},{\"@type\":\"Organization\",\"@id\":\"https:\/\/ismfrance.org\/#organization\",\"name\":\"International Solidarity Movement\",\"url\":\"https:\/\/ismfrance.org\/\",\"logo\":{\"@type\":\"ImageObject\",\"inLanguage\":\"fr-FR\",\"@id\":\"https:\/\/ismfrance.org\/#\/schema\/logo\/image\/\",\"url\":\"https:\/\/ismfrance.org\/wp-content\/uploads\/2020\/12\/00.png\",\"contentUrl\":\"https:\/\/ismfrance.org\/wp-content\/uploads\/2020\/12\/00.png\",\"width\":400,\"height\":400,\"caption\":\"International Solidarity Movement\"},\"image\":{\"@id\":\"https:\/\/ismfrance.org\/#\/schema\/logo\/image\/\"},\"sameAs\":[\"https:\/\/x.com\/ISMFRANCE\"]},{\"@type\":\"Person\",\"@id\":\"https:\/\/ismfrance.org\/#\/schema\/person\/3c411eb72adfaae19c0dca1f41fae01d\",\"name\":\"mru_01\",\"image\":{\"@type\":\"ImageObject\",\"inLanguage\":\"fr-FR\",\"@id\":\"https:\/\/secure.gravatar.com\/avatar\/3a0be343b445d2ccc79e87444a294fad2b232e90d2051d0e3cc219e1ecd6a330?s=96&d=mm&r=g\",\"url\":\"https:\/\/secure.gravatar.com\/avatar\/3a0be343b445d2ccc79e87444a294fad2b232e90d2051d0e3cc219e1ecd6a330?s=96&d=mm&r=g\",\"contentUrl\":\"https:\/\/secure.gravatar.com\/avatar\/3a0be343b445d2ccc79e87444a294fad2b232e90d2051d0e3cc219e1ecd6a330?s=96&d=mm&r=g\",\"caption\":\"mru_01\"},\"url\":\"https:\/\/ismfrance.org\/index.php\/author\/admin02\/\"}]}<\/script>\n<!-- \/ Yoast SEO plugin. -->","yoast_head_json":{"title":"Communiqu\u00e9 de la municipalit\u00e9 de Beita concernant le martyre de la militante de la solidarit\u00e9 internationale sur le mont Sabih - International Solidarity Movement - ISM-France","robots":{"index":"index","follow":"follow","max-snippet":"max-snippet:-1","max-image-preview":"max-image-preview:large","max-video-preview":"max-video-preview:-1"},"canonical":"https:\/\/ismfrance.org\/index.php\/2024\/09\/07\/communique-de-la-municipalite-de-beita-concernant-le-martyre-de-la-militante-de-la-solidarite-internationale-sur-le-mont-sabih\/","og_locale":"fr_FR","og_type":"article","og_title":"Communiqu\u00e9 de la municipalit\u00e9 de Beita concernant le martyre de la militante de la solidarit\u00e9 internationale sur le mont Sabih - International Solidarity Movement - ISM-France","og_description":"7 octobre 2024. La municipalit\u00e9 de Beita condamne dans les termes les plus forts le crime d&rsquo;ex\u00e9cution commis par les forces d&rsquo;occupation contre l&rsquo;activiste solidaire am\u00e9ricaine d&rsquo;origine turque, Aysinur Ezgi Lire la suite &rarr;","og_url":"https:\/\/ismfrance.org\/index.php\/2024\/09\/07\/communique-de-la-municipalite-de-beita-concernant-le-martyre-de-la-militante-de-la-solidarite-internationale-sur-le-mont-sabih\/","og_site_name":"International Solidarity Movement - ISM-France","article_published_time":"2024-09-07T14:26:10+00:00","author":"mru_01","twitter_card":"summary_large_image","twitter_creator":"@ISMFRANCE","twitter_site":"@ISMFRANCE","twitter_misc":{"\u00c9crit par":"mru_01","Dur\u00e9e de lecture estim\u00e9e":"2 minutes"},"schema":{"@context":"https:\/\/schema.org","@graph":[{"@type":"Article","@id":"https:\/\/ismfrance.org\/index.php\/2024\/09\/07\/communique-de-la-municipalite-de-beita-concernant-le-martyre-de-la-militante-de-la-solidarite-internationale-sur-le-mont-sabih\/#article","isPartOf":{"@id":"https:\/\/ismfrance.org\/index.php\/2024\/09\/07\/communique-de-la-municipalite-de-beita-concernant-le-martyre-de-la-militante-de-la-solidarite-internationale-sur-le-mont-sabih\/"},"author":{"name":"mru_01","@id":"https:\/\/ismfrance.org\/#\/schema\/person\/3c411eb72adfaae19c0dca1f41fae01d"},"headline":"Communiqu\u00e9 de la municipalit\u00e9 de Beita concernant le martyre de la militante de la solidarit\u00e9 internationale sur le mont Sabih","datePublished":"2024-09-07T14:26:10+00:00","mainEntityOfPage":{"@id":"https:\/\/ismfrance.org\/index.php\/2024\/09\/07\/communique-de-la-municipalite-de-beita-concernant-le-martyre-de-la-militante-de-la-solidarite-internationale-sur-le-mont-sabih\/"},"wordCount":363,"publisher":{"@id":"https:\/\/ismfrance.org\/#organization"},"keywords":["Victimes ISM"],"articleSection":["Articles","Communiqu\u00e9s"],"inLanguage":"fr-FR"},{"@type":"WebPage","@id":"https:\/\/ismfrance.org\/index.php\/2024\/09\/07\/communique-de-la-municipalite-de-beita-concernant-le-martyre-de-la-militante-de-la-solidarite-internationale-sur-le-mont-sabih\/","url":"https:\/\/ismfrance.org\/index.php\/2024\/09\/07\/communique-de-la-municipalite-de-beita-concernant-le-martyre-de-la-militante-de-la-solidarite-internationale-sur-le-mont-sabih\/","name":"Communiqu\u00e9 de la municipalit\u00e9 de Beita concernant le martyre de la militante de la solidarit\u00e9 internationale sur le mont Sabih - International Solidarity Movement - ISM-France","isPartOf":{"@id":"https:\/\/ismfrance.org\/#website"},"datePublished":"2024-09-07T14:26:10+00:00","breadcrumb":{"@id":"https:\/\/ismfrance.org\/index.php\/2024\/09\/07\/communique-de-la-municipalite-de-beita-concernant-le-martyre-de-la-militante-de-la-solidarite-internationale-sur-le-mont-sabih\/#breadcrumb"},"inLanguage":"fr-FR","potentialAction":[{"@type":"ReadAction","target":["https:\/\/ismfrance.org\/index.php\/2024\/09\/07\/communique-de-la-municipalite-de-beita-concernant-le-martyre-de-la-militante-de-la-solidarite-internationale-sur-le-mont-sabih\/"]}]},{"@type":"BreadcrumbList","@id":"https:\/\/ismfrance.org\/index.php\/2024\/09\/07\/communique-de-la-municipalite-de-beita-concernant-le-martyre-de-la-militante-de-la-solidarite-internationale-sur-le-mont-sabih\/#breadcrumb","itemListElement":[{"@type":"ListItem","position":1,"name":"Accueil","item":"https:\/\/ismfrance.org\/"},{"@type":"ListItem","position":2,"name":"Communiqu\u00e9 de la municipalit\u00e9 de Beita concernant le martyre de la militante de la solidarit\u00e9 internationale sur le mont Sabih"}]},{"@type":"WebSite","@id":"https:\/\/ismfrance.org\/#website","url":"https:\/\/ismfrance.org\/","name":"ISM Palestine France","description":"Soutien aux luttes de lib\u00e9ration du peuple palestinien","publisher":{"@id":"https:\/\/ismfrance.org\/#organization"},"potentialAction":[{"@type":"SearchAction","target":{"@type":"EntryPoint","urlTemplate":"https:\/\/ismfrance.org\/?s={search_term_string}"},"query-input":{"@type":"PropertyValueSpecification","valueRequired":true,"valueName":"search_term_string"}}],"inLanguage":"fr-FR"},{"@type":"Organization","@id":"https:\/\/ismfrance.org\/#organization","name":"International Solidarity Movement","url":"https:\/\/ismfrance.org\/","logo":{"@type":"ImageObject","inLanguage":"fr-FR","@id":"https:\/\/ismfrance.org\/#\/schema\/logo\/image\/","url":"https:\/\/ismfrance.org\/wp-content\/uploads\/2020\/12\/00.png","contentUrl":"https:\/\/ismfrance.org\/wp-content\/uploads\/2020\/12\/00.png","width":400,"height":400,"caption":"International Solidarity Movement"},"image":{"@id":"https:\/\/ismfrance.org\/#\/schema\/logo\/image\/"},"sameAs":["https:\/\/x.com\/ISMFRANCE"]},{"@type":"Person","@id":"https:\/\/ismfrance.org\/#\/schema\/person\/3c411eb72adfaae19c0dca1f41fae01d","name":"mru_01","image":{"@type":"ImageObject","inLanguage":"fr-FR","@id":"https:\/\/secure.gravatar.com\/avatar\/3a0be343b445d2ccc79e87444a294fad2b232e90d2051d0e3cc219e1ecd6a330?s=96&d=mm&r=g","url":"https:\/\/secure.gravatar.com\/avatar\/3a0be343b445d2ccc79e87444a294fad2b232e90d2051d0e3cc219e1ecd6a330?s=96&d=mm&r=g","contentUrl":"https:\/\/secure.gravatar.com\/avatar\/3a0be343b445d2ccc79e87444a294fad2b232e90d2051d0e3cc219e1ecd6a330?s=96&d=mm&r=g","caption":"mru_01"},"url":"https:\/\/ismfrance.org\/index.php\/author\/admin02\/"}]}},"_links":{"self":[{"href":"https:\/\/ismfrance.org\/index.php\/wp-json\/wp\/v2\/posts\/14192","targetHints":{"allow":["GET"]}}],"collection":[{"href":"https:\/\/ismfrance.org\/index.php\/wp-json\/wp\/v2\/posts"}],"about":[{"href":"https:\/\/ismfrance.org\/index.php\/wp-json\/wp\/v2\/types\/post"}],"author":[{"embeddable":true,"href":"https:\/\/ismfrance.org\/index.php\/wp-json\/wp\/v2\/users\/3"}],"replies":[{"embeddable":true,"href":"https:\/\/ismfrance.org\/index.php\/wp-json\/wp\/v2\/comments?post=14192"}],"version-history":[{"count":0,"href":"https:\/\/ismfrance.org\/index.php\/wp-json\/wp\/v2\/posts\/14192\/revisions"}],"wp:attachment":[{"href":"https:\/\/ismfrance.org\/index.php\/wp-json\/wp\/v2\/media?parent=14192"}],"wp:term":[{"taxonomy":"category","embeddable":true,"href":"https:\/\/ismfrance.org\/index.php\/wp-json\/wp\/v2\/categories?post=14192"},{"taxonomy":"post_tag","embeddable":true,"href":"https:\/\/ismfrance.org\/index.php\/wp-json\/wp\/v2\/tags?post=14192"}],"curies":[{"name":"wp","href":"https:\/\/api.w.org\/{rel}","templated":true}]}}