{"id":14063,"date":"2024-08-31T12:08:27","date_gmt":"2024-08-31T10:08:27","guid":{"rendered":"https:\/\/ismfrance.org\/?p=14063"},"modified":"2024-08-31T12:08:27","modified_gmt":"2024-08-31T10:08:27","slug":"temoignage-anonyme-dun-citoyen-de-gaza","status":"publish","type":"post","link":"https:\/\/ismfrance.org\/index.php\/2024\/08\/31\/temoignage-anonyme-dun-citoyen-de-gaza\/","title":{"rendered":"T\u00e9moignage anonyme d\u2019un citoyen de Gaza"},"content":{"rendered":"<p>Depuis le 7 octobre 2023, la bande de Gaza est soumise \u00e0 une campagne g\u00e9nocidaire de l&rsquo;arm\u00e9e isra\u00e9lienne contre les civils, avec des bombardements aveugles et intensifs sur les zones r\u00e9sidentielles qui ciblent les enfants, les femmes et les personnes \u00e2g\u00e9es. Depuis le d\u00e9but de cette agression, des milliers de victimes innocentes sont tomb\u00e9es sous le feu des attaques isra\u00e9liennes qui pr\u00e9tendent viser le Hamas, alors que la douloureuse r\u00e9alit\u00e9 montre que le v\u00e9ritable objectif est d&rsquo;\u00e9liminer le plus grand nombre possible de Palestiniens.<\/p>\n<p><a href=\"https:\/\/ismfrance.org\/wp-content\/uploads\/2024\/08\/baby.jpeg\"><img loading=\"lazy\" decoding=\"async\" class=\"alignnone size-large wp-image-14065\" src=\"https:\/\/ismfrance.org\/wp-content\/uploads\/2024\/08\/baby-700x466.jpeg\" alt=\"\" width=\"600\" height=\"399\" srcset=\"https:\/\/ismfrance.org\/wp-content\/uploads\/2024\/08\/baby-700x466.jpeg 700w, https:\/\/ismfrance.org\/wp-content\/uploads\/2024\/08\/baby-300x200.jpeg 300w, https:\/\/ismfrance.org\/wp-content\/uploads\/2024\/08\/baby-768x512.jpeg 768w, https:\/\/ismfrance.org\/wp-content\/uploads\/2024\/08\/baby.jpeg 770w\" sizes=\"auto, (max-width: 600px) 100vw, 600px\" \/><\/a><\/p>\n<p>Chaque jour, des dizaines d&rsquo;enfants sont victimes de cette violence brutale, dans des sc\u00e8nes qui martyrisent les corps et am\u00e8nent la conscience humaine \u00e0 s&rsquo;interroger sur la moralit\u00e9 et l&rsquo;humanit\u00e9 de cette agression en cours. Cette agression n&rsquo;est pas seulement une guerre militaire, mais un g\u00e9nocide qui vise \u00e0 d\u00e9truire la vie de tout un peuple, \u00e0 d\u00e9chirer des familles et \u00e0 laisser toute une g\u00e9n\u00e9ration souffrir des effets psychologiques et physiques de la guerre.<\/p>\n<p>Dans ce contexte, on ne peut pas ignorer le soutien am\u00e9ricain \u00e0 Isra\u00ebl. Depuis le d\u00e9but de la guerre, les \u00c9tats-Unis apportent \u00e0 Isra\u00ebl un soutien total sur le plan militaire et en mati\u00e8re de renseignement, y compris en lui fournissant les armes et \u00e9quipements les plus r\u00e9cents pour tuer des innocents \u00e0 Gaza. Cela survient \u00e0 un moment o\u00f9 l&rsquo;Am\u00e9rique tente d&rsquo;appara\u00eetre comme un d\u00e9fenseur des droits de l&rsquo;homme en appelant \u00e0 une tr\u00eave humanitaire de 72 heures <b>pour distribuer des vaccins contre la polio<\/b>. Mais comment peut-on faire confiance \u00e0 un appel humanitaire \u00e9manant d&rsquo;un parti qui soutient pleinement les bombardements et les massacres en cours ?<\/p>\n<p>On peut fortement douter des intentions des \u00c9tats-Unis lorsque l&rsquo;on constate le parti pris \u00e9vident en faveur d&rsquo;Isra\u00ebl et le m\u00e9pris pour les souffrances des Palestiniens. <b>Dans ces conditions, l&rsquo;appel \u00e0 la vaccination des enfants contre la polio arrive \u00e0 un moment o\u00f9 on peut avoir les pires doutes<\/b>, surtout \u00e0 la lumi\u00e8re du soutien inconditionnel que les \u00c9tats-Unis apportent \u00e0 Isra\u00ebl.<\/p>\n<p>Pour de nombreux parents de Gaza, il est difficile de faire confiance aux vaccins fournis par ceux qui soutiennent pleinement le massacre et la destruction inflig\u00e9s \u00e0 leurs enfants. Comment peut-on faire confiance aux intentions humanitaires de ceux qui financent et soutiennent la guerre contre eux ? Ce scepticisme est naturel et justifi\u00e9 dans ces situations difficiles, et <b>la d\u00e9cision de nombreux parents de ne pas autoriser leurs enfants \u00e0 recevoir ces vaccins est l&rsquo;expression de ce scepticisme et de cette m\u00e9fiance<\/b>.<\/p>\n<p>Isra\u00ebl poursuit ses op\u00e9rations militaires dans la bande de Gaza, au m\u00e9pris de toutes les lois internationales relatives \u00e0 la protection des civils dans les conflits arm\u00e9s. Ce m\u00e9pris flagrant du droit humanitaire international est clairement d\u00e9montr\u00e9 par le ciblage de zones r\u00e9sidentielles, d&rsquo;\u00e9coles et d&rsquo;h\u00f4pitaux, qui a fait des milliers de victimes civiles, dont des enfants, des femmes et des personnes \u00e2g\u00e9es. Ce comportement permanent refl\u00e8te le m\u00e9pris d&rsquo;Isra\u00ebl pour les obligations internationales qui interdisent les attaques aveugles et exigent de toutes les parties qu&rsquo;elles prot\u00e8gent les civils en temps de conflit.<\/p>\n<p>La communaut\u00e9 internationale, cens\u00e9e \u00eatre garante de l&rsquo;application de ces lois, reste impuissante face \u00e0 ces violations permanentes. Certains pensent que cette impuissance est due \u00e0 la complicit\u00e9 de certains pays avec Isra\u00ebl, notamment ceux qui lui apportent un soutien politique et militaire. D&rsquo;autres estiment que la communaut\u00e9 internationale n&rsquo;est pas en mesure de contr\u00f4ler les actions d&rsquo;Isra\u00ebl, soit en raison du d\u00e9s\u00e9quilibre des pouvoirs au sein des institutions internationales, soit en raison de la pression politique exerc\u00e9e par les pays alli\u00e9s d&rsquo;Isra\u00ebl.<\/p>\n<p>Dans cette situation, beaucoup se sentent frustr\u00e9s que la communaut\u00e9 internationale soit incapable d&rsquo;obliger Isra\u00ebl \u00e0 appliquer le droit international et de le punir pour les graves violations qu&rsquo;il commet \u00e0 l&rsquo;encontre du peuple palestinien. Cette incapacit\u00e9 contribue \u00e0 la poursuite des souffrances et exacerbe le conflit, car les Palestiniens ont le sentiment que la justice internationale ne leur est pas appliqu\u00e9e et que la communaut\u00e9 internationale ferme les yeux sur leur trag\u00e9die.<\/p>\n<p>La situation actuelle exige une action urgente de la part de la communaut\u00e9 internationale pour r\u00e9tablir le respect du droit international et prot\u00e9ger les civils. Si des mesures s\u00e9rieuses ne sont pas prises pour qu\u2019Isra\u00ebl ait \u00e0 r\u00e9pondre de ces violations, alors la violence et l&rsquo;instabilit\u00e9 s&rsquo;aggraveront dans la r\u00e9gion et la communaut\u00e9 internationale perdra ce qui lui reste de cr\u00e9dibilit\u00e9 en tant que gardienne de la paix et de la justice dans le monde.<\/p>\n","protected":false},"excerpt":{"rendered":"<p>Depuis le 7 octobre 2023, la bande de Gaza est soumise \u00e0 une campagne g\u00e9nocidaire de l&rsquo;arm\u00e9e isra\u00e9lienne contre les civils, avec des bombardements aveugles et intensifs sur les zones <a class=\"more-link\" href=\"https:\/\/ismfrance.org\/index.php\/2024\/08\/31\/temoignage-anonyme-dun-citoyen-de-gaza\/\">Lire la suite &rarr;<\/a><\/p>\n","protected":false},"author":3,"featured_media":14065,"comment_status":"closed","ping_status":"closed","sticky":false,"template":"","format":"standard","meta":{"footnotes":""},"categories":[12,2],"tags":[53,156,45],"class_list":["post-14063","post","type-post","status-publish","format-standard","has-post-thumbnail","hentry","category-analyses","category-articles","tag-collabos","tag-genocide","tag-nettoyage-ethnique"],"yoast_head":"<!-- This site is optimized with the Yoast SEO plugin v27.2 - https:\/\/yoast.com\/product\/yoast-seo-wordpress\/ -->\n<title>T\u00e9moignage anonyme d\u2019un citoyen de Gaza - International Solidarity Movement - ISM-France<\/title>\n<meta name=\"robots\" content=\"index, follow, max-snippet:-1, max-image-preview:large, max-video-preview:-1\" \/>\n<link rel=\"canonical\" href=\"https:\/\/ismfrance.org\/index.php\/2024\/08\/31\/temoignage-anonyme-dun-citoyen-de-gaza\/\" \/>\n<meta property=\"og:locale\" content=\"fr_FR\" \/>\n<meta property=\"og:type\" content=\"article\" \/>\n<meta property=\"og:title\" content=\"T\u00e9moignage anonyme d\u2019un citoyen de Gaza - International Solidarity Movement - ISM-France\" \/>\n<meta property=\"og:description\" content=\"Depuis le 7 octobre 2023, la bande de Gaza est soumise \u00e0 une campagne g\u00e9nocidaire de l&rsquo;arm\u00e9e isra\u00e9lienne contre les civils, avec des bombardements aveugles et intensifs sur les zones Lire la suite &rarr;\" \/>\n<meta property=\"og:url\" content=\"https:\/\/ismfrance.org\/index.php\/2024\/08\/31\/temoignage-anonyme-dun-citoyen-de-gaza\/\" \/>\n<meta property=\"og:site_name\" content=\"International Solidarity Movement - ISM-France\" \/>\n<meta property=\"article:published_time\" content=\"2024-08-31T10:08:27+00:00\" \/>\n<meta property=\"og:image\" content=\"https:\/\/ismfrance.org\/wp-content\/uploads\/2024\/08\/baby.jpeg\" \/>\n\t<meta property=\"og:image:width\" content=\"770\" \/>\n\t<meta property=\"og:image:height\" content=\"513\" \/>\n\t<meta property=\"og:image:type\" content=\"image\/jpeg\" \/>\n<meta name=\"author\" content=\"mru_01\" \/>\n<meta name=\"twitter:card\" content=\"summary_large_image\" \/>\n<meta name=\"twitter:creator\" content=\"@ISMFRANCE\" \/>\n<meta name=\"twitter:site\" content=\"@ISMFRANCE\" \/>\n<meta name=\"twitter:label1\" content=\"\u00c9crit par\" \/>\n\t<meta name=\"twitter:data1\" content=\"mru_01\" \/>\n\t<meta name=\"twitter:label2\" content=\"Dur\u00e9e de lecture estim\u00e9e\" \/>\n\t<meta name=\"twitter:data2\" content=\"5 minutes\" \/>\n<script type=\"application\/ld+json\" class=\"yoast-schema-graph\">{\"@context\":\"https:\/\/schema.org\",\"@graph\":[{\"@type\":\"Article\",\"@id\":\"https:\/\/ismfrance.org\/index.php\/2024\/08\/31\/temoignage-anonyme-dun-citoyen-de-gaza\/#article\",\"isPartOf\":{\"@id\":\"https:\/\/ismfrance.org\/index.php\/2024\/08\/31\/temoignage-anonyme-dun-citoyen-de-gaza\/\"},\"author\":{\"name\":\"mru_01\",\"@id\":\"https:\/\/ismfrance.org\/#\/schema\/person\/3c411eb72adfaae19c0dca1f41fae01d\"},\"headline\":\"T\u00e9moignage anonyme d\u2019un citoyen de Gaza\",\"datePublished\":\"2024-08-31T10:08:27+00:00\",\"mainEntityOfPage\":{\"@id\":\"https:\/\/ismfrance.org\/index.php\/2024\/08\/31\/temoignage-anonyme-dun-citoyen-de-gaza\/\"},\"wordCount\":812,\"publisher\":{\"@id\":\"https:\/\/ismfrance.org\/#organization\"},\"image\":{\"@id\":\"https:\/\/ismfrance.org\/index.php\/2024\/08\/31\/temoignage-anonyme-dun-citoyen-de-gaza\/#primaryimage\"},\"thumbnailUrl\":\"https:\/\/ismfrance.org\/wp-content\/uploads\/2024\/08\/baby.jpeg\",\"keywords\":[\"Collabos\",\"G\u00e9nocide\",\"nettoyage ethnique\"],\"articleSection\":[\"Analyses\",\"Articles\"],\"inLanguage\":\"fr-FR\"},{\"@type\":\"WebPage\",\"@id\":\"https:\/\/ismfrance.org\/index.php\/2024\/08\/31\/temoignage-anonyme-dun-citoyen-de-gaza\/\",\"url\":\"https:\/\/ismfrance.org\/index.php\/2024\/08\/31\/temoignage-anonyme-dun-citoyen-de-gaza\/\",\"name\":\"T\u00e9moignage anonyme d\u2019un citoyen de Gaza - International Solidarity Movement - ISM-France\",\"isPartOf\":{\"@id\":\"https:\/\/ismfrance.org\/#website\"},\"primaryImageOfPage\":{\"@id\":\"https:\/\/ismfrance.org\/index.php\/2024\/08\/31\/temoignage-anonyme-dun-citoyen-de-gaza\/#primaryimage\"},\"image\":{\"@id\":\"https:\/\/ismfrance.org\/index.php\/2024\/08\/31\/temoignage-anonyme-dun-citoyen-de-gaza\/#primaryimage\"},\"thumbnailUrl\":\"https:\/\/ismfrance.org\/wp-content\/uploads\/2024\/08\/baby.jpeg\",\"datePublished\":\"2024-08-31T10:08:27+00:00\",\"breadcrumb\":{\"@id\":\"https:\/\/ismfrance.org\/index.php\/2024\/08\/31\/temoignage-anonyme-dun-citoyen-de-gaza\/#breadcrumb\"},\"inLanguage\":\"fr-FR\",\"potentialAction\":[{\"@type\":\"ReadAction\",\"target\":[\"https:\/\/ismfrance.org\/index.php\/2024\/08\/31\/temoignage-anonyme-dun-citoyen-de-gaza\/\"]}]},{\"@type\":\"ImageObject\",\"inLanguage\":\"fr-FR\",\"@id\":\"https:\/\/ismfrance.org\/index.php\/2024\/08\/31\/temoignage-anonyme-dun-citoyen-de-gaza\/#primaryimage\",\"url\":\"https:\/\/ismfrance.org\/wp-content\/uploads\/2024\/08\/baby.jpeg\",\"contentUrl\":\"https:\/\/ismfrance.org\/wp-content\/uploads\/2024\/08\/baby.jpeg\",\"width\":770,\"height\":513},{\"@type\":\"BreadcrumbList\",\"@id\":\"https:\/\/ismfrance.org\/index.php\/2024\/08\/31\/temoignage-anonyme-dun-citoyen-de-gaza\/#breadcrumb\",\"itemListElement\":[{\"@type\":\"ListItem\",\"position\":1,\"name\":\"Accueil\",\"item\":\"https:\/\/ismfrance.org\/\"},{\"@type\":\"ListItem\",\"position\":2,\"name\":\"T\u00e9moignage anonyme d\u2019un citoyen de Gaza\"}]},{\"@type\":\"WebSite\",\"@id\":\"https:\/\/ismfrance.org\/#website\",\"url\":\"https:\/\/ismfrance.org\/\",\"name\":\"ISM Palestine France\",\"description\":\"Soutien aux luttes de lib\u00e9ration du peuple palestinien\",\"publisher\":{\"@id\":\"https:\/\/ismfrance.org\/#organization\"},\"potentialAction\":[{\"@type\":\"SearchAction\",\"target\":{\"@type\":\"EntryPoint\",\"urlTemplate\":\"https:\/\/ismfrance.org\/?s={search_term_string}\"},\"query-input\":{\"@type\":\"PropertyValueSpecification\",\"valueRequired\":true,\"valueName\":\"search_term_string\"}}],\"inLanguage\":\"fr-FR\"},{\"@type\":\"Organization\",\"@id\":\"https:\/\/ismfrance.org\/#organization\",\"name\":\"International Solidarity Movement\",\"url\":\"https:\/\/ismfrance.org\/\",\"logo\":{\"@type\":\"ImageObject\",\"inLanguage\":\"fr-FR\",\"@id\":\"https:\/\/ismfrance.org\/#\/schema\/logo\/image\/\",\"url\":\"https:\/\/ismfrance.org\/wp-content\/uploads\/2020\/12\/00.png\",\"contentUrl\":\"https:\/\/ismfrance.org\/wp-content\/uploads\/2020\/12\/00.png\",\"width\":400,\"height\":400,\"caption\":\"International Solidarity Movement\"},\"image\":{\"@id\":\"https:\/\/ismfrance.org\/#\/schema\/logo\/image\/\"},\"sameAs\":[\"https:\/\/x.com\/ISMFRANCE\"]},{\"@type\":\"Person\",\"@id\":\"https:\/\/ismfrance.org\/#\/schema\/person\/3c411eb72adfaae19c0dca1f41fae01d\",\"name\":\"mru_01\",\"image\":{\"@type\":\"ImageObject\",\"inLanguage\":\"fr-FR\",\"@id\":\"https:\/\/secure.gravatar.com\/avatar\/3a0be343b445d2ccc79e87444a294fad2b232e90d2051d0e3cc219e1ecd6a330?s=96&d=mm&r=g\",\"url\":\"https:\/\/secure.gravatar.com\/avatar\/3a0be343b445d2ccc79e87444a294fad2b232e90d2051d0e3cc219e1ecd6a330?s=96&d=mm&r=g\",\"contentUrl\":\"https:\/\/secure.gravatar.com\/avatar\/3a0be343b445d2ccc79e87444a294fad2b232e90d2051d0e3cc219e1ecd6a330?s=96&d=mm&r=g\",\"caption\":\"mru_01\"},\"url\":\"https:\/\/ismfrance.org\/index.php\/author\/admin02\/\"}]}<\/script>\n<!-- \/ Yoast SEO plugin. -->","yoast_head_json":{"title":"T\u00e9moignage anonyme d\u2019un citoyen de Gaza - International Solidarity Movement - ISM-France","robots":{"index":"index","follow":"follow","max-snippet":"max-snippet:-1","max-image-preview":"max-image-preview:large","max-video-preview":"max-video-preview:-1"},"canonical":"https:\/\/ismfrance.org\/index.php\/2024\/08\/31\/temoignage-anonyme-dun-citoyen-de-gaza\/","og_locale":"fr_FR","og_type":"article","og_title":"T\u00e9moignage anonyme d\u2019un citoyen de Gaza - International Solidarity Movement - ISM-France","og_description":"Depuis le 7 octobre 2023, la bande de Gaza est soumise \u00e0 une campagne g\u00e9nocidaire de l&rsquo;arm\u00e9e isra\u00e9lienne contre les civils, avec des bombardements aveugles et intensifs sur les zones Lire la suite &rarr;","og_url":"https:\/\/ismfrance.org\/index.php\/2024\/08\/31\/temoignage-anonyme-dun-citoyen-de-gaza\/","og_site_name":"International Solidarity Movement - ISM-France","article_published_time":"2024-08-31T10:08:27+00:00","og_image":[{"width":770,"height":513,"url":"https:\/\/ismfrance.org\/wp-content\/uploads\/2024\/08\/baby.jpeg","type":"image\/jpeg"}],"author":"mru_01","twitter_card":"summary_large_image","twitter_creator":"@ISMFRANCE","twitter_site":"@ISMFRANCE","twitter_misc":{"\u00c9crit par":"mru_01","Dur\u00e9e de lecture estim\u00e9e":"5 minutes"},"schema":{"@context":"https:\/\/schema.org","@graph":[{"@type":"Article","@id":"https:\/\/ismfrance.org\/index.php\/2024\/08\/31\/temoignage-anonyme-dun-citoyen-de-gaza\/#article","isPartOf":{"@id":"https:\/\/ismfrance.org\/index.php\/2024\/08\/31\/temoignage-anonyme-dun-citoyen-de-gaza\/"},"author":{"name":"mru_01","@id":"https:\/\/ismfrance.org\/#\/schema\/person\/3c411eb72adfaae19c0dca1f41fae01d"},"headline":"T\u00e9moignage anonyme d\u2019un citoyen de Gaza","datePublished":"2024-08-31T10:08:27+00:00","mainEntityOfPage":{"@id":"https:\/\/ismfrance.org\/index.php\/2024\/08\/31\/temoignage-anonyme-dun-citoyen-de-gaza\/"},"wordCount":812,"publisher":{"@id":"https:\/\/ismfrance.org\/#organization"},"image":{"@id":"https:\/\/ismfrance.org\/index.php\/2024\/08\/31\/temoignage-anonyme-dun-citoyen-de-gaza\/#primaryimage"},"thumbnailUrl":"https:\/\/ismfrance.org\/wp-content\/uploads\/2024\/08\/baby.jpeg","keywords":["Collabos","G\u00e9nocide","nettoyage ethnique"],"articleSection":["Analyses","Articles"],"inLanguage":"fr-FR"},{"@type":"WebPage","@id":"https:\/\/ismfrance.org\/index.php\/2024\/08\/31\/temoignage-anonyme-dun-citoyen-de-gaza\/","url":"https:\/\/ismfrance.org\/index.php\/2024\/08\/31\/temoignage-anonyme-dun-citoyen-de-gaza\/","name":"T\u00e9moignage anonyme d\u2019un citoyen de Gaza - International Solidarity Movement - ISM-France","isPartOf":{"@id":"https:\/\/ismfrance.org\/#website"},"primaryImageOfPage":{"@id":"https:\/\/ismfrance.org\/index.php\/2024\/08\/31\/temoignage-anonyme-dun-citoyen-de-gaza\/#primaryimage"},"image":{"@id":"https:\/\/ismfrance.org\/index.php\/2024\/08\/31\/temoignage-anonyme-dun-citoyen-de-gaza\/#primaryimage"},"thumbnailUrl":"https:\/\/ismfrance.org\/wp-content\/uploads\/2024\/08\/baby.jpeg","datePublished":"2024-08-31T10:08:27+00:00","breadcrumb":{"@id":"https:\/\/ismfrance.org\/index.php\/2024\/08\/31\/temoignage-anonyme-dun-citoyen-de-gaza\/#breadcrumb"},"inLanguage":"fr-FR","potentialAction":[{"@type":"ReadAction","target":["https:\/\/ismfrance.org\/index.php\/2024\/08\/31\/temoignage-anonyme-dun-citoyen-de-gaza\/"]}]},{"@type":"ImageObject","inLanguage":"fr-FR","@id":"https:\/\/ismfrance.org\/index.php\/2024\/08\/31\/temoignage-anonyme-dun-citoyen-de-gaza\/#primaryimage","url":"https:\/\/ismfrance.org\/wp-content\/uploads\/2024\/08\/baby.jpeg","contentUrl":"https:\/\/ismfrance.org\/wp-content\/uploads\/2024\/08\/baby.jpeg","width":770,"height":513},{"@type":"BreadcrumbList","@id":"https:\/\/ismfrance.org\/index.php\/2024\/08\/31\/temoignage-anonyme-dun-citoyen-de-gaza\/#breadcrumb","itemListElement":[{"@type":"ListItem","position":1,"name":"Accueil","item":"https:\/\/ismfrance.org\/"},{"@type":"ListItem","position":2,"name":"T\u00e9moignage anonyme d\u2019un citoyen de Gaza"}]},{"@type":"WebSite","@id":"https:\/\/ismfrance.org\/#website","url":"https:\/\/ismfrance.org\/","name":"ISM Palestine France","description":"Soutien aux luttes de lib\u00e9ration du peuple palestinien","publisher":{"@id":"https:\/\/ismfrance.org\/#organization"},"potentialAction":[{"@type":"SearchAction","target":{"@type":"EntryPoint","urlTemplate":"https:\/\/ismfrance.org\/?s={search_term_string}"},"query-input":{"@type":"PropertyValueSpecification","valueRequired":true,"valueName":"search_term_string"}}],"inLanguage":"fr-FR"},{"@type":"Organization","@id":"https:\/\/ismfrance.org\/#organization","name":"International Solidarity Movement","url":"https:\/\/ismfrance.org\/","logo":{"@type":"ImageObject","inLanguage":"fr-FR","@id":"https:\/\/ismfrance.org\/#\/schema\/logo\/image\/","url":"https:\/\/ismfrance.org\/wp-content\/uploads\/2020\/12\/00.png","contentUrl":"https:\/\/ismfrance.org\/wp-content\/uploads\/2020\/12\/00.png","width":400,"height":400,"caption":"International Solidarity Movement"},"image":{"@id":"https:\/\/ismfrance.org\/#\/schema\/logo\/image\/"},"sameAs":["https:\/\/x.com\/ISMFRANCE"]},{"@type":"Person","@id":"https:\/\/ismfrance.org\/#\/schema\/person\/3c411eb72adfaae19c0dca1f41fae01d","name":"mru_01","image":{"@type":"ImageObject","inLanguage":"fr-FR","@id":"https:\/\/secure.gravatar.com\/avatar\/3a0be343b445d2ccc79e87444a294fad2b232e90d2051d0e3cc219e1ecd6a330?s=96&d=mm&r=g","url":"https:\/\/secure.gravatar.com\/avatar\/3a0be343b445d2ccc79e87444a294fad2b232e90d2051d0e3cc219e1ecd6a330?s=96&d=mm&r=g","contentUrl":"https:\/\/secure.gravatar.com\/avatar\/3a0be343b445d2ccc79e87444a294fad2b232e90d2051d0e3cc219e1ecd6a330?s=96&d=mm&r=g","caption":"mru_01"},"url":"https:\/\/ismfrance.org\/index.php\/author\/admin02\/"}]}},"_links":{"self":[{"href":"https:\/\/ismfrance.org\/index.php\/wp-json\/wp\/v2\/posts\/14063","targetHints":{"allow":["GET"]}}],"collection":[{"href":"https:\/\/ismfrance.org\/index.php\/wp-json\/wp\/v2\/posts"}],"about":[{"href":"https:\/\/ismfrance.org\/index.php\/wp-json\/wp\/v2\/types\/post"}],"author":[{"embeddable":true,"href":"https:\/\/ismfrance.org\/index.php\/wp-json\/wp\/v2\/users\/3"}],"replies":[{"embeddable":true,"href":"https:\/\/ismfrance.org\/index.php\/wp-json\/wp\/v2\/comments?post=14063"}],"version-history":[{"count":0,"href":"https:\/\/ismfrance.org\/index.php\/wp-json\/wp\/v2\/posts\/14063\/revisions"}],"wp:featuredmedia":[{"embeddable":true,"href":"https:\/\/ismfrance.org\/index.php\/wp-json\/wp\/v2\/media\/14065"}],"wp:attachment":[{"href":"https:\/\/ismfrance.org\/index.php\/wp-json\/wp\/v2\/media?parent=14063"}],"wp:term":[{"taxonomy":"category","embeddable":true,"href":"https:\/\/ismfrance.org\/index.php\/wp-json\/wp\/v2\/categories?post=14063"},{"taxonomy":"post_tag","embeddable":true,"href":"https:\/\/ismfrance.org\/index.php\/wp-json\/wp\/v2\/tags?post=14063"}],"curies":[{"name":"wp","href":"https:\/\/api.w.org\/{rel}","templated":true}]}}