{"id":13954,"date":"2024-08-27T09:58:08","date_gmt":"2024-08-27T07:58:08","guid":{"rendered":"https:\/\/ismfrance.org\/?p=13954"},"modified":"2024-12-16T10:45:36","modified_gmt":"2024-12-16T09:45:36","slug":"temoignages-de-gazaouis-la-survie-qui-sorganise-au-jour-le-jour-dans-lenfer-de-gaza-partie-155-25-aout","status":"publish","type":"post","link":"https:\/\/ismfrance.org\/index.php\/2024\/08\/27\/temoignages-de-gazaouis-la-survie-qui-sorganise-au-jour-le-jour-dans-lenfer-de-gaza-partie-155-25-aout\/","title":{"rendered":"T\u00e9moignages de Gazaouis : La survie qui s\u2019organise au jour le jour dans l\u2019enfer de Gaza \u2013 partie 155 \/ 25 ao\u00fbt"},"content":{"rendered":"<p align=\"LEFT\"><span style=\"color: #000000;\"><span style=\"font-family: Arial, sans-serif;\"><span style=\"font-size: medium;\"><b>Brigitte Challande, 26 ao\u00fbt 2024. <\/b>Le 25 ao\u00fbt, sous une s\u00e9rie de photos pleines de vie, de pr\u00e9sence et d\u2019attention des enfants dans l\u2019\u00c9cole Solidaire, Marsel \u00e9crit le commentaire suivant\u00a0: <\/span><\/span><\/span><span style=\"color: #000000;\"><span style=\"font-family: Arial, sans-serif;\"><span style=\"font-size: medium;\"><i>\u00ab\u00a0Nous avons encore de l\u2019espoir, nous apprenons et nous continuerons d\u2019apprendre, car nous croyons que notre pays aura besoin de nous et que nous rendrons l\u2019avenir meilleur.\u00a0\u00bb<\/i><\/span><\/span><\/span><\/p>\n<blockquote><p>Cliquez ici pour consulter les <a href=\"https:\/\/ismfrance.org\/index.php\/temoignages-gazaouis-survie-enfer-gaza-1\/\" rel=\"noopener\" target=\"_blank\">R\u00e9cits complets<\/a>.<\/p><\/blockquote>\n<p align=\"LEFT\"><a href=\"https:\/\/ismfrance.org\/wp-content\/uploads\/2024\/08\/ecole1-1.jpeg\"><img loading=\"lazy\" decoding=\"async\" class=\"alignnone size-large wp-image-13955\" src=\"https:\/\/ismfrance.org\/wp-content\/uploads\/2024\/08\/ecole1-1-700x315.jpeg\" alt=\"\" width=\"600\" height=\"270\" srcset=\"https:\/\/ismfrance.org\/wp-content\/uploads\/2024\/08\/ecole1-1-700x315.jpeg 700w, https:\/\/ismfrance.org\/wp-content\/uploads\/2024\/08\/ecole1-1-300x135.jpeg 300w, https:\/\/ismfrance.org\/wp-content\/uploads\/2024\/08\/ecole1-1-768x346.jpeg 768w, https:\/\/ismfrance.org\/wp-content\/uploads\/2024\/08\/ecole1-1-1536x692.jpeg 1536w, https:\/\/ismfrance.org\/wp-content\/uploads\/2024\/08\/ecole1-1-1320x595.jpeg 1320w, https:\/\/ismfrance.org\/wp-content\/uploads\/2024\/08\/ecole1-1.jpeg 1600w\" sizes=\"auto, (max-width: 600px) 100vw, 600px\" \/><\/a> <a href=\"https:\/\/ismfrance.org\/wp-content\/uploads\/2024\/08\/ecole2-1.jpeg\"><img loading=\"lazy\" decoding=\"async\" class=\"alignnone size-large wp-image-13956\" src=\"https:\/\/ismfrance.org\/wp-content\/uploads\/2024\/08\/ecole2-1-700x315.jpeg\" alt=\"\" width=\"600\" height=\"270\" srcset=\"https:\/\/ismfrance.org\/wp-content\/uploads\/2024\/08\/ecole2-1-700x315.jpeg 700w, https:\/\/ismfrance.org\/wp-content\/uploads\/2024\/08\/ecole2-1-300x135.jpeg 300w, https:\/\/ismfrance.org\/wp-content\/uploads\/2024\/08\/ecole2-1-768x346.jpeg 768w, https:\/\/ismfrance.org\/wp-content\/uploads\/2024\/08\/ecole2-1-1536x692.jpeg 1536w, https:\/\/ismfrance.org\/wp-content\/uploads\/2024\/08\/ecole2-1-1320x595.jpeg 1320w, https:\/\/ismfrance.org\/wp-content\/uploads\/2024\/08\/ecole2-1.jpeg 1600w\" sizes=\"auto, (max-width: 600px) 100vw, 600px\" \/><\/a> <a href=\"https:\/\/ismfrance.org\/wp-content\/uploads\/2024\/08\/ecole3.jpeg\"><img loading=\"lazy\" decoding=\"async\" class=\"alignnone size-large wp-image-13957\" src=\"https:\/\/ismfrance.org\/wp-content\/uploads\/2024\/08\/ecole3-700x315.jpeg\" alt=\"\" width=\"600\" height=\"270\" srcset=\"https:\/\/ismfrance.org\/wp-content\/uploads\/2024\/08\/ecole3-700x315.jpeg 700w, https:\/\/ismfrance.org\/wp-content\/uploads\/2024\/08\/ecole3-300x135.jpeg 300w, https:\/\/ismfrance.org\/wp-content\/uploads\/2024\/08\/ecole3-768x346.jpeg 768w, https:\/\/ismfrance.org\/wp-content\/uploads\/2024\/08\/ecole3-1536x692.jpeg 1536w, https:\/\/ismfrance.org\/wp-content\/uploads\/2024\/08\/ecole3-1320x595.jpeg 1320w, https:\/\/ismfrance.org\/wp-content\/uploads\/2024\/08\/ecole3.jpeg 1600w\" sizes=\"auto, (max-width: 600px) 100vw, 600px\" \/><\/a> <a href=\"https:\/\/ismfrance.org\/wp-content\/uploads\/2024\/08\/ecole4.jpeg\"><img loading=\"lazy\" decoding=\"async\" class=\"alignnone size-large wp-image-13958\" src=\"https:\/\/ismfrance.org\/wp-content\/uploads\/2024\/08\/ecole4-700x315.jpeg\" alt=\"\" width=\"600\" height=\"270\" srcset=\"https:\/\/ismfrance.org\/wp-content\/uploads\/2024\/08\/ecole4-700x315.jpeg 700w, https:\/\/ismfrance.org\/wp-content\/uploads\/2024\/08\/ecole4-300x135.jpeg 300w, https:\/\/ismfrance.org\/wp-content\/uploads\/2024\/08\/ecole4-768x346.jpeg 768w, https:\/\/ismfrance.org\/wp-content\/uploads\/2024\/08\/ecole4-1536x692.jpeg 1536w, https:\/\/ismfrance.org\/wp-content\/uploads\/2024\/08\/ecole4-1320x595.jpeg 1320w, https:\/\/ismfrance.org\/wp-content\/uploads\/2024\/08\/ecole4.jpeg 1600w\" sizes=\"auto, (max-width: 600px) 100vw, 600px\" \/><\/a><\/p>\n<p align=\"LEFT\"><span style=\"color: #000000;\"><span style=\"font-family: Arial, sans-serif;\"><span style=\"font-size: medium;\"><span lang=\"fr-FR\"><b>Le 26 ao<\/b><\/span><span lang=\"fr-FR\"><b>\u00fbt, Marsel nous envoie ce compte rendu\u00a0: <\/b><\/span><\/span><\/span><\/span><\/p>\n<p lang=\"fr-FR\"><span style=\"color: #000000;\"><span style=\"font-family: Arial, sans-serif;\"><span style=\"font-size: medium;\">\u00ab\u00a0En coop\u00e9ration avec le Centre Jeunesse Sans Fronti\u00e8res et la Tente de Solidarit\u00e9, une s\u00e9ance de soutien psychologique a \u00e9t\u00e9 organis\u00e9e pour les enfants, dans le but de soulager le stress psychologique et de leur offrir des moments de d\u00e9tente. Cette s\u00e9ance intervient \u00e0 un moment o\u00f9 la souffrance des enfants s&rsquo;accro\u00eet, alors qu&rsquo;ils sont confront\u00e9s quotidiennement \u00e0 des sentiments de peur et d&rsquo;anxi\u00e9t\u00e9 dus aux bruits des explosions et aux bombardements continus de l&rsquo;occupation.<\/span><\/span><\/span><\/p>\n<p lang=\"fr-FR\"><a href=\"https:\/\/ismfrance.org\/wp-content\/uploads\/2024\/08\/aide-psy.jpeg\"><img loading=\"lazy\" decoding=\"async\" class=\"alignnone size-large wp-image-13960\" src=\"https:\/\/ismfrance.org\/wp-content\/uploads\/2024\/08\/aide-psy-700x394.jpeg\" alt=\"\" width=\"600\" height=\"338\" srcset=\"https:\/\/ismfrance.org\/wp-content\/uploads\/2024\/08\/aide-psy-700x394.jpeg 700w, https:\/\/ismfrance.org\/wp-content\/uploads\/2024\/08\/aide-psy-300x169.jpeg 300w, https:\/\/ismfrance.org\/wp-content\/uploads\/2024\/08\/aide-psy-768x432.jpeg 768w, https:\/\/ismfrance.org\/wp-content\/uploads\/2024\/08\/aide-psy-1536x864.jpeg 1536w, https:\/\/ismfrance.org\/wp-content\/uploads\/2024\/08\/aide-psy-1320x742.jpeg 1320w, https:\/\/ismfrance.org\/wp-content\/uploads\/2024\/08\/aide-psy.jpeg 1599w\" sizes=\"auto, (max-width: 600px) 100vw, 600px\" \/><\/a><\/p>\n<p lang=\"fr-FR\"><span style=\"color: #000000;\"><span style=\"font-family: Arial, sans-serif;\"><span style=\"font-size: medium;\">La poursuite de ces situations tragiques laisse de profondes blessures psychologiques dans le c\u0153ur des enfants et souligne la n\u00e9cessit\u00e9 de continuer \u00e0 essayer d&rsquo;att\u00e9nuer les effets psychologiques n\u00e9gatifs sur eux r\u00e9sultant de l&rsquo;occupation continue dans la guerre de Gaza et de la pratique du g\u00e9nocide.\u00a0\u00bb<\/span><\/span><\/span><\/p>\n<p lang=\"fr-FR\"><span style=\"color: #000000;\"><span style=\"font-family: Arial, sans-serif;\"><span style=\"font-size: medium;\"><b>L\u2019\u00e9quipe d\u2019Abu Amir nous envoie le compte rendu de la distribution de l\u2019eau dans les camps de r\u00e9fugi\u00e9.e.s du sud de la bande de Gaza\u00a0:<\/b><\/span><\/span><\/span><\/p>\n<p lang=\"fr-FR\"><span style=\"color: #000000;\"><span style=\"font-family: Arial, sans-serif;\"><span style=\"font-size: medium;\">\u00ab\u00a0<i>Depuis plusieurs mois, la crise humanitaire dans les camps de d\u00e9plac\u00e9s s\u2019aggrave et la crise de l\u2019eau potable est l\u2019un des plus importants d\u00e9fis. Les d\u00e9plac\u00e9s vivent dans des conditions humanitaires difficiles et ces camps manquent des n\u00e9cessit\u00e9s de base, notamment de l\u2019eau potable. Cette grave p\u00e9nurie d\u2019eau menace la sant\u00e9 de milliers de familles qui ont \u00e9t\u00e9 forc\u00e9es de quitter leur foyer en raison des bombardements et des destructions et se retrouvent confront\u00e9es \u00e0 une nouvelle crise : la recherche d\u2019eau potable. Les camps de r\u00e9fugi\u00e9s souffrent quotidiennement d\u2019une p\u00e9nurie d\u2019eau potable, car la guerre en cours a d\u00e9truit les infrastructures d\u2019approvisionnement en eau de base dans la bande de Gaza.<\/i><\/span><\/span><\/span><\/p>\n<p lang=\"fr-FR\"><a href=\"https:\/\/ismfrance.org\/wp-content\/uploads\/2024\/08\/distrib-eau1.png\"><img loading=\"lazy\" decoding=\"async\" class=\"alignnone size-large wp-image-13961\" src=\"https:\/\/ismfrance.org\/wp-content\/uploads\/2024\/08\/distrib-eau1-700x529.png\" alt=\"\" width=\"600\" height=\"453\" srcset=\"https:\/\/ismfrance.org\/wp-content\/uploads\/2024\/08\/distrib-eau1-700x529.png 700w, https:\/\/ismfrance.org\/wp-content\/uploads\/2024\/08\/distrib-eau1-300x227.png 300w, https:\/\/ismfrance.org\/wp-content\/uploads\/2024\/08\/distrib-eau1-768x581.png 768w, https:\/\/ismfrance.org\/wp-content\/uploads\/2024\/08\/distrib-eau1-350x263.png 350w, https:\/\/ismfrance.org\/wp-content\/uploads\/2024\/08\/distrib-eau1.png 862w\" sizes=\"auto, (max-width: 600px) 100vw, 600px\" \/><\/a><\/p>\n<p lang=\"fr-FR\"><span style=\"color: #000000;\"><span style=\"font-family: Arial, sans-serif;\"><span style=\"font-size: medium;\"><i>Les conduites d\u2019eau qui alimentaient les villes et les villages ont \u00e9t\u00e9 gravement endommag\u00e9es et le blocus en cours rend difficile pour les autorit\u00e9s locales de fournir les quantit\u00e9s d\u2019eau n\u00e9cessaires, laissant les personnes d\u00e9plac\u00e9es dans un \u00e9tat de soif permanent. L\u2019eau disponible dans les camps est souvent contamin\u00e9e ou impropre \u00e0 la consommation humaine, ce qui augmente le risque de propagation de maladies et d\u2019\u00e9pid\u00e9mies parmi les personnes d\u00e9plac\u00e9es, en particulier les enfants et les personnes \u00e2g\u00e9es \u00e0 faible immunit\u00e9. <\/i><\/span><\/span><\/span><\/p>\n<p lang=\"fr-FR\"><span style=\"color: #000000;\"><span style=\"font-family: Arial, sans-serif;\"><span style=\"font-size: medium;\"><i>La situation s\u2019aggrave \u00e0 mesure que la guerre se poursuit et que le nombre de personnes d\u00e9plac\u00e9es augmente, chaque famille vivant dans un environnement surpeupl\u00e9 et d\u00e9pourvu de services de base. Dans ces circonstances difficiles, nos \u00e9quipes jouent un r\u00f4le essentiel avec d\u2019autres institutions pour tenter d\u2019att\u00e9nuer les souffrances des d\u00e9plac\u00e9s et de leur fournir de l\u2019eau potable. <\/i><\/span><\/span><\/span><\/p>\n<p lang=\"fr-FR\"><a href=\"https:\/\/ismfrance.org\/wp-content\/uploads\/2024\/08\/distrib-eau2.png\"><img loading=\"lazy\" decoding=\"async\" class=\"alignnone size-large wp-image-13962\" src=\"https:\/\/ismfrance.org\/wp-content\/uploads\/2024\/08\/distrib-eau2-700x527.png\" alt=\"\" width=\"600\" height=\"452\" srcset=\"https:\/\/ismfrance.org\/wp-content\/uploads\/2024\/08\/distrib-eau2-700x527.png 700w, https:\/\/ismfrance.org\/wp-content\/uploads\/2024\/08\/distrib-eau2-300x226.png 300w, https:\/\/ismfrance.org\/wp-content\/uploads\/2024\/08\/distrib-eau2-768x578.png 768w, https:\/\/ismfrance.org\/wp-content\/uploads\/2024\/08\/distrib-eau2-350x263.png 350w, https:\/\/ismfrance.org\/wp-content\/uploads\/2024\/08\/distrib-eau2.png 863w\" sizes=\"auto, (max-width: 600px) 100vw, 600px\" \/><\/a><\/p>\n<p lang=\"fr-FR\"><span style=\"color: #000000;\"><span style=\"font-family: Arial, sans-serif;\"><span style=\"font-size: medium;\"><i>C\u2019est pourquoi nos \u00e9quipes, en coop\u00e9ration avec celles du Centre Ibn Sina, ont distribu\u00e9 deux camions d\u2019eau, d\u2019une capacit\u00e9 de 15.000 litres chacun.<\/i><\/span><\/span><\/span><\/p>\n<p lang=\"fr-FR\"><span style=\"color: #000000;\"><span style=\"font-family: Arial, sans-serif;\"><span style=\"font-size: medium;\"><i>Le premier camion a \u00e9t\u00e9 distribu\u00e9 au camp d\u2019Al-Ezza, au sud-ouest de Deir al-Balah, qui abrite 470 familles d\u00e9plac\u00e9es de diff\u00e9rentes zones de la bande de Gaza. <\/i><\/span><\/span><\/span><\/p>\n<p lang=\"fr-FR\"><span style=\"color: #000000;\"><span style=\"font-family: Arial, sans-serif;\"><span style=\"font-size: medium;\"><i>Le deuxi\u00e8me camion a \u00e9t\u00e9 distribu\u00e9 deux jours plus tard au camp d\u2019Al-Ihsan, adjacent au camp d\u2019Al-Ezza, qui abrite environ 200 familles. Le camp partagera cette quantit\u00e9 entre lui-m\u00eame et le camp d\u2019Al-Ezza, qui souffre de coupures d\u2019eau presque constantes, car 15.000 litres, c\u2019est plus de 200 familles.<\/i><\/span><\/span><\/span><\/p>\n<p lang=\"fr-FR\"><a href=\"https:\/\/ismfrance.org\/wp-content\/uploads\/2024\/08\/distrib-eau3.png\"><img loading=\"lazy\" decoding=\"async\" class=\"alignnone size-large wp-image-13963\" src=\"https:\/\/ismfrance.org\/wp-content\/uploads\/2024\/08\/distrib-eau3-700x524.png\" alt=\"\" width=\"600\" height=\"449\" srcset=\"https:\/\/ismfrance.org\/wp-content\/uploads\/2024\/08\/distrib-eau3-700x524.png 700w, https:\/\/ismfrance.org\/wp-content\/uploads\/2024\/08\/distrib-eau3-300x224.png 300w, https:\/\/ismfrance.org\/wp-content\/uploads\/2024\/08\/distrib-eau3-768x575.png 768w, https:\/\/ismfrance.org\/wp-content\/uploads\/2024\/08\/distrib-eau3-350x263.png 350w, https:\/\/ismfrance.org\/wp-content\/uploads\/2024\/08\/distrib-eau3.png 862w\" sizes=\"auto, (max-width: 600px) 100vw, 600px\" \/><\/a><\/p>\n<p><span style=\"color: #000000;\"><span style=\"font-family: Arial, sans-serif;\"><span style=\"font-size: medium;\"><span lang=\"fr-FR\"><i>La distribution d\u2019eau \u00e0 ces familles a \u00e9t\u00e9 une bou\u00e9e de sauvetage, car l\u2019eau est l\u2019une des n\u00e9cessit\u00e9s les plus importantes dans ces conditions difficiles. Cette initiative humanitaire s\u2019inscrit dans le cadre des efforts en cours pour att\u00e9nuer la gravit\u00e9 de la crise que vivent les personnes d\u00e9plac\u00e9es dans les camps de r\u00e9fugi\u00e9s. L\u2019eau n\u2019est pas seulement essentielle \u00e0 la survie, elle est \u00e9galement une condition pr\u00e9alable au maintien de la sant\u00e9 et de l\u2019hygi\u00e8ne dans les camps. Les maladies caus\u00e9es par le manque d\u2019eau potable se propagent et il est essentiel de fournir de l\u2019eau pour assurer la s\u00e9curit\u00e9 des personnes d\u00e9plac\u00e9es. La distribution d\u2019eau effectu\u00e9e aujourd\u2019hui dans le camp d\u2019Al-Azza n\u2019est qu\u2019une \u00e9tape dans un effort plus vaste visant \u00e0 fournir une aide humanitaire en pleine guerre<\/i><\/span><span lang=\"fr-FR\">.\u00a0\u00bb<\/span><\/span><\/span><\/span><\/p>\n<p><a href=\"https:\/\/ismfrance.org\/wp-content\/uploads\/2024\/08\/distrib.png\"><img loading=\"lazy\" decoding=\"async\" class=\"alignnone size-large wp-image-13964\" src=\"https:\/\/ismfrance.org\/wp-content\/uploads\/2024\/08\/distrib-700x527.png\" alt=\"\" width=\"600\" height=\"452\" srcset=\"https:\/\/ismfrance.org\/wp-content\/uploads\/2024\/08\/distrib-700x527.png 700w, https:\/\/ismfrance.org\/wp-content\/uploads\/2024\/08\/distrib-300x226.png 300w, https:\/\/ismfrance.org\/wp-content\/uploads\/2024\/08\/distrib-768x578.png 768w, https:\/\/ismfrance.org\/wp-content\/uploads\/2024\/08\/distrib-350x263.png 350w, https:\/\/ismfrance.org\/wp-content\/uploads\/2024\/08\/distrib.png 955w\" sizes=\"auto, (max-width: 600px) 100vw, 600px\" \/><\/a><\/p>\n<p align=\"LEFT\"><em><strong><span style=\"color: #000000;\"><span style=\"font-family: Arial, sans-serif;\"><span style=\"font-size: medium;\"><span lang=\"fr-FR\">Photos et vid\u00e9os <\/span><a href=\"https:\/\/drive.google.com\/drive\/folders\/12eSmBsVSo9Ex-H--oyh5ncVbSyP3Kc2D\"><span lang=\"fr-FR\">ICI<\/span><\/a><\/span><\/span><\/span><\/strong><\/em><\/p>\n<hr \/>\n<p align=\"LEFT\"><strong>Retrouvez l\u2019ensemble des t\u00e9moignages d\u2019Abu Amir et Marsel :<\/strong><\/p>\n<p>*<strong>Abu Amir Mutasem Ele\u00efwa<\/strong>\u00a0est coordinateur des Projets paysans depuis 2016 au sud de la bande de Gaza et correspondant de l\u2019Union Juive Fran\u00e7aise pour la Paix.<\/p>\n<p>*<strong>Marsel Alledawi<\/strong>\u00a0est responsable du Centre Ibn Sina du nord de la bande de Gaza, centre qui se consacre au suivi \u00e9ducatif et psychologique de l\u2019enfance.<\/p>\n<p>Tous les deux sont soutenus par l\u2019UJFP en France.<\/p>\n<hr \/>\n<pre><strong><em>Pour participer \u00e0 la collecte \"Urgence Guerre \u00e0 Gaza\" : <a href=\"https:\/\/www.helloasso.com\/associations\/union-juive-francaise-pour-la-paix\/collectes\/urgence-guerre-a-gaza\">HelloAsso.com<\/a><\/em><\/strong><\/pre>\n<hr \/>\n<pre><strong><em>Les t\u00e9moignages sont \u00e9galement publi\u00e9s sur <a href=\"https:\/\/ujfp.org\/\">UJFP<\/a>; <a href=\"https:\/\/altermidi.org\/2023\/12\/27\/la-survie-qui-sorganise-au-jour-le-jour-dans-lenfer-de-gaza\/\">Altermidi.org<\/a><\/em><\/strong><\/pre>\n","protected":false},"excerpt":{"rendered":"<p>Brigitte Challande, 26 ao\u00fbt 2024. Le 25 ao\u00fbt, sous une s\u00e9rie de photos pleines de vie, de pr\u00e9sence et d\u2019attention des enfants dans l\u2019\u00c9cole Solidaire, Marsel \u00e9crit le commentaire suivant\u00a0: <a class=\"more-link\" href=\"https:\/\/ismfrance.org\/index.php\/2024\/08\/27\/temoignages-de-gazaouis-la-survie-qui-sorganise-au-jour-le-jour-dans-lenfer-de-gaza-partie-155-25-aout\/\">Lire la suite &rarr;<\/a><\/p>\n","protected":false},"author":3,"featured_media":13956,"comment_status":"closed","ping_status":"closed","sticky":false,"template":"","format":"standard","meta":{"footnotes":""},"categories":[2,13],"tags":[156,29,46],"class_list":["post-13954","post","type-post","status-publish","format-standard","has-post-thumbnail","hentry","category-articles","category-temoignages","tag-genocide","tag-refugies","tag-solidarite"],"yoast_head":"<!-- This site is optimized with the Yoast SEO plugin v27.2 - https:\/\/yoast.com\/product\/yoast-seo-wordpress\/ -->\n<title>T\u00e9moignages de Gazaouis : La survie qui s\u2019organise au jour le jour dans l\u2019enfer de Gaza \u2013 partie 155 \/ 25 ao\u00fbt - International Solidarity Movement - ISM-France<\/title>\n<meta name=\"robots\" content=\"index, follow, max-snippet:-1, max-image-preview:large, max-video-preview:-1\" \/>\n<link rel=\"canonical\" href=\"https:\/\/ismfrance.org\/index.php\/2024\/08\/27\/temoignages-de-gazaouis-la-survie-qui-sorganise-au-jour-le-jour-dans-lenfer-de-gaza-partie-155-25-aout\/\" \/>\n<meta property=\"og:locale\" content=\"fr_FR\" \/>\n<meta property=\"og:type\" content=\"article\" \/>\n<meta property=\"og:title\" content=\"T\u00e9moignages de Gazaouis : La survie qui s\u2019organise au jour le jour dans l\u2019enfer de Gaza \u2013 partie 155 \/ 25 ao\u00fbt - International Solidarity Movement - ISM-France\" \/>\n<meta property=\"og:description\" content=\"Brigitte Challande, 26 ao\u00fbt 2024. Le 25 ao\u00fbt, sous une s\u00e9rie de photos pleines de vie, de pr\u00e9sence et d\u2019attention des enfants dans l\u2019\u00c9cole Solidaire, Marsel \u00e9crit le commentaire suivant\u00a0: Lire la suite &rarr;\" \/>\n<meta property=\"og:url\" content=\"https:\/\/ismfrance.org\/index.php\/2024\/08\/27\/temoignages-de-gazaouis-la-survie-qui-sorganise-au-jour-le-jour-dans-lenfer-de-gaza-partie-155-25-aout\/\" \/>\n<meta property=\"og:site_name\" content=\"International Solidarity Movement - ISM-France\" \/>\n<meta property=\"article:published_time\" content=\"2024-08-27T07:58:08+00:00\" \/>\n<meta property=\"article:modified_time\" content=\"2024-12-16T09:45:36+00:00\" \/>\n<meta property=\"og:image\" content=\"https:\/\/ismfrance.org\/wp-content\/uploads\/2024\/08\/ecole2-1.jpeg\" \/>\n\t<meta property=\"og:image:width\" content=\"1600\" \/>\n\t<meta property=\"og:image:height\" content=\"721\" \/>\n\t<meta property=\"og:image:type\" content=\"image\/jpeg\" \/>\n<meta name=\"author\" content=\"mru_01\" \/>\n<meta name=\"twitter:card\" content=\"summary_large_image\" \/>\n<meta name=\"twitter:creator\" content=\"@ISMFRANCE\" \/>\n<meta name=\"twitter:site\" content=\"@ISMFRANCE\" \/>\n<meta name=\"twitter:label1\" content=\"\u00c9crit par\" \/>\n\t<meta name=\"twitter:data1\" content=\"mru_01\" \/>\n\t<meta name=\"twitter:label2\" content=\"Dur\u00e9e de lecture estim\u00e9e\" \/>\n\t<meta name=\"twitter:data2\" content=\"10 minutes\" \/>\n<script type=\"application\/ld+json\" class=\"yoast-schema-graph\">{\"@context\":\"https:\/\/schema.org\",\"@graph\":[{\"@type\":\"Article\",\"@id\":\"https:\/\/ismfrance.org\/index.php\/2024\/08\/27\/temoignages-de-gazaouis-la-survie-qui-sorganise-au-jour-le-jour-dans-lenfer-de-gaza-partie-155-25-aout\/#article\",\"isPartOf\":{\"@id\":\"https:\/\/ismfrance.org\/index.php\/2024\/08\/27\/temoignages-de-gazaouis-la-survie-qui-sorganise-au-jour-le-jour-dans-lenfer-de-gaza-partie-155-25-aout\/\"},\"author\":{\"name\":\"mru_01\",\"@id\":\"https:\/\/ismfrance.org\/#\/schema\/person\/3c411eb72adfaae19c0dca1f41fae01d\"},\"headline\":\"T\u00e9moignages de Gazaouis : La survie qui s\u2019organise au jour le jour dans l\u2019enfer de Gaza \u2013 partie 155 \/ 25 ao\u00fbt\",\"datePublished\":\"2024-08-27T07:58:08+00:00\",\"dateModified\":\"2024-12-16T09:45:36+00:00\",\"mainEntityOfPage\":{\"@id\":\"https:\/\/ismfrance.org\/index.php\/2024\/08\/27\/temoignages-de-gazaouis-la-survie-qui-sorganise-au-jour-le-jour-dans-lenfer-de-gaza-partie-155-25-aout\/\"},\"wordCount\":911,\"publisher\":{\"@id\":\"https:\/\/ismfrance.org\/#organization\"},\"image\":{\"@id\":\"https:\/\/ismfrance.org\/index.php\/2024\/08\/27\/temoignages-de-gazaouis-la-survie-qui-sorganise-au-jour-le-jour-dans-lenfer-de-gaza-partie-155-25-aout\/#primaryimage\"},\"thumbnailUrl\":\"https:\/\/ismfrance.org\/wp-content\/uploads\/2024\/08\/ecole2-1.jpeg\",\"keywords\":[\"G\u00e9nocide\",\"r\u00e9fugi\u00e9s\",\"solidarit\u00e9\"],\"articleSection\":[\"Articles\",\"T\u00e9moignages\"],\"inLanguage\":\"fr-FR\"},{\"@type\":\"WebPage\",\"@id\":\"https:\/\/ismfrance.org\/index.php\/2024\/08\/27\/temoignages-de-gazaouis-la-survie-qui-sorganise-au-jour-le-jour-dans-lenfer-de-gaza-partie-155-25-aout\/\",\"url\":\"https:\/\/ismfrance.org\/index.php\/2024\/08\/27\/temoignages-de-gazaouis-la-survie-qui-sorganise-au-jour-le-jour-dans-lenfer-de-gaza-partie-155-25-aout\/\",\"name\":\"T\u00e9moignages de Gazaouis : La survie qui s\u2019organise au jour le jour dans l\u2019enfer de Gaza \u2013 partie 155 \/ 25 ao\u00fbt - International Solidarity Movement - ISM-France\",\"isPartOf\":{\"@id\":\"https:\/\/ismfrance.org\/#website\"},\"primaryImageOfPage\":{\"@id\":\"https:\/\/ismfrance.org\/index.php\/2024\/08\/27\/temoignages-de-gazaouis-la-survie-qui-sorganise-au-jour-le-jour-dans-lenfer-de-gaza-partie-155-25-aout\/#primaryimage\"},\"image\":{\"@id\":\"https:\/\/ismfrance.org\/index.php\/2024\/08\/27\/temoignages-de-gazaouis-la-survie-qui-sorganise-au-jour-le-jour-dans-lenfer-de-gaza-partie-155-25-aout\/#primaryimage\"},\"thumbnailUrl\":\"https:\/\/ismfrance.org\/wp-content\/uploads\/2024\/08\/ecole2-1.jpeg\",\"datePublished\":\"2024-08-27T07:58:08+00:00\",\"dateModified\":\"2024-12-16T09:45:36+00:00\",\"breadcrumb\":{\"@id\":\"https:\/\/ismfrance.org\/index.php\/2024\/08\/27\/temoignages-de-gazaouis-la-survie-qui-sorganise-au-jour-le-jour-dans-lenfer-de-gaza-partie-155-25-aout\/#breadcrumb\"},\"inLanguage\":\"fr-FR\",\"potentialAction\":[{\"@type\":\"ReadAction\",\"target\":[\"https:\/\/ismfrance.org\/index.php\/2024\/08\/27\/temoignages-de-gazaouis-la-survie-qui-sorganise-au-jour-le-jour-dans-lenfer-de-gaza-partie-155-25-aout\/\"]}]},{\"@type\":\"ImageObject\",\"inLanguage\":\"fr-FR\",\"@id\":\"https:\/\/ismfrance.org\/index.php\/2024\/08\/27\/temoignages-de-gazaouis-la-survie-qui-sorganise-au-jour-le-jour-dans-lenfer-de-gaza-partie-155-25-aout\/#primaryimage\",\"url\":\"https:\/\/ismfrance.org\/wp-content\/uploads\/2024\/08\/ecole2-1.jpeg\",\"contentUrl\":\"https:\/\/ismfrance.org\/wp-content\/uploads\/2024\/08\/ecole2-1.jpeg\",\"width\":1600,\"height\":721},{\"@type\":\"BreadcrumbList\",\"@id\":\"https:\/\/ismfrance.org\/index.php\/2024\/08\/27\/temoignages-de-gazaouis-la-survie-qui-sorganise-au-jour-le-jour-dans-lenfer-de-gaza-partie-155-25-aout\/#breadcrumb\",\"itemListElement\":[{\"@type\":\"ListItem\",\"position\":1,\"name\":\"Accueil\",\"item\":\"https:\/\/ismfrance.org\/\"},{\"@type\":\"ListItem\",\"position\":2,\"name\":\"T\u00e9moignages de Gazaouis : La survie qui s\u2019organise au jour le jour dans l\u2019enfer de Gaza \u2013 partie 155 \/ 25 ao\u00fbt\"}]},{\"@type\":\"WebSite\",\"@id\":\"https:\/\/ismfrance.org\/#website\",\"url\":\"https:\/\/ismfrance.org\/\",\"name\":\"ISM Palestine France\",\"description\":\"Soutien aux luttes de lib\u00e9ration du peuple palestinien\",\"publisher\":{\"@id\":\"https:\/\/ismfrance.org\/#organization\"},\"potentialAction\":[{\"@type\":\"SearchAction\",\"target\":{\"@type\":\"EntryPoint\",\"urlTemplate\":\"https:\/\/ismfrance.org\/?s={search_term_string}\"},\"query-input\":{\"@type\":\"PropertyValueSpecification\",\"valueRequired\":true,\"valueName\":\"search_term_string\"}}],\"inLanguage\":\"fr-FR\"},{\"@type\":\"Organization\",\"@id\":\"https:\/\/ismfrance.org\/#organization\",\"name\":\"International Solidarity Movement\",\"url\":\"https:\/\/ismfrance.org\/\",\"logo\":{\"@type\":\"ImageObject\",\"inLanguage\":\"fr-FR\",\"@id\":\"https:\/\/ismfrance.org\/#\/schema\/logo\/image\/\",\"url\":\"https:\/\/ismfrance.org\/wp-content\/uploads\/2020\/12\/00.png\",\"contentUrl\":\"https:\/\/ismfrance.org\/wp-content\/uploads\/2020\/12\/00.png\",\"width\":400,\"height\":400,\"caption\":\"International Solidarity Movement\"},\"image\":{\"@id\":\"https:\/\/ismfrance.org\/#\/schema\/logo\/image\/\"},\"sameAs\":[\"https:\/\/x.com\/ISMFRANCE\"]},{\"@type\":\"Person\",\"@id\":\"https:\/\/ismfrance.org\/#\/schema\/person\/3c411eb72adfaae19c0dca1f41fae01d\",\"name\":\"mru_01\",\"image\":{\"@type\":\"ImageObject\",\"inLanguage\":\"fr-FR\",\"@id\":\"https:\/\/secure.gravatar.com\/avatar\/3a0be343b445d2ccc79e87444a294fad2b232e90d2051d0e3cc219e1ecd6a330?s=96&d=mm&r=g\",\"url\":\"https:\/\/secure.gravatar.com\/avatar\/3a0be343b445d2ccc79e87444a294fad2b232e90d2051d0e3cc219e1ecd6a330?s=96&d=mm&r=g\",\"contentUrl\":\"https:\/\/secure.gravatar.com\/avatar\/3a0be343b445d2ccc79e87444a294fad2b232e90d2051d0e3cc219e1ecd6a330?s=96&d=mm&r=g\",\"caption\":\"mru_01\"},\"url\":\"https:\/\/ismfrance.org\/index.php\/author\/admin02\/\"}]}<\/script>\n<!-- \/ Yoast SEO plugin. -->","yoast_head_json":{"title":"T\u00e9moignages de Gazaouis : La survie qui s\u2019organise au jour le jour dans l\u2019enfer de Gaza \u2013 partie 155 \/ 25 ao\u00fbt - International Solidarity Movement - ISM-France","robots":{"index":"index","follow":"follow","max-snippet":"max-snippet:-1","max-image-preview":"max-image-preview:large","max-video-preview":"max-video-preview:-1"},"canonical":"https:\/\/ismfrance.org\/index.php\/2024\/08\/27\/temoignages-de-gazaouis-la-survie-qui-sorganise-au-jour-le-jour-dans-lenfer-de-gaza-partie-155-25-aout\/","og_locale":"fr_FR","og_type":"article","og_title":"T\u00e9moignages de Gazaouis : La survie qui s\u2019organise au jour le jour dans l\u2019enfer de Gaza \u2013 partie 155 \/ 25 ao\u00fbt - International Solidarity Movement - ISM-France","og_description":"Brigitte Challande, 26 ao\u00fbt 2024. Le 25 ao\u00fbt, sous une s\u00e9rie de photos pleines de vie, de pr\u00e9sence et d\u2019attention des enfants dans l\u2019\u00c9cole Solidaire, Marsel \u00e9crit le commentaire suivant\u00a0: Lire la suite &rarr;","og_url":"https:\/\/ismfrance.org\/index.php\/2024\/08\/27\/temoignages-de-gazaouis-la-survie-qui-sorganise-au-jour-le-jour-dans-lenfer-de-gaza-partie-155-25-aout\/","og_site_name":"International Solidarity Movement - ISM-France","article_published_time":"2024-08-27T07:58:08+00:00","article_modified_time":"2024-12-16T09:45:36+00:00","og_image":[{"width":1600,"height":721,"url":"https:\/\/ismfrance.org\/wp-content\/uploads\/2024\/08\/ecole2-1.jpeg","type":"image\/jpeg"}],"author":"mru_01","twitter_card":"summary_large_image","twitter_creator":"@ISMFRANCE","twitter_site":"@ISMFRANCE","twitter_misc":{"\u00c9crit par":"mru_01","Dur\u00e9e de lecture estim\u00e9e":"10 minutes"},"schema":{"@context":"https:\/\/schema.org","@graph":[{"@type":"Article","@id":"https:\/\/ismfrance.org\/index.php\/2024\/08\/27\/temoignages-de-gazaouis-la-survie-qui-sorganise-au-jour-le-jour-dans-lenfer-de-gaza-partie-155-25-aout\/#article","isPartOf":{"@id":"https:\/\/ismfrance.org\/index.php\/2024\/08\/27\/temoignages-de-gazaouis-la-survie-qui-sorganise-au-jour-le-jour-dans-lenfer-de-gaza-partie-155-25-aout\/"},"author":{"name":"mru_01","@id":"https:\/\/ismfrance.org\/#\/schema\/person\/3c411eb72adfaae19c0dca1f41fae01d"},"headline":"T\u00e9moignages de Gazaouis : La survie qui s\u2019organise au jour le jour dans l\u2019enfer de Gaza \u2013 partie 155 \/ 25 ao\u00fbt","datePublished":"2024-08-27T07:58:08+00:00","dateModified":"2024-12-16T09:45:36+00:00","mainEntityOfPage":{"@id":"https:\/\/ismfrance.org\/index.php\/2024\/08\/27\/temoignages-de-gazaouis-la-survie-qui-sorganise-au-jour-le-jour-dans-lenfer-de-gaza-partie-155-25-aout\/"},"wordCount":911,"publisher":{"@id":"https:\/\/ismfrance.org\/#organization"},"image":{"@id":"https:\/\/ismfrance.org\/index.php\/2024\/08\/27\/temoignages-de-gazaouis-la-survie-qui-sorganise-au-jour-le-jour-dans-lenfer-de-gaza-partie-155-25-aout\/#primaryimage"},"thumbnailUrl":"https:\/\/ismfrance.org\/wp-content\/uploads\/2024\/08\/ecole2-1.jpeg","keywords":["G\u00e9nocide","r\u00e9fugi\u00e9s","solidarit\u00e9"],"articleSection":["Articles","T\u00e9moignages"],"inLanguage":"fr-FR"},{"@type":"WebPage","@id":"https:\/\/ismfrance.org\/index.php\/2024\/08\/27\/temoignages-de-gazaouis-la-survie-qui-sorganise-au-jour-le-jour-dans-lenfer-de-gaza-partie-155-25-aout\/","url":"https:\/\/ismfrance.org\/index.php\/2024\/08\/27\/temoignages-de-gazaouis-la-survie-qui-sorganise-au-jour-le-jour-dans-lenfer-de-gaza-partie-155-25-aout\/","name":"T\u00e9moignages de Gazaouis : La survie qui s\u2019organise au jour le jour dans l\u2019enfer de Gaza \u2013 partie 155 \/ 25 ao\u00fbt - International Solidarity Movement - ISM-France","isPartOf":{"@id":"https:\/\/ismfrance.org\/#website"},"primaryImageOfPage":{"@id":"https:\/\/ismfrance.org\/index.php\/2024\/08\/27\/temoignages-de-gazaouis-la-survie-qui-sorganise-au-jour-le-jour-dans-lenfer-de-gaza-partie-155-25-aout\/#primaryimage"},"image":{"@id":"https:\/\/ismfrance.org\/index.php\/2024\/08\/27\/temoignages-de-gazaouis-la-survie-qui-sorganise-au-jour-le-jour-dans-lenfer-de-gaza-partie-155-25-aout\/#primaryimage"},"thumbnailUrl":"https:\/\/ismfrance.org\/wp-content\/uploads\/2024\/08\/ecole2-1.jpeg","datePublished":"2024-08-27T07:58:08+00:00","dateModified":"2024-12-16T09:45:36+00:00","breadcrumb":{"@id":"https:\/\/ismfrance.org\/index.php\/2024\/08\/27\/temoignages-de-gazaouis-la-survie-qui-sorganise-au-jour-le-jour-dans-lenfer-de-gaza-partie-155-25-aout\/#breadcrumb"},"inLanguage":"fr-FR","potentialAction":[{"@type":"ReadAction","target":["https:\/\/ismfrance.org\/index.php\/2024\/08\/27\/temoignages-de-gazaouis-la-survie-qui-sorganise-au-jour-le-jour-dans-lenfer-de-gaza-partie-155-25-aout\/"]}]},{"@type":"ImageObject","inLanguage":"fr-FR","@id":"https:\/\/ismfrance.org\/index.php\/2024\/08\/27\/temoignages-de-gazaouis-la-survie-qui-sorganise-au-jour-le-jour-dans-lenfer-de-gaza-partie-155-25-aout\/#primaryimage","url":"https:\/\/ismfrance.org\/wp-content\/uploads\/2024\/08\/ecole2-1.jpeg","contentUrl":"https:\/\/ismfrance.org\/wp-content\/uploads\/2024\/08\/ecole2-1.jpeg","width":1600,"height":721},{"@type":"BreadcrumbList","@id":"https:\/\/ismfrance.org\/index.php\/2024\/08\/27\/temoignages-de-gazaouis-la-survie-qui-sorganise-au-jour-le-jour-dans-lenfer-de-gaza-partie-155-25-aout\/#breadcrumb","itemListElement":[{"@type":"ListItem","position":1,"name":"Accueil","item":"https:\/\/ismfrance.org\/"},{"@type":"ListItem","position":2,"name":"T\u00e9moignages de Gazaouis : La survie qui s\u2019organise au jour le jour dans l\u2019enfer de Gaza \u2013 partie 155 \/ 25 ao\u00fbt"}]},{"@type":"WebSite","@id":"https:\/\/ismfrance.org\/#website","url":"https:\/\/ismfrance.org\/","name":"ISM Palestine France","description":"Soutien aux luttes de lib\u00e9ration du peuple palestinien","publisher":{"@id":"https:\/\/ismfrance.org\/#organization"},"potentialAction":[{"@type":"SearchAction","target":{"@type":"EntryPoint","urlTemplate":"https:\/\/ismfrance.org\/?s={search_term_string}"},"query-input":{"@type":"PropertyValueSpecification","valueRequired":true,"valueName":"search_term_string"}}],"inLanguage":"fr-FR"},{"@type":"Organization","@id":"https:\/\/ismfrance.org\/#organization","name":"International Solidarity Movement","url":"https:\/\/ismfrance.org\/","logo":{"@type":"ImageObject","inLanguage":"fr-FR","@id":"https:\/\/ismfrance.org\/#\/schema\/logo\/image\/","url":"https:\/\/ismfrance.org\/wp-content\/uploads\/2020\/12\/00.png","contentUrl":"https:\/\/ismfrance.org\/wp-content\/uploads\/2020\/12\/00.png","width":400,"height":400,"caption":"International Solidarity Movement"},"image":{"@id":"https:\/\/ismfrance.org\/#\/schema\/logo\/image\/"},"sameAs":["https:\/\/x.com\/ISMFRANCE"]},{"@type":"Person","@id":"https:\/\/ismfrance.org\/#\/schema\/person\/3c411eb72adfaae19c0dca1f41fae01d","name":"mru_01","image":{"@type":"ImageObject","inLanguage":"fr-FR","@id":"https:\/\/secure.gravatar.com\/avatar\/3a0be343b445d2ccc79e87444a294fad2b232e90d2051d0e3cc219e1ecd6a330?s=96&d=mm&r=g","url":"https:\/\/secure.gravatar.com\/avatar\/3a0be343b445d2ccc79e87444a294fad2b232e90d2051d0e3cc219e1ecd6a330?s=96&d=mm&r=g","contentUrl":"https:\/\/secure.gravatar.com\/avatar\/3a0be343b445d2ccc79e87444a294fad2b232e90d2051d0e3cc219e1ecd6a330?s=96&d=mm&r=g","caption":"mru_01"},"url":"https:\/\/ismfrance.org\/index.php\/author\/admin02\/"}]}},"_links":{"self":[{"href":"https:\/\/ismfrance.org\/index.php\/wp-json\/wp\/v2\/posts\/13954","targetHints":{"allow":["GET"]}}],"collection":[{"href":"https:\/\/ismfrance.org\/index.php\/wp-json\/wp\/v2\/posts"}],"about":[{"href":"https:\/\/ismfrance.org\/index.php\/wp-json\/wp\/v2\/types\/post"}],"author":[{"embeddable":true,"href":"https:\/\/ismfrance.org\/index.php\/wp-json\/wp\/v2\/users\/3"}],"replies":[{"embeddable":true,"href":"https:\/\/ismfrance.org\/index.php\/wp-json\/wp\/v2\/comments?post=13954"}],"version-history":[{"count":0,"href":"https:\/\/ismfrance.org\/index.php\/wp-json\/wp\/v2\/posts\/13954\/revisions"}],"wp:featuredmedia":[{"embeddable":true,"href":"https:\/\/ismfrance.org\/index.php\/wp-json\/wp\/v2\/media\/13956"}],"wp:attachment":[{"href":"https:\/\/ismfrance.org\/index.php\/wp-json\/wp\/v2\/media?parent=13954"}],"wp:term":[{"taxonomy":"category","embeddable":true,"href":"https:\/\/ismfrance.org\/index.php\/wp-json\/wp\/v2\/categories?post=13954"},{"taxonomy":"post_tag","embeddable":true,"href":"https:\/\/ismfrance.org\/index.php\/wp-json\/wp\/v2\/tags?post=13954"}],"curies":[{"name":"wp","href":"https:\/\/api.w.org\/{rel}","templated":true}]}}