{"id":13941,"date":"2024-08-26T13:38:23","date_gmt":"2024-08-26T11:38:23","guid":{"rendered":"https:\/\/ismfrance.org\/?p=13941"},"modified":"2024-08-26T13:38:23","modified_gmt":"2024-08-26T11:38:23","slug":"les-colons-du-nord-disrael-se-sentent-abandonnes-par-le-gouvernement-alors-que-les-attaques-du-hezbollah-se-poursuivent","status":"publish","type":"post","link":"https:\/\/ismfrance.org\/index.php\/2024\/08\/26\/les-colons-du-nord-disrael-se-sentent-abandonnes-par-le-gouvernement-alors-que-les-attaques-du-hezbollah-se-poursuivent\/","title":{"rendered":"Les colons du nord d&rsquo;Isra\u00ebl se sentent \u00ab abandonn\u00e9s \u00bb par le gouvernement alors que les attaques du Hezbollah se poursuivent"},"content":{"rendered":"<p><span style=\"color: #000000;\"><span style=\"font-family: Arial, sans-serif;\"><span style=\"font-size: medium;\"><strong>The Cradle, 25 ao\u00fbt 2024<\/strong>. Les colons install\u00e9s dans le nord d&rsquo;Isra\u00ebl disent que le gouvernement de Tel Aviv les a \u00ab abandonn\u00e9s \u00bb et qu&rsquo;ils \u00ab ne comptent pas \u00bb apr\u00e8s une importante attaque de roquettes et de drones du Hezbollah qui a cibl\u00e9 des sites de renseignement sensibles, a <a href=\"https:\/\/www.ynetnews.com\/article\/b111ayoui0\">rapport\u00e9<\/a> <i>Yedioth Ahronoth<\/i> le 25 ao\u00fbt.<\/span><\/span><\/span><\/p>\n<div id=\"attachment_13943\" style=\"width: 610px\" class=\"wp-caption alignnone\"><a href=\"https:\/\/ismfrance.org\/wp-content\/uploads\/2024\/08\/mont-meron.jpeg\"><img loading=\"lazy\" decoding=\"async\" aria-describedby=\"caption-attachment-13943\" class=\"size-large wp-image-13943\" src=\"https:\/\/ismfrance.org\/wp-content\/uploads\/2024\/08\/mont-meron-700x467.jpeg\" alt=\"\" width=\"600\" height=\"400\" srcset=\"https:\/\/ismfrance.org\/wp-content\/uploads\/2024\/08\/mont-meron-700x467.jpeg 700w, https:\/\/ismfrance.org\/wp-content\/uploads\/2024\/08\/mont-meron-300x200.jpeg 300w, https:\/\/ismfrance.org\/wp-content\/uploads\/2024\/08\/mont-meron-768x512.jpeg 768w, https:\/\/ismfrance.org\/wp-content\/uploads\/2024\/08\/mont-meron.jpeg 1200w\" sizes=\"auto, (max-width: 600px) 100vw, 600px\" \/><\/a><p id=\"caption-attachment-13943\" class=\"wp-caption-text\">23 ao\u00fbt : Le Hezbollah cible la base a\u00e9rienne du Mont Meron, l\u2019une des deux principales bases a\u00e9riennes d\u2019Isra\u00ebl. Situ\u00e9e au nord, c\u2019est un centre strat\u00e9gique pour l\u2019ensemble de l\u2019entit\u00e9 isra\u00e9lienne, et un centre de surveillance, de renseignement et de commandement militaire essentiel pour les interf\u00e9rences de guerre \u00e9lectronique. (<a href=\"https:\/\/x.com\/HalaJaber\/status\/1826915569779494945\/photo\/2\">source<\/a>)<\/p><\/div>\n<p><span style=\"color: #000000;\"><span style=\"font-family: Arial, sans-serif;\"><span style=\"font-size: medium;\">T\u00f4t dimanche, l&rsquo;arm\u00e9e isra\u00e9lienne a affirm\u00e9 avoir lanc\u00e9 une attaque \u00ab pr\u00e9ventive \u00bb avec 100 avions de guerre dans le sud du Liban apr\u00e8s avoir pr\u00e9tendument re\u00e7u des renseignements sur une attaque de missiles et de drones \u00e0 grande \u00e9chelle du Hezbollah sur des zones du nord et du centre d&rsquo;Isra\u00ebl, y compris des sites militaires pr\u00e8s de Tel Aviv.<\/span><\/span><\/span><\/p>\n<p><span style=\"color: #000000;\"><span style=\"font-family: Arial, sans-serif;\"><span style=\"font-size: medium;\">Le Hezbollah affirme que son attaque, qui est la premi\u00e8re r\u00e9ponse \u00e0 l\u2019assassinat par Isra\u00ebl d\u2019un haut commandant du Hezbollah \u00e0 Beyrouth et qui a consist\u00e9 \u00e0 tirer plus de 300 roquettes et drones, a \u00e9t\u00e9 un succ\u00e8s et qu\u2019Isra\u00ebl n\u2019a pas \u00e9t\u00e9 en mesure de la devancer.<\/span><\/span><\/span><\/p>\n<p><span style=\"color: #000000;\"><span style=\"font-family: Arial, sans-serif;\"><span style=\"font-size: medium;\">La d\u00e9cision pr\u00e9sum\u00e9e de lancer une frappe pr\u00e9ventive uniquement lorsque la partie centrale du pays \u00e9tait menac\u00e9e a suscit\u00e9 l\u2019indignation des colons du nord. \u00ab Nous ne comptons pas \u00bb, ont d\u00e9clar\u00e9 certains au <i>Yedioth Ahronoth<\/i>.<\/span><\/span><\/span><\/p>\n<p><span style=\"color: #000000;\"><span style=\"font-family: Arial, sans-serif;\"><span style=\"font-size: medium;\">\u00ab Le sort de Kiryat Shmona est le m\u00eame que celui de Tel-Aviv. L\u2019\u00c9tat d\u2019Isra\u00ebl a lanc\u00e9 une frappe pr\u00e9ventive contre les habitants de la partie centrale du pays, tandis que les habitants du nord vivent sous les tirs depuis dix mois, loin de leurs maisons et de leurs familles \u00bb, a d\u00e9clar\u00e9 Matan Dudian, un repr\u00e9sentant des colons \u00e9vacu\u00e9s.<\/span><\/span><\/span><\/p>\n<p><span style=\"color: #000000;\"><span style=\"font-family: Arial, sans-serif;\"><span style=\"font-size: medium;\">En r\u00e9ponse \u00e0 la guerre g\u00e9nocidaire d&rsquo;Isra\u00ebl contre Gaza, le Hezbollah a cibl\u00e9 ces dix derniers mois des sites militaires et de renseignement dans le nord\u00a0; plus de 100.000 colons ont \u00e9t\u00e9 oblig\u00e9s d&rsquo;\u00e9vacuer leurs maisons, ce qui a provoqu\u00e9 l&rsquo;effondrement de l&rsquo;\u00e9conomie et des entreprises locales.<\/span><\/span><\/span><\/p>\n<p><span style=\"color: #000000;\"><span style=\"font-family: Arial, sans-serif;\"><span style=\"font-size: medium;\">Les dirigeants de trois conseils municipaux du nord ont d\u00e9clar\u00e9 au m\u00e9dia h\u00e9breu qu&rsquo;ils couperaient tout contact avec tous les responsables gouvernementaux jusqu&rsquo;\u00e0 ce qu&rsquo;il y ait une \u00ab solution compl\u00e8te et totale \u00bb pour les r\u00e9sidents et les enfants des colonies du nord.<\/span><\/span><\/span><\/p>\n<p><span style=\"color: #000000;\"><span style=\"font-family: Arial, sans-serif;\"><span style=\"font-size: medium;\">\u00ab Nous ne vous int\u00e9ressons plus depuis dix mois et demi, et \u00e0 partir de maintenant, vous ne nous int\u00e9ressez plus. N&rsquo;appelez pas, ne venez pas, n&rsquo;envoyez pas de messages. Nous avons r\u00e9ussi seuls jusqu&rsquo;\u00e0 pr\u00e9sent, nous r\u00e9ussirons \u00bb, selon une d\u00e9claration commune du chef du conseil r\u00e9gional de Mateh Asher, Moshe Davidovich, du maire de Metula, David Azoulay, et du conseiller r\u00e9gional de Haute Galil\u00e9e, Giora Zaltz.<\/span><\/span><\/span><\/p>\n<p><span style=\"color: #000000;\"><span style=\"font-family: Arial, sans-serif;\"><span style=\"font-size: medium;\">\u00ab\u00a0M\u00eame si nous d\u00e9truisions 6.000 missiles\u00a0\u00bb, comme l&rsquo;a affirm\u00e9 dimanche Isra\u00ebl, \u00ab\u00a0cela ne repr\u00e9senterait que 3 % des capacit\u00e9s du Hezbollah. La menace ne fait que cro\u00eetre\u00a0\u00bb, a d\u00e9clar\u00e9 Giora Zaltz, chef du Conseil r\u00e9gional de Haute Galil\u00e9e.<\/span><\/span><\/span><\/p>\n<p><span style=\"color: #000000;\"><span style=\"font-family: Arial, sans-serif;\"><span style=\"font-size: medium;\">\u00ab\u00a0La r\u00e9alit\u00e9 aujourd&rsquo;hui est que la fronti\u00e8re d&rsquo;Isra\u00ebl s&rsquo;est d\u00e9plac\u00e9e de 40 km vers le sud. Nous continuons \u00e0 perdre de plus en plus de parties du nord chaque semaine qui passe\u00a0\u00bb, a-t-il expliqu\u00e9.<\/span><\/span><\/span><\/p>\n<p><span style=\"color: #000000;\"><span style=\"font-family: Arial, sans-serif;\"><span style=\"font-size: medium;\">\u00ab\u00a0Le Premier ministre a fait en sorte que les habitants du nord se sentent mal ce matin. Dans une semaine, nous sommes cens\u00e9s commencer l&rsquo;ann\u00e9e scolaire. Nous devons trouver un moyen de r\u00e9tablir la s\u00e9curit\u00e9 pour les habitants du nord\u00a0\u00bb, a-t-il ajout\u00e9.<\/span><\/span><\/span><\/p>\n<p><span style=\"color: #000000;\"><span style=\"font-family: Arial, sans-serif;\"><span style=\"font-size: medium;\">\u00ab\u00a0Malheureusement, le Premier ministre n&rsquo;accorde aucune valeur aux dizaines de morts et de bless\u00e9s dans le nord\u00a0\u00bb, a-t-il ajout\u00e9. \u00ab\u00a0Il se cache derri\u00e8re un ministre de la D\u00e9fense en \u00e9chec, abandonne la fronti\u00e8re nord et ses habitants, et ne se soucie tout simplement pas de savoir si notre sang est vers\u00e9\u00a0\u00bb. \u00ab Nous devons voir la r\u00e9alit\u00e9 en face. Ils [le gouvernement] ne nous voient pas vraiment. Le gouvernement agit uniquement en fonction de ce qui est politiquement b\u00e9n\u00e9fique pour lui. La n\u00e9gligence du Nord n\u2019entra\u00eene pas de co\u00fbts politiques, donc ils sont en paix avec cela \u00bb, a d\u00e9clar\u00e9 Dror Gavish, l\u2019un des d\u00e9plac\u00e9s de la colonie de HaGoshrim.<\/span><\/span><\/span><\/p>\n<p><span style=\"color: #000000;\"><span style=\"font-family: Arial, sans-serif;\"><span style=\"font-size: medium;\">Certains colons sont en col\u00e8re parce que le gouvernement n\u2019a pas lanc\u00e9 une guerre \u00e0 grande \u00e9chelle contre le Hezbollah et les civils au Liban en leur nom.<\/span><\/span><\/span><\/p>\n<p><span style=\"color: #000000;\"><span style=\"font-family: Arial, sans-serif;\"><span style=\"font-size: medium;\">\u00ab Ils ne bougeront pas d\u2019un pouce tant qu\u2019ils n\u2019auront pas pay\u00e9 le prix politique \u00bb, a ajout\u00e9 Gavish. \u00ab Ou, si vous voulez mon avis, tant qu\u2019ils ne seront pas remplac\u00e9s par un gouvernement qui devra faire un meilleur travail. Mais m\u00eame ceux qui ne veulent pas changer de gouvernement doivent comprendre qu\u2019ils ne risqueront pas une guerre \u00e0 grande \u00e9chelle contre le Hezbollah et l\u2019Iran \u00e0 moins d\u2019avoir une bonne raison politique. \u00bb \u00ab Ce que vivent les gens ici au nord et nous \u00e0 la fronti\u00e8re est comme une zone tampon. Le Liban est responsable de toute cette situation. Il est impensable que des gens de la mer de Galil\u00e9e soient priv\u00e9s d&rsquo;eau alors que des gens profitent des plages du Liban. \u00bb<\/span><\/span><\/span><\/p>\n<p><span style=\"color: #000000;\"><span style=\"font-family: Arial, sans-serif;\"><span style=\"font-size: medium;\">Moshe Davidovich, chef du conseil r\u00e9gional de Mateh Asher, a d\u00e9clar\u00e9 : \u00ab Je peux comprendre que des mesures soient prises pour garantir que les r\u00e9sidents du centre ne soient pas bless\u00e9s. Mais on ne s&rsquo;occupe pas de nous. Et si cela devient le catalyseur qui m\u00e8ne au lancement d&rsquo;une campagne visant \u00e0 r\u00e9tablir la routine, qu&rsquo;il en soit ainsi. \u00bb<\/span><\/span><\/span><\/p>\n<pre><em><span style=\"color: #000000;\"><span style=\"font-family: Arial, sans-serif;\"><span style=\"font-size: medium;\"><span style=\"font-size: small;\">Article original en anglais sur <a href=\"https:\/\/thecradle.co\/articles\/settlers-in-israels-north-feel-abandoned-by-government-as-hezbollah-attacks-continue\">The Cradle<\/a> \/ Traduction MR<\/span><\/span><\/span><\/span><\/em><\/pre>\n<hr \/>\n<p><span style=\"color: #000000;\"><span style=\"font-family: Arial, sans-serif;\"><span style=\"font-size: medium;\">Note ISM-France : Sur la vid\u00e9o ci-dessous du 20 ao\u00fbt, des colons isra\u00e9liens du nord affrontent le ministre de la S\u00e9curit\u00e9 nationale Ben Gvir, l&rsquo;accusant d&rsquo;\u00eatre responsable de leurs colonies d\u00e9truites et \u00e9vacu\u00e9es, et le qualifiant m\u00eame de \u00ab terroriste \u00bb. <\/span><\/span><\/span><\/p>\n<p><strong><a href=\"https:\/\/x.com\/i\/status\/1825710180291719191\">https:\/\/x.com\/i\/status\/1825710180291719191<\/a><\/strong><\/p>\n<hr \/>\n<p>&nbsp;<\/p>\n","protected":false},"excerpt":{"rendered":"<p>The Cradle, 25 ao\u00fbt 2024. Les colons install\u00e9s dans le nord d&rsquo;Isra\u00ebl disent que le gouvernement de Tel Aviv les a \u00ab abandonn\u00e9s \u00bb et qu&rsquo;ils \u00ab ne comptent pas <a class=\"more-link\" href=\"https:\/\/ismfrance.org\/index.php\/2024\/08\/26\/les-colons-du-nord-disrael-se-sentent-abandonnes-par-le-gouvernement-alors-que-les-attaques-du-hezbollah-se-poursuivent\/\">Lire la suite &rarr;<\/a><\/p>\n","protected":false},"author":3,"featured_media":13943,"comment_status":"closed","ping_status":"closed","sticky":false,"template":"","format":"standard","meta":{"footnotes":""},"categories":[12,2],"tags":[188,3],"class_list":["post-13941","post","type-post","status-publish","format-standard","has-post-thumbnail","hentry","category-analyses","category-articles","tag-colonies","tag-resistance"],"yoast_head":"<!-- This site is optimized with the Yoast SEO plugin v27.2 - https:\/\/yoast.com\/product\/yoast-seo-wordpress\/ -->\n<title>Les colons du nord d&#039;Isra\u00ebl se sentent \u00ab abandonn\u00e9s \u00bb par le gouvernement alors que les attaques du Hezbollah se poursuivent - International Solidarity Movement - ISM-France<\/title>\n<meta name=\"robots\" content=\"index, follow, max-snippet:-1, max-image-preview:large, max-video-preview:-1\" \/>\n<link rel=\"canonical\" href=\"https:\/\/ismfrance.org\/index.php\/2024\/08\/26\/les-colons-du-nord-disrael-se-sentent-abandonnes-par-le-gouvernement-alors-que-les-attaques-du-hezbollah-se-poursuivent\/\" \/>\n<meta property=\"og:locale\" content=\"fr_FR\" \/>\n<meta property=\"og:type\" content=\"article\" \/>\n<meta property=\"og:title\" content=\"Les colons du nord d&#039;Isra\u00ebl se sentent \u00ab abandonn\u00e9s \u00bb par le gouvernement alors que les attaques du Hezbollah se poursuivent - International Solidarity Movement - ISM-France\" \/>\n<meta property=\"og:description\" content=\"The Cradle, 25 ao\u00fbt 2024. Les colons install\u00e9s dans le nord d&rsquo;Isra\u00ebl disent que le gouvernement de Tel Aviv les a \u00ab abandonn\u00e9s \u00bb et qu&rsquo;ils \u00ab ne comptent pas Lire la suite &rarr;\" \/>\n<meta property=\"og:url\" content=\"https:\/\/ismfrance.org\/index.php\/2024\/08\/26\/les-colons-du-nord-disrael-se-sentent-abandonnes-par-le-gouvernement-alors-que-les-attaques-du-hezbollah-se-poursuivent\/\" \/>\n<meta property=\"og:site_name\" content=\"International Solidarity Movement - ISM-France\" \/>\n<meta property=\"article:published_time\" content=\"2024-08-26T11:38:23+00:00\" \/>\n<meta property=\"og:image\" content=\"https:\/\/ismfrance.org\/wp-content\/uploads\/2024\/08\/mont-meron.jpeg\" \/>\n\t<meta property=\"og:image:width\" content=\"1200\" \/>\n\t<meta property=\"og:image:height\" content=\"800\" \/>\n\t<meta property=\"og:image:type\" content=\"image\/jpeg\" \/>\n<meta name=\"author\" content=\"mru_01\" \/>\n<meta name=\"twitter:card\" content=\"summary_large_image\" \/>\n<meta name=\"twitter:creator\" content=\"@ISMFRANCE\" \/>\n<meta name=\"twitter:site\" content=\"@ISMFRANCE\" \/>\n<meta name=\"twitter:label1\" content=\"\u00c9crit par\" \/>\n\t<meta name=\"twitter:data1\" content=\"mru_01\" \/>\n\t<meta name=\"twitter:label2\" content=\"Dur\u00e9e de lecture estim\u00e9e\" \/>\n\t<meta name=\"twitter:data2\" content=\"6 minutes\" \/>\n<script type=\"application\/ld+json\" class=\"yoast-schema-graph\">{\"@context\":\"https:\/\/schema.org\",\"@graph\":[{\"@type\":\"Article\",\"@id\":\"https:\/\/ismfrance.org\/index.php\/2024\/08\/26\/les-colons-du-nord-disrael-se-sentent-abandonnes-par-le-gouvernement-alors-que-les-attaques-du-hezbollah-se-poursuivent\/#article\",\"isPartOf\":{\"@id\":\"https:\/\/ismfrance.org\/index.php\/2024\/08\/26\/les-colons-du-nord-disrael-se-sentent-abandonnes-par-le-gouvernement-alors-que-les-attaques-du-hezbollah-se-poursuivent\/\"},\"author\":{\"name\":\"mru_01\",\"@id\":\"https:\/\/ismfrance.org\/#\/schema\/person\/3c411eb72adfaae19c0dca1f41fae01d\"},\"headline\":\"Les colons du nord d&rsquo;Isra\u00ebl se sentent \u00ab abandonn\u00e9s \u00bb par le gouvernement alors que les attaques du Hezbollah se poursuivent\",\"datePublished\":\"2024-08-26T11:38:23+00:00\",\"mainEntityOfPage\":{\"@id\":\"https:\/\/ismfrance.org\/index.php\/2024\/08\/26\/les-colons-du-nord-disrael-se-sentent-abandonnes-par-le-gouvernement-alors-que-les-attaques-du-hezbollah-se-poursuivent\/\"},\"wordCount\":1086,\"publisher\":{\"@id\":\"https:\/\/ismfrance.org\/#organization\"},\"image\":{\"@id\":\"https:\/\/ismfrance.org\/index.php\/2024\/08\/26\/les-colons-du-nord-disrael-se-sentent-abandonnes-par-le-gouvernement-alors-que-les-attaques-du-hezbollah-se-poursuivent\/#primaryimage\"},\"thumbnailUrl\":\"https:\/\/ismfrance.org\/wp-content\/uploads\/2024\/08\/mont-meron.jpeg\",\"keywords\":[\"Colonies\",\"R\u00e9sistance\"],\"articleSection\":[\"Analyses\",\"Articles\"],\"inLanguage\":\"fr-FR\"},{\"@type\":\"WebPage\",\"@id\":\"https:\/\/ismfrance.org\/index.php\/2024\/08\/26\/les-colons-du-nord-disrael-se-sentent-abandonnes-par-le-gouvernement-alors-que-les-attaques-du-hezbollah-se-poursuivent\/\",\"url\":\"https:\/\/ismfrance.org\/index.php\/2024\/08\/26\/les-colons-du-nord-disrael-se-sentent-abandonnes-par-le-gouvernement-alors-que-les-attaques-du-hezbollah-se-poursuivent\/\",\"name\":\"Les colons du nord d'Isra\u00ebl se sentent \u00ab abandonn\u00e9s \u00bb par le gouvernement alors que les attaques du Hezbollah se poursuivent - International Solidarity Movement - ISM-France\",\"isPartOf\":{\"@id\":\"https:\/\/ismfrance.org\/#website\"},\"primaryImageOfPage\":{\"@id\":\"https:\/\/ismfrance.org\/index.php\/2024\/08\/26\/les-colons-du-nord-disrael-se-sentent-abandonnes-par-le-gouvernement-alors-que-les-attaques-du-hezbollah-se-poursuivent\/#primaryimage\"},\"image\":{\"@id\":\"https:\/\/ismfrance.org\/index.php\/2024\/08\/26\/les-colons-du-nord-disrael-se-sentent-abandonnes-par-le-gouvernement-alors-que-les-attaques-du-hezbollah-se-poursuivent\/#primaryimage\"},\"thumbnailUrl\":\"https:\/\/ismfrance.org\/wp-content\/uploads\/2024\/08\/mont-meron.jpeg\",\"datePublished\":\"2024-08-26T11:38:23+00:00\",\"breadcrumb\":{\"@id\":\"https:\/\/ismfrance.org\/index.php\/2024\/08\/26\/les-colons-du-nord-disrael-se-sentent-abandonnes-par-le-gouvernement-alors-que-les-attaques-du-hezbollah-se-poursuivent\/#breadcrumb\"},\"inLanguage\":\"fr-FR\",\"potentialAction\":[{\"@type\":\"ReadAction\",\"target\":[\"https:\/\/ismfrance.org\/index.php\/2024\/08\/26\/les-colons-du-nord-disrael-se-sentent-abandonnes-par-le-gouvernement-alors-que-les-attaques-du-hezbollah-se-poursuivent\/\"]}]},{\"@type\":\"ImageObject\",\"inLanguage\":\"fr-FR\",\"@id\":\"https:\/\/ismfrance.org\/index.php\/2024\/08\/26\/les-colons-du-nord-disrael-se-sentent-abandonnes-par-le-gouvernement-alors-que-les-attaques-du-hezbollah-se-poursuivent\/#primaryimage\",\"url\":\"https:\/\/ismfrance.org\/wp-content\/uploads\/2024\/08\/mont-meron.jpeg\",\"contentUrl\":\"https:\/\/ismfrance.org\/wp-content\/uploads\/2024\/08\/mont-meron.jpeg\",\"width\":1200,\"height\":800,\"caption\":\"Le Hezbollah cible la base a\u00e9rienne isra\u00e9lienne du Mont Meron, l\u2019une des deux principales bases a\u00e9riennes d\u2019Isra\u00ebl. Situ\u00e9e au nord, c\u2019est un centre strat\u00e9gique pour l\u2019ensemble de l\u2019entit\u00e9 isra\u00e9lienne, et un centre de surveillance, de renseignement et de commandement militaire essentiel pour les interf\u00e9rences de guerre \u00e9lectronique.\"},{\"@type\":\"BreadcrumbList\",\"@id\":\"https:\/\/ismfrance.org\/index.php\/2024\/08\/26\/les-colons-du-nord-disrael-se-sentent-abandonnes-par-le-gouvernement-alors-que-les-attaques-du-hezbollah-se-poursuivent\/#breadcrumb\",\"itemListElement\":[{\"@type\":\"ListItem\",\"position\":1,\"name\":\"Accueil\",\"item\":\"https:\/\/ismfrance.org\/\"},{\"@type\":\"ListItem\",\"position\":2,\"name\":\"Les colons du nord d&#8217;Isra\u00ebl se sentent \u00ab abandonn\u00e9s \u00bb par le gouvernement alors que les attaques du Hezbollah se poursuivent\"}]},{\"@type\":\"WebSite\",\"@id\":\"https:\/\/ismfrance.org\/#website\",\"url\":\"https:\/\/ismfrance.org\/\",\"name\":\"ISM Palestine France\",\"description\":\"Soutien aux luttes de lib\u00e9ration du peuple palestinien\",\"publisher\":{\"@id\":\"https:\/\/ismfrance.org\/#organization\"},\"potentialAction\":[{\"@type\":\"SearchAction\",\"target\":{\"@type\":\"EntryPoint\",\"urlTemplate\":\"https:\/\/ismfrance.org\/?s={search_term_string}\"},\"query-input\":{\"@type\":\"PropertyValueSpecification\",\"valueRequired\":true,\"valueName\":\"search_term_string\"}}],\"inLanguage\":\"fr-FR\"},{\"@type\":\"Organization\",\"@id\":\"https:\/\/ismfrance.org\/#organization\",\"name\":\"International Solidarity Movement\",\"url\":\"https:\/\/ismfrance.org\/\",\"logo\":{\"@type\":\"ImageObject\",\"inLanguage\":\"fr-FR\",\"@id\":\"https:\/\/ismfrance.org\/#\/schema\/logo\/image\/\",\"url\":\"https:\/\/ismfrance.org\/wp-content\/uploads\/2020\/12\/00.png\",\"contentUrl\":\"https:\/\/ismfrance.org\/wp-content\/uploads\/2020\/12\/00.png\",\"width\":400,\"height\":400,\"caption\":\"International Solidarity Movement\"},\"image\":{\"@id\":\"https:\/\/ismfrance.org\/#\/schema\/logo\/image\/\"},\"sameAs\":[\"https:\/\/x.com\/ISMFRANCE\"]},{\"@type\":\"Person\",\"@id\":\"https:\/\/ismfrance.org\/#\/schema\/person\/3c411eb72adfaae19c0dca1f41fae01d\",\"name\":\"mru_01\",\"image\":{\"@type\":\"ImageObject\",\"inLanguage\":\"fr-FR\",\"@id\":\"https:\/\/secure.gravatar.com\/avatar\/3a0be343b445d2ccc79e87444a294fad2b232e90d2051d0e3cc219e1ecd6a330?s=96&d=mm&r=g\",\"url\":\"https:\/\/secure.gravatar.com\/avatar\/3a0be343b445d2ccc79e87444a294fad2b232e90d2051d0e3cc219e1ecd6a330?s=96&d=mm&r=g\",\"contentUrl\":\"https:\/\/secure.gravatar.com\/avatar\/3a0be343b445d2ccc79e87444a294fad2b232e90d2051d0e3cc219e1ecd6a330?s=96&d=mm&r=g\",\"caption\":\"mru_01\"},\"url\":\"https:\/\/ismfrance.org\/index.php\/author\/admin02\/\"}]}<\/script>\n<!-- \/ Yoast SEO plugin. -->","yoast_head_json":{"title":"Les colons du nord d'Isra\u00ebl se sentent \u00ab abandonn\u00e9s \u00bb par le gouvernement alors que les attaques du Hezbollah se poursuivent - International Solidarity Movement - ISM-France","robots":{"index":"index","follow":"follow","max-snippet":"max-snippet:-1","max-image-preview":"max-image-preview:large","max-video-preview":"max-video-preview:-1"},"canonical":"https:\/\/ismfrance.org\/index.php\/2024\/08\/26\/les-colons-du-nord-disrael-se-sentent-abandonnes-par-le-gouvernement-alors-que-les-attaques-du-hezbollah-se-poursuivent\/","og_locale":"fr_FR","og_type":"article","og_title":"Les colons du nord d'Isra\u00ebl se sentent \u00ab abandonn\u00e9s \u00bb par le gouvernement alors que les attaques du Hezbollah se poursuivent - International Solidarity Movement - ISM-France","og_description":"The Cradle, 25 ao\u00fbt 2024. Les colons install\u00e9s dans le nord d&rsquo;Isra\u00ebl disent que le gouvernement de Tel Aviv les a \u00ab abandonn\u00e9s \u00bb et qu&rsquo;ils \u00ab ne comptent pas Lire la suite &rarr;","og_url":"https:\/\/ismfrance.org\/index.php\/2024\/08\/26\/les-colons-du-nord-disrael-se-sentent-abandonnes-par-le-gouvernement-alors-que-les-attaques-du-hezbollah-se-poursuivent\/","og_site_name":"International Solidarity Movement - ISM-France","article_published_time":"2024-08-26T11:38:23+00:00","og_image":[{"width":1200,"height":800,"url":"https:\/\/ismfrance.org\/wp-content\/uploads\/2024\/08\/mont-meron.jpeg","type":"image\/jpeg"}],"author":"mru_01","twitter_card":"summary_large_image","twitter_creator":"@ISMFRANCE","twitter_site":"@ISMFRANCE","twitter_misc":{"\u00c9crit par":"mru_01","Dur\u00e9e de lecture estim\u00e9e":"6 minutes"},"schema":{"@context":"https:\/\/schema.org","@graph":[{"@type":"Article","@id":"https:\/\/ismfrance.org\/index.php\/2024\/08\/26\/les-colons-du-nord-disrael-se-sentent-abandonnes-par-le-gouvernement-alors-que-les-attaques-du-hezbollah-se-poursuivent\/#article","isPartOf":{"@id":"https:\/\/ismfrance.org\/index.php\/2024\/08\/26\/les-colons-du-nord-disrael-se-sentent-abandonnes-par-le-gouvernement-alors-que-les-attaques-du-hezbollah-se-poursuivent\/"},"author":{"name":"mru_01","@id":"https:\/\/ismfrance.org\/#\/schema\/person\/3c411eb72adfaae19c0dca1f41fae01d"},"headline":"Les colons du nord d&rsquo;Isra\u00ebl se sentent \u00ab abandonn\u00e9s \u00bb par le gouvernement alors que les attaques du Hezbollah se poursuivent","datePublished":"2024-08-26T11:38:23+00:00","mainEntityOfPage":{"@id":"https:\/\/ismfrance.org\/index.php\/2024\/08\/26\/les-colons-du-nord-disrael-se-sentent-abandonnes-par-le-gouvernement-alors-que-les-attaques-du-hezbollah-se-poursuivent\/"},"wordCount":1086,"publisher":{"@id":"https:\/\/ismfrance.org\/#organization"},"image":{"@id":"https:\/\/ismfrance.org\/index.php\/2024\/08\/26\/les-colons-du-nord-disrael-se-sentent-abandonnes-par-le-gouvernement-alors-que-les-attaques-du-hezbollah-se-poursuivent\/#primaryimage"},"thumbnailUrl":"https:\/\/ismfrance.org\/wp-content\/uploads\/2024\/08\/mont-meron.jpeg","keywords":["Colonies","R\u00e9sistance"],"articleSection":["Analyses","Articles"],"inLanguage":"fr-FR"},{"@type":"WebPage","@id":"https:\/\/ismfrance.org\/index.php\/2024\/08\/26\/les-colons-du-nord-disrael-se-sentent-abandonnes-par-le-gouvernement-alors-que-les-attaques-du-hezbollah-se-poursuivent\/","url":"https:\/\/ismfrance.org\/index.php\/2024\/08\/26\/les-colons-du-nord-disrael-se-sentent-abandonnes-par-le-gouvernement-alors-que-les-attaques-du-hezbollah-se-poursuivent\/","name":"Les colons du nord d'Isra\u00ebl se sentent \u00ab abandonn\u00e9s \u00bb par le gouvernement alors que les attaques du Hezbollah se poursuivent - International Solidarity Movement - ISM-France","isPartOf":{"@id":"https:\/\/ismfrance.org\/#website"},"primaryImageOfPage":{"@id":"https:\/\/ismfrance.org\/index.php\/2024\/08\/26\/les-colons-du-nord-disrael-se-sentent-abandonnes-par-le-gouvernement-alors-que-les-attaques-du-hezbollah-se-poursuivent\/#primaryimage"},"image":{"@id":"https:\/\/ismfrance.org\/index.php\/2024\/08\/26\/les-colons-du-nord-disrael-se-sentent-abandonnes-par-le-gouvernement-alors-que-les-attaques-du-hezbollah-se-poursuivent\/#primaryimage"},"thumbnailUrl":"https:\/\/ismfrance.org\/wp-content\/uploads\/2024\/08\/mont-meron.jpeg","datePublished":"2024-08-26T11:38:23+00:00","breadcrumb":{"@id":"https:\/\/ismfrance.org\/index.php\/2024\/08\/26\/les-colons-du-nord-disrael-se-sentent-abandonnes-par-le-gouvernement-alors-que-les-attaques-du-hezbollah-se-poursuivent\/#breadcrumb"},"inLanguage":"fr-FR","potentialAction":[{"@type":"ReadAction","target":["https:\/\/ismfrance.org\/index.php\/2024\/08\/26\/les-colons-du-nord-disrael-se-sentent-abandonnes-par-le-gouvernement-alors-que-les-attaques-du-hezbollah-se-poursuivent\/"]}]},{"@type":"ImageObject","inLanguage":"fr-FR","@id":"https:\/\/ismfrance.org\/index.php\/2024\/08\/26\/les-colons-du-nord-disrael-se-sentent-abandonnes-par-le-gouvernement-alors-que-les-attaques-du-hezbollah-se-poursuivent\/#primaryimage","url":"https:\/\/ismfrance.org\/wp-content\/uploads\/2024\/08\/mont-meron.jpeg","contentUrl":"https:\/\/ismfrance.org\/wp-content\/uploads\/2024\/08\/mont-meron.jpeg","width":1200,"height":800,"caption":"Le Hezbollah cible la base a\u00e9rienne isra\u00e9lienne du Mont Meron, l\u2019une des deux principales bases a\u00e9riennes d\u2019Isra\u00ebl. Situ\u00e9e au nord, c\u2019est un centre strat\u00e9gique pour l\u2019ensemble de l\u2019entit\u00e9 isra\u00e9lienne, et un centre de surveillance, de renseignement et de commandement militaire essentiel pour les interf\u00e9rences de guerre \u00e9lectronique."},{"@type":"BreadcrumbList","@id":"https:\/\/ismfrance.org\/index.php\/2024\/08\/26\/les-colons-du-nord-disrael-se-sentent-abandonnes-par-le-gouvernement-alors-que-les-attaques-du-hezbollah-se-poursuivent\/#breadcrumb","itemListElement":[{"@type":"ListItem","position":1,"name":"Accueil","item":"https:\/\/ismfrance.org\/"},{"@type":"ListItem","position":2,"name":"Les colons du nord d&#8217;Isra\u00ebl se sentent \u00ab abandonn\u00e9s \u00bb par le gouvernement alors que les attaques du Hezbollah se poursuivent"}]},{"@type":"WebSite","@id":"https:\/\/ismfrance.org\/#website","url":"https:\/\/ismfrance.org\/","name":"ISM Palestine France","description":"Soutien aux luttes de lib\u00e9ration du peuple palestinien","publisher":{"@id":"https:\/\/ismfrance.org\/#organization"},"potentialAction":[{"@type":"SearchAction","target":{"@type":"EntryPoint","urlTemplate":"https:\/\/ismfrance.org\/?s={search_term_string}"},"query-input":{"@type":"PropertyValueSpecification","valueRequired":true,"valueName":"search_term_string"}}],"inLanguage":"fr-FR"},{"@type":"Organization","@id":"https:\/\/ismfrance.org\/#organization","name":"International Solidarity Movement","url":"https:\/\/ismfrance.org\/","logo":{"@type":"ImageObject","inLanguage":"fr-FR","@id":"https:\/\/ismfrance.org\/#\/schema\/logo\/image\/","url":"https:\/\/ismfrance.org\/wp-content\/uploads\/2020\/12\/00.png","contentUrl":"https:\/\/ismfrance.org\/wp-content\/uploads\/2020\/12\/00.png","width":400,"height":400,"caption":"International Solidarity Movement"},"image":{"@id":"https:\/\/ismfrance.org\/#\/schema\/logo\/image\/"},"sameAs":["https:\/\/x.com\/ISMFRANCE"]},{"@type":"Person","@id":"https:\/\/ismfrance.org\/#\/schema\/person\/3c411eb72adfaae19c0dca1f41fae01d","name":"mru_01","image":{"@type":"ImageObject","inLanguage":"fr-FR","@id":"https:\/\/secure.gravatar.com\/avatar\/3a0be343b445d2ccc79e87444a294fad2b232e90d2051d0e3cc219e1ecd6a330?s=96&d=mm&r=g","url":"https:\/\/secure.gravatar.com\/avatar\/3a0be343b445d2ccc79e87444a294fad2b232e90d2051d0e3cc219e1ecd6a330?s=96&d=mm&r=g","contentUrl":"https:\/\/secure.gravatar.com\/avatar\/3a0be343b445d2ccc79e87444a294fad2b232e90d2051d0e3cc219e1ecd6a330?s=96&d=mm&r=g","caption":"mru_01"},"url":"https:\/\/ismfrance.org\/index.php\/author\/admin02\/"}]}},"_links":{"self":[{"href":"https:\/\/ismfrance.org\/index.php\/wp-json\/wp\/v2\/posts\/13941","targetHints":{"allow":["GET"]}}],"collection":[{"href":"https:\/\/ismfrance.org\/index.php\/wp-json\/wp\/v2\/posts"}],"about":[{"href":"https:\/\/ismfrance.org\/index.php\/wp-json\/wp\/v2\/types\/post"}],"author":[{"embeddable":true,"href":"https:\/\/ismfrance.org\/index.php\/wp-json\/wp\/v2\/users\/3"}],"replies":[{"embeddable":true,"href":"https:\/\/ismfrance.org\/index.php\/wp-json\/wp\/v2\/comments?post=13941"}],"version-history":[{"count":0,"href":"https:\/\/ismfrance.org\/index.php\/wp-json\/wp\/v2\/posts\/13941\/revisions"}],"wp:featuredmedia":[{"embeddable":true,"href":"https:\/\/ismfrance.org\/index.php\/wp-json\/wp\/v2\/media\/13943"}],"wp:attachment":[{"href":"https:\/\/ismfrance.org\/index.php\/wp-json\/wp\/v2\/media?parent=13941"}],"wp:term":[{"taxonomy":"category","embeddable":true,"href":"https:\/\/ismfrance.org\/index.php\/wp-json\/wp\/v2\/categories?post=13941"},{"taxonomy":"post_tag","embeddable":true,"href":"https:\/\/ismfrance.org\/index.php\/wp-json\/wp\/v2\/tags?post=13941"}],"curies":[{"name":"wp","href":"https:\/\/api.w.org\/{rel}","templated":true}]}}