{"id":13877,"date":"2024-08-23T15:07:42","date_gmt":"2024-08-23T13:07:42","guid":{"rendered":"https:\/\/ismfrance.org\/?p=13877"},"modified":"2024-12-16T10:43:43","modified_gmt":"2024-12-16T09:43:43","slug":"temoignages-de-gazaouis-la-survie-qui-sorganise-au-jour-le-jour-dans-lenfer-de-gaza-partie-152-21-aout","status":"publish","type":"post","link":"https:\/\/ismfrance.org\/index.php\/2024\/08\/23\/temoignages-de-gazaouis-la-survie-qui-sorganise-au-jour-le-jour-dans-lenfer-de-gaza-partie-152-21-aout\/","title":{"rendered":"T\u00e9moignages de Gazaouis : La survie qui s\u2019organise au jour le jour dans l\u2019enfer de Gaza \u2013 partie 152 \/ 21 ao\u00fbt"},"content":{"rendered":"<p align=\"LEFT\"><span style=\"color: #000000;\"><span style=\"font-family: Arial, sans-serif;\"><span style=\"font-size: medium;\"><b>Brigitte Challande, 23 ao\u00fbt 2024. Abu Amir \u00e9crit le soir du 21 ao\u00fbt\u00a0:<\/b><\/span><\/span><\/span><\/p>\n<blockquote><p>Cliquez ici pour consulter les <a href=\"https:\/\/ismfrance.org\/index.php\/temoignages-gazaouis-survie-enfer-gaza-1\/\" rel=\"noopener\" target=\"_blank\">R\u00e9cits complets<\/a>.<\/p><\/blockquote>\n<p lang=\"fr-FR\"><span style=\"color: #000000;\"><span style=\"font-family: Arial, sans-serif;\"><span style=\"font-size: medium;\">\u00ab\u00a0<em>Nous venons de recevoir ces informations : les chars isra\u00e9liens avancent pr\u00e8s des tentes des d\u00e9plac\u00e9s dans la r\u00e9gion de Mawasi al-Qarara, au sud-ouest de Khan Yunis, <a href=\"https:\/\/x.com\/i\/status\/1826404985682493886\">au milieu de tirs nourris<\/a>. Ils blessent et assi\u00e9gent un grand nombre de d\u00e9plac\u00e9s, et provoquent le d\u00e9placement de milliers de personnes.<\/em>\u00a0\u00bb<\/span><\/span><\/span><\/p>\n<div id=\"attachment_13890\" style=\"width: 589px\" class=\"wp-caption alignnone\"><a href=\"https:\/\/ismfrance.org\/wp-content\/uploads\/2024\/08\/rafah-municipality.png\"><img loading=\"lazy\" decoding=\"async\" aria-describedby=\"caption-attachment-13890\" class=\"wp-image-13890 size-full\" src=\"https:\/\/ismfrance.org\/wp-content\/uploads\/2024\/08\/rafah-municipality.png\" alt=\"\" width=\"579\" height=\"597\" srcset=\"https:\/\/ismfrance.org\/wp-content\/uploads\/2024\/08\/rafah-municipality.png 579w, https:\/\/ismfrance.org\/wp-content\/uploads\/2024\/08\/rafah-municipality-291x300.png 291w\" sizes=\"auto, (max-width: 579px) 100vw, 579px\" \/><\/a><p id=\"caption-attachment-13890\" class=\"wp-caption-text\"><em>Bombardement de la municipalit\u00e9 de Rafah (capture d&rsquo;\u00e9cran de la<a href=\"https:\/\/x.com\/i\/status\/1826628610666479759\"> vid\u00e9o de Palestine Online<\/a>, sur X.<\/em><\/p><\/div>\n<p><span style=\"color: #000000;\"><span style=\"font-family: Arial, sans-serif;\"><span style=\"font-size: medium;\"><span lang=\"fr-FR\"><b>Le 22 ao\u00fbt, Marsel<\/b><\/span><span lang=\"fr-FR\"><b> nous envoie l\u2019information suivante\u00a0:<\/b><\/span><\/span><\/span><\/span><\/p>\n<p lang=\"fr-FR\"><span style=\"color: #000000;\"><span style=\"font-family: Arial, sans-serif;\"><span style=\"font-size: medium;\">\u00ab\u00a0<em>Les forces d&rsquo;occupation font exploser le b\u00e2timent de la municipalit\u00e9 de Rafah, dans le sud de la bande de Gaza.<\/em>\u00a0\u00bb<\/span><\/span><\/span><\/p>\n<p><span style=\"color: #000000;\"><span style=\"font-family: Arial, sans-serif;\"><span style=\"font-size: medium;\"><span lang=\"fr-FR\"><b>Le soir du 22 ao\u00fbt, Abu Amir envoie le compte rendu du travail de son \u00e9quipe, toujours aussi pr\u00e9cieux<\/b><\/span><\/span><\/span><\/span><\/p>\n<p lang=\"fr-FR\"><span style=\"color: #000000;\"><span style=\"font-family: Arial, sans-serif;\"><span style=\"font-size: medium;\"><b>\u00ab\u00a0Travail humanitaire <\/b><\/span><\/span><\/span><\/p>\n<p lang=\"fr-FR\"><span style=\"color: #000000;\"><span style=\"font-family: Arial, sans-serif;\"><span style=\"font-size: medium;\">Les camps de r\u00e9fugi\u00e9s sont confront\u00e9s \u00e0 des conditions humanitaires extr\u00eamement dures en temps de guerre. Les personnes d\u00e9plac\u00e9es sont expos\u00e9es \u00e0 des situations tr\u00e8s difficiles, notamment \u00e0 de graves p\u00e9nuries de nourriture et d\u2019eau, et \u00e0 l\u2019absence de services de base tels que des soins de sant\u00e9 et un abri s\u00fbr. <\/span><\/span><\/span><\/p>\n<p lang=\"fr-FR\"><span style=\"color: #000000;\"><span style=\"font-family: Arial, sans-serif;\"><span style=\"font-size: medium;\">Alors que la violence s\u2019intensifie et que les conditions de s\u00e9curit\u00e9 se d\u00e9gradent, l\u2019obtention de nourriture quotidienne devient un d\u00e9fi majeur pour les familles qui se retrouvent coinc\u00e9es dans des camps surpeupl\u00e9s et non \u00e9quip\u00e9s pour accueillir ce grand nombre de personnes d\u00e9plac\u00e9es. Elles sont oblig\u00e9es de quitter leurs maisons et leurs fermes en raison de la guerre et se retrouvent sans les moyens de nourrir leur famille. La plupart d\u00e9pendent de l\u2019aide humanitaire, mais les perturbations des cha\u00eenes d\u2019approvisionnement et les difficult\u00e9s d\u2019acheminement de l\u2019aide en raison des blocus et de la guerre limitent l\u2019acc\u00e8s \u00e0 l\u2019aide. <\/span><\/span><\/span><\/p>\n<p lang=\"fr-FR\"><span style=\"color: #000000;\"><span style=\"font-family: Arial, sans-serif;\"><span style=\"font-size: medium;\">Les p\u00e9nuries alimentaires entra\u00eenent une malnutrition g\u00e9n\u00e9ralis\u00e9e, en particulier chez les enfants et les personnes \u00e2g\u00e9es, qui sont plus vuln\u00e9rables aux complications de sant\u00e9 li\u00e9es \u00e0 la faim.<\/span><\/span><\/span><\/p>\n<p lang=\"fr-FR\"><a href=\"https:\/\/ismfrance.org\/wp-content\/uploads\/2024\/08\/distrib.jpg\"><img loading=\"lazy\" decoding=\"async\" class=\"alignnone size-large wp-image-13880\" src=\"https:\/\/ismfrance.org\/wp-content\/uploads\/2024\/08\/distrib-700x327.jpg\" alt=\"\" width=\"600\" height=\"280\" srcset=\"https:\/\/ismfrance.org\/wp-content\/uploads\/2024\/08\/distrib-700x327.jpg 700w, https:\/\/ismfrance.org\/wp-content\/uploads\/2024\/08\/distrib-300x140.jpg 300w, https:\/\/ismfrance.org\/wp-content\/uploads\/2024\/08\/distrib-768x359.jpg 768w, https:\/\/ismfrance.org\/wp-content\/uploads\/2024\/08\/distrib-1536x717.jpg 1536w, https:\/\/ismfrance.org\/wp-content\/uploads\/2024\/08\/distrib-1320x616.jpg 1320w, https:\/\/ismfrance.org\/wp-content\/uploads\/2024\/08\/distrib.jpg 1600w\" sizes=\"auto, (max-width: 600px) 100vw, 600px\" \/><\/a><\/p>\n<p lang=\"fr-FR\"><span style=\"color: #000000;\"><span style=\"font-family: Arial, sans-serif;\"><span style=\"font-size: medium;\">Dans ces circonstances difficiles, nos \u00e9quipes accomplissent un devoir humanitaire de base en fournissant \u00e0 ces familles du camp des agriculteurs ce dont elles ont besoin, en particulier de la nourriture. Nous sommes conscients que fournir de la nourriture n\u2019est pas seulement un besoin mat\u00e9riel, mais plut\u00f4t un devoir humanitaire auquel nous nous engageons afin d\u2019assurer la continuit\u00e9 de la vie de ces personnes dans des circonstances difficiles. <\/span><\/span><\/span><\/p>\n<p lang=\"fr-FR\"><span style=\"color: #000000;\"><span style=\"font-family: Arial, sans-serif;\"><span style=\"font-size: medium;\">Comme toujours, nos \u00e9quipes ont fourni cette semaine de la nourriture aux familles du camp des agriculteurs de mani\u00e8re organis\u00e9e, en veillant \u00e0 ce que les besoins de chacun soient satisfaits. Nous nous appuyons sur la distribution de repas de base et nutritifs qui garantissent que les besoins nutritionnels minimaux de ces familles soient satisfaits. <\/span><\/span><\/span><\/p>\n<p lang=\"fr-FR\"><span style=\"color: #000000;\"><span style=\"font-family: Arial, sans-serif;\"><span style=\"font-size: medium;\">La distribution de nourriture est effectu\u00e9e quotidiennement, en tenant compte des cas les plus vuln\u00e9rables tels que les enfants, les malades et les personnes \u00e2g\u00e9es, qui n\u00e9cessitent des soins particuliers. <\/span><\/span><\/span><\/p>\n<p lang=\"fr-FR\"><span style=\"color: #000000;\"><span style=\"font-family: Arial, sans-serif;\"><span style=\"font-size: medium;\">La distribution de nourriture dans le camp des agriculteurs ne fait pas que calmer la faim, elle contribue \u00e9galement \u00e0 maintenir la stabilit\u00e9 au sein des camps, en aidant \u00e0 att\u00e9nuer le stress et l\u2019anxi\u00e9t\u00e9 ressentis par les d\u00e9plac\u00e9s. La nourriture apporte un peu de r\u00e9confort au milieu du chaos, et att\u00e9nue les sentiments d\u2019impuissance et de d\u00e9sespoir. La fourniture de nourriture r\u00e9duit \u00e9galement la propagation des maladies associ\u00e9es \u00e0 la malnutrition et aide \u00e0 maintenir la sant\u00e9 des d\u00e9plac\u00e9s dans un environnement qui manque de soins de sant\u00e9 ad\u00e9quats.<\/span><\/span><\/span><\/p>\n<p lang=\"fr-FR\"><a href=\"https:\/\/ismfrance.org\/wp-content\/uploads\/2024\/08\/distrib1.jpg\"><img loading=\"lazy\" decoding=\"async\" class=\"alignnone size-large wp-image-13881\" src=\"https:\/\/ismfrance.org\/wp-content\/uploads\/2024\/08\/distrib1-700x327.jpg\" alt=\"\" width=\"600\" height=\"280\" srcset=\"https:\/\/ismfrance.org\/wp-content\/uploads\/2024\/08\/distrib1-700x327.jpg 700w, https:\/\/ismfrance.org\/wp-content\/uploads\/2024\/08\/distrib1-300x140.jpg 300w, https:\/\/ismfrance.org\/wp-content\/uploads\/2024\/08\/distrib1-768x359.jpg 768w, https:\/\/ismfrance.org\/wp-content\/uploads\/2024\/08\/distrib1-1536x717.jpg 1536w, https:\/\/ismfrance.org\/wp-content\/uploads\/2024\/08\/distrib1-1320x616.jpg 1320w, https:\/\/ismfrance.org\/wp-content\/uploads\/2024\/08\/distrib1.jpg 1600w\" sizes=\"auto, (max-width: 600px) 100vw, 600px\" \/><\/a><\/p>\n<p lang=\"fr-FR\"><span style=\"color: #000000;\"><span style=\"font-family: Arial, sans-serif;\"><span style=\"font-size: medium;\">Malgr\u00e9 nos efforts consid\u00e9rables, nos \u00e9quipes sont confront\u00e9es \u00e0 des d\u00e9fis constants \u00e0 mesure que la guerre s\u2019intensifie, mais malgr\u00e9 ces d\u00e9fis, nous continuons \u00e0 travailler avec d\u00e9termination pour fournir une assistance \u00e0 tous ceux qui en ont besoin, convaincus de l\u2019importance de ce travail humanitaire. Les conditions humanitaires dans les camps de r\u00e9fugi\u00e9s pendant la guerre, en particulier dans le camp des agriculteurs, sont difficiles en raison de la propagation de la pauvret\u00e9 et du grand nombre de familles en raison des d\u00e9placements r\u00e9p\u00e9t\u00e9s. <\/span><\/span><\/span><\/p>\n<p lang=\"fr-FR\"><span style=\"color: #000000;\"><span style=\"font-family: Arial, sans-serif;\"><span style=\"font-size: medium;\">Le r\u00f4le de nos \u00e9quipes dans l\u2019approvisionnement en nourriture de ces familles est un \u00e9l\u00e9ment essentiel de la r\u00e9ponse humanitaire \u00e0 la crise, car nous continuons \u00e0 fournir une assistance malgr\u00e9 les grands d\u00e9fis, engag\u00e9s dans notre devoir humanitaire d\u2019all\u00e9ger les souffrances des personnes d\u00e9plac\u00e9es et de veiller \u00e0 ce qu\u2019elles obtiennent leurs besoins de base minimaux.\u00a0\u00bb<\/span><\/span><\/span><\/p>\n<p lang=\"fr-FR\"><span style=\"color: #000000;\"><span style=\"font-family: Arial, sans-serif;\"><span style=\"font-size: medium;\">Photos et vid\u00e9os <a href=\"https:\/\/drive.google.com\/drive\/folders\/11Ck4igBKg4wZ-zRZm_IZx2uFLcE3O9ur\"><b>ICI<\/b><\/a><\/span><\/span><\/span><\/p>\n<p lang=\"fr-FR\"><span style=\"color: #000000;\"><span style=\"font-family: Arial, sans-serif;\"><span style=\"font-size: medium;\"><b>\u00ab\u00a0Programme \u00e9ducatif <\/b><\/span><\/span><\/span><\/p>\n<p lang=\"fr-FR\"><span style=\"color: #000000;\"><span style=\"font-family: Arial, sans-serif;\"><span style=\"font-size: medium;\">L\u2019\u00e9ducation est un pilier fondamental pour la population de la bande de Gaza. Ce n\u2019est pas seulement un moyen d\u2019acqu\u00e9rir des connaissances, mais plut\u00f4t un espoir d\u2019un avenir meilleur et un outil pour construire une soci\u00e9t\u00e9 forte et coh\u00e9sive, m\u00eame au milieu des conflits et des guerres. La population de Gaza comprend l\u2019importance de l\u2019\u00e9ducation pour permettre aux g\u00e9n\u00e9rations futures de surmonter les effets de la guerre et de reconstruire ce qui a \u00e9t\u00e9 d\u00e9truit.<\/span><\/span><\/span><\/p>\n<p lang=\"fr-FR\"><a href=\"https:\/\/ismfrance.org\/wp-content\/uploads\/2024\/08\/ecole3.jpg\"><img loading=\"lazy\" decoding=\"async\" class=\"alignnone size-large wp-image-13887\" src=\"https:\/\/ismfrance.org\/wp-content\/uploads\/2024\/08\/ecole3-700x525.jpg\" alt=\"\" width=\"600\" height=\"450\" srcset=\"https:\/\/ismfrance.org\/wp-content\/uploads\/2024\/08\/ecole3-700x525.jpg 700w, https:\/\/ismfrance.org\/wp-content\/uploads\/2024\/08\/ecole3-300x225.jpg 300w, https:\/\/ismfrance.org\/wp-content\/uploads\/2024\/08\/ecole3-768x576.jpg 768w, https:\/\/ismfrance.org\/wp-content\/uploads\/2024\/08\/ecole3-350x263.jpg 350w, https:\/\/ismfrance.org\/wp-content\/uploads\/2024\/08\/ecole3.jpg 1280w\" sizes=\"auto, (max-width: 600px) 100vw, 600px\" \/><\/a><\/p>\n<p lang=\"fr-FR\"><span style=\"color: #000000;\"><span style=\"font-family: Arial, sans-serif;\"><span style=\"font-size: medium;\">Cependant, la guerre en cours, en particulier apr\u00e8s le 7 octobre 2023, a eu un impact catastrophique sur le syst\u00e8me \u00e9ducatif de la bande de Gaza, car des \u00e9coles, des universit\u00e9s et des infrastructures \u00e9ducatives ont \u00e9t\u00e9 d\u00e9truites et du personnel enseignant a \u00e9t\u00e9 tu\u00e9 ou d\u00e9plac\u00e9. La guerre a d\u00e9truit de nombreuses \u00e9coles et universit\u00e9s, entra\u00eenant la suspension des \u00e9tudes et la perturbation presque totale du processus \u00e9ducatif. La perte d\u2019infrastructures, le d\u00e9placement des enseignants et des \u00e9l\u00e8ves et la transformation des \u00e9coles en abris pour les personnes d\u00e9plac\u00e9es ont rendu difficile la poursuite normale de l\u2019\u00e9ducation. En outre, les centres \u00e9ducatifs souffrent d\u2019une p\u00e9nurie de ressources et de fournitures \u00e9ducatives de base, telles que des livres, des bureaux et des \u00e9quipements technologiques essentiels au processus \u00e9ducatif moderne. <\/span><\/span><\/span><\/p>\n<p lang=\"fr-FR\"><span style=\"color: #000000;\"><span style=\"font-family: Arial, sans-serif;\"><span style=\"font-size: medium;\">Les enfants et les jeunes de Gaza sont les plus touch\u00e9s par cette destruction, car ils se retrouvent sans possibilit\u00e9 d\u2019apprendre et de se d\u00e9velopper dans un environnement s\u00fbr. L\u2019impossibilit\u00e9 de fr\u00e9quenter l\u2019\u00e9cole et l\u2019universit\u00e9 prive toute une g\u00e9n\u00e9ration d\u2019\u00e9tudiants de possibilit\u00e9s de progr\u00e8s et d\u2019\u00e9ducation, ce qui peut avoir un impact n\u00e9gatif sur leur avenir personnel et celui de la soci\u00e9t\u00e9 dans son ensemble. <\/span><\/span><\/span><\/p>\n<p lang=\"fr-FR\"><span style=\"color: #000000;\"><span style=\"font-family: Arial, sans-serif;\"><span style=\"font-size: medium;\">Malgr\u00e9 tous ces d\u00e9fis, nos centres \u00e9ducatifs jouent un r\u00f4le essentiel pour tenter de restaurer une partie du processus \u00e9ducatif d\u00e9truit par la guerre. Ces centres servent de refuge pour l\u2019\u00e9ducation dans des circonstances difficiles et offrent aux \u00e9tudiants la possibilit\u00e9 de poursuivre leurs \u00e9tudes, m\u00eame si c\u2019est de mani\u00e8re non conventionnelle. Gr\u00e2ce \u00e0 nos efforts continus, nous offrons un environnement \u00e9ducatif alternatif aux \u00e9coles traditionnelles.<\/span><\/span><\/span><\/p>\n<p lang=\"fr-FR\"><a href=\"https:\/\/ismfrance.org\/wp-content\/uploads\/2024\/08\/ecole.jpg\"><img loading=\"lazy\" decoding=\"async\" class=\"alignnone size-large wp-image-13882\" src=\"https:\/\/ismfrance.org\/wp-content\/uploads\/2024\/08\/ecole-700x525.jpg\" alt=\"\" width=\"600\" height=\"450\" srcset=\"https:\/\/ismfrance.org\/wp-content\/uploads\/2024\/08\/ecole-700x525.jpg 700w, https:\/\/ismfrance.org\/wp-content\/uploads\/2024\/08\/ecole-300x225.jpg 300w, https:\/\/ismfrance.org\/wp-content\/uploads\/2024\/08\/ecole-768x576.jpg 768w, https:\/\/ismfrance.org\/wp-content\/uploads\/2024\/08\/ecole-350x263.jpg 350w, https:\/\/ismfrance.org\/wp-content\/uploads\/2024\/08\/ecole.jpg 1280w\" sizes=\"auto, (max-width: 600px) 100vw, 600px\" \/><\/a><\/p>\n<p lang=\"fr-FR\"><span style=\"color: #000000;\"><span style=\"font-family: Arial, sans-serif;\"><span style=\"font-size: medium;\">Nous sommes conscients que la guerre affecte l\u2019\u00e9tat psychologique des enfants, c\u2019est pourquoi nous travaillons \u00e0 int\u00e9grer un soutien psychologique dans le processus \u00e9ducatif. En fournissant des conseils et des s\u00e9ances psychologiques, nous aidons les \u00e9tudiants \u00e0 faire face au traumatisme psychologique auquel ils ont \u00e9t\u00e9 expos\u00e9s. L\u2019\u00e9ducation ne se r\u00e9sume pas seulement \u00e0 des livres et du mat\u00e9riel d\u2019\u00e9tude, mais aussi \u00e0 un soutien \u00e9motionnel aux \u00e9tudiants par le biais d\u2019activit\u00e9s artistiques et sportives qui les aident \u00e0 exprimer leurs sentiments et \u00e0 surmonter le stress. <\/span><\/span><\/span><\/p>\n<p lang=\"fr-FR\"><span style=\"color: #000000;\"><span style=\"font-family: Arial, sans-serif;\"><span style=\"font-size: medium;\">Nous avons donc commenc\u00e9 \u00e0 introduire le dessin sur les murs et \u00e0 nous appuyer sur des activit\u00e9s r\u00e9cr\u00e9atives en plus des ateliers \u00e9ducatifs pour soulager la pression psychologique et cr\u00e9er un environnement sain pour ces enfants. L\u2019\u00e9ducation en temps de guerre ne se r\u00e9sume pas \u00e0 fournir des connaissances acad\u00e9miques, elle joue un r\u00f4le essentiel pour maintenir l\u2019espoir et la stabilit\u00e9 psychologique des enfants. Gr\u00e2ce \u00e0 l\u2019\u00e9ducation, les \u00e9l\u00e8ves peuvent trouver un moyen d\u2019\u00e9chapper au chaos qui les entoure et avoir le sentiment d\u2019avoir un avenir sur lequel ils peuvent travailler. En l\u2019absence d\u2019\u00e9ducation, les enfants risquent de d\u00e9river vers des voies n\u00e9gatives, comme l\u2019extr\u00e9misme ou de perdre la motivation pour continuer leur vie normale.<\/span><\/span><\/span><\/p>\n<p lang=\"fr-FR\"><a href=\"https:\/\/ismfrance.org\/wp-content\/uploads\/2024\/08\/ecole1.jpg\"><img loading=\"lazy\" decoding=\"async\" class=\"alignnone size-large wp-image-13883\" src=\"https:\/\/ismfrance.org\/wp-content\/uploads\/2024\/08\/ecole1-700x525.jpg\" alt=\"\" width=\"600\" height=\"450\" srcset=\"https:\/\/ismfrance.org\/wp-content\/uploads\/2024\/08\/ecole1-700x525.jpg 700w, https:\/\/ismfrance.org\/wp-content\/uploads\/2024\/08\/ecole1-300x225.jpg 300w, https:\/\/ismfrance.org\/wp-content\/uploads\/2024\/08\/ecole1-768x576.jpg 768w, https:\/\/ismfrance.org\/wp-content\/uploads\/2024\/08\/ecole1-350x263.jpg 350w, https:\/\/ismfrance.org\/wp-content\/uploads\/2024\/08\/ecole1.jpg 1280w\" sizes=\"auto, (max-width: 600px) 100vw, 600px\" \/><\/a><\/p>\n<p lang=\"fr-FR\"><span style=\"color: #000000;\"><span style=\"font-family: Arial, sans-serif;\"><span style=\"font-size: medium;\">C\u2019est l\u00e0 que nos centres \u00e9ducatifs jouent un r\u00f4le important pour maintenir les \u00e9l\u00e8ves sur la bonne voie, car l\u2019\u00e9ducation est la voie vers l\u2019avenir m\u00eame dans les circonstances les plus sombres. L\u2019\u00e9ducation est une bou\u00e9e de sauvetage pour les habitants de Gaza, leur permettant d\u2019affronter l\u2019adversit\u00e9 et de construire leur avenir malgr\u00e9 la destruction et la guerre. Alors que le syst\u00e8me \u00e9ducatif traditionnel est en ruine, nos centres \u00e9ducatifs jouent un r\u00f4le crucial en proposant des alternatives \u00e9ducatives, en offrant un soutien psychologique et en soutenant l\u2019importance de l\u2019\u00e9ducation comme moyen de lib\u00e9rer les g\u00e9n\u00e9rations futures des effets de la guerre. <\/span><\/span><\/span><\/p>\n<p lang=\"fr-FR\"><span style=\"color: #000000;\"><span style=\"font-family: Arial, sans-serif;\"><span style=\"font-size: medium;\">Ces efforts sont un message d\u2019espoir et affirment que l\u2019\u00e9ducation est un droit fondamental, m\u00eame dans les pires crises.\u00a0\u00bb<\/span><\/span><\/span><\/p>\n<p lang=\"fr-FR\"><span style=\"color: #000000;\"><span style=\"font-family: Arial, sans-serif;\"><span style=\"font-size: medium;\">Photos et vid\u00e9os \u00e0 Khan Younis et \u00e0 Deir al Balah <a href=\"https:\/\/drive.google.com\/drive\/folders\/12A0KBcu_pm_SXEs6NIfI99m3e6AEjf1l\"><b>ICI<\/b><\/a><\/span><\/span><\/span><\/p>\n<p lang=\"fr-FR\"><span style=\"color: #000000;\"><span style=\"font-family: Arial, sans-serif;\"><span style=\"font-size: medium;\"><b>\u00ab\u00a0Soutien psychologique <\/b><\/span><\/span><\/span><\/p>\n<p lang=\"fr-FR\"><span style=\"color: #000000;\"><span style=\"font-family: Arial, sans-serif;\"><span style=\"font-size: medium;\">Face \u00e0 la guerre, \u00e0 la destruction et aux bombardements incessants dans toute la bande de Gaza, les femmes sont expos\u00e9es \u00e0 une pression psychologique \u00e9norme en raison des circonstances difficiles auxquelles elles sont confront\u00e9es. Dans les zones de conflit comme la bande de Gaza, les femmes sont souvent plus vuln\u00e9rables \u00e0 la souffrance psychologique, car elles portent des charges suppl\u00e9mentaires telles que la prise en charge des enfants et des familles, en plus de faire face \u00e0 des traumatismes personnels qui peuvent inclure la perte de membres de la famille, le d\u00e9placement forc\u00e9 et la violence. <\/span><\/span><\/span><\/p>\n<p lang=\"fr-FR\"><span style=\"color: #000000;\"><span style=\"font-family: Arial, sans-serif;\"><span style=\"font-size: medium;\">Dans ce contexte, le soutien psychologique aux femmes devient crucial pour les aider \u00e0 faire face \u00e0 ces d\u00e9fis et \u00e0 maintenir leur sant\u00e9 psychologique et \u00e9motionnelle. Le soutien psychologique ne vise pas seulement \u00e0 att\u00e9nuer les sentiments de tristesse ou d&rsquo;anxi\u00e9t\u00e9, mais aussi \u00e0 donner aux femmes les moyens de faire face aux traumatismes de la guerre de mani\u00e8re positive et \u00e0 leur donner la capacit\u00e9 de reprendre le contr\u00f4le de leur vie. Les femmes qui ont v\u00e9cu des exp\u00e9riences traumatisantes, comme la perte de leur maison ou le d\u00e9placement dans des camps, souffrent de sentiments de choc et d&rsquo;impuissance. Si ces sentiments ne sont pas trait\u00e9s, ils peuvent \u00e9voluer vers des troubles psychologiques tels que la d\u00e9pression ou le syndrome de stress post-traumatique, qui ont un impact n\u00e9gatif sur leur vie et celle de leur famille.<\/span><\/span><\/span><\/p>\n<p lang=\"fr-FR\"><a href=\"https:\/\/ismfrance.org\/wp-content\/uploads\/2024\/08\/atelier-femme-1.jpg\"><img loading=\"lazy\" decoding=\"async\" class=\"alignnone size-large wp-image-13885\" src=\"https:\/\/ismfrance.org\/wp-content\/uploads\/2024\/08\/atelier-femme-1-700x525.jpg\" alt=\"\" width=\"600\" height=\"450\" srcset=\"https:\/\/ismfrance.org\/wp-content\/uploads\/2024\/08\/atelier-femme-1-700x525.jpg 700w, https:\/\/ismfrance.org\/wp-content\/uploads\/2024\/08\/atelier-femme-1-300x225.jpg 300w, https:\/\/ismfrance.org\/wp-content\/uploads\/2024\/08\/atelier-femme-1-768x576.jpg 768w, https:\/\/ismfrance.org\/wp-content\/uploads\/2024\/08\/atelier-femme-1-350x263.jpg 350w, https:\/\/ismfrance.org\/wp-content\/uploads\/2024\/08\/atelier-femme-1.jpg 1280w\" sizes=\"auto, (max-width: 600px) 100vw, 600px\" \/><\/a><\/p>\n<p lang=\"fr-FR\"><span style=\"color: #000000;\"><span style=\"font-family: Arial, sans-serif;\"><span style=\"font-size: medium;\">Le soutien psychologique renforce la capacit\u00e9 des femmes \u00e0 faire face aux crises et leur offre un espace s\u00fbr pour exprimer leurs sentiments et leurs pens\u00e9es. En parlant de leurs exp\u00e9riences difficiles, les femmes peuvent trouver du r\u00e9confort en sachant qu\u2019elles ne sont pas seules dans leur souffrance et qu\u2019il y a des personnes qui les \u00e9coutent et les soutiennent dans ce parcours. <\/span><\/span><\/span><\/p>\n<p lang=\"fr-FR\"><span style=\"color: #000000;\"><span style=\"font-family: Arial, sans-serif;\"><span style=\"font-size: medium;\">Nos \u00e9quipes de soutien psychosocial jouent un r\u00f4le essentiel en offrant un environnement s\u00fbr aux femmes pour exprimer leurs sentiments et faire face aux difficult\u00e9s qu\u2019elles ont travers\u00e9es. Nous proposons des s\u00e9ances de soutien psychosocial en groupe et individuelles qui aident les femmes \u00e0 s\u2019ouvrir sur les circonstances qu\u2019elles ont travers\u00e9es, que ce soit pendant le d\u00e9placement ou dans les camps, leur donnant l\u2019occasion d\u2019exprimer leurs sentiments et d\u2019all\u00e9ger leur fardeau psychologique. Les s\u00e9ances de groupe sont une partie importante de notre programme, o\u00f9 les femmes peuvent se r\u00e9unir et partager leurs exp\u00e9riences entre elles. <\/span><\/span><\/span><\/p>\n<p lang=\"fr-FR\"><span style=\"color: #000000;\"><span style=\"font-family: Arial, sans-serif;\"><span style=\"font-size: medium;\">Ces s\u00e9ances leur donnent l\u2019occasion de parler des traumatismes qu\u2019elles ont v\u00e9cus, tels que la perte, le d\u00e9placement et les circonstances \u00e9conomiques et sociales difficiles. Gr\u00e2ce \u00e0 ces rencontres, elles ressentent une solidarit\u00e9 et un soutien mutuel, ce qui contribue \u00e0 att\u00e9nuer leurs sentiments d\u2019isolement et de vuln\u00e9rabilit\u00e9.<\/span><\/span><\/span><\/p>\n<p lang=\"fr-FR\"><a href=\"https:\/\/ismfrance.org\/wp-content\/uploads\/2024\/08\/IMG_5462.jpg\"><img loading=\"lazy\" decoding=\"async\" class=\"alignnone size-large wp-image-13886\" src=\"https:\/\/ismfrance.org\/wp-content\/uploads\/2024\/08\/IMG_5462-700x525.jpg\" alt=\"\" width=\"600\" height=\"450\" srcset=\"https:\/\/ismfrance.org\/wp-content\/uploads\/2024\/08\/IMG_5462-700x525.jpg 700w, https:\/\/ismfrance.org\/wp-content\/uploads\/2024\/08\/IMG_5462-300x225.jpg 300w, https:\/\/ismfrance.org\/wp-content\/uploads\/2024\/08\/IMG_5462-768x576.jpg 768w, https:\/\/ismfrance.org\/wp-content\/uploads\/2024\/08\/IMG_5462-350x263.jpg 350w, https:\/\/ismfrance.org\/wp-content\/uploads\/2024\/08\/IMG_5462.jpg 1280w\" sizes=\"auto, (max-width: 600px) 100vw, 600px\" \/><\/a><\/p>\n<p lang=\"fr-FR\"><span style=\"color: #000000;\"><span style=\"font-family: Arial, sans-serif;\"><span style=\"font-size: medium;\">En plus des s\u00e9ances psychologiques, nous proposons une vari\u00e9t\u00e9 d\u2019activit\u00e9s r\u00e9cr\u00e9atives qui visent \u00e0 soulager le stress psychologique et \u00e0 favoriser les sentiments de bonheur et de d\u00e9tente. Ces activit\u00e9s comprennent l&rsquo;\u00e9coute de musique apaisante, la danse en groupe et les activit\u00e9s artistiques et cr\u00e9atives. De telles activit\u00e9s aident les femmes \u00e0 se d\u00e9tendre et \u00e0 \u00e9chapper \u00e0 la dure r\u00e9alit\u00e9 pendant un certain temps, ce qui leur redonne un sentiment de bonheur et la capacit\u00e9 d&rsquo;interagir positivement avec la vie. La musique a un effet calmant sur la psych\u00e9, et des recherches ont montr\u00e9 qu&rsquo;\u00e9couter de la musique peut soulager le stress et l&rsquo;anxi\u00e9t\u00e9. Par cons\u00e9quent, nous proposons des s\u00e9ances d&rsquo;\u00e9coute de musique calme qui aident les femmes \u00e0 se d\u00e9tendre et \u00e0 soulager la pression psychologique. Ces s\u00e9ances am\u00e9liorent leur capacit\u00e9 \u00e0 se concentrer et \u00e0 vider leur esprit des pens\u00e9es n\u00e9gatives. <\/span><\/span><\/span><\/p>\n<p lang=\"fr-FR\"><span style=\"color: #000000;\"><span style=\"font-family: Arial, sans-serif;\"><span style=\"font-size: medium;\">La danse est une autre fa\u00e7on de s&rsquo;exprimer, et elle aide les femmes \u00e0 lib\u00e9rer les \u00e9motions refoul\u00e9es et \u00e0 lib\u00e9rer l&rsquo;\u00e9nergie de mani\u00e8re positive. Nos s\u00e9ances de danse encouragent les femmes \u00e0 s&rsquo;exprimer par le mouvement, et ce n&rsquo;est pas seulement une activit\u00e9 r\u00e9cr\u00e9ative, mais un moyen puissant d&rsquo;exprimer la joie et la tristesse, et de se connecter avec soi-m\u00eame et les autres. <\/span><\/span><\/span><\/p>\n<p lang=\"fr-FR\"><span style=\"color: #000000;\"><span style=\"font-family: Arial, sans-serif;\"><span style=\"font-size: medium;\">Les femmes qui participent \u00e0 ces programmes psycho-r\u00e9cr\u00e9atifs montrent des am\u00e9liorations significatives de leur \u00e9tat psychologique et \u00e9motionnel. Participer \u00e0 des activit\u00e9s r\u00e9cr\u00e9atives, comme \u00e9couter de la musique et danser, donne aux femmes la possibilit\u00e9 de se connecter avec elles-m\u00eames d&rsquo;une nouvelle mani\u00e8re et leur offre un espace pour \u00e9chapper temporairement au stress quotidien. Le soutien psychologique peut avoir un impact \u00e0 long terme, en aidant les femmes \u00e0 acqu\u00e9rir des outils pour faire face au stress et \u00e0 la pression futurs. En apprenant des techniques telles que la m\u00e9ditation et la relaxation, les femmes peuvent mieux faire face aux crises futures et renforcer leur r\u00e9silience psychologique. Le soutien psychologique aux femmes en temps de guerre et de conflit n\u2019est pas un luxe, mais plut\u00f4t une n\u00e9cessit\u00e9 fondamentale pour les aider \u00e0 surmonter les traumatismes psychologiques et \u00e9motionnels. <\/span><\/span><\/span><\/p>\n<p lang=\"fr-FR\"><span style=\"color: #000000;\"><span style=\"font-family: Arial, sans-serif;\"><span style=\"font-size: medium;\">Nos \u00e9quipes de soutien psychologique jouent un r\u00f4le majeur dans ce soutien en ouvrant la porte \u00e0 la discussion sur la souffrance et en proposant des activit\u00e9s r\u00e9cr\u00e9atives qui aident \u00e0 soulager la pression psychologique. Ce travail contribue \u00e0 am\u00e9liorer la qualit\u00e9 de vie des femmes et leur donne la force et la stabilit\u00e9 psychologique pour affronter les d\u00e9fis futurs avec courage et r\u00e9silience.\u00a0\u00bb<\/span><\/span><\/span><\/p>\n<p lang=\"fr-FR\"><span style=\"color: #000000;\"><span style=\"font-family: Arial, sans-serif;\"><span style=\"font-size: medium;\">Photos et des vid\u00e9os de ce soutien psychologique <a href=\"https:\/\/drive.google.com\/drive\/folders\/11pcJW--Bi7JkR3NvT9-zblFD0KrqLqa-\"><b>ICI<\/b><\/a><\/span><\/span><\/span><\/p>\n<p><span style=\"color: #000000;\"> <span style=\"font-family: Arial, sans-serif;\"><span style=\"font-size: medium;\"><span lang=\"fr-FR\"><b>A c<\/b><\/span><span lang=\"fr-FR\"><b>\u00f4t\u00e9 de ce travail impeccable, essentiel, n\u00e9cessaire et extraordinaire, <\/b><\/span><span lang=\"fr-FR\"><b>Abu Amir le soir du 22 ao\u00fbt ressent le besoin de partager avec nous une histoire quotidienne, banale mais \u00e0 l\u2019image du d\u00e9sastre g\u00e9nocidaire en cours et de ses cons\u00e9quences dramatiques<\/b><\/span><span lang=\"fr-FR\">.<\/span><\/span><\/span><\/span><\/p>\n<p lang=\"fr-FR\" align=\"JUSTIFY\"><span style=\"color: #000000;\"><span style=\"font-family: Arial, sans-serif;\"><span style=\"font-size: medium;\"><i>\u00ab\u00a0Il est vraiment douloureux de rechercher une quelconque humanit\u00e9 \u00e0 une \u00e9poque o\u00f9 le sens de la mis\u00e9ricorde et de la compassion est perdu. Au milieu des guerres et des conflits, la vie de personnes innocentes, en particulier des enfants, se transforme en un cauchemar quotidien, car leur enfance leur est enlev\u00e9e et ils deviennent des victimes de la pauvret\u00e9 et de l&rsquo;absence de foyer. Je me souviens encore de ce moment o\u00f9 j&rsquo;ai rencontr\u00e9 Yara et Nawara, deux fillettes dans la fleur de l&rsquo;\u00e2ge, dans la ville de Deir al-Balah, \u00e2g\u00e9es chacune de 7 et 8 ans, et o\u00f9 elles m&rsquo;ont offert des masques m\u00e9dicaux pour un shekel.<\/i><\/span><\/span><\/span><\/p>\n<p lang=\"fr-FR\" align=\"JUSTIFY\"><span style=\"color: #000000;\"><span style=\"font-family: Arial, sans-serif;\"><span style=\"font-size: medium;\"><i>Leur apparence refl\u00e9tait l&rsquo;extr\u00eame pauvret\u00e9, deux belles petites filles mais la mis\u00e8re se lisait sur leurs visages. Des masques m\u00e9dicaux qui n&rsquo;\u00e9taient plus utilis\u00e9s, et pourtant elles insistaient pour les vendre. Leur innocence m&rsquo;a interpell\u00e9, non pas parce que j&rsquo;avais besoin de ces masques, mais parce que je sentais la souffrance qui les obligeait \u00e0 rester dans la rue, \u00e0 mendier pour un peu d&rsquo;argent. Je leur ai donn\u00e9 2 shekels chacune, sans rien demander en retour, et pendant un instant, j&rsquo;ai eu l&rsquo;impression d&rsquo;avoir fait quelque chose de bien, mais la v\u00e9rit\u00e9 \u00e9tait plus douloureuse que je ne l&rsquo;imaginais.<\/i><\/span><\/span><\/span><\/p>\n<p lang=\"fr-FR\" align=\"JUSTIFY\"><span style=\"color: #000000;\"><span style=\"font-family: Arial, sans-serif;\"><span style=\"font-size: medium;\"><i>Deux jours plus tard, je les ai retrouv\u00e9s au m\u00eame endroit. D\u00e8s qu&rsquo;elles m&rsquo;ont vu, elles ont souri, car elles essayaient \u00e0 nouveau de vendre des masques. Je leur ai demand\u00e9 de me suivre jusqu&rsquo;\u00e0 un endroit proche, et l\u00e0, je leur ai demand\u00e9 : \u00ab Est-ce que quelqu&rsquo;un ach\u00e8te ces masques ? \u00bb Elles m&rsquo;ont r\u00e9pondu que non. Lorsque je leur ai demand\u00e9 pourquoi elles essayaient de vendre quelque chose qu&rsquo;elles savaient ne pas pouvoir vendre, la plus \u00e2g\u00e9e a r\u00e9pondu : \u00ab Nous devons rentrer \u00e0 la maison avec l&rsquo;argent, sinon notre journ\u00e9e sera noire \u00bb, c&rsquo;est exactement ce qu&rsquo;elle a dit.<\/i><\/span><\/span><\/span><\/p>\n<p lang=\"fr-FR\" align=\"JUSTIFY\"><span style=\"color: #000000;\"><span style=\"font-family: Arial, sans-serif;\"><span style=\"font-size: medium;\"><i>Ces mots m&rsquo;ont stup\u00e9fait, et lorsque je me suis renseign\u00e9, j&rsquo;ai d\u00e9couvert que la raison de leur peur \u00e9tait leur m\u00e8re, qui les bat et les punit s\u00e9v\u00e8rement si elles reviennent sans argent. La jeune s\u0153ur me montrait les marques de violence sur son corps, les marques des pincements qu&rsquo;elle subit quotidiennement. \u00c0 ce moment-l\u00e0, je n&rsquo;ai pas pu cacher mes larmes. Je me sentais \u00e0 la fois en col\u00e8re et impuissant.<\/i><\/span><\/span><\/span><\/p>\n<p lang=\"fr-FR\" align=\"JUSTIFY\"><span style=\"color: #000000;\"><span style=\"font-family: Arial, sans-serif;\"><span style=\"font-size: medium;\"><i>Ces deux petites filles ne sont pas une exception, mais plut\u00f4t un petit exemple de ce dont souffrent des milliers d&rsquo;enfants de Gaza, que les conditions difficiles obligent \u00e0 mendier ou \u00e0 travailler dans les rues au lieu d&rsquo;aller \u00e0 l&rsquo;\u00e9cole ou de jouer comme les autres enfants. La guerre n&rsquo;a pas seulement d\u00e9truit les b\u00e2timents et les infrastructures, elle a aussi d\u00e9truit de jeunes vies, les a priv\u00e9es d&rsquo;espoir et les a transform\u00e9es en outils pour collecter de l&rsquo;argent, parfois aupr\u00e8s de leurs proches.<\/i><\/span><\/span><\/span><\/p>\n<p lang=\"fr-FR\" align=\"JUSTIFY\"><span style=\"color: #000000;\"><span style=\"font-family: Arial, sans-serif;\"><span style=\"font-size: medium;\"><i>Chaque fois que je passe sur cette route, je cherche Yara et Nawara. Je leur souris, je leur donne un peu d&rsquo;argent, je pense \u00e0 ma petite fille qui a le m\u00eame \u00e2ge qu&rsquo;elles et je me pose des questions : Comment en sommes-nous arriv\u00e9s l\u00e0 ? Comment l&rsquo;enfance peut-elle se transformer en lutte pour la survie ? C&rsquo;est une v\u00e9ritable trag\u00e9die qui r\u00e9sume les r\u00e9sultats des guerres qui s\u00e8ment la pauvret\u00e9 et la privation, et poussent les enfants \u00e0 mendier pour rester en vie.<\/i><\/span><\/span><\/span><\/p>\n<p lang=\"fr-FR\" align=\"JUSTIFY\"><span style=\"color: #000000;\"><span style=\"font-family: Arial, sans-serif;\"><span style=\"font-size: medium;\"><i>Cette histoire n&rsquo;est pas un simple incident passager, mais une image vivante des d\u00e9placements et des destructions caus\u00e9s par les guerres. Elle nous invite \u00e0 r\u00e9fl\u00e9chir au sort de ces enfants qui perdent leur innocence dans un monde de violence et d&rsquo;injustice.<\/i><\/span><\/span><\/span><\/p>\n<p lang=\"fr-FR\" align=\"JUSTIFY\"><span style=\"color: #000000;\"><span style=\"font-family: Arial, sans-serif;\"><span style=\"font-size: medium;\"><i>Je voulais partager cette histoire avec vous.\u00a0\u00bb<\/i><\/span><\/span><\/span><\/p>\n<p align=\"LEFT\"><span style=\"color: #000000;\"><span style=\"font-family: Arial, sans-serif;\"><span style=\"font-size: medium;\"><b>A la fin ce cette chronique nous recevons ces derni\u00e8res informations terribles de Marsel accompagn\u00e9es d\u2019une vid\u00e9o de tirs dans la nuit. <\/b><\/span><\/span><\/span><\/p>\n<p lang=\"fr-FR\" align=\"LEFT\"><span style=\"color: #000000;\"><span style=\"font-family: Arial, sans-serif;\"><span style=\"font-size: medium;\">\u00ab\u00a0L&rsquo;aviation d&rsquo;occupation a bombard\u00e9 des terres abritant des milliers de personnes d\u00e9plac\u00e9es dans la r\u00e9gion de Mawasi \u00e0 Khan Yunis, au sud de la bande de Gaza.<\/span><\/span><\/span><\/p>\n<p align=\"LEFT\"><span style=\"color: #000000;\"><span style=\"font-family: Arial, sans-serif;\"><span style=\"font-size: medium;\"><span lang=\"fr-FR\"><b>ONU <\/b><\/span><span lang=\"fr-FR\">: 90 % de la population de Gaza est d\u00e9plac\u00e9e, il n&rsquo;y a aucun endroit s\u00fbr dans la bande de Gaza.\u00a0\u00bb<\/span><\/span><\/span><\/span><\/p>\n<hr \/>\n<p align=\"LEFT\"><strong>Retrouvez l\u2019ensemble des t\u00e9moignages d\u2019Abu Amir et Marsel :<\/strong><\/p>\n<p>*<strong>Abu Amir Mutasem Ele\u00efwa<\/strong>\u00a0est coordinateur des Projets paysans depuis 2016 au sud de la bande de Gaza et correspondant de l\u2019Union Juive Fran\u00e7aise pour la Paix.<\/p>\n<p>*<strong>Marsel Alledawi<\/strong>\u00a0est responsable du Centre Ibn Sina du nord de la bande de Gaza, centre qui se consacre au suivi \u00e9ducatif et psychologique de l\u2019enfance.<\/p>\n<p>Tous les deux sont soutenus par l\u2019UJFP en France.<\/p>\n<hr \/>\n<pre><strong><em>Pour participer \u00e0 la collecte \"Urgence Guerre \u00e0 Gaza\" : <a href=\"https:\/\/www.helloasso.com\/associations\/union-juive-francaise-pour-la-paix\/collectes\/urgence-guerre-a-gaza\">HelloAsso.com<\/a><\/em><\/strong><\/pre>\n<hr \/>\n<pre><strong><em>Les t\u00e9moignages sont \u00e9galement publi\u00e9s sur <a href=\"https:\/\/ujfp.org\/\">UJFP<\/a>; <a href=\"https:\/\/altermidi.org\/2023\/12\/27\/la-survie-qui-sorganise-au-jour-le-jour-dans-lenfer-de-gaza\/\">Altermidi.org<\/a><\/em><\/strong><\/pre>\n","protected":false},"excerpt":{"rendered":"<p>Brigitte Challande, 23 ao\u00fbt 2024. Abu Amir \u00e9crit le soir du 21 ao\u00fbt\u00a0: Cliquez ici pour consulter les R\u00e9cits complets. \u00ab\u00a0Nous venons de recevoir ces informations : les chars isra\u00e9liens <a class=\"more-link\" href=\"https:\/\/ismfrance.org\/index.php\/2024\/08\/23\/temoignages-de-gazaouis-la-survie-qui-sorganise-au-jour-le-jour-dans-lenfer-de-gaza-partie-152-21-aout\/\">Lire la suite &rarr;<\/a><\/p>\n","protected":false},"author":3,"featured_media":13890,"comment_status":"closed","ping_status":"closed","sticky":false,"template":"","format":"standard","meta":{"footnotes":""},"categories":[2,13],"tags":[156,29,46],"class_list":["post-13877","post","type-post","status-publish","format-standard","has-post-thumbnail","hentry","category-articles","category-temoignages","tag-genocide","tag-refugies","tag-solidarite"],"yoast_head":"<!-- This site is optimized with the Yoast SEO plugin v27.2 - https:\/\/yoast.com\/product\/yoast-seo-wordpress\/ -->\n<title>T\u00e9moignages de Gazaouis : La survie qui s\u2019organise au jour le jour dans l\u2019enfer de Gaza \u2013 partie 152 \/ 21 ao\u00fbt - International Solidarity Movement - ISM-France<\/title>\n<meta name=\"robots\" content=\"index, follow, max-snippet:-1, max-image-preview:large, max-video-preview:-1\" \/>\n<link rel=\"canonical\" href=\"https:\/\/ismfrance.org\/index.php\/2024\/08\/23\/temoignages-de-gazaouis-la-survie-qui-sorganise-au-jour-le-jour-dans-lenfer-de-gaza-partie-152-21-aout\/\" \/>\n<meta property=\"og:locale\" content=\"fr_FR\" \/>\n<meta property=\"og:type\" content=\"article\" \/>\n<meta property=\"og:title\" content=\"T\u00e9moignages de Gazaouis : La survie qui s\u2019organise au jour le jour dans l\u2019enfer de Gaza \u2013 partie 152 \/ 21 ao\u00fbt - International Solidarity Movement - ISM-France\" \/>\n<meta property=\"og:description\" content=\"Brigitte Challande, 23 ao\u00fbt 2024. Abu Amir \u00e9crit le soir du 21 ao\u00fbt\u00a0: Cliquez ici pour consulter les R\u00e9cits complets. \u00ab\u00a0Nous venons de recevoir ces informations : les chars isra\u00e9liens Lire la suite &rarr;\" \/>\n<meta property=\"og:url\" content=\"https:\/\/ismfrance.org\/index.php\/2024\/08\/23\/temoignages-de-gazaouis-la-survie-qui-sorganise-au-jour-le-jour-dans-lenfer-de-gaza-partie-152-21-aout\/\" \/>\n<meta property=\"og:site_name\" content=\"International Solidarity Movement - ISM-France\" \/>\n<meta property=\"article:published_time\" content=\"2024-08-23T13:07:42+00:00\" \/>\n<meta property=\"article:modified_time\" content=\"2024-12-16T09:43:43+00:00\" \/>\n<meta property=\"og:image\" content=\"https:\/\/ismfrance.org\/wp-content\/uploads\/2024\/08\/rafah-municipality.png\" \/>\n\t<meta property=\"og:image:width\" content=\"579\" \/>\n\t<meta property=\"og:image:height\" content=\"597\" \/>\n\t<meta property=\"og:image:type\" content=\"image\/png\" \/>\n<meta name=\"author\" content=\"mru_01\" \/>\n<meta name=\"twitter:card\" content=\"summary_large_image\" \/>\n<meta name=\"twitter:creator\" content=\"@ISMFRANCE\" \/>\n<meta name=\"twitter:site\" content=\"@ISMFRANCE\" \/>\n<meta name=\"twitter:label1\" content=\"\u00c9crit par\" \/>\n\t<meta name=\"twitter:data1\" content=\"mru_01\" \/>\n\t<meta name=\"twitter:label2\" content=\"Dur\u00e9e de lecture estim\u00e9e\" \/>\n\t<meta name=\"twitter:data2\" content=\"18 minutes\" \/>\n<script type=\"application\/ld+json\" class=\"yoast-schema-graph\">{\"@context\":\"https:\/\/schema.org\",\"@graph\":[{\"@type\":\"Article\",\"@id\":\"https:\/\/ismfrance.org\/index.php\/2024\/08\/23\/temoignages-de-gazaouis-la-survie-qui-sorganise-au-jour-le-jour-dans-lenfer-de-gaza-partie-152-21-aout\/#article\",\"isPartOf\":{\"@id\":\"https:\/\/ismfrance.org\/index.php\/2024\/08\/23\/temoignages-de-gazaouis-la-survie-qui-sorganise-au-jour-le-jour-dans-lenfer-de-gaza-partie-152-21-aout\/\"},\"author\":{\"name\":\"mru_01\",\"@id\":\"https:\/\/ismfrance.org\/#\/schema\/person\/3c411eb72adfaae19c0dca1f41fae01d\"},\"headline\":\"T\u00e9moignages de Gazaouis : La survie qui s\u2019organise au jour le jour dans l\u2019enfer de Gaza \u2013 partie 152 \/ 21 ao\u00fbt\",\"datePublished\":\"2024-08-23T13:07:42+00:00\",\"dateModified\":\"2024-12-16T09:43:43+00:00\",\"mainEntityOfPage\":{\"@id\":\"https:\/\/ismfrance.org\/index.php\/2024\/08\/23\/temoignages-de-gazaouis-la-survie-qui-sorganise-au-jour-le-jour-dans-lenfer-de-gaza-partie-152-21-aout\/\"},\"wordCount\":3378,\"publisher\":{\"@id\":\"https:\/\/ismfrance.org\/#organization\"},\"image\":{\"@id\":\"https:\/\/ismfrance.org\/index.php\/2024\/08\/23\/temoignages-de-gazaouis-la-survie-qui-sorganise-au-jour-le-jour-dans-lenfer-de-gaza-partie-152-21-aout\/#primaryimage\"},\"thumbnailUrl\":\"https:\/\/ismfrance.org\/wp-content\/uploads\/2024\/08\/rafah-municipality.png\",\"keywords\":[\"G\u00e9nocide\",\"r\u00e9fugi\u00e9s\",\"solidarit\u00e9\"],\"articleSection\":[\"Articles\",\"T\u00e9moignages\"],\"inLanguage\":\"fr-FR\"},{\"@type\":\"WebPage\",\"@id\":\"https:\/\/ismfrance.org\/index.php\/2024\/08\/23\/temoignages-de-gazaouis-la-survie-qui-sorganise-au-jour-le-jour-dans-lenfer-de-gaza-partie-152-21-aout\/\",\"url\":\"https:\/\/ismfrance.org\/index.php\/2024\/08\/23\/temoignages-de-gazaouis-la-survie-qui-sorganise-au-jour-le-jour-dans-lenfer-de-gaza-partie-152-21-aout\/\",\"name\":\"T\u00e9moignages de Gazaouis : La survie qui s\u2019organise au jour le jour dans l\u2019enfer de Gaza \u2013 partie 152 \/ 21 ao\u00fbt - International Solidarity Movement - ISM-France\",\"isPartOf\":{\"@id\":\"https:\/\/ismfrance.org\/#website\"},\"primaryImageOfPage\":{\"@id\":\"https:\/\/ismfrance.org\/index.php\/2024\/08\/23\/temoignages-de-gazaouis-la-survie-qui-sorganise-au-jour-le-jour-dans-lenfer-de-gaza-partie-152-21-aout\/#primaryimage\"},\"image\":{\"@id\":\"https:\/\/ismfrance.org\/index.php\/2024\/08\/23\/temoignages-de-gazaouis-la-survie-qui-sorganise-au-jour-le-jour-dans-lenfer-de-gaza-partie-152-21-aout\/#primaryimage\"},\"thumbnailUrl\":\"https:\/\/ismfrance.org\/wp-content\/uploads\/2024\/08\/rafah-municipality.png\",\"datePublished\":\"2024-08-23T13:07:42+00:00\",\"dateModified\":\"2024-12-16T09:43:43+00:00\",\"breadcrumb\":{\"@id\":\"https:\/\/ismfrance.org\/index.php\/2024\/08\/23\/temoignages-de-gazaouis-la-survie-qui-sorganise-au-jour-le-jour-dans-lenfer-de-gaza-partie-152-21-aout\/#breadcrumb\"},\"inLanguage\":\"fr-FR\",\"potentialAction\":[{\"@type\":\"ReadAction\",\"target\":[\"https:\/\/ismfrance.org\/index.php\/2024\/08\/23\/temoignages-de-gazaouis-la-survie-qui-sorganise-au-jour-le-jour-dans-lenfer-de-gaza-partie-152-21-aout\/\"]}]},{\"@type\":\"ImageObject\",\"inLanguage\":\"fr-FR\",\"@id\":\"https:\/\/ismfrance.org\/index.php\/2024\/08\/23\/temoignages-de-gazaouis-la-survie-qui-sorganise-au-jour-le-jour-dans-lenfer-de-gaza-partie-152-21-aout\/#primaryimage\",\"url\":\"https:\/\/ismfrance.org\/wp-content\/uploads\/2024\/08\/rafah-municipality.png\",\"contentUrl\":\"https:\/\/ismfrance.org\/wp-content\/uploads\/2024\/08\/rafah-municipality.png\",\"width\":579,\"height\":597},{\"@type\":\"BreadcrumbList\",\"@id\":\"https:\/\/ismfrance.org\/index.php\/2024\/08\/23\/temoignages-de-gazaouis-la-survie-qui-sorganise-au-jour-le-jour-dans-lenfer-de-gaza-partie-152-21-aout\/#breadcrumb\",\"itemListElement\":[{\"@type\":\"ListItem\",\"position\":1,\"name\":\"Accueil\",\"item\":\"https:\/\/ismfrance.org\/\"},{\"@type\":\"ListItem\",\"position\":2,\"name\":\"T\u00e9moignages de Gazaouis : La survie qui s\u2019organise au jour le jour dans l\u2019enfer de Gaza \u2013 partie 152 \/ 21 ao\u00fbt\"}]},{\"@type\":\"WebSite\",\"@id\":\"https:\/\/ismfrance.org\/#website\",\"url\":\"https:\/\/ismfrance.org\/\",\"name\":\"ISM Palestine France\",\"description\":\"Soutien aux luttes de lib\u00e9ration du peuple palestinien\",\"publisher\":{\"@id\":\"https:\/\/ismfrance.org\/#organization\"},\"potentialAction\":[{\"@type\":\"SearchAction\",\"target\":{\"@type\":\"EntryPoint\",\"urlTemplate\":\"https:\/\/ismfrance.org\/?s={search_term_string}\"},\"query-input\":{\"@type\":\"PropertyValueSpecification\",\"valueRequired\":true,\"valueName\":\"search_term_string\"}}],\"inLanguage\":\"fr-FR\"},{\"@type\":\"Organization\",\"@id\":\"https:\/\/ismfrance.org\/#organization\",\"name\":\"International Solidarity Movement\",\"url\":\"https:\/\/ismfrance.org\/\",\"logo\":{\"@type\":\"ImageObject\",\"inLanguage\":\"fr-FR\",\"@id\":\"https:\/\/ismfrance.org\/#\/schema\/logo\/image\/\",\"url\":\"https:\/\/ismfrance.org\/wp-content\/uploads\/2020\/12\/00.png\",\"contentUrl\":\"https:\/\/ismfrance.org\/wp-content\/uploads\/2020\/12\/00.png\",\"width\":400,\"height\":400,\"caption\":\"International Solidarity Movement\"},\"image\":{\"@id\":\"https:\/\/ismfrance.org\/#\/schema\/logo\/image\/\"},\"sameAs\":[\"https:\/\/x.com\/ISMFRANCE\"]},{\"@type\":\"Person\",\"@id\":\"https:\/\/ismfrance.org\/#\/schema\/person\/3c411eb72adfaae19c0dca1f41fae01d\",\"name\":\"mru_01\",\"image\":{\"@type\":\"ImageObject\",\"inLanguage\":\"fr-FR\",\"@id\":\"https:\/\/secure.gravatar.com\/avatar\/3a0be343b445d2ccc79e87444a294fad2b232e90d2051d0e3cc219e1ecd6a330?s=96&d=mm&r=g\",\"url\":\"https:\/\/secure.gravatar.com\/avatar\/3a0be343b445d2ccc79e87444a294fad2b232e90d2051d0e3cc219e1ecd6a330?s=96&d=mm&r=g\",\"contentUrl\":\"https:\/\/secure.gravatar.com\/avatar\/3a0be343b445d2ccc79e87444a294fad2b232e90d2051d0e3cc219e1ecd6a330?s=96&d=mm&r=g\",\"caption\":\"mru_01\"},\"url\":\"https:\/\/ismfrance.org\/index.php\/author\/admin02\/\"}]}<\/script>\n<!-- \/ Yoast SEO plugin. -->","yoast_head_json":{"title":"T\u00e9moignages de Gazaouis : La survie qui s\u2019organise au jour le jour dans l\u2019enfer de Gaza \u2013 partie 152 \/ 21 ao\u00fbt - International Solidarity Movement - ISM-France","robots":{"index":"index","follow":"follow","max-snippet":"max-snippet:-1","max-image-preview":"max-image-preview:large","max-video-preview":"max-video-preview:-1"},"canonical":"https:\/\/ismfrance.org\/index.php\/2024\/08\/23\/temoignages-de-gazaouis-la-survie-qui-sorganise-au-jour-le-jour-dans-lenfer-de-gaza-partie-152-21-aout\/","og_locale":"fr_FR","og_type":"article","og_title":"T\u00e9moignages de Gazaouis : La survie qui s\u2019organise au jour le jour dans l\u2019enfer de Gaza \u2013 partie 152 \/ 21 ao\u00fbt - International Solidarity Movement - ISM-France","og_description":"Brigitte Challande, 23 ao\u00fbt 2024. Abu Amir \u00e9crit le soir du 21 ao\u00fbt\u00a0: Cliquez ici pour consulter les R\u00e9cits complets. \u00ab\u00a0Nous venons de recevoir ces informations : les chars isra\u00e9liens Lire la suite &rarr;","og_url":"https:\/\/ismfrance.org\/index.php\/2024\/08\/23\/temoignages-de-gazaouis-la-survie-qui-sorganise-au-jour-le-jour-dans-lenfer-de-gaza-partie-152-21-aout\/","og_site_name":"International Solidarity Movement - ISM-France","article_published_time":"2024-08-23T13:07:42+00:00","article_modified_time":"2024-12-16T09:43:43+00:00","og_image":[{"width":579,"height":597,"url":"https:\/\/ismfrance.org\/wp-content\/uploads\/2024\/08\/rafah-municipality.png","type":"image\/png"}],"author":"mru_01","twitter_card":"summary_large_image","twitter_creator":"@ISMFRANCE","twitter_site":"@ISMFRANCE","twitter_misc":{"\u00c9crit par":"mru_01","Dur\u00e9e de lecture estim\u00e9e":"18 minutes"},"schema":{"@context":"https:\/\/schema.org","@graph":[{"@type":"Article","@id":"https:\/\/ismfrance.org\/index.php\/2024\/08\/23\/temoignages-de-gazaouis-la-survie-qui-sorganise-au-jour-le-jour-dans-lenfer-de-gaza-partie-152-21-aout\/#article","isPartOf":{"@id":"https:\/\/ismfrance.org\/index.php\/2024\/08\/23\/temoignages-de-gazaouis-la-survie-qui-sorganise-au-jour-le-jour-dans-lenfer-de-gaza-partie-152-21-aout\/"},"author":{"name":"mru_01","@id":"https:\/\/ismfrance.org\/#\/schema\/person\/3c411eb72adfaae19c0dca1f41fae01d"},"headline":"T\u00e9moignages de Gazaouis : La survie qui s\u2019organise au jour le jour dans l\u2019enfer de Gaza \u2013 partie 152 \/ 21 ao\u00fbt","datePublished":"2024-08-23T13:07:42+00:00","dateModified":"2024-12-16T09:43:43+00:00","mainEntityOfPage":{"@id":"https:\/\/ismfrance.org\/index.php\/2024\/08\/23\/temoignages-de-gazaouis-la-survie-qui-sorganise-au-jour-le-jour-dans-lenfer-de-gaza-partie-152-21-aout\/"},"wordCount":3378,"publisher":{"@id":"https:\/\/ismfrance.org\/#organization"},"image":{"@id":"https:\/\/ismfrance.org\/index.php\/2024\/08\/23\/temoignages-de-gazaouis-la-survie-qui-sorganise-au-jour-le-jour-dans-lenfer-de-gaza-partie-152-21-aout\/#primaryimage"},"thumbnailUrl":"https:\/\/ismfrance.org\/wp-content\/uploads\/2024\/08\/rafah-municipality.png","keywords":["G\u00e9nocide","r\u00e9fugi\u00e9s","solidarit\u00e9"],"articleSection":["Articles","T\u00e9moignages"],"inLanguage":"fr-FR"},{"@type":"WebPage","@id":"https:\/\/ismfrance.org\/index.php\/2024\/08\/23\/temoignages-de-gazaouis-la-survie-qui-sorganise-au-jour-le-jour-dans-lenfer-de-gaza-partie-152-21-aout\/","url":"https:\/\/ismfrance.org\/index.php\/2024\/08\/23\/temoignages-de-gazaouis-la-survie-qui-sorganise-au-jour-le-jour-dans-lenfer-de-gaza-partie-152-21-aout\/","name":"T\u00e9moignages de Gazaouis : La survie qui s\u2019organise au jour le jour dans l\u2019enfer de Gaza \u2013 partie 152 \/ 21 ao\u00fbt - International Solidarity Movement - ISM-France","isPartOf":{"@id":"https:\/\/ismfrance.org\/#website"},"primaryImageOfPage":{"@id":"https:\/\/ismfrance.org\/index.php\/2024\/08\/23\/temoignages-de-gazaouis-la-survie-qui-sorganise-au-jour-le-jour-dans-lenfer-de-gaza-partie-152-21-aout\/#primaryimage"},"image":{"@id":"https:\/\/ismfrance.org\/index.php\/2024\/08\/23\/temoignages-de-gazaouis-la-survie-qui-sorganise-au-jour-le-jour-dans-lenfer-de-gaza-partie-152-21-aout\/#primaryimage"},"thumbnailUrl":"https:\/\/ismfrance.org\/wp-content\/uploads\/2024\/08\/rafah-municipality.png","datePublished":"2024-08-23T13:07:42+00:00","dateModified":"2024-12-16T09:43:43+00:00","breadcrumb":{"@id":"https:\/\/ismfrance.org\/index.php\/2024\/08\/23\/temoignages-de-gazaouis-la-survie-qui-sorganise-au-jour-le-jour-dans-lenfer-de-gaza-partie-152-21-aout\/#breadcrumb"},"inLanguage":"fr-FR","potentialAction":[{"@type":"ReadAction","target":["https:\/\/ismfrance.org\/index.php\/2024\/08\/23\/temoignages-de-gazaouis-la-survie-qui-sorganise-au-jour-le-jour-dans-lenfer-de-gaza-partie-152-21-aout\/"]}]},{"@type":"ImageObject","inLanguage":"fr-FR","@id":"https:\/\/ismfrance.org\/index.php\/2024\/08\/23\/temoignages-de-gazaouis-la-survie-qui-sorganise-au-jour-le-jour-dans-lenfer-de-gaza-partie-152-21-aout\/#primaryimage","url":"https:\/\/ismfrance.org\/wp-content\/uploads\/2024\/08\/rafah-municipality.png","contentUrl":"https:\/\/ismfrance.org\/wp-content\/uploads\/2024\/08\/rafah-municipality.png","width":579,"height":597},{"@type":"BreadcrumbList","@id":"https:\/\/ismfrance.org\/index.php\/2024\/08\/23\/temoignages-de-gazaouis-la-survie-qui-sorganise-au-jour-le-jour-dans-lenfer-de-gaza-partie-152-21-aout\/#breadcrumb","itemListElement":[{"@type":"ListItem","position":1,"name":"Accueil","item":"https:\/\/ismfrance.org\/"},{"@type":"ListItem","position":2,"name":"T\u00e9moignages de Gazaouis : La survie qui s\u2019organise au jour le jour dans l\u2019enfer de Gaza \u2013 partie 152 \/ 21 ao\u00fbt"}]},{"@type":"WebSite","@id":"https:\/\/ismfrance.org\/#website","url":"https:\/\/ismfrance.org\/","name":"ISM Palestine France","description":"Soutien aux luttes de lib\u00e9ration du peuple palestinien","publisher":{"@id":"https:\/\/ismfrance.org\/#organization"},"potentialAction":[{"@type":"SearchAction","target":{"@type":"EntryPoint","urlTemplate":"https:\/\/ismfrance.org\/?s={search_term_string}"},"query-input":{"@type":"PropertyValueSpecification","valueRequired":true,"valueName":"search_term_string"}}],"inLanguage":"fr-FR"},{"@type":"Organization","@id":"https:\/\/ismfrance.org\/#organization","name":"International Solidarity Movement","url":"https:\/\/ismfrance.org\/","logo":{"@type":"ImageObject","inLanguage":"fr-FR","@id":"https:\/\/ismfrance.org\/#\/schema\/logo\/image\/","url":"https:\/\/ismfrance.org\/wp-content\/uploads\/2020\/12\/00.png","contentUrl":"https:\/\/ismfrance.org\/wp-content\/uploads\/2020\/12\/00.png","width":400,"height":400,"caption":"International Solidarity Movement"},"image":{"@id":"https:\/\/ismfrance.org\/#\/schema\/logo\/image\/"},"sameAs":["https:\/\/x.com\/ISMFRANCE"]},{"@type":"Person","@id":"https:\/\/ismfrance.org\/#\/schema\/person\/3c411eb72adfaae19c0dca1f41fae01d","name":"mru_01","image":{"@type":"ImageObject","inLanguage":"fr-FR","@id":"https:\/\/secure.gravatar.com\/avatar\/3a0be343b445d2ccc79e87444a294fad2b232e90d2051d0e3cc219e1ecd6a330?s=96&d=mm&r=g","url":"https:\/\/secure.gravatar.com\/avatar\/3a0be343b445d2ccc79e87444a294fad2b232e90d2051d0e3cc219e1ecd6a330?s=96&d=mm&r=g","contentUrl":"https:\/\/secure.gravatar.com\/avatar\/3a0be343b445d2ccc79e87444a294fad2b232e90d2051d0e3cc219e1ecd6a330?s=96&d=mm&r=g","caption":"mru_01"},"url":"https:\/\/ismfrance.org\/index.php\/author\/admin02\/"}]}},"_links":{"self":[{"href":"https:\/\/ismfrance.org\/index.php\/wp-json\/wp\/v2\/posts\/13877","targetHints":{"allow":["GET"]}}],"collection":[{"href":"https:\/\/ismfrance.org\/index.php\/wp-json\/wp\/v2\/posts"}],"about":[{"href":"https:\/\/ismfrance.org\/index.php\/wp-json\/wp\/v2\/types\/post"}],"author":[{"embeddable":true,"href":"https:\/\/ismfrance.org\/index.php\/wp-json\/wp\/v2\/users\/3"}],"replies":[{"embeddable":true,"href":"https:\/\/ismfrance.org\/index.php\/wp-json\/wp\/v2\/comments?post=13877"}],"version-history":[{"count":0,"href":"https:\/\/ismfrance.org\/index.php\/wp-json\/wp\/v2\/posts\/13877\/revisions"}],"wp:featuredmedia":[{"embeddable":true,"href":"https:\/\/ismfrance.org\/index.php\/wp-json\/wp\/v2\/media\/13890"}],"wp:attachment":[{"href":"https:\/\/ismfrance.org\/index.php\/wp-json\/wp\/v2\/media?parent=13877"}],"wp:term":[{"taxonomy":"category","embeddable":true,"href":"https:\/\/ismfrance.org\/index.php\/wp-json\/wp\/v2\/categories?post=13877"},{"taxonomy":"post_tag","embeddable":true,"href":"https:\/\/ismfrance.org\/index.php\/wp-json\/wp\/v2\/tags?post=13877"}],"curies":[{"name":"wp","href":"https:\/\/api.w.org\/{rel}","templated":true}]}}