{"id":13716,"date":"2024-08-14T11:59:57","date_gmt":"2024-08-14T09:59:57","guid":{"rendered":"https:\/\/ismfrance.org\/?p=13716"},"modified":"2024-08-14T12:01:44","modified_gmt":"2024-08-14T10:01:44","slug":"etre-la-fille-dune-patrie-qui-se-meurt","status":"publish","type":"post","link":"https:\/\/ismfrance.org\/index.php\/2024\/08\/14\/etre-la-fille-dune-patrie-qui-se-meurt\/","title":{"rendered":"\u00ab\u00a0Etre la fille d\u2019une patrie qui se meurt\u00a0\u00bb"},"content":{"rendered":"<p align=\"LEFT\"><span style=\"color: #000000;\"><span style=\"font-family: Tahoma, sans-serif;\"><span style=\"font-size: medium;\"><strong>Huda Baroud, 14 ao\u00fbt 2024<\/strong>. Quatre-vingt-dix, quatre-vingt-onze, quatre-vingt-douze&#8230; Cent. J&rsquo;ai compt\u00e9 beaucoup de nombres pendant mon \u00e9vasion quotidienne, Hilda, mais \u00e7a n&rsquo;a pas march\u00e9, je suis rentr\u00e9e \u00e9puis\u00e9e \u00e0 force de compter, de marcher et de pleurer. Je r\u00e9p\u00e9tais les nombres dans l&rsquo;ordre et attentivement \u00ab pour ne pas distraire mes pens\u00e9es \u00bb, comme nous en avions convenu. Cependant, mes pens\u00e9es explosaient de temps en temps comme une bombe \u00e0 retardement, et il n&rsquo;y avait pas de plafond pour m&rsquo;abriter et que l&rsquo;inertie des nombres n&#8217;emporte pas certains de ses fragments loin de moi.<\/span><\/span><\/span><\/p>\n<p align=\"LEFT\"><a href=\"https:\/\/ismfrance.org\/wp-content\/uploads\/2024\/08\/gaza-famille-assassinee.png\"><img loading=\"lazy\" decoding=\"async\" class=\"alignnone wp-image-13718\" src=\"https:\/\/ismfrance.org\/wp-content\/uploads\/2024\/08\/gaza-famille-assassinee-693x700.png\" alt=\"\" width=\"539\" height=\"544\" srcset=\"https:\/\/ismfrance.org\/wp-content\/uploads\/2024\/08\/gaza-famille-assassinee-693x700.png 693w, https:\/\/ismfrance.org\/wp-content\/uploads\/2024\/08\/gaza-famille-assassinee-297x300.png 297w, https:\/\/ismfrance.org\/wp-content\/uploads\/2024\/08\/gaza-famille-assassinee-150x150.png 150w, https:\/\/ismfrance.org\/wp-content\/uploads\/2024\/08\/gaza-famille-assassinee-144x144.png 144w, https:\/\/ismfrance.org\/wp-content\/uploads\/2024\/08\/gaza-famille-assassinee.png 739w\" sizes=\"auto, (max-width: 539px) 100vw, 539px\" \/><\/a><\/p>\n<p align=\"LEFT\"><span style=\"color: #000000;\"><span style=\"font-family: Tahoma, sans-serif;\"><span style=\"font-size: medium;\">Les nombres ne sont plus des entit\u00e9s statiques comme tu me l&rsquo;as dit. De nouvelles significations s&rsquo;y sont ajout\u00e9es au cours des dix derniers mois. Tu sais, un linceul \u00e0 Gaza transportait les corps de trois martyrs \u00e0 la fois (une m\u00e8re, un p\u00e8re et leur enfant), la moiti\u00e9 d&rsquo;un seul sac en plastique comprenait le corps d&rsquo;une femme d&rsquo;une trentaine d&rsquo;ann\u00e9es, et une tombe abritait trois g\u00e9n\u00e9rations d&rsquo;une m\u00eame famille (grand-p\u00e8re, fils et petit-fils).<\/span><\/span><\/span><\/p>\n<p align=\"LEFT\"><span style=\"color: #000000;\"><span style=\"font-family: Tahoma, sans-serif;\"><span style=\"font-size: medium;\">Les nombres ne sont plus un moyen d&rsquo;\u00e9chapper \u00e0 la pens\u00e9e, comme tu me l&rsquo;as dit. Ou peut-\u00eatre que mes nombres ne ressemblent pas aux tiens. Peut-\u00eatre que je ne ressemble \u00e0 aucun de tes patients dont la \u00ab marche consciente \u00bb peut emp\u00eacher leur esprit de broyer leur chagrin. Ou je ne ressemble plus \u00e0 moi-m\u00eame.<\/span><\/span><\/span><\/p>\n<p align=\"LEFT\"><span style=\"color: #000000;\"><span style=\"font-family: Tahoma, sans-serif;\"><span style=\"font-size: medium;\">Je sais que depuis le d\u00e9but, je suis venue vers toi en m&rsquo;appuyant sur ma tristesse et que ma tristesse est semblable \u00e0 la tristesse des autres r\u00e9fugi\u00e9s qui arrivent chaque mois de partout dans ton pays. Tu as dit que nous cachons nos probl\u00e8mes parmi les v\u00eatements et les fuyons, et je me suis demand\u00e9e comment tu pouvais aider ceux qui sont venus \u00e0 toi lourds de soucis, seuls, perdus et distraits, et qui n&rsquo;ont pas os\u00e9 laisser leurs probl\u00e8mes derri\u00e8re eux avant de traverser les mers pour les fuir.<\/span><\/span><\/span><\/p>\n<p align=\"LEFT\"><span style=\"color: #000000;\"><span style=\"font-family: Tahoma, sans-serif;\"><span style=\"font-size: medium;\">La m\u00e9chancet\u00e9 de ta question n&rsquo;\u00e9tait pas aussi \u00e9vidente qu&rsquo;aujourd&rsquo;hui, Hilda. J&rsquo;y pensais en pleurant sur le chemin du retour avec, \u00e0 l&rsquo;esprit, l&rsquo;image d&rsquo;un enfant \u00e9cras\u00e9 par des tonnes de pierres et sa t\u00eate ronde devenue comme une boule d&rsquo;air vide. Ce sont mes plus gros probl\u00e8mes, ma ch\u00e8re. Je viens d&rsquo;une patrie occup\u00e9e dont les occupants veulent effacer les habitants. C&rsquo;est aussi simple que \u00e7a, et m\u00eame si tu deviens un ange de passion, et que dans une certaine mesure tu es pr\u00eat \u00e0 pardonner \u00e0 tes meurtriers, ils continueront quand m\u00eame \u00e0 t&rsquo;exterminer de toutes les mani\u00e8res brutales d\u00e9crites dans les livres de psychologie que tu as \u00e9tudi\u00e9s et que tu n&rsquo;as pas \u00e9tudi\u00e9s. Nous sommes les victimes vuln\u00e9rables, Hilda, qui viennent \u00e0 toi en surpoids, nous sommes les assassin\u00e9s, ma ch\u00e8re, qui implantons leurs probl\u00e8mes dans notre chair, donc nous pensons et tu penses que c&rsquo;est notre choix.<\/span><\/span><\/span><\/p>\n<p align=\"LEFT\"><span style=\"color: #000000;\"><span style=\"font-family: Tahoma, sans-serif;\"><span style=\"font-size: medium;\">Nous sommes des endeuill\u00e9s, des vuln\u00e9rables et des impuissants, et toutes les techniques de la psychologie ne parviennent pas \u00e0 porter ou \u00e0 dissoudre notre douleur.<\/span><\/span><\/span><\/p>\n<p align=\"LEFT\"><span style=\"color: #000000;\"><span style=\"font-family: Tahoma, sans-serif;\"><span style=\"font-size: medium;\">Je ne sais pas si mon rejet des th\u00e9ories de la psychoth\u00e9rapie et de ses soleils brillants et de ses ciels bleus te d\u00e9range, mais je suis d\u00e9sol\u00e9e, mon probl\u00e8me ne se r\u00e9sout pas en marchant consciemment, en comptant les oiseaux et en lisant les enseignes des magasins. Une amie qui a partag\u00e9 mon \u00ab chagrin d&rsquo;expatri\u00e9 \u00bb m&rsquo;a dit que chacun de nous a sa part de douleur, nous en h\u00e9ritons comme nous h\u00e9ritons de la terre, et l&rsquo;espace dans le c\u0153ur augmente \u00e0 mesure que des membres de la famille risquent de mourir \u00e0 Gaza.<\/span><\/span><\/span><\/p>\n<p align=\"LEFT\"><span style=\"color: #000000;\"><span style=\"font-family: Tahoma, sans-serif;\"><span style=\"font-size: medium;\">Il ne suffit pas de partir \u00ab volontairement ou de force \u00bb pour nous enlever la responsabilit\u00e9 d&rsquo;aimer le pays, et si notre attachement \u00e0 Gaza n&rsquo;est pas un devoir que nous respectons et si nous entrons par exemple au paradis, il y a un cordon cach\u00e9 entre nous qui nous fournit du sang, et chaque contraction de douleur dans ses entrailles signifie explicitement que nous sommes en vie. Gaza nous donne naissance, Hilda. Elle est plant\u00e9e en nous et nous germons en portant tous ses traits g\u00e9n\u00e9tiques \u2013 son oppression, sa col\u00e8re et sa tristesse \u2013 sais-tu ce que cela signifie d\u2019\u00eatre la fille d\u2019une patrie qui se meurt ?<\/span><\/span><\/span><\/p>\n<p align=\"LEFT\"><span style=\"color: #000000;\"><span style=\"font-family: Tahoma, sans-serif;\"><span style=\"font-size: medium;\"><u>Note de l&rsquo;auteur<\/u> : Hilda est une th\u00e9rapeute vers laquelle je me suis tourn\u00e9e apr\u00e8s mon arriv\u00e9e en Belgique il y a trois ans et demi. Lors de notre derni\u00e8re conversation, elle m\u2019a dit : \u00ab Tu as juste besoin que quelqu\u2019un t\u2019entende, les mots qui ne sont pas prononc\u00e9s sont aussi lourds que des pierres. \u00bb<\/span><\/span><\/span><\/p>\n<p><em><span style=\"color: #000000;\"><span style=\"font-family: Tahoma, sans-serif;\"><span style=\"font-size: medium;\">Huda Baroud est \u00e9crivaine et journaliste palestinienne de Gaza. Elle vit en Belgique. <\/span><\/span><\/span><\/em><\/p>\n","protected":false},"excerpt":{"rendered":"<p>Huda Baroud, 14 ao\u00fbt 2024. Quatre-vingt-dix, quatre-vingt-onze, quatre-vingt-douze&#8230; Cent. J&rsquo;ai compt\u00e9 beaucoup de nombres pendant mon \u00e9vasion quotidienne, Hilda, mais \u00e7a n&rsquo;a pas march\u00e9, je suis rentr\u00e9e \u00e9puis\u00e9e \u00e0 force <a class=\"more-link\" href=\"https:\/\/ismfrance.org\/index.php\/2024\/08\/14\/etre-la-fille-dune-patrie-qui-se-meurt\/\">Lire la suite &rarr;<\/a><\/p>\n","protected":false},"author":3,"featured_media":13718,"comment_status":"closed","ping_status":"closed","sticky":false,"template":"","format":"standard","meta":{"footnotes":""},"categories":[2,13],"tags":[156],"class_list":["post-13716","post","type-post","status-publish","format-standard","has-post-thumbnail","hentry","category-articles","category-temoignages","tag-genocide"],"yoast_head":"<!-- This site is optimized with the Yoast SEO plugin v28.3 - https:\/\/yoast.com\/product\/yoast-seo-wordpress\/ -->\n<title>&quot;Etre la fille d\u2019une patrie qui se meurt&quot; - International Solidarity Movement - ISM-France<\/title>\n<meta name=\"robots\" content=\"index, follow, max-snippet:-1, max-image-preview:large, max-video-preview:-1\" \/>\n<link rel=\"canonical\" href=\"https:\/\/ismfrance.org\/index.php\/2024\/08\/14\/etre-la-fille-dune-patrie-qui-se-meurt\/\" \/>\n<meta property=\"og:locale\" content=\"fr_FR\" \/>\n<meta property=\"og:type\" content=\"article\" \/>\n<meta property=\"og:title\" content=\"&quot;Etre la fille d\u2019une patrie qui se meurt&quot; - International Solidarity Movement - ISM-France\" \/>\n<meta property=\"og:description\" content=\"Huda Baroud, 14 ao\u00fbt 2024. Quatre-vingt-dix, quatre-vingt-onze, quatre-vingt-douze&#8230; Cent. J&rsquo;ai compt\u00e9 beaucoup de nombres pendant mon \u00e9vasion quotidienne, Hilda, mais \u00e7a n&rsquo;a pas march\u00e9, je suis rentr\u00e9e \u00e9puis\u00e9e \u00e0 force Lire la suite &rarr;\" \/>\n<meta property=\"og:url\" content=\"https:\/\/ismfrance.org\/index.php\/2024\/08\/14\/etre-la-fille-dune-patrie-qui-se-meurt\/\" \/>\n<meta property=\"og:site_name\" content=\"International Solidarity Movement - ISM-France\" \/>\n<meta property=\"article:published_time\" content=\"2024-08-14T09:59:57+00:00\" \/>\n<meta property=\"article:modified_time\" content=\"2024-08-14T10:01:44+00:00\" \/>\n<meta property=\"og:image\" content=\"https:\/\/ismfrance.org\/wp-content\/uploads\/2024\/08\/gaza-famille-assassinee.png\" \/>\n\t<meta property=\"og:image:width\" content=\"739\" \/>\n\t<meta property=\"og:image:height\" content=\"747\" \/>\n\t<meta property=\"og:image:type\" content=\"image\/png\" \/>\n<meta name=\"author\" content=\"mru_01\" \/>\n<meta name=\"twitter:card\" content=\"summary_large_image\" \/>\n<meta name=\"twitter:creator\" content=\"@ISMFRANCE\" \/>\n<meta name=\"twitter:site\" content=\"@ISMFRANCE\" \/>\n<meta name=\"twitter:label1\" content=\"\u00c9crit par\" \/>\n\t<meta name=\"twitter:data1\" content=\"mru_01\" \/>\n\t<meta name=\"twitter:label2\" content=\"Dur\u00e9e de lecture estim\u00e9e\" \/>\n\t<meta name=\"twitter:data2\" content=\"5 minutes\" \/>\n<script type=\"application\/ld+json\" class=\"yoast-schema-graph\">{\"@context\":\"https:\\\/\\\/schema.org\",\"@graph\":[{\"@type\":\"Article\",\"@id\":\"https:\\\/\\\/ismfrance.org\\\/index.php\\\/2024\\\/08\\\/14\\\/etre-la-fille-dune-patrie-qui-se-meurt\\\/#article\",\"isPartOf\":{\"@id\":\"https:\\\/\\\/ismfrance.org\\\/index.php\\\/2024\\\/08\\\/14\\\/etre-la-fille-dune-patrie-qui-se-meurt\\\/\"},\"author\":{\"name\":\"mru_01\",\"@id\":\"https:\\\/\\\/ismfrance.org\\\/#\\\/schema\\\/person\\\/3c411eb72adfaae19c0dca1f41fae01d\"},\"headline\":\"\u00ab\u00a0Etre la fille d\u2019une patrie qui se meurt\u00a0\u00bb\",\"datePublished\":\"2024-08-14T09:59:57+00:00\",\"dateModified\":\"2024-08-14T10:01:44+00:00\",\"mainEntityOfPage\":{\"@id\":\"https:\\\/\\\/ismfrance.org\\\/index.php\\\/2024\\\/08\\\/14\\\/etre-la-fille-dune-patrie-qui-se-meurt\\\/\"},\"wordCount\":855,\"publisher\":{\"@id\":\"https:\\\/\\\/ismfrance.org\\\/#organization\"},\"image\":{\"@id\":\"https:\\\/\\\/ismfrance.org\\\/index.php\\\/2024\\\/08\\\/14\\\/etre-la-fille-dune-patrie-qui-se-meurt\\\/#primaryimage\"},\"thumbnailUrl\":\"https:\\\/\\\/ismfrance.org\\\/wp-content\\\/uploads\\\/2024\\\/08\\\/gaza-famille-assassinee.png\",\"keywords\":[\"G\u00e9nocide\"],\"articleSection\":[\"Articles\",\"T\u00e9moignages\"],\"inLanguage\":\"fr-FR\"},{\"@type\":\"WebPage\",\"@id\":\"https:\\\/\\\/ismfrance.org\\\/index.php\\\/2024\\\/08\\\/14\\\/etre-la-fille-dune-patrie-qui-se-meurt\\\/\",\"url\":\"https:\\\/\\\/ismfrance.org\\\/index.php\\\/2024\\\/08\\\/14\\\/etre-la-fille-dune-patrie-qui-se-meurt\\\/\",\"name\":\"\\\"Etre la fille d\u2019une patrie qui se meurt\\\" - International Solidarity Movement - ISM-France\",\"isPartOf\":{\"@id\":\"https:\\\/\\\/ismfrance.org\\\/#website\"},\"primaryImageOfPage\":{\"@id\":\"https:\\\/\\\/ismfrance.org\\\/index.php\\\/2024\\\/08\\\/14\\\/etre-la-fille-dune-patrie-qui-se-meurt\\\/#primaryimage\"},\"image\":{\"@id\":\"https:\\\/\\\/ismfrance.org\\\/index.php\\\/2024\\\/08\\\/14\\\/etre-la-fille-dune-patrie-qui-se-meurt\\\/#primaryimage\"},\"thumbnailUrl\":\"https:\\\/\\\/ismfrance.org\\\/wp-content\\\/uploads\\\/2024\\\/08\\\/gaza-famille-assassinee.png\",\"datePublished\":\"2024-08-14T09:59:57+00:00\",\"dateModified\":\"2024-08-14T10:01:44+00:00\",\"breadcrumb\":{\"@id\":\"https:\\\/\\\/ismfrance.org\\\/index.php\\\/2024\\\/08\\\/14\\\/etre-la-fille-dune-patrie-qui-se-meurt\\\/#breadcrumb\"},\"inLanguage\":\"fr-FR\",\"potentialAction\":[{\"@type\":\"ReadAction\",\"target\":[\"https:\\\/\\\/ismfrance.org\\\/index.php\\\/2024\\\/08\\\/14\\\/etre-la-fille-dune-patrie-qui-se-meurt\\\/\"]}]},{\"@type\":\"ImageObject\",\"inLanguage\":\"fr-FR\",\"@id\":\"https:\\\/\\\/ismfrance.org\\\/index.php\\\/2024\\\/08\\\/14\\\/etre-la-fille-dune-patrie-qui-se-meurt\\\/#primaryimage\",\"url\":\"https:\\\/\\\/ismfrance.org\\\/wp-content\\\/uploads\\\/2024\\\/08\\\/gaza-famille-assassinee.png\",\"contentUrl\":\"https:\\\/\\\/ismfrance.org\\\/wp-content\\\/uploads\\\/2024\\\/08\\\/gaza-famille-assassinee.png\",\"width\":739,\"height\":747},{\"@type\":\"BreadcrumbList\",\"@id\":\"https:\\\/\\\/ismfrance.org\\\/index.php\\\/2024\\\/08\\\/14\\\/etre-la-fille-dune-patrie-qui-se-meurt\\\/#breadcrumb\",\"itemListElement\":[{\"@type\":\"ListItem\",\"position\":1,\"name\":\"Accueil\",\"item\":\"https:\\\/\\\/ismfrance.org\\\/\"},{\"@type\":\"ListItem\",\"position\":2,\"name\":\"&#8220;Etre la fille d\u2019une patrie qui se meurt&#8221;\"}]},{\"@type\":\"WebSite\",\"@id\":\"https:\\\/\\\/ismfrance.org\\\/#website\",\"url\":\"https:\\\/\\\/ismfrance.org\\\/\",\"name\":\"ISM Palestine France\",\"description\":\"Soutien aux luttes de lib\u00e9ration du peuple palestinien\",\"publisher\":{\"@id\":\"https:\\\/\\\/ismfrance.org\\\/#organization\"},\"potentialAction\":[{\"@type\":\"SearchAction\",\"target\":{\"@type\":\"EntryPoint\",\"urlTemplate\":\"https:\\\/\\\/ismfrance.org\\\/?s={search_term_string}\"},\"query-input\":{\"@type\":\"PropertyValueSpecification\",\"valueRequired\":true,\"valueName\":\"search_term_string\"}}],\"inLanguage\":\"fr-FR\"},{\"@type\":\"Organization\",\"@id\":\"https:\\\/\\\/ismfrance.org\\\/#organization\",\"name\":\"International Solidarity Movement\",\"url\":\"https:\\\/\\\/ismfrance.org\\\/\",\"logo\":{\"@type\":\"ImageObject\",\"inLanguage\":\"fr-FR\",\"@id\":\"https:\\\/\\\/ismfrance.org\\\/#\\\/schema\\\/logo\\\/image\\\/\",\"url\":\"https:\\\/\\\/ismfrance.org\\\/wp-content\\\/uploads\\\/2020\\\/12\\\/00.png\",\"contentUrl\":\"https:\\\/\\\/ismfrance.org\\\/wp-content\\\/uploads\\\/2020\\\/12\\\/00.png\",\"width\":400,\"height\":400,\"caption\":\"International Solidarity Movement\"},\"image\":{\"@id\":\"https:\\\/\\\/ismfrance.org\\\/#\\\/schema\\\/logo\\\/image\\\/\"},\"sameAs\":[\"https:\\\/\\\/x.com\\\/ISMFRANCE\"]},{\"@type\":\"Person\",\"@id\":\"https:\\\/\\\/ismfrance.org\\\/#\\\/schema\\\/person\\\/3c411eb72adfaae19c0dca1f41fae01d\",\"name\":\"mru_01\",\"image\":{\"@type\":\"ImageObject\",\"inLanguage\":\"fr-FR\",\"@id\":\"https:\\\/\\\/secure.gravatar.com\\\/avatar\\\/3a0be343b445d2ccc79e87444a294fad2b232e90d2051d0e3cc219e1ecd6a330?s=96&d=mm&r=g\",\"url\":\"https:\\\/\\\/secure.gravatar.com\\\/avatar\\\/3a0be343b445d2ccc79e87444a294fad2b232e90d2051d0e3cc219e1ecd6a330?s=96&d=mm&r=g\",\"contentUrl\":\"https:\\\/\\\/secure.gravatar.com\\\/avatar\\\/3a0be343b445d2ccc79e87444a294fad2b232e90d2051d0e3cc219e1ecd6a330?s=96&d=mm&r=g\",\"caption\":\"mru_01\"},\"url\":\"https:\\\/\\\/ismfrance.org\\\/index.php\\\/author\\\/admin02\\\/\"}]}<\/script>\n<!-- \/ Yoast SEO plugin. -->","yoast_head_json":{"title":"\"Etre la fille d\u2019une patrie qui se meurt\" - International Solidarity Movement - ISM-France","robots":{"index":"index","follow":"follow","max-snippet":"max-snippet:-1","max-image-preview":"max-image-preview:large","max-video-preview":"max-video-preview:-1"},"canonical":"https:\/\/ismfrance.org\/index.php\/2024\/08\/14\/etre-la-fille-dune-patrie-qui-se-meurt\/","og_locale":"fr_FR","og_type":"article","og_title":"\"Etre la fille d\u2019une patrie qui se meurt\" - International Solidarity Movement - ISM-France","og_description":"Huda Baroud, 14 ao\u00fbt 2024. Quatre-vingt-dix, quatre-vingt-onze, quatre-vingt-douze&#8230; Cent. J&rsquo;ai compt\u00e9 beaucoup de nombres pendant mon \u00e9vasion quotidienne, Hilda, mais \u00e7a n&rsquo;a pas march\u00e9, je suis rentr\u00e9e \u00e9puis\u00e9e \u00e0 force Lire la suite &rarr;","og_url":"https:\/\/ismfrance.org\/index.php\/2024\/08\/14\/etre-la-fille-dune-patrie-qui-se-meurt\/","og_site_name":"International Solidarity Movement - ISM-France","article_published_time":"2024-08-14T09:59:57+00:00","article_modified_time":"2024-08-14T10:01:44+00:00","og_image":[{"width":739,"height":747,"url":"https:\/\/ismfrance.org\/wp-content\/uploads\/2024\/08\/gaza-famille-assassinee.png","type":"image\/png"}],"author":"mru_01","twitter_card":"summary_large_image","twitter_creator":"@ISMFRANCE","twitter_site":"@ISMFRANCE","twitter_misc":{"\u00c9crit par":"mru_01","Dur\u00e9e de lecture estim\u00e9e":"5 minutes"},"schema":{"@context":"https:\/\/schema.org","@graph":[{"@type":"Article","@id":"https:\/\/ismfrance.org\/index.php\/2024\/08\/14\/etre-la-fille-dune-patrie-qui-se-meurt\/#article","isPartOf":{"@id":"https:\/\/ismfrance.org\/index.php\/2024\/08\/14\/etre-la-fille-dune-patrie-qui-se-meurt\/"},"author":{"name":"mru_01","@id":"https:\/\/ismfrance.org\/#\/schema\/person\/3c411eb72adfaae19c0dca1f41fae01d"},"headline":"\u00ab\u00a0Etre la fille d\u2019une patrie qui se meurt\u00a0\u00bb","datePublished":"2024-08-14T09:59:57+00:00","dateModified":"2024-08-14T10:01:44+00:00","mainEntityOfPage":{"@id":"https:\/\/ismfrance.org\/index.php\/2024\/08\/14\/etre-la-fille-dune-patrie-qui-se-meurt\/"},"wordCount":855,"publisher":{"@id":"https:\/\/ismfrance.org\/#organization"},"image":{"@id":"https:\/\/ismfrance.org\/index.php\/2024\/08\/14\/etre-la-fille-dune-patrie-qui-se-meurt\/#primaryimage"},"thumbnailUrl":"https:\/\/ismfrance.org\/wp-content\/uploads\/2024\/08\/gaza-famille-assassinee.png","keywords":["G\u00e9nocide"],"articleSection":["Articles","T\u00e9moignages"],"inLanguage":"fr-FR"},{"@type":"WebPage","@id":"https:\/\/ismfrance.org\/index.php\/2024\/08\/14\/etre-la-fille-dune-patrie-qui-se-meurt\/","url":"https:\/\/ismfrance.org\/index.php\/2024\/08\/14\/etre-la-fille-dune-patrie-qui-se-meurt\/","name":"\"Etre la fille d\u2019une patrie qui se meurt\" - International Solidarity Movement - ISM-France","isPartOf":{"@id":"https:\/\/ismfrance.org\/#website"},"primaryImageOfPage":{"@id":"https:\/\/ismfrance.org\/index.php\/2024\/08\/14\/etre-la-fille-dune-patrie-qui-se-meurt\/#primaryimage"},"image":{"@id":"https:\/\/ismfrance.org\/index.php\/2024\/08\/14\/etre-la-fille-dune-patrie-qui-se-meurt\/#primaryimage"},"thumbnailUrl":"https:\/\/ismfrance.org\/wp-content\/uploads\/2024\/08\/gaza-famille-assassinee.png","datePublished":"2024-08-14T09:59:57+00:00","dateModified":"2024-08-14T10:01:44+00:00","breadcrumb":{"@id":"https:\/\/ismfrance.org\/index.php\/2024\/08\/14\/etre-la-fille-dune-patrie-qui-se-meurt\/#breadcrumb"},"inLanguage":"fr-FR","potentialAction":[{"@type":"ReadAction","target":["https:\/\/ismfrance.org\/index.php\/2024\/08\/14\/etre-la-fille-dune-patrie-qui-se-meurt\/"]}]},{"@type":"ImageObject","inLanguage":"fr-FR","@id":"https:\/\/ismfrance.org\/index.php\/2024\/08\/14\/etre-la-fille-dune-patrie-qui-se-meurt\/#primaryimage","url":"https:\/\/ismfrance.org\/wp-content\/uploads\/2024\/08\/gaza-famille-assassinee.png","contentUrl":"https:\/\/ismfrance.org\/wp-content\/uploads\/2024\/08\/gaza-famille-assassinee.png","width":739,"height":747},{"@type":"BreadcrumbList","@id":"https:\/\/ismfrance.org\/index.php\/2024\/08\/14\/etre-la-fille-dune-patrie-qui-se-meurt\/#breadcrumb","itemListElement":[{"@type":"ListItem","position":1,"name":"Accueil","item":"https:\/\/ismfrance.org\/"},{"@type":"ListItem","position":2,"name":"&#8220;Etre la fille d\u2019une patrie qui se meurt&#8221;"}]},{"@type":"WebSite","@id":"https:\/\/ismfrance.org\/#website","url":"https:\/\/ismfrance.org\/","name":"ISM Palestine France","description":"Soutien aux luttes de lib\u00e9ration du peuple palestinien","publisher":{"@id":"https:\/\/ismfrance.org\/#organization"},"potentialAction":[{"@type":"SearchAction","target":{"@type":"EntryPoint","urlTemplate":"https:\/\/ismfrance.org\/?s={search_term_string}"},"query-input":{"@type":"PropertyValueSpecification","valueRequired":true,"valueName":"search_term_string"}}],"inLanguage":"fr-FR"},{"@type":"Organization","@id":"https:\/\/ismfrance.org\/#organization","name":"International Solidarity Movement","url":"https:\/\/ismfrance.org\/","logo":{"@type":"ImageObject","inLanguage":"fr-FR","@id":"https:\/\/ismfrance.org\/#\/schema\/logo\/image\/","url":"https:\/\/ismfrance.org\/wp-content\/uploads\/2020\/12\/00.png","contentUrl":"https:\/\/ismfrance.org\/wp-content\/uploads\/2020\/12\/00.png","width":400,"height":400,"caption":"International Solidarity Movement"},"image":{"@id":"https:\/\/ismfrance.org\/#\/schema\/logo\/image\/"},"sameAs":["https:\/\/x.com\/ISMFRANCE"]},{"@type":"Person","@id":"https:\/\/ismfrance.org\/#\/schema\/person\/3c411eb72adfaae19c0dca1f41fae01d","name":"mru_01","image":{"@type":"ImageObject","inLanguage":"fr-FR","@id":"https:\/\/secure.gravatar.com\/avatar\/3a0be343b445d2ccc79e87444a294fad2b232e90d2051d0e3cc219e1ecd6a330?s=96&d=mm&r=g","url":"https:\/\/secure.gravatar.com\/avatar\/3a0be343b445d2ccc79e87444a294fad2b232e90d2051d0e3cc219e1ecd6a330?s=96&d=mm&r=g","contentUrl":"https:\/\/secure.gravatar.com\/avatar\/3a0be343b445d2ccc79e87444a294fad2b232e90d2051d0e3cc219e1ecd6a330?s=96&d=mm&r=g","caption":"mru_01"},"url":"https:\/\/ismfrance.org\/index.php\/author\/admin02\/"}]}},"_links":{"self":[{"href":"https:\/\/ismfrance.org\/index.php\/wp-json\/wp\/v2\/posts\/13716","targetHints":{"allow":["GET"]}}],"collection":[{"href":"https:\/\/ismfrance.org\/index.php\/wp-json\/wp\/v2\/posts"}],"about":[{"href":"https:\/\/ismfrance.org\/index.php\/wp-json\/wp\/v2\/types\/post"}],"author":[{"embeddable":true,"href":"https:\/\/ismfrance.org\/index.php\/wp-json\/wp\/v2\/users\/3"}],"replies":[{"embeddable":true,"href":"https:\/\/ismfrance.org\/index.php\/wp-json\/wp\/v2\/comments?post=13716"}],"version-history":[{"count":0,"href":"https:\/\/ismfrance.org\/index.php\/wp-json\/wp\/v2\/posts\/13716\/revisions"}],"wp:featuredmedia":[{"embeddable":true,"href":"https:\/\/ismfrance.org\/index.php\/wp-json\/wp\/v2\/media\/13718"}],"wp:attachment":[{"href":"https:\/\/ismfrance.org\/index.php\/wp-json\/wp\/v2\/media?parent=13716"}],"wp:term":[{"taxonomy":"category","embeddable":true,"href":"https:\/\/ismfrance.org\/index.php\/wp-json\/wp\/v2\/categories?post=13716"},{"taxonomy":"post_tag","embeddable":true,"href":"https:\/\/ismfrance.org\/index.php\/wp-json\/wp\/v2\/tags?post=13716"}],"curies":[{"name":"wp","href":"https:\/\/api.w.org\/{rel}","templated":true}]}}