{"id":13677,"date":"2024-08-12T08:41:28","date_gmt":"2024-08-12T06:41:28","guid":{"rendered":"https:\/\/ismfrance.org\/?p=13677"},"modified":"2024-08-12T08:41:28","modified_gmt":"2024-08-12T06:41:28","slug":"le-desespoir-croissant-de-laipac","status":"publish","type":"post","link":"https:\/\/ismfrance.org\/index.php\/2024\/08\/12\/le-desespoir-croissant-de-laipac\/","title":{"rendered":"Le d\u00e9sespoir croissant de l\u2019AIPAC"},"content":{"rendered":"<p><span style=\"color: #000000;\"><span style=\"font-family: Arial, sans-serif;\"><span style=\"font-size: medium;\"><strong>Rami G. Khouri, 11 ao\u00fbt 2024<\/strong>. A l\u2019approche des \u00e9lections de novembre aux \u00c9tats-Unis, la dynamique politique li\u00e9e \u00e0 Isra\u00ebl\/Palestine continue d\u2019influencer les d\u00e9veloppements cl\u00e9s de la sc\u00e8ne politique am\u00e9ricaine. L\u2019opinion publique n\u2019est plus aussi majoritairement favorable \u00e0 Isra\u00ebl qu\u2019elle le fut auparavant, ce qui inqui\u00e8te le gouvernement isra\u00e9lien et ses partisans am\u00e9ricains.<\/span><\/span><\/span><\/p>\n<p><span style=\"color: #000000;\"><span style=\"font-family: Arial, sans-serif;\"><span style=\"font-size: medium;\">Cela se voit surtout dans les actions de l\u2019American Israel Public Affairs Committee (AIPAC), le principal groupe de pression pro-isra\u00e9lien aux \u00c9tats-Unis. Au cours des derniers mois, il a investi 8,5 millions de dollars dans une campagne destin\u00e9e \u00e0 vaincre la d\u00e9put\u00e9e d\u00e9mocrate progressiste Cori Bush lors des primaires d\u00e9mocrates du Missouri. Bush, qui a d\u00e9fendu les questions de justice palestinienne au Congr\u00e8s, a perdu mardi face au procureur de Saint-Louis, Wesley Bell. Et l\u2019AIPAC a fourni la somme sans pr\u00e9c\u00e9dent, pour un seul scrutin, de 17 millions de dollars pour vaincre un autre partisan de la Palestine, le d\u00e9put\u00e9 Jamal Bowman, lors des primaires d\u00e9mocrates de New York.<\/span><\/span><\/span><\/p>\n<div id=\"attachment_13681\" style=\"width: 610px\" class=\"wp-caption alignnone\"><a href=\"https:\/\/ismfrance.org\/wp-content\/uploads\/2024\/08\/manif-Universite-de-lIllinois-Chicago-janvier-2024.jpeg\"><img loading=\"lazy\" decoding=\"async\" aria-describedby=\"caption-attachment-13681\" class=\"size-large wp-image-13681\" src=\"https:\/\/ismfrance.org\/wp-content\/uploads\/2024\/08\/manif-Universite-de-lIllinois-Chicago-janvier-2024-700x525.jpeg\" alt=\"\" width=\"600\" height=\"450\" srcset=\"https:\/\/ismfrance.org\/wp-content\/uploads\/2024\/08\/manif-Universite-de-lIllinois-Chicago-janvier-2024-700x525.jpeg 700w, https:\/\/ismfrance.org\/wp-content\/uploads\/2024\/08\/manif-Universite-de-lIllinois-Chicago-janvier-2024-300x225.jpeg 300w, https:\/\/ismfrance.org\/wp-content\/uploads\/2024\/08\/manif-Universite-de-lIllinois-Chicago-janvier-2024-768x576.jpeg 768w, https:\/\/ismfrance.org\/wp-content\/uploads\/2024\/08\/manif-Universite-de-lIllinois-Chicago-janvier-2024-1536x1152.jpeg 1536w, https:\/\/ismfrance.org\/wp-content\/uploads\/2024\/08\/manif-Universite-de-lIllinois-Chicago-janvier-2024-350x263.jpeg 350w, https:\/\/ismfrance.org\/wp-content\/uploads\/2024\/08\/manif-Universite-de-lIllinois-Chicago-janvier-2024-1320x990.jpeg 1320w, https:\/\/ismfrance.org\/wp-content\/uploads\/2024\/08\/manif-Universite-de-lIllinois-Chicago-janvier-2024.jpeg 2048w\" sizes=\"auto, (max-width: 600px) 100vw, 600px\" \/><\/a><p id=\"caption-attachment-13681\" class=\"wp-caption-text\"><em>Manifestation \u00e0 l&rsquo;Universit\u00e9 de l&rsquo;Illinois, Chicago janvier 2024.<\/em><\/p><\/div>\n<p><span style=\"color: #000000;\"><span style=\"font-family: Arial, sans-serif;\"><span style=\"font-size: medium;\">Apr\u00e8s la d\u00e9faite de Bowman, l\u2019AIPAC a d\u00e9clar\u00e9 que la position pro-isra\u00e9lienne des \u00c9tats-Unis \u00e9tait \u00ab <em>\u00e0 la fois un bon principe et une bonne politique<\/em> \u00bb.<\/span><\/span><\/span><\/p>\n<p><span style=\"color: #000000;\"><span style=\"font-family: Arial, sans-serif;\"><span style=\"font-size: medium;\">En r\u00e9ponse \u00e0 cette affirmation, la militante de gauche Medea Benjamin a <a href=\"https:\/\/www.juancole.com\/2024\/08\/aipac-hijacks-elections.html\">\u00e9crit<\/a> : \u00ab<em> Au contraire, cela montre que les groupes pro-isra\u00e9liens peuvent acheter des \u00e9lections et cela a envoy\u00e9 un message effrayant \u00e0 tous les \u00e9lus : s\u2019ils critiquent Isra\u00ebl, m\u00eame pendant un g\u00e9nocide, ils pourraient bien le payer de leur carri\u00e8re<\/em>. \u00bb<\/span><\/span><\/span><\/p>\n<p><span style=\"color: #000000;\"><span style=\"font-family: Arial, sans-serif;\"><span style=\"font-size: medium;\">Elle a soulign\u00e9 que si le financement par l\u2019AIPAC des d\u00e9faites de Bush et Bowman d\u00e9montre le pouvoir et les ressources du lobby pro-isra\u00e9lien, il montre \u00e9galement qu\u2019il doit d\u00e9sormais fournir des sommes d\u2019argent toujours plus importantes pour que le Congr\u00e8s reste favorable \u00e0 Isra\u00ebl et minimiser l\u2019impact des membres progressistes.<\/span><\/span><\/span><\/p>\n<p><span style=\"color: #000000;\"><span style=\"font-family: Arial, sans-serif;\"><span style=\"font-size: medium;\">Cela montre \u00e0 quel point il est devenu difficile pour le lobby isra\u00e9lien de contrer la popularit\u00e9 croissante de la cause palestinienne. Cela le fait para\u00eetre de plus en plus d\u00e9sesp\u00e9r\u00e9 alors qu\u2019il prend des mesures qui risquent de se retourner contre lui, g\u00e9n\u00e9rant un ressentiment plus grand dans l&rsquo;opinion publique et au sein du syst\u00e8me politique.<\/span><\/span><\/span><\/p>\n<p><span style=\"color: #000000;\"><span style=\"font-family: Arial, sans-serif;\"><span style=\"font-size: medium;\">De telles campagnes de financement agressives men\u00e9es par l\u2019AIPAC et d\u2019autres forces pro-isra\u00e9liennes pourraient bient\u00f4t \u00eatre per\u00e7ues comme une autre dimension de l\u2019ing\u00e9rence \u00e9trang\u00e8re dans les \u00e9lections am\u00e9ricaines, qui est devenue une pr\u00e9occupation nationale croissante depuis 2016. Les Am\u00e9ricains qui souhaitent que leur gouvernement soit impartial sur la question de la Palestine et d\u2019Isra\u00ebl pourraient consid\u00e9rer un financement isra\u00e9lien plus important ou des campagnes sur les r\u00e9seaux sociaux favorisant certains candidats comme une ing\u00e9rence \u00e9trang\u00e8re inappropri\u00e9e dans les \u00e9lections am\u00e9ricaines. Isra\u00ebl pourrait bient\u00f4t rejoindre la Russie, la Chine, l\u2019Iran et Cuba parmi les pays per\u00e7us comme s\u2019ing\u00e9rant dans les \u00e9lections am\u00e9ricaines.<\/span><\/span><\/span><\/p>\n<p><span style=\"color: #000000;\"><span style=\"font-family: Arial, sans-serif;\"><span style=\"font-size: medium;\">Une autre mesure d\u00e9sesp\u00e9r\u00e9e pro-Isra\u00ebl qui pourrait se retourner contre elle est la volont\u00e9 de faire adopter une loi visant \u00e0 criminaliser le plaidoyer pro-palestinien, \u00e0 punir les organisations \u00e0 but non lucratif qui soutiennent la cause palestinienne ou \u00e0 priver les universit\u00e9s de fonds f\u00e9d\u00e9raux pour avoir autoris\u00e9 des manifestations pro-palestiniennes. Une telle l\u00e9gislation peut porter atteinte \u00e0 la libert\u00e9 d\u2019expression et aux droits garantis par le Premier Amendement et ternirait encore davantage le lobbying pro-isra\u00e9lien en le pr\u00e9sentant comme une force r\u00e9gressive et antid\u00e9mocratique aux yeux de nombreux Am\u00e9ricains.<\/span><\/span><\/span><\/p>\n<p><span style=\"color: #000000;\"><span style=\"font-family: Arial, sans-serif;\"><span style=\"font-size: medium;\">De telles mesures sont envisag\u00e9es parce que la domination du discours isra\u00e9lien dans la formation de l\u2019opinion publique aux \u00c9tats-Unis d\u00e9cline lentement. En effet, les r\u00e9seaux sociaux, les m\u00e9dias progressistes et un activisme palestinien plus dynamique permettent aujourd\u2019hui aux Am\u00e9ricains de voir et d\u2019\u00e9valuer facilement les actions g\u00e9nocidaires isra\u00e9liennes en Palestine, rendues possibles par le soutien du gouvernement am\u00e9ricain.<\/span><\/span><\/span><\/p>\n<p><span style=\"color: #000000;\"><span style=\"font-family: Arial, sans-serif;\"><span style=\"font-size: medium;\">L\u2019opinion publique a ainsi \u00e9volu\u00e9 dans une direction plus \u00e9quilibr\u00e9e, davantage d\u2019Am\u00e9ricains sympathisant avec les Palestiniens. Selon un <a href=\"https:\/\/news.gallup.com\/poll\/611375\/americans-views-israel-palestinian-authority-down.aspx\">sondage Gallup<\/a> de mars, ce chiffre est de 27 % \u00e0 l\u2019\u00e9chelle nationale ; il est de 43 % chez les d\u00e9mocrates et de 45 % chez les jeunes.<\/span><\/span><\/span><\/p>\n<p><span style=\"color: #000000;\"><span style=\"font-family: Arial, sans-serif;\"><span style=\"font-size: medium;\">Les opinions sur la guerre sont encore plus critiques \u00e0 l\u2019\u00e9gard d\u2019Isra\u00ebl. Un sondage <a href=\"https:\/\/www.dataforprogress.org\/blog\/2024\/5\/8\/support-for-a-permanent-ceasefire-in-gaza-increases-across-party-lines\">Data for Progress<\/a> publi\u00e9 en mai a r\u00e9v\u00e9l\u00e9 que 56 % des d\u00e9mocrates pensent qu\u2019Isra\u00ebl commet un g\u00e9nocide. Un autre de ses <a href=\"https:\/\/www.dataforprogress.org\/blog\/2024\/6\/12\/voters-support-proposed-ceasefire-deal-to-end-fighting-in-gaza\">sondages<\/a> publi\u00e9 en juin a montr\u00e9 que 64 % des \u00e9lecteurs potentiels soutenaient un cessez-le-feu et le retrait des troupes isra\u00e9liennes de Gaza ; parmi les d\u00e9mocrates, ce chiffre \u00e9tait de 86 %. Un sondage r\u00e9alis\u00e9 en juin par le Chicago Council on Global Affairs a <a href=\"https:\/\/globalaffairs.org\/research\/public-opinion-survey\/majority-americans-oppose-sending-us-forces-defend-israel-if?utm_source=media&amp;utm_campaign=ccs&amp;utm_medium=WaPo\">montr\u00e9<\/a> que 55 % des Am\u00e9ricains rejetaient l\u2019envoi de troupes am\u00e9ricaines pour d\u00e9fendre Isra\u00ebl si celui-ci \u00e9tait attaqu\u00e9 par ses voisins.<\/span><\/span><\/span><\/p>\n<p><span style=\"color: #000000;\"><span style=\"font-family: Arial, sans-serif;\"><span style=\"font-size: medium;\">Les hommes politiques am\u00e9ricains ne peuvent pas ignorer perp\u00e9tuellement ces changements d\u2019attitude de l&rsquo;opinion publique, en particulier parmi les d\u00e9mocrates. Et il semble qu\u2019ils en tiennent compte.<\/span><\/span><\/span><\/p>\n<p><span style=\"color: #000000;\"><span style=\"font-family: Arial, sans-serif;\"><span style=\"font-size: medium;\">Le mois dernier, lorsque le Premier ministre isra\u00e9lien Benjamin Netanyahu a prononc\u00e9 son quatri\u00e8me discours au Congr\u00e8s am\u00e9ricain, pr\u00e8s de la moiti\u00e9 de ses membres d\u00e9mocrates \u00e9taient absents.<\/span><\/span><\/span><\/p>\n<p><span style=\"color: #000000;\"><span style=\"font-family: Arial, sans-serif;\"><span style=\"font-size: medium;\">En plus de l\u2019\u00e9volution de l\u2019opinion publique, d\u2019autres forces ouvrent progressivement des fissures dans le consensus pro-isra\u00e9lien dans la politique am\u00e9ricaine. L\u2019un d\u2019entre eux est le <a href=\"https:\/\/www.uncommittedmovement.com\/\">National Uncommitted Movement<\/a> [Mouvement national non engag\u00e9, dont le slogan est Pas une bombe de plus, NdT], qui, lors des primaires d\u00e9mocrates, a demand\u00e9 aux d\u00e9mocrates inscrits de voter \u00ab Uncommitted \u00bb pour montrer leur rejet de la politique de l\u2019administration Biden sur le g\u00e9nocide isra\u00e9lien \u00e0 Gaza.<\/span><\/span><\/span><\/p>\n<p><span style=\"color: #000000;\"><span style=\"font-family: Arial, sans-serif;\"><span style=\"font-size: medium;\">La campagne a recueilli plus de 700.000 voix, dont une grande partie provenant d\u2019\u00c9tats cl\u00e9s comme le Michigan et le Wisconsin. Si le mouvement se maintient jusqu\u2019en novembre et que l\u2019\u00e9lection est serr\u00e9e, leurs votes pourraient suffire \u00e0 faire tomber Kamala Harris, la successeure du pr\u00e9sident Joe Biden sur le ticket d\u00e9mocrate, qui a fid\u00e8lement soutenu sa politique pro-isra\u00e9lienne \u00e0 Gaza.<\/span><\/span><\/span><\/p>\n<p><span style=\"color: #000000;\"><span style=\"font-family: Arial, sans-serif;\"><span style=\"font-size: medium;\">La campagne de Harris \u2013 tout comme celle de Biden avant elle \u2013 est clairement inqui\u00e8te. Un signe en est sa d\u00e9cision de choisir le gouverneur du Minnesota Tim Walz comme colistier au lieu du gouverneur de Pennsylvanie Josh Shapiro, dont les positions pro-isra\u00e9liennes et sionistes fortes sur les manifestations \u00e9tudiantes pro-palestiniennes, la campagne de boycott d\u2019Isra\u00ebl et la guerre de Gaza, entre autres, ont \u00e9t\u00e9 \u00e9voqu\u00e9es en public comme pouvant entraver les chances de victoire de Harris.<\/span><\/span><\/span><\/p>\n<p><span style=\"color: #000000;\"><span style=\"font-family: Arial, sans-serif;\"><span style=\"font-size: medium;\">Harris elle-m\u00eame a \u00e9galement laiss\u00e9 entendre dans sa rh\u00e9torique qu\u2019elle voulait mettre une certaine distance entre elle et la position r\u00e9solument pro-Isra\u00ebl de Biden. Elle a parl\u00e9 plus fermement d\u2019un cessez-le-feu imm\u00e9diat et a exprim\u00e9 son inqui\u00e9tude quant aux souffrances des civils palestiniens. Elle a \u00e9galement dit aux dirigeants de la campagne <\/span><\/span><\/span><span style=\"color: #000000;\"><span style=\"font-family: Arial, sans-serif;\"><span style=\"font-size: medium;\"><i>Uncommitted,<\/i><\/span><\/span><\/span><span style=\"color: #000000;\"><span style=\"font-family: Arial, sans-serif;\"><span style=\"font-size: medium;\"> qu\u2019elle a bri\u00e8vement rencontr\u00e9s \u00e0 Detroit la semaine derni\u00e8re, qu\u2019elle acceptait leur demande de les rencontrer pour discuter de leur demande d\u2019un embargo am\u00e9ricain imm\u00e9diat sur les armes contre Isra\u00ebl.<\/span><\/span><\/span><\/p>\n<p><span style=\"color: #000000;\"><span style=\"font-family: Arial, sans-serif;\"><span style=\"font-size: medium;\">Cependant, les militants pro-palestiniens et <\/span><\/span><\/span><span style=\"color: #000000;\"><span style=\"font-family: Arial, sans-serif;\"><span style=\"font-size: medium;\"><i>Uncommitted<\/i><\/span><\/span><\/span><span style=\"color: #000000;\"><span style=\"font-family: Arial, sans-serif;\"><span style=\"font-size: medium;\"> insistent sur le fait que pour voter pour elle, il faut voir des actions concr\u00e8tes, comme un embargo sur les armes contre Isra\u00ebl et l\u2019application des lois am\u00e9ricaines qui interdisent aux \u00c9tats-Unis de fournir une aide militaire aux forces de s\u00e9curit\u00e9 \u00e9trang\u00e8res qui violent les droits de l\u2019homme.<\/span><\/span><\/span><\/p>\n<p><span style=\"color: #000000;\"><span style=\"font-family: Arial, sans-serif;\"><span style=\"font-size: medium;\">Ces derniers jours, Harris a \u00e9t\u00e9 interrompue lors de deux discours de rassemblement par des militants exigeant qu\u2019elle rompe avec la politique de Biden. Ses r\u00e9ponses inad\u00e9quates ont montr\u00e9 qu\u2019elle a du mal \u00e0 r\u00e9pondre aux demandes des d\u00e9mocrates progressistes pour une politique plus humaine \u00e0 Gaza.<\/span><\/span><\/span><\/p>\n<p><span style=\"color: #000000;\"><span style=\"font-family: Arial, sans-serif;\"><span style=\"font-size: medium;\">Nous n\u2019apprendrons des changements substantiels dans sa position sur Isra\u00ebl\/Palestine qu\u2019apr\u00e8s la Convention nationale d\u00e9mocrate \u00e0 Chicago ce mois-ci. Quelle que soit la d\u00e9cision de la campagne de Harris, il est de plus en plus clair que pour la premi\u00e8re fois, les \u00e9lecteurs am\u00e9ricains qui soutiennent la cause palestinienne pourraient avoir suffisamment d\u2019influence pour influencer les \u00e9lections pr\u00e9sidentielles et l\u00e9gislatives, et donc les politiques \u00e9trang\u00e8res et int\u00e9rieures de Washington \u00e0 l\u2019avenir.<\/span><\/span><\/span><\/p>\n<p><span style=\"color: #000000;\"><span style=\"font-family: Arial, sans-serif;\"><span style=\"font-size: medium;\">Cette transformation plut\u00f4t soudaine du paysage \u00e9lectoral donnera au lobby pro-isra\u00e9lien de nouvelles migraines qu\u2019il aura du mal \u00e0 traiter.<\/span><\/span><\/span><\/p>\n<pre><em><span style=\"color: #000000;\"><span style=\"font-family: Arial, sans-serif;\"><span style=\"font-size: medium;\">Article original en anglais sur <a href=\"https:\/\/www.aljazeera.com\/opinions\/2024\/8\/11\/aipac-is-growing-desperate\">Al-Jazeera<\/a> \/ Traduction MR<\/span><\/span><\/span><\/em><\/pre>\n<hr \/>\n<p><span style=\"color: #000000;\"><span style=\"font-family: Arial, sans-serif;\"><span style=\"font-size: medium;\"><a href=\"https:\/\/ismfrance.org\/wp-content\/uploads\/2024\/08\/rami-khoury.jpeg\"><img loading=\"lazy\" decoding=\"async\" class=\" wp-image-13678 alignleft\" src=\"https:\/\/ismfrance.org\/wp-content\/uploads\/2024\/08\/rami-khoury-150x150.jpeg\" alt=\"\" width=\"126\" height=\"126\" srcset=\"https:\/\/ismfrance.org\/wp-content\/uploads\/2024\/08\/rami-khoury-150x150.jpeg 150w, https:\/\/ismfrance.org\/wp-content\/uploads\/2024\/08\/rami-khoury-144x144.jpeg 144w\" sizes=\"auto, (max-width: 126px) 100vw, 126px\" \/><\/a><\/span><\/span><\/span><\/p>\n<p><span style=\"color: #000000;\"><span style=\"font-family: Arial, sans-serif;\"><span style=\"font-size: medium;\">Rami G. Khouri est Professeur \u00e9m\u00e9rite \u00e0 l&rsquo;Universit\u00e9 am\u00e9ricaine de Beyrouth et membre non r\u00e9sident du Centre arabe de Washington. Il est journaliste et auteur de livres avec 50 ans d&rsquo;exp\u00e9rience dans la couverture du Moyen-Orient. Son compte X : <\/span><\/span><\/span><span style=\"color: #595959;\"><span style=\"font-family: Georgia, Times, Times New Roman, serif;\"><strong><a href=\"https:\/\/x.com\/RamiKhouri\"><span style=\"color: #536471;\"><span style=\"font-family: TwitterChirp, apple-system, BlinkMacSystemFont, Segoe UI, Roboto, Helvetica, Arial, sans-serif;\"><span style=\"font-size: medium;\"><u>@RamiKhouri<\/u><\/span><\/span><\/span><\/a><\/strong><u><b> <\/b><\/u><\/span><\/span><\/p>\n<p>&nbsp;<\/p>\n","protected":false},"excerpt":{"rendered":"<p>Rami G. Khouri, 11 ao\u00fbt 2024. A l\u2019approche des \u00e9lections de novembre aux \u00c9tats-Unis, la dynamique politique li\u00e9e \u00e0 Isra\u00ebl\/Palestine continue d\u2019influencer les d\u00e9veloppements cl\u00e9s de la sc\u00e8ne politique am\u00e9ricaine. <a class=\"more-link\" href=\"https:\/\/ismfrance.org\/index.php\/2024\/08\/12\/le-desespoir-croissant-de-laipac\/\">Lire la suite &rarr;<\/a><\/p>\n","protected":false},"author":3,"featured_media":13681,"comment_status":"closed","ping_status":"closed","sticky":false,"template":"","format":"standard","meta":{"footnotes":""},"categories":[12,2],"tags":[140,74],"class_list":["post-13677","post","type-post","status-publish","format-standard","has-post-thumbnail","hentry","category-analyses","category-articles","tag-elections","tag-sionisme"],"yoast_head":"<!-- This site is optimized with the Yoast SEO plugin v27.2 - https:\/\/yoast.com\/product\/yoast-seo-wordpress\/ -->\n<title>Le d\u00e9sespoir croissant de l\u2019AIPAC - International Solidarity Movement - ISM-France<\/title>\n<meta name=\"robots\" content=\"index, follow, max-snippet:-1, max-image-preview:large, max-video-preview:-1\" \/>\n<link rel=\"canonical\" href=\"https:\/\/ismfrance.org\/index.php\/2024\/08\/12\/le-desespoir-croissant-de-laipac\/\" \/>\n<meta property=\"og:locale\" content=\"fr_FR\" \/>\n<meta property=\"og:type\" content=\"article\" \/>\n<meta property=\"og:title\" content=\"Le d\u00e9sespoir croissant de l\u2019AIPAC - International Solidarity Movement - ISM-France\" \/>\n<meta property=\"og:description\" content=\"Rami G. Khouri, 11 ao\u00fbt 2024. A l\u2019approche des \u00e9lections de novembre aux \u00c9tats-Unis, la dynamique politique li\u00e9e \u00e0 Isra\u00ebl\/Palestine continue d\u2019influencer les d\u00e9veloppements cl\u00e9s de la sc\u00e8ne politique am\u00e9ricaine. Lire la suite &rarr;\" \/>\n<meta property=\"og:url\" content=\"https:\/\/ismfrance.org\/index.php\/2024\/08\/12\/le-desespoir-croissant-de-laipac\/\" \/>\n<meta property=\"og:site_name\" content=\"International Solidarity Movement - ISM-France\" \/>\n<meta property=\"article:published_time\" content=\"2024-08-12T06:41:28+00:00\" \/>\n<meta property=\"og:image\" content=\"https:\/\/ismfrance.org\/wp-content\/uploads\/2024\/08\/manif-Universite-de-lIllinois-Chicago-janvier-2024.jpeg\" \/>\n\t<meta property=\"og:image:width\" content=\"2048\" \/>\n\t<meta property=\"og:image:height\" content=\"1536\" \/>\n\t<meta property=\"og:image:type\" content=\"image\/jpeg\" \/>\n<meta name=\"author\" content=\"mru_01\" \/>\n<meta name=\"twitter:card\" content=\"summary_large_image\" \/>\n<meta name=\"twitter:creator\" content=\"@ISMFRANCE\" \/>\n<meta name=\"twitter:site\" content=\"@ISMFRANCE\" \/>\n<meta name=\"twitter:label1\" content=\"\u00c9crit par\" \/>\n\t<meta name=\"twitter:data1\" content=\"mru_01\" \/>\n\t<meta name=\"twitter:label2\" content=\"Dur\u00e9e de lecture estim\u00e9e\" \/>\n\t<meta name=\"twitter:data2\" content=\"8 minutes\" \/>\n<script type=\"application\/ld+json\" class=\"yoast-schema-graph\">{\"@context\":\"https:\/\/schema.org\",\"@graph\":[{\"@type\":\"Article\",\"@id\":\"https:\/\/ismfrance.org\/index.php\/2024\/08\/12\/le-desespoir-croissant-de-laipac\/#article\",\"isPartOf\":{\"@id\":\"https:\/\/ismfrance.org\/index.php\/2024\/08\/12\/le-desespoir-croissant-de-laipac\/\"},\"author\":{\"name\":\"mru_01\",\"@id\":\"https:\/\/ismfrance.org\/#\/schema\/person\/3c411eb72adfaae19c0dca1f41fae01d\"},\"headline\":\"Le d\u00e9sespoir croissant de l\u2019AIPAC\",\"datePublished\":\"2024-08-12T06:41:28+00:00\",\"mainEntityOfPage\":{\"@id\":\"https:\/\/ismfrance.org\/index.php\/2024\/08\/12\/le-desespoir-croissant-de-laipac\/\"},\"wordCount\":1533,\"publisher\":{\"@id\":\"https:\/\/ismfrance.org\/#organization\"},\"image\":{\"@id\":\"https:\/\/ismfrance.org\/index.php\/2024\/08\/12\/le-desespoir-croissant-de-laipac\/#primaryimage\"},\"thumbnailUrl\":\"https:\/\/ismfrance.org\/wp-content\/uploads\/2024\/08\/manif-Universite-de-lIllinois-Chicago-janvier-2024.jpeg\",\"keywords\":[\"Elections\",\"Sionisme\"],\"articleSection\":[\"Analyses\",\"Articles\"],\"inLanguage\":\"fr-FR\"},{\"@type\":\"WebPage\",\"@id\":\"https:\/\/ismfrance.org\/index.php\/2024\/08\/12\/le-desespoir-croissant-de-laipac\/\",\"url\":\"https:\/\/ismfrance.org\/index.php\/2024\/08\/12\/le-desespoir-croissant-de-laipac\/\",\"name\":\"Le d\u00e9sespoir croissant de l\u2019AIPAC - International Solidarity Movement - ISM-France\",\"isPartOf\":{\"@id\":\"https:\/\/ismfrance.org\/#website\"},\"primaryImageOfPage\":{\"@id\":\"https:\/\/ismfrance.org\/index.php\/2024\/08\/12\/le-desespoir-croissant-de-laipac\/#primaryimage\"},\"image\":{\"@id\":\"https:\/\/ismfrance.org\/index.php\/2024\/08\/12\/le-desespoir-croissant-de-laipac\/#primaryimage\"},\"thumbnailUrl\":\"https:\/\/ismfrance.org\/wp-content\/uploads\/2024\/08\/manif-Universite-de-lIllinois-Chicago-janvier-2024.jpeg\",\"datePublished\":\"2024-08-12T06:41:28+00:00\",\"breadcrumb\":{\"@id\":\"https:\/\/ismfrance.org\/index.php\/2024\/08\/12\/le-desespoir-croissant-de-laipac\/#breadcrumb\"},\"inLanguage\":\"fr-FR\",\"potentialAction\":[{\"@type\":\"ReadAction\",\"target\":[\"https:\/\/ismfrance.org\/index.php\/2024\/08\/12\/le-desespoir-croissant-de-laipac\/\"]}]},{\"@type\":\"ImageObject\",\"inLanguage\":\"fr-FR\",\"@id\":\"https:\/\/ismfrance.org\/index.php\/2024\/08\/12\/le-desespoir-croissant-de-laipac\/#primaryimage\",\"url\":\"https:\/\/ismfrance.org\/wp-content\/uploads\/2024\/08\/manif-Universite-de-lIllinois-Chicago-janvier-2024.jpeg\",\"contentUrl\":\"https:\/\/ismfrance.org\/wp-content\/uploads\/2024\/08\/manif-Universite-de-lIllinois-Chicago-janvier-2024.jpeg\",\"width\":2048,\"height\":1536,\"caption\":\"manif Universit\u00e9 de l'Illinois, Chicago janvier 2024\"},{\"@type\":\"BreadcrumbList\",\"@id\":\"https:\/\/ismfrance.org\/index.php\/2024\/08\/12\/le-desespoir-croissant-de-laipac\/#breadcrumb\",\"itemListElement\":[{\"@type\":\"ListItem\",\"position\":1,\"name\":\"Accueil\",\"item\":\"https:\/\/ismfrance.org\/\"},{\"@type\":\"ListItem\",\"position\":2,\"name\":\"Le d\u00e9sespoir croissant de l\u2019AIPAC\"}]},{\"@type\":\"WebSite\",\"@id\":\"https:\/\/ismfrance.org\/#website\",\"url\":\"https:\/\/ismfrance.org\/\",\"name\":\"ISM Palestine France\",\"description\":\"Soutien aux luttes de lib\u00e9ration du peuple palestinien\",\"publisher\":{\"@id\":\"https:\/\/ismfrance.org\/#organization\"},\"potentialAction\":[{\"@type\":\"SearchAction\",\"target\":{\"@type\":\"EntryPoint\",\"urlTemplate\":\"https:\/\/ismfrance.org\/?s={search_term_string}\"},\"query-input\":{\"@type\":\"PropertyValueSpecification\",\"valueRequired\":true,\"valueName\":\"search_term_string\"}}],\"inLanguage\":\"fr-FR\"},{\"@type\":\"Organization\",\"@id\":\"https:\/\/ismfrance.org\/#organization\",\"name\":\"International Solidarity Movement\",\"url\":\"https:\/\/ismfrance.org\/\",\"logo\":{\"@type\":\"ImageObject\",\"inLanguage\":\"fr-FR\",\"@id\":\"https:\/\/ismfrance.org\/#\/schema\/logo\/image\/\",\"url\":\"https:\/\/ismfrance.org\/wp-content\/uploads\/2020\/12\/00.png\",\"contentUrl\":\"https:\/\/ismfrance.org\/wp-content\/uploads\/2020\/12\/00.png\",\"width\":400,\"height\":400,\"caption\":\"International Solidarity Movement\"},\"image\":{\"@id\":\"https:\/\/ismfrance.org\/#\/schema\/logo\/image\/\"},\"sameAs\":[\"https:\/\/x.com\/ISMFRANCE\"]},{\"@type\":\"Person\",\"@id\":\"https:\/\/ismfrance.org\/#\/schema\/person\/3c411eb72adfaae19c0dca1f41fae01d\",\"name\":\"mru_01\",\"image\":{\"@type\":\"ImageObject\",\"inLanguage\":\"fr-FR\",\"@id\":\"https:\/\/secure.gravatar.com\/avatar\/3a0be343b445d2ccc79e87444a294fad2b232e90d2051d0e3cc219e1ecd6a330?s=96&d=mm&r=g\",\"url\":\"https:\/\/secure.gravatar.com\/avatar\/3a0be343b445d2ccc79e87444a294fad2b232e90d2051d0e3cc219e1ecd6a330?s=96&d=mm&r=g\",\"contentUrl\":\"https:\/\/secure.gravatar.com\/avatar\/3a0be343b445d2ccc79e87444a294fad2b232e90d2051d0e3cc219e1ecd6a330?s=96&d=mm&r=g\",\"caption\":\"mru_01\"},\"url\":\"https:\/\/ismfrance.org\/index.php\/author\/admin02\/\"}]}<\/script>\n<!-- \/ Yoast SEO plugin. -->","yoast_head_json":{"title":"Le d\u00e9sespoir croissant de l\u2019AIPAC - International Solidarity Movement - ISM-France","robots":{"index":"index","follow":"follow","max-snippet":"max-snippet:-1","max-image-preview":"max-image-preview:large","max-video-preview":"max-video-preview:-1"},"canonical":"https:\/\/ismfrance.org\/index.php\/2024\/08\/12\/le-desespoir-croissant-de-laipac\/","og_locale":"fr_FR","og_type":"article","og_title":"Le d\u00e9sespoir croissant de l\u2019AIPAC - International Solidarity Movement - ISM-France","og_description":"Rami G. Khouri, 11 ao\u00fbt 2024. A l\u2019approche des \u00e9lections de novembre aux \u00c9tats-Unis, la dynamique politique li\u00e9e \u00e0 Isra\u00ebl\/Palestine continue d\u2019influencer les d\u00e9veloppements cl\u00e9s de la sc\u00e8ne politique am\u00e9ricaine. Lire la suite &rarr;","og_url":"https:\/\/ismfrance.org\/index.php\/2024\/08\/12\/le-desespoir-croissant-de-laipac\/","og_site_name":"International Solidarity Movement - ISM-France","article_published_time":"2024-08-12T06:41:28+00:00","og_image":[{"width":2048,"height":1536,"url":"https:\/\/ismfrance.org\/wp-content\/uploads\/2024\/08\/manif-Universite-de-lIllinois-Chicago-janvier-2024.jpeg","type":"image\/jpeg"}],"author":"mru_01","twitter_card":"summary_large_image","twitter_creator":"@ISMFRANCE","twitter_site":"@ISMFRANCE","twitter_misc":{"\u00c9crit par":"mru_01","Dur\u00e9e de lecture estim\u00e9e":"8 minutes"},"schema":{"@context":"https:\/\/schema.org","@graph":[{"@type":"Article","@id":"https:\/\/ismfrance.org\/index.php\/2024\/08\/12\/le-desespoir-croissant-de-laipac\/#article","isPartOf":{"@id":"https:\/\/ismfrance.org\/index.php\/2024\/08\/12\/le-desespoir-croissant-de-laipac\/"},"author":{"name":"mru_01","@id":"https:\/\/ismfrance.org\/#\/schema\/person\/3c411eb72adfaae19c0dca1f41fae01d"},"headline":"Le d\u00e9sespoir croissant de l\u2019AIPAC","datePublished":"2024-08-12T06:41:28+00:00","mainEntityOfPage":{"@id":"https:\/\/ismfrance.org\/index.php\/2024\/08\/12\/le-desespoir-croissant-de-laipac\/"},"wordCount":1533,"publisher":{"@id":"https:\/\/ismfrance.org\/#organization"},"image":{"@id":"https:\/\/ismfrance.org\/index.php\/2024\/08\/12\/le-desespoir-croissant-de-laipac\/#primaryimage"},"thumbnailUrl":"https:\/\/ismfrance.org\/wp-content\/uploads\/2024\/08\/manif-Universite-de-lIllinois-Chicago-janvier-2024.jpeg","keywords":["Elections","Sionisme"],"articleSection":["Analyses","Articles"],"inLanguage":"fr-FR"},{"@type":"WebPage","@id":"https:\/\/ismfrance.org\/index.php\/2024\/08\/12\/le-desespoir-croissant-de-laipac\/","url":"https:\/\/ismfrance.org\/index.php\/2024\/08\/12\/le-desespoir-croissant-de-laipac\/","name":"Le d\u00e9sespoir croissant de l\u2019AIPAC - International Solidarity Movement - ISM-France","isPartOf":{"@id":"https:\/\/ismfrance.org\/#website"},"primaryImageOfPage":{"@id":"https:\/\/ismfrance.org\/index.php\/2024\/08\/12\/le-desespoir-croissant-de-laipac\/#primaryimage"},"image":{"@id":"https:\/\/ismfrance.org\/index.php\/2024\/08\/12\/le-desespoir-croissant-de-laipac\/#primaryimage"},"thumbnailUrl":"https:\/\/ismfrance.org\/wp-content\/uploads\/2024\/08\/manif-Universite-de-lIllinois-Chicago-janvier-2024.jpeg","datePublished":"2024-08-12T06:41:28+00:00","breadcrumb":{"@id":"https:\/\/ismfrance.org\/index.php\/2024\/08\/12\/le-desespoir-croissant-de-laipac\/#breadcrumb"},"inLanguage":"fr-FR","potentialAction":[{"@type":"ReadAction","target":["https:\/\/ismfrance.org\/index.php\/2024\/08\/12\/le-desespoir-croissant-de-laipac\/"]}]},{"@type":"ImageObject","inLanguage":"fr-FR","@id":"https:\/\/ismfrance.org\/index.php\/2024\/08\/12\/le-desespoir-croissant-de-laipac\/#primaryimage","url":"https:\/\/ismfrance.org\/wp-content\/uploads\/2024\/08\/manif-Universite-de-lIllinois-Chicago-janvier-2024.jpeg","contentUrl":"https:\/\/ismfrance.org\/wp-content\/uploads\/2024\/08\/manif-Universite-de-lIllinois-Chicago-janvier-2024.jpeg","width":2048,"height":1536,"caption":"manif Universit\u00e9 de l'Illinois, Chicago janvier 2024"},{"@type":"BreadcrumbList","@id":"https:\/\/ismfrance.org\/index.php\/2024\/08\/12\/le-desespoir-croissant-de-laipac\/#breadcrumb","itemListElement":[{"@type":"ListItem","position":1,"name":"Accueil","item":"https:\/\/ismfrance.org\/"},{"@type":"ListItem","position":2,"name":"Le d\u00e9sespoir croissant de l\u2019AIPAC"}]},{"@type":"WebSite","@id":"https:\/\/ismfrance.org\/#website","url":"https:\/\/ismfrance.org\/","name":"ISM Palestine France","description":"Soutien aux luttes de lib\u00e9ration du peuple palestinien","publisher":{"@id":"https:\/\/ismfrance.org\/#organization"},"potentialAction":[{"@type":"SearchAction","target":{"@type":"EntryPoint","urlTemplate":"https:\/\/ismfrance.org\/?s={search_term_string}"},"query-input":{"@type":"PropertyValueSpecification","valueRequired":true,"valueName":"search_term_string"}}],"inLanguage":"fr-FR"},{"@type":"Organization","@id":"https:\/\/ismfrance.org\/#organization","name":"International Solidarity Movement","url":"https:\/\/ismfrance.org\/","logo":{"@type":"ImageObject","inLanguage":"fr-FR","@id":"https:\/\/ismfrance.org\/#\/schema\/logo\/image\/","url":"https:\/\/ismfrance.org\/wp-content\/uploads\/2020\/12\/00.png","contentUrl":"https:\/\/ismfrance.org\/wp-content\/uploads\/2020\/12\/00.png","width":400,"height":400,"caption":"International Solidarity Movement"},"image":{"@id":"https:\/\/ismfrance.org\/#\/schema\/logo\/image\/"},"sameAs":["https:\/\/x.com\/ISMFRANCE"]},{"@type":"Person","@id":"https:\/\/ismfrance.org\/#\/schema\/person\/3c411eb72adfaae19c0dca1f41fae01d","name":"mru_01","image":{"@type":"ImageObject","inLanguage":"fr-FR","@id":"https:\/\/secure.gravatar.com\/avatar\/3a0be343b445d2ccc79e87444a294fad2b232e90d2051d0e3cc219e1ecd6a330?s=96&d=mm&r=g","url":"https:\/\/secure.gravatar.com\/avatar\/3a0be343b445d2ccc79e87444a294fad2b232e90d2051d0e3cc219e1ecd6a330?s=96&d=mm&r=g","contentUrl":"https:\/\/secure.gravatar.com\/avatar\/3a0be343b445d2ccc79e87444a294fad2b232e90d2051d0e3cc219e1ecd6a330?s=96&d=mm&r=g","caption":"mru_01"},"url":"https:\/\/ismfrance.org\/index.php\/author\/admin02\/"}]}},"_links":{"self":[{"href":"https:\/\/ismfrance.org\/index.php\/wp-json\/wp\/v2\/posts\/13677","targetHints":{"allow":["GET"]}}],"collection":[{"href":"https:\/\/ismfrance.org\/index.php\/wp-json\/wp\/v2\/posts"}],"about":[{"href":"https:\/\/ismfrance.org\/index.php\/wp-json\/wp\/v2\/types\/post"}],"author":[{"embeddable":true,"href":"https:\/\/ismfrance.org\/index.php\/wp-json\/wp\/v2\/users\/3"}],"replies":[{"embeddable":true,"href":"https:\/\/ismfrance.org\/index.php\/wp-json\/wp\/v2\/comments?post=13677"}],"version-history":[{"count":0,"href":"https:\/\/ismfrance.org\/index.php\/wp-json\/wp\/v2\/posts\/13677\/revisions"}],"wp:featuredmedia":[{"embeddable":true,"href":"https:\/\/ismfrance.org\/index.php\/wp-json\/wp\/v2\/media\/13681"}],"wp:attachment":[{"href":"https:\/\/ismfrance.org\/index.php\/wp-json\/wp\/v2\/media?parent=13677"}],"wp:term":[{"taxonomy":"category","embeddable":true,"href":"https:\/\/ismfrance.org\/index.php\/wp-json\/wp\/v2\/categories?post=13677"},{"taxonomy":"post_tag","embeddable":true,"href":"https:\/\/ismfrance.org\/index.php\/wp-json\/wp\/v2\/tags?post=13677"}],"curies":[{"name":"wp","href":"https:\/\/api.w.org\/{rel}","templated":true}]}}