{"id":13574,"date":"2024-08-07T15:31:39","date_gmt":"2024-08-07T13:31:39","guid":{"rendered":"https:\/\/ismfrance.org\/?p=13574"},"modified":"2024-08-07T15:31:39","modified_gmt":"2024-08-07T13:31:39","slug":"yahya-sinwar-cet-ancien-detenu-craint-par-israel-devient-le-chef-du-hamas","status":"publish","type":"post","link":"https:\/\/ismfrance.org\/index.php\/2024\/08\/07\/yahya-sinwar-cet-ancien-detenu-craint-par-israel-devient-le-chef-du-hamas\/","title":{"rendered":"Yahya Sinwar : cet ancien d\u00e9tenu, craint par Isra\u00ebl, devient le chef du Hamas"},"content":{"rendered":"<p><strong>QNN, 6 ao\u00fbt 2024.<\/strong> C&rsquo;est \u00e0 16h35 que le soldat Isra\u00e9lien, Gilad Shalit, quelque peu fatigu\u00e9, s&rsquo;est trouv\u00e9 dans une situation p\u00e9rilleuse. Malgr\u00e9 les avertissements clairs des services de renseignement sur une potentielle infiltration des combattants du Hamas, Shalit, pris au d\u00e9pourvu lors d&rsquo;une courte sieste, a fait face \u00e0 une redoutable attaque \u00e0 la roquette. D&rsquo;autres soldats ont p\u00e9ri dans l&#8217;embuscade, mais Shalit, malgr\u00e9 sa panique, a \u00e9t\u00e9 captur\u00e9 par des combattants du Hamas. Cette capture, qui a conduit \u00e0 la longue captivit\u00e9 de Shalit, a constitu\u00e9 un \u00e9v\u00e9nement critique r\u00e9v\u00e9lant l&rsquo;influence croissante de Yahya Sinwar.<\/p>\n<p><a href=\"https:\/\/ismfrance.org\/wp-content\/uploads\/2024\/08\/yahya.jpg\"><img loading=\"lazy\" decoding=\"async\" class=\"alignnone size-large wp-image-13576\" src=\"https:\/\/ismfrance.org\/wp-content\/uploads\/2024\/08\/yahya-700x438.jpg\" alt=\"\" width=\"600\" height=\"375\" srcset=\"https:\/\/ismfrance.org\/wp-content\/uploads\/2024\/08\/yahya-700x438.jpg 700w, https:\/\/ismfrance.org\/wp-content\/uploads\/2024\/08\/yahya-300x188.jpg 300w, https:\/\/ismfrance.org\/wp-content\/uploads\/2024\/08\/yahya-768x480.jpg 768w, https:\/\/ismfrance.org\/wp-content\/uploads\/2024\/08\/yahya-750x470.jpg 750w, https:\/\/ismfrance.org\/wp-content\/uploads\/2024\/08\/yahya-640x401.jpg 640w, https:\/\/ismfrance.org\/wp-content\/uploads\/2024\/08\/yahya.jpg 1280w\" sizes=\"auto, (max-width: 600px) 100vw, 600px\" \/><\/a><\/p>\n<p>N\u00e9 le 7 octobre 1962, dans le camp de r\u00e9fugi\u00e9s de Khan Youn\u00e8s, dans la bande de Gaza, les premi\u00e8res ann\u00e9es de la vie de Sinwar ont \u00e9t\u00e9 difficiles. En 1948, l&rsquo;arm\u00e9e isra\u00e9lienne avait chass\u00e9 sa famille de leur ville, Majdal (rebaptis\u00e9e Ashkelon par les sionistes). Grandissant au milieu des dures r\u00e9alit\u00e9s des camps de r\u00e9fugi\u00e9s, Sinwar a \u00e9t\u00e9 profond\u00e9ment affect\u00e9 par les agressions r\u00e9p\u00e9t\u00e9es de l&rsquo;occupation isra\u00e9lienne.<\/p>\n<p>Le parcours universitaire de Sinwar \u00e0 l&rsquo;universit\u00e9 islamique de Gaza, o\u00f9 il a obtenu un dipl\u00f4me d&rsquo;\u00e9tudes arabes, a \u00e9t\u00e9 marqu\u00e9 par son engagement actif dans les mouvements politiques \u00e9tudiants. En tant que leader du Bloc islamique, branche \u00e9tudiante des Fr\u00e8res musulmans en Palestine, Sinwar a d\u00e9velopp\u00e9 ses qualit\u00e9s de dirigeant. Ceci l&rsquo;a pr\u00e9par\u00e9 \u00e0 ses futures fonctions au sein du Hamas. C&rsquo;est lors de ce s\u00e9jour \u00e0 l&rsquo;universit\u00e9 que s&rsquo;est r\u00e9v\u00e9l\u00e9 son esprit strat\u00e9gique, jetant les bases de ses contributions ult\u00e9rieures.<\/p>\n<p>En 1986, Sinwar, avec Khaled Hindi et Rawhi Mshata, a \u00e9tabli les \u00ab Moudjahidines \u00bb, appareil de s\u00e9curit\u00e9 sous la direction du Cheikh Ahmed Yassine. Cette organisation, qui deviendrait l&rsquo;organe de s\u00e9curit\u00e9 et de d\u00e9fense \u00ab Majd \u00bb, visait \u00e0 identifier et \u00e0 combattre ceux qui collaboraient avec Isra\u00ebl. Le leadership de Sinwar dans ce domaine a \u00e9t\u00e9 d\u00e9terminant, car il a jet\u00e9 les bases de l&rsquo;infrastructure de s\u00e9curit\u00e9 interne du Hamas.<\/p>\n<p>En 1982, la premi\u00e8re arrestation de Sinwar a marqu\u00e9 le d\u00e9but d&rsquo;une longue p\u00e9riode de d\u00e9tention. Il a d&rsquo;abord \u00e9t\u00e9 condamn\u00e9 \u00e0 six mois pour avoir particip\u00e9 \u00e0 des \u00ab activit\u00e9s attentant \u00e0 la s\u00e9curit\u00e9 d&rsquo;Isra\u00ebl \u00bb, mais ce n&rsquo;\u00e9tait que le d\u00e9but. En janvier 1988, il a \u00e9t\u00e9 condamn\u00e9 \u00e0 la perp\u00e9tuit\u00e9 pour de multiples chefs d&rsquo;accusation, dont la mise en place d&rsquo;un appareil de s\u00e9curit\u00e9 et la participation \u00e0 l&rsquo;aile militaire du mouvement. Les 23 ann\u00e9es pass\u00e9es dans les prisons isra\u00e9liennes ont \u00e9t\u00e9 marqu\u00e9es par sa r\u00e9silience, la planification strat\u00e9gique, et une compr\u00e9hension profonde de la soci\u00e9t\u00e9 et des mesures de s\u00e9curit\u00e9 isra\u00e9liennes.<\/p>\n<p>Au cours de son incarc\u00e9ration, Sinwar acquiert une formidable force intellectuelle. Il ma\u00eetrise l&rsquo;h\u00e9breu, \u00e9tudie les pratiques s\u00e9curitaires isra\u00e9liennes et r\u00e9dige plusieurs ouvrages, dont des traductions de textes cl\u00e9s isra\u00e9liens ainsi que ses propres analyses sur le Hamas et la s\u00e9curit\u00e9 isra\u00e9lienne. Ses \u00e9crits, comme \u00ab Hamas : exp\u00e9rience et erreurs \u00bb et \u00ab Majd \u00bb, t\u00e9moignent d&rsquo;une grande perspicacit\u00e9 sur les strat\u00e9gies du mouvement et les tactiques de ses adversaires.<\/p>\n<p>Apr\u00e8s sa lib\u00e9ration dans le cadre de l&rsquo;accord d&rsquo;\u00e9change de prisonniers de 2011, Sinwar s&rsquo;est rapidement r\u00e9affirm\u00e9 au sein du Hamas. Il a \u00e9t\u00e9 \u00e9lu au bureau politique du mouvement en 2012 et a pris la t\u00eate de son aile militaire, les Brigades al-Qassam. Son sens de la strat\u00e9gie s&rsquo;est confirm\u00e9 dans sa gestion de la coordination entre les branches politiques et militaires du Hamas pendant la guerre contre Gaza en 2014. La capacit\u00e9 de Sinwar \u00e0 diriger et int\u00e9grer les diverses factions du mouvement a \u00e9t\u00e9 d\u00e9terminante dans la r\u00e9ponse du Hamas \u00e0 l&rsquo;agression isra\u00e9lienne.<\/p>\n<p>Sinwar est un dirigeant qui se distingue par son pragmatisme et sa clairvoyance strat\u00e9gique. Bien que consid\u00e9r\u00e9 comme partisan d&rsquo;une ligne dure et comme figure cl\u00e9 des efforts de r\u00e9sistance du Hamas, il a aussi montr\u00e9 sa capacit\u00e9 \u00e0 faire preuve de diplomatie. Ses tentatives pour combler le foss\u00e9 entre le Hamas et l&rsquo;Autorit\u00e9 palestinienne, ainsi que ses efforts pour am\u00e9liorer les relations avec l&rsquo;\u00c9gypte, t\u00e9moignent de son approche nuanc\u00e9e en mati\u00e8re de direction.<\/p>\n<p>Ces derni\u00e8res ann\u00e9es, le r\u00f4le de Sinwar dans l&rsquo;orchestration d&rsquo;op\u00e9rations importantes, notamment l&rsquo;op\u00e9ration \u00ab D\u00e9luge d&rsquo;Al-Aqsa \u00bb du 7 octobre 2023, a consolid\u00e9 sa r\u00e9putation de cerveau strat\u00e9gique. Cette op\u00e9ration, qui a fait de nombreuses victimes et a \u00e9branl\u00e9 les services de renseignement et de s\u00e9curit\u00e9 isra\u00e9liens, a d\u00e9montr\u00e9 la capacit\u00e9 de Sinwar \u00e0 mettre en \u0153uvre des strat\u00e9gies militaires complexes et efficaces. Depuis, le gouvernement isra\u00e9lien l&rsquo;a d\u00e9sign\u00e9 comme cible privil\u00e9gi\u00e9e dans ses campagnes militaires, soulignant ainsi la menace que Sinwar fait peser sur ses objectifs de s\u00e9curit\u00e9.<\/p>\n<p>Le pouvoir de Yahia Sinwar d\u00e9passe les fronti\u00e8res du champ de bataille. Fort de sa capacit\u00e9 \u00e0 inspirer et \u00e0 diriger au sein du Hamas, combin\u00e9e \u00e0 sa vision strat\u00e9gique et \u00e0 ses engagements diplomatiques, il est devenu une figure centrale de la r\u00e9sistance actuelle contre Isra\u00ebl. Ses qualit\u00e9s de dirigeant se caract\u00e9risent par un m\u00e9lange de rigueur intellectuelle, de profondeur strat\u00e9gique et d&rsquo;engagement in\u00e9branlable en faveur de la r\u00e9sistance, faisant de lui un adversaire redoutable et un acteur cl\u00e9 dans le paysage politique complexe de la r\u00e9gion.<\/p>\n<pre><em>Article original en anglais paru sur <a href=\"https:\/\/qudsnen.co\/?p=46224\">Quds News Network<\/a> \/ Traduction Chris &amp; Dine<\/em><\/pre>\n","protected":false},"excerpt":{"rendered":"<p>QNN, 6 ao\u00fbt 2024. C&rsquo;est \u00e0 16h35 que le soldat Isra\u00e9lien, Gilad Shalit, quelque peu fatigu\u00e9, s&rsquo;est trouv\u00e9 dans une situation p\u00e9rilleuse. Malgr\u00e9 les avertissements clairs des services de renseignement <a class=\"more-link\" href=\"https:\/\/ismfrance.org\/index.php\/2024\/08\/07\/yahya-sinwar-cet-ancien-detenu-craint-par-israel-devient-le-chef-du-hamas\/\">Lire la suite &rarr;<\/a><\/p>\n","protected":false},"author":3,"featured_media":13576,"comment_status":"closed","ping_status":"closed","sticky":false,"template":"","format":"standard","meta":{"footnotes":""},"categories":[12,2],"tags":[3],"class_list":["post-13574","post","type-post","status-publish","format-standard","has-post-thumbnail","hentry","category-analyses","category-articles","tag-resistance"],"yoast_head":"<!-- This site is optimized with the Yoast SEO plugin v27.2 - https:\/\/yoast.com\/product\/yoast-seo-wordpress\/ -->\n<title>Yahya Sinwar : cet ancien d\u00e9tenu, craint par Isra\u00ebl, devient le chef du Hamas - International Solidarity Movement - ISM-France<\/title>\n<meta name=\"robots\" content=\"index, follow, max-snippet:-1, max-image-preview:large, max-video-preview:-1\" \/>\n<link rel=\"canonical\" href=\"https:\/\/ismfrance.org\/index.php\/2024\/08\/07\/yahya-sinwar-cet-ancien-detenu-craint-par-israel-devient-le-chef-du-hamas\/\" \/>\n<meta property=\"og:locale\" content=\"fr_FR\" \/>\n<meta property=\"og:type\" content=\"article\" \/>\n<meta property=\"og:title\" content=\"Yahya Sinwar : cet ancien d\u00e9tenu, craint par Isra\u00ebl, devient le chef du Hamas - International Solidarity Movement - ISM-France\" \/>\n<meta property=\"og:description\" content=\"QNN, 6 ao\u00fbt 2024. C&rsquo;est \u00e0 16h35 que le soldat Isra\u00e9lien, Gilad Shalit, quelque peu fatigu\u00e9, s&rsquo;est trouv\u00e9 dans une situation p\u00e9rilleuse. Malgr\u00e9 les avertissements clairs des services de renseignement Lire la suite &rarr;\" \/>\n<meta property=\"og:url\" content=\"https:\/\/ismfrance.org\/index.php\/2024\/08\/07\/yahya-sinwar-cet-ancien-detenu-craint-par-israel-devient-le-chef-du-hamas\/\" \/>\n<meta property=\"og:site_name\" content=\"International Solidarity Movement - ISM-France\" \/>\n<meta property=\"article:published_time\" content=\"2024-08-07T13:31:39+00:00\" \/>\n<meta property=\"og:image\" content=\"https:\/\/ismfrance.org\/wp-content\/uploads\/2024\/08\/yahya.jpg\" \/>\n\t<meta property=\"og:image:width\" content=\"1280\" \/>\n\t<meta property=\"og:image:height\" content=\"800\" \/>\n\t<meta property=\"og:image:type\" content=\"image\/jpeg\" \/>\n<meta name=\"author\" content=\"mru_01\" \/>\n<meta name=\"twitter:card\" content=\"summary_large_image\" \/>\n<meta name=\"twitter:creator\" content=\"@ISMFRANCE\" \/>\n<meta name=\"twitter:site\" content=\"@ISMFRANCE\" \/>\n<meta name=\"twitter:label1\" content=\"\u00c9crit par\" \/>\n\t<meta name=\"twitter:data1\" content=\"mru_01\" \/>\n\t<meta name=\"twitter:label2\" content=\"Dur\u00e9e de lecture estim\u00e9e\" \/>\n\t<meta name=\"twitter:data2\" content=\"5 minutes\" \/>\n<script type=\"application\/ld+json\" class=\"yoast-schema-graph\">{\"@context\":\"https:\/\/schema.org\",\"@graph\":[{\"@type\":\"Article\",\"@id\":\"https:\/\/ismfrance.org\/index.php\/2024\/08\/07\/yahya-sinwar-cet-ancien-detenu-craint-par-israel-devient-le-chef-du-hamas\/#article\",\"isPartOf\":{\"@id\":\"https:\/\/ismfrance.org\/index.php\/2024\/08\/07\/yahya-sinwar-cet-ancien-detenu-craint-par-israel-devient-le-chef-du-hamas\/\"},\"author\":{\"name\":\"mru_01\",\"@id\":\"https:\/\/ismfrance.org\/#\/schema\/person\/3c411eb72adfaae19c0dca1f41fae01d\"},\"headline\":\"Yahya Sinwar : cet ancien d\u00e9tenu, craint par Isra\u00ebl, devient le chef du Hamas\",\"datePublished\":\"2024-08-07T13:31:39+00:00\",\"mainEntityOfPage\":{\"@id\":\"https:\/\/ismfrance.org\/index.php\/2024\/08\/07\/yahya-sinwar-cet-ancien-detenu-craint-par-israel-devient-le-chef-du-hamas\/\"},\"wordCount\":968,\"publisher\":{\"@id\":\"https:\/\/ismfrance.org\/#organization\"},\"image\":{\"@id\":\"https:\/\/ismfrance.org\/index.php\/2024\/08\/07\/yahya-sinwar-cet-ancien-detenu-craint-par-israel-devient-le-chef-du-hamas\/#primaryimage\"},\"thumbnailUrl\":\"https:\/\/ismfrance.org\/wp-content\/uploads\/2024\/08\/yahya.jpg\",\"keywords\":[\"R\u00e9sistance\"],\"articleSection\":[\"Analyses\",\"Articles\"],\"inLanguage\":\"fr-FR\"},{\"@type\":\"WebPage\",\"@id\":\"https:\/\/ismfrance.org\/index.php\/2024\/08\/07\/yahya-sinwar-cet-ancien-detenu-craint-par-israel-devient-le-chef-du-hamas\/\",\"url\":\"https:\/\/ismfrance.org\/index.php\/2024\/08\/07\/yahya-sinwar-cet-ancien-detenu-craint-par-israel-devient-le-chef-du-hamas\/\",\"name\":\"Yahya Sinwar : cet ancien d\u00e9tenu, craint par Isra\u00ebl, devient le chef du Hamas - International Solidarity Movement - ISM-France\",\"isPartOf\":{\"@id\":\"https:\/\/ismfrance.org\/#website\"},\"primaryImageOfPage\":{\"@id\":\"https:\/\/ismfrance.org\/index.php\/2024\/08\/07\/yahya-sinwar-cet-ancien-detenu-craint-par-israel-devient-le-chef-du-hamas\/#primaryimage\"},\"image\":{\"@id\":\"https:\/\/ismfrance.org\/index.php\/2024\/08\/07\/yahya-sinwar-cet-ancien-detenu-craint-par-israel-devient-le-chef-du-hamas\/#primaryimage\"},\"thumbnailUrl\":\"https:\/\/ismfrance.org\/wp-content\/uploads\/2024\/08\/yahya.jpg\",\"datePublished\":\"2024-08-07T13:31:39+00:00\",\"breadcrumb\":{\"@id\":\"https:\/\/ismfrance.org\/index.php\/2024\/08\/07\/yahya-sinwar-cet-ancien-detenu-craint-par-israel-devient-le-chef-du-hamas\/#breadcrumb\"},\"inLanguage\":\"fr-FR\",\"potentialAction\":[{\"@type\":\"ReadAction\",\"target\":[\"https:\/\/ismfrance.org\/index.php\/2024\/08\/07\/yahya-sinwar-cet-ancien-detenu-craint-par-israel-devient-le-chef-du-hamas\/\"]}]},{\"@type\":\"ImageObject\",\"inLanguage\":\"fr-FR\",\"@id\":\"https:\/\/ismfrance.org\/index.php\/2024\/08\/07\/yahya-sinwar-cet-ancien-detenu-craint-par-israel-devient-le-chef-du-hamas\/#primaryimage\",\"url\":\"https:\/\/ismfrance.org\/wp-content\/uploads\/2024\/08\/yahya.jpg\",\"contentUrl\":\"https:\/\/ismfrance.org\/wp-content\/uploads\/2024\/08\/yahya.jpg\",\"width\":1280,\"height\":800},{\"@type\":\"BreadcrumbList\",\"@id\":\"https:\/\/ismfrance.org\/index.php\/2024\/08\/07\/yahya-sinwar-cet-ancien-detenu-craint-par-israel-devient-le-chef-du-hamas\/#breadcrumb\",\"itemListElement\":[{\"@type\":\"ListItem\",\"position\":1,\"name\":\"Accueil\",\"item\":\"https:\/\/ismfrance.org\/\"},{\"@type\":\"ListItem\",\"position\":2,\"name\":\"Yahya Sinwar : cet ancien d\u00e9tenu, craint par Isra\u00ebl, devient le chef du Hamas\"}]},{\"@type\":\"WebSite\",\"@id\":\"https:\/\/ismfrance.org\/#website\",\"url\":\"https:\/\/ismfrance.org\/\",\"name\":\"ISM Palestine France\",\"description\":\"Soutien aux luttes de lib\u00e9ration du peuple palestinien\",\"publisher\":{\"@id\":\"https:\/\/ismfrance.org\/#organization\"},\"potentialAction\":[{\"@type\":\"SearchAction\",\"target\":{\"@type\":\"EntryPoint\",\"urlTemplate\":\"https:\/\/ismfrance.org\/?s={search_term_string}\"},\"query-input\":{\"@type\":\"PropertyValueSpecification\",\"valueRequired\":true,\"valueName\":\"search_term_string\"}}],\"inLanguage\":\"fr-FR\"},{\"@type\":\"Organization\",\"@id\":\"https:\/\/ismfrance.org\/#organization\",\"name\":\"International Solidarity Movement\",\"url\":\"https:\/\/ismfrance.org\/\",\"logo\":{\"@type\":\"ImageObject\",\"inLanguage\":\"fr-FR\",\"@id\":\"https:\/\/ismfrance.org\/#\/schema\/logo\/image\/\",\"url\":\"https:\/\/ismfrance.org\/wp-content\/uploads\/2020\/12\/00.png\",\"contentUrl\":\"https:\/\/ismfrance.org\/wp-content\/uploads\/2020\/12\/00.png\",\"width\":400,\"height\":400,\"caption\":\"International Solidarity Movement\"},\"image\":{\"@id\":\"https:\/\/ismfrance.org\/#\/schema\/logo\/image\/\"},\"sameAs\":[\"https:\/\/x.com\/ISMFRANCE\"]},{\"@type\":\"Person\",\"@id\":\"https:\/\/ismfrance.org\/#\/schema\/person\/3c411eb72adfaae19c0dca1f41fae01d\",\"name\":\"mru_01\",\"image\":{\"@type\":\"ImageObject\",\"inLanguage\":\"fr-FR\",\"@id\":\"https:\/\/secure.gravatar.com\/avatar\/3a0be343b445d2ccc79e87444a294fad2b232e90d2051d0e3cc219e1ecd6a330?s=96&d=mm&r=g\",\"url\":\"https:\/\/secure.gravatar.com\/avatar\/3a0be343b445d2ccc79e87444a294fad2b232e90d2051d0e3cc219e1ecd6a330?s=96&d=mm&r=g\",\"contentUrl\":\"https:\/\/secure.gravatar.com\/avatar\/3a0be343b445d2ccc79e87444a294fad2b232e90d2051d0e3cc219e1ecd6a330?s=96&d=mm&r=g\",\"caption\":\"mru_01\"},\"url\":\"https:\/\/ismfrance.org\/index.php\/author\/admin02\/\"}]}<\/script>\n<!-- \/ Yoast SEO plugin. -->","yoast_head_json":{"title":"Yahya Sinwar : cet ancien d\u00e9tenu, craint par Isra\u00ebl, devient le chef du Hamas - International Solidarity Movement - ISM-France","robots":{"index":"index","follow":"follow","max-snippet":"max-snippet:-1","max-image-preview":"max-image-preview:large","max-video-preview":"max-video-preview:-1"},"canonical":"https:\/\/ismfrance.org\/index.php\/2024\/08\/07\/yahya-sinwar-cet-ancien-detenu-craint-par-israel-devient-le-chef-du-hamas\/","og_locale":"fr_FR","og_type":"article","og_title":"Yahya Sinwar : cet ancien d\u00e9tenu, craint par Isra\u00ebl, devient le chef du Hamas - International Solidarity Movement - ISM-France","og_description":"QNN, 6 ao\u00fbt 2024. C&rsquo;est \u00e0 16h35 que le soldat Isra\u00e9lien, Gilad Shalit, quelque peu fatigu\u00e9, s&rsquo;est trouv\u00e9 dans une situation p\u00e9rilleuse. Malgr\u00e9 les avertissements clairs des services de renseignement Lire la suite &rarr;","og_url":"https:\/\/ismfrance.org\/index.php\/2024\/08\/07\/yahya-sinwar-cet-ancien-detenu-craint-par-israel-devient-le-chef-du-hamas\/","og_site_name":"International Solidarity Movement - ISM-France","article_published_time":"2024-08-07T13:31:39+00:00","og_image":[{"width":1280,"height":800,"url":"https:\/\/ismfrance.org\/wp-content\/uploads\/2024\/08\/yahya.jpg","type":"image\/jpeg"}],"author":"mru_01","twitter_card":"summary_large_image","twitter_creator":"@ISMFRANCE","twitter_site":"@ISMFRANCE","twitter_misc":{"\u00c9crit par":"mru_01","Dur\u00e9e de lecture estim\u00e9e":"5 minutes"},"schema":{"@context":"https:\/\/schema.org","@graph":[{"@type":"Article","@id":"https:\/\/ismfrance.org\/index.php\/2024\/08\/07\/yahya-sinwar-cet-ancien-detenu-craint-par-israel-devient-le-chef-du-hamas\/#article","isPartOf":{"@id":"https:\/\/ismfrance.org\/index.php\/2024\/08\/07\/yahya-sinwar-cet-ancien-detenu-craint-par-israel-devient-le-chef-du-hamas\/"},"author":{"name":"mru_01","@id":"https:\/\/ismfrance.org\/#\/schema\/person\/3c411eb72adfaae19c0dca1f41fae01d"},"headline":"Yahya Sinwar : cet ancien d\u00e9tenu, craint par Isra\u00ebl, devient le chef du Hamas","datePublished":"2024-08-07T13:31:39+00:00","mainEntityOfPage":{"@id":"https:\/\/ismfrance.org\/index.php\/2024\/08\/07\/yahya-sinwar-cet-ancien-detenu-craint-par-israel-devient-le-chef-du-hamas\/"},"wordCount":968,"publisher":{"@id":"https:\/\/ismfrance.org\/#organization"},"image":{"@id":"https:\/\/ismfrance.org\/index.php\/2024\/08\/07\/yahya-sinwar-cet-ancien-detenu-craint-par-israel-devient-le-chef-du-hamas\/#primaryimage"},"thumbnailUrl":"https:\/\/ismfrance.org\/wp-content\/uploads\/2024\/08\/yahya.jpg","keywords":["R\u00e9sistance"],"articleSection":["Analyses","Articles"],"inLanguage":"fr-FR"},{"@type":"WebPage","@id":"https:\/\/ismfrance.org\/index.php\/2024\/08\/07\/yahya-sinwar-cet-ancien-detenu-craint-par-israel-devient-le-chef-du-hamas\/","url":"https:\/\/ismfrance.org\/index.php\/2024\/08\/07\/yahya-sinwar-cet-ancien-detenu-craint-par-israel-devient-le-chef-du-hamas\/","name":"Yahya Sinwar : cet ancien d\u00e9tenu, craint par Isra\u00ebl, devient le chef du Hamas - International Solidarity Movement - ISM-France","isPartOf":{"@id":"https:\/\/ismfrance.org\/#website"},"primaryImageOfPage":{"@id":"https:\/\/ismfrance.org\/index.php\/2024\/08\/07\/yahya-sinwar-cet-ancien-detenu-craint-par-israel-devient-le-chef-du-hamas\/#primaryimage"},"image":{"@id":"https:\/\/ismfrance.org\/index.php\/2024\/08\/07\/yahya-sinwar-cet-ancien-detenu-craint-par-israel-devient-le-chef-du-hamas\/#primaryimage"},"thumbnailUrl":"https:\/\/ismfrance.org\/wp-content\/uploads\/2024\/08\/yahya.jpg","datePublished":"2024-08-07T13:31:39+00:00","breadcrumb":{"@id":"https:\/\/ismfrance.org\/index.php\/2024\/08\/07\/yahya-sinwar-cet-ancien-detenu-craint-par-israel-devient-le-chef-du-hamas\/#breadcrumb"},"inLanguage":"fr-FR","potentialAction":[{"@type":"ReadAction","target":["https:\/\/ismfrance.org\/index.php\/2024\/08\/07\/yahya-sinwar-cet-ancien-detenu-craint-par-israel-devient-le-chef-du-hamas\/"]}]},{"@type":"ImageObject","inLanguage":"fr-FR","@id":"https:\/\/ismfrance.org\/index.php\/2024\/08\/07\/yahya-sinwar-cet-ancien-detenu-craint-par-israel-devient-le-chef-du-hamas\/#primaryimage","url":"https:\/\/ismfrance.org\/wp-content\/uploads\/2024\/08\/yahya.jpg","contentUrl":"https:\/\/ismfrance.org\/wp-content\/uploads\/2024\/08\/yahya.jpg","width":1280,"height":800},{"@type":"BreadcrumbList","@id":"https:\/\/ismfrance.org\/index.php\/2024\/08\/07\/yahya-sinwar-cet-ancien-detenu-craint-par-israel-devient-le-chef-du-hamas\/#breadcrumb","itemListElement":[{"@type":"ListItem","position":1,"name":"Accueil","item":"https:\/\/ismfrance.org\/"},{"@type":"ListItem","position":2,"name":"Yahya Sinwar : cet ancien d\u00e9tenu, craint par Isra\u00ebl, devient le chef du Hamas"}]},{"@type":"WebSite","@id":"https:\/\/ismfrance.org\/#website","url":"https:\/\/ismfrance.org\/","name":"ISM Palestine France","description":"Soutien aux luttes de lib\u00e9ration du peuple palestinien","publisher":{"@id":"https:\/\/ismfrance.org\/#organization"},"potentialAction":[{"@type":"SearchAction","target":{"@type":"EntryPoint","urlTemplate":"https:\/\/ismfrance.org\/?s={search_term_string}"},"query-input":{"@type":"PropertyValueSpecification","valueRequired":true,"valueName":"search_term_string"}}],"inLanguage":"fr-FR"},{"@type":"Organization","@id":"https:\/\/ismfrance.org\/#organization","name":"International Solidarity Movement","url":"https:\/\/ismfrance.org\/","logo":{"@type":"ImageObject","inLanguage":"fr-FR","@id":"https:\/\/ismfrance.org\/#\/schema\/logo\/image\/","url":"https:\/\/ismfrance.org\/wp-content\/uploads\/2020\/12\/00.png","contentUrl":"https:\/\/ismfrance.org\/wp-content\/uploads\/2020\/12\/00.png","width":400,"height":400,"caption":"International Solidarity Movement"},"image":{"@id":"https:\/\/ismfrance.org\/#\/schema\/logo\/image\/"},"sameAs":["https:\/\/x.com\/ISMFRANCE"]},{"@type":"Person","@id":"https:\/\/ismfrance.org\/#\/schema\/person\/3c411eb72adfaae19c0dca1f41fae01d","name":"mru_01","image":{"@type":"ImageObject","inLanguage":"fr-FR","@id":"https:\/\/secure.gravatar.com\/avatar\/3a0be343b445d2ccc79e87444a294fad2b232e90d2051d0e3cc219e1ecd6a330?s=96&d=mm&r=g","url":"https:\/\/secure.gravatar.com\/avatar\/3a0be343b445d2ccc79e87444a294fad2b232e90d2051d0e3cc219e1ecd6a330?s=96&d=mm&r=g","contentUrl":"https:\/\/secure.gravatar.com\/avatar\/3a0be343b445d2ccc79e87444a294fad2b232e90d2051d0e3cc219e1ecd6a330?s=96&d=mm&r=g","caption":"mru_01"},"url":"https:\/\/ismfrance.org\/index.php\/author\/admin02\/"}]}},"_links":{"self":[{"href":"https:\/\/ismfrance.org\/index.php\/wp-json\/wp\/v2\/posts\/13574","targetHints":{"allow":["GET"]}}],"collection":[{"href":"https:\/\/ismfrance.org\/index.php\/wp-json\/wp\/v2\/posts"}],"about":[{"href":"https:\/\/ismfrance.org\/index.php\/wp-json\/wp\/v2\/types\/post"}],"author":[{"embeddable":true,"href":"https:\/\/ismfrance.org\/index.php\/wp-json\/wp\/v2\/users\/3"}],"replies":[{"embeddable":true,"href":"https:\/\/ismfrance.org\/index.php\/wp-json\/wp\/v2\/comments?post=13574"}],"version-history":[{"count":0,"href":"https:\/\/ismfrance.org\/index.php\/wp-json\/wp\/v2\/posts\/13574\/revisions"}],"wp:featuredmedia":[{"embeddable":true,"href":"https:\/\/ismfrance.org\/index.php\/wp-json\/wp\/v2\/media\/13576"}],"wp:attachment":[{"href":"https:\/\/ismfrance.org\/index.php\/wp-json\/wp\/v2\/media?parent=13574"}],"wp:term":[{"taxonomy":"category","embeddable":true,"href":"https:\/\/ismfrance.org\/index.php\/wp-json\/wp\/v2\/categories?post=13574"},{"taxonomy":"post_tag","embeddable":true,"href":"https:\/\/ismfrance.org\/index.php\/wp-json\/wp\/v2\/tags?post=13574"}],"curies":[{"name":"wp","href":"https:\/\/api.w.org\/{rel}","templated":true}]}}