{"id":13406,"date":"2024-07-30T16:35:41","date_gmt":"2024-07-30T14:35:41","guid":{"rendered":"https:\/\/ismfrance.org\/?p=13406"},"modified":"2024-07-31T16:11:00","modified_gmt":"2024-07-31T14:11:00","slug":"pourquoi-loccident-a-cree-un-nouveau-dictionnaire-pour-israel-et-la-palestine","status":"publish","type":"post","link":"https:\/\/ismfrance.org\/index.php\/2024\/07\/30\/pourquoi-loccident-a-cree-un-nouveau-dictionnaire-pour-israel-et-la-palestine\/","title":{"rendered":"Pourquoi l&rsquo;Occident a cr\u00e9\u00e9 un nouveau dictionnaire pour Isra\u00ebl et la Palestine"},"content":{"rendered":"<p><span style=\"color: #000000;\"><span style=\"font-family: Arial, sans-serif;\"><span style=\"font-size: medium;\"><strong>Joseph Massad, 29 juillet 2024<\/strong>. Dans l&rsquo;Occident officiel et ses m\u00e9dias grand public, il existe un dictionnaire et un th\u00e9saurus sp\u00e9cialis\u00e9s pour traduire au public occidental tout ce qui concerne Isra\u00ebl et la Palestine.<\/span><\/span><\/span><\/p>\n<p><a href=\"https:\/\/ismfrance.org\/wp-content\/uploads\/2024\/07\/langage.jpg\"><img loading=\"lazy\" decoding=\"async\" class=\"alignnone size-large wp-image-13408\" src=\"https:\/\/ismfrance.org\/wp-content\/uploads\/2024\/07\/langage-700x581.jpg\" alt=\"\" width=\"600\" height=\"498\" srcset=\"https:\/\/ismfrance.org\/wp-content\/uploads\/2024\/07\/langage-700x581.jpg 700w, https:\/\/ismfrance.org\/wp-content\/uploads\/2024\/07\/langage-300x249.jpg 300w, https:\/\/ismfrance.org\/wp-content\/uploads\/2024\/07\/langage-768x637.jpg 768w, https:\/\/ismfrance.org\/wp-content\/uploads\/2024\/07\/langage-1320x1095.jpg 1320w, https:\/\/ismfrance.org\/wp-content\/uploads\/2024\/07\/langage.jpg 1400w\" sizes=\"auto, (max-width: 600px) 100vw, 600px\" \/><\/a><\/p>\n<p><span style=\"color: #000000;\"><span style=\"font-family: Arial, sans-serif;\"><span style=\"font-size: medium;\">Les responsables et les journalistes doivent \u00e9galement adh\u00e9rer \u00e0 une syntaxe grammaticale particuli\u00e8re, en particulier lorsqu&rsquo;ils utilisent des verbes \u00e0 la voix active ou passive.<\/span><\/span><\/span><\/p>\n<p><span style=\"color: #000000;\"><span style=\"font-family: Arial, sans-serif;\"><span style=\"font-size: medium;\">Cette pratique de d\u00e9finition et de traduction est au c\u0153ur de la politique de repr\u00e9sentation occidentale. Elle garantit l&rsquo;uniformit\u00e9 id\u00e9ologique sur la question d&rsquo;Isra\u00ebl et de la Palestine dans l&rsquo;ensemble du spectre politique respectable, qui, du moins aux \u00c9tats-Unis, est si \u00e9troit entre les partis d\u00e9mocrate et r\u00e9publicain qu&rsquo;il pourrait \u00eatre mesur\u00e9 en millim\u00e8tres.<\/span><\/span><\/span><\/p>\n<p><span style=\"color: #000000;\"><span style=\"font-family: Arial, sans-serif;\"><span style=\"font-size: medium;\">Apr\u00e8s le 7 octobre, l&rsquo;application de ce dictionnaire et de ce lexique s&rsquo;est intensifi\u00e9e pour donner une couverture \u00e0 la sauvagerie d&rsquo;Isra\u00ebl \u00e0 Gaza.<\/span><\/span><\/span><\/p>\n<p><span style=\"color: #000000;\"><span style=\"font-family: Arial, sans-serif;\"><span style=\"font-size: medium;\">Cela inclut l&rsquo;exigence que les responsables du gouvernement et des m\u00e9dias ne puissent pas citer les statistiques du minist\u00e8re palestinien de la Sant\u00e9 sur les victimes du g\u00e9nocide isra\u00e9lien sans les pr\u00e9facer de la mention \u00ab dirig\u00e9 par le Hamas \u00bb pour jeter le doute sur les chiffres.<\/span><\/span><\/span><\/p>\n<p><span style=\"color: #000000;\"><span style=\"font-family: Arial, sans-serif;\"><span style=\"font-size: medium;\">De telles directives vont \u00e0 l&rsquo;encontre des positions de l&rsquo;Organisation mondiale de la sant\u00e9 et d&rsquo;autres agences humanitaires internationales, qui ont exprim\u00e9 une confiance totale dans l&rsquo;exactitude des chiffres des victimes.<\/span><\/span><\/span><\/p>\n<p><span style=\"color: #000000;\"><span style=\"font-family: Arial, sans-serif;\"><span style=\"font-size: medium;\">Le refus d&rsquo;accepter ces chiffres est la position officielle du gouvernement am\u00e9ricain et de la Ligue anti-diffamation anti-palestinienne, qui a men\u00e9 la charge \u00e0 cet \u00e9gard.<\/span><\/span><\/span><\/p>\n<p><span style=\"color: #000000;\"><span style=\"font-family: Arial, sans-serif;\"><span style=\"font-size: medium;\">Le gouvernement am\u00e9ricain ne s&rsquo;est cependant pas content\u00e9 d&rsquo;imposer son dictionnaire aux seuls \u00c9tats-Unis et a cherch\u00e9 \u00e0 l&rsquo;imposer \u00e9galement aux m\u00e9dias arabes.<\/span><\/span><\/span><\/p>\n<p><span style=\"color: #000000;\"><span style=\"font-family: Arial, sans-serif;\"><span style=\"font-size: medium;\">Fin octobre, le secr\u00e9taire d&rsquo;\u00c9tat Antony Blinken a demand\u00e9 au gouvernement qatari d&rsquo;imposer le dictionnaire am\u00e9ricain au r\u00e9seau <i>Al Jazeera<\/i> dans sa couverture du g\u00e9nocide, a-t-il assur\u00e9 aux dirigeants juifs am\u00e9ricains.<\/span><\/span><\/span><\/p>\n<p><span style=\"color: #000000;\"><span style=\"font-family: Arial, sans-serif;\"><span style=\"font-size: medium;\">En effet, les gouvernements occidentaux et les \u00e9lites financi\u00e8res reconnaissent depuis longtemps la centralit\u00e9 de la langue dans leur projet d&rsquo;endoctrinement politique. \u00c0 cette fin, leurs efforts continus pour contr\u00f4ler les journalistes, les universitaires et le grand public \u2013 et faire respecter le dictionnaire id\u00e9ologique approuv\u00e9 par le gouvernement \u2013 \u200b\u200bsont imp\u00e9ratifs.<\/span><\/span><\/span><\/p>\n<p><span style=\"color: #000000;\"><span style=\"font-family: Arial, sans-serif;\"><span style=\"font-size: medium;\">Un examen de quelques exemples de ces r\u00e8gles de traduction impos\u00e9s par les gouvernements occidentaux et leurs m\u00e9dias aux ordres est instructif.<\/span><\/span><\/span><\/p>\n<p><strong><span style=\"color: #000000;\"><span style=\"font-family: Arial, sans-serif;\"><span style=\"font-size: large;\">Contr\u00f4le linguistique <\/span><\/span><\/span><\/strong><\/p>\n<p><span style=\"color: #000000;\"><span style=\"font-family: Arial, sans-serif;\"><span style=\"font-size: medium;\">Le <i>New York Times<\/i>, voix officieuse du r\u00e9gime am\u00e9ricain et principal guide du reste de la presse occidentale, est le premier \u00e0 respecter scrupuleusement ces acrobaties linguistiques et dictionnariales.<\/span><\/span><\/span><\/p>\n<p><span style=\"color: #000000;\"><span style=\"font-family: Arial, sans-serif;\"><span style=\"font-size: medium;\">En novembre 2023, Susan Wessling, r\u00e9dactrice en chef des normes du <i>Times<\/i>, ainsi que Philip Pan, r\u00e9dacteur en chef international, et leurs adjoints, ont envoy\u00e9 une note interne aux journalistes couvrant la guerre d&rsquo;Isra\u00ebl contre Gaza.<\/span><\/span><\/span><\/p>\n<p><span style=\"color: #000000;\"><span style=\"font-family: Arial, sans-serif;\"><span style=\"font-size: medium;\">Selon ses auteurs, l&rsquo;objectif de la note \u00e9tait de fournir \u00ab des conseils sur certains termes et d&rsquo;autres probl\u00e8mes auxquels ils sont confront\u00e9s depuis le d\u00e9but du conflit en octobre \u00bb. Il s&rsquo;agissait simplement de la derni\u00e8re mise \u00e0 jour sur l&rsquo;utilisation du langage dans la couverture du journal des Isra\u00e9liens et des Palestiniens.<\/span><\/span><\/span><\/p>\n<p><span style=\"color: #000000;\"><span style=\"font-family: Arial, sans-serif;\"><span style=\"font-size: medium;\">Les r\u00e9dacteurs en chef du <i>Times<\/i> ont demand\u00e9 aux journalistes de limiter l&rsquo;utilisation de termes comme \u00ab g\u00e9nocide \u00bb et \u00ab nettoyage ethnique \u00bb, de ne pas utiliser le mot Palestine \u00ab sauf dans de rares cas \u00bb et d&rsquo;\u00e9viter des termes comme \u00ab camps de r\u00e9fugi\u00e9s \u00bb et \u00ab territoire occup\u00e9 \u00bb pour d\u00e9crire les v\u00e9ritables camps de r\u00e9fugi\u00e9s palestiniens et les territoires occup\u00e9s par Isra\u00ebl.<\/span><\/span><\/span><\/p>\n<p><span style=\"color: #000000;\"><span style=\"font-family: Arial, sans-serif;\"><span style=\"font-size: medium;\">Le m\u00e9mo enjoint \u00e9galement les journalistes \u00e0 faire preuve de prudence dans leur utilisation de termes \u00ab incendiaires \u00bb comme \u00ab massacre \u00bb, \u00ab carnage \u00bb pour d\u00e9crire les meurtres \u00ab de tous c\u00f4t\u00e9s \u00bb.<\/span><\/span><\/span><\/p>\n<p><span style=\"color: #000000;\"><span style=\"font-family: Arial, sans-serif;\"><span style=\"font-size: medium;\">Pourtant, comme l\u2019a r\u00e9v\u00e9l\u00e9 <i>The Intercept<\/i>, le journal a persist\u00e9 \u00e0 utiliser ce langage \u00ab \u00e0 plusieurs reprises pour d\u00e9crire les attaques contre des Isra\u00e9liens par des Palestiniens et presque jamais dans le cas des massacres \u00e0 grande \u00e9chelle de Palestiniens par Isra\u00ebl \u00bb.<\/span><\/span><\/span><\/p>\n<p><span style=\"color: #000000;\"><span style=\"font-family: Arial, sans-serif;\"><span style=\"font-size: medium;\">En fait, c\u2019est la col\u00e8re et les luttes intestines au sein des propres journalistes du <i>Times<\/i> au sujet du parti pris pro-isra\u00e9lien du m\u00e9dia qui ont incit\u00e9 les cadres sup\u00e9rieurs \u00e0 publier ce m\u00e9mo et \u00e0 remettre les pendules \u00e0 l\u2019heure.<\/span><\/span><\/span><\/p>\n<div id=\"attachment_13457\" style=\"width: 610px\" class=\"wp-caption alignnone\"><a href=\"https:\/\/ismfrance.org\/wp-content\/uploads\/2024\/07\/le-monde.jpeg\"><img loading=\"lazy\" decoding=\"async\" aria-describedby=\"caption-attachment-13457\" class=\"wp-image-13457 size-large\" src=\"https:\/\/ismfrance.org\/wp-content\/uploads\/2024\/07\/le-monde-700x677.jpeg\" alt=\"\" width=\"600\" height=\"580\" srcset=\"https:\/\/ismfrance.org\/wp-content\/uploads\/2024\/07\/le-monde-700x677.jpeg 700w, https:\/\/ismfrance.org\/wp-content\/uploads\/2024\/07\/le-monde-300x290.jpeg 300w, https:\/\/ismfrance.org\/wp-content\/uploads\/2024\/07\/le-monde-768x743.jpeg 768w, https:\/\/ismfrance.org\/wp-content\/uploads\/2024\/07\/le-monde.jpeg 817w\" sizes=\"auto, (max-width: 600px) 100vw, 600px\" \/><\/a><p id=\"caption-attachment-13457\" class=\"wp-caption-text\"><em><strong>Un exemple complice dans un m\u00e9dia fran\u00e7ais : des guillemets pour relativiser le mot torture, ou pour semer le doute sur la v\u00e9racit\u00e9 de l&rsquo;information. (Note ISM-France)<\/strong><\/em><\/p><\/div>\n<p><strong><span style=\"color: #000000;\"><span style=\"font-family: Arial, sans-serif;\"><span style=\"font-size: large;\">Guerre des mots<\/span><\/span><\/span><\/strong><\/p>\n<p><span style=\"color: #000000;\"><span style=\"font-family: Arial, sans-serif;\"><span style=\"font-size: medium;\">Le langage utilis\u00e9 pour nommer les guerres et les op\u00e9rations militaires est \u00e9galement r\u00e9v\u00e9lateur de ces pratiques de traduction.<\/span><\/span><\/span><\/p>\n<p><span style=\"color: #000000;\"><span style=\"font-family: Arial, sans-serif;\"><span style=\"font-size: medium;\">Imm\u00e9diatement apr\u00e8s qu&rsquo;Isra\u00ebl a lanc\u00e9 son g\u00e9nocide contre le peuple palestinien en octobre, ses partisans dans la presse grand public se sont empress\u00e9s de le surnommer \u00ab la guerre Isra\u00ebl-Hamas \u00bb.<\/span><\/span><\/span><\/p>\n<p><span style=\"color: #000000;\"><span style=\"font-family: Arial, sans-serif;\"><span style=\"font-size: medium;\">C&rsquo;\u00e9tait une \u00e9tiquette int\u00e9ressante \u00e9tant donn\u00e9 que le Hamas est l&rsquo;organe l\u00e9gitime de gouvernance de Gaza. Le mouvement de r\u00e9sistance palestinien a remport\u00e9 les derni\u00e8res \u00e9lections d\u00e9mocratiques en Cisjordanie et \u00e0 Gaza lors d&rsquo;une victoire \u00e9crasante en janvier 2006.<\/span><\/span><\/span><\/p>\n<p><span style=\"color: #000000;\"><span style=\"font-family: Arial, sans-serif;\"><span style=\"font-size: medium;\">Peu apr\u00e8s avoir pris la t\u00eate du pays, le Hamas a \u00e9t\u00e9 confront\u00e9 \u00e0 un coup d&rsquo;\u00c9tat soutenu par les \u00c9tats-Unis pour r\u00e9installer le parti palestinien collaborateur Fatah, qui cherchait \u00e0 reprendre le contr\u00f4le de l&rsquo;Autorit\u00e9 palestinienne.<\/span><\/span><\/span><\/p>\n<p><span style=\"color: #000000;\"><span style=\"font-family: Arial, sans-serif;\"><span style=\"font-size: medium;\">Le coup d&rsquo;\u00c9tat am\u00e9ricain a r\u00e9ussi en Cisjordanie mais a \u00e9chou\u00e9 \u00e0 Gaza, o\u00f9 le gouvernement d\u00e9mocratiquement \u00e9lu du Hamas a vaincu les comploteurs criminels du Fatah et leurs soutiens. Toutes les tentatives depuis lors d&rsquo;organiser de nouvelles \u00e9lections ont \u00e9t\u00e9 violemment combattues par l&rsquo;Autorit\u00e9 palestinienne soutenue par les \u00c9tats-Unis et dirig\u00e9e par le Fatah, qui a usurp\u00e9 le pouvoir lors du coup d&rsquo;\u00c9tat.<\/span><\/span><\/span><\/p>\n<p><span style=\"color: #000000;\"><span style=\"font-family: Arial, sans-serif;\"><span style=\"font-size: medium;\">Sur la base de cette histoire r\u00e9cente bien document\u00e9e, la guerre g\u00e9nocidaire d\u2019Isra\u00ebl contre le peuple palestinien aurait d\u00fb au moins \u00eatre qualifi\u00e9e de \u00ab guerre isra\u00e9lo-palestinienne \u00bb, ce qui serait la description la plus neutre de ce qui s\u2019est pass\u00e9.<\/span><\/span><\/span><\/p>\n<p><span style=\"color: #000000;\"><span style=\"font-family: Arial, sans-serif;\"><span style=\"font-size: medium;\">Cela n\u2019est pas moins vrai \u00e9tant donn\u00e9 l\u2019escalade massive de la violence isra\u00e9lienne contre les Palestiniens et les meurtres de ces derniers en Cisjordanie occup\u00e9e depuis octobre.<\/span><\/span><\/span><\/p>\n<p><span style=\"color: #000000;\"><span style=\"font-family: Arial, sans-serif;\"><span style=\"font-size: medium;\">Le gouvernement isra\u00e9lien lui-m\u00eame a d\u00e9clar\u00e9 \u00e0 plusieurs reprises la guerre \u00e0 tous les Palestiniens, mais les m\u00e9dias occidentaux continuent de ne citer que le Hamas comme cible de la guerre d\u2019Isra\u00ebl.<\/span><\/span><\/span><\/p>\n<p><span style=\"color: #000000;\"><span style=\"font-family: Arial, sans-serif;\"><span style=\"font-size: medium;\">La condamnation du mouvement par les autorit\u00e9s occidentales a permis \u00e0 la classe politique, aux m\u00e9dias et aux ONG de prot\u00e9ger Isra\u00ebl de toute perception d\u2019une attaque contre le peuple palestinien dans son ensemble.<\/span><\/span><\/span><\/p>\n<p><span style=\"color: #000000;\"><span style=\"font-family: Arial, sans-serif;\"><span style=\"font-size: medium;\">M\u00eame apr\u00e8s avoir tu\u00e9 plus de 40.000 personnes et en avoir bless\u00e9 plus de 90.000 autres, Isra\u00ebl continue d\u2019\u00eatre d\u00e9crit comme un combattant contre des terroristes ill\u00e9gitimes.<\/span><\/span><\/span><\/p>\n<p><span style=\"color: #000000;\"><span style=\"font-family: Arial, sans-serif;\"><span style=\"font-size: medium;\">Mais si les affiliations particuli\u00e8res des mouvements et des partis politiques au pouvoir sont si pertinentes pour la guerre, comme les politiciens et les r\u00e9dacteurs en chef des m\u00e9dias occidentaux semblent le croire, alors pourquoi ne pas l&rsquo;appeler la \u00ab guerre Likoud-Hamas \u00bb ?<\/span><\/span><\/span><\/p>\n<p><span style=\"color: #000000;\"><span style=\"font-family: Arial, sans-serif;\"><span style=\"font-size: medium;\">Ce processus de d\u00e9nomination, bien s\u00fbr, ne s&rsquo;appliquerait jamais aux guerres am\u00e9ricaines.<\/span><\/span><\/span><\/p>\n<p><span style=\"color: #000000;\"><span style=\"font-family: Arial, sans-serif;\"><span style=\"font-size: medium;\">Faut-il parler, par exemple, de \u00ab guerre r\u00e9publicaine-Baas \u00bb pour d\u00e9crire l&rsquo;invasion de l&rsquo;Irak par Bush en 2003 ?<\/span><\/span><\/span><\/p>\n<p><span style=\"color: #000000;\"><span style=\"font-family: Arial, sans-serif;\"><span style=\"font-size: medium;\">Depuis la guerre civile am\u00e9ricaine et jusqu&rsquo;\u00e0 l&rsquo;administration Reagan, toutes les invasions am\u00e9ricaines et les guerres \u00e9trang\u00e8res ont \u00e9t\u00e9 lanc\u00e9es par le Parti d\u00e9mocrate au pouvoir.<\/span><\/span><\/span><\/p>\n<p><span style=\"color: #000000;\"><span style=\"font-family: Arial, sans-serif;\"><span style=\"font-size: medium;\">Faut-il alors parler des invasions de la Cor\u00e9e et du Vietnam par le Parti d\u00e9mocrate am\u00e9ricain au lieu de la nomenclature obscure utilis\u00e9e dans \u00ab la guerre de Cor\u00e9e \u00bb et \u00ab la guerre du Vietnam \u00bb ? Que diriez-vous de la guerre am\u00e9ricano-vietminh, ou, pour utiliser le terme raciste am\u00e9ricain pour le Viet Minh, de la guerre am\u00e9ricano-vietcong ?<\/span><\/span><\/span><\/p>\n<p><span style=\"color: #000000;\"><span style=\"font-family: Arial, sans-serif;\"><span style=\"font-size: medium;\">En effet, le regrett\u00e9 s\u00e9nateur r\u00e9publicain Bob Dole avait qualifi\u00e9 ces guerres de \u00ab guerres d\u00e9mocrates \u00bb en 1976. Si nous devions le faire aujourd\u2019hui, nous aurions tout \u00e0 fait raison de rejeter la responsabilit\u00e9 sur le Parti d\u00e9mocrate am\u00e9ricain pour son carnage imp\u00e9rialiste, qui a tu\u00e9 des millions de personnes en Cor\u00e9e et au Vietnam.<\/span><\/span><\/span><\/p>\n<p><span style=\"color: #000000;\"><span style=\"font-family: Arial, sans-serif;\"><span style=\"font-size: medium;\">Il serait tout aussi juste de tenir le parti responsable de son soutien inconditionnel au carnage isra\u00e9lien en cours \u00e0 Gaza.<\/span><\/span><\/span><\/p>\n<p><span style=\"color: #000000;\"><span style=\"font-family: Arial, sans-serif;\"><span style=\"font-size: medium;\">Les m\u00e9dias grand public comme le <i>Times<\/i> veulent cependant cacher la v\u00e9rit\u00e9 : Isra\u00ebl utilise principalement le Hamas comme pr\u00e9texte pour massacrer le peuple palestinien. Le nombre de victimes civiles, y compris le meurtre syst\u00e9matique de journalistes, de m\u00e9decins et de travailleurs humanitaires, ne semble pas les d\u00e9tourner de ce r\u00e9cit.<\/span><\/span><\/span><\/p>\n<p><strong><span style=\"color: #000000;\"><span style=\"font-family: Arial, sans-serif;\"><span style=\"font-size: large;\">Termes sp\u00e9cialis\u00e9s<\/span><\/span><\/span><\/strong><\/p>\n<p><span style=\"color: #000000;\"><span style=\"font-family: Arial, sans-serif;\"><span style=\"font-size: medium;\">On note \u00e9galement depuis des d\u00e9cennies que le <i>Times<\/i> et une grande partie de la presse occidentale traditionnelle utilisent toujours la voix passive lorsqu&rsquo;ils rendent compte des meurtres isra\u00e9liens de Palestiniens.<\/span><\/span><\/span><\/p>\n<p><span style=\"color: #000000;\"><span style=\"font-family: Arial, sans-serif;\"><span style=\"font-size: medium;\">Les Palestiniens sont myst\u00e9rieusement \u00ab tu\u00e9s \u00bb (peut-\u00eatre par des extraterrestres) ou ils \u00ab meurent \u00bb soudainement. En revanche, la couverture m\u00e9diatique des attaques palestiniennes contre les Isra\u00e9liens emploie toujours la voix active et identifie clairement les auteurs.<\/span><\/span><\/span><\/p>\n<p><span style=\"color: #000000;\"><span style=\"font-family: Arial, sans-serif;\"><span style=\"font-size: medium;\">Cela s&rsquo;applique \u00e9galement \u00e0 l&rsquo;utilisation du terme \u00ab terroriste \u00bb, r\u00e9serv\u00e9 uniquement aux Palestiniens et dont Isra\u00ebl est \u00e9galement prot\u00e9g\u00e9.<\/span><\/span><\/span><\/p>\n<p><span style=\"color: #000000;\"><span style=\"font-family: Arial, sans-serif;\"><span style=\"font-size: medium;\">Comme je l&rsquo;ai soutenu il y a vingt ans, la description de \u00ab terroriste \u00bb est bas\u00e9e sur l&rsquo;identit\u00e9 nationale et raciale de la partie qui commet un certain acte violent (et parfois non violent) et non sur l&rsquo;acte lui-m\u00eame.<\/span><\/span><\/span><\/p>\n<p><span style=\"color: #000000;\"><span style=\"font-family: Arial, sans-serif;\"><span style=\"font-size: medium;\">Lorsque Isra\u00ebl cible d\u00e9lib\u00e9r\u00e9ment des civils et en tue des dizaines de milliers dans des \u00e9coles, des abris de l\u2019ONU, des h\u00f4pitaux, dans les rues et chez eux, ses crimes ne sont jamais qualifi\u00e9s de \u00ab terroristes \u00bb, alors que les attaques palestiniennes contre des soldats isra\u00e9liens sont instantan\u00e9ment qualifi\u00e9es de \u00ab terroristes \u00bb.<\/span><\/span><\/span><\/p>\n<p><span style=\"color: #000000;\"><span style=\"font-family: Arial, sans-serif;\"><span style=\"font-size: medium;\">Cela correspond aux d\u00e9finitions du lexique politique isra\u00e9lien, dont j\u2019ai d\u00e9j\u00e0 parl\u00e9.<\/span><\/span><\/span><\/p>\n<p><span style=\"color: #000000;\"><span style=\"font-family: Arial, sans-serif;\"><span style=\"font-size: medium;\">Un autre terme populaire dans ce dictionnaire sp\u00e9cialis\u00e9 est celui que je d\u00e9nonce \u00e9galement depuis des d\u00e9cennies.<\/span><\/span><\/span><\/p>\n<p><span style=\"color: #000000;\"><span style=\"font-family: Arial, sans-serif;\"><span style=\"font-size: medium;\">Le mot \u00ab conflit \u00bb a longtemps \u00e9t\u00e9 le terme de pr\u00e9dilection dans les repr\u00e9sentations occidentales et isra\u00e9liennes de la question isra\u00e9lo-palestinienne, alors que personne n\u2019aurait jamais d\u00e9crit le colonialisme fran\u00e7ais en Alg\u00e9rie et la r\u00e9sistance anticoloniale alg\u00e9rienne comme \u00ab le conflit franco-alg\u00e9rien \u00bb.<\/span><\/span><\/span><\/p>\n<p><span style=\"color: #000000;\"><span style=\"font-family: Arial, sans-serif;\"><span style=\"font-size: medium;\">Cela s\u2019applique \u00e9galement aux guerres de lib\u00e9ration tunisiennes, libyennes, kenyanes, angolaises, zimbabw\u00e9ennes et autres guerres anticoloniales. Pourtant, le terme occidental \u00ab neutre \u00bb et obscur de \u00ab conflit \u00bb est utilis\u00e9 avec insistance pour d\u00e9fendre le colonialisme isra\u00e9lien.<\/span><\/span><\/span><\/p>\n<p><span style=\"color: #000000;\"><span style=\"font-family: Arial, sans-serif;\"><span style=\"font-size: medium;\">Le refus de faire r\u00e9f\u00e9rence au colonialisme isra\u00e9lien a permis au discours officiel isra\u00e9lien et occidental de d\u00e9crire facilement l\u2019op\u00e9ration du Hamas D\u00e9luge d&rsquo;Al-Aqsa comme visant les juifs isra\u00e9liens en raison de leur identit\u00e9 juive plut\u00f4t que de leur vol et de leur colonisation de la terre palestinienne.<\/span><\/span><\/span><\/p>\n<p><span style=\"color: #000000;\"><span style=\"font-family: Arial, sans-serif;\"><span style=\"font-size: medium;\">De telles descriptions imposent l\u2019histoire de l\u2019antis\u00e9mitisme chr\u00e9tien europ\u00e9en, qui a victimis\u00e9 les juifs, \u00e0 la r\u00e9sistance anticoloniale palestinienne. Leur objectif est de sortir les Palestiniens du contexte des luttes anticoloniales asiatiques et africaines de lib\u00e9ration contre les colonisateurs europ\u00e9ens, dans lesquelles les Asiatiques et les Africains ont \u00e9t\u00e9 les victimes, ainsi que du contexte du colonialisme juif isra\u00e9lien, qui victimise les Palestiniens.<\/span><\/span><\/span><\/p>\n<p><strong><span style=\"color: #000000;\"><span style=\"font-family: Arial, sans-serif;\"><span style=\"font-size: large;\">Dictionnaire id\u00e9ologique<\/span><\/span><\/span><\/strong><\/p>\n<p><span style=\"color: #000000;\"><span style=\"font-family: Arial, sans-serif;\"><span style=\"font-size: medium;\">L&rsquo;originalit\u00e9 de ce dictionnaire occidental sp\u00e9cialis\u00e9 dans tout ce qui touche \u00e0 la Palestine et \u00e0 l&rsquo;Isra\u00ebl est tout \u00e0 fait remarquable, car elle s&rsquo;\u00e9tend m\u00eame \u00e0 la g\u00e9ographie.<\/span><\/span><\/span><\/p>\n<p><span style=\"color: #000000;\"><span style=\"font-family: Arial, sans-serif;\"><span style=\"font-size: medium;\">Depuis les IXe et XIIIe si\u00e8cles, respectivement, l&rsquo;ensemble du monde arabophone et musulman reconna\u00eet les villes palestiniennes d&rsquo;al-Quds (\u00e9galement connue sous le nom de Bayt al-Maqdis) et d&rsquo;al-Khalil.<\/span><\/span><\/span><\/p>\n<p><span style=\"color: #000000;\"><span style=\"font-family: Arial, sans-serif;\"><span style=\"font-size: medium;\">Toutefois, ces deux villes continuent d&rsquo;\u00eatre rendues sous leurs noms respectifs, ant\u00e9rieurs au IXe si\u00e8cle, sum\u00e9ro-akkadien\/aram\u00e9en et canan\u00e9en\/amorite (souvent confondus avec l&rsquo;h\u00e9breu), de \u00ab\u00a0J\u00e9rusalem\u00a0\u00bb et \u00ab\u00a0H\u00e9bron\u00a0\u00bb, dans un refus obstin\u00e9 d&rsquo;utiliser les noms \u00e9tablis depuis longtemps et connus de leurs habitants.<\/span><\/span><\/span><\/p>\n<p><span style=\"color: #000000;\"><span style=\"font-family: Arial, sans-serif;\"><span style=\"font-size: medium;\">Comparez cela au changement de nom occidental qui a consist\u00e9 \u00e0 nommer \u00ab Beiping \u00bb et \u00ab P\u00e9kin \u00bb par \u00ab Beijing \u00bb dans les ann\u00e9es 1980 (m\u00eame si c&rsquo;\u00e9tait des d\u00e9cennies apr\u00e8s que la R\u00e9publique populaire de Chine ait officiellement adopt\u00e9 \u00ab Beijing \u00bb comme translitt\u00e9ration correcte en 1958) ou au changement de nom occidental qui a consist\u00e9 \u00e0 nommer \u00ab Bombay \u00bb par \u00ab Mumbai \u00bb \u00e0 la fin de 1995, une fois que le gouvernement nationaliste indien a officiellement adopt\u00e9 le changement de nom.<\/span><\/span><\/span><\/p>\n<p><span style=\"color: #000000;\"><span style=\"font-family: Arial, sans-serif;\"><span style=\"font-size: medium;\">Plus r\u00e9cemment, lorsque le gouvernement ukrainien post-2014 a remplac\u00e9 le \u00ab Kiev \u00bb russe par \u00ab Kyiv \u00bb et a lanc\u00e9 une campagne en 2018 pour imposer la nouvelle orthographe au niveau international, les autorit\u00e9s occidentales et la presse de son r\u00e9gime se sont empress\u00e9es adopter la nouvelle orthographe.<\/span><\/span><\/span><\/p>\n<p><span style=\"color: #000000;\"><span style=\"font-family: Arial, sans-serif;\"><span style=\"font-size: medium;\">Pendant ce temps, les m\u00e9dias occidentaux refusent toujours d&rsquo;adopter le nom \u00ab T\u00fcrkiye \u00bb pour la Turquie, bien que le pays ait officiellement chang\u00e9 de nom \u00e0 l&rsquo;ONU en 2021. Le <i>New York Times<\/i> s&rsquo;est m\u00eame moqu\u00e9 de ce changement.<\/span><\/span><\/span><\/p>\n<p><span style=\"color: #000000;\"><span style=\"font-family: Arial, sans-serif;\"><span style=\"font-size: medium;\">Dans le cas palestinien, les noms des villes palestiniennes doivent \u00eatre soumis \u00e0 la nomenclature biblique chr\u00e9tienne et juive occidentale, quels que soient les changements survenus dans la g\u00e9ographie et la sociologie palestiniennes au cours des 14 derniers si\u00e8cles.<\/span><\/span><\/span><\/p>\n<p><span style=\"color: #000000;\"><span style=\"font-family: Arial, sans-serif;\"><span style=\"font-size: medium;\">Dans tout autre cas, une telle utilisation de la terminologie biblique serait risible.<\/span><\/span><\/span><\/p>\n<p><span style=\"color: #000000;\"><span style=\"font-family: Arial, sans-serif;\"><span style=\"font-size: medium;\">Le <i>Times<\/i> ou le gouvernement la\u00efc am\u00e9ricain d\u00e9signeraient-ils aujourd\u2019hui l\u2019Irak par \u00ab M\u00e9sopotamie \u00bb, \u00ab Babylone \u00bb ou \u00ab Ur des Chald\u00e9ens \u00bb, par exemple, parce que leur Bible utilise ces noms ?<\/span><\/span><\/span><\/p>\n<p><span style=\"color: #000000;\"><span style=\"font-family: Arial, sans-serif;\"><span style=\"font-size: medium;\">Cette appellation intransigeante n\u2019est pas tenable, m\u00eame dans l\u2019histoire coloniale.<\/span><\/span><\/span><\/p>\n<p><span style=\"color: #000000;\"><span style=\"font-family: Arial, sans-serif;\"><span style=\"font-size: medium;\">Imaginez si les Pays-Bas insistaient aujourd\u2019hui pour appeler New York \u00ab Nouvelle Amsterdam \u00bb, le nom que les Hollandais donnaient \u00e0 la partie sud de Manhattan lorsqu\u2019ils l\u2019ont colonis\u00e9e pour la premi\u00e8re fois, ou \u00ab Nouvelle-N\u00e9erlande \u00bb pour l\u2019est des \u00c9tats-Unis, ou si la France d\u00e9signait Ha\u00efti par \u00ab Saint-Domingue \u00bb.<\/span><\/span><\/span><\/p>\n<p><span style=\"color: #000000;\"><span style=\"font-family: Arial, sans-serif;\"><span style=\"font-size: medium;\">Ces choix linguistiques et le dictionnaire id\u00e9ologique qui les guide font partie de l\u2019arsenal que les gouvernements imp\u00e9rialistes occidentaux et leur presse grand public d\u00e9ploient contre le peuple palestinien en soutien \u00e0 Isra\u00ebl.<\/span><\/span><\/span><\/p>\n<p><span style=\"color: #000000;\"><span style=\"font-family: Arial, sans-serif;\"><span style=\"font-size: medium;\">Ils sont \u00e9galement utilis\u00e9s pour endoctriner les citoyens occidentaux de mani\u00e8re appropri\u00e9e et officiellement autoris\u00e9e, afin qu\u2019ils voient, ou non, la lutte palestinienne pour la lib\u00e9ration contre un \u00c9tat colonial de peuplement g\u00e9nocidaire.<\/span><\/span><\/span><\/p>\n<p><strong><span style=\"color: #000000;\"><span style=\"font-family: Arial, sans-serif;\"><span style=\"font-size: large;\">Projet d\u2019endoctrinement<\/span><\/span><\/span><\/strong><\/p>\n<p><span style=\"color: #000000;\"><span style=\"font-family: Arial, sans-serif;\"><span style=\"font-size: medium;\">Le fait frappant qu\u2019un nombre croissant d\u2019Am\u00e9ricains et d\u2019Europ\u00e9ens, au cours des derni\u00e8res d\u00e9cennies, en soient venus \u00e0 refuser ces acrobaties id\u00e9ologiques et translationnelles et les aient perc\u00e9es \u00e0 jour dans leur soutien \u00e0 la lutte palestinienne est la preuve que l\u2019Occident devrait soit utiliser des m\u00e9thodes d\u2019endoctrinement id\u00e9ologique actualis\u00e9es et plus sophistiqu\u00e9es, soit reconna\u00eetre qu&rsquo;il est le plus fervent partisan et d\u00e9fenseur du g\u00e9nocide contre les peuples non blancs, ce qu\u2019il a toujours \u00e9t\u00e9.<\/span><\/span><\/span><\/p>\n<p><span style=\"color: #000000;\"><span style=\"font-family: Arial, sans-serif;\"><span style=\"font-size: medium;\">Le fait que les racistes supr\u00e9macistes blancs gagnent du pouvoir politique aux \u00c9tats-Unis et en Europe va faciliter et banaliser cet engagement officiel envers le racisme et le g\u00e9nocide pour une grande partie des citoyens supr\u00e9macistes blancs. \u00c0 tout le moins, cela \u00e9pargnera aux gouvernements occidentaux et aux m\u00e9dias grand public lib\u00e9raux des accusations continues d\u2019hypocrisie.<\/span><\/span><\/span><\/p>\n<p><span style=\"color: #000000;\"><span style=\"font-family: Arial, sans-serif;\"><span style=\"font-size: medium;\">D&rsquo;o\u00f9 les pr\u00e9occupations majeures que les responsables am\u00e9ricains, ainsi que les administrateurs d\u2019universit\u00e9 et leurs conseils d\u2019administration, ont exprim\u00e9es \u00e0 l\u2019\u00e9gard du mouvement \u00e9tudiant de masse et des manifestations sur les campus en soutien \u00e0 la lutte palestinienne.<\/span><\/span><\/span><\/p>\n<p><span style=\"color: #000000;\"><span style=\"font-family: Arial, sans-serif;\"><span style=\"font-size: medium;\">La mont\u00e9e de la culture politique fasciste et supr\u00e9maciste blanche en Occident a permis aux membres du Congr\u00e8s, aux milliardaires am\u00e9ricains et aux administrateurs d&rsquo;universit\u00e9 de s&rsquo;exprimer plus ouvertement et sans vergogne contre la libert\u00e9 acad\u00e9mique et la libert\u00e9 d&rsquo;opinion, sans s&rsquo;excuser.<\/span><\/span><\/span><\/p>\n<p><span style=\"color: #000000;\"><span style=\"font-family: Arial, sans-serif;\"><span style=\"font-size: medium;\">\u00c0 la lumi\u00e8re de l&rsquo;\u00e9chec du projet d&rsquo;endoctrinement id\u00e9ologique des responsables gouvernementaux et m\u00e9diatiques occidentaux, l&rsquo;attention s&rsquo;est d\u00e9plac\u00e9e vers les universit\u00e9s pour r\u00e9primer la production de connaissances universitaires. De tels projets visent \u00e0 transformer les universitaires en fournisseurs de la m\u00eame propagande diffus\u00e9e par les m\u00e9dias et les gouvernements occidentaux.<\/span><\/span><\/span><\/p>\n<p><span style=\"color: #000000;\"><span style=\"font-family: Arial, sans-serif;\"><span style=\"font-size: medium;\">Alex Karp, le PDG de Palantir, un important sous-traitant du gouvernement am\u00e9ricain soutenu par la CIA et ayant des liens \u00e9troits avec Isra\u00ebl, a \u00e9t\u00e9 tr\u00e8s honn\u00eate lorsqu&rsquo;il a r\u00e9cemment averti : \u00ab Nous pensons que ces choses qui se produisent, en particulier sur les campus universitaires, sont comme un spectacle secondaire &#8211; non, c&rsquo;est le spectacle. \u00bb<\/span><\/span><\/span><\/p>\n<p><span style=\"color: #000000;\"><span style=\"font-family: Arial, sans-serif;\"><span style=\"font-size: medium;\">Ce \u00ab progressiste \u00bb autoproclam\u00e9 a poursuivi en expliquant : \u00ab Parce que si nous perdons le d\u00e9bat intellectuel, vous ne pourrez plus jamais d\u00e9ployer d&rsquo;arm\u00e9e en Occident. \u00bb Il est rejoint par d\u2019autres milliardaires qui ont exhort\u00e9 le maire de New York \u00e0 l\u00e2cher les forces de police pour r\u00e9primer les manifestations sur le campus de l\u2019Universit\u00e9 Columbia.<\/span><\/span><\/span><\/p>\n<p><span style=\"color: #000000;\"><span style=\"font-family: Arial, sans-serif;\"><span style=\"font-size: medium;\">Les administrateurs de l\u2019universit\u00e9, cependant, n\u2019ont pas eu besoin d\u2019encouragements \u00e0 cet \u00e9gard, car ils ont volontiers invit\u00e9 la police \u00e0 d\u00e9manteler violemment les campements d\u2019\u00e9tudiants et \u00e0 mettre fin aux manifestations sur le campus.<\/span><\/span><\/span><\/p>\n<p><span style=\"color: #000000;\"><span style=\"font-family: Arial, sans-serif;\"><span style=\"font-size: medium;\">En se soumettant \u00e0 ces exigences r\u00e9pressives, les universit\u00e9s am\u00e9ricaines et europ\u00e9ennes continueront d\u2019imposer le dictionnaire et le th\u00e9saurus sp\u00e9cialis\u00e9s du gouvernement et des m\u00e9dias aux universitaires.<\/span><\/span><\/span><\/p>\n<p><span style=\"color: #000000;\"><span style=\"font-family: Arial, sans-serif;\"><span style=\"font-size: medium;\">Une fois qu\u2019ils seront appliqu\u00e9s, le dernier bastion de la production de connaissances en Occident qui pourrait au moins partiellement \u00e9chapper \u00e0 cette programmation id\u00e9ologique sera align\u00e9 sur l\u2019id\u00e9ologie dominante.<\/span><\/span><\/span><\/p>\n<p><span style=\"color: #000000;\"><span style=\"font-family: Arial, sans-serif;\"><span style=\"font-size: medium;\">Il reste \u00e0 voir si les professeurs et les \u00e9tudiants accepteront ce lexique sans r\u00e9sistance.<\/span><\/span><\/span><\/p>\n<pre><em><span style=\"color: #000000;\"><span style=\"font-family: Arial, sans-serif;\"><span style=\"font-size: medium;\"><span style=\"font-size: small;\">Article original en anglais sur <a href=\"https:\/\/www.middleeasteye.net\/opinion\/why-west-created-new-dictionary-israel-and-palestine\">Middle East Eye<\/a> \/ Traduction MR<\/span><\/span><\/span><\/span><\/em><\/pre>\n","protected":false},"excerpt":{"rendered":"<p>Joseph Massad, 29 juillet 2024. Dans l&rsquo;Occident officiel et ses m\u00e9dias grand public, il existe un dictionnaire et un th\u00e9saurus sp\u00e9cialis\u00e9s pour traduire au public occidental tout ce qui concerne <a class=\"more-link\" href=\"https:\/\/ismfrance.org\/index.php\/2024\/07\/30\/pourquoi-loccident-a-cree-un-nouveau-dictionnaire-pour-israel-et-la-palestine\/\">Lire la suite &rarr;<\/a><\/p>\n","protected":false},"author":3,"featured_media":13408,"comment_status":"closed","ping_status":"closed","sticky":false,"template":"","format":"standard","meta":{"footnotes":""},"categories":[12,2],"tags":[205,82],"class_list":["post-13406","post","type-post","status-publish","format-standard","has-post-thumbnail","hentry","category-analyses","category-articles","tag-medias-occidentaux","tag-propagande"],"yoast_head":"<!-- This site is optimized with the Yoast SEO plugin v27.5 - https:\/\/yoast.com\/product\/yoast-seo-wordpress\/ -->\n<title>Pourquoi l&#039;Occident a cr\u00e9\u00e9 un nouveau dictionnaire pour Isra\u00ebl et la Palestine - International Solidarity Movement - ISM-France<\/title>\n<meta name=\"robots\" content=\"index, follow, max-snippet:-1, max-image-preview:large, max-video-preview:-1\" \/>\n<link rel=\"canonical\" href=\"https:\/\/ismfrance.org\/index.php\/2024\/07\/30\/pourquoi-loccident-a-cree-un-nouveau-dictionnaire-pour-israel-et-la-palestine\/\" \/>\n<meta property=\"og:locale\" content=\"fr_FR\" \/>\n<meta property=\"og:type\" content=\"article\" \/>\n<meta property=\"og:title\" content=\"Pourquoi l&#039;Occident a cr\u00e9\u00e9 un nouveau dictionnaire pour Isra\u00ebl et la Palestine - International Solidarity Movement - ISM-France\" \/>\n<meta property=\"og:description\" content=\"Joseph Massad, 29 juillet 2024. Dans l&rsquo;Occident officiel et ses m\u00e9dias grand public, il existe un dictionnaire et un th\u00e9saurus sp\u00e9cialis\u00e9s pour traduire au public occidental tout ce qui concerne Lire la suite &rarr;\" \/>\n<meta property=\"og:url\" content=\"https:\/\/ismfrance.org\/index.php\/2024\/07\/30\/pourquoi-loccident-a-cree-un-nouveau-dictionnaire-pour-israel-et-la-palestine\/\" \/>\n<meta property=\"og:site_name\" content=\"International Solidarity Movement - ISM-France\" \/>\n<meta property=\"article:published_time\" content=\"2024-07-30T14:35:41+00:00\" \/>\n<meta property=\"article:modified_time\" content=\"2024-07-31T14:11:00+00:00\" \/>\n<meta property=\"og:image\" content=\"https:\/\/ismfrance.org\/wp-content\/uploads\/2024\/07\/langage.jpg\" \/>\n\t<meta property=\"og:image:width\" content=\"1400\" \/>\n\t<meta property=\"og:image:height\" content=\"1161\" \/>\n\t<meta property=\"og:image:type\" content=\"image\/jpeg\" \/>\n<meta name=\"author\" content=\"mru_01\" \/>\n<meta name=\"twitter:card\" content=\"summary_large_image\" \/>\n<meta name=\"twitter:creator\" content=\"@ISMFRANCE\" \/>\n<meta name=\"twitter:site\" content=\"@ISMFRANCE\" \/>\n<meta name=\"twitter:label1\" content=\"\u00c9crit par\" \/>\n\t<meta name=\"twitter:data1\" content=\"mru_01\" \/>\n\t<meta name=\"twitter:label2\" content=\"Dur\u00e9e de lecture estim\u00e9e\" \/>\n\t<meta name=\"twitter:data2\" content=\"15 minutes\" \/>\n<script type=\"application\/ld+json\" class=\"yoast-schema-graph\">{\"@context\":\"https:\\\/\\\/schema.org\",\"@graph\":[{\"@type\":\"Article\",\"@id\":\"https:\\\/\\\/ismfrance.org\\\/index.php\\\/2024\\\/07\\\/30\\\/pourquoi-loccident-a-cree-un-nouveau-dictionnaire-pour-israel-et-la-palestine\\\/#article\",\"isPartOf\":{\"@id\":\"https:\\\/\\\/ismfrance.org\\\/index.php\\\/2024\\\/07\\\/30\\\/pourquoi-loccident-a-cree-un-nouveau-dictionnaire-pour-israel-et-la-palestine\\\/\"},\"author\":{\"name\":\"mru_01\",\"@id\":\"https:\\\/\\\/ismfrance.org\\\/#\\\/schema\\\/person\\\/3c411eb72adfaae19c0dca1f41fae01d\"},\"headline\":\"Pourquoi l&rsquo;Occident a cr\u00e9\u00e9 un nouveau dictionnaire pour Isra\u00ebl et la Palestine\",\"datePublished\":\"2024-07-30T14:35:41+00:00\",\"dateModified\":\"2024-07-31T14:11:00+00:00\",\"mainEntityOfPage\":{\"@id\":\"https:\\\/\\\/ismfrance.org\\\/index.php\\\/2024\\\/07\\\/30\\\/pourquoi-loccident-a-cree-un-nouveau-dictionnaire-pour-israel-et-la-palestine\\\/\"},\"wordCount\":3032,\"publisher\":{\"@id\":\"https:\\\/\\\/ismfrance.org\\\/#organization\"},\"image\":{\"@id\":\"https:\\\/\\\/ismfrance.org\\\/index.php\\\/2024\\\/07\\\/30\\\/pourquoi-loccident-a-cree-un-nouveau-dictionnaire-pour-israel-et-la-palestine\\\/#primaryimage\"},\"thumbnailUrl\":\"https:\\\/\\\/ismfrance.org\\\/wp-content\\\/uploads\\\/2024\\\/07\\\/langage.jpg\",\"keywords\":[\"M\u00e9dias occidentaux\",\"Propagande\"],\"articleSection\":[\"Analyses\",\"Articles\"],\"inLanguage\":\"fr-FR\"},{\"@type\":\"WebPage\",\"@id\":\"https:\\\/\\\/ismfrance.org\\\/index.php\\\/2024\\\/07\\\/30\\\/pourquoi-loccident-a-cree-un-nouveau-dictionnaire-pour-israel-et-la-palestine\\\/\",\"url\":\"https:\\\/\\\/ismfrance.org\\\/index.php\\\/2024\\\/07\\\/30\\\/pourquoi-loccident-a-cree-un-nouveau-dictionnaire-pour-israel-et-la-palestine\\\/\",\"name\":\"Pourquoi l'Occident a cr\u00e9\u00e9 un nouveau dictionnaire pour Isra\u00ebl et la Palestine - International Solidarity Movement - ISM-France\",\"isPartOf\":{\"@id\":\"https:\\\/\\\/ismfrance.org\\\/#website\"},\"primaryImageOfPage\":{\"@id\":\"https:\\\/\\\/ismfrance.org\\\/index.php\\\/2024\\\/07\\\/30\\\/pourquoi-loccident-a-cree-un-nouveau-dictionnaire-pour-israel-et-la-palestine\\\/#primaryimage\"},\"image\":{\"@id\":\"https:\\\/\\\/ismfrance.org\\\/index.php\\\/2024\\\/07\\\/30\\\/pourquoi-loccident-a-cree-un-nouveau-dictionnaire-pour-israel-et-la-palestine\\\/#primaryimage\"},\"thumbnailUrl\":\"https:\\\/\\\/ismfrance.org\\\/wp-content\\\/uploads\\\/2024\\\/07\\\/langage.jpg\",\"datePublished\":\"2024-07-30T14:35:41+00:00\",\"dateModified\":\"2024-07-31T14:11:00+00:00\",\"breadcrumb\":{\"@id\":\"https:\\\/\\\/ismfrance.org\\\/index.php\\\/2024\\\/07\\\/30\\\/pourquoi-loccident-a-cree-un-nouveau-dictionnaire-pour-israel-et-la-palestine\\\/#breadcrumb\"},\"inLanguage\":\"fr-FR\",\"potentialAction\":[{\"@type\":\"ReadAction\",\"target\":[\"https:\\\/\\\/ismfrance.org\\\/index.php\\\/2024\\\/07\\\/30\\\/pourquoi-loccident-a-cree-un-nouveau-dictionnaire-pour-israel-et-la-palestine\\\/\"]}]},{\"@type\":\"ImageObject\",\"inLanguage\":\"fr-FR\",\"@id\":\"https:\\\/\\\/ismfrance.org\\\/index.php\\\/2024\\\/07\\\/30\\\/pourquoi-loccident-a-cree-un-nouveau-dictionnaire-pour-israel-et-la-palestine\\\/#primaryimage\",\"url\":\"https:\\\/\\\/ismfrance.org\\\/wp-content\\\/uploads\\\/2024\\\/07\\\/langage.jpg\",\"contentUrl\":\"https:\\\/\\\/ismfrance.org\\\/wp-content\\\/uploads\\\/2024\\\/07\\\/langage.jpg\",\"width\":1400,\"height\":1161},{\"@type\":\"BreadcrumbList\",\"@id\":\"https:\\\/\\\/ismfrance.org\\\/index.php\\\/2024\\\/07\\\/30\\\/pourquoi-loccident-a-cree-un-nouveau-dictionnaire-pour-israel-et-la-palestine\\\/#breadcrumb\",\"itemListElement\":[{\"@type\":\"ListItem\",\"position\":1,\"name\":\"Accueil\",\"item\":\"https:\\\/\\\/ismfrance.org\\\/\"},{\"@type\":\"ListItem\",\"position\":2,\"name\":\"Pourquoi l&#8217;Occident a cr\u00e9\u00e9 un nouveau dictionnaire pour Isra\u00ebl et la Palestine\"}]},{\"@type\":\"WebSite\",\"@id\":\"https:\\\/\\\/ismfrance.org\\\/#website\",\"url\":\"https:\\\/\\\/ismfrance.org\\\/\",\"name\":\"ISM Palestine France\",\"description\":\"Soutien aux luttes de lib\u00e9ration du peuple palestinien\",\"publisher\":{\"@id\":\"https:\\\/\\\/ismfrance.org\\\/#organization\"},\"potentialAction\":[{\"@type\":\"SearchAction\",\"target\":{\"@type\":\"EntryPoint\",\"urlTemplate\":\"https:\\\/\\\/ismfrance.org\\\/?s={search_term_string}\"},\"query-input\":{\"@type\":\"PropertyValueSpecification\",\"valueRequired\":true,\"valueName\":\"search_term_string\"}}],\"inLanguage\":\"fr-FR\"},{\"@type\":\"Organization\",\"@id\":\"https:\\\/\\\/ismfrance.org\\\/#organization\",\"name\":\"International Solidarity Movement\",\"url\":\"https:\\\/\\\/ismfrance.org\\\/\",\"logo\":{\"@type\":\"ImageObject\",\"inLanguage\":\"fr-FR\",\"@id\":\"https:\\\/\\\/ismfrance.org\\\/#\\\/schema\\\/logo\\\/image\\\/\",\"url\":\"https:\\\/\\\/ismfrance.org\\\/wp-content\\\/uploads\\\/2020\\\/12\\\/00.png\",\"contentUrl\":\"https:\\\/\\\/ismfrance.org\\\/wp-content\\\/uploads\\\/2020\\\/12\\\/00.png\",\"width\":400,\"height\":400,\"caption\":\"International Solidarity Movement\"},\"image\":{\"@id\":\"https:\\\/\\\/ismfrance.org\\\/#\\\/schema\\\/logo\\\/image\\\/\"},\"sameAs\":[\"https:\\\/\\\/x.com\\\/ISMFRANCE\"]},{\"@type\":\"Person\",\"@id\":\"https:\\\/\\\/ismfrance.org\\\/#\\\/schema\\\/person\\\/3c411eb72adfaae19c0dca1f41fae01d\",\"name\":\"mru_01\",\"image\":{\"@type\":\"ImageObject\",\"inLanguage\":\"fr-FR\",\"@id\":\"https:\\\/\\\/secure.gravatar.com\\\/avatar\\\/3a0be343b445d2ccc79e87444a294fad2b232e90d2051d0e3cc219e1ecd6a330?s=96&d=mm&r=g\",\"url\":\"https:\\\/\\\/secure.gravatar.com\\\/avatar\\\/3a0be343b445d2ccc79e87444a294fad2b232e90d2051d0e3cc219e1ecd6a330?s=96&d=mm&r=g\",\"contentUrl\":\"https:\\\/\\\/secure.gravatar.com\\\/avatar\\\/3a0be343b445d2ccc79e87444a294fad2b232e90d2051d0e3cc219e1ecd6a330?s=96&d=mm&r=g\",\"caption\":\"mru_01\"},\"url\":\"https:\\\/\\\/ismfrance.org\\\/index.php\\\/author\\\/admin02\\\/\"}]}<\/script>\n<!-- \/ Yoast SEO plugin. -->","yoast_head_json":{"title":"Pourquoi l'Occident a cr\u00e9\u00e9 un nouveau dictionnaire pour Isra\u00ebl et la Palestine - International Solidarity Movement - ISM-France","robots":{"index":"index","follow":"follow","max-snippet":"max-snippet:-1","max-image-preview":"max-image-preview:large","max-video-preview":"max-video-preview:-1"},"canonical":"https:\/\/ismfrance.org\/index.php\/2024\/07\/30\/pourquoi-loccident-a-cree-un-nouveau-dictionnaire-pour-israel-et-la-palestine\/","og_locale":"fr_FR","og_type":"article","og_title":"Pourquoi l'Occident a cr\u00e9\u00e9 un nouveau dictionnaire pour Isra\u00ebl et la Palestine - International Solidarity Movement - ISM-France","og_description":"Joseph Massad, 29 juillet 2024. Dans l&rsquo;Occident officiel et ses m\u00e9dias grand public, il existe un dictionnaire et un th\u00e9saurus sp\u00e9cialis\u00e9s pour traduire au public occidental tout ce qui concerne Lire la suite &rarr;","og_url":"https:\/\/ismfrance.org\/index.php\/2024\/07\/30\/pourquoi-loccident-a-cree-un-nouveau-dictionnaire-pour-israel-et-la-palestine\/","og_site_name":"International Solidarity Movement - ISM-France","article_published_time":"2024-07-30T14:35:41+00:00","article_modified_time":"2024-07-31T14:11:00+00:00","og_image":[{"width":1400,"height":1161,"url":"https:\/\/ismfrance.org\/wp-content\/uploads\/2024\/07\/langage.jpg","type":"image\/jpeg"}],"author":"mru_01","twitter_card":"summary_large_image","twitter_creator":"@ISMFRANCE","twitter_site":"@ISMFRANCE","twitter_misc":{"\u00c9crit par":"mru_01","Dur\u00e9e de lecture estim\u00e9e":"15 minutes"},"schema":{"@context":"https:\/\/schema.org","@graph":[{"@type":"Article","@id":"https:\/\/ismfrance.org\/index.php\/2024\/07\/30\/pourquoi-loccident-a-cree-un-nouveau-dictionnaire-pour-israel-et-la-palestine\/#article","isPartOf":{"@id":"https:\/\/ismfrance.org\/index.php\/2024\/07\/30\/pourquoi-loccident-a-cree-un-nouveau-dictionnaire-pour-israel-et-la-palestine\/"},"author":{"name":"mru_01","@id":"https:\/\/ismfrance.org\/#\/schema\/person\/3c411eb72adfaae19c0dca1f41fae01d"},"headline":"Pourquoi l&rsquo;Occident a cr\u00e9\u00e9 un nouveau dictionnaire pour Isra\u00ebl et la Palestine","datePublished":"2024-07-30T14:35:41+00:00","dateModified":"2024-07-31T14:11:00+00:00","mainEntityOfPage":{"@id":"https:\/\/ismfrance.org\/index.php\/2024\/07\/30\/pourquoi-loccident-a-cree-un-nouveau-dictionnaire-pour-israel-et-la-palestine\/"},"wordCount":3032,"publisher":{"@id":"https:\/\/ismfrance.org\/#organization"},"image":{"@id":"https:\/\/ismfrance.org\/index.php\/2024\/07\/30\/pourquoi-loccident-a-cree-un-nouveau-dictionnaire-pour-israel-et-la-palestine\/#primaryimage"},"thumbnailUrl":"https:\/\/ismfrance.org\/wp-content\/uploads\/2024\/07\/langage.jpg","keywords":["M\u00e9dias occidentaux","Propagande"],"articleSection":["Analyses","Articles"],"inLanguage":"fr-FR"},{"@type":"WebPage","@id":"https:\/\/ismfrance.org\/index.php\/2024\/07\/30\/pourquoi-loccident-a-cree-un-nouveau-dictionnaire-pour-israel-et-la-palestine\/","url":"https:\/\/ismfrance.org\/index.php\/2024\/07\/30\/pourquoi-loccident-a-cree-un-nouveau-dictionnaire-pour-israel-et-la-palestine\/","name":"Pourquoi l'Occident a cr\u00e9\u00e9 un nouveau dictionnaire pour Isra\u00ebl et la Palestine - International Solidarity Movement - ISM-France","isPartOf":{"@id":"https:\/\/ismfrance.org\/#website"},"primaryImageOfPage":{"@id":"https:\/\/ismfrance.org\/index.php\/2024\/07\/30\/pourquoi-loccident-a-cree-un-nouveau-dictionnaire-pour-israel-et-la-palestine\/#primaryimage"},"image":{"@id":"https:\/\/ismfrance.org\/index.php\/2024\/07\/30\/pourquoi-loccident-a-cree-un-nouveau-dictionnaire-pour-israel-et-la-palestine\/#primaryimage"},"thumbnailUrl":"https:\/\/ismfrance.org\/wp-content\/uploads\/2024\/07\/langage.jpg","datePublished":"2024-07-30T14:35:41+00:00","dateModified":"2024-07-31T14:11:00+00:00","breadcrumb":{"@id":"https:\/\/ismfrance.org\/index.php\/2024\/07\/30\/pourquoi-loccident-a-cree-un-nouveau-dictionnaire-pour-israel-et-la-palestine\/#breadcrumb"},"inLanguage":"fr-FR","potentialAction":[{"@type":"ReadAction","target":["https:\/\/ismfrance.org\/index.php\/2024\/07\/30\/pourquoi-loccident-a-cree-un-nouveau-dictionnaire-pour-israel-et-la-palestine\/"]}]},{"@type":"ImageObject","inLanguage":"fr-FR","@id":"https:\/\/ismfrance.org\/index.php\/2024\/07\/30\/pourquoi-loccident-a-cree-un-nouveau-dictionnaire-pour-israel-et-la-palestine\/#primaryimage","url":"https:\/\/ismfrance.org\/wp-content\/uploads\/2024\/07\/langage.jpg","contentUrl":"https:\/\/ismfrance.org\/wp-content\/uploads\/2024\/07\/langage.jpg","width":1400,"height":1161},{"@type":"BreadcrumbList","@id":"https:\/\/ismfrance.org\/index.php\/2024\/07\/30\/pourquoi-loccident-a-cree-un-nouveau-dictionnaire-pour-israel-et-la-palestine\/#breadcrumb","itemListElement":[{"@type":"ListItem","position":1,"name":"Accueil","item":"https:\/\/ismfrance.org\/"},{"@type":"ListItem","position":2,"name":"Pourquoi l&#8217;Occident a cr\u00e9\u00e9 un nouveau dictionnaire pour Isra\u00ebl et la Palestine"}]},{"@type":"WebSite","@id":"https:\/\/ismfrance.org\/#website","url":"https:\/\/ismfrance.org\/","name":"ISM Palestine France","description":"Soutien aux luttes de lib\u00e9ration du peuple palestinien","publisher":{"@id":"https:\/\/ismfrance.org\/#organization"},"potentialAction":[{"@type":"SearchAction","target":{"@type":"EntryPoint","urlTemplate":"https:\/\/ismfrance.org\/?s={search_term_string}"},"query-input":{"@type":"PropertyValueSpecification","valueRequired":true,"valueName":"search_term_string"}}],"inLanguage":"fr-FR"},{"@type":"Organization","@id":"https:\/\/ismfrance.org\/#organization","name":"International Solidarity Movement","url":"https:\/\/ismfrance.org\/","logo":{"@type":"ImageObject","inLanguage":"fr-FR","@id":"https:\/\/ismfrance.org\/#\/schema\/logo\/image\/","url":"https:\/\/ismfrance.org\/wp-content\/uploads\/2020\/12\/00.png","contentUrl":"https:\/\/ismfrance.org\/wp-content\/uploads\/2020\/12\/00.png","width":400,"height":400,"caption":"International Solidarity Movement"},"image":{"@id":"https:\/\/ismfrance.org\/#\/schema\/logo\/image\/"},"sameAs":["https:\/\/x.com\/ISMFRANCE"]},{"@type":"Person","@id":"https:\/\/ismfrance.org\/#\/schema\/person\/3c411eb72adfaae19c0dca1f41fae01d","name":"mru_01","image":{"@type":"ImageObject","inLanguage":"fr-FR","@id":"https:\/\/secure.gravatar.com\/avatar\/3a0be343b445d2ccc79e87444a294fad2b232e90d2051d0e3cc219e1ecd6a330?s=96&d=mm&r=g","url":"https:\/\/secure.gravatar.com\/avatar\/3a0be343b445d2ccc79e87444a294fad2b232e90d2051d0e3cc219e1ecd6a330?s=96&d=mm&r=g","contentUrl":"https:\/\/secure.gravatar.com\/avatar\/3a0be343b445d2ccc79e87444a294fad2b232e90d2051d0e3cc219e1ecd6a330?s=96&d=mm&r=g","caption":"mru_01"},"url":"https:\/\/ismfrance.org\/index.php\/author\/admin02\/"}]}},"_links":{"self":[{"href":"https:\/\/ismfrance.org\/index.php\/wp-json\/wp\/v2\/posts\/13406","targetHints":{"allow":["GET"]}}],"collection":[{"href":"https:\/\/ismfrance.org\/index.php\/wp-json\/wp\/v2\/posts"}],"about":[{"href":"https:\/\/ismfrance.org\/index.php\/wp-json\/wp\/v2\/types\/post"}],"author":[{"embeddable":true,"href":"https:\/\/ismfrance.org\/index.php\/wp-json\/wp\/v2\/users\/3"}],"replies":[{"embeddable":true,"href":"https:\/\/ismfrance.org\/index.php\/wp-json\/wp\/v2\/comments?post=13406"}],"version-history":[{"count":0,"href":"https:\/\/ismfrance.org\/index.php\/wp-json\/wp\/v2\/posts\/13406\/revisions"}],"wp:featuredmedia":[{"embeddable":true,"href":"https:\/\/ismfrance.org\/index.php\/wp-json\/wp\/v2\/media\/13408"}],"wp:attachment":[{"href":"https:\/\/ismfrance.org\/index.php\/wp-json\/wp\/v2\/media?parent=13406"}],"wp:term":[{"taxonomy":"category","embeddable":true,"href":"https:\/\/ismfrance.org\/index.php\/wp-json\/wp\/v2\/categories?post=13406"},{"taxonomy":"post_tag","embeddable":true,"href":"https:\/\/ismfrance.org\/index.php\/wp-json\/wp\/v2\/tags?post=13406"}],"curies":[{"name":"wp","href":"https:\/\/api.w.org\/{rel}","templated":true}]}}