{"id":13329,"date":"2024-07-27T22:41:28","date_gmt":"2024-07-27T20:41:28","guid":{"rendered":"https:\/\/ismfrance.org\/?p=13329"},"modified":"2024-12-16T10:12:55","modified_gmt":"2024-12-16T09:12:55","slug":"temoignages-de-gazaouis-la-survie-qui-sorganise-au-jour-le-jour-dans-lenfer-de-gaza-partie-132-27-juillet","status":"publish","type":"post","link":"https:\/\/ismfrance.org\/index.php\/2024\/07\/27\/temoignages-de-gazaouis-la-survie-qui-sorganise-au-jour-le-jour-dans-lenfer-de-gaza-partie-132-27-juillet\/","title":{"rendered":"T\u00e9moignages de Gazaouis : La survie qui s\u2019organise au jour le jour dans l\u2019enfer de Gaza \u2013 partie 132 \/ 27 juillet"},"content":{"rendered":"<p align=\"LEFT\"><span style=\"color: #000000;\"><span style=\"font-family: Arial, sans-serif;\"><span style=\"font-size: medium;\"><b>Brigitte Challande, 27 juillet 2024. <\/b>Abu Amir nous envoie aujourd&rsquo;hui le compte rendu d\u2019une nouvelle et sans doute future activit\u00e9.<\/span><\/span><\/span><\/p>\n<blockquote><p>Cliquez ici pour consulter les <a href=\"https:\/\/ismfrance.org\/index.php\/temoignages-gazaouis-survie-enfer-gaza-1\/\" rel=\"noopener\" target=\"_blank\">R\u00e9cits complets<\/a>.<\/p><\/blockquote>\n<p><span style=\"color: #000000;\"><span style=\"font-family: Arial, sans-serif;\"><span style=\"font-size: medium;\"><span lang=\"fr-FR\"><b>\u00ab\u00a0S\u00e9ances de soutien psychologique pour les hommes<\/b><\/span><\/span><\/span><\/span><\/p>\n<p><a href=\"https:\/\/ismfrance.org\/wp-content\/uploads\/2024\/07\/ateliers-H1.png\"><img loading=\"lazy\" decoding=\"async\" class=\"size-large wp-image-13333 aligncenter\" src=\"https:\/\/ismfrance.org\/wp-content\/uploads\/2024\/07\/ateliers-H1-700x533.png\" alt=\"\" width=\"600\" height=\"457\" srcset=\"https:\/\/ismfrance.org\/wp-content\/uploads\/2024\/07\/ateliers-H1-700x533.png 700w, https:\/\/ismfrance.org\/wp-content\/uploads\/2024\/07\/ateliers-H1-300x228.png 300w, https:\/\/ismfrance.org\/wp-content\/uploads\/2024\/07\/ateliers-H1-768x584.png 768w, https:\/\/ismfrance.org\/wp-content\/uploads\/2024\/07\/ateliers-H1.png 857w\" sizes=\"auto, (max-width: 600px) 100vw, 600px\" \/><\/a><span style=\"color: #000000;\"><span style=\"font-family: Arial, sans-serif;\"><span style=\"font-size: medium;\"><span lang=\"fr-FR\">En cette p\u00e9riode difficile et \u00e0 la lumi\u00e8re de la guerre f\u00e9roce, nous ne pouvons qu&rsquo;\u00eatre reconnaissants pour la pers\u00e9v\u00e9rance, la g\u00e9n\u00e9rosit\u00e9 et les sacrifices des femmes du monde entier, en particulier dans la bande de Gaza. Les femmes de la bande de Gaza ont fait et continuent de faire de grands sacrifices dans la situation de guerre. Elles jouent un r\u00f4le essentiel dans le maintien de la coh\u00e9sion de la famille et dans le soutien \u00e9motionnel et psychologique de ses membres. Elles assument souvent la responsabilit\u00e9 de prendre soin des enfants et des personnes \u00e2g\u00e9es et de garantir les besoins fondamentaux de la famille malgr\u00e9 les circonstances tr\u00e8s difficiles. De plus, les femmes participent au travail communautaire et de secours et contribuent \u00e0 renforcer la r\u00e9silience de la soci\u00e9t\u00e9 par leurs diverses activit\u00e9s. Elles ont notamment d\u00fb endurer la perte de leur famille et de leurs proches, ainsi que les souffrances quotidiennes dues \u00e0 la pauvret\u00e9 et aux conditions de vie difficiles, mais elles restent un symbole de pers\u00e9v\u00e9rance et de volont\u00e9 forte, comme elles nous y ont toujours habitu\u00e9s. <\/span><\/span><\/span><\/span><\/p>\n<p lang=\"fr-FR\"><span style=\"color: #000000;\"><span style=\"font-family: Arial, sans-serif;\"><span style=\"font-size: medium;\">La guerre de Gaza a \u00e9galement de profondes r\u00e9percussions sur les hommes. Les hommes sont vus comme ayant plus de force et d&rsquo;endurance que les femmes, mais de mon simple point de vue, je dis que les hommes sont plus faibles que les femmes \u00e0 long terme, et c&rsquo;est ce que j&rsquo;ai constat\u00e9 pendant la guerre.<\/span><\/span><\/span><\/p>\n<p lang=\"fr-FR\"><a href=\"https:\/\/ismfrance.org\/wp-content\/uploads\/2024\/07\/ateliers-H2.png\"><img loading=\"lazy\" decoding=\"async\" class=\"size-large wp-image-13334 aligncenter\" src=\"https:\/\/ismfrance.org\/wp-content\/uploads\/2024\/07\/ateliers-H2-700x523.png\" alt=\"\" width=\"600\" height=\"448\" srcset=\"https:\/\/ismfrance.org\/wp-content\/uploads\/2024\/07\/ateliers-H2-700x523.png 700w, https:\/\/ismfrance.org\/wp-content\/uploads\/2024\/07\/ateliers-H2-300x224.png 300w, https:\/\/ismfrance.org\/wp-content\/uploads\/2024\/07\/ateliers-H2-768x574.png 768w, https:\/\/ismfrance.org\/wp-content\/uploads\/2024\/07\/ateliers-H2.png 869w\" sizes=\"auto, (max-width: 600px) 100vw, 600px\" \/><\/a><\/p>\n<p lang=\"fr-FR\"><span style=\"color: #000000;\"><span style=\"font-family: Arial, sans-serif;\"><span style=\"font-size: medium;\">Les femmes sont plus fortes pour assumer leurs responsabilit\u00e9s. On peut voir les hommes comme plus forts \u00e0 travers la structure ext\u00e9rieure, mais si nous regardons l&rsquo;\u00e9tat psychologique, nous constatons que les hommes sont psychologiquement bris\u00e9s, et c&rsquo;est ce que nous constatons dans les relations quotidiennes, les querelles fr\u00e9quentes, la violence et la nervosit\u00e9 excessive dans les relations. Ces comportements sont le r\u00e9sultat d&rsquo;une \u00e9norme pression psychologique due au fardeau \u00e9norme et au stress psychologique de la perte de s\u00e9curit\u00e9 et de la perte personnelle. <\/span><\/span><\/span><\/p>\n<p lang=\"fr-FR\"><span style=\"color: #000000;\"><span style=\"font-family: Arial, sans-serif;\"><span style=\"font-size: medium;\">Les hommes dans ce contexte peuvent avoir du mal \u00e0 g\u00e9rer le stress et l&rsquo;anxi\u00e9t\u00e9, ce qui conduit \u00e0 une incapacit\u00e9 \u00e0 \u00e9couter l&rsquo;autre partie et \u00e0 s&rsquo;engager dans des conflits r\u00e9p\u00e9t\u00e9s. Cette pression psychologique est un lourd fardeau pour les hommes et les fait se sentir isol\u00e9s et incapables de contr\u00f4ler leurs \u00e9motions avec les autres. Se sentir stress\u00e9s les pousse \u00e0 chercher un coupable \u00e0 tenir pour responsable de ce dont ils souffrent. Le soutien psychologique et social de ces personnes peut \u00eatre essentiel pour att\u00e9nuer ces effets n\u00e9gatifs.<\/span><\/span><\/span><\/p>\n<p lang=\"fr-FR\"><a href=\"https:\/\/ismfrance.org\/wp-content\/uploads\/2024\/07\/ateliers-H3.png\"><img loading=\"lazy\" decoding=\"async\" class=\"size-large wp-image-13336 aligncenter\" src=\"https:\/\/ismfrance.org\/wp-content\/uploads\/2024\/07\/ateliers-H3-700x523.png\" alt=\"\" width=\"600\" height=\"448\" srcset=\"https:\/\/ismfrance.org\/wp-content\/uploads\/2024\/07\/ateliers-H3-700x523.png 700w, https:\/\/ismfrance.org\/wp-content\/uploads\/2024\/07\/ateliers-H3-300x224.png 300w, https:\/\/ismfrance.org\/wp-content\/uploads\/2024\/07\/ateliers-H3-768x574.png 768w, https:\/\/ismfrance.org\/wp-content\/uploads\/2024\/07\/ateliers-H3.png 864w\" sizes=\"auto, (max-width: 600px) 100vw, 600px\" \/><\/a><span style=\"color: #000000;\"><span style=\"font-family: Arial, sans-serif;\"><span style=\"font-size: medium;\">Apr\u00e8s avoir mis en place des s\u00e9ances de soutien psychologique pour les femmes dans les camps de d\u00e9plac\u00e9s, qui ont \u00e9t\u00e9 largement accept\u00e9es par les femmes et qui ont contribu\u00e9 \u00e0 am\u00e9liorer leur \u00e9tat psychologique et \u00e0 les aider \u00e0 surmonter les obstacles et les pressions auxquelles elles sont confront\u00e9es dans les camps de d\u00e9plac\u00e9s, les femmes ont demand\u00e9 que leurs maris et leurs enfants soient inclus dans certains ateliers de soutien psychologique pour att\u00e9nuer les effets n\u00e9gatifs dont elles souffrent, qui se refl\u00e8tent notamment sur la famille. <\/span><\/span><\/span><\/p>\n<p lang=\"fr-FR\"><span style=\"color: #000000;\"><span style=\"font-family: Arial, sans-serif;\"><span style=\"font-size: medium;\">C&rsquo;est pourquoi nous avons mis en place aujourd&rsquo;hui un atelier de soulagement psychologique pour les hommes, qui comprenait de nombreuses activit\u00e9s r\u00e9cr\u00e9atives et sportives. <\/span><\/span><\/span><\/p>\n<p lang=\"fr-FR\"><span style=\"color: #000000;\"><span style=\"font-family: Arial, sans-serif;\"><span style=\"font-size: medium;\">Cette s\u00e9ance \u00e9tait une s\u00e9ance d&rsquo;\u00e9valuation de ce que nous pouvons faire pour aider ce groupe.<\/span><\/span><\/span><\/p>\n<p align=\"LEFT\"><span style=\"color: #000000;\"><span style=\"font-family: Arial, sans-serif;\"><span style=\"font-size: medium;\"><i>Photos et vid\u00e9o <\/i><a href=\"https:\/\/drive.google.com\/drive\/folders\/16ncFF6BjwwN1VeermcUjswSfDjTA2OJh\"><i><b>ICI<\/b><\/i><\/a><\/span><\/span><\/span><\/p>\n<hr \/>\n<p align=\"LEFT\"><strong>Retrouvez l\u2019ensemble des t\u00e9moignages d\u2019Abu Amir et Marsel :<\/strong><\/p>\n<p>*<strong>Abu Amir Mutasem Ele\u00efwa<\/strong>\u00a0est coordinateur des Projets paysans depuis 2016 au sud de la bande de Gaza et correspondant de l\u2019Union Juive Fran\u00e7aise pour la Paix.<\/p>\n<p>*<strong>Marsel Alledawi<\/strong>\u00a0est responsable du Centre Ibn Sina du nord de la bande de Gaza, centre qui se consacre au suivi \u00e9ducatif et psychologique de l\u2019enfance.<\/p>\n<p>Tous les deux sont soutenus par l\u2019UJFP en France.<\/p>\n<hr \/>\n<pre><strong><em>Pour participer \u00e0 la collecte \"Urgence Guerre \u00e0 Gaza\" : <a href=\"https:\/\/www.helloasso.com\/associations\/union-juive-francaise-pour-la-paix\/collectes\/urgence-guerre-a-gaza\">HelloAsso.com<\/a><\/em><\/strong><\/pre>\n<hr \/>\n<pre><strong><em>Les t\u00e9moignages sont \u00e9galement publi\u00e9s sur <a href=\"https:\/\/ujfp.org\/\">UJFP<\/a>; <a href=\"https:\/\/altermidi.org\/2023\/12\/27\/la-survie-qui-sorganise-au-jour-le-jour-dans-lenfer-de-gaza\/\">Altermidi.org<\/a><\/em><\/strong><\/pre>\n","protected":false},"excerpt":{"rendered":"<p>Brigitte Challande, 27 juillet 2024. Abu Amir nous envoie aujourd&rsquo;hui le compte rendu d\u2019une nouvelle et sans doute future activit\u00e9. Cliquez ici pour consulter les R\u00e9cits complets. \u00ab\u00a0S\u00e9ances de soutien <a class=\"more-link\" href=\"https:\/\/ismfrance.org\/index.php\/2024\/07\/27\/temoignages-de-gazaouis-la-survie-qui-sorganise-au-jour-le-jour-dans-lenfer-de-gaza-partie-132-27-juillet\/\">Lire la suite &rarr;<\/a><\/p>\n","protected":false},"author":3,"featured_media":13333,"comment_status":"closed","ping_status":"closed","sticky":false,"template":"","format":"standard","meta":{"footnotes":""},"categories":[2,13],"tags":[156,29,46],"class_list":["post-13329","post","type-post","status-publish","format-standard","has-post-thumbnail","hentry","category-articles","category-temoignages","tag-genocide","tag-refugies","tag-solidarite"],"yoast_head":"<!-- This site is optimized with the Yoast SEO plugin v27.2 - https:\/\/yoast.com\/product\/yoast-seo-wordpress\/ -->\n<title>T\u00e9moignages de Gazaouis : La survie qui s\u2019organise au jour le jour dans l\u2019enfer de Gaza \u2013 partie 132 \/ 27 juillet - International Solidarity Movement - ISM-France<\/title>\n<meta name=\"robots\" content=\"index, follow, max-snippet:-1, max-image-preview:large, max-video-preview:-1\" \/>\n<link rel=\"canonical\" href=\"https:\/\/ismfrance.org\/index.php\/2024\/07\/27\/temoignages-de-gazaouis-la-survie-qui-sorganise-au-jour-le-jour-dans-lenfer-de-gaza-partie-132-27-juillet\/\" \/>\n<meta property=\"og:locale\" content=\"fr_FR\" \/>\n<meta property=\"og:type\" content=\"article\" \/>\n<meta property=\"og:title\" content=\"T\u00e9moignages de Gazaouis : La survie qui s\u2019organise au jour le jour dans l\u2019enfer de Gaza \u2013 partie 132 \/ 27 juillet - International Solidarity Movement - ISM-France\" \/>\n<meta property=\"og:description\" content=\"Brigitte Challande, 27 juillet 2024. Abu Amir nous envoie aujourd&rsquo;hui le compte rendu d\u2019une nouvelle et sans doute future activit\u00e9. Cliquez ici pour consulter les R\u00e9cits complets. \u00ab\u00a0S\u00e9ances de soutien Lire la suite &rarr;\" \/>\n<meta property=\"og:url\" content=\"https:\/\/ismfrance.org\/index.php\/2024\/07\/27\/temoignages-de-gazaouis-la-survie-qui-sorganise-au-jour-le-jour-dans-lenfer-de-gaza-partie-132-27-juillet\/\" \/>\n<meta property=\"og:site_name\" content=\"International Solidarity Movement - ISM-France\" \/>\n<meta property=\"article:published_time\" content=\"2024-07-27T20:41:28+00:00\" \/>\n<meta property=\"article:modified_time\" content=\"2024-12-16T09:12:55+00:00\" \/>\n<meta property=\"og:image\" content=\"https:\/\/ismfrance.org\/wp-content\/uploads\/2024\/07\/ateliers-H1.png\" \/>\n\t<meta property=\"og:image:width\" content=\"857\" \/>\n\t<meta property=\"og:image:height\" content=\"652\" \/>\n\t<meta property=\"og:image:type\" content=\"image\/png\" \/>\n<meta name=\"author\" content=\"mru_01\" \/>\n<meta name=\"twitter:card\" content=\"summary_large_image\" \/>\n<meta name=\"twitter:creator\" content=\"@ISMFRANCE\" \/>\n<meta name=\"twitter:site\" content=\"@ISMFRANCE\" \/>\n<meta name=\"twitter:label1\" content=\"\u00c9crit par\" \/>\n\t<meta name=\"twitter:data1\" content=\"mru_01\" \/>\n\t<meta name=\"twitter:label2\" content=\"Dur\u00e9e de lecture estim\u00e9e\" \/>\n\t<meta name=\"twitter:data2\" content=\"5 minutes\" \/>\n<script type=\"application\/ld+json\" class=\"yoast-schema-graph\">{\"@context\":\"https:\/\/schema.org\",\"@graph\":[{\"@type\":\"Article\",\"@id\":\"https:\/\/ismfrance.org\/index.php\/2024\/07\/27\/temoignages-de-gazaouis-la-survie-qui-sorganise-au-jour-le-jour-dans-lenfer-de-gaza-partie-132-27-juillet\/#article\",\"isPartOf\":{\"@id\":\"https:\/\/ismfrance.org\/index.php\/2024\/07\/27\/temoignages-de-gazaouis-la-survie-qui-sorganise-au-jour-le-jour-dans-lenfer-de-gaza-partie-132-27-juillet\/\"},\"author\":{\"name\":\"mru_01\",\"@id\":\"https:\/\/ismfrance.org\/#\/schema\/person\/3c411eb72adfaae19c0dca1f41fae01d\"},\"headline\":\"T\u00e9moignages de Gazaouis : La survie qui s\u2019organise au jour le jour dans l\u2019enfer de Gaza \u2013 partie 132 \/ 27 juillet\",\"datePublished\":\"2024-07-27T20:41:28+00:00\",\"dateModified\":\"2024-12-16T09:12:55+00:00\",\"mainEntityOfPage\":{\"@id\":\"https:\/\/ismfrance.org\/index.php\/2024\/07\/27\/temoignages-de-gazaouis-la-survie-qui-sorganise-au-jour-le-jour-dans-lenfer-de-gaza-partie-132-27-juillet\/\"},\"wordCount\":729,\"publisher\":{\"@id\":\"https:\/\/ismfrance.org\/#organization\"},\"image\":{\"@id\":\"https:\/\/ismfrance.org\/index.php\/2024\/07\/27\/temoignages-de-gazaouis-la-survie-qui-sorganise-au-jour-le-jour-dans-lenfer-de-gaza-partie-132-27-juillet\/#primaryimage\"},\"thumbnailUrl\":\"https:\/\/ismfrance.org\/wp-content\/uploads\/2024\/07\/ateliers-H1.png\",\"keywords\":[\"G\u00e9nocide\",\"r\u00e9fugi\u00e9s\",\"solidarit\u00e9\"],\"articleSection\":[\"Articles\",\"T\u00e9moignages\"],\"inLanguage\":\"fr-FR\"},{\"@type\":\"WebPage\",\"@id\":\"https:\/\/ismfrance.org\/index.php\/2024\/07\/27\/temoignages-de-gazaouis-la-survie-qui-sorganise-au-jour-le-jour-dans-lenfer-de-gaza-partie-132-27-juillet\/\",\"url\":\"https:\/\/ismfrance.org\/index.php\/2024\/07\/27\/temoignages-de-gazaouis-la-survie-qui-sorganise-au-jour-le-jour-dans-lenfer-de-gaza-partie-132-27-juillet\/\",\"name\":\"T\u00e9moignages de Gazaouis : La survie qui s\u2019organise au jour le jour dans l\u2019enfer de Gaza \u2013 partie 132 \/ 27 juillet - International Solidarity Movement - ISM-France\",\"isPartOf\":{\"@id\":\"https:\/\/ismfrance.org\/#website\"},\"primaryImageOfPage\":{\"@id\":\"https:\/\/ismfrance.org\/index.php\/2024\/07\/27\/temoignages-de-gazaouis-la-survie-qui-sorganise-au-jour-le-jour-dans-lenfer-de-gaza-partie-132-27-juillet\/#primaryimage\"},\"image\":{\"@id\":\"https:\/\/ismfrance.org\/index.php\/2024\/07\/27\/temoignages-de-gazaouis-la-survie-qui-sorganise-au-jour-le-jour-dans-lenfer-de-gaza-partie-132-27-juillet\/#primaryimage\"},\"thumbnailUrl\":\"https:\/\/ismfrance.org\/wp-content\/uploads\/2024\/07\/ateliers-H1.png\",\"datePublished\":\"2024-07-27T20:41:28+00:00\",\"dateModified\":\"2024-12-16T09:12:55+00:00\",\"breadcrumb\":{\"@id\":\"https:\/\/ismfrance.org\/index.php\/2024\/07\/27\/temoignages-de-gazaouis-la-survie-qui-sorganise-au-jour-le-jour-dans-lenfer-de-gaza-partie-132-27-juillet\/#breadcrumb\"},\"inLanguage\":\"fr-FR\",\"potentialAction\":[{\"@type\":\"ReadAction\",\"target\":[\"https:\/\/ismfrance.org\/index.php\/2024\/07\/27\/temoignages-de-gazaouis-la-survie-qui-sorganise-au-jour-le-jour-dans-lenfer-de-gaza-partie-132-27-juillet\/\"]}]},{\"@type\":\"ImageObject\",\"inLanguage\":\"fr-FR\",\"@id\":\"https:\/\/ismfrance.org\/index.php\/2024\/07\/27\/temoignages-de-gazaouis-la-survie-qui-sorganise-au-jour-le-jour-dans-lenfer-de-gaza-partie-132-27-juillet\/#primaryimage\",\"url\":\"https:\/\/ismfrance.org\/wp-content\/uploads\/2024\/07\/ateliers-H1.png\",\"contentUrl\":\"https:\/\/ismfrance.org\/wp-content\/uploads\/2024\/07\/ateliers-H1.png\",\"width\":857,\"height\":652},{\"@type\":\"BreadcrumbList\",\"@id\":\"https:\/\/ismfrance.org\/index.php\/2024\/07\/27\/temoignages-de-gazaouis-la-survie-qui-sorganise-au-jour-le-jour-dans-lenfer-de-gaza-partie-132-27-juillet\/#breadcrumb\",\"itemListElement\":[{\"@type\":\"ListItem\",\"position\":1,\"name\":\"Accueil\",\"item\":\"https:\/\/ismfrance.org\/\"},{\"@type\":\"ListItem\",\"position\":2,\"name\":\"T\u00e9moignages de Gazaouis : La survie qui s\u2019organise au jour le jour dans l\u2019enfer de Gaza \u2013 partie 132 \/ 27 juillet\"}]},{\"@type\":\"WebSite\",\"@id\":\"https:\/\/ismfrance.org\/#website\",\"url\":\"https:\/\/ismfrance.org\/\",\"name\":\"ISM Palestine France\",\"description\":\"Soutien aux luttes de lib\u00e9ration du peuple palestinien\",\"publisher\":{\"@id\":\"https:\/\/ismfrance.org\/#organization\"},\"potentialAction\":[{\"@type\":\"SearchAction\",\"target\":{\"@type\":\"EntryPoint\",\"urlTemplate\":\"https:\/\/ismfrance.org\/?s={search_term_string}\"},\"query-input\":{\"@type\":\"PropertyValueSpecification\",\"valueRequired\":true,\"valueName\":\"search_term_string\"}}],\"inLanguage\":\"fr-FR\"},{\"@type\":\"Organization\",\"@id\":\"https:\/\/ismfrance.org\/#organization\",\"name\":\"International Solidarity Movement\",\"url\":\"https:\/\/ismfrance.org\/\",\"logo\":{\"@type\":\"ImageObject\",\"inLanguage\":\"fr-FR\",\"@id\":\"https:\/\/ismfrance.org\/#\/schema\/logo\/image\/\",\"url\":\"https:\/\/ismfrance.org\/wp-content\/uploads\/2020\/12\/00.png\",\"contentUrl\":\"https:\/\/ismfrance.org\/wp-content\/uploads\/2020\/12\/00.png\",\"width\":400,\"height\":400,\"caption\":\"International Solidarity Movement\"},\"image\":{\"@id\":\"https:\/\/ismfrance.org\/#\/schema\/logo\/image\/\"},\"sameAs\":[\"https:\/\/x.com\/ISMFRANCE\"]},{\"@type\":\"Person\",\"@id\":\"https:\/\/ismfrance.org\/#\/schema\/person\/3c411eb72adfaae19c0dca1f41fae01d\",\"name\":\"mru_01\",\"image\":{\"@type\":\"ImageObject\",\"inLanguage\":\"fr-FR\",\"@id\":\"https:\/\/secure.gravatar.com\/avatar\/3a0be343b445d2ccc79e87444a294fad2b232e90d2051d0e3cc219e1ecd6a330?s=96&d=mm&r=g\",\"url\":\"https:\/\/secure.gravatar.com\/avatar\/3a0be343b445d2ccc79e87444a294fad2b232e90d2051d0e3cc219e1ecd6a330?s=96&d=mm&r=g\",\"contentUrl\":\"https:\/\/secure.gravatar.com\/avatar\/3a0be343b445d2ccc79e87444a294fad2b232e90d2051d0e3cc219e1ecd6a330?s=96&d=mm&r=g\",\"caption\":\"mru_01\"},\"url\":\"https:\/\/ismfrance.org\/index.php\/author\/admin02\/\"}]}<\/script>\n<!-- \/ Yoast SEO plugin. -->","yoast_head_json":{"title":"T\u00e9moignages de Gazaouis : La survie qui s\u2019organise au jour le jour dans l\u2019enfer de Gaza \u2013 partie 132 \/ 27 juillet - International Solidarity Movement - ISM-France","robots":{"index":"index","follow":"follow","max-snippet":"max-snippet:-1","max-image-preview":"max-image-preview:large","max-video-preview":"max-video-preview:-1"},"canonical":"https:\/\/ismfrance.org\/index.php\/2024\/07\/27\/temoignages-de-gazaouis-la-survie-qui-sorganise-au-jour-le-jour-dans-lenfer-de-gaza-partie-132-27-juillet\/","og_locale":"fr_FR","og_type":"article","og_title":"T\u00e9moignages de Gazaouis : La survie qui s\u2019organise au jour le jour dans l\u2019enfer de Gaza \u2013 partie 132 \/ 27 juillet - International Solidarity Movement - ISM-France","og_description":"Brigitte Challande, 27 juillet 2024. Abu Amir nous envoie aujourd&rsquo;hui le compte rendu d\u2019une nouvelle et sans doute future activit\u00e9. Cliquez ici pour consulter les R\u00e9cits complets. \u00ab\u00a0S\u00e9ances de soutien Lire la suite &rarr;","og_url":"https:\/\/ismfrance.org\/index.php\/2024\/07\/27\/temoignages-de-gazaouis-la-survie-qui-sorganise-au-jour-le-jour-dans-lenfer-de-gaza-partie-132-27-juillet\/","og_site_name":"International Solidarity Movement - ISM-France","article_published_time":"2024-07-27T20:41:28+00:00","article_modified_time":"2024-12-16T09:12:55+00:00","og_image":[{"width":857,"height":652,"url":"https:\/\/ismfrance.org\/wp-content\/uploads\/2024\/07\/ateliers-H1.png","type":"image\/png"}],"author":"mru_01","twitter_card":"summary_large_image","twitter_creator":"@ISMFRANCE","twitter_site":"@ISMFRANCE","twitter_misc":{"\u00c9crit par":"mru_01","Dur\u00e9e de lecture estim\u00e9e":"5 minutes"},"schema":{"@context":"https:\/\/schema.org","@graph":[{"@type":"Article","@id":"https:\/\/ismfrance.org\/index.php\/2024\/07\/27\/temoignages-de-gazaouis-la-survie-qui-sorganise-au-jour-le-jour-dans-lenfer-de-gaza-partie-132-27-juillet\/#article","isPartOf":{"@id":"https:\/\/ismfrance.org\/index.php\/2024\/07\/27\/temoignages-de-gazaouis-la-survie-qui-sorganise-au-jour-le-jour-dans-lenfer-de-gaza-partie-132-27-juillet\/"},"author":{"name":"mru_01","@id":"https:\/\/ismfrance.org\/#\/schema\/person\/3c411eb72adfaae19c0dca1f41fae01d"},"headline":"T\u00e9moignages de Gazaouis : La survie qui s\u2019organise au jour le jour dans l\u2019enfer de Gaza \u2013 partie 132 \/ 27 juillet","datePublished":"2024-07-27T20:41:28+00:00","dateModified":"2024-12-16T09:12:55+00:00","mainEntityOfPage":{"@id":"https:\/\/ismfrance.org\/index.php\/2024\/07\/27\/temoignages-de-gazaouis-la-survie-qui-sorganise-au-jour-le-jour-dans-lenfer-de-gaza-partie-132-27-juillet\/"},"wordCount":729,"publisher":{"@id":"https:\/\/ismfrance.org\/#organization"},"image":{"@id":"https:\/\/ismfrance.org\/index.php\/2024\/07\/27\/temoignages-de-gazaouis-la-survie-qui-sorganise-au-jour-le-jour-dans-lenfer-de-gaza-partie-132-27-juillet\/#primaryimage"},"thumbnailUrl":"https:\/\/ismfrance.org\/wp-content\/uploads\/2024\/07\/ateliers-H1.png","keywords":["G\u00e9nocide","r\u00e9fugi\u00e9s","solidarit\u00e9"],"articleSection":["Articles","T\u00e9moignages"],"inLanguage":"fr-FR"},{"@type":"WebPage","@id":"https:\/\/ismfrance.org\/index.php\/2024\/07\/27\/temoignages-de-gazaouis-la-survie-qui-sorganise-au-jour-le-jour-dans-lenfer-de-gaza-partie-132-27-juillet\/","url":"https:\/\/ismfrance.org\/index.php\/2024\/07\/27\/temoignages-de-gazaouis-la-survie-qui-sorganise-au-jour-le-jour-dans-lenfer-de-gaza-partie-132-27-juillet\/","name":"T\u00e9moignages de Gazaouis : La survie qui s\u2019organise au jour le jour dans l\u2019enfer de Gaza \u2013 partie 132 \/ 27 juillet - International Solidarity Movement - ISM-France","isPartOf":{"@id":"https:\/\/ismfrance.org\/#website"},"primaryImageOfPage":{"@id":"https:\/\/ismfrance.org\/index.php\/2024\/07\/27\/temoignages-de-gazaouis-la-survie-qui-sorganise-au-jour-le-jour-dans-lenfer-de-gaza-partie-132-27-juillet\/#primaryimage"},"image":{"@id":"https:\/\/ismfrance.org\/index.php\/2024\/07\/27\/temoignages-de-gazaouis-la-survie-qui-sorganise-au-jour-le-jour-dans-lenfer-de-gaza-partie-132-27-juillet\/#primaryimage"},"thumbnailUrl":"https:\/\/ismfrance.org\/wp-content\/uploads\/2024\/07\/ateliers-H1.png","datePublished":"2024-07-27T20:41:28+00:00","dateModified":"2024-12-16T09:12:55+00:00","breadcrumb":{"@id":"https:\/\/ismfrance.org\/index.php\/2024\/07\/27\/temoignages-de-gazaouis-la-survie-qui-sorganise-au-jour-le-jour-dans-lenfer-de-gaza-partie-132-27-juillet\/#breadcrumb"},"inLanguage":"fr-FR","potentialAction":[{"@type":"ReadAction","target":["https:\/\/ismfrance.org\/index.php\/2024\/07\/27\/temoignages-de-gazaouis-la-survie-qui-sorganise-au-jour-le-jour-dans-lenfer-de-gaza-partie-132-27-juillet\/"]}]},{"@type":"ImageObject","inLanguage":"fr-FR","@id":"https:\/\/ismfrance.org\/index.php\/2024\/07\/27\/temoignages-de-gazaouis-la-survie-qui-sorganise-au-jour-le-jour-dans-lenfer-de-gaza-partie-132-27-juillet\/#primaryimage","url":"https:\/\/ismfrance.org\/wp-content\/uploads\/2024\/07\/ateliers-H1.png","contentUrl":"https:\/\/ismfrance.org\/wp-content\/uploads\/2024\/07\/ateliers-H1.png","width":857,"height":652},{"@type":"BreadcrumbList","@id":"https:\/\/ismfrance.org\/index.php\/2024\/07\/27\/temoignages-de-gazaouis-la-survie-qui-sorganise-au-jour-le-jour-dans-lenfer-de-gaza-partie-132-27-juillet\/#breadcrumb","itemListElement":[{"@type":"ListItem","position":1,"name":"Accueil","item":"https:\/\/ismfrance.org\/"},{"@type":"ListItem","position":2,"name":"T\u00e9moignages de Gazaouis : La survie qui s\u2019organise au jour le jour dans l\u2019enfer de Gaza \u2013 partie 132 \/ 27 juillet"}]},{"@type":"WebSite","@id":"https:\/\/ismfrance.org\/#website","url":"https:\/\/ismfrance.org\/","name":"ISM Palestine France","description":"Soutien aux luttes de lib\u00e9ration du peuple palestinien","publisher":{"@id":"https:\/\/ismfrance.org\/#organization"},"potentialAction":[{"@type":"SearchAction","target":{"@type":"EntryPoint","urlTemplate":"https:\/\/ismfrance.org\/?s={search_term_string}"},"query-input":{"@type":"PropertyValueSpecification","valueRequired":true,"valueName":"search_term_string"}}],"inLanguage":"fr-FR"},{"@type":"Organization","@id":"https:\/\/ismfrance.org\/#organization","name":"International Solidarity Movement","url":"https:\/\/ismfrance.org\/","logo":{"@type":"ImageObject","inLanguage":"fr-FR","@id":"https:\/\/ismfrance.org\/#\/schema\/logo\/image\/","url":"https:\/\/ismfrance.org\/wp-content\/uploads\/2020\/12\/00.png","contentUrl":"https:\/\/ismfrance.org\/wp-content\/uploads\/2020\/12\/00.png","width":400,"height":400,"caption":"International Solidarity Movement"},"image":{"@id":"https:\/\/ismfrance.org\/#\/schema\/logo\/image\/"},"sameAs":["https:\/\/x.com\/ISMFRANCE"]},{"@type":"Person","@id":"https:\/\/ismfrance.org\/#\/schema\/person\/3c411eb72adfaae19c0dca1f41fae01d","name":"mru_01","image":{"@type":"ImageObject","inLanguage":"fr-FR","@id":"https:\/\/secure.gravatar.com\/avatar\/3a0be343b445d2ccc79e87444a294fad2b232e90d2051d0e3cc219e1ecd6a330?s=96&d=mm&r=g","url":"https:\/\/secure.gravatar.com\/avatar\/3a0be343b445d2ccc79e87444a294fad2b232e90d2051d0e3cc219e1ecd6a330?s=96&d=mm&r=g","contentUrl":"https:\/\/secure.gravatar.com\/avatar\/3a0be343b445d2ccc79e87444a294fad2b232e90d2051d0e3cc219e1ecd6a330?s=96&d=mm&r=g","caption":"mru_01"},"url":"https:\/\/ismfrance.org\/index.php\/author\/admin02\/"}]}},"_links":{"self":[{"href":"https:\/\/ismfrance.org\/index.php\/wp-json\/wp\/v2\/posts\/13329","targetHints":{"allow":["GET"]}}],"collection":[{"href":"https:\/\/ismfrance.org\/index.php\/wp-json\/wp\/v2\/posts"}],"about":[{"href":"https:\/\/ismfrance.org\/index.php\/wp-json\/wp\/v2\/types\/post"}],"author":[{"embeddable":true,"href":"https:\/\/ismfrance.org\/index.php\/wp-json\/wp\/v2\/users\/3"}],"replies":[{"embeddable":true,"href":"https:\/\/ismfrance.org\/index.php\/wp-json\/wp\/v2\/comments?post=13329"}],"version-history":[{"count":0,"href":"https:\/\/ismfrance.org\/index.php\/wp-json\/wp\/v2\/posts\/13329\/revisions"}],"wp:featuredmedia":[{"embeddable":true,"href":"https:\/\/ismfrance.org\/index.php\/wp-json\/wp\/v2\/media\/13333"}],"wp:attachment":[{"href":"https:\/\/ismfrance.org\/index.php\/wp-json\/wp\/v2\/media?parent=13329"}],"wp:term":[{"taxonomy":"category","embeddable":true,"href":"https:\/\/ismfrance.org\/index.php\/wp-json\/wp\/v2\/categories?post=13329"},{"taxonomy":"post_tag","embeddable":true,"href":"https:\/\/ismfrance.org\/index.php\/wp-json\/wp\/v2\/tags?post=13329"}],"curies":[{"name":"wp","href":"https:\/\/api.w.org\/{rel}","templated":true}]}}