{"id":13316,"date":"2024-07-27T10:20:42","date_gmt":"2024-07-27T08:20:42","guid":{"rendered":"https:\/\/ismfrance.org\/?p=13316"},"modified":"2024-07-27T17:49:25","modified_gmt":"2024-07-27T15:49:25","slug":"lentite-sioniste-senfonce-dans-la-boue-de-ses-mensonges-mediatiques","status":"publish","type":"post","link":"https:\/\/ismfrance.org\/index.php\/2024\/07\/27\/lentite-sioniste-senfonce-dans-la-boue-de-ses-mensonges-mediatiques\/","title":{"rendered":"L&rsquo;entit\u00e9 sioniste s&rsquo;enfonce dans la boue de ses mensonges m\u00e9diatiques"},"content":{"rendered":"<p><span style=\"color: #000000;\"><span style=\"font-family: Verdana, sans-serif;\"><span style=\"font-size: medium;\"><strong>May Ahmed Shihabi*, 25 juillet 2024<\/strong>. La Cour internationale de justice a rendu son avis consultatif, conform\u00e9ment \u00e0 l&rsquo;article 96 de la Charte des Nations unies, qui place l&rsquo;entit\u00e9 sioniste dans une position embarrassante sur la sc\u00e8ne internationale, puisque la Cour a confirm\u00e9 dans son avis l&rsquo;ill\u00e9galit\u00e9 de l&rsquo;occupation sioniste des territoires palestiniens.<\/span><\/span><\/span><\/p>\n<div id=\"attachment_13320\" style=\"width: 610px\" class=\"wp-caption alignnone\"><a href=\"https:\/\/ismfrance.org\/wp-content\/uploads\/2024\/07\/umm-al-fahm.jpeg\"><img loading=\"lazy\" decoding=\"async\" aria-describedby=\"caption-attachment-13320\" class=\"size-large wp-image-13320\" src=\"https:\/\/ismfrance.org\/wp-content\/uploads\/2024\/07\/umm-al-fahm-700x525.jpeg\" alt=\"\" width=\"600\" height=\"450\" srcset=\"https:\/\/ismfrance.org\/wp-content\/uploads\/2024\/07\/umm-al-fahm-700x525.jpeg 700w, https:\/\/ismfrance.org\/wp-content\/uploads\/2024\/07\/umm-al-fahm-300x225.jpeg 300w, https:\/\/ismfrance.org\/wp-content\/uploads\/2024\/07\/umm-al-fahm-768x576.jpeg 768w, https:\/\/ismfrance.org\/wp-content\/uploads\/2024\/07\/umm-al-fahm-1536x1152.jpeg 1536w, https:\/\/ismfrance.org\/wp-content\/uploads\/2024\/07\/umm-al-fahm-350x263.jpeg 350w, https:\/\/ismfrance.org\/wp-content\/uploads\/2024\/07\/umm-al-fahm-1320x990.jpeg 1320w, https:\/\/ismfrance.org\/wp-content\/uploads\/2024\/07\/umm-al-fahm.jpeg 1600w\" sizes=\"auto, (max-width: 600px) 100vw, 600px\" \/><\/a><p id=\"caption-attachment-13320\" class=\"wp-caption-text\">24 juillet. Les Palestiniens de la ville d&rsquo;Umm al-Fahm (Palestine 48) participent \u00e0 une manifestation d\u00e9non\u00e7ant l&rsquo;agression isra\u00e9lienne dans la bande de Gaza. (source <a href=\"https:\/\/x.com\/Aljarmaqnetnews\/status\/1816183812805857573\/photo\/3\">Al-Jarmaq News<\/a>)<\/p><\/div>\n<p><span style=\"color: #000000;\"><span style=\"font-family: Verdana, sans-serif;\"><span style=\"font-size: medium;\">Cet avis estime ill\u00e9gale la pr\u00e9sence continue dans les territoires palestiniens de cette entit\u00e9, qui doit donc mettre fin \u00e0 cette occupation d\u00e8s que possible, cesser imm\u00e9diatement toutes les activit\u00e9s de colonisation et \u00e9vacuer tous les colons. L&rsquo;avis pr\u00e9cise en outre que l&rsquo;entit\u00e9 sioniste a l&rsquo;obligation de compenser les dommages caus\u00e9s par son occupation.<\/span><\/span><\/span><\/p>\n<p><span style=\"color: #000000;\"><span style=\"font-family: Verdana, sans-serif;\"><span style=\"font-size: medium;\">Un tel avis met l&rsquo;entit\u00e9 sioniste dans une position difficile et pose un d\u00e9fi juridique majeur \u00e0 ses politiques dans les territoires occup\u00e9s. Il oblige politiquement tous les pays \u00e0 refuser la l\u00e9gitimit\u00e9 de la situation r\u00e9sultant de l&rsquo;occupation et \u00e0 cesser toute assistance la maintenant.<\/span><\/span><\/span><\/p>\n<p><span style=\"color: #000000;\"><span style=\"font-family: Verdana, sans-serif;\"><span style=\"font-size: medium;\">Ainsi sont mis \u00e0 mal les arguments empoisonn\u00e9s et les mensonges de l&rsquo;entit\u00e9 visant \u00e0 polir son image et la pr\u00e9tendue moralit\u00e9 de sa politique \u00e9trang\u00e8re dans le but d&rsquo;atteindre ses objectifs au Moyen-Orient. Cela peut ouvrir la porte \u00e0 de nouvelles mesures juridiques et politiques dans les instances internationales.<\/span><\/span><\/span><\/p>\n<p><span style=\"color: #000000;\"><span style=\"font-family: Verdana, sans-serif;\"><span style=\"font-size: medium;\">Un tel avis permet aussi aux pays de la communaut\u00e9 internationale de renforcer la pression diplomatique et juridique sur l&rsquo;entit\u00e9 sioniste pour en finir avec son occupation, de renforcer la protection des droits des Palestiniens, d&rsquo;assurer justice et humanit\u00e9 pour le peuple palestinien, enfin de pr\u00e9server son droit \u00e0 l&rsquo;autod\u00e9termination pour un \u00c9tat palestinien avec J\u00e9rusalem comme capitale, sur les fronti\u00e8res de 1967, mais aussi sur l&rsquo;ensemble des fronti\u00e8res de la Palestine occup\u00e9e depuis 1948.<\/span><\/span><\/span><\/p>\n<p><span style=\"color: #000000;\"><span style=\"font-family: Verdana, sans-serif;\"><span style=\"font-size: medium;\">Le probl\u00e8me principal des chefs de guerre au sein de l&rsquo;entit\u00e9 sioniste \u00e9tait de pouvoir d\u00e9clarer la victoire sur la r\u00e9sistance et son axe, sans \u00e9corner l&rsquo;image du sionisme. \u00c0 la lumi\u00e8re de la vaillance de la r\u00e9sistance en Palestine et de l&rsquo;axe de la r\u00e9sistance au Y\u00e9men et au Liban, sont apparus comme une chim\u00e8re tr\u00e8s \u00e9loign\u00e9e de la r\u00e9alit\u00e9 les objectifs d&rsquo;\u00e9limination de la r\u00e9sistance, de lib\u00e9ration des d\u00e9tenus et de prise de contr\u00f4le de Gaza. Les forces de la r\u00e9sistance ont port\u00e9 un coup d\u00e9vastateur au concept de dissuasion sioniste en ciblant au c\u0153ur de l&rsquo;entit\u00e9 son centre \u00e9conomique et politique, par le biais du drone y\u00e9m\u00e9nite \u00ab Jaffa \u00bb. Celui-ci a parcouru plus de 2.000 km, sans qu&rsquo;aucun des dispositifs de surveillance de la coalition internationale et sioniste ne le d\u00e9tecte et il a port\u00e9 un coup direct \u00e0 un b\u00e2timent situ\u00e9 au centre de Jaffa occup\u00e9e (ndt :Tel Aviv).<\/span><\/span><\/span><\/p>\n<p><span style=\"color: #000000;\"><span style=\"font-family: Verdana, sans-serif;\"><span style=\"font-size: medium;\">Depuis sa cr\u00e9ation, l&rsquo;ennemi n&rsquo;a jamais \u00e9t\u00e9 t\u00e9moin d&rsquo;un tel \u00e9v\u00e9nement. C&rsquo;est un message tr\u00e8s clair sur la capacit\u00e9 de la r\u00e9sistance \u00e0 atteindre n&rsquo;importe quelle cible au sein de l&rsquo;entit\u00e9 sioniste, et les commentateurs sionistes eux-m\u00eames ont averti le gouvernement Netanyahou qu&rsquo;il ne s&rsquo;agissait que d&rsquo;un \u00e9chantillon, sans compter les drones de la r\u00e9sistance islamique libanaise et de son mod\u00e8le \u00ab\u00a0Hudhud\u00a0\u00bb, qui a survol\u00e9 et film\u00e9 tous les sites militaires et \u00e9conomiques sionistes.<\/span><\/span><\/span><\/p>\n<p><span style=\"color: #000000;\"><span style=\"font-family: Verdana, sans-serif;\"><span style=\"font-size: medium;\">Ici, nous r\u00e9affirmons l&rsquo;effondrement de la force de dissuasion sioniste \u00e0 Gaza, au Sud-Liban, en Irak et au Y\u00e9men. Voici la grande le\u00e7on qui incarne le principe et l&rsquo;engagement de l&rsquo;axe de la r\u00e9sistance en faveur de la Palestine, de J\u00e9rusalem et de sa r\u00e9sistance. C&rsquo;est la boussole qui guide cet axe de r\u00e9sistance et son peuple.<\/span><\/span><\/span><\/p>\n<p><span style=\"color: #000000;\"><span style=\"font-family: Verdana, sans-serif;\"><span style=\"font-size: medium;\">En conclusion, l&rsquo;\u00c9tat sioniste a perdu le pouvoir de dissuasion qui lui permettait de terroriser tout le monde. Sa l\u00e9gitimit\u00e9, comme la morale et les pr\u00e9textes des accords d&rsquo;Abraham, ont \u00e9t\u00e9 d\u00e9masqu\u00e9es par les r\u00e9centes d\u00e9clarations de la cour internationale.<\/span><\/span><\/span><\/p>\n<p><span style=\"color: #000000;\"><span style=\"font-family: Verdana, sans-serif;\"><span style=\"font-size: medium;\">La vaillance du peuple palestinien et de sa r\u00e9sistance, ainsi que les efforts du front de solidarit\u00e9 et d&rsquo;autres acteurs, ont cr\u00e9\u00e9 de nouvelles donn\u00e9es et un nouveau rapport des force, \u00e0 consid\u00e9rer \u00e0 court et long termes. Tout cela pointe vers une victoire imminente de notre peuple et de notre cause.<\/span><\/span><\/span><\/p>\n<p><em><span style=\"color: #000000;\"><span style=\"font-family: Verdana, sans-serif;\"><span style=\"font-size: medium;\">Article original en arabe sur <a href=\"https:\/\/ashtarpress.blogspot.com\/2024\/07\/blog-post_26.html\">ashtarpress.blogspot.com<\/a> \/ Traduction de Chris &amp; Dine<\/span><\/span><\/span><\/em><\/p>\n<p><span style=\"color: #000000;\"><span style=\"font-family: Verdana, sans-serif;\"><span style=\"font-size: medium;\"><a href=\"https:\/\/ismfrance.org\/wp-content\/uploads\/2024\/07\/photoMay.jpg\"><img loading=\"lazy\" decoding=\"async\" class=\"size-thumbnail wp-image-13327 alignleft\" src=\"https:\/\/ismfrance.org\/wp-content\/uploads\/2024\/07\/photoMay-150x150.jpg\" alt=\"\" width=\"150\" height=\"150\" srcset=\"https:\/\/ismfrance.org\/wp-content\/uploads\/2024\/07\/photoMay-150x150.jpg 150w, https:\/\/ismfrance.org\/wp-content\/uploads\/2024\/07\/photoMay-144x144.jpg 144w\" sizes=\"auto, (max-width: 150px) 100vw, 150px\" \/><\/a><\/span><\/span><\/span><\/p>\n<p>&nbsp;<\/p>\n<p><span style=\"color: #000000;\"><span style=\"font-family: Verdana, sans-serif;\"><span style=\"font-size: medium;\">*May Ahmed Shihabi est r\u00e9fugi\u00e9e palestinienne \u00e0 Damas.<\/span><\/span><\/span><\/p>\n","protected":false},"excerpt":{"rendered":"<p>May Ahmed Shihabi*, 25 juillet 2024. La Cour internationale de justice a rendu son avis consultatif, conform\u00e9ment \u00e0 l&rsquo;article 96 de la Charte des Nations unies, qui place l&rsquo;entit\u00e9 sioniste <a class=\"more-link\" href=\"https:\/\/ismfrance.org\/index.php\/2024\/07\/27\/lentite-sioniste-senfonce-dans-la-boue-de-ses-mensonges-mediatiques\/\">Lire la suite &rarr;<\/a><\/p>\n","protected":false},"author":3,"featured_media":13320,"comment_status":"closed","ping_status":"closed","sticky":false,"template":"","format":"standard","meta":{"footnotes":""},"categories":[12,2],"tags":[228,51,415],"class_list":["post-13316","post","type-post","status-publish","format-standard","has-post-thumbnail","hentry","category-analyses","category-articles","tag-axe-de-la-resistance","tag-colonialisme","tag-cpi-cij"],"yoast_head":"<!-- This site is optimized with the Yoast SEO plugin v27.5 - https:\/\/yoast.com\/product\/yoast-seo-wordpress\/ -->\n<title>L&#039;entit\u00e9 sioniste s&#039;enfonce dans la boue de ses mensonges m\u00e9diatiques - International Solidarity Movement - ISM-France<\/title>\n<meta name=\"robots\" content=\"index, follow, max-snippet:-1, max-image-preview:large, max-video-preview:-1\" \/>\n<link rel=\"canonical\" href=\"https:\/\/ismfrance.org\/index.php\/2024\/07\/27\/lentite-sioniste-senfonce-dans-la-boue-de-ses-mensonges-mediatiques\/\" \/>\n<meta property=\"og:locale\" content=\"fr_FR\" \/>\n<meta property=\"og:type\" content=\"article\" \/>\n<meta property=\"og:title\" content=\"L&#039;entit\u00e9 sioniste s&#039;enfonce dans la boue de ses mensonges m\u00e9diatiques - International Solidarity Movement - ISM-France\" \/>\n<meta property=\"og:description\" content=\"May Ahmed Shihabi*, 25 juillet 2024. La Cour internationale de justice a rendu son avis consultatif, conform\u00e9ment \u00e0 l&rsquo;article 96 de la Charte des Nations unies, qui place l&rsquo;entit\u00e9 sioniste Lire la suite &rarr;\" \/>\n<meta property=\"og:url\" content=\"https:\/\/ismfrance.org\/index.php\/2024\/07\/27\/lentite-sioniste-senfonce-dans-la-boue-de-ses-mensonges-mediatiques\/\" \/>\n<meta property=\"og:site_name\" content=\"International Solidarity Movement - ISM-France\" \/>\n<meta property=\"article:published_time\" content=\"2024-07-27T08:20:42+00:00\" \/>\n<meta property=\"article:modified_time\" content=\"2024-07-27T15:49:25+00:00\" \/>\n<meta property=\"og:image\" content=\"https:\/\/ismfrance.org\/wp-content\/uploads\/2024\/07\/umm-al-fahm.jpeg\" \/>\n\t<meta property=\"og:image:width\" content=\"1600\" \/>\n\t<meta property=\"og:image:height\" content=\"1200\" \/>\n\t<meta property=\"og:image:type\" content=\"image\/jpeg\" \/>\n<meta name=\"author\" content=\"mru_01\" \/>\n<meta name=\"twitter:card\" content=\"summary_large_image\" \/>\n<meta name=\"twitter:creator\" content=\"@ISMFRANCE\" \/>\n<meta name=\"twitter:site\" content=\"@ISMFRANCE\" \/>\n<meta name=\"twitter:label1\" content=\"\u00c9crit par\" \/>\n\t<meta name=\"twitter:data1\" content=\"mru_01\" \/>\n\t<meta name=\"twitter:label2\" content=\"Dur\u00e9e de lecture estim\u00e9e\" \/>\n\t<meta name=\"twitter:data2\" content=\"5 minutes\" \/>\n<script type=\"application\/ld+json\" class=\"yoast-schema-graph\">{\"@context\":\"https:\\\/\\\/schema.org\",\"@graph\":[{\"@type\":\"Article\",\"@id\":\"https:\\\/\\\/ismfrance.org\\\/index.php\\\/2024\\\/07\\\/27\\\/lentite-sioniste-senfonce-dans-la-boue-de-ses-mensonges-mediatiques\\\/#article\",\"isPartOf\":{\"@id\":\"https:\\\/\\\/ismfrance.org\\\/index.php\\\/2024\\\/07\\\/27\\\/lentite-sioniste-senfonce-dans-la-boue-de-ses-mensonges-mediatiques\\\/\"},\"author\":{\"name\":\"mru_01\",\"@id\":\"https:\\\/\\\/ismfrance.org\\\/#\\\/schema\\\/person\\\/3c411eb72adfaae19c0dca1f41fae01d\"},\"headline\":\"L&rsquo;entit\u00e9 sioniste s&rsquo;enfonce dans la boue de ses mensonges m\u00e9diatiques\",\"datePublished\":\"2024-07-27T08:20:42+00:00\",\"dateModified\":\"2024-07-27T15:49:25+00:00\",\"mainEntityOfPage\":{\"@id\":\"https:\\\/\\\/ismfrance.org\\\/index.php\\\/2024\\\/07\\\/27\\\/lentite-sioniste-senfonce-dans-la-boue-de-ses-mensonges-mediatiques\\\/\"},\"wordCount\":810,\"publisher\":{\"@id\":\"https:\\\/\\\/ismfrance.org\\\/#organization\"},\"image\":{\"@id\":\"https:\\\/\\\/ismfrance.org\\\/index.php\\\/2024\\\/07\\\/27\\\/lentite-sioniste-senfonce-dans-la-boue-de-ses-mensonges-mediatiques\\\/#primaryimage\"},\"thumbnailUrl\":\"https:\\\/\\\/ismfrance.org\\\/wp-content\\\/uploads\\\/2024\\\/07\\\/umm-al-fahm.jpeg\",\"keywords\":[\"Axe de la R\u00e9sistance\",\"colonialisme\",\"CPI \\\/ CIJ\"],\"articleSection\":[\"Analyses\",\"Articles\"],\"inLanguage\":\"fr-FR\"},{\"@type\":\"WebPage\",\"@id\":\"https:\\\/\\\/ismfrance.org\\\/index.php\\\/2024\\\/07\\\/27\\\/lentite-sioniste-senfonce-dans-la-boue-de-ses-mensonges-mediatiques\\\/\",\"url\":\"https:\\\/\\\/ismfrance.org\\\/index.php\\\/2024\\\/07\\\/27\\\/lentite-sioniste-senfonce-dans-la-boue-de-ses-mensonges-mediatiques\\\/\",\"name\":\"L'entit\u00e9 sioniste s'enfonce dans la boue de ses mensonges m\u00e9diatiques - International Solidarity Movement - ISM-France\",\"isPartOf\":{\"@id\":\"https:\\\/\\\/ismfrance.org\\\/#website\"},\"primaryImageOfPage\":{\"@id\":\"https:\\\/\\\/ismfrance.org\\\/index.php\\\/2024\\\/07\\\/27\\\/lentite-sioniste-senfonce-dans-la-boue-de-ses-mensonges-mediatiques\\\/#primaryimage\"},\"image\":{\"@id\":\"https:\\\/\\\/ismfrance.org\\\/index.php\\\/2024\\\/07\\\/27\\\/lentite-sioniste-senfonce-dans-la-boue-de-ses-mensonges-mediatiques\\\/#primaryimage\"},\"thumbnailUrl\":\"https:\\\/\\\/ismfrance.org\\\/wp-content\\\/uploads\\\/2024\\\/07\\\/umm-al-fahm.jpeg\",\"datePublished\":\"2024-07-27T08:20:42+00:00\",\"dateModified\":\"2024-07-27T15:49:25+00:00\",\"breadcrumb\":{\"@id\":\"https:\\\/\\\/ismfrance.org\\\/index.php\\\/2024\\\/07\\\/27\\\/lentite-sioniste-senfonce-dans-la-boue-de-ses-mensonges-mediatiques\\\/#breadcrumb\"},\"inLanguage\":\"fr-FR\",\"potentialAction\":[{\"@type\":\"ReadAction\",\"target\":[\"https:\\\/\\\/ismfrance.org\\\/index.php\\\/2024\\\/07\\\/27\\\/lentite-sioniste-senfonce-dans-la-boue-de-ses-mensonges-mediatiques\\\/\"]}]},{\"@type\":\"ImageObject\",\"inLanguage\":\"fr-FR\",\"@id\":\"https:\\\/\\\/ismfrance.org\\\/index.php\\\/2024\\\/07\\\/27\\\/lentite-sioniste-senfonce-dans-la-boue-de-ses-mensonges-mediatiques\\\/#primaryimage\",\"url\":\"https:\\\/\\\/ismfrance.org\\\/wp-content\\\/uploads\\\/2024\\\/07\\\/umm-al-fahm.jpeg\",\"contentUrl\":\"https:\\\/\\\/ismfrance.org\\\/wp-content\\\/uploads\\\/2024\\\/07\\\/umm-al-fahm.jpeg\",\"width\":1600,\"height\":1200,\"caption\":\"Les Palestiniens de la ville d'Umm al-Fahm participent \u00e0 une veill\u00e9e d\u00e9non\u00e7ant l'agression isra\u00e9lienne dans la bande de Gaza.\"},{\"@type\":\"BreadcrumbList\",\"@id\":\"https:\\\/\\\/ismfrance.org\\\/index.php\\\/2024\\\/07\\\/27\\\/lentite-sioniste-senfonce-dans-la-boue-de-ses-mensonges-mediatiques\\\/#breadcrumb\",\"itemListElement\":[{\"@type\":\"ListItem\",\"position\":1,\"name\":\"Accueil\",\"item\":\"https:\\\/\\\/ismfrance.org\\\/\"},{\"@type\":\"ListItem\",\"position\":2,\"name\":\"L&#8217;entit\u00e9 sioniste s&#8217;enfonce dans la boue de ses mensonges m\u00e9diatiques\"}]},{\"@type\":\"WebSite\",\"@id\":\"https:\\\/\\\/ismfrance.org\\\/#website\",\"url\":\"https:\\\/\\\/ismfrance.org\\\/\",\"name\":\"ISM Palestine France\",\"description\":\"Soutien aux luttes de lib\u00e9ration du peuple palestinien\",\"publisher\":{\"@id\":\"https:\\\/\\\/ismfrance.org\\\/#organization\"},\"potentialAction\":[{\"@type\":\"SearchAction\",\"target\":{\"@type\":\"EntryPoint\",\"urlTemplate\":\"https:\\\/\\\/ismfrance.org\\\/?s={search_term_string}\"},\"query-input\":{\"@type\":\"PropertyValueSpecification\",\"valueRequired\":true,\"valueName\":\"search_term_string\"}}],\"inLanguage\":\"fr-FR\"},{\"@type\":\"Organization\",\"@id\":\"https:\\\/\\\/ismfrance.org\\\/#organization\",\"name\":\"International Solidarity Movement\",\"url\":\"https:\\\/\\\/ismfrance.org\\\/\",\"logo\":{\"@type\":\"ImageObject\",\"inLanguage\":\"fr-FR\",\"@id\":\"https:\\\/\\\/ismfrance.org\\\/#\\\/schema\\\/logo\\\/image\\\/\",\"url\":\"https:\\\/\\\/ismfrance.org\\\/wp-content\\\/uploads\\\/2020\\\/12\\\/00.png\",\"contentUrl\":\"https:\\\/\\\/ismfrance.org\\\/wp-content\\\/uploads\\\/2020\\\/12\\\/00.png\",\"width\":400,\"height\":400,\"caption\":\"International Solidarity Movement\"},\"image\":{\"@id\":\"https:\\\/\\\/ismfrance.org\\\/#\\\/schema\\\/logo\\\/image\\\/\"},\"sameAs\":[\"https:\\\/\\\/x.com\\\/ISMFRANCE\"]},{\"@type\":\"Person\",\"@id\":\"https:\\\/\\\/ismfrance.org\\\/#\\\/schema\\\/person\\\/3c411eb72adfaae19c0dca1f41fae01d\",\"name\":\"mru_01\",\"image\":{\"@type\":\"ImageObject\",\"inLanguage\":\"fr-FR\",\"@id\":\"https:\\\/\\\/secure.gravatar.com\\\/avatar\\\/3a0be343b445d2ccc79e87444a294fad2b232e90d2051d0e3cc219e1ecd6a330?s=96&d=mm&r=g\",\"url\":\"https:\\\/\\\/secure.gravatar.com\\\/avatar\\\/3a0be343b445d2ccc79e87444a294fad2b232e90d2051d0e3cc219e1ecd6a330?s=96&d=mm&r=g\",\"contentUrl\":\"https:\\\/\\\/secure.gravatar.com\\\/avatar\\\/3a0be343b445d2ccc79e87444a294fad2b232e90d2051d0e3cc219e1ecd6a330?s=96&d=mm&r=g\",\"caption\":\"mru_01\"},\"url\":\"https:\\\/\\\/ismfrance.org\\\/index.php\\\/author\\\/admin02\\\/\"}]}<\/script>\n<!-- \/ Yoast SEO plugin. -->","yoast_head_json":{"title":"L'entit\u00e9 sioniste s'enfonce dans la boue de ses mensonges m\u00e9diatiques - International Solidarity Movement - ISM-France","robots":{"index":"index","follow":"follow","max-snippet":"max-snippet:-1","max-image-preview":"max-image-preview:large","max-video-preview":"max-video-preview:-1"},"canonical":"https:\/\/ismfrance.org\/index.php\/2024\/07\/27\/lentite-sioniste-senfonce-dans-la-boue-de-ses-mensonges-mediatiques\/","og_locale":"fr_FR","og_type":"article","og_title":"L'entit\u00e9 sioniste s'enfonce dans la boue de ses mensonges m\u00e9diatiques - International Solidarity Movement - ISM-France","og_description":"May Ahmed Shihabi*, 25 juillet 2024. La Cour internationale de justice a rendu son avis consultatif, conform\u00e9ment \u00e0 l&rsquo;article 96 de la Charte des Nations unies, qui place l&rsquo;entit\u00e9 sioniste Lire la suite &rarr;","og_url":"https:\/\/ismfrance.org\/index.php\/2024\/07\/27\/lentite-sioniste-senfonce-dans-la-boue-de-ses-mensonges-mediatiques\/","og_site_name":"International Solidarity Movement - ISM-France","article_published_time":"2024-07-27T08:20:42+00:00","article_modified_time":"2024-07-27T15:49:25+00:00","og_image":[{"width":1600,"height":1200,"url":"https:\/\/ismfrance.org\/wp-content\/uploads\/2024\/07\/umm-al-fahm.jpeg","type":"image\/jpeg"}],"author":"mru_01","twitter_card":"summary_large_image","twitter_creator":"@ISMFRANCE","twitter_site":"@ISMFRANCE","twitter_misc":{"\u00c9crit par":"mru_01","Dur\u00e9e de lecture estim\u00e9e":"5 minutes"},"schema":{"@context":"https:\/\/schema.org","@graph":[{"@type":"Article","@id":"https:\/\/ismfrance.org\/index.php\/2024\/07\/27\/lentite-sioniste-senfonce-dans-la-boue-de-ses-mensonges-mediatiques\/#article","isPartOf":{"@id":"https:\/\/ismfrance.org\/index.php\/2024\/07\/27\/lentite-sioniste-senfonce-dans-la-boue-de-ses-mensonges-mediatiques\/"},"author":{"name":"mru_01","@id":"https:\/\/ismfrance.org\/#\/schema\/person\/3c411eb72adfaae19c0dca1f41fae01d"},"headline":"L&rsquo;entit\u00e9 sioniste s&rsquo;enfonce dans la boue de ses mensonges m\u00e9diatiques","datePublished":"2024-07-27T08:20:42+00:00","dateModified":"2024-07-27T15:49:25+00:00","mainEntityOfPage":{"@id":"https:\/\/ismfrance.org\/index.php\/2024\/07\/27\/lentite-sioniste-senfonce-dans-la-boue-de-ses-mensonges-mediatiques\/"},"wordCount":810,"publisher":{"@id":"https:\/\/ismfrance.org\/#organization"},"image":{"@id":"https:\/\/ismfrance.org\/index.php\/2024\/07\/27\/lentite-sioniste-senfonce-dans-la-boue-de-ses-mensonges-mediatiques\/#primaryimage"},"thumbnailUrl":"https:\/\/ismfrance.org\/wp-content\/uploads\/2024\/07\/umm-al-fahm.jpeg","keywords":["Axe de la R\u00e9sistance","colonialisme","CPI \/ CIJ"],"articleSection":["Analyses","Articles"],"inLanguage":"fr-FR"},{"@type":"WebPage","@id":"https:\/\/ismfrance.org\/index.php\/2024\/07\/27\/lentite-sioniste-senfonce-dans-la-boue-de-ses-mensonges-mediatiques\/","url":"https:\/\/ismfrance.org\/index.php\/2024\/07\/27\/lentite-sioniste-senfonce-dans-la-boue-de-ses-mensonges-mediatiques\/","name":"L'entit\u00e9 sioniste s'enfonce dans la boue de ses mensonges m\u00e9diatiques - International Solidarity Movement - ISM-France","isPartOf":{"@id":"https:\/\/ismfrance.org\/#website"},"primaryImageOfPage":{"@id":"https:\/\/ismfrance.org\/index.php\/2024\/07\/27\/lentite-sioniste-senfonce-dans-la-boue-de-ses-mensonges-mediatiques\/#primaryimage"},"image":{"@id":"https:\/\/ismfrance.org\/index.php\/2024\/07\/27\/lentite-sioniste-senfonce-dans-la-boue-de-ses-mensonges-mediatiques\/#primaryimage"},"thumbnailUrl":"https:\/\/ismfrance.org\/wp-content\/uploads\/2024\/07\/umm-al-fahm.jpeg","datePublished":"2024-07-27T08:20:42+00:00","dateModified":"2024-07-27T15:49:25+00:00","breadcrumb":{"@id":"https:\/\/ismfrance.org\/index.php\/2024\/07\/27\/lentite-sioniste-senfonce-dans-la-boue-de-ses-mensonges-mediatiques\/#breadcrumb"},"inLanguage":"fr-FR","potentialAction":[{"@type":"ReadAction","target":["https:\/\/ismfrance.org\/index.php\/2024\/07\/27\/lentite-sioniste-senfonce-dans-la-boue-de-ses-mensonges-mediatiques\/"]}]},{"@type":"ImageObject","inLanguage":"fr-FR","@id":"https:\/\/ismfrance.org\/index.php\/2024\/07\/27\/lentite-sioniste-senfonce-dans-la-boue-de-ses-mensonges-mediatiques\/#primaryimage","url":"https:\/\/ismfrance.org\/wp-content\/uploads\/2024\/07\/umm-al-fahm.jpeg","contentUrl":"https:\/\/ismfrance.org\/wp-content\/uploads\/2024\/07\/umm-al-fahm.jpeg","width":1600,"height":1200,"caption":"Les Palestiniens de la ville d'Umm al-Fahm participent \u00e0 une veill\u00e9e d\u00e9non\u00e7ant l'agression isra\u00e9lienne dans la bande de Gaza."},{"@type":"BreadcrumbList","@id":"https:\/\/ismfrance.org\/index.php\/2024\/07\/27\/lentite-sioniste-senfonce-dans-la-boue-de-ses-mensonges-mediatiques\/#breadcrumb","itemListElement":[{"@type":"ListItem","position":1,"name":"Accueil","item":"https:\/\/ismfrance.org\/"},{"@type":"ListItem","position":2,"name":"L&#8217;entit\u00e9 sioniste s&#8217;enfonce dans la boue de ses mensonges m\u00e9diatiques"}]},{"@type":"WebSite","@id":"https:\/\/ismfrance.org\/#website","url":"https:\/\/ismfrance.org\/","name":"ISM Palestine France","description":"Soutien aux luttes de lib\u00e9ration du peuple palestinien","publisher":{"@id":"https:\/\/ismfrance.org\/#organization"},"potentialAction":[{"@type":"SearchAction","target":{"@type":"EntryPoint","urlTemplate":"https:\/\/ismfrance.org\/?s={search_term_string}"},"query-input":{"@type":"PropertyValueSpecification","valueRequired":true,"valueName":"search_term_string"}}],"inLanguage":"fr-FR"},{"@type":"Organization","@id":"https:\/\/ismfrance.org\/#organization","name":"International Solidarity Movement","url":"https:\/\/ismfrance.org\/","logo":{"@type":"ImageObject","inLanguage":"fr-FR","@id":"https:\/\/ismfrance.org\/#\/schema\/logo\/image\/","url":"https:\/\/ismfrance.org\/wp-content\/uploads\/2020\/12\/00.png","contentUrl":"https:\/\/ismfrance.org\/wp-content\/uploads\/2020\/12\/00.png","width":400,"height":400,"caption":"International Solidarity Movement"},"image":{"@id":"https:\/\/ismfrance.org\/#\/schema\/logo\/image\/"},"sameAs":["https:\/\/x.com\/ISMFRANCE"]},{"@type":"Person","@id":"https:\/\/ismfrance.org\/#\/schema\/person\/3c411eb72adfaae19c0dca1f41fae01d","name":"mru_01","image":{"@type":"ImageObject","inLanguage":"fr-FR","@id":"https:\/\/secure.gravatar.com\/avatar\/3a0be343b445d2ccc79e87444a294fad2b232e90d2051d0e3cc219e1ecd6a330?s=96&d=mm&r=g","url":"https:\/\/secure.gravatar.com\/avatar\/3a0be343b445d2ccc79e87444a294fad2b232e90d2051d0e3cc219e1ecd6a330?s=96&d=mm&r=g","contentUrl":"https:\/\/secure.gravatar.com\/avatar\/3a0be343b445d2ccc79e87444a294fad2b232e90d2051d0e3cc219e1ecd6a330?s=96&d=mm&r=g","caption":"mru_01"},"url":"https:\/\/ismfrance.org\/index.php\/author\/admin02\/"}]}},"_links":{"self":[{"href":"https:\/\/ismfrance.org\/index.php\/wp-json\/wp\/v2\/posts\/13316","targetHints":{"allow":["GET"]}}],"collection":[{"href":"https:\/\/ismfrance.org\/index.php\/wp-json\/wp\/v2\/posts"}],"about":[{"href":"https:\/\/ismfrance.org\/index.php\/wp-json\/wp\/v2\/types\/post"}],"author":[{"embeddable":true,"href":"https:\/\/ismfrance.org\/index.php\/wp-json\/wp\/v2\/users\/3"}],"replies":[{"embeddable":true,"href":"https:\/\/ismfrance.org\/index.php\/wp-json\/wp\/v2\/comments?post=13316"}],"version-history":[{"count":0,"href":"https:\/\/ismfrance.org\/index.php\/wp-json\/wp\/v2\/posts\/13316\/revisions"}],"wp:featuredmedia":[{"embeddable":true,"href":"https:\/\/ismfrance.org\/index.php\/wp-json\/wp\/v2\/media\/13320"}],"wp:attachment":[{"href":"https:\/\/ismfrance.org\/index.php\/wp-json\/wp\/v2\/media?parent=13316"}],"wp:term":[{"taxonomy":"category","embeddable":true,"href":"https:\/\/ismfrance.org\/index.php\/wp-json\/wp\/v2\/categories?post=13316"},{"taxonomy":"post_tag","embeddable":true,"href":"https:\/\/ismfrance.org\/index.php\/wp-json\/wp\/v2\/tags?post=13316"}],"curies":[{"name":"wp","href":"https:\/\/api.w.org\/{rel}","templated":true}]}}