{"id":13220,"date":"2024-07-20T11:43:00","date_gmt":"2024-07-20T09:43:00","guid":{"rendered":"https:\/\/ismfrance.org\/?p=13220"},"modified":"2024-07-20T11:43:00","modified_gmt":"2024-07-20T09:43:00","slug":"cij-israel-est-une-puissance-doccupation-qui-viole-le-droit-international","status":"publish","type":"post","link":"https:\/\/ismfrance.org\/index.php\/2024\/07\/20\/cij-israel-est-une-puissance-doccupation-qui-viole-le-droit-international\/","title":{"rendered":"CIJ : \u00ab Isra\u00ebl \u00bb est une puissance d\u2019occupation qui viole le droit international"},"content":{"rendered":"<p><span style=\"color: #000000;\"><span style=\"font-family: Arial, sans-serif;\"><span style=\"font-size: medium;\"><strong>Al Mayadeen, 19 juillet 2024<\/strong>. Le pr\u00e9sident de la Cour internationale de Justice (CIJ), Nawaf Salam, a affirm\u00e9 que les pratiques et politiques \u00ab d&rsquo;Isra\u00ebl \u00bb violent le droit international et que la Cour examinera les implications juridiques de la pr\u00e9sence ill\u00e9gale d&rsquo;\u00ab Isra\u00ebl \u00bb dans les territoires palestiniens occup\u00e9s.<\/span><\/span><\/span><\/p>\n<div id=\"attachment_13222\" style=\"width: 610px\" class=\"wp-caption alignnone\"><a href=\"https:\/\/ismfrance.org\/wp-content\/uploads\/2024\/07\/destruction-1.jpeg\"><img loading=\"lazy\" decoding=\"async\" aria-describedby=\"caption-attachment-13222\" class=\"size-large wp-image-13222\" src=\"https:\/\/ismfrance.org\/wp-content\/uploads\/2024\/07\/destruction-1-700x466.jpeg\" alt=\"\" width=\"600\" height=\"399\" srcset=\"https:\/\/ismfrance.org\/wp-content\/uploads\/2024\/07\/destruction-1-700x466.jpeg 700w, https:\/\/ismfrance.org\/wp-content\/uploads\/2024\/07\/destruction-1-300x200.jpeg 300w, https:\/\/ismfrance.org\/wp-content\/uploads\/2024\/07\/destruction-1-768x512.jpeg 768w, https:\/\/ismfrance.org\/wp-content\/uploads\/2024\/07\/destruction-1.jpeg 1024w\" sizes=\"auto, (max-width: 600px) 100vw, 600px\" \/><\/a><p id=\"caption-attachment-13222\" class=\"wp-caption-text\">Gaza 2024.<\/p><\/div>\n<p><span style=\"color: #000000;\"><span style=\"font-family: Arial, sans-serif;\"><span style=\"font-size: medium;\">L&rsquo;analyse portait sp\u00e9cifiquement sur l&rsquo;occupation isra\u00e9lienne prolong\u00e9e, la politique de colonisation \u00ab isra\u00e9lienne \u00bb, l&rsquo;annexion du territoire palestinien occup\u00e9 depuis 1967 et l&rsquo;adoption de lois et de mesures connexes qui sont discriminatoires.<\/span><\/span><\/span><\/p>\n<p><span style=\"color: #000000;\"><span style=\"font-family: Arial, sans-serif;\"><span style=\"font-size: medium;\">Le rapport pr\u00e9cise en outre que le peuple palestinien, reconnu par les accords d&rsquo;Oslo entre \u00ab Isra\u00ebl \u00bb et l&rsquo;Organisation de lib\u00e9ration de la Palestine, a le droit \u00e0 l&rsquo;autod\u00e9termination.<\/span><\/span><\/span><\/p>\n<p><span style=\"color: #000000;\"><span style=\"font-family: Arial, sans-serif;\"><span style=\"font-size: medium;\">Selon Salam, l&rsquo;avis consultatif de la CIJ repose sur le principe selon lequel les territoires palestiniens sont des terres occup\u00e9es et que les territoires palestiniens occup\u00e9s de Gaza, de Cisjordanie et d&rsquo;Al-Quds repr\u00e9sentent des terres contigu\u00ebs et souveraines qui doivent \u00eatre respect\u00e9es.<\/span><\/span><\/span><\/p>\n<p><span style=\"color: #000000;\"><span style=\"font-family: Arial, sans-serif;\"><span style=\"font-size: medium;\">La CIJ a \u00e9galement consid\u00e9r\u00e9 qu&rsquo;\u00ab Isra\u00ebl \u00bb avait exerc\u00e9 son autorit\u00e9 de puissance occupante contrairement au droit international, affirmant que l&rsquo;occupation prolong\u00e9e des territoires palestiniens ne changeait pas leur statut juridique.<\/span><\/span><\/span><\/p>\n<p><span style=\"color: #000000;\"><span style=\"font-family: Arial, sans-serif;\"><span style=\"font-size: medium;\">Concernant la guerre actuelle contre la bande de Gaza en Palestine, le pr\u00e9sident de la CIJ a indiqu\u00e9 que l&rsquo;avis consultatif actuel n&rsquo;inclut pas la guerre qui a \u00e9clat\u00e9 \u00e0 Gaza en octobre 2023.<\/span><\/span><\/span><\/p>\n<p><span style=\"color: #000000;\"><span style=\"font-family: Arial, sans-serif;\"><span style=\"font-size: medium;\">Salam a confirm\u00e9 que le tribunal consid\u00e8re Gaza comme faisant partie des territoires occup\u00e9s par \u00ab Isra\u00ebl \u00bb en 1967, notant qu&rsquo;\u00ab Isra\u00ebl \u00bb a conserv\u00e9 son autorit\u00e9 sur la bande, en contr\u00f4lant particuli\u00e8rement ses fronti\u00e8res a\u00e9riennes, maritimes et terrestres.<\/span><\/span><\/span><\/p>\n<p><span style=\"color: #000000;\"><span style=\"font-family: Arial, sans-serif;\"><span style=\"font-size: medium;\">En outre, Salam a soulign\u00e9 que les \u00ab devoirs \u00bb de l&rsquo;occupation isra\u00e9lienne dans les territoires occup\u00e9s sont soumis au trait\u00e9 de 1959 sur le traitement des civils pendant la guerre, et que les forces d&rsquo;occupation sont tenues d&rsquo;assurer l&rsquo;approvisionnement en eau des habitants des zones occup\u00e9es.<\/span><\/span><\/span><\/p>\n<p><span style=\"color: #000000;\"><span style=\"font-family: Arial, sans-serif;\"><span style=\"font-size: medium;\">Il a \u00e9galement qualifi\u00e9 l&rsquo;utilisation par l&rsquo;occupation isra\u00e9lienne des ressources naturelles des territoires palestiniens occup\u00e9s de violation de ses obligations en vertu du droit international, soulignant qu&rsquo;\u00ab Isra\u00ebl \u00bb doit compenser les dommages caus\u00e9s par son occupation des territoires palestiniens.<\/span><\/span><\/span><\/p>\n<p><span style=\"color: #000000;\"><span style=\"font-family: Arial, sans-serif;\"><span style=\"font-size: medium;\">Au niveau international, la CIJ a confirm\u00e9 que tous les \u00c9tats ont l&rsquo;obligation de ne pas reconna\u00eetre l&rsquo;occupation isra\u00e9lienne des territoires palestiniens et a not\u00e9 que chacun doit faire la distinction entre \u00ab Isra\u00ebl \u00bb et les territoires palestiniens occup\u00e9s.<\/span><\/span><\/span><\/p>\n<p><strong><span style=\"color: #000000;\"><span style=\"font-family: Arial, sans-serif;\"><span style=\"font-size: large;\">Colonies en Cisjordanie et \u00e0 Al-Quds : violations du droit international<\/span><\/span><\/span><\/strong><\/p>\n<p><span style=\"color: #000000;\"><span style=\"font-family: Arial, sans-serif;\"><span style=\"font-size: medium;\">Le pr\u00e9sident de la CIJ, Nawaf Salam, a \u00e9galement confirm\u00e9 que la Cour n&rsquo;est \u00ab pas convaincue \u00bb que l&rsquo;expansion de la souverainet\u00e9 en Cisjordanie et \u00e0 Al-Quds soit \u00ab justifi\u00e9e \u00bb, et consid\u00e8re les colonies isra\u00e9liennes en Cisjordanie et \u00e0 Al-Quds comme un violation du droit international.<\/span><\/span><\/span><\/p>\n<p><span style=\"color: #000000;\"><span style=\"font-family: Arial, sans-serif;\"><span style=\"font-size: medium;\">Dans ce contexte, Salam a d\u00e9clar\u00e9 que la CIJ consid\u00e8re\u00a0\u00ab\u00a0Isra\u00ebl\u00a0\u00bb traite l&rsquo;Est d&rsquo;Al-Qods comme une partie de son territoire\u00a0et qu&rsquo; \u00ab\u00a0Isra\u00ebl\u00a0\u00bb y a appliqu\u00e9 ses lois apr\u00e8s 1967, soulignant que l&rsquo;occupation isra\u00e9lienne est oblig\u00e9e de mettre fin \u00e0 sa pr\u00e9sence dans les territoires palestiniens occup\u00e9s dans les plus brefs d\u00e9lais.<\/span><\/span><\/span><\/p>\n<p><span style=\"color: #000000;\"><span style=\"font-family: Arial, sans-serif;\"><span style=\"font-size: medium;\">Le pr\u00e9sident de la CIJ a abord\u00e9 l&rsquo;expansion des colonies en Cisjordanie, expliquant que le transfert de colons isra\u00e9liens en Cisjordanie ou \u00e0 l&rsquo;est d&rsquo;Al-Qods contredit l&rsquo;article 49 de la Convention de Gen\u00e8ve et que la confiscation par \u00ab Isra\u00ebl \u00bb des terres palestiniennes et leur octroi aux colons n\u2019est ni temporaire ni conforme \u00e0 la Convention de Gen\u00e8ve.<\/span><\/span><\/span><\/p>\n<p align=\"JUSTIFY\"><span style=\"color: #000000;\"><span style=\"font-family: Arial, sans-serif;\"><span style=\"font-size: medium;\">La CIJ a soulign\u00e9 que l\u2019expansion des colonies en Cisjordanie et \u00e0 Al-Quds ainsi que la construction du mur de s\u00e9paration servent \u00e0 renforcer les autorit\u00e9s d\u2019occupation et a soulign\u00e9 que toutes les nouvelles activit\u00e9s de colonisation doivent cesser.<\/span><\/span><\/span><\/p>\n<p align=\"JUSTIFY\"><span style=\"color: #000000;\"><span style=\"font-family: Arial, sans-serif;\"><span style=\"font-size: medium;\">Salam a \u00e9galement soulign\u00e9 qu&rsquo;\u00ab Isra\u00ebl \u00bb a acc\u00e9l\u00e9r\u00e9 l&rsquo;annexion de terres et l&rsquo;\u00e9tablissement de nouvelles colonies en Cisjordanie, totalisant plus de 24.000 unit\u00e9s de colonies. La Cour estime que le contr\u00f4le sur les territoires occup\u00e9s devrait \u00eatre temporaire et que son maintien \u00e9quivaut \u00e0 une annexion ill\u00e9gale d\u2019une grande partie de ces territoires.<\/span><\/span><\/span><\/p>\n<p align=\"JUSTIFY\"><span style=\"color: #000000;\"><span style=\"font-family: Arial, sans-serif;\"><span style=\"font-size: medium;\">Salam a ensuite pass\u00e9 en revue le nombre d&rsquo;unit\u00e9s palestiniennes d\u00e9molies par l&rsquo;occupation ces derni\u00e8res ann\u00e9es, confirmant qu&rsquo;environ 11.000 unit\u00e9s palestiniennes ont \u00e9t\u00e9 d\u00e9molies depuis 2009 sous pr\u00e9texte de manque de permis. Il a \u00e9galement soulign\u00e9 que les pratiques d&rsquo;Isra\u00ebl ont conduit \u00e0 l&rsquo;expulsion de Palestiniens des territoires occup\u00e9s, notamment de la zone C en Cisjordanie.<\/span><\/span><\/span><\/p>\n<pre><em><span style=\"color: #000000;\"><span style=\"font-family: Arial, sans-serif;\"><span style=\"font-size: medium;\">Article original en anglais sur <span style=\"color: #ff0000;\"><a style=\"color: #ff0000;\" href=\"https:\/\/english.almayadeen.net\/news\/politics\/icj---israel--is-an-occupation-power-violating-international\">Al-Mayadeen<\/a> <\/span>\/ Traduction MR<\/span><\/span><\/span><\/em><\/pre>\n","protected":false},"excerpt":{"rendered":"<p>Al Mayadeen, 19 juillet 2024. Le pr\u00e9sident de la Cour internationale de Justice (CIJ), Nawaf Salam, a affirm\u00e9 que les pratiques et politiques \u00ab d&rsquo;Isra\u00ebl \u00bb violent le droit international <a class=\"more-link\" href=\"https:\/\/ismfrance.org\/index.php\/2024\/07\/20\/cij-israel-est-une-puissance-doccupation-qui-viole-le-droit-international\/\">Lire la suite &rarr;<\/a><\/p>\n","protected":false},"author":3,"featured_media":13222,"comment_status":"closed","ping_status":"closed","sticky":false,"template":"","format":"standard","meta":{"footnotes":""},"categories":[12,2],"tags":[415,191,104],"class_list":["post-13220","post","type-post","status-publish","format-standard","has-post-thumbnail","hentry","category-analyses","category-articles","tag-cpi-cij","tag-droit-international","tag-occupation"],"yoast_head":"<!-- This site is optimized with the Yoast SEO plugin v27.2 - https:\/\/yoast.com\/product\/yoast-seo-wordpress\/ -->\n<title>CIJ : \u00ab Isra\u00ebl \u00bb est une puissance d\u2019occupation qui viole le droit international - International Solidarity Movement - ISM-France<\/title>\n<meta name=\"robots\" content=\"index, follow, max-snippet:-1, max-image-preview:large, max-video-preview:-1\" \/>\n<link rel=\"canonical\" href=\"https:\/\/ismfrance.org\/index.php\/2024\/07\/20\/cij-israel-est-une-puissance-doccupation-qui-viole-le-droit-international\/\" \/>\n<meta property=\"og:locale\" content=\"fr_FR\" \/>\n<meta property=\"og:type\" content=\"article\" \/>\n<meta property=\"og:title\" content=\"CIJ : \u00ab Isra\u00ebl \u00bb est une puissance d\u2019occupation qui viole le droit international - International Solidarity Movement - ISM-France\" \/>\n<meta property=\"og:description\" content=\"Al Mayadeen, 19 juillet 2024. Le pr\u00e9sident de la Cour internationale de Justice (CIJ), Nawaf Salam, a affirm\u00e9 que les pratiques et politiques \u00ab d&rsquo;Isra\u00ebl \u00bb violent le droit international Lire la suite &rarr;\" \/>\n<meta property=\"og:url\" content=\"https:\/\/ismfrance.org\/index.php\/2024\/07\/20\/cij-israel-est-une-puissance-doccupation-qui-viole-le-droit-international\/\" \/>\n<meta property=\"og:site_name\" content=\"International Solidarity Movement - ISM-France\" \/>\n<meta property=\"article:published_time\" content=\"2024-07-20T09:43:00+00:00\" \/>\n<meta property=\"og:image\" content=\"https:\/\/ismfrance.org\/wp-content\/uploads\/2024\/07\/destruction-1.jpeg\" \/>\n\t<meta property=\"og:image:width\" content=\"1024\" \/>\n\t<meta property=\"og:image:height\" content=\"682\" \/>\n\t<meta property=\"og:image:type\" content=\"image\/jpeg\" \/>\n<meta name=\"author\" content=\"mru_01\" \/>\n<meta name=\"twitter:card\" content=\"summary_large_image\" \/>\n<meta name=\"twitter:creator\" content=\"@ISMFRANCE\" \/>\n<meta name=\"twitter:site\" content=\"@ISMFRANCE\" \/>\n<meta name=\"twitter:label1\" content=\"\u00c9crit par\" \/>\n\t<meta name=\"twitter:data1\" content=\"mru_01\" \/>\n\t<meta name=\"twitter:label2\" content=\"Dur\u00e9e de lecture estim\u00e9e\" \/>\n\t<meta name=\"twitter:data2\" content=\"4 minutes\" \/>\n<script type=\"application\/ld+json\" class=\"yoast-schema-graph\">{\"@context\":\"https:\/\/schema.org\",\"@graph\":[{\"@type\":\"Article\",\"@id\":\"https:\/\/ismfrance.org\/index.php\/2024\/07\/20\/cij-israel-est-une-puissance-doccupation-qui-viole-le-droit-international\/#article\",\"isPartOf\":{\"@id\":\"https:\/\/ismfrance.org\/index.php\/2024\/07\/20\/cij-israel-est-une-puissance-doccupation-qui-viole-le-droit-international\/\"},\"author\":{\"name\":\"mru_01\",\"@id\":\"https:\/\/ismfrance.org\/#\/schema\/person\/3c411eb72adfaae19c0dca1f41fae01d\"},\"headline\":\"CIJ : \u00ab Isra\u00ebl \u00bb est une puissance d\u2019occupation qui viole le droit international\",\"datePublished\":\"2024-07-20T09:43:00+00:00\",\"mainEntityOfPage\":{\"@id\":\"https:\/\/ismfrance.org\/index.php\/2024\/07\/20\/cij-israel-est-une-puissance-doccupation-qui-viole-le-droit-international\/\"},\"wordCount\":801,\"publisher\":{\"@id\":\"https:\/\/ismfrance.org\/#organization\"},\"image\":{\"@id\":\"https:\/\/ismfrance.org\/index.php\/2024\/07\/20\/cij-israel-est-une-puissance-doccupation-qui-viole-le-droit-international\/#primaryimage\"},\"thumbnailUrl\":\"https:\/\/ismfrance.org\/wp-content\/uploads\/2024\/07\/destruction-1.jpeg\",\"keywords\":[\"CPI \/ CIJ\",\"Droit international\",\"Occupation\"],\"articleSection\":[\"Analyses\",\"Articles\"],\"inLanguage\":\"fr-FR\"},{\"@type\":\"WebPage\",\"@id\":\"https:\/\/ismfrance.org\/index.php\/2024\/07\/20\/cij-israel-est-une-puissance-doccupation-qui-viole-le-droit-international\/\",\"url\":\"https:\/\/ismfrance.org\/index.php\/2024\/07\/20\/cij-israel-est-une-puissance-doccupation-qui-viole-le-droit-international\/\",\"name\":\"CIJ : \u00ab Isra\u00ebl \u00bb est une puissance d\u2019occupation qui viole le droit international - International Solidarity Movement - ISM-France\",\"isPartOf\":{\"@id\":\"https:\/\/ismfrance.org\/#website\"},\"primaryImageOfPage\":{\"@id\":\"https:\/\/ismfrance.org\/index.php\/2024\/07\/20\/cij-israel-est-une-puissance-doccupation-qui-viole-le-droit-international\/#primaryimage\"},\"image\":{\"@id\":\"https:\/\/ismfrance.org\/index.php\/2024\/07\/20\/cij-israel-est-une-puissance-doccupation-qui-viole-le-droit-international\/#primaryimage\"},\"thumbnailUrl\":\"https:\/\/ismfrance.org\/wp-content\/uploads\/2024\/07\/destruction-1.jpeg\",\"datePublished\":\"2024-07-20T09:43:00+00:00\",\"breadcrumb\":{\"@id\":\"https:\/\/ismfrance.org\/index.php\/2024\/07\/20\/cij-israel-est-une-puissance-doccupation-qui-viole-le-droit-international\/#breadcrumb\"},\"inLanguage\":\"fr-FR\",\"potentialAction\":[{\"@type\":\"ReadAction\",\"target\":[\"https:\/\/ismfrance.org\/index.php\/2024\/07\/20\/cij-israel-est-une-puissance-doccupation-qui-viole-le-droit-international\/\"]}]},{\"@type\":\"ImageObject\",\"inLanguage\":\"fr-FR\",\"@id\":\"https:\/\/ismfrance.org\/index.php\/2024\/07\/20\/cij-israel-est-une-puissance-doccupation-qui-viole-le-droit-international\/#primaryimage\",\"url\":\"https:\/\/ismfrance.org\/wp-content\/uploads\/2024\/07\/destruction-1.jpeg\",\"contentUrl\":\"https:\/\/ismfrance.org\/wp-content\/uploads\/2024\/07\/destruction-1.jpeg\",\"width\":1024,\"height\":682,\"caption\":\"Gaza 2024.\"},{\"@type\":\"BreadcrumbList\",\"@id\":\"https:\/\/ismfrance.org\/index.php\/2024\/07\/20\/cij-israel-est-une-puissance-doccupation-qui-viole-le-droit-international\/#breadcrumb\",\"itemListElement\":[{\"@type\":\"ListItem\",\"position\":1,\"name\":\"Accueil\",\"item\":\"https:\/\/ismfrance.org\/\"},{\"@type\":\"ListItem\",\"position\":2,\"name\":\"CIJ : \u00ab Isra\u00ebl \u00bb est une puissance d\u2019occupation qui viole le droit international\"}]},{\"@type\":\"WebSite\",\"@id\":\"https:\/\/ismfrance.org\/#website\",\"url\":\"https:\/\/ismfrance.org\/\",\"name\":\"ISM Palestine France\",\"description\":\"Soutien aux luttes de lib\u00e9ration du peuple palestinien\",\"publisher\":{\"@id\":\"https:\/\/ismfrance.org\/#organization\"},\"potentialAction\":[{\"@type\":\"SearchAction\",\"target\":{\"@type\":\"EntryPoint\",\"urlTemplate\":\"https:\/\/ismfrance.org\/?s={search_term_string}\"},\"query-input\":{\"@type\":\"PropertyValueSpecification\",\"valueRequired\":true,\"valueName\":\"search_term_string\"}}],\"inLanguage\":\"fr-FR\"},{\"@type\":\"Organization\",\"@id\":\"https:\/\/ismfrance.org\/#organization\",\"name\":\"International Solidarity Movement\",\"url\":\"https:\/\/ismfrance.org\/\",\"logo\":{\"@type\":\"ImageObject\",\"inLanguage\":\"fr-FR\",\"@id\":\"https:\/\/ismfrance.org\/#\/schema\/logo\/image\/\",\"url\":\"https:\/\/ismfrance.org\/wp-content\/uploads\/2020\/12\/00.png\",\"contentUrl\":\"https:\/\/ismfrance.org\/wp-content\/uploads\/2020\/12\/00.png\",\"width\":400,\"height\":400,\"caption\":\"International Solidarity Movement\"},\"image\":{\"@id\":\"https:\/\/ismfrance.org\/#\/schema\/logo\/image\/\"},\"sameAs\":[\"https:\/\/x.com\/ISMFRANCE\"]},{\"@type\":\"Person\",\"@id\":\"https:\/\/ismfrance.org\/#\/schema\/person\/3c411eb72adfaae19c0dca1f41fae01d\",\"name\":\"mru_01\",\"image\":{\"@type\":\"ImageObject\",\"inLanguage\":\"fr-FR\",\"@id\":\"https:\/\/secure.gravatar.com\/avatar\/3a0be343b445d2ccc79e87444a294fad2b232e90d2051d0e3cc219e1ecd6a330?s=96&d=mm&r=g\",\"url\":\"https:\/\/secure.gravatar.com\/avatar\/3a0be343b445d2ccc79e87444a294fad2b232e90d2051d0e3cc219e1ecd6a330?s=96&d=mm&r=g\",\"contentUrl\":\"https:\/\/secure.gravatar.com\/avatar\/3a0be343b445d2ccc79e87444a294fad2b232e90d2051d0e3cc219e1ecd6a330?s=96&d=mm&r=g\",\"caption\":\"mru_01\"},\"url\":\"https:\/\/ismfrance.org\/index.php\/author\/admin02\/\"}]}<\/script>\n<!-- \/ Yoast SEO plugin. -->","yoast_head_json":{"title":"CIJ : \u00ab Isra\u00ebl \u00bb est une puissance d\u2019occupation qui viole le droit international - International Solidarity Movement - ISM-France","robots":{"index":"index","follow":"follow","max-snippet":"max-snippet:-1","max-image-preview":"max-image-preview:large","max-video-preview":"max-video-preview:-1"},"canonical":"https:\/\/ismfrance.org\/index.php\/2024\/07\/20\/cij-israel-est-une-puissance-doccupation-qui-viole-le-droit-international\/","og_locale":"fr_FR","og_type":"article","og_title":"CIJ : \u00ab Isra\u00ebl \u00bb est une puissance d\u2019occupation qui viole le droit international - International Solidarity Movement - ISM-France","og_description":"Al Mayadeen, 19 juillet 2024. Le pr\u00e9sident de la Cour internationale de Justice (CIJ), Nawaf Salam, a affirm\u00e9 que les pratiques et politiques \u00ab d&rsquo;Isra\u00ebl \u00bb violent le droit international Lire la suite &rarr;","og_url":"https:\/\/ismfrance.org\/index.php\/2024\/07\/20\/cij-israel-est-une-puissance-doccupation-qui-viole-le-droit-international\/","og_site_name":"International Solidarity Movement - ISM-France","article_published_time":"2024-07-20T09:43:00+00:00","og_image":[{"width":1024,"height":682,"url":"https:\/\/ismfrance.org\/wp-content\/uploads\/2024\/07\/destruction-1.jpeg","type":"image\/jpeg"}],"author":"mru_01","twitter_card":"summary_large_image","twitter_creator":"@ISMFRANCE","twitter_site":"@ISMFRANCE","twitter_misc":{"\u00c9crit par":"mru_01","Dur\u00e9e de lecture estim\u00e9e":"4 minutes"},"schema":{"@context":"https:\/\/schema.org","@graph":[{"@type":"Article","@id":"https:\/\/ismfrance.org\/index.php\/2024\/07\/20\/cij-israel-est-une-puissance-doccupation-qui-viole-le-droit-international\/#article","isPartOf":{"@id":"https:\/\/ismfrance.org\/index.php\/2024\/07\/20\/cij-israel-est-une-puissance-doccupation-qui-viole-le-droit-international\/"},"author":{"name":"mru_01","@id":"https:\/\/ismfrance.org\/#\/schema\/person\/3c411eb72adfaae19c0dca1f41fae01d"},"headline":"CIJ : \u00ab Isra\u00ebl \u00bb est une puissance d\u2019occupation qui viole le droit international","datePublished":"2024-07-20T09:43:00+00:00","mainEntityOfPage":{"@id":"https:\/\/ismfrance.org\/index.php\/2024\/07\/20\/cij-israel-est-une-puissance-doccupation-qui-viole-le-droit-international\/"},"wordCount":801,"publisher":{"@id":"https:\/\/ismfrance.org\/#organization"},"image":{"@id":"https:\/\/ismfrance.org\/index.php\/2024\/07\/20\/cij-israel-est-une-puissance-doccupation-qui-viole-le-droit-international\/#primaryimage"},"thumbnailUrl":"https:\/\/ismfrance.org\/wp-content\/uploads\/2024\/07\/destruction-1.jpeg","keywords":["CPI \/ CIJ","Droit international","Occupation"],"articleSection":["Analyses","Articles"],"inLanguage":"fr-FR"},{"@type":"WebPage","@id":"https:\/\/ismfrance.org\/index.php\/2024\/07\/20\/cij-israel-est-une-puissance-doccupation-qui-viole-le-droit-international\/","url":"https:\/\/ismfrance.org\/index.php\/2024\/07\/20\/cij-israel-est-une-puissance-doccupation-qui-viole-le-droit-international\/","name":"CIJ : \u00ab Isra\u00ebl \u00bb est une puissance d\u2019occupation qui viole le droit international - International Solidarity Movement - ISM-France","isPartOf":{"@id":"https:\/\/ismfrance.org\/#website"},"primaryImageOfPage":{"@id":"https:\/\/ismfrance.org\/index.php\/2024\/07\/20\/cij-israel-est-une-puissance-doccupation-qui-viole-le-droit-international\/#primaryimage"},"image":{"@id":"https:\/\/ismfrance.org\/index.php\/2024\/07\/20\/cij-israel-est-une-puissance-doccupation-qui-viole-le-droit-international\/#primaryimage"},"thumbnailUrl":"https:\/\/ismfrance.org\/wp-content\/uploads\/2024\/07\/destruction-1.jpeg","datePublished":"2024-07-20T09:43:00+00:00","breadcrumb":{"@id":"https:\/\/ismfrance.org\/index.php\/2024\/07\/20\/cij-israel-est-une-puissance-doccupation-qui-viole-le-droit-international\/#breadcrumb"},"inLanguage":"fr-FR","potentialAction":[{"@type":"ReadAction","target":["https:\/\/ismfrance.org\/index.php\/2024\/07\/20\/cij-israel-est-une-puissance-doccupation-qui-viole-le-droit-international\/"]}]},{"@type":"ImageObject","inLanguage":"fr-FR","@id":"https:\/\/ismfrance.org\/index.php\/2024\/07\/20\/cij-israel-est-une-puissance-doccupation-qui-viole-le-droit-international\/#primaryimage","url":"https:\/\/ismfrance.org\/wp-content\/uploads\/2024\/07\/destruction-1.jpeg","contentUrl":"https:\/\/ismfrance.org\/wp-content\/uploads\/2024\/07\/destruction-1.jpeg","width":1024,"height":682,"caption":"Gaza 2024."},{"@type":"BreadcrumbList","@id":"https:\/\/ismfrance.org\/index.php\/2024\/07\/20\/cij-israel-est-une-puissance-doccupation-qui-viole-le-droit-international\/#breadcrumb","itemListElement":[{"@type":"ListItem","position":1,"name":"Accueil","item":"https:\/\/ismfrance.org\/"},{"@type":"ListItem","position":2,"name":"CIJ : \u00ab Isra\u00ebl \u00bb est une puissance d\u2019occupation qui viole le droit international"}]},{"@type":"WebSite","@id":"https:\/\/ismfrance.org\/#website","url":"https:\/\/ismfrance.org\/","name":"ISM Palestine France","description":"Soutien aux luttes de lib\u00e9ration du peuple palestinien","publisher":{"@id":"https:\/\/ismfrance.org\/#organization"},"potentialAction":[{"@type":"SearchAction","target":{"@type":"EntryPoint","urlTemplate":"https:\/\/ismfrance.org\/?s={search_term_string}"},"query-input":{"@type":"PropertyValueSpecification","valueRequired":true,"valueName":"search_term_string"}}],"inLanguage":"fr-FR"},{"@type":"Organization","@id":"https:\/\/ismfrance.org\/#organization","name":"International Solidarity Movement","url":"https:\/\/ismfrance.org\/","logo":{"@type":"ImageObject","inLanguage":"fr-FR","@id":"https:\/\/ismfrance.org\/#\/schema\/logo\/image\/","url":"https:\/\/ismfrance.org\/wp-content\/uploads\/2020\/12\/00.png","contentUrl":"https:\/\/ismfrance.org\/wp-content\/uploads\/2020\/12\/00.png","width":400,"height":400,"caption":"International Solidarity Movement"},"image":{"@id":"https:\/\/ismfrance.org\/#\/schema\/logo\/image\/"},"sameAs":["https:\/\/x.com\/ISMFRANCE"]},{"@type":"Person","@id":"https:\/\/ismfrance.org\/#\/schema\/person\/3c411eb72adfaae19c0dca1f41fae01d","name":"mru_01","image":{"@type":"ImageObject","inLanguage":"fr-FR","@id":"https:\/\/secure.gravatar.com\/avatar\/3a0be343b445d2ccc79e87444a294fad2b232e90d2051d0e3cc219e1ecd6a330?s=96&d=mm&r=g","url":"https:\/\/secure.gravatar.com\/avatar\/3a0be343b445d2ccc79e87444a294fad2b232e90d2051d0e3cc219e1ecd6a330?s=96&d=mm&r=g","contentUrl":"https:\/\/secure.gravatar.com\/avatar\/3a0be343b445d2ccc79e87444a294fad2b232e90d2051d0e3cc219e1ecd6a330?s=96&d=mm&r=g","caption":"mru_01"},"url":"https:\/\/ismfrance.org\/index.php\/author\/admin02\/"}]}},"_links":{"self":[{"href":"https:\/\/ismfrance.org\/index.php\/wp-json\/wp\/v2\/posts\/13220","targetHints":{"allow":["GET"]}}],"collection":[{"href":"https:\/\/ismfrance.org\/index.php\/wp-json\/wp\/v2\/posts"}],"about":[{"href":"https:\/\/ismfrance.org\/index.php\/wp-json\/wp\/v2\/types\/post"}],"author":[{"embeddable":true,"href":"https:\/\/ismfrance.org\/index.php\/wp-json\/wp\/v2\/users\/3"}],"replies":[{"embeddable":true,"href":"https:\/\/ismfrance.org\/index.php\/wp-json\/wp\/v2\/comments?post=13220"}],"version-history":[{"count":0,"href":"https:\/\/ismfrance.org\/index.php\/wp-json\/wp\/v2\/posts\/13220\/revisions"}],"wp:featuredmedia":[{"embeddable":true,"href":"https:\/\/ismfrance.org\/index.php\/wp-json\/wp\/v2\/media\/13222"}],"wp:attachment":[{"href":"https:\/\/ismfrance.org\/index.php\/wp-json\/wp\/v2\/media?parent=13220"}],"wp:term":[{"taxonomy":"category","embeddable":true,"href":"https:\/\/ismfrance.org\/index.php\/wp-json\/wp\/v2\/categories?post=13220"},{"taxonomy":"post_tag","embeddable":true,"href":"https:\/\/ismfrance.org\/index.php\/wp-json\/wp\/v2\/tags?post=13220"}],"curies":[{"name":"wp","href":"https:\/\/api.w.org\/{rel}","templated":true}]}}