{"id":13155,"date":"2024-07-15T10:04:40","date_gmt":"2024-07-15T08:04:40","guid":{"rendered":"https:\/\/ismfrance.org\/?p=13155"},"modified":"2024-07-15T10:06:13","modified_gmt":"2024-07-15T08:06:13","slug":"il-faut-braquer-les-projecteurs-sur-la-palestine-aux-jo-de-paris","status":"publish","type":"post","link":"https:\/\/ismfrance.org\/index.php\/2024\/07\/15\/il-faut-braquer-les-projecteurs-sur-la-palestine-aux-jo-de-paris\/","title":{"rendered":"Il faut braquer les projecteurs sur la Palestine aux JO de Paris"},"content":{"rendered":"<p><span style=\"color: #000000;\"><span style=\"font-family: Verdana, sans-serif;\"><strong>Tafi Mhaka, 11 juillet 2024<\/strong>. Dans quelques semaines, le 26 juillet, d\u00e9buteront les Jeux Olympiques de 2024 \u00e0 Paris, apportant joie, enthousiasme et, peut-\u00eatre plus important encore, un sentiment renouvel\u00e9 de solidarit\u00e9 humaine dans la vie des amateurs de sport du monde entier.<\/span><\/span><\/p>\n<div id=\"attachment_13156\" style=\"width: 610px\" class=\"wp-caption aligncenter\"><a href=\"https:\/\/ismfrance.org\/wp-content\/uploads\/2024\/07\/Palestinians-to-IOC_fr.jpg\"><img loading=\"lazy\" decoding=\"async\" aria-describedby=\"caption-attachment-13156\" class=\"wp-image-13156 size-large\" src=\"https:\/\/ismfrance.org\/wp-content\/uploads\/2024\/07\/Palestinians-to-IOC_fr-700x394.jpg\" alt=\"\" width=\"600\" height=\"338\" srcset=\"https:\/\/ismfrance.org\/wp-content\/uploads\/2024\/07\/Palestinians-to-IOC_fr-700x394.jpg 700w, https:\/\/ismfrance.org\/wp-content\/uploads\/2024\/07\/Palestinians-to-IOC_fr-300x169.jpg 300w, https:\/\/ismfrance.org\/wp-content\/uploads\/2024\/07\/Palestinians-to-IOC_fr-768x432.jpg 768w, https:\/\/ismfrance.org\/wp-content\/uploads\/2024\/07\/Palestinians-to-IOC_fr-1320x742.jpg 1320w, https:\/\/ismfrance.org\/wp-content\/uploads\/2024\/07\/Palestinians-to-IOC_fr.jpg 1366w\" sizes=\"auto, (max-width: 600px) 100vw, 600px\" \/><\/a><p id=\"caption-attachment-13156\" class=\"wp-caption-text\"><strong>Campagne BDS-France, 18.01.2024 (source <a href=\"https:\/\/www.bdsfrance.org\/300-clubs-sportifs-palestiniens-appellent-a-exclure-israel-des-jeux-olympiques\/\">https:\/\/www.bdsfrance.org\/<\/a>)<\/strong><\/p><\/div>\n<p><span style=\"color: #000000;\"><span style=\"font-family: Verdana, sans-serif;\">Des millions de personnes, de l\u2019Afrique \u00e0 l\u2019Asie, de l\u2019Europe aux Am\u00e9riques, seront scotch\u00e9es \u00e0 leurs \u00e9crans de t\u00e9l\u00e9vision pour regarder les athl\u00e8tes drap\u00e9s aux couleurs de leurs drapeaux nationaux s\u2019affronter pour devenir les meilleurs et c\u00e9l\u00e9brer leurs succ\u00e8s comme les leurs. Les enfants, en particulier, d\u00e9couvriront ce qui peut \u00eatre r\u00e9alis\u00e9 gr\u00e2ce \u00e0 la d\u00e9termination et au travail acharn\u00e9 et comment le sport peut rassembler les gens.<\/span><\/span><\/p>\n<p><span style=\"color: #000000;\"><span style=\"font-family: Verdana, sans-serif;\">Pour les Palestiniens qui tentent de survivre \u00e0 la guerre g\u00e9nocidaire isra\u00e9lienne \u00e0 Gaza, les Jeux Olympiques de 2024 ne seront rien d\u2019autre qu\u2019une nouvelle confirmation de l\u2019apparente indiff\u00e9rence du monde \u00e0 l\u2019\u00e9gard de leurs souffrances.<\/span><\/span><\/p>\n<p><span style=\"color: #000000;\"><span style=\"font-family: Verdana, sans-serif;\">Des millions d\u2019enfants palestiniens mutil\u00e9s, orphelins, d\u00e9plac\u00e9s et traumatis\u00e9s par l\u2019agression isra\u00e9lienne ne seront m\u00eame pas conscients de la comp\u00e9tition sportive mondiale qui se d\u00e9roule en France. Ils seront trop occup\u00e9s \u00e0 chercher de l\u2019eau, de la nourriture et un abri et \u00e0 pleurer leurs proches tu\u00e9s, leurs maisons d\u00e9truites et leur avenir vol\u00e9 pour pr\u00eater attention \u00e0 qui court le plus vite ou saute le plus haut \u00e0 Paris.<\/span><\/span><\/p>\n<p><span style=\"color: #000000;\"><span style=\"font-family: Verdana, sans-serif;\">Depuis le 7 octobre, la bande de Gaza assi\u00e9g\u00e9e est le th\u00e9\u00e2tre d\u2019une trag\u00e9die sans pr\u00e9c\u00e9dent. Selon des estimations prudentes, en un peu plus de neuf mois, l\u2019arm\u00e9e isra\u00e9lienne a tu\u00e9 plus de 38.000 personnes et en a bless\u00e9 pr\u00e8s de 90.000. Ce bilan comprend plus de 15.000 enfants. De nombreux autres se retrouvent sans parents. L\u2019assaut isra\u00e9lien a \u00e9galement d\u00e9truit la plupart des \u00e9coles et h\u00f4pitaux de la bande de Gaza. Il n\u2019y a plus d\u2019universit\u00e9s debout. Autrefois abritant plus de deux millions de personnes, la majeure partie de Gaza n\u2019est plus que d\u00e9combres.<\/span><\/span><\/p>\n<p><span style=\"color: #000000;\"><span style=\"font-family: Verdana, sans-serif;\">Dans ce contexte sans pr\u00e9c\u00e9dent, les Jeux Olympiques ne devraient pas se d\u00e9rouler comme si de rien n\u2019\u00e9tait avec la participation d\u2019Isra\u00ebl.<\/span><\/span><\/p>\n<p><span style=\"color: #000000;\"><span style=\"font-family: Verdana, sans-serif;\">Selon la Charte olympique, les Jeux cherchent \u00e0 cr\u00e9er un mode de vie fond\u00e9, entre autres, sur \u00ab le respect des droits de l&rsquo;homme internationalement reconnus et des principes \u00e9thiques fondamentaux universels \u00bb.<\/span><\/span><\/p>\n<p><span style=\"color: #000000;\"><span style=\"font-family: Verdana, sans-serif;\">Depuis sa cr\u00e9ation, Isra\u00ebl viole de mani\u00e8re flagrante les droits de l\u2019homme et les \u00ab principes \u00e9thiques fondamentaux universels \u00bb sans aucune cons\u00e9quence.<\/span><\/span><\/p>\n<p><span style=\"color: #000000;\"><span style=\"font-family: Verdana, sans-serif;\">Pendant 76 ans, Isra\u00ebl a minutieusement mis en \u0153uvre le r\u00e9gime de l\u2019apartheid sur les Palestiniens et s\u2019est montr\u00e9 incapable de souscrire au droit humanitaire international ou m\u00eame aux valeurs olympiques fondamentales.<\/span><\/span><\/p>\n<p><span style=\"color: #000000;\"><span style=\"font-family: Verdana, sans-serif;\">Parmi ses violations \u00e9tendues et flagrantes figurent la confiscation g\u00e9n\u00e9ralis\u00e9e des terres et des biens palestiniens, les meurtres ill\u00e9gaux, les d\u00e9placements forc\u00e9s, les restrictions s\u00e9v\u00e8res de d\u00e9placement, la d\u00e9tention arbitraire et le d\u00e9ni de nationalit\u00e9 et de citoyennet\u00e9 aux Palestiniens.<\/span><\/span><\/p>\n<p><span style=\"color: #000000;\"><span style=\"font-family: Verdana, sans-serif;\">Et depuis neuf mois, Isra\u00ebl est engag\u00e9e dans une guerre g\u00e9nocidaire contre les Palestiniens \u00e0 Gaza.<\/span><\/span><\/p>\n<p><span style=\"color: #000000;\"><span style=\"font-family: Verdana, sans-serif;\">La participation d\u2019Isra\u00ebl aux Jeux de cette ann\u00e9e, alors qu\u2019il continue de massacrer quotidiennement les Palestiniens, serait une erreur aux proportions \u00e9piques. Non seulement cela bafouerait les valeurs olympiques, mais cela encouragerait \u00e9galement le gouvernement isra\u00e9lien \u00e0 continuer de tuer des hommes, des femmes et des enfants palestiniens innocents.<\/span><\/span><\/p>\n<p><span style=\"color: #000000;\"><span style=\"font-family: Verdana, sans-serif;\">Certains disent qu\u2019il faut qu&rsquo;Isra\u00ebl soit autoris\u00e9 \u00e0 participer parce que \u00ab la politique et le sport doivent rester s\u00e9par\u00e9s \u00bb, tandis que d\u2019autres affirment qu\u2019il ne doit pas \u00eatre puni pour \u00ab s\u2019\u00eatre d\u00e9fendu contre le Hamas \u00bb. Aucun des deux arguments ne tient la route. Le massacre d\u2019enfants, la destruction syst\u00e9matique d\u2019\u00e9coles, la destruction d\u2019h\u00f4pitaux ne sont pas des \u00ab actes d\u2019autod\u00e9fense \u00bb ou de simples d\u00e9saccords politiques qui peuvent \u00eatre mis de c\u00f4t\u00e9 lors de la pratique d\u2019un sport. Il s\u2019agit de crimes contre l\u2019humanit\u00e9 qu&rsquo;il ne faut ignorer ou excuser dans aucun contexte. Tout \u00c9tat se livrant \u00e0 de tels crimes doit \u00eatre condamn\u00e9 et exclu \u00e0 l\u2019\u00e9chelle mondiale.<\/span><\/span><\/p>\n<p><span style=\"color: #000000;\"><span style=\"font-family: Verdana, sans-serif;\">En f\u00e9vrier, un groupe de 26 d\u00e9put\u00e9s fran\u00e7ais a fait appel au Comit\u00e9 International Olympique (CIO), l&rsquo;exhortant \u00e0 exclure Isra\u00ebl de la participation aux prochains Jeux Olympiques de Paris. Ils ont insist\u00e9 sur le fait que les athl\u00e8tes isra\u00e9liens devraient participer sous un drapeau neutre, de la m\u00eame mani\u00e8re que les athl\u00e8tes russes et bi\u00e9lorusses devraient participer aux Jeux de cette ann\u00e9e en raison de l\u2019agression continue de leurs pays contre l\u2019Ukraine.<\/span><\/span><\/p>\n<p><span style=\"color: #000000;\"><span style=\"font-family: Verdana, sans-serif;\">Les clubs sportifs palestiniens, les centres de jeunesse et les organisations de la soci\u00e9t\u00e9 civile ont \u00e9galement appel\u00e9 le CIO \u00e0 respecter ses principes et \u00e0 remplir ses obligations. Ils ont demand\u00e9 l\u2019exclusion d\u2019Isra\u00ebl des Jeux Olympiques, au moins jusqu\u2019\u00e0 ce qu\u2019il abandonne son syst\u00e8me d\u2019apartheid.<\/span><\/span><\/p>\n<p><span style=\"color: #000000;\"><span style=\"font-family: Verdana, sans-serif;\">Cette d\u00e9marche n\u2019est pas sans pr\u00e9c\u00e9dent historique. L\u2019Afrique du Sud de l\u2019apartheid s\u2019est vu interdire de participer aux \u00e9preuves olympiques de 1964 et 1968. Et en mai 1970, elle a \u00e9t\u00e9 compl\u00e8tement expuls\u00e9e.<\/span><\/span><\/p>\n<p><span style=\"color: #000000;\"><span style=\"font-family: Verdana, sans-serif;\">L&rsquo;exclusion de l&rsquo;Afrique du Sud des Jeux olympiques \u00e9tait une cons\u00e9quence de sa violation de la premi\u00e8re r\u00e8gle de la Charte olympique, qui interdit clairement la discrimination contre tout pays ou individu fond\u00e9e sur la race, la religion ou l&rsquo;affiliation politique. Le pays n&rsquo;a \u00e9t\u00e9 r\u00e9admis dans le giron olympique qu&rsquo;apr\u00e8s la chute de l&rsquo;apartheid en 1991.<\/span><\/span><\/p>\n<p><span style=\"color: #000000;\"><span style=\"font-family: Verdana, sans-serif;\">Il est vraiment honteux que le CIO, qui a fait le bon choix en excluant l\u2019Afrique du Sud de l\u2019apartheid des jeux et en prenant des mesures significatives pour limiter la participation de la Russie et de la Bi\u00e9lorussie cette ann\u00e9e [r\u00e9serves sur ce parall\u00e8le qu&rsquo;on peut consid\u00e9rer comme inappropri\u00e9, NdT], ne semble pas dispos\u00e9 \u00e0 faire de m\u00eame avec l\u2019apartheid isra\u00e9lien.<\/span><\/span><\/p>\n<p><span style=\"color: #000000;\"><span style=\"font-family: Verdana, sans-serif;\">Alors que les responsables refusent de d\u00e9fendre les valeurs olympiques et d\u2019exclure Isra\u00ebl, il sera donc de notre responsabilit\u00e9 commune, lors des Jeux de cette ann\u00e9e, de maintenir l\u2019attention sur les crimes continus d\u2019Isra\u00ebl contre les Palestiniens.<\/span><\/span><\/p>\n<p><span style=\"color: #000000;\"><span style=\"font-family: Verdana, sans-serif;\">Les spectateurs \u00e0 Paris peuvent parler de la Palestine \u00e0 travers des chants et des manifestations. Les athl\u00e8tes peuvent eux aussi profiter de l\u2019attention qui sera braqu\u00e9e sur eux pour attirer l\u2019attention sur Gaza. Ils peuvent organiser leurs propres manifestations, ou au moins faire preuve de solidarit\u00e9 avec les Palestiniens en portant un keffieh sur leurs \u00e9paules devant les cam\u00e9ras.<\/span><\/span><\/p>\n<p><span style=\"color: #000000;\"><span style=\"font-family: Verdana, sans-serif;\">Les Jeux Olympiques sont pr\u00e9cieux car, pendant deux courtes semaines, ils rassemblent les nations du monde dans une comp\u00e9tition amicale, nous rappelant notre humanit\u00e9 commune et la beaut\u00e9 de la solidarit\u00e9 humaine.<\/span><\/span><\/p>\n<p><span style=\"color: #000000;\"><span style=\"font-family: Verdana, sans-serif;\">Si Isra\u00ebl est autoris\u00e9 \u00e0 y participer sans protestation ni opposition, surtout cette ann\u00e9e alors qu&rsquo;il commet un g\u00e9nocide contre un peuple vivant sous son occupation, les jeux perdront tout sens et deviendront juste un autre spectacle vide organis\u00e9 pour divertir les masses et augmenter la consommation.<\/span><\/span><\/p>\n<p><span style=\"color: #000000;\"><span style=\"font-family: Verdana, sans-serif;\">Alors que le CIO semble peu dispos\u00e9 \u00e0 d\u00e9fendre les valeurs olympiques et \u00e0 faire ce qu&rsquo;il faut, il nous appartient \u00e0 nous, citoyens du monde, de garantir que les Jeux servent leur objectif et promeuvent les \u00ab droits de l&rsquo;homme \u00bb et les \u00ab principes \u00e9thiques fondamentaux universels \u00bb. <\/span><\/span><\/p>\n<p><em><span style=\"color: #000000;\"><span style=\"font-family: Verdana, sans-serif;\">Article original en anglais sur <a href=\"https:\/\/www.aljazeera.com\/opinions\/2024\/7\/11\/the-spotlight-should-be-on-palestine-at-the-paris-olympics\">Al-Jazeera<\/a> \/ Traduction MR<\/span><\/span><\/em><\/p>\n","protected":false},"excerpt":{"rendered":"<p>Tafi Mhaka, 11 juillet 2024. Dans quelques semaines, le 26 juillet, d\u00e9buteront les Jeux Olympiques de 2024 \u00e0 Paris, apportant joie, enthousiasme et, peut-\u00eatre plus important encore, un sentiment renouvel\u00e9 <a class=\"more-link\" href=\"https:\/\/ismfrance.org\/index.php\/2024\/07\/15\/il-faut-braquer-les-projecteurs-sur-la-palestine-aux-jo-de-paris\/\">Lire la suite &rarr;<\/a><\/p>\n","protected":false},"author":3,"featured_media":13156,"comment_status":"closed","ping_status":"closed","sticky":false,"template":"","format":"standard","meta":{"footnotes":""},"categories":[1],"tags":[156,426],"class_list":["post-13155","post","type-post","status-publish","format-standard","has-post-thumbnail","hentry","category-non-classe","tag-genocide","tag-sports"],"yoast_head":"<!-- This site is optimized with the Yoast SEO plugin v27.2 - https:\/\/yoast.com\/product\/yoast-seo-wordpress\/ -->\n<title>Il faut braquer les projecteurs sur la Palestine aux JO de Paris - International Solidarity Movement - ISM-France<\/title>\n<meta name=\"robots\" content=\"index, follow, max-snippet:-1, max-image-preview:large, max-video-preview:-1\" \/>\n<link rel=\"canonical\" href=\"https:\/\/ismfrance.org\/index.php\/2024\/07\/15\/il-faut-braquer-les-projecteurs-sur-la-palestine-aux-jo-de-paris\/\" \/>\n<meta property=\"og:locale\" content=\"fr_FR\" \/>\n<meta property=\"og:type\" content=\"article\" \/>\n<meta property=\"og:title\" content=\"Il faut braquer les projecteurs sur la Palestine aux JO de Paris - International Solidarity Movement - ISM-France\" \/>\n<meta property=\"og:description\" content=\"Tafi Mhaka, 11 juillet 2024. Dans quelques semaines, le 26 juillet, d\u00e9buteront les Jeux Olympiques de 2024 \u00e0 Paris, apportant joie, enthousiasme et, peut-\u00eatre plus important encore, un sentiment renouvel\u00e9 Lire la suite &rarr;\" \/>\n<meta property=\"og:url\" content=\"https:\/\/ismfrance.org\/index.php\/2024\/07\/15\/il-faut-braquer-les-projecteurs-sur-la-palestine-aux-jo-de-paris\/\" \/>\n<meta property=\"og:site_name\" content=\"International Solidarity Movement - ISM-France\" \/>\n<meta property=\"article:published_time\" content=\"2024-07-15T08:04:40+00:00\" \/>\n<meta property=\"article:modified_time\" content=\"2024-07-15T08:06:13+00:00\" \/>\n<meta property=\"og:image\" content=\"https:\/\/ismfrance.org\/wp-content\/uploads\/2024\/07\/Palestinians-to-IOC_fr.jpg\" \/>\n\t<meta property=\"og:image:width\" content=\"1366\" \/>\n\t<meta property=\"og:image:height\" content=\"768\" \/>\n\t<meta property=\"og:image:type\" content=\"image\/jpeg\" \/>\n<meta name=\"author\" content=\"mru_01\" \/>\n<meta name=\"twitter:card\" content=\"summary_large_image\" \/>\n<meta name=\"twitter:creator\" content=\"@ISMFRANCE\" \/>\n<meta name=\"twitter:site\" content=\"@ISMFRANCE\" \/>\n<meta name=\"twitter:label1\" content=\"\u00c9crit par\" \/>\n\t<meta name=\"twitter:data1\" content=\"mru_01\" \/>\n\t<meta name=\"twitter:label2\" content=\"Dur\u00e9e de lecture estim\u00e9e\" \/>\n\t<meta name=\"twitter:data2\" content=\"7 minutes\" \/>\n<script type=\"application\/ld+json\" class=\"yoast-schema-graph\">{\"@context\":\"https:\/\/schema.org\",\"@graph\":[{\"@type\":\"Article\",\"@id\":\"https:\/\/ismfrance.org\/index.php\/2024\/07\/15\/il-faut-braquer-les-projecteurs-sur-la-palestine-aux-jo-de-paris\/#article\",\"isPartOf\":{\"@id\":\"https:\/\/ismfrance.org\/index.php\/2024\/07\/15\/il-faut-braquer-les-projecteurs-sur-la-palestine-aux-jo-de-paris\/\"},\"author\":{\"name\":\"mru_01\",\"@id\":\"https:\/\/ismfrance.org\/#\/schema\/person\/3c411eb72adfaae19c0dca1f41fae01d\"},\"headline\":\"Il faut braquer les projecteurs sur la Palestine aux JO de Paris\",\"datePublished\":\"2024-07-15T08:04:40+00:00\",\"dateModified\":\"2024-07-15T08:06:13+00:00\",\"mainEntityOfPage\":{\"@id\":\"https:\/\/ismfrance.org\/index.php\/2024\/07\/15\/il-faut-braquer-les-projecteurs-sur-la-palestine-aux-jo-de-paris\/\"},\"wordCount\":1310,\"publisher\":{\"@id\":\"https:\/\/ismfrance.org\/#organization\"},\"image\":{\"@id\":\"https:\/\/ismfrance.org\/index.php\/2024\/07\/15\/il-faut-braquer-les-projecteurs-sur-la-palestine-aux-jo-de-paris\/#primaryimage\"},\"thumbnailUrl\":\"https:\/\/ismfrance.org\/wp-content\/uploads\/2024\/07\/Palestinians-to-IOC_fr.jpg\",\"keywords\":[\"G\u00e9nocide\",\"Sports\"],\"inLanguage\":\"fr-FR\"},{\"@type\":\"WebPage\",\"@id\":\"https:\/\/ismfrance.org\/index.php\/2024\/07\/15\/il-faut-braquer-les-projecteurs-sur-la-palestine-aux-jo-de-paris\/\",\"url\":\"https:\/\/ismfrance.org\/index.php\/2024\/07\/15\/il-faut-braquer-les-projecteurs-sur-la-palestine-aux-jo-de-paris\/\",\"name\":\"Il faut braquer les projecteurs sur la Palestine aux JO de Paris - International Solidarity Movement - ISM-France\",\"isPartOf\":{\"@id\":\"https:\/\/ismfrance.org\/#website\"},\"primaryImageOfPage\":{\"@id\":\"https:\/\/ismfrance.org\/index.php\/2024\/07\/15\/il-faut-braquer-les-projecteurs-sur-la-palestine-aux-jo-de-paris\/#primaryimage\"},\"image\":{\"@id\":\"https:\/\/ismfrance.org\/index.php\/2024\/07\/15\/il-faut-braquer-les-projecteurs-sur-la-palestine-aux-jo-de-paris\/#primaryimage\"},\"thumbnailUrl\":\"https:\/\/ismfrance.org\/wp-content\/uploads\/2024\/07\/Palestinians-to-IOC_fr.jpg\",\"datePublished\":\"2024-07-15T08:04:40+00:00\",\"dateModified\":\"2024-07-15T08:06:13+00:00\",\"breadcrumb\":{\"@id\":\"https:\/\/ismfrance.org\/index.php\/2024\/07\/15\/il-faut-braquer-les-projecteurs-sur-la-palestine-aux-jo-de-paris\/#breadcrumb\"},\"inLanguage\":\"fr-FR\",\"potentialAction\":[{\"@type\":\"ReadAction\",\"target\":[\"https:\/\/ismfrance.org\/index.php\/2024\/07\/15\/il-faut-braquer-les-projecteurs-sur-la-palestine-aux-jo-de-paris\/\"]}]},{\"@type\":\"ImageObject\",\"inLanguage\":\"fr-FR\",\"@id\":\"https:\/\/ismfrance.org\/index.php\/2024\/07\/15\/il-faut-braquer-les-projecteurs-sur-la-palestine-aux-jo-de-paris\/#primaryimage\",\"url\":\"https:\/\/ismfrance.org\/wp-content\/uploads\/2024\/07\/Palestinians-to-IOC_fr.jpg\",\"contentUrl\":\"https:\/\/ismfrance.org\/wp-content\/uploads\/2024\/07\/Palestinians-to-IOC_fr.jpg\",\"width\":1366,\"height\":768},{\"@type\":\"BreadcrumbList\",\"@id\":\"https:\/\/ismfrance.org\/index.php\/2024\/07\/15\/il-faut-braquer-les-projecteurs-sur-la-palestine-aux-jo-de-paris\/#breadcrumb\",\"itemListElement\":[{\"@type\":\"ListItem\",\"position\":1,\"name\":\"Accueil\",\"item\":\"https:\/\/ismfrance.org\/\"},{\"@type\":\"ListItem\",\"position\":2,\"name\":\"Il faut braquer les projecteurs sur la Palestine aux JO de Paris\"}]},{\"@type\":\"WebSite\",\"@id\":\"https:\/\/ismfrance.org\/#website\",\"url\":\"https:\/\/ismfrance.org\/\",\"name\":\"ISM Palestine France\",\"description\":\"Soutien aux luttes de lib\u00e9ration du peuple palestinien\",\"publisher\":{\"@id\":\"https:\/\/ismfrance.org\/#organization\"},\"potentialAction\":[{\"@type\":\"SearchAction\",\"target\":{\"@type\":\"EntryPoint\",\"urlTemplate\":\"https:\/\/ismfrance.org\/?s={search_term_string}\"},\"query-input\":{\"@type\":\"PropertyValueSpecification\",\"valueRequired\":true,\"valueName\":\"search_term_string\"}}],\"inLanguage\":\"fr-FR\"},{\"@type\":\"Organization\",\"@id\":\"https:\/\/ismfrance.org\/#organization\",\"name\":\"International Solidarity Movement\",\"url\":\"https:\/\/ismfrance.org\/\",\"logo\":{\"@type\":\"ImageObject\",\"inLanguage\":\"fr-FR\",\"@id\":\"https:\/\/ismfrance.org\/#\/schema\/logo\/image\/\",\"url\":\"https:\/\/ismfrance.org\/wp-content\/uploads\/2020\/12\/00.png\",\"contentUrl\":\"https:\/\/ismfrance.org\/wp-content\/uploads\/2020\/12\/00.png\",\"width\":400,\"height\":400,\"caption\":\"International Solidarity Movement\"},\"image\":{\"@id\":\"https:\/\/ismfrance.org\/#\/schema\/logo\/image\/\"},\"sameAs\":[\"https:\/\/x.com\/ISMFRANCE\"]},{\"@type\":\"Person\",\"@id\":\"https:\/\/ismfrance.org\/#\/schema\/person\/3c411eb72adfaae19c0dca1f41fae01d\",\"name\":\"mru_01\",\"image\":{\"@type\":\"ImageObject\",\"inLanguage\":\"fr-FR\",\"@id\":\"https:\/\/secure.gravatar.com\/avatar\/3a0be343b445d2ccc79e87444a294fad2b232e90d2051d0e3cc219e1ecd6a330?s=96&d=mm&r=g\",\"url\":\"https:\/\/secure.gravatar.com\/avatar\/3a0be343b445d2ccc79e87444a294fad2b232e90d2051d0e3cc219e1ecd6a330?s=96&d=mm&r=g\",\"contentUrl\":\"https:\/\/secure.gravatar.com\/avatar\/3a0be343b445d2ccc79e87444a294fad2b232e90d2051d0e3cc219e1ecd6a330?s=96&d=mm&r=g\",\"caption\":\"mru_01\"},\"url\":\"https:\/\/ismfrance.org\/index.php\/author\/admin02\/\"}]}<\/script>\n<!-- \/ Yoast SEO plugin. -->","yoast_head_json":{"title":"Il faut braquer les projecteurs sur la Palestine aux JO de Paris - International Solidarity Movement - ISM-France","robots":{"index":"index","follow":"follow","max-snippet":"max-snippet:-1","max-image-preview":"max-image-preview:large","max-video-preview":"max-video-preview:-1"},"canonical":"https:\/\/ismfrance.org\/index.php\/2024\/07\/15\/il-faut-braquer-les-projecteurs-sur-la-palestine-aux-jo-de-paris\/","og_locale":"fr_FR","og_type":"article","og_title":"Il faut braquer les projecteurs sur la Palestine aux JO de Paris - International Solidarity Movement - ISM-France","og_description":"Tafi Mhaka, 11 juillet 2024. Dans quelques semaines, le 26 juillet, d\u00e9buteront les Jeux Olympiques de 2024 \u00e0 Paris, apportant joie, enthousiasme et, peut-\u00eatre plus important encore, un sentiment renouvel\u00e9 Lire la suite &rarr;","og_url":"https:\/\/ismfrance.org\/index.php\/2024\/07\/15\/il-faut-braquer-les-projecteurs-sur-la-palestine-aux-jo-de-paris\/","og_site_name":"International Solidarity Movement - ISM-France","article_published_time":"2024-07-15T08:04:40+00:00","article_modified_time":"2024-07-15T08:06:13+00:00","og_image":[{"width":1366,"height":768,"url":"https:\/\/ismfrance.org\/wp-content\/uploads\/2024\/07\/Palestinians-to-IOC_fr.jpg","type":"image\/jpeg"}],"author":"mru_01","twitter_card":"summary_large_image","twitter_creator":"@ISMFRANCE","twitter_site":"@ISMFRANCE","twitter_misc":{"\u00c9crit par":"mru_01","Dur\u00e9e de lecture estim\u00e9e":"7 minutes"},"schema":{"@context":"https:\/\/schema.org","@graph":[{"@type":"Article","@id":"https:\/\/ismfrance.org\/index.php\/2024\/07\/15\/il-faut-braquer-les-projecteurs-sur-la-palestine-aux-jo-de-paris\/#article","isPartOf":{"@id":"https:\/\/ismfrance.org\/index.php\/2024\/07\/15\/il-faut-braquer-les-projecteurs-sur-la-palestine-aux-jo-de-paris\/"},"author":{"name":"mru_01","@id":"https:\/\/ismfrance.org\/#\/schema\/person\/3c411eb72adfaae19c0dca1f41fae01d"},"headline":"Il faut braquer les projecteurs sur la Palestine aux JO de Paris","datePublished":"2024-07-15T08:04:40+00:00","dateModified":"2024-07-15T08:06:13+00:00","mainEntityOfPage":{"@id":"https:\/\/ismfrance.org\/index.php\/2024\/07\/15\/il-faut-braquer-les-projecteurs-sur-la-palestine-aux-jo-de-paris\/"},"wordCount":1310,"publisher":{"@id":"https:\/\/ismfrance.org\/#organization"},"image":{"@id":"https:\/\/ismfrance.org\/index.php\/2024\/07\/15\/il-faut-braquer-les-projecteurs-sur-la-palestine-aux-jo-de-paris\/#primaryimage"},"thumbnailUrl":"https:\/\/ismfrance.org\/wp-content\/uploads\/2024\/07\/Palestinians-to-IOC_fr.jpg","keywords":["G\u00e9nocide","Sports"],"inLanguage":"fr-FR"},{"@type":"WebPage","@id":"https:\/\/ismfrance.org\/index.php\/2024\/07\/15\/il-faut-braquer-les-projecteurs-sur-la-palestine-aux-jo-de-paris\/","url":"https:\/\/ismfrance.org\/index.php\/2024\/07\/15\/il-faut-braquer-les-projecteurs-sur-la-palestine-aux-jo-de-paris\/","name":"Il faut braquer les projecteurs sur la Palestine aux JO de Paris - International Solidarity Movement - ISM-France","isPartOf":{"@id":"https:\/\/ismfrance.org\/#website"},"primaryImageOfPage":{"@id":"https:\/\/ismfrance.org\/index.php\/2024\/07\/15\/il-faut-braquer-les-projecteurs-sur-la-palestine-aux-jo-de-paris\/#primaryimage"},"image":{"@id":"https:\/\/ismfrance.org\/index.php\/2024\/07\/15\/il-faut-braquer-les-projecteurs-sur-la-palestine-aux-jo-de-paris\/#primaryimage"},"thumbnailUrl":"https:\/\/ismfrance.org\/wp-content\/uploads\/2024\/07\/Palestinians-to-IOC_fr.jpg","datePublished":"2024-07-15T08:04:40+00:00","dateModified":"2024-07-15T08:06:13+00:00","breadcrumb":{"@id":"https:\/\/ismfrance.org\/index.php\/2024\/07\/15\/il-faut-braquer-les-projecteurs-sur-la-palestine-aux-jo-de-paris\/#breadcrumb"},"inLanguage":"fr-FR","potentialAction":[{"@type":"ReadAction","target":["https:\/\/ismfrance.org\/index.php\/2024\/07\/15\/il-faut-braquer-les-projecteurs-sur-la-palestine-aux-jo-de-paris\/"]}]},{"@type":"ImageObject","inLanguage":"fr-FR","@id":"https:\/\/ismfrance.org\/index.php\/2024\/07\/15\/il-faut-braquer-les-projecteurs-sur-la-palestine-aux-jo-de-paris\/#primaryimage","url":"https:\/\/ismfrance.org\/wp-content\/uploads\/2024\/07\/Palestinians-to-IOC_fr.jpg","contentUrl":"https:\/\/ismfrance.org\/wp-content\/uploads\/2024\/07\/Palestinians-to-IOC_fr.jpg","width":1366,"height":768},{"@type":"BreadcrumbList","@id":"https:\/\/ismfrance.org\/index.php\/2024\/07\/15\/il-faut-braquer-les-projecteurs-sur-la-palestine-aux-jo-de-paris\/#breadcrumb","itemListElement":[{"@type":"ListItem","position":1,"name":"Accueil","item":"https:\/\/ismfrance.org\/"},{"@type":"ListItem","position":2,"name":"Il faut braquer les projecteurs sur la Palestine aux JO de Paris"}]},{"@type":"WebSite","@id":"https:\/\/ismfrance.org\/#website","url":"https:\/\/ismfrance.org\/","name":"ISM Palestine France","description":"Soutien aux luttes de lib\u00e9ration du peuple palestinien","publisher":{"@id":"https:\/\/ismfrance.org\/#organization"},"potentialAction":[{"@type":"SearchAction","target":{"@type":"EntryPoint","urlTemplate":"https:\/\/ismfrance.org\/?s={search_term_string}"},"query-input":{"@type":"PropertyValueSpecification","valueRequired":true,"valueName":"search_term_string"}}],"inLanguage":"fr-FR"},{"@type":"Organization","@id":"https:\/\/ismfrance.org\/#organization","name":"International Solidarity Movement","url":"https:\/\/ismfrance.org\/","logo":{"@type":"ImageObject","inLanguage":"fr-FR","@id":"https:\/\/ismfrance.org\/#\/schema\/logo\/image\/","url":"https:\/\/ismfrance.org\/wp-content\/uploads\/2020\/12\/00.png","contentUrl":"https:\/\/ismfrance.org\/wp-content\/uploads\/2020\/12\/00.png","width":400,"height":400,"caption":"International Solidarity Movement"},"image":{"@id":"https:\/\/ismfrance.org\/#\/schema\/logo\/image\/"},"sameAs":["https:\/\/x.com\/ISMFRANCE"]},{"@type":"Person","@id":"https:\/\/ismfrance.org\/#\/schema\/person\/3c411eb72adfaae19c0dca1f41fae01d","name":"mru_01","image":{"@type":"ImageObject","inLanguage":"fr-FR","@id":"https:\/\/secure.gravatar.com\/avatar\/3a0be343b445d2ccc79e87444a294fad2b232e90d2051d0e3cc219e1ecd6a330?s=96&d=mm&r=g","url":"https:\/\/secure.gravatar.com\/avatar\/3a0be343b445d2ccc79e87444a294fad2b232e90d2051d0e3cc219e1ecd6a330?s=96&d=mm&r=g","contentUrl":"https:\/\/secure.gravatar.com\/avatar\/3a0be343b445d2ccc79e87444a294fad2b232e90d2051d0e3cc219e1ecd6a330?s=96&d=mm&r=g","caption":"mru_01"},"url":"https:\/\/ismfrance.org\/index.php\/author\/admin02\/"}]}},"_links":{"self":[{"href":"https:\/\/ismfrance.org\/index.php\/wp-json\/wp\/v2\/posts\/13155","targetHints":{"allow":["GET"]}}],"collection":[{"href":"https:\/\/ismfrance.org\/index.php\/wp-json\/wp\/v2\/posts"}],"about":[{"href":"https:\/\/ismfrance.org\/index.php\/wp-json\/wp\/v2\/types\/post"}],"author":[{"embeddable":true,"href":"https:\/\/ismfrance.org\/index.php\/wp-json\/wp\/v2\/users\/3"}],"replies":[{"embeddable":true,"href":"https:\/\/ismfrance.org\/index.php\/wp-json\/wp\/v2\/comments?post=13155"}],"version-history":[{"count":0,"href":"https:\/\/ismfrance.org\/index.php\/wp-json\/wp\/v2\/posts\/13155\/revisions"}],"wp:featuredmedia":[{"embeddable":true,"href":"https:\/\/ismfrance.org\/index.php\/wp-json\/wp\/v2\/media\/13156"}],"wp:attachment":[{"href":"https:\/\/ismfrance.org\/index.php\/wp-json\/wp\/v2\/media?parent=13155"}],"wp:term":[{"taxonomy":"category","embeddable":true,"href":"https:\/\/ismfrance.org\/index.php\/wp-json\/wp\/v2\/categories?post=13155"},{"taxonomy":"post_tag","embeddable":true,"href":"https:\/\/ismfrance.org\/index.php\/wp-json\/wp\/v2\/tags?post=13155"}],"curies":[{"name":"wp","href":"https:\/\/api.w.org\/{rel}","templated":true}]}}