{"id":13103,"date":"2024-07-13T19:15:28","date_gmt":"2024-07-13T17:15:28","guid":{"rendered":"https:\/\/ismfrance.org\/?p=13103"},"modified":"2024-12-14T21:31:23","modified_gmt":"2024-12-14T20:31:23","slug":"temoignages-de-gazaouis-la-survie-qui-sorganise-au-jour-le-jour-dans-lenfer-de-gaza-partie-125-12-juillet","status":"publish","type":"post","link":"https:\/\/ismfrance.org\/index.php\/2024\/07\/13\/temoignages-de-gazaouis-la-survie-qui-sorganise-au-jour-le-jour-dans-lenfer-de-gaza-partie-125-12-juillet\/","title":{"rendered":"T\u00e9moignages de Gazaouis : La survie qui s\u2019organise au jour le jour dans l\u2019enfer de Gaza \u2013 partie 125 \/ 12 juillet"},"content":{"rendered":"<p align=\"LEFT\"><span style=\"color: #000000;\"><span style=\"font-family: Tahoma, sans-serif;\"><span style=\"font-size: medium;\"><b>Brigitte Challande, 13 juillet 2024. <\/b><\/span><\/span><\/span><span style=\"color: #000000;\"><span style=\"font-family: Tahoma, sans-serif;\"><span style=\"font-size: medium;\">Dans la soir\u00e9e du 12 juillet, comme tr\u00e8s r\u00e9guli\u00e8rement et consciencieusement, nous recevons le rapport d\u2019activit\u00e9 de la semaine du 6 au 12 juillet envoy\u00e9 par l\u2019\u00e9quipe d\u2019Abu Amir.<\/span><\/span><\/span><\/p>\n<blockquote><p>Cliquez ici pour consulter les <a href=\"https:\/\/ismfrance.org\/index.php\/temoignages-gazaouis-survie-enfer-gaza-1\/\" rel=\"noopener\" target=\"_blank\">R\u00e9cits complets<\/a>.<\/p><\/blockquote>\n<p align=\"LEFT\"><a href=\"https:\/\/ismfrance.org\/wp-content\/uploads\/2024\/07\/lettres.jpg\"><img loading=\"lazy\" decoding=\"async\" class=\"alignnone size-large wp-image-13106\" src=\"https:\/\/ismfrance.org\/wp-content\/uploads\/2024\/07\/lettres-700x525.jpg\" alt=\"\" width=\"600\" height=\"450\" srcset=\"https:\/\/ismfrance.org\/wp-content\/uploads\/2024\/07\/lettres-700x525.jpg 700w, https:\/\/ismfrance.org\/wp-content\/uploads\/2024\/07\/lettres-300x225.jpg 300w, https:\/\/ismfrance.org\/wp-content\/uploads\/2024\/07\/lettres-768x576.jpg 768w, https:\/\/ismfrance.org\/wp-content\/uploads\/2024\/07\/lettres-350x263.jpg 350w, https:\/\/ismfrance.org\/wp-content\/uploads\/2024\/07\/lettres.jpg 1280w\" sizes=\"auto, (max-width: 600px) 100vw, 600px\" \/><\/a><\/p>\n<p lang=\"fr-FR\" align=\"LEFT\"><span style=\"color: #000000;\"><span style=\"font-family: Tahoma, sans-serif;\"><span style=\"font-size: medium;\"><b>\u00ab\u00a0Programme \u00e9ducatif <\/b><\/span><\/span><\/span><\/p>\n<p lang=\"fr-FR\" align=\"LEFT\"><span style=\"color: #000000;\"><span style=\"font-family: Tahoma, sans-serif;\"><span style=\"font-size: medium;\">Au fil des ann\u00e9es, le secteur de l\u2019\u00e9ducation a subi de nombreux revers qui ont conduit \u00e0 la perte d\u2019une grande partie de l\u2019\u00e9ducation. Les guerres ont affect\u00e9 directement la d\u00e9marche \u00e9ducative en plus de la propagation du coronavirus, mais dans cette guerre elle a beaucoup souffert.<\/span><\/span><\/span><\/p>\n<p lang=\"fr-FR\" align=\"LEFT\"><span style=\"color: #000000;\"><span style=\"font-family: Tahoma, sans-serif;\"><span style=\"font-size: medium;\">D\u00e8s le d\u00e9but de la guerre, l\u2019occupation a commenc\u00e9 \u00e0 viser les \u00e9coles. Cette agression a d\u00e9truit toute l&rsquo;infrastructure du processus \u00e9ducatif ainsi que les \u00e9tablissements d&rsquo;enseignement, les \u00e9tudiants et les enseignants. <\/span><\/span><\/span><\/p>\n<p lang=\"fr-FR\" align=\"LEFT\"><span style=\"color: #000000;\"><span style=\"font-family: Tahoma, sans-serif;\"><span style=\"font-size: medium;\">Isra\u00ebl a confisqu\u00e9 le droit des \u00e9tudiants de Gaza \u00e0 l&rsquo;\u00e9ducation en d\u00e9truisant tous les \u00e9tablissements d&rsquo;enseignement sans tenir compte du fait qu&rsquo;il s&rsquo;agissait d&rsquo;\u00e9tablissements civils.<\/span><\/span><\/span><\/p>\n<p lang=\"fr-FR\" align=\"LEFT\"><a href=\"https:\/\/ismfrance.org\/wp-content\/uploads\/2024\/07\/cercle-enfants.jpg\"><img loading=\"lazy\" decoding=\"async\" class=\"alignnone size-large wp-image-13107\" src=\"https:\/\/ismfrance.org\/wp-content\/uploads\/2024\/07\/cercle-enfants-700x525.jpg\" alt=\"\" width=\"600\" height=\"450\" srcset=\"https:\/\/ismfrance.org\/wp-content\/uploads\/2024\/07\/cercle-enfants-700x525.jpg 700w, https:\/\/ismfrance.org\/wp-content\/uploads\/2024\/07\/cercle-enfants-300x225.jpg 300w, https:\/\/ismfrance.org\/wp-content\/uploads\/2024\/07\/cercle-enfants-768x576.jpg 768w, https:\/\/ismfrance.org\/wp-content\/uploads\/2024\/07\/cercle-enfants-350x263.jpg 350w, https:\/\/ismfrance.org\/wp-content\/uploads\/2024\/07\/cercle-enfants.jpg 1280w\" sizes=\"auto, (max-width: 600px) 100vw, 600px\" \/><\/a><\/p>\n<p lang=\"fr-FR\" align=\"LEFT\"><span style=\"color: #000000;\"><span style=\"font-family: Tahoma, sans-serif;\"><span style=\"font-size: medium;\">Il est clair depuis le d\u00e9but que l&rsquo;arm\u00e9e isra\u00e9lienne m\u00e8ne une politique de vengeance contre les civils de la bande de Gaza, en violation flagrante des lois internationales et des instruments relatifs aux droits de l&rsquo;homme. L&rsquo;agression a pris pour cible des civils palestiniens, causant une destruction g\u00e9n\u00e9ralis\u00e9e de la population civile et de ses biens, ainsi que les installations vitales de base de la bande de Gaza. <\/span><\/span><\/span><\/p>\n<p lang=\"fr-FR\" align=\"LEFT\"><span style=\"color: #000000;\"><span style=\"font-family: Tahoma, sans-serif;\"><span style=\"font-size: medium;\">Il s\u2019agit d\u2019une grave violation du droit international, qui garantit le droit \u00e0 l\u2019\u00e9ducation \u00e0 tout moment et en toutes circonstances et interdit strictement de porter atteinte aux civils ou aux biens de caract\u00e8re civil. <\/span><\/span><\/span><\/p>\n<p lang=\"fr-FR\" align=\"LEFT\"><span style=\"color: #000000;\"><span style=\"font-family: Tahoma, sans-serif;\"><span style=\"font-size: medium;\">C&rsquo;est pourquoi, d\u00e8s le d\u00e9but, notre objectif principal a \u00e9t\u00e9 de cr\u00e9er des centres \u00e9ducatifs qui accueillent ces \u00e9tudiants et les aident \u00e0 avoir une opportunit\u00e9 simple d&rsquo;adapter certaines parties du programme afin que les enfants ne perdent pas ce qu&rsquo;ils ont appris avant. \u00c9galement recevoir et s\u2019adapter aux nouvelles g\u00e9n\u00e9rations d\u2019enfants dans ces classes. <\/span><\/span><\/span><\/p>\n<p lang=\"fr-FR\" align=\"LEFT\"><span style=\"color: #000000;\"><span style=\"font-family: Tahoma, sans-serif;\"><span style=\"font-size: medium;\">Les enfants fr\u00e9quentent les trois centres \u00e9ducatifs sous la supervision des \u00e9quipes de l&rsquo;UJFP avec la participation du Centre Ibn Sina, qui g\u00e8re l&rsquo;un des centres de la r\u00e9gion sud de Deir al-Balah, tandis que les deux autres centres sont situ\u00e9s \u00e0 Muasi Khanyunis dans le camp des agriculteurs et dans la r\u00e9gion nord-ouest de Deir al-Balah.<\/span><\/span><\/span><\/p>\n<p align=\"LEFT\"><span style=\"color: #000000;\"><span style=\"font-family: Tahoma, sans-serif;\"><span style=\"font-size: medium;\"><span lang=\"fr-FR\"><i>Des photos de l\u2019action \u00e9ducative <\/i><\/span><\/span><\/span><\/span><span style=\"color: #000080;\"><u><a href=\"https:\/\/drive.google.com\/drive\/folders\/125CyCIjVnvmHmADwFsvXjtYd1Bl_fukh\"><span style=\"color: #333300;\"><span style=\"font-family: Tahoma, sans-serif;\"><span style=\"font-size: medium;\"><span lang=\"fr-FR\"><i><b>ICI<\/b><\/i><\/span><\/span><\/span><\/span><\/a><\/u><\/span><\/p>\n<p lang=\"fr-FR\" align=\"LEFT\"><span style=\"color: #000000;\"><span style=\"font-family: Tahoma, sans-serif;\"><span style=\"font-size: medium;\"><b>Programme de soutien psychologique<\/b><\/span><\/span><\/span><\/p>\n<p lang=\"fr-FR\" align=\"LEFT\"><span style=\"color: #000000;\"><span style=\"font-family: Tahoma, sans-serif;\"><span style=\"font-size: medium;\">Les besoins des femmes et des filles en mati\u00e8re de sant\u00e9 mentale diff\u00e8rent de ceux des hommes sur des points importants et sont rarement compris ou satisfaits dans de nombreuses r\u00e9gions du monde. Les besoins psychologiques et la douleur des femmes et des filles en Palestine occup\u00e9e varient, en particulier dans la bande de Gaza, \u00e0 la lumi\u00e8re des nouveaux incidents, des conditions am\u00e8res et des \u00e9v\u00e9nements difficiles que la bande de Gaza a connu au cours des 10 derni\u00e8res ann\u00e9es. Le but de ces s\u00e9ances est de cr\u00e9er avec les femmes des activit\u00e9s r\u00e9cr\u00e9atives significatives qui contribuent \u00e0 une am\u00e9lioration psychologique \u00e0 travers des activit\u00e9s collectives, en particulier pour les femmes d\u00e9plac\u00e9es qui se trouvent dans des situations tr\u00e8s dures et souffrent de nombreuses maladies psychiatriques et traumatismes n\u00e9cessitant des interventions rapides. <\/span><\/span><\/span><\/p>\n<p lang=\"fr-FR\" align=\"LEFT\"><span style=\"color: #000000;\"><span style=\"font-family: Tahoma, sans-serif;\"><span style=\"font-size: medium;\">Durant cette semaine, 4 s\u00e9ances de soutien psychologique ont \u00e9t\u00e9 r\u00e9alis\u00e9es dans le camp de Baraka au centre de Deir al-Balah, qui abrite environ 300 familles. Ces s\u00e9ances s&rsquo;adressaient \u00e0 45 femmes et les activit\u00e9s variaient entre d\u00e9charge r\u00e9cr\u00e9ative, sportive et psychologique pour les femmes. <\/span><\/span><\/span><\/p>\n<p lang=\"fr-FR\" align=\"LEFT\"><span style=\"color: #000000;\"><span style=\"font-family: Tahoma, sans-serif;\"><span style=\"font-size: medium;\">Au d\u00e9part, des femmes sp\u00e9cialistes ont r\u00e9alis\u00e9 une activit\u00e9 interactive pour identifier le groupe cible, et il y a eu un accueil et une adh\u00e9sion de la part de ce groupe pour conna\u00eetre le contenu de cet atelier.<\/span><\/span><\/span><\/p>\n<p lang=\"fr-FR\" align=\"LEFT\"><a href=\"https:\/\/ismfrance.org\/wp-content\/uploads\/2024\/07\/groupe-femmes.jpg\"><img loading=\"lazy\" decoding=\"async\" class=\"alignnone size-large wp-image-13108\" src=\"https:\/\/ismfrance.org\/wp-content\/uploads\/2024\/07\/groupe-femmes-700x525.jpg\" alt=\"\" width=\"600\" height=\"450\" srcset=\"https:\/\/ismfrance.org\/wp-content\/uploads\/2024\/07\/groupe-femmes-700x525.jpg 700w, https:\/\/ismfrance.org\/wp-content\/uploads\/2024\/07\/groupe-femmes-300x225.jpg 300w, https:\/\/ismfrance.org\/wp-content\/uploads\/2024\/07\/groupe-femmes-768x576.jpg 768w, https:\/\/ismfrance.org\/wp-content\/uploads\/2024\/07\/groupe-femmes-350x263.jpg 350w, https:\/\/ismfrance.org\/wp-content\/uploads\/2024\/07\/groupe-femmes.jpg 1280w\" sizes=\"auto, (max-width: 600px) 100vw, 600px\" \/><\/a><\/p>\n<p align=\"LEFT\"><span style=\"color: #000000;\"><span style=\"font-family: Tahoma, sans-serif;\"><span style=\"font-size: medium;\"><span lang=\"fr-FR\"><b>La premi\u00e8re activit\u00e9<\/b><\/span><\/span><\/span><\/span><span style=\"color: #000000;\"><span style=\"font-family: Tahoma, sans-serif;\"><span style=\"font-size: medium;\"><span lang=\"fr-FR\"> \u00e9tait une balle que l&rsquo;animateur de soutien psychologique lance au hasard sur une participante qui mentionne son nom et un souhait qu&rsquo;elle souhaite r\u00e9aliser. Les espoirs \u00e9taient vari\u00e9s : il y avait celles qui souhaitaient retourner dans leur maison au nord de la bande de Gaza et celles qui souhaitaient voyager hors du pays pour retrouver leur mari migrant. Certaines souhaitaient la fin de la guerre. Il y avait celles qui voulaient rencontrer leurs enfants et leur mari, martyrs qu\u2019elles avaient perdus \u00e0 cause de la guerre. <\/span><\/span><\/span><\/span><\/p>\n<p lang=\"fr-FR\" align=\"LEFT\"><span style=\"color: #000000;\"><span style=\"font-family: Tahoma, sans-serif;\"><span style=\"font-size: medium;\">Il y a celles qui souhaitaient rencontrer leur fianc\u00e9 d\u00e9tenu, dont elle ne savait rien depuis le d\u00e9but de la guerre, et celles qui souhaitaient ne plus avoir leurs r\u00e8gles pendant la guerre pour \u00e9viter tout embarras. <\/span><\/span><\/span><\/p>\n<p lang=\"fr-FR\" align=\"LEFT\"><span style=\"color: #000000;\"><span style=\"font-family: Tahoma, sans-serif;\"><span style=\"font-size: medium;\">Les souhaits de ces femmes \u00e9taient simples, mais l&rsquo;occupation consid\u00e8re que ces souhaits ne sont pas un droit de ces femmes. <\/span><\/span><\/span><\/p>\n<p lang=\"fr-FR\" align=\"LEFT\"><span style=\"color: #000000;\"><span style=\"font-family: Tahoma, sans-serif;\"><span style=\"font-size: medium;\">C&rsquo;est ainsi que les femmes ont d\u00e9crit leur souffrance, car elles ont besoin d&rsquo;un acc\u00e8s constant aux toilettes, de nombreuses femmes en sont priv\u00e9es pendant plusieurs heures en raison de l&rsquo;encombrement des salles de bains communes. Cela affecte leur psychologie et augmente l\u2019incidence des infections et des mycoses. <\/span><\/span><\/span><\/p>\n<p lang=\"fr-FR\" align=\"LEFT\"><span style=\"color: #000000;\"><span style=\"font-family: Tahoma, sans-serif;\"><span style=\"font-size: medium;\">Nous avons r\u00e9ussi \u00e0 atteindre notre objectif dans cette activit\u00e9, qui \u00e9tait de les encourager \u00e0 s&rsquo;exprimer librement, sans restrictions, en instaurant une confiance avec les participantes \u00e0 la session. <\/span><\/span><\/span><\/p>\n<p align=\"LEFT\"><span style=\"color: #000000;\"><span style=\"font-family: Tahoma, sans-serif;\"><span style=\"font-size: medium;\"><span lang=\"fr-FR\"><b>La deuxi\u00e8me activit\u00e9<\/b><\/span><\/span><\/span><\/span><span style=\"color: #000000;\"><span style=\"font-family: Tahoma, sans-serif;\"><span style=\"font-size: medium;\"><span lang=\"fr-FR\"> consistait \u00e0 exprimer ses sentiments sur papier dans le but d&rsquo;am\u00e9liorer sa sant\u00e9 psychologique, mentale et sociale et d&rsquo;atteindre la paix int\u00e9rieure. <\/span><\/span><\/span><\/span><\/p>\n<p lang=\"fr-FR\" align=\"LEFT\"><span style=\"color: #000000;\"><span style=\"font-family: Tahoma, sans-serif;\"><span style=\"font-size: medium;\">Nous avons distribu\u00e9 du papier et des stylos aux femmes, et chaque participante doit \u00e9crire son ressenti en un mot, et ce mot exprime son ressenti. <\/span><\/span><\/span><\/p>\n<p lang=\"fr-FR\" align=\"LEFT\"><span style=\"color: #000000;\"><span style=\"font-family: Tahoma, sans-serif;\"><span style=\"font-size: medium;\">Une des femmes a \u00e9crit \u00ab\u00a0tristesse\u00a0\u00bb \u00e0 cause de la perte de sa famille. Une autre femme a \u00e9crit sur le journal \u00ab\u00a0optimisme\u00a0\u00bb. Elle a dit qu&rsquo;elle se sentait optimiste pour la premi\u00e8re fois parce qu&rsquo;elle sentait qu&rsquo;il y avait une tr\u00eave. Une autre femme a \u00e9crit \u00ab\u00a0ressentiment\u00a0\u00bb en raison des dures conditions de d\u00e9placement et de guerre qui l&rsquo;ont priv\u00e9e de son foyer s\u00fbr. <\/span><\/span><\/span><\/p>\n<p lang=\"fr-FR\" align=\"LEFT\"><span style=\"color: #000000;\"><span style=\"font-family: Tahoma, sans-serif;\"><span style=\"font-size: medium;\">Il existe de nombreuses situations et histoires contradictoires entre sentiments n\u00e9gatifs et positifs. <\/span><\/span><\/span><\/p>\n<p align=\"LEFT\"><span style=\"color: #000000;\"><span style=\"font-family: Tahoma, sans-serif;\"><span style=\"font-size: medium;\"><span lang=\"fr-FR\"><b>La troisi\u00e8me activit\u00e9<\/b><\/span><\/span><\/span><\/span><span style=\"color: #000000;\"><span style=\"font-family: Tahoma, sans-serif;\"><span style=\"font-size: medium;\"><span lang=\"fr-FR\"> visait \u00e0 soutenir moralement les femmes dans les camps de personnes d\u00e9plac\u00e9es, \u00e0 briser la routine quotidienne et \u00e0 rappeler de beaux souvenirs d&rsquo;avant-guerre ; souvenirs qui ont ravi le c\u0153ur des femmes, comme ceux de beaux mariages. Il y a eu beaucoup d\u2019interactions. <\/span><\/span><\/span><\/span><\/p>\n<p lang=\"fr-FR\" align=\"LEFT\"><span style=\"color: #000000;\"><span style=\"font-family: Tahoma, sans-serif;\"><span style=\"font-size: medium;\">Apr\u00e8s cela, nous sommes pass\u00e9s au jeu \u00ab\u00a0Salade de fruits\u00a0\u00bb. Le but de ce jeu est de mettre de la joie dans le c\u0153ur des participantes et de les motiver \u00e0 rivaliser les unes avec les autres. <\/span><\/span><\/span><\/p>\n<p lang=\"fr-FR\" align=\"LEFT\"><span style=\"color: #000000;\"><span style=\"font-family: Tahoma, sans-serif;\"><span style=\"font-size: medium;\">Pendant l&rsquo;activit\u00e9, nous avons jou\u00e9 de la musique forte pour encourager les participantes \u00e0 se lib\u00e9rer de la tristesse qui les accompagne constamment. D\u00e8s que la musique retentit, les femmes commenc\u00e8rent \u00e0 se d\u00e9hancher et \u00e0 hululer. Celui ou celle qui a dit que la musique gu\u00e9rissait l&rsquo;\u00e2me a raison. Nous avons jou\u00e9 une chanson traditionnelle et les participants ont commenc\u00e9 \u00e0 danser, \u00e0 hululer, \u00e0 applaudir et \u00e0 chanter en m\u00eame temps que la chanson.<\/span><\/span><\/span><\/p>\n<p align=\"LEFT\"><span style=\"color: #000000;\"><span style=\"font-family: Tahoma, sans-serif;\"><span style=\"font-size: medium;\"><span lang=\"fr-FR\"><i>Des photos des activit\u00e9s <\/i><\/span><\/span><\/span><\/span><span style=\"color: #000080;\"><u><a href=\"https:\/\/drive.google.com\/drive\/folders\/12AAg0OnpmeAoLfAB-0F4opG1wcWhkwBA\"><span style=\"color: #333300;\"><span style=\"font-family: Tahoma, sans-serif;\"><span style=\"font-size: medium;\"><span lang=\"fr-FR\"><i><b>ICI<\/b><\/i><\/span><\/span><\/span><\/span><\/a><\/u><\/span><\/p>\n<p lang=\"fr-FR\" align=\"LEFT\"><span style=\"color: #000000;\"><span style=\"font-family: Tahoma, sans-serif;\"><span style=\"font-size: medium;\">Pour l\u2019instant les vid\u00e9os de toutes ces activit\u00e9s ne sont pas disponibles, elles le seront bient\u00f4t mais les photos sont suffisamment parlantes.<\/span><\/span><\/span><\/p>\n<p lang=\"fr-FR\" align=\"LEFT\"><span style=\"color: #000000;\"><span style=\"font-family: Tahoma, sans-serif;\"><span style=\"font-size: medium;\">Compte tenu de la crise humanitaire en cours dans la bande de Gaza, la fermeture continue des points de passage, l&rsquo;intransigeance de l&rsquo;occupation pour emp\u00eacher l&rsquo;entr\u00e9e de camions d&rsquo;aide se trouvant du c\u00f4t\u00e9 \u00e9gyptien par centaines qui attendent les ordres isra\u00e9liens pour rentrer dans la bande de Gaza et emp\u00eacher la la propagation de la famine, dont les d\u00e9tails ont commenc\u00e9 \u00e0 appara\u00eetre dans de nombreuses r\u00e9gions de Gaza. Ainsi, nos \u00e9quipes continuent de fournir des repas aux familles des camps d&rsquo;agriculteurs, qui augmentent constamment \u00e0 mesure que les citoyens migrent d&rsquo;autres r\u00e9gions vers ce camp car il est situ\u00e9 dans une zone assez s\u00fbre.\u00a0\u00bb<\/span><\/span><\/span><\/p>\n<p lang=\"fr-FR\" align=\"LEFT\"><a href=\"https:\/\/ismfrance.org\/wp-content\/uploads\/2024\/07\/distrib.jpg\"><img loading=\"lazy\" decoding=\"async\" class=\"alignnone size-large wp-image-13109\" src=\"https:\/\/ismfrance.org\/wp-content\/uploads\/2024\/07\/distrib-700x394.jpg\" alt=\"\" width=\"600\" height=\"338\" srcset=\"https:\/\/ismfrance.org\/wp-content\/uploads\/2024\/07\/distrib-700x394.jpg 700w, https:\/\/ismfrance.org\/wp-content\/uploads\/2024\/07\/distrib-300x169.jpg 300w, https:\/\/ismfrance.org\/wp-content\/uploads\/2024\/07\/distrib-768x432.jpg 768w, https:\/\/ismfrance.org\/wp-content\/uploads\/2024\/07\/distrib-1536x864.jpg 1536w, https:\/\/ismfrance.org\/wp-content\/uploads\/2024\/07\/distrib-1320x743.jpg 1320w, https:\/\/ismfrance.org\/wp-content\/uploads\/2024\/07\/distrib.jpg 1600w\" sizes=\"auto, (max-width: 600px) 100vw, 600px\" \/><\/a> <a href=\"https:\/\/ismfrance.org\/wp-content\/uploads\/2024\/07\/distrib1.jpg\"><img loading=\"lazy\" decoding=\"async\" class=\"alignnone size-large wp-image-13110\" src=\"https:\/\/ismfrance.org\/wp-content\/uploads\/2024\/07\/distrib1-700x394.jpg\" alt=\"\" width=\"600\" height=\"338\" srcset=\"https:\/\/ismfrance.org\/wp-content\/uploads\/2024\/07\/distrib1-700x394.jpg 700w, https:\/\/ismfrance.org\/wp-content\/uploads\/2024\/07\/distrib1-300x169.jpg 300w, https:\/\/ismfrance.org\/wp-content\/uploads\/2024\/07\/distrib1-768x432.jpg 768w, https:\/\/ismfrance.org\/wp-content\/uploads\/2024\/07\/distrib1-1536x864.jpg 1536w, https:\/\/ismfrance.org\/wp-content\/uploads\/2024\/07\/distrib1-1320x743.jpg 1320w, https:\/\/ismfrance.org\/wp-content\/uploads\/2024\/07\/distrib1.jpg 1600w\" sizes=\"auto, (max-width: 600px) 100vw, 600px\" \/><\/a><\/p>\n<p lang=\"fr-FR\" align=\"LEFT\"><span style=\"color: #000000;\"><span style=\"font-family: Tahoma, sans-serif;\"><span style=\"font-size: medium;\"><i>Des photos et vid\u00e9os de la distribution de repas <\/i><a href=\"https:\/\/drive.google.com\/drive\/folders\/12S7lUCzegonC1EbtqMMotfTTGGA0p_DE\"><span style=\"color: #333300;\"><i><b>ICI<\/b><\/i><\/span><\/a><\/span><\/span><\/span><\/p>\n<hr \/>\n<p align=\"LEFT\"><strong>Retrouvez l\u2019ensemble des t\u00e9moignages d\u2019Abu Amir et Marsel :<\/strong><\/p>\n<p>*<strong>Abu Amir Mutasem Ele\u00efwa<\/strong>\u00a0est coordinateur des Projets paysans depuis 2016 au sud de la bande de Gaza et correspondant de l\u2019Union Juive Fran\u00e7aise pour la Paix.<\/p>\n<p>*<strong>Marsel Alledawi<\/strong>\u00a0est responsable du Centre Ibn Sina du nord de la bande de Gaza, centre qui se concacre au suivi \u00e9ducatif et psychologique de l\u2019enfance.<\/p>\n<p>Tous les deux sont soutenus par l\u2019UJFP en France.<\/p>\n<pre><strong><em>Pour participer \u00e0 la collecte \"Urgence Guerre \u00e0 Gaza\" : <a href=\"https:\/\/www.helloasso.com\/associations\/union-juive-francaise-pour-la-paix\/collectes\/urgence-guerre-a-gaza\">HelloAsso.com<\/a><\/em><\/strong><\/pre>\n<hr \/>\n<pre><strong><em>Les t\u00e9moignages sont \u00e9galement publi\u00e9s sur <a href=\"https:\/\/ujfp.org\/\">UJFP<\/a>; <a href=\"https:\/\/altermidi.org\/2023\/12\/27\/la-survie-qui-sorganise-au-jour-le-jour-dans-lenfer-de-gaza\/\">Altermidi.org<\/a><\/em><\/strong><\/pre>\n","protected":false},"excerpt":{"rendered":"<p>Brigitte Challande, 13 juillet 2024. Dans la soir\u00e9e du 12 juillet, comme tr\u00e8s r\u00e9guli\u00e8rement et consciencieusement, nous recevons le rapport d\u2019activit\u00e9 de la semaine du 6 au 12 juillet envoy\u00e9 <a class=\"more-link\" href=\"https:\/\/ismfrance.org\/index.php\/2024\/07\/13\/temoignages-de-gazaouis-la-survie-qui-sorganise-au-jour-le-jour-dans-lenfer-de-gaza-partie-125-12-juillet\/\">Lire la suite &rarr;<\/a><\/p>\n","protected":false},"author":3,"featured_media":13106,"comment_status":"closed","ping_status":"closed","sticky":false,"template":"","format":"standard","meta":{"footnotes":""},"categories":[2,13],"tags":[156,29,46],"class_list":["post-13103","post","type-post","status-publish","format-standard","has-post-thumbnail","hentry","category-articles","category-temoignages","tag-genocide","tag-refugies","tag-solidarite"],"yoast_head":"<!-- This site is optimized with the Yoast SEO plugin v27.2 - https:\/\/yoast.com\/product\/yoast-seo-wordpress\/ -->\n<title>T\u00e9moignages de Gazaouis : La survie qui s\u2019organise au jour le jour dans l\u2019enfer de Gaza \u2013 partie 125 \/ 12 juillet - International Solidarity Movement - ISM-France<\/title>\n<meta name=\"robots\" content=\"index, follow, max-snippet:-1, max-image-preview:large, max-video-preview:-1\" \/>\n<link rel=\"canonical\" href=\"https:\/\/ismfrance.org\/index.php\/2024\/07\/13\/temoignages-de-gazaouis-la-survie-qui-sorganise-au-jour-le-jour-dans-lenfer-de-gaza-partie-125-12-juillet\/\" \/>\n<meta property=\"og:locale\" content=\"fr_FR\" \/>\n<meta property=\"og:type\" content=\"article\" \/>\n<meta property=\"og:title\" content=\"T\u00e9moignages de Gazaouis : La survie qui s\u2019organise au jour le jour dans l\u2019enfer de Gaza \u2013 partie 125 \/ 12 juillet - International Solidarity Movement - ISM-France\" \/>\n<meta property=\"og:description\" content=\"Brigitte Challande, 13 juillet 2024. Dans la soir\u00e9e du 12 juillet, comme tr\u00e8s r\u00e9guli\u00e8rement et consciencieusement, nous recevons le rapport d\u2019activit\u00e9 de la semaine du 6 au 12 juillet envoy\u00e9 Lire la suite &rarr;\" \/>\n<meta property=\"og:url\" content=\"https:\/\/ismfrance.org\/index.php\/2024\/07\/13\/temoignages-de-gazaouis-la-survie-qui-sorganise-au-jour-le-jour-dans-lenfer-de-gaza-partie-125-12-juillet\/\" \/>\n<meta property=\"og:site_name\" content=\"International Solidarity Movement - ISM-France\" \/>\n<meta property=\"article:published_time\" content=\"2024-07-13T17:15:28+00:00\" \/>\n<meta property=\"article:modified_time\" content=\"2024-12-14T20:31:23+00:00\" \/>\n<meta property=\"og:image\" content=\"https:\/\/ismfrance.org\/wp-content\/uploads\/2024\/07\/lettres.jpg\" \/>\n\t<meta property=\"og:image:width\" content=\"1280\" \/>\n\t<meta property=\"og:image:height\" content=\"960\" \/>\n\t<meta property=\"og:image:type\" content=\"image\/jpeg\" \/>\n<meta name=\"author\" content=\"mru_01\" \/>\n<meta name=\"twitter:card\" content=\"summary_large_image\" \/>\n<meta name=\"twitter:creator\" content=\"@ISMFRANCE\" \/>\n<meta name=\"twitter:site\" content=\"@ISMFRANCE\" \/>\n<meta name=\"twitter:label1\" content=\"\u00c9crit par\" \/>\n\t<meta name=\"twitter:data1\" content=\"mru_01\" \/>\n\t<meta name=\"twitter:label2\" content=\"Dur\u00e9e de lecture estim\u00e9e\" \/>\n\t<meta name=\"twitter:data2\" content=\"11 minutes\" \/>\n<script type=\"application\/ld+json\" class=\"yoast-schema-graph\">{\"@context\":\"https:\/\/schema.org\",\"@graph\":[{\"@type\":\"Article\",\"@id\":\"https:\/\/ismfrance.org\/index.php\/2024\/07\/13\/temoignages-de-gazaouis-la-survie-qui-sorganise-au-jour-le-jour-dans-lenfer-de-gaza-partie-125-12-juillet\/#article\",\"isPartOf\":{\"@id\":\"https:\/\/ismfrance.org\/index.php\/2024\/07\/13\/temoignages-de-gazaouis-la-survie-qui-sorganise-au-jour-le-jour-dans-lenfer-de-gaza-partie-125-12-juillet\/\"},\"author\":{\"name\":\"mru_01\",\"@id\":\"https:\/\/ismfrance.org\/#\/schema\/person\/3c411eb72adfaae19c0dca1f41fae01d\"},\"headline\":\"T\u00e9moignages de Gazaouis : La survie qui s\u2019organise au jour le jour dans l\u2019enfer de Gaza \u2013 partie 125 \/ 12 juillet\",\"datePublished\":\"2024-07-13T17:15:28+00:00\",\"dateModified\":\"2024-12-14T20:31:23+00:00\",\"mainEntityOfPage\":{\"@id\":\"https:\/\/ismfrance.org\/index.php\/2024\/07\/13\/temoignages-de-gazaouis-la-survie-qui-sorganise-au-jour-le-jour-dans-lenfer-de-gaza-partie-125-12-juillet\/\"},\"wordCount\":1468,\"publisher\":{\"@id\":\"https:\/\/ismfrance.org\/#organization\"},\"image\":{\"@id\":\"https:\/\/ismfrance.org\/index.php\/2024\/07\/13\/temoignages-de-gazaouis-la-survie-qui-sorganise-au-jour-le-jour-dans-lenfer-de-gaza-partie-125-12-juillet\/#primaryimage\"},\"thumbnailUrl\":\"https:\/\/ismfrance.org\/wp-content\/uploads\/2024\/07\/lettres.jpg\",\"keywords\":[\"G\u00e9nocide\",\"r\u00e9fugi\u00e9s\",\"solidarit\u00e9\"],\"articleSection\":[\"Articles\",\"T\u00e9moignages\"],\"inLanguage\":\"fr-FR\"},{\"@type\":\"WebPage\",\"@id\":\"https:\/\/ismfrance.org\/index.php\/2024\/07\/13\/temoignages-de-gazaouis-la-survie-qui-sorganise-au-jour-le-jour-dans-lenfer-de-gaza-partie-125-12-juillet\/\",\"url\":\"https:\/\/ismfrance.org\/index.php\/2024\/07\/13\/temoignages-de-gazaouis-la-survie-qui-sorganise-au-jour-le-jour-dans-lenfer-de-gaza-partie-125-12-juillet\/\",\"name\":\"T\u00e9moignages de Gazaouis : La survie qui s\u2019organise au jour le jour dans l\u2019enfer de Gaza \u2013 partie 125 \/ 12 juillet - International Solidarity Movement - ISM-France\",\"isPartOf\":{\"@id\":\"https:\/\/ismfrance.org\/#website\"},\"primaryImageOfPage\":{\"@id\":\"https:\/\/ismfrance.org\/index.php\/2024\/07\/13\/temoignages-de-gazaouis-la-survie-qui-sorganise-au-jour-le-jour-dans-lenfer-de-gaza-partie-125-12-juillet\/#primaryimage\"},\"image\":{\"@id\":\"https:\/\/ismfrance.org\/index.php\/2024\/07\/13\/temoignages-de-gazaouis-la-survie-qui-sorganise-au-jour-le-jour-dans-lenfer-de-gaza-partie-125-12-juillet\/#primaryimage\"},\"thumbnailUrl\":\"https:\/\/ismfrance.org\/wp-content\/uploads\/2024\/07\/lettres.jpg\",\"datePublished\":\"2024-07-13T17:15:28+00:00\",\"dateModified\":\"2024-12-14T20:31:23+00:00\",\"breadcrumb\":{\"@id\":\"https:\/\/ismfrance.org\/index.php\/2024\/07\/13\/temoignages-de-gazaouis-la-survie-qui-sorganise-au-jour-le-jour-dans-lenfer-de-gaza-partie-125-12-juillet\/#breadcrumb\"},\"inLanguage\":\"fr-FR\",\"potentialAction\":[{\"@type\":\"ReadAction\",\"target\":[\"https:\/\/ismfrance.org\/index.php\/2024\/07\/13\/temoignages-de-gazaouis-la-survie-qui-sorganise-au-jour-le-jour-dans-lenfer-de-gaza-partie-125-12-juillet\/\"]}]},{\"@type\":\"ImageObject\",\"inLanguage\":\"fr-FR\",\"@id\":\"https:\/\/ismfrance.org\/index.php\/2024\/07\/13\/temoignages-de-gazaouis-la-survie-qui-sorganise-au-jour-le-jour-dans-lenfer-de-gaza-partie-125-12-juillet\/#primaryimage\",\"url\":\"https:\/\/ismfrance.org\/wp-content\/uploads\/2024\/07\/lettres.jpg\",\"contentUrl\":\"https:\/\/ismfrance.org\/wp-content\/uploads\/2024\/07\/lettres.jpg\",\"width\":1280,\"height\":960},{\"@type\":\"BreadcrumbList\",\"@id\":\"https:\/\/ismfrance.org\/index.php\/2024\/07\/13\/temoignages-de-gazaouis-la-survie-qui-sorganise-au-jour-le-jour-dans-lenfer-de-gaza-partie-125-12-juillet\/#breadcrumb\",\"itemListElement\":[{\"@type\":\"ListItem\",\"position\":1,\"name\":\"Accueil\",\"item\":\"https:\/\/ismfrance.org\/\"},{\"@type\":\"ListItem\",\"position\":2,\"name\":\"T\u00e9moignages de Gazaouis : La survie qui s\u2019organise au jour le jour dans l\u2019enfer de Gaza \u2013 partie 125 \/ 12 juillet\"}]},{\"@type\":\"WebSite\",\"@id\":\"https:\/\/ismfrance.org\/#website\",\"url\":\"https:\/\/ismfrance.org\/\",\"name\":\"ISM Palestine France\",\"description\":\"Soutien aux luttes de lib\u00e9ration du peuple palestinien\",\"publisher\":{\"@id\":\"https:\/\/ismfrance.org\/#organization\"},\"potentialAction\":[{\"@type\":\"SearchAction\",\"target\":{\"@type\":\"EntryPoint\",\"urlTemplate\":\"https:\/\/ismfrance.org\/?s={search_term_string}\"},\"query-input\":{\"@type\":\"PropertyValueSpecification\",\"valueRequired\":true,\"valueName\":\"search_term_string\"}}],\"inLanguage\":\"fr-FR\"},{\"@type\":\"Organization\",\"@id\":\"https:\/\/ismfrance.org\/#organization\",\"name\":\"International Solidarity Movement\",\"url\":\"https:\/\/ismfrance.org\/\",\"logo\":{\"@type\":\"ImageObject\",\"inLanguage\":\"fr-FR\",\"@id\":\"https:\/\/ismfrance.org\/#\/schema\/logo\/image\/\",\"url\":\"https:\/\/ismfrance.org\/wp-content\/uploads\/2020\/12\/00.png\",\"contentUrl\":\"https:\/\/ismfrance.org\/wp-content\/uploads\/2020\/12\/00.png\",\"width\":400,\"height\":400,\"caption\":\"International Solidarity Movement\"},\"image\":{\"@id\":\"https:\/\/ismfrance.org\/#\/schema\/logo\/image\/\"},\"sameAs\":[\"https:\/\/x.com\/ISMFRANCE\"]},{\"@type\":\"Person\",\"@id\":\"https:\/\/ismfrance.org\/#\/schema\/person\/3c411eb72adfaae19c0dca1f41fae01d\",\"name\":\"mru_01\",\"image\":{\"@type\":\"ImageObject\",\"inLanguage\":\"fr-FR\",\"@id\":\"https:\/\/secure.gravatar.com\/avatar\/3a0be343b445d2ccc79e87444a294fad2b232e90d2051d0e3cc219e1ecd6a330?s=96&d=mm&r=g\",\"url\":\"https:\/\/secure.gravatar.com\/avatar\/3a0be343b445d2ccc79e87444a294fad2b232e90d2051d0e3cc219e1ecd6a330?s=96&d=mm&r=g\",\"contentUrl\":\"https:\/\/secure.gravatar.com\/avatar\/3a0be343b445d2ccc79e87444a294fad2b232e90d2051d0e3cc219e1ecd6a330?s=96&d=mm&r=g\",\"caption\":\"mru_01\"},\"url\":\"https:\/\/ismfrance.org\/index.php\/author\/admin02\/\"}]}<\/script>\n<!-- \/ Yoast SEO plugin. -->","yoast_head_json":{"title":"T\u00e9moignages de Gazaouis : La survie qui s\u2019organise au jour le jour dans l\u2019enfer de Gaza \u2013 partie 125 \/ 12 juillet - International Solidarity Movement - ISM-France","robots":{"index":"index","follow":"follow","max-snippet":"max-snippet:-1","max-image-preview":"max-image-preview:large","max-video-preview":"max-video-preview:-1"},"canonical":"https:\/\/ismfrance.org\/index.php\/2024\/07\/13\/temoignages-de-gazaouis-la-survie-qui-sorganise-au-jour-le-jour-dans-lenfer-de-gaza-partie-125-12-juillet\/","og_locale":"fr_FR","og_type":"article","og_title":"T\u00e9moignages de Gazaouis : La survie qui s\u2019organise au jour le jour dans l\u2019enfer de Gaza \u2013 partie 125 \/ 12 juillet - International Solidarity Movement - ISM-France","og_description":"Brigitte Challande, 13 juillet 2024. Dans la soir\u00e9e du 12 juillet, comme tr\u00e8s r\u00e9guli\u00e8rement et consciencieusement, nous recevons le rapport d\u2019activit\u00e9 de la semaine du 6 au 12 juillet envoy\u00e9 Lire la suite &rarr;","og_url":"https:\/\/ismfrance.org\/index.php\/2024\/07\/13\/temoignages-de-gazaouis-la-survie-qui-sorganise-au-jour-le-jour-dans-lenfer-de-gaza-partie-125-12-juillet\/","og_site_name":"International Solidarity Movement - ISM-France","article_published_time":"2024-07-13T17:15:28+00:00","article_modified_time":"2024-12-14T20:31:23+00:00","og_image":[{"width":1280,"height":960,"url":"https:\/\/ismfrance.org\/wp-content\/uploads\/2024\/07\/lettres.jpg","type":"image\/jpeg"}],"author":"mru_01","twitter_card":"summary_large_image","twitter_creator":"@ISMFRANCE","twitter_site":"@ISMFRANCE","twitter_misc":{"\u00c9crit par":"mru_01","Dur\u00e9e de lecture estim\u00e9e":"11 minutes"},"schema":{"@context":"https:\/\/schema.org","@graph":[{"@type":"Article","@id":"https:\/\/ismfrance.org\/index.php\/2024\/07\/13\/temoignages-de-gazaouis-la-survie-qui-sorganise-au-jour-le-jour-dans-lenfer-de-gaza-partie-125-12-juillet\/#article","isPartOf":{"@id":"https:\/\/ismfrance.org\/index.php\/2024\/07\/13\/temoignages-de-gazaouis-la-survie-qui-sorganise-au-jour-le-jour-dans-lenfer-de-gaza-partie-125-12-juillet\/"},"author":{"name":"mru_01","@id":"https:\/\/ismfrance.org\/#\/schema\/person\/3c411eb72adfaae19c0dca1f41fae01d"},"headline":"T\u00e9moignages de Gazaouis : La survie qui s\u2019organise au jour le jour dans l\u2019enfer de Gaza \u2013 partie 125 \/ 12 juillet","datePublished":"2024-07-13T17:15:28+00:00","dateModified":"2024-12-14T20:31:23+00:00","mainEntityOfPage":{"@id":"https:\/\/ismfrance.org\/index.php\/2024\/07\/13\/temoignages-de-gazaouis-la-survie-qui-sorganise-au-jour-le-jour-dans-lenfer-de-gaza-partie-125-12-juillet\/"},"wordCount":1468,"publisher":{"@id":"https:\/\/ismfrance.org\/#organization"},"image":{"@id":"https:\/\/ismfrance.org\/index.php\/2024\/07\/13\/temoignages-de-gazaouis-la-survie-qui-sorganise-au-jour-le-jour-dans-lenfer-de-gaza-partie-125-12-juillet\/#primaryimage"},"thumbnailUrl":"https:\/\/ismfrance.org\/wp-content\/uploads\/2024\/07\/lettres.jpg","keywords":["G\u00e9nocide","r\u00e9fugi\u00e9s","solidarit\u00e9"],"articleSection":["Articles","T\u00e9moignages"],"inLanguage":"fr-FR"},{"@type":"WebPage","@id":"https:\/\/ismfrance.org\/index.php\/2024\/07\/13\/temoignages-de-gazaouis-la-survie-qui-sorganise-au-jour-le-jour-dans-lenfer-de-gaza-partie-125-12-juillet\/","url":"https:\/\/ismfrance.org\/index.php\/2024\/07\/13\/temoignages-de-gazaouis-la-survie-qui-sorganise-au-jour-le-jour-dans-lenfer-de-gaza-partie-125-12-juillet\/","name":"T\u00e9moignages de Gazaouis : La survie qui s\u2019organise au jour le jour dans l\u2019enfer de Gaza \u2013 partie 125 \/ 12 juillet - International Solidarity Movement - ISM-France","isPartOf":{"@id":"https:\/\/ismfrance.org\/#website"},"primaryImageOfPage":{"@id":"https:\/\/ismfrance.org\/index.php\/2024\/07\/13\/temoignages-de-gazaouis-la-survie-qui-sorganise-au-jour-le-jour-dans-lenfer-de-gaza-partie-125-12-juillet\/#primaryimage"},"image":{"@id":"https:\/\/ismfrance.org\/index.php\/2024\/07\/13\/temoignages-de-gazaouis-la-survie-qui-sorganise-au-jour-le-jour-dans-lenfer-de-gaza-partie-125-12-juillet\/#primaryimage"},"thumbnailUrl":"https:\/\/ismfrance.org\/wp-content\/uploads\/2024\/07\/lettres.jpg","datePublished":"2024-07-13T17:15:28+00:00","dateModified":"2024-12-14T20:31:23+00:00","breadcrumb":{"@id":"https:\/\/ismfrance.org\/index.php\/2024\/07\/13\/temoignages-de-gazaouis-la-survie-qui-sorganise-au-jour-le-jour-dans-lenfer-de-gaza-partie-125-12-juillet\/#breadcrumb"},"inLanguage":"fr-FR","potentialAction":[{"@type":"ReadAction","target":["https:\/\/ismfrance.org\/index.php\/2024\/07\/13\/temoignages-de-gazaouis-la-survie-qui-sorganise-au-jour-le-jour-dans-lenfer-de-gaza-partie-125-12-juillet\/"]}]},{"@type":"ImageObject","inLanguage":"fr-FR","@id":"https:\/\/ismfrance.org\/index.php\/2024\/07\/13\/temoignages-de-gazaouis-la-survie-qui-sorganise-au-jour-le-jour-dans-lenfer-de-gaza-partie-125-12-juillet\/#primaryimage","url":"https:\/\/ismfrance.org\/wp-content\/uploads\/2024\/07\/lettres.jpg","contentUrl":"https:\/\/ismfrance.org\/wp-content\/uploads\/2024\/07\/lettres.jpg","width":1280,"height":960},{"@type":"BreadcrumbList","@id":"https:\/\/ismfrance.org\/index.php\/2024\/07\/13\/temoignages-de-gazaouis-la-survie-qui-sorganise-au-jour-le-jour-dans-lenfer-de-gaza-partie-125-12-juillet\/#breadcrumb","itemListElement":[{"@type":"ListItem","position":1,"name":"Accueil","item":"https:\/\/ismfrance.org\/"},{"@type":"ListItem","position":2,"name":"T\u00e9moignages de Gazaouis : La survie qui s\u2019organise au jour le jour dans l\u2019enfer de Gaza \u2013 partie 125 \/ 12 juillet"}]},{"@type":"WebSite","@id":"https:\/\/ismfrance.org\/#website","url":"https:\/\/ismfrance.org\/","name":"ISM Palestine France","description":"Soutien aux luttes de lib\u00e9ration du peuple palestinien","publisher":{"@id":"https:\/\/ismfrance.org\/#organization"},"potentialAction":[{"@type":"SearchAction","target":{"@type":"EntryPoint","urlTemplate":"https:\/\/ismfrance.org\/?s={search_term_string}"},"query-input":{"@type":"PropertyValueSpecification","valueRequired":true,"valueName":"search_term_string"}}],"inLanguage":"fr-FR"},{"@type":"Organization","@id":"https:\/\/ismfrance.org\/#organization","name":"International Solidarity Movement","url":"https:\/\/ismfrance.org\/","logo":{"@type":"ImageObject","inLanguage":"fr-FR","@id":"https:\/\/ismfrance.org\/#\/schema\/logo\/image\/","url":"https:\/\/ismfrance.org\/wp-content\/uploads\/2020\/12\/00.png","contentUrl":"https:\/\/ismfrance.org\/wp-content\/uploads\/2020\/12\/00.png","width":400,"height":400,"caption":"International Solidarity Movement"},"image":{"@id":"https:\/\/ismfrance.org\/#\/schema\/logo\/image\/"},"sameAs":["https:\/\/x.com\/ISMFRANCE"]},{"@type":"Person","@id":"https:\/\/ismfrance.org\/#\/schema\/person\/3c411eb72adfaae19c0dca1f41fae01d","name":"mru_01","image":{"@type":"ImageObject","inLanguage":"fr-FR","@id":"https:\/\/secure.gravatar.com\/avatar\/3a0be343b445d2ccc79e87444a294fad2b232e90d2051d0e3cc219e1ecd6a330?s=96&d=mm&r=g","url":"https:\/\/secure.gravatar.com\/avatar\/3a0be343b445d2ccc79e87444a294fad2b232e90d2051d0e3cc219e1ecd6a330?s=96&d=mm&r=g","contentUrl":"https:\/\/secure.gravatar.com\/avatar\/3a0be343b445d2ccc79e87444a294fad2b232e90d2051d0e3cc219e1ecd6a330?s=96&d=mm&r=g","caption":"mru_01"},"url":"https:\/\/ismfrance.org\/index.php\/author\/admin02\/"}]}},"_links":{"self":[{"href":"https:\/\/ismfrance.org\/index.php\/wp-json\/wp\/v2\/posts\/13103","targetHints":{"allow":["GET"]}}],"collection":[{"href":"https:\/\/ismfrance.org\/index.php\/wp-json\/wp\/v2\/posts"}],"about":[{"href":"https:\/\/ismfrance.org\/index.php\/wp-json\/wp\/v2\/types\/post"}],"author":[{"embeddable":true,"href":"https:\/\/ismfrance.org\/index.php\/wp-json\/wp\/v2\/users\/3"}],"replies":[{"embeddable":true,"href":"https:\/\/ismfrance.org\/index.php\/wp-json\/wp\/v2\/comments?post=13103"}],"version-history":[{"count":0,"href":"https:\/\/ismfrance.org\/index.php\/wp-json\/wp\/v2\/posts\/13103\/revisions"}],"wp:featuredmedia":[{"embeddable":true,"href":"https:\/\/ismfrance.org\/index.php\/wp-json\/wp\/v2\/media\/13106"}],"wp:attachment":[{"href":"https:\/\/ismfrance.org\/index.php\/wp-json\/wp\/v2\/media?parent=13103"}],"wp:term":[{"taxonomy":"category","embeddable":true,"href":"https:\/\/ismfrance.org\/index.php\/wp-json\/wp\/v2\/categories?post=13103"},{"taxonomy":"post_tag","embeddable":true,"href":"https:\/\/ismfrance.org\/index.php\/wp-json\/wp\/v2\/tags?post=13103"}],"curies":[{"name":"wp","href":"https:\/\/api.w.org\/{rel}","templated":true}]}}