{"id":13080,"date":"2024-07-11T17:36:01","date_gmt":"2024-07-11T15:36:01","guid":{"rendered":"https:\/\/ismfrance.org\/?p=13080"},"modified":"2024-07-11T17:55:07","modified_gmt":"2024-07-11T15:55:07","slug":"soutien-a-la-resistance-du-peuple-palestinien-marseille-dimanche-14-juillet-a-15h","status":"publish","type":"post","link":"https:\/\/ismfrance.org\/index.php\/2024\/07\/11\/soutien-a-la-resistance-du-peuple-palestinien-marseille-dimanche-14-juillet-a-15h\/","title":{"rendered":"SOUTIEN A LA RESISTANCE DU PEUPLE PALESTINIEN, MARSEILLE DIMANCHE 14 JUILLET \u00e0 15h"},"content":{"rendered":"<p><span style=\"color: #000000;\"><span style=\"font-family: Tahoma, sans-serif;\"><span style=\"font-size: medium;\"><strong>Chris &amp; Dine, 11 juillet 2024.<\/strong> C\u2019est une date m\u00e9morable. <\/span><\/span><\/span><span style=\"color: #000000;\"><span style=\"font-family: Tahoma, sans-serif;\"><span style=\"font-size: medium;\">Il y a 235 ans, le peuple de Paris a fait tomber un symbole de l\u2019oppression et de l\u2019ancien r\u00e9gime. C\u2019est, pour nous, le souvenir de la R\u00e9volution qui a aboli les privil\u00e8ges.<\/span><\/span><\/span><\/p>\n<p><a href=\"https:\/\/ismfrance.org\/wp-content\/uploads\/2024\/07\/marseille-14-juillet.jpg\"><img loading=\"lazy\" decoding=\"async\" class=\"alignnone size-large wp-image-13081\" src=\"https:\/\/ismfrance.org\/wp-content\/uploads\/2024\/07\/marseille-14-juillet-495x700.jpg\" alt=\"\" width=\"495\" height=\"700\" srcset=\"https:\/\/ismfrance.org\/wp-content\/uploads\/2024\/07\/marseille-14-juillet-495x700.jpg 495w, https:\/\/ismfrance.org\/wp-content\/uploads\/2024\/07\/marseille-14-juillet-212x300.jpg 212w, https:\/\/ismfrance.org\/wp-content\/uploads\/2024\/07\/marseille-14-juillet-768x1086.jpg 768w, https:\/\/ismfrance.org\/wp-content\/uploads\/2024\/07\/marseille-14-juillet-1086x1536.jpg 1086w, https:\/\/ismfrance.org\/wp-content\/uploads\/2024\/07\/marseille-14-juillet.jpg 1131w\" sizes=\"auto, (max-width: 495px) 100vw, 495px\" \/><\/a><\/p>\n<p><span style=\"color: #000000;\"><span style=\"font-family: Tahoma, sans-serif;\"><span style=\"font-size: medium;\">Depuis, les privil\u00e8ges sont revenus et le peuple va peut-\u00eatre devoir recommencer 89.<\/span><\/span><\/span><\/p>\n<p><span style=\"color: #000000;\"><span style=\"font-family: Tahoma, sans-serif;\"><span style=\"font-size: medium;\">Le combat pour le droit et la justice passe aujourd\u2019hui par la lib\u00e9ration de la Palestine, occup\u00e9e par une entit\u00e9 coloniale et g\u00e9nocidaire. <\/span><\/span><\/span><\/p>\n<p><span style=\"color: #000000;\"><span style=\"font-family: Tahoma, sans-serif;\"><span style=\"font-size: medium;\">Dans le monde entier les \u00eatres humains sont r\u00e9volt\u00e9s par les horreurs du sionisme ;<\/span><\/span><\/span><\/p>\n<p><span style=\"color: #000000;\"><span style=\"font-family: Tahoma, sans-serif;\"><span style=\"font-size: medium;\">Certains pays participent \u00e0 la lutte arm\u00e9e de la R\u00e9sistance ;<\/span><\/span><\/span><\/p>\n<p><span style=\"color: #000000;\"><span style=\"font-family: Tahoma, sans-serif;\"><span style=\"font-size: medium;\">D\u2019autres reconnaissent l\u2019Etat de Palestine ;<\/span><\/span><\/span><\/p>\n<p><span style=\"color: #000000;\"><span style=\"font-family: Tahoma, sans-serif;\"><span style=\"font-size: medium;\">D\u2019autres encore tra\u00eenent l\u2019entit\u00e9 sioniste devant les tribunaux internationaux.<\/span><\/span><\/span><\/p>\n<p><span style=\"color: #000000;\"><span style=\"font-family: Tahoma, sans-serif;\"><span style=\"font-size: medium;\">Tous ceux qui exigent une vie digne et libre pour tous, interviennent et interpellent les pouvoirs en place. Partis politiques, syndicats et associations.. artistes, blogueurs, militants et autres citoyens, nous sommes des millions \u00e0 agir d\u2019une fa\u00e7on ou d\u2019une autre.<\/span><\/span><\/span><\/p>\n<p><span style=\"color: #000000;\"><span style=\"font-family: Tahoma, sans-serif;\"><span style=\"font-size: medium;\">A MARSEILLE, comme tous les dimanches depuis 9 mois, nous nous retrouverons \u00e0 la Porte d\u2019Aix pour manifester notre rejet du sionisme, notre col\u00e8re contre nos gouvernants. Et notre exigence du gouvernement de gauche (\u00e9lu) qui nous soutient dans notre \u00ab\u00a0apologie du droit international\u00a0\u00bb plut\u00f4t que de nous r\u00e9primer.<\/span><\/span><\/span><\/p>\n<p><strong><span style=\"color: #000000;\"><span style=\"font-family: Tahoma, sans-serif;\"><span style=\"font-size: medium;\">POUR UNE PALESTINE LIBRE ET D\u00c9BARRASS\u00c9E DE TOUT COLONIALISME<\/span><\/span><\/span><\/strong><\/p>\n<p><strong><span style=\"color: #000000;\"><span style=\"font-family: Tahoma, sans-serif;\"><span style=\"font-size: medium;\">TOUS \u00c0 LA MANIF DIMANCHE 14 JUILLET \u00c0 15H \u00c0 LA PORTE D\u2019AIX<\/span><\/span><\/span><\/strong><\/p>\n","protected":false},"excerpt":{"rendered":"<p>Chris &amp; Dine, 11 juillet 2024. C\u2019est une date m\u00e9morable. Il y a 235 ans, le peuple de Paris a fait tomber un symbole de l\u2019oppression et de l\u2019ancien r\u00e9gime. <a class=\"more-link\" href=\"https:\/\/ismfrance.org\/index.php\/2024\/07\/11\/soutien-a-la-resistance-du-peuple-palestinien-marseille-dimanche-14-juillet-a-15h\/\">Lire la suite &rarr;<\/a><\/p>\n","protected":false},"author":3,"featured_media":13081,"comment_status":"closed","ping_status":"closed","sticky":false,"template":"","format":"standard","meta":{"footnotes":""},"categories":[2,14],"tags":[156,44],"class_list":["post-13080","post","type-post","status-publish","format-standard","has-post-thumbnail","hentry","category-articles","category-communiques","tag-genocide","tag-materiel-militant"],"yoast_head":"<!-- This site is optimized with the Yoast SEO plugin v27.2 - https:\/\/yoast.com\/product\/yoast-seo-wordpress\/ -->\n<title>SOUTIEN A LA RESISTANCE DU PEUPLE PALESTINIEN, MARSEILLE DIMANCHE 14 JUILLET \u00e0 15h - International Solidarity Movement - ISM-France<\/title>\n<meta name=\"robots\" content=\"index, follow, max-snippet:-1, max-image-preview:large, max-video-preview:-1\" \/>\n<link rel=\"canonical\" href=\"https:\/\/ismfrance.org\/index.php\/2024\/07\/11\/soutien-a-la-resistance-du-peuple-palestinien-marseille-dimanche-14-juillet-a-15h\/\" \/>\n<meta property=\"og:locale\" content=\"fr_FR\" \/>\n<meta property=\"og:type\" content=\"article\" \/>\n<meta property=\"og:title\" content=\"SOUTIEN A LA RESISTANCE DU PEUPLE PALESTINIEN, MARSEILLE DIMANCHE 14 JUILLET \u00e0 15h - International Solidarity Movement - ISM-France\" \/>\n<meta property=\"og:description\" content=\"Chris &amp; Dine, 11 juillet 2024. C\u2019est une date m\u00e9morable. Il y a 235 ans, le peuple de Paris a fait tomber un symbole de l\u2019oppression et de l\u2019ancien r\u00e9gime. Lire la suite &rarr;\" \/>\n<meta property=\"og:url\" content=\"https:\/\/ismfrance.org\/index.php\/2024\/07\/11\/soutien-a-la-resistance-du-peuple-palestinien-marseille-dimanche-14-juillet-a-15h\/\" \/>\n<meta property=\"og:site_name\" content=\"International Solidarity Movement - ISM-France\" \/>\n<meta property=\"article:published_time\" content=\"2024-07-11T15:36:01+00:00\" \/>\n<meta property=\"article:modified_time\" content=\"2024-07-11T15:55:07+00:00\" \/>\n<meta property=\"og:image\" content=\"https:\/\/ismfrance.org\/wp-content\/uploads\/2024\/07\/marseille-14-juillet.jpg\" \/>\n\t<meta property=\"og:image:width\" content=\"1131\" \/>\n\t<meta property=\"og:image:height\" content=\"1600\" \/>\n\t<meta property=\"og:image:type\" content=\"image\/jpeg\" \/>\n<meta name=\"author\" content=\"mru_01\" \/>\n<meta name=\"twitter:card\" content=\"summary_large_image\" \/>\n<meta name=\"twitter:creator\" content=\"@ISMFRANCE\" \/>\n<meta name=\"twitter:site\" content=\"@ISMFRANCE\" \/>\n<meta name=\"twitter:label1\" content=\"\u00c9crit par\" \/>\n\t<meta name=\"twitter:data1\" content=\"mru_01\" \/>\n\t<meta name=\"twitter:label2\" content=\"Dur\u00e9e de lecture estim\u00e9e\" \/>\n\t<meta name=\"twitter:data2\" content=\"2 minutes\" \/>\n<script type=\"application\/ld+json\" class=\"yoast-schema-graph\">{\"@context\":\"https:\/\/schema.org\",\"@graph\":[{\"@type\":\"Article\",\"@id\":\"https:\/\/ismfrance.org\/index.php\/2024\/07\/11\/soutien-a-la-resistance-du-peuple-palestinien-marseille-dimanche-14-juillet-a-15h\/#article\",\"isPartOf\":{\"@id\":\"https:\/\/ismfrance.org\/index.php\/2024\/07\/11\/soutien-a-la-resistance-du-peuple-palestinien-marseille-dimanche-14-juillet-a-15h\/\"},\"author\":{\"name\":\"mru_01\",\"@id\":\"https:\/\/ismfrance.org\/#\/schema\/person\/3c411eb72adfaae19c0dca1f41fae01d\"},\"headline\":\"SOUTIEN A LA RESISTANCE DU PEUPLE PALESTINIEN, MARSEILLE DIMANCHE 14 JUILLET \u00e0 15h\",\"datePublished\":\"2024-07-11T15:36:01+00:00\",\"dateModified\":\"2024-07-11T15:55:07+00:00\",\"mainEntityOfPage\":{\"@id\":\"https:\/\/ismfrance.org\/index.php\/2024\/07\/11\/soutien-a-la-resistance-du-peuple-palestinien-marseille-dimanche-14-juillet-a-15h\/\"},\"wordCount\":260,\"publisher\":{\"@id\":\"https:\/\/ismfrance.org\/#organization\"},\"image\":{\"@id\":\"https:\/\/ismfrance.org\/index.php\/2024\/07\/11\/soutien-a-la-resistance-du-peuple-palestinien-marseille-dimanche-14-juillet-a-15h\/#primaryimage\"},\"thumbnailUrl\":\"https:\/\/ismfrance.org\/wp-content\/uploads\/2024\/07\/marseille-14-juillet.jpg\",\"keywords\":[\"G\u00e9nocide\",\"mat\u00e9riel militant\"],\"articleSection\":[\"Articles\",\"Communiqu\u00e9s\"],\"inLanguage\":\"fr-FR\"},{\"@type\":\"WebPage\",\"@id\":\"https:\/\/ismfrance.org\/index.php\/2024\/07\/11\/soutien-a-la-resistance-du-peuple-palestinien-marseille-dimanche-14-juillet-a-15h\/\",\"url\":\"https:\/\/ismfrance.org\/index.php\/2024\/07\/11\/soutien-a-la-resistance-du-peuple-palestinien-marseille-dimanche-14-juillet-a-15h\/\",\"name\":\"SOUTIEN A LA RESISTANCE DU PEUPLE PALESTINIEN, MARSEILLE DIMANCHE 14 JUILLET \u00e0 15h - International Solidarity Movement - ISM-France\",\"isPartOf\":{\"@id\":\"https:\/\/ismfrance.org\/#website\"},\"primaryImageOfPage\":{\"@id\":\"https:\/\/ismfrance.org\/index.php\/2024\/07\/11\/soutien-a-la-resistance-du-peuple-palestinien-marseille-dimanche-14-juillet-a-15h\/#primaryimage\"},\"image\":{\"@id\":\"https:\/\/ismfrance.org\/index.php\/2024\/07\/11\/soutien-a-la-resistance-du-peuple-palestinien-marseille-dimanche-14-juillet-a-15h\/#primaryimage\"},\"thumbnailUrl\":\"https:\/\/ismfrance.org\/wp-content\/uploads\/2024\/07\/marseille-14-juillet.jpg\",\"datePublished\":\"2024-07-11T15:36:01+00:00\",\"dateModified\":\"2024-07-11T15:55:07+00:00\",\"breadcrumb\":{\"@id\":\"https:\/\/ismfrance.org\/index.php\/2024\/07\/11\/soutien-a-la-resistance-du-peuple-palestinien-marseille-dimanche-14-juillet-a-15h\/#breadcrumb\"},\"inLanguage\":\"fr-FR\",\"potentialAction\":[{\"@type\":\"ReadAction\",\"target\":[\"https:\/\/ismfrance.org\/index.php\/2024\/07\/11\/soutien-a-la-resistance-du-peuple-palestinien-marseille-dimanche-14-juillet-a-15h\/\"]}]},{\"@type\":\"ImageObject\",\"inLanguage\":\"fr-FR\",\"@id\":\"https:\/\/ismfrance.org\/index.php\/2024\/07\/11\/soutien-a-la-resistance-du-peuple-palestinien-marseille-dimanche-14-juillet-a-15h\/#primaryimage\",\"url\":\"https:\/\/ismfrance.org\/wp-content\/uploads\/2024\/07\/marseille-14-juillet.jpg\",\"contentUrl\":\"https:\/\/ismfrance.org\/wp-content\/uploads\/2024\/07\/marseille-14-juillet.jpg\",\"width\":1131,\"height\":1600},{\"@type\":\"BreadcrumbList\",\"@id\":\"https:\/\/ismfrance.org\/index.php\/2024\/07\/11\/soutien-a-la-resistance-du-peuple-palestinien-marseille-dimanche-14-juillet-a-15h\/#breadcrumb\",\"itemListElement\":[{\"@type\":\"ListItem\",\"position\":1,\"name\":\"Accueil\",\"item\":\"https:\/\/ismfrance.org\/\"},{\"@type\":\"ListItem\",\"position\":2,\"name\":\"SOUTIEN A LA RESISTANCE DU PEUPLE PALESTINIEN, MARSEILLE DIMANCHE 14 JUILLET \u00e0 15h\"}]},{\"@type\":\"WebSite\",\"@id\":\"https:\/\/ismfrance.org\/#website\",\"url\":\"https:\/\/ismfrance.org\/\",\"name\":\"ISM Palestine France\",\"description\":\"Soutien aux luttes de lib\u00e9ration du peuple palestinien\",\"publisher\":{\"@id\":\"https:\/\/ismfrance.org\/#organization\"},\"potentialAction\":[{\"@type\":\"SearchAction\",\"target\":{\"@type\":\"EntryPoint\",\"urlTemplate\":\"https:\/\/ismfrance.org\/?s={search_term_string}\"},\"query-input\":{\"@type\":\"PropertyValueSpecification\",\"valueRequired\":true,\"valueName\":\"search_term_string\"}}],\"inLanguage\":\"fr-FR\"},{\"@type\":\"Organization\",\"@id\":\"https:\/\/ismfrance.org\/#organization\",\"name\":\"International Solidarity Movement\",\"url\":\"https:\/\/ismfrance.org\/\",\"logo\":{\"@type\":\"ImageObject\",\"inLanguage\":\"fr-FR\",\"@id\":\"https:\/\/ismfrance.org\/#\/schema\/logo\/image\/\",\"url\":\"https:\/\/ismfrance.org\/wp-content\/uploads\/2020\/12\/00.png\",\"contentUrl\":\"https:\/\/ismfrance.org\/wp-content\/uploads\/2020\/12\/00.png\",\"width\":400,\"height\":400,\"caption\":\"International Solidarity Movement\"},\"image\":{\"@id\":\"https:\/\/ismfrance.org\/#\/schema\/logo\/image\/\"},\"sameAs\":[\"https:\/\/x.com\/ISMFRANCE\"]},{\"@type\":\"Person\",\"@id\":\"https:\/\/ismfrance.org\/#\/schema\/person\/3c411eb72adfaae19c0dca1f41fae01d\",\"name\":\"mru_01\",\"image\":{\"@type\":\"ImageObject\",\"inLanguage\":\"fr-FR\",\"@id\":\"https:\/\/secure.gravatar.com\/avatar\/3a0be343b445d2ccc79e87444a294fad2b232e90d2051d0e3cc219e1ecd6a330?s=96&d=mm&r=g\",\"url\":\"https:\/\/secure.gravatar.com\/avatar\/3a0be343b445d2ccc79e87444a294fad2b232e90d2051d0e3cc219e1ecd6a330?s=96&d=mm&r=g\",\"contentUrl\":\"https:\/\/secure.gravatar.com\/avatar\/3a0be343b445d2ccc79e87444a294fad2b232e90d2051d0e3cc219e1ecd6a330?s=96&d=mm&r=g\",\"caption\":\"mru_01\"},\"url\":\"https:\/\/ismfrance.org\/index.php\/author\/admin02\/\"}]}<\/script>\n<!-- \/ Yoast SEO plugin. -->","yoast_head_json":{"title":"SOUTIEN A LA RESISTANCE DU PEUPLE PALESTINIEN, MARSEILLE DIMANCHE 14 JUILLET \u00e0 15h - International Solidarity Movement - ISM-France","robots":{"index":"index","follow":"follow","max-snippet":"max-snippet:-1","max-image-preview":"max-image-preview:large","max-video-preview":"max-video-preview:-1"},"canonical":"https:\/\/ismfrance.org\/index.php\/2024\/07\/11\/soutien-a-la-resistance-du-peuple-palestinien-marseille-dimanche-14-juillet-a-15h\/","og_locale":"fr_FR","og_type":"article","og_title":"SOUTIEN A LA RESISTANCE DU PEUPLE PALESTINIEN, MARSEILLE DIMANCHE 14 JUILLET \u00e0 15h - International Solidarity Movement - ISM-France","og_description":"Chris &amp; Dine, 11 juillet 2024. C\u2019est une date m\u00e9morable. Il y a 235 ans, le peuple de Paris a fait tomber un symbole de l\u2019oppression et de l\u2019ancien r\u00e9gime. Lire la suite &rarr;","og_url":"https:\/\/ismfrance.org\/index.php\/2024\/07\/11\/soutien-a-la-resistance-du-peuple-palestinien-marseille-dimanche-14-juillet-a-15h\/","og_site_name":"International Solidarity Movement - ISM-France","article_published_time":"2024-07-11T15:36:01+00:00","article_modified_time":"2024-07-11T15:55:07+00:00","og_image":[{"width":1131,"height":1600,"url":"https:\/\/ismfrance.org\/wp-content\/uploads\/2024\/07\/marseille-14-juillet.jpg","type":"image\/jpeg"}],"author":"mru_01","twitter_card":"summary_large_image","twitter_creator":"@ISMFRANCE","twitter_site":"@ISMFRANCE","twitter_misc":{"\u00c9crit par":"mru_01","Dur\u00e9e de lecture estim\u00e9e":"2 minutes"},"schema":{"@context":"https:\/\/schema.org","@graph":[{"@type":"Article","@id":"https:\/\/ismfrance.org\/index.php\/2024\/07\/11\/soutien-a-la-resistance-du-peuple-palestinien-marseille-dimanche-14-juillet-a-15h\/#article","isPartOf":{"@id":"https:\/\/ismfrance.org\/index.php\/2024\/07\/11\/soutien-a-la-resistance-du-peuple-palestinien-marseille-dimanche-14-juillet-a-15h\/"},"author":{"name":"mru_01","@id":"https:\/\/ismfrance.org\/#\/schema\/person\/3c411eb72adfaae19c0dca1f41fae01d"},"headline":"SOUTIEN A LA RESISTANCE DU PEUPLE PALESTINIEN, MARSEILLE DIMANCHE 14 JUILLET \u00e0 15h","datePublished":"2024-07-11T15:36:01+00:00","dateModified":"2024-07-11T15:55:07+00:00","mainEntityOfPage":{"@id":"https:\/\/ismfrance.org\/index.php\/2024\/07\/11\/soutien-a-la-resistance-du-peuple-palestinien-marseille-dimanche-14-juillet-a-15h\/"},"wordCount":260,"publisher":{"@id":"https:\/\/ismfrance.org\/#organization"},"image":{"@id":"https:\/\/ismfrance.org\/index.php\/2024\/07\/11\/soutien-a-la-resistance-du-peuple-palestinien-marseille-dimanche-14-juillet-a-15h\/#primaryimage"},"thumbnailUrl":"https:\/\/ismfrance.org\/wp-content\/uploads\/2024\/07\/marseille-14-juillet.jpg","keywords":["G\u00e9nocide","mat\u00e9riel militant"],"articleSection":["Articles","Communiqu\u00e9s"],"inLanguage":"fr-FR"},{"@type":"WebPage","@id":"https:\/\/ismfrance.org\/index.php\/2024\/07\/11\/soutien-a-la-resistance-du-peuple-palestinien-marseille-dimanche-14-juillet-a-15h\/","url":"https:\/\/ismfrance.org\/index.php\/2024\/07\/11\/soutien-a-la-resistance-du-peuple-palestinien-marseille-dimanche-14-juillet-a-15h\/","name":"SOUTIEN A LA RESISTANCE DU PEUPLE PALESTINIEN, MARSEILLE DIMANCHE 14 JUILLET \u00e0 15h - International Solidarity Movement - ISM-France","isPartOf":{"@id":"https:\/\/ismfrance.org\/#website"},"primaryImageOfPage":{"@id":"https:\/\/ismfrance.org\/index.php\/2024\/07\/11\/soutien-a-la-resistance-du-peuple-palestinien-marseille-dimanche-14-juillet-a-15h\/#primaryimage"},"image":{"@id":"https:\/\/ismfrance.org\/index.php\/2024\/07\/11\/soutien-a-la-resistance-du-peuple-palestinien-marseille-dimanche-14-juillet-a-15h\/#primaryimage"},"thumbnailUrl":"https:\/\/ismfrance.org\/wp-content\/uploads\/2024\/07\/marseille-14-juillet.jpg","datePublished":"2024-07-11T15:36:01+00:00","dateModified":"2024-07-11T15:55:07+00:00","breadcrumb":{"@id":"https:\/\/ismfrance.org\/index.php\/2024\/07\/11\/soutien-a-la-resistance-du-peuple-palestinien-marseille-dimanche-14-juillet-a-15h\/#breadcrumb"},"inLanguage":"fr-FR","potentialAction":[{"@type":"ReadAction","target":["https:\/\/ismfrance.org\/index.php\/2024\/07\/11\/soutien-a-la-resistance-du-peuple-palestinien-marseille-dimanche-14-juillet-a-15h\/"]}]},{"@type":"ImageObject","inLanguage":"fr-FR","@id":"https:\/\/ismfrance.org\/index.php\/2024\/07\/11\/soutien-a-la-resistance-du-peuple-palestinien-marseille-dimanche-14-juillet-a-15h\/#primaryimage","url":"https:\/\/ismfrance.org\/wp-content\/uploads\/2024\/07\/marseille-14-juillet.jpg","contentUrl":"https:\/\/ismfrance.org\/wp-content\/uploads\/2024\/07\/marseille-14-juillet.jpg","width":1131,"height":1600},{"@type":"BreadcrumbList","@id":"https:\/\/ismfrance.org\/index.php\/2024\/07\/11\/soutien-a-la-resistance-du-peuple-palestinien-marseille-dimanche-14-juillet-a-15h\/#breadcrumb","itemListElement":[{"@type":"ListItem","position":1,"name":"Accueil","item":"https:\/\/ismfrance.org\/"},{"@type":"ListItem","position":2,"name":"SOUTIEN A LA RESISTANCE DU PEUPLE PALESTINIEN, MARSEILLE DIMANCHE 14 JUILLET \u00e0 15h"}]},{"@type":"WebSite","@id":"https:\/\/ismfrance.org\/#website","url":"https:\/\/ismfrance.org\/","name":"ISM Palestine France","description":"Soutien aux luttes de lib\u00e9ration du peuple palestinien","publisher":{"@id":"https:\/\/ismfrance.org\/#organization"},"potentialAction":[{"@type":"SearchAction","target":{"@type":"EntryPoint","urlTemplate":"https:\/\/ismfrance.org\/?s={search_term_string}"},"query-input":{"@type":"PropertyValueSpecification","valueRequired":true,"valueName":"search_term_string"}}],"inLanguage":"fr-FR"},{"@type":"Organization","@id":"https:\/\/ismfrance.org\/#organization","name":"International Solidarity Movement","url":"https:\/\/ismfrance.org\/","logo":{"@type":"ImageObject","inLanguage":"fr-FR","@id":"https:\/\/ismfrance.org\/#\/schema\/logo\/image\/","url":"https:\/\/ismfrance.org\/wp-content\/uploads\/2020\/12\/00.png","contentUrl":"https:\/\/ismfrance.org\/wp-content\/uploads\/2020\/12\/00.png","width":400,"height":400,"caption":"International Solidarity Movement"},"image":{"@id":"https:\/\/ismfrance.org\/#\/schema\/logo\/image\/"},"sameAs":["https:\/\/x.com\/ISMFRANCE"]},{"@type":"Person","@id":"https:\/\/ismfrance.org\/#\/schema\/person\/3c411eb72adfaae19c0dca1f41fae01d","name":"mru_01","image":{"@type":"ImageObject","inLanguage":"fr-FR","@id":"https:\/\/secure.gravatar.com\/avatar\/3a0be343b445d2ccc79e87444a294fad2b232e90d2051d0e3cc219e1ecd6a330?s=96&d=mm&r=g","url":"https:\/\/secure.gravatar.com\/avatar\/3a0be343b445d2ccc79e87444a294fad2b232e90d2051d0e3cc219e1ecd6a330?s=96&d=mm&r=g","contentUrl":"https:\/\/secure.gravatar.com\/avatar\/3a0be343b445d2ccc79e87444a294fad2b232e90d2051d0e3cc219e1ecd6a330?s=96&d=mm&r=g","caption":"mru_01"},"url":"https:\/\/ismfrance.org\/index.php\/author\/admin02\/"}]}},"_links":{"self":[{"href":"https:\/\/ismfrance.org\/index.php\/wp-json\/wp\/v2\/posts\/13080","targetHints":{"allow":["GET"]}}],"collection":[{"href":"https:\/\/ismfrance.org\/index.php\/wp-json\/wp\/v2\/posts"}],"about":[{"href":"https:\/\/ismfrance.org\/index.php\/wp-json\/wp\/v2\/types\/post"}],"author":[{"embeddable":true,"href":"https:\/\/ismfrance.org\/index.php\/wp-json\/wp\/v2\/users\/3"}],"replies":[{"embeddable":true,"href":"https:\/\/ismfrance.org\/index.php\/wp-json\/wp\/v2\/comments?post=13080"}],"version-history":[{"count":0,"href":"https:\/\/ismfrance.org\/index.php\/wp-json\/wp\/v2\/posts\/13080\/revisions"}],"wp:featuredmedia":[{"embeddable":true,"href":"https:\/\/ismfrance.org\/index.php\/wp-json\/wp\/v2\/media\/13081"}],"wp:attachment":[{"href":"https:\/\/ismfrance.org\/index.php\/wp-json\/wp\/v2\/media?parent=13080"}],"wp:term":[{"taxonomy":"category","embeddable":true,"href":"https:\/\/ismfrance.org\/index.php\/wp-json\/wp\/v2\/categories?post=13080"},{"taxonomy":"post_tag","embeddable":true,"href":"https:\/\/ismfrance.org\/index.php\/wp-json\/wp\/v2\/tags?post=13080"}],"curies":[{"name":"wp","href":"https:\/\/api.w.org\/{rel}","templated":true}]}}