{"id":12990,"date":"2024-07-05T21:09:40","date_gmt":"2024-07-05T19:09:40","guid":{"rendered":"https:\/\/ismfrance.org\/?p=12990"},"modified":"2024-07-06T12:29:10","modified_gmt":"2024-07-06T10:29:10","slug":"expansion-des-colonies-genocide-et-paradigme-a-deux-etats","status":"publish","type":"post","link":"https:\/\/ismfrance.org\/index.php\/2024\/07\/05\/expansion-des-colonies-genocide-et-paradigme-a-deux-etats\/","title":{"rendered":"Expansion des colonies, g\u00e9nocide et paradigme \u00e0 deux \u00c9tats"},"content":{"rendered":"<p><span style=\"color: #000000;\"><span style=\"font-family: Verdana, sans-serif;\"><span style=\"font-size: medium;\"><strong>Ramona Wadi, 4 juillet 2024<\/strong>. Alors que le lent g\u00e9nocide se poursuit en Cisjordanie occup\u00e9e avec l&rsquo;approbation de l&rsquo;Occident, le ministre isra\u00e9lien des Finances, Bezalel Smotrich, a <a href=\"https:\/\/www.jpost.com\/israel-news\/article-808770\">d\u00e9crit\u00a0<\/a>l\u2019adoption par le r\u00e9gime sioniste de 5.300 nouvelles unit\u00e9s de colonisation comme \u00ab contrecarrant le danger d\u2019un \u00c9tat palestinien \u00bb. Dans le m\u00eame temps, <a href=\"https:\/\/www.aa.com.tr\/en\/middle-east\/israeli-cabinet-approves-plan-to-legalize-5-settlements-in-west-bank\/3260751\">selon<\/a> Smotrich, la l\u00e9gitimation de cinq avant-postes de colonies est une mesure de repr\u00e9sailles contre les cinq pays \u2013 l&rsquo;Espagne, la Slov\u00e9nie, l&rsquo;Irlande, l&rsquo;Arm\u00e9nie et la Norv\u00e8ge \u2013 qui ont r\u00e9cemment reconnu un \u00c9tat palestinien. Isra\u00ebl fait de la politique comme un gamin chamailleur, mais avec des r\u00e9percussions mortelles.<\/span><\/span><\/span><\/p>\n<p><div id=\"attachment_12992\" style=\"width: 610px\" class=\"wp-caption aligncenter\"><a href=\"https:\/\/ismfrance.org\/wp-content\/uploads\/2024\/07\/efrat.webp\"><img loading=\"lazy\" decoding=\"async\" aria-describedby=\"caption-attachment-12992\" class=\"size-large wp-image-12992\" src=\"https:\/\/ismfrance.org\/wp-content\/uploads\/2024\/07\/efrat-700x467.webp\" alt=\"\" width=\"600\" height=\"400\" srcset=\"https:\/\/ismfrance.org\/wp-content\/uploads\/2024\/07\/efrat-700x467.webp 700w, https:\/\/ismfrance.org\/wp-content\/uploads\/2024\/07\/efrat-300x200.webp 300w, https:\/\/ismfrance.org\/wp-content\/uploads\/2024\/07\/efrat-768x512.webp 768w, https:\/\/ismfrance.org\/wp-content\/uploads\/2024\/07\/efrat.webp 1200w\" sizes=\"auto, (max-width: 600px) 100vw, 600px\" \/><\/a><p id=\"caption-attachment-12992\" class=\"wp-caption-text\"><em>Une vue g\u00e9n\u00e9rale de la colonie d&rsquo;Efrat \u00e0 Bethl\u00e9em, en Cisjordanie, le 30 mars 2024. [Wisam Hashlamoun \u2013 Agence Anadolu]<\/em><\/p><\/div><span style=\"color: #000000;\"><span style=\"font-family: Verdana, sans-serif;\"><span style=\"font-size: medium;\">\u00ab Un \u00c9tat palestinien au c\u0153ur d&rsquo;Isra\u00ebl constitue un danger existentiel \u00bb, a <a href=\"https:\/\/www.jpost.com\/breaking-news\/article-808129\">d\u00e9clar\u00e9<\/a>\u00a0Smotrich. Qu\u2019en est-il du danger existentiel que repr\u00e9sente l\u2019entit\u00e9 coloniale isra\u00e9lienne au c\u0153ur de la Palestine ? Le danger vient d\u2019Isra\u00ebl et de la cr\u00e9ation d\u2019un \u00c9tat colonial dans la Palestine historique, mais la rh\u00e9torique des deux \u00c9tats prot\u00e8ge d\u00e9sormais \u00e0 la fois l\u2019expansion des colonies et le g\u00e9nocide.<\/span><\/span><\/span><\/p>\n<p class=\"western\"><span style=\"color: #000000;\"><span style=\"font-family: Verdana, sans-serif;\"><span style=\"font-size: medium;\">\u00ab\u00a0Les actions unilat\u00e9rales telles que l&rsquo;expansion des colonies et la l\u00e9galisation des avant-postes sont pr\u00e9judiciables \u00e0 une solution \u00e0 deux \u00c9tats\u00a0\u00bb, a <a href=\"https:\/\/www.jpost.com\/israel-news\/article-808770\">dit<\/a> le porte-parole adjoint du D\u00e9partement d&rsquo;\u00c9tat am\u00e9ricain, Vedant Patel. Tout comme le fait de fournir des armes \u00e0 Isra\u00ebl pour \u00e9radiquer les Palestiniens de Gaza, M. Patel, le fait de se concentrer sur l&rsquo;expansion des colonies comme seule menace normalise non seulement la rh\u00e9torique habituelle sur l&rsquo;annexion unilat\u00e9rale et <i>de facto<\/i> du territoire palestinien par Isra\u00ebl, mais normalise \u00e9galement le silence assourdissant dans votre quartier sur le g\u00e9nocide.<\/span><\/span><\/span><\/p>\n<p><span style=\"color: #000000;\"><span style=\"font-family: Verdana, sans-serif;\"><span style=\"font-size: medium;\"><i>Le paradigme des deux \u00c9tats, mort depuis longtemps, n\u2019a qu\u2019un seul r\u00f4le \u00e0 jouer, celui de prot\u00e9ger l\u2019entreprise coloniale isra\u00e9lienne.<\/i><\/span><\/span><\/span><\/p>\n<p><span style=\"color: #000000;\"><span style=\"font-family: Verdana, sans-serif;\"><span style=\"font-size: medium;\">L\u2019Autorit\u00e9 palestinienne a r\u00e9cemment gonfl\u00e9 son hyperbole en incluant les mots colons et colonisation dans ses d\u00e9clarations, mais ne fait rien pour se distinguer en condamnant r\u00e9ellement le colonialisme. Au contraire, ses d\u00e9clarations restent totalement tributaires du r\u00e9cit colonial en omettant d\u2019articuler le fait que le consensus international n\u2019est pas anticolonial. Dans son style typique, l\u2019agence de presse officielle de l\u2019Autorit\u00e9 palestinienne <\/span><\/span><\/span><span style=\"color: #000000;\"><span style=\"font-family: Verdana, sans-serif;\"><span style=\"font-size: medium;\"><i>Wafa<\/i><\/span><\/span><\/span><span style=\"color: #000000;\"><span style=\"font-family: Verdana, sans-serif;\"><span style=\"font-size: medium;\"> a <\/span><\/span><\/span><a href=\"https:\/\/english.wafa.ps\/Pages\/Details\/145385\"><span style=\"color: #000000;\"><span style=\"font-family: Verdana, sans-serif;\">d\u00e9crit<\/span><\/span><\/a><span style=\"color: #000000;\"><span style=\"font-family: Verdana, sans-serif;\"><span style=\"font-size: medium;\"> les activit\u00e9s de colonisation comme refl\u00e9tant \u00ab le m\u00e9pris officiel isra\u00e9lien pour le consensus international rejetant la colonisation comme un obstacle \u00e0 la solution \u00e0 deux \u00c9tats \u00bb.<\/span><\/span><\/span><\/p>\n<p><span style=\"color: #000000;\"><span style=\"font-family: Verdana, sans-serif;\"><span style=\"font-size: medium;\">La colonisation n\u2019est pas un obstacle au paradigme des deux \u00c9tats, elle est m\u00eame prot\u00e9g\u00e9e par celui-ci. La \u00ab solution \u00bb \u00e0 deux \u00c9tats n\u2019est pas un projet d\u00e9colonial ; cela permet \u00e0 Isra\u00ebl de conserver son caract\u00e8re colonial alors que les Palestiniens sont toujours aux prises avec une perte territoriale dans le sc\u00e9nario hypoth\u00e9tique de deux \u00c9tats.<\/span><\/span><\/span><\/p>\n<p><span style=\"color: #000000;\"><span style=\"font-family: Verdana, sans-serif;\"><span style=\"font-size: medium;\">De plus, alors que des expressions telles que \u00ab\u00a0solution \u00e0 deux \u00c9tats\u00a0\u00bb et \u00ab\u00a0consensus international\u00a0\u00bb continuent de circuler bien qu\u2019elles soient d\u00e9nu\u00e9es de sens\u00a0; l\u2019expansion des colonies en Cisjordanie occup\u00e9e et le g\u00e9nocide \u00e0 Gaza montrent \u00e0 tous les gouvernements et institutions internationales \u00e0 quel point Isra\u00ebl a rendu le droit international inutile.<\/span><\/span><\/span><\/p>\n<p><span style=\"color: #000000;\"><span style=\"font-family: Verdana, sans-serif;\"><span style=\"font-size: medium;\">Les d\u00e9placements forc\u00e9s se produisent \u00e0 Gaza et en Cisjordanie occup\u00e9e \u00e0 des rythmes variables, le plus rapide \u00e9tant \u00e0 Gaza o\u00f9 on estime que 1,9 millions de personnes ont \u00e9t\u00e9 d\u00e9plac\u00e9es de force depuis le 7 octobre. \u00ab\u00a0Nous estimons que neuf personnes sur dix dans la bande de Gaza ont \u00e9t\u00e9 d\u00e9plac\u00e9es internes au moins une fois, voire dix fois malheureusement, depuis octobre\u00a0\u00bb, a <\/span><\/span><\/span><a href=\"https:\/\/www.theguardian.com\/world\/article\/2024\/jul\/03\/about-90-of-people-in-gaza-displaced-since-war-began-says-un-agency#:~:text=Andrea%20De%20Domenico,%20head%20of,to%20be%20displaced%20in%20Gaza.\"><span style=\"color: #000000;\"><span style=\"font-family: Verdana, sans-serif;\">d\u00e9clar\u00e9<\/span><\/span><\/a><span style=\"color: #000000;\"><span style=\"font-family: Verdana, sans-serif;\"><span style=\"font-size: medium;\"> le chef du Bureau des Nations Unies pour la coordination des affaires humanitaires, Andrea de Dominique. En Cisjordanie occup\u00e9e, on <\/span><\/span><\/span><a href=\"https:\/\/www.ochaopt.org\/data\/demolition\"><span style=\"color: #000000;\"><span style=\"font-family: Verdana, sans-serif;\">estime<\/span><\/span><\/a><span style=\"color: #000000;\"><span style=\"font-family: Verdana, sans-serif;\"><span style=\"font-size: medium;\"> que 16.709 Palestiniens ont \u00e9t\u00e9 d\u00e9plac\u00e9s depuis 2009.<\/span><\/span><\/span><\/p>\n<p><span style=\"color: #000000;\"><span style=\"font-family: Verdana, sans-serif;\"><span style=\"font-size: medium;\">Et que se passera-t-il \u00e0 Gaza si Isra\u00ebl d\u00e9termine que le Hamas a \u00e9t\u00e9 an\u00e9anti ? Coloniser Gaza avec des colonies est une priorit\u00e9 pour le ministre isra\u00e9lien d\u2019extr\u00eame droite de la S\u00e9curit\u00e9 nationale, Itamar Ben Gvir. \u00ab Ce n\u2019est que par une pr\u00e9sence dense de colonies juives dans tout Gaza qu\u2019il sera possible d\u2019emp\u00eacher la poursuite des menaces terroristes et de dissuader l\u2019ennemi \u00bb, a <\/span><\/span><\/span><a href=\"https:\/\/www.timesofisrael.com\/far-right-mks-announce-formation-of-knesset-caucus-to-push-resettlement-of-gaza\/\"><span style=\"color: #000000;\"><span style=\"font-family: Verdana, sans-serif;\">annonc\u00e9<\/span><\/span><\/a><span style=\"color: #000000;\"><span style=\"font-family: Verdana, sans-serif;\"><span style=\"font-size: medium;\"> le groupe de pression de la Knesset qui milite en faveur d\u2019une r\u00e9installation coloniale dans la bande de Gaza. Seuls les partisans occidentaux d\u2019Isra\u00ebl refusent de relier les points. <\/span><\/span><\/span><\/p>\n<p><em><span style=\"color: #000000;\"><span style=\"font-family: Verdana, sans-serif;\"><span style=\"font-size: medium;\">Article original en anglais sur <a href=\"https:\/\/www.middleeastmonitor.com\/20240704-settlement-expansion-genocide-and-the-two-state-paradigm\/\">Middle East Monitor<\/a> \/ Traduction MR<\/span><\/span><\/span><\/em><\/p>\n","protected":false},"excerpt":{"rendered":"<p>Ramona Wadi, 4 juillet 2024. Alors que le lent g\u00e9nocide se poursuit en Cisjordanie occup\u00e9e avec l&rsquo;approbation de l&rsquo;Occident, le ministre isra\u00e9lien des Finances, Bezalel Smotrich, a d\u00e9crit\u00a0l\u2019adoption par le <a class=\"more-link\" href=\"https:\/\/ismfrance.org\/index.php\/2024\/07\/05\/expansion-des-colonies-genocide-et-paradigme-a-deux-etats\/\">Lire la suite &rarr;<\/a><\/p>\n","protected":false},"author":3,"featured_media":12992,"comment_status":"closed","ping_status":"closed","sticky":false,"template":"","format":"standard","meta":{"footnotes":""},"categories":[12,2],"tags":[51,158,156,45],"class_list":["post-12990","post","type-post","status-publish","format-standard","has-post-thumbnail","hentry","category-analyses","category-articles","tag-colonialisme","tag-colonialisme-de-peuplement","tag-genocide","tag-nettoyage-ethnique"],"yoast_head":"<!-- This site is optimized with the Yoast SEO plugin v27.2 - https:\/\/yoast.com\/product\/yoast-seo-wordpress\/ -->\n<title>Expansion des colonies, g\u00e9nocide et paradigme \u00e0 deux \u00c9tats - International Solidarity Movement - ISM-France<\/title>\n<meta name=\"robots\" content=\"index, follow, max-snippet:-1, max-image-preview:large, max-video-preview:-1\" \/>\n<link rel=\"canonical\" href=\"https:\/\/ismfrance.org\/index.php\/2024\/07\/05\/expansion-des-colonies-genocide-et-paradigme-a-deux-etats\/\" \/>\n<meta property=\"og:locale\" content=\"fr_FR\" \/>\n<meta property=\"og:type\" content=\"article\" \/>\n<meta property=\"og:title\" content=\"Expansion des colonies, g\u00e9nocide et paradigme \u00e0 deux \u00c9tats - International Solidarity Movement - ISM-France\" \/>\n<meta property=\"og:description\" content=\"Ramona Wadi, 4 juillet 2024. Alors que le lent g\u00e9nocide se poursuit en Cisjordanie occup\u00e9e avec l&rsquo;approbation de l&rsquo;Occident, le ministre isra\u00e9lien des Finances, Bezalel Smotrich, a d\u00e9crit\u00a0l\u2019adoption par le Lire la suite &rarr;\" \/>\n<meta property=\"og:url\" content=\"https:\/\/ismfrance.org\/index.php\/2024\/07\/05\/expansion-des-colonies-genocide-et-paradigme-a-deux-etats\/\" \/>\n<meta property=\"og:site_name\" content=\"International Solidarity Movement - ISM-France\" \/>\n<meta property=\"article:published_time\" content=\"2024-07-05T19:09:40+00:00\" \/>\n<meta property=\"article:modified_time\" content=\"2024-07-06T10:29:10+00:00\" \/>\n<meta property=\"og:image\" content=\"https:\/\/ismfrance.org\/wp-content\/uploads\/2024\/07\/efrat.webp\" \/>\n\t<meta property=\"og:image:width\" content=\"1200\" \/>\n\t<meta property=\"og:image:height\" content=\"800\" \/>\n\t<meta property=\"og:image:type\" content=\"image\/webp\" \/>\n<meta name=\"author\" content=\"mru_01\" \/>\n<meta name=\"twitter:card\" content=\"summary_large_image\" \/>\n<meta name=\"twitter:creator\" content=\"@ISMFRANCE\" \/>\n<meta name=\"twitter:site\" content=\"@ISMFRANCE\" \/>\n<meta name=\"twitter:label1\" content=\"\u00c9crit par\" \/>\n\t<meta name=\"twitter:data1\" content=\"mru_01\" \/>\n\t<meta name=\"twitter:label2\" content=\"Dur\u00e9e de lecture estim\u00e9e\" \/>\n\t<meta name=\"twitter:data2\" content=\"4 minutes\" \/>\n<script type=\"application\/ld+json\" class=\"yoast-schema-graph\">{\"@context\":\"https:\/\/schema.org\",\"@graph\":[{\"@type\":\"Article\",\"@id\":\"https:\/\/ismfrance.org\/index.php\/2024\/07\/05\/expansion-des-colonies-genocide-et-paradigme-a-deux-etats\/#article\",\"isPartOf\":{\"@id\":\"https:\/\/ismfrance.org\/index.php\/2024\/07\/05\/expansion-des-colonies-genocide-et-paradigme-a-deux-etats\/\"},\"author\":{\"name\":\"mru_01\",\"@id\":\"https:\/\/ismfrance.org\/#\/schema\/person\/3c411eb72adfaae19c0dca1f41fae01d\"},\"headline\":\"Expansion des colonies, g\u00e9nocide et paradigme \u00e0 deux \u00c9tats\",\"datePublished\":\"2024-07-05T19:09:40+00:00\",\"dateModified\":\"2024-07-06T10:29:10+00:00\",\"mainEntityOfPage\":{\"@id\":\"https:\/\/ismfrance.org\/index.php\/2024\/07\/05\/expansion-des-colonies-genocide-et-paradigme-a-deux-etats\/\"},\"wordCount\":797,\"publisher\":{\"@id\":\"https:\/\/ismfrance.org\/#organization\"},\"image\":{\"@id\":\"https:\/\/ismfrance.org\/index.php\/2024\/07\/05\/expansion-des-colonies-genocide-et-paradigme-a-deux-etats\/#primaryimage\"},\"thumbnailUrl\":\"https:\/\/ismfrance.org\/wp-content\/uploads\/2024\/07\/efrat.webp\",\"keywords\":[\"colonialisme\",\"Colonialisme de peuplement\",\"G\u00e9nocide\",\"nettoyage ethnique\"],\"articleSection\":[\"Analyses\",\"Articles\"],\"inLanguage\":\"fr-FR\"},{\"@type\":\"WebPage\",\"@id\":\"https:\/\/ismfrance.org\/index.php\/2024\/07\/05\/expansion-des-colonies-genocide-et-paradigme-a-deux-etats\/\",\"url\":\"https:\/\/ismfrance.org\/index.php\/2024\/07\/05\/expansion-des-colonies-genocide-et-paradigme-a-deux-etats\/\",\"name\":\"Expansion des colonies, g\u00e9nocide et paradigme \u00e0 deux \u00c9tats - International Solidarity Movement - ISM-France\",\"isPartOf\":{\"@id\":\"https:\/\/ismfrance.org\/#website\"},\"primaryImageOfPage\":{\"@id\":\"https:\/\/ismfrance.org\/index.php\/2024\/07\/05\/expansion-des-colonies-genocide-et-paradigme-a-deux-etats\/#primaryimage\"},\"image\":{\"@id\":\"https:\/\/ismfrance.org\/index.php\/2024\/07\/05\/expansion-des-colonies-genocide-et-paradigme-a-deux-etats\/#primaryimage\"},\"thumbnailUrl\":\"https:\/\/ismfrance.org\/wp-content\/uploads\/2024\/07\/efrat.webp\",\"datePublished\":\"2024-07-05T19:09:40+00:00\",\"dateModified\":\"2024-07-06T10:29:10+00:00\",\"breadcrumb\":{\"@id\":\"https:\/\/ismfrance.org\/index.php\/2024\/07\/05\/expansion-des-colonies-genocide-et-paradigme-a-deux-etats\/#breadcrumb\"},\"inLanguage\":\"fr-FR\",\"potentialAction\":[{\"@type\":\"ReadAction\",\"target\":[\"https:\/\/ismfrance.org\/index.php\/2024\/07\/05\/expansion-des-colonies-genocide-et-paradigme-a-deux-etats\/\"]}]},{\"@type\":\"ImageObject\",\"inLanguage\":\"fr-FR\",\"@id\":\"https:\/\/ismfrance.org\/index.php\/2024\/07\/05\/expansion-des-colonies-genocide-et-paradigme-a-deux-etats\/#primaryimage\",\"url\":\"https:\/\/ismfrance.org\/wp-content\/uploads\/2024\/07\/efrat.webp\",\"contentUrl\":\"https:\/\/ismfrance.org\/wp-content\/uploads\/2024\/07\/efrat.webp\",\"width\":1200,\"height\":800,\"caption\":\"120 \/ 5\u202f000 Une vue g\u00e9n\u00e9rale de la colonie juive d'Efrat \u00e0 Bethl\u00e9em, en Cisjordanie, le 30 mars 2024. [Wisam Hashlamoun \u2013 Agence Anadolu]\"},{\"@type\":\"BreadcrumbList\",\"@id\":\"https:\/\/ismfrance.org\/index.php\/2024\/07\/05\/expansion-des-colonies-genocide-et-paradigme-a-deux-etats\/#breadcrumb\",\"itemListElement\":[{\"@type\":\"ListItem\",\"position\":1,\"name\":\"Accueil\",\"item\":\"https:\/\/ismfrance.org\/\"},{\"@type\":\"ListItem\",\"position\":2,\"name\":\"Expansion des colonies, g\u00e9nocide et paradigme \u00e0 deux \u00c9tats\"}]},{\"@type\":\"WebSite\",\"@id\":\"https:\/\/ismfrance.org\/#website\",\"url\":\"https:\/\/ismfrance.org\/\",\"name\":\"ISM Palestine France\",\"description\":\"Soutien aux luttes de lib\u00e9ration du peuple palestinien\",\"publisher\":{\"@id\":\"https:\/\/ismfrance.org\/#organization\"},\"potentialAction\":[{\"@type\":\"SearchAction\",\"target\":{\"@type\":\"EntryPoint\",\"urlTemplate\":\"https:\/\/ismfrance.org\/?s={search_term_string}\"},\"query-input\":{\"@type\":\"PropertyValueSpecification\",\"valueRequired\":true,\"valueName\":\"search_term_string\"}}],\"inLanguage\":\"fr-FR\"},{\"@type\":\"Organization\",\"@id\":\"https:\/\/ismfrance.org\/#organization\",\"name\":\"International Solidarity Movement\",\"url\":\"https:\/\/ismfrance.org\/\",\"logo\":{\"@type\":\"ImageObject\",\"inLanguage\":\"fr-FR\",\"@id\":\"https:\/\/ismfrance.org\/#\/schema\/logo\/image\/\",\"url\":\"https:\/\/ismfrance.org\/wp-content\/uploads\/2020\/12\/00.png\",\"contentUrl\":\"https:\/\/ismfrance.org\/wp-content\/uploads\/2020\/12\/00.png\",\"width\":400,\"height\":400,\"caption\":\"International Solidarity Movement\"},\"image\":{\"@id\":\"https:\/\/ismfrance.org\/#\/schema\/logo\/image\/\"},\"sameAs\":[\"https:\/\/x.com\/ISMFRANCE\"]},{\"@type\":\"Person\",\"@id\":\"https:\/\/ismfrance.org\/#\/schema\/person\/3c411eb72adfaae19c0dca1f41fae01d\",\"name\":\"mru_01\",\"image\":{\"@type\":\"ImageObject\",\"inLanguage\":\"fr-FR\",\"@id\":\"https:\/\/secure.gravatar.com\/avatar\/3a0be343b445d2ccc79e87444a294fad2b232e90d2051d0e3cc219e1ecd6a330?s=96&d=mm&r=g\",\"url\":\"https:\/\/secure.gravatar.com\/avatar\/3a0be343b445d2ccc79e87444a294fad2b232e90d2051d0e3cc219e1ecd6a330?s=96&d=mm&r=g\",\"contentUrl\":\"https:\/\/secure.gravatar.com\/avatar\/3a0be343b445d2ccc79e87444a294fad2b232e90d2051d0e3cc219e1ecd6a330?s=96&d=mm&r=g\",\"caption\":\"mru_01\"},\"url\":\"https:\/\/ismfrance.org\/index.php\/author\/admin02\/\"}]}<\/script>\n<!-- \/ Yoast SEO plugin. -->","yoast_head_json":{"title":"Expansion des colonies, g\u00e9nocide et paradigme \u00e0 deux \u00c9tats - International Solidarity Movement - ISM-France","robots":{"index":"index","follow":"follow","max-snippet":"max-snippet:-1","max-image-preview":"max-image-preview:large","max-video-preview":"max-video-preview:-1"},"canonical":"https:\/\/ismfrance.org\/index.php\/2024\/07\/05\/expansion-des-colonies-genocide-et-paradigme-a-deux-etats\/","og_locale":"fr_FR","og_type":"article","og_title":"Expansion des colonies, g\u00e9nocide et paradigme \u00e0 deux \u00c9tats - International Solidarity Movement - ISM-France","og_description":"Ramona Wadi, 4 juillet 2024. Alors que le lent g\u00e9nocide se poursuit en Cisjordanie occup\u00e9e avec l&rsquo;approbation de l&rsquo;Occident, le ministre isra\u00e9lien des Finances, Bezalel Smotrich, a d\u00e9crit\u00a0l\u2019adoption par le Lire la suite &rarr;","og_url":"https:\/\/ismfrance.org\/index.php\/2024\/07\/05\/expansion-des-colonies-genocide-et-paradigme-a-deux-etats\/","og_site_name":"International Solidarity Movement - ISM-France","article_published_time":"2024-07-05T19:09:40+00:00","article_modified_time":"2024-07-06T10:29:10+00:00","og_image":[{"width":1200,"height":800,"url":"https:\/\/ismfrance.org\/wp-content\/uploads\/2024\/07\/efrat.webp","type":"image\/webp"}],"author":"mru_01","twitter_card":"summary_large_image","twitter_creator":"@ISMFRANCE","twitter_site":"@ISMFRANCE","twitter_misc":{"\u00c9crit par":"mru_01","Dur\u00e9e de lecture estim\u00e9e":"4 minutes"},"schema":{"@context":"https:\/\/schema.org","@graph":[{"@type":"Article","@id":"https:\/\/ismfrance.org\/index.php\/2024\/07\/05\/expansion-des-colonies-genocide-et-paradigme-a-deux-etats\/#article","isPartOf":{"@id":"https:\/\/ismfrance.org\/index.php\/2024\/07\/05\/expansion-des-colonies-genocide-et-paradigme-a-deux-etats\/"},"author":{"name":"mru_01","@id":"https:\/\/ismfrance.org\/#\/schema\/person\/3c411eb72adfaae19c0dca1f41fae01d"},"headline":"Expansion des colonies, g\u00e9nocide et paradigme \u00e0 deux \u00c9tats","datePublished":"2024-07-05T19:09:40+00:00","dateModified":"2024-07-06T10:29:10+00:00","mainEntityOfPage":{"@id":"https:\/\/ismfrance.org\/index.php\/2024\/07\/05\/expansion-des-colonies-genocide-et-paradigme-a-deux-etats\/"},"wordCount":797,"publisher":{"@id":"https:\/\/ismfrance.org\/#organization"},"image":{"@id":"https:\/\/ismfrance.org\/index.php\/2024\/07\/05\/expansion-des-colonies-genocide-et-paradigme-a-deux-etats\/#primaryimage"},"thumbnailUrl":"https:\/\/ismfrance.org\/wp-content\/uploads\/2024\/07\/efrat.webp","keywords":["colonialisme","Colonialisme de peuplement","G\u00e9nocide","nettoyage ethnique"],"articleSection":["Analyses","Articles"],"inLanguage":"fr-FR"},{"@type":"WebPage","@id":"https:\/\/ismfrance.org\/index.php\/2024\/07\/05\/expansion-des-colonies-genocide-et-paradigme-a-deux-etats\/","url":"https:\/\/ismfrance.org\/index.php\/2024\/07\/05\/expansion-des-colonies-genocide-et-paradigme-a-deux-etats\/","name":"Expansion des colonies, g\u00e9nocide et paradigme \u00e0 deux \u00c9tats - International Solidarity Movement - ISM-France","isPartOf":{"@id":"https:\/\/ismfrance.org\/#website"},"primaryImageOfPage":{"@id":"https:\/\/ismfrance.org\/index.php\/2024\/07\/05\/expansion-des-colonies-genocide-et-paradigme-a-deux-etats\/#primaryimage"},"image":{"@id":"https:\/\/ismfrance.org\/index.php\/2024\/07\/05\/expansion-des-colonies-genocide-et-paradigme-a-deux-etats\/#primaryimage"},"thumbnailUrl":"https:\/\/ismfrance.org\/wp-content\/uploads\/2024\/07\/efrat.webp","datePublished":"2024-07-05T19:09:40+00:00","dateModified":"2024-07-06T10:29:10+00:00","breadcrumb":{"@id":"https:\/\/ismfrance.org\/index.php\/2024\/07\/05\/expansion-des-colonies-genocide-et-paradigme-a-deux-etats\/#breadcrumb"},"inLanguage":"fr-FR","potentialAction":[{"@type":"ReadAction","target":["https:\/\/ismfrance.org\/index.php\/2024\/07\/05\/expansion-des-colonies-genocide-et-paradigme-a-deux-etats\/"]}]},{"@type":"ImageObject","inLanguage":"fr-FR","@id":"https:\/\/ismfrance.org\/index.php\/2024\/07\/05\/expansion-des-colonies-genocide-et-paradigme-a-deux-etats\/#primaryimage","url":"https:\/\/ismfrance.org\/wp-content\/uploads\/2024\/07\/efrat.webp","contentUrl":"https:\/\/ismfrance.org\/wp-content\/uploads\/2024\/07\/efrat.webp","width":1200,"height":800,"caption":"120 \/ 5\u202f000 Une vue g\u00e9n\u00e9rale de la colonie juive d'Efrat \u00e0 Bethl\u00e9em, en Cisjordanie, le 30 mars 2024. [Wisam Hashlamoun \u2013 Agence Anadolu]"},{"@type":"BreadcrumbList","@id":"https:\/\/ismfrance.org\/index.php\/2024\/07\/05\/expansion-des-colonies-genocide-et-paradigme-a-deux-etats\/#breadcrumb","itemListElement":[{"@type":"ListItem","position":1,"name":"Accueil","item":"https:\/\/ismfrance.org\/"},{"@type":"ListItem","position":2,"name":"Expansion des colonies, g\u00e9nocide et paradigme \u00e0 deux \u00c9tats"}]},{"@type":"WebSite","@id":"https:\/\/ismfrance.org\/#website","url":"https:\/\/ismfrance.org\/","name":"ISM Palestine France","description":"Soutien aux luttes de lib\u00e9ration du peuple palestinien","publisher":{"@id":"https:\/\/ismfrance.org\/#organization"},"potentialAction":[{"@type":"SearchAction","target":{"@type":"EntryPoint","urlTemplate":"https:\/\/ismfrance.org\/?s={search_term_string}"},"query-input":{"@type":"PropertyValueSpecification","valueRequired":true,"valueName":"search_term_string"}}],"inLanguage":"fr-FR"},{"@type":"Organization","@id":"https:\/\/ismfrance.org\/#organization","name":"International Solidarity Movement","url":"https:\/\/ismfrance.org\/","logo":{"@type":"ImageObject","inLanguage":"fr-FR","@id":"https:\/\/ismfrance.org\/#\/schema\/logo\/image\/","url":"https:\/\/ismfrance.org\/wp-content\/uploads\/2020\/12\/00.png","contentUrl":"https:\/\/ismfrance.org\/wp-content\/uploads\/2020\/12\/00.png","width":400,"height":400,"caption":"International Solidarity Movement"},"image":{"@id":"https:\/\/ismfrance.org\/#\/schema\/logo\/image\/"},"sameAs":["https:\/\/x.com\/ISMFRANCE"]},{"@type":"Person","@id":"https:\/\/ismfrance.org\/#\/schema\/person\/3c411eb72adfaae19c0dca1f41fae01d","name":"mru_01","image":{"@type":"ImageObject","inLanguage":"fr-FR","@id":"https:\/\/secure.gravatar.com\/avatar\/3a0be343b445d2ccc79e87444a294fad2b232e90d2051d0e3cc219e1ecd6a330?s=96&d=mm&r=g","url":"https:\/\/secure.gravatar.com\/avatar\/3a0be343b445d2ccc79e87444a294fad2b232e90d2051d0e3cc219e1ecd6a330?s=96&d=mm&r=g","contentUrl":"https:\/\/secure.gravatar.com\/avatar\/3a0be343b445d2ccc79e87444a294fad2b232e90d2051d0e3cc219e1ecd6a330?s=96&d=mm&r=g","caption":"mru_01"},"url":"https:\/\/ismfrance.org\/index.php\/author\/admin02\/"}]}},"_links":{"self":[{"href":"https:\/\/ismfrance.org\/index.php\/wp-json\/wp\/v2\/posts\/12990","targetHints":{"allow":["GET"]}}],"collection":[{"href":"https:\/\/ismfrance.org\/index.php\/wp-json\/wp\/v2\/posts"}],"about":[{"href":"https:\/\/ismfrance.org\/index.php\/wp-json\/wp\/v2\/types\/post"}],"author":[{"embeddable":true,"href":"https:\/\/ismfrance.org\/index.php\/wp-json\/wp\/v2\/users\/3"}],"replies":[{"embeddable":true,"href":"https:\/\/ismfrance.org\/index.php\/wp-json\/wp\/v2\/comments?post=12990"}],"version-history":[{"count":0,"href":"https:\/\/ismfrance.org\/index.php\/wp-json\/wp\/v2\/posts\/12990\/revisions"}],"wp:featuredmedia":[{"embeddable":true,"href":"https:\/\/ismfrance.org\/index.php\/wp-json\/wp\/v2\/media\/12992"}],"wp:attachment":[{"href":"https:\/\/ismfrance.org\/index.php\/wp-json\/wp\/v2\/media?parent=12990"}],"wp:term":[{"taxonomy":"category","embeddable":true,"href":"https:\/\/ismfrance.org\/index.php\/wp-json\/wp\/v2\/categories?post=12990"},{"taxonomy":"post_tag","embeddable":true,"href":"https:\/\/ismfrance.org\/index.php\/wp-json\/wp\/v2\/tags?post=12990"}],"curies":[{"name":"wp","href":"https:\/\/api.w.org\/{rel}","templated":true}]}}