{"id":1256,"date":"2021-11-22T17:29:31","date_gmt":"2021-11-22T16:29:31","guid":{"rendered":"https:\/\/ismfrance.org\/?p=1256"},"modified":"2021-11-22T17:34:03","modified_gmt":"2021-11-22T16:34:03","slug":"israel-palestine-la-metaphore-des-victimes-des-victimes-ne-sert-personne","status":"publish","type":"post","link":"https:\/\/ismfrance.org\/index.php\/2021\/11\/22\/israel-palestine-la-metaphore-des-victimes-des-victimes-ne-sert-personne\/","title":{"rendered":"Isra\u00ebl-Palestine : La m\u00e9taphore des \u00ab\u00a0victimes des victimes\u00a0\u00bb ne sert personne"},"content":{"rendered":"<p><strong>Omar Khalifah, 21 novembre 2021. <\/strong>Au lendemain de l&rsquo;invasion du Liban par Isra\u00ebl en 1982, alors que les combattants palestiniens \u00e9taient contraints d&rsquo;\u00e9vacuer Beyrouth, le po\u00e8te palestinien Mahmoud Darwish a pris la plume. Dans le po\u00e8me d\u00e9chirant \u00ab\u00a0Madih al-Zil al-Ali\u00a0\u00bb (Louange \u00e0 l&rsquo;ombre \u00e9lev\u00e9e), il d\u00e9crit le soldat isra\u00e9lien comme \u00ab\u00a0<em>une victime qui a tu\u00e9 sa propre victime ; j&rsquo;ai h\u00e9rit\u00e9 de son identit\u00e9<\/em>\u00ab\u00a0.<\/p>\n<p><img loading=\"lazy\" decoding=\"async\" class=\"aligncenter size-full wp-image-1257\" src=\"https:\/\/ismfrance.org\/wp-content\/uploads\/2021\/11\/victim.jpg\" alt=\"\" width=\"1029\" height=\"644\" srcset=\"https:\/\/ismfrance.org\/wp-content\/uploads\/2021\/11\/victim.jpg 1029w, https:\/\/ismfrance.org\/wp-content\/uploads\/2021\/11\/victim-300x188.jpg 300w, https:\/\/ismfrance.org\/wp-content\/uploads\/2021\/11\/victim-700x438.jpg 700w, https:\/\/ismfrance.org\/wp-content\/uploads\/2021\/11\/victim-768x481.jpg 768w, https:\/\/ismfrance.org\/wp-content\/uploads\/2021\/11\/victim-750x470.jpg 750w, https:\/\/ismfrance.org\/wp-content\/uploads\/2021\/11\/victim-640x401.jpg 640w\" sizes=\"auto, (max-width: 1029px) 100vw, 1029px\" \/><\/p>\n<p>Deux d\u00e9cennies plus tard, pendant la seconde Intifada, Darwish revient \u00e0 la m\u00e9taphore dans \u00ab\u00a0Halat Hisar\u00a0\u00bb (\u00c9tat de si\u00e8ge) : \u00ab\u00a0<em>\u00c0 un tueur : si tu avais regard\u00e9 le visage de ta victime et r\u00e9fl\u00e9chi attentivement, tu te serais peut-\u00eatre souvenu de ta m\u00e8re dans la chambre \u00e0 gaz, et tu te serais lib\u00e9r\u00e9 des pr\u00e9jug\u00e9s du fusil, et tu aurais chang\u00e9 d&rsquo;avis. Allons, ce n&rsquo;est pas une fa\u00e7on de restaurer une identit\u00e9<\/em>.\u00a0\u00bb<\/p>\n<p>Darwish ne fut pas le seul \u00e0 utiliser cette notion de Palestiniens \u00ab\u00a0<em>victimes de victimes<\/em>\u00ab\u00a0. Au cours des derni\u00e8res d\u00e9cennies, d&rsquo;autres intellectuels palestiniens, en particulier Edward Said, l&rsquo;ont utilis\u00e9e \u00e0 plusieurs reprises pour tenter de saisir l&rsquo;essence de la lutte des Palestiniens contre Isra\u00ebl. Pourtant, aussi puissante qu&rsquo;elle puisse \u00eatre, cette m\u00e9taphore est fausse &#8211; et son utilisation fr\u00e9quente, tant chez les Palestiniens que chez les non-Palestiniens, est profond\u00e9ment troublante \u00e0 plusieurs \u00e9gards.<\/p>\n<p>Comme le veut la comparaison, les juifs ayant \u00e9t\u00e9 victimes des nazis pendant l&rsquo;Holocauste et pers\u00e9cut\u00e9s dans toute l&rsquo;Europe pendant des si\u00e8cles avant cela, les Palestiniens sont maintenant les victimes. Dans une trag\u00e9die poignante, leurs bourreaux juifs \u00e9taient eux-m\u00eames r\u00e9cemment des victimes.<\/p>\n<p>L&rsquo;id\u00e9e qui sous-tend cette imagerie est noble, puisqu&rsquo;elle cherche \u00e0 compatir avec les juifs isra\u00e9liens et \u00e0 reconna\u00eetre leur douleur. Pourtant, elle \u00e9tablit un lien direct, sinon causal, entre l&rsquo;Holocauste et Isra\u00ebl, tout en ignorant l&rsquo;histoire du projet sioniste, qui a d\u00e9but\u00e9 \u00e0 la fin du 19e si\u00e8cle &#8211; bien avant le g\u00e9nocide des juifs d&rsquo;Europe.<\/p>\n<p>Certes, certains survivants de l&rsquo;Holocauste se sont install\u00e9s en Palestine apr\u00e8s la Seconde Guerre mondiale. Mais cela ne signifie pas que tous les sionistes vivant en Isra\u00ebl ont surv\u00e9cu \u00e0 l&rsquo;Holocauste et ont donc \u00e9t\u00e9 des victimes.<\/p>\n<p>Les p\u00e8res fondateurs d&rsquo;Isra\u00ebl ne vivaient pas en Europe pendant l&rsquo;Holocauste ; la plupart n&rsquo;y vivaient m\u00eame pas lorsque Hitler a pris le pouvoir en Allemagne en 1933. Alors que les juifs d&rsquo;Europe vivaient les horreurs du nazisme, un groupe de sionistes d\u00e9j\u00e0 install\u00e9s en Palestine s&rsquo;engageait dans un processus de colonisation de la terre, qui a culmin\u00e9 avec la Nakba de 1948.<\/p>\n<p>La m\u00e9taphore, cependant, donne l&rsquo;impression que tous les Isra\u00e9liens ont \u00e9t\u00e9 victimes de l&rsquo;Holocauste.<\/p>\n<p><strong>Perception du statut de victime<\/strong><\/p>\n<p>Comment \u00e9tait-il possible que Darwish, un Palestinien, consid\u00e8re les soldats de la puissante arm\u00e9e isra\u00e9lienne qui a d\u00e9truit Beyrouth comme des victimes ? La r\u00e9ponse pourrait r\u00e9sider dans ce qui semble \u00eatre la vision erron\u00e9e, bien que puissante, que le po\u00e8te a de tous les juifs comme des victimes par nature.<\/p>\n<p>D\u00e9crire les Palestiniens comme des victimes de victimes, c&rsquo;est r\u00e9duire les juifs &#8211; du simple fait qu&rsquo;ils sont juifs &#8211; au r\u00f4le de victime. Elle homog\u00e9n\u00e9ise un groupe ethnique et religieux par ailleurs h\u00e9t\u00e9rog\u00e8ne, en ignorant leurs exp\u00e9riences historiques tr\u00e8s divergentes. Si ce point de vue se fonde sur une compr\u00e9hension humaine des trag\u00e9dies juives et implique un rejet des pr\u00e9jug\u00e9s antis\u00e9mites &#8211; ce qui est sans \u00e9quivoque la bonne attitude &#8211; il risque \u00e9galement de st\u00e9r\u00e9otyper les juifs comme poss\u00e9dant des traits exceptionnels propres \u00e0 eux seuls.<\/p>\n<p>Les juifs ne sont pas monolithiques. Comme tout groupe religieux ou ethnique, ils peuvent \u00eatre victimes ou coupables, oppresseurs ou opprim\u00e9s, pers\u00e9cuteurs ou pers\u00e9cut\u00e9s. Les Palestiniens devraient certainement \u00e9prouver de l&#8217;empathie pour les victimes juives, ou de tout autre groupe, de trag\u00e9dies pass\u00e9es. Mais cette empathie ne doit pas se traduire par une g\u00e9n\u00e9ralisation dans laquelle \u00eatre juif devient synonyme de victimisation.<\/p>\n<p>M\u00eame du point de vue des juifs, cela ne leur rend pas justice en tant que peuple. Comme l&rsquo;a affirm\u00e9 la philosophe juive Hannah Arendt, l&rsquo;insistance sur le caract\u00e8re \u00e9ternel et immuable de la victimisation juive ne permet pas de reconna\u00eetre les juifs comme des agents actifs de l&rsquo;histoire. Pourtant, Isra\u00ebl a toujours cherch\u00e9 \u00e0 perp\u00e9tuer l&rsquo;image d&rsquo;un \u00c9tat victime et vuln\u00e9rable. Il est vraiment \u00e9tonnant de voir les membres d&rsquo;une population pers\u00e9cut\u00e9e par cet \u00c9tat faire \u00e9cho \u00e0 cette image.<\/p>\n<p><strong>Le projet sioniste<\/strong><\/p>\n<p>Le statut de victime est une cat\u00e9gorie historique et politique. Il ne s&rsquo;agit pas d&rsquo;un droit que l&rsquo;on acquiert en vertu de son appartenance \u00e0 un groupe dont certains membres ont \u00e9t\u00e9 victimes. Les victimes juives de l&rsquo;Holocauste ne peuvent \u00eatre traduites de mani\u00e8re synonyme en victimes juives en Isra\u00ebl. Il s&rsquo;agit de deux contextes historiques divergents, dont il faut toujours respecter les diff\u00e9rences.<\/p>\n<p>Ironiquement, s&rsquo;approprier le r\u00f4le et la voix de la victime par procuration &#8211; uniquement en raison de son appartenance ethnique et religieuse &#8211; peut en fait nuire \u00e0 ceux qui ont \u00e9t\u00e9 les v\u00e9ritables victimes, en effa\u00e7ant leur souffrance sp\u00e9cifique et historique.<\/p>\n<p>Il existe donc des raisons imp\u00e9rieuses de ne pas consid\u00e9rer tous les juifs comme des victimes. L&rsquo;une des plus s\u00e9rieuses a trait \u00e0 l&rsquo;une des pierres angulaires du projet sioniste, qui vise \u00e0 associer les sionistes aux juifs. Lorsque tous les juifs sont consid\u00e9r\u00e9s comme des victimes par nature, et si tous les sionistes isra\u00e9liens sont des juifs, la conclusion est que tous les sionistes isra\u00e9liens sont \u00e9galement des victimes. Il est donc essentiel de faire la diff\u00e9rence entre les deux, car cette conclusion est fausse. Sionistes et juifs ne sont pas interchangeables.<\/p>\n<p>En effet, comme l&rsquo;a soulign\u00e9 la chercheuse am\u00e9ricaine Judith Butler, l&rsquo;opposition juive au sionisme a accompagn\u00e9 la naissance du mouvement \u00e0 la fin du XIXe si\u00e8cle. Le sionisme est un mouvement nationaliste dont l&rsquo;identit\u00e9 est multicouche et ne peut \u00eatre r\u00e9duite \u00e0 la jud\u00e9it\u00e9.<\/p>\n<p>En employant la m\u00e9taphore des \u00ab\u00a0<em>victimes de victimes<\/em>\u00ab\u00a0, Darwish semble avoir fait des soldats isra\u00e9liens auxquels il fait r\u00e9f\u00e9rence des juifs par-dessus tout, plut\u00f4t que les sionistes qu&rsquo;ils \u00e9taient en r\u00e9alit\u00e9. Le fait qu&rsquo;il n&rsquo;ait pas fait cette distinction sugg\u00e8re que lui, comme d&rsquo;autres Palestiniens qui se qualifient de victimes de victimes, pourrait avoir consenti par inadvertance au discours sioniste qui consid\u00e8re que le sionisme parle au nom de l&rsquo;ensemble de la population juive du monde, n\u00e9gligeant le fait qu&rsquo;il existe des juifs dans le monde qui ne se d\u00e9finissent pas comme sionistes. Cela pourrait \u00e9galement r\u00e9v\u00e9ler une internalisation involontaire de la revendication de victimisation sioniste.<\/p>\n<p><strong>Mouvement colonial<\/strong><\/p>\n<p>Pour r\u00e9sister \u00e0 une telle logique, il faut s&rsquo;abstenir de traiter les sionistes comme des synonymes de juifs. Ce n&rsquo;est qu&rsquo;alors que nous pourrons consid\u00e9rer le sionisme pour ce qu&rsquo;il est r\u00e9ellement &#8211; un mouvement colonial &#8211; et d\u00e9montrer que la lutte palestinienne contre le sionisme n&rsquo;a rien \u00e0 voir avec le fait que les sionistes soient juifs, et tout \u00e0 voir avec le fait qu&rsquo;ils soient colonialistes. Le conflit des Palestiniens est avec les sionistes, pas avec les juifs.<\/p>\n<p>Le fait de pr\u00e9senter le conflit comme un conflit entre des victimes (les juifs) et leurs victimes (les Palestiniens) banalise sa nature coloniale, le transformant d&rsquo;un cas de colonisateurs europ\u00e9ens contre des indig\u00e8nes en un conflit entre deux groupes de victimes pour le m\u00eame territoire. Elle place les sionistes, par leur fausse \u00e9quivalence avec les juifs, et les Palestiniens dans la m\u00eame cat\u00e9gorie, en faisant appel aux similitudes entre les deux plut\u00f4t que de reconna\u00eetre les diff\u00e9rences flagrantes.<\/p>\n<p>Les sionistes isra\u00e9liens sont juifs, c&rsquo;est une \u00e9vidence. Mais ils sont aussi des colonisateurs, et leur existence dans la Palestine historique ne peut \u00eatre r\u00e9duite \u00e0 leur identit\u00e9 juive.<\/p>\n<p>Les Palestiniens ne sont pas victimes de victimes. Ils sont victimes des colonialistes europ\u00e9ens qui ont d\u00e9truit leurs communaut\u00e9s, vol\u00e9 leurs terres et expuls\u00e9 de force un grand nombre d&rsquo;entre eux de Palestine. Les paramilitaires sionistes, tels que l&rsquo;Irgoun et la Haganah, qui ont particip\u00e9 au nettoyage ethnique de la Palestine, n&rsquo;\u00e9taient pas des victimes. L&rsquo;ancien Premier ministre isra\u00e9lien David Ben-Gourion et ses semblables non plus.<\/p>\n<p>Affirmer que ces colonialistes \u00e9taient des victimes, c&rsquo;est abolir la distinction entre les victimes et les auteurs, et c&rsquo;est faire affront \u00e0 la souffrance des Palestiniens aux mains d&rsquo;Isra\u00ebl. Si les Palestiniens ont besoin de raconter leur trag\u00e9die au moyen de certaines m\u00e9taphores, celle de \u00ab\u00a0<em>victimes de victimes<\/em>\u00a0\u00bb n&rsquo;est certainement pas correcte, pertinente ou morale.<\/p>\n<p><em>Article original en anglais sur <a href=\"https:\/\/www.middleeasteye.net\/opinion\/israel-palestine-victims-victims-metaphor-serves-no-one\">Middle East Eye<\/a> \/ Traduction MR<\/em><\/p>\n<p>[writers slug=omar-khalifah]<\/p>\n<p>&nbsp;<\/p>\n","protected":false},"excerpt":{"rendered":"<p>Omar Khalifah, 21 novembre 2021. Au lendemain de l&rsquo;invasion du Liban par Isra\u00ebl en 1982, alors que les combattants palestiniens \u00e9taient contraints d&rsquo;\u00e9vacuer Beyrouth, le po\u00e8te palestinien Mahmoud Darwish a <a class=\"more-link\" href=\"https:\/\/ismfrance.org\/index.php\/2021\/11\/22\/israel-palestine-la-metaphore-des-victimes-des-victimes-ne-sert-personne\/\">Lire la suite &rarr;<\/a><\/p>\n","protected":false},"author":3,"featured_media":1257,"comment_status":"closed","ping_status":"closed","sticky":false,"template":"","format":"standard","meta":{"footnotes":""},"categories":[12,2],"tags":[58,74],"class_list":["post-1256","post","type-post","status-publish","format-standard","has-post-thumbnail","hentry","category-analyses","category-articles","tag-histoire","tag-sionisme"],"yoast_head":"<!-- This site is optimized with the Yoast SEO plugin v27.2 - https:\/\/yoast.com\/product\/yoast-seo-wordpress\/ -->\n<title>Isra\u00ebl-Palestine : La m\u00e9taphore des &quot;victimes des victimes&quot; ne sert personne - International Solidarity Movement - ISM-France<\/title>\n<meta name=\"robots\" content=\"index, follow, max-snippet:-1, max-image-preview:large, max-video-preview:-1\" \/>\n<link rel=\"canonical\" href=\"https:\/\/ismfrance.org\/index.php\/2021\/11\/22\/israel-palestine-la-metaphore-des-victimes-des-victimes-ne-sert-personne\/\" \/>\n<meta property=\"og:locale\" content=\"fr_FR\" \/>\n<meta property=\"og:type\" content=\"article\" \/>\n<meta property=\"og:title\" content=\"Isra\u00ebl-Palestine : La m\u00e9taphore des &quot;victimes des victimes&quot; ne sert personne - International Solidarity Movement - ISM-France\" \/>\n<meta property=\"og:description\" content=\"Omar Khalifah, 21 novembre 2021. Au lendemain de l&rsquo;invasion du Liban par Isra\u00ebl en 1982, alors que les combattants palestiniens \u00e9taient contraints d&rsquo;\u00e9vacuer Beyrouth, le po\u00e8te palestinien Mahmoud Darwish a Lire la suite &rarr;\" \/>\n<meta property=\"og:url\" content=\"https:\/\/ismfrance.org\/index.php\/2021\/11\/22\/israel-palestine-la-metaphore-des-victimes-des-victimes-ne-sert-personne\/\" \/>\n<meta property=\"og:site_name\" content=\"International Solidarity Movement - ISM-France\" \/>\n<meta property=\"article:published_time\" content=\"2021-11-22T16:29:31+00:00\" \/>\n<meta property=\"article:modified_time\" content=\"2021-11-22T16:34:03+00:00\" \/>\n<meta property=\"og:image\" content=\"https:\/\/ismfrance.org\/wp-content\/uploads\/2021\/11\/victim.jpg\" \/>\n\t<meta property=\"og:image:width\" content=\"1029\" \/>\n\t<meta property=\"og:image:height\" content=\"644\" \/>\n\t<meta property=\"og:image:type\" content=\"image\/jpeg\" \/>\n<meta name=\"author\" content=\"mru_01\" \/>\n<meta name=\"twitter:card\" content=\"summary_large_image\" \/>\n<meta name=\"twitter:creator\" content=\"@ISMFRANCE\" \/>\n<meta name=\"twitter:site\" content=\"@ISMFRANCE\" \/>\n<meta name=\"twitter:label1\" content=\"\u00c9crit par\" \/>\n\t<meta name=\"twitter:data1\" content=\"mru_01\" \/>\n\t<meta name=\"twitter:label2\" content=\"Dur\u00e9e de lecture estim\u00e9e\" \/>\n\t<meta name=\"twitter:data2\" content=\"7 minutes\" \/>\n<script type=\"application\/ld+json\" class=\"yoast-schema-graph\">{\"@context\":\"https:\/\/schema.org\",\"@graph\":[{\"@type\":\"Article\",\"@id\":\"https:\/\/ismfrance.org\/index.php\/2021\/11\/22\/israel-palestine-la-metaphore-des-victimes-des-victimes-ne-sert-personne\/#article\",\"isPartOf\":{\"@id\":\"https:\/\/ismfrance.org\/index.php\/2021\/11\/22\/israel-palestine-la-metaphore-des-victimes-des-victimes-ne-sert-personne\/\"},\"author\":{\"name\":\"mru_01\",\"@id\":\"https:\/\/ismfrance.org\/#\/schema\/person\/3c411eb72adfaae19c0dca1f41fae01d\"},\"headline\":\"Isra\u00ebl-Palestine : La m\u00e9taphore des \u00ab\u00a0victimes des victimes\u00a0\u00bb ne sert personne\",\"datePublished\":\"2021-11-22T16:29:31+00:00\",\"dateModified\":\"2021-11-22T16:34:03+00:00\",\"mainEntityOfPage\":{\"@id\":\"https:\/\/ismfrance.org\/index.php\/2021\/11\/22\/israel-palestine-la-metaphore-des-victimes-des-victimes-ne-sert-personne\/\"},\"wordCount\":1576,\"publisher\":{\"@id\":\"https:\/\/ismfrance.org\/#organization\"},\"image\":{\"@id\":\"https:\/\/ismfrance.org\/index.php\/2021\/11\/22\/israel-palestine-la-metaphore-des-victimes-des-victimes-ne-sert-personne\/#primaryimage\"},\"thumbnailUrl\":\"https:\/\/ismfrance.org\/wp-content\/uploads\/2021\/11\/victim.jpg\",\"keywords\":[\"Histoire\",\"Sionisme\"],\"articleSection\":[\"Analyses\",\"Articles\"],\"inLanguage\":\"fr-FR\"},{\"@type\":\"WebPage\",\"@id\":\"https:\/\/ismfrance.org\/index.php\/2021\/11\/22\/israel-palestine-la-metaphore-des-victimes-des-victimes-ne-sert-personne\/\",\"url\":\"https:\/\/ismfrance.org\/index.php\/2021\/11\/22\/israel-palestine-la-metaphore-des-victimes-des-victimes-ne-sert-personne\/\",\"name\":\"Isra\u00ebl-Palestine : La m\u00e9taphore des \\\"victimes des victimes\\\" ne sert personne - International Solidarity Movement - ISM-France\",\"isPartOf\":{\"@id\":\"https:\/\/ismfrance.org\/#website\"},\"primaryImageOfPage\":{\"@id\":\"https:\/\/ismfrance.org\/index.php\/2021\/11\/22\/israel-palestine-la-metaphore-des-victimes-des-victimes-ne-sert-personne\/#primaryimage\"},\"image\":{\"@id\":\"https:\/\/ismfrance.org\/index.php\/2021\/11\/22\/israel-palestine-la-metaphore-des-victimes-des-victimes-ne-sert-personne\/#primaryimage\"},\"thumbnailUrl\":\"https:\/\/ismfrance.org\/wp-content\/uploads\/2021\/11\/victim.jpg\",\"datePublished\":\"2021-11-22T16:29:31+00:00\",\"dateModified\":\"2021-11-22T16:34:03+00:00\",\"breadcrumb\":{\"@id\":\"https:\/\/ismfrance.org\/index.php\/2021\/11\/22\/israel-palestine-la-metaphore-des-victimes-des-victimes-ne-sert-personne\/#breadcrumb\"},\"inLanguage\":\"fr-FR\",\"potentialAction\":[{\"@type\":\"ReadAction\",\"target\":[\"https:\/\/ismfrance.org\/index.php\/2021\/11\/22\/israel-palestine-la-metaphore-des-victimes-des-victimes-ne-sert-personne\/\"]}]},{\"@type\":\"ImageObject\",\"inLanguage\":\"fr-FR\",\"@id\":\"https:\/\/ismfrance.org\/index.php\/2021\/11\/22\/israel-palestine-la-metaphore-des-victimes-des-victimes-ne-sert-personne\/#primaryimage\",\"url\":\"https:\/\/ismfrance.org\/wp-content\/uploads\/2021\/11\/victim.jpg\",\"contentUrl\":\"https:\/\/ismfrance.org\/wp-content\/uploads\/2021\/11\/victim.jpg\",\"width\":1029,\"height\":644},{\"@type\":\"BreadcrumbList\",\"@id\":\"https:\/\/ismfrance.org\/index.php\/2021\/11\/22\/israel-palestine-la-metaphore-des-victimes-des-victimes-ne-sert-personne\/#breadcrumb\",\"itemListElement\":[{\"@type\":\"ListItem\",\"position\":1,\"name\":\"Accueil\",\"item\":\"https:\/\/ismfrance.org\/\"},{\"@type\":\"ListItem\",\"position\":2,\"name\":\"Isra\u00ebl-Palestine : La m\u00e9taphore des &#8220;victimes des victimes&#8221; ne sert personne\"}]},{\"@type\":\"WebSite\",\"@id\":\"https:\/\/ismfrance.org\/#website\",\"url\":\"https:\/\/ismfrance.org\/\",\"name\":\"ISM Palestine France\",\"description\":\"Soutien aux luttes de lib\u00e9ration du peuple palestinien\",\"publisher\":{\"@id\":\"https:\/\/ismfrance.org\/#organization\"},\"potentialAction\":[{\"@type\":\"SearchAction\",\"target\":{\"@type\":\"EntryPoint\",\"urlTemplate\":\"https:\/\/ismfrance.org\/?s={search_term_string}\"},\"query-input\":{\"@type\":\"PropertyValueSpecification\",\"valueRequired\":true,\"valueName\":\"search_term_string\"}}],\"inLanguage\":\"fr-FR\"},{\"@type\":\"Organization\",\"@id\":\"https:\/\/ismfrance.org\/#organization\",\"name\":\"International Solidarity Movement\",\"url\":\"https:\/\/ismfrance.org\/\",\"logo\":{\"@type\":\"ImageObject\",\"inLanguage\":\"fr-FR\",\"@id\":\"https:\/\/ismfrance.org\/#\/schema\/logo\/image\/\",\"url\":\"https:\/\/ismfrance.org\/wp-content\/uploads\/2020\/12\/00.png\",\"contentUrl\":\"https:\/\/ismfrance.org\/wp-content\/uploads\/2020\/12\/00.png\",\"width\":400,\"height\":400,\"caption\":\"International Solidarity Movement\"},\"image\":{\"@id\":\"https:\/\/ismfrance.org\/#\/schema\/logo\/image\/\"},\"sameAs\":[\"https:\/\/x.com\/ISMFRANCE\"]},{\"@type\":\"Person\",\"@id\":\"https:\/\/ismfrance.org\/#\/schema\/person\/3c411eb72adfaae19c0dca1f41fae01d\",\"name\":\"mru_01\",\"image\":{\"@type\":\"ImageObject\",\"inLanguage\":\"fr-FR\",\"@id\":\"https:\/\/secure.gravatar.com\/avatar\/3a0be343b445d2ccc79e87444a294fad2b232e90d2051d0e3cc219e1ecd6a330?s=96&d=mm&r=g\",\"url\":\"https:\/\/secure.gravatar.com\/avatar\/3a0be343b445d2ccc79e87444a294fad2b232e90d2051d0e3cc219e1ecd6a330?s=96&d=mm&r=g\",\"contentUrl\":\"https:\/\/secure.gravatar.com\/avatar\/3a0be343b445d2ccc79e87444a294fad2b232e90d2051d0e3cc219e1ecd6a330?s=96&d=mm&r=g\",\"caption\":\"mru_01\"},\"url\":\"https:\/\/ismfrance.org\/index.php\/author\/admin02\/\"}]}<\/script>\n<!-- \/ Yoast SEO plugin. -->","yoast_head_json":{"title":"Isra\u00ebl-Palestine : La m\u00e9taphore des \"victimes des victimes\" ne sert personne - International Solidarity Movement - ISM-France","robots":{"index":"index","follow":"follow","max-snippet":"max-snippet:-1","max-image-preview":"max-image-preview:large","max-video-preview":"max-video-preview:-1"},"canonical":"https:\/\/ismfrance.org\/index.php\/2021\/11\/22\/israel-palestine-la-metaphore-des-victimes-des-victimes-ne-sert-personne\/","og_locale":"fr_FR","og_type":"article","og_title":"Isra\u00ebl-Palestine : La m\u00e9taphore des \"victimes des victimes\" ne sert personne - International Solidarity Movement - ISM-France","og_description":"Omar Khalifah, 21 novembre 2021. Au lendemain de l&rsquo;invasion du Liban par Isra\u00ebl en 1982, alors que les combattants palestiniens \u00e9taient contraints d&rsquo;\u00e9vacuer Beyrouth, le po\u00e8te palestinien Mahmoud Darwish a Lire la suite &rarr;","og_url":"https:\/\/ismfrance.org\/index.php\/2021\/11\/22\/israel-palestine-la-metaphore-des-victimes-des-victimes-ne-sert-personne\/","og_site_name":"International Solidarity Movement - ISM-France","article_published_time":"2021-11-22T16:29:31+00:00","article_modified_time":"2021-11-22T16:34:03+00:00","og_image":[{"width":1029,"height":644,"url":"https:\/\/ismfrance.org\/wp-content\/uploads\/2021\/11\/victim.jpg","type":"image\/jpeg"}],"author":"mru_01","twitter_card":"summary_large_image","twitter_creator":"@ISMFRANCE","twitter_site":"@ISMFRANCE","twitter_misc":{"\u00c9crit par":"mru_01","Dur\u00e9e de lecture estim\u00e9e":"7 minutes"},"schema":{"@context":"https:\/\/schema.org","@graph":[{"@type":"Article","@id":"https:\/\/ismfrance.org\/index.php\/2021\/11\/22\/israel-palestine-la-metaphore-des-victimes-des-victimes-ne-sert-personne\/#article","isPartOf":{"@id":"https:\/\/ismfrance.org\/index.php\/2021\/11\/22\/israel-palestine-la-metaphore-des-victimes-des-victimes-ne-sert-personne\/"},"author":{"name":"mru_01","@id":"https:\/\/ismfrance.org\/#\/schema\/person\/3c411eb72adfaae19c0dca1f41fae01d"},"headline":"Isra\u00ebl-Palestine : La m\u00e9taphore des \u00ab\u00a0victimes des victimes\u00a0\u00bb ne sert personne","datePublished":"2021-11-22T16:29:31+00:00","dateModified":"2021-11-22T16:34:03+00:00","mainEntityOfPage":{"@id":"https:\/\/ismfrance.org\/index.php\/2021\/11\/22\/israel-palestine-la-metaphore-des-victimes-des-victimes-ne-sert-personne\/"},"wordCount":1576,"publisher":{"@id":"https:\/\/ismfrance.org\/#organization"},"image":{"@id":"https:\/\/ismfrance.org\/index.php\/2021\/11\/22\/israel-palestine-la-metaphore-des-victimes-des-victimes-ne-sert-personne\/#primaryimage"},"thumbnailUrl":"https:\/\/ismfrance.org\/wp-content\/uploads\/2021\/11\/victim.jpg","keywords":["Histoire","Sionisme"],"articleSection":["Analyses","Articles"],"inLanguage":"fr-FR"},{"@type":"WebPage","@id":"https:\/\/ismfrance.org\/index.php\/2021\/11\/22\/israel-palestine-la-metaphore-des-victimes-des-victimes-ne-sert-personne\/","url":"https:\/\/ismfrance.org\/index.php\/2021\/11\/22\/israel-palestine-la-metaphore-des-victimes-des-victimes-ne-sert-personne\/","name":"Isra\u00ebl-Palestine : La m\u00e9taphore des \"victimes des victimes\" ne sert personne - International Solidarity Movement - ISM-France","isPartOf":{"@id":"https:\/\/ismfrance.org\/#website"},"primaryImageOfPage":{"@id":"https:\/\/ismfrance.org\/index.php\/2021\/11\/22\/israel-palestine-la-metaphore-des-victimes-des-victimes-ne-sert-personne\/#primaryimage"},"image":{"@id":"https:\/\/ismfrance.org\/index.php\/2021\/11\/22\/israel-palestine-la-metaphore-des-victimes-des-victimes-ne-sert-personne\/#primaryimage"},"thumbnailUrl":"https:\/\/ismfrance.org\/wp-content\/uploads\/2021\/11\/victim.jpg","datePublished":"2021-11-22T16:29:31+00:00","dateModified":"2021-11-22T16:34:03+00:00","breadcrumb":{"@id":"https:\/\/ismfrance.org\/index.php\/2021\/11\/22\/israel-palestine-la-metaphore-des-victimes-des-victimes-ne-sert-personne\/#breadcrumb"},"inLanguage":"fr-FR","potentialAction":[{"@type":"ReadAction","target":["https:\/\/ismfrance.org\/index.php\/2021\/11\/22\/israel-palestine-la-metaphore-des-victimes-des-victimes-ne-sert-personne\/"]}]},{"@type":"ImageObject","inLanguage":"fr-FR","@id":"https:\/\/ismfrance.org\/index.php\/2021\/11\/22\/israel-palestine-la-metaphore-des-victimes-des-victimes-ne-sert-personne\/#primaryimage","url":"https:\/\/ismfrance.org\/wp-content\/uploads\/2021\/11\/victim.jpg","contentUrl":"https:\/\/ismfrance.org\/wp-content\/uploads\/2021\/11\/victim.jpg","width":1029,"height":644},{"@type":"BreadcrumbList","@id":"https:\/\/ismfrance.org\/index.php\/2021\/11\/22\/israel-palestine-la-metaphore-des-victimes-des-victimes-ne-sert-personne\/#breadcrumb","itemListElement":[{"@type":"ListItem","position":1,"name":"Accueil","item":"https:\/\/ismfrance.org\/"},{"@type":"ListItem","position":2,"name":"Isra\u00ebl-Palestine : La m\u00e9taphore des &#8220;victimes des victimes&#8221; ne sert personne"}]},{"@type":"WebSite","@id":"https:\/\/ismfrance.org\/#website","url":"https:\/\/ismfrance.org\/","name":"ISM Palestine France","description":"Soutien aux luttes de lib\u00e9ration du peuple palestinien","publisher":{"@id":"https:\/\/ismfrance.org\/#organization"},"potentialAction":[{"@type":"SearchAction","target":{"@type":"EntryPoint","urlTemplate":"https:\/\/ismfrance.org\/?s={search_term_string}"},"query-input":{"@type":"PropertyValueSpecification","valueRequired":true,"valueName":"search_term_string"}}],"inLanguage":"fr-FR"},{"@type":"Organization","@id":"https:\/\/ismfrance.org\/#organization","name":"International Solidarity Movement","url":"https:\/\/ismfrance.org\/","logo":{"@type":"ImageObject","inLanguage":"fr-FR","@id":"https:\/\/ismfrance.org\/#\/schema\/logo\/image\/","url":"https:\/\/ismfrance.org\/wp-content\/uploads\/2020\/12\/00.png","contentUrl":"https:\/\/ismfrance.org\/wp-content\/uploads\/2020\/12\/00.png","width":400,"height":400,"caption":"International Solidarity Movement"},"image":{"@id":"https:\/\/ismfrance.org\/#\/schema\/logo\/image\/"},"sameAs":["https:\/\/x.com\/ISMFRANCE"]},{"@type":"Person","@id":"https:\/\/ismfrance.org\/#\/schema\/person\/3c411eb72adfaae19c0dca1f41fae01d","name":"mru_01","image":{"@type":"ImageObject","inLanguage":"fr-FR","@id":"https:\/\/secure.gravatar.com\/avatar\/3a0be343b445d2ccc79e87444a294fad2b232e90d2051d0e3cc219e1ecd6a330?s=96&d=mm&r=g","url":"https:\/\/secure.gravatar.com\/avatar\/3a0be343b445d2ccc79e87444a294fad2b232e90d2051d0e3cc219e1ecd6a330?s=96&d=mm&r=g","contentUrl":"https:\/\/secure.gravatar.com\/avatar\/3a0be343b445d2ccc79e87444a294fad2b232e90d2051d0e3cc219e1ecd6a330?s=96&d=mm&r=g","caption":"mru_01"},"url":"https:\/\/ismfrance.org\/index.php\/author\/admin02\/"}]}},"_links":{"self":[{"href":"https:\/\/ismfrance.org\/index.php\/wp-json\/wp\/v2\/posts\/1256","targetHints":{"allow":["GET"]}}],"collection":[{"href":"https:\/\/ismfrance.org\/index.php\/wp-json\/wp\/v2\/posts"}],"about":[{"href":"https:\/\/ismfrance.org\/index.php\/wp-json\/wp\/v2\/types\/post"}],"author":[{"embeddable":true,"href":"https:\/\/ismfrance.org\/index.php\/wp-json\/wp\/v2\/users\/3"}],"replies":[{"embeddable":true,"href":"https:\/\/ismfrance.org\/index.php\/wp-json\/wp\/v2\/comments?post=1256"}],"version-history":[{"count":0,"href":"https:\/\/ismfrance.org\/index.php\/wp-json\/wp\/v2\/posts\/1256\/revisions"}],"wp:featuredmedia":[{"embeddable":true,"href":"https:\/\/ismfrance.org\/index.php\/wp-json\/wp\/v2\/media\/1257"}],"wp:attachment":[{"href":"https:\/\/ismfrance.org\/index.php\/wp-json\/wp\/v2\/media?parent=1256"}],"wp:term":[{"taxonomy":"category","embeddable":true,"href":"https:\/\/ismfrance.org\/index.php\/wp-json\/wp\/v2\/categories?post=1256"},{"taxonomy":"post_tag","embeddable":true,"href":"https:\/\/ismfrance.org\/index.php\/wp-json\/wp\/v2\/tags?post=1256"}],"curies":[{"name":"wp","href":"https:\/\/api.w.org\/{rel}","templated":true}]}}