{"id":11420,"date":"2024-05-13T12:03:13","date_gmt":"2024-05-13T10:03:13","guid":{"rendered":"https:\/\/ismfrance.org\/?p=11420"},"modified":"2024-05-13T15:57:28","modified_gmt":"2024-05-13T13:57:28","slug":"vaincre-le-sionisme-une-responsabilite-mondiale","status":"publish","type":"post","link":"https:\/\/ismfrance.org\/index.php\/2024\/05\/13\/vaincre-le-sionisme-une-responsabilite-mondiale\/","title":{"rendered":"Vaincre le sionisme, une responsabilit\u00e9 mondiale"},"content":{"rendered":"<p><span style=\"color: #000000;\"><span style=\"font-family: Trebuchet MS, sans-serif;\"><span style=\"font-size: medium;\"><strong>Matteo Gladio, 13 mai 2024<\/strong>. Accuser les sionistes d\u2019aujourd\u2019hui d\u2019\u00eatre les nouveaux nazis n\u2019est ni injuste ni propagandiste. Le credo insens\u00e9 d\u2019Hitler faisait fr\u00e9quemment r\u00e9f\u00e9rence \u00e0 la n\u00e9cessit\u00e9 d\u2019\u00e9tablir pour l\u2019Allemagne nazie son \u00ab Lebensraum \u00bb ou son \u00ab espace vital \u00bb en Europe de l\u2019Est et en Russie. Les habitants de ces terres devaient \u00eatre soit an\u00e9antis, soit r\u00e9duits en esclavage au service du \u00ab nouvel ordre \u00bb. Le langage du sionisme contemporain et son insistance sur la n\u00e9cessit\u00e9 de cr\u00e9er \u00ab Eretz Isra\u00ebl \u00bb sur les terres arabes et musulmanes ne sont pas si diff\u00e9rents, tout comme les tactiques employ\u00e9es pour atteindre cet objectif.<\/span><\/span><\/span><\/p>\n<div id=\"attachment_11423\" style=\"width: 610px\" class=\"wp-caption alignnone\"><a href=\"https:\/\/ismfrance.org\/wp-content\/uploads\/2024\/05\/defeat.jpeg\"><img loading=\"lazy\" decoding=\"async\" aria-describedby=\"caption-attachment-11423\" class=\"wp-image-11423 size-large\" src=\"https:\/\/ismfrance.org\/wp-content\/uploads\/2024\/05\/defeat-700x591.jpeg\" alt=\"\" width=\"600\" height=\"507\" srcset=\"https:\/\/ismfrance.org\/wp-content\/uploads\/2024\/05\/defeat-700x591.jpeg 700w, https:\/\/ismfrance.org\/wp-content\/uploads\/2024\/05\/defeat-300x253.jpeg 300w, https:\/\/ismfrance.org\/wp-content\/uploads\/2024\/05\/defeat-768x648.jpeg 768w, https:\/\/ismfrance.org\/wp-content\/uploads\/2024\/05\/defeat.jpeg 1000w\" sizes=\"auto, (max-width: 600px) 100vw, 600px\" \/><\/a><p id=\"caption-attachment-11423\" class=\"wp-caption-text\"><em><strong>Illustration par Hady Dbouk pour Al-Mayadeen. La silhouette en bleu fait r\u00e9f\u00e9rence \u00e0 l&rsquo;image d&rsquo;un prisonnier palestinien, voir la vid\u00e9o de CNN ci-dessous sur les tortures pratiqu\u00e9es dans les camps isra\u00e9liens.<\/strong><\/em><\/p><\/div>\n<p><span style=\"color: #000000;\"><span style=\"font-family: Trebuchet MS, sans-serif;\"><span style=\"font-size: medium;\">Le sionisme a l\u2019intention de nier le fait que les Palestiniens existent. Tout le monde se souvient de la remarque de Golda Meir selon laquelle \u00ab les Palestiniens n\u2019existent pas \u00bb. Tout comme les Arabes peuvent faire des comparaisons entre les horreurs de l\u2019Europe occup\u00e9e par les nazis et les \u00e9v\u00e9nements d\u2019aujourd\u2019hui, les sionistes aiment capitaliser sur l\u2019exp\u00e9rience de pers\u00e9cution de la diaspora juive pour trouver une justification fallacieuse \u00e0 leurs crimes. Il ne s\u2019agit pas seulement de se venger d\u2019Auschwitz sur un peuple qui n\u2019a jamais entendu parler de cet endroit avant la Seconde Guerre mondiale. C\u2019est aussi que, selon la logique d\u2019hommes comme Begin, Sharon, Gallant, Lieberman et Netanyahu, un autre \u00ab holocauste \u00bb doit \u00eatre \u00ab emp\u00each\u00e9 \u00bb en pers\u00e9cutant les Arabes en g\u00e9n\u00e9ral, et les Palestiniens en particulier.<\/span><\/span><\/span><\/p>\n<p><span style=\"color: #000000;\"><span style=\"font-family: Trebuchet MS, sans-serif;\"><span style=\"font-size: medium;\">Bien entendu, il est possible de parler de chiffres et de dire que les \u00e9v\u00e9nements d\u2019il y a quatre-vingts ans ne peuvent \u00eatre compar\u00e9s \u00e0 ceux d\u2019aujourd\u2019hui. Mais Hitler avait alors le singulier avantage de pouvoir accomplir son terrible travail en secret. Le monde ne voulait pas croire que de tels crimes pouvaient \u00eatre commis. Le sionisme d\u2019aujourd\u2019hui doit poursuivre sa strat\u00e9gie sous les feux de la publicit\u00e9, et il est remarquable que ce credo, que l\u2019ONU \u2013 avant de se transformer en une institution molle \u2013 a eu le courage de le qualifier de raciste, n\u2019ait montr\u00e9 que peu de r\u00e9ticence ces derniers temps \u00e0 poursuivre ce qui revient \u00e0 une strat\u00e9gie g\u00e9nocidaire au vu et au su de tous. La pratique du g\u00e9nocide varie, mais l\u2019intention est la m\u00eame. Dans le cas des Palestiniens, ils sont vou\u00e9s \u00e0 la destruction depuis au moins une g\u00e9n\u00e9ration. En \u00ab Isra\u00ebl \u00bb, ils ne sont que des \u00ab Arabes \u00bb, leur identit\u00e9 leur est refus\u00e9e. Dans les ann\u00e9es 1980, \u00e0 Beyrouth, ils \u00e9taient consid\u00e9r\u00e9s comme des \u00ab terroristes \u00bb et leur patrimoine national contenu dans le Centre de Recherche Palestinien a \u00e9t\u00e9 d\u00e9truit. Le pillage et la destruction de ce centre, ainsi que de l&rsquo;ensemble des infrastructures \u00e9ducatives de Gaza aujourd&rsquo;hui, ne sont peut-\u00eatre pas comparables aux pertes humaines survenues \u00e0 Sabra et Chatila dans les ann\u00e9es 1980 ou \u00e0 Khan Younis et \u00e0 Gaza aujourd&rsquo;hui, mais ils montrent n\u00e9anmoins l&rsquo;intention d&rsquo;\u00e9liminer la trace d&rsquo;un peuple de l&rsquo;histoire, d&rsquo;an\u00e9antir toute trace de sa pr\u00e9sence pass\u00e9e, pr\u00e9sente ou future.<\/span><\/span><\/span><\/p>\n<p><strong><span style=\"color: #000000;\"><span style=\"font-family: Trebuchet MS, sans-serif;\"><span style=\"font-size: x-large;\">Une \u00e9quation facile<\/span><\/span><\/span><\/strong><\/p>\n<p><span style=\"color: #000000;\"><span style=\"font-family: Trebuchet MS, sans-serif;\"><span style=\"font-size: medium;\">On pourrait se demander comment il est possible que les sionistes humilient cent cinquante millions de musulmans et d\u2019Arabes, occupent la Palestine, expulsent son peuple, usurpent les territoires \u00e9gyptiens, jordaniens et syriens, envahissent le Liban et tuent des dizaines de milliers de personnes. Comment les sionistes peuvent-ils ignorer toutes les r\u00e9solutions de la communaut\u00e9 internationale qui condamnent leurs crimes et r\u00e9affirment le droit des Palestiniens au retour dans leur patrie ? Comment se fait-il que les sionistes puissent contraindre les dirigeants arabes \u00e0 s\u2019incliner devant eux, les uns apr\u00e8s les autres, au lieu que l\u2019inverse se produise ?<\/span><\/span><\/span><\/p>\n<p><span style=\"color: #000000;\"><span style=\"font-family: Trebuchet MS, sans-serif;\"><span style=\"font-size: medium;\">Si nous devions suivre l&rsquo;opinion d\u2019universitaires am\u00e9ricains comme John Mearsheimer, nous penserions qu\u2019un lobby majeur myst\u00e9rieusement compos\u00e9 de sionistes pousse le gouvernement am\u00e9ricain \u00e0 prendre des d\u00e9cisions en leur faveur. Nous d\u00e9couvririons que \u2013 croyez-le ou non \u2013 c\u2019est le gouvernement am\u00e9ricain qui est la victime stupide d\u2019un lobby habile, si magistralement capable de manipuler le gouvernement am\u00e9ricain, ses banques et son arm\u00e9e, et de jeter p\u00e9riodiquement son peuple et ses ressources dans un guerre apr\u00e8s l&rsquo;autre contre les masses arabes et musulmanes. Pauvre Am\u00e9rique ! Mais c&rsquo;est loin de la r\u00e9alit\u00e9. Le fait est qu\u2019\u00ab Isra\u00ebl \u00bb n\u2019a que peu d\u2019importance en comparaison du nombre, de l\u2019\u00e9quipement et des ressources des masses arabes et musulmanes, car \u00ab Isra\u00ebl \u00bb ne pourra jamais \u00e9galer leur potentiel.<\/span><\/span><\/span><\/p>\n<p><span style=\"color: #000000;\"><span style=\"font-family: Trebuchet MS, sans-serif;\"><span style=\"font-size: medium;\">Malgr\u00e9 tous les succ\u00e8s militaires qu\u2019ils ont remport\u00e9s, les d\u00e9faites subies par les Arabes \u00e9taient d\u2019origine \u00e9tatsunienne. Les troupes, les pilotes, les destroyers, les munitions, les missiles et les syst\u00e8mes \u00e9lectroniques US ont \u00e9t\u00e9 responsables du revers arabe en 1967. Ce sont eux qui ont commis des crimes g\u00e9nocidaires contre les Arabes \u00e0 Bahr Al Baqar en \u00c9gypte, en Cisjordanie, \u00e0 Sabra et Chatila au Liban, \u00e0 Khan Younis et \u00e0 Gaza-ville aujourd&rsquo;hui. Avec les armes, les avions de guerre et l\u2019artillerie am\u00e9ricains, toutes les capitales arabes ont \u00e9t\u00e9 pilonn\u00e9es, les villages ont \u00e9t\u00e9 d\u00e9truits et les maisons et les fermes ont \u00e9t\u00e9 incendi\u00e9es. Avec l\u2019aide \u00e9conomique et militaire am\u00e9ricaine, les sionistes ont envahi le Liban et d\u00e9truit sa capitale sous les yeux du monde. Avec la m\u00eame aide, ils rasent d\u00e9sormais Gaza. Avec le soutien am\u00e9ricain et le <i>veto<\/i> de l\u2019ONU, les sionistes ignorent les r\u00e9solutions de la communaut\u00e9 internationale et les mesures disciplinaires de l\u2019ONU contre \u00ab Isra\u00ebl \u00bb perdent tout leur effet. Les mains de chaque pr\u00e9sident am\u00e9ricain d\u00e9goulinent de sang. Ils n\u2019ont jamais mis un terme aux crimes du sionisme et ont pr\u00e9f\u00e9r\u00e9 envoyer des milliers d\u2019armes, d\u2019avions et de navires charg\u00e9s de munitions ; les m\u00eames munitions qui tuent et mutilent aujourd\u2019hui des personnes de tous \u00e2ges et de tous horizons \u00e0 Gaza.<\/span><\/span><\/span><\/p>\n<p><span style=\"color: #000000;\"><span style=\"font-family: Trebuchet MS, sans-serif;\"><span style=\"font-size: medium;\">La question se pose alors\u00a0: pourquoi l\u2019Am\u00e9rique soutient-elle r\u00e9solument les sionistes\u00a0? Pourquoi un tel soutien militaire, politique et \u00e9conomique am\u00e9ricain est-il fourni aux sionistes en Palestine occup\u00e9e\u00a0? Parce qu\u2019ils constituent la base avanc\u00e9e de l\u2019imp\u00e9rialisme am\u00e9ricain dans la r\u00e9gion. Le sionisme est central dans l\u2019ex\u00e9cution des plans de domination am\u00e9ricains ; c\u2019est-\u00e0-dire atteindre leurs objectifs de contr\u00f4le des destin\u00e9es et des ressources, y compris le p\u00e9trole de la r\u00e9gion arabe, tout en terrorisant et en malmenant son peuple. <\/span><\/span><\/span><\/p>\n<p><iframe loading=\"lazy\" title=\"Israeli whistleblowers detail abuse of Palestinians in shadowy detention center\" width=\"600\" height=\"338\" src=\"https:\/\/www.youtube.com\/embed\/Rh83jIwZjyY?feature=oembed\" frameborder=\"0\" allow=\"accelerometer; autoplay; clipboard-write; encrypted-media; gyroscope; picture-in-picture; web-share\" referrerpolicy=\"strict-origin-when-cross-origin\" allowfullscreen><\/iframe><\/p>\n<p><span style=\"color: #000000;\"><span style=\"font-family: Trebuchet MS, sans-serif;\"><span style=\"font-size: medium;\">Les politiques imp\u00e9rialistes am\u00e9ricaines d\u2019h\u00e9g\u00e9monie et de contr\u00f4le sur le monde se sont toujours appuy\u00e9es sur la formation et la mise en place de r\u00e9gimes fantoches et clownesques, comme ceux de l\u2019Afrique du Sud raciste, de la Jordanie et, bien s\u00fbr, des sionistes en Palestine. Par cons\u00e9quent, l\u2019accord de coop\u00e9ration strat\u00e9gique am\u00e9ricano-isra\u00e9lien r\u00e9v\u00e8le la v\u00e9ritable nature de la politique am\u00e9ricaine, qui consid\u00e8re les sionistes comme un alli\u00e9 existentiel, voire comme l\u2019un des \u00c9tats am\u00e9ricains. C\u2019est particuli\u00e8rement vrai aujourd\u2019hui depuis que les Am\u00e9ricains ont d\u00e9couvert que leur puissance dans le monde est en d\u00e9clin et que leurs militaires sont chass\u00e9s d\u2019Afrique et pris pour cible par l\u2019Axe de la R\u00e9sistance.<\/span><\/span><\/span><\/p>\n<p><strong><span style=\"color: #000000;\"><span style=\"font-family: Trebuchet MS, sans-serif;\"><span style=\"font-size: x-large;\">Une guerre contre les pauvres<\/span><\/span><\/span><\/strong><\/p>\n<p><span style=\"color: #000000;\"><span style=\"font-family: Trebuchet MS, sans-serif;\"><span style=\"font-size: medium;\">Face \u00e0 une telle r\u00e9surgence du g\u00e9nocide nazi, il existe alors une responsabilit\u00e9 mondiale de traiter et de vaincre le sionisme. Tant qu\u2019ils b\u00e9n\u00e9ficieront d\u2019un soutien, les sionistes pourront persister \u00e0 affirmer que, d\u2019une mani\u00e8re ou d\u2019une autre, le juda\u00efsme et le sionisme sont ins\u00e9parables. Le message que les gouvernements occidentaux envoient \u00e0 leurs \u00e9lecteurs est clair : ils ne sont pas \u00e0 leurs c\u00f4t\u00e9s, ils sont aux c\u00f4t\u00e9s d\u2019\u00ab Isra\u00ebl \u00bb. Ils n\u2019\u00e9coutent pas les pr\u00e9occupations des gens, ils ne leur fournissent pas d\u2019emploi, d\u2019assurance m\u00e9dicale ou les services sociaux n\u00e9cessaires pour mener une vie d\u00e9cente. Cependant, ils sont pr\u00eats \u00e0 tout pour soutenir leur entit\u00e9 coloniale et \u00e0 tuer autant de Palestiniens que n\u00e9cessaire. Soutenir le sionisme n\u2019est ni dans l\u2019int\u00e9r\u00eat du peuple am\u00e9ricain ni dans l\u2019int\u00e9r\u00eat de qui que ce soit d\u2019autre. La guerre contre le sionisme est une guerre aux c\u00f4t\u00e9s des pauvres. Chaque fois que les peuples libres du monde s\u2019opposent fermement au sionisme, ils se rendent service \u00e0 eux-m\u00eames. Une vie meilleure pour un Palestinien est une vie meilleure pour toute l\u2019humanit\u00e9. On ne peut pas \u00eatre complice de ce carnage. Nous devons nous sortir de l\u2019effondrement moral et politique que traverse l\u2019Occident, et la Palestine donne \u00e0 l\u2019humanit\u00e9 une chance d\u2019y parvenir.<\/span><\/span><\/span><\/p>\n<p><span style=\"color: #000000;\"><span style=\"font-family: Trebuchet MS, sans-serif;\"><span style=\"font-size: medium;\">Ce qui se passe en Palestine ne concerne pas seulement la lib\u00e9ration de la Palestine. Cette lutte est centrale pour l\u2019avenir de l\u2019ordre g\u00e9opolitique et de l\u2019humanit\u00e9. Il s\u2019agit certes d\u2019une bataille militaire, mais aussi d\u2019une lutte morale, id\u00e9ologique et spirituelle, et tous ceux qui se soucient de l\u2019avenir de cette plan\u00e8te, de leurs jeunes g\u00e9n\u00e9rations, ne peuvent rester les bras crois\u00e9s ou garder le silence lorsqu\u2019il s\u2019agit de la Palestine.<\/span><\/span><\/span><\/p>\n<p><span style=\"color: #000000;\"><span style=\"font-family: Trebuchet MS, sans-serif;\"><span style=\"font-size: medium;\">Quant aux masses arabes et musulmanes, il doit \u00eatre clair que c\u2019est leur survie en tant que peuples ind\u00e9pendants et libres qui est en jeu. Le sionisme n\u2019a montr\u00e9 aucune h\u00e9sitation \u00e0 porter des coups \u00e0 quiconque s\u2019\u00e9l\u00e8ve pour le d\u00e9fier. Ils tirent d\u2019abord, puis posent des questions. Ils font exploser des h\u00f4pitaux, tuent des b\u00e9b\u00e9s \u00e0 l\u2019int\u00e9rieur, et vous expliquent ensuite pourquoi ils l\u2019ont fait. Les Palestiniens, les Libanais, les Y\u00e9m\u00e9nites, les Irakiens et les Iraniens n\u2019ont pas \u00e9t\u00e9 et ne seront pas les seules victimes du sionisme. Le sionisme est un fl\u00e9au qui souille l\u2019humanit\u00e9 enti\u00e8re, et seule son \u00e9limination par la force r\u00e9tablira les conditions historiques n\u00e9cessaires au d\u00e9veloppement autonome des masses arabes et musulmanes, loin du joug de l\u2019imp\u00e9rialisme am\u00e9ricain.<\/span><\/span><\/span><\/p>\n<p><strong><span style=\"color: #000000;\"><span style=\"font-family: Trebuchet MS, sans-serif;\"><span style=\"font-size: x-large;\">Aucun moyen pacifique<\/span><\/span><\/span><\/strong><\/p>\n<p><span style=\"color: #000000;\"><span style=\"font-family: Trebuchet MS, sans-serif;\"><span style=\"font-size: medium;\">Ce qu&rsquo;il est important de comprendre pour les masses r\u00e9volutionnaires du monde, en particulier celles arabes et musulmanes qui sont directement attaqu\u00e9es par les sionistes, c&rsquo;est que la fin d&rsquo;un tel r\u00e9gime en Palestine ne peut en aucun cas \u00eatre obtenue par des moyens pacifiques, qu&rsquo;il s&rsquo;agisse d&rsquo;\u00e9changes de visites ou de d\u00e9clarations, campements, discours, conf\u00e9rences ou envoy\u00e9s am\u00e9ricains. Nous sommes \u00e9galement s\u00fbrs que les Nations Unies ou la Cour internationale de Justice ne pourront rien faire, et cela le restera aussi longtemps que le monde sera gouvern\u00e9 par les lois de la jungle imp\u00e9rialiste am\u00e9ricaine, car les racistes n&rsquo;auront pas \u00e9tabli leur pr\u00e9sence politique par de tels moyens. Les sionistes ne sont pas venus en Palestine en vertu d\u2019un accord, d\u2019un visa ou de tout autre moyen que la force, et c\u2019est seulement par la force qu\u2019ils partiront. Eux-m\u00eames ont refus\u00e9 les solutions pacifiques consistant \u00e0 leur permettre de retourner d\u2019o\u00f9 ils viennent, c\u2019est-\u00e0-dire l\u2019Europe et l\u2019Am\u00e9rique.<\/span><\/span><\/span><\/p>\n<p><span style=\"color: #000000;\"><span style=\"font-family: Trebuchet MS, sans-serif;\"><span style=\"font-size: medium;\">La fin de l\u2019entit\u00e9 sioniste n\u2019est pas impossible lorsque la lutte arm\u00e9e acquiert sa forme propre et sa vision claire selon les objectifs r\u00e9volutionnaires bien d\u00e9finis. Pour ces raisons, l\u2019enjeu est tel que les masses r\u00e9volutionnaires et les esprits libres du monde doivent \u00e0 la fois exposer le nouveau nazisme tel qu\u2019il est et mobiliser leurs forces militaires et id\u00e9ologiques pour emp\u00eacher l\u2019holocauste qui les regarde en face. Alors que ceux qui r\u00eavent se r\u00e9veillent, et laissent les Arabes emp\u00eacher leur p\u00e9trole et leur argent d\u2019atteindre les \u00c9tats-Unis. Qu\u2019ils retirent leurs ambassadeurs de Washington et leurs \u00e9normes fonds des banques et institutions financi\u00e8res am\u00e9ricaines et qu\u2019ils expulsent ou ciblent les troupes et les espions am\u00e9ricains sur le territoire arabe.<\/span><\/span><\/span><\/p>\n<p><span style=\"color: #000000;\"><span style=\"font-family: Trebuchet MS, sans-serif;\"><span style=\"font-size: medium;\">Autrement, l\u2019\u00e9quation ne sera pas difficile, car ils seront expuls\u00e9s\u2026 et c\u2019est d\u00e9j\u00e0 le cas.<\/span><\/span><\/span><\/p>\n<p><span style=\"color: #000000;\"><span style=\"font-family: Trebuchet MS, sans-serif;\"><span style=\"font-size: medium;\"><span style=\"font-size: small;\">Article original en anglais sur <a href=\"https:\/\/english.almayadeen.net\/articles\/blog\/defeating-zionism--a-global-responsibility\">Al-Mayadeen<\/a> \/ Traduction MR<\/span><\/span><\/span><\/span><\/p>\n","protected":false},"excerpt":{"rendered":"<p>Matteo Gladio, 13 mai 2024. Accuser les sionistes d\u2019aujourd\u2019hui d\u2019\u00eatre les nouveaux nazis n\u2019est ni injuste ni propagandiste. Le credo insens\u00e9 d\u2019Hitler faisait fr\u00e9quemment r\u00e9f\u00e9rence \u00e0 la n\u00e9cessit\u00e9 d\u2019\u00e9tablir pour <a class=\"more-link\" href=\"https:\/\/ismfrance.org\/index.php\/2024\/05\/13\/vaincre-le-sionisme-une-responsabilite-mondiale\/\">Lire la suite &rarr;<\/a><\/p>\n","protected":false},"author":3,"featured_media":11423,"comment_status":"closed","ping_status":"closed","sticky":false,"template":"","format":"standard","meta":{"footnotes":""},"categories":[12,2],"tags":[278,3,74],"class_list":["post-11420","post","type-post","status-publish","format-standard","has-post-thumbnail","hentry","category-analyses","category-articles","tag-antisionisme","tag-resistance","tag-sionisme"],"yoast_head":"<!-- This site is optimized with the Yoast SEO plugin v27.2 - https:\/\/yoast.com\/product\/yoast-seo-wordpress\/ -->\n<title>Vaincre le sionisme, une responsabilit\u00e9 mondiale - International Solidarity Movement - ISM-France<\/title>\n<meta name=\"robots\" content=\"index, follow, max-snippet:-1, max-image-preview:large, max-video-preview:-1\" \/>\n<link rel=\"canonical\" href=\"https:\/\/ismfrance.org\/index.php\/2024\/05\/13\/vaincre-le-sionisme-une-responsabilite-mondiale\/\" \/>\n<meta property=\"og:locale\" content=\"fr_FR\" \/>\n<meta property=\"og:type\" content=\"article\" \/>\n<meta property=\"og:title\" content=\"Vaincre le sionisme, une responsabilit\u00e9 mondiale - International Solidarity Movement - ISM-France\" \/>\n<meta property=\"og:description\" content=\"Matteo Gladio, 13 mai 2024. Accuser les sionistes d\u2019aujourd\u2019hui d\u2019\u00eatre les nouveaux nazis n\u2019est ni injuste ni propagandiste. Le credo insens\u00e9 d\u2019Hitler faisait fr\u00e9quemment r\u00e9f\u00e9rence \u00e0 la n\u00e9cessit\u00e9 d\u2019\u00e9tablir pour Lire la suite &rarr;\" \/>\n<meta property=\"og:url\" content=\"https:\/\/ismfrance.org\/index.php\/2024\/05\/13\/vaincre-le-sionisme-une-responsabilite-mondiale\/\" \/>\n<meta property=\"og:site_name\" content=\"International Solidarity Movement - ISM-France\" \/>\n<meta property=\"article:published_time\" content=\"2024-05-13T10:03:13+00:00\" \/>\n<meta property=\"article:modified_time\" content=\"2024-05-13T13:57:28+00:00\" \/>\n<meta property=\"og:image\" content=\"https:\/\/ismfrance.org\/wp-content\/uploads\/2024\/05\/defeat.jpeg\" \/>\n\t<meta property=\"og:image:width\" content=\"1000\" \/>\n\t<meta property=\"og:image:height\" content=\"844\" \/>\n\t<meta property=\"og:image:type\" content=\"image\/jpeg\" \/>\n<meta name=\"author\" content=\"mru_01\" \/>\n<meta name=\"twitter:card\" content=\"summary_large_image\" \/>\n<meta name=\"twitter:creator\" content=\"@ISMFRANCE\" \/>\n<meta name=\"twitter:site\" content=\"@ISMFRANCE\" \/>\n<meta name=\"twitter:label1\" content=\"\u00c9crit par\" \/>\n\t<meta name=\"twitter:data1\" content=\"mru_01\" \/>\n\t<meta name=\"twitter:label2\" content=\"Dur\u00e9e de lecture estim\u00e9e\" \/>\n\t<meta name=\"twitter:data2\" content=\"10 minutes\" \/>\n<script type=\"application\/ld+json\" class=\"yoast-schema-graph\">{\"@context\":\"https:\/\/schema.org\",\"@graph\":[{\"@type\":\"Article\",\"@id\":\"https:\/\/ismfrance.org\/index.php\/2024\/05\/13\/vaincre-le-sionisme-une-responsabilite-mondiale\/#article\",\"isPartOf\":{\"@id\":\"https:\/\/ismfrance.org\/index.php\/2024\/05\/13\/vaincre-le-sionisme-une-responsabilite-mondiale\/\"},\"author\":{\"name\":\"mru_01\",\"@id\":\"https:\/\/ismfrance.org\/#\/schema\/person\/3c411eb72adfaae19c0dca1f41fae01d\"},\"headline\":\"Vaincre le sionisme, une responsabilit\u00e9 mondiale\",\"datePublished\":\"2024-05-13T10:03:13+00:00\",\"dateModified\":\"2024-05-13T13:57:28+00:00\",\"mainEntityOfPage\":{\"@id\":\"https:\/\/ismfrance.org\/index.php\/2024\/05\/13\/vaincre-le-sionisme-une-responsabilite-mondiale\/\"},\"wordCount\":2157,\"publisher\":{\"@id\":\"https:\/\/ismfrance.org\/#organization\"},\"image\":{\"@id\":\"https:\/\/ismfrance.org\/index.php\/2024\/05\/13\/vaincre-le-sionisme-une-responsabilite-mondiale\/#primaryimage\"},\"thumbnailUrl\":\"https:\/\/ismfrance.org\/wp-content\/uploads\/2024\/05\/defeat.jpeg\",\"keywords\":[\"Antisionisme\",\"R\u00e9sistance\",\"Sionisme\"],\"articleSection\":[\"Analyses\",\"Articles\"],\"inLanguage\":\"fr-FR\"},{\"@type\":\"WebPage\",\"@id\":\"https:\/\/ismfrance.org\/index.php\/2024\/05\/13\/vaincre-le-sionisme-une-responsabilite-mondiale\/\",\"url\":\"https:\/\/ismfrance.org\/index.php\/2024\/05\/13\/vaincre-le-sionisme-une-responsabilite-mondiale\/\",\"name\":\"Vaincre le sionisme, une responsabilit\u00e9 mondiale - International Solidarity Movement - ISM-France\",\"isPartOf\":{\"@id\":\"https:\/\/ismfrance.org\/#website\"},\"primaryImageOfPage\":{\"@id\":\"https:\/\/ismfrance.org\/index.php\/2024\/05\/13\/vaincre-le-sionisme-une-responsabilite-mondiale\/#primaryimage\"},\"image\":{\"@id\":\"https:\/\/ismfrance.org\/index.php\/2024\/05\/13\/vaincre-le-sionisme-une-responsabilite-mondiale\/#primaryimage\"},\"thumbnailUrl\":\"https:\/\/ismfrance.org\/wp-content\/uploads\/2024\/05\/defeat.jpeg\",\"datePublished\":\"2024-05-13T10:03:13+00:00\",\"dateModified\":\"2024-05-13T13:57:28+00:00\",\"breadcrumb\":{\"@id\":\"https:\/\/ismfrance.org\/index.php\/2024\/05\/13\/vaincre-le-sionisme-une-responsabilite-mondiale\/#breadcrumb\"},\"inLanguage\":\"fr-FR\",\"potentialAction\":[{\"@type\":\"ReadAction\",\"target\":[\"https:\/\/ismfrance.org\/index.php\/2024\/05\/13\/vaincre-le-sionisme-une-responsabilite-mondiale\/\"]}]},{\"@type\":\"ImageObject\",\"inLanguage\":\"fr-FR\",\"@id\":\"https:\/\/ismfrance.org\/index.php\/2024\/05\/13\/vaincre-le-sionisme-une-responsabilite-mondiale\/#primaryimage\",\"url\":\"https:\/\/ismfrance.org\/wp-content\/uploads\/2024\/05\/defeat.jpeg\",\"contentUrl\":\"https:\/\/ismfrance.org\/wp-content\/uploads\/2024\/05\/defeat.jpeg\",\"width\":1000,\"height\":844},{\"@type\":\"BreadcrumbList\",\"@id\":\"https:\/\/ismfrance.org\/index.php\/2024\/05\/13\/vaincre-le-sionisme-une-responsabilite-mondiale\/#breadcrumb\",\"itemListElement\":[{\"@type\":\"ListItem\",\"position\":1,\"name\":\"Accueil\",\"item\":\"https:\/\/ismfrance.org\/\"},{\"@type\":\"ListItem\",\"position\":2,\"name\":\"Vaincre le sionisme, une responsabilit\u00e9 mondiale\"}]},{\"@type\":\"WebSite\",\"@id\":\"https:\/\/ismfrance.org\/#website\",\"url\":\"https:\/\/ismfrance.org\/\",\"name\":\"ISM Palestine France\",\"description\":\"Soutien aux luttes de lib\u00e9ration du peuple palestinien\",\"publisher\":{\"@id\":\"https:\/\/ismfrance.org\/#organization\"},\"potentialAction\":[{\"@type\":\"SearchAction\",\"target\":{\"@type\":\"EntryPoint\",\"urlTemplate\":\"https:\/\/ismfrance.org\/?s={search_term_string}\"},\"query-input\":{\"@type\":\"PropertyValueSpecification\",\"valueRequired\":true,\"valueName\":\"search_term_string\"}}],\"inLanguage\":\"fr-FR\"},{\"@type\":\"Organization\",\"@id\":\"https:\/\/ismfrance.org\/#organization\",\"name\":\"International Solidarity Movement\",\"url\":\"https:\/\/ismfrance.org\/\",\"logo\":{\"@type\":\"ImageObject\",\"inLanguage\":\"fr-FR\",\"@id\":\"https:\/\/ismfrance.org\/#\/schema\/logo\/image\/\",\"url\":\"https:\/\/ismfrance.org\/wp-content\/uploads\/2020\/12\/00.png\",\"contentUrl\":\"https:\/\/ismfrance.org\/wp-content\/uploads\/2020\/12\/00.png\",\"width\":400,\"height\":400,\"caption\":\"International Solidarity Movement\"},\"image\":{\"@id\":\"https:\/\/ismfrance.org\/#\/schema\/logo\/image\/\"},\"sameAs\":[\"https:\/\/x.com\/ISMFRANCE\"]},{\"@type\":\"Person\",\"@id\":\"https:\/\/ismfrance.org\/#\/schema\/person\/3c411eb72adfaae19c0dca1f41fae01d\",\"name\":\"mru_01\",\"image\":{\"@type\":\"ImageObject\",\"inLanguage\":\"fr-FR\",\"@id\":\"https:\/\/secure.gravatar.com\/avatar\/3a0be343b445d2ccc79e87444a294fad2b232e90d2051d0e3cc219e1ecd6a330?s=96&d=mm&r=g\",\"url\":\"https:\/\/secure.gravatar.com\/avatar\/3a0be343b445d2ccc79e87444a294fad2b232e90d2051d0e3cc219e1ecd6a330?s=96&d=mm&r=g\",\"contentUrl\":\"https:\/\/secure.gravatar.com\/avatar\/3a0be343b445d2ccc79e87444a294fad2b232e90d2051d0e3cc219e1ecd6a330?s=96&d=mm&r=g\",\"caption\":\"mru_01\"},\"url\":\"https:\/\/ismfrance.org\/index.php\/author\/admin02\/\"}]}<\/script>\n<!-- \/ Yoast SEO plugin. -->","yoast_head_json":{"title":"Vaincre le sionisme, une responsabilit\u00e9 mondiale - International Solidarity Movement - ISM-France","robots":{"index":"index","follow":"follow","max-snippet":"max-snippet:-1","max-image-preview":"max-image-preview:large","max-video-preview":"max-video-preview:-1"},"canonical":"https:\/\/ismfrance.org\/index.php\/2024\/05\/13\/vaincre-le-sionisme-une-responsabilite-mondiale\/","og_locale":"fr_FR","og_type":"article","og_title":"Vaincre le sionisme, une responsabilit\u00e9 mondiale - International Solidarity Movement - ISM-France","og_description":"Matteo Gladio, 13 mai 2024. Accuser les sionistes d\u2019aujourd\u2019hui d\u2019\u00eatre les nouveaux nazis n\u2019est ni injuste ni propagandiste. Le credo insens\u00e9 d\u2019Hitler faisait fr\u00e9quemment r\u00e9f\u00e9rence \u00e0 la n\u00e9cessit\u00e9 d\u2019\u00e9tablir pour Lire la suite &rarr;","og_url":"https:\/\/ismfrance.org\/index.php\/2024\/05\/13\/vaincre-le-sionisme-une-responsabilite-mondiale\/","og_site_name":"International Solidarity Movement - ISM-France","article_published_time":"2024-05-13T10:03:13+00:00","article_modified_time":"2024-05-13T13:57:28+00:00","og_image":[{"width":1000,"height":844,"url":"https:\/\/ismfrance.org\/wp-content\/uploads\/2024\/05\/defeat.jpeg","type":"image\/jpeg"}],"author":"mru_01","twitter_card":"summary_large_image","twitter_creator":"@ISMFRANCE","twitter_site":"@ISMFRANCE","twitter_misc":{"\u00c9crit par":"mru_01","Dur\u00e9e de lecture estim\u00e9e":"10 minutes"},"schema":{"@context":"https:\/\/schema.org","@graph":[{"@type":"Article","@id":"https:\/\/ismfrance.org\/index.php\/2024\/05\/13\/vaincre-le-sionisme-une-responsabilite-mondiale\/#article","isPartOf":{"@id":"https:\/\/ismfrance.org\/index.php\/2024\/05\/13\/vaincre-le-sionisme-une-responsabilite-mondiale\/"},"author":{"name":"mru_01","@id":"https:\/\/ismfrance.org\/#\/schema\/person\/3c411eb72adfaae19c0dca1f41fae01d"},"headline":"Vaincre le sionisme, une responsabilit\u00e9 mondiale","datePublished":"2024-05-13T10:03:13+00:00","dateModified":"2024-05-13T13:57:28+00:00","mainEntityOfPage":{"@id":"https:\/\/ismfrance.org\/index.php\/2024\/05\/13\/vaincre-le-sionisme-une-responsabilite-mondiale\/"},"wordCount":2157,"publisher":{"@id":"https:\/\/ismfrance.org\/#organization"},"image":{"@id":"https:\/\/ismfrance.org\/index.php\/2024\/05\/13\/vaincre-le-sionisme-une-responsabilite-mondiale\/#primaryimage"},"thumbnailUrl":"https:\/\/ismfrance.org\/wp-content\/uploads\/2024\/05\/defeat.jpeg","keywords":["Antisionisme","R\u00e9sistance","Sionisme"],"articleSection":["Analyses","Articles"],"inLanguage":"fr-FR"},{"@type":"WebPage","@id":"https:\/\/ismfrance.org\/index.php\/2024\/05\/13\/vaincre-le-sionisme-une-responsabilite-mondiale\/","url":"https:\/\/ismfrance.org\/index.php\/2024\/05\/13\/vaincre-le-sionisme-une-responsabilite-mondiale\/","name":"Vaincre le sionisme, une responsabilit\u00e9 mondiale - International Solidarity Movement - ISM-France","isPartOf":{"@id":"https:\/\/ismfrance.org\/#website"},"primaryImageOfPage":{"@id":"https:\/\/ismfrance.org\/index.php\/2024\/05\/13\/vaincre-le-sionisme-une-responsabilite-mondiale\/#primaryimage"},"image":{"@id":"https:\/\/ismfrance.org\/index.php\/2024\/05\/13\/vaincre-le-sionisme-une-responsabilite-mondiale\/#primaryimage"},"thumbnailUrl":"https:\/\/ismfrance.org\/wp-content\/uploads\/2024\/05\/defeat.jpeg","datePublished":"2024-05-13T10:03:13+00:00","dateModified":"2024-05-13T13:57:28+00:00","breadcrumb":{"@id":"https:\/\/ismfrance.org\/index.php\/2024\/05\/13\/vaincre-le-sionisme-une-responsabilite-mondiale\/#breadcrumb"},"inLanguage":"fr-FR","potentialAction":[{"@type":"ReadAction","target":["https:\/\/ismfrance.org\/index.php\/2024\/05\/13\/vaincre-le-sionisme-une-responsabilite-mondiale\/"]}]},{"@type":"ImageObject","inLanguage":"fr-FR","@id":"https:\/\/ismfrance.org\/index.php\/2024\/05\/13\/vaincre-le-sionisme-une-responsabilite-mondiale\/#primaryimage","url":"https:\/\/ismfrance.org\/wp-content\/uploads\/2024\/05\/defeat.jpeg","contentUrl":"https:\/\/ismfrance.org\/wp-content\/uploads\/2024\/05\/defeat.jpeg","width":1000,"height":844},{"@type":"BreadcrumbList","@id":"https:\/\/ismfrance.org\/index.php\/2024\/05\/13\/vaincre-le-sionisme-une-responsabilite-mondiale\/#breadcrumb","itemListElement":[{"@type":"ListItem","position":1,"name":"Accueil","item":"https:\/\/ismfrance.org\/"},{"@type":"ListItem","position":2,"name":"Vaincre le sionisme, une responsabilit\u00e9 mondiale"}]},{"@type":"WebSite","@id":"https:\/\/ismfrance.org\/#website","url":"https:\/\/ismfrance.org\/","name":"ISM Palestine France","description":"Soutien aux luttes de lib\u00e9ration du peuple palestinien","publisher":{"@id":"https:\/\/ismfrance.org\/#organization"},"potentialAction":[{"@type":"SearchAction","target":{"@type":"EntryPoint","urlTemplate":"https:\/\/ismfrance.org\/?s={search_term_string}"},"query-input":{"@type":"PropertyValueSpecification","valueRequired":true,"valueName":"search_term_string"}}],"inLanguage":"fr-FR"},{"@type":"Organization","@id":"https:\/\/ismfrance.org\/#organization","name":"International Solidarity Movement","url":"https:\/\/ismfrance.org\/","logo":{"@type":"ImageObject","inLanguage":"fr-FR","@id":"https:\/\/ismfrance.org\/#\/schema\/logo\/image\/","url":"https:\/\/ismfrance.org\/wp-content\/uploads\/2020\/12\/00.png","contentUrl":"https:\/\/ismfrance.org\/wp-content\/uploads\/2020\/12\/00.png","width":400,"height":400,"caption":"International Solidarity Movement"},"image":{"@id":"https:\/\/ismfrance.org\/#\/schema\/logo\/image\/"},"sameAs":["https:\/\/x.com\/ISMFRANCE"]},{"@type":"Person","@id":"https:\/\/ismfrance.org\/#\/schema\/person\/3c411eb72adfaae19c0dca1f41fae01d","name":"mru_01","image":{"@type":"ImageObject","inLanguage":"fr-FR","@id":"https:\/\/secure.gravatar.com\/avatar\/3a0be343b445d2ccc79e87444a294fad2b232e90d2051d0e3cc219e1ecd6a330?s=96&d=mm&r=g","url":"https:\/\/secure.gravatar.com\/avatar\/3a0be343b445d2ccc79e87444a294fad2b232e90d2051d0e3cc219e1ecd6a330?s=96&d=mm&r=g","contentUrl":"https:\/\/secure.gravatar.com\/avatar\/3a0be343b445d2ccc79e87444a294fad2b232e90d2051d0e3cc219e1ecd6a330?s=96&d=mm&r=g","caption":"mru_01"},"url":"https:\/\/ismfrance.org\/index.php\/author\/admin02\/"}]}},"_links":{"self":[{"href":"https:\/\/ismfrance.org\/index.php\/wp-json\/wp\/v2\/posts\/11420","targetHints":{"allow":["GET"]}}],"collection":[{"href":"https:\/\/ismfrance.org\/index.php\/wp-json\/wp\/v2\/posts"}],"about":[{"href":"https:\/\/ismfrance.org\/index.php\/wp-json\/wp\/v2\/types\/post"}],"author":[{"embeddable":true,"href":"https:\/\/ismfrance.org\/index.php\/wp-json\/wp\/v2\/users\/3"}],"replies":[{"embeddable":true,"href":"https:\/\/ismfrance.org\/index.php\/wp-json\/wp\/v2\/comments?post=11420"}],"version-history":[{"count":0,"href":"https:\/\/ismfrance.org\/index.php\/wp-json\/wp\/v2\/posts\/11420\/revisions"}],"wp:featuredmedia":[{"embeddable":true,"href":"https:\/\/ismfrance.org\/index.php\/wp-json\/wp\/v2\/media\/11423"}],"wp:attachment":[{"href":"https:\/\/ismfrance.org\/index.php\/wp-json\/wp\/v2\/media?parent=11420"}],"wp:term":[{"taxonomy":"category","embeddable":true,"href":"https:\/\/ismfrance.org\/index.php\/wp-json\/wp\/v2\/categories?post=11420"},{"taxonomy":"post_tag","embeddable":true,"href":"https:\/\/ismfrance.org\/index.php\/wp-json\/wp\/v2\/tags?post=11420"}],"curies":[{"name":"wp","href":"https:\/\/api.w.org\/{rel}","templated":true}]}}