{"id":11304,"date":"2024-05-09T10:14:28","date_gmt":"2024-05-09T08:14:28","guid":{"rendered":"https:\/\/ismfrance.org\/?p=11304"},"modified":"2024-05-09T10:14:28","modified_gmt":"2024-05-09T08:14:28","slug":"le-colonialisme-est-remis-en-question-mais-egalement-renforce-sur-les-campus-universitaires","status":"publish","type":"post","link":"https:\/\/ismfrance.org\/index.php\/2024\/05\/09\/le-colonialisme-est-remis-en-question-mais-egalement-renforce-sur-les-campus-universitaires\/","title":{"rendered":"Le colonialisme est remis en question mais \u00e9galement renforc\u00e9 sur les campus universitaires"},"content":{"rendered":"<p><span style=\"color: #000000;\"><span style=\"font-family: Tahoma, sans-serif;\"><span style=\"font-size: medium;\"><strong>Ulises Ali Mejias, 7 mai 2024<\/strong>. Partout aux \u00c9tats-Unis, les universit\u00e9s sont devenues l\u2019\u00e9picentre des mouvements \u00e9tudiants s\u2019opposant \u00e0 la guerre isra\u00e9lienne contre Gaza. Les autorit\u00e9s locales et les administrations universitaires ont d\u00e9clench\u00e9 une r\u00e9pression intense contre ces manifestations sous le faux pr\u00e9texte de prot\u00e9ger les campus et de lutter contre l\u2019antis\u00e9mitisme. Mais face \u00e0 la violence et aux menaces, les \u00e9tudiants tiennent bon et les protestations ne montrent aucun signe de ralentissement.<\/span><\/span><\/span><\/p>\n<div id=\"attachment_11313\" style=\"width: 577px\" class=\"wp-caption alignnone\"><a href=\"https:\/\/ismfrance.org\/wp-content\/uploads\/2024\/05\/sao-paulo.png\"><img loading=\"lazy\" decoding=\"async\" aria-describedby=\"caption-attachment-11313\" class=\"wp-image-11313 size-full\" src=\"https:\/\/ismfrance.org\/wp-content\/uploads\/2024\/05\/sao-paulo.png\" alt=\"\" width=\"567\" height=\"578\" srcset=\"https:\/\/ismfrance.org\/wp-content\/uploads\/2024\/05\/sao-paulo.png 567w, https:\/\/ismfrance.org\/wp-content\/uploads\/2024\/05\/sao-paulo-294x300.png 294w\" sizes=\"auto, (max-width: 567px) 100vw, 567px\" \/><\/a><p id=\"caption-attachment-11313\" class=\"wp-caption-text\">L&rsquo;Universit\u00e9 de Sao Paulo au Br\u00e9sil rejoint le mouvement \u00e9tudiant mondial de soutien \u00e0 la Palestine. (<a href=\"https:\/\/twitter.com\/i\/status\/1788194498528313617\">capture d&rsquo;\u00e9cran vid\u00e9o<\/a>)<\/p><\/div>\n<p><span style=\"color: #000000;\"><span style=\"font-family: Tahoma, sans-serif;\"><span style=\"font-size: medium;\">Ce \u00e0 quoi nous assistons de la part des manifestants \u00e9tudiants n\u2019est pas nouveau. En fait, les \u00e9tudiants ont toujours \u00e9t\u00e9 \u00e0 l\u2019avant-garde de la r\u00e9sistance et de la d\u00e9nonciation du colonialisme et de l\u2019imp\u00e9rialisme.<\/span><\/span><\/span><\/p>\n<p><span style=\"color: #000000;\"><span style=\"font-family: Tahoma, sans-serif;\"><span style=\"font-size: medium;\">Dans les ann\u00e9es 1530, lors de la violente colonisation des Am\u00e9riques, un groupe d\u2019\u00e9tudiants espagnols de l\u2019Universit\u00e9 de Bologne rejeta publiquement la guerre, la jugeant contraire \u00e0 la religion chr\u00e9tienne. La protestation contre la guerre a tellement inqui\u00e9t\u00e9 l\u2019\u00c9glise catholique que le pape a d\u00e9p\u00each\u00e9 Juan Gin\u00e9s de Sep\u00falveda \u2013 un c\u00e9l\u00e8bre pr\u00eatre et \u00e9rudit espagnol, qui avait la ferme conviction que l\u2019esclavage et la d\u00e9possession des Am\u00e9rindiens \u00e9taient justifi\u00e9s \u2013 pour s\u2019occuper des \u00e9tudiants pacifistes.<\/span><\/span><\/span><\/p>\n<p><span style=\"color: #000000;\"><span style=\"font-family: Tahoma, sans-serif;\"><span style=\"font-size: medium;\">Ce type de dissidence et d\u2019activisme s\u2019est r\u00e9percut\u00e9 tout au long de l\u2019histoire. Depuis les manifestations \u00e9tudiantes contre la s\u00e9gr\u00e9gation et le racisme aux \u00c9tats-Unis dans les ann\u00e9es 1920 et 1930, jusqu&rsquo;aux protestations des ann\u00e9es 1960 contre la guerre du Vietnam et aux sit-in contre l&rsquo;apartheid en Afrique du Sud dans les ann\u00e9es 1980, jusqu&rsquo;aux campements d&rsquo;aujourd&rsquo;hui appelant \u00e0 la fin du racisme. Depuis le g\u00e9nocide de Gaza, les mouvements \u00e9tudiants ont d\u00e9fi\u00e9 le colonialisme, le militarisme et l\u2019injustice.<\/span><\/span><\/span><\/p>\n<p><span style=\"color: #000000;\"><span style=\"font-family: Tahoma, sans-serif;\"><span style=\"font-size: medium;\">Du point de vue du colonisateur, une telle mobilisation \u00e9tudiante est dangereuse. Cela explique la r\u00e9pression violente en cours contre les manifestations \u00e9tudiantes aux \u00c9tats-Unis et dans certains pays europ\u00e9ens, et cela pourrait \u00e9galement expliquer pourquoi les 12 universit\u00e9s de la bande de Gaza ont \u00e9t\u00e9 bombard\u00e9es et <a href=\"https:\/\/www.aljazeera.com\/news\/2024\/1\/24\/how-israel-has-destroyed-gazas-schools-and-universities\">d\u00e9truites<\/a>.<\/span><\/span><\/span><\/p>\n<p><span style=\"color: #000000;\"><span style=\"font-family: Tahoma, sans-serif;\"><span style=\"font-size: medium;\">Mais il serait na\u00eff de penser que les universit\u00e9s ne sont que des lieux de dissidence. Comme l\u2019ont soulign\u00e9 les protestations \u00e9tudiantes, les \u00e9tablissements d\u2019enseignement sup\u00e9rieur facilitent et soutiennent activement les projets coloniaux. Des \u00e9tablissements comme Harvard, Columbia et de nombreuses autres universit\u00e9s continuent d\u2019augmenter leurs dotations en investissant dans des soci\u00e9t\u00e9s comme Airbnb, Alphabet (la soci\u00e9t\u00e9 m\u00e8re de Google) et d\u2019autres soci\u00e9t\u00e9s qui exercent leurs activit\u00e9s dans des territoires ill\u00e9galement occup\u00e9s ou qui ont des liens avec l\u2019arm\u00e9e isra\u00e9lienne. Il n\u2019est pas surprenant que la mobilisation des jeunes, stimul\u00e9e par la guerre isra\u00e9lienne \u00e0 Gaza, se soit \u00e9galement \u00e9tendue \u00e0 certaines de ces entreprises, avec des manifestations\u00a0r\u00e9cemment <a href=\"https:\/\/www.aljazeera.com\/news\/2024\/4\/23\/what-is-project-nimbus-and-why-are-google-workers-protesting-israel-deal\">organis\u00e9es<\/a> dans les bureaux de Google.<\/span><\/span><\/span><\/p>\n<p><span style=\"color: #000000;\"><span style=\"font-family: Tahoma, sans-serif;\"><span style=\"font-size: medium;\">Au-del\u00e0 de leurs choix d\u2019investissement, les universit\u00e9s contribuent \u00e9galement au projet colonial en apprenant aux \u00e9tudiants \u00e0 concevoir, justifier et mettre en \u0153uvre les moyens et m\u00e9canismes du colonialisme. Le canal qui am\u00e8ne les jeunes dipl\u00f4m\u00e9s vers les industries de la d\u00e9fense est <a href=\"https:\/\/www.theguardian.com\/commentisfree\/2022\/aug\/18\/us-universities-are-pipelines-to-the-defense-industry-what-does-that-say-about-our-morals\">bien document\u00e9<\/a> et existe depuis longtemps. Et comme les guerres d\u00e9pendent de plus en plus des technologies de donn\u00e9es, de nouveaux canaux sont cr\u00e9\u00e9s.<\/span><\/span><\/span><\/p>\n<p>https:\/\/twitter.com\/i\/status\/1788223585233858925<\/p>\n<p><span style=\"color: #000000;\"><span style=\"font-family: Tahoma, sans-serif;\"><span style=\"font-size: medium;\">Pensez aux r\u00e9cents dipl\u00f4m\u00e9s travaillant dans des entreprises comme Anduril, qui a r\u00e9cemment remport\u00e9 un contrat avec l&rsquo;arm\u00e9e am\u00e9ricaine pour d\u00e9velopper des v\u00e9hicules a\u00e9riens de combat sans pilote bas\u00e9s sur l&rsquo;intelligence artificielle. Ces armes utiliseront des donn\u00e9es pour d\u00e9terminer o\u00f9 et quoi frapper, ce qui, comme la guerre \u00e0 Gaza l\u2019a d\u00e9j\u00e0 montr\u00e9, peut entra\u00eener d\u2019\u00e9normes pertes civiles.<\/span><\/span><\/span><\/p>\n<p><span style=\"color: #000000;\"><span style=\"font-family: Tahoma, sans-serif;\"><span style=\"font-size: medium;\">L\u2019arm\u00e9e isra\u00e9lienne utilise Lavender, un syst\u00e8me d\u2019IA con\u00e7u pour produire des cibles \u00e0 bombarder par des avions de combat et des drones. Des chercheurs ont <a href=\"https:\/\/blog.paulbiggar.com\/meta-and-lavender\/\">d\u00e9clar\u00e9<\/a> que le syst\u00e8me utilise divers ensembles de donn\u00e9es, y compris l&rsquo;utilisation des applications de messagerie par les gens, pour d\u00e9cider des cibles, ce qui entra\u00eene la perte de nombreuses vies innocentes.<\/span><\/span><\/span><\/p>\n<p><span style=\"color: #000000;\"><span style=\"font-family: Tahoma, sans-serif;\"><span style=\"font-size: medium;\">Nous devons nous demander quel type de formation universitaire \u2013 ou plut\u00f4t de mauvais enseignement \u2013 permet \u00e0 quelqu\u2019un d\u2019\u00eatre capable et d\u00e9sireux de concevoir et d\u2019utiliser un syst\u00e8me d\u2019IA comme <a href=\"https:\/\/www.chroniquepalestine.com\/cibles-a-infini-israeliens-utilisent-systeme-lavender-dans-genocide-a-gaza\/\">Lavender<\/a>. Nous ne voulons pas que les \u00e9tudiants dans les domaines des sciences, de la technologie, de l\u2019ing\u00e9nierie et des math\u00e9matiques (STEM) obtiennent leur dipl\u00f4me avec une vision du monde similaire \u00e0 celle de Sep\u00falveda, qui consid\u00e9rait les colonis\u00e9s comme de simples barbares et des esclaves dont la vie \u00e9tait jetable.<\/span><\/span><\/span><\/p>\n<p><span style=\"color: #000000;\"><span style=\"font-family: Tahoma, sans-serif;\"><span style=\"font-size: medium;\">Je ne pense pas que la plupart de mes coll\u00e8gues en STEM pr\u00e9parent intentionnellement leurs \u00e9tudiants \u00e0 servir les int\u00e9r\u00eats coloniaux. Je crois que la plupart d\u2019entre eux ne consid\u00e8rent tout simplement pas ces questions comme quelque chose que leurs programmes doivent aborder.<\/span><\/span><\/span><\/p>\n<p><span style=\"color: #000000;\"><span style=\"font-family: Tahoma, sans-serif;\"><span style=\"font-size: medium;\">Alors que les \u00e9tudiants ouvrent la voie en contestant un syst\u00e8me d\u2019enseignement sup\u00e9rieur complice des guerres imp\u00e9riales et du colonialisme, nous, professeurs, devons r\u00e9fl\u00e9chir au r\u00f4le que nous jouons au sein de ce syst\u00e8me. Les questions \u00e9thiques sur la fa\u00e7on dont la science et la technologie sont m\u00eal\u00e9es \u00e0 la domination coloniale et au militarisme doivent \u00eatre abord\u00e9es en classe.<\/span><\/span><\/span><\/p>\n<p><span style=\"color: #000000;\"><span style=\"font-family: Tahoma, sans-serif;\"><span style=\"font-size: medium;\">Les universit\u00e9s sont depuis longtemps un lieu o\u00f9 les \u00e9tudiants apprennent \u00e0 penser de mani\u00e8re critique et \u00e0 remettre en question le <i>statu quo<\/i> ; elles ont \u00e9galement soutenu et renforc\u00e9 les structures de domination coloniale.<\/span><\/span><\/span><\/p>\n<p><span style=\"color: #000000;\"><span style=\"font-family: Tahoma, sans-serif;\"><span style=\"font-size: medium;\">Les manifestations actuelles sur les campus constituent une nouvelle escalade de la tension entre ces deux r\u00f4les. Les manifestations ne d\u00e9boucheront peut-\u00eatre pas sur une refonte compl\u00e8te du syst\u00e8me d\u2019enseignement sup\u00e9rieur, mais elles vont certainement dans la bonne direction.<\/span><\/span><\/span><\/p>\n<pre><span style=\"color: #000000;\"><span style=\"font-family: Tahoma, sans-serif;\"><span style=\"font-size: medium;\">Article original en anglais sur <span style=\"color: #0000ff;\"><a style=\"color: #0000ff;\" href=\"https:\/\/www.aljazeera.com\/opinions\/2024\/5\/7\/colonialism-is-challenged-but-also-reinforced-on-university-campuses\"><i>Al-Jazeera<\/i><\/a><\/span> \/ Traduction MR<\/span><\/span><\/span><\/pre>\n<hr \/>\n<p><span style=\"color: #000000;\"><span style=\"font-family: Tahoma, sans-serif;\"><span style=\"font-size: medium;\"><a href=\"https:\/\/ismfrance.org\/wp-content\/uploads\/2024\/05\/ulises.webp\"><img loading=\"lazy\" decoding=\"async\" class=\"size-full wp-image-11306 alignleft\" src=\"https:\/\/ismfrance.org\/wp-content\/uploads\/2024\/05\/ulises.webp\" alt=\"\" width=\"96\" height=\"96\" \/><\/a>Ulises Ali Mej\u00edas est professeur d&rsquo;\u00e9tudes en communication \u00e0 SUNY Oswego et titulaire du prix 2023 du chancelier de l&rsquo;Universit\u00e9 d&rsquo;\u00c9tat de New York pour l&rsquo;excellence en bourse. Son nouveau livre, co-\u00e9crit avec Nick Couldry, s&rsquo;intitule \u00ab <em>Data Grab : The New Colonialism of <\/em><\/span><\/span><\/span><span style=\"color: #000000;\"><span style=\"font-family: Tahoma, sans-serif;\"><span style=\"font-size: medium;\"><em>Big Tech and How to Fight Back<\/em> \u00bb (Chicago University Press). Son compte X\u00a0: <\/span><\/span><\/span><a href=\"https:\/\/twitter.com\/UlisesAliMejias\"><span style=\"color: #000000;\"><span style=\"font-family: Tahoma, sans-serif;\"><span style=\"font-size: medium;\">@<span style=\"color: #0000ff;\">UlisesAliMejias<\/span><\/span><\/span><\/span><\/a><\/p>\n","protected":false},"excerpt":{"rendered":"<p>Ulises Ali Mejias, 7 mai 2024. Partout aux \u00c9tats-Unis, les universit\u00e9s sont devenues l\u2019\u00e9picentre des mouvements \u00e9tudiants s\u2019opposant \u00e0 la guerre isra\u00e9lienne contre Gaza. Les autorit\u00e9s locales et les administrations <a class=\"more-link\" href=\"https:\/\/ismfrance.org\/index.php\/2024\/05\/09\/le-colonialisme-est-remis-en-question-mais-egalement-renforce-sur-les-campus-universitaires\/\">Lire la suite &rarr;<\/a><\/p>\n","protected":false},"author":3,"featured_media":11313,"comment_status":"closed","ping_status":"closed","sticky":false,"template":"","format":"standard","meta":{"footnotes":""},"categories":[12,2],"tags":[51,194,3],"class_list":["post-11304","post","type-post","status-publish","format-standard","has-post-thumbnail","hentry","category-analyses","category-articles","tag-colonialisme","tag-etudiants","tag-resistance"],"yoast_head":"<!-- This site is optimized with the Yoast SEO plugin v27.2 - https:\/\/yoast.com\/product\/yoast-seo-wordpress\/ -->\n<title>Le colonialisme est remis en question mais \u00e9galement renforc\u00e9 sur les campus universitaires - International Solidarity Movement - ISM-France<\/title>\n<meta name=\"robots\" content=\"index, follow, max-snippet:-1, max-image-preview:large, max-video-preview:-1\" \/>\n<link rel=\"canonical\" href=\"https:\/\/ismfrance.org\/index.php\/2024\/05\/09\/le-colonialisme-est-remis-en-question-mais-egalement-renforce-sur-les-campus-universitaires\/\" \/>\n<meta property=\"og:locale\" content=\"fr_FR\" \/>\n<meta property=\"og:type\" content=\"article\" \/>\n<meta property=\"og:title\" content=\"Le colonialisme est remis en question mais \u00e9galement renforc\u00e9 sur les campus universitaires - International Solidarity Movement - ISM-France\" \/>\n<meta property=\"og:description\" content=\"Ulises Ali Mejias, 7 mai 2024. Partout aux \u00c9tats-Unis, les universit\u00e9s sont devenues l\u2019\u00e9picentre des mouvements \u00e9tudiants s\u2019opposant \u00e0 la guerre isra\u00e9lienne contre Gaza. Les autorit\u00e9s locales et les administrations Lire la suite &rarr;\" \/>\n<meta property=\"og:url\" content=\"https:\/\/ismfrance.org\/index.php\/2024\/05\/09\/le-colonialisme-est-remis-en-question-mais-egalement-renforce-sur-les-campus-universitaires\/\" \/>\n<meta property=\"og:site_name\" content=\"International Solidarity Movement - ISM-France\" \/>\n<meta property=\"article:published_time\" content=\"2024-05-09T08:14:28+00:00\" \/>\n<meta property=\"og:image\" content=\"https:\/\/ismfrance.org\/wp-content\/uploads\/2024\/05\/sao-paulo.png\" \/>\n\t<meta property=\"og:image:width\" content=\"567\" \/>\n\t<meta property=\"og:image:height\" content=\"578\" \/>\n\t<meta property=\"og:image:type\" content=\"image\/png\" \/>\n<meta name=\"author\" content=\"mru_01\" \/>\n<meta name=\"twitter:card\" content=\"summary_large_image\" \/>\n<meta name=\"twitter:creator\" content=\"@ISMFRANCE\" \/>\n<meta name=\"twitter:site\" content=\"@ISMFRANCE\" \/>\n<meta name=\"twitter:label1\" content=\"\u00c9crit par\" \/>\n\t<meta name=\"twitter:data1\" content=\"mru_01\" \/>\n\t<meta name=\"twitter:label2\" content=\"Dur\u00e9e de lecture estim\u00e9e\" \/>\n\t<meta name=\"twitter:data2\" content=\"6 minutes\" \/>\n<script type=\"application\/ld+json\" class=\"yoast-schema-graph\">{\"@context\":\"https:\/\/schema.org\",\"@graph\":[{\"@type\":\"Article\",\"@id\":\"https:\/\/ismfrance.org\/index.php\/2024\/05\/09\/le-colonialisme-est-remis-en-question-mais-egalement-renforce-sur-les-campus-universitaires\/#article\",\"isPartOf\":{\"@id\":\"https:\/\/ismfrance.org\/index.php\/2024\/05\/09\/le-colonialisme-est-remis-en-question-mais-egalement-renforce-sur-les-campus-universitaires\/\"},\"author\":{\"name\":\"mru_01\",\"@id\":\"https:\/\/ismfrance.org\/#\/schema\/person\/3c411eb72adfaae19c0dca1f41fae01d\"},\"headline\":\"Le colonialisme est remis en question mais \u00e9galement renforc\u00e9 sur les campus universitaires\",\"datePublished\":\"2024-05-09T08:14:28+00:00\",\"mainEntityOfPage\":{\"@id\":\"https:\/\/ismfrance.org\/index.php\/2024\/05\/09\/le-colonialisme-est-remis-en-question-mais-egalement-renforce-sur-les-campus-universitaires\/\"},\"wordCount\":1111,\"publisher\":{\"@id\":\"https:\/\/ismfrance.org\/#organization\"},\"image\":{\"@id\":\"https:\/\/ismfrance.org\/index.php\/2024\/05\/09\/le-colonialisme-est-remis-en-question-mais-egalement-renforce-sur-les-campus-universitaires\/#primaryimage\"},\"thumbnailUrl\":\"https:\/\/ismfrance.org\/wp-content\/uploads\/2024\/05\/sao-paulo.png\",\"keywords\":[\"colonialisme\",\"Etudiants\",\"R\u00e9sistance\"],\"articleSection\":[\"Analyses\",\"Articles\"],\"inLanguage\":\"fr-FR\"},{\"@type\":\"WebPage\",\"@id\":\"https:\/\/ismfrance.org\/index.php\/2024\/05\/09\/le-colonialisme-est-remis-en-question-mais-egalement-renforce-sur-les-campus-universitaires\/\",\"url\":\"https:\/\/ismfrance.org\/index.php\/2024\/05\/09\/le-colonialisme-est-remis-en-question-mais-egalement-renforce-sur-les-campus-universitaires\/\",\"name\":\"Le colonialisme est remis en question mais \u00e9galement renforc\u00e9 sur les campus universitaires - International Solidarity Movement - ISM-France\",\"isPartOf\":{\"@id\":\"https:\/\/ismfrance.org\/#website\"},\"primaryImageOfPage\":{\"@id\":\"https:\/\/ismfrance.org\/index.php\/2024\/05\/09\/le-colonialisme-est-remis-en-question-mais-egalement-renforce-sur-les-campus-universitaires\/#primaryimage\"},\"image\":{\"@id\":\"https:\/\/ismfrance.org\/index.php\/2024\/05\/09\/le-colonialisme-est-remis-en-question-mais-egalement-renforce-sur-les-campus-universitaires\/#primaryimage\"},\"thumbnailUrl\":\"https:\/\/ismfrance.org\/wp-content\/uploads\/2024\/05\/sao-paulo.png\",\"datePublished\":\"2024-05-09T08:14:28+00:00\",\"breadcrumb\":{\"@id\":\"https:\/\/ismfrance.org\/index.php\/2024\/05\/09\/le-colonialisme-est-remis-en-question-mais-egalement-renforce-sur-les-campus-universitaires\/#breadcrumb\"},\"inLanguage\":\"fr-FR\",\"potentialAction\":[{\"@type\":\"ReadAction\",\"target\":[\"https:\/\/ismfrance.org\/index.php\/2024\/05\/09\/le-colonialisme-est-remis-en-question-mais-egalement-renforce-sur-les-campus-universitaires\/\"]}]},{\"@type\":\"ImageObject\",\"inLanguage\":\"fr-FR\",\"@id\":\"https:\/\/ismfrance.org\/index.php\/2024\/05\/09\/le-colonialisme-est-remis-en-question-mais-egalement-renforce-sur-les-campus-universitaires\/#primaryimage\",\"url\":\"https:\/\/ismfrance.org\/wp-content\/uploads\/2024\/05\/sao-paulo.png\",\"contentUrl\":\"https:\/\/ismfrance.org\/wp-content\/uploads\/2024\/05\/sao-paulo.png\",\"width\":567,\"height\":578},{\"@type\":\"BreadcrumbList\",\"@id\":\"https:\/\/ismfrance.org\/index.php\/2024\/05\/09\/le-colonialisme-est-remis-en-question-mais-egalement-renforce-sur-les-campus-universitaires\/#breadcrumb\",\"itemListElement\":[{\"@type\":\"ListItem\",\"position\":1,\"name\":\"Accueil\",\"item\":\"https:\/\/ismfrance.org\/\"},{\"@type\":\"ListItem\",\"position\":2,\"name\":\"Le colonialisme est remis en question mais \u00e9galement renforc\u00e9 sur les campus universitaires\"}]},{\"@type\":\"WebSite\",\"@id\":\"https:\/\/ismfrance.org\/#website\",\"url\":\"https:\/\/ismfrance.org\/\",\"name\":\"ISM Palestine France\",\"description\":\"Soutien aux luttes de lib\u00e9ration du peuple palestinien\",\"publisher\":{\"@id\":\"https:\/\/ismfrance.org\/#organization\"},\"potentialAction\":[{\"@type\":\"SearchAction\",\"target\":{\"@type\":\"EntryPoint\",\"urlTemplate\":\"https:\/\/ismfrance.org\/?s={search_term_string}\"},\"query-input\":{\"@type\":\"PropertyValueSpecification\",\"valueRequired\":true,\"valueName\":\"search_term_string\"}}],\"inLanguage\":\"fr-FR\"},{\"@type\":\"Organization\",\"@id\":\"https:\/\/ismfrance.org\/#organization\",\"name\":\"International Solidarity Movement\",\"url\":\"https:\/\/ismfrance.org\/\",\"logo\":{\"@type\":\"ImageObject\",\"inLanguage\":\"fr-FR\",\"@id\":\"https:\/\/ismfrance.org\/#\/schema\/logo\/image\/\",\"url\":\"https:\/\/ismfrance.org\/wp-content\/uploads\/2020\/12\/00.png\",\"contentUrl\":\"https:\/\/ismfrance.org\/wp-content\/uploads\/2020\/12\/00.png\",\"width\":400,\"height\":400,\"caption\":\"International Solidarity Movement\"},\"image\":{\"@id\":\"https:\/\/ismfrance.org\/#\/schema\/logo\/image\/\"},\"sameAs\":[\"https:\/\/x.com\/ISMFRANCE\"]},{\"@type\":\"Person\",\"@id\":\"https:\/\/ismfrance.org\/#\/schema\/person\/3c411eb72adfaae19c0dca1f41fae01d\",\"name\":\"mru_01\",\"image\":{\"@type\":\"ImageObject\",\"inLanguage\":\"fr-FR\",\"@id\":\"https:\/\/secure.gravatar.com\/avatar\/3a0be343b445d2ccc79e87444a294fad2b232e90d2051d0e3cc219e1ecd6a330?s=96&d=mm&r=g\",\"url\":\"https:\/\/secure.gravatar.com\/avatar\/3a0be343b445d2ccc79e87444a294fad2b232e90d2051d0e3cc219e1ecd6a330?s=96&d=mm&r=g\",\"contentUrl\":\"https:\/\/secure.gravatar.com\/avatar\/3a0be343b445d2ccc79e87444a294fad2b232e90d2051d0e3cc219e1ecd6a330?s=96&d=mm&r=g\",\"caption\":\"mru_01\"},\"url\":\"https:\/\/ismfrance.org\/index.php\/author\/admin02\/\"}]}<\/script>\n<!-- \/ Yoast SEO plugin. -->","yoast_head_json":{"title":"Le colonialisme est remis en question mais \u00e9galement renforc\u00e9 sur les campus universitaires - International Solidarity Movement - ISM-France","robots":{"index":"index","follow":"follow","max-snippet":"max-snippet:-1","max-image-preview":"max-image-preview:large","max-video-preview":"max-video-preview:-1"},"canonical":"https:\/\/ismfrance.org\/index.php\/2024\/05\/09\/le-colonialisme-est-remis-en-question-mais-egalement-renforce-sur-les-campus-universitaires\/","og_locale":"fr_FR","og_type":"article","og_title":"Le colonialisme est remis en question mais \u00e9galement renforc\u00e9 sur les campus universitaires - International Solidarity Movement - ISM-France","og_description":"Ulises Ali Mejias, 7 mai 2024. Partout aux \u00c9tats-Unis, les universit\u00e9s sont devenues l\u2019\u00e9picentre des mouvements \u00e9tudiants s\u2019opposant \u00e0 la guerre isra\u00e9lienne contre Gaza. Les autorit\u00e9s locales et les administrations Lire la suite &rarr;","og_url":"https:\/\/ismfrance.org\/index.php\/2024\/05\/09\/le-colonialisme-est-remis-en-question-mais-egalement-renforce-sur-les-campus-universitaires\/","og_site_name":"International Solidarity Movement - ISM-France","article_published_time":"2024-05-09T08:14:28+00:00","og_image":[{"width":567,"height":578,"url":"https:\/\/ismfrance.org\/wp-content\/uploads\/2024\/05\/sao-paulo.png","type":"image\/png"}],"author":"mru_01","twitter_card":"summary_large_image","twitter_creator":"@ISMFRANCE","twitter_site":"@ISMFRANCE","twitter_misc":{"\u00c9crit par":"mru_01","Dur\u00e9e de lecture estim\u00e9e":"6 minutes"},"schema":{"@context":"https:\/\/schema.org","@graph":[{"@type":"Article","@id":"https:\/\/ismfrance.org\/index.php\/2024\/05\/09\/le-colonialisme-est-remis-en-question-mais-egalement-renforce-sur-les-campus-universitaires\/#article","isPartOf":{"@id":"https:\/\/ismfrance.org\/index.php\/2024\/05\/09\/le-colonialisme-est-remis-en-question-mais-egalement-renforce-sur-les-campus-universitaires\/"},"author":{"name":"mru_01","@id":"https:\/\/ismfrance.org\/#\/schema\/person\/3c411eb72adfaae19c0dca1f41fae01d"},"headline":"Le colonialisme est remis en question mais \u00e9galement renforc\u00e9 sur les campus universitaires","datePublished":"2024-05-09T08:14:28+00:00","mainEntityOfPage":{"@id":"https:\/\/ismfrance.org\/index.php\/2024\/05\/09\/le-colonialisme-est-remis-en-question-mais-egalement-renforce-sur-les-campus-universitaires\/"},"wordCount":1111,"publisher":{"@id":"https:\/\/ismfrance.org\/#organization"},"image":{"@id":"https:\/\/ismfrance.org\/index.php\/2024\/05\/09\/le-colonialisme-est-remis-en-question-mais-egalement-renforce-sur-les-campus-universitaires\/#primaryimage"},"thumbnailUrl":"https:\/\/ismfrance.org\/wp-content\/uploads\/2024\/05\/sao-paulo.png","keywords":["colonialisme","Etudiants","R\u00e9sistance"],"articleSection":["Analyses","Articles"],"inLanguage":"fr-FR"},{"@type":"WebPage","@id":"https:\/\/ismfrance.org\/index.php\/2024\/05\/09\/le-colonialisme-est-remis-en-question-mais-egalement-renforce-sur-les-campus-universitaires\/","url":"https:\/\/ismfrance.org\/index.php\/2024\/05\/09\/le-colonialisme-est-remis-en-question-mais-egalement-renforce-sur-les-campus-universitaires\/","name":"Le colonialisme est remis en question mais \u00e9galement renforc\u00e9 sur les campus universitaires - International Solidarity Movement - ISM-France","isPartOf":{"@id":"https:\/\/ismfrance.org\/#website"},"primaryImageOfPage":{"@id":"https:\/\/ismfrance.org\/index.php\/2024\/05\/09\/le-colonialisme-est-remis-en-question-mais-egalement-renforce-sur-les-campus-universitaires\/#primaryimage"},"image":{"@id":"https:\/\/ismfrance.org\/index.php\/2024\/05\/09\/le-colonialisme-est-remis-en-question-mais-egalement-renforce-sur-les-campus-universitaires\/#primaryimage"},"thumbnailUrl":"https:\/\/ismfrance.org\/wp-content\/uploads\/2024\/05\/sao-paulo.png","datePublished":"2024-05-09T08:14:28+00:00","breadcrumb":{"@id":"https:\/\/ismfrance.org\/index.php\/2024\/05\/09\/le-colonialisme-est-remis-en-question-mais-egalement-renforce-sur-les-campus-universitaires\/#breadcrumb"},"inLanguage":"fr-FR","potentialAction":[{"@type":"ReadAction","target":["https:\/\/ismfrance.org\/index.php\/2024\/05\/09\/le-colonialisme-est-remis-en-question-mais-egalement-renforce-sur-les-campus-universitaires\/"]}]},{"@type":"ImageObject","inLanguage":"fr-FR","@id":"https:\/\/ismfrance.org\/index.php\/2024\/05\/09\/le-colonialisme-est-remis-en-question-mais-egalement-renforce-sur-les-campus-universitaires\/#primaryimage","url":"https:\/\/ismfrance.org\/wp-content\/uploads\/2024\/05\/sao-paulo.png","contentUrl":"https:\/\/ismfrance.org\/wp-content\/uploads\/2024\/05\/sao-paulo.png","width":567,"height":578},{"@type":"BreadcrumbList","@id":"https:\/\/ismfrance.org\/index.php\/2024\/05\/09\/le-colonialisme-est-remis-en-question-mais-egalement-renforce-sur-les-campus-universitaires\/#breadcrumb","itemListElement":[{"@type":"ListItem","position":1,"name":"Accueil","item":"https:\/\/ismfrance.org\/"},{"@type":"ListItem","position":2,"name":"Le colonialisme est remis en question mais \u00e9galement renforc\u00e9 sur les campus universitaires"}]},{"@type":"WebSite","@id":"https:\/\/ismfrance.org\/#website","url":"https:\/\/ismfrance.org\/","name":"ISM Palestine France","description":"Soutien aux luttes de lib\u00e9ration du peuple palestinien","publisher":{"@id":"https:\/\/ismfrance.org\/#organization"},"potentialAction":[{"@type":"SearchAction","target":{"@type":"EntryPoint","urlTemplate":"https:\/\/ismfrance.org\/?s={search_term_string}"},"query-input":{"@type":"PropertyValueSpecification","valueRequired":true,"valueName":"search_term_string"}}],"inLanguage":"fr-FR"},{"@type":"Organization","@id":"https:\/\/ismfrance.org\/#organization","name":"International Solidarity Movement","url":"https:\/\/ismfrance.org\/","logo":{"@type":"ImageObject","inLanguage":"fr-FR","@id":"https:\/\/ismfrance.org\/#\/schema\/logo\/image\/","url":"https:\/\/ismfrance.org\/wp-content\/uploads\/2020\/12\/00.png","contentUrl":"https:\/\/ismfrance.org\/wp-content\/uploads\/2020\/12\/00.png","width":400,"height":400,"caption":"International Solidarity Movement"},"image":{"@id":"https:\/\/ismfrance.org\/#\/schema\/logo\/image\/"},"sameAs":["https:\/\/x.com\/ISMFRANCE"]},{"@type":"Person","@id":"https:\/\/ismfrance.org\/#\/schema\/person\/3c411eb72adfaae19c0dca1f41fae01d","name":"mru_01","image":{"@type":"ImageObject","inLanguage":"fr-FR","@id":"https:\/\/secure.gravatar.com\/avatar\/3a0be343b445d2ccc79e87444a294fad2b232e90d2051d0e3cc219e1ecd6a330?s=96&d=mm&r=g","url":"https:\/\/secure.gravatar.com\/avatar\/3a0be343b445d2ccc79e87444a294fad2b232e90d2051d0e3cc219e1ecd6a330?s=96&d=mm&r=g","contentUrl":"https:\/\/secure.gravatar.com\/avatar\/3a0be343b445d2ccc79e87444a294fad2b232e90d2051d0e3cc219e1ecd6a330?s=96&d=mm&r=g","caption":"mru_01"},"url":"https:\/\/ismfrance.org\/index.php\/author\/admin02\/"}]}},"_links":{"self":[{"href":"https:\/\/ismfrance.org\/index.php\/wp-json\/wp\/v2\/posts\/11304","targetHints":{"allow":["GET"]}}],"collection":[{"href":"https:\/\/ismfrance.org\/index.php\/wp-json\/wp\/v2\/posts"}],"about":[{"href":"https:\/\/ismfrance.org\/index.php\/wp-json\/wp\/v2\/types\/post"}],"author":[{"embeddable":true,"href":"https:\/\/ismfrance.org\/index.php\/wp-json\/wp\/v2\/users\/3"}],"replies":[{"embeddable":true,"href":"https:\/\/ismfrance.org\/index.php\/wp-json\/wp\/v2\/comments?post=11304"}],"version-history":[{"count":0,"href":"https:\/\/ismfrance.org\/index.php\/wp-json\/wp\/v2\/posts\/11304\/revisions"}],"wp:featuredmedia":[{"embeddable":true,"href":"https:\/\/ismfrance.org\/index.php\/wp-json\/wp\/v2\/media\/11313"}],"wp:attachment":[{"href":"https:\/\/ismfrance.org\/index.php\/wp-json\/wp\/v2\/media?parent=11304"}],"wp:term":[{"taxonomy":"category","embeddable":true,"href":"https:\/\/ismfrance.org\/index.php\/wp-json\/wp\/v2\/categories?post=11304"},{"taxonomy":"post_tag","embeddable":true,"href":"https:\/\/ismfrance.org\/index.php\/wp-json\/wp\/v2\/tags?post=11304"}],"curies":[{"name":"wp","href":"https:\/\/api.w.org\/{rel}","templated":true}]}}