{"id":11293,"date":"2024-05-08T18:35:13","date_gmt":"2024-05-08T16:35:13","guid":{"rendered":"https:\/\/ismfrance.org\/?p=11293"},"modified":"2024-12-05T16:17:01","modified_gmt":"2024-12-05T15:17:01","slug":"temoignages-de-gazaouis-la-survie-qui-sorganise-au-jour-le-jour-dans-lenfer-de-gaza-partie-73-7-mai-2","status":"publish","type":"post","link":"https:\/\/ismfrance.org\/index.php\/2024\/05\/08\/temoignages-de-gazaouis-la-survie-qui-sorganise-au-jour-le-jour-dans-lenfer-de-gaza-partie-73-7-mai-2\/","title":{"rendered":"T\u00e9moignages de Gazaouis : La survie qui s\u2019organise au jour le jour dans l\u2019enfer de Gaza \u2013 partie 73 \/ 7 mai (2)"},"content":{"rendered":"<p><span style=\"color: #000000;\"><span style=\"font-family: Tahoma, sans-serif;\"><span style=\"font-size: medium;\"><b>Brigitte Challande, 8 mai 2024. <\/b>Suite aux chroniques quotidiennes que je lui transmets, dans un souci de dialogue permanent, <strong>Abu Amir envoie ce texte de r\u00e9flexion le 7 mai \u00e0 23h.<\/strong><\/span><\/span><\/span><\/p>\n<blockquote><p>Cliquez ici pour consulter les <a href=\"https:\/\/ismfrance.org\/index.php\/temoignages-gazaouis-survie-enfer-gaza-1\/\" rel=\"noopener\" target=\"_blank\">R\u00e9cits complets<\/a>.<\/p><\/blockquote>\n<div id=\"attachment_11297\" style=\"width: 610px\" class=\"wp-caption alignnone\"><a href=\"https:\/\/ismfrance.org\/wp-content\/uploads\/2024\/05\/etudiants.jpeg\"><img loading=\"lazy\" decoding=\"async\" aria-describedby=\"caption-attachment-11297\" class=\"size-large wp-image-11297\" src=\"https:\/\/ismfrance.org\/wp-content\/uploads\/2024\/05\/etudiants-700x507.jpeg\" alt=\"\" width=\"600\" height=\"435\" srcset=\"https:\/\/ismfrance.org\/wp-content\/uploads\/2024\/05\/etudiants-700x507.jpeg 700w, https:\/\/ismfrance.org\/wp-content\/uploads\/2024\/05\/etudiants-300x217.jpeg 300w, https:\/\/ismfrance.org\/wp-content\/uploads\/2024\/05\/etudiants-768x557.jpeg 768w, https:\/\/ismfrance.org\/wp-content\/uploads\/2024\/05\/etudiants.jpeg 1097w\" sizes=\"auto, (max-width: 600px) 100vw, 600px\" \/><\/a><p id=\"caption-attachment-11297\" class=\"wp-caption-text\"><em><strong>Les \u00e9tudiants en m\u00e9decine \u00e0 Gaza poursuivent leurs stages malgr\u00e9 la guerre (source : compte X <a href=\"https:\/\/twitter.com\/abrahammatar\/status\/1788233290106740886\/photo\/1\">Dr Ebraheem<\/a>)<\/strong><\/em><\/p><\/div>\n<p><span style=\"color: #000000;\"><span style=\"font-family: Tahoma, sans-serif;\"><span style=\"font-size: medium;\"><b>\u00ab\u00a0<em>Les d\u00e9fis humanitaires et les souffrances persistantes \u00e0 Gaza<\/em><\/b><\/span><\/span><\/span><\/p>\n<p><em><span style=\"color: #000000;\"><span style=\"font-family: Tahoma, sans-serif;\"><span style=\"font-size: medium;\">Au cours des sept derniers mois, Gaza a connu des transformations catastrophiques sans pr\u00e9c\u00e9dent, entra\u00eenant d\u2019\u00e9normes pertes en vies humaines et en infrastructures. Le conflit en cours a caus\u00e9 la perte de milliers de vies et de nombreux bless\u00e9s, outre la destruction de maisons qui abritaient autrefois un grand nombre d&rsquo;habitants et la perte des biens.<\/span><\/span><\/span><\/em><\/p>\n<p><em><span style=\"color: #000000;\"><span style=\"font-family: Tahoma, sans-serif;\"><span style=\"font-size: medium;\">La situation s&rsquo;est aggrav\u00e9e en raison de l&rsquo;impossibilit\u00e9 de parvenir \u00e0 un accord pour mettre fin au conflit, ce qui a conduit \u00e0 une exacerbation de la crise humanitaire. Les civils de Gaza sont ceux qui paient le prix de cette crise, vivant sous une pression constante et dans des conditions extr\u00eamement dures.<\/span><\/span><\/span><\/em><\/p>\n<p><em><span style=\"color: #000000;\"><span style=\"font-family: Tahoma, sans-serif;\"><span style=\"font-size: medium;\">Parmi les zones les plus touch\u00e9es, la ville de Rafah se distingue comme un point chaud, car un nombre croissant de personnes d\u00e9plac\u00e9es ont perdu leur maison dans le nord de Gaza et ont trouv\u00e9 un abri temporaire \u00e0 Rafah. La situation \u00e0 Rafah pose un d\u00e9fi majeur \u00e0 la communaut\u00e9 internationale et aux organisations humanitaires pour apporter soutien et assistance \u00e0 la population touch\u00e9e.<\/span><\/span><\/span><\/em><\/p>\n<p><em><span style=\"color: #000000;\"><span style=\"font-family: Tahoma, sans-serif;\"><span style=\"font-size: medium;\">Il est plus que jamais n\u00e9cessaire de se concentrer sur la fourniture d\u2019un soutien humanitaire et de solutions urgentes pour mettre fin aux crises r\u00e9currentes dans la r\u00e9gion de mani\u00e8re \u00e0 garantir la pr\u00e9servation de la dignit\u00e9 et de la vie des individus. On appelle le monde \u00e0 prendre en compte les terribles cons\u00e9quences humanitaires de ce conflit et \u00e0 \u0153uvrer s\u00e9rieusement pour mettre fin aux souffrances actuelles de la population de Gaza.<\/span><\/span><\/span><\/em><\/p>\n<div style=\"width: 478px;\" class=\"wp-video\"><video class=\"wp-video-shortcode\" id=\"video-11293-1\" width=\"478\" height=\"850\" preload=\"metadata\" controls=\"controls\"><source type=\"video\/mp4\" src=\"https:\/\/ismfrance.org\/wp-content\/uploads\/2024\/05\/WhatsApp-Video-2024-05-08-a-16.30.47_50df6807.mp4?_=1\" \/><a href=\"https:\/\/ismfrance.org\/wp-content\/uploads\/2024\/05\/WhatsApp-Video-2024-05-08-a-16.30.47_50df6807.mp4\">https:\/\/ismfrance.org\/wp-content\/uploads\/2024\/05\/WhatsApp-Video-2024-05-08-a-16.30.47_50df6807.mp4<\/a><\/video><\/div>\n<p>&nbsp;<\/p>\n<p><em><span style=\"color: #000000;\"><span style=\"font-family: Tahoma, sans-serif;\"><span style=\"font-size: medium;\"><b>Les n\u00e9gociations en cours \u00e0 Gaza : les exigences de la r\u00e9sistance et les r\u00e9percussions de la guerre sur la population<\/b><\/span><\/span><\/span><\/em><\/p>\n<p><em><span style=\"color: #000000;\"><span style=\"font-family: Tahoma, sans-serif;\"><span style=\"font-size: medium;\">\u00c0 la lumi\u00e8re de la guerre qui fait rage \u00e0 Gaza depuis des mois, des d\u00e9tails complexes apparaissent sur les n\u00e9gociations en cours et les revendications de la r\u00e9sistance. De nombreuses sources ont rapport\u00e9 que les conditions propos\u00e9es se concentrent largement sur les int\u00e9r\u00eats de la r\u00e9sistance sans consid\u00e9rer s\u00e9rieusement les r\u00e9percussions du conflit sur la population civile.<\/span><\/span><\/span><\/em><\/p>\n<p><em><span style=\"color: #000000;\"><span style=\"font-family: Tahoma, sans-serif;\"><span style=\"font-size: medium;\">La guerre a conduit \u00e0 une grande trag\u00e9die humaine ; des dizaines de milliers de personnes ont \u00e9t\u00e9 martyris\u00e9es et beaucoup ont \u00e9t\u00e9 bless\u00e9es, tandis que plus d&rsquo;un million de personnes ont \u00e9t\u00e9 contraintes de fuir le nord de la bande de Gaza vers Rafah. Alors que l&rsquo;arm\u00e9e isra\u00e9lienne occupe l&rsquo;axe de Philadelphie, qui comprend le passage de Rafah et le passage commercial, et avertit les habitants des zones orientales de la ville de Rafah de se d\u00e9placer vers la r\u00e9gion de Mawasi Khan Yunis, le d\u00e9sastre humanitaire s&rsquo;est accru et le fardeau des personnes d\u00e9plac\u00e9es a augment\u00e9. <\/span><\/span><\/span><\/em><\/p>\n<p><em><span style=\"color: #000000;\"><span style=\"font-family: Tahoma, sans-serif;\"><span style=\"font-size: medium;\">La question qui se pose aujourd\u2019hui : \u00e0 qui revient la responsabilit\u00e9 de veiller aux int\u00e9r\u00eats de la population et de lui assurer s\u00e9curit\u00e9 et stabilit\u00e9 ?<\/span><\/span><\/span><\/em><\/p>\n<p><em><span style=\"color: #000000;\"><span style=\"font-family: Tahoma, sans-serif;\"><span style=\"font-size: medium;\">Les n\u00e9gociations et les conditions protectionnistes auraient-elles d\u00fb inclure des mesures concr\u00e8tes pour garantir les soins de sant\u00e9, la s\u00e9curit\u00e9 et la reconstruction ? Quelles sont les mesures possibles pour permettre aux d\u00e9plac\u00e9s de rentrer chez eux ?<\/span><\/span><\/span><\/em><\/p>\n<p><span style=\"color: #000000;\"><span style=\"font-family: Tahoma, sans-serif;\"><span style=\"font-size: medium;\"><em>Ces questions et bien d\u2019autres doivent trouver leur chemin vers la table de n\u00e9gociation, en se concentrant non seulement sur les revendications des factions arm\u00e9es, mais \u00e9galement sur les droits et besoins fondamentaux des civils vivant sous le fardeau de la guerre.<\/em>\u00a0\u00bb<\/span><\/span><\/span><\/p>\n<hr \/>\n<p align=\"LEFT\"><strong>Retrouvez l\u2019ensemble des t\u00e9moignages d\u2019Abu Amir et Marsel :<\/strong><\/p>\n<p>*<strong>Abu Amir Mutasem Ele\u00efwa<\/strong>\u00a0est coordinateur des Projets paysans depuis 2016 au sud de la bande de Gaza et correspondant de l\u2019Union Juive Fran\u00e7aise pour la Paix.<\/p>\n<p>*<strong>Marsel Alledawi<\/strong>\u00a0est responsable du Centre Ibn Sina du nord de la bande de Gaza, centre qui se concacre au suivi \u00e9ducatif et psychologique de l\u2019enfance.<\/p>\n<p>Tous les deux sont soutenus par l\u2019UJFP en France.<\/p>\n<pre><strong><em>Pour participer \u00e0 la collecte \"Urgence Guerre \u00e0 Gaza\" : <a href=\"https:\/\/www.helloasso.com\/associations\/union-juive-francaise-pour-la-paix\/collectes\/urgence-guerre-a-gaza\">HelloAsso.com<\/a><\/em><\/strong><\/pre>\n<hr \/>\n<pre><strong><em>Les t\u00e9moignages sont \u00e9galement publi\u00e9s sur <a href=\"https:\/\/ujfp.org\/\">UJFP<\/a>; <a href=\"https:\/\/altermidi.org\/2023\/12\/27\/la-survie-qui-sorganise-au-jour-le-jour-dans-lenfer-de-gaza\/\">Altermidi.org<\/a><\/em><\/strong><\/pre>\n","protected":false},"excerpt":{"rendered":"<p>Brigitte Challande, 8 mai 2024. Suite aux chroniques quotidiennes que je lui transmets, dans un souci de dialogue permanent, Abu Amir envoie ce texte de r\u00e9flexion le 7 mai \u00e0 <a class=\"more-link\" href=\"https:\/\/ismfrance.org\/index.php\/2024\/05\/08\/temoignages-de-gazaouis-la-survie-qui-sorganise-au-jour-le-jour-dans-lenfer-de-gaza-partie-73-7-mai-2\/\">Lire la suite &rarr;<\/a><\/p>\n","protected":false},"author":3,"featured_media":11297,"comment_status":"closed","ping_status":"closed","sticky":false,"template":"","format":"standard","meta":{"footnotes":""},"categories":[2,13],"tags":[156,29,3],"class_list":["post-11293","post","type-post","status-publish","format-standard","has-post-thumbnail","hentry","category-articles","category-temoignages","tag-genocide","tag-refugies","tag-resistance"],"yoast_head":"<!-- This site is optimized with the Yoast SEO plugin v27.2 - https:\/\/yoast.com\/product\/yoast-seo-wordpress\/ -->\n<title>T\u00e9moignages de Gazaouis : La survie qui s\u2019organise au jour le jour dans l\u2019enfer de Gaza \u2013 partie 73 \/ 7 mai (2) - International Solidarity Movement - ISM-France<\/title>\n<meta name=\"robots\" content=\"index, follow, max-snippet:-1, max-image-preview:large, max-video-preview:-1\" \/>\n<link rel=\"canonical\" href=\"https:\/\/ismfrance.org\/index.php\/2024\/05\/08\/temoignages-de-gazaouis-la-survie-qui-sorganise-au-jour-le-jour-dans-lenfer-de-gaza-partie-73-7-mai-2\/\" \/>\n<meta property=\"og:locale\" content=\"fr_FR\" \/>\n<meta property=\"og:type\" content=\"article\" \/>\n<meta property=\"og:title\" content=\"T\u00e9moignages de Gazaouis : La survie qui s\u2019organise au jour le jour dans l\u2019enfer de Gaza \u2013 partie 73 \/ 7 mai (2) - International Solidarity Movement - ISM-France\" \/>\n<meta property=\"og:description\" content=\"Brigitte Challande, 8 mai 2024. Suite aux chroniques quotidiennes que je lui transmets, dans un souci de dialogue permanent, Abu Amir envoie ce texte de r\u00e9flexion le 7 mai \u00e0 Lire la suite &rarr;\" \/>\n<meta property=\"og:url\" content=\"https:\/\/ismfrance.org\/index.php\/2024\/05\/08\/temoignages-de-gazaouis-la-survie-qui-sorganise-au-jour-le-jour-dans-lenfer-de-gaza-partie-73-7-mai-2\/\" \/>\n<meta property=\"og:site_name\" content=\"International Solidarity Movement - ISM-France\" \/>\n<meta property=\"article:published_time\" content=\"2024-05-08T16:35:13+00:00\" \/>\n<meta property=\"article:modified_time\" content=\"2024-12-05T15:17:01+00:00\" \/>\n<meta property=\"og:image\" content=\"https:\/\/ismfrance.org\/wp-content\/uploads\/2024\/05\/etudiants.jpeg\" \/>\n\t<meta property=\"og:image:width\" content=\"1097\" \/>\n\t<meta property=\"og:image:height\" content=\"795\" \/>\n\t<meta property=\"og:image:type\" content=\"image\/jpeg\" \/>\n<meta name=\"author\" content=\"mru_01\" \/>\n<meta name=\"twitter:card\" content=\"summary_large_image\" \/>\n<meta name=\"twitter:creator\" content=\"@ISMFRANCE\" \/>\n<meta name=\"twitter:site\" content=\"@ISMFRANCE\" \/>\n<meta name=\"twitter:label1\" content=\"\u00c9crit par\" \/>\n\t<meta name=\"twitter:data1\" content=\"mru_01\" \/>\n\t<meta name=\"twitter:label2\" content=\"Dur\u00e9e de lecture estim\u00e9e\" \/>\n\t<meta name=\"twitter:data2\" content=\"6 minutes\" \/>\n<script type=\"application\/ld+json\" class=\"yoast-schema-graph\">{\"@context\":\"https:\/\/schema.org\",\"@graph\":[{\"@type\":\"Article\",\"@id\":\"https:\/\/ismfrance.org\/index.php\/2024\/05\/08\/temoignages-de-gazaouis-la-survie-qui-sorganise-au-jour-le-jour-dans-lenfer-de-gaza-partie-73-7-mai-2\/#article\",\"isPartOf\":{\"@id\":\"https:\/\/ismfrance.org\/index.php\/2024\/05\/08\/temoignages-de-gazaouis-la-survie-qui-sorganise-au-jour-le-jour-dans-lenfer-de-gaza-partie-73-7-mai-2\/\"},\"author\":{\"name\":\"mru_01\",\"@id\":\"https:\/\/ismfrance.org\/#\/schema\/person\/3c411eb72adfaae19c0dca1f41fae01d\"},\"headline\":\"T\u00e9moignages de Gazaouis : La survie qui s\u2019organise au jour le jour dans l\u2019enfer de Gaza \u2013 partie 73 \/ 7 mai (2)\",\"datePublished\":\"2024-05-08T16:35:13+00:00\",\"dateModified\":\"2024-12-05T15:17:01+00:00\",\"mainEntityOfPage\":{\"@id\":\"https:\/\/ismfrance.org\/index.php\/2024\/05\/08\/temoignages-de-gazaouis-la-survie-qui-sorganise-au-jour-le-jour-dans-lenfer-de-gaza-partie-73-7-mai-2\/\"},\"wordCount\":757,\"publisher\":{\"@id\":\"https:\/\/ismfrance.org\/#organization\"},\"image\":{\"@id\":\"https:\/\/ismfrance.org\/index.php\/2024\/05\/08\/temoignages-de-gazaouis-la-survie-qui-sorganise-au-jour-le-jour-dans-lenfer-de-gaza-partie-73-7-mai-2\/#primaryimage\"},\"thumbnailUrl\":\"https:\/\/ismfrance.org\/wp-content\/uploads\/2024\/05\/etudiants.jpeg\",\"keywords\":[\"G\u00e9nocide\",\"r\u00e9fugi\u00e9s\",\"R\u00e9sistance\"],\"articleSection\":[\"Articles\",\"T\u00e9moignages\"],\"inLanguage\":\"fr-FR\"},{\"@type\":\"WebPage\",\"@id\":\"https:\/\/ismfrance.org\/index.php\/2024\/05\/08\/temoignages-de-gazaouis-la-survie-qui-sorganise-au-jour-le-jour-dans-lenfer-de-gaza-partie-73-7-mai-2\/\",\"url\":\"https:\/\/ismfrance.org\/index.php\/2024\/05\/08\/temoignages-de-gazaouis-la-survie-qui-sorganise-au-jour-le-jour-dans-lenfer-de-gaza-partie-73-7-mai-2\/\",\"name\":\"T\u00e9moignages de Gazaouis : La survie qui s\u2019organise au jour le jour dans l\u2019enfer de Gaza \u2013 partie 73 \/ 7 mai (2) - International Solidarity Movement - ISM-France\",\"isPartOf\":{\"@id\":\"https:\/\/ismfrance.org\/#website\"},\"primaryImageOfPage\":{\"@id\":\"https:\/\/ismfrance.org\/index.php\/2024\/05\/08\/temoignages-de-gazaouis-la-survie-qui-sorganise-au-jour-le-jour-dans-lenfer-de-gaza-partie-73-7-mai-2\/#primaryimage\"},\"image\":{\"@id\":\"https:\/\/ismfrance.org\/index.php\/2024\/05\/08\/temoignages-de-gazaouis-la-survie-qui-sorganise-au-jour-le-jour-dans-lenfer-de-gaza-partie-73-7-mai-2\/#primaryimage\"},\"thumbnailUrl\":\"https:\/\/ismfrance.org\/wp-content\/uploads\/2024\/05\/etudiants.jpeg\",\"datePublished\":\"2024-05-08T16:35:13+00:00\",\"dateModified\":\"2024-12-05T15:17:01+00:00\",\"breadcrumb\":{\"@id\":\"https:\/\/ismfrance.org\/index.php\/2024\/05\/08\/temoignages-de-gazaouis-la-survie-qui-sorganise-au-jour-le-jour-dans-lenfer-de-gaza-partie-73-7-mai-2\/#breadcrumb\"},\"inLanguage\":\"fr-FR\",\"potentialAction\":[{\"@type\":\"ReadAction\",\"target\":[\"https:\/\/ismfrance.org\/index.php\/2024\/05\/08\/temoignages-de-gazaouis-la-survie-qui-sorganise-au-jour-le-jour-dans-lenfer-de-gaza-partie-73-7-mai-2\/\"]}]},{\"@type\":\"ImageObject\",\"inLanguage\":\"fr-FR\",\"@id\":\"https:\/\/ismfrance.org\/index.php\/2024\/05\/08\/temoignages-de-gazaouis-la-survie-qui-sorganise-au-jour-le-jour-dans-lenfer-de-gaza-partie-73-7-mai-2\/#primaryimage\",\"url\":\"https:\/\/ismfrance.org\/wp-content\/uploads\/2024\/05\/etudiants.jpeg\",\"contentUrl\":\"https:\/\/ismfrance.org\/wp-content\/uploads\/2024\/05\/etudiants.jpeg\",\"width\":1097,\"height\":795,\"caption\":\"Les \u00e9tudiants en m\u00e9decine \u00e0 Gaza poursuivent leurs stages m\u00e9dicaux malgr\u00e9 la guerre\"},{\"@type\":\"BreadcrumbList\",\"@id\":\"https:\/\/ismfrance.org\/index.php\/2024\/05\/08\/temoignages-de-gazaouis-la-survie-qui-sorganise-au-jour-le-jour-dans-lenfer-de-gaza-partie-73-7-mai-2\/#breadcrumb\",\"itemListElement\":[{\"@type\":\"ListItem\",\"position\":1,\"name\":\"Accueil\",\"item\":\"https:\/\/ismfrance.org\/\"},{\"@type\":\"ListItem\",\"position\":2,\"name\":\"T\u00e9moignages de Gazaouis : La survie qui s\u2019organise au jour le jour dans l\u2019enfer de Gaza \u2013 partie 73 \/ 7 mai (2)\"}]},{\"@type\":\"WebSite\",\"@id\":\"https:\/\/ismfrance.org\/#website\",\"url\":\"https:\/\/ismfrance.org\/\",\"name\":\"ISM Palestine France\",\"description\":\"Soutien aux luttes de lib\u00e9ration du peuple palestinien\",\"publisher\":{\"@id\":\"https:\/\/ismfrance.org\/#organization\"},\"potentialAction\":[{\"@type\":\"SearchAction\",\"target\":{\"@type\":\"EntryPoint\",\"urlTemplate\":\"https:\/\/ismfrance.org\/?s={search_term_string}\"},\"query-input\":{\"@type\":\"PropertyValueSpecification\",\"valueRequired\":true,\"valueName\":\"search_term_string\"}}],\"inLanguage\":\"fr-FR\"},{\"@type\":\"Organization\",\"@id\":\"https:\/\/ismfrance.org\/#organization\",\"name\":\"International Solidarity Movement\",\"url\":\"https:\/\/ismfrance.org\/\",\"logo\":{\"@type\":\"ImageObject\",\"inLanguage\":\"fr-FR\",\"@id\":\"https:\/\/ismfrance.org\/#\/schema\/logo\/image\/\",\"url\":\"https:\/\/ismfrance.org\/wp-content\/uploads\/2020\/12\/00.png\",\"contentUrl\":\"https:\/\/ismfrance.org\/wp-content\/uploads\/2020\/12\/00.png\",\"width\":400,\"height\":400,\"caption\":\"International Solidarity Movement\"},\"image\":{\"@id\":\"https:\/\/ismfrance.org\/#\/schema\/logo\/image\/\"},\"sameAs\":[\"https:\/\/x.com\/ISMFRANCE\"]},{\"@type\":\"Person\",\"@id\":\"https:\/\/ismfrance.org\/#\/schema\/person\/3c411eb72adfaae19c0dca1f41fae01d\",\"name\":\"mru_01\",\"image\":{\"@type\":\"ImageObject\",\"inLanguage\":\"fr-FR\",\"@id\":\"https:\/\/secure.gravatar.com\/avatar\/3a0be343b445d2ccc79e87444a294fad2b232e90d2051d0e3cc219e1ecd6a330?s=96&d=mm&r=g\",\"url\":\"https:\/\/secure.gravatar.com\/avatar\/3a0be343b445d2ccc79e87444a294fad2b232e90d2051d0e3cc219e1ecd6a330?s=96&d=mm&r=g\",\"contentUrl\":\"https:\/\/secure.gravatar.com\/avatar\/3a0be343b445d2ccc79e87444a294fad2b232e90d2051d0e3cc219e1ecd6a330?s=96&d=mm&r=g\",\"caption\":\"mru_01\"},\"url\":\"https:\/\/ismfrance.org\/index.php\/author\/admin02\/\"}]}<\/script>\n<!-- \/ Yoast SEO plugin. -->","yoast_head_json":{"title":"T\u00e9moignages de Gazaouis : La survie qui s\u2019organise au jour le jour dans l\u2019enfer de Gaza \u2013 partie 73 \/ 7 mai (2) - International Solidarity Movement - ISM-France","robots":{"index":"index","follow":"follow","max-snippet":"max-snippet:-1","max-image-preview":"max-image-preview:large","max-video-preview":"max-video-preview:-1"},"canonical":"https:\/\/ismfrance.org\/index.php\/2024\/05\/08\/temoignages-de-gazaouis-la-survie-qui-sorganise-au-jour-le-jour-dans-lenfer-de-gaza-partie-73-7-mai-2\/","og_locale":"fr_FR","og_type":"article","og_title":"T\u00e9moignages de Gazaouis : La survie qui s\u2019organise au jour le jour dans l\u2019enfer de Gaza \u2013 partie 73 \/ 7 mai (2) - International Solidarity Movement - ISM-France","og_description":"Brigitte Challande, 8 mai 2024. Suite aux chroniques quotidiennes que je lui transmets, dans un souci de dialogue permanent, Abu Amir envoie ce texte de r\u00e9flexion le 7 mai \u00e0 Lire la suite &rarr;","og_url":"https:\/\/ismfrance.org\/index.php\/2024\/05\/08\/temoignages-de-gazaouis-la-survie-qui-sorganise-au-jour-le-jour-dans-lenfer-de-gaza-partie-73-7-mai-2\/","og_site_name":"International Solidarity Movement - ISM-France","article_published_time":"2024-05-08T16:35:13+00:00","article_modified_time":"2024-12-05T15:17:01+00:00","og_image":[{"width":1097,"height":795,"url":"https:\/\/ismfrance.org\/wp-content\/uploads\/2024\/05\/etudiants.jpeg","type":"image\/jpeg"}],"author":"mru_01","twitter_card":"summary_large_image","twitter_creator":"@ISMFRANCE","twitter_site":"@ISMFRANCE","twitter_misc":{"\u00c9crit par":"mru_01","Dur\u00e9e de lecture estim\u00e9e":"6 minutes"},"schema":{"@context":"https:\/\/schema.org","@graph":[{"@type":"Article","@id":"https:\/\/ismfrance.org\/index.php\/2024\/05\/08\/temoignages-de-gazaouis-la-survie-qui-sorganise-au-jour-le-jour-dans-lenfer-de-gaza-partie-73-7-mai-2\/#article","isPartOf":{"@id":"https:\/\/ismfrance.org\/index.php\/2024\/05\/08\/temoignages-de-gazaouis-la-survie-qui-sorganise-au-jour-le-jour-dans-lenfer-de-gaza-partie-73-7-mai-2\/"},"author":{"name":"mru_01","@id":"https:\/\/ismfrance.org\/#\/schema\/person\/3c411eb72adfaae19c0dca1f41fae01d"},"headline":"T\u00e9moignages de Gazaouis : La survie qui s\u2019organise au jour le jour dans l\u2019enfer de Gaza \u2013 partie 73 \/ 7 mai (2)","datePublished":"2024-05-08T16:35:13+00:00","dateModified":"2024-12-05T15:17:01+00:00","mainEntityOfPage":{"@id":"https:\/\/ismfrance.org\/index.php\/2024\/05\/08\/temoignages-de-gazaouis-la-survie-qui-sorganise-au-jour-le-jour-dans-lenfer-de-gaza-partie-73-7-mai-2\/"},"wordCount":757,"publisher":{"@id":"https:\/\/ismfrance.org\/#organization"},"image":{"@id":"https:\/\/ismfrance.org\/index.php\/2024\/05\/08\/temoignages-de-gazaouis-la-survie-qui-sorganise-au-jour-le-jour-dans-lenfer-de-gaza-partie-73-7-mai-2\/#primaryimage"},"thumbnailUrl":"https:\/\/ismfrance.org\/wp-content\/uploads\/2024\/05\/etudiants.jpeg","keywords":["G\u00e9nocide","r\u00e9fugi\u00e9s","R\u00e9sistance"],"articleSection":["Articles","T\u00e9moignages"],"inLanguage":"fr-FR"},{"@type":"WebPage","@id":"https:\/\/ismfrance.org\/index.php\/2024\/05\/08\/temoignages-de-gazaouis-la-survie-qui-sorganise-au-jour-le-jour-dans-lenfer-de-gaza-partie-73-7-mai-2\/","url":"https:\/\/ismfrance.org\/index.php\/2024\/05\/08\/temoignages-de-gazaouis-la-survie-qui-sorganise-au-jour-le-jour-dans-lenfer-de-gaza-partie-73-7-mai-2\/","name":"T\u00e9moignages de Gazaouis : La survie qui s\u2019organise au jour le jour dans l\u2019enfer de Gaza \u2013 partie 73 \/ 7 mai (2) - International Solidarity Movement - ISM-France","isPartOf":{"@id":"https:\/\/ismfrance.org\/#website"},"primaryImageOfPage":{"@id":"https:\/\/ismfrance.org\/index.php\/2024\/05\/08\/temoignages-de-gazaouis-la-survie-qui-sorganise-au-jour-le-jour-dans-lenfer-de-gaza-partie-73-7-mai-2\/#primaryimage"},"image":{"@id":"https:\/\/ismfrance.org\/index.php\/2024\/05\/08\/temoignages-de-gazaouis-la-survie-qui-sorganise-au-jour-le-jour-dans-lenfer-de-gaza-partie-73-7-mai-2\/#primaryimage"},"thumbnailUrl":"https:\/\/ismfrance.org\/wp-content\/uploads\/2024\/05\/etudiants.jpeg","datePublished":"2024-05-08T16:35:13+00:00","dateModified":"2024-12-05T15:17:01+00:00","breadcrumb":{"@id":"https:\/\/ismfrance.org\/index.php\/2024\/05\/08\/temoignages-de-gazaouis-la-survie-qui-sorganise-au-jour-le-jour-dans-lenfer-de-gaza-partie-73-7-mai-2\/#breadcrumb"},"inLanguage":"fr-FR","potentialAction":[{"@type":"ReadAction","target":["https:\/\/ismfrance.org\/index.php\/2024\/05\/08\/temoignages-de-gazaouis-la-survie-qui-sorganise-au-jour-le-jour-dans-lenfer-de-gaza-partie-73-7-mai-2\/"]}]},{"@type":"ImageObject","inLanguage":"fr-FR","@id":"https:\/\/ismfrance.org\/index.php\/2024\/05\/08\/temoignages-de-gazaouis-la-survie-qui-sorganise-au-jour-le-jour-dans-lenfer-de-gaza-partie-73-7-mai-2\/#primaryimage","url":"https:\/\/ismfrance.org\/wp-content\/uploads\/2024\/05\/etudiants.jpeg","contentUrl":"https:\/\/ismfrance.org\/wp-content\/uploads\/2024\/05\/etudiants.jpeg","width":1097,"height":795,"caption":"Les \u00e9tudiants en m\u00e9decine \u00e0 Gaza poursuivent leurs stages m\u00e9dicaux malgr\u00e9 la guerre"},{"@type":"BreadcrumbList","@id":"https:\/\/ismfrance.org\/index.php\/2024\/05\/08\/temoignages-de-gazaouis-la-survie-qui-sorganise-au-jour-le-jour-dans-lenfer-de-gaza-partie-73-7-mai-2\/#breadcrumb","itemListElement":[{"@type":"ListItem","position":1,"name":"Accueil","item":"https:\/\/ismfrance.org\/"},{"@type":"ListItem","position":2,"name":"T\u00e9moignages de Gazaouis : La survie qui s\u2019organise au jour le jour dans l\u2019enfer de Gaza \u2013 partie 73 \/ 7 mai (2)"}]},{"@type":"WebSite","@id":"https:\/\/ismfrance.org\/#website","url":"https:\/\/ismfrance.org\/","name":"ISM Palestine France","description":"Soutien aux luttes de lib\u00e9ration du peuple palestinien","publisher":{"@id":"https:\/\/ismfrance.org\/#organization"},"potentialAction":[{"@type":"SearchAction","target":{"@type":"EntryPoint","urlTemplate":"https:\/\/ismfrance.org\/?s={search_term_string}"},"query-input":{"@type":"PropertyValueSpecification","valueRequired":true,"valueName":"search_term_string"}}],"inLanguage":"fr-FR"},{"@type":"Organization","@id":"https:\/\/ismfrance.org\/#organization","name":"International Solidarity Movement","url":"https:\/\/ismfrance.org\/","logo":{"@type":"ImageObject","inLanguage":"fr-FR","@id":"https:\/\/ismfrance.org\/#\/schema\/logo\/image\/","url":"https:\/\/ismfrance.org\/wp-content\/uploads\/2020\/12\/00.png","contentUrl":"https:\/\/ismfrance.org\/wp-content\/uploads\/2020\/12\/00.png","width":400,"height":400,"caption":"International Solidarity Movement"},"image":{"@id":"https:\/\/ismfrance.org\/#\/schema\/logo\/image\/"},"sameAs":["https:\/\/x.com\/ISMFRANCE"]},{"@type":"Person","@id":"https:\/\/ismfrance.org\/#\/schema\/person\/3c411eb72adfaae19c0dca1f41fae01d","name":"mru_01","image":{"@type":"ImageObject","inLanguage":"fr-FR","@id":"https:\/\/secure.gravatar.com\/avatar\/3a0be343b445d2ccc79e87444a294fad2b232e90d2051d0e3cc219e1ecd6a330?s=96&d=mm&r=g","url":"https:\/\/secure.gravatar.com\/avatar\/3a0be343b445d2ccc79e87444a294fad2b232e90d2051d0e3cc219e1ecd6a330?s=96&d=mm&r=g","contentUrl":"https:\/\/secure.gravatar.com\/avatar\/3a0be343b445d2ccc79e87444a294fad2b232e90d2051d0e3cc219e1ecd6a330?s=96&d=mm&r=g","caption":"mru_01"},"url":"https:\/\/ismfrance.org\/index.php\/author\/admin02\/"}]}},"_links":{"self":[{"href":"https:\/\/ismfrance.org\/index.php\/wp-json\/wp\/v2\/posts\/11293","targetHints":{"allow":["GET"]}}],"collection":[{"href":"https:\/\/ismfrance.org\/index.php\/wp-json\/wp\/v2\/posts"}],"about":[{"href":"https:\/\/ismfrance.org\/index.php\/wp-json\/wp\/v2\/types\/post"}],"author":[{"embeddable":true,"href":"https:\/\/ismfrance.org\/index.php\/wp-json\/wp\/v2\/users\/3"}],"replies":[{"embeddable":true,"href":"https:\/\/ismfrance.org\/index.php\/wp-json\/wp\/v2\/comments?post=11293"}],"version-history":[{"count":0,"href":"https:\/\/ismfrance.org\/index.php\/wp-json\/wp\/v2\/posts\/11293\/revisions"}],"wp:featuredmedia":[{"embeddable":true,"href":"https:\/\/ismfrance.org\/index.php\/wp-json\/wp\/v2\/media\/11297"}],"wp:attachment":[{"href":"https:\/\/ismfrance.org\/index.php\/wp-json\/wp\/v2\/media?parent=11293"}],"wp:term":[{"taxonomy":"category","embeddable":true,"href":"https:\/\/ismfrance.org\/index.php\/wp-json\/wp\/v2\/categories?post=11293"},{"taxonomy":"post_tag","embeddable":true,"href":"https:\/\/ismfrance.org\/index.php\/wp-json\/wp\/v2\/tags?post=11293"}],"curies":[{"name":"wp","href":"https:\/\/api.w.org\/{rel}","templated":true}]}}