{"id":11273,"date":"2024-05-07T18:21:07","date_gmt":"2024-05-07T16:21:07","guid":{"rendered":"https:\/\/ismfrance.org\/?p=11273"},"modified":"2024-05-07T18:21:07","modified_gmt":"2024-05-07T16:21:07","slug":"lap-exige-que-marwan-barghouti-soit-exclu-de-laccord-de-liberation-des-prisonniers","status":"publish","type":"post","link":"https:\/\/ismfrance.org\/index.php\/2024\/05\/07\/lap-exige-que-marwan-barghouti-soit-exclu-de-laccord-de-liberation-des-prisonniers\/","title":{"rendered":"L&rsquo;AP exige que Marwan Barghouti soit exclu de l&rsquo;accord de lib\u00e9ration des prisonniers\u00a0"},"content":{"rendered":"<p><span style=\"color: #000000;\"><span style=\"font-family: Trebuchet MS, sans-serif;\"><span style=\"font-size: medium;\"><strong>The Cradle, 7 mai 2024<\/strong>. De hauts responsables de l\u2019Autorit\u00e9 palestinienne (AP) ont demand\u00e9 aux m\u00e9diateurs impliqu<\/span>\u00e9s dans les initiatives de tr\u00eave \u00e0 Gaza d\u2019exclure le chef emprisonn\u00e9 du Fatah, Marwan Barghouti, de tout accord potentiel d\u2019\u00e9change de prisonniers entre Isra\u00ebl et la r\u00e9sistance palestinienne, selon <a href=\"https:\/\/www.middleeasteye.net\/fr\/actu-et-enquetes\/des-responsables-de-lautorite-palestinienne-sopposent-la-liberation-de-marouane\"><i>Middle East Eye<\/i><\/a> (MEE).<\/span><\/span><\/p>\n<p><a href=\"https:\/\/ismfrance.org\/wp-content\/uploads\/2024\/05\/bargouthi.jpg\"><img loading=\"lazy\" decoding=\"async\" class=\"alignnone size-full wp-image-11275\" src=\"https:\/\/ismfrance.org\/wp-content\/uploads\/2024\/05\/bargouthi.jpg\" alt=\"\" width=\"640\" height=\"400\" srcset=\"https:\/\/ismfrance.org\/wp-content\/uploads\/2024\/05\/bargouthi.jpg 640w, https:\/\/ismfrance.org\/wp-content\/uploads\/2024\/05\/bargouthi-300x188.jpg 300w\" sizes=\"auto, (max-width: 640px) 100vw, 640px\" \/><\/a><\/p>\n<p><span style=\"color: #000000;\"><span style=\"font-family: Trebuchet MS, sans-serif;\">\u00ab La demande \u00e9mane de Majid Faraj, directeur des renseignements g\u00e9n\u00e9raux palestiniens, et Hussein al-Sheikh, secr\u00e9taire g\u00e9n\u00e9ral du comit\u00e9 ex\u00e9cutif de l&rsquo;Organisation de lib\u00e9ration de la Palestine (OLP) \u00bb, a d\u00e9clar\u00e9 une source \u00e0 <i>MEE<\/i> le 5 mai, ajoutant que de hauts responsables de l&rsquo;AP estiment que \u00ab la lib\u00e9ration de Barghouti menacerait le leadership du pr\u00e9sident de l\u2019AP Mahmoud Abbas \u00bb.<\/span><\/span><\/p>\n<p><span style=\"color: #000000;\"><span style=\"font-family: Trebuchet MS, sans-serif;\">Les \u00c9tats-Unis, qui participent aux pourparlers de m\u00e9diation, ont accept\u00e9 d&rsquo;exclure Barghouti de toute liste de prisonniers fournie par le Hamas, ajoute le rapport.<\/span><\/span><\/p>\n<p><span style=\"color: #000000;\"><span style=\"font-family: Trebuchet MS, sans-serif;\">La source a d\u00e9clar\u00e9 que le Hamas insisterait tr\u00e8s probablement pour la lib\u00e9ration de Barghouti, comme le groupe l\u2019avait d\u00e9j\u00e0 d\u00e9clar\u00e9. Toutefois, les n\u00e9gociations n&rsquo;ont pas atteint le stade de l&rsquo;\u00e9change de listes de noms de prisonniers, a ajout\u00e9 la source.<\/span><\/span><\/p>\n<p><span style=\"color: #000000;\"><span style=\"font-family: Trebuchet MS, sans-serif;\">Des sources ont d\u00e9clar\u00e9 en mars au journal <i>Arab21<\/i> bas\u00e9 \u00e0 Londres que les \u00c9tats-Unis et Isra\u00ebl \u00e9taient <a href=\"https:\/\/thecradle.co\/articles-id\/24067\">oppos\u00e9s<\/a> \u00e0 la lib\u00e9ration de Barghouti et qu\u2019Isra\u00ebl avait exerc\u00e9 d\u2019importantes pressions sur Washington \u00e0 cet \u00e9gard.<\/span><\/span><\/p>\n<p><span style=\"color: #000000;\"><span style=\"font-family: Trebuchet MS, sans-serif;\">Selon des observateurs cit\u00e9s par le m\u00e9dia, le pr\u00e9sident de l\u2019Autorit\u00e9 palestinienne Mahmoud Abbas craint une \u00ab grave polarisation \u00bb au sein du mouvement Fatah si Barghouti est lib\u00e9r\u00e9 \u2013 compte tenu de sa popularit\u00e9 parmi les Palestiniens.<\/span><\/span><\/p>\n<p><span style=\"color: #000000;\"><span style=\"font-family: Trebuchet MS, sans-serif;\">Un sondage publi\u00e9 le 20 mars \u2013 r\u00e9alis\u00e9 par le Centre palestinien de recherche sur les politiques et les sondages (<a href=\"https:\/\/www.pcpsr.org\/en\/node\/969\">PCPSR<\/a>) \u2013 indique que dans le cas d\u2019\u00e9lections hypoth\u00e9tiques, Barghouti obtiendrait la majorit\u00e9 du soutien des Palestiniens.<\/span><\/span><\/p>\n<p><span style=\"color: #000000;\"><span style=\"font-family: Trebuchet MS, sans-serif;\">\u00ab Lors des \u00e9lections pr\u00e9sidentielles contre l\u2019actuel pr\u00e9sident Mahmoud Abbas et le chef du Hamas Ismail Haniyeh, Barghouti remporte la majorit\u00e9 des participants aux \u00e9lections. Dans une comp\u00e9tition \u00e0 double sens entre Barghouti et Haniyeh, le premier l&#8217;emporte avec plus de 60 pour cent des votants participants. Ces r\u00e9sultats indiquent une augmentation de 11 points du vote pour Barghouti parmi les \u00e9lecteurs et une baisse de 8 points du vote pour Haniyeh \u00bb, indique le sondage.<\/span><\/span><\/p>\n<p><span style=\"color: #000000;\"><span style=\"font-family: Trebuchet MS, sans-serif;\">Barghouti purge actuellement une peine \u00e0 perp\u00e9tuit\u00e9 dans la prison isra\u00e9lienne de Megiddo. Il est emprisonn\u00e9 depuis 2002, deuxi\u00e8me ann\u00e9e de la deuxi\u00e8me Intifada, pour implication dans le meurtre d&rsquo;Isra\u00e9liens. Le leader du Fatah emprisonn\u00e9 \u00e9tait un partisan de la r\u00e9sistance arm\u00e9e du groupe contre Isra\u00ebl.<\/span><\/span><\/p>\n<p><span style=\"color: #000000;\"><span style=\"font-family: Trebuchet MS, sans-serif;\">Selon l\u2019Autorit\u00e9 palestinienne des prisonniers et anciens d\u00e9tenus, Barghouti fait face \u00e0 de graves menaces de mort dans la prison isra\u00e9lienne.<\/span><\/span><\/p>\n<p><span style=\"color: #000000;\"><span style=\"font-family: Trebuchet MS, sans-serif;\">Les pourparlers de tr\u00eave ont \u00e9chou\u00e9 ces derniers jours, Isra\u00ebl insistant pour poursuivre son assaut pr\u00e9vu contre la ville de Rafah, au sud de Gaza, et le Hamas r\u00e9it\u00e9rant qu&rsquo;il n&rsquo;acceptera rien de moins qu&rsquo;un cessez-le-feu permanent, la fin de la guerre et le retrait des troupes de Gaza.<\/span><\/span><\/p>\n","protected":false},"excerpt":{"rendered":"<p>The Cradle, 7 mai 2024. De hauts responsables de l\u2019Autorit\u00e9 palestinienne (AP) ont demand\u00e9 aux m\u00e9diateurs impliqu\u00e9s dans les initiatives de tr\u00eave \u00e0 Gaza d\u2019exclure le chef emprisonn\u00e9 du Fatah, <a class=\"more-link\" href=\"https:\/\/ismfrance.org\/index.php\/2024\/05\/07\/lap-exige-que-marwan-barghouti-soit-exclu-de-laccord-de-liberation-des-prisonniers\/\">Lire la suite &rarr;<\/a><\/p>\n","protected":false},"author":3,"featured_media":11275,"comment_status":"closed","ping_status":"closed","sticky":false,"template":"","format":"standard","meta":{"footnotes":""},"categories":[12,2],"tags":[53,281],"class_list":["post-11273","post","type-post","status-publish","format-standard","has-post-thumbnail","hentry","category-analyses","category-articles","tag-collabos","tag-echange-de-prisonniers"],"yoast_head":"<!-- This site is optimized with the Yoast SEO plugin v27.2 - https:\/\/yoast.com\/product\/yoast-seo-wordpress\/ -->\n<title>L&#039;AP exige que Marwan Barghouti soit exclu de l&#039;accord de lib\u00e9ration des prisonniers\u00a0 - International Solidarity Movement - ISM-France<\/title>\n<meta name=\"robots\" content=\"index, follow, max-snippet:-1, max-image-preview:large, max-video-preview:-1\" \/>\n<link rel=\"canonical\" href=\"https:\/\/ismfrance.org\/index.php\/2024\/05\/07\/lap-exige-que-marwan-barghouti-soit-exclu-de-laccord-de-liberation-des-prisonniers\/\" \/>\n<meta property=\"og:locale\" content=\"fr_FR\" \/>\n<meta property=\"og:type\" content=\"article\" \/>\n<meta property=\"og:title\" content=\"L&#039;AP exige que Marwan Barghouti soit exclu de l&#039;accord de lib\u00e9ration des prisonniers\u00a0 - International Solidarity Movement - ISM-France\" \/>\n<meta property=\"og:description\" content=\"The Cradle, 7 mai 2024. De hauts responsables de l\u2019Autorit\u00e9 palestinienne (AP) ont demand\u00e9 aux m\u00e9diateurs impliqu\u00e9s dans les initiatives de tr\u00eave \u00e0 Gaza d\u2019exclure le chef emprisonn\u00e9 du Fatah, Lire la suite &rarr;\" \/>\n<meta property=\"og:url\" content=\"https:\/\/ismfrance.org\/index.php\/2024\/05\/07\/lap-exige-que-marwan-barghouti-soit-exclu-de-laccord-de-liberation-des-prisonniers\/\" \/>\n<meta property=\"og:site_name\" content=\"International Solidarity Movement - ISM-France\" \/>\n<meta property=\"article:published_time\" content=\"2024-05-07T16:21:07+00:00\" \/>\n<meta property=\"og:image\" content=\"https:\/\/ismfrance.org\/wp-content\/uploads\/2024\/05\/bargouthi.jpg\" \/>\n\t<meta property=\"og:image:width\" content=\"640\" \/>\n\t<meta property=\"og:image:height\" content=\"400\" \/>\n\t<meta property=\"og:image:type\" content=\"image\/jpeg\" \/>\n<meta name=\"author\" content=\"mru_01\" \/>\n<meta name=\"twitter:card\" content=\"summary_large_image\" \/>\n<meta name=\"twitter:creator\" content=\"@ISMFRANCE\" \/>\n<meta name=\"twitter:site\" content=\"@ISMFRANCE\" \/>\n<meta name=\"twitter:label1\" content=\"\u00c9crit par\" \/>\n\t<meta name=\"twitter:data1\" content=\"mru_01\" \/>\n\t<meta name=\"twitter:label2\" content=\"Dur\u00e9e de lecture estim\u00e9e\" \/>\n\t<meta name=\"twitter:data2\" content=\"3 minutes\" \/>\n<script type=\"application\/ld+json\" class=\"yoast-schema-graph\">{\"@context\":\"https:\/\/schema.org\",\"@graph\":[{\"@type\":\"Article\",\"@id\":\"https:\/\/ismfrance.org\/index.php\/2024\/05\/07\/lap-exige-que-marwan-barghouti-soit-exclu-de-laccord-de-liberation-des-prisonniers\/#article\",\"isPartOf\":{\"@id\":\"https:\/\/ismfrance.org\/index.php\/2024\/05\/07\/lap-exige-que-marwan-barghouti-soit-exclu-de-laccord-de-liberation-des-prisonniers\/\"},\"author\":{\"name\":\"mru_01\",\"@id\":\"https:\/\/ismfrance.org\/#\/schema\/person\/3c411eb72adfaae19c0dca1f41fae01d\"},\"headline\":\"L&rsquo;AP exige que Marwan Barghouti soit exclu de l&rsquo;accord de lib\u00e9ration des prisonniers\u00a0\",\"datePublished\":\"2024-05-07T16:21:07+00:00\",\"mainEntityOfPage\":{\"@id\":\"https:\/\/ismfrance.org\/index.php\/2024\/05\/07\/lap-exige-que-marwan-barghouti-soit-exclu-de-laccord-de-liberation-des-prisonniers\/\"},\"wordCount\":542,\"publisher\":{\"@id\":\"https:\/\/ismfrance.org\/#organization\"},\"image\":{\"@id\":\"https:\/\/ismfrance.org\/index.php\/2024\/05\/07\/lap-exige-que-marwan-barghouti-soit-exclu-de-laccord-de-liberation-des-prisonniers\/#primaryimage\"},\"thumbnailUrl\":\"https:\/\/ismfrance.org\/wp-content\/uploads\/2024\/05\/bargouthi.jpg\",\"keywords\":[\"Collabos\",\"\u00e9change de prisonniers\"],\"articleSection\":[\"Analyses\",\"Articles\"],\"inLanguage\":\"fr-FR\"},{\"@type\":\"WebPage\",\"@id\":\"https:\/\/ismfrance.org\/index.php\/2024\/05\/07\/lap-exige-que-marwan-barghouti-soit-exclu-de-laccord-de-liberation-des-prisonniers\/\",\"url\":\"https:\/\/ismfrance.org\/index.php\/2024\/05\/07\/lap-exige-que-marwan-barghouti-soit-exclu-de-laccord-de-liberation-des-prisonniers\/\",\"name\":\"L'AP exige que Marwan Barghouti soit exclu de l'accord de lib\u00e9ration des prisonniers\u00a0 - International Solidarity Movement - ISM-France\",\"isPartOf\":{\"@id\":\"https:\/\/ismfrance.org\/#website\"},\"primaryImageOfPage\":{\"@id\":\"https:\/\/ismfrance.org\/index.php\/2024\/05\/07\/lap-exige-que-marwan-barghouti-soit-exclu-de-laccord-de-liberation-des-prisonniers\/#primaryimage\"},\"image\":{\"@id\":\"https:\/\/ismfrance.org\/index.php\/2024\/05\/07\/lap-exige-que-marwan-barghouti-soit-exclu-de-laccord-de-liberation-des-prisonniers\/#primaryimage\"},\"thumbnailUrl\":\"https:\/\/ismfrance.org\/wp-content\/uploads\/2024\/05\/bargouthi.jpg\",\"datePublished\":\"2024-05-07T16:21:07+00:00\",\"breadcrumb\":{\"@id\":\"https:\/\/ismfrance.org\/index.php\/2024\/05\/07\/lap-exige-que-marwan-barghouti-soit-exclu-de-laccord-de-liberation-des-prisonniers\/#breadcrumb\"},\"inLanguage\":\"fr-FR\",\"potentialAction\":[{\"@type\":\"ReadAction\",\"target\":[\"https:\/\/ismfrance.org\/index.php\/2024\/05\/07\/lap-exige-que-marwan-barghouti-soit-exclu-de-laccord-de-liberation-des-prisonniers\/\"]}]},{\"@type\":\"ImageObject\",\"inLanguage\":\"fr-FR\",\"@id\":\"https:\/\/ismfrance.org\/index.php\/2024\/05\/07\/lap-exige-que-marwan-barghouti-soit-exclu-de-laccord-de-liberation-des-prisonniers\/#primaryimage\",\"url\":\"https:\/\/ismfrance.org\/wp-content\/uploads\/2024\/05\/bargouthi.jpg\",\"contentUrl\":\"https:\/\/ismfrance.org\/wp-content\/uploads\/2024\/05\/bargouthi.jpg\",\"width\":640,\"height\":400},{\"@type\":\"BreadcrumbList\",\"@id\":\"https:\/\/ismfrance.org\/index.php\/2024\/05\/07\/lap-exige-que-marwan-barghouti-soit-exclu-de-laccord-de-liberation-des-prisonniers\/#breadcrumb\",\"itemListElement\":[{\"@type\":\"ListItem\",\"position\":1,\"name\":\"Accueil\",\"item\":\"https:\/\/ismfrance.org\/\"},{\"@type\":\"ListItem\",\"position\":2,\"name\":\"L&#8217;AP exige que Marwan Barghouti soit exclu de l&#8217;accord de lib\u00e9ration des prisonniers\u00a0\"}]},{\"@type\":\"WebSite\",\"@id\":\"https:\/\/ismfrance.org\/#website\",\"url\":\"https:\/\/ismfrance.org\/\",\"name\":\"ISM Palestine France\",\"description\":\"Soutien aux luttes de lib\u00e9ration du peuple palestinien\",\"publisher\":{\"@id\":\"https:\/\/ismfrance.org\/#organization\"},\"potentialAction\":[{\"@type\":\"SearchAction\",\"target\":{\"@type\":\"EntryPoint\",\"urlTemplate\":\"https:\/\/ismfrance.org\/?s={search_term_string}\"},\"query-input\":{\"@type\":\"PropertyValueSpecification\",\"valueRequired\":true,\"valueName\":\"search_term_string\"}}],\"inLanguage\":\"fr-FR\"},{\"@type\":\"Organization\",\"@id\":\"https:\/\/ismfrance.org\/#organization\",\"name\":\"International Solidarity Movement\",\"url\":\"https:\/\/ismfrance.org\/\",\"logo\":{\"@type\":\"ImageObject\",\"inLanguage\":\"fr-FR\",\"@id\":\"https:\/\/ismfrance.org\/#\/schema\/logo\/image\/\",\"url\":\"https:\/\/ismfrance.org\/wp-content\/uploads\/2020\/12\/00.png\",\"contentUrl\":\"https:\/\/ismfrance.org\/wp-content\/uploads\/2020\/12\/00.png\",\"width\":400,\"height\":400,\"caption\":\"International Solidarity Movement\"},\"image\":{\"@id\":\"https:\/\/ismfrance.org\/#\/schema\/logo\/image\/\"},\"sameAs\":[\"https:\/\/x.com\/ISMFRANCE\"]},{\"@type\":\"Person\",\"@id\":\"https:\/\/ismfrance.org\/#\/schema\/person\/3c411eb72adfaae19c0dca1f41fae01d\",\"name\":\"mru_01\",\"image\":{\"@type\":\"ImageObject\",\"inLanguage\":\"fr-FR\",\"@id\":\"https:\/\/secure.gravatar.com\/avatar\/3a0be343b445d2ccc79e87444a294fad2b232e90d2051d0e3cc219e1ecd6a330?s=96&d=mm&r=g\",\"url\":\"https:\/\/secure.gravatar.com\/avatar\/3a0be343b445d2ccc79e87444a294fad2b232e90d2051d0e3cc219e1ecd6a330?s=96&d=mm&r=g\",\"contentUrl\":\"https:\/\/secure.gravatar.com\/avatar\/3a0be343b445d2ccc79e87444a294fad2b232e90d2051d0e3cc219e1ecd6a330?s=96&d=mm&r=g\",\"caption\":\"mru_01\"},\"url\":\"https:\/\/ismfrance.org\/index.php\/author\/admin02\/\"}]}<\/script>\n<!-- \/ Yoast SEO plugin. -->","yoast_head_json":{"title":"L'AP exige que Marwan Barghouti soit exclu de l'accord de lib\u00e9ration des prisonniers\u00a0 - International Solidarity Movement - ISM-France","robots":{"index":"index","follow":"follow","max-snippet":"max-snippet:-1","max-image-preview":"max-image-preview:large","max-video-preview":"max-video-preview:-1"},"canonical":"https:\/\/ismfrance.org\/index.php\/2024\/05\/07\/lap-exige-que-marwan-barghouti-soit-exclu-de-laccord-de-liberation-des-prisonniers\/","og_locale":"fr_FR","og_type":"article","og_title":"L'AP exige que Marwan Barghouti soit exclu de l'accord de lib\u00e9ration des prisonniers\u00a0 - International Solidarity Movement - ISM-France","og_description":"The Cradle, 7 mai 2024. De hauts responsables de l\u2019Autorit\u00e9 palestinienne (AP) ont demand\u00e9 aux m\u00e9diateurs impliqu\u00e9s dans les initiatives de tr\u00eave \u00e0 Gaza d\u2019exclure le chef emprisonn\u00e9 du Fatah, Lire la suite &rarr;","og_url":"https:\/\/ismfrance.org\/index.php\/2024\/05\/07\/lap-exige-que-marwan-barghouti-soit-exclu-de-laccord-de-liberation-des-prisonniers\/","og_site_name":"International Solidarity Movement - ISM-France","article_published_time":"2024-05-07T16:21:07+00:00","og_image":[{"width":640,"height":400,"url":"https:\/\/ismfrance.org\/wp-content\/uploads\/2024\/05\/bargouthi.jpg","type":"image\/jpeg"}],"author":"mru_01","twitter_card":"summary_large_image","twitter_creator":"@ISMFRANCE","twitter_site":"@ISMFRANCE","twitter_misc":{"\u00c9crit par":"mru_01","Dur\u00e9e de lecture estim\u00e9e":"3 minutes"},"schema":{"@context":"https:\/\/schema.org","@graph":[{"@type":"Article","@id":"https:\/\/ismfrance.org\/index.php\/2024\/05\/07\/lap-exige-que-marwan-barghouti-soit-exclu-de-laccord-de-liberation-des-prisonniers\/#article","isPartOf":{"@id":"https:\/\/ismfrance.org\/index.php\/2024\/05\/07\/lap-exige-que-marwan-barghouti-soit-exclu-de-laccord-de-liberation-des-prisonniers\/"},"author":{"name":"mru_01","@id":"https:\/\/ismfrance.org\/#\/schema\/person\/3c411eb72adfaae19c0dca1f41fae01d"},"headline":"L&rsquo;AP exige que Marwan Barghouti soit exclu de l&rsquo;accord de lib\u00e9ration des prisonniers\u00a0","datePublished":"2024-05-07T16:21:07+00:00","mainEntityOfPage":{"@id":"https:\/\/ismfrance.org\/index.php\/2024\/05\/07\/lap-exige-que-marwan-barghouti-soit-exclu-de-laccord-de-liberation-des-prisonniers\/"},"wordCount":542,"publisher":{"@id":"https:\/\/ismfrance.org\/#organization"},"image":{"@id":"https:\/\/ismfrance.org\/index.php\/2024\/05\/07\/lap-exige-que-marwan-barghouti-soit-exclu-de-laccord-de-liberation-des-prisonniers\/#primaryimage"},"thumbnailUrl":"https:\/\/ismfrance.org\/wp-content\/uploads\/2024\/05\/bargouthi.jpg","keywords":["Collabos","\u00e9change de prisonniers"],"articleSection":["Analyses","Articles"],"inLanguage":"fr-FR"},{"@type":"WebPage","@id":"https:\/\/ismfrance.org\/index.php\/2024\/05\/07\/lap-exige-que-marwan-barghouti-soit-exclu-de-laccord-de-liberation-des-prisonniers\/","url":"https:\/\/ismfrance.org\/index.php\/2024\/05\/07\/lap-exige-que-marwan-barghouti-soit-exclu-de-laccord-de-liberation-des-prisonniers\/","name":"L'AP exige que Marwan Barghouti soit exclu de l'accord de lib\u00e9ration des prisonniers\u00a0 - International Solidarity Movement - ISM-France","isPartOf":{"@id":"https:\/\/ismfrance.org\/#website"},"primaryImageOfPage":{"@id":"https:\/\/ismfrance.org\/index.php\/2024\/05\/07\/lap-exige-que-marwan-barghouti-soit-exclu-de-laccord-de-liberation-des-prisonniers\/#primaryimage"},"image":{"@id":"https:\/\/ismfrance.org\/index.php\/2024\/05\/07\/lap-exige-que-marwan-barghouti-soit-exclu-de-laccord-de-liberation-des-prisonniers\/#primaryimage"},"thumbnailUrl":"https:\/\/ismfrance.org\/wp-content\/uploads\/2024\/05\/bargouthi.jpg","datePublished":"2024-05-07T16:21:07+00:00","breadcrumb":{"@id":"https:\/\/ismfrance.org\/index.php\/2024\/05\/07\/lap-exige-que-marwan-barghouti-soit-exclu-de-laccord-de-liberation-des-prisonniers\/#breadcrumb"},"inLanguage":"fr-FR","potentialAction":[{"@type":"ReadAction","target":["https:\/\/ismfrance.org\/index.php\/2024\/05\/07\/lap-exige-que-marwan-barghouti-soit-exclu-de-laccord-de-liberation-des-prisonniers\/"]}]},{"@type":"ImageObject","inLanguage":"fr-FR","@id":"https:\/\/ismfrance.org\/index.php\/2024\/05\/07\/lap-exige-que-marwan-barghouti-soit-exclu-de-laccord-de-liberation-des-prisonniers\/#primaryimage","url":"https:\/\/ismfrance.org\/wp-content\/uploads\/2024\/05\/bargouthi.jpg","contentUrl":"https:\/\/ismfrance.org\/wp-content\/uploads\/2024\/05\/bargouthi.jpg","width":640,"height":400},{"@type":"BreadcrumbList","@id":"https:\/\/ismfrance.org\/index.php\/2024\/05\/07\/lap-exige-que-marwan-barghouti-soit-exclu-de-laccord-de-liberation-des-prisonniers\/#breadcrumb","itemListElement":[{"@type":"ListItem","position":1,"name":"Accueil","item":"https:\/\/ismfrance.org\/"},{"@type":"ListItem","position":2,"name":"L&#8217;AP exige que Marwan Barghouti soit exclu de l&#8217;accord de lib\u00e9ration des prisonniers\u00a0"}]},{"@type":"WebSite","@id":"https:\/\/ismfrance.org\/#website","url":"https:\/\/ismfrance.org\/","name":"ISM Palestine France","description":"Soutien aux luttes de lib\u00e9ration du peuple palestinien","publisher":{"@id":"https:\/\/ismfrance.org\/#organization"},"potentialAction":[{"@type":"SearchAction","target":{"@type":"EntryPoint","urlTemplate":"https:\/\/ismfrance.org\/?s={search_term_string}"},"query-input":{"@type":"PropertyValueSpecification","valueRequired":true,"valueName":"search_term_string"}}],"inLanguage":"fr-FR"},{"@type":"Organization","@id":"https:\/\/ismfrance.org\/#organization","name":"International Solidarity Movement","url":"https:\/\/ismfrance.org\/","logo":{"@type":"ImageObject","inLanguage":"fr-FR","@id":"https:\/\/ismfrance.org\/#\/schema\/logo\/image\/","url":"https:\/\/ismfrance.org\/wp-content\/uploads\/2020\/12\/00.png","contentUrl":"https:\/\/ismfrance.org\/wp-content\/uploads\/2020\/12\/00.png","width":400,"height":400,"caption":"International Solidarity Movement"},"image":{"@id":"https:\/\/ismfrance.org\/#\/schema\/logo\/image\/"},"sameAs":["https:\/\/x.com\/ISMFRANCE"]},{"@type":"Person","@id":"https:\/\/ismfrance.org\/#\/schema\/person\/3c411eb72adfaae19c0dca1f41fae01d","name":"mru_01","image":{"@type":"ImageObject","inLanguage":"fr-FR","@id":"https:\/\/secure.gravatar.com\/avatar\/3a0be343b445d2ccc79e87444a294fad2b232e90d2051d0e3cc219e1ecd6a330?s=96&d=mm&r=g","url":"https:\/\/secure.gravatar.com\/avatar\/3a0be343b445d2ccc79e87444a294fad2b232e90d2051d0e3cc219e1ecd6a330?s=96&d=mm&r=g","contentUrl":"https:\/\/secure.gravatar.com\/avatar\/3a0be343b445d2ccc79e87444a294fad2b232e90d2051d0e3cc219e1ecd6a330?s=96&d=mm&r=g","caption":"mru_01"},"url":"https:\/\/ismfrance.org\/index.php\/author\/admin02\/"}]}},"_links":{"self":[{"href":"https:\/\/ismfrance.org\/index.php\/wp-json\/wp\/v2\/posts\/11273","targetHints":{"allow":["GET"]}}],"collection":[{"href":"https:\/\/ismfrance.org\/index.php\/wp-json\/wp\/v2\/posts"}],"about":[{"href":"https:\/\/ismfrance.org\/index.php\/wp-json\/wp\/v2\/types\/post"}],"author":[{"embeddable":true,"href":"https:\/\/ismfrance.org\/index.php\/wp-json\/wp\/v2\/users\/3"}],"replies":[{"embeddable":true,"href":"https:\/\/ismfrance.org\/index.php\/wp-json\/wp\/v2\/comments?post=11273"}],"version-history":[{"count":0,"href":"https:\/\/ismfrance.org\/index.php\/wp-json\/wp\/v2\/posts\/11273\/revisions"}],"wp:featuredmedia":[{"embeddable":true,"href":"https:\/\/ismfrance.org\/index.php\/wp-json\/wp\/v2\/media\/11275"}],"wp:attachment":[{"href":"https:\/\/ismfrance.org\/index.php\/wp-json\/wp\/v2\/media?parent=11273"}],"wp:term":[{"taxonomy":"category","embeddable":true,"href":"https:\/\/ismfrance.org\/index.php\/wp-json\/wp\/v2\/categories?post=11273"},{"taxonomy":"post_tag","embeddable":true,"href":"https:\/\/ismfrance.org\/index.php\/wp-json\/wp\/v2\/tags?post=11273"}],"curies":[{"name":"wp","href":"https:\/\/api.w.org\/{rel}","templated":true}]}}