{"id":11165,"date":"2024-05-03T17:16:22","date_gmt":"2024-05-03T15:16:22","guid":{"rendered":"https:\/\/ismfrance.org\/?p=11165"},"modified":"2024-05-03T17:16:22","modified_gmt":"2024-05-03T15:16:22","slug":"marseille-avec-la-palestine-dimanche-5-mai-a-14h-porte-daix","status":"publish","type":"post","link":"https:\/\/ismfrance.org\/index.php\/2024\/05\/03\/marseille-avec-la-palestine-dimanche-5-mai-a-14h-porte-daix\/","title":{"rendered":"MARSEILLE AVEC LA PALESTINE, dimanche 5 mai \u00e0 14h Porte d&rsquo;Aix"},"content":{"rendered":"<p><span style=\"color: #000000;\"><span style=\"font-family: Tahoma, sans-serif;\"><span style=\"font-size: medium;\">Les sionistes sont aux abois<br \/>\nL\u2019empire panique<br \/>\nLa Palestine va se lib\u00e9rer et le monde avec elle<br \/>\nCar<br \/>\nL\u2019Axe de la R\u00e9sistance continuera d\u2019attaquer l\u2019entit\u00e9 sioniste, jusqu\u2019au cessez-le-feu<br \/>\nL\u2019Assembl\u00e9e G\u00e9n\u00e9rale des Nations Unies a vot\u00e9 pour reconna\u00eetre l\u2019Etat palestinien<br \/>\nLa Colombie a rompu les relations diplomatiques avec les sionistes, disant :<br \/>\n\u00ab Si la Palestine meurt, l\u2019humanit\u00e9 meurt.. et nous ne la laisserons pas mourir \u00bb<br \/>\nLes grandes puissances comme Chine et Russie soutiennent la lib\u00e9ration nationale<br \/>\nLa CPI rassemble des preuves contre sataniahou<br \/>\nLes \u00e9tudiants aux usa et un peu partout occupent leurs universit\u00e9s pour Gaza<br \/>\nET les citoyens du monde entier manifestent sans faiblir depuis plus de 6 mois<\/span><\/span><\/span><\/p>\n<p><strong><span style=\"color: #000000;\"><span style=\"font-family: Tahoma, sans-serif;\"><span style=\"font-size: medium;\">Continuons \u00e0 repr\u00e9senter la volont\u00e9 mondiale et descendons dans la rue nombreux \u00e0 MARSEILLE\u00a0 <\/span><\/span><\/span><\/strong><strong><span style=\"color: #000000;\"><span style=\"font-family: Tahoma, sans-serif;\"><span style=\"font-size: medium;\">Dimanche 5 mai \u00e0 14H \u00a0\u00e0 la PORTE d\u2019AIX<\/span><\/span><\/span><\/strong><\/p>\n<p style=\"text-align: left;\"><strong><span style=\"color: #000000;\"><span style=\"font-family: Tahoma, sans-serif;\"><span style=\"font-size: medium;\">DE LA MER AU JOURDAIN<br \/>\nLA PALESTINE AUX PALESTINIENS !<\/span><\/span><\/span><\/strong><\/p>\n<p><a href=\"https:\/\/ismfrance.org\/wp-content\/uploads\/2024\/05\/marseille-dimanche-5-mai.jpg\"><img loading=\"lazy\" decoding=\"async\" class=\"alignnone size-large wp-image-11166\" src=\"https:\/\/ismfrance.org\/wp-content\/uploads\/2024\/05\/marseille-dimanche-5-mai-494x700.jpg\" alt=\"\" width=\"494\" height=\"700\" srcset=\"https:\/\/ismfrance.org\/wp-content\/uploads\/2024\/05\/marseille-dimanche-5-mai-494x700.jpg 494w, https:\/\/ismfrance.org\/wp-content\/uploads\/2024\/05\/marseille-dimanche-5-mai-212x300.jpg 212w, https:\/\/ismfrance.org\/wp-content\/uploads\/2024\/05\/marseille-dimanche-5-mai-768x1087.jpg 768w, https:\/\/ismfrance.org\/wp-content\/uploads\/2024\/05\/marseille-dimanche-5-mai.jpg 904w\" sizes=\"auto, (max-width: 494px) 100vw, 494px\" \/><\/a><\/p>\n","protected":false},"excerpt":{"rendered":"<p>Les sionistes sont aux abois L\u2019empire panique La Palestine va se lib\u00e9rer et le monde avec elle Car L\u2019Axe de la R\u00e9sistance continuera d\u2019attaquer l\u2019entit\u00e9 sioniste, jusqu\u2019au cessez-le-feu L\u2019Assembl\u00e9e G\u00e9n\u00e9rale <a class=\"more-link\" href=\"https:\/\/ismfrance.org\/index.php\/2024\/05\/03\/marseille-avec-la-palestine-dimanche-5-mai-a-14h-porte-daix\/\">Lire la suite &rarr;<\/a><\/p>\n","protected":false},"author":3,"featured_media":11166,"comment_status":"closed","ping_status":"closed","sticky":false,"template":"","format":"standard","meta":{"footnotes":""},"categories":[2,14],"tags":[44],"class_list":["post-11165","post","type-post","status-publish","format-standard","has-post-thumbnail","hentry","category-articles","category-communiques","tag-materiel-militant"],"yoast_head":"<!-- This site is optimized with the Yoast SEO plugin v27.2 - https:\/\/yoast.com\/product\/yoast-seo-wordpress\/ -->\n<title>MARSEILLE AVEC LA PALESTINE, dimanche 5 mai \u00e0 14h Porte d&#039;Aix - International Solidarity Movement - ISM-France<\/title>\n<meta name=\"robots\" content=\"index, follow, max-snippet:-1, max-image-preview:large, max-video-preview:-1\" \/>\n<link rel=\"canonical\" href=\"https:\/\/ismfrance.org\/index.php\/2024\/05\/03\/marseille-avec-la-palestine-dimanche-5-mai-a-14h-porte-daix\/\" \/>\n<meta property=\"og:locale\" content=\"fr_FR\" \/>\n<meta property=\"og:type\" content=\"article\" \/>\n<meta property=\"og:title\" content=\"MARSEILLE AVEC LA PALESTINE, dimanche 5 mai \u00e0 14h Porte d&#039;Aix - International Solidarity Movement - ISM-France\" \/>\n<meta property=\"og:description\" content=\"Les sionistes sont aux abois L\u2019empire panique La Palestine va se lib\u00e9rer et le monde avec elle Car L\u2019Axe de la R\u00e9sistance continuera d\u2019attaquer l\u2019entit\u00e9 sioniste, jusqu\u2019au cessez-le-feu L\u2019Assembl\u00e9e G\u00e9n\u00e9rale Lire la suite &rarr;\" \/>\n<meta property=\"og:url\" content=\"https:\/\/ismfrance.org\/index.php\/2024\/05\/03\/marseille-avec-la-palestine-dimanche-5-mai-a-14h-porte-daix\/\" \/>\n<meta property=\"og:site_name\" content=\"International Solidarity Movement - ISM-France\" \/>\n<meta property=\"article:published_time\" content=\"2024-05-03T15:16:22+00:00\" \/>\n<meta property=\"og:image\" content=\"https:\/\/ismfrance.org\/wp-content\/uploads\/2024\/05\/marseille-dimanche-5-mai.jpg\" \/>\n\t<meta property=\"og:image:width\" content=\"904\" \/>\n\t<meta property=\"og:image:height\" content=\"1280\" \/>\n\t<meta property=\"og:image:type\" content=\"image\/jpeg\" \/>\n<meta name=\"author\" content=\"mru_01\" \/>\n<meta name=\"twitter:card\" content=\"summary_large_image\" \/>\n<meta name=\"twitter:creator\" content=\"@ISMFRANCE\" \/>\n<meta name=\"twitter:site\" content=\"@ISMFRANCE\" \/>\n<meta name=\"twitter:label1\" content=\"\u00c9crit par\" \/>\n\t<meta name=\"twitter:data1\" content=\"mru_01\" \/>\n\t<meta name=\"twitter:label2\" content=\"Dur\u00e9e de lecture estim\u00e9e\" \/>\n\t<meta name=\"twitter:data2\" content=\"2 minutes\" \/>\n<script type=\"application\/ld+json\" class=\"yoast-schema-graph\">{\"@context\":\"https:\/\/schema.org\",\"@graph\":[{\"@type\":\"Article\",\"@id\":\"https:\/\/ismfrance.org\/index.php\/2024\/05\/03\/marseille-avec-la-palestine-dimanche-5-mai-a-14h-porte-daix\/#article\",\"isPartOf\":{\"@id\":\"https:\/\/ismfrance.org\/index.php\/2024\/05\/03\/marseille-avec-la-palestine-dimanche-5-mai-a-14h-porte-daix\/\"},\"author\":{\"name\":\"mru_01\",\"@id\":\"https:\/\/ismfrance.org\/#\/schema\/person\/3c411eb72adfaae19c0dca1f41fae01d\"},\"headline\":\"MARSEILLE AVEC LA PALESTINE, dimanche 5 mai \u00e0 14h Porte d&rsquo;Aix\",\"datePublished\":\"2024-05-03T15:16:22+00:00\",\"mainEntityOfPage\":{\"@id\":\"https:\/\/ismfrance.org\/index.php\/2024\/05\/03\/marseille-avec-la-palestine-dimanche-5-mai-a-14h-porte-daix\/\"},\"wordCount\":162,\"publisher\":{\"@id\":\"https:\/\/ismfrance.org\/#organization\"},\"image\":{\"@id\":\"https:\/\/ismfrance.org\/index.php\/2024\/05\/03\/marseille-avec-la-palestine-dimanche-5-mai-a-14h-porte-daix\/#primaryimage\"},\"thumbnailUrl\":\"https:\/\/ismfrance.org\/wp-content\/uploads\/2024\/05\/marseille-dimanche-5-mai.jpg\",\"keywords\":[\"mat\u00e9riel militant\"],\"articleSection\":[\"Articles\",\"Communiqu\u00e9s\"],\"inLanguage\":\"fr-FR\"},{\"@type\":\"WebPage\",\"@id\":\"https:\/\/ismfrance.org\/index.php\/2024\/05\/03\/marseille-avec-la-palestine-dimanche-5-mai-a-14h-porte-daix\/\",\"url\":\"https:\/\/ismfrance.org\/index.php\/2024\/05\/03\/marseille-avec-la-palestine-dimanche-5-mai-a-14h-porte-daix\/\",\"name\":\"MARSEILLE AVEC LA PALESTINE, dimanche 5 mai \u00e0 14h Porte d'Aix - International Solidarity Movement - ISM-France\",\"isPartOf\":{\"@id\":\"https:\/\/ismfrance.org\/#website\"},\"primaryImageOfPage\":{\"@id\":\"https:\/\/ismfrance.org\/index.php\/2024\/05\/03\/marseille-avec-la-palestine-dimanche-5-mai-a-14h-porte-daix\/#primaryimage\"},\"image\":{\"@id\":\"https:\/\/ismfrance.org\/index.php\/2024\/05\/03\/marseille-avec-la-palestine-dimanche-5-mai-a-14h-porte-daix\/#primaryimage\"},\"thumbnailUrl\":\"https:\/\/ismfrance.org\/wp-content\/uploads\/2024\/05\/marseille-dimanche-5-mai.jpg\",\"datePublished\":\"2024-05-03T15:16:22+00:00\",\"breadcrumb\":{\"@id\":\"https:\/\/ismfrance.org\/index.php\/2024\/05\/03\/marseille-avec-la-palestine-dimanche-5-mai-a-14h-porte-daix\/#breadcrumb\"},\"inLanguage\":\"fr-FR\",\"potentialAction\":[{\"@type\":\"ReadAction\",\"target\":[\"https:\/\/ismfrance.org\/index.php\/2024\/05\/03\/marseille-avec-la-palestine-dimanche-5-mai-a-14h-porte-daix\/\"]}]},{\"@type\":\"ImageObject\",\"inLanguage\":\"fr-FR\",\"@id\":\"https:\/\/ismfrance.org\/index.php\/2024\/05\/03\/marseille-avec-la-palestine-dimanche-5-mai-a-14h-porte-daix\/#primaryimage\",\"url\":\"https:\/\/ismfrance.org\/wp-content\/uploads\/2024\/05\/marseille-dimanche-5-mai.jpg\",\"contentUrl\":\"https:\/\/ismfrance.org\/wp-content\/uploads\/2024\/05\/marseille-dimanche-5-mai.jpg\",\"width\":904,\"height\":1280},{\"@type\":\"BreadcrumbList\",\"@id\":\"https:\/\/ismfrance.org\/index.php\/2024\/05\/03\/marseille-avec-la-palestine-dimanche-5-mai-a-14h-porte-daix\/#breadcrumb\",\"itemListElement\":[{\"@type\":\"ListItem\",\"position\":1,\"name\":\"Accueil\",\"item\":\"https:\/\/ismfrance.org\/\"},{\"@type\":\"ListItem\",\"position\":2,\"name\":\"MARSEILLE AVEC LA PALESTINE, dimanche 5 mai \u00e0 14h Porte d&#8217;Aix\"}]},{\"@type\":\"WebSite\",\"@id\":\"https:\/\/ismfrance.org\/#website\",\"url\":\"https:\/\/ismfrance.org\/\",\"name\":\"ISM Palestine France\",\"description\":\"Soutien aux luttes de lib\u00e9ration du peuple palestinien\",\"publisher\":{\"@id\":\"https:\/\/ismfrance.org\/#organization\"},\"potentialAction\":[{\"@type\":\"SearchAction\",\"target\":{\"@type\":\"EntryPoint\",\"urlTemplate\":\"https:\/\/ismfrance.org\/?s={search_term_string}\"},\"query-input\":{\"@type\":\"PropertyValueSpecification\",\"valueRequired\":true,\"valueName\":\"search_term_string\"}}],\"inLanguage\":\"fr-FR\"},{\"@type\":\"Organization\",\"@id\":\"https:\/\/ismfrance.org\/#organization\",\"name\":\"International Solidarity Movement\",\"url\":\"https:\/\/ismfrance.org\/\",\"logo\":{\"@type\":\"ImageObject\",\"inLanguage\":\"fr-FR\",\"@id\":\"https:\/\/ismfrance.org\/#\/schema\/logo\/image\/\",\"url\":\"https:\/\/ismfrance.org\/wp-content\/uploads\/2020\/12\/00.png\",\"contentUrl\":\"https:\/\/ismfrance.org\/wp-content\/uploads\/2020\/12\/00.png\",\"width\":400,\"height\":400,\"caption\":\"International Solidarity Movement\"},\"image\":{\"@id\":\"https:\/\/ismfrance.org\/#\/schema\/logo\/image\/\"},\"sameAs\":[\"https:\/\/x.com\/ISMFRANCE\"]},{\"@type\":\"Person\",\"@id\":\"https:\/\/ismfrance.org\/#\/schema\/person\/3c411eb72adfaae19c0dca1f41fae01d\",\"name\":\"mru_01\",\"image\":{\"@type\":\"ImageObject\",\"inLanguage\":\"fr-FR\",\"@id\":\"https:\/\/secure.gravatar.com\/avatar\/3a0be343b445d2ccc79e87444a294fad2b232e90d2051d0e3cc219e1ecd6a330?s=96&d=mm&r=g\",\"url\":\"https:\/\/secure.gravatar.com\/avatar\/3a0be343b445d2ccc79e87444a294fad2b232e90d2051d0e3cc219e1ecd6a330?s=96&d=mm&r=g\",\"contentUrl\":\"https:\/\/secure.gravatar.com\/avatar\/3a0be343b445d2ccc79e87444a294fad2b232e90d2051d0e3cc219e1ecd6a330?s=96&d=mm&r=g\",\"caption\":\"mru_01\"},\"url\":\"https:\/\/ismfrance.org\/index.php\/author\/admin02\/\"}]}<\/script>\n<!-- \/ Yoast SEO plugin. -->","yoast_head_json":{"title":"MARSEILLE AVEC LA PALESTINE, dimanche 5 mai \u00e0 14h Porte d'Aix - International Solidarity Movement - ISM-France","robots":{"index":"index","follow":"follow","max-snippet":"max-snippet:-1","max-image-preview":"max-image-preview:large","max-video-preview":"max-video-preview:-1"},"canonical":"https:\/\/ismfrance.org\/index.php\/2024\/05\/03\/marseille-avec-la-palestine-dimanche-5-mai-a-14h-porte-daix\/","og_locale":"fr_FR","og_type":"article","og_title":"MARSEILLE AVEC LA PALESTINE, dimanche 5 mai \u00e0 14h Porte d'Aix - International Solidarity Movement - ISM-France","og_description":"Les sionistes sont aux abois L\u2019empire panique La Palestine va se lib\u00e9rer et le monde avec elle Car L\u2019Axe de la R\u00e9sistance continuera d\u2019attaquer l\u2019entit\u00e9 sioniste, jusqu\u2019au cessez-le-feu L\u2019Assembl\u00e9e G\u00e9n\u00e9rale Lire la suite &rarr;","og_url":"https:\/\/ismfrance.org\/index.php\/2024\/05\/03\/marseille-avec-la-palestine-dimanche-5-mai-a-14h-porte-daix\/","og_site_name":"International Solidarity Movement - ISM-France","article_published_time":"2024-05-03T15:16:22+00:00","og_image":[{"width":904,"height":1280,"url":"https:\/\/ismfrance.org\/wp-content\/uploads\/2024\/05\/marseille-dimanche-5-mai.jpg","type":"image\/jpeg"}],"author":"mru_01","twitter_card":"summary_large_image","twitter_creator":"@ISMFRANCE","twitter_site":"@ISMFRANCE","twitter_misc":{"\u00c9crit par":"mru_01","Dur\u00e9e de lecture estim\u00e9e":"2 minutes"},"schema":{"@context":"https:\/\/schema.org","@graph":[{"@type":"Article","@id":"https:\/\/ismfrance.org\/index.php\/2024\/05\/03\/marseille-avec-la-palestine-dimanche-5-mai-a-14h-porte-daix\/#article","isPartOf":{"@id":"https:\/\/ismfrance.org\/index.php\/2024\/05\/03\/marseille-avec-la-palestine-dimanche-5-mai-a-14h-porte-daix\/"},"author":{"name":"mru_01","@id":"https:\/\/ismfrance.org\/#\/schema\/person\/3c411eb72adfaae19c0dca1f41fae01d"},"headline":"MARSEILLE AVEC LA PALESTINE, dimanche 5 mai \u00e0 14h Porte d&rsquo;Aix","datePublished":"2024-05-03T15:16:22+00:00","mainEntityOfPage":{"@id":"https:\/\/ismfrance.org\/index.php\/2024\/05\/03\/marseille-avec-la-palestine-dimanche-5-mai-a-14h-porte-daix\/"},"wordCount":162,"publisher":{"@id":"https:\/\/ismfrance.org\/#organization"},"image":{"@id":"https:\/\/ismfrance.org\/index.php\/2024\/05\/03\/marseille-avec-la-palestine-dimanche-5-mai-a-14h-porte-daix\/#primaryimage"},"thumbnailUrl":"https:\/\/ismfrance.org\/wp-content\/uploads\/2024\/05\/marseille-dimanche-5-mai.jpg","keywords":["mat\u00e9riel militant"],"articleSection":["Articles","Communiqu\u00e9s"],"inLanguage":"fr-FR"},{"@type":"WebPage","@id":"https:\/\/ismfrance.org\/index.php\/2024\/05\/03\/marseille-avec-la-palestine-dimanche-5-mai-a-14h-porte-daix\/","url":"https:\/\/ismfrance.org\/index.php\/2024\/05\/03\/marseille-avec-la-palestine-dimanche-5-mai-a-14h-porte-daix\/","name":"MARSEILLE AVEC LA PALESTINE, dimanche 5 mai \u00e0 14h Porte d'Aix - International Solidarity Movement - ISM-France","isPartOf":{"@id":"https:\/\/ismfrance.org\/#website"},"primaryImageOfPage":{"@id":"https:\/\/ismfrance.org\/index.php\/2024\/05\/03\/marseille-avec-la-palestine-dimanche-5-mai-a-14h-porte-daix\/#primaryimage"},"image":{"@id":"https:\/\/ismfrance.org\/index.php\/2024\/05\/03\/marseille-avec-la-palestine-dimanche-5-mai-a-14h-porte-daix\/#primaryimage"},"thumbnailUrl":"https:\/\/ismfrance.org\/wp-content\/uploads\/2024\/05\/marseille-dimanche-5-mai.jpg","datePublished":"2024-05-03T15:16:22+00:00","breadcrumb":{"@id":"https:\/\/ismfrance.org\/index.php\/2024\/05\/03\/marseille-avec-la-palestine-dimanche-5-mai-a-14h-porte-daix\/#breadcrumb"},"inLanguage":"fr-FR","potentialAction":[{"@type":"ReadAction","target":["https:\/\/ismfrance.org\/index.php\/2024\/05\/03\/marseille-avec-la-palestine-dimanche-5-mai-a-14h-porte-daix\/"]}]},{"@type":"ImageObject","inLanguage":"fr-FR","@id":"https:\/\/ismfrance.org\/index.php\/2024\/05\/03\/marseille-avec-la-palestine-dimanche-5-mai-a-14h-porte-daix\/#primaryimage","url":"https:\/\/ismfrance.org\/wp-content\/uploads\/2024\/05\/marseille-dimanche-5-mai.jpg","contentUrl":"https:\/\/ismfrance.org\/wp-content\/uploads\/2024\/05\/marseille-dimanche-5-mai.jpg","width":904,"height":1280},{"@type":"BreadcrumbList","@id":"https:\/\/ismfrance.org\/index.php\/2024\/05\/03\/marseille-avec-la-palestine-dimanche-5-mai-a-14h-porte-daix\/#breadcrumb","itemListElement":[{"@type":"ListItem","position":1,"name":"Accueil","item":"https:\/\/ismfrance.org\/"},{"@type":"ListItem","position":2,"name":"MARSEILLE AVEC LA PALESTINE, dimanche 5 mai \u00e0 14h Porte d&#8217;Aix"}]},{"@type":"WebSite","@id":"https:\/\/ismfrance.org\/#website","url":"https:\/\/ismfrance.org\/","name":"ISM Palestine France","description":"Soutien aux luttes de lib\u00e9ration du peuple palestinien","publisher":{"@id":"https:\/\/ismfrance.org\/#organization"},"potentialAction":[{"@type":"SearchAction","target":{"@type":"EntryPoint","urlTemplate":"https:\/\/ismfrance.org\/?s={search_term_string}"},"query-input":{"@type":"PropertyValueSpecification","valueRequired":true,"valueName":"search_term_string"}}],"inLanguage":"fr-FR"},{"@type":"Organization","@id":"https:\/\/ismfrance.org\/#organization","name":"International Solidarity Movement","url":"https:\/\/ismfrance.org\/","logo":{"@type":"ImageObject","inLanguage":"fr-FR","@id":"https:\/\/ismfrance.org\/#\/schema\/logo\/image\/","url":"https:\/\/ismfrance.org\/wp-content\/uploads\/2020\/12\/00.png","contentUrl":"https:\/\/ismfrance.org\/wp-content\/uploads\/2020\/12\/00.png","width":400,"height":400,"caption":"International Solidarity Movement"},"image":{"@id":"https:\/\/ismfrance.org\/#\/schema\/logo\/image\/"},"sameAs":["https:\/\/x.com\/ISMFRANCE"]},{"@type":"Person","@id":"https:\/\/ismfrance.org\/#\/schema\/person\/3c411eb72adfaae19c0dca1f41fae01d","name":"mru_01","image":{"@type":"ImageObject","inLanguage":"fr-FR","@id":"https:\/\/secure.gravatar.com\/avatar\/3a0be343b445d2ccc79e87444a294fad2b232e90d2051d0e3cc219e1ecd6a330?s=96&d=mm&r=g","url":"https:\/\/secure.gravatar.com\/avatar\/3a0be343b445d2ccc79e87444a294fad2b232e90d2051d0e3cc219e1ecd6a330?s=96&d=mm&r=g","contentUrl":"https:\/\/secure.gravatar.com\/avatar\/3a0be343b445d2ccc79e87444a294fad2b232e90d2051d0e3cc219e1ecd6a330?s=96&d=mm&r=g","caption":"mru_01"},"url":"https:\/\/ismfrance.org\/index.php\/author\/admin02\/"}]}},"_links":{"self":[{"href":"https:\/\/ismfrance.org\/index.php\/wp-json\/wp\/v2\/posts\/11165","targetHints":{"allow":["GET"]}}],"collection":[{"href":"https:\/\/ismfrance.org\/index.php\/wp-json\/wp\/v2\/posts"}],"about":[{"href":"https:\/\/ismfrance.org\/index.php\/wp-json\/wp\/v2\/types\/post"}],"author":[{"embeddable":true,"href":"https:\/\/ismfrance.org\/index.php\/wp-json\/wp\/v2\/users\/3"}],"replies":[{"embeddable":true,"href":"https:\/\/ismfrance.org\/index.php\/wp-json\/wp\/v2\/comments?post=11165"}],"version-history":[{"count":0,"href":"https:\/\/ismfrance.org\/index.php\/wp-json\/wp\/v2\/posts\/11165\/revisions"}],"wp:featuredmedia":[{"embeddable":true,"href":"https:\/\/ismfrance.org\/index.php\/wp-json\/wp\/v2\/media\/11166"}],"wp:attachment":[{"href":"https:\/\/ismfrance.org\/index.php\/wp-json\/wp\/v2\/media?parent=11165"}],"wp:term":[{"taxonomy":"category","embeddable":true,"href":"https:\/\/ismfrance.org\/index.php\/wp-json\/wp\/v2\/categories?post=11165"},{"taxonomy":"post_tag","embeddable":true,"href":"https:\/\/ismfrance.org\/index.php\/wp-json\/wp\/v2\/tags?post=11165"}],"curies":[{"name":"wp","href":"https:\/\/api.w.org\/{rel}","templated":true}]}}