{"id":10975,"date":"2024-04-24T09:47:54","date_gmt":"2024-04-24T07:47:54","guid":{"rendered":"https:\/\/ismfrance.org\/?p=10975"},"modified":"2024-04-24T09:49:10","modified_gmt":"2024-04-24T07:49:10","slug":"joseph-massad-repond-aux-affabulations-et-mensonges-proferes-a-son-encontre","status":"publish","type":"post","link":"https:\/\/ismfrance.org\/index.php\/2024\/04\/24\/joseph-massad-repond-aux-affabulations-et-mensonges-proferes-a-son-encontre\/","title":{"rendered":"Joseph Massad r\u00e9pond aux affabulations et mensonges prof\u00e9r\u00e9s \u00e0 son encontre"},"content":{"rendered":"<p><strong><span style=\"color: #000000;\"><span style=\"font-family: Tahoma, sans-serif;\"><span style=\"font-size: medium;\">Ali Abunimah,\u00a017 avril 2024. <\/span><\/span><\/span><\/strong><span style=\"color: #000000;\"><span style=\"font-family: Tahoma, sans-serif;\"><span style=\"font-size: medium;\">Le 17 avril,\u00a0<\/span><\/span><\/span><strong><span style=\"color: #000000;\"><span style=\"font-family: Tahoma, sans-serif;\"><span style=\"font-size: medium;\">Minouche Shafik,<\/span><\/span><\/span><\/strong><span style=\"color: #000000;\"><span style=\"font-family: Tahoma, sans-serif;\"><span style=\"font-size: medium;\">\u00a0la pr\u00e9sidente de l<\/span><\/span><\/span><strong><span style=\"color: #000000;\"><span style=\"font-family: Tahoma, sans-serif;\"><span style=\"font-size: medium;\">\u2018Universit\u00e9 de Columbia,<\/span><\/span><\/span><\/strong><span style=\"color: #000000;\"><span style=\"font-family: Tahoma, sans-serif;\"><span style=\"font-size: medium;\">\u00a0a comparu devant le Comit\u00e9 de la Chambre sur l\u2019\u00e9ducation et ses effectifs, lors du tout dernier \u00e9pisode des manoeuvres des membres du Congr\u00e8s pour faire cesser les critiques \u00e0 l\u2019\u00e9gard d\u2019Isra\u00ebl sur les campus, et ce, en accusant d\u2019antis\u00e9mitisme les \u00e9tudiants, les professeurs et les administrateurs.<\/span><\/span><\/span><\/p>\n<div id=\"attachment_10977\" style=\"width: 610px\" class=\"wp-caption aligncenter\"><a href=\"https:\/\/ismfrance.org\/wp-content\/uploads\/2024\/04\/campus.png\"><img loading=\"lazy\" decoding=\"async\" aria-describedby=\"caption-attachment-10977\" class=\"size-large wp-image-10977\" src=\"https:\/\/ismfrance.org\/wp-content\/uploads\/2024\/04\/campus-700x465.png\" alt=\"\" width=\"600\" height=\"399\" srcset=\"https:\/\/ismfrance.org\/wp-content\/uploads\/2024\/04\/campus-700x465.png 700w, https:\/\/ismfrance.org\/wp-content\/uploads\/2024\/04\/campus-300x199.png 300w, https:\/\/ismfrance.org\/wp-content\/uploads\/2024\/04\/campus-768x510.png 768w, https:\/\/ismfrance.org\/wp-content\/uploads\/2024\/04\/campus-1320x876.png 1320w, https:\/\/ismfrance.org\/wp-content\/uploads\/2024\/04\/campus.png 1338w\" sizes=\"auto, (max-width: 600px) 100vw, 600px\" \/><\/a><p id=\"caption-attachment-10977\" class=\"wp-caption-text\">Le campus de l\u2019universit\u00e9 de Columbia, \u00e0 New York (source photo : <a href=\"https:\/\/fr.news.yahoo.com\/conflit-isra%C3%A9lo-palestinien-%C3%A0-l-101545727.html\">Yahoo! Actualit\u00e9s)<\/a><\/p><\/div>\n<p><span style=\"color: #000000;\"><span style=\"font-family: Tahoma, sans-serif;\"><span style=\"font-size: medium;\">Trois professeurs ont \u00e9t\u00e9 particuli\u00e8rement cibl\u00e9s par des allusions au vitriol et des calomnies :\u00a0<\/span><\/span><\/span><strong><span style=\"color: #000000;\"><span style=\"font-family: Tahoma, sans-serif;\"><span style=\"font-size: medium;\">Katherine Franke, Mohamed Abdou\u00a0<\/span><\/span><\/span><\/strong><span style=\"color: #000000;\"><span style=\"font-family: Tahoma, sans-serif;\"><span style=\"font-size: medium;\">et l\u2019\u00e9rudit de renomm\u00e9e mondiale,\u00a0<\/span><\/span><\/span><strong><span style=\"color: #000000;\"><span style=\"font-family: Tahoma, sans-serif;\"><span style=\"font-size: medium;\">Joseph Massad.<\/span><\/span><\/span><\/strong><\/p>\n<p><span style=\"color: #000000;\"><span style=\"font-family: Tahoma, sans-serif;\"><span style=\"font-size: medium;\">Au lieu de d\u00e9fendre la libert\u00e9 acad\u00e9mique de ses facult\u00e9s contre ce que l\u2019<\/span><\/span><\/span><em><span style=\"color: #000000;\"><span style=\"font-family: Tahoma, sans-serif;\"><span style=\"font-size: medium;\">Association am\u00e9ricaine des professeurs d\u2019universit\u00e9<\/span><\/span><\/span><\/em><span style=\"color: #000000;\"><span style=\"font-family: Tahoma, sans-serif;\"><span style=\"font-size: medium;\">\u00a0<\/span><\/span><\/span><span style=\"color: #000000;\"><span style=\"font-family: Tahoma, sans-serif;\"><span style=\"font-size: medium;\">appelle<\/span><\/span><\/span><strong><span style=\"color: #000000;\"><span style=\"font-family: Tahoma, sans-serif;\"><span style=\"font-size: medium;\">\u00a0<\/span><\/span><\/span><\/strong><em><span style=\"color: #000000;\"><span style=\"font-family: Tahoma, sans-serif;\"><span style=\"font-size: medium;\"><i>\u00ab une nouvelle souche de maccarthysme aux EU \u00bb<\/i><\/span><\/span><\/span><\/em><span style=\"color: #000000;\"><span style=\"font-family: Tahoma, sans-serif;\"><span style=\"font-size: medium;\">, Shafik a balanc\u00e9 tout son monde dans la fosse aux lions.<\/span><\/span><\/span><\/p>\n<p><span style=\"color: #000000;\"><span style=\"font-family: Tahoma, sans-serif;\"><span style=\"font-size: medium;\">Une cible particuli\u00e8re des attaques contre\u00a0<\/span><\/span><\/span><strong><span style=\"color: #000000;\"><span style=\"font-family: Tahoma, sans-serif;\"><span style=\"font-size: medium;\">Massad<\/span><\/span><\/span><\/strong><span style=\"color: #000000;\"><span style=\"font-family: Tahoma, sans-serif;\"><span style=\"font-size: medium;\">, qui enseigne la politique et l\u2019histoire intellectuelle arabes modernes, consistait en un article qu\u2019il avait \u00e9crit pour\u00a0<\/span><\/span><\/span><em><span style=\"color: #000000;\"><span style=\"font-family: Tahoma, sans-serif;\"><span style=\"font-size: medium;\"><i>The Electronic Intifada<\/i><\/span><\/span><\/span><\/em><span style=\"color: #000000;\"><span style=\"font-family: Tahoma, sans-serif;\"><span style=\"font-size: medium;\">\u00a0le 8 octobre 2023, intitul\u00e9\u00a0<\/span><\/span><\/span><a href=\"https:\/\/charleroi-pourlapalestine.be\/index.php\/2023\/10\/09\/juste-une-autre-bataille-ou-la-guerre-de-liberation-palestinienne\/\"><em><span style=\"color: #000000;\"><span style=\"font-family: Tahoma, sans-serif;\"><span style=\"font-size: medium;\"><i><u>\u00ab Juste une autre bataille ou la guerre de lib\u00e9ration palestinienne ? \u00bb<\/u><\/i><\/span><\/span><\/span><\/em><strong><span style=\"color: #000000;\"><span style=\"font-family: Tahoma, sans-serif;\"><span style=\"font-size: medium;\"><u>\u00a0<\/u><\/span><\/span><\/span><\/strong><\/a><span style=\"color: #000000;\"><span style=\"font-family: Tahoma, sans-serif;\"><span style=\"font-size: medium;\">(article repris sous ce titre par le site Charleroi pour la Palestine le 9 octobre 2023, dans une traduction d&rsquo;<a href=\"https:\/\/ismfrance.org\/index.php\/2023\/10\/09\/juste-une-autre-bataille-ou-la-guerre-de-liberation-palestinienne\/\">ISM-France<\/a>).<\/span><\/span><\/span><\/p>\n<p><span style=\"color: #000000;\"><span style=\"font-family: Tahoma, sans-serif;\"><span style=\"font-size: medium;\">Pendant des mois, les partisans d\u2019Isra\u00ebl ont cit\u00e9 de travers et d\u00e9form\u00e9 les propos de l\u2019article dans une tentative de noircir Massad et, par extension, l\u2019Universit\u00e9 de Columbia et, ce mercredi, la s\u00e9ance du Comit\u00e9 n\u2019a pas fait exception \u00e0 la r\u00e8gle.<\/span><\/span><\/span><\/p>\n<p><span style=\"color: #000000;\"><span style=\"font-family: Tahoma, sans-serif;\"><span style=\"font-size: medium;\">Toutefois, au lieu de d\u00e9fendre le droit de Massad \u00e0 la libert\u00e9 d\u2019expression et de corriger les mensonges des repr\u00e9sentants du Congr\u00e8s, Shafik s\u2019est jointe aux attaques.<\/span><\/span><\/span><\/p>\n<p><span style=\"color: #000000;\"><span style=\"font-family: Tahoma, sans-serif;\"><span style=\"font-size: medium;\">\u00ab Je condamne cette d\u00e9claration. Je suis constern\u00e9e par ce qu\u2019il a dit \u00bb, a <a href=\"https:\/\/edition.cnn.com\/business\/live-news\/columbia-antisemitism-house-testimony\/h_f65fb9a374db99792d9016d303b3cc70\">d\u00e9clar\u00e9<\/a> Shafik en r\u00e9ponse \u00e0 une question \u00e9manant du repr\u00e9sentant Tim Walberg. \u00ab On l\u2019a interpell\u00e9, \u00e0 ce propos. \u00bb<\/span><\/span><\/span><\/p>\n<p><span style=\"color: #000000;\"><span style=\"font-family: Tahoma, sans-serif;\"><span style=\"font-size: medium;\">Shafik a \u00e9galement pr\u00e9tendu que Massad ne pr\u00e9sidait plus non plus de comit\u00e9 d\u2019\u00e9valuation acad\u00e9mique \u00e0 Columbia.<\/span><\/span><\/span><\/p>\n<p><span style=\"color: #000000;\"><span style=\"font-family: Tahoma, sans-serif;\"><span style=\"font-size: medium;\">Massad (photo ci-dessous) a publi\u00e9 la d\u00e9claration que voici en r\u00e9ponse aux questions des m\u00e9dias et <\/span><\/span><\/span><em><span style=\"color: #000000;\"><span style=\"font-family: Tahoma, sans-serif;\"><span style=\"font-size: medium;\"><i>The Electronic Intifada<\/i><\/span><\/span><\/span><\/em><span style=\"color: #000000;\"><span style=\"font-family: Tahoma, sans-serif;\"><span style=\"font-size: medium;\">\u00a0la publie ici dans son int\u00e9gralit\u00e9 :<\/span><\/span><\/span><\/p>\n<p><a href=\"https:\/\/ismfrance.org\/wp-content\/uploads\/2024\/04\/joseph-massad.webp\"><img loading=\"lazy\" decoding=\"async\" class=\"size-large wp-image-10979 aligncenter\" src=\"https:\/\/ismfrance.org\/wp-content\/uploads\/2024\/04\/joseph-massad-700x507.webp\" alt=\"\" width=\"600\" height=\"435\" srcset=\"https:\/\/ismfrance.org\/wp-content\/uploads\/2024\/04\/joseph-massad-700x507.webp 700w, https:\/\/ismfrance.org\/wp-content\/uploads\/2024\/04\/joseph-massad-300x217.webp 300w, https:\/\/ismfrance.org\/wp-content\/uploads\/2024\/04\/joseph-massad-768x556.webp 768w, https:\/\/ismfrance.org\/wp-content\/uploads\/2024\/04\/joseph-massad-1320x956.webp 1320w, https:\/\/ismfrance.org\/wp-content\/uploads\/2024\/04\/joseph-massad.webp 1536w\" sizes=\"auto, (max-width: 600px) 100vw, 600px\" \/><\/a><span style=\"color: #000000;\">\u00a0<\/span><span style=\"color: #000000;\"><span style=\"font-family: Tahoma, sans-serif;\"><span style=\"font-size: medium;\">\u00ab Je n\u2019ai pas regard\u00e9 la couverture t\u00e9l\u00e9vis\u00e9e ni vu de transcription compl\u00e8te du pr\u00e9sent interrogatoire par le Congr\u00e8s des responsables de l\u2019Universit\u00e9 de Columbia, mais j\u2019ai re\u00e7u des clips vid\u00e9o de certains des t\u00e9moignages qui me concernaient personnellement. En m\u2019appuyant sur ce que j\u2019ai vu, je puis dire ce qui suit :<\/span><\/span><\/span><\/p>\n<p><span style=\"color: #000000;\"><span style=\"font-family: Tahoma, sans-serif;\"><span style=\"font-size: medium;\">Les membres du Congr\u00e8s qui ont interrog\u00e9 la pr\u00e9sidente Shafik ont d\u00e9lib\u00e9r\u00e9ment d\u00e9form\u00e9 mon article publi\u00e9 le 8 octobre 2023, lorsque le repr\u00e9sentant Walberg a pr\u00e9tendu que j\u2019avais\u00a0<\/span><\/span><\/span><em><span style=\"color: #000000;\"><span style=\"font-family: Tahoma, sans-serif;\"><span style=\"font-size: medium;\"><i>\u00ab encens\u00e9 \u2018la r\u00e9sistance palestinienne innovante\u2019,<\/i><\/span><\/span><\/span><\/em><span style=\"color: #000000;\"><span style=\"font-family: Tahoma, sans-serif;\"><span style=\"font-size: medium;\">\u00a0<\/span><\/span><\/span><em><span style=\"color: #000000;\"><span style=\"font-family: Tahoma, sans-serif;\"><span style=\"font-size: medium;\"><i>pour avoir attaqu\u00e9 Isra\u00ebl et glorifi\u00e9 le massacre par le Hamas de pr\u00e8s de 1.200 juifs comme \u00e9tant une action \u2018g\u00e9niale, \u00e9tonnante, stup\u00e9fiante et incroyable\u2019<\/i><\/span><\/span><\/span><\/em><span style=\"color: #000000;\"><span style=\"font-family: Tahoma, sans-serif;\"><span style=\"font-size: medium;\">\u00a0\u00bb. Je n\u2019ai certainement rien dit de ce genre.<\/span><\/span><\/span><\/p>\n<p><span style=\"color: #000000;\"><span style=\"font-family: Tahoma, sans-serif;\"><span style=\"font-size: medium;\">1. Mon article dit explicitement : \u00ab\u00a0<\/span><\/span><\/span><strong><span style=\"color: #000000;\"><span style=\"font-family: Tahoma, sans-serif;\"><span style=\"font-size: medium;\"><i>L\u2019impressionnante victoire de la r\u00e9sistance palestinienne <\/i><\/span><\/span><\/span><\/strong><strong><span style=\"color: #000000;\"><span style=\"font-family: Tahoma, sans-serif;\"><span style=\"font-size: medium;\"><i><b>sur l\u2019arm\u00e9e isra\u00e9lienne <\/b><\/i><\/span><\/span><\/span><\/strong><strong><span style=\"color: #000000;\"><span style=\"font-family: Tahoma, sans-serif;\"><span style=\"font-size: medium;\"><i>a<\/i><\/span><\/span><\/span><\/strong><strong><span style=\"color: #000000;\"><span style=\"font-family: Tahoma, sans-serif;\"><span style=\"font-size: medium;\"><i>u premier jour des combats constitue un \u00e9v\u00e9nement historique aussi bien pour Isra\u00ebl, comme l\u2019a admis Netanyahou, que pour les Palestiniens.<\/i><\/span><\/span><\/span><\/strong><span style=\"color: #000000;\"><span style=\"font-family: Tahoma, sans-serif;\"><span style=\"font-size: medium;\">\u00a0\u00bb<\/span><\/span><\/span><\/p>\n<p><span style=\"color: #000000;\"><span style=\"font-family: Tahoma, sans-serif;\"><span style=\"font-size: medium;\">2. L\u2019article dit explicitement :<\/span><\/span><\/span><em><span style=\"color: #000000;\"><span style=\"font-family: Tahoma, sans-serif;\"><span style=\"font-size: medium;\">\u00a0<\/span><\/span><\/span><\/em><em><span style=\"color: #000000;\"><span style=\"font-family: Tahoma, sans-serif;\"><span style=\"font-size: medium;\"><i>\u00ab La vue des combattants de la r\u00e9sistance palestinienne prenant d\u2019assaut les postes de contr\u00f4le isra\u00e9liens s\u00e9parant Gaza d\u2019Isra\u00ebl \u00e9tait <\/i><\/span><\/span><\/span><\/em><em><span style=\"color: #000000;\"><span style=\"font-family: Tahoma, sans-serif;\"><span style=\"font-size: medium;\"><i><b>stup\u00e9fiante, non seulement pour les Isra\u00e9liens, mais surtout pour les peuples palestinien et arabe \u00bb<\/b><\/i><\/span><\/span><\/span><\/em><span style=\"color: #000000;\"><span style=\"font-family: Tahoma, sans-serif;\"><span style=\"font-size: medium;\">.<\/span><\/span><\/span><\/p>\n<p><span style=\"color: #000000;\"><span style=\"font-family: Tahoma, sans-serif;\"><span style=\"font-size: medium;\">3. Que\u00a0<\/span><\/span><\/span><em><span style=\"color: #000000;\"><span style=\"font-family: Tahoma, sans-serif;\"><span style=\"font-size: medium;\"><i>\u00ab la prise de contr\u00f4le remarquable par la r\u00e9sistance des bases militaires et des points de contr\u00f4le isra\u00e9liens (\u2026) a \u00e0 la fois \u00e9branl\u00e9 la soci\u00e9t\u00e9 isra\u00e9lienne et<\/i><\/span><\/span><\/span><\/em><em><span style=\"color: #000000;\"><span style=\"font-family: Tahoma, sans-serif;\"><span style=\"font-size: medium;\"><i><b> a frapp\u00e9 les Palestiniens et les Arabes comme \u00e9tant incroyable \u00bb.\u00a0<\/b><\/i><\/span><\/span><\/span><\/em><em><span style=\"color: #000000;\"><span style=\"font-family: Tahoma, sans-serif;\"><span style=\"font-size: medium;\"><i>\u00ab Incroyable, soit dit en passant, signifie \u00ab difficile \u00e0 croire \u00bb.<\/i><\/span><\/span><\/span><\/em><\/p>\n<p><span style=\"color: #000000;\"><span style=\"font-family: Tahoma, sans-serif;\"><span style=\"font-size: medium;\">4. Et que<\/span><\/span><\/span><span style=\"color: #000000;\"><span style=\"font-family: Tahoma, sans-serif;\"><span style=\"font-size: medium;\">\u00a0<\/span><\/span><\/span><strong><span style=\"color: #000000;\"><span style=\"font-family: Tahoma, sans-serif;\"><span style=\"font-size: medium;\"><i>\u00ab non moins <\/i><\/span><\/span><\/span><\/strong><strong><span style=\"color: #000000;\"><span style=\"font-family: Tahoma, sans-serif;\"><span style=\"font-size: medium;\"><i><b>\u00e9tonnante a \u00e9t\u00e9 la prise de contr\u00f4le par la r\u00e9sistance palestinienne de plusieurs colonies de peuplement isra\u00e9liennes pr\u00e8s de la fronti\u00e8re de Gaza <\/b><\/i><\/span><\/span><\/span><\/strong><strong><span style=\"color: #000000;\"><span style=\"font-family: Tahoma, sans-serif;\"><span style=\"font-size: medium;\"><i>et m\u00eame jusqu\u2019\u00e0 22 kilom\u00e8tres, comme dans le cas d\u2019Ofakim \u00bb.<\/i><\/span><\/span><\/span><\/strong><\/p>\n<p><span style=\"color: #000000;\"><span style=\"font-family: Tahoma, sans-serif;\"><span style=\"font-size: medium;\">5. J\u2019ai d\u00e9crit l\u2019utilisation de parapentes motoris\u00e9s comme\u00a0<\/span><\/span><\/span><em><span style=\"color: #000000;\"><span style=\"font-family: Tahoma, sans-serif;\"><span style=\"font-size: medium;\"><i>\u00ab innovante \u00bb<\/i><\/span><\/span><\/span><\/em><span style=\"color: #000000;\"><span style=\"font-family: Tahoma, sans-serif;\"><span style=\"font-size: medium;\">\u00a0:\u00a0<\/span><\/span><\/span><em><span style=\"color: #000000;\"><span style=\"font-family: Tahoma, sans-serif;\"><span style=\"font-size: medium;\"><i>\u00ab Que peuvent faire des parapentes motoris\u00e9s face \u00e0 l\u2019une des arm\u00e9es les plus redoutables au monde ? Apparemment, beaucoup, entre les mains d\u2019une r\u00e9sistance palestinienne innovante. \u00bb<\/i><\/span><\/span><\/span><\/em><span style=\"color: #000000;\"><span style=\"font-family: Tahoma, sans-serif;\"><span style=\"font-size: medium;\">\u00a0J\u2019ai \u00e9galement parl\u00e9 dans l\u2019article d<\/span><\/span><\/span><span style=\"color: #000000;\"><span style=\"font-family: Tahoma, sans-serif;\"><span style=\"font-size: medium;\">e\u00a0<\/span><\/span><\/span><em><span style=\"color: #000000;\"><span style=\"font-family: Tahoma, sans-serif;\"><span style=\"font-size: medium;\"><i>\u00ab bilan humain horrible des deux c\u00f4t\u00e9s \u00bb.<\/i><\/span><\/span><\/span><\/em><\/p>\n<p><span style=\"color: #000000;\"><span style=\"font-family: Tahoma, sans-serif;\"><span style=\"font-size: medium;\">Il serait regrettable que la pr\u00e9sidente Shafik et deux membres du Conseil d\u2019administration de l\u2019Universit\u00e9 de Columbia, Mme Claire Shipman et M. David Greenwald, aillent condamner des d\u00e9clarations fabriqu\u00e9es de toutes pi\u00e8ces, que je n\u2019ai donc jamais prononc\u00e9es, alors que tous trois auraient d\u00fb rectifier leur compte rendu afin de montrer que je n\u2019avais jamais prononc\u00e9 ni \u00e9crit de d\u00e9clarations r\u00e9pr\u00e9hensibles de ce genre.<\/span><\/span><\/span><\/p>\n<p><span style=\"color: #000000;\"><span style=\"font-family: Tahoma, sans-serif;\"><span style=\"font-size: medium;\">De m\u00eame, les all\u00e9gations fausses et diffamatoires que le repr\u00e9sentant Tim Walberg a exprim\u00e9es contre moi en pr\u00e9tendant que je donnais mon\u00a0<\/span><\/span><\/span><em><span style=\"color: #000000;\"><span style=\"font-family: Tahoma, sans-serif;\"><span style=\"font-size: medium;\">\u00ab soutien au terrorisme \u00bb<\/span><\/span><\/span><\/em><span style=\"color: #000000;\"><span style=\"font-family: Tahoma, sans-serif;\"><span style=\"font-size: medium;\">\u00a0et que je m\u2019\u00e9tais engag\u00e9 dans\u00a0<\/span><\/span><\/span><em><span style=\"color: #000000;\"><span style=\"font-family: Tahoma, sans-serif;\"><span style=\"font-size: medium;\">\u00ab le harc\u00e8lement des \u00e9tudiants juifs \u00bb<\/span><\/span><\/span><\/em><span style=\"color: #000000;\"><span style=\"font-family: Tahoma, sans-serif;\"><span style=\"font-size: medium;\">, auraient \u00e9galement d\u00fb faire l\u2019objet d\u2019une r\u00e9ponse de la part de la pr\u00e9sidente Shafik et des membres du Conseil d\u2019administration et \u00eatre confirm\u00e9es comme \u00e9tant fausses, puisque je n\u2019ai jamais harcel\u00e9 le moindre de mes \u00e9tudiants ni non plus soutenu le terrorisme.<\/span><\/span><\/span><\/p>\n<p><span style=\"color: #000000;\"><span style=\"font-family: Tahoma, sans-serif;\"><span style=\"font-size: medium;\">De plus, la pr\u00e9sidente Shafik a fait savoir que je faisais actuellement<\/span><\/span><\/span><span style=\"color: #000000;\"><span style=\"font-family: Tahoma, sans-serif;\"><span style=\"font-size: medium;\">\u00a0<\/span><\/span><\/span><em><span style=\"color: #000000;\"><span style=\"font-family: Tahoma, sans-serif;\"><span style=\"font-size: medium;\">\u00ab l\u2019objet d\u2019une enqu\u00eate \u00bb<\/span><\/span><\/span><\/em><span style=\"color: #000000;\"><span style=\"font-family: Tahoma, sans-serif;\"><span style=\"font-size: medium;\">\u00a0p<\/span><\/span><\/span><span style=\"color: #000000;\"><span style=\"font-family: Tahoma, sans-serif;\"><span style=\"font-size: medium;\">our m\u2019\u00eatre livr\u00e9 \u00e0 des commentaires discriminatoires. C\u2019est nouveau, pour moi, puisque je n\u2019ai jamais \u00e9t\u00e9 inform\u00e9 de la chose ni contact\u00e9 par qui que ce soit de l\u2019universit\u00e9 pour m\u2019informer de cette pr\u00e9tendue enqu\u00eate. En fait, j\u2019ai eu une r\u00e9union la semaine derni\u00e8re avec la doyenne de l\u2019Universit\u00e9 de Columbia, parce que j\u2019\u00e9tais victime de harc\u00e8lement et de racisme de la part d\u2019un autre professeur de l\u2019universit\u00e9. La doyenne Olinto m\u2019a fait part de son soutien et m\u2019a dit qu\u2019elle \u00e9tait on ne peut plus d\u00e9sol\u00e9e de ce harc\u00e8lement. Le professeur incrimin\u00e9 est en r\u00e9alit\u00e9 celui qui pour l\u2019instant fait l\u2019objet d\u2019une enqu\u00eate.<\/span><\/span><\/span><\/p>\n<p><span style=\"color: #000000;\"><span style=\"font-family: Tahoma, sans-serif;\"><span style=\"font-size: medium;\">Je reste pr\u00e9sident du Comit\u00e9 d\u2019\u00e9valuation acad\u00e9mique \u2013 un mandat d\u2019un an \u2013 pour quelques semaines encore, apr\u00e8s quoi c\u2019en sera fini normalement de ma pr\u00e9sidence. En effet, je viens d\u2019avoir \u2013 hier, le 16 avril \u2013 une r\u00e9union avec les membres du comit\u00e9 et les ai inform\u00e9s que je serais absent pour la prochaine \u2013 et derni\u00e8re pour moi \u2013 r\u00e9union du 8 mai, date \u00e0 laquelle j\u2019ai pr\u00e9vu un voyage. Personne ne m\u2019a contact\u00e9 de la part de l\u2019universit\u00e9 concernant la pr\u00e9sidence actuelle et je resterai \u00e9galement membre du Comit\u00e9 d\u2019\u00e9valuation acad\u00e9mique l\u2019an prochain. Il s\u2019agit d\u2019une d\u00e9signation qui porte sur trois ans.<\/span><\/span><\/span><\/p>\n<p><span style=\"color: #000000;\"><span style=\"font-family: Tahoma, sans-serif;\"><span style=\"font-size: medium;\">La pr\u00e9sidente Shafik a mal interpr\u00e9t\u00e9 ce qui s\u2019est pass\u00e9 quand elle a d\u00e9clar\u00e9 que j\u2019avais \u00e9t\u00e9<\/span><\/span><\/span><em><span style=\"color: #000000;\"><span style=\"font-family: Tahoma, sans-serif;\"><span style=\"font-size: medium;\">\u00a0<\/span><\/span><\/span><\/em><em><span style=\"color: #000000;\"><span style=\"font-family: Tahoma, sans-serif;\"><span style=\"font-size: medium;\">\u00ab interpell\u00e9 \u00bb<\/span><\/span><\/span><\/em><span style=\"color: #000000;\"><span style=\"font-family: Tahoma, sans-serif;\"><span style=\"font-size: medium;\">\u00a0pa<\/span><\/span><\/span><span style=\"color: #000000;\"><span style=\"font-family: Tahoma, sans-serif;\"><span style=\"font-size: medium;\">r ma pr\u00e9sidente et ma doyenne, en d\u00e9duisant de cette interpellation que j\u2019avais \u00e9t\u00e9 r\u00e9primand\u00e9. En fait, ma pr\u00e9sidente, la professeure Gil Hochberg, qui, incidemment, est juive et isra\u00e9lienne, m\u2019a inform\u00e9 qu\u2019\u00e0 la lumi\u00e8re de la campagne pro-isra\u00e9lienne qui me visait et qui avait d\u00e9form\u00e9 mon article, elle avait dit \u00e0 la vice-pr\u00e9sidente ex\u00e9cutive de l\u2019\u00c9cole sup\u00e9rieure des Arts et des Sciences, Amy Hungerford, qu\u2019elle avait lu mon article et estimait qu\u2019il \u00e9tait descriptif et qu\u2019il ne contenait pas de louange envers l\u2019attaque du 7 octobre. Elle avait m\u00eame ajout\u00e9 que son fils de 14 ans l\u2019avait lu et avait estim\u00e9 qu\u2019il \u00e9tait essentiellement descriptif, et ce, pour illustrer le fait m\u00eame que, si son jeune fils \u00e9tat un lecteur attentif, les adultes eux aussi devraient s\u2019abstenir de lire d\u2019un \u0153il distrait.<\/span><\/span><\/span><\/p>\n<p><span style=\"color: #000000;\"><span style=\"font-family: Tahoma, sans-serif;\"><span style=\"font-size: medium;\">J\u2019ai rencontr\u00e9 la vice-pr\u00e9sidente ex\u00e9cutive Amy Hungerford le 2 novembre 2023, et nous nous sommes promen\u00e9s ensemble. Elle m\u2019avait demand\u00e9 de la voir du fait qu\u2019elle s\u2019inqui\u00e9tait de ma s\u00e9curit\u00e9 et de mon bien-\u00eatre, puisque j\u2019\u00e9tais la cible de beaucoup de haine et que j\u2019avais re\u00e7u de nombreuses menaces de mort par courriel, ainsi que dans une lettre gliss\u00e9e sous la porte de mon bureau \u00e0 l\u2019Universit\u00e9 de Columbia par quelqu\u2019un qui, selon la S\u00e9curit\u00e9 de l\u2019universit\u00e9, ne faisait pas partie de notre institution, et m\u00eame sur mon t\u00e9l\u00e9phone \u00e0 mon domicile.<br \/>\nNi la vice-pr\u00e9sidente ex\u00e9cutive ni ma pr\u00e9sidente ne m\u2019ont r\u00e9primand\u00e9 \u00e0 propos de mon article pas plus qu\u2019elles ne m\u2019ont accus\u00e9 d\u2019avoir louang\u00e9 l\u2019attaque. Toutefois, durant notre petite promenade, Hungerford m\u2019a demand\u00e9 si je m\u2019\u00e9tais attendu \u00e0 la r\u00e9ponse qu\u2019avait soulev\u00e9e mon article, et je lui ai dit que non.\u00a0\u00bb<\/span><\/span><\/span><\/p>\n<hr \/>\n<p><span style=\"color: #000000;\"><span style=\"font-family: Tahoma, sans-serif;\"><span style=\"font-size: medium;\"><strong><b><a href=\"https:\/\/ismfrance.org\/wp-content\/uploads\/2023\/10\/massad.jpeg\"><img loading=\"lazy\" decoding=\"async\" class=\"wp-image-6758 alignleft\" src=\"https:\/\/ismfrance.org\/wp-content\/uploads\/2023\/10\/massad.jpeg\" alt=\"\" width=\"119\" height=\"119\" srcset=\"https:\/\/ismfrance.org\/wp-content\/uploads\/2023\/10\/massad.jpeg 300w, https:\/\/ismfrance.org\/wp-content\/uploads\/2023\/10\/massad-150x150.jpeg 150w, https:\/\/ismfrance.org\/wp-content\/uploads\/2023\/10\/massad-144x144.jpeg 144w\" sizes=\"auto, (max-width: 119px) 100vw, 119px\" \/><\/a>Joseph Massad<\/b><\/strong>\u00a0est professeur de politique arabe moderne et d\u2019histoire intellectuelle \u00e0 l\u2019universit\u00e9 Columbia de New York. Il est l\u2019auteur de nombreux livres et articles universitaires et journalistiques. Parmi ses livres figurent\u00a0<em><i>Colonial Effects : The Making of National Identity in Jordan, Desiring Arabs, The Persistence of the Palestinian Question,<\/i><\/em> et plus r\u00e9cemment,<em><i> Islam in Liberalism. <\/i><\/em>Citons, comme traduction en fran\u00e7ais, le livre<em><i> La Persistance de la question palestinienne, La Fabrique, 2009.<\/i><\/em><\/span><\/span><\/span><\/p>\n<p><span style=\"color: #000000;\"><span style=\"font-family: Tahoma, sans-serif;\"><span style=\"font-size: medium;\"><em>Source de l&rsquo;article en anglais\u00a0: <a href=\"https:\/\/electronicintifada.net\/blogs\/ali-abunimah\/joseph-massad-responds-fabrications-and-lies-about-him-congress\">The Electronic Intifada<\/a><\/em><\/span><\/span><\/span><em><span style=\"color: #000000;\"><span style=\"font-family: Tahoma, sans-serif;\"><span style=\"font-size: medium;\">\/Traduction par Jean-Marie Fl\u00e9mal pour <a href=\"https:\/\/charleroi-pourlapalestine.be\/index.php\/2024\/04\/19\/joseph-massad-repond-aux-affabulations-et-mensonges-proferes-a-son-encontre\/\">Charleroi pour la Palestine<\/a><\/span><\/span><\/span><\/em><\/p>\n","protected":false},"excerpt":{"rendered":"<p>Ali Abunimah,\u00a017 avril 2024. Le 17 avril,\u00a0Minouche Shafik,\u00a0la pr\u00e9sidente de l\u2018Universit\u00e9 de Columbia,\u00a0a comparu devant le Comit\u00e9 de la Chambre sur l\u2019\u00e9ducation et ses effectifs, lors du tout dernier \u00e9pisode <a class=\"more-link\" href=\"https:\/\/ismfrance.org\/index.php\/2024\/04\/24\/joseph-massad-repond-aux-affabulations-et-mensonges-proferes-a-son-encontre\/\">Lire la suite &rarr;<\/a><\/p>\n","protected":false},"author":3,"featured_media":10977,"comment_status":"closed","ping_status":"closed","sticky":false,"template":"","format":"standard","meta":{"footnotes":""},"categories":[12,2],"tags":[348,53,62,74],"class_list":["post-10975","post","type-post","status-publish","format-standard","has-post-thumbnail","hentry","category-analyses","category-articles","tag-7-octobre-2023","tag-collabos","tag-harcelement","tag-sionisme"],"yoast_head":"<!-- This site is optimized with the Yoast SEO plugin v27.5 - https:\/\/yoast.com\/product\/yoast-seo-wordpress\/ -->\n<title>Joseph Massad r\u00e9pond aux affabulations et mensonges prof\u00e9r\u00e9s \u00e0 son encontre - International Solidarity Movement - ISM-France<\/title>\n<meta name=\"robots\" content=\"index, follow, max-snippet:-1, max-image-preview:large, max-video-preview:-1\" \/>\n<link rel=\"canonical\" href=\"https:\/\/ismfrance.org\/index.php\/2024\/04\/24\/joseph-massad-repond-aux-affabulations-et-mensonges-proferes-a-son-encontre\/\" \/>\n<meta property=\"og:locale\" content=\"fr_FR\" \/>\n<meta property=\"og:type\" content=\"article\" \/>\n<meta property=\"og:title\" content=\"Joseph Massad r\u00e9pond aux affabulations et mensonges prof\u00e9r\u00e9s \u00e0 son encontre - International Solidarity Movement - ISM-France\" \/>\n<meta property=\"og:description\" content=\"Ali Abunimah,\u00a017 avril 2024. Le 17 avril,\u00a0Minouche Shafik,\u00a0la pr\u00e9sidente de l\u2018Universit\u00e9 de Columbia,\u00a0a comparu devant le Comit\u00e9 de la Chambre sur l\u2019\u00e9ducation et ses effectifs, lors du tout dernier \u00e9pisode Lire la suite &rarr;\" \/>\n<meta property=\"og:url\" content=\"https:\/\/ismfrance.org\/index.php\/2024\/04\/24\/joseph-massad-repond-aux-affabulations-et-mensonges-proferes-a-son-encontre\/\" \/>\n<meta property=\"og:site_name\" content=\"International Solidarity Movement - ISM-France\" \/>\n<meta property=\"article:published_time\" content=\"2024-04-24T07:47:54+00:00\" \/>\n<meta property=\"article:modified_time\" content=\"2024-04-24T07:49:10+00:00\" \/>\n<meta property=\"og:image\" content=\"https:\/\/ismfrance.org\/wp-content\/uploads\/2024\/04\/campus-700x465.png\" \/>\n\t<meta property=\"og:image:width\" content=\"700\" \/>\n\t<meta property=\"og:image:height\" content=\"465\" \/>\n\t<meta property=\"og:image:type\" content=\"image\/png\" \/>\n<meta name=\"author\" content=\"mru_01\" \/>\n<meta name=\"twitter:card\" content=\"summary_large_image\" \/>\n<meta name=\"twitter:creator\" content=\"@ISMFRANCE\" \/>\n<meta name=\"twitter:site\" content=\"@ISMFRANCE\" \/>\n<meta name=\"twitter:label1\" content=\"\u00c9crit par\" \/>\n\t<meta name=\"twitter:data1\" content=\"mru_01\" \/>\n\t<meta name=\"twitter:label2\" content=\"Dur\u00e9e de lecture estim\u00e9e\" \/>\n\t<meta name=\"twitter:data2\" content=\"9 minutes\" \/>\n<script type=\"application\/ld+json\" class=\"yoast-schema-graph\">{\"@context\":\"https:\\\/\\\/schema.org\",\"@graph\":[{\"@type\":\"Article\",\"@id\":\"https:\\\/\\\/ismfrance.org\\\/index.php\\\/2024\\\/04\\\/24\\\/joseph-massad-repond-aux-affabulations-et-mensonges-proferes-a-son-encontre\\\/#article\",\"isPartOf\":{\"@id\":\"https:\\\/\\\/ismfrance.org\\\/index.php\\\/2024\\\/04\\\/24\\\/joseph-massad-repond-aux-affabulations-et-mensonges-proferes-a-son-encontre\\\/\"},\"author\":{\"name\":\"mru_01\",\"@id\":\"https:\\\/\\\/ismfrance.org\\\/#\\\/schema\\\/person\\\/3c411eb72adfaae19c0dca1f41fae01d\"},\"headline\":\"Joseph Massad r\u00e9pond aux affabulations et mensonges prof\u00e9r\u00e9s \u00e0 son encontre\",\"datePublished\":\"2024-04-24T07:47:54+00:00\",\"dateModified\":\"2024-04-24T07:49:10+00:00\",\"mainEntityOfPage\":{\"@id\":\"https:\\\/\\\/ismfrance.org\\\/index.php\\\/2024\\\/04\\\/24\\\/joseph-massad-repond-aux-affabulations-et-mensonges-proferes-a-son-encontre\\\/\"},\"wordCount\":1663,\"publisher\":{\"@id\":\"https:\\\/\\\/ismfrance.org\\\/#organization\"},\"image\":{\"@id\":\"https:\\\/\\\/ismfrance.org\\\/index.php\\\/2024\\\/04\\\/24\\\/joseph-massad-repond-aux-affabulations-et-mensonges-proferes-a-son-encontre\\\/#primaryimage\"},\"thumbnailUrl\":\"https:\\\/\\\/ismfrance.org\\\/wp-content\\\/uploads\\\/2024\\\/04\\\/campus.png\",\"keywords\":[\"7 octobre 2023\",\"Collabos\",\"harc\u00e8lement\",\"Sionisme\"],\"articleSection\":[\"Analyses\",\"Articles\"],\"inLanguage\":\"fr-FR\"},{\"@type\":\"WebPage\",\"@id\":\"https:\\\/\\\/ismfrance.org\\\/index.php\\\/2024\\\/04\\\/24\\\/joseph-massad-repond-aux-affabulations-et-mensonges-proferes-a-son-encontre\\\/\",\"url\":\"https:\\\/\\\/ismfrance.org\\\/index.php\\\/2024\\\/04\\\/24\\\/joseph-massad-repond-aux-affabulations-et-mensonges-proferes-a-son-encontre\\\/\",\"name\":\"Joseph Massad r\u00e9pond aux affabulations et mensonges prof\u00e9r\u00e9s \u00e0 son encontre - International Solidarity Movement - ISM-France\",\"isPartOf\":{\"@id\":\"https:\\\/\\\/ismfrance.org\\\/#website\"},\"primaryImageOfPage\":{\"@id\":\"https:\\\/\\\/ismfrance.org\\\/index.php\\\/2024\\\/04\\\/24\\\/joseph-massad-repond-aux-affabulations-et-mensonges-proferes-a-son-encontre\\\/#primaryimage\"},\"image\":{\"@id\":\"https:\\\/\\\/ismfrance.org\\\/index.php\\\/2024\\\/04\\\/24\\\/joseph-massad-repond-aux-affabulations-et-mensonges-proferes-a-son-encontre\\\/#primaryimage\"},\"thumbnailUrl\":\"https:\\\/\\\/ismfrance.org\\\/wp-content\\\/uploads\\\/2024\\\/04\\\/campus.png\",\"datePublished\":\"2024-04-24T07:47:54+00:00\",\"dateModified\":\"2024-04-24T07:49:10+00:00\",\"breadcrumb\":{\"@id\":\"https:\\\/\\\/ismfrance.org\\\/index.php\\\/2024\\\/04\\\/24\\\/joseph-massad-repond-aux-affabulations-et-mensonges-proferes-a-son-encontre\\\/#breadcrumb\"},\"inLanguage\":\"fr-FR\",\"potentialAction\":[{\"@type\":\"ReadAction\",\"target\":[\"https:\\\/\\\/ismfrance.org\\\/index.php\\\/2024\\\/04\\\/24\\\/joseph-massad-repond-aux-affabulations-et-mensonges-proferes-a-son-encontre\\\/\"]}]},{\"@type\":\"ImageObject\",\"inLanguage\":\"fr-FR\",\"@id\":\"https:\\\/\\\/ismfrance.org\\\/index.php\\\/2024\\\/04\\\/24\\\/joseph-massad-repond-aux-affabulations-et-mensonges-proferes-a-son-encontre\\\/#primaryimage\",\"url\":\"https:\\\/\\\/ismfrance.org\\\/wp-content\\\/uploads\\\/2024\\\/04\\\/campus.png\",\"contentUrl\":\"https:\\\/\\\/ismfrance.org\\\/wp-content\\\/uploads\\\/2024\\\/04\\\/campus.png\",\"width\":1338,\"height\":888,\"caption\":\"le campus de l\u2019universit\u00e9 de Columbia, \u00e0 New York\"},{\"@type\":\"BreadcrumbList\",\"@id\":\"https:\\\/\\\/ismfrance.org\\\/index.php\\\/2024\\\/04\\\/24\\\/joseph-massad-repond-aux-affabulations-et-mensonges-proferes-a-son-encontre\\\/#breadcrumb\",\"itemListElement\":[{\"@type\":\"ListItem\",\"position\":1,\"name\":\"Accueil\",\"item\":\"https:\\\/\\\/ismfrance.org\\\/\"},{\"@type\":\"ListItem\",\"position\":2,\"name\":\"Joseph Massad r\u00e9pond aux affabulations et mensonges prof\u00e9r\u00e9s \u00e0 son encontre\"}]},{\"@type\":\"WebSite\",\"@id\":\"https:\\\/\\\/ismfrance.org\\\/#website\",\"url\":\"https:\\\/\\\/ismfrance.org\\\/\",\"name\":\"ISM Palestine France\",\"description\":\"Soutien aux luttes de lib\u00e9ration du peuple palestinien\",\"publisher\":{\"@id\":\"https:\\\/\\\/ismfrance.org\\\/#organization\"},\"potentialAction\":[{\"@type\":\"SearchAction\",\"target\":{\"@type\":\"EntryPoint\",\"urlTemplate\":\"https:\\\/\\\/ismfrance.org\\\/?s={search_term_string}\"},\"query-input\":{\"@type\":\"PropertyValueSpecification\",\"valueRequired\":true,\"valueName\":\"search_term_string\"}}],\"inLanguage\":\"fr-FR\"},{\"@type\":\"Organization\",\"@id\":\"https:\\\/\\\/ismfrance.org\\\/#organization\",\"name\":\"International Solidarity Movement\",\"url\":\"https:\\\/\\\/ismfrance.org\\\/\",\"logo\":{\"@type\":\"ImageObject\",\"inLanguage\":\"fr-FR\",\"@id\":\"https:\\\/\\\/ismfrance.org\\\/#\\\/schema\\\/logo\\\/image\\\/\",\"url\":\"https:\\\/\\\/ismfrance.org\\\/wp-content\\\/uploads\\\/2020\\\/12\\\/00.png\",\"contentUrl\":\"https:\\\/\\\/ismfrance.org\\\/wp-content\\\/uploads\\\/2020\\\/12\\\/00.png\",\"width\":400,\"height\":400,\"caption\":\"International Solidarity Movement\"},\"image\":{\"@id\":\"https:\\\/\\\/ismfrance.org\\\/#\\\/schema\\\/logo\\\/image\\\/\"},\"sameAs\":[\"https:\\\/\\\/x.com\\\/ISMFRANCE\"]},{\"@type\":\"Person\",\"@id\":\"https:\\\/\\\/ismfrance.org\\\/#\\\/schema\\\/person\\\/3c411eb72adfaae19c0dca1f41fae01d\",\"name\":\"mru_01\",\"image\":{\"@type\":\"ImageObject\",\"inLanguage\":\"fr-FR\",\"@id\":\"https:\\\/\\\/secure.gravatar.com\\\/avatar\\\/3a0be343b445d2ccc79e87444a294fad2b232e90d2051d0e3cc219e1ecd6a330?s=96&d=mm&r=g\",\"url\":\"https:\\\/\\\/secure.gravatar.com\\\/avatar\\\/3a0be343b445d2ccc79e87444a294fad2b232e90d2051d0e3cc219e1ecd6a330?s=96&d=mm&r=g\",\"contentUrl\":\"https:\\\/\\\/secure.gravatar.com\\\/avatar\\\/3a0be343b445d2ccc79e87444a294fad2b232e90d2051d0e3cc219e1ecd6a330?s=96&d=mm&r=g\",\"caption\":\"mru_01\"},\"url\":\"https:\\\/\\\/ismfrance.org\\\/index.php\\\/author\\\/admin02\\\/\"}]}<\/script>\n<!-- \/ Yoast SEO plugin. -->","yoast_head_json":{"title":"Joseph Massad r\u00e9pond aux affabulations et mensonges prof\u00e9r\u00e9s \u00e0 son encontre - International Solidarity Movement - ISM-France","robots":{"index":"index","follow":"follow","max-snippet":"max-snippet:-1","max-image-preview":"max-image-preview:large","max-video-preview":"max-video-preview:-1"},"canonical":"https:\/\/ismfrance.org\/index.php\/2024\/04\/24\/joseph-massad-repond-aux-affabulations-et-mensonges-proferes-a-son-encontre\/","og_locale":"fr_FR","og_type":"article","og_title":"Joseph Massad r\u00e9pond aux affabulations et mensonges prof\u00e9r\u00e9s \u00e0 son encontre - International Solidarity Movement - ISM-France","og_description":"Ali Abunimah,\u00a017 avril 2024. Le 17 avril,\u00a0Minouche Shafik,\u00a0la pr\u00e9sidente de l\u2018Universit\u00e9 de Columbia,\u00a0a comparu devant le Comit\u00e9 de la Chambre sur l\u2019\u00e9ducation et ses effectifs, lors du tout dernier \u00e9pisode Lire la suite &rarr;","og_url":"https:\/\/ismfrance.org\/index.php\/2024\/04\/24\/joseph-massad-repond-aux-affabulations-et-mensonges-proferes-a-son-encontre\/","og_site_name":"International Solidarity Movement - ISM-France","article_published_time":"2024-04-24T07:47:54+00:00","article_modified_time":"2024-04-24T07:49:10+00:00","og_image":[{"width":700,"height":465,"url":"https:\/\/ismfrance.org\/wp-content\/uploads\/2024\/04\/campus-700x465.png","type":"image\/png"}],"author":"mru_01","twitter_card":"summary_large_image","twitter_creator":"@ISMFRANCE","twitter_site":"@ISMFRANCE","twitter_misc":{"\u00c9crit par":"mru_01","Dur\u00e9e de lecture estim\u00e9e":"9 minutes"},"schema":{"@context":"https:\/\/schema.org","@graph":[{"@type":"Article","@id":"https:\/\/ismfrance.org\/index.php\/2024\/04\/24\/joseph-massad-repond-aux-affabulations-et-mensonges-proferes-a-son-encontre\/#article","isPartOf":{"@id":"https:\/\/ismfrance.org\/index.php\/2024\/04\/24\/joseph-massad-repond-aux-affabulations-et-mensonges-proferes-a-son-encontre\/"},"author":{"name":"mru_01","@id":"https:\/\/ismfrance.org\/#\/schema\/person\/3c411eb72adfaae19c0dca1f41fae01d"},"headline":"Joseph Massad r\u00e9pond aux affabulations et mensonges prof\u00e9r\u00e9s \u00e0 son encontre","datePublished":"2024-04-24T07:47:54+00:00","dateModified":"2024-04-24T07:49:10+00:00","mainEntityOfPage":{"@id":"https:\/\/ismfrance.org\/index.php\/2024\/04\/24\/joseph-massad-repond-aux-affabulations-et-mensonges-proferes-a-son-encontre\/"},"wordCount":1663,"publisher":{"@id":"https:\/\/ismfrance.org\/#organization"},"image":{"@id":"https:\/\/ismfrance.org\/index.php\/2024\/04\/24\/joseph-massad-repond-aux-affabulations-et-mensonges-proferes-a-son-encontre\/#primaryimage"},"thumbnailUrl":"https:\/\/ismfrance.org\/wp-content\/uploads\/2024\/04\/campus.png","keywords":["7 octobre 2023","Collabos","harc\u00e8lement","Sionisme"],"articleSection":["Analyses","Articles"],"inLanguage":"fr-FR"},{"@type":"WebPage","@id":"https:\/\/ismfrance.org\/index.php\/2024\/04\/24\/joseph-massad-repond-aux-affabulations-et-mensonges-proferes-a-son-encontre\/","url":"https:\/\/ismfrance.org\/index.php\/2024\/04\/24\/joseph-massad-repond-aux-affabulations-et-mensonges-proferes-a-son-encontre\/","name":"Joseph Massad r\u00e9pond aux affabulations et mensonges prof\u00e9r\u00e9s \u00e0 son encontre - International Solidarity Movement - ISM-France","isPartOf":{"@id":"https:\/\/ismfrance.org\/#website"},"primaryImageOfPage":{"@id":"https:\/\/ismfrance.org\/index.php\/2024\/04\/24\/joseph-massad-repond-aux-affabulations-et-mensonges-proferes-a-son-encontre\/#primaryimage"},"image":{"@id":"https:\/\/ismfrance.org\/index.php\/2024\/04\/24\/joseph-massad-repond-aux-affabulations-et-mensonges-proferes-a-son-encontre\/#primaryimage"},"thumbnailUrl":"https:\/\/ismfrance.org\/wp-content\/uploads\/2024\/04\/campus.png","datePublished":"2024-04-24T07:47:54+00:00","dateModified":"2024-04-24T07:49:10+00:00","breadcrumb":{"@id":"https:\/\/ismfrance.org\/index.php\/2024\/04\/24\/joseph-massad-repond-aux-affabulations-et-mensonges-proferes-a-son-encontre\/#breadcrumb"},"inLanguage":"fr-FR","potentialAction":[{"@type":"ReadAction","target":["https:\/\/ismfrance.org\/index.php\/2024\/04\/24\/joseph-massad-repond-aux-affabulations-et-mensonges-proferes-a-son-encontre\/"]}]},{"@type":"ImageObject","inLanguage":"fr-FR","@id":"https:\/\/ismfrance.org\/index.php\/2024\/04\/24\/joseph-massad-repond-aux-affabulations-et-mensonges-proferes-a-son-encontre\/#primaryimage","url":"https:\/\/ismfrance.org\/wp-content\/uploads\/2024\/04\/campus.png","contentUrl":"https:\/\/ismfrance.org\/wp-content\/uploads\/2024\/04\/campus.png","width":1338,"height":888,"caption":"le campus de l\u2019universit\u00e9 de Columbia, \u00e0 New York"},{"@type":"BreadcrumbList","@id":"https:\/\/ismfrance.org\/index.php\/2024\/04\/24\/joseph-massad-repond-aux-affabulations-et-mensonges-proferes-a-son-encontre\/#breadcrumb","itemListElement":[{"@type":"ListItem","position":1,"name":"Accueil","item":"https:\/\/ismfrance.org\/"},{"@type":"ListItem","position":2,"name":"Joseph Massad r\u00e9pond aux affabulations et mensonges prof\u00e9r\u00e9s \u00e0 son encontre"}]},{"@type":"WebSite","@id":"https:\/\/ismfrance.org\/#website","url":"https:\/\/ismfrance.org\/","name":"ISM Palestine France","description":"Soutien aux luttes de lib\u00e9ration du peuple palestinien","publisher":{"@id":"https:\/\/ismfrance.org\/#organization"},"potentialAction":[{"@type":"SearchAction","target":{"@type":"EntryPoint","urlTemplate":"https:\/\/ismfrance.org\/?s={search_term_string}"},"query-input":{"@type":"PropertyValueSpecification","valueRequired":true,"valueName":"search_term_string"}}],"inLanguage":"fr-FR"},{"@type":"Organization","@id":"https:\/\/ismfrance.org\/#organization","name":"International Solidarity Movement","url":"https:\/\/ismfrance.org\/","logo":{"@type":"ImageObject","inLanguage":"fr-FR","@id":"https:\/\/ismfrance.org\/#\/schema\/logo\/image\/","url":"https:\/\/ismfrance.org\/wp-content\/uploads\/2020\/12\/00.png","contentUrl":"https:\/\/ismfrance.org\/wp-content\/uploads\/2020\/12\/00.png","width":400,"height":400,"caption":"International Solidarity Movement"},"image":{"@id":"https:\/\/ismfrance.org\/#\/schema\/logo\/image\/"},"sameAs":["https:\/\/x.com\/ISMFRANCE"]},{"@type":"Person","@id":"https:\/\/ismfrance.org\/#\/schema\/person\/3c411eb72adfaae19c0dca1f41fae01d","name":"mru_01","image":{"@type":"ImageObject","inLanguage":"fr-FR","@id":"https:\/\/secure.gravatar.com\/avatar\/3a0be343b445d2ccc79e87444a294fad2b232e90d2051d0e3cc219e1ecd6a330?s=96&d=mm&r=g","url":"https:\/\/secure.gravatar.com\/avatar\/3a0be343b445d2ccc79e87444a294fad2b232e90d2051d0e3cc219e1ecd6a330?s=96&d=mm&r=g","contentUrl":"https:\/\/secure.gravatar.com\/avatar\/3a0be343b445d2ccc79e87444a294fad2b232e90d2051d0e3cc219e1ecd6a330?s=96&d=mm&r=g","caption":"mru_01"},"url":"https:\/\/ismfrance.org\/index.php\/author\/admin02\/"}]}},"_links":{"self":[{"href":"https:\/\/ismfrance.org\/index.php\/wp-json\/wp\/v2\/posts\/10975","targetHints":{"allow":["GET"]}}],"collection":[{"href":"https:\/\/ismfrance.org\/index.php\/wp-json\/wp\/v2\/posts"}],"about":[{"href":"https:\/\/ismfrance.org\/index.php\/wp-json\/wp\/v2\/types\/post"}],"author":[{"embeddable":true,"href":"https:\/\/ismfrance.org\/index.php\/wp-json\/wp\/v2\/users\/3"}],"replies":[{"embeddable":true,"href":"https:\/\/ismfrance.org\/index.php\/wp-json\/wp\/v2\/comments?post=10975"}],"version-history":[{"count":0,"href":"https:\/\/ismfrance.org\/index.php\/wp-json\/wp\/v2\/posts\/10975\/revisions"}],"wp:featuredmedia":[{"embeddable":true,"href":"https:\/\/ismfrance.org\/index.php\/wp-json\/wp\/v2\/media\/10977"}],"wp:attachment":[{"href":"https:\/\/ismfrance.org\/index.php\/wp-json\/wp\/v2\/media?parent=10975"}],"wp:term":[{"taxonomy":"category","embeddable":true,"href":"https:\/\/ismfrance.org\/index.php\/wp-json\/wp\/v2\/categories?post=10975"},{"taxonomy":"post_tag","embeddable":true,"href":"https:\/\/ismfrance.org\/index.php\/wp-json\/wp\/v2\/tags?post=10975"}],"curies":[{"name":"wp","href":"https:\/\/api.w.org\/{rel}","templated":true}]}}