{"id":10768,"date":"2024-04-14T17:29:35","date_gmt":"2024-04-14T15:29:35","guid":{"rendered":"https:\/\/ismfrance.org\/?p=10768"},"modified":"2024-04-14T17:36:54","modified_gmt":"2024-04-14T15:36:54","slug":"les-locaux-des-missions-diplomatiques-sont-inviolables","status":"publish","type":"post","link":"https:\/\/ismfrance.org\/index.php\/2024\/04\/14\/les-locaux-des-missions-diplomatiques-sont-inviolables\/","title":{"rendered":"Les locaux des missions diplomatiques sont inviolables"},"content":{"rendered":"<p><span style=\"color: #000000;\"><span style=\"font-family: Tahoma, sans-serif;\"><span style=\"font-size: medium;\"><span lang=\"fr-FR\"><strong>Vijay Prashad, 11 avril 2024<\/strong>. Le <\/span>bombardement par Isra\u00ebl de l\u2019ambassade d\u2019Iran \u00e0 Damas comme le raid de l\u2019\u00c9quateur sur l\u2019ambassade du Mexique \u00e0 Quito montrent que certains dirigeants, encourag\u00e9s par l\u2019impunit\u00e9 que leur accordent les pays du Nord,<span lang=\"fr-FR\"> bafouent les normes et le respect diplomatiques.<\/span><\/span><\/span><\/span><\/p>\n<div id=\"attachment_10769\" style=\"width: 610px\" class=\"wp-caption alignnone\"><a href=\"https:\/\/ismfrance.org\/wp-content\/uploads\/2024\/04\/Afshin-Pirhashemi-Iran-Untitled-2017.jpg\"><img loading=\"lazy\" decoding=\"async\" aria-describedby=\"caption-attachment-10769\" class=\"wp-image-10769 size-large\" src=\"https:\/\/ismfrance.org\/wp-content\/uploads\/2024\/04\/Afshin-Pirhashemi-Iran-Untitled-2017-700x368.jpg\" alt=\"\" width=\"600\" height=\"315\" srcset=\"https:\/\/ismfrance.org\/wp-content\/uploads\/2024\/04\/Afshin-Pirhashemi-Iran-Untitled-2017-700x368.jpg 700w, https:\/\/ismfrance.org\/wp-content\/uploads\/2024\/04\/Afshin-Pirhashemi-Iran-Untitled-2017-300x158.jpg 300w, https:\/\/ismfrance.org\/wp-content\/uploads\/2024\/04\/Afshin-Pirhashemi-Iran-Untitled-2017-768x403.jpg 768w, https:\/\/ismfrance.org\/wp-content\/uploads\/2024\/04\/Afshin-Pirhashemi-Iran-Untitled-2017.jpg 950w\" sizes=\"auto, (max-width: 600px) 100vw, 600px\" \/><\/a><p id=\"caption-attachment-10769\" class=\"wp-caption-text\">Afshin Pirhashemi (Iran),<em> Sans titre<\/em>, 2017.<\/p><\/div>\n<p><span style=\"color: #000000;\"><span style=\"font-family: Tahoma, sans-serif;\"><span style=\"font-size: medium;\">Chers amis,<\/span><\/span><\/span><\/p>\n<div id=\"Section2\" dir=\"LTR\">\n<p><span style=\"color: #000000;\"><span style=\"font-family: Tahoma, sans-serif;\"><span style=\"font-size: medium;\">Salutations du bureau de <\/span><\/span><\/span><span style=\"color: #000080;\"><span lang=\"zxx\"><u><a href=\"https:\/\/thetricontinental.org\/\"><span style=\"color: #000000;\"><span style=\"font-family: Tahoma, sans-serif;\"><span style=\"font-size: medium;\">Tricontinental : Institut de recherche en sciences sociales<\/span><\/span><\/span><\/a><\/u><\/span><\/span><span style=\"color: #000000;\"><span style=\"font-family: Tahoma, sans-serif;\"><span style=\"font-size: medium;\">. <\/span><\/span><\/span><\/p>\n<p><span style=\"color: #000000;\"><span style=\"font-family: Tahoma, sans-serif;\"><span style=\"font-size: medium;\">Nous vivons une \u00e9poque malhonn\u00eate, les certitudes se sont effondr\u00e9es et la malveillance r\u00f4de. Il y a Gaza, bien s\u00fbr. Gaza est dans nos esprits, par dessus tout. Plus de 33.000 Palestiniens ont \u00e9t\u00e9 <\/span><\/span><\/span><span style=\"color: #000080;\"><span lang=\"zxx\"><u><a href=\"https:\/\/twitter.com\/NaeemJeenah\/status\/1776744233040220668\/photo\/2\"><span style=\"color: #000000;\"><span style=\"font-family: Tahoma, sans-serif;\"><span style=\"font-size: medium;\">tu\u00e9s <\/span><\/span><\/span><\/a><\/u><\/span><\/span><span style=\"color: #000000;\"><span style=\"font-family: Tahoma, sans-serif;\"><span style=\"font-size: medium;\">par Isra\u00ebl depuis le 7 octobre, et plus de 7.000 personnes sont port\u00e9es disparues (dont 5.000 enfants). Brutalement, le gouvernement isra\u00e9lien s&rsquo;est moqu\u00e9 de l\u2019opinion publique mondiale dress\u00e9e contre lui. Des milliards de personnes sont indign\u00e9es par la dure r\u00e9alit\u00e9 de sa violence et pourtant, nous sommes incapables d\u2019imposer un cessez-le-feu \u00e0 une arm\u00e9e qui a d\u00e9cid\u00e9 d&rsquo;an\u00e9antir tout un peuple. Les gouvernements du Nord ont un double discours : d&rsquo;un c\u00f4t\u00e9, des d\u00e9clarations clich\u00e9es visant \u00e0 apaiser leurs propres populations d\u00e9courag\u00e9es, de l&rsquo;autre des v\u00e9tos aux Nations Unies et des transferts d\u2019armes \u00e0 l\u2019arm\u00e9e isra\u00e9lienne. C\u2019est ce comportement hypocrite qui renforce l&rsquo;assurance de gens comme Benjamin Netanyahu, Premier ministre isra\u00e9lien, et qui garantit leur impunit\u00e9. <\/span><\/span><\/span><\/p>\n<p><span style=\"color: #000000;\"><span style=\"font-family: Tahoma, sans-serif;\"><span style=\"font-size: medium;\">C&rsquo;est cette m\u00eame impunit\u00e9 qui a permis \u00e0 Isra\u00ebl de violer la Charte des Nations unies (1945) et la <\/span><\/span><\/span><span style=\"color: #000080;\"><span lang=\"zxx\"><u><a href=\"https:\/\/treaties.un.org\/pages\/ViewDetails.aspx?src=TREATY&amp;mtdsg_no=III-3&amp;chapter=3&amp;clang=_en\"><span style=\"color: #000000;\"><span style=\"font-family: Tahoma, sans-serif;\"><span style=\"font-size: medium;\">Convention de Vienne sur les relations diplomatiques <\/span><\/span><\/span><\/a><\/u><\/span><\/span><span style=\"color: #000000;\"><span style=\"font-family: Tahoma, sans-serif;\"><span style=\"font-size: medium;\">(1961) lorsqu\u2019il a bombard\u00e9, le 1er avril 2024, l\u2019ambassade d\u2019Iran \u00e0 Damas, en Syrie, tuant seize personnes, dont des officiers sup\u00e9rieurs de l\u2019arm\u00e9e iranienne. Cette impunit\u00e9 est contagieuse et se propage parmi certains dirigeants enhardis par l\u2019arrogance de Washington. C&rsquo;est le cas du pr\u00e9sident \u00e9quatorien Daniel Noboa qui, le 5 avril, a envoy\u00e9 ses forces paramilitaires investir l\u2019ambassade du Mexique \u00e0 Quito pour s\u2019emparer de Jorge Glas, ancien vice-pr\u00e9sident du pays, \u00e0 qui les autorit\u00e9s mexicaines avaient octroy\u00e9 l\u2019asile politique. Le gouvernement de Noboa, comme celui de Netanyahou, a fait fi de la longue histoire du respect international des relations diplomatiques, sans se soucier des implications dangereuses d&rsquo;une telle action. Des dirigeants comme Netanyahou et Noboa <\/span><\/span><\/span><span style=\"color: #000000;\"><span style=\"font-family: Tahoma, sans-serif;\"><span style=\"font-size: medium;\">ont le sentiment qu\u2019ils peuvent faire n&rsquo;importe quoi parce qu\u2019ils sont prot\u00e9g\u00e9s par les pays du Nord qui, eux non plus, ne sont jamais inqui\u00e9t\u00e9s.<\/span><\/span><\/span><\/p>\n<div id=\"attachment_10771\" style=\"width: 610px\" class=\"wp-caption alignnone\"><a href=\"https:\/\/ismfrance.org\/wp-content\/uploads\/2024\/04\/Lucia-Chiriboga-Ecuador-Del-fondo-de-la-memoria-vengo-1993.jpg\"><img loading=\"lazy\" decoding=\"async\" aria-describedby=\"caption-attachment-10771\" class=\"wp-image-10771 size-large\" src=\"https:\/\/ismfrance.org\/wp-content\/uploads\/2024\/04\/Lucia-Chiriboga-Ecuador-Del-fondo-de-la-memoria-vengo-1993-700x472.jpg\" alt=\"\" width=\"600\" height=\"405\" srcset=\"https:\/\/ismfrance.org\/wp-content\/uploads\/2024\/04\/Lucia-Chiriboga-Ecuador-Del-fondo-de-la-memoria-vengo-1993-700x472.jpg 700w, https:\/\/ismfrance.org\/wp-content\/uploads\/2024\/04\/Lucia-Chiriboga-Ecuador-Del-fondo-de-la-memoria-vengo-1993-300x202.jpg 300w, https:\/\/ismfrance.org\/wp-content\/uploads\/2024\/04\/Lucia-Chiriboga-Ecuador-Del-fondo-de-la-memoria-vengo-1993-768x517.jpg 768w, https:\/\/ismfrance.org\/wp-content\/uploads\/2024\/04\/Lucia-Chiriboga-Ecuador-Del-fondo-de-la-memoria-vengo-1993.jpg 950w\" sizes=\"auto, (max-width: 600px) 100vw, 600px\" \/><\/a><p id=\"caption-attachment-10771\" class=\"wp-caption-text\">Luc\u00eda Chiriboga (\u00c9quateur), <em>Sans titre<\/em> de la s\u00e9rie \u00ab\u00a0Del fondo de la memoria, vengo\u00a0\u00bb (\u00ab\u00a0Je viens des profondeurs de la m\u00e9moire\u00a0\u00bb), 1993.<\/p><\/div>\n<\/div>\n<div id=\"Section3\" dir=\"LTR\">\n<p style=\"text-align: left;\" align=\"CENTER\"><span style=\"font-size: medium; font-family: Tahoma, sans-serif; color: #000000;\">Les usages diplomatiques remontent \u00e0 des milliers d\u2019ann\u00e9es et traversent cultures et continents. Des textes anciens de Zhuang Zhou en Chine et de Kautilya, son contemporain en Inde au IV<\/span><sup style=\"font-family: Tahoma, sans-serif; color: #000000;\">\u00e8me<\/sup><span style=\"font-size: medium; font-family: Tahoma, sans-serif; color: #000000;\"> si\u00e8cle av. J.-C., d\u00e9finissent les r\u00e8gles pour des relations harmonieuses entre \u00c9tats par le biais de leurs \u00e9missaires. Ces principes apparaissent dans presque toutes les r\u00e9gions du monde, avec des exemples de conflits qui finissent par des accords incluant l\u2019\u00e9change d\u2019\u00e9missaires pour le maintien de la paix. Ces id\u00e9es de l&rsquo;Antiquit\u00e9, y compris le droit romain, ont influenc\u00e9 les premiers en Europe qui ont \u00e9crit sur le droit international coutumier\u00a0: Hugo Grotius (1583-1645), Cornelis van Bijnkershoek (1673-1743) et Emer de Vattel (1714-1767). C\u2019est cette conception globale d&rsquo;une n\u00e9cessaire courtoisie diplomatique qui a donn\u00e9 naissance \u00e0 la notion d\u2019immunit\u00e9 diplomatique.<\/span><\/p>\n<\/div>\n<div id=\"Section4\" dir=\"LTR\">\n<p><span style=\"color: #000000;\"><span style=\"font-family: Tahoma, sans-serif;\"><span style=\"font-size: medium;\">En 1952, le gouvernement yougoslave a propos\u00e9 que la Commission du droit international (CDI), cr\u00e9\u00e9e par l\u2019ONU, codifie les relations diplomatiques. Pour aider la CDI, l\u2019ONU nomma Emil Sandstr\u00f6m, avocat su\u00e9dois qui avait pr\u00e9sid\u00e9 le Comit\u00e9 sp\u00e9cial de l\u2019ONU sur la Palestine (1947), comme rapporteur sp\u00e9cial. Les 81 \u00c9tats membres de l\u2019ONU ont \u00e9tudi\u00e9 et amend\u00e9 les articles traitant des relations diplomatiques r\u00e9dig\u00e9s par la CDI avec le concours de Sandstr\u00f6m. En 1961, lors d\u2019une r\u00e9union d\u2019un mois \u00e0 Vienne, tous les \u00c9tats membres ont particip\u00e9 \u00e0 la Convention sur les relations diplomatiques. Parmi les 61 \u00c9tats signataires figuraient l\u2019\u00c9quateur et Isra\u00ebl, ainsi que les \u00c9tats-Unis. Ces trois pays font donc partie des \u00c9tats fondateurs de la Convention de Vienne de 1961. <\/span><\/span><\/span><\/p>\n<p><span style=\"color: #000000;\"><span style=\"font-family: Tahoma, sans-serif;\"><span style=\"font-size: medium;\">L\u2019article 22.1 de la Convention de Vienne stipule\u00a0: \u00ab\u00a0<em>Les locaux de la mission sont inviolables. Il n\u2019est pas permis aux agents de l\u2019\u00c9tat accr\u00e9ditaire d\u2019y p\u00e9n\u00e9trer, sauf avec le consentement du chef de la mission<\/em>\u00a0\u00bb.<\/span><\/span><\/span><\/p>\n<div id=\"attachment_10773\" style=\"width: 678px\" class=\"wp-caption alignnone\"><a href=\"https:\/\/ismfrance.org\/wp-content\/uploads\/2024\/04\/Safwan-Dahoul-Syria-Dream-77-2014.jpg\"><img loading=\"lazy\" decoding=\"async\" aria-describedby=\"caption-attachment-10773\" class=\"wp-image-10773 size-full\" src=\"https:\/\/ismfrance.org\/wp-content\/uploads\/2024\/04\/Safwan-Dahoul-Syria-Dream-77-2014.jpg\" alt=\"\" width=\"668\" height=\"598\" srcset=\"https:\/\/ismfrance.org\/wp-content\/uploads\/2024\/04\/Safwan-Dahoul-Syria-Dream-77-2014.jpg 668w, https:\/\/ismfrance.org\/wp-content\/uploads\/2024\/04\/Safwan-Dahoul-Syria-Dream-77-2014-300x269.jpg 300w\" sizes=\"auto, (max-width: 668px) 100vw, 668px\" \/><\/a><p id=\"caption-attachment-10773\" class=\"wp-caption-text\">Safwan Dahoul (Syrie), <em>R\u00eave 77<\/em>, 2014<\/p><\/div>\n<\/div>\n<div id=\"Section5\" dir=\"LTR\">\n<p style=\"text-align: left;\" align=\"CENTER\"><span style=\"color: #000000;\"><span style=\"font-family: Tahoma, sans-serif;\"><span style=\"font-size: medium;\">Lors d\u2019une <\/span><\/span><\/span><span style=\"color: #000080;\"><span lang=\"zxx\"><u><span style=\"color: #000000;\"><span style=\"font-family: Tahoma, sans-serif;\"><span style=\"font-size: medium;\">r\u00e9union d<\/span><\/span><\/span><\/u><\/span><\/span><span style=\"color: #000000;\"><span style=\"font-family: Tahoma, sans-serif;\"><span style=\"font-size: medium;\">u Conseil de s\u00e9curit\u00e9 de l\u2019ONU sur la r\u00e9cente frappe d\u2019Isra\u00ebl contre l\u2019ambassade d\u2019Iran en Syrie, l\u2019ambassadeur adjoint de Chine, Geng Shuang, a rappel\u00e9 \u00e0 ses coll\u00e8gues qu\u2019il y a 25 ans, l\u2019ambassade de Chine \u00e0 Belgrade avait \u00e9t\u00e9 touch\u00e9e lors des bombardements de la Yougoslavie par l\u2019OTAN dirig\u00e9 par les \u00c9tats-Unis. \u00c0 l\u2019\u00e9poque, le pr\u00e9sident am\u00e9ricain Bill Clinton <\/span><\/span><\/span><span style=\"color: #000080;\"><span lang=\"zxx\"><u><a href=\"http:\/\/edition.cnn.com\/WORLD\/europe\/9905\/10\/kosovo.china.02\/\"><span style=\"color: #000000;\"><span style=\"font-family: Tahoma, sans-serif;\"><span style=\"font-size: medium;\">s\u2019\u00e9tait excus\u00e9 <\/span><\/span><\/span><\/a><\/u><\/span><\/span><span style=\"color: #000000;\"><span style=\"font-family: Tahoma, sans-serif;\"><span style=\"font-size: medium;\">pour l\u2019attaque, la qualifiant d&rsquo;\u00ab\u00a0\u00e9v\u00e9nement isol\u00e9 et tragique\u00a0\u00bb. Isra\u00ebl et l\u2019\u00c9quateur n&rsquo;ont pas pr\u00e9sent\u00e9 d&rsquo;excuses pour leurs violations des ambassades iranienne et mexicaine. Geng Shuang a d\u00e9clar\u00e9 \u00e0 l&rsquo;assembl\u00e9e : \u00ab\u00a0La ligne rouge du droit international et les normes fondamentales des relations internationales ont \u00e9t\u00e9 viol\u00e9es \u00e0 maintes reprises, de m\u00eame que les valeurs morales de la conscience humaine\u00a0\u00bb. Lors de cette r\u00e9union, l\u2019ambassadeur de l\u2019\u00c9quateur, Jos\u00e9 De la Gasca, a condamn\u00e9 l\u2019attaque contre l\u2019ambassade d\u2019Iran \u00e0 Damas, d\u00e9clarant\u00a0: \u00ab\u00a0Rien ne justifie ce type d\u2019attaque\u00a0\u00bb. Quelques jours plus tard, son gouvernement violait la Convention de Vienne de 1961 et la <\/span><\/span><\/span><span style=\"color: #000080;\"><span lang=\"zxx\"><u><a href=\"https:\/\/www.refworld.org\/legal\/agreements\/oas\/1954\/en\/16362\"><span style=\"color: #000000;\"><span style=\"font-family: Tahoma, sans-serif;\"><span style=\"font-size: medium;\">Convention de l&rsquo;Organisation des Etats am\u00e9ricains de 1954<\/span><\/span><\/span><\/a><\/u><\/span><\/span><span style=\"color: #000000;\"><span style=\"font-family: Tahoma, sans-serif;\"><span style=\"font-size: medium;\"> sur l&rsquo;asile diplomatique lors de l\u2019arrestation de Jorge Glas \u00e0 l\u2019ambassade du Mexique, acte rapidement <\/span><\/span><\/span><span style=\"color: #000080;\"><span lang=\"zxx\"><u><a href=\"https:\/\/www.un.org\/sg\/en\/content\/sg\/statement\/2024-04-06\/statement-attributable-the-spokesman-for-the-secretary-general\u00a0-raid-of-mexicos-embassy-ecuador\"><span style=\"color: #000000;\"><span style=\"font-family: Tahoma, sans-serif;\"><span style=\"font-size: medium;\">condamn\u00e9 <\/span><\/span><\/span><\/a><\/u><\/span><\/span><span style=\"color: #000000;\"><span style=\"font-family: Tahoma, sans-serif;\"><span style=\"font-size: medium;\">par le secr\u00e9taire g\u00e9n\u00e9ral de l\u2019ONU.<\/span><\/span><\/span><\/p>\n<\/div>\n<div id=\"Section6\" dir=\"LTR\">\n<p><span style=\"color: #000000;\"><span style=\"font-family: Tahoma, sans-serif;\"><span style=\"font-size: medium;\">De telles violations de la protection des ambassades ne sont pas nouvelles. Il existe de nombreux exemples de groupes radicaux \u2013 de gauche comme de droite \u2013 qui ont attaqu\u00e9 des ambassades pour des raisons politiques. C&rsquo;est le cas notamment de la prise de contr\u00f4le de l\u2019ambassade des \u00c9tats-Unis \u00e0 T\u00e9h\u00e9ran en 1979 lorsque, durant 444 jours, des \u00e9tudiants ont retenu en otages 53 membres du personnel. Mais il y a aussi plusieurs exemples de gouvernements investissant de force les locaux d\u2019ambassades comme en 1985, lorsque le r\u00e9gime d\u2019apartheid sud-africain a envoy\u00e9 ses forces \u00e0 l\u2019ambassade des Pays-Bas pour <\/span><\/span><\/span><span style=\"color: #000080;\"><span lang=\"zxx\"><u><a href=\"https:\/\/www.nytimes.com\/1985\/07\/11\/world\/south-africans-pursue-fugitive-into-embassy.html\"><span style=\"color: #000000;\"><span style=\"font-family: Tahoma, sans-serif;\"><span style=\"font-size: medium;\">arr\u00eater <\/span><\/span><\/span><\/a><\/u><\/span><\/span><span style=\"color: #000000;\"><span style=\"font-family: Tahoma, sans-serif;\"><span style=\"font-size: medium;\">un ressortissant n\u00e9erlandais qui avait aid\u00e9 le Congr\u00e8s national africain (ANC), ou encore en 1989 lorsque l\u2019arm\u00e9e d\u2019invasion \u00e9tasunienne <\/span><\/span><\/span><span style=\"color: #000080;\"><span lang=\"zxx\"><u><a href=\"https:\/\/www.nytimes.com\/1989\/12\/31\/world\/after-noriega-us-admits-error-in-searching-home-of-managua-envoy.html\"><span style=\"color: #000000;\"><span style=\"font-family: Tahoma, sans-serif;\"><span style=\"font-size: medium;\">a perquisitionn\u00e9 <\/span><\/span><\/span><\/a><\/u><\/span><\/span><span style=\"color: #000000;\"><span style=\"font-family: Tahoma, sans-serif;\"><span style=\"font-size: medium;\">la r\u00e9sidence de l\u2019ambassadeur du Nicaragua \u00e0 Panama. Toutes ces op\u00e9rations ont donn\u00e9 lieu \u00e0 des sanctions et des excuses ont \u00e9t\u00e9 exig\u00e9es. Cependant, ni Isra\u00ebl ni l\u2019\u00c9quateur \u2013 tous deux signataires de la Convention de Vienne de 1961 \u2013 n\u2019ont formul\u00e9 la moindre \u00e9bauche d&rsquo;excuse. Ni l\u2019Iran ni la Syrie n&rsquo;avaient de relations diplomatiques avec Isra\u00ebl, quant au Mexique, il a rompu tout lien diplomatique avec l\u2019\u00c9quateur \u00e0 la suite des r\u00e9cents \u00e9v\u00e9nements.<\/span><\/span><\/span><\/p>\n<div id=\"attachment_10775\" style=\"width: 610px\" class=\"wp-caption alignnone\"><a href=\"https:\/\/ismfrance.org\/wp-content\/uploads\/2024\/04\/Graciela-Iturbide-Mexico-Mujer-Angel-Desierto-de-Sonora-Mexico-1979.jpg\"><img loading=\"lazy\" decoding=\"async\" aria-describedby=\"caption-attachment-10775\" class=\"wp-image-10775 size-large\" src=\"https:\/\/ismfrance.org\/wp-content\/uploads\/2024\/04\/Graciela-Iturbide-Mexico-Mujer-Angel-Desierto-de-Sonora-Mexico-1979-700x493.jpg\" alt=\"\" width=\"600\" height=\"423\" srcset=\"https:\/\/ismfrance.org\/wp-content\/uploads\/2024\/04\/Graciela-Iturbide-Mexico-Mujer-Angel-Desierto-de-Sonora-Mexico-1979-700x493.jpg 700w, https:\/\/ismfrance.org\/wp-content\/uploads\/2024\/04\/Graciela-Iturbide-Mexico-Mujer-Angel-Desierto-de-Sonora-Mexico-1979-300x211.jpg 300w, https:\/\/ismfrance.org\/wp-content\/uploads\/2024\/04\/Graciela-Iturbide-Mexico-Mujer-Angel-Desierto-de-Sonora-Mexico-1979-768x541.jpg 768w, https:\/\/ismfrance.org\/wp-content\/uploads\/2024\/04\/Graciela-Iturbide-Mexico-Mujer-Angel-Desierto-de-Sonora-Mexico-1979.jpg 950w\" sizes=\"auto, (max-width: 600px) 100vw, 600px\" \/><\/a><p id=\"caption-attachment-10775\" class=\"wp-caption-text\">Graciela Iturbide (Mexique), <em>Femme ange, d\u00e9sert de Sonora<\/em>, Mexique, 1979.<\/p><\/div>\n<\/div>\n<div id=\"Section7\" dir=\"LTR\">\n<p style=\"text-align: left;\" align=\"CENTER\"><span style=\"font-size: medium; font-family: Tahoma, sans-serif; color: #000000;\">La violence traverse le monde comme une nouvelle pand\u00e9mie, non seulement \u00e0 Gaza, mais aussi ailleurs, avec ce conflit qui se pr\u00e9pare autour de l\u2019\u00c9quateur, avec la monstruosit\u00e9 des guerres dans l\u2019est de la R\u00e9publique d\u00e9mocratique du Congo, au Soudan et l\u2019impasse persistante en Ukraine. La guerre brise l\u2019esprit humain, mais elle suscite aussi un puissant besoin de descendre dans la rue et de s&rsquo;opposer au d\u00e9clenchement des hostilit\u00e9s. Encore et encore, ce grand mouvement anti-guerre se heurte \u00e0 la fureur des puissants qui arr\u00eatent les artisans de la paix et les traitent, eux plut\u00f4t que les marchands de mort, comme des criminels.<\/span><\/p>\n<div id=\"attachment_10776\" style=\"width: 610px\" class=\"wp-caption alignnone\"><a href=\"https:\/\/ismfrance.org\/wp-content\/uploads\/2024\/04\/Parviz-Tanavoli-Iran-Last-Poet-of-Iran-1968.jpg\"><img loading=\"lazy\" decoding=\"async\" aria-describedby=\"caption-attachment-10776\" class=\"wp-image-10776 size-large\" src=\"https:\/\/ismfrance.org\/wp-content\/uploads\/2024\/04\/Parviz-Tanavoli-Iran-Last-Poet-of-Iran-1968-700x700.jpg\" alt=\"\" width=\"600\" height=\"600\" srcset=\"https:\/\/ismfrance.org\/wp-content\/uploads\/2024\/04\/Parviz-Tanavoli-Iran-Last-Poet-of-Iran-1968-700x700.jpg 700w, https:\/\/ismfrance.org\/wp-content\/uploads\/2024\/04\/Parviz-Tanavoli-Iran-Last-Poet-of-Iran-1968-300x300.jpg 300w, https:\/\/ismfrance.org\/wp-content\/uploads\/2024\/04\/Parviz-Tanavoli-Iran-Last-Poet-of-Iran-1968-150x150.jpg 150w, https:\/\/ismfrance.org\/wp-content\/uploads\/2024\/04\/Parviz-Tanavoli-Iran-Last-Poet-of-Iran-1968-768x768.jpg 768w, https:\/\/ismfrance.org\/wp-content\/uploads\/2024\/04\/Parviz-Tanavoli-Iran-Last-Poet-of-Iran-1968-144x144.jpg 144w, https:\/\/ismfrance.org\/wp-content\/uploads\/2024\/04\/Parviz-Tanavoli-Iran-Last-Poet-of-Iran-1968.jpg 800w\" sizes=\"auto, (max-width: 600px) 100vw, 600px\" \/><\/a><p id=\"caption-attachment-10776\" class=\"wp-caption-text\">Parviz Tanavoli (Iran), <em>Dernier po\u00e8te d\u2019Iran<\/em>, 1968.<\/p><\/div>\n<\/div>\n<div id=\"Section9\" dir=\"LTR\">\n<p style=\"text-align: left;\" align=\"CENTER\"><span style=\"font-size: medium; font-family: Tahoma, sans-serif; color: #000000;\">L\u2019Iran a une glorieuse tradition po\u00e9tique qui remonte \u00e0 Abou Abdallah Roudaki (858-941) et qui resplendit ensuite dans le <\/span><i style=\"font-size: medium; font-family: Tahoma, sans-serif; color: #000000;\">Diwan <\/i><span style=\"font-size: medium; font-family: Tahoma, sans-serif; color: #000000;\">de Khwaja Shams al-Din Muhammad Hafiz Shirazi (1320-1390), qui nous a transmis cette am\u00e8re pens\u00e9e\u00a0: <\/span><i style=\"font-size: medium; font-family: Tahoma, sans-serif; color: #000000;\">dans le monde de la poussi\u00e8re, aucun \u00eatre humain ne brille, il faut construire un autre monde, cr\u00e9er un nouvel Adam.<\/i><\/p>\n<\/div>\n<div id=\"Section10\" dir=\"LTR\">\n<p><span style=\"color: #000000;\"><span style=\"font-family: Tahoma, sans-serif;\"><span style=\"font-size: medium;\">C\u2019est dans cette tradition de la po\u00e9sie farsi que s\u2019inscrit Garous Abdolmalekian (n\u00e9 en 1980), dont les po\u00e8mes sont satur\u00e9s de la guerre et ses impacts. Mais, m\u00eame dans cet environnement de balles et de chars, on trouve un puissant d\u00e9sir de paix et d\u2019amour, comme dans son \u00ab\u00a0Po\u00e8me pour l\u2019immobilit\u00e9\u00a0\u00bb (2020)\u00a0:<\/span><\/span><\/span><\/p>\n<p><strong>Il remue son th\u00e9 avec le canon d\u2019un r\u00e9volver<\/strong><br \/>\n<strong>Il r\u00e8gle le probl\u00e8me avec le canon d\u2019un r\u00e9volver<\/strong><br \/>\n<strong>Il raye ses pens\u00e9es avec le canon d\u2019un r\u00e9volver<\/strong><\/p>\n<p><strong>Et parfois<\/strong><br \/>\n<strong>il s&rsquo;assoit face \u00e0 lui-m\u00eame<\/strong><br \/>\n<strong>pour extraire de son cerveau<\/strong><br \/>\n<strong>des souvenirs de balles<\/strong><\/p>\n<p><strong>Il a combattu dans de nombreuses guerres<\/strong><br \/>\n<strong>mais ne fait pas le poids face \u00e0 son propre d\u00e9sespoir<\/strong><\/p>\n<p><strong>Ces pilules blanches<\/strong><br \/>\n<strong>l\u2019ont rendu si transparent<\/strong><br \/>\n<strong>que son ombre doit se lever<\/strong><br \/>\n<strong>pour aller lui chercher de l\u2019eau<\/strong><\/p>\n<p><strong>Nous devrions admettre<\/strong><br \/>\n<strong>que jamais un soldat<\/strong><br \/>\n<strong>n&rsquo;est revenu<\/strong><br \/>\n<strong>de la guerre<\/strong><br \/>\n<strong>vivant<\/strong><\/p>\n<p><span style=\"color: #000000; font-family: Tahoma, sans-serif; font-size: medium;\">Chaleureusement,<\/span><\/p>\n<p><span style=\"color: #000000;\"><span style=\"font-family: Tahoma, sans-serif;\"><span style=\"font-size: medium;\">Vijay<\/span><\/span><\/span><\/p>\n<hr \/>\n<p lang=\"fr-FR\"><em><span style=\"color: #000000;\"><span style=\"font-family: Tahoma, sans-serif;\"><span style=\"font-size: medium;\">Quinzi\u00e8me bulletin d&rsquo;information (2024) de Vijay Prashad, publi\u00e9 sur le site de <a href=\"https:\/\/thetricontinental.org\/newsletterissue\/ecuador\/\">Tricontinental, Institut de recherche en sciences sociales<\/a> \/ Traduction Chris &amp; Dine<\/span><\/span><\/span><\/em><\/p>\n<\/div>\n","protected":false},"excerpt":{"rendered":"<p>Vijay Prashad, 11 avril 2024. Le bombardement par Isra\u00ebl de l\u2019ambassade d\u2019Iran \u00e0 Damas comme le raid de l\u2019\u00c9quateur sur l\u2019ambassade du Mexique \u00e0 Quito montrent que certains dirigeants, encourag\u00e9s <a class=\"more-link\" href=\"https:\/\/ismfrance.org\/index.php\/2024\/04\/14\/les-locaux-des-missions-diplomatiques-sont-inviolables\/\">Lire la suite &rarr;<\/a><\/p>\n","protected":false},"author":3,"featured_media":10769,"comment_status":"closed","ping_status":"closed","sticky":false,"template":"","format":"standard","meta":{"footnotes":""},"categories":[12,2],"tags":[],"class_list":["post-10768","post","type-post","status-publish","format-standard","has-post-thumbnail","hentry","category-analyses","category-articles"],"yoast_head":"<!-- This site is optimized with the Yoast SEO plugin v27.2 - https:\/\/yoast.com\/product\/yoast-seo-wordpress\/ -->\n<title>Les locaux des missions diplomatiques sont inviolables - International Solidarity Movement - ISM-France<\/title>\n<meta name=\"robots\" content=\"index, follow, max-snippet:-1, max-image-preview:large, max-video-preview:-1\" \/>\n<link rel=\"canonical\" href=\"https:\/\/ismfrance.org\/index.php\/2024\/04\/14\/les-locaux-des-missions-diplomatiques-sont-inviolables\/\" \/>\n<meta property=\"og:locale\" content=\"fr_FR\" \/>\n<meta property=\"og:type\" content=\"article\" \/>\n<meta property=\"og:title\" content=\"Les locaux des missions diplomatiques sont inviolables - International Solidarity Movement - ISM-France\" \/>\n<meta property=\"og:description\" content=\"Vijay Prashad, 11 avril 2024. Le bombardement par Isra\u00ebl de l\u2019ambassade d\u2019Iran \u00e0 Damas comme le raid de l\u2019\u00c9quateur sur l\u2019ambassade du Mexique \u00e0 Quito montrent que certains dirigeants, encourag\u00e9s Lire la suite &rarr;\" \/>\n<meta property=\"og:url\" content=\"https:\/\/ismfrance.org\/index.php\/2024\/04\/14\/les-locaux-des-missions-diplomatiques-sont-inviolables\/\" \/>\n<meta property=\"og:site_name\" content=\"International Solidarity Movement - ISM-France\" \/>\n<meta property=\"article:published_time\" content=\"2024-04-14T15:29:35+00:00\" \/>\n<meta property=\"article:modified_time\" content=\"2024-04-14T15:36:54+00:00\" \/>\n<meta property=\"og:image\" content=\"https:\/\/ismfrance.org\/wp-content\/uploads\/2024\/04\/Afshin-Pirhashemi-Iran-Untitled-2017.jpg\" \/>\n\t<meta property=\"og:image:width\" content=\"950\" \/>\n\t<meta property=\"og:image:height\" content=\"499\" \/>\n\t<meta property=\"og:image:type\" content=\"image\/jpeg\" \/>\n<meta name=\"author\" content=\"mru_01\" \/>\n<meta name=\"twitter:card\" content=\"summary_large_image\" \/>\n<meta name=\"twitter:creator\" content=\"@ISMFRANCE\" \/>\n<meta name=\"twitter:site\" content=\"@ISMFRANCE\" \/>\n<meta name=\"twitter:label1\" content=\"\u00c9crit par\" \/>\n\t<meta name=\"twitter:data1\" content=\"mru_01\" \/>\n\t<meta name=\"twitter:label2\" content=\"Dur\u00e9e de lecture estim\u00e9e\" \/>\n\t<meta name=\"twitter:data2\" content=\"9 minutes\" \/>\n<script type=\"application\/ld+json\" class=\"yoast-schema-graph\">{\"@context\":\"https:\/\/schema.org\",\"@graph\":[{\"@type\":\"Article\",\"@id\":\"https:\/\/ismfrance.org\/index.php\/2024\/04\/14\/les-locaux-des-missions-diplomatiques-sont-inviolables\/#article\",\"isPartOf\":{\"@id\":\"https:\/\/ismfrance.org\/index.php\/2024\/04\/14\/les-locaux-des-missions-diplomatiques-sont-inviolables\/\"},\"author\":{\"name\":\"mru_01\",\"@id\":\"https:\/\/ismfrance.org\/#\/schema\/person\/3c411eb72adfaae19c0dca1f41fae01d\"},\"headline\":\"Les locaux des missions diplomatiques sont inviolables\",\"datePublished\":\"2024-04-14T15:29:35+00:00\",\"dateModified\":\"2024-04-14T15:36:54+00:00\",\"mainEntityOfPage\":{\"@id\":\"https:\/\/ismfrance.org\/index.php\/2024\/04\/14\/les-locaux-des-missions-diplomatiques-sont-inviolables\/\"},\"wordCount\":1641,\"publisher\":{\"@id\":\"https:\/\/ismfrance.org\/#organization\"},\"image\":{\"@id\":\"https:\/\/ismfrance.org\/index.php\/2024\/04\/14\/les-locaux-des-missions-diplomatiques-sont-inviolables\/#primaryimage\"},\"thumbnailUrl\":\"https:\/\/ismfrance.org\/wp-content\/uploads\/2024\/04\/Afshin-Pirhashemi-Iran-Untitled-2017.jpg\",\"articleSection\":[\"Analyses\",\"Articles\"],\"inLanguage\":\"fr-FR\"},{\"@type\":\"WebPage\",\"@id\":\"https:\/\/ismfrance.org\/index.php\/2024\/04\/14\/les-locaux-des-missions-diplomatiques-sont-inviolables\/\",\"url\":\"https:\/\/ismfrance.org\/index.php\/2024\/04\/14\/les-locaux-des-missions-diplomatiques-sont-inviolables\/\",\"name\":\"Les locaux des missions diplomatiques sont inviolables - International Solidarity Movement - ISM-France\",\"isPartOf\":{\"@id\":\"https:\/\/ismfrance.org\/#website\"},\"primaryImageOfPage\":{\"@id\":\"https:\/\/ismfrance.org\/index.php\/2024\/04\/14\/les-locaux-des-missions-diplomatiques-sont-inviolables\/#primaryimage\"},\"image\":{\"@id\":\"https:\/\/ismfrance.org\/index.php\/2024\/04\/14\/les-locaux-des-missions-diplomatiques-sont-inviolables\/#primaryimage\"},\"thumbnailUrl\":\"https:\/\/ismfrance.org\/wp-content\/uploads\/2024\/04\/Afshin-Pirhashemi-Iran-Untitled-2017.jpg\",\"datePublished\":\"2024-04-14T15:29:35+00:00\",\"dateModified\":\"2024-04-14T15:36:54+00:00\",\"breadcrumb\":{\"@id\":\"https:\/\/ismfrance.org\/index.php\/2024\/04\/14\/les-locaux-des-missions-diplomatiques-sont-inviolables\/#breadcrumb\"},\"inLanguage\":\"fr-FR\",\"potentialAction\":[{\"@type\":\"ReadAction\",\"target\":[\"https:\/\/ismfrance.org\/index.php\/2024\/04\/14\/les-locaux-des-missions-diplomatiques-sont-inviolables\/\"]}]},{\"@type\":\"ImageObject\",\"inLanguage\":\"fr-FR\",\"@id\":\"https:\/\/ismfrance.org\/index.php\/2024\/04\/14\/les-locaux-des-missions-diplomatiques-sont-inviolables\/#primaryimage\",\"url\":\"https:\/\/ismfrance.org\/wp-content\/uploads\/2024\/04\/Afshin-Pirhashemi-Iran-Untitled-2017.jpg\",\"contentUrl\":\"https:\/\/ismfrance.org\/wp-content\/uploads\/2024\/04\/Afshin-Pirhashemi-Iran-Untitled-2017.jpg\",\"width\":950,\"height\":499},{\"@type\":\"BreadcrumbList\",\"@id\":\"https:\/\/ismfrance.org\/index.php\/2024\/04\/14\/les-locaux-des-missions-diplomatiques-sont-inviolables\/#breadcrumb\",\"itemListElement\":[{\"@type\":\"ListItem\",\"position\":1,\"name\":\"Accueil\",\"item\":\"https:\/\/ismfrance.org\/\"},{\"@type\":\"ListItem\",\"position\":2,\"name\":\"Les locaux des missions diplomatiques sont inviolables\"}]},{\"@type\":\"WebSite\",\"@id\":\"https:\/\/ismfrance.org\/#website\",\"url\":\"https:\/\/ismfrance.org\/\",\"name\":\"ISM Palestine France\",\"description\":\"Soutien aux luttes de lib\u00e9ration du peuple palestinien\",\"publisher\":{\"@id\":\"https:\/\/ismfrance.org\/#organization\"},\"potentialAction\":[{\"@type\":\"SearchAction\",\"target\":{\"@type\":\"EntryPoint\",\"urlTemplate\":\"https:\/\/ismfrance.org\/?s={search_term_string}\"},\"query-input\":{\"@type\":\"PropertyValueSpecification\",\"valueRequired\":true,\"valueName\":\"search_term_string\"}}],\"inLanguage\":\"fr-FR\"},{\"@type\":\"Organization\",\"@id\":\"https:\/\/ismfrance.org\/#organization\",\"name\":\"International Solidarity Movement\",\"url\":\"https:\/\/ismfrance.org\/\",\"logo\":{\"@type\":\"ImageObject\",\"inLanguage\":\"fr-FR\",\"@id\":\"https:\/\/ismfrance.org\/#\/schema\/logo\/image\/\",\"url\":\"https:\/\/ismfrance.org\/wp-content\/uploads\/2020\/12\/00.png\",\"contentUrl\":\"https:\/\/ismfrance.org\/wp-content\/uploads\/2020\/12\/00.png\",\"width\":400,\"height\":400,\"caption\":\"International Solidarity Movement\"},\"image\":{\"@id\":\"https:\/\/ismfrance.org\/#\/schema\/logo\/image\/\"},\"sameAs\":[\"https:\/\/x.com\/ISMFRANCE\"]},{\"@type\":\"Person\",\"@id\":\"https:\/\/ismfrance.org\/#\/schema\/person\/3c411eb72adfaae19c0dca1f41fae01d\",\"name\":\"mru_01\",\"image\":{\"@type\":\"ImageObject\",\"inLanguage\":\"fr-FR\",\"@id\":\"https:\/\/secure.gravatar.com\/avatar\/3a0be343b445d2ccc79e87444a294fad2b232e90d2051d0e3cc219e1ecd6a330?s=96&d=mm&r=g\",\"url\":\"https:\/\/secure.gravatar.com\/avatar\/3a0be343b445d2ccc79e87444a294fad2b232e90d2051d0e3cc219e1ecd6a330?s=96&d=mm&r=g\",\"contentUrl\":\"https:\/\/secure.gravatar.com\/avatar\/3a0be343b445d2ccc79e87444a294fad2b232e90d2051d0e3cc219e1ecd6a330?s=96&d=mm&r=g\",\"caption\":\"mru_01\"},\"url\":\"https:\/\/ismfrance.org\/index.php\/author\/admin02\/\"}]}<\/script>\n<!-- \/ Yoast SEO plugin. -->","yoast_head_json":{"title":"Les locaux des missions diplomatiques sont inviolables - International Solidarity Movement - ISM-France","robots":{"index":"index","follow":"follow","max-snippet":"max-snippet:-1","max-image-preview":"max-image-preview:large","max-video-preview":"max-video-preview:-1"},"canonical":"https:\/\/ismfrance.org\/index.php\/2024\/04\/14\/les-locaux-des-missions-diplomatiques-sont-inviolables\/","og_locale":"fr_FR","og_type":"article","og_title":"Les locaux des missions diplomatiques sont inviolables - International Solidarity Movement - ISM-France","og_description":"Vijay Prashad, 11 avril 2024. Le bombardement par Isra\u00ebl de l\u2019ambassade d\u2019Iran \u00e0 Damas comme le raid de l\u2019\u00c9quateur sur l\u2019ambassade du Mexique \u00e0 Quito montrent que certains dirigeants, encourag\u00e9s Lire la suite &rarr;","og_url":"https:\/\/ismfrance.org\/index.php\/2024\/04\/14\/les-locaux-des-missions-diplomatiques-sont-inviolables\/","og_site_name":"International Solidarity Movement - ISM-France","article_published_time":"2024-04-14T15:29:35+00:00","article_modified_time":"2024-04-14T15:36:54+00:00","og_image":[{"width":950,"height":499,"url":"https:\/\/ismfrance.org\/wp-content\/uploads\/2024\/04\/Afshin-Pirhashemi-Iran-Untitled-2017.jpg","type":"image\/jpeg"}],"author":"mru_01","twitter_card":"summary_large_image","twitter_creator":"@ISMFRANCE","twitter_site":"@ISMFRANCE","twitter_misc":{"\u00c9crit par":"mru_01","Dur\u00e9e de lecture estim\u00e9e":"9 minutes"},"schema":{"@context":"https:\/\/schema.org","@graph":[{"@type":"Article","@id":"https:\/\/ismfrance.org\/index.php\/2024\/04\/14\/les-locaux-des-missions-diplomatiques-sont-inviolables\/#article","isPartOf":{"@id":"https:\/\/ismfrance.org\/index.php\/2024\/04\/14\/les-locaux-des-missions-diplomatiques-sont-inviolables\/"},"author":{"name":"mru_01","@id":"https:\/\/ismfrance.org\/#\/schema\/person\/3c411eb72adfaae19c0dca1f41fae01d"},"headline":"Les locaux des missions diplomatiques sont inviolables","datePublished":"2024-04-14T15:29:35+00:00","dateModified":"2024-04-14T15:36:54+00:00","mainEntityOfPage":{"@id":"https:\/\/ismfrance.org\/index.php\/2024\/04\/14\/les-locaux-des-missions-diplomatiques-sont-inviolables\/"},"wordCount":1641,"publisher":{"@id":"https:\/\/ismfrance.org\/#organization"},"image":{"@id":"https:\/\/ismfrance.org\/index.php\/2024\/04\/14\/les-locaux-des-missions-diplomatiques-sont-inviolables\/#primaryimage"},"thumbnailUrl":"https:\/\/ismfrance.org\/wp-content\/uploads\/2024\/04\/Afshin-Pirhashemi-Iran-Untitled-2017.jpg","articleSection":["Analyses","Articles"],"inLanguage":"fr-FR"},{"@type":"WebPage","@id":"https:\/\/ismfrance.org\/index.php\/2024\/04\/14\/les-locaux-des-missions-diplomatiques-sont-inviolables\/","url":"https:\/\/ismfrance.org\/index.php\/2024\/04\/14\/les-locaux-des-missions-diplomatiques-sont-inviolables\/","name":"Les locaux des missions diplomatiques sont inviolables - International Solidarity Movement - ISM-France","isPartOf":{"@id":"https:\/\/ismfrance.org\/#website"},"primaryImageOfPage":{"@id":"https:\/\/ismfrance.org\/index.php\/2024\/04\/14\/les-locaux-des-missions-diplomatiques-sont-inviolables\/#primaryimage"},"image":{"@id":"https:\/\/ismfrance.org\/index.php\/2024\/04\/14\/les-locaux-des-missions-diplomatiques-sont-inviolables\/#primaryimage"},"thumbnailUrl":"https:\/\/ismfrance.org\/wp-content\/uploads\/2024\/04\/Afshin-Pirhashemi-Iran-Untitled-2017.jpg","datePublished":"2024-04-14T15:29:35+00:00","dateModified":"2024-04-14T15:36:54+00:00","breadcrumb":{"@id":"https:\/\/ismfrance.org\/index.php\/2024\/04\/14\/les-locaux-des-missions-diplomatiques-sont-inviolables\/#breadcrumb"},"inLanguage":"fr-FR","potentialAction":[{"@type":"ReadAction","target":["https:\/\/ismfrance.org\/index.php\/2024\/04\/14\/les-locaux-des-missions-diplomatiques-sont-inviolables\/"]}]},{"@type":"ImageObject","inLanguage":"fr-FR","@id":"https:\/\/ismfrance.org\/index.php\/2024\/04\/14\/les-locaux-des-missions-diplomatiques-sont-inviolables\/#primaryimage","url":"https:\/\/ismfrance.org\/wp-content\/uploads\/2024\/04\/Afshin-Pirhashemi-Iran-Untitled-2017.jpg","contentUrl":"https:\/\/ismfrance.org\/wp-content\/uploads\/2024\/04\/Afshin-Pirhashemi-Iran-Untitled-2017.jpg","width":950,"height":499},{"@type":"BreadcrumbList","@id":"https:\/\/ismfrance.org\/index.php\/2024\/04\/14\/les-locaux-des-missions-diplomatiques-sont-inviolables\/#breadcrumb","itemListElement":[{"@type":"ListItem","position":1,"name":"Accueil","item":"https:\/\/ismfrance.org\/"},{"@type":"ListItem","position":2,"name":"Les locaux des missions diplomatiques sont inviolables"}]},{"@type":"WebSite","@id":"https:\/\/ismfrance.org\/#website","url":"https:\/\/ismfrance.org\/","name":"ISM Palestine France","description":"Soutien aux luttes de lib\u00e9ration du peuple palestinien","publisher":{"@id":"https:\/\/ismfrance.org\/#organization"},"potentialAction":[{"@type":"SearchAction","target":{"@type":"EntryPoint","urlTemplate":"https:\/\/ismfrance.org\/?s={search_term_string}"},"query-input":{"@type":"PropertyValueSpecification","valueRequired":true,"valueName":"search_term_string"}}],"inLanguage":"fr-FR"},{"@type":"Organization","@id":"https:\/\/ismfrance.org\/#organization","name":"International Solidarity Movement","url":"https:\/\/ismfrance.org\/","logo":{"@type":"ImageObject","inLanguage":"fr-FR","@id":"https:\/\/ismfrance.org\/#\/schema\/logo\/image\/","url":"https:\/\/ismfrance.org\/wp-content\/uploads\/2020\/12\/00.png","contentUrl":"https:\/\/ismfrance.org\/wp-content\/uploads\/2020\/12\/00.png","width":400,"height":400,"caption":"International Solidarity Movement"},"image":{"@id":"https:\/\/ismfrance.org\/#\/schema\/logo\/image\/"},"sameAs":["https:\/\/x.com\/ISMFRANCE"]},{"@type":"Person","@id":"https:\/\/ismfrance.org\/#\/schema\/person\/3c411eb72adfaae19c0dca1f41fae01d","name":"mru_01","image":{"@type":"ImageObject","inLanguage":"fr-FR","@id":"https:\/\/secure.gravatar.com\/avatar\/3a0be343b445d2ccc79e87444a294fad2b232e90d2051d0e3cc219e1ecd6a330?s=96&d=mm&r=g","url":"https:\/\/secure.gravatar.com\/avatar\/3a0be343b445d2ccc79e87444a294fad2b232e90d2051d0e3cc219e1ecd6a330?s=96&d=mm&r=g","contentUrl":"https:\/\/secure.gravatar.com\/avatar\/3a0be343b445d2ccc79e87444a294fad2b232e90d2051d0e3cc219e1ecd6a330?s=96&d=mm&r=g","caption":"mru_01"},"url":"https:\/\/ismfrance.org\/index.php\/author\/admin02\/"}]}},"_links":{"self":[{"href":"https:\/\/ismfrance.org\/index.php\/wp-json\/wp\/v2\/posts\/10768","targetHints":{"allow":["GET"]}}],"collection":[{"href":"https:\/\/ismfrance.org\/index.php\/wp-json\/wp\/v2\/posts"}],"about":[{"href":"https:\/\/ismfrance.org\/index.php\/wp-json\/wp\/v2\/types\/post"}],"author":[{"embeddable":true,"href":"https:\/\/ismfrance.org\/index.php\/wp-json\/wp\/v2\/users\/3"}],"replies":[{"embeddable":true,"href":"https:\/\/ismfrance.org\/index.php\/wp-json\/wp\/v2\/comments?post=10768"}],"version-history":[{"count":0,"href":"https:\/\/ismfrance.org\/index.php\/wp-json\/wp\/v2\/posts\/10768\/revisions"}],"wp:featuredmedia":[{"embeddable":true,"href":"https:\/\/ismfrance.org\/index.php\/wp-json\/wp\/v2\/media\/10769"}],"wp:attachment":[{"href":"https:\/\/ismfrance.org\/index.php\/wp-json\/wp\/v2\/media?parent=10768"}],"wp:term":[{"taxonomy":"category","embeddable":true,"href":"https:\/\/ismfrance.org\/index.php\/wp-json\/wp\/v2\/categories?post=10768"},{"taxonomy":"post_tag","embeddable":true,"href":"https:\/\/ismfrance.org\/index.php\/wp-json\/wp\/v2\/tags?post=10768"}],"curies":[{"name":"wp","href":"https:\/\/api.w.org\/{rel}","templated":true}]}}