{"id":10738,"date":"2024-04-13T16:26:49","date_gmt":"2024-04-13T14:26:49","guid":{"rendered":"https:\/\/ismfrance.org\/?p=10738"},"modified":"2024-04-13T16:27:55","modified_gmt":"2024-04-13T14:27:55","slug":"initiative-gaza-a-luniversite-birzeit-pour-permettre-aux-etudiants-universitaires-de-gaza-de-poursuivre-leurs-etudes","status":"publish","type":"post","link":"https:\/\/ismfrance.org\/index.php\/2024\/04\/13\/initiative-gaza-a-luniversite-birzeit-pour-permettre-aux-etudiants-universitaires-de-gaza-de-poursuivre-leurs-etudes\/","title":{"rendered":"Initiative Gaza \u00e0 l&rsquo;Universit\u00e9 Birzeit : pour permettre aux \u00e9tudiants universitaires de Gaza de poursuivre leurs \u00e9tudes"},"content":{"rendered":"<p><span style=\"color: #000000;\"><span style=\"font-family: Tahoma, sans-serif;\"><span style=\"font-size: medium;\"><strong>Universit\u00e9 Birzeit, 13 avril 2024<\/strong>. Les \u00e9tablissements d\u2019enseignement sup\u00e9rieur, les \u00e9tudiants, les professeurs et les infrastructures palestiniennes \u00e0 Gaza ont \u00e9t\u00e9 d\u00e9lib\u00e9r\u00e9ment vis\u00e9s par l\u2019occupation isra\u00e9lienne. Pour att\u00e9nuer les cons\u00e9quences tragiques de ces attaques g\u00e9nocidaires et entamer le processus de redressement, l&rsquo;Universit\u00e9 de Birzeit a lanc\u00e9 <span style=\"color: #0000ff;\"><a style=\"color: #0000ff;\" href=\"https:\/\/birzeit.us15.list-manage.com\/track\/click?u=ee1d3da4ba597588bb68b2d02&amp;id=50d8ac263d&amp;e=bd7677d502\">une initiative visant \u00e0 permettre<\/a><\/span> aux \u00e9tudiants de la bande de Gaza de poursuivre leurs \u00e9tudes \u00e0 distance. L&rsquo;initiative est men\u00e9e en coordination avec les \u00e9tablissements et le personnel de l&rsquo;enseignement sup\u00e9rieur de Gaza et vise \u00e0 renforcer la r\u00e9silience de toutes les composantes du secteur de l&rsquo;enseignement sup\u00e9rieur.<\/span><\/span><\/span><\/p>\n<p><a href=\"https:\/\/ismfrance.org\/wp-content\/uploads\/2024\/04\/birzeit.png\"><img loading=\"lazy\" decoding=\"async\" class=\"size-full wp-image-10740 aligncenter\" src=\"https:\/\/ismfrance.org\/wp-content\/uploads\/2024\/04\/birzeit.png\" alt=\"\" width=\"554\" height=\"291\" srcset=\"https:\/\/ismfrance.org\/wp-content\/uploads\/2024\/04\/birzeit.png 554w, https:\/\/ismfrance.org\/wp-content\/uploads\/2024\/04\/birzeit-300x158.png 300w\" sizes=\"auto, (max-width: 554px) 100vw, 554px\" \/><\/a><\/p>\n<p><span style=\"color: #000000;\"><span style=\"font-family: Tahoma, sans-serif;\"><span style=\"font-size: medium;\">L\u2019initiative implique les interventions cl\u00e9s suivantes\u00a0:<\/span><\/span><\/span><\/p>\n<p><span style=\"color: #000000;\"><span style=\"font-family: Tahoma, sans-serif;\"><span style=\"font-size: medium;\"><strong>1.<\/strong> <strong>Enseignement \u00e0 distance<\/strong>\u00a0en coordination avec les universit\u00e9s de Gaza\u00a0: en plus de superviser des projets et des m\u00e9moires, l&rsquo;enseignement \u00e0 distance d\u00e9butera en mai\u00a02024. Les professeurs de l&rsquo;Universit\u00e9 de Birzeit se porteront volontaires pour enseigner et co-superviser des projets de fin d&rsquo;\u00e9tudes et des th\u00e8ses de fin d&rsquo;\u00e9tudes.<\/span><\/span><\/span><\/p>\n<p><span style=\"color: #000000;\"><span style=\"font-family: Tahoma, sans-serif;\"><span style=\"font-size: medium;\"><strong>2.<\/strong> <strong>Synergie d&rsquo;infrastructure et institutionnelle<\/strong> : nous visons \u00e0 fournir des ressources pour am\u00e9liorer l&rsquo;infrastructure physique et num\u00e9rique de l&rsquo;Universit\u00e9 de Birzeit et les institutions acad\u00e9miques dans la bande de Gaza, en plus d&rsquo;aider les chercheurs et les \u00e9tudiants \u00e0 acc\u00e9der aux connaissances n\u00e9cessaires pour mener \u00e0 bien leur parcours universitaire. Le personnel de l&rsquo;Universit\u00e9 de Birzeit donnera de son temps pour fournir un soutien pertinent \u00e0 cette intervention.<\/span><\/span><\/span><\/p>\n<p><span style=\"color: #000000;\"><span style=\"font-family: Tahoma, sans-serif;\"><span style=\"font-size: medium;\"><strong>3. Recherche transformatrice<\/strong>\u00a0: entreprendre des recherches et des \u00e9tudes sur l&rsquo;impact de l&rsquo;attaque sur Gaza, gr\u00e2ce \u00e0 des partenariats entre des chercheurs des universit\u00e9s de Gaza, de l&rsquo;Universit\u00e9 de Birzeit et de nos partenaires mondiaux. La recherche cherchera \u00e0 reconstruire Gaza structurellement, socialement, culturellement et \u00e9cologiquement, par des moyens appropri\u00e9s et pertinents, compatibles avec les ressources indig\u00e8nes et l&rsquo;identit\u00e9 et la souverainet\u00e9 palestiniennes.<\/span><\/span><\/span><\/p>\n<p><iframe loading=\"lazy\" title=\"\u0645\u0628\u0627\u062f\u0631\u0629 \u063a\u0632\u0629 \u0644\u0627\u0633\u062a\u0626\u0646\u0627\u0641 \u0627\u0644\u062a\u0639\u0644\u064a\u0645 \u0627\u0644\u0639\u0627\u0644\u064a Gaza Initiative to Enable Students to Continue Their Studies\" width=\"600\" height=\"338\" src=\"https:\/\/www.youtube.com\/embed\/R_DvW0cyavQ?feature=oembed\" frameborder=\"0\" allow=\"accelerometer; autoplay; clipboard-write; encrypted-media; gyroscope; picture-in-picture; web-share\" referrerpolicy=\"strict-origin-when-cross-origin\" allowfullscreen><\/iframe><\/p>\n<p><span style=\"color: #000000;\"><span style=\"font-family: Tahoma, sans-serif;\"><span style=\"font-size: medium;\">L&rsquo;Universit\u00e9 de Birzeit a d\u00e9j\u00e0 invit\u00e9 les \u00e9tudiants universitaires de Gaza int\u00e9ress\u00e9s qui souhaitent participer \u00e0 cette initiative \u00e0 remplir le formulaire de candidature <span style=\"color: #0000ff;\"><a style=\"color: #0000ff;\" href=\"https:\/\/birzeit.us15.list-manage.com\/track\/click?u=ee1d3da4ba597588bb68b2d02&amp;id=5354116b2f&amp;e=bd7677d502\">via\u00a0ce lien<\/a><\/span>. Plus de 8.500 \u00e9tudiants se sont d\u00e9j\u00e0 inscrits et ce nombre devrait augmenter consid\u00e9rablement.<\/span><\/span><\/span><\/p>\n<p><span style=\"color: #000000;\"><span style=\"font-family: Tahoma, sans-serif;\"><span style=\"font-size: medium;\">Nous vous contactons aujourd&rsquo;hui pour soutenir ces interventions et nous aider \u00e0 contribuer au retour de la vie universitaire dans les universit\u00e9s de Gaza et \u00e0 reconstruire l&rsquo;espoir et la promesse d&rsquo;un avenir pour les \u00e9tudiants palestiniens. Veuillez cliquer <\/span><\/span><\/span><span style=\"color: #0000ff;\"><a style=\"color: #0000ff;\" href=\"https:\/\/birzeit.us15.list-manage.com\/track\/click?u=ee1d3da4ba597588bb68b2d02&amp;id=7eaaf384de&amp;e=bd7677d502\"><span style=\"font-family: Tahoma, sans-serif;\"><span style=\"font-size: medium;\"><b>ici<\/b><\/span><\/span><\/a><\/span><span style=\"color: #000000;\"><span style=\"font-family: Tahoma, sans-serif;\"><span style=\"font-size: medium;\">\u00a0pour soutenir cette initiative.<\/span><\/span><\/span><\/p>\n<p><span style=\"color: #000000;\"><span style=\"font-family: Tahoma, sans-serif;\"><span style=\"font-size: medium;\">Cordialement,<br \/>\n<\/span><\/span><\/span><span style=\"color: #000000;\"><span style=\"font-family: Tahoma, sans-serif;\"><span style=\"font-size: medium;\">Service de la Promotion<\/span><\/span><\/span><\/p>\n<p><span style=\"color: #000000;\"><span style=\"font-family: Tahoma, sans-serif;\"><span style=\"font-size: medium;\"><strong><span style=\"font-size: small;\">Adresse Postale : <\/span><\/strong><\/span><\/span><\/span><span style=\"color: #000000;\"><span style=\"font-family: Tahoma, sans-serif;\"><span style=\"font-size: small;\">Birzeit University, <\/span><\/span><\/span><span style=\"color: #000000;\"><span style=\"font-family: Tahoma, sans-serif;\"><span style=\"font-size: small;\">Birzeit, <\/span><\/span><\/span><span style=\"color: #000000;\"><span style=\"font-family: Tahoma, sans-serif;\"><span style=\"font-size: small;\">Ramallah 98700 &#8211; <\/span><\/span><\/span><span style=\"color: #000000;\"><span style=\"font-family: Tahoma, sans-serif;\"><span style=\"font-size: small;\">Palestine<\/span><\/span><\/span><\/p>\n","protected":false},"excerpt":{"rendered":"<p>Universit\u00e9 Birzeit, 13 avril 2024. Les \u00e9tablissements d\u2019enseignement sup\u00e9rieur, les \u00e9tudiants, les professeurs et les infrastructures palestiniennes \u00e0 Gaza ont \u00e9t\u00e9 d\u00e9lib\u00e9r\u00e9ment vis\u00e9s par l\u2019occupation isra\u00e9lienne. Pour att\u00e9nuer les cons\u00e9quences <a class=\"more-link\" href=\"https:\/\/ismfrance.org\/index.php\/2024\/04\/13\/initiative-gaza-a-luniversite-birzeit-pour-permettre-aux-etudiants-universitaires-de-gaza-de-poursuivre-leurs-etudes\/\">Lire la suite &rarr;<\/a><\/p>\n","protected":false},"author":3,"featured_media":10740,"comment_status":"closed","ping_status":"closed","sticky":false,"template":"","format":"standard","meta":{"footnotes":""},"categories":[2,14],"tags":[194,46],"class_list":["post-10738","post","type-post","status-publish","format-standard","has-post-thumbnail","hentry","category-articles","category-communiques","tag-etudiants","tag-solidarite"],"yoast_head":"<!-- This site is optimized with the Yoast SEO plugin v27.5 - https:\/\/yoast.com\/product\/yoast-seo-wordpress\/ -->\n<title>Initiative Gaza \u00e0 l&#039;Universit\u00e9 Birzeit : pour permettre aux \u00e9tudiants universitaires de Gaza de poursuivre leurs \u00e9tudes - International Solidarity Movement - ISM-France<\/title>\n<meta name=\"robots\" content=\"index, follow, max-snippet:-1, max-image-preview:large, max-video-preview:-1\" \/>\n<link rel=\"canonical\" href=\"https:\/\/ismfrance.org\/index.php\/2024\/04\/13\/initiative-gaza-a-luniversite-birzeit-pour-permettre-aux-etudiants-universitaires-de-gaza-de-poursuivre-leurs-etudes\/\" \/>\n<meta property=\"og:locale\" content=\"fr_FR\" \/>\n<meta property=\"og:type\" content=\"article\" \/>\n<meta property=\"og:title\" content=\"Initiative Gaza \u00e0 l&#039;Universit\u00e9 Birzeit : pour permettre aux \u00e9tudiants universitaires de Gaza de poursuivre leurs \u00e9tudes - International Solidarity Movement - ISM-France\" \/>\n<meta property=\"og:description\" content=\"Universit\u00e9 Birzeit, 13 avril 2024. Les \u00e9tablissements d\u2019enseignement sup\u00e9rieur, les \u00e9tudiants, les professeurs et les infrastructures palestiniennes \u00e0 Gaza ont \u00e9t\u00e9 d\u00e9lib\u00e9r\u00e9ment vis\u00e9s par l\u2019occupation isra\u00e9lienne. Pour att\u00e9nuer les cons\u00e9quences Lire la suite &rarr;\" \/>\n<meta property=\"og:url\" content=\"https:\/\/ismfrance.org\/index.php\/2024\/04\/13\/initiative-gaza-a-luniversite-birzeit-pour-permettre-aux-etudiants-universitaires-de-gaza-de-poursuivre-leurs-etudes\/\" \/>\n<meta property=\"og:site_name\" content=\"International Solidarity Movement - ISM-France\" \/>\n<meta property=\"article:published_time\" content=\"2024-04-13T14:26:49+00:00\" \/>\n<meta property=\"article:modified_time\" content=\"2024-04-13T14:27:55+00:00\" \/>\n<meta property=\"og:image\" content=\"https:\/\/ismfrance.org\/wp-content\/uploads\/2024\/04\/birzeit.png\" \/>\n\t<meta property=\"og:image:width\" content=\"554\" \/>\n\t<meta property=\"og:image:height\" content=\"291\" \/>\n\t<meta property=\"og:image:type\" content=\"image\/png\" \/>\n<meta name=\"author\" content=\"mru_01\" \/>\n<meta name=\"twitter:card\" content=\"summary_large_image\" \/>\n<meta name=\"twitter:creator\" content=\"@ISMFRANCE\" \/>\n<meta name=\"twitter:site\" content=\"@ISMFRANCE\" \/>\n<meta name=\"twitter:label1\" content=\"\u00c9crit par\" \/>\n\t<meta name=\"twitter:data1\" content=\"mru_01\" \/>\n\t<meta name=\"twitter:label2\" content=\"Dur\u00e9e de lecture estim\u00e9e\" \/>\n\t<meta name=\"twitter:data2\" content=\"3 minutes\" \/>\n<script type=\"application\/ld+json\" class=\"yoast-schema-graph\">{\"@context\":\"https:\\\/\\\/schema.org\",\"@graph\":[{\"@type\":\"Article\",\"@id\":\"https:\\\/\\\/ismfrance.org\\\/index.php\\\/2024\\\/04\\\/13\\\/initiative-gaza-a-luniversite-birzeit-pour-permettre-aux-etudiants-universitaires-de-gaza-de-poursuivre-leurs-etudes\\\/#article\",\"isPartOf\":{\"@id\":\"https:\\\/\\\/ismfrance.org\\\/index.php\\\/2024\\\/04\\\/13\\\/initiative-gaza-a-luniversite-birzeit-pour-permettre-aux-etudiants-universitaires-de-gaza-de-poursuivre-leurs-etudes\\\/\"},\"author\":{\"name\":\"mru_01\",\"@id\":\"https:\\\/\\\/ismfrance.org\\\/#\\\/schema\\\/person\\\/3c411eb72adfaae19c0dca1f41fae01d\"},\"headline\":\"Initiative Gaza \u00e0 l&rsquo;Universit\u00e9 Birzeit : pour permettre aux \u00e9tudiants universitaires de Gaza de poursuivre leurs \u00e9tudes\",\"datePublished\":\"2024-04-13T14:26:49+00:00\",\"dateModified\":\"2024-04-13T14:27:55+00:00\",\"mainEntityOfPage\":{\"@id\":\"https:\\\/\\\/ismfrance.org\\\/index.php\\\/2024\\\/04\\\/13\\\/initiative-gaza-a-luniversite-birzeit-pour-permettre-aux-etudiants-universitaires-de-gaza-de-poursuivre-leurs-etudes\\\/\"},\"wordCount\":437,\"publisher\":{\"@id\":\"https:\\\/\\\/ismfrance.org\\\/#organization\"},\"image\":{\"@id\":\"https:\\\/\\\/ismfrance.org\\\/index.php\\\/2024\\\/04\\\/13\\\/initiative-gaza-a-luniversite-birzeit-pour-permettre-aux-etudiants-universitaires-de-gaza-de-poursuivre-leurs-etudes\\\/#primaryimage\"},\"thumbnailUrl\":\"https:\\\/\\\/ismfrance.org\\\/wp-content\\\/uploads\\\/2024\\\/04\\\/birzeit.png\",\"keywords\":[\"Etudiants\",\"solidarit\u00e9\"],\"articleSection\":[\"Articles\",\"Communiqu\u00e9s\"],\"inLanguage\":\"fr-FR\"},{\"@type\":\"WebPage\",\"@id\":\"https:\\\/\\\/ismfrance.org\\\/index.php\\\/2024\\\/04\\\/13\\\/initiative-gaza-a-luniversite-birzeit-pour-permettre-aux-etudiants-universitaires-de-gaza-de-poursuivre-leurs-etudes\\\/\",\"url\":\"https:\\\/\\\/ismfrance.org\\\/index.php\\\/2024\\\/04\\\/13\\\/initiative-gaza-a-luniversite-birzeit-pour-permettre-aux-etudiants-universitaires-de-gaza-de-poursuivre-leurs-etudes\\\/\",\"name\":\"Initiative Gaza \u00e0 l'Universit\u00e9 Birzeit : pour permettre aux \u00e9tudiants universitaires de Gaza de poursuivre leurs \u00e9tudes - International Solidarity Movement - ISM-France\",\"isPartOf\":{\"@id\":\"https:\\\/\\\/ismfrance.org\\\/#website\"},\"primaryImageOfPage\":{\"@id\":\"https:\\\/\\\/ismfrance.org\\\/index.php\\\/2024\\\/04\\\/13\\\/initiative-gaza-a-luniversite-birzeit-pour-permettre-aux-etudiants-universitaires-de-gaza-de-poursuivre-leurs-etudes\\\/#primaryimage\"},\"image\":{\"@id\":\"https:\\\/\\\/ismfrance.org\\\/index.php\\\/2024\\\/04\\\/13\\\/initiative-gaza-a-luniversite-birzeit-pour-permettre-aux-etudiants-universitaires-de-gaza-de-poursuivre-leurs-etudes\\\/#primaryimage\"},\"thumbnailUrl\":\"https:\\\/\\\/ismfrance.org\\\/wp-content\\\/uploads\\\/2024\\\/04\\\/birzeit.png\",\"datePublished\":\"2024-04-13T14:26:49+00:00\",\"dateModified\":\"2024-04-13T14:27:55+00:00\",\"breadcrumb\":{\"@id\":\"https:\\\/\\\/ismfrance.org\\\/index.php\\\/2024\\\/04\\\/13\\\/initiative-gaza-a-luniversite-birzeit-pour-permettre-aux-etudiants-universitaires-de-gaza-de-poursuivre-leurs-etudes\\\/#breadcrumb\"},\"inLanguage\":\"fr-FR\",\"potentialAction\":[{\"@type\":\"ReadAction\",\"target\":[\"https:\\\/\\\/ismfrance.org\\\/index.php\\\/2024\\\/04\\\/13\\\/initiative-gaza-a-luniversite-birzeit-pour-permettre-aux-etudiants-universitaires-de-gaza-de-poursuivre-leurs-etudes\\\/\"]}]},{\"@type\":\"ImageObject\",\"inLanguage\":\"fr-FR\",\"@id\":\"https:\\\/\\\/ismfrance.org\\\/index.php\\\/2024\\\/04\\\/13\\\/initiative-gaza-a-luniversite-birzeit-pour-permettre-aux-etudiants-universitaires-de-gaza-de-poursuivre-leurs-etudes\\\/#primaryimage\",\"url\":\"https:\\\/\\\/ismfrance.org\\\/wp-content\\\/uploads\\\/2024\\\/04\\\/birzeit.png\",\"contentUrl\":\"https:\\\/\\\/ismfrance.org\\\/wp-content\\\/uploads\\\/2024\\\/04\\\/birzeit.png\",\"width\":554,\"height\":291},{\"@type\":\"BreadcrumbList\",\"@id\":\"https:\\\/\\\/ismfrance.org\\\/index.php\\\/2024\\\/04\\\/13\\\/initiative-gaza-a-luniversite-birzeit-pour-permettre-aux-etudiants-universitaires-de-gaza-de-poursuivre-leurs-etudes\\\/#breadcrumb\",\"itemListElement\":[{\"@type\":\"ListItem\",\"position\":1,\"name\":\"Accueil\",\"item\":\"https:\\\/\\\/ismfrance.org\\\/\"},{\"@type\":\"ListItem\",\"position\":2,\"name\":\"Initiative Gaza \u00e0 l&#8217;Universit\u00e9 Birzeit : pour permettre aux \u00e9tudiants universitaires de Gaza de poursuivre leurs \u00e9tudes\"}]},{\"@type\":\"WebSite\",\"@id\":\"https:\\\/\\\/ismfrance.org\\\/#website\",\"url\":\"https:\\\/\\\/ismfrance.org\\\/\",\"name\":\"ISM Palestine France\",\"description\":\"Soutien aux luttes de lib\u00e9ration du peuple palestinien\",\"publisher\":{\"@id\":\"https:\\\/\\\/ismfrance.org\\\/#organization\"},\"potentialAction\":[{\"@type\":\"SearchAction\",\"target\":{\"@type\":\"EntryPoint\",\"urlTemplate\":\"https:\\\/\\\/ismfrance.org\\\/?s={search_term_string}\"},\"query-input\":{\"@type\":\"PropertyValueSpecification\",\"valueRequired\":true,\"valueName\":\"search_term_string\"}}],\"inLanguage\":\"fr-FR\"},{\"@type\":\"Organization\",\"@id\":\"https:\\\/\\\/ismfrance.org\\\/#organization\",\"name\":\"International Solidarity Movement\",\"url\":\"https:\\\/\\\/ismfrance.org\\\/\",\"logo\":{\"@type\":\"ImageObject\",\"inLanguage\":\"fr-FR\",\"@id\":\"https:\\\/\\\/ismfrance.org\\\/#\\\/schema\\\/logo\\\/image\\\/\",\"url\":\"https:\\\/\\\/ismfrance.org\\\/wp-content\\\/uploads\\\/2020\\\/12\\\/00.png\",\"contentUrl\":\"https:\\\/\\\/ismfrance.org\\\/wp-content\\\/uploads\\\/2020\\\/12\\\/00.png\",\"width\":400,\"height\":400,\"caption\":\"International Solidarity Movement\"},\"image\":{\"@id\":\"https:\\\/\\\/ismfrance.org\\\/#\\\/schema\\\/logo\\\/image\\\/\"},\"sameAs\":[\"https:\\\/\\\/x.com\\\/ISMFRANCE\"]},{\"@type\":\"Person\",\"@id\":\"https:\\\/\\\/ismfrance.org\\\/#\\\/schema\\\/person\\\/3c411eb72adfaae19c0dca1f41fae01d\",\"name\":\"mru_01\",\"image\":{\"@type\":\"ImageObject\",\"inLanguage\":\"fr-FR\",\"@id\":\"https:\\\/\\\/secure.gravatar.com\\\/avatar\\\/3a0be343b445d2ccc79e87444a294fad2b232e90d2051d0e3cc219e1ecd6a330?s=96&d=mm&r=g\",\"url\":\"https:\\\/\\\/secure.gravatar.com\\\/avatar\\\/3a0be343b445d2ccc79e87444a294fad2b232e90d2051d0e3cc219e1ecd6a330?s=96&d=mm&r=g\",\"contentUrl\":\"https:\\\/\\\/secure.gravatar.com\\\/avatar\\\/3a0be343b445d2ccc79e87444a294fad2b232e90d2051d0e3cc219e1ecd6a330?s=96&d=mm&r=g\",\"caption\":\"mru_01\"},\"url\":\"https:\\\/\\\/ismfrance.org\\\/index.php\\\/author\\\/admin02\\\/\"}]}<\/script>\n<!-- \/ Yoast SEO plugin. -->","yoast_head_json":{"title":"Initiative Gaza \u00e0 l'Universit\u00e9 Birzeit : pour permettre aux \u00e9tudiants universitaires de Gaza de poursuivre leurs \u00e9tudes - International Solidarity Movement - ISM-France","robots":{"index":"index","follow":"follow","max-snippet":"max-snippet:-1","max-image-preview":"max-image-preview:large","max-video-preview":"max-video-preview:-1"},"canonical":"https:\/\/ismfrance.org\/index.php\/2024\/04\/13\/initiative-gaza-a-luniversite-birzeit-pour-permettre-aux-etudiants-universitaires-de-gaza-de-poursuivre-leurs-etudes\/","og_locale":"fr_FR","og_type":"article","og_title":"Initiative Gaza \u00e0 l'Universit\u00e9 Birzeit : pour permettre aux \u00e9tudiants universitaires de Gaza de poursuivre leurs \u00e9tudes - International Solidarity Movement - ISM-France","og_description":"Universit\u00e9 Birzeit, 13 avril 2024. Les \u00e9tablissements d\u2019enseignement sup\u00e9rieur, les \u00e9tudiants, les professeurs et les infrastructures palestiniennes \u00e0 Gaza ont \u00e9t\u00e9 d\u00e9lib\u00e9r\u00e9ment vis\u00e9s par l\u2019occupation isra\u00e9lienne. Pour att\u00e9nuer les cons\u00e9quences Lire la suite &rarr;","og_url":"https:\/\/ismfrance.org\/index.php\/2024\/04\/13\/initiative-gaza-a-luniversite-birzeit-pour-permettre-aux-etudiants-universitaires-de-gaza-de-poursuivre-leurs-etudes\/","og_site_name":"International Solidarity Movement - ISM-France","article_published_time":"2024-04-13T14:26:49+00:00","article_modified_time":"2024-04-13T14:27:55+00:00","og_image":[{"width":554,"height":291,"url":"https:\/\/ismfrance.org\/wp-content\/uploads\/2024\/04\/birzeit.png","type":"image\/png"}],"author":"mru_01","twitter_card":"summary_large_image","twitter_creator":"@ISMFRANCE","twitter_site":"@ISMFRANCE","twitter_misc":{"\u00c9crit par":"mru_01","Dur\u00e9e de lecture estim\u00e9e":"3 minutes"},"schema":{"@context":"https:\/\/schema.org","@graph":[{"@type":"Article","@id":"https:\/\/ismfrance.org\/index.php\/2024\/04\/13\/initiative-gaza-a-luniversite-birzeit-pour-permettre-aux-etudiants-universitaires-de-gaza-de-poursuivre-leurs-etudes\/#article","isPartOf":{"@id":"https:\/\/ismfrance.org\/index.php\/2024\/04\/13\/initiative-gaza-a-luniversite-birzeit-pour-permettre-aux-etudiants-universitaires-de-gaza-de-poursuivre-leurs-etudes\/"},"author":{"name":"mru_01","@id":"https:\/\/ismfrance.org\/#\/schema\/person\/3c411eb72adfaae19c0dca1f41fae01d"},"headline":"Initiative Gaza \u00e0 l&rsquo;Universit\u00e9 Birzeit : pour permettre aux \u00e9tudiants universitaires de Gaza de poursuivre leurs \u00e9tudes","datePublished":"2024-04-13T14:26:49+00:00","dateModified":"2024-04-13T14:27:55+00:00","mainEntityOfPage":{"@id":"https:\/\/ismfrance.org\/index.php\/2024\/04\/13\/initiative-gaza-a-luniversite-birzeit-pour-permettre-aux-etudiants-universitaires-de-gaza-de-poursuivre-leurs-etudes\/"},"wordCount":437,"publisher":{"@id":"https:\/\/ismfrance.org\/#organization"},"image":{"@id":"https:\/\/ismfrance.org\/index.php\/2024\/04\/13\/initiative-gaza-a-luniversite-birzeit-pour-permettre-aux-etudiants-universitaires-de-gaza-de-poursuivre-leurs-etudes\/#primaryimage"},"thumbnailUrl":"https:\/\/ismfrance.org\/wp-content\/uploads\/2024\/04\/birzeit.png","keywords":["Etudiants","solidarit\u00e9"],"articleSection":["Articles","Communiqu\u00e9s"],"inLanguage":"fr-FR"},{"@type":"WebPage","@id":"https:\/\/ismfrance.org\/index.php\/2024\/04\/13\/initiative-gaza-a-luniversite-birzeit-pour-permettre-aux-etudiants-universitaires-de-gaza-de-poursuivre-leurs-etudes\/","url":"https:\/\/ismfrance.org\/index.php\/2024\/04\/13\/initiative-gaza-a-luniversite-birzeit-pour-permettre-aux-etudiants-universitaires-de-gaza-de-poursuivre-leurs-etudes\/","name":"Initiative Gaza \u00e0 l'Universit\u00e9 Birzeit : pour permettre aux \u00e9tudiants universitaires de Gaza de poursuivre leurs \u00e9tudes - International Solidarity Movement - ISM-France","isPartOf":{"@id":"https:\/\/ismfrance.org\/#website"},"primaryImageOfPage":{"@id":"https:\/\/ismfrance.org\/index.php\/2024\/04\/13\/initiative-gaza-a-luniversite-birzeit-pour-permettre-aux-etudiants-universitaires-de-gaza-de-poursuivre-leurs-etudes\/#primaryimage"},"image":{"@id":"https:\/\/ismfrance.org\/index.php\/2024\/04\/13\/initiative-gaza-a-luniversite-birzeit-pour-permettre-aux-etudiants-universitaires-de-gaza-de-poursuivre-leurs-etudes\/#primaryimage"},"thumbnailUrl":"https:\/\/ismfrance.org\/wp-content\/uploads\/2024\/04\/birzeit.png","datePublished":"2024-04-13T14:26:49+00:00","dateModified":"2024-04-13T14:27:55+00:00","breadcrumb":{"@id":"https:\/\/ismfrance.org\/index.php\/2024\/04\/13\/initiative-gaza-a-luniversite-birzeit-pour-permettre-aux-etudiants-universitaires-de-gaza-de-poursuivre-leurs-etudes\/#breadcrumb"},"inLanguage":"fr-FR","potentialAction":[{"@type":"ReadAction","target":["https:\/\/ismfrance.org\/index.php\/2024\/04\/13\/initiative-gaza-a-luniversite-birzeit-pour-permettre-aux-etudiants-universitaires-de-gaza-de-poursuivre-leurs-etudes\/"]}]},{"@type":"ImageObject","inLanguage":"fr-FR","@id":"https:\/\/ismfrance.org\/index.php\/2024\/04\/13\/initiative-gaza-a-luniversite-birzeit-pour-permettre-aux-etudiants-universitaires-de-gaza-de-poursuivre-leurs-etudes\/#primaryimage","url":"https:\/\/ismfrance.org\/wp-content\/uploads\/2024\/04\/birzeit.png","contentUrl":"https:\/\/ismfrance.org\/wp-content\/uploads\/2024\/04\/birzeit.png","width":554,"height":291},{"@type":"BreadcrumbList","@id":"https:\/\/ismfrance.org\/index.php\/2024\/04\/13\/initiative-gaza-a-luniversite-birzeit-pour-permettre-aux-etudiants-universitaires-de-gaza-de-poursuivre-leurs-etudes\/#breadcrumb","itemListElement":[{"@type":"ListItem","position":1,"name":"Accueil","item":"https:\/\/ismfrance.org\/"},{"@type":"ListItem","position":2,"name":"Initiative Gaza \u00e0 l&#8217;Universit\u00e9 Birzeit : pour permettre aux \u00e9tudiants universitaires de Gaza de poursuivre leurs \u00e9tudes"}]},{"@type":"WebSite","@id":"https:\/\/ismfrance.org\/#website","url":"https:\/\/ismfrance.org\/","name":"ISM Palestine France","description":"Soutien aux luttes de lib\u00e9ration du peuple palestinien","publisher":{"@id":"https:\/\/ismfrance.org\/#organization"},"potentialAction":[{"@type":"SearchAction","target":{"@type":"EntryPoint","urlTemplate":"https:\/\/ismfrance.org\/?s={search_term_string}"},"query-input":{"@type":"PropertyValueSpecification","valueRequired":true,"valueName":"search_term_string"}}],"inLanguage":"fr-FR"},{"@type":"Organization","@id":"https:\/\/ismfrance.org\/#organization","name":"International Solidarity Movement","url":"https:\/\/ismfrance.org\/","logo":{"@type":"ImageObject","inLanguage":"fr-FR","@id":"https:\/\/ismfrance.org\/#\/schema\/logo\/image\/","url":"https:\/\/ismfrance.org\/wp-content\/uploads\/2020\/12\/00.png","contentUrl":"https:\/\/ismfrance.org\/wp-content\/uploads\/2020\/12\/00.png","width":400,"height":400,"caption":"International Solidarity Movement"},"image":{"@id":"https:\/\/ismfrance.org\/#\/schema\/logo\/image\/"},"sameAs":["https:\/\/x.com\/ISMFRANCE"]},{"@type":"Person","@id":"https:\/\/ismfrance.org\/#\/schema\/person\/3c411eb72adfaae19c0dca1f41fae01d","name":"mru_01","image":{"@type":"ImageObject","inLanguage":"fr-FR","@id":"https:\/\/secure.gravatar.com\/avatar\/3a0be343b445d2ccc79e87444a294fad2b232e90d2051d0e3cc219e1ecd6a330?s=96&d=mm&r=g","url":"https:\/\/secure.gravatar.com\/avatar\/3a0be343b445d2ccc79e87444a294fad2b232e90d2051d0e3cc219e1ecd6a330?s=96&d=mm&r=g","contentUrl":"https:\/\/secure.gravatar.com\/avatar\/3a0be343b445d2ccc79e87444a294fad2b232e90d2051d0e3cc219e1ecd6a330?s=96&d=mm&r=g","caption":"mru_01"},"url":"https:\/\/ismfrance.org\/index.php\/author\/admin02\/"}]}},"_links":{"self":[{"href":"https:\/\/ismfrance.org\/index.php\/wp-json\/wp\/v2\/posts\/10738","targetHints":{"allow":["GET"]}}],"collection":[{"href":"https:\/\/ismfrance.org\/index.php\/wp-json\/wp\/v2\/posts"}],"about":[{"href":"https:\/\/ismfrance.org\/index.php\/wp-json\/wp\/v2\/types\/post"}],"author":[{"embeddable":true,"href":"https:\/\/ismfrance.org\/index.php\/wp-json\/wp\/v2\/users\/3"}],"replies":[{"embeddable":true,"href":"https:\/\/ismfrance.org\/index.php\/wp-json\/wp\/v2\/comments?post=10738"}],"version-history":[{"count":0,"href":"https:\/\/ismfrance.org\/index.php\/wp-json\/wp\/v2\/posts\/10738\/revisions"}],"wp:featuredmedia":[{"embeddable":true,"href":"https:\/\/ismfrance.org\/index.php\/wp-json\/wp\/v2\/media\/10740"}],"wp:attachment":[{"href":"https:\/\/ismfrance.org\/index.php\/wp-json\/wp\/v2\/media?parent=10738"}],"wp:term":[{"taxonomy":"category","embeddable":true,"href":"https:\/\/ismfrance.org\/index.php\/wp-json\/wp\/v2\/categories?post=10738"},{"taxonomy":"post_tag","embeddable":true,"href":"https:\/\/ismfrance.org\/index.php\/wp-json\/wp\/v2\/tags?post=10738"}],"curies":[{"name":"wp","href":"https:\/\/api.w.org\/{rel}","templated":true}]}}