{"id":10650,"date":"2024-04-09T18:19:15","date_gmt":"2024-04-09T16:19:15","guid":{"rendered":"https:\/\/ismfrance.org\/?p=10650"},"modified":"2024-04-09T20:09:49","modified_gmt":"2024-04-09T18:09:49","slug":"la-police-doccupation-attaque-la-tente-funeraire-du-martyr-walid-daqqa-et-arrete-5-personnes-video","status":"publish","type":"post","link":"https:\/\/ismfrance.org\/index.php\/2024\/04\/09\/la-police-doccupation-attaque-la-tente-funeraire-du-martyr-walid-daqqa-et-arrete-5-personnes-video\/","title":{"rendered":"La police d\u2019occupation attaque la tente fun\u00e9raire du martyr Walid Daqqa et arr\u00eate 5 personnes (vid\u00e9o)"},"content":{"rendered":"<p><span style=\"color: #000000;\"><span style=\"font-family: Arial, sans-serif;\"><span style=\"font-size: medium;\"><strong>CPI, 9 avril 2024<\/strong>. Hier soir, lundi 8, la police d\u2019occupation a pris d\u2019assaut la tente fun\u00e9raire du martyr captif Walid Daqqa dans la ville de Baqa al-Gharbiya, a utilis\u00e9 la force pour faire enlever la tente et a arr\u00eat\u00e9 cinq personnes proches du martyr, apr\u00e8s avoir perquisitionn\u00e9 le domicile familial.<\/span><\/span><\/span><\/p>\n<div id=\"attachment_10651\" style=\"width: 610px\" class=\"wp-caption alignnone\"><a href=\"https:\/\/ismfrance.org\/wp-content\/uploads\/2024\/04\/police-chez-famille-daqqa.jpg\"><img loading=\"lazy\" decoding=\"async\" aria-describedby=\"caption-attachment-10651\" class=\"wp-image-10651 size-large\" src=\"https:\/\/ismfrance.org\/wp-content\/uploads\/2024\/04\/police-chez-famille-daqqa-700x393.jpg\" alt=\"\" width=\"600\" height=\"337\" srcset=\"https:\/\/ismfrance.org\/wp-content\/uploads\/2024\/04\/police-chez-famille-daqqa-700x393.jpg 700w, https:\/\/ismfrance.org\/wp-content\/uploads\/2024\/04\/police-chez-famille-daqqa-300x169.jpg 300w, https:\/\/ismfrance.org\/wp-content\/uploads\/2024\/04\/police-chez-famille-daqqa-768x432.jpg 768w, https:\/\/ismfrance.org\/wp-content\/uploads\/2024\/04\/police-chez-famille-daqqa.jpg 840w\" sizes=\"auto, (max-width: 600px) 100vw, 600px\" \/><\/a><p id=\"caption-attachment-10651\" class=\"wp-caption-text\">La police isra\u00e9lienne a fait enlever la tente de deuil et a perquisitionn\u00e9 le domicile de la famille Daqqa.<\/p><\/div>\n<p><span style=\"color: #000000;\"><span style=\"font-family: Arial, sans-serif;\"><span style=\"font-size: medium;\">Les sources ont indiqu\u00e9 que la police d\u2019occupation a attaqu\u00e9 d\u2019autres personnes \u00e0 coup de gaz lacrymog\u00e8nes.<\/span><\/span><\/span><\/p>\n<p><strong><a href=\"https:\/\/www.instagram.com\/reel\/C5iekK6iPjC\/?utm_source=ig_web_copy_link\">Voir la vid\u00e9o r\u00e9voltante sur le compte Instagram de Monira Moon<\/a><\/strong><\/p>\n<p><span style=\"color: #000000;\"><span style=\"font-family: Arial, sans-serif;\"><span style=\"font-size: medium;\">Hier, la famille du martyr Daqqa a annonc\u00e9 que l\u2019occupation refusait de remettre le corps du martyr, dans le but de punir la famille.<\/span><\/span><\/span><\/p>\n<p><span style=\"color: #000000;\"><span style=\"font-family: Arial, sans-serif;\"><span style=\"font-size: medium;\">Elle a soulign\u00e9 que le corps du martyr Walid Daqqa se trouve toujours \u00e0 l\u2019Institut de m\u00e9decine l\u00e9gale d\u2019Abou Kabir, sans aucune justification l\u00e9gale pour ne pas rendre le corps.<\/span><\/span><\/span><\/p>\n<p><span style=\"color: #000000;\"><span style=\"font-family: Arial, sans-serif;\"><span style=\"font-size: medium;\">La famille a appel\u00e9 toutes les institutions humanitaires et de d\u00e9fense des droits humains ainsi que les dirigeants officiels de toutes les r\u00e9gions \u00e0 demander la restitution du corps du martyr, ajoutant : \u00ab\u00a0Nous avions esp\u00e9r\u00e9 que l\u2019accord serait de lib\u00e9rer Walid vivant, et maintenant nous esp\u00e9rons que nous parviendrons \u00e0 un accord pour la restitution de son corps.\u00a0\u00bb<\/span><\/span><\/span><\/p>\n<p><span style=\"color: #000000;\"><span style=\"font-family: Arial, sans-serif;\"><span style=\"font-size: medium;\">Le martyr, qui a pass\u00e9 38 ans en captivit\u00e9, a subi des probl\u00e8mes de sant\u00e9 au cours de ses derniers jours, ce qui l\u2019a amen\u00e9 \u00e0 rester \u00e0 l\u2019h\u00f4pital Assaf Harofeh jusqu\u2019\u00e0 sa mort il y a deux jours.<\/span><\/span><\/span><\/p>\n<p>Source : <em><a href=\"https:\/\/french.palinfo.com\/actualites\/2024\/04\/09\/304016\/\">Centre palestinien d&rsquo;information<\/a><\/em>.<\/p>\n","protected":false},"excerpt":{"rendered":"<p>CPI, 9 avril 2024. Hier soir, lundi 8, la police d\u2019occupation a pris d\u2019assaut la tente fun\u00e9raire du martyr captif Walid Daqqa dans la ville de Baqa al-Gharbiya, a utilis\u00e9 <a class=\"more-link\" href=\"https:\/\/ismfrance.org\/index.php\/2024\/04\/09\/la-police-doccupation-attaque-la-tente-funeraire-du-martyr-walid-daqqa-et-arrete-5-personnes-video\/\">Lire la suite &rarr;<\/a><\/p>\n","protected":false},"author":3,"featured_media":10651,"comment_status":"closed","ping_status":"closed","sticky":false,"template":"","format":"standard","meta":{"footnotes":""},"categories":[12,2],"tags":[111,21],"class_list":["post-10650","post","type-post","status-publish","format-standard","has-post-thumbnail","hentry","category-analyses","category-articles","tag-martyrs","tag-prisonniers"],"yoast_head":"<!-- This site is optimized with the Yoast SEO plugin v27.2 - https:\/\/yoast.com\/product\/yoast-seo-wordpress\/ -->\n<title>La police d\u2019occupation attaque la tente fun\u00e9raire du martyr Walid Daqqa et arr\u00eate 5 personnes (vid\u00e9o) - International Solidarity Movement - ISM-France<\/title>\n<meta name=\"robots\" content=\"index, follow, max-snippet:-1, max-image-preview:large, max-video-preview:-1\" \/>\n<link rel=\"canonical\" href=\"https:\/\/ismfrance.org\/index.php\/2024\/04\/09\/la-police-doccupation-attaque-la-tente-funeraire-du-martyr-walid-daqqa-et-arrete-5-personnes-video\/\" \/>\n<meta property=\"og:locale\" content=\"fr_FR\" \/>\n<meta property=\"og:type\" content=\"article\" \/>\n<meta property=\"og:title\" content=\"La police d\u2019occupation attaque la tente fun\u00e9raire du martyr Walid Daqqa et arr\u00eate 5 personnes (vid\u00e9o) - International Solidarity Movement - ISM-France\" \/>\n<meta property=\"og:description\" content=\"CPI, 9 avril 2024. Hier soir, lundi 8, la police d\u2019occupation a pris d\u2019assaut la tente fun\u00e9raire du martyr captif Walid Daqqa dans la ville de Baqa al-Gharbiya, a utilis\u00e9 Lire la suite &rarr;\" \/>\n<meta property=\"og:url\" content=\"https:\/\/ismfrance.org\/index.php\/2024\/04\/09\/la-police-doccupation-attaque-la-tente-funeraire-du-martyr-walid-daqqa-et-arrete-5-personnes-video\/\" \/>\n<meta property=\"og:site_name\" content=\"International Solidarity Movement - ISM-France\" \/>\n<meta property=\"article:published_time\" content=\"2024-04-09T16:19:15+00:00\" \/>\n<meta property=\"article:modified_time\" content=\"2024-04-09T18:09:49+00:00\" \/>\n<meta property=\"og:image\" content=\"https:\/\/ismfrance.org\/wp-content\/uploads\/2024\/04\/police-chez-famille-daqqa.jpg\" \/>\n\t<meta property=\"og:image:width\" content=\"840\" \/>\n\t<meta property=\"og:image:height\" content=\"472\" \/>\n\t<meta property=\"og:image:type\" content=\"image\/jpeg\" \/>\n<meta name=\"author\" content=\"mru_01\" \/>\n<meta name=\"twitter:card\" content=\"summary_large_image\" \/>\n<meta name=\"twitter:creator\" content=\"@ISMFRANCE\" \/>\n<meta name=\"twitter:site\" content=\"@ISMFRANCE\" \/>\n<meta name=\"twitter:label1\" content=\"\u00c9crit par\" \/>\n\t<meta name=\"twitter:data1\" content=\"mru_01\" \/>\n\t<meta name=\"twitter:label2\" content=\"Dur\u00e9e de lecture estim\u00e9e\" \/>\n\t<meta name=\"twitter:data2\" content=\"2 minutes\" \/>\n<script type=\"application\/ld+json\" class=\"yoast-schema-graph\">{\"@context\":\"https:\/\/schema.org\",\"@graph\":[{\"@type\":\"Article\",\"@id\":\"https:\/\/ismfrance.org\/index.php\/2024\/04\/09\/la-police-doccupation-attaque-la-tente-funeraire-du-martyr-walid-daqqa-et-arrete-5-personnes-video\/#article\",\"isPartOf\":{\"@id\":\"https:\/\/ismfrance.org\/index.php\/2024\/04\/09\/la-police-doccupation-attaque-la-tente-funeraire-du-martyr-walid-daqqa-et-arrete-5-personnes-video\/\"},\"author\":{\"name\":\"mru_01\",\"@id\":\"https:\/\/ismfrance.org\/#\/schema\/person\/3c411eb72adfaae19c0dca1f41fae01d\"},\"headline\":\"La police d\u2019occupation attaque la tente fun\u00e9raire du martyr Walid Daqqa et arr\u00eate 5 personnes (vid\u00e9o)\",\"datePublished\":\"2024-04-09T16:19:15+00:00\",\"dateModified\":\"2024-04-09T18:09:49+00:00\",\"mainEntityOfPage\":{\"@id\":\"https:\/\/ismfrance.org\/index.php\/2024\/04\/09\/la-police-doccupation-attaque-la-tente-funeraire-du-martyr-walid-daqqa-et-arrete-5-personnes-video\/\"},\"wordCount\":297,\"publisher\":{\"@id\":\"https:\/\/ismfrance.org\/#organization\"},\"image\":{\"@id\":\"https:\/\/ismfrance.org\/index.php\/2024\/04\/09\/la-police-doccupation-attaque-la-tente-funeraire-du-martyr-walid-daqqa-et-arrete-5-personnes-video\/#primaryimage\"},\"thumbnailUrl\":\"https:\/\/ismfrance.org\/wp-content\/uploads\/2024\/04\/police-chez-famille-daqqa.jpg\",\"keywords\":[\"Martyrs\",\"Prisonniers\"],\"articleSection\":[\"Analyses\",\"Articles\"],\"inLanguage\":\"fr-FR\"},{\"@type\":\"WebPage\",\"@id\":\"https:\/\/ismfrance.org\/index.php\/2024\/04\/09\/la-police-doccupation-attaque-la-tente-funeraire-du-martyr-walid-daqqa-et-arrete-5-personnes-video\/\",\"url\":\"https:\/\/ismfrance.org\/index.php\/2024\/04\/09\/la-police-doccupation-attaque-la-tente-funeraire-du-martyr-walid-daqqa-et-arrete-5-personnes-video\/\",\"name\":\"La police d\u2019occupation attaque la tente fun\u00e9raire du martyr Walid Daqqa et arr\u00eate 5 personnes (vid\u00e9o) - International Solidarity Movement - ISM-France\",\"isPartOf\":{\"@id\":\"https:\/\/ismfrance.org\/#website\"},\"primaryImageOfPage\":{\"@id\":\"https:\/\/ismfrance.org\/index.php\/2024\/04\/09\/la-police-doccupation-attaque-la-tente-funeraire-du-martyr-walid-daqqa-et-arrete-5-personnes-video\/#primaryimage\"},\"image\":{\"@id\":\"https:\/\/ismfrance.org\/index.php\/2024\/04\/09\/la-police-doccupation-attaque-la-tente-funeraire-du-martyr-walid-daqqa-et-arrete-5-personnes-video\/#primaryimage\"},\"thumbnailUrl\":\"https:\/\/ismfrance.org\/wp-content\/uploads\/2024\/04\/police-chez-famille-daqqa.jpg\",\"datePublished\":\"2024-04-09T16:19:15+00:00\",\"dateModified\":\"2024-04-09T18:09:49+00:00\",\"breadcrumb\":{\"@id\":\"https:\/\/ismfrance.org\/index.php\/2024\/04\/09\/la-police-doccupation-attaque-la-tente-funeraire-du-martyr-walid-daqqa-et-arrete-5-personnes-video\/#breadcrumb\"},\"inLanguage\":\"fr-FR\",\"potentialAction\":[{\"@type\":\"ReadAction\",\"target\":[\"https:\/\/ismfrance.org\/index.php\/2024\/04\/09\/la-police-doccupation-attaque-la-tente-funeraire-du-martyr-walid-daqqa-et-arrete-5-personnes-video\/\"]}]},{\"@type\":\"ImageObject\",\"inLanguage\":\"fr-FR\",\"@id\":\"https:\/\/ismfrance.org\/index.php\/2024\/04\/09\/la-police-doccupation-attaque-la-tente-funeraire-du-martyr-walid-daqqa-et-arrete-5-personnes-video\/#primaryimage\",\"url\":\"https:\/\/ismfrance.org\/wp-content\/uploads\/2024\/04\/police-chez-famille-daqqa.jpg\",\"contentUrl\":\"https:\/\/ismfrance.org\/wp-content\/uploads\/2024\/04\/police-chez-famille-daqqa.jpg\",\"width\":840,\"height\":472},{\"@type\":\"BreadcrumbList\",\"@id\":\"https:\/\/ismfrance.org\/index.php\/2024\/04\/09\/la-police-doccupation-attaque-la-tente-funeraire-du-martyr-walid-daqqa-et-arrete-5-personnes-video\/#breadcrumb\",\"itemListElement\":[{\"@type\":\"ListItem\",\"position\":1,\"name\":\"Accueil\",\"item\":\"https:\/\/ismfrance.org\/\"},{\"@type\":\"ListItem\",\"position\":2,\"name\":\"La police d\u2019occupation attaque la tente fun\u00e9raire du martyr Walid Daqqa et arr\u00eate 5 personnes (vid\u00e9o)\"}]},{\"@type\":\"WebSite\",\"@id\":\"https:\/\/ismfrance.org\/#website\",\"url\":\"https:\/\/ismfrance.org\/\",\"name\":\"ISM Palestine France\",\"description\":\"Soutien aux luttes de lib\u00e9ration du peuple palestinien\",\"publisher\":{\"@id\":\"https:\/\/ismfrance.org\/#organization\"},\"potentialAction\":[{\"@type\":\"SearchAction\",\"target\":{\"@type\":\"EntryPoint\",\"urlTemplate\":\"https:\/\/ismfrance.org\/?s={search_term_string}\"},\"query-input\":{\"@type\":\"PropertyValueSpecification\",\"valueRequired\":true,\"valueName\":\"search_term_string\"}}],\"inLanguage\":\"fr-FR\"},{\"@type\":\"Organization\",\"@id\":\"https:\/\/ismfrance.org\/#organization\",\"name\":\"International Solidarity Movement\",\"url\":\"https:\/\/ismfrance.org\/\",\"logo\":{\"@type\":\"ImageObject\",\"inLanguage\":\"fr-FR\",\"@id\":\"https:\/\/ismfrance.org\/#\/schema\/logo\/image\/\",\"url\":\"https:\/\/ismfrance.org\/wp-content\/uploads\/2020\/12\/00.png\",\"contentUrl\":\"https:\/\/ismfrance.org\/wp-content\/uploads\/2020\/12\/00.png\",\"width\":400,\"height\":400,\"caption\":\"International Solidarity Movement\"},\"image\":{\"@id\":\"https:\/\/ismfrance.org\/#\/schema\/logo\/image\/\"},\"sameAs\":[\"https:\/\/x.com\/ISMFRANCE\"]},{\"@type\":\"Person\",\"@id\":\"https:\/\/ismfrance.org\/#\/schema\/person\/3c411eb72adfaae19c0dca1f41fae01d\",\"name\":\"mru_01\",\"image\":{\"@type\":\"ImageObject\",\"inLanguage\":\"fr-FR\",\"@id\":\"https:\/\/secure.gravatar.com\/avatar\/3a0be343b445d2ccc79e87444a294fad2b232e90d2051d0e3cc219e1ecd6a330?s=96&d=mm&r=g\",\"url\":\"https:\/\/secure.gravatar.com\/avatar\/3a0be343b445d2ccc79e87444a294fad2b232e90d2051d0e3cc219e1ecd6a330?s=96&d=mm&r=g\",\"contentUrl\":\"https:\/\/secure.gravatar.com\/avatar\/3a0be343b445d2ccc79e87444a294fad2b232e90d2051d0e3cc219e1ecd6a330?s=96&d=mm&r=g\",\"caption\":\"mru_01\"},\"url\":\"https:\/\/ismfrance.org\/index.php\/author\/admin02\/\"}]}<\/script>\n<!-- \/ Yoast SEO plugin. -->","yoast_head_json":{"title":"La police d\u2019occupation attaque la tente fun\u00e9raire du martyr Walid Daqqa et arr\u00eate 5 personnes (vid\u00e9o) - International Solidarity Movement - ISM-France","robots":{"index":"index","follow":"follow","max-snippet":"max-snippet:-1","max-image-preview":"max-image-preview:large","max-video-preview":"max-video-preview:-1"},"canonical":"https:\/\/ismfrance.org\/index.php\/2024\/04\/09\/la-police-doccupation-attaque-la-tente-funeraire-du-martyr-walid-daqqa-et-arrete-5-personnes-video\/","og_locale":"fr_FR","og_type":"article","og_title":"La police d\u2019occupation attaque la tente fun\u00e9raire du martyr Walid Daqqa et arr\u00eate 5 personnes (vid\u00e9o) - International Solidarity Movement - ISM-France","og_description":"CPI, 9 avril 2024. Hier soir, lundi 8, la police d\u2019occupation a pris d\u2019assaut la tente fun\u00e9raire du martyr captif Walid Daqqa dans la ville de Baqa al-Gharbiya, a utilis\u00e9 Lire la suite &rarr;","og_url":"https:\/\/ismfrance.org\/index.php\/2024\/04\/09\/la-police-doccupation-attaque-la-tente-funeraire-du-martyr-walid-daqqa-et-arrete-5-personnes-video\/","og_site_name":"International Solidarity Movement - ISM-France","article_published_time":"2024-04-09T16:19:15+00:00","article_modified_time":"2024-04-09T18:09:49+00:00","og_image":[{"width":840,"height":472,"url":"https:\/\/ismfrance.org\/wp-content\/uploads\/2024\/04\/police-chez-famille-daqqa.jpg","type":"image\/jpeg"}],"author":"mru_01","twitter_card":"summary_large_image","twitter_creator":"@ISMFRANCE","twitter_site":"@ISMFRANCE","twitter_misc":{"\u00c9crit par":"mru_01","Dur\u00e9e de lecture estim\u00e9e":"2 minutes"},"schema":{"@context":"https:\/\/schema.org","@graph":[{"@type":"Article","@id":"https:\/\/ismfrance.org\/index.php\/2024\/04\/09\/la-police-doccupation-attaque-la-tente-funeraire-du-martyr-walid-daqqa-et-arrete-5-personnes-video\/#article","isPartOf":{"@id":"https:\/\/ismfrance.org\/index.php\/2024\/04\/09\/la-police-doccupation-attaque-la-tente-funeraire-du-martyr-walid-daqqa-et-arrete-5-personnes-video\/"},"author":{"name":"mru_01","@id":"https:\/\/ismfrance.org\/#\/schema\/person\/3c411eb72adfaae19c0dca1f41fae01d"},"headline":"La police d\u2019occupation attaque la tente fun\u00e9raire du martyr Walid Daqqa et arr\u00eate 5 personnes (vid\u00e9o)","datePublished":"2024-04-09T16:19:15+00:00","dateModified":"2024-04-09T18:09:49+00:00","mainEntityOfPage":{"@id":"https:\/\/ismfrance.org\/index.php\/2024\/04\/09\/la-police-doccupation-attaque-la-tente-funeraire-du-martyr-walid-daqqa-et-arrete-5-personnes-video\/"},"wordCount":297,"publisher":{"@id":"https:\/\/ismfrance.org\/#organization"},"image":{"@id":"https:\/\/ismfrance.org\/index.php\/2024\/04\/09\/la-police-doccupation-attaque-la-tente-funeraire-du-martyr-walid-daqqa-et-arrete-5-personnes-video\/#primaryimage"},"thumbnailUrl":"https:\/\/ismfrance.org\/wp-content\/uploads\/2024\/04\/police-chez-famille-daqqa.jpg","keywords":["Martyrs","Prisonniers"],"articleSection":["Analyses","Articles"],"inLanguage":"fr-FR"},{"@type":"WebPage","@id":"https:\/\/ismfrance.org\/index.php\/2024\/04\/09\/la-police-doccupation-attaque-la-tente-funeraire-du-martyr-walid-daqqa-et-arrete-5-personnes-video\/","url":"https:\/\/ismfrance.org\/index.php\/2024\/04\/09\/la-police-doccupation-attaque-la-tente-funeraire-du-martyr-walid-daqqa-et-arrete-5-personnes-video\/","name":"La police d\u2019occupation attaque la tente fun\u00e9raire du martyr Walid Daqqa et arr\u00eate 5 personnes (vid\u00e9o) - International Solidarity Movement - ISM-France","isPartOf":{"@id":"https:\/\/ismfrance.org\/#website"},"primaryImageOfPage":{"@id":"https:\/\/ismfrance.org\/index.php\/2024\/04\/09\/la-police-doccupation-attaque-la-tente-funeraire-du-martyr-walid-daqqa-et-arrete-5-personnes-video\/#primaryimage"},"image":{"@id":"https:\/\/ismfrance.org\/index.php\/2024\/04\/09\/la-police-doccupation-attaque-la-tente-funeraire-du-martyr-walid-daqqa-et-arrete-5-personnes-video\/#primaryimage"},"thumbnailUrl":"https:\/\/ismfrance.org\/wp-content\/uploads\/2024\/04\/police-chez-famille-daqqa.jpg","datePublished":"2024-04-09T16:19:15+00:00","dateModified":"2024-04-09T18:09:49+00:00","breadcrumb":{"@id":"https:\/\/ismfrance.org\/index.php\/2024\/04\/09\/la-police-doccupation-attaque-la-tente-funeraire-du-martyr-walid-daqqa-et-arrete-5-personnes-video\/#breadcrumb"},"inLanguage":"fr-FR","potentialAction":[{"@type":"ReadAction","target":["https:\/\/ismfrance.org\/index.php\/2024\/04\/09\/la-police-doccupation-attaque-la-tente-funeraire-du-martyr-walid-daqqa-et-arrete-5-personnes-video\/"]}]},{"@type":"ImageObject","inLanguage":"fr-FR","@id":"https:\/\/ismfrance.org\/index.php\/2024\/04\/09\/la-police-doccupation-attaque-la-tente-funeraire-du-martyr-walid-daqqa-et-arrete-5-personnes-video\/#primaryimage","url":"https:\/\/ismfrance.org\/wp-content\/uploads\/2024\/04\/police-chez-famille-daqqa.jpg","contentUrl":"https:\/\/ismfrance.org\/wp-content\/uploads\/2024\/04\/police-chez-famille-daqqa.jpg","width":840,"height":472},{"@type":"BreadcrumbList","@id":"https:\/\/ismfrance.org\/index.php\/2024\/04\/09\/la-police-doccupation-attaque-la-tente-funeraire-du-martyr-walid-daqqa-et-arrete-5-personnes-video\/#breadcrumb","itemListElement":[{"@type":"ListItem","position":1,"name":"Accueil","item":"https:\/\/ismfrance.org\/"},{"@type":"ListItem","position":2,"name":"La police d\u2019occupation attaque la tente fun\u00e9raire du martyr Walid Daqqa et arr\u00eate 5 personnes (vid\u00e9o)"}]},{"@type":"WebSite","@id":"https:\/\/ismfrance.org\/#website","url":"https:\/\/ismfrance.org\/","name":"ISM Palestine France","description":"Soutien aux luttes de lib\u00e9ration du peuple palestinien","publisher":{"@id":"https:\/\/ismfrance.org\/#organization"},"potentialAction":[{"@type":"SearchAction","target":{"@type":"EntryPoint","urlTemplate":"https:\/\/ismfrance.org\/?s={search_term_string}"},"query-input":{"@type":"PropertyValueSpecification","valueRequired":true,"valueName":"search_term_string"}}],"inLanguage":"fr-FR"},{"@type":"Organization","@id":"https:\/\/ismfrance.org\/#organization","name":"International Solidarity Movement","url":"https:\/\/ismfrance.org\/","logo":{"@type":"ImageObject","inLanguage":"fr-FR","@id":"https:\/\/ismfrance.org\/#\/schema\/logo\/image\/","url":"https:\/\/ismfrance.org\/wp-content\/uploads\/2020\/12\/00.png","contentUrl":"https:\/\/ismfrance.org\/wp-content\/uploads\/2020\/12\/00.png","width":400,"height":400,"caption":"International Solidarity Movement"},"image":{"@id":"https:\/\/ismfrance.org\/#\/schema\/logo\/image\/"},"sameAs":["https:\/\/x.com\/ISMFRANCE"]},{"@type":"Person","@id":"https:\/\/ismfrance.org\/#\/schema\/person\/3c411eb72adfaae19c0dca1f41fae01d","name":"mru_01","image":{"@type":"ImageObject","inLanguage":"fr-FR","@id":"https:\/\/secure.gravatar.com\/avatar\/3a0be343b445d2ccc79e87444a294fad2b232e90d2051d0e3cc219e1ecd6a330?s=96&d=mm&r=g","url":"https:\/\/secure.gravatar.com\/avatar\/3a0be343b445d2ccc79e87444a294fad2b232e90d2051d0e3cc219e1ecd6a330?s=96&d=mm&r=g","contentUrl":"https:\/\/secure.gravatar.com\/avatar\/3a0be343b445d2ccc79e87444a294fad2b232e90d2051d0e3cc219e1ecd6a330?s=96&d=mm&r=g","caption":"mru_01"},"url":"https:\/\/ismfrance.org\/index.php\/author\/admin02\/"}]}},"_links":{"self":[{"href":"https:\/\/ismfrance.org\/index.php\/wp-json\/wp\/v2\/posts\/10650","targetHints":{"allow":["GET"]}}],"collection":[{"href":"https:\/\/ismfrance.org\/index.php\/wp-json\/wp\/v2\/posts"}],"about":[{"href":"https:\/\/ismfrance.org\/index.php\/wp-json\/wp\/v2\/types\/post"}],"author":[{"embeddable":true,"href":"https:\/\/ismfrance.org\/index.php\/wp-json\/wp\/v2\/users\/3"}],"replies":[{"embeddable":true,"href":"https:\/\/ismfrance.org\/index.php\/wp-json\/wp\/v2\/comments?post=10650"}],"version-history":[{"count":0,"href":"https:\/\/ismfrance.org\/index.php\/wp-json\/wp\/v2\/posts\/10650\/revisions"}],"wp:featuredmedia":[{"embeddable":true,"href":"https:\/\/ismfrance.org\/index.php\/wp-json\/wp\/v2\/media\/10651"}],"wp:attachment":[{"href":"https:\/\/ismfrance.org\/index.php\/wp-json\/wp\/v2\/media?parent=10650"}],"wp:term":[{"taxonomy":"category","embeddable":true,"href":"https:\/\/ismfrance.org\/index.php\/wp-json\/wp\/v2\/categories?post=10650"},{"taxonomy":"post_tag","embeddable":true,"href":"https:\/\/ismfrance.org\/index.php\/wp-json\/wp\/v2\/tags?post=10650"}],"curies":[{"name":"wp","href":"https:\/\/api.w.org\/{rel}","templated":true}]}}