{"id":10626,"date":"2024-04-08T18:36:10","date_gmt":"2024-04-08T16:36:10","guid":{"rendered":"https:\/\/ismfrance.org\/?p=10626"},"modified":"2024-12-03T06:30:00","modified_gmt":"2024-12-03T05:30:00","slug":"temoignages-de-gazaouis-la-survie-qui-sorganise-au-jour-le-jour-dans-lenfer-de-gaza-partie-55-7-avril","status":"publish","type":"post","link":"https:\/\/ismfrance.org\/index.php\/2024\/04\/08\/temoignages-de-gazaouis-la-survie-qui-sorganise-au-jour-le-jour-dans-lenfer-de-gaza-partie-55-7-avril\/","title":{"rendered":"T\u00e9moignages de Gazaouis : La survie qui s\u2019organise au jour le jour dans l\u2019enfer de Gaza \u2013 partie 55 \/ 7 avril"},"content":{"rendered":"<p lang=\"fr-FR\" align=\"LEFT\"><span style=\"color: #000000;\"><span style=\"font-family: Tahoma, sans-serif;\"><span style=\"font-size: medium;\"><b>Brigitte Challande, 8 avril 2024. Dans la nuit du 7 au 8 avril, Marsel nous envoie un message par Watts&rsquo;App :<\/b><\/span><\/span><\/span><\/p>\n<blockquote><p>Cliquez ici pour consulter les <a href=\"https:\/\/ismfrance.org\/index.php\/temoignages-gazaouis-survie-enfer-gaza-1\/\" rel=\"noopener\" target=\"_blank\">R\u00e9cits complets<\/a>.<\/p><\/blockquote>\n<p lang=\"fr-FR\" align=\"LEFT\"><span style=\"color: #000000;\"><span style=\"font-family: Tahoma, sans-serif;\"><span style=\"font-size: medium;\"><i>\u00ab\u00a0Bonsoir, chers camarades. Vous me manquez tous, de la bande de Gaza, de tous ceux qui vous ont connu et de tous ceux \u00e0 qui vous avez apport\u00e9 de l&rsquo;aide sans qu&rsquo;ils connaissent votre personnalit\u00e9 ou votre visage. Vous avez mes meilleurs v\u0153ux et mes remerciements de ma part et de la leur.\u00a0\u00bb<\/i><\/span><\/span><\/span><\/p>\n<p lang=\"fr-FR\" align=\"LEFT\"><a href=\"https:\/\/ismfrance.org\/wp-content\/uploads\/2024\/04\/fete-mere.jpg\"><br \/>\n<img loading=\"lazy\" decoding=\"async\" class=\"size-large wp-image-10630 aligncenter\" src=\"https:\/\/ismfrance.org\/wp-content\/uploads\/2024\/04\/fete-mere-700x394.jpg\" alt=\"\" width=\"600\" height=\"338\" srcset=\"https:\/\/ismfrance.org\/wp-content\/uploads\/2024\/04\/fete-mere-700x394.jpg 700w, https:\/\/ismfrance.org\/wp-content\/uploads\/2024\/04\/fete-mere-300x169.jpg 300w, https:\/\/ismfrance.org\/wp-content\/uploads\/2024\/04\/fete-mere-768x432.jpg 768w, https:\/\/ismfrance.org\/wp-content\/uploads\/2024\/04\/fete-mere.jpg 1280w\" sizes=\"auto, (max-width: 600px) 100vw, 600px\" \/><\/a><\/p>\n<p align=\"LEFT\"><span style=\"color: #000000;\"><span style=\"font-family: Tahoma, sans-serif;\"><span style=\"font-size: medium;\"><span lang=\"fr-FR\"><b>Par la suite Marsel envoie une vid\u00e9o sous titr\u00e9e en fran\u00e7ais<\/b><\/span><span lang=\"fr-FR\">\u00a0r\u00e9alis\u00e9e par le centre Ibn Sina \u00e0 l\u2019occasion de la F\u00eate des M\u00e8res, qui a eu lieu il y a quelques semaines. Cette vid\u00e9o est terrible, elle raconte le trajet de l\u2019exode des d\u00e9plac\u00e9.e.s\u00a0: \u00ab\u00a0<\/span><span lang=\"fr-FR\"><i>une exp\u00e9rience d\u2019\u00e9vasion de mort en mort, de ciblage en ciblage<\/i><\/span><span lang=\"fr-FR\">\u00a0\u00bb<\/span><\/span><\/span><\/span><\/p>\n<p lang=\"fr-FR\" align=\"LEFT\"><span style=\"color: #000000;\"><span style=\"font-family: Tahoma, sans-serif;\"><span style=\"font-size: medium;\"><b>Ce sont les bombardements qui accompagnent les d\u00e9plac\u00e9.e.s survol\u00e9s par les F16 avec des ex\u00e9cutions sans raison \u00e0 tous les checkpoints, \u00e0 tous les points de passage o\u00f9 ce sont les cam\u00e9ras de reconnaissance faciale qui font la loi, celle de l\u2019attente aussi avant de pouvoir avancer. Arriv\u00e9.e.s \u00e0 ce que l\u2019on peut supposer le bout pour l\u2019instant, c\u2019est-\u00e0-dire Rafah, ce sont les bombardements qui accompagnent la distribution de la farine au si\u00e8ge de l\u2019 UNRWA.<\/b><\/span><\/span><\/span><\/p>\n<p align=\"LEFT\"><span style=\"color: #000000;\"><span style=\"font-family: Tahoma, sans-serif;\"><span style=\"font-size: medium;\"><span lang=\"fr-FR\"><i><b>\u00ab\u00a0<\/b><\/i><\/span><span lang=\"fr-FR\">Ci-joint la vid\u00e9o de l\u2019initiative F\u00eate des M\u00e8res. Au nom des enfants martyrs et pour att\u00e9nuer la douleur de la perte qui d\u00e9chire leurs m\u00e8res, au nom de l&rsquo;UJFP et du Centre Ibn Sina, nous avons rendu visite \u00e0 quelques m\u00e8res \u00e0 l&rsquo;occasion de la F\u00eate des M\u00e8res, pour les honorer et leur offrir des cadeaux au nom de leurs enfants martyrs et en leur nom. Nous avons \u00e9galement organis\u00e9 des r\u00e9unions de suivi, pour les violations et la mani\u00e8re brutale dont les soldats de l&rsquo;occupation ont tu\u00e9 ces enfants sans raison et sans piti\u00e9\u00a0<\/span><span lang=\"fr-FR\"><i>\u00bb<\/i><\/span><\/span><\/span><\/span><\/p>\n<p align=\"LEFT\"><span style=\"color: #008000;\"><u><a style=\"color: #008000;\" href=\"https:\/\/drive.google.com\/file\/d\/1Hwe3xmLlK87eT0MGAoDCSnto8EUl1T_q\/view?usp=drivesdk\"><span style=\"font-family: Tahoma, sans-serif;\"><span style=\"font-size: medium;\"><span lang=\"fr-FR\">https:\/\/drive.google.com\/file\/d\/1Hwe3xmLlK87eT0MGAoDCSnto8EUl1T_q\/view?usp=drivesdk<\/span><\/span><\/span><\/a><\/u><\/span><\/p>\n<p lang=\"fr-FR\" align=\"LEFT\"><span style=\"color: #000000;\"><span style=\"font-family: Tahoma, sans-serif;\"><span style=\"font-size: medium;\"><b>Marsel ajoute le commentaire suivant\u00a0:<\/b><\/span><\/span><\/span><\/p>\n<p lang=\"fr-FR\" align=\"LEFT\"><span style=\"color: #000000;\"><span style=\"font-family: Tahoma, sans-serif;\"><span style=\"font-size: medium;\"><i>\u00ab<\/i>\u00a0<i>Je suis d\u00e9sol\u00e9 que la vid\u00e9o soit longue, mais le t\u00e9moignage des m\u00e8res ne peut \u00eatre coup\u00e9 ou supprim\u00e9. C&rsquo;est le t\u00e9moignage d&rsquo;un t\u00e9moin, qui a \u00e9t\u00e9 couvert du sang du g\u00e9nocide, qui a \u00e9t\u00e9 bless\u00e9 et dont le sang a coul\u00e9, et dont la maladie s&rsquo;est m\u00eal\u00e9e au sang de leurs enfants martyrs. C\u2019est le t\u00e9moignage le plus difficile parmi tous les t\u00e9moignages, celui des m\u00e8res dont le sang des enfants a \u00e9t\u00e9 vers\u00e9 et dont les \u00e2mes ont \u00e9t\u00e9 enlev\u00e9es pour toujours et sans raison.<\/i>\u00a0<i>\u00bb<\/i><\/span><\/span><\/span><\/p>\n<p align=\"LEFT\"><span style=\"color: #000000;\"><span style=\"font-family: Tahoma, sans-serif;\"><span style=\"font-size: medium;\"><span lang=\"fr-FR\">Le centre Ibn Sina, dont c\u2019est la raison d\u2019\u00eatre et la mission, met en place un suivi aupr\u00e8s des m\u00e8res et un programme pour les enfants<\/span><span lang=\"fr-FR\"> pendant la p\u00e9riode des vacances, avec des activit\u00e9s, notamment \u00e0 l&rsquo;occasion de la Journ\u00e9e des enfants palestiniens.<\/span><\/span><\/span><\/span><\/p>\n<hr \/>\n<p align=\"LEFT\"><strong>Retrouvez l\u2019ensemble des t\u00e9moignages d\u2019Abu Amir et Marsel :<\/strong><\/p>\n<p>*<strong>Abu Amir Mutasem Ele\u00efwa<\/strong>\u00a0est coordinateur des Projets paysans depuis 2016 au sud de la bande de Gaza et correspondant de l\u2019Union Juive Fran\u00e7aise pour la Paix.<\/p>\n<p>*<strong>Marsel Alledawi<\/strong>\u00a0est responsable du Centre Ibn Sina du nord de la bande de Gaza, centre qui se concacre au suivi \u00e9ducatif et psychologique de l\u2019enfance.<\/p>\n<p>Tous les deux sont soutenus par l\u2019UJFP en France.<\/p>\n<hr \/>\n<pre><strong><em>Pour participer \u00e0 la collecte \"Urgence Guerre \u00e0 Gaza\" : <a href=\"https:\/\/www.helloasso.com\/associations\/union-juive-francaise-pour-la-paix\/collectes\/urgence-guerre-a-gaza\">HelloAsso.com<\/a><\/em><\/strong><\/pre>\n<hr \/>\n<pre><strong><em>Les t\u00e9moignages sont \u00e9galement publi\u00e9s sur <a href=\"https:\/\/ujfp.org\/\">UJFP<\/a>; <a href=\"https:\/\/altermidi.org\/2023\/12\/27\/la-survie-qui-sorganise-au-jour-le-jour-dans-lenfer-de-gaza\/\">Altermidi.org<\/a><\/em><\/strong><\/pre>\n","protected":false},"excerpt":{"rendered":"<p>Brigitte Challande, 8 avril 2024. Dans la nuit du 7 au 8 avril, Marsel nous envoie un message par Watts&rsquo;App : Cliquez ici pour consulter les R\u00e9cits complets. \u00ab\u00a0Bonsoir, chers <a class=\"more-link\" href=\"https:\/\/ismfrance.org\/index.php\/2024\/04\/08\/temoignages-de-gazaouis-la-survie-qui-sorganise-au-jour-le-jour-dans-lenfer-de-gaza-partie-55-7-avril\/\">Lire la suite &rarr;<\/a><\/p>\n","protected":false},"author":3,"featured_media":10630,"comment_status":"closed","ping_status":"closed","sticky":false,"template":"","format":"standard","meta":{"footnotes":""},"categories":[2,13],"tags":[156,29,46],"class_list":["post-10626","post","type-post","status-publish","format-standard","has-post-thumbnail","hentry","category-articles","category-temoignages","tag-genocide","tag-refugies","tag-solidarite"],"yoast_head":"<!-- This site is optimized with the Yoast SEO plugin v27.2 - https:\/\/yoast.com\/product\/yoast-seo-wordpress\/ -->\n<title>T\u00e9moignages de Gazaouis : La survie qui s\u2019organise au jour le jour dans l\u2019enfer de Gaza \u2013 partie 55 \/ 7 avril - International Solidarity Movement - ISM-France<\/title>\n<meta name=\"robots\" content=\"index, follow, max-snippet:-1, max-image-preview:large, max-video-preview:-1\" \/>\n<link rel=\"canonical\" href=\"https:\/\/ismfrance.org\/index.php\/2024\/04\/08\/temoignages-de-gazaouis-la-survie-qui-sorganise-au-jour-le-jour-dans-lenfer-de-gaza-partie-55-7-avril\/\" \/>\n<meta property=\"og:locale\" content=\"fr_FR\" \/>\n<meta property=\"og:type\" content=\"article\" \/>\n<meta property=\"og:title\" content=\"T\u00e9moignages de Gazaouis : La survie qui s\u2019organise au jour le jour dans l\u2019enfer de Gaza \u2013 partie 55 \/ 7 avril - International Solidarity Movement - ISM-France\" \/>\n<meta property=\"og:description\" content=\"Brigitte Challande, 8 avril 2024. Dans la nuit du 7 au 8 avril, Marsel nous envoie un message par Watts&rsquo;App : Cliquez ici pour consulter les R\u00e9cits complets. \u00ab\u00a0Bonsoir, chers Lire la suite &rarr;\" \/>\n<meta property=\"og:url\" content=\"https:\/\/ismfrance.org\/index.php\/2024\/04\/08\/temoignages-de-gazaouis-la-survie-qui-sorganise-au-jour-le-jour-dans-lenfer-de-gaza-partie-55-7-avril\/\" \/>\n<meta property=\"og:site_name\" content=\"International Solidarity Movement - ISM-France\" \/>\n<meta property=\"article:published_time\" content=\"2024-04-08T16:36:10+00:00\" \/>\n<meta property=\"article:modified_time\" content=\"2024-12-03T05:30:00+00:00\" \/>\n<meta property=\"og:image\" content=\"https:\/\/ismfrance.org\/wp-content\/uploads\/2024\/04\/fete-mere.jpg\" \/>\n\t<meta property=\"og:image:width\" content=\"1280\" \/>\n\t<meta property=\"og:image:height\" content=\"720\" \/>\n\t<meta property=\"og:image:type\" content=\"image\/jpeg\" \/>\n<meta name=\"author\" content=\"mru_01\" \/>\n<meta name=\"twitter:card\" content=\"summary_large_image\" \/>\n<meta name=\"twitter:creator\" content=\"@ISMFRANCE\" \/>\n<meta name=\"twitter:site\" content=\"@ISMFRANCE\" \/>\n<meta name=\"twitter:label1\" content=\"\u00c9crit par\" \/>\n\t<meta name=\"twitter:data1\" content=\"mru_01\" \/>\n\t<meta name=\"twitter:label2\" content=\"Dur\u00e9e de lecture estim\u00e9e\" \/>\n\t<meta name=\"twitter:data2\" content=\"5 minutes\" \/>\n<script type=\"application\/ld+json\" class=\"yoast-schema-graph\">{\"@context\":\"https:\/\/schema.org\",\"@graph\":[{\"@type\":\"Article\",\"@id\":\"https:\/\/ismfrance.org\/index.php\/2024\/04\/08\/temoignages-de-gazaouis-la-survie-qui-sorganise-au-jour-le-jour-dans-lenfer-de-gaza-partie-55-7-avril\/#article\",\"isPartOf\":{\"@id\":\"https:\/\/ismfrance.org\/index.php\/2024\/04\/08\/temoignages-de-gazaouis-la-survie-qui-sorganise-au-jour-le-jour-dans-lenfer-de-gaza-partie-55-7-avril\/\"},\"author\":{\"name\":\"mru_01\",\"@id\":\"https:\/\/ismfrance.org\/#\/schema\/person\/3c411eb72adfaae19c0dca1f41fae01d\"},\"headline\":\"T\u00e9moignages de Gazaouis : La survie qui s\u2019organise au jour le jour dans l\u2019enfer de Gaza \u2013 partie 55 \/ 7 avril\",\"datePublished\":\"2024-04-08T16:36:10+00:00\",\"dateModified\":\"2024-12-03T05:30:00+00:00\",\"mainEntityOfPage\":{\"@id\":\"https:\/\/ismfrance.org\/index.php\/2024\/04\/08\/temoignages-de-gazaouis-la-survie-qui-sorganise-au-jour-le-jour-dans-lenfer-de-gaza-partie-55-7-avril\/\"},\"wordCount\":617,\"publisher\":{\"@id\":\"https:\/\/ismfrance.org\/#organization\"},\"image\":{\"@id\":\"https:\/\/ismfrance.org\/index.php\/2024\/04\/08\/temoignages-de-gazaouis-la-survie-qui-sorganise-au-jour-le-jour-dans-lenfer-de-gaza-partie-55-7-avril\/#primaryimage\"},\"thumbnailUrl\":\"https:\/\/ismfrance.org\/wp-content\/uploads\/2024\/04\/fete-mere.jpg\",\"keywords\":[\"G\u00e9nocide\",\"r\u00e9fugi\u00e9s\",\"solidarit\u00e9\"],\"articleSection\":[\"Articles\",\"T\u00e9moignages\"],\"inLanguage\":\"fr-FR\"},{\"@type\":\"WebPage\",\"@id\":\"https:\/\/ismfrance.org\/index.php\/2024\/04\/08\/temoignages-de-gazaouis-la-survie-qui-sorganise-au-jour-le-jour-dans-lenfer-de-gaza-partie-55-7-avril\/\",\"url\":\"https:\/\/ismfrance.org\/index.php\/2024\/04\/08\/temoignages-de-gazaouis-la-survie-qui-sorganise-au-jour-le-jour-dans-lenfer-de-gaza-partie-55-7-avril\/\",\"name\":\"T\u00e9moignages de Gazaouis : La survie qui s\u2019organise au jour le jour dans l\u2019enfer de Gaza \u2013 partie 55 \/ 7 avril - International Solidarity Movement - ISM-France\",\"isPartOf\":{\"@id\":\"https:\/\/ismfrance.org\/#website\"},\"primaryImageOfPage\":{\"@id\":\"https:\/\/ismfrance.org\/index.php\/2024\/04\/08\/temoignages-de-gazaouis-la-survie-qui-sorganise-au-jour-le-jour-dans-lenfer-de-gaza-partie-55-7-avril\/#primaryimage\"},\"image\":{\"@id\":\"https:\/\/ismfrance.org\/index.php\/2024\/04\/08\/temoignages-de-gazaouis-la-survie-qui-sorganise-au-jour-le-jour-dans-lenfer-de-gaza-partie-55-7-avril\/#primaryimage\"},\"thumbnailUrl\":\"https:\/\/ismfrance.org\/wp-content\/uploads\/2024\/04\/fete-mere.jpg\",\"datePublished\":\"2024-04-08T16:36:10+00:00\",\"dateModified\":\"2024-12-03T05:30:00+00:00\",\"breadcrumb\":{\"@id\":\"https:\/\/ismfrance.org\/index.php\/2024\/04\/08\/temoignages-de-gazaouis-la-survie-qui-sorganise-au-jour-le-jour-dans-lenfer-de-gaza-partie-55-7-avril\/#breadcrumb\"},\"inLanguage\":\"fr-FR\",\"potentialAction\":[{\"@type\":\"ReadAction\",\"target\":[\"https:\/\/ismfrance.org\/index.php\/2024\/04\/08\/temoignages-de-gazaouis-la-survie-qui-sorganise-au-jour-le-jour-dans-lenfer-de-gaza-partie-55-7-avril\/\"]}]},{\"@type\":\"ImageObject\",\"inLanguage\":\"fr-FR\",\"@id\":\"https:\/\/ismfrance.org\/index.php\/2024\/04\/08\/temoignages-de-gazaouis-la-survie-qui-sorganise-au-jour-le-jour-dans-lenfer-de-gaza-partie-55-7-avril\/#primaryimage\",\"url\":\"https:\/\/ismfrance.org\/wp-content\/uploads\/2024\/04\/fete-mere.jpg\",\"contentUrl\":\"https:\/\/ismfrance.org\/wp-content\/uploads\/2024\/04\/fete-mere.jpg\",\"width\":1280,\"height\":720},{\"@type\":\"BreadcrumbList\",\"@id\":\"https:\/\/ismfrance.org\/index.php\/2024\/04\/08\/temoignages-de-gazaouis-la-survie-qui-sorganise-au-jour-le-jour-dans-lenfer-de-gaza-partie-55-7-avril\/#breadcrumb\",\"itemListElement\":[{\"@type\":\"ListItem\",\"position\":1,\"name\":\"Accueil\",\"item\":\"https:\/\/ismfrance.org\/\"},{\"@type\":\"ListItem\",\"position\":2,\"name\":\"T\u00e9moignages de Gazaouis : La survie qui s\u2019organise au jour le jour dans l\u2019enfer de Gaza \u2013 partie 55 \/ 7 avril\"}]},{\"@type\":\"WebSite\",\"@id\":\"https:\/\/ismfrance.org\/#website\",\"url\":\"https:\/\/ismfrance.org\/\",\"name\":\"ISM Palestine France\",\"description\":\"Soutien aux luttes de lib\u00e9ration du peuple palestinien\",\"publisher\":{\"@id\":\"https:\/\/ismfrance.org\/#organization\"},\"potentialAction\":[{\"@type\":\"SearchAction\",\"target\":{\"@type\":\"EntryPoint\",\"urlTemplate\":\"https:\/\/ismfrance.org\/?s={search_term_string}\"},\"query-input\":{\"@type\":\"PropertyValueSpecification\",\"valueRequired\":true,\"valueName\":\"search_term_string\"}}],\"inLanguage\":\"fr-FR\"},{\"@type\":\"Organization\",\"@id\":\"https:\/\/ismfrance.org\/#organization\",\"name\":\"International Solidarity Movement\",\"url\":\"https:\/\/ismfrance.org\/\",\"logo\":{\"@type\":\"ImageObject\",\"inLanguage\":\"fr-FR\",\"@id\":\"https:\/\/ismfrance.org\/#\/schema\/logo\/image\/\",\"url\":\"https:\/\/ismfrance.org\/wp-content\/uploads\/2020\/12\/00.png\",\"contentUrl\":\"https:\/\/ismfrance.org\/wp-content\/uploads\/2020\/12\/00.png\",\"width\":400,\"height\":400,\"caption\":\"International Solidarity Movement\"},\"image\":{\"@id\":\"https:\/\/ismfrance.org\/#\/schema\/logo\/image\/\"},\"sameAs\":[\"https:\/\/x.com\/ISMFRANCE\"]},{\"@type\":\"Person\",\"@id\":\"https:\/\/ismfrance.org\/#\/schema\/person\/3c411eb72adfaae19c0dca1f41fae01d\",\"name\":\"mru_01\",\"image\":{\"@type\":\"ImageObject\",\"inLanguage\":\"fr-FR\",\"@id\":\"https:\/\/secure.gravatar.com\/avatar\/3a0be343b445d2ccc79e87444a294fad2b232e90d2051d0e3cc219e1ecd6a330?s=96&d=mm&r=g\",\"url\":\"https:\/\/secure.gravatar.com\/avatar\/3a0be343b445d2ccc79e87444a294fad2b232e90d2051d0e3cc219e1ecd6a330?s=96&d=mm&r=g\",\"contentUrl\":\"https:\/\/secure.gravatar.com\/avatar\/3a0be343b445d2ccc79e87444a294fad2b232e90d2051d0e3cc219e1ecd6a330?s=96&d=mm&r=g\",\"caption\":\"mru_01\"},\"url\":\"https:\/\/ismfrance.org\/index.php\/author\/admin02\/\"}]}<\/script>\n<!-- \/ Yoast SEO plugin. -->","yoast_head_json":{"title":"T\u00e9moignages de Gazaouis : La survie qui s\u2019organise au jour le jour dans l\u2019enfer de Gaza \u2013 partie 55 \/ 7 avril - International Solidarity Movement - ISM-France","robots":{"index":"index","follow":"follow","max-snippet":"max-snippet:-1","max-image-preview":"max-image-preview:large","max-video-preview":"max-video-preview:-1"},"canonical":"https:\/\/ismfrance.org\/index.php\/2024\/04\/08\/temoignages-de-gazaouis-la-survie-qui-sorganise-au-jour-le-jour-dans-lenfer-de-gaza-partie-55-7-avril\/","og_locale":"fr_FR","og_type":"article","og_title":"T\u00e9moignages de Gazaouis : La survie qui s\u2019organise au jour le jour dans l\u2019enfer de Gaza \u2013 partie 55 \/ 7 avril - International Solidarity Movement - ISM-France","og_description":"Brigitte Challande, 8 avril 2024. Dans la nuit du 7 au 8 avril, Marsel nous envoie un message par Watts&rsquo;App : Cliquez ici pour consulter les R\u00e9cits complets. \u00ab\u00a0Bonsoir, chers Lire la suite &rarr;","og_url":"https:\/\/ismfrance.org\/index.php\/2024\/04\/08\/temoignages-de-gazaouis-la-survie-qui-sorganise-au-jour-le-jour-dans-lenfer-de-gaza-partie-55-7-avril\/","og_site_name":"International Solidarity Movement - ISM-France","article_published_time":"2024-04-08T16:36:10+00:00","article_modified_time":"2024-12-03T05:30:00+00:00","og_image":[{"width":1280,"height":720,"url":"https:\/\/ismfrance.org\/wp-content\/uploads\/2024\/04\/fete-mere.jpg","type":"image\/jpeg"}],"author":"mru_01","twitter_card":"summary_large_image","twitter_creator":"@ISMFRANCE","twitter_site":"@ISMFRANCE","twitter_misc":{"\u00c9crit par":"mru_01","Dur\u00e9e de lecture estim\u00e9e":"5 minutes"},"schema":{"@context":"https:\/\/schema.org","@graph":[{"@type":"Article","@id":"https:\/\/ismfrance.org\/index.php\/2024\/04\/08\/temoignages-de-gazaouis-la-survie-qui-sorganise-au-jour-le-jour-dans-lenfer-de-gaza-partie-55-7-avril\/#article","isPartOf":{"@id":"https:\/\/ismfrance.org\/index.php\/2024\/04\/08\/temoignages-de-gazaouis-la-survie-qui-sorganise-au-jour-le-jour-dans-lenfer-de-gaza-partie-55-7-avril\/"},"author":{"name":"mru_01","@id":"https:\/\/ismfrance.org\/#\/schema\/person\/3c411eb72adfaae19c0dca1f41fae01d"},"headline":"T\u00e9moignages de Gazaouis : La survie qui s\u2019organise au jour le jour dans l\u2019enfer de Gaza \u2013 partie 55 \/ 7 avril","datePublished":"2024-04-08T16:36:10+00:00","dateModified":"2024-12-03T05:30:00+00:00","mainEntityOfPage":{"@id":"https:\/\/ismfrance.org\/index.php\/2024\/04\/08\/temoignages-de-gazaouis-la-survie-qui-sorganise-au-jour-le-jour-dans-lenfer-de-gaza-partie-55-7-avril\/"},"wordCount":617,"publisher":{"@id":"https:\/\/ismfrance.org\/#organization"},"image":{"@id":"https:\/\/ismfrance.org\/index.php\/2024\/04\/08\/temoignages-de-gazaouis-la-survie-qui-sorganise-au-jour-le-jour-dans-lenfer-de-gaza-partie-55-7-avril\/#primaryimage"},"thumbnailUrl":"https:\/\/ismfrance.org\/wp-content\/uploads\/2024\/04\/fete-mere.jpg","keywords":["G\u00e9nocide","r\u00e9fugi\u00e9s","solidarit\u00e9"],"articleSection":["Articles","T\u00e9moignages"],"inLanguage":"fr-FR"},{"@type":"WebPage","@id":"https:\/\/ismfrance.org\/index.php\/2024\/04\/08\/temoignages-de-gazaouis-la-survie-qui-sorganise-au-jour-le-jour-dans-lenfer-de-gaza-partie-55-7-avril\/","url":"https:\/\/ismfrance.org\/index.php\/2024\/04\/08\/temoignages-de-gazaouis-la-survie-qui-sorganise-au-jour-le-jour-dans-lenfer-de-gaza-partie-55-7-avril\/","name":"T\u00e9moignages de Gazaouis : La survie qui s\u2019organise au jour le jour dans l\u2019enfer de Gaza \u2013 partie 55 \/ 7 avril - International Solidarity Movement - ISM-France","isPartOf":{"@id":"https:\/\/ismfrance.org\/#website"},"primaryImageOfPage":{"@id":"https:\/\/ismfrance.org\/index.php\/2024\/04\/08\/temoignages-de-gazaouis-la-survie-qui-sorganise-au-jour-le-jour-dans-lenfer-de-gaza-partie-55-7-avril\/#primaryimage"},"image":{"@id":"https:\/\/ismfrance.org\/index.php\/2024\/04\/08\/temoignages-de-gazaouis-la-survie-qui-sorganise-au-jour-le-jour-dans-lenfer-de-gaza-partie-55-7-avril\/#primaryimage"},"thumbnailUrl":"https:\/\/ismfrance.org\/wp-content\/uploads\/2024\/04\/fete-mere.jpg","datePublished":"2024-04-08T16:36:10+00:00","dateModified":"2024-12-03T05:30:00+00:00","breadcrumb":{"@id":"https:\/\/ismfrance.org\/index.php\/2024\/04\/08\/temoignages-de-gazaouis-la-survie-qui-sorganise-au-jour-le-jour-dans-lenfer-de-gaza-partie-55-7-avril\/#breadcrumb"},"inLanguage":"fr-FR","potentialAction":[{"@type":"ReadAction","target":["https:\/\/ismfrance.org\/index.php\/2024\/04\/08\/temoignages-de-gazaouis-la-survie-qui-sorganise-au-jour-le-jour-dans-lenfer-de-gaza-partie-55-7-avril\/"]}]},{"@type":"ImageObject","inLanguage":"fr-FR","@id":"https:\/\/ismfrance.org\/index.php\/2024\/04\/08\/temoignages-de-gazaouis-la-survie-qui-sorganise-au-jour-le-jour-dans-lenfer-de-gaza-partie-55-7-avril\/#primaryimage","url":"https:\/\/ismfrance.org\/wp-content\/uploads\/2024\/04\/fete-mere.jpg","contentUrl":"https:\/\/ismfrance.org\/wp-content\/uploads\/2024\/04\/fete-mere.jpg","width":1280,"height":720},{"@type":"BreadcrumbList","@id":"https:\/\/ismfrance.org\/index.php\/2024\/04\/08\/temoignages-de-gazaouis-la-survie-qui-sorganise-au-jour-le-jour-dans-lenfer-de-gaza-partie-55-7-avril\/#breadcrumb","itemListElement":[{"@type":"ListItem","position":1,"name":"Accueil","item":"https:\/\/ismfrance.org\/"},{"@type":"ListItem","position":2,"name":"T\u00e9moignages de Gazaouis : La survie qui s\u2019organise au jour le jour dans l\u2019enfer de Gaza \u2013 partie 55 \/ 7 avril"}]},{"@type":"WebSite","@id":"https:\/\/ismfrance.org\/#website","url":"https:\/\/ismfrance.org\/","name":"ISM Palestine France","description":"Soutien aux luttes de lib\u00e9ration du peuple palestinien","publisher":{"@id":"https:\/\/ismfrance.org\/#organization"},"potentialAction":[{"@type":"SearchAction","target":{"@type":"EntryPoint","urlTemplate":"https:\/\/ismfrance.org\/?s={search_term_string}"},"query-input":{"@type":"PropertyValueSpecification","valueRequired":true,"valueName":"search_term_string"}}],"inLanguage":"fr-FR"},{"@type":"Organization","@id":"https:\/\/ismfrance.org\/#organization","name":"International Solidarity Movement","url":"https:\/\/ismfrance.org\/","logo":{"@type":"ImageObject","inLanguage":"fr-FR","@id":"https:\/\/ismfrance.org\/#\/schema\/logo\/image\/","url":"https:\/\/ismfrance.org\/wp-content\/uploads\/2020\/12\/00.png","contentUrl":"https:\/\/ismfrance.org\/wp-content\/uploads\/2020\/12\/00.png","width":400,"height":400,"caption":"International Solidarity Movement"},"image":{"@id":"https:\/\/ismfrance.org\/#\/schema\/logo\/image\/"},"sameAs":["https:\/\/x.com\/ISMFRANCE"]},{"@type":"Person","@id":"https:\/\/ismfrance.org\/#\/schema\/person\/3c411eb72adfaae19c0dca1f41fae01d","name":"mru_01","image":{"@type":"ImageObject","inLanguage":"fr-FR","@id":"https:\/\/secure.gravatar.com\/avatar\/3a0be343b445d2ccc79e87444a294fad2b232e90d2051d0e3cc219e1ecd6a330?s=96&d=mm&r=g","url":"https:\/\/secure.gravatar.com\/avatar\/3a0be343b445d2ccc79e87444a294fad2b232e90d2051d0e3cc219e1ecd6a330?s=96&d=mm&r=g","contentUrl":"https:\/\/secure.gravatar.com\/avatar\/3a0be343b445d2ccc79e87444a294fad2b232e90d2051d0e3cc219e1ecd6a330?s=96&d=mm&r=g","caption":"mru_01"},"url":"https:\/\/ismfrance.org\/index.php\/author\/admin02\/"}]}},"_links":{"self":[{"href":"https:\/\/ismfrance.org\/index.php\/wp-json\/wp\/v2\/posts\/10626","targetHints":{"allow":["GET"]}}],"collection":[{"href":"https:\/\/ismfrance.org\/index.php\/wp-json\/wp\/v2\/posts"}],"about":[{"href":"https:\/\/ismfrance.org\/index.php\/wp-json\/wp\/v2\/types\/post"}],"author":[{"embeddable":true,"href":"https:\/\/ismfrance.org\/index.php\/wp-json\/wp\/v2\/users\/3"}],"replies":[{"embeddable":true,"href":"https:\/\/ismfrance.org\/index.php\/wp-json\/wp\/v2\/comments?post=10626"}],"version-history":[{"count":0,"href":"https:\/\/ismfrance.org\/index.php\/wp-json\/wp\/v2\/posts\/10626\/revisions"}],"wp:featuredmedia":[{"embeddable":true,"href":"https:\/\/ismfrance.org\/index.php\/wp-json\/wp\/v2\/media\/10630"}],"wp:attachment":[{"href":"https:\/\/ismfrance.org\/index.php\/wp-json\/wp\/v2\/media?parent=10626"}],"wp:term":[{"taxonomy":"category","embeddable":true,"href":"https:\/\/ismfrance.org\/index.php\/wp-json\/wp\/v2\/categories?post=10626"},{"taxonomy":"post_tag","embeddable":true,"href":"https:\/\/ismfrance.org\/index.php\/wp-json\/wp\/v2\/tags?post=10626"}],"curies":[{"name":"wp","href":"https:\/\/api.w.org\/{rel}","templated":true}]}}