{"id":10454,"date":"2024-03-31T18:38:13","date_gmt":"2024-03-31T16:38:13","guid":{"rendered":"https:\/\/ismfrance.org\/?p=10454"},"modified":"2024-04-01T12:08:26","modified_gmt":"2024-04-01T10:08:26","slug":"cacher-le-ratio-israel-dissimule-plus-de-200-morts-parmi-ses-soldats-sur-le-front-du-liban","status":"publish","type":"post","link":"https:\/\/ismfrance.org\/index.php\/2024\/03\/31\/cacher-le-ratio-israel-dissimule-plus-de-200-morts-parmi-ses-soldats-sur-le-front-du-liban\/","title":{"rendered":"Cacher le \u00ab ratio \u00bb : Isra\u00ebl dissimule plus de 200 morts parmi ses soldats sur le front du Liban"},"content":{"rendered":"<p align=\"LEFT\"><span style=\"color: #000000;\"><span style=\"font-family: Tahoma, sans-serif;\"><span style=\"font-size: medium;\"><strong>Khalil Nasrallah, 28 mars 2024<\/strong>. Depuis le 8 octobre, plus de 230 soldats isra\u00e9liens ont \u00e9t\u00e9 tu\u00e9s par des combattants du Hezbollah lors d&rsquo;op\u00e9rations transfrontali\u00e8res contre l&rsquo;\u00c9tat d&rsquo;occupation, selon les donn\u00e9es de terrain obtenues par <\/span><\/span><\/span><span style=\"color: #000000;\"><span style=\"font-family: Tahoma, sans-serif;\"><span style=\"font-size: medium;\"><i>The Cradle<\/i><\/span><\/span><\/span><span style=\"color: #000000;\"><span style=\"font-family: Tahoma, sans-serif;\"><span style=\"font-size: medium;\">. Cela sugg\u00e8re que la r\u00e9sistance libanaise a atteint la parit\u00e9 dans le nombre de forces tu\u00e9es par les deux camps au cours des six derniers mois d\u2019affrontements militaires.<\/span><\/span><\/span><\/p>\n<p align=\"LEFT\"><a href=\"https:\/\/ismfrance.org\/wp-content\/uploads\/2024\/03\/war-in-lubnan.jpeg\"><img loading=\"lazy\" decoding=\"async\" class=\"alignnone size-large wp-image-10458\" src=\"https:\/\/ismfrance.org\/wp-content\/uploads\/2024\/03\/war-in-lubnan-700x331.jpeg\" alt=\"\" width=\"600\" height=\"284\" srcset=\"https:\/\/ismfrance.org\/wp-content\/uploads\/2024\/03\/war-in-lubnan-700x331.jpeg 700w, https:\/\/ismfrance.org\/wp-content\/uploads\/2024\/03\/war-in-lubnan-300x142.jpeg 300w, https:\/\/ismfrance.org\/wp-content\/uploads\/2024\/03\/war-in-lubnan-768x363.jpeg 768w, https:\/\/ismfrance.org\/wp-content\/uploads\/2024\/03\/war-in-lubnan-1536x727.jpeg 1536w, https:\/\/ismfrance.org\/wp-content\/uploads\/2024\/03\/war-in-lubnan-2048x969.jpeg 2048w, https:\/\/ismfrance.org\/wp-content\/uploads\/2024\/03\/war-in-lubnan-1320x625.jpeg 1320w\" sizes=\"auto, (max-width: 600px) 100vw, 600px\" \/><\/a><\/p>\n<p align=\"LEFT\"><span style=\"color: #000000;\"><span style=\"font-family: Tahoma, sans-serif;\"><span style=\"font-size: medium;\">Cet exploit est aussi important qu\u2019impressionnant, \u00e9tant donn\u00e9 que \u00ab les forces de r\u00e9sistance populaire relativement peu arm\u00e9es et g\u00e9n\u00e9ralement plus nombreuses n\u2019atteignent <a href=\"http:\/\/www.politicalaffairs.net\/hizbullah-s-victory\/\">jamais<\/a> un rapport de 1:1 contre les forces colonialistes et n\u00e9ocolonialistes \u00e9quip\u00e9es d&rsquo;un armement de haute technologie \u00bb, comme l\u2019a <a href=\"http:\/\/www.politicalaffairs.net\/hizbullah-s-victory\/\">not\u00e9<\/a> un analyste au lendemain de la guerre men\u00e9e par Isra\u00ebl contre le Liban en 2006.<\/span><\/span><\/span><\/p>\n<p align=\"LEFT\"><strong><span style=\"color: #000000;\"><span style=\"font-family: Tahoma, sans-serif;\"><span style=\"font-size: large;\">Le nouveau \u00ab ratio d\u2019objectifs \u00bb du Hezbollah<\/span><\/span><\/span><\/strong><\/p>\n<p align=\"LEFT\"><span style=\"color: #000000;\"><span style=\"font-family: Tahoma, sans-serif;\"><span style=\"font-size: medium;\">Alors que le Hezbollah honore les martyrs de ses combattants tomb\u00e9s au combat en divulguant leur nom et leur num\u00e9ro, l&rsquo;arm\u00e9e isra\u00e9lienne <a href=\"https:\/\/thecradle.co\/articles-id\/15978\">contr\u00f4le \u00e9troitement<\/a> le flux d&rsquo;informations sur ses victimes, masquant la v\u00e9ritable \u00e9tendue de ses pertes et minimisant l&rsquo;importance des installations isra\u00e9liennes cruciales frapp\u00e9es par les drones et les missiles du Hezbollah au front nord du pays.<\/span><\/span><\/span><\/p>\n<p align=\"LEFT\"><span style=\"color: #000000;\"><span style=\"font-family: Tahoma, sans-serif;\"><span style=\"font-size: medium;\">Des rapports r\u00e9cents sugg\u00e8rent que\u00a0<a href=\"https:\/\/www.google.com\/amp\/s\/www.agenzianova.com\/ar\/news\/%D8%AB%D9%85%D8%A7%D9%86%D9%8A%D8%A9-%D9%82%D8%AA%D9%84%D9%89-%D8%B9%D9%84%D9%89-%D8%A7%D9%84%D8%A3%D9%82%D9%84-%D9%81%D9%8A-%D8%A7%D9%84%D9%82%D8%B5%D9%81-%D8%A7%D9%84%D8%A5%D8%B3%D8%B1%D8%A7%D8%A6%D9%8A%D9%84%D9%8A-%D8%A7%D9%84%D8%A3%D8%AE%D9%8A%D8%B1-%D9%81%D9%8A-%D8%AC%D9%86%D9%88%D8%A8-%D9%84%D8%A8%D9%86%D8%A7%D9%86\/amp\/\">258<\/a>\u00a0combattants du Hezbollah ont \u00e9t\u00e9 tu\u00e9s depuis le 8 octobre, alors qu&rsquo;Isra\u00ebl n&rsquo;a revendiqu\u00e9\u00a0que\u00a0<a href=\"https:\/\/www.timesofisrael.com\/idf-says-some-4500-hezbollah-targets-hit-300-operatives-killed-since-start-of-war\/\">10\u00a0morts<\/a> parmi ses forces\u00a0&#8211; un chiffre hautement improbable \u00e9tant donn\u00e9 la large diffusion par le Hezbollah d&rsquo;images de guerre montrant ses op\u00e9rations de ciblage des troupes isra\u00e9liennes.<\/span><\/span><\/span><\/p>\n<p align=\"LEFT\"><span style=\"color: #000000;\"><span style=\"font-family: Tahoma, sans-serif;\"><span style=\"font-size: medium;\">En comparaison, lors de la guerre isra\u00e9lienne contre le Liban en 2006, qui n&rsquo;a dur\u00e9 que 34 jours, les pertes du Hezbollah sont estim\u00e9es \u00e0 environ 250 combattants morts, contre 121 soldats sionistes tu\u00e9s reconnus par Isra\u00ebl, bien que ce chiffre soit consid\u00e9r\u00e9 comme nettement plus \u00e9lev\u00e9. Dix morts isra\u00e9liens \u00e0 la fronti\u00e8re libanaise apr\u00e8s six mois d\u2019affrontements f\u00e9roces n\u2019ont gu\u00e8re de sens dans ce contexte.<\/span><\/span><\/span><\/p>\n<p align=\"LEFT\"><strong><span style=\"color: #000000;\"><span style=\"font-family: Tahoma, sans-serif;\"><span style=\"font-size: large;\">La \u00ab chair \u00e0 canon \u00bb arabe et les mercenaires \u00e9trangers<\/span><\/span><\/span><\/strong><\/p>\n<p align=\"LEFT\"><span style=\"color: #000000;\"><span style=\"font-family: Tahoma, sans-serif;\"><span style=\"font-size: medium;\">Tel Aviv ajoute \u00e0 ce \u00ab brouillard de guerre \u00bb en employant des troupes b\u00e9douines et druzes sur ses lignes de front pour faciliter la dissimulation des morts de l\u2019arm\u00e9e.<\/span><\/span><\/span><\/p>\n<p align=\"LEFT\"><span style=\"color: #000000;\"><span style=\"font-family: Tahoma, sans-serif;\"><span style=\"font-size: medium;\">Par exemple, Isra\u00ebl fournit une \u00ab allocation mat\u00e9rielle \u00bb aux familles des soldats de l&rsquo;unit\u00e9 b\u00e9douine \u00ab Qasasi al-Athar \u00bb, d\u00e9ploy\u00e9e le long de plusieurs fronti\u00e8res isra\u00e9liennes \u2013 Liban, Gaza, \u00c9gypte \u2013 en mettant l&rsquo;accent sur la pr\u00e9vention des infiltrations transfrontali\u00e8res, notamment en p\u00e9riode de conflit.<\/span><\/span><\/span><\/p>\n<p align=\"LEFT\"><span style=\"color: #000000;\"><span style=\"font-family: Tahoma, sans-serif;\"><span style=\"font-size: medium;\">Les estimations sur le terrain indiquent que le plus grand nombre de d\u00e9c\u00e8s isra\u00e9liens se sont produits dans les rangs de cette unit\u00e9.<\/span><\/span><\/span><\/p>\n<p align=\"LEFT\"><span style=\"color: #000000;\"><span style=\"font-family: Tahoma, sans-serif;\"><span style=\"font-size: medium;\">Ces derni\u00e8res ann\u00e9es, Isra\u00ebl a lanc\u00e9 une s\u00e9rie de campagnes de propagande militaire pour mettre en valeur la diversit\u00e9 de ses rangs. Le porte-parole adjoint de l&rsquo;arm\u00e9e, le \u00ab <a href=\"https:\/\/www.youtube.com\/watch?v=mlcC8S4Uans&amp;ab_channel=\u062c\u064a\u0634\u0627\u0644\u062f\u0641\u0627\u0639\u0627\u0644\u0625\u0633\u0631\u0627\u0626\u064a\u0644\u064a\">capitaine Ayla<\/a> \u00bb, un juif arabe, a organis\u00e9 une tourn\u00e9e en 2020 \u00e0 la fronti\u00e8re libano-palestinienne avec un officier de l&rsquo;unit\u00e9 Qasasi al-Athar nomm\u00e9 Ali Falah, qui travaille au sein de la Brigade du Nord, pour souligner la nature p\u00e9rilleuse de leur travail au point z\u00e9ro.<\/span><\/span><\/span><\/p>\n<p align=\"LEFT\"><span style=\"color: #000000;\"><span style=\"font-family: Tahoma, sans-serif;\"><span style=\"font-size: medium;\">Il semble que l&rsquo;arm\u00e9e isra\u00e9lienne emploie les m\u00eames strat\u00e9gies \u2013 en payant les familles des soldats b\u00e9douins morts \u2013 avec les soldats de la communaut\u00e9 arabe druze, qui font partie de formations individuelles et de bataillons ou de ce qu&rsquo;on appelle la \u00ab d\u00e9fense locale \u00bb dans les villages proches de la fronti\u00e8re libanaise.<\/span><\/span><\/span><\/p>\n<p align=\"LEFT\"><span style=\"color: #000000;\"><span style=\"font-family: Tahoma, sans-serif;\"><span style=\"font-size: medium;\">Par exemple, 70\u00a0% du\u00a0<a href=\"https:\/\/www.france24.com\/en\/live-news\/20231112-with-israeli-soldiers-on-the-northern-front\">299e bataillon<\/a>, stationn\u00e9 dans la r\u00e9gion de Hurfaish \u2013 \u00e0 quatre kilom\u00e8tres de la fronti\u00e8re libanaise \u2013 sont membres de la communaut\u00e9 druze. Le bataillon a subi des pertes sur le front meurtrier, mais Isra\u00ebl n\u2019a signal\u00e9 qu\u2019une seule perte \u00e0 ce jour.<\/span><\/span><\/span><\/p>\n<p align=\"LEFT\"><span style=\"color: #000000;\"><span style=\"font-family: Tahoma, sans-serif;\"><span style=\"font-size: medium;\">Comme c&rsquo;est le cas pour de nombreuses arm\u00e9es confront\u00e9es au d\u00e9clin,\u00a0les <a href=\"https:\/\/www.middleeastmonitor.com\/20231105-spain-neo-nazi-mercenary-among-others-helping-israel-in-gaza\/\">mercenaires<\/a> sont devenus un \u00e9l\u00e9ment incontournable des rangs des forces arm\u00e9es isra\u00e9liennes et sont actifs dans les unit\u00e9s de combat de l&rsquo;arm\u00e9e isra\u00e9lienne. Beaucoup d\u2019entre eux se sont enr\u00f4l\u00e9s lors de l\u2019agression \u00e0 Gaza et ont ensuite \u00e9t\u00e9 d\u00e9ploy\u00e9s \u00e0 la fronti\u00e8re avec le Liban.<\/span><\/span><\/span><\/p>\n<p align=\"LEFT\"><span style=\"color: #000000;\"><span style=\"font-family: Tahoma, sans-serif;\"><span style=\"font-size: medium;\">Malgr\u00e9 la participation active des mercenaires, leurs d\u00e9c\u00e8s restent souvent ignor\u00e9s et leurs corps sont discr\u00e8tement rapatri\u00e9s sans reconnaissance officielle en tant que soldats tomb\u00e9s au combat. Tout porte \u00e0 croire qu\u2019un nombre important d\u2019entre eux ont p\u00e9ri sur les lignes frontali\u00e8res.<\/span><\/span><\/span><\/p>\n<p>https:\/\/twitter.com\/i\/status\/1774201930169901229<\/p>\n<p align=\"LEFT\"><strong><span style=\"color: #000000;\"><span style=\"font-family: Tahoma, sans-serif;\"><span style=\"font-size: large;\">Moral en baisse : pourquoi Isra\u00ebl cache son bilan<\/span><\/span><\/span><\/strong><\/p>\n<p align=\"LEFT\"><span style=\"color: #000000;\"><span style=\"font-family: Tahoma, sans-serif;\"><span style=\"font-size: medium;\">Les \u00e9v\u00e9nements sans pr\u00e9c\u00e9dent de l&rsquo;op\u00e9ration Al-Aqsa de la r\u00e9sistance palestinienne le 7 octobre ont jet\u00e9 une ombre inqui\u00e9tante sur l&rsquo;ensemble du projet isra\u00e9lien, envoyant des ondes de choc dans toutes les facettes de la soci\u00e9t\u00e9.<\/span><\/span><\/span><\/p>\n<p align=\"LEFT\"><span style=\"color: #000000;\"><span style=\"font-family: Tahoma, sans-serif;\"><span style=\"font-size: medium;\">Avec la d\u00e9claration de guerre totale contre Gaza par Tel-Aviv et l&rsquo;\u00e9ruption soudaine d&rsquo;un conflit sur un deuxi\u00e8me front dans le sud du Liban, l&rsquo;inqui\u00e9tude a atteint son paroxysme.<\/span><\/span><\/span><\/p>\n<p align=\"LEFT\"><span style=\"color: #000000;\"><span style=\"font-family: Tahoma, sans-serif;\"><span style=\"font-size: medium;\">L\u2019arm\u00e9e isra\u00e9lienne a compris que mener une guerre \u00e0 grande \u00e9chelle sur deux fronts, en particulier contre le Liban, o\u00f9 le Hezbollah a lev\u00e9 une arm\u00e9e de 100.000 hommes et poss\u00e8de un armement et un entra\u00eenement bien plus sophistiqu\u00e9s que la r\u00e9sistance en Palestine, posait des d\u00e9fis insurmontables.<\/span><\/span><\/span><\/p>\n<p align=\"LEFT\"><span style=\"color: #000000;\"><span style=\"font-family: Tahoma, sans-serif;\"><span style=\"font-size: medium;\">En outre, le gouvernement du Premier ministre Benjamin Netanyahu est confront\u00e9 \u00e0 des pressions sans pr\u00e9c\u00e9dent sur plusieurs fronts int\u00e9rieurs : les prisonniers isra\u00e9liens d\u00e9tenus par les factions de la r\u00e9sistance, la n\u00e9cessit\u00e9 d&rsquo;atteindre les objectifs de guerre d\u00e9clar\u00e9s dans la bande de Gaza, le \u00ab <a href=\"https:\/\/thecradle.co\/articles-id\/21099\">d\u00e9placement<\/a> \u00bb de centaines de milliers de colons isra\u00e9liens dans le nord, la mutinerie au sein de son cabinet de guerre et les <a href=\"https:\/\/thecradle.co\/articles-id\/12441\">dommages<\/a> \u00e9conomiques catastrophiques r\u00e9sultant de la guerre.<\/span><\/span><\/span><\/p>\n<p align=\"LEFT\"><span style=\"color: #000000;\"><span style=\"font-family: Tahoma, sans-serif;\"><span style=\"font-size: medium;\">En cons\u00e9quence, l&rsquo;establishment de la s\u00e9curit\u00e9 isra\u00e9lienne, avec le soutien du Conseil de guerre, a mis en \u0153uvre une s\u00e9rie de politiques pour faire face \u00e0 la r\u00e9alit\u00e9 \u00e9mergente \u00e0 la fronti\u00e8re nord, en s&rsquo;appuyant principalement sur les efforts et les interventions diplomatiques des \u00c9tats-Unis pour renvoyer les colons et lib\u00e9rer leurs prisonniers \u2013 sans recourir \u00e0 des mesures diplomatiques. des actions militaires qui ne garantiront probablement pas des r\u00e9sultats id\u00e9aux.<\/span><\/span><\/span><\/p>\n<p align=\"LEFT\"><span style=\"color: #000000;\"><span style=\"font-family: Tahoma, sans-serif;\"><span style=\"font-size: medium;\">La pression exerc\u00e9e par les colons d\u00e9plac\u00e9s du nord, associ\u00e9e \u00e0 la prise de conscience croissante que le Hezbollah a impos\u00e9 une <a href=\"https:\/\/thecradle.co\/articles\/israel-loses-control-of-its-borders\">zone tampon de s\u00e9curit\u00e9<\/a> physique et g\u00e9ographique \u00e0 l&rsquo;int\u00e9rieur d&rsquo;Isra\u00ebl, a fortement influenc\u00e9 la d\u00e9cision de l&rsquo;arm\u00e9e de dissimuler ses \u00e9normes pertes militaires, tant humaines que mat\u00e9rielles. Tel Aviv ne divulgue pas ces donn\u00e9es au public pour \u00e9viter des d\u00e9fis qui pourraient conduire \u00e0 l&rsquo;expansion et \u00e0 une escalade incontr\u00f4lable du conflit.<\/span><\/span><\/span><\/p>\n<p align=\"LEFT\"><strong><span style=\"font-size: large;\"><span style=\"color: #000000;\"><span style=\"font-family: Tahoma, sans-serif;\">Rapport : qualit\u00e9 plut\u00f4t que profondeur<\/span><\/span><\/span><\/strong><\/p>\n<p align=\"LEFT\"><span style=\"color: #000000;\"><span style=\"font-family: Tahoma, sans-serif;\"><span style=\"font-size: medium;\">En \u00e9change de la dissimulation de ses pertes, l\u2019arm\u00e9e d\u2019occupation cherche \u00e0 projeter une image de force en lan\u00e7ant des raids a\u00e9riens <a href=\"https:\/\/thecradle.co\/articles-id\/24089#:~:text=The strike on Zaboud marks,of Kfar Kila and Khiam.\">au plus profond du Liban<\/a>. Ces mesures visent \u00e0 dissuader le Hezbollah, comme les menaces prof\u00e9r\u00e9es par de hauts responsables isra\u00e9liens, tel le chef d&rsquo;\u00e9tat-major et ministre de la D\u00e9fense Yoav Gallant, qui a proclam\u00e9 en novembre\u00a0: \u00ab\u00a0Ce que nous faisons \u00e0 Gaza, nous pouvons \u00e9galement le faire \u00e0 Beyrouth\u00a0\u00bb.<\/span><\/span><\/span><\/p>\n<p align=\"LEFT\"><span style=\"color: #000000;\"><span style=\"font-family: Tahoma, sans-serif;\"><span style=\"font-size: medium;\">Ayant d\u00e9j\u00e0 \u00e9tabli un \u00ab taux de mortalit\u00e9 \u00bb dans cette guerre, il est sugg\u00e9r\u00e9 que le Hezbollah pourrait chercher \u00e0 \u00e9tablir un nouveau \u00ab taux qualitatif \u00bb dans sa lutte contre Isra\u00ebl. Cela implique que le Hezbollah s\u00e9lectionne soigneusement des cibles qualitatives telles que les casernes et les centres de commandement isra\u00e9liens \u2013 plut\u00f4t que de se contenter de suivre les \u00ab frappes en profondeur \u00bb d&rsquo;Isra\u00ebl au Liban \u2013 pour dissuader l&rsquo;ennemi et atteindre ses objectifs.<\/span><\/span><\/span><\/p>\n<p align=\"LEFT\"><span style=\"color: #000000;\"><span style=\"font-family: Tahoma, sans-serif;\"><span style=\"font-size: medium;\">Pour contrer l&rsquo;approche en profondeur d&rsquo;Isra\u00ebl, le Hezbollah a recadr\u00e9 l&rsquo;\u00e9quation : il a donn\u00e9 la priorit\u00e9 aux \u00ab cibles isra\u00e9liennes qualitatives \u00bb plut\u00f4t qu&rsquo;\u00e0 la simple distance g\u00e9ographique. On a constat\u00e9 ce changement strat\u00e9gique apr\u00e8s l&rsquo;attaque isra\u00e9lienne contre la banlieue sud de Beyrouth qui visait l&rsquo;assassinat de <a href=\"https:\/\/thecradle.co\/articles\/top-hamas-leader-assassinated-by-israel-in-beirut\">Saleh al-Arouri<\/a>, le chef adjoint du bureau politique du Hamas.<\/span><\/span><\/span><\/p>\n<p align=\"LEFT\"><span style=\"color: #000000;\"><span style=\"font-family: Tahoma, sans-serif;\"><span style=\"font-size: medium;\">En r\u00e9ponse, la r\u00e9sistance libanaise a cibl\u00e9 un site important et sensible pr\u00e8s de la fronti\u00e8re \u2013 la base de surveillance a\u00e9rienne multimission de <a href=\"https:\/\/thecradle.co\/articles-id\/17947\">Meron<\/a> \u2013 portant un coup dur \u00e0 sa fonctionnalit\u00e9.<\/span><\/span><\/span><\/p>\n<p align=\"LEFT\"><span style=\"color: #000000;\"><span style=\"font-family: Tahoma, sans-serif;\"><span style=\"font-size: medium;\">Les man\u0153uvres strat\u00e9giques du Hezbollah ont plac\u00e9 Tel-Aviv dans une situation difficile. L&rsquo;\u00e9volution des tactiques de la r\u00e9sistance perturbe les op\u00e9rations de l&rsquo;arm\u00e9e d&rsquo;occupation, en semant la confusion et en mena\u00e7ant d&rsquo;intensifier les frappes sur des cibles de qualit\u00e9 en cas d&rsquo;extension de la guerre.<\/span><\/span><\/span><\/p>\n<p align=\"LEFT\"><span style=\"color: #000000;\"><span style=\"font-family: Tahoma, sans-serif;\"><span style=\"font-size: medium;\">Les frappes ciblant des installations sp\u00e9cifiques \u2013 comme les salves de plus de 100 roquettes contre des sites strat\u00e9giques sur le <a href=\"https:\/\/thecradle.co\/articles-id\/23846\">plateau du Golan<\/a>\u00a0apr\u00e8s une attaque isra\u00e9lienne sur Baalbeck au d\u00e9but du mois \u2013 ont de profondes implications en mati\u00e8re de s\u00e9curit\u00e9 pour Isra\u00ebl.<\/span><\/span><\/span><\/p>\n<p align=\"LEFT\"><span style=\"color: #000000;\"><span style=\"font-family: Tahoma, sans-serif;\"><span style=\"font-size: medium;\">Les repr\u00e9sailles d\u00e9lib\u00e9r\u00e9es et rapides du Hezbollah soulignent sa volont\u00e9 de faire face \u00e0 toute incursion dans des territoires sensibles, de r\u00e9\u00e9crire les r\u00e8gles d&rsquo;engagement \u00e0 volont\u00e9 et de maintenir le d\u00e9licat \u00e9quilibre des pouvoirs le long de la fronti\u00e8re.<\/span><\/span><\/span><\/p>\n<p align=\"LEFT\"><strong><span style=\"color: #000000;\"><span style=\"font-family: Tahoma, sans-serif;\"><span style=\"font-size: large;\">Pourquoi le Hezbollah a ouvert le front sud du Liban<\/span><\/span><\/span><\/strong><\/p>\n<p align=\"LEFT\"><span style=\"color: #000000;\"><span style=\"font-family: Tahoma, sans-serif;\"><span style=\"font-size: medium;\">Lorsque le Hezbollah a ouvert un front libanais le 8 octobre dernier, ses objectifs strat\u00e9giques \u00e9taient doubles : renforcer la r\u00e9sistance \u00e0 Gaza et semer la confusion au sein de l\u2019arm\u00e9e isra\u00e9lienne sur le front nord. Cela a n\u00e9cessit\u00e9 d\u2019importants mouvements de troupes, le d\u00e9ploiement de syst\u00e8mes de d\u00e9fense a\u00e9rienne et une pr\u00e9paration accrue de l\u2019arm\u00e9e de l\u2019air, car Isra\u00ebl anticipait une escalade potentielle, en particulier dans les premi\u00e8res \u00e9tapes du conflit.<\/span><\/span><\/span><\/p>\n<p align=\"LEFT\"><span style=\"color: #000000;\"><span style=\"font-family: Tahoma, sans-serif;\"><span style=\"font-size: medium;\">Outre cet objectif premier, le secr\u00e9taire g\u00e9n\u00e9ral du Hezbollah, Hassan Nasrallah, a soulign\u00e9 un autre point critique : le comportement d&rsquo;Isra\u00ebl \u00e0 l&rsquo;int\u00e9rieur du Liban. On craignait que Tel Aviv puisse lancer ou manipuler le front pour s&rsquo;aligner sur ses propres objectifs, \u00e9ventuellement dans un but \u00ab dissuasif \u00bb.<\/span><\/span><\/span><\/p>\n<p align=\"LEFT\"><span style=\"color: #000000;\"><span style=\"font-family: Tahoma, sans-serif;\"><span style=\"font-size: medium;\">Les objectifs primordiaux de la strat\u00e9gie du Hezbollah comprenaient le soutien \u00e0 la r\u00e9sistance en Palestine, la synchronisation des op\u00e9rations avec la dynamique du conflit l\u00e0-bas, le renforcement de la dissuasion contre l&rsquo;agression isra\u00e9lienne et la pr\u00e9vention des attaques \u00e0 grande \u00e9chelle. De plus, le Hezbollah visait \u00e0 envoyer des messages clairs \u00e0 travers des actions sur le champ de bataille mettant en valeur les capacit\u00e9s de renseignement et la polyvalence de la r\u00e9sistance en mati\u00e8re de ciblage.<\/span><\/span><\/span><\/p>\n<p align=\"LEFT\"><span style=\"color: #000000;\"><span style=\"font-family: Tahoma, sans-serif;\"><span style=\"font-size: medium;\">La strat\u00e9gie vise \u00e0 emp\u00eacher le conflit de s&rsquo;\u00e9tendre pour servir les int\u00e9r\u00eats strat\u00e9giques d&rsquo;Isra\u00ebl, tout en infligeant une usure constante aux forces ennemies stationn\u00e9es dans le nord.<\/span><\/span><\/span><\/p>\n<p align=\"LEFT\"><span style=\"color: #000000;\"><span style=\"font-family: Tahoma, sans-serif;\"><span style=\"font-size: medium;\">En fin de compte, l&rsquo;approche du Hezbollah a entra\u00een\u00e9 des pertes et des co\u00fbts importants pour l&rsquo;ennemi, bien qu&rsquo;inf\u00e9rieurs \u00e0 ceux qui seraient encourus dans une confrontation \u00e0 grande \u00e9chelle. Par cons\u00e9quent, l\u2019arm\u00e9e isra\u00e9lienne se retrouve prise au pi\u00e8ge dans un front savamment g\u00e9r\u00e9 par le Hezbollah, o\u00f9 les calculs sont bas\u00e9s sur les pertes r\u00e9elles plut\u00f4t que sur les chiffres publi\u00e9s ou la propagande interne.<\/span><\/span><\/span><\/p>\n<p align=\"LEFT\"><span style=\"color: #000000;\"><span style=\"font-family: Tahoma, sans-serif;\"><span style=\"font-size: medium;\">Mis \u00e0 part son remarquable \u00ab taux de mortalit\u00e9 \u00bb, le Hezbollah a fait monter les enjeux pour Tel-Aviv, qui doit d\u00e9sormais calculer ses pertes \u00e0 chaque fois qu\u2019il frappe plus profond\u00e9ment sur le territoire libanais. La strat\u00e9gie de profondeur malavis\u00e9e d\u2019Isra\u00ebl a maintenant cr\u00e9\u00e9 un \u00ab rapport de qualit\u00e9 \u00bb pour le Hezbollah.<\/span><\/span><\/span><\/p>\n<pre><em><span style=\"color: #000000;\"><span style=\"font-family: Tahoma, sans-serif;\"><span style=\"font-size: medium;\">Article original en anglais sur <a href=\"https:\/\/thecradle.co\/articles\/hiding-the-ratio-israel-conceals-200-troop-deaths-on-lebanon-front\">The Cradle<\/a> \/ Traduction MR<\/span><\/span><\/span><\/em><\/pre>\n<hr \/>\n<p align=\"LEFT\"><span style=\"color: #000000;\"><span style=\"font-family: Tahoma, sans-serif;\"><span style=\"font-size: medium;\"><a href=\"https:\/\/ismfrance.org\/wp-content\/uploads\/2024\/03\/khalil-nasrallah.jpg\"><img loading=\"lazy\" decoding=\"async\" class=\"size-thumbnail wp-image-10455 alignleft\" src=\"https:\/\/ismfrance.org\/wp-content\/uploads\/2024\/03\/khalil-nasrallah-150x150.jpg\" alt=\"\" width=\"150\" height=\"150\" srcset=\"https:\/\/ismfrance.org\/wp-content\/uploads\/2024\/03\/khalil-nasrallah-150x150.jpg 150w, https:\/\/ismfrance.org\/wp-content\/uploads\/2024\/03\/khalil-nasrallah-300x300.jpg 300w, https:\/\/ismfrance.org\/wp-content\/uploads\/2024\/03\/khalil-nasrallah-144x144.jpg 144w, https:\/\/ismfrance.org\/wp-content\/uploads\/2024\/03\/khalil-nasrallah.jpg 400w\" sizes=\"auto, (max-width: 150px) 100vw, 150px\" \/><\/a><strong>L&rsquo;auteur : <\/strong><\/span><\/span><\/span><\/p>\n<p align=\"LEFT\"><span style=\"color: #000000;\"><span style=\"font-family: Tahoma, sans-serif;\"><span style=\"font-size: medium;\">Khalil Nasrallah est un journaliste libanais sp\u00e9cialis\u00e9 dans les affaires r\u00e9gionales et pr\u00e9sentateur d&rsquo;\u00e9missions politiques.<\/span><\/span><\/span><\/p>\n<p align=\"LEFT\"><span style=\"color: #000000;\"><span style=\"font-family: Tahoma, sans-serif;\"><span style=\"font-size: medium;\">Son compte X\u00a0: <a href=\"ttps:\/\/twitter.com\/khalilnasrallah\">@khalilnasrallah<\/a> <\/span><\/span><\/span><\/p>\n<p align=\"LEFT\">\n","protected":false},"excerpt":{"rendered":"<p>Khalil Nasrallah, 28 mars 2024. Depuis le 8 octobre, plus de 230 soldats isra\u00e9liens ont \u00e9t\u00e9 tu\u00e9s par des combattants du Hezbollah lors d&rsquo;op\u00e9rations transfrontali\u00e8res contre l&rsquo;\u00c9tat d&rsquo;occupation, selon les <a class=\"more-link\" href=\"https:\/\/ismfrance.org\/index.php\/2024\/03\/31\/cacher-le-ratio-israel-dissimule-plus-de-200-morts-parmi-ses-soldats-sur-le-front-du-liban\/\">Lire la suite &rarr;<\/a><\/p>\n","protected":false},"author":3,"featured_media":10458,"comment_status":"closed","ping_status":"closed","sticky":false,"template":"","format":"standard","meta":{"footnotes":""},"categories":[12,2],"tags":[228,76],"class_list":["post-10454","post","type-post","status-publish","format-standard","has-post-thumbnail","hentry","category-analyses","category-articles","tag-axe-de-la-resistance","tag-liban"],"yoast_head":"<!-- This site is optimized with the Yoast SEO plugin v27.2 - https:\/\/yoast.com\/product\/yoast-seo-wordpress\/ -->\n<title>Cacher le \u00ab ratio \u00bb : Isra\u00ebl dissimule plus de 200 morts parmi ses soldats sur le front du Liban - International Solidarity Movement - ISM-France<\/title>\n<meta name=\"robots\" content=\"index, follow, max-snippet:-1, max-image-preview:large, max-video-preview:-1\" \/>\n<link rel=\"canonical\" href=\"https:\/\/ismfrance.org\/index.php\/2024\/03\/31\/cacher-le-ratio-israel-dissimule-plus-de-200-morts-parmi-ses-soldats-sur-le-front-du-liban\/\" \/>\n<meta property=\"og:locale\" content=\"fr_FR\" \/>\n<meta property=\"og:type\" content=\"article\" \/>\n<meta property=\"og:title\" content=\"Cacher le \u00ab ratio \u00bb : Isra\u00ebl dissimule plus de 200 morts parmi ses soldats sur le front du Liban - International Solidarity Movement - ISM-France\" \/>\n<meta property=\"og:description\" content=\"Khalil Nasrallah, 28 mars 2024. Depuis le 8 octobre, plus de 230 soldats isra\u00e9liens ont \u00e9t\u00e9 tu\u00e9s par des combattants du Hezbollah lors d&rsquo;op\u00e9rations transfrontali\u00e8res contre l&rsquo;\u00c9tat d&rsquo;occupation, selon les Lire la suite &rarr;\" \/>\n<meta property=\"og:url\" content=\"https:\/\/ismfrance.org\/index.php\/2024\/03\/31\/cacher-le-ratio-israel-dissimule-plus-de-200-morts-parmi-ses-soldats-sur-le-front-du-liban\/\" \/>\n<meta property=\"og:site_name\" content=\"International Solidarity Movement - ISM-France\" \/>\n<meta property=\"article:published_time\" content=\"2024-03-31T16:38:13+00:00\" \/>\n<meta property=\"article:modified_time\" content=\"2024-04-01T10:08:26+00:00\" \/>\n<meta property=\"og:image\" content=\"https:\/\/ismfrance.org\/wp-content\/uploads\/2024\/03\/war-in-lubnan.jpeg\" \/>\n\t<meta property=\"og:image:width\" content=\"2088\" \/>\n\t<meta property=\"og:image:height\" content=\"988\" \/>\n\t<meta property=\"og:image:type\" content=\"image\/jpeg\" \/>\n<meta name=\"author\" content=\"mru_01\" \/>\n<meta name=\"twitter:card\" content=\"summary_large_image\" \/>\n<meta name=\"twitter:creator\" content=\"@ISMFRANCE\" \/>\n<meta name=\"twitter:site\" content=\"@ISMFRANCE\" \/>\n<meta name=\"twitter:label1\" content=\"\u00c9crit par\" \/>\n\t<meta name=\"twitter:data1\" content=\"mru_01\" \/>\n\t<meta name=\"twitter:label2\" content=\"Dur\u00e9e de lecture estim\u00e9e\" \/>\n\t<meta name=\"twitter:data2\" content=\"10 minutes\" \/>\n<script type=\"application\/ld+json\" class=\"yoast-schema-graph\">{\"@context\":\"https:\/\/schema.org\",\"@graph\":[{\"@type\":\"Article\",\"@id\":\"https:\/\/ismfrance.org\/index.php\/2024\/03\/31\/cacher-le-ratio-israel-dissimule-plus-de-200-morts-parmi-ses-soldats-sur-le-front-du-liban\/#article\",\"isPartOf\":{\"@id\":\"https:\/\/ismfrance.org\/index.php\/2024\/03\/31\/cacher-le-ratio-israel-dissimule-plus-de-200-morts-parmi-ses-soldats-sur-le-front-du-liban\/\"},\"author\":{\"name\":\"mru_01\",\"@id\":\"https:\/\/ismfrance.org\/#\/schema\/person\/3c411eb72adfaae19c0dca1f41fae01d\"},\"headline\":\"Cacher le \u00ab ratio \u00bb : Isra\u00ebl dissimule plus de 200 morts parmi ses soldats sur le front du Liban\",\"datePublished\":\"2024-03-31T16:38:13+00:00\",\"dateModified\":\"2024-04-01T10:08:26+00:00\",\"mainEntityOfPage\":{\"@id\":\"https:\/\/ismfrance.org\/index.php\/2024\/03\/31\/cacher-le-ratio-israel-dissimule-plus-de-200-morts-parmi-ses-soldats-sur-le-front-du-liban\/\"},\"wordCount\":2037,\"publisher\":{\"@id\":\"https:\/\/ismfrance.org\/#organization\"},\"image\":{\"@id\":\"https:\/\/ismfrance.org\/index.php\/2024\/03\/31\/cacher-le-ratio-israel-dissimule-plus-de-200-morts-parmi-ses-soldats-sur-le-front-du-liban\/#primaryimage\"},\"thumbnailUrl\":\"https:\/\/ismfrance.org\/wp-content\/uploads\/2024\/03\/war-in-lubnan.jpeg\",\"keywords\":[\"Axe de la R\u00e9sistance\",\"Liban\"],\"articleSection\":[\"Analyses\",\"Articles\"],\"inLanguage\":\"fr-FR\"},{\"@type\":\"WebPage\",\"@id\":\"https:\/\/ismfrance.org\/index.php\/2024\/03\/31\/cacher-le-ratio-israel-dissimule-plus-de-200-morts-parmi-ses-soldats-sur-le-front-du-liban\/\",\"url\":\"https:\/\/ismfrance.org\/index.php\/2024\/03\/31\/cacher-le-ratio-israel-dissimule-plus-de-200-morts-parmi-ses-soldats-sur-le-front-du-liban\/\",\"name\":\"Cacher le \u00ab ratio \u00bb : Isra\u00ebl dissimule plus de 200 morts parmi ses soldats sur le front du Liban - International Solidarity Movement - ISM-France\",\"isPartOf\":{\"@id\":\"https:\/\/ismfrance.org\/#website\"},\"primaryImageOfPage\":{\"@id\":\"https:\/\/ismfrance.org\/index.php\/2024\/03\/31\/cacher-le-ratio-israel-dissimule-plus-de-200-morts-parmi-ses-soldats-sur-le-front-du-liban\/#primaryimage\"},\"image\":{\"@id\":\"https:\/\/ismfrance.org\/index.php\/2024\/03\/31\/cacher-le-ratio-israel-dissimule-plus-de-200-morts-parmi-ses-soldats-sur-le-front-du-liban\/#primaryimage\"},\"thumbnailUrl\":\"https:\/\/ismfrance.org\/wp-content\/uploads\/2024\/03\/war-in-lubnan.jpeg\",\"datePublished\":\"2024-03-31T16:38:13+00:00\",\"dateModified\":\"2024-04-01T10:08:26+00:00\",\"breadcrumb\":{\"@id\":\"https:\/\/ismfrance.org\/index.php\/2024\/03\/31\/cacher-le-ratio-israel-dissimule-plus-de-200-morts-parmi-ses-soldats-sur-le-front-du-liban\/#breadcrumb\"},\"inLanguage\":\"fr-FR\",\"potentialAction\":[{\"@type\":\"ReadAction\",\"target\":[\"https:\/\/ismfrance.org\/index.php\/2024\/03\/31\/cacher-le-ratio-israel-dissimule-plus-de-200-morts-parmi-ses-soldats-sur-le-front-du-liban\/\"]}]},{\"@type\":\"ImageObject\",\"inLanguage\":\"fr-FR\",\"@id\":\"https:\/\/ismfrance.org\/index.php\/2024\/03\/31\/cacher-le-ratio-israel-dissimule-plus-de-200-morts-parmi-ses-soldats-sur-le-front-du-liban\/#primaryimage\",\"url\":\"https:\/\/ismfrance.org\/wp-content\/uploads\/2024\/03\/war-in-lubnan.jpeg\",\"contentUrl\":\"https:\/\/ismfrance.org\/wp-content\/uploads\/2024\/03\/war-in-lubnan.jpeg\",\"width\":2088,\"height\":988},{\"@type\":\"BreadcrumbList\",\"@id\":\"https:\/\/ismfrance.org\/index.php\/2024\/03\/31\/cacher-le-ratio-israel-dissimule-plus-de-200-morts-parmi-ses-soldats-sur-le-front-du-liban\/#breadcrumb\",\"itemListElement\":[{\"@type\":\"ListItem\",\"position\":1,\"name\":\"Accueil\",\"item\":\"https:\/\/ismfrance.org\/\"},{\"@type\":\"ListItem\",\"position\":2,\"name\":\"Cacher le \u00ab ratio \u00bb : Isra\u00ebl dissimule plus de 200 morts parmi ses soldats sur le front du Liban\"}]},{\"@type\":\"WebSite\",\"@id\":\"https:\/\/ismfrance.org\/#website\",\"url\":\"https:\/\/ismfrance.org\/\",\"name\":\"ISM Palestine France\",\"description\":\"Soutien aux luttes de lib\u00e9ration du peuple palestinien\",\"publisher\":{\"@id\":\"https:\/\/ismfrance.org\/#organization\"},\"potentialAction\":[{\"@type\":\"SearchAction\",\"target\":{\"@type\":\"EntryPoint\",\"urlTemplate\":\"https:\/\/ismfrance.org\/?s={search_term_string}\"},\"query-input\":{\"@type\":\"PropertyValueSpecification\",\"valueRequired\":true,\"valueName\":\"search_term_string\"}}],\"inLanguage\":\"fr-FR\"},{\"@type\":\"Organization\",\"@id\":\"https:\/\/ismfrance.org\/#organization\",\"name\":\"International Solidarity Movement\",\"url\":\"https:\/\/ismfrance.org\/\",\"logo\":{\"@type\":\"ImageObject\",\"inLanguage\":\"fr-FR\",\"@id\":\"https:\/\/ismfrance.org\/#\/schema\/logo\/image\/\",\"url\":\"https:\/\/ismfrance.org\/wp-content\/uploads\/2020\/12\/00.png\",\"contentUrl\":\"https:\/\/ismfrance.org\/wp-content\/uploads\/2020\/12\/00.png\",\"width\":400,\"height\":400,\"caption\":\"International Solidarity Movement\"},\"image\":{\"@id\":\"https:\/\/ismfrance.org\/#\/schema\/logo\/image\/\"},\"sameAs\":[\"https:\/\/x.com\/ISMFRANCE\"]},{\"@type\":\"Person\",\"@id\":\"https:\/\/ismfrance.org\/#\/schema\/person\/3c411eb72adfaae19c0dca1f41fae01d\",\"name\":\"mru_01\",\"image\":{\"@type\":\"ImageObject\",\"inLanguage\":\"fr-FR\",\"@id\":\"https:\/\/secure.gravatar.com\/avatar\/3a0be343b445d2ccc79e87444a294fad2b232e90d2051d0e3cc219e1ecd6a330?s=96&d=mm&r=g\",\"url\":\"https:\/\/secure.gravatar.com\/avatar\/3a0be343b445d2ccc79e87444a294fad2b232e90d2051d0e3cc219e1ecd6a330?s=96&d=mm&r=g\",\"contentUrl\":\"https:\/\/secure.gravatar.com\/avatar\/3a0be343b445d2ccc79e87444a294fad2b232e90d2051d0e3cc219e1ecd6a330?s=96&d=mm&r=g\",\"caption\":\"mru_01\"},\"url\":\"https:\/\/ismfrance.org\/index.php\/author\/admin02\/\"}]}<\/script>\n<!-- \/ Yoast SEO plugin. -->","yoast_head_json":{"title":"Cacher le \u00ab ratio \u00bb : Isra\u00ebl dissimule plus de 200 morts parmi ses soldats sur le front du Liban - International Solidarity Movement - ISM-France","robots":{"index":"index","follow":"follow","max-snippet":"max-snippet:-1","max-image-preview":"max-image-preview:large","max-video-preview":"max-video-preview:-1"},"canonical":"https:\/\/ismfrance.org\/index.php\/2024\/03\/31\/cacher-le-ratio-israel-dissimule-plus-de-200-morts-parmi-ses-soldats-sur-le-front-du-liban\/","og_locale":"fr_FR","og_type":"article","og_title":"Cacher le \u00ab ratio \u00bb : Isra\u00ebl dissimule plus de 200 morts parmi ses soldats sur le front du Liban - International Solidarity Movement - ISM-France","og_description":"Khalil Nasrallah, 28 mars 2024. Depuis le 8 octobre, plus de 230 soldats isra\u00e9liens ont \u00e9t\u00e9 tu\u00e9s par des combattants du Hezbollah lors d&rsquo;op\u00e9rations transfrontali\u00e8res contre l&rsquo;\u00c9tat d&rsquo;occupation, selon les Lire la suite &rarr;","og_url":"https:\/\/ismfrance.org\/index.php\/2024\/03\/31\/cacher-le-ratio-israel-dissimule-plus-de-200-morts-parmi-ses-soldats-sur-le-front-du-liban\/","og_site_name":"International Solidarity Movement - ISM-France","article_published_time":"2024-03-31T16:38:13+00:00","article_modified_time":"2024-04-01T10:08:26+00:00","og_image":[{"width":2088,"height":988,"url":"https:\/\/ismfrance.org\/wp-content\/uploads\/2024\/03\/war-in-lubnan.jpeg","type":"image\/jpeg"}],"author":"mru_01","twitter_card":"summary_large_image","twitter_creator":"@ISMFRANCE","twitter_site":"@ISMFRANCE","twitter_misc":{"\u00c9crit par":"mru_01","Dur\u00e9e de lecture estim\u00e9e":"10 minutes"},"schema":{"@context":"https:\/\/schema.org","@graph":[{"@type":"Article","@id":"https:\/\/ismfrance.org\/index.php\/2024\/03\/31\/cacher-le-ratio-israel-dissimule-plus-de-200-morts-parmi-ses-soldats-sur-le-front-du-liban\/#article","isPartOf":{"@id":"https:\/\/ismfrance.org\/index.php\/2024\/03\/31\/cacher-le-ratio-israel-dissimule-plus-de-200-morts-parmi-ses-soldats-sur-le-front-du-liban\/"},"author":{"name":"mru_01","@id":"https:\/\/ismfrance.org\/#\/schema\/person\/3c411eb72adfaae19c0dca1f41fae01d"},"headline":"Cacher le \u00ab ratio \u00bb : Isra\u00ebl dissimule plus de 200 morts parmi ses soldats sur le front du Liban","datePublished":"2024-03-31T16:38:13+00:00","dateModified":"2024-04-01T10:08:26+00:00","mainEntityOfPage":{"@id":"https:\/\/ismfrance.org\/index.php\/2024\/03\/31\/cacher-le-ratio-israel-dissimule-plus-de-200-morts-parmi-ses-soldats-sur-le-front-du-liban\/"},"wordCount":2037,"publisher":{"@id":"https:\/\/ismfrance.org\/#organization"},"image":{"@id":"https:\/\/ismfrance.org\/index.php\/2024\/03\/31\/cacher-le-ratio-israel-dissimule-plus-de-200-morts-parmi-ses-soldats-sur-le-front-du-liban\/#primaryimage"},"thumbnailUrl":"https:\/\/ismfrance.org\/wp-content\/uploads\/2024\/03\/war-in-lubnan.jpeg","keywords":["Axe de la R\u00e9sistance","Liban"],"articleSection":["Analyses","Articles"],"inLanguage":"fr-FR"},{"@type":"WebPage","@id":"https:\/\/ismfrance.org\/index.php\/2024\/03\/31\/cacher-le-ratio-israel-dissimule-plus-de-200-morts-parmi-ses-soldats-sur-le-front-du-liban\/","url":"https:\/\/ismfrance.org\/index.php\/2024\/03\/31\/cacher-le-ratio-israel-dissimule-plus-de-200-morts-parmi-ses-soldats-sur-le-front-du-liban\/","name":"Cacher le \u00ab ratio \u00bb : Isra\u00ebl dissimule plus de 200 morts parmi ses soldats sur le front du Liban - International Solidarity Movement - ISM-France","isPartOf":{"@id":"https:\/\/ismfrance.org\/#website"},"primaryImageOfPage":{"@id":"https:\/\/ismfrance.org\/index.php\/2024\/03\/31\/cacher-le-ratio-israel-dissimule-plus-de-200-morts-parmi-ses-soldats-sur-le-front-du-liban\/#primaryimage"},"image":{"@id":"https:\/\/ismfrance.org\/index.php\/2024\/03\/31\/cacher-le-ratio-israel-dissimule-plus-de-200-morts-parmi-ses-soldats-sur-le-front-du-liban\/#primaryimage"},"thumbnailUrl":"https:\/\/ismfrance.org\/wp-content\/uploads\/2024\/03\/war-in-lubnan.jpeg","datePublished":"2024-03-31T16:38:13+00:00","dateModified":"2024-04-01T10:08:26+00:00","breadcrumb":{"@id":"https:\/\/ismfrance.org\/index.php\/2024\/03\/31\/cacher-le-ratio-israel-dissimule-plus-de-200-morts-parmi-ses-soldats-sur-le-front-du-liban\/#breadcrumb"},"inLanguage":"fr-FR","potentialAction":[{"@type":"ReadAction","target":["https:\/\/ismfrance.org\/index.php\/2024\/03\/31\/cacher-le-ratio-israel-dissimule-plus-de-200-morts-parmi-ses-soldats-sur-le-front-du-liban\/"]}]},{"@type":"ImageObject","inLanguage":"fr-FR","@id":"https:\/\/ismfrance.org\/index.php\/2024\/03\/31\/cacher-le-ratio-israel-dissimule-plus-de-200-morts-parmi-ses-soldats-sur-le-front-du-liban\/#primaryimage","url":"https:\/\/ismfrance.org\/wp-content\/uploads\/2024\/03\/war-in-lubnan.jpeg","contentUrl":"https:\/\/ismfrance.org\/wp-content\/uploads\/2024\/03\/war-in-lubnan.jpeg","width":2088,"height":988},{"@type":"BreadcrumbList","@id":"https:\/\/ismfrance.org\/index.php\/2024\/03\/31\/cacher-le-ratio-israel-dissimule-plus-de-200-morts-parmi-ses-soldats-sur-le-front-du-liban\/#breadcrumb","itemListElement":[{"@type":"ListItem","position":1,"name":"Accueil","item":"https:\/\/ismfrance.org\/"},{"@type":"ListItem","position":2,"name":"Cacher le \u00ab ratio \u00bb : Isra\u00ebl dissimule plus de 200 morts parmi ses soldats sur le front du Liban"}]},{"@type":"WebSite","@id":"https:\/\/ismfrance.org\/#website","url":"https:\/\/ismfrance.org\/","name":"ISM Palestine France","description":"Soutien aux luttes de lib\u00e9ration du peuple palestinien","publisher":{"@id":"https:\/\/ismfrance.org\/#organization"},"potentialAction":[{"@type":"SearchAction","target":{"@type":"EntryPoint","urlTemplate":"https:\/\/ismfrance.org\/?s={search_term_string}"},"query-input":{"@type":"PropertyValueSpecification","valueRequired":true,"valueName":"search_term_string"}}],"inLanguage":"fr-FR"},{"@type":"Organization","@id":"https:\/\/ismfrance.org\/#organization","name":"International Solidarity Movement","url":"https:\/\/ismfrance.org\/","logo":{"@type":"ImageObject","inLanguage":"fr-FR","@id":"https:\/\/ismfrance.org\/#\/schema\/logo\/image\/","url":"https:\/\/ismfrance.org\/wp-content\/uploads\/2020\/12\/00.png","contentUrl":"https:\/\/ismfrance.org\/wp-content\/uploads\/2020\/12\/00.png","width":400,"height":400,"caption":"International Solidarity Movement"},"image":{"@id":"https:\/\/ismfrance.org\/#\/schema\/logo\/image\/"},"sameAs":["https:\/\/x.com\/ISMFRANCE"]},{"@type":"Person","@id":"https:\/\/ismfrance.org\/#\/schema\/person\/3c411eb72adfaae19c0dca1f41fae01d","name":"mru_01","image":{"@type":"ImageObject","inLanguage":"fr-FR","@id":"https:\/\/secure.gravatar.com\/avatar\/3a0be343b445d2ccc79e87444a294fad2b232e90d2051d0e3cc219e1ecd6a330?s=96&d=mm&r=g","url":"https:\/\/secure.gravatar.com\/avatar\/3a0be343b445d2ccc79e87444a294fad2b232e90d2051d0e3cc219e1ecd6a330?s=96&d=mm&r=g","contentUrl":"https:\/\/secure.gravatar.com\/avatar\/3a0be343b445d2ccc79e87444a294fad2b232e90d2051d0e3cc219e1ecd6a330?s=96&d=mm&r=g","caption":"mru_01"},"url":"https:\/\/ismfrance.org\/index.php\/author\/admin02\/"}]}},"_links":{"self":[{"href":"https:\/\/ismfrance.org\/index.php\/wp-json\/wp\/v2\/posts\/10454","targetHints":{"allow":["GET"]}}],"collection":[{"href":"https:\/\/ismfrance.org\/index.php\/wp-json\/wp\/v2\/posts"}],"about":[{"href":"https:\/\/ismfrance.org\/index.php\/wp-json\/wp\/v2\/types\/post"}],"author":[{"embeddable":true,"href":"https:\/\/ismfrance.org\/index.php\/wp-json\/wp\/v2\/users\/3"}],"replies":[{"embeddable":true,"href":"https:\/\/ismfrance.org\/index.php\/wp-json\/wp\/v2\/comments?post=10454"}],"version-history":[{"count":0,"href":"https:\/\/ismfrance.org\/index.php\/wp-json\/wp\/v2\/posts\/10454\/revisions"}],"wp:featuredmedia":[{"embeddable":true,"href":"https:\/\/ismfrance.org\/index.php\/wp-json\/wp\/v2\/media\/10458"}],"wp:attachment":[{"href":"https:\/\/ismfrance.org\/index.php\/wp-json\/wp\/v2\/media?parent=10454"}],"wp:term":[{"taxonomy":"category","embeddable":true,"href":"https:\/\/ismfrance.org\/index.php\/wp-json\/wp\/v2\/categories?post=10454"},{"taxonomy":"post_tag","embeddable":true,"href":"https:\/\/ismfrance.org\/index.php\/wp-json\/wp\/v2\/tags?post=10454"}],"curies":[{"name":"wp","href":"https:\/\/api.w.org\/{rel}","templated":true}]}}