{"id":10237,"date":"2024-03-22T16:25:10","date_gmt":"2024-03-22T15:25:10","guid":{"rendered":"https:\/\/ismfrance.org\/?p=10237"},"modified":"2024-03-22T16:25:57","modified_gmt":"2024-03-22T15:25:57","slug":"pour-l-occident-israel-ne-declenche-jamais-la-violence-il-ne-fait-que-riposter","status":"publish","type":"post","link":"https:\/\/ismfrance.org\/index.php\/2024\/03\/22\/pour-l-occident-israel-ne-declenche-jamais-la-violence-il-ne-fait-que-riposter\/","title":{"rendered":"Pour l&rsquo;Occident, Isra\u00ebl ne d\u00e9clenche jamais la violence, il ne fait que \u00ab riposter \u00bb"},"content":{"rendered":"<p><span style=\"color: #000000;\"><span style=\"font-family: Verdana, sans-serif;\"><span style=\"font-size: medium;\"><strong>Joseph Massad, 20 mars 2024<\/strong>. L&rsquo;une des choses remarquables dans le soutien occidental au colonialisme de peuplement en Palestine est qu&rsquo;il persiste \u00e0 trouver l\u00e9gitimes les actions sionistes de colonisation, et \u00e0 dire qu&rsquo;elles ne constituent pas une <\/span><\/span><\/span><span style=\"color: #000000;\"><span style=\"font-family: Verdana, sans-serif;\"><span style=\"font-size: medium;\">agression contre les Palestiniens autochtones.<\/span><\/span><\/span><\/p>\n<p><a href=\"https:\/\/ismfrance.org\/wp-content\/uploads\/2024\/03\/1700781978975.png\"><img loading=\"lazy\" decoding=\"async\" class=\"alignnone size-large wp-image-10239\" src=\"https:\/\/ismfrance.org\/wp-content\/uploads\/2024\/03\/1700781978975-700x400.png\" alt=\"\" width=\"600\" height=\"343\" srcset=\"https:\/\/ismfrance.org\/wp-content\/uploads\/2024\/03\/1700781978975-700x400.png 700w, https:\/\/ismfrance.org\/wp-content\/uploads\/2024\/03\/1700781978975-300x171.png 300w, https:\/\/ismfrance.org\/wp-content\/uploads\/2024\/03\/1700781978975-768x439.png 768w, https:\/\/ismfrance.org\/wp-content\/uploads\/2024\/03\/1700781978975.png 1260w\" sizes=\"auto, (max-width: 600px) 100vw, 600px\" \/><\/a><\/p>\n<p><span style=\"color: #000000;\"><span style=\"font-family: Verdana, sans-serif;\"><span style=\"font-size: medium;\">D\u2019un autre c\u00f4t\u00e9, il consid\u00e8re la r\u00e9sistance que les Palestiniens opposent au colonialisme de peuplement comme ill\u00e9gitime.<\/span><\/span><\/span><\/p>\n<p><span style=\"color: #000000;\"><span style=\"font-family: Verdana, sans-serif;\"><span style=\"font-size: medium;\">C&rsquo;est pourquoi la r\u00e9pression massive que les colons juifs exercent contre les indig\u00e8nes palestiniens est invariablement identifi\u00e9e par Isra\u00ebl, les gouvernements occidentaux, les groupes de r\u00e9flexion et la presse occidentale Plus g\u00e9n\u00e9ralement, les pays colonialistes ont qualifi\u00e9 ainsi leurs massacres, mais n&rsquo;ont jamais utilis\u00e9 ces termes pour d\u00e9signer la r\u00e9sistance des peuples autochtones au colonialisme de peuplement. De ce point de vue, la violence initiale dans les colonies de peuplement est toujours celle de la r\u00e9sistance indig\u00e8ne, c&rsquo;est pourquoi la guerre des colons contre les indig\u00e8nes est toujours un acte de \u00ab repr\u00e9sailles \u00bb.<\/span><\/span><\/span><\/p>\n<p><span style=\"color: #000000;\"><span style=\"font-family: Verdana, sans-serif;\"><span style=\"font-size: medium;\">Cela ne se limite pas \u00e0 la r\u00e9cente guerre g\u00e9nocidaire qu&rsquo;Isra\u00ebl m\u00e8ne contre Gaza depuis le 7 octobre, qu&rsquo;Isra\u00ebl et les m\u00e9dias occidentaux qualifient de \u00ab repr\u00e9sailles \u00bb.<\/span><\/span><\/span><\/p>\n<p><span style=\"color: #000000;\"><span style=\"font-family: Verdana, sans-serif;\"><span style=\"font-size: medium;\">Ce terme n&rsquo;est jamais appliqu\u00e9 \u00e0 l&rsquo;op\u00e9ration de r\u00e9sistance palestinienne le m\u00eame jour, mais est utilis\u00e9 pour d\u00e9crire tous les massacres majeurs commis par Isra\u00ebl depuis sa cr\u00e9ation en 1948.<\/span><\/span><\/span><\/p>\n<p><strong><span style=\"color: #000000;\"><span style=\"font-family: Verdana, sans-serif;\"><span style=\"font-size: large;\">R\u00e9cits racistes<\/span><\/span><\/span><\/strong><\/p>\n<p><span style=\"color: #000000;\"><span style=\"font-family: Verdana, sans-serif;\"><span style=\"font-size: medium;\">En 1982, Isra\u00ebl a qualifi\u00e9 son invasion barbare du Liban, au cours de laquelle il a tu\u00e9 18.000 personnes et d\u00e9plac\u00e9 plus d&rsquo;un demi-million d&rsquo;autres, de \u00ab <a href=\"https:\/\/www.nytimes.com\/1982\/06\/05\/world\/israel-calls-raids-a-retaliatory-act.html\">repr\u00e9sailles<\/a> \u00bb contre l&rsquo;Organisation de lib\u00e9ration de la Palestine (OLP). Il citait la tentative d&rsquo;assassinat contre l&rsquo;ambassadeur d&rsquo;Isra\u00ebl \u00e0 Londres, dont le groupe anti-OLP Abu Nidal, et non l&rsquo;OLP, a revendiqu\u00e9 la responsabilit\u00e9.<\/span><\/span><\/span><\/p>\n<p><span style=\"color: #000000;\"><span style=\"font-family: Verdana, sans-serif;\"><span style=\"font-size: medium;\">Les colonies de peuplement ont syst\u00e9matiquement utilis\u00e9 cette rh\u00e9torique. Lorsqu&rsquo;en 1976, la colonie de Rhod\u00e9sie a massacr\u00e9 310 gu\u00e9rilleros et civils noirs luttant pour mettre fin au colonialisme de peuplement et \u00e0 la supr\u00e9matie blanche, les supr\u00e9macistes blancs rhod\u00e9siens ont qualifi\u00e9 leur attaque de \u00ab repr\u00e9sailles \u00bb, tout comme les \u00ab analystes politiques \u00bb cit\u00e9s par le <a href=\"https:\/\/www.nytimes.com\/1976\/08\/11\/archives\/rhodesia-says-it-attacked-rebel-site-in-mozambique-300-guerrillas.html\"><i>New York Times<\/i><\/a>.<\/span><\/span><\/span><\/p>\n<p><span style=\"color: #000000;\"><span style=\"font-family: Verdana, sans-serif;\"><span style=\"font-size: medium;\">De m\u00eame, le <i>Times<\/i> a <a href=\"https:\/\/www.nytimes.com\/1978\/11\/14\/archives\/spillover-from-rhodesian-war-unsettles-zambia-racial-tension-grows.html\">qualifi\u00e9<\/a> le meurtre de 1.600 Africains par les Rhod\u00e9siens blancs dans les camps de r\u00e9fugi\u00e9s zambiens en 1978 de \u00ab raids de repr\u00e9sailles \u00bb. Pourtant, il n\u2019a pas utilis\u00e9 ce terme pour d\u00e9crire les attaques de gu\u00e9rilla contre la colonie de peuplement supr\u00e9maciste blanche.<\/span><\/span><\/span><\/p>\n<p><span style=\"color: #000000;\"><span style=\"font-family: Verdana, sans-serif;\"><span style=\"font-size: medium;\">En Afrique du Sud, la campagne militaire du r\u00e9gime de l&rsquo;apartheid visant \u00e0 vaincre les combattants de la libert\u00e9 namibiens de la South West Africa People&rsquo;s Organisation (Swapo) a continu\u00e9 \u00e0 \u00eatre <a href=\"https:\/\/www.nytimes.com\/1990\/03\/30\/world\/in-namibia-un-s-first-hurdle-was-highest.html\">qualifi\u00e9e<\/a> de \u00ab repr\u00e9sailles \u00bb par l&rsquo;ONU et le <i>Times<\/i> jusqu&rsquo;en 1989, \u00e0 la veille de l&rsquo;ind\u00e9pendance de la Namibie en 1990 et au-del\u00e0.<\/span><\/span><\/span><\/p>\n<p><span style=\"color: #000000;\"><span style=\"font-family: Verdana, sans-serif;\"><span style=\"font-size: medium;\">Dans la colonie de peuplement supr\u00e9maciste blanche du Mozambique, les attaques de l&rsquo;arm\u00e9e portugaise et des colons contre la population africaine et les gu\u00e9rilleros luttant pour mettre fin \u00e0 la domination portugaise dans les ann\u00e9es 1970 ont \u00e9galement \u00e9t\u00e9 consid\u00e9r\u00e9es comme des \u00ab <a href=\"https:\/\/www.nytimes.com\/1974\/05\/12\/archives\/mozambique-stunned-by-her-loss-dictatorship-the-change-of.html\">repr\u00e9sailles<\/a> \u00bb. Il en a \u00e9t\u00e9 de m\u00eame pour les attaques portugaises contre la colonie de peuplement supr\u00e9maciste blanche d&rsquo;Angola, qui ont cibl\u00e9 la population africaine angolaise et les gu\u00e9rilleros du Mouvement populaire pour la lib\u00e9ration de l&rsquo;Angola (MPLA).<\/span><\/span><\/span><\/p>\n<p><span style=\"color: #000000;\"><span style=\"font-family: Verdana, sans-serif;\"><span style=\"font-size: medium;\">En fait, m\u00eame Human Rights Watch a <a href=\"https:\/\/www.hrw.org\/reports\/1999\/angola\/Angl998-03.htm\">identifi\u00e9<\/a> l&rsquo;invasion de l&rsquo;Angola par l&rsquo;Afrique du Sud pendant l&rsquo;apartheid entre 1981 et 1993 comme des \u00ab repr\u00e9sailles \u00bb contre le soutien du MPLA \u00e0 la Swapo, ce qui n&rsquo;est pas lui-m\u00eame consid\u00e9r\u00e9 comme des \u00ab repr\u00e9sailles \u00bb contre le colonialisme de peuplement.<\/span><\/span><\/span><\/p>\n<p><strong><span style=\"color: #000000;\"><span style=\"font-family: Verdana, sans-serif;\"><span style=\"font-size: large;\">La sauvagerie coloniale<\/span><\/span><\/span><\/strong><\/p>\n<p><span style=\"color: #000000;\"><span style=\"font-family: Verdana, sans-serif;\"><span style=\"font-size: medium;\">L\u2019Alg\u00e9rie est peut-\u00eatre un cas exemplaire de sauvagerie coloniale qui ressemble beaucoup au cas palestinien. La France l&rsquo;a colonis\u00e9e en 1830 et y a envoy\u00e9 des centaines de milliers de colons qui se sont empar\u00e9s des terres des indig\u00e8nes alg\u00e9riens. L\u2019arm\u00e9e coloniale fran\u00e7aise et les colons ont mis en place un syst\u00e8me d\u2019apartheid et ont r\u00e9prim\u00e9 brutalement et g\u00e9nocidairement les r\u00e9voltes anticoloniales persistantes jusqu\u2019\u00e0 la Seconde Guerre mondiale.<\/span><\/span><\/span><\/p>\n<p><span style=\"color: #000000;\"><span style=\"font-family: Verdana, sans-serif;\"><span style=\"font-size: medium;\">Apr\u00e8s la fin de la guerre, les revendications insistantes d&rsquo;ind\u00e9pendance des Alg\u00e9riens vis-\u00e0-vis des colonisateurs fran\u00e7ais ont abouti \u00e0 des manifestations qui ont \u00e9clat\u00e9 en mai 1945. Dans tout le pays, la population scandait \u00ab A bas le colonialisme \u00bb.<\/span><\/span><\/span><\/p>\n<p><span style=\"color: #000000;\"><span style=\"font-family: Verdana, sans-serif;\"><span style=\"font-size: medium;\">Le 8 mai, \u00e0 S\u00e9tif, o\u00f9 les sans-terres et la pauvret\u00e9 augmentent, 8.000 manifestants brandissant des drapeaux alg\u00e9riens se heurtent \u00e0 la police fran\u00e7aise qui tue par balle un jeune Alg\u00e9rien.<\/span><\/span><\/span><\/p>\n<p><span style=\"color: #000000;\"><span style=\"font-family: Verdana, sans-serif;\"><span style=\"font-size: medium;\">La foule se disperse en panique, attaquant sur son passage les colons fran\u00e7ais, tuant 21 d&rsquo;entre eux. La violence s&rsquo;est imm\u00e9diatement \u00e9tendue \u00e0 la r\u00e9gion de Constantine, o\u00f9, pouss\u00e9s par la faim et la rage persistantes, les Alg\u00e9riens ont attaqu\u00e9 et tu\u00e9 102 autres colons et mutil\u00e9 leurs corps dans des actes de vengeance &#8211; souvent contre leurs employeurs dans les fermes coloniales o\u00f9 ils travaillaient.<\/span><\/span><\/span><\/p>\n<p><span style=\"color: #000000;\"><span style=\"font-family: Verdana, sans-serif;\"><span style=\"font-size: medium;\">\u00c0 la suite des violences, le gouvernement de la France libre a d\u00e9clar\u00e9 l&rsquo;\u00e9tat d&rsquo;urgence en Alg\u00e9rie et a d\u00e9ploy\u00e9 10.000 soldats pour r\u00e9primer la r\u00e9bellion. Ils incendi\u00e8rent des maisons et proc\u00e9d\u00e8rent \u00e0 des ex\u00e9cutions sommaires, appuy\u00e9s par la marine et l&rsquo;aviation fran\u00e7aises, qui pilonn\u00e8rent la c\u00f4te et bombard\u00e8rent des villages entiers.<\/span><\/span><\/span><\/p>\n<p><span style=\"color: #000000;\"><span style=\"font-family: Verdana, sans-serif;\"><span style=\"font-size: medium;\">Des milliers d&rsquo;Alg\u00e9riens ont \u00e9t\u00e9 <a href=\"https:\/\/www.google.com.eg\/books\/edition\/Algeria\/0LEZ_iW5vAAC?hl=en&amp;gbpv=1&amp;dq=Evans+Algeria&amp;printsec=frontcover\">forc\u00e9s<\/a> de s&rsquo;agenouiller devant le drapeau fran\u00e7ais et de scander \u00ab\u00a0<i>Nous sommes des chiens\u00a0<\/i>\u00bb, tandis que les soldats fabriquaient des bagues avec les doigts mutil\u00e9s d&rsquo;Alg\u00e9riens morts comme troph\u00e9es de guerre.<\/span><\/span><\/span><\/p>\n<p><span style=\"color: #000000;\"><span style=\"font-family: Verdana, sans-serif;\"><span style=\"font-size: medium;\">Des milices de colons ont attaqu\u00e9 des Alg\u00e9riens \u00e0 Guelma, \u00e0 la fronti\u00e8re tunisienne, o\u00f9 le chef colonial fran\u00e7ais local a arm\u00e9 les 4.000 colons pour anticiper les cons\u00e9quences des attaques de la police contre les manifestations du 8 mai.<\/span><\/span><\/span><\/p>\n<p><span style=\"color: #000000;\"><span style=\"font-family: Verdana, sans-serif;\"><span style=\"font-size: medium;\">Des violences encore plus cruelles ont \u00e9t\u00e9 inflig\u00e9es alors que les colons se d\u00e9cha\u00eenaient, ciblant les 16.500 Alg\u00e9riens vivant \u00e0 Guelma.<\/span><\/span><\/span><\/p>\n<p><span style=\"color: #000000;\"><span style=\"font-family: Verdana, sans-serif;\"><span style=\"font-size: medium;\">Selon les chiffres officiels fran\u00e7ais, ils en ont tu\u00e9 1.500, soit un quart de la population adulte alg\u00e9rienne \u00e2g\u00e9e de 25 \u00e0 45 ans. Ils ont enterr\u00e9 les corps dans des fosses communes, puis les ont exhum\u00e9s et br\u00fbl\u00e9s pour emp\u00eacher toute enqu\u00eate.<\/span><\/span><\/span><\/p>\n<p><span style=\"color: #000000;\"><span style=\"font-family: Verdana, sans-serif;\"><span style=\"font-size: medium;\">Le bilan final de la r\u00e9pression fran\u00e7aise est effroyable\u00a0: le <i>New York Times<\/i> fait \u00e9tat de 17.000 \u00e0 20.000 Alg\u00e9riens tu\u00e9s, tandis que des sources alg\u00e9riennes parlent de plus de 45.000. Les historiens fran\u00e7ais, eux, ne parlent que de 6.000 \u00e0 8.000 morts. Tout cela a \u00e9t\u00e9 fait \u00ab en repr\u00e9sailles \u00bb, comme <a href=\"https:\/\/www.google.com.eg\/books\/edition\/My_Battle_of_Algiers\/RSShDDIvTjoC?hl=en\">nous le dit<\/a> un soldat fran\u00e7ais devenu historien.<\/span><\/span><\/span><\/p>\n<p><span style=\"color: #000000;\"><span style=\"font-family: Verdana, sans-serif;\"><span style=\"font-size: medium;\">De Gaulle a enterr\u00e9 tout le massacre et suspendu une commission d&rsquo;enqu\u00eate cens\u00e9e enqu\u00eater sur les horreurs perp\u00e9tr\u00e9es par la France libre sur les Alg\u00e9riens colonis\u00e9s.<\/span><\/span><\/span><\/p>\n<p><span style=\"color: #000000;\"><span style=\"font-family: Verdana, sans-serif;\"><span style=\"font-size: medium;\">Une d\u00e9cennie plus tard, en ao\u00fbt 1955, un autre soul\u00e8vement a vu les Alg\u00e9riens attaquer les colons de Philippeville, une colonie fran\u00e7aise \u00e9tablie en 1838 dans l&rsquo;ancienne ville de Skikda sur la c\u00f4te pr\u00e8s de Constantine, ainsi que la police et les soldats de l&rsquo;arm\u00e9e. Ils ont tu\u00e9 100 colons europ\u00e9ens, dont un grand nombre \u00e0 l&rsquo;arme blanche.<\/span><\/span><\/span><\/p>\n<p><span style=\"color: #000000;\"><span style=\"font-family: Verdana, sans-serif;\"><span style=\"font-size: medium;\">Les \u00ab repr\u00e9sailles \u00bb fran\u00e7aises furent sauvages. L&rsquo;arm\u00e9e, la police et les colons ont tu\u00e9 des milliers d&rsquo;Alg\u00e9riens. Des dizaines de personnes ont \u00e9t\u00e9 abattues sur place et des centaines d&rsquo;autres ont \u00e9t\u00e9 rassembl\u00e9es dans le stade de football de Philippeville et ex\u00e9cut\u00e9es.<\/span><\/span><\/span><\/p>\n<p><span style=\"color: #000000;\"><span style=\"font-family: Verdana, sans-serif;\"><span style=\"font-size: medium;\">Lors des fun\u00e9railles des colons, huit musulmans furent lynch\u00e9s par les proches des victimes europ\u00e9ennes. Le Front de lib\u00e9ration nationale alg\u00e9rien a affirm\u00e9 que les Fran\u00e7ais avaient tu\u00e9 12.000 personnes, tandis que les Fran\u00e7ais affirmaient en avoir tu\u00e9 un dixi\u00e8me. Cependant, un responsable fran\u00e7ais a <a href=\"https:\/\/www.google.com.eg\/books\/edition\/A_Diplomatic_Revolution\/HwFPswEACAAJ?hl=en\">d\u00e9clar\u00e9<\/a> \u00e0 un diplomate am\u00e9ricain que les Fran\u00e7ais avaient tu\u00e9 20.000 personnes dans le mois qui avait suivi l&rsquo;attaque de Philippeville.<\/span><\/span><\/span><\/p>\n<p><span style=\"color: #000000;\"><span style=\"font-family: Verdana, sans-serif;\"><span style=\"font-size: medium;\">Une \u00e9tude de <a href=\"https:\/\/www.jstor.org\/stable\/10.7249\/j.ctt5hhsjk.16?seq=1\">Rand Corporation<\/a>, l&rsquo;influent groupe de r\u00e9flexion am\u00e9ricain qui a travaill\u00e9 en \u00e9troite collaboration avec le gouvernement am\u00e9ricain depuis la Seconde Guerre mondiale, d\u00e9crit le bain de sang comme des \u00ab repr\u00e9sailles \u00bb au \u00ab massacre de civils \u00bb des r\u00e9volutionnaires alg\u00e9riens, au cours duquel des colons blancs ont \u00e9t\u00e9 tu\u00e9s.<\/span><\/span><\/span><\/p>\n<p><span style=\"color: #000000;\"><span style=\"font-family: Verdana, sans-serif;\"><span style=\"font-size: medium;\">Pourtant, pour les chercheurs de Rand, l\u2019attaque alg\u00e9rienne contre les colons n\u2019\u00e9tait clairement pas des repr\u00e9sailles \u2013 malgr\u00e9 le g\u00e9nocide auquel ils \u00e9taient confront\u00e9s de la part de leurs colonisateurs fran\u00e7ais. Le g\u00e9nocide fran\u00e7ais des Alg\u00e9riens avait d\u00e9j\u00e0 <a href=\"https:\/\/www.google.com\/books\/edition\/Algeria\/0LEZ_iW5vAAC?hl=en&amp;gbpv=1&amp;bsq=famine\">tu\u00e9<\/a> un tiers de la population rien qu&rsquo;en 1871.<\/span><\/span><\/span><\/p>\n<p><span style=\"color: #000000;\"><span style=\"font-family: Verdana, sans-serif;\"><span style=\"font-size: medium;\">Si tout cela n\u2019est pas sans rappeler la rh\u00e9torique guerri\u00e8re occidentale en cours contre le peuple palestinien, c\u2019est parce que le m\u00eame sch\u00e9ma colonial est identique.<\/span><\/span><\/span><\/p>\n<p><span style=\"color: #000000;\"><span style=\"font-family: Verdana, sans-serif;\"><span style=\"font-size: medium;\">Lors de l&rsquo;assaut isra\u00e9lien sur Gaza en d\u00e9cembre 2008 et janvier 2009, au cours duquel 1.400 Palestiniens ont \u00e9t\u00e9 tu\u00e9s, le <i>New York Times<\/i>, faisant \u00e9cho \u00e0 Isra\u00ebl, aux gouvernements occidentaux et \u00e0 la presse grand public, a affirm\u00e9 qu&rsquo;il avait \u00e9t\u00e9 lanc\u00e9 \u00ab <a href=\"https:\/\/www.nytimes.com\/2008\/12\/28\/world\/middleeast\/web28mideast.html\">en repr\u00e9sailles<\/a> \u00bb aux tirs de roquettes palestiniennes sur Isra\u00ebl. Bien entendu, cette derni\u00e8re n\u2019est jamais men\u00e9e en repr\u00e9sailles \u00e0 la violence coloniale, \u00e0 l\u2019occupation et au si\u00e8ge de Gaza par Isra\u00ebl.<\/span><\/span><\/span><\/p>\n<p><span style=\"color: #000000;\"><span style=\"font-family: Verdana, sans-serif;\"><span style=\"font-size: medium;\">En 2012, les attaques isra\u00e9liennes qui ont tu\u00e9 180 Palestiniens ont \u00e9galement \u00e9t\u00e9 qualifi\u00e9es de \u00ab repr\u00e9sailles \u00bb.<\/span><\/span><\/span><\/p>\n<p><span style=\"color: #000000;\"><span style=\"font-family: Verdana, sans-serif;\"><span style=\"font-size: medium;\">Le <i>New York Times<\/i> nous a \u00e9galement inform\u00e9 que le bombardement isra\u00e9lien de Gaza assi\u00e9g\u00e9e par Isra\u00ebl en juin 2014, qui allait conduire \u00e0 une attaque g\u00e9n\u00e9ralis\u00e9e en juillet et ao\u00fbt, tuant 2 250 Palestiniens, \u00e9tait une \u00ab frappe de repr\u00e9sailles \u00bb.<\/span><\/span><\/span><\/p>\n<p><span style=\"color: #000000;\"><span style=\"font-family: Verdana, sans-serif;\"><span style=\"font-size: medium;\">En 2021, le <i>Times<\/i>, entre autres m\u00e9dias occidentaux, a d\u00e9crit les attaques meurtri\u00e8res d&rsquo;Isra\u00ebl contre Gaza, au cours desquelles 256 Palestiniens ont \u00e9t\u00e9 tu\u00e9s, comme une \u00ab s\u00e9rie de repr\u00e9sailles \u00bb.<\/span><\/span><\/span><\/p>\n<p><span style=\"color: #000000;\"><span style=\"font-family: Verdana, sans-serif;\"><span style=\"font-size: medium;\">Il n\u2019est donc gu\u00e8re surprenant que le mot \u00ab repr\u00e9sailles \u00bb ou \u00ab riposte \u00bb soit omnipr\u00e9sent dans les descriptions occidentales du g\u00e9nocide isra\u00e9lien en cours \u00e0 Gaza.<\/span><\/span><\/span><\/p>\n<p><strong><span style=\"color: #000000;\"><span style=\"font-family: Verdana, sans-serif;\"><span style=\"font-size: large;\">G\u00e9nocide de \u00ab repr\u00e9sailles \u00bb<\/span><\/span><\/span><\/strong><\/p>\n<p><span style=\"color: #000000;\"><span style=\"font-family: Verdana, sans-serif;\"><span style=\"font-size: medium;\">Les Isra\u00e9liens semblent avoir compris que leur d\u00e9faite militaire du 7 octobre n&rsquo;\u00e9tait pas suffisante \u00e0 elle seule pour justifier le g\u00e9nocide de \u00ab repr\u00e9sailles \u00bb contre le peuple palestinien.<\/span><\/span><\/span><\/p>\n<p><span style=\"color: #000000;\"><span style=\"font-family: Verdana, sans-serif;\"><span style=\"font-size: medium;\">Ils ont commenc\u00e9 \u00e0 fabriquer\u00a0des histoires horribles\u00a0sur des b\u00e9b\u00e9s br\u00fbl\u00e9s, des \u00e9ventrations de femmes enceintes et des viols syst\u00e9matiques &#8211; ainsi que leur campagne ult\u00e9rieure de mensonges selon lesquels\u00a0les employ\u00e9s de l&rsquo;Unrwa\u00a0sont membres du Hamas.<\/span><\/span><\/span><\/p>\n<p><span style=\"color: #000000;\"><span style=\"font-family: Verdana, sans-serif;\"><span style=\"font-size: medium;\">Il a \u00e9t\u00e9 rapidement r\u00e9v\u00e9l\u00e9 que les histoires de b\u00e9b\u00e9s br\u00fbl\u00e9s et d\u2019\u00e9ventrations \u00e9taient des r\u00e9cits fictifs isra\u00e9liens qui n\u2019ont jamais eu lieu.<\/span><\/span><\/span><\/p>\n<p><span style=\"color: #000000;\"><span style=\"font-family: Verdana, sans-serif;\"><span style=\"font-size: medium;\">Entre-temps, de nombreuses preuves ont fait surface dans la presse isra\u00e9lienne selon lesquelles les forces isra\u00e9liennes ont tu\u00e9 de nombreux civils isra\u00e9liens par des tirs amis et les ont peut-\u00eatre d\u00e9lib\u00e9r\u00e9ment sacrifi\u00e9s, conform\u00e9ment \u00e0 une tactique militaire isra\u00e9lienne appel\u00e9e Directive Hannibal.<\/span><\/span><\/span><\/p>\n<p><span style=\"color: #000000;\"><span style=\"font-family: Verdana, sans-serif;\"><span style=\"font-size: medium;\">Quant aux histoires de viol, en l&rsquo;absence de toute preuve m\u00e9dico-l\u00e9gale ou de t\u00e9moignages de victimes ou de survivantes de viol, les all\u00e9gations restent sans preuve, y compris dans les bureaux m\u00eames du <a href=\"https:\/\/electronicintifada.net\/blogs\/ali-abunimah\/ny-times-found-no-7-october-rape-victims-reporter-admits\"><i>New York Times<\/i><\/a>.<\/span><\/span><\/span><\/p>\n<p><span style=\"color: #000000;\"><span style=\"font-family: Verdana, sans-serif;\"><span style=\"font-size: medium;\">Son r\u00f4le dans la diffusion de ces affirmations isra\u00e9liennes comme \u00e9tant la v\u00e9rit\u00e9 a caus\u00e9 au journal des ennuis avec ses propres journalistes (conduisant \u00e0 une\u00a0chasse aux sorci\u00e8res\u00a0au sein du journal contre les employ\u00e9s d&rsquo;origine arabe et musulmane qu&rsquo;il soup\u00e7onne d&rsquo;avoir divulgu\u00e9 des informations sur les combats internes) et avec\u00a0les familles isra\u00e9liennes qui ont ni\u00e9 que leurs proches aient \u00e9t\u00e9 viol\u00e9es ou abus\u00e9es sexuellement.<\/span><\/span><\/span><\/p>\n<p><span style=\"color: #000000;\"><span style=\"font-family: Verdana, sans-serif;\"><span style=\"font-size: medium;\">M\u00eame l\u2019ONU a un r\u00f4le \u00e0 jouer dans la diffusion de la propagande isra\u00e9lienne. Son <a href=\"https:\/\/www.un.org\/sexualviolenceinconflict\/wp-content\/uploads\/2024\/03\/report\/mission-report-official-visit-of-the-office-of-the-srsg-svc-to-israel-and-the-occupied-west-bank-29-january-14-february-2024\/20240304-Israel-oWB-CRSV-report.pdf\">rapport<\/a> le plus r\u00e9cent sur les viols pr\u00e9sum\u00e9s, sur lesquels les responsables de l&rsquo;ONU n&rsquo;ont pas \u00e9t\u00e9 autoris\u00e9s \u00e0 mener une enqu\u00eate mais ont re\u00e7u des informations du gouvernement isra\u00e9lien, a conclu qu&rsquo;il existe des \u00ab motifs raisonnables \u00bb de croire les affirmations isra\u00e9liennes. Mais le rapport ne r\u00e9v\u00e8le jamais de quoi il s\u2019agit et trouve m\u00eame certaines des affirmations sensationnelles isra\u00e9liennes \u00ab sans fondement \u00bb.<\/span><\/span><\/span><\/p>\n<p><span style=\"color: #000000;\"><span style=\"font-family: Verdana, sans-serif;\"><span style=\"font-size: medium;\">Le rapport\u00a0d\u00e9clarait\u00a0que son \u00e9quipe d&rsquo;enqu\u00eate \u00ab\u00a0n&rsquo;a pas \u00e9t\u00e9 en mesure d&rsquo;\u00e9tablir la pr\u00e9valence des violences sexuelles\u00a0\u00bb et que \u00ab\u00a0l&rsquo;ampleur globale, la port\u00e9e et l&rsquo;attribution sp\u00e9cifique de ces violations n\u00e9cessiteraient une enqu\u00eate approfondie\u00a0\u00bb. En outre, l&rsquo;\u00e9quipe de l&rsquo;ONU \u00ab\u00a0n&rsquo;a rencontr\u00e9 aucune survivante\/victime de violences sexuelles \u00e0 partir du 7 octobre malgr\u00e9 des efforts concert\u00e9s les encourageant \u00e0 se manifester\u00a0\u00bb.<\/span><\/span><\/span><\/p>\n<p><span style=\"color: #000000;\"><span style=\"font-family: Verdana, sans-serif;\"><span style=\"font-size: medium;\">Comme l&rsquo;ont <a href=\"https:\/\/electronicintifada.net\/content\/un-report-launders-israels-fraudulent-mass-rape-propaganda\/45021\">d\u00e9montr\u00e9<\/a> Ali Abunimah et Asa Winstanley de\u00a0<i>Electronic Intifada<\/i>\u00a0dans une \u00e9valuation approfondie du rapport de l&rsquo;ONU, l&rsquo;aspect surprenant du rapport est qu&rsquo;il ne fait aucune mention des preuves d\u00e9couvertes concernant la violence sexuelle, mais uniquement des \u00ab\u00a0informations claires et convaincantes\u00a0\u00bb, qui, admet-il, provenait \u00ab en grande partie des institutions nationales isra\u00e9liennes \u00bb.<\/span><\/span><\/span><\/p>\n<p><span style=\"color: #000000;\"><span style=\"font-family: Verdana, sans-serif;\"><span style=\"font-size: medium;\">Le rapport de l&rsquo;ONU indique que son \u00e9quipe n&rsquo;a trouv\u00e9 \u00ab aucune preuve num\u00e9rique d\u00e9crivant sp\u00e9cifiquement des actes de violence sexuelle \u00bb dans sa propre enqu\u00eate \u00ab open source \u00bb, malgr\u00e9 l&rsquo;examen de \u00ab nombreux documents num\u00e9riques \u00bb.<\/span><\/span><\/span><\/p>\n<p><span style=\"color: #000000;\"><span style=\"font-family: Verdana, sans-serif;\"><span style=\"font-size: medium;\">\u00c9tant donn\u00e9 le r\u00f4le central des all\u00e9gations de viol dans la justification du g\u00e9nocide \u00ab de repr\u00e9sailles \u00bb d\u2019Isra\u00ebl, une telle absence de preuves a confirm\u00e9 les doutes que beaucoup ont exprim\u00e9s sur les accusations isra\u00e9liennes.<\/span><\/span><\/span><\/p>\n<p><span style=\"color: #000000;\"><span style=\"font-family: Verdana, sans-serif;\"><span style=\"font-size: medium;\">Pourtant, les all\u00e9gations de crimes sexuels que le rapport de l&rsquo;ONU juge cr\u00e9dibles sont celles commises par les forces isra\u00e9liennes et les colons contre les femmes et les hommes palestiniens en Cisjordanie. Il a exhort\u00e9 l&rsquo;arm\u00e9e isra\u00e9lienne \u00e0 ouvrir des enqu\u00eates sur ces all\u00e9gations, que ces derni\u00e8res ont cat\u00e9goriquement rejet\u00e9es.<\/span><\/span><\/span><\/p>\n<p><span style=\"color: #000000;\"><span style=\"font-family: Verdana, sans-serif;\"><span style=\"font-size: medium;\">Le rapport oublie le fait que les femmes soldats isra\u00e9liennes sont victimes d\u2019agressions sexuelles et de viols par des soldats isra\u00e9liens depuis des d\u00e9cennies. Mais l\u00e0 encore, cela ne faisait pas partie de sa charge. Rien qu&rsquo;en 2020, l&rsquo;arm\u00e9e isra\u00e9lienne a publi\u00e9 des chiffres sur les agressions sexuelles qui comprenaient 1.542 plaintes, dont 26 cas de viol, 391 actes obsc\u00e8nes et 92 cas de diffusion de photos et de vid\u00e9os. Parmi eux, l\u2019arm\u00e9e isra\u00e9lienne n\u2019a d\u00e9pos\u00e9 que 31 actes d\u2019accusation.<\/span><\/span><\/span><\/p>\n<p><span style=\"color: #000000;\"><span style=\"font-family: Verdana, sans-serif;\"><span style=\"font-size: medium;\">Il n\u2019est pas clair si les agressions sexuelles isra\u00e9liennes contre des femmes isra\u00e9liennes et palestiniennes constituent \u00e9galement des repr\u00e9sailles.<\/span><\/span><\/span><\/p>\n<p><span style=\"color: #000000;\"><span style=\"font-family: Verdana, sans-serif;\"><span style=\"font-size: medium;\">Ce qui est souvent absent des discussions occidentales sur les \u00ab repr\u00e9sailles \u00bb isra\u00e9liennes, c\u2019est la v\u00e9ritable d\u00e9faite de l\u2019arm\u00e9e isra\u00e9lienne face aux groupes de r\u00e9sistance palestinienne, pour laquelle il existe de nombreuses preuves. Ce fait est incontestable.<\/span><\/span><\/span><\/p>\n<p><span style=\"color: #000000;\"><span style=\"font-family: Verdana, sans-serif;\"><span style=\"font-size: medium;\">La prise de contr\u00f4le de plusieurs bases militaires isra\u00e9liennes et des points de contr\u00f4le assi\u00e9geant la bande de Gaza par les Palestiniens, ainsi que les sc\u00e8nes de soldats isra\u00e9liens humili\u00e9s et endormis pendant l&rsquo;attaque, sont en fait la v\u00e9ritable raison de la guerre g\u00e9nocidaire rageuse d&rsquo;Isra\u00ebl, qui trouve <a href=\"https:\/\/ismfrance.org\/index.php\/2023\/12\/20\/comment-la-guerre-genocidaire-menee-par-israel-contre-les-palestiniens-est-une-tradition-coloniale\/\">incompr\u00e9hensible<\/a>\u00a0que des \u00ab\u00a0animaux humains \u00bb, comme les responsables isra\u00e9liens appellent les Palestiniens, pourraient vaincre l&rsquo;arm\u00e9e isra\u00e9lienne colonisatrice.<\/span><\/span><\/span><\/p>\n<p><span style=\"color: #000000;\"><span style=\"font-family: Verdana, sans-serif;\"><span style=\"font-size: medium;\">Le probl\u00e8me avec le r\u00e9cit occidental est qu\u2019il insiste sur le fait que le colonialisme isra\u00e9lien et sioniste qui a d\u00e9clench\u00e9 la violence contre les Palestiniens autochtones depuis les ann\u00e9es 1880 est un droit l\u00e9gitime de conqu\u00eate et n\u2019est pas une forme d\u2019agression \u00e0 laquelle on pourrait l\u00e9gitimement r\u00e9sister.<\/span><\/span><\/span><\/p>\n<p><span style=\"color: #000000;\"><span style=\"font-family: Verdana, sans-serif;\"><span style=\"font-size: medium;\">Dans ce r\u00e9cit, ce sont les Palestiniens qui ont initi\u00e9 la violence en osant r\u00e9sister \u00e0 cette violence sioniste europ\u00e9enne raciste et coloniale, raison pour laquelle l&rsquo;Occident ne peut jamais qualifier leur r\u00e9sistance de \u00ab repr\u00e9sailles \u00bb.<\/span><\/span><\/span><\/p>\n<p><span style=\"color: #000000;\"><span style=\"font-family: Verdana, sans-serif;\"><span style=\"font-size: medium;\"><span style=\"font-size: small;\">Article original en anglais sur <a href=\"https:\/\/www.middleeasteye.net\/opinion\/west-israel-never-initiates-violence-it-only-retaliates\">Middle East Eye<\/a> \/ Traduction MR<\/span><\/span><\/span><\/span><\/p>\n","protected":false},"excerpt":{"rendered":"<p>Joseph Massad, 20 mars 2024. L&rsquo;une des choses remarquables dans le soutien occidental au colonialisme de peuplement en Palestine est qu&rsquo;il persiste \u00e0 trouver l\u00e9gitimes les actions sionistes de colonisation, <a class=\"more-link\" href=\"https:\/\/ismfrance.org\/index.php\/2024\/03\/22\/pour-l-occident-israel-ne-declenche-jamais-la-violence-il-ne-fait-que-riposter\/\">Lire la suite &rarr;<\/a><\/p>\n","protected":false},"author":3,"featured_media":10239,"comment_status":"closed","ping_status":"closed","sticky":false,"template":"","format":"standard","meta":{"footnotes":""},"categories":[12,2],"tags":[122,158,156,66],"class_list":["post-10237","post","type-post","status-publish","format-standard","has-post-thumbnail","hentry","category-analyses","category-articles","tag-algerie","tag-colonialisme-de-peuplement","tag-genocide","tag-racisme"],"yoast_head":"<!-- This site is optimized with the Yoast SEO plugin v27.2 - https:\/\/yoast.com\/product\/yoast-seo-wordpress\/ -->\n<title>Pour l&#039;Occident, Isra\u00ebl ne d\u00e9clenche jamais la violence, il ne fait que \u00ab riposter \u00bb - International Solidarity Movement - ISM-France<\/title>\n<meta name=\"robots\" content=\"index, follow, max-snippet:-1, max-image-preview:large, max-video-preview:-1\" \/>\n<link rel=\"canonical\" href=\"https:\/\/ismfrance.org\/index.php\/2024\/03\/22\/pour-l-occident-israel-ne-declenche-jamais-la-violence-il-ne-fait-que-riposter\/\" \/>\n<meta property=\"og:locale\" content=\"fr_FR\" \/>\n<meta property=\"og:type\" content=\"article\" \/>\n<meta property=\"og:title\" content=\"Pour l&#039;Occident, Isra\u00ebl ne d\u00e9clenche jamais la violence, il ne fait que \u00ab riposter \u00bb - International Solidarity Movement - ISM-France\" \/>\n<meta property=\"og:description\" content=\"Joseph Massad, 20 mars 2024. L&rsquo;une des choses remarquables dans le soutien occidental au colonialisme de peuplement en Palestine est qu&rsquo;il persiste \u00e0 trouver l\u00e9gitimes les actions sionistes de colonisation, Lire la suite &rarr;\" \/>\n<meta property=\"og:url\" content=\"https:\/\/ismfrance.org\/index.php\/2024\/03\/22\/pour-l-occident-israel-ne-declenche-jamais-la-violence-il-ne-fait-que-riposter\/\" \/>\n<meta property=\"og:site_name\" content=\"International Solidarity Movement - ISM-France\" \/>\n<meta property=\"article:published_time\" content=\"2024-03-22T15:25:10+00:00\" \/>\n<meta property=\"article:modified_time\" content=\"2024-03-22T15:25:57+00:00\" \/>\n<meta property=\"og:image\" content=\"https:\/\/ismfrance.org\/wp-content\/uploads\/2024\/03\/1700781978975.png\" \/>\n\t<meta property=\"og:image:width\" content=\"1260\" \/>\n\t<meta property=\"og:image:height\" content=\"720\" \/>\n\t<meta property=\"og:image:type\" content=\"image\/png\" \/>\n<meta name=\"author\" content=\"mru_01\" \/>\n<meta name=\"twitter:card\" content=\"summary_large_image\" \/>\n<meta name=\"twitter:creator\" content=\"@ISMFRANCE\" \/>\n<meta name=\"twitter:site\" content=\"@ISMFRANCE\" \/>\n<meta name=\"twitter:label1\" content=\"\u00c9crit par\" \/>\n\t<meta name=\"twitter:data1\" content=\"mru_01\" \/>\n\t<meta name=\"twitter:label2\" content=\"Dur\u00e9e de lecture estim\u00e9e\" \/>\n\t<meta name=\"twitter:data2\" content=\"13 minutes\" \/>\n<script type=\"application\/ld+json\" class=\"yoast-schema-graph\">{\"@context\":\"https:\/\/schema.org\",\"@graph\":[{\"@type\":\"Article\",\"@id\":\"https:\/\/ismfrance.org\/index.php\/2024\/03\/22\/pour-l-occident-israel-ne-declenche-jamais-la-violence-il-ne-fait-que-riposter\/#article\",\"isPartOf\":{\"@id\":\"https:\/\/ismfrance.org\/index.php\/2024\/03\/22\/pour-l-occident-israel-ne-declenche-jamais-la-violence-il-ne-fait-que-riposter\/\"},\"author\":{\"name\":\"mru_01\",\"@id\":\"https:\/\/ismfrance.org\/#\/schema\/person\/3c411eb72adfaae19c0dca1f41fae01d\"},\"headline\":\"Pour l&rsquo;Occident, Isra\u00ebl ne d\u00e9clenche jamais la violence, il ne fait que \u00ab riposter \u00bb\",\"datePublished\":\"2024-03-22T15:25:10+00:00\",\"dateModified\":\"2024-03-22T15:25:57+00:00\",\"mainEntityOfPage\":{\"@id\":\"https:\/\/ismfrance.org\/index.php\/2024\/03\/22\/pour-l-occident-israel-ne-declenche-jamais-la-violence-il-ne-fait-que-riposter\/\"},\"wordCount\":2747,\"publisher\":{\"@id\":\"https:\/\/ismfrance.org\/#organization\"},\"image\":{\"@id\":\"https:\/\/ismfrance.org\/index.php\/2024\/03\/22\/pour-l-occident-israel-ne-declenche-jamais-la-violence-il-ne-fait-que-riposter\/#primaryimage\"},\"thumbnailUrl\":\"https:\/\/ismfrance.org\/wp-content\/uploads\/2024\/03\/1700781978975.png\",\"keywords\":[\"Alg\u00e9rie\",\"Colonialisme de peuplement\",\"G\u00e9nocide\",\"racisme\"],\"articleSection\":[\"Analyses\",\"Articles\"],\"inLanguage\":\"fr-FR\"},{\"@type\":\"WebPage\",\"@id\":\"https:\/\/ismfrance.org\/index.php\/2024\/03\/22\/pour-l-occident-israel-ne-declenche-jamais-la-violence-il-ne-fait-que-riposter\/\",\"url\":\"https:\/\/ismfrance.org\/index.php\/2024\/03\/22\/pour-l-occident-israel-ne-declenche-jamais-la-violence-il-ne-fait-que-riposter\/\",\"name\":\"Pour l'Occident, Isra\u00ebl ne d\u00e9clenche jamais la violence, il ne fait que \u00ab riposter \u00bb - International Solidarity Movement - ISM-France\",\"isPartOf\":{\"@id\":\"https:\/\/ismfrance.org\/#website\"},\"primaryImageOfPage\":{\"@id\":\"https:\/\/ismfrance.org\/index.php\/2024\/03\/22\/pour-l-occident-israel-ne-declenche-jamais-la-violence-il-ne-fait-que-riposter\/#primaryimage\"},\"image\":{\"@id\":\"https:\/\/ismfrance.org\/index.php\/2024\/03\/22\/pour-l-occident-israel-ne-declenche-jamais-la-violence-il-ne-fait-que-riposter\/#primaryimage\"},\"thumbnailUrl\":\"https:\/\/ismfrance.org\/wp-content\/uploads\/2024\/03\/1700781978975.png\",\"datePublished\":\"2024-03-22T15:25:10+00:00\",\"dateModified\":\"2024-03-22T15:25:57+00:00\",\"breadcrumb\":{\"@id\":\"https:\/\/ismfrance.org\/index.php\/2024\/03\/22\/pour-l-occident-israel-ne-declenche-jamais-la-violence-il-ne-fait-que-riposter\/#breadcrumb\"},\"inLanguage\":\"fr-FR\",\"potentialAction\":[{\"@type\":\"ReadAction\",\"target\":[\"https:\/\/ismfrance.org\/index.php\/2024\/03\/22\/pour-l-occident-israel-ne-declenche-jamais-la-violence-il-ne-fait-que-riposter\/\"]}]},{\"@type\":\"ImageObject\",\"inLanguage\":\"fr-FR\",\"@id\":\"https:\/\/ismfrance.org\/index.php\/2024\/03\/22\/pour-l-occident-israel-ne-declenche-jamais-la-violence-il-ne-fait-que-riposter\/#primaryimage\",\"url\":\"https:\/\/ismfrance.org\/wp-content\/uploads\/2024\/03\/1700781978975.png\",\"contentUrl\":\"https:\/\/ismfrance.org\/wp-content\/uploads\/2024\/03\/1700781978975.png\",\"width\":1260,\"height\":720},{\"@type\":\"BreadcrumbList\",\"@id\":\"https:\/\/ismfrance.org\/index.php\/2024\/03\/22\/pour-l-occident-israel-ne-declenche-jamais-la-violence-il-ne-fait-que-riposter\/#breadcrumb\",\"itemListElement\":[{\"@type\":\"ListItem\",\"position\":1,\"name\":\"Accueil\",\"item\":\"https:\/\/ismfrance.org\/\"},{\"@type\":\"ListItem\",\"position\":2,\"name\":\"Pour l&#8217;Occident, Isra\u00ebl ne d\u00e9clenche jamais la violence, il ne fait que \u00ab riposter \u00bb\"}]},{\"@type\":\"WebSite\",\"@id\":\"https:\/\/ismfrance.org\/#website\",\"url\":\"https:\/\/ismfrance.org\/\",\"name\":\"ISM Palestine France\",\"description\":\"Soutien aux luttes de lib\u00e9ration du peuple palestinien\",\"publisher\":{\"@id\":\"https:\/\/ismfrance.org\/#organization\"},\"potentialAction\":[{\"@type\":\"SearchAction\",\"target\":{\"@type\":\"EntryPoint\",\"urlTemplate\":\"https:\/\/ismfrance.org\/?s={search_term_string}\"},\"query-input\":{\"@type\":\"PropertyValueSpecification\",\"valueRequired\":true,\"valueName\":\"search_term_string\"}}],\"inLanguage\":\"fr-FR\"},{\"@type\":\"Organization\",\"@id\":\"https:\/\/ismfrance.org\/#organization\",\"name\":\"International Solidarity Movement\",\"url\":\"https:\/\/ismfrance.org\/\",\"logo\":{\"@type\":\"ImageObject\",\"inLanguage\":\"fr-FR\",\"@id\":\"https:\/\/ismfrance.org\/#\/schema\/logo\/image\/\",\"url\":\"https:\/\/ismfrance.org\/wp-content\/uploads\/2020\/12\/00.png\",\"contentUrl\":\"https:\/\/ismfrance.org\/wp-content\/uploads\/2020\/12\/00.png\",\"width\":400,\"height\":400,\"caption\":\"International Solidarity Movement\"},\"image\":{\"@id\":\"https:\/\/ismfrance.org\/#\/schema\/logo\/image\/\"},\"sameAs\":[\"https:\/\/x.com\/ISMFRANCE\"]},{\"@type\":\"Person\",\"@id\":\"https:\/\/ismfrance.org\/#\/schema\/person\/3c411eb72adfaae19c0dca1f41fae01d\",\"name\":\"mru_01\",\"image\":{\"@type\":\"ImageObject\",\"inLanguage\":\"fr-FR\",\"@id\":\"https:\/\/secure.gravatar.com\/avatar\/3a0be343b445d2ccc79e87444a294fad2b232e90d2051d0e3cc219e1ecd6a330?s=96&d=mm&r=g\",\"url\":\"https:\/\/secure.gravatar.com\/avatar\/3a0be343b445d2ccc79e87444a294fad2b232e90d2051d0e3cc219e1ecd6a330?s=96&d=mm&r=g\",\"contentUrl\":\"https:\/\/secure.gravatar.com\/avatar\/3a0be343b445d2ccc79e87444a294fad2b232e90d2051d0e3cc219e1ecd6a330?s=96&d=mm&r=g\",\"caption\":\"mru_01\"},\"url\":\"https:\/\/ismfrance.org\/index.php\/author\/admin02\/\"}]}<\/script>\n<!-- \/ Yoast SEO plugin. -->","yoast_head_json":{"title":"Pour l'Occident, Isra\u00ebl ne d\u00e9clenche jamais la violence, il ne fait que \u00ab riposter \u00bb - International Solidarity Movement - ISM-France","robots":{"index":"index","follow":"follow","max-snippet":"max-snippet:-1","max-image-preview":"max-image-preview:large","max-video-preview":"max-video-preview:-1"},"canonical":"https:\/\/ismfrance.org\/index.php\/2024\/03\/22\/pour-l-occident-israel-ne-declenche-jamais-la-violence-il-ne-fait-que-riposter\/","og_locale":"fr_FR","og_type":"article","og_title":"Pour l'Occident, Isra\u00ebl ne d\u00e9clenche jamais la violence, il ne fait que \u00ab riposter \u00bb - International Solidarity Movement - ISM-France","og_description":"Joseph Massad, 20 mars 2024. L&rsquo;une des choses remarquables dans le soutien occidental au colonialisme de peuplement en Palestine est qu&rsquo;il persiste \u00e0 trouver l\u00e9gitimes les actions sionistes de colonisation, Lire la suite &rarr;","og_url":"https:\/\/ismfrance.org\/index.php\/2024\/03\/22\/pour-l-occident-israel-ne-declenche-jamais-la-violence-il-ne-fait-que-riposter\/","og_site_name":"International Solidarity Movement - ISM-France","article_published_time":"2024-03-22T15:25:10+00:00","article_modified_time":"2024-03-22T15:25:57+00:00","og_image":[{"width":1260,"height":720,"url":"https:\/\/ismfrance.org\/wp-content\/uploads\/2024\/03\/1700781978975.png","type":"image\/png"}],"author":"mru_01","twitter_card":"summary_large_image","twitter_creator":"@ISMFRANCE","twitter_site":"@ISMFRANCE","twitter_misc":{"\u00c9crit par":"mru_01","Dur\u00e9e de lecture estim\u00e9e":"13 minutes"},"schema":{"@context":"https:\/\/schema.org","@graph":[{"@type":"Article","@id":"https:\/\/ismfrance.org\/index.php\/2024\/03\/22\/pour-l-occident-israel-ne-declenche-jamais-la-violence-il-ne-fait-que-riposter\/#article","isPartOf":{"@id":"https:\/\/ismfrance.org\/index.php\/2024\/03\/22\/pour-l-occident-israel-ne-declenche-jamais-la-violence-il-ne-fait-que-riposter\/"},"author":{"name":"mru_01","@id":"https:\/\/ismfrance.org\/#\/schema\/person\/3c411eb72adfaae19c0dca1f41fae01d"},"headline":"Pour l&rsquo;Occident, Isra\u00ebl ne d\u00e9clenche jamais la violence, il ne fait que \u00ab riposter \u00bb","datePublished":"2024-03-22T15:25:10+00:00","dateModified":"2024-03-22T15:25:57+00:00","mainEntityOfPage":{"@id":"https:\/\/ismfrance.org\/index.php\/2024\/03\/22\/pour-l-occident-israel-ne-declenche-jamais-la-violence-il-ne-fait-que-riposter\/"},"wordCount":2747,"publisher":{"@id":"https:\/\/ismfrance.org\/#organization"},"image":{"@id":"https:\/\/ismfrance.org\/index.php\/2024\/03\/22\/pour-l-occident-israel-ne-declenche-jamais-la-violence-il-ne-fait-que-riposter\/#primaryimage"},"thumbnailUrl":"https:\/\/ismfrance.org\/wp-content\/uploads\/2024\/03\/1700781978975.png","keywords":["Alg\u00e9rie","Colonialisme de peuplement","G\u00e9nocide","racisme"],"articleSection":["Analyses","Articles"],"inLanguage":"fr-FR"},{"@type":"WebPage","@id":"https:\/\/ismfrance.org\/index.php\/2024\/03\/22\/pour-l-occident-israel-ne-declenche-jamais-la-violence-il-ne-fait-que-riposter\/","url":"https:\/\/ismfrance.org\/index.php\/2024\/03\/22\/pour-l-occident-israel-ne-declenche-jamais-la-violence-il-ne-fait-que-riposter\/","name":"Pour l'Occident, Isra\u00ebl ne d\u00e9clenche jamais la violence, il ne fait que \u00ab riposter \u00bb - International Solidarity Movement - ISM-France","isPartOf":{"@id":"https:\/\/ismfrance.org\/#website"},"primaryImageOfPage":{"@id":"https:\/\/ismfrance.org\/index.php\/2024\/03\/22\/pour-l-occident-israel-ne-declenche-jamais-la-violence-il-ne-fait-que-riposter\/#primaryimage"},"image":{"@id":"https:\/\/ismfrance.org\/index.php\/2024\/03\/22\/pour-l-occident-israel-ne-declenche-jamais-la-violence-il-ne-fait-que-riposter\/#primaryimage"},"thumbnailUrl":"https:\/\/ismfrance.org\/wp-content\/uploads\/2024\/03\/1700781978975.png","datePublished":"2024-03-22T15:25:10+00:00","dateModified":"2024-03-22T15:25:57+00:00","breadcrumb":{"@id":"https:\/\/ismfrance.org\/index.php\/2024\/03\/22\/pour-l-occident-israel-ne-declenche-jamais-la-violence-il-ne-fait-que-riposter\/#breadcrumb"},"inLanguage":"fr-FR","potentialAction":[{"@type":"ReadAction","target":["https:\/\/ismfrance.org\/index.php\/2024\/03\/22\/pour-l-occident-israel-ne-declenche-jamais-la-violence-il-ne-fait-que-riposter\/"]}]},{"@type":"ImageObject","inLanguage":"fr-FR","@id":"https:\/\/ismfrance.org\/index.php\/2024\/03\/22\/pour-l-occident-israel-ne-declenche-jamais-la-violence-il-ne-fait-que-riposter\/#primaryimage","url":"https:\/\/ismfrance.org\/wp-content\/uploads\/2024\/03\/1700781978975.png","contentUrl":"https:\/\/ismfrance.org\/wp-content\/uploads\/2024\/03\/1700781978975.png","width":1260,"height":720},{"@type":"BreadcrumbList","@id":"https:\/\/ismfrance.org\/index.php\/2024\/03\/22\/pour-l-occident-israel-ne-declenche-jamais-la-violence-il-ne-fait-que-riposter\/#breadcrumb","itemListElement":[{"@type":"ListItem","position":1,"name":"Accueil","item":"https:\/\/ismfrance.org\/"},{"@type":"ListItem","position":2,"name":"Pour l&#8217;Occident, Isra\u00ebl ne d\u00e9clenche jamais la violence, il ne fait que \u00ab riposter \u00bb"}]},{"@type":"WebSite","@id":"https:\/\/ismfrance.org\/#website","url":"https:\/\/ismfrance.org\/","name":"ISM Palestine France","description":"Soutien aux luttes de lib\u00e9ration du peuple palestinien","publisher":{"@id":"https:\/\/ismfrance.org\/#organization"},"potentialAction":[{"@type":"SearchAction","target":{"@type":"EntryPoint","urlTemplate":"https:\/\/ismfrance.org\/?s={search_term_string}"},"query-input":{"@type":"PropertyValueSpecification","valueRequired":true,"valueName":"search_term_string"}}],"inLanguage":"fr-FR"},{"@type":"Organization","@id":"https:\/\/ismfrance.org\/#organization","name":"International Solidarity Movement","url":"https:\/\/ismfrance.org\/","logo":{"@type":"ImageObject","inLanguage":"fr-FR","@id":"https:\/\/ismfrance.org\/#\/schema\/logo\/image\/","url":"https:\/\/ismfrance.org\/wp-content\/uploads\/2020\/12\/00.png","contentUrl":"https:\/\/ismfrance.org\/wp-content\/uploads\/2020\/12\/00.png","width":400,"height":400,"caption":"International Solidarity Movement"},"image":{"@id":"https:\/\/ismfrance.org\/#\/schema\/logo\/image\/"},"sameAs":["https:\/\/x.com\/ISMFRANCE"]},{"@type":"Person","@id":"https:\/\/ismfrance.org\/#\/schema\/person\/3c411eb72adfaae19c0dca1f41fae01d","name":"mru_01","image":{"@type":"ImageObject","inLanguage":"fr-FR","@id":"https:\/\/secure.gravatar.com\/avatar\/3a0be343b445d2ccc79e87444a294fad2b232e90d2051d0e3cc219e1ecd6a330?s=96&d=mm&r=g","url":"https:\/\/secure.gravatar.com\/avatar\/3a0be343b445d2ccc79e87444a294fad2b232e90d2051d0e3cc219e1ecd6a330?s=96&d=mm&r=g","contentUrl":"https:\/\/secure.gravatar.com\/avatar\/3a0be343b445d2ccc79e87444a294fad2b232e90d2051d0e3cc219e1ecd6a330?s=96&d=mm&r=g","caption":"mru_01"},"url":"https:\/\/ismfrance.org\/index.php\/author\/admin02\/"}]}},"_links":{"self":[{"href":"https:\/\/ismfrance.org\/index.php\/wp-json\/wp\/v2\/posts\/10237","targetHints":{"allow":["GET"]}}],"collection":[{"href":"https:\/\/ismfrance.org\/index.php\/wp-json\/wp\/v2\/posts"}],"about":[{"href":"https:\/\/ismfrance.org\/index.php\/wp-json\/wp\/v2\/types\/post"}],"author":[{"embeddable":true,"href":"https:\/\/ismfrance.org\/index.php\/wp-json\/wp\/v2\/users\/3"}],"replies":[{"embeddable":true,"href":"https:\/\/ismfrance.org\/index.php\/wp-json\/wp\/v2\/comments?post=10237"}],"version-history":[{"count":0,"href":"https:\/\/ismfrance.org\/index.php\/wp-json\/wp\/v2\/posts\/10237\/revisions"}],"wp:featuredmedia":[{"embeddable":true,"href":"https:\/\/ismfrance.org\/index.php\/wp-json\/wp\/v2\/media\/10239"}],"wp:attachment":[{"href":"https:\/\/ismfrance.org\/index.php\/wp-json\/wp\/v2\/media?parent=10237"}],"wp:term":[{"taxonomy":"category","embeddable":true,"href":"https:\/\/ismfrance.org\/index.php\/wp-json\/wp\/v2\/categories?post=10237"},{"taxonomy":"post_tag","embeddable":true,"href":"https:\/\/ismfrance.org\/index.php\/wp-json\/wp\/v2\/tags?post=10237"}],"curies":[{"name":"wp","href":"https:\/\/api.w.org\/{rel}","templated":true}]}}