{"id":10021,"date":"2024-03-11T18:13:38","date_gmt":"2024-03-11T17:13:38","guid":{"rendered":"https:\/\/ismfrance.org\/?p=10021"},"modified":"2024-11-25T20:26:43","modified_gmt":"2024-11-25T19:26:43","slug":"temoignages-de-gazaouis-la-survie-qui-sorganise-au-jour-le-jour-dans-lenfer-de-gaza-partie-38-10-11-mars","status":"publish","type":"post","link":"https:\/\/ismfrance.org\/index.php\/2024\/03\/11\/temoignages-de-gazaouis-la-survie-qui-sorganise-au-jour-le-jour-dans-lenfer-de-gaza-partie-38-10-11-mars\/","title":{"rendered":"T\u00e9moignages de Gazaouis : La survie qui s\u2019organise au jour le jour dans l\u2019enfer de Gaza \u2013 partie 38 \/ 10-11 mars"},"content":{"rendered":"<p align=\"LEFT\"><span style=\"color: #000000;\"><span style=\"font-family: Tahoma, sans-serif;\"><span style=\"font-size: medium;\"><strong><b>Brigitte Challande, 11 mars 2023. <\/b><\/strong><\/p>\n<blockquote><p>Cliquez ici pour consulter les <a href=\"https:\/\/ismfrance.org\/index.php\/temoignages-gazaouis-survie-enfer-gaza-1\/\" rel=\"noopener\" target=\"_blank\">R\u00e9cits complets<\/a>.<\/p><\/blockquote>\n<p>Au del\u00e0 d\u2019une situation impossible et difficile \u00e0 vivre et \u00e0 g\u00e9rer dans les camps pour les personnes d\u00e9plac\u00e9.e.s, dans un d\u00e9nuement le plus total, sous bombardement continu et en plus \u00e0 la veille du Ramadan, nos amis Marsel et Abu Amir expriment leurs r\u00e9flexions sur la difficult\u00e9 \u00e0 organiser l\u2019urgence et parfois \u00e0 prendre des d\u00e9cisions <span lang=\"fr-FR\">compliqu\u00e9es.<\/span><\/span><\/span><\/span><\/p>\n<p align=\"LEFT\"><a href=\"https:\/\/ismfrance.org\/wp-content\/uploads\/2024\/03\/farine.jpeg\"><img loading=\"lazy\" decoding=\"async\" class=\"size-large wp-image-10024 aligncenter\" src=\"https:\/\/ismfrance.org\/wp-content\/uploads\/2024\/03\/farine-560x700.jpeg\" alt=\"\" width=\"560\" height=\"700\" srcset=\"https:\/\/ismfrance.org\/wp-content\/uploads\/2024\/03\/farine-560x700.jpeg 560w, https:\/\/ismfrance.org\/wp-content\/uploads\/2024\/03\/farine-240x300.jpeg 240w, https:\/\/ismfrance.org\/wp-content\/uploads\/2024\/03\/farine-768x960.jpeg 768w, https:\/\/ismfrance.org\/wp-content\/uploads\/2024\/03\/farine.jpeg 1024w\" sizes=\"auto, (max-width: 560px) 100vw, 560px\" \/><\/a><\/p>\n<p align=\"LEFT\"><span style=\"color: #000000;\"><span style=\"font-family: Tahoma, sans-serif;\"><span style=\"font-size: medium;\"><b>Sous la photo du jeune homme serrant un sac de farine contre lui avec un grand sourire, Marsel envoie ce texte le matin du 10 mars :<\/b><\/span><\/span><\/span><\/p>\n<p lang=\"fr-FR\"><span style=\"color: #000000;\"><span style=\"font-family: Tahoma, sans-serif;\"><span style=\"font-size: medium;\">\u00ab\u00a0<i>Apr\u00e8s une \u00e9pop\u00e9e h\u00e9ro\u00efque au cours de laquelle le sang a coul\u00e9 et des vies ont \u00e9t\u00e9 perdues, Dieu merci, nous avons obtenu 25 kilos de farine. Personne n&rsquo;imagine l&rsquo;\u00e9tendue de mon bonheur, apr\u00e8s avoir arr\u00eat\u00e9 de manger du pain blanc pendant plus de trois mois. C&rsquo;est comme l&rsquo;Eid&#8230; Eid parce que pour la premi\u00e8re fois je re\u00e7ois un sac de farine pendant toute la guerre. Avant, nous je\u00fbnions et rompions notre je\u00fbne avec de la nourriture pour animaux, et maintenant nous avons de la farine blanche. Oui, c&rsquo;est l&rsquo;Eid. Je n&rsquo;exag\u00e8re pas. Ce qui \u00e9tait consid\u00e9r\u00e9 comme la chose la moins ch\u00e8re que l&rsquo;on pouvait obtenir \u00e0 Gaza vaut d\u00e9sormais le sang de gens honorables. \u00d4 Seigneur, nourris les affam\u00e9s et comble les besoins des n\u00e9cessiteux. \u00d4 Dieu, \u00f4 Soutien, \u00f4 Puissant, accorde tes faibles serviteurs sur cette terre. Son sourire est comme un soleil qui r\u00e9pand ses rayons, nous remplissant d&rsquo;espoir et montrant notre volont\u00e9 et notre d\u00e9termination. Ce sourire nous fait aussi ressentir notre faiblesse, l&rsquo;\u00e9tendue de notre souffrance, notre besoin et notre effondrement. Il serre le sac de farine dans ses bras comme un p\u00e8re serre dans ses bras son enfant perdu depuis longtemps. Les psychologues sont comp\u00e9tents pour analyser et \u00e9tudier l\u2019esprit, et \u00e9tudier la fa\u00e7on de penser des gens. Les actions et les r\u00e9actions des gens sont constructives, mais il est impossible aux plus grands psychologues humains d&rsquo;analyser ce rire. Avicenna \u2013 philosophe et m\u00e9decin persan du 10\u00e8me si\u00e8cle en lien avec le nom de l\u2019association Ibn Sina- et Wheaton Calkins \u2013 psychologue am\u00e9ricaine du 19\u00e8me si\u00e8cle- n\u2019en seraient pas capables. Ils \u00e9criraient des volumes de livres pour analyser ce sourire coupl\u00e9 aux expressions du visage de ce jeune homme. Seuls ceux qui ont v\u00e9cu la souffrance, ont ressenti sa douleur et ont lutt\u00e9 pour survivre. Lui seul peut en conna\u00eetre le sens.\u00a0<\/i>\u00bb<\/span><\/span><\/span><\/p>\n<p><span style=\"color: #000000;\"><span style=\"font-family: Tahoma, sans-serif;\"><span style=\"font-size: medium;\"><b>Abu Amir exprime et rend compte des difficult\u00e9s \u00e0 rester juste, \u00e9quitable, \u00e9galitaire dans l\u2019organisation de la vie quotidienne et la distribution de vivres et de produits divers. <\/b><\/span><\/span><\/span><\/p>\n<p><span style=\"color: #000000;\"><span style=\"font-family: Tahoma, sans-serif;\"><span style=\"font-size: medium;\">Si vous faites pour un, il faut faire pour tous. \u00c7a c\u2019est la position des familles de paysans.<\/span><\/span><\/span><\/p>\n<p><span style=\"color: #000000;\"><span style=\"font-family: Tahoma, sans-serif;\"><span style=\"font-size: medium;\">\u00ab\u00a0<i>Par exemple, si j\u2019arrive \u00e0 trouver 150 bouteilles de gaz, comment vais-je faire pour choisir les b\u00e9n\u00e9ficiaires\u00a0? On y est arriv\u00e9 en demandant \u00e0 plusieurs familles de partager une bouteille. <\/i><\/span><\/span><\/span><\/p>\n<p><span style=\"color: #000000;\"><span style=\"font-family: Tahoma, sans-serif;\"><span style=\"font-size: medium;\"><i>Les tentes collectives, pour les familles qui y sont abrit\u00e9es maintenant, ne consid\u00e9rez pas qu\u2019elles vous appartiennent. Quand il sera possible de revenir au village, probablement 80\u00a0% des habitations seront \u00e0 terre, nous r\u00e9installerons les tentes collectives pour ceux qui n\u2019auront pas d\u2019abris. Donc ne les ab\u00eemez pas\u00a0! Nous d\u00e9m\u00e9nagerons avec.<\/i><\/span><\/span><\/span><\/p>\n<p><span style=\"color: #000000;\"><span style=\"font-family: Tahoma, sans-serif;\"><span style=\"font-size: medium;\"><i>Il faut comprendre que les personnes ont largement perdu l\u2019espoir. Tout est tellement cher. Prenons l\u2019exemple des couches, vu le prix les familles ne peuvent plus en acheter. Mais il y a 15 nouveau-n\u00e9s dans le camp, et 5 de plus autour du camp. Si j\u2019arrive avec des paquets de couches, les femmes vont me manger\u00a0! Du coup, j\u2019h\u00e9site \u00e0 ouvrir cette porte, il me faudrait beaucoup d\u2019argent pour la refermer dans de bonnes conditions\u2026\u00a0<\/i>\u00bb<\/span><\/span><\/span><\/p>\n<p><span style=\"color: #000000;\"><span style=\"font-family: Tahoma, sans-serif;\"><span style=\"font-size: medium;\">Ces r\u00e9flexions sont essentielles pour maintenir un niveau d\u2019organisation sociale digne et humain.<\/span><\/span><\/span><\/p>\n<p><a href=\"https:\/\/ismfrance.org\/wp-content\/uploads\/2024\/03\/khan-younis.jpeg\"><img loading=\"lazy\" decoding=\"async\" class=\"size-large wp-image-10026 alignleft\" src=\"https:\/\/ismfrance.org\/wp-content\/uploads\/2024\/03\/khan-younis-315x700.jpeg\" alt=\"\" width=\"315\" height=\"700\" srcset=\"https:\/\/ismfrance.org\/wp-content\/uploads\/2024\/03\/khan-younis-315x700.jpeg 315w, https:\/\/ismfrance.org\/wp-content\/uploads\/2024\/03\/khan-younis-135x300.jpeg 135w, https:\/\/ismfrance.org\/wp-content\/uploads\/2024\/03\/khan-younis-691x1536.jpeg 691w, https:\/\/ismfrance.org\/wp-content\/uploads\/2024\/03\/khan-younis.jpeg 720w\" sizes=\"auto, (max-width: 315px) 100vw, 315px\" \/><\/a><span style=\"color: #000000;\"><span style=\"font-family: Tahoma, sans-serif;\"><span style=\"font-size: medium;\"><span lang=\"fr-FR\"><b>Quand tous les b<\/b><\/span><span lang=\"fr-FR\"><b>\u00e2timents et les habitations ne sont pas d\u00e9truit.e.s, en ruines et en cendres, voil\u00e0 ce qui se passe pour celles et ceux qui tentent de revenir chez eux&#8230; pour voir\u00a0l\u2019\u00e9tat de la situation ! Nous avions <a href=\"https:\/\/ismfrance.org\/index.php\/2024\/01\/18\/temoignages-de-gazaouis-la-survie-qui-sorganise-au-jour-le-jour-dans-lenfer-de-gaza-partie-8-du-16-au-18-01-2024\/\">publi\u00e9 le t\u00e9moignage d\u2019Asma<\/a> sur sa journ\u00e9e de d\u00e9placement de Khan Younis \u00e0 Rafah,<\/b><\/span><b> <\/b><span lang=\"fr-FR\"><b>avec toute sa famille, le 18.12.23. Le 11 mars, elle \u00e9crit le t\u00e9moignage suivant accompagn\u00e9 de photos\u00a0:<\/b><\/span><\/span><\/span><\/span><\/p>\n<p><span style=\"color: #000000;\"><span style=\"font-family: Tahoma, sans-serif;\"><span style=\"font-size: medium;\"><span lang=\"fr-FR\">\u00ab<\/span><span lang=\"fr-FR\"><i> A Rafah, il y a trois ou quatre jours, le bruit a couru que les Isra\u00e9liens avaient quitt\u00e9 en partie Khan Younis, en tout cas le quartier de notre immeuble. Comme les Isra\u00e9liens s\u2019\u00e9taient \u00e9loign\u00e9s, beaucoup de gens ont voulu aller voir l\u2019\u00e9tat de leur habitation et nous aussi, nous avons pris notre courage \u00e0 deux mains avec ma s\u0153ur et mon beau-fr\u00e8re pour aller voir. J\u2019ai eu un choc, \u00e7a a \u00e9t\u00e9 tr\u00e8s difficile\u00a0: plus de portes aux appartements, plus de fen\u00eatres, tout saccag\u00e9, d\u00e9truit, l\u2019essentiel disparu, la bouteille de gaz, la t\u00e9l\u00e9, je n\u2019ai rien pu prendre tellement j\u2019\u00e9tais d\u00e9truite moi aussi et nous sommes rentr\u00e9.e.s vite vite \u00e0 Rafah car le bruit des avions revenait, avec la peur. \u00bb\u00a0\u00a0<\/i><\/span><\/span><\/span><\/span><\/p>\n<p><a href=\"https:\/\/ismfrance.org\/wp-content\/uploads\/2024\/03\/asma.jpeg\"><img loading=\"lazy\" decoding=\"async\" class=\"wp-image-10027 aligncenter\" src=\"https:\/\/ismfrance.org\/wp-content\/uploads\/2024\/03\/asma-315x700.jpeg\" alt=\"\" width=\"283\" height=\"616\" \/><\/a><a href=\"https:\/\/ismfrance.org\/wp-content\/uploads\/2024\/03\/Asma_1.jpeg\"><img loading=\"lazy\" decoding=\"async\" class=\"size-large wp-image-10030 aligncenter\" src=\"https:\/\/ismfrance.org\/wp-content\/uploads\/2024\/03\/Asma_1-315x700.jpeg\" alt=\"\" width=\"315\" height=\"700\" srcset=\"https:\/\/ismfrance.org\/wp-content\/uploads\/2024\/03\/Asma_1-315x700.jpeg 315w, https:\/\/ismfrance.org\/wp-content\/uploads\/2024\/03\/Asma_1-135x300.jpeg 135w, https:\/\/ismfrance.org\/wp-content\/uploads\/2024\/03\/Asma_1-691x1536.jpeg 691w, https:\/\/ismfrance.org\/wp-content\/uploads\/2024\/03\/Asma_1.jpeg 720w\" sizes=\"auto, (max-width: 315px) 100vw, 315px\" \/><\/a><\/p>\n<hr \/>\n<p align=\"LEFT\"><strong>Retrouvez l&rsquo;ensemble des t\u00e9moignages d&rsquo;Abu Amir et Marsel :<\/strong><\/p>\n<p><span style=\"color: #000000;\"><span style=\"font-family: Tahoma, sans-serif;\"><span style=\"font-size: medium;\">*<strong>Abu Amir Mutasem Ele\u00efwa<\/strong> est coordinateur des Projets paysans depuis 2016 au sud de la bande de Gaza et correspondant de l\u2019Union Juive Fran\u00e7aise pour la Paix.<\/span><\/span><\/span><\/p>\n<p><span style=\"color: #000000;\"><span style=\"font-family: Tahoma, sans-serif;\"><span style=\"font-size: medium;\">*<strong>Marsel Alledawi<\/strong> est responsable du Centre Ibn Sina du nord de la bande de Gaza, centre qui se concacre au suivi \u00e9ducatif et psychologique de l&rsquo;enfance.<\/span><\/span><\/span><\/p>\n<p><span style=\"color: #000000;\"><span style=\"font-family: Tahoma, sans-serif;\"><span style=\"font-size: medium;\">Tous les deux sont soutenus par l&rsquo;UJFP en France.<\/span><\/span><\/span><\/p>\n<hr \/>\n<blockquote>\n<p align=\"LEFT\">Pour participer \u00e0 la collecte \u00ab\u00a0Urgence Guerre \u00e0 Gaza\u00a0\u00bb : <a href=\"https:\/\/www.helloasso.com\/associations\/union-juive-francaise-pour-la-paix\/collectes\/urgence-guerre-a-gaza\">HelloAsso.com<\/a><\/p>\n<hr \/>\n<p align=\"LEFT\">Les t\u00e9moignages sont \u00e9galement publi\u00e9s sur <a href=\"https:\/\/ujfp.org\/\">UJFP<\/a>; <a href=\"https:\/\/altermidi.org\/2023\/12\/27\/la-survie-qui-sorganise-au-jour-le-jour-dans-lenfer-de-gaza\/\">Altermidi.org<\/a><\/p>\n<\/blockquote>\n","protected":false},"excerpt":{"rendered":"<p>Brigitte Challande, 11 mars 2023. Cliquez ici pour consulter les R\u00e9cits complets. Au del\u00e0 d\u2019une situation impossible et difficile \u00e0 vivre et \u00e0 g\u00e9rer dans les camps pour les personnes <a class=\"more-link\" href=\"https:\/\/ismfrance.org\/index.php\/2024\/03\/11\/temoignages-de-gazaouis-la-survie-qui-sorganise-au-jour-le-jour-dans-lenfer-de-gaza-partie-38-10-11-mars\/\">Lire la suite &rarr;<\/a><\/p>\n","protected":false},"author":3,"featured_media":10024,"comment_status":"closed","ping_status":"closed","sticky":false,"template":"","format":"standard","meta":{"footnotes":""},"categories":[2,13],"tags":[156,29,46],"class_list":["post-10021","post","type-post","status-publish","format-standard","has-post-thumbnail","hentry","category-articles","category-temoignages","tag-genocide","tag-refugies","tag-solidarite"],"yoast_head":"<!-- This site is optimized with the Yoast SEO plugin v27.2 - https:\/\/yoast.com\/product\/yoast-seo-wordpress\/ -->\n<title>T\u00e9moignages de Gazaouis : La survie qui s\u2019organise au jour le jour dans l\u2019enfer de Gaza \u2013 partie 38 \/ 10-11 mars - International Solidarity Movement - ISM-France<\/title>\n<meta name=\"robots\" content=\"index, follow, max-snippet:-1, max-image-preview:large, max-video-preview:-1\" \/>\n<link rel=\"canonical\" href=\"https:\/\/ismfrance.org\/index.php\/2024\/03\/11\/temoignages-de-gazaouis-la-survie-qui-sorganise-au-jour-le-jour-dans-lenfer-de-gaza-partie-38-10-11-mars\/\" \/>\n<meta property=\"og:locale\" content=\"fr_FR\" \/>\n<meta property=\"og:type\" content=\"article\" \/>\n<meta property=\"og:title\" content=\"T\u00e9moignages de Gazaouis : La survie qui s\u2019organise au jour le jour dans l\u2019enfer de Gaza \u2013 partie 38 \/ 10-11 mars - International Solidarity Movement - ISM-France\" \/>\n<meta property=\"og:description\" content=\"Brigitte Challande, 11 mars 2023. Cliquez ici pour consulter les R\u00e9cits complets. Au del\u00e0 d\u2019une situation impossible et difficile \u00e0 vivre et \u00e0 g\u00e9rer dans les camps pour les personnes Lire la suite &rarr;\" \/>\n<meta property=\"og:url\" content=\"https:\/\/ismfrance.org\/index.php\/2024\/03\/11\/temoignages-de-gazaouis-la-survie-qui-sorganise-au-jour-le-jour-dans-lenfer-de-gaza-partie-38-10-11-mars\/\" \/>\n<meta property=\"og:site_name\" content=\"International Solidarity Movement - ISM-France\" \/>\n<meta property=\"article:published_time\" content=\"2024-03-11T17:13:38+00:00\" \/>\n<meta property=\"article:modified_time\" content=\"2024-11-25T19:26:43+00:00\" \/>\n<meta property=\"og:image\" content=\"https:\/\/ismfrance.org\/wp-content\/uploads\/2024\/03\/farine.jpeg\" \/>\n\t<meta property=\"og:image:width\" content=\"1024\" \/>\n\t<meta property=\"og:image:height\" content=\"1280\" \/>\n\t<meta property=\"og:image:type\" content=\"image\/jpeg\" \/>\n<meta name=\"author\" content=\"mru_01\" \/>\n<meta name=\"twitter:card\" content=\"summary_large_image\" \/>\n<meta name=\"twitter:creator\" content=\"@ISMFRANCE\" \/>\n<meta name=\"twitter:site\" content=\"@ISMFRANCE\" \/>\n<meta name=\"twitter:label1\" content=\"\u00c9crit par\" \/>\n\t<meta name=\"twitter:data1\" content=\"mru_01\" \/>\n\t<meta name=\"twitter:label2\" content=\"Dur\u00e9e de lecture estim\u00e9e\" \/>\n\t<meta name=\"twitter:data2\" content=\"6 minutes\" \/>\n<script type=\"application\/ld+json\" class=\"yoast-schema-graph\">{\"@context\":\"https:\/\/schema.org\",\"@graph\":[{\"@type\":\"Article\",\"@id\":\"https:\/\/ismfrance.org\/index.php\/2024\/03\/11\/temoignages-de-gazaouis-la-survie-qui-sorganise-au-jour-le-jour-dans-lenfer-de-gaza-partie-38-10-11-mars\/#article\",\"isPartOf\":{\"@id\":\"https:\/\/ismfrance.org\/index.php\/2024\/03\/11\/temoignages-de-gazaouis-la-survie-qui-sorganise-au-jour-le-jour-dans-lenfer-de-gaza-partie-38-10-11-mars\/\"},\"author\":{\"name\":\"mru_01\",\"@id\":\"https:\/\/ismfrance.org\/#\/schema\/person\/3c411eb72adfaae19c0dca1f41fae01d\"},\"headline\":\"T\u00e9moignages de Gazaouis : La survie qui s\u2019organise au jour le jour dans l\u2019enfer de Gaza \u2013 partie 38 \/ 10-11 mars\",\"datePublished\":\"2024-03-11T17:13:38+00:00\",\"dateModified\":\"2024-11-25T19:26:43+00:00\",\"mainEntityOfPage\":{\"@id\":\"https:\/\/ismfrance.org\/index.php\/2024\/03\/11\/temoignages-de-gazaouis-la-survie-qui-sorganise-au-jour-le-jour-dans-lenfer-de-gaza-partie-38-10-11-mars\/\"},\"wordCount\":1004,\"publisher\":{\"@id\":\"https:\/\/ismfrance.org\/#organization\"},\"image\":{\"@id\":\"https:\/\/ismfrance.org\/index.php\/2024\/03\/11\/temoignages-de-gazaouis-la-survie-qui-sorganise-au-jour-le-jour-dans-lenfer-de-gaza-partie-38-10-11-mars\/#primaryimage\"},\"thumbnailUrl\":\"https:\/\/ismfrance.org\/wp-content\/uploads\/2024\/03\/farine.jpeg\",\"keywords\":[\"G\u00e9nocide\",\"r\u00e9fugi\u00e9s\",\"solidarit\u00e9\"],\"articleSection\":[\"Articles\",\"T\u00e9moignages\"],\"inLanguage\":\"fr-FR\"},{\"@type\":\"WebPage\",\"@id\":\"https:\/\/ismfrance.org\/index.php\/2024\/03\/11\/temoignages-de-gazaouis-la-survie-qui-sorganise-au-jour-le-jour-dans-lenfer-de-gaza-partie-38-10-11-mars\/\",\"url\":\"https:\/\/ismfrance.org\/index.php\/2024\/03\/11\/temoignages-de-gazaouis-la-survie-qui-sorganise-au-jour-le-jour-dans-lenfer-de-gaza-partie-38-10-11-mars\/\",\"name\":\"T\u00e9moignages de Gazaouis : La survie qui s\u2019organise au jour le jour dans l\u2019enfer de Gaza \u2013 partie 38 \/ 10-11 mars - International Solidarity Movement - ISM-France\",\"isPartOf\":{\"@id\":\"https:\/\/ismfrance.org\/#website\"},\"primaryImageOfPage\":{\"@id\":\"https:\/\/ismfrance.org\/index.php\/2024\/03\/11\/temoignages-de-gazaouis-la-survie-qui-sorganise-au-jour-le-jour-dans-lenfer-de-gaza-partie-38-10-11-mars\/#primaryimage\"},\"image\":{\"@id\":\"https:\/\/ismfrance.org\/index.php\/2024\/03\/11\/temoignages-de-gazaouis-la-survie-qui-sorganise-au-jour-le-jour-dans-lenfer-de-gaza-partie-38-10-11-mars\/#primaryimage\"},\"thumbnailUrl\":\"https:\/\/ismfrance.org\/wp-content\/uploads\/2024\/03\/farine.jpeg\",\"datePublished\":\"2024-03-11T17:13:38+00:00\",\"dateModified\":\"2024-11-25T19:26:43+00:00\",\"breadcrumb\":{\"@id\":\"https:\/\/ismfrance.org\/index.php\/2024\/03\/11\/temoignages-de-gazaouis-la-survie-qui-sorganise-au-jour-le-jour-dans-lenfer-de-gaza-partie-38-10-11-mars\/#breadcrumb\"},\"inLanguage\":\"fr-FR\",\"potentialAction\":[{\"@type\":\"ReadAction\",\"target\":[\"https:\/\/ismfrance.org\/index.php\/2024\/03\/11\/temoignages-de-gazaouis-la-survie-qui-sorganise-au-jour-le-jour-dans-lenfer-de-gaza-partie-38-10-11-mars\/\"]}]},{\"@type\":\"ImageObject\",\"inLanguage\":\"fr-FR\",\"@id\":\"https:\/\/ismfrance.org\/index.php\/2024\/03\/11\/temoignages-de-gazaouis-la-survie-qui-sorganise-au-jour-le-jour-dans-lenfer-de-gaza-partie-38-10-11-mars\/#primaryimage\",\"url\":\"https:\/\/ismfrance.org\/wp-content\/uploads\/2024\/03\/farine.jpeg\",\"contentUrl\":\"https:\/\/ismfrance.org\/wp-content\/uploads\/2024\/03\/farine.jpeg\",\"width\":1024,\"height\":1280},{\"@type\":\"BreadcrumbList\",\"@id\":\"https:\/\/ismfrance.org\/index.php\/2024\/03\/11\/temoignages-de-gazaouis-la-survie-qui-sorganise-au-jour-le-jour-dans-lenfer-de-gaza-partie-38-10-11-mars\/#breadcrumb\",\"itemListElement\":[{\"@type\":\"ListItem\",\"position\":1,\"name\":\"Accueil\",\"item\":\"https:\/\/ismfrance.org\/\"},{\"@type\":\"ListItem\",\"position\":2,\"name\":\"T\u00e9moignages de Gazaouis : La survie qui s\u2019organise au jour le jour dans l\u2019enfer de Gaza \u2013 partie 38 \/ 10-11 mars\"}]},{\"@type\":\"WebSite\",\"@id\":\"https:\/\/ismfrance.org\/#website\",\"url\":\"https:\/\/ismfrance.org\/\",\"name\":\"ISM Palestine France\",\"description\":\"Soutien aux luttes de lib\u00e9ration du peuple palestinien\",\"publisher\":{\"@id\":\"https:\/\/ismfrance.org\/#organization\"},\"potentialAction\":[{\"@type\":\"SearchAction\",\"target\":{\"@type\":\"EntryPoint\",\"urlTemplate\":\"https:\/\/ismfrance.org\/?s={search_term_string}\"},\"query-input\":{\"@type\":\"PropertyValueSpecification\",\"valueRequired\":true,\"valueName\":\"search_term_string\"}}],\"inLanguage\":\"fr-FR\"},{\"@type\":\"Organization\",\"@id\":\"https:\/\/ismfrance.org\/#organization\",\"name\":\"International Solidarity Movement\",\"url\":\"https:\/\/ismfrance.org\/\",\"logo\":{\"@type\":\"ImageObject\",\"inLanguage\":\"fr-FR\",\"@id\":\"https:\/\/ismfrance.org\/#\/schema\/logo\/image\/\",\"url\":\"https:\/\/ismfrance.org\/wp-content\/uploads\/2020\/12\/00.png\",\"contentUrl\":\"https:\/\/ismfrance.org\/wp-content\/uploads\/2020\/12\/00.png\",\"width\":400,\"height\":400,\"caption\":\"International Solidarity Movement\"},\"image\":{\"@id\":\"https:\/\/ismfrance.org\/#\/schema\/logo\/image\/\"},\"sameAs\":[\"https:\/\/x.com\/ISMFRANCE\"]},{\"@type\":\"Person\",\"@id\":\"https:\/\/ismfrance.org\/#\/schema\/person\/3c411eb72adfaae19c0dca1f41fae01d\",\"name\":\"mru_01\",\"image\":{\"@type\":\"ImageObject\",\"inLanguage\":\"fr-FR\",\"@id\":\"https:\/\/secure.gravatar.com\/avatar\/3a0be343b445d2ccc79e87444a294fad2b232e90d2051d0e3cc219e1ecd6a330?s=96&d=mm&r=g\",\"url\":\"https:\/\/secure.gravatar.com\/avatar\/3a0be343b445d2ccc79e87444a294fad2b232e90d2051d0e3cc219e1ecd6a330?s=96&d=mm&r=g\",\"contentUrl\":\"https:\/\/secure.gravatar.com\/avatar\/3a0be343b445d2ccc79e87444a294fad2b232e90d2051d0e3cc219e1ecd6a330?s=96&d=mm&r=g\",\"caption\":\"mru_01\"},\"url\":\"https:\/\/ismfrance.org\/index.php\/author\/admin02\/\"}]}<\/script>\n<!-- \/ Yoast SEO plugin. -->","yoast_head_json":{"title":"T\u00e9moignages de Gazaouis : La survie qui s\u2019organise au jour le jour dans l\u2019enfer de Gaza \u2013 partie 38 \/ 10-11 mars - International Solidarity Movement - ISM-France","robots":{"index":"index","follow":"follow","max-snippet":"max-snippet:-1","max-image-preview":"max-image-preview:large","max-video-preview":"max-video-preview:-1"},"canonical":"https:\/\/ismfrance.org\/index.php\/2024\/03\/11\/temoignages-de-gazaouis-la-survie-qui-sorganise-au-jour-le-jour-dans-lenfer-de-gaza-partie-38-10-11-mars\/","og_locale":"fr_FR","og_type":"article","og_title":"T\u00e9moignages de Gazaouis : La survie qui s\u2019organise au jour le jour dans l\u2019enfer de Gaza \u2013 partie 38 \/ 10-11 mars - International Solidarity Movement - ISM-France","og_description":"Brigitte Challande, 11 mars 2023. Cliquez ici pour consulter les R\u00e9cits complets. Au del\u00e0 d\u2019une situation impossible et difficile \u00e0 vivre et \u00e0 g\u00e9rer dans les camps pour les personnes Lire la suite &rarr;","og_url":"https:\/\/ismfrance.org\/index.php\/2024\/03\/11\/temoignages-de-gazaouis-la-survie-qui-sorganise-au-jour-le-jour-dans-lenfer-de-gaza-partie-38-10-11-mars\/","og_site_name":"International Solidarity Movement - ISM-France","article_published_time":"2024-03-11T17:13:38+00:00","article_modified_time":"2024-11-25T19:26:43+00:00","og_image":[{"width":1024,"height":1280,"url":"https:\/\/ismfrance.org\/wp-content\/uploads\/2024\/03\/farine.jpeg","type":"image\/jpeg"}],"author":"mru_01","twitter_card":"summary_large_image","twitter_creator":"@ISMFRANCE","twitter_site":"@ISMFRANCE","twitter_misc":{"\u00c9crit par":"mru_01","Dur\u00e9e de lecture estim\u00e9e":"6 minutes"},"schema":{"@context":"https:\/\/schema.org","@graph":[{"@type":"Article","@id":"https:\/\/ismfrance.org\/index.php\/2024\/03\/11\/temoignages-de-gazaouis-la-survie-qui-sorganise-au-jour-le-jour-dans-lenfer-de-gaza-partie-38-10-11-mars\/#article","isPartOf":{"@id":"https:\/\/ismfrance.org\/index.php\/2024\/03\/11\/temoignages-de-gazaouis-la-survie-qui-sorganise-au-jour-le-jour-dans-lenfer-de-gaza-partie-38-10-11-mars\/"},"author":{"name":"mru_01","@id":"https:\/\/ismfrance.org\/#\/schema\/person\/3c411eb72adfaae19c0dca1f41fae01d"},"headline":"T\u00e9moignages de Gazaouis : La survie qui s\u2019organise au jour le jour dans l\u2019enfer de Gaza \u2013 partie 38 \/ 10-11 mars","datePublished":"2024-03-11T17:13:38+00:00","dateModified":"2024-11-25T19:26:43+00:00","mainEntityOfPage":{"@id":"https:\/\/ismfrance.org\/index.php\/2024\/03\/11\/temoignages-de-gazaouis-la-survie-qui-sorganise-au-jour-le-jour-dans-lenfer-de-gaza-partie-38-10-11-mars\/"},"wordCount":1004,"publisher":{"@id":"https:\/\/ismfrance.org\/#organization"},"image":{"@id":"https:\/\/ismfrance.org\/index.php\/2024\/03\/11\/temoignages-de-gazaouis-la-survie-qui-sorganise-au-jour-le-jour-dans-lenfer-de-gaza-partie-38-10-11-mars\/#primaryimage"},"thumbnailUrl":"https:\/\/ismfrance.org\/wp-content\/uploads\/2024\/03\/farine.jpeg","keywords":["G\u00e9nocide","r\u00e9fugi\u00e9s","solidarit\u00e9"],"articleSection":["Articles","T\u00e9moignages"],"inLanguage":"fr-FR"},{"@type":"WebPage","@id":"https:\/\/ismfrance.org\/index.php\/2024\/03\/11\/temoignages-de-gazaouis-la-survie-qui-sorganise-au-jour-le-jour-dans-lenfer-de-gaza-partie-38-10-11-mars\/","url":"https:\/\/ismfrance.org\/index.php\/2024\/03\/11\/temoignages-de-gazaouis-la-survie-qui-sorganise-au-jour-le-jour-dans-lenfer-de-gaza-partie-38-10-11-mars\/","name":"T\u00e9moignages de Gazaouis : La survie qui s\u2019organise au jour le jour dans l\u2019enfer de Gaza \u2013 partie 38 \/ 10-11 mars - International Solidarity Movement - ISM-France","isPartOf":{"@id":"https:\/\/ismfrance.org\/#website"},"primaryImageOfPage":{"@id":"https:\/\/ismfrance.org\/index.php\/2024\/03\/11\/temoignages-de-gazaouis-la-survie-qui-sorganise-au-jour-le-jour-dans-lenfer-de-gaza-partie-38-10-11-mars\/#primaryimage"},"image":{"@id":"https:\/\/ismfrance.org\/index.php\/2024\/03\/11\/temoignages-de-gazaouis-la-survie-qui-sorganise-au-jour-le-jour-dans-lenfer-de-gaza-partie-38-10-11-mars\/#primaryimage"},"thumbnailUrl":"https:\/\/ismfrance.org\/wp-content\/uploads\/2024\/03\/farine.jpeg","datePublished":"2024-03-11T17:13:38+00:00","dateModified":"2024-11-25T19:26:43+00:00","breadcrumb":{"@id":"https:\/\/ismfrance.org\/index.php\/2024\/03\/11\/temoignages-de-gazaouis-la-survie-qui-sorganise-au-jour-le-jour-dans-lenfer-de-gaza-partie-38-10-11-mars\/#breadcrumb"},"inLanguage":"fr-FR","potentialAction":[{"@type":"ReadAction","target":["https:\/\/ismfrance.org\/index.php\/2024\/03\/11\/temoignages-de-gazaouis-la-survie-qui-sorganise-au-jour-le-jour-dans-lenfer-de-gaza-partie-38-10-11-mars\/"]}]},{"@type":"ImageObject","inLanguage":"fr-FR","@id":"https:\/\/ismfrance.org\/index.php\/2024\/03\/11\/temoignages-de-gazaouis-la-survie-qui-sorganise-au-jour-le-jour-dans-lenfer-de-gaza-partie-38-10-11-mars\/#primaryimage","url":"https:\/\/ismfrance.org\/wp-content\/uploads\/2024\/03\/farine.jpeg","contentUrl":"https:\/\/ismfrance.org\/wp-content\/uploads\/2024\/03\/farine.jpeg","width":1024,"height":1280},{"@type":"BreadcrumbList","@id":"https:\/\/ismfrance.org\/index.php\/2024\/03\/11\/temoignages-de-gazaouis-la-survie-qui-sorganise-au-jour-le-jour-dans-lenfer-de-gaza-partie-38-10-11-mars\/#breadcrumb","itemListElement":[{"@type":"ListItem","position":1,"name":"Accueil","item":"https:\/\/ismfrance.org\/"},{"@type":"ListItem","position":2,"name":"T\u00e9moignages de Gazaouis : La survie qui s\u2019organise au jour le jour dans l\u2019enfer de Gaza \u2013 partie 38 \/ 10-11 mars"}]},{"@type":"WebSite","@id":"https:\/\/ismfrance.org\/#website","url":"https:\/\/ismfrance.org\/","name":"ISM Palestine France","description":"Soutien aux luttes de lib\u00e9ration du peuple palestinien","publisher":{"@id":"https:\/\/ismfrance.org\/#organization"},"potentialAction":[{"@type":"SearchAction","target":{"@type":"EntryPoint","urlTemplate":"https:\/\/ismfrance.org\/?s={search_term_string}"},"query-input":{"@type":"PropertyValueSpecification","valueRequired":true,"valueName":"search_term_string"}}],"inLanguage":"fr-FR"},{"@type":"Organization","@id":"https:\/\/ismfrance.org\/#organization","name":"International Solidarity Movement","url":"https:\/\/ismfrance.org\/","logo":{"@type":"ImageObject","inLanguage":"fr-FR","@id":"https:\/\/ismfrance.org\/#\/schema\/logo\/image\/","url":"https:\/\/ismfrance.org\/wp-content\/uploads\/2020\/12\/00.png","contentUrl":"https:\/\/ismfrance.org\/wp-content\/uploads\/2020\/12\/00.png","width":400,"height":400,"caption":"International Solidarity Movement"},"image":{"@id":"https:\/\/ismfrance.org\/#\/schema\/logo\/image\/"},"sameAs":["https:\/\/x.com\/ISMFRANCE"]},{"@type":"Person","@id":"https:\/\/ismfrance.org\/#\/schema\/person\/3c411eb72adfaae19c0dca1f41fae01d","name":"mru_01","image":{"@type":"ImageObject","inLanguage":"fr-FR","@id":"https:\/\/secure.gravatar.com\/avatar\/3a0be343b445d2ccc79e87444a294fad2b232e90d2051d0e3cc219e1ecd6a330?s=96&d=mm&r=g","url":"https:\/\/secure.gravatar.com\/avatar\/3a0be343b445d2ccc79e87444a294fad2b232e90d2051d0e3cc219e1ecd6a330?s=96&d=mm&r=g","contentUrl":"https:\/\/secure.gravatar.com\/avatar\/3a0be343b445d2ccc79e87444a294fad2b232e90d2051d0e3cc219e1ecd6a330?s=96&d=mm&r=g","caption":"mru_01"},"url":"https:\/\/ismfrance.org\/index.php\/author\/admin02\/"}]}},"_links":{"self":[{"href":"https:\/\/ismfrance.org\/index.php\/wp-json\/wp\/v2\/posts\/10021","targetHints":{"allow":["GET"]}}],"collection":[{"href":"https:\/\/ismfrance.org\/index.php\/wp-json\/wp\/v2\/posts"}],"about":[{"href":"https:\/\/ismfrance.org\/index.php\/wp-json\/wp\/v2\/types\/post"}],"author":[{"embeddable":true,"href":"https:\/\/ismfrance.org\/index.php\/wp-json\/wp\/v2\/users\/3"}],"replies":[{"embeddable":true,"href":"https:\/\/ismfrance.org\/index.php\/wp-json\/wp\/v2\/comments?post=10021"}],"version-history":[{"count":0,"href":"https:\/\/ismfrance.org\/index.php\/wp-json\/wp\/v2\/posts\/10021\/revisions"}],"wp:featuredmedia":[{"embeddable":true,"href":"https:\/\/ismfrance.org\/index.php\/wp-json\/wp\/v2\/media\/10024"}],"wp:attachment":[{"href":"https:\/\/ismfrance.org\/index.php\/wp-json\/wp\/v2\/media?parent=10021"}],"wp:term":[{"taxonomy":"category","embeddable":true,"href":"https:\/\/ismfrance.org\/index.php\/wp-json\/wp\/v2\/categories?post=10021"},{"taxonomy":"post_tag","embeddable":true,"href":"https:\/\/ismfrance.org\/index.php\/wp-json\/wp\/v2\/tags?post=10021"}],"curies":[{"name":"wp","href":"https:\/\/api.w.org\/{rel}","templated":true}]}}